{"id":123345,"date":"2018-09-25T02:08:06","date_gmt":"2018-09-25T00:08:06","guid":{"rendered":"https:\/\/www.24gliwice.pl\/wiadomosci\/?p=123345"},"modified":"2018-09-25T08:07:09","modified_gmt":"2018-09-25T06:07:09","slug":"szykuje-sie-protest-przeciw-testom-5g-w-gliwicach-bedziemy-smazeni-przez-mikrofale-jak-parowki","status":"publish","type":"post","link":"https:\/\/www.24gliwice.pl\/wiadomosci\/szykuje-sie-protest-przeciw-testom-5g-w-gliwicach-bedziemy-smazeni-przez-mikrofale-jak-parowki\/","title":{"rendered":"Szykuje si\u0119 protest przeciw testom 5G w Gliwicach. &#8220;B\u0119dziemy sma\u017ceni przez mikrofale jak par\u00f3wki&#8221;"},"content":{"rendered":"<div class=\"gliwi-a6-nad-leadem-artykulow gliwi-entity-placement\" id=\"gliwi-2517417016\"><div class=\"gliwi-adlabel\"><span style=\"font-size: 9px\">REKLAMA<\/span><\/div><div id=\"gliwi-1542320388\" style=\"margin-bottom: 25px;margin-left: auto;margin-right: auto;text-align: center;\"><a data-no-instant=\"1\" href=\"https:\/\/dom100.eu\/\" rel=\"noopener\" class=\"a2t-link\" target=\"_blank\" aria-label=\"20260415 DOM100 D\"><img loading=\"lazy\" decoding=\"async\" src=\"https:\/\/www.24gliwice.pl\/wiadomosci\/wp-content\/uploads\/2026\/04\/20260415-DOM100-D.jpg\" alt=\"\"  srcset=\"https:\/\/www.24gliwice.pl\/wiadomosci\/wp-content\/uploads\/2026\/04\/20260415-DOM100-D.jpg 750w, https:\/\/www.24gliwice.pl\/wiadomosci\/wp-content\/uploads\/2026\/04\/20260415-DOM100-D-410x109.jpg 410w\" sizes=\"(max-width: 750px) 100vw, 750px\" class=\"no-lazyload\" width=\"750\" height=\"200\"  style=\"display: inline-block; max-width: 100%; height: auto;\" \/><\/a><\/div><\/div><h3>Kilka dni temu<a href=\"https:\/\/www.24gliwice.pl\/wiadomosci\/w-gliwicach-sprawdzaja-technologie-5g\/\" target=\"_blank\" rel=\"noopener\"> informowali\u015bmy o testach technologii 5G w Gliwicach.<\/a> Cz\u0119\u015b\u0107 mieszka\u0144c\u00f3w obawia si\u0119 negatywnego wp\u0142ywu, jaki instalacja g\u0119stej sieci nadajnik\u00f3w mo\u017ce mie\u0107 na ich zdrowie i \u017cycie.<\/h3>\n<p>Nowa technologia wywo\u0142uje sporo kontrowersji, nie inaczej jest w Gliwicach, gdzie ju\u017c zapowiedziano uliczny protest przeciw testom.<\/p>\n<p>Akcja protestacyjna rozpocznie si\u0119 <strong>w sobot\u0119 29 wrze\u015bnia, o godzinie 15:00<\/strong> na nowym skwerze nad DT\u015a. W planie jest przemarsz ulic\u0105 Zwyci\u0119stwa od ul. Dubois pod Urz\u0105d Miejski, nast\u0119pnie na plac Pi\u0142sudskiego, Rynek i plac Mickiewicza, gdzie protest ma si\u0119 zako\u0144czy\u0107.<\/p><div class=\"gliwi-a3-w-tresci-artykulow gliwi-entity-placement\" id=\"gliwi-1737212636\"><div class=\"gliwi-adlabel\"><span style=\"font-size: 9px\">REKLAMA<\/span><\/div><div id=\"gliwi-3737580811\" style=\"margin-bottom: 30px;margin-left: auto;margin-right: auto;text-align: center;\"><a data-no-instant=\"1\" href=\"https:\/\/ogrodyandersa.pl\/\" rel=\"noopener\" class=\"a2t-link\" target=\"_blank\" aria-label=\"20260415 Ogrody Andersa KUP TERAZ D\"><img loading=\"lazy\" decoding=\"async\" src=\"https:\/\/www.24gliwice.pl\/wiadomosci\/wp-content\/uploads\/2026\/04\/20260415-Ogrody-Andersa-KUP-TERAZ-D.jpg\" alt=\"\"  srcset=\"https:\/\/www.24gliwice.pl\/wiadomosci\/wp-content\/uploads\/2026\/04\/20260415-Ogrody-Andersa-KUP-TERAZ-D.jpg 750w, https:\/\/www.24gliwice.pl\/wiadomosci\/wp-content\/uploads\/2026\/04\/20260415-Ogrody-Andersa-KUP-TERAZ-D-410x109.jpg 410w\" sizes=\"(max-width: 750px) 100vw, 750px\" class=\"no-lazyload\" width=\"750\" height=\"200\"  style=\"display: inline-block; max-width: 100%; height: auto;\" \/><\/a><\/div><\/div>\n[perfectpullquote align=&#8221;full&#8221; bordertop=&#8221;false&#8221; cite=&#8221;&#8221; link=&#8221;&#8221; color=&#8221;&#8221; class=&#8221;&#8221; size=&#8221;&#8221;]Jak twierdz\u0105 osoby, kt\u00f3re organizuj\u0105 to wydarzenie, mikrofale generowane w technologii 5G mog\u0105 prowadzi\u0107 do powstawania nowotwor\u00f3w, w tym raka piersi oraz bia\u0142aczki.[\/perfectpullquote]\n<p style=\"padding-left: 30px;\"><em>&#8220;Eksperci nie maj\u0105 w\u0105tpliwo\u015bci \u2013 5G mo\u017ce negatywnie wp\u0142yn\u0105\u0107 na zdrowie ludzi. St\u0105d apel o op\u00f3\u017anienie jej wprowadzenia i weryfikacji zagro\u017ce\u0144 przez niezale\u017cnych badaczy. Poniewa\u017c w Polsce w og\u00f3le nie prowadzi si\u0119 debaty na temat zagro\u017ce\u0144 zwi\u0105zanych z 5G, wygl\u0105da na to, \u017ce jak zwykle o wszystkim b\u0119d\u0105 decydowa\u0142y wy\u0142\u0105cznie globalne koncerny (w tym wypadku telekomunikacyjne). Zarobi\u0105 koncerny i zarobi rz\u0105d sprzedaj\u0105c licencje na system (czyli system zarobi na systemie). Natomiast my \u2013 bez pytania o zgod\u0119 \u2013 b\u0119dziemy sma\u017ceni przez mikrofale jak par\u00f3wki w mikrofal\u00f3wce.&#8221;<\/em><\/p>\n<p>&#8211; czytamy w opisie <a href=\"https:\/\/www.facebook.com\/events\/245964956103158\/\" target=\"_blank\" rel=\"noopener\">wydarzenia w serwisie facebook.com<\/a>.<\/p>\n<p>Nieco ostro\u017cniejszy w ocenie technologii 5G jest <strong>prof. dr hab. in\u017c. Marek Gzik<\/strong>, dziekan Wydzia\u0142u In\u017cynierii Biomedycznej Politechniki \u015al\u0105skiej, kt\u00f3rego poprosili\u015bmy o komentarz.<\/p>\n<p style=\"padding-left: 30px;\"><em>&#8211; Brakuje jednoznacznych bada\u0144 wskazuj\u0105cych na bezpo\u015brednie zagro\u017cenie pola elektromagnetycznego zwi\u0105zanego z 5G dla zdrowia cz\u0142owieka i zwierz\u0105t. Podobnie alarmuj\u0105ce uwagi pojawi\u0142y si\u0119 podczas wprowadzania technologii 4G, okazuje si\u0119 \u017ce cz\u0119ste i wielogodzinne rozmowy przez telefon nie spowodowa\u0142y istotnie zauwa\u017calnego wzrostu zachorowa\u0107 na nowotwory m\u00f3zgu. W przypadku 5G zaleca\u0142bym ostro\u017cno\u015b\u0107 przesuwamy si\u0119 na skali cz\u0119stotliwo\u015bci do warto\u015bci bardziej niebezpiecznych, ale nie wiemy jak bardzo. Moim zdaniem nie da si\u0119 zatrzyma\u0107 rozwoju szybkich sieci mobilnych, to tak jak z samochodami wiemy \u017ce s\u0105 bardziej niebezpieczne od komunikacji publicznej, ale wygodniejsze i korzystamy z nich ch\u0119tniej. Nie spodziewam si\u0119, \u017ce technologia 5G spowoduje dramatyczny wzrost zachorowa\u0144 na nowotwory, b\u0119dzie mia\u0142a jednak wp\u0142yw na nasz organizm. Jaki, o tym trudno dzi\u015b jednoznacznie m\u00f3wi\u0107<\/em><\/p>\n<p>&#8211; podsumowuje prof. Marek Gzik.<\/p>\n<p>Przypomnijmy, 5G to kolejna generacja technologii mobilnej. Oferuje pr\u0119dko\u015b\u0107 przesy\u0142ania danych na poziomie od 10 do 100 Gb\/s oraz op\u00f3\u017anienia si\u0119gaj\u0105ce maksymalnie kilku milisekund. Technologia charakteryzuje si\u0119 odporno\u015bci\u0105 na spadki wydajno\u015bci zwi\u0105zane z du\u017c\u0105 liczb\u0105 u\u017cytkownik\u00f3w korzystaj\u0105cych z sieci. 5G umo\u017cliwi powstanie tak\u017ce tzw. Internetu rzeczy, a od tego ju\u017c tylko krok do tworzenia inteligentnych miast, gdzie wszystko jest ze sob\u0105 po\u0142\u0105czone.<\/p>\n<p>Orange i Huawei chc\u0105 przeprowadzi\u0107 w Gliwicach testy przygotowuj\u0105ce do wdro\u017cenia 5G. Orange Polska planuje uruchomienie pierwszych komercyjnych punkt\u00f3w dost\u0119pu 5G ju\u017c w 2020 roku.<\/p>\n<p>(\u017cms)<br \/>\nfot. Mat. Prasowe Orange Polska<\/p>\n<p>Poni\u017cej materia\u0142 wideo przygotowany przez organizator\u00f3w protestu<br \/>\n<iframe loading=\"lazy\" src=\"https:\/\/www.youtube.com\/embed\/RyAc5TnA2lI\" width=\"560\" height=\"315\" frameborder=\"0\" allowfullscreen=\"allowfullscreen\"><\/iframe><\/p>\n<div class=\"gliwi-a5-na-koncu-artykulow gliwi-entity-placement\" id=\"gliwi-2899694754\"><div class=\"gliwi-adlabel\"><span style=\"font-size: 9px\">REKLAMA<\/span><\/div><div id=\"gliwi-2961108497\" style=\"margin-left: auto;margin-right: auto;text-align: center;\"><a data-no-instant=\"1\" href=\"https:\/\/prezeroarenagliwice.pl\/\" rel=\"noopener\" class=\"a2t-link\" target=\"_blank\" aria-label=\"20260309-PREZERO-WIOSNA-D\"><img loading=\"lazy\" decoding=\"async\" src=\"https:\/\/www.24gliwice.pl\/wiadomosci\/wp-content\/uploads\/2026\/03\/20260309-PREZERO-WIOSNA-D.webp\" alt=\"\"  srcset=\"https:\/\/www.24gliwice.pl\/wiadomosci\/wp-content\/uploads\/2026\/03\/20260309-PREZERO-WIOSNA-D.webp 750w, https:\/\/www.24gliwice.pl\/wiadomosci\/wp-content\/uploads\/2026\/03\/20260309-PREZERO-WIOSNA-D-410x109.webp 410w\" sizes=\"(max-width: 750px) 100vw, 750px\" class=\"no-lazyload\" width=\"750\" height=\"200\"  style=\"display: inline-block; max-width: 100%; height: auto;\" \/><\/a><\/div><\/div>","protected":false},"excerpt":{"rendered":"<p>Kilka dni temu informowali\u015bmy o testach technologii 5G w Gliwicach. Cz\u0119\u015b\u0107 mieszka\u0144c\u00f3w obawia si\u0119 negatywnego wp\u0142ywu, jaki instalacja g\u0119stej sieci nadajnik\u00f3w mo\u017ce mie\u0107 na ich zdrowie i \u017cycie. Nowa technologia wywo\u0142uje sporo kontrowersji, nie inaczej jest w Gliwicach, gdzie ju\u017c zapowiedziano uliczny protest przeciw testom. Akcja protestacyjna rozpocznie si\u0119 w sobot\u0119 29 wrze\u015bnia, o godzinie [&hellip;]<\/p>\n","protected":false},"author":15,"featured_media":123367,"comment_status":"open","ping_status":"closed","sticky":false,"template":"","format":"standard","meta":{"_monsterinsights_skip_tracking":false,"_monsterinsights_sitenote_active":false,"_monsterinsights_sitenote_note":"","_monsterinsights_sitenote_category":0,"footnotes":"","_links_to":"","_links_to_target":""},"categories":[3,1,9],"tags":[13326,13458,8533,8028,10292],"class_list":["post-123345","post","type-post","status-publish","format-standard","has-post-thumbnail","hentry","category-gliwice","category-wszystko","category-aktualnosci_lokalne","tag-5g","tag-jerzy-zieba","tag-nowotwory","tag-onkologia","tag-orange"],"yoast_head":"<!-- This site is optimized with the Yoast SEO plugin v27.5 - https:\/\/yoast.com\/product\/yoast-seo-wordpress\/ -->\n<title>Szykuje si\u0119 protest przeciw testom 5G w Gliwicach. &quot;B\u0119dziemy sma\u017ceni przez mikrofale jak par\u00f3wki&quot; - 24GLIWICE - Portal Gliwice | codziennie nowe informacje<\/title>\n<meta name=\"robots\" content=\"index, follow, max-snippet:-1, max-image-preview:large, max-video-preview:-1\" \/>\n<link rel=\"canonical\" href=\"https:\/\/www.24gliwice.pl\/wiadomosci\/szykuje-sie-protest-przeciw-testom-5g-w-gliwicach-bedziemy-smazeni-przez-mikrofale-jak-parowki\/\" \/>\n<meta property=\"og:locale\" content=\"pl_PL\" \/>\n<meta property=\"og:type\" content=\"article\" \/>\n<meta property=\"og:title\" content=\"Szykuje si\u0119 protest przeciw testom 5G w Gliwicach. &quot;B\u0119dziemy sma\u017ceni przez mikrofale jak par\u00f3wki&quot; - 24GLIWICE - Portal Gliwice | codziennie nowe informacje\" \/>\n<meta property=\"og:description\" content=\"Kilka dni temu informowali\u015bmy o testach technologii 5G w Gliwicach. Cz\u0119\u015b\u0107 mieszka\u0144c\u00f3w obawia si\u0119 negatywnego wp\u0142ywu, jaki instalacja g\u0119stej sieci nadajnik\u00f3w mo\u017ce mie\u0107 na ich zdrowie i \u017cycie. Nowa technologia wywo\u0142uje sporo kontrowersji, nie inaczej jest w Gliwicach, gdzie ju\u017c zapowiedziano uliczny protest przeciw testom. Akcja protestacyjna rozpocznie si\u0119 w sobot\u0119 29 wrze\u015bnia, o godzinie [&hellip;]\" \/>\n<meta property=\"og:url\" content=\"https:\/\/www.24gliwice.pl\/wiadomosci\/szykuje-sie-protest-przeciw-testom-5g-w-gliwicach-bedziemy-smazeni-przez-mikrofale-jak-parowki\/\" \/>\n<meta property=\"og:site_name\" content=\"24GLIWICE - Portal Gliwice | codziennie nowe informacje\" \/>\n<meta property=\"article:publisher\" content=\"https:\/\/www.facebook.com\/24gliwice\" \/>\n<meta property=\"article:published_time\" content=\"2018-09-25T00:08:06+00:00\" \/>\n<meta property=\"article:modified_time\" content=\"2018-09-25T06:07:09+00:00\" \/>\n<meta property=\"og:image\" content=\"https:\/\/www.24gliwice.pl\/wiadomosci\/wp-content\/uploads\/2018\/09\/5g.jpg\" \/>\n\t<meta property=\"og:image:width\" content=\"963\" \/>\n\t<meta property=\"og:image:height\" content=\"520\" \/>\n\t<meta property=\"og:image:type\" content=\"image\/jpeg\" \/>\n<meta name=\"author\" content=\"\u017baneta Mrozek-Siewierska\" \/>\n<meta name=\"twitter:card\" content=\"summary_large_image\" \/>\n<meta name=\"twitter:creator\" content=\"@24gliwice\" \/>\n<meta name=\"twitter:site\" content=\"@24gliwice\" \/>\n<meta name=\"twitter:label1\" content=\"Napisane przez\" \/>\n\t<meta name=\"twitter:data1\" content=\"\u017baneta Mrozek-Siewierska\" \/>\n\t<meta name=\"twitter:label2\" content=\"Szacowany czas czytania\" \/>\n\t<meta name=\"twitter:data2\" content=\"3 minuty\" \/>\n<script type=\"application\/ld+json\" class=\"yoast-schema-graph\">{\"@context\":\"https:\\\/\\\/schema.org\",\"@graph\":[{\"@type\":\"Article\",\"@id\":\"https:\\\/\\\/www.24gliwice.pl\\\/wiadomosci\\\/szykuje-sie-protest-przeciw-testom-5g-w-gliwicach-bedziemy-smazeni-przez-mikrofale-jak-parowki\\\/#article\",\"isPartOf\":{\"@id\":\"https:\\\/\\\/www.24gliwice.pl\\\/wiadomosci\\\/szykuje-sie-protest-przeciw-testom-5g-w-gliwicach-bedziemy-smazeni-przez-mikrofale-jak-parowki\\\/\"},\"author\":{\"name\":\"\u017baneta Mrozek-Siewierska\",\"@id\":\"https:\\\/\\\/www.24gliwice.pl\\\/wiadomosci\\\/#\\\/schema\\\/person\\\/e42c650edd7f2fa332be3811fb166b6e\"},\"headline\":\"Szykuje si\u0119 protest przeciw testom 5G w Gliwicach. &#8220;B\u0119dziemy sma\u017ceni przez mikrofale jak par\u00f3wki&#8221;\",\"datePublished\":\"2018-09-25T00:08:06+00:00\",\"dateModified\":\"2018-09-25T06:07:09+00:00\",\"mainEntityOfPage\":{\"@id\":\"https:\\\/\\\/www.24gliwice.pl\\\/wiadomosci\\\/szykuje-sie-protest-przeciw-testom-5g-w-gliwicach-bedziemy-smazeni-przez-mikrofale-jak-parowki\\\/\"},\"wordCount\":559,\"commentCount\":0,\"publisher\":{\"@id\":\"https:\\\/\\\/www.24gliwice.pl\\\/wiadomosci\\\/#organization\"},\"image\":{\"@id\":\"https:\\\/\\\/www.24gliwice.pl\\\/wiadomosci\\\/szykuje-sie-protest-przeciw-testom-5g-w-gliwicach-bedziemy-smazeni-przez-mikrofale-jak-parowki\\\/#primaryimage\"},\"thumbnailUrl\":\"https:\\\/\\\/www.24gliwice.pl\\\/wiadomosci\\\/wp-content\\\/uploads\\\/2018\\\/09\\\/5g.jpg\",\"keywords\":[\"5G\",\"jerzy zi\u0119ba\",\"nowotwory\",\"ONKOLOGIA\",\"orange\"],\"articleSection\":[\"Gliwice\",\"Najnowsze wiadomo\u015bci\",\"Portal Gliwice - Wiadomo\u015bci lokalne\"],\"inLanguage\":\"pl-PL\",\"potentialAction\":[{\"@type\":\"CommentAction\",\"name\":\"Comment\",\"target\":[\"https:\\\/\\\/www.24gliwice.pl\\\/wiadomosci\\\/szykuje-sie-protest-przeciw-testom-5g-w-gliwicach-bedziemy-smazeni-przez-mikrofale-jak-parowki\\\/#respond\"]}]},{\"@type\":\"WebPage\",\"@id\":\"https:\\\/\\\/www.24gliwice.pl\\\/wiadomosci\\\/szykuje-sie-protest-przeciw-testom-5g-w-gliwicach-bedziemy-smazeni-przez-mikrofale-jak-parowki\\\/\",\"url\":\"https:\\\/\\\/www.24gliwice.pl\\\/wiadomosci\\\/szykuje-sie-protest-przeciw-testom-5g-w-gliwicach-bedziemy-smazeni-przez-mikrofale-jak-parowki\\\/\",\"name\":\"Szykuje si\u0119 protest przeciw testom 5G w Gliwicach. \\\"B\u0119dziemy sma\u017ceni przez mikrofale jak par\u00f3wki\\\" - 24GLIWICE - Portal Gliwice | codziennie nowe informacje\",\"isPartOf\":{\"@id\":\"https:\\\/\\\/www.24gliwice.pl\\\/wiadomosci\\\/#website\"},\"primaryImageOfPage\":{\"@id\":\"https:\\\/\\\/www.24gliwice.pl\\\/wiadomosci\\\/szykuje-sie-protest-przeciw-testom-5g-w-gliwicach-bedziemy-smazeni-przez-mikrofale-jak-parowki\\\/#primaryimage\"},\"image\":{\"@id\":\"https:\\\/\\\/www.24gliwice.pl\\\/wiadomosci\\\/szykuje-sie-protest-przeciw-testom-5g-w-gliwicach-bedziemy-smazeni-przez-mikrofale-jak-parowki\\\/#primaryimage\"},\"thumbnailUrl\":\"https:\\\/\\\/www.24gliwice.pl\\\/wiadomosci\\\/wp-content\\\/uploads\\\/2018\\\/09\\\/5g.jpg\",\"datePublished\":\"2018-09-25T00:08:06+00:00\",\"dateModified\":\"2018-09-25T06:07:09+00:00\",\"breadcrumb\":{\"@id\":\"https:\\\/\\\/www.24gliwice.pl\\\/wiadomosci\\\/szykuje-sie-protest-przeciw-testom-5g-w-gliwicach-bedziemy-smazeni-przez-mikrofale-jak-parowki\\\/#breadcrumb\"},\"inLanguage\":\"pl-PL\",\"potentialAction\":[{\"@type\":\"ReadAction\",\"target\":[\"https:\\\/\\\/www.24gliwice.pl\\\/wiadomosci\\\/szykuje-sie-protest-przeciw-testom-5g-w-gliwicach-bedziemy-smazeni-przez-mikrofale-jak-parowki\\\/\"]}]},{\"@type\":\"ImageObject\",\"inLanguage\":\"pl-PL\",\"@id\":\"https:\\\/\\\/www.24gliwice.pl\\\/wiadomosci\\\/szykuje-sie-protest-przeciw-testom-5g-w-gliwicach-bedziemy-smazeni-przez-mikrofale-jak-parowki\\\/#primaryimage\",\"url\":\"https:\\\/\\\/www.24gliwice.pl\\\/wiadomosci\\\/wp-content\\\/uploads\\\/2018\\\/09\\\/5g.jpg\",\"contentUrl\":\"https:\\\/\\\/www.24gliwice.pl\\\/wiadomosci\\\/wp-content\\\/uploads\\\/2018\\\/09\\\/5g.jpg\",\"width\":963,\"height\":520},{\"@type\":\"BreadcrumbList\",\"@id\":\"https:\\\/\\\/www.24gliwice.pl\\\/wiadomosci\\\/szykuje-sie-protest-przeciw-testom-5g-w-gliwicach-bedziemy-smazeni-przez-mikrofale-jak-parowki\\\/#breadcrumb\",\"itemListElement\":[{\"@type\":\"ListItem\",\"position\":1,\"name\":\"Strona g\u0142\u00f3wna\",\"item\":\"https:\\\/\\\/www.24gliwice.pl\\\/wiadomosci\\\/\"},{\"@type\":\"ListItem\",\"position\":2,\"name\":\"Szykuje si\u0119 protest przeciw testom 5G w Gliwicach. &#8222;B\u0119dziemy sma\u017ceni przez mikrofale jak par\u00f3wki&#8221;\"}]},{\"@type\":\"WebSite\",\"@id\":\"https:\\\/\\\/www.24gliwice.pl\\\/wiadomosci\\\/#website\",\"url\":\"https:\\\/\\\/www.24gliwice.pl\\\/wiadomosci\\\/\",\"name\":\"24GLIWICE - Portal Gliwice | codziennie nowe wiadomo\u015bci\",\"description\":\"Portal Miejski Gliwice\",\"publisher\":{\"@id\":\"https:\\\/\\\/www.24gliwice.pl\\\/wiadomosci\\\/#organization\"},\"potentialAction\":[{\"@type\":\"SearchAction\",\"target\":{\"@type\":\"EntryPoint\",\"urlTemplate\":\"https:\\\/\\\/www.24gliwice.pl\\\/wiadomosci\\\/?s={search_term_string}\"},\"query-input\":{\"@type\":\"PropertyValueSpecification\",\"valueRequired\":true,\"valueName\":\"search_term_string\"}}],\"inLanguage\":\"pl-PL\"},{\"@type\":\"Organization\",\"@id\":\"https:\\\/\\\/www.24gliwice.pl\\\/wiadomosci\\\/#organization\",\"name\":\"24gliwice\",\"url\":\"https:\\\/\\\/www.24gliwice.pl\\\/wiadomosci\\\/\",\"logo\":{\"@type\":\"ImageObject\",\"inLanguage\":\"pl-PL\",\"@id\":\"https:\\\/\\\/www.24gliwice.pl\\\/wiadomosci\\\/#\\\/schema\\\/logo\\\/image\\\/\",\"url\":\"https:\\\/\\\/www.24gliwice.pl\\\/wiadomosci\\\/wp-content\\\/uploads\\\/2024\\\/10\\\/24gliwice-logo-696.jpg\",\"contentUrl\":\"https:\\\/\\\/www.24gliwice.pl\\\/wiadomosci\\\/wp-content\\\/uploads\\\/2024\\\/10\\\/24gliwice-logo-696.jpg\",\"width\":696,\"height\":696,\"caption\":\"24gliwice\"},\"image\":{\"@id\":\"https:\\\/\\\/www.24gliwice.pl\\\/wiadomosci\\\/#\\\/schema\\\/logo\\\/image\\\/\"},\"sameAs\":[\"https:\\\/\\\/www.facebook.com\\\/24gliwice\",\"https:\\\/\\\/x.com\\\/24gliwice\",\"https:\\\/\\\/www.youtube.com\\\/@24gliwice\"]},{\"@type\":\"Person\",\"@id\":\"https:\\\/\\\/www.24gliwice.pl\\\/wiadomosci\\\/#\\\/schema\\\/person\\\/e42c650edd7f2fa332be3811fb166b6e\",\"name\":\"\u017baneta Mrozek-Siewierska\",\"image\":{\"@type\":\"ImageObject\",\"inLanguage\":\"pl-PL\",\"@id\":\"https:\\\/\\\/secure.gravatar.com\\\/avatar\\\/1881429e9c64597c77ad7aef2d0a19be69a3253e57534d16aa15bf3a4d34a0a3?s=96&d=mm&r=g\",\"url\":\"https:\\\/\\\/secure.gravatar.com\\\/avatar\\\/1881429e9c64597c77ad7aef2d0a19be69a3253e57534d16aa15bf3a4d34a0a3?s=96&d=mm&r=g\",\"contentUrl\":\"https:\\\/\\\/secure.gravatar.com\\\/avatar\\\/1881429e9c64597c77ad7aef2d0a19be69a3253e57534d16aa15bf3a4d34a0a3?s=96&d=mm&r=g\",\"caption\":\"\u017baneta Mrozek-Siewierska\"},\"url\":\"https:\\\/\\\/www.24gliwice.pl\\\/wiadomosci\\\/author\\\/zms\\\/\"}]}<\/script>\n<!-- \/ Yoast SEO plugin. -->","yoast_head_json":{"title":"Szykuje si\u0119 protest przeciw testom 5G w Gliwicach. \"B\u0119dziemy sma\u017ceni przez mikrofale jak par\u00f3wki\" - 24GLIWICE - Portal Gliwice | codziennie nowe informacje","robots":{"index":"index","follow":"follow","max-snippet":"max-snippet:-1","max-image-preview":"max-image-preview:large","max-video-preview":"max-video-preview:-1"},"canonical":"https:\/\/www.24gliwice.pl\/wiadomosci\/szykuje-sie-protest-przeciw-testom-5g-w-gliwicach-bedziemy-smazeni-przez-mikrofale-jak-parowki\/","og_locale":"pl_PL","og_type":"article","og_title":"Szykuje si\u0119 protest przeciw testom 5G w Gliwicach. \"B\u0119dziemy sma\u017ceni przez mikrofale jak par\u00f3wki\" - 24GLIWICE - Portal Gliwice | codziennie nowe informacje","og_description":"Kilka dni temu informowali\u015bmy o testach technologii 5G w Gliwicach. Cz\u0119\u015b\u0107 mieszka\u0144c\u00f3w obawia si\u0119 negatywnego wp\u0142ywu, jaki instalacja g\u0119stej sieci nadajnik\u00f3w mo\u017ce mie\u0107 na ich zdrowie i \u017cycie. Nowa technologia wywo\u0142uje sporo kontrowersji, nie inaczej jest w Gliwicach, gdzie ju\u017c zapowiedziano uliczny protest przeciw testom. Akcja protestacyjna rozpocznie si\u0119 w sobot\u0119 29 wrze\u015bnia, o godzinie [&hellip;]","og_url":"https:\/\/www.24gliwice.pl\/wiadomosci\/szykuje-sie-protest-przeciw-testom-5g-w-gliwicach-bedziemy-smazeni-przez-mikrofale-jak-parowki\/","og_site_name":"24GLIWICE - Portal Gliwice | codziennie nowe informacje","article_publisher":"https:\/\/www.facebook.com\/24gliwice","article_published_time":"2018-09-25T00:08:06+00:00","article_modified_time":"2018-09-25T06:07:09+00:00","og_image":[{"width":963,"height":520,"url":"https:\/\/www.24gliwice.pl\/wiadomosci\/wp-content\/uploads\/2018\/09\/5g.jpg","type":"image\/jpeg"}],"author":"\u017baneta Mrozek-Siewierska","twitter_card":"summary_large_image","twitter_creator":"@24gliwice","twitter_site":"@24gliwice","twitter_misc":{"Napisane przez":"\u017baneta Mrozek-Siewierska","Szacowany czas czytania":"3 minuty"},"schema":{"@context":"https:\/\/schema.org","@graph":[{"@type":"Article","@id":"https:\/\/www.24gliwice.pl\/wiadomosci\/szykuje-sie-protest-przeciw-testom-5g-w-gliwicach-bedziemy-smazeni-przez-mikrofale-jak-parowki\/#article","isPartOf":{"@id":"https:\/\/www.24gliwice.pl\/wiadomosci\/szykuje-sie-protest-przeciw-testom-5g-w-gliwicach-bedziemy-smazeni-przez-mikrofale-jak-parowki\/"},"author":{"name":"\u017baneta Mrozek-Siewierska","@id":"https:\/\/www.24gliwice.pl\/wiadomosci\/#\/schema\/person\/e42c650edd7f2fa332be3811fb166b6e"},"headline":"Szykuje si\u0119 protest przeciw testom 5G w Gliwicach. &#8220;B\u0119dziemy sma\u017ceni przez mikrofale jak par\u00f3wki&#8221;","datePublished":"2018-09-25T00:08:06+00:00","dateModified":"2018-09-25T06:07:09+00:00","mainEntityOfPage":{"@id":"https:\/\/www.24gliwice.pl\/wiadomosci\/szykuje-sie-protest-przeciw-testom-5g-w-gliwicach-bedziemy-smazeni-przez-mikrofale-jak-parowki\/"},"wordCount":559,"commentCount":0,"publisher":{"@id":"https:\/\/www.24gliwice.pl\/wiadomosci\/#organization"},"image":{"@id":"https:\/\/www.24gliwice.pl\/wiadomosci\/szykuje-sie-protest-przeciw-testom-5g-w-gliwicach-bedziemy-smazeni-przez-mikrofale-jak-parowki\/#primaryimage"},"thumbnailUrl":"https:\/\/www.24gliwice.pl\/wiadomosci\/wp-content\/uploads\/2018\/09\/5g.jpg","keywords":["5G","jerzy zi\u0119ba","nowotwory","ONKOLOGIA","orange"],"articleSection":["Gliwice","Najnowsze wiadomo\u015bci","Portal Gliwice - Wiadomo\u015bci lokalne"],"inLanguage":"pl-PL","potentialAction":[{"@type":"CommentAction","name":"Comment","target":["https:\/\/www.24gliwice.pl\/wiadomosci\/szykuje-sie-protest-przeciw-testom-5g-w-gliwicach-bedziemy-smazeni-przez-mikrofale-jak-parowki\/#respond"]}]},{"@type":"WebPage","@id":"https:\/\/www.24gliwice.pl\/wiadomosci\/szykuje-sie-protest-przeciw-testom-5g-w-gliwicach-bedziemy-smazeni-przez-mikrofale-jak-parowki\/","url":"https:\/\/www.24gliwice.pl\/wiadomosci\/szykuje-sie-protest-przeciw-testom-5g-w-gliwicach-bedziemy-smazeni-przez-mikrofale-jak-parowki\/","name":"Szykuje si\u0119 protest przeciw testom 5G w Gliwicach. \"B\u0119dziemy sma\u017ceni przez mikrofale jak par\u00f3wki\" - 24GLIWICE - Portal Gliwice | codziennie nowe informacje","isPartOf":{"@id":"https:\/\/www.24gliwice.pl\/wiadomosci\/#website"},"primaryImageOfPage":{"@id":"https:\/\/www.24gliwice.pl\/wiadomosci\/szykuje-sie-protest-przeciw-testom-5g-w-gliwicach-bedziemy-smazeni-przez-mikrofale-jak-parowki\/#primaryimage"},"image":{"@id":"https:\/\/www.24gliwice.pl\/wiadomosci\/szykuje-sie-protest-przeciw-testom-5g-w-gliwicach-bedziemy-smazeni-przez-mikrofale-jak-parowki\/#primaryimage"},"thumbnailUrl":"https:\/\/www.24gliwice.pl\/wiadomosci\/wp-content\/uploads\/2018\/09\/5g.jpg","datePublished":"2018-09-25T00:08:06+00:00","dateModified":"2018-09-25T06:07:09+00:00","breadcrumb":{"@id":"https:\/\/www.24gliwice.pl\/wiadomosci\/szykuje-sie-protest-przeciw-testom-5g-w-gliwicach-bedziemy-smazeni-przez-mikrofale-jak-parowki\/#breadcrumb"},"inLanguage":"pl-PL","potentialAction":[{"@type":"ReadAction","target":["https:\/\/www.24gliwice.pl\/wiadomosci\/szykuje-sie-protest-przeciw-testom-5g-w-gliwicach-bedziemy-smazeni-przez-mikrofale-jak-parowki\/"]}]},{"@type":"ImageObject","inLanguage":"pl-PL","@id":"https:\/\/www.24gliwice.pl\/wiadomosci\/szykuje-sie-protest-przeciw-testom-5g-w-gliwicach-bedziemy-smazeni-przez-mikrofale-jak-parowki\/#primaryimage","url":"https:\/\/www.24gliwice.pl\/wiadomosci\/wp-content\/uploads\/2018\/09\/5g.jpg","contentUrl":"https:\/\/www.24gliwice.pl\/wiadomosci\/wp-content\/uploads\/2018\/09\/5g.jpg","width":963,"height":520},{"@type":"BreadcrumbList","@id":"https:\/\/www.24gliwice.pl\/wiadomosci\/szykuje-sie-protest-przeciw-testom-5g-w-gliwicach-bedziemy-smazeni-przez-mikrofale-jak-parowki\/#breadcrumb","itemListElement":[{"@type":"ListItem","position":1,"name":"Strona g\u0142\u00f3wna","item":"https:\/\/www.24gliwice.pl\/wiadomosci\/"},{"@type":"ListItem","position":2,"name":"Szykuje si\u0119 protest przeciw testom 5G w Gliwicach. &#8222;B\u0119dziemy sma\u017ceni przez mikrofale jak par\u00f3wki&#8221;"}]},{"@type":"WebSite","@id":"https:\/\/www.24gliwice.pl\/wiadomosci\/#website","url":"https:\/\/www.24gliwice.pl\/wiadomosci\/","name":"24GLIWICE - Portal Gliwice | codziennie nowe wiadomo\u015bci","description":"Portal Miejski Gliwice","publisher":{"@id":"https:\/\/www.24gliwice.pl\/wiadomosci\/#organization"},"potentialAction":[{"@type":"SearchAction","target":{"@type":"EntryPoint","urlTemplate":"https:\/\/www.24gliwice.pl\/wiadomosci\/?s={search_term_string}"},"query-input":{"@type":"PropertyValueSpecification","valueRequired":true,"valueName":"search_term_string"}}],"inLanguage":"pl-PL"},{"@type":"Organization","@id":"https:\/\/www.24gliwice.pl\/wiadomosci\/#organization","name":"24gliwice","url":"https:\/\/www.24gliwice.pl\/wiadomosci\/","logo":{"@type":"ImageObject","inLanguage":"pl-PL","@id":"https:\/\/www.24gliwice.pl\/wiadomosci\/#\/schema\/logo\/image\/","url":"https:\/\/www.24gliwice.pl\/wiadomosci\/wp-content\/uploads\/2024\/10\/24gliwice-logo-696.jpg","contentUrl":"https:\/\/www.24gliwice.pl\/wiadomosci\/wp-content\/uploads\/2024\/10\/24gliwice-logo-696.jpg","width":696,"height":696,"caption":"24gliwice"},"image":{"@id":"https:\/\/www.24gliwice.pl\/wiadomosci\/#\/schema\/logo\/image\/"},"sameAs":["https:\/\/www.facebook.com\/24gliwice","https:\/\/x.com\/24gliwice","https:\/\/www.youtube.com\/@24gliwice"]},{"@type":"Person","@id":"https:\/\/www.24gliwice.pl\/wiadomosci\/#\/schema\/person\/e42c650edd7f2fa332be3811fb166b6e","name":"\u017baneta Mrozek-Siewierska","image":{"@type":"ImageObject","inLanguage":"pl-PL","@id":"https:\/\/secure.gravatar.com\/avatar\/1881429e9c64597c77ad7aef2d0a19be69a3253e57534d16aa15bf3a4d34a0a3?s=96&d=mm&r=g","url":"https:\/\/secure.gravatar.com\/avatar\/1881429e9c64597c77ad7aef2d0a19be69a3253e57534d16aa15bf3a4d34a0a3?s=96&d=mm&r=g","contentUrl":"https:\/\/secure.gravatar.com\/avatar\/1881429e9c64597c77ad7aef2d0a19be69a3253e57534d16aa15bf3a4d34a0a3?s=96&d=mm&r=g","caption":"\u017baneta Mrozek-Siewierska"},"url":"https:\/\/www.24gliwice.pl\/wiadomosci\/author\/zms\/"}]}},"_links":{"self":[{"href":"https:\/\/www.24gliwice.pl\/wiadomosci\/wp-json\/wp\/v2\/posts\/123345","targetHints":{"allow":["GET"]}}],"collection":[{"href":"https:\/\/www.24gliwice.pl\/wiadomosci\/wp-json\/wp\/v2\/posts"}],"about":[{"href":"https:\/\/www.24gliwice.pl\/wiadomosci\/wp-json\/wp\/v2\/types\/post"}],"author":[{"embeddable":true,"href":"https:\/\/www.24gliwice.pl\/wiadomosci\/wp-json\/wp\/v2\/users\/15"}],"replies":[{"embeddable":true,"href":"https:\/\/www.24gliwice.pl\/wiadomosci\/wp-json\/wp\/v2\/comments?post=123345"}],"version-history":[{"count":0,"href":"https:\/\/www.24gliwice.pl\/wiadomosci\/wp-json\/wp\/v2\/posts\/123345\/revisions"}],"wp:featuredmedia":[{"embeddable":true,"href":"https:\/\/www.24gliwice.pl\/wiadomosci\/wp-json\/wp\/v2\/media\/123367"}],"wp:attachment":[{"href":"https:\/\/www.24gliwice.pl\/wiadomosci\/wp-json\/wp\/v2\/media?parent=123345"}],"wp:term":[{"taxonomy":"category","embeddable":true,"href":"https:\/\/www.24gliwice.pl\/wiadomosci\/wp-json\/wp\/v2\/categories?post=123345"},{"taxonomy":"post_tag","embeddable":true,"href":"https:\/\/www.24gliwice.pl\/wiadomosci\/wp-json\/wp\/v2\/tags?post=123345"}],"curies":[{"name":"wp","href":"https:\/\/api.w.org\/{rel}","templated":true}]}}