{"id":123370,"date":"2018-09-25T12:19:59","date_gmt":"2018-09-25T10:19:59","guid":{"rendered":"https:\/\/www.24gliwice.pl\/wiadomosci\/?p=123370"},"modified":"2018-09-25T12:21:36","modified_gmt":"2018-09-25T10:21:36","slug":"silesia-outlet-i-auchan-gliwice-stworza-kompleks-handlowy-powstanie-lacznik","status":"publish","type":"post","link":"https:\/\/www.24gliwice.pl\/wiadomosci\/silesia-outlet-i-auchan-gliwice-stworza-kompleks-handlowy-powstanie-lacznik\/","title":{"rendered":"Powstaj\u0105cy Silesia Outlet i Auchan Gliwice b\u0119d\u0105 jednym kompleksem handlowym. Pojawi si\u0119 \u0142\u0105cznik"},"content":{"rendered":"<div class=\"gliwi-a6-nad-leadem-artykulow gliwi-entity-placement\" id=\"gliwi-1853373664\"><div class=\"gliwi-adlabel\"><span style=\"font-size: 9px\">REKLAMA<\/span><\/div><div id=\"gliwi-3908120856\" style=\"margin-bottom: 30px;margin-left: auto;margin-right: auto;text-align: center;\"><a data-no-instant=\"1\" href=\"https:\/\/przedszkole.halogen.org.pl\/\" rel=\"noopener\" class=\"a2t-link\" target=\"_blank\" aria-label=\"20260402-ANIMATOR-przedszkole_grafika_750x200\"><img loading=\"lazy\" decoding=\"async\" src=\"https:\/\/www.24gliwice.pl\/wiadomosci\/wp-content\/uploads\/2026\/04\/20260402-ANIMATOR-przedszkole_grafika_750x200.webp\" alt=\"\"  srcset=\"https:\/\/www.24gliwice.pl\/wiadomosci\/wp-content\/uploads\/2026\/04\/20260402-ANIMATOR-przedszkole_grafika_750x200.webp 750w, https:\/\/www.24gliwice.pl\/wiadomosci\/wp-content\/uploads\/2026\/04\/20260402-ANIMATOR-przedszkole_grafika_750x200-410x109.webp 410w\" sizes=\"(max-width: 750px) 100vw, 750px\" class=\"no-lazyload\" width=\"750\" height=\"200\"  style=\"display: inline-block; max-width: 100%; height: auto;\" \/><\/a><\/div><\/div><h3>Post\u0119py prac budowlanych centrum wyprzeda\u017cowego Silesia Outlet z ka\u017cdym miesi\u0105cem s\u0105 coraz bardziej widoczne. Dziewi\u0119\u0107 miesi\u0119cy od rozpocz\u0119cia rob\u00f3t, zadaszenie wraz z jego obudow\u0105 nabieraj\u0105 ostatecznego kszta\u0142tu.<\/h3>\n<p>Jesie\u0144 b\u0119dzie pocz\u0105tkiem prac wyko\u0144czeniowych. Inwestor, tj. firma 6B47 Poland zaplanowa\u0142 otwarcie I fazy na wiosn\u0119 2019.<\/p>\n[perfectpullquote align=&#8221;full&#8221; bordertop=&#8221;false&#8221; cite=&#8221;&#8221; link=&#8221;&#8221; color=&#8221;&#8221; class=&#8221;&#8221; size=&#8221;&#8221;]Najwi\u0119ksze centrum wyprzeda\u017cowe na G\u00f3rnym \u015al\u0105sku powstaje w Gliwicach przy ul. Rybnickiej.[\/perfectpullquote]\n<p>Outlet stworzy kompleks handlowy z istniej\u0105cym ju\u017c Centrum Handlowym Auchan Gliwice oraz marketem budowlanym Leroy Merlin. Na atrakcyjno\u015b\u0107 centrum Silesia Outlet wp\u0142ynie dodatkowo przej\u015bcie z membranowym zadaszeniem, umo\u017cliwiaj\u0105ce swobodny ruch mi\u0119dzy obiektami zar\u00f3wno klientom Silesia Outlet jak i Centrum Handlowego Auchan Gliwice.<\/p><div class=\"gliwi-a3-w-tresci-artykulow gliwi-entity-placement\" id=\"gliwi-1658294093\"><div class=\"gliwi-adlabel\"><span style=\"font-size: 9px\">REKLAMA<\/span><\/div><div id=\"gliwi-3931654020\" style=\"margin-bottom: 30px;margin-left: auto;margin-right: auto;text-align: center;\"><a data-no-instant=\"1\" href=\"https:\/\/zlobek.halogen.org.pl\/\" rel=\"noopener\" class=\"a2t-link\" target=\"_blank\" aria-label=\"animator-zlobek_750x200\"><img loading=\"lazy\" decoding=\"async\" src=\"https:\/\/www.24gliwice.pl\/wiadomosci\/wp-content\/uploads\/2026\/02\/animator-zlobek_750x200.webp\" alt=\"\"  srcset=\"https:\/\/www.24gliwice.pl\/wiadomosci\/wp-content\/uploads\/2026\/02\/animator-zlobek_750x200.webp 750w, https:\/\/www.24gliwice.pl\/wiadomosci\/wp-content\/uploads\/2026\/02\/animator-zlobek_750x200-410x109.webp 410w\" sizes=\"(max-width: 750px) 100vw, 750px\" class=\"no-lazyload\" width=\"750\" height=\"200\"  style=\"display: inline-block; max-width: 100%; height: auto;\" \/><\/a><\/div><\/div>\n[perfectpullquote align=&#8221;full&#8221; bordertop=&#8221;false&#8221; cite=&#8221;&#8221; link=&#8221;&#8221; color=&#8221;&#8221; class=&#8221;&#8221; size=&#8221;&#8221;]Pozwolenie na budow\u0119 \u0142\u0105cznika inwestor otrzyma\u0142 we wrze\u015bniu 2018.[\/perfectpullquote]\n<p>Generalnym wykonawc\u0105 inwestycji jest jedna z czo\u0142owych grup budowlanych w Polsce &#8211; firma Erbud SA. \u2013 Wykonali\u015bmy ju\u017c ca\u0142o\u015b\u0107 rob\u00f3t \u017celbetowych i murowych, konstrukcj\u0119 stalow\u0105, dach i obudow\u0119 budynku bez warstwy wyko\u0144czeniowej \u2013 m\u00f3wi <strong>Jan \u015awider<\/strong>, Kierownik Kontraktu, Erbud SA.<\/p>\n<p>\u2013 W najbli\u017cszym czasie, wewn\u0105trz obiektu b\u0119dziemy m. in. kontynuowali budow\u0119 \u015bcian wydzielaj\u0105cych lokale, montowali witryny, b\u0119dziemy r\u00f3wnie\u017c kontynuowa\u0107 wykonanie instalacji sanitarnych i elektrycznych. Jesieni\u0105 i zim\u0105 czekaj\u0105 nas prace wyko\u0144czeniowe na elewacji budynku, uk\u0142adanie nawierzchni parking\u00f3w i dr\u00f3g oraz prace wyko\u0144czeniowe wewn\u0105trz budynku w cz\u0119\u015bci socjalnej, og\u00f3lnodost\u0119pnej oraz na pasa\u017cach. W tym okresie najemcy b\u0119d\u0105 prowadzi\u0107 swoje prace aran\u017cacyjne w lokalach. Wok\u00f3\u0142 budynku, opr\u00f3cz wspomnianych dr\u00f3g i parking\u00f3w, zaaran\u017cujemy r\u00f3wnie\u017c ziele\u0144 \u2013 dodaje Jan \u015awider.<\/p>\n<p>Projekt Silesia Outlet realizowany jest w dw\u00f3ch etapach, faza pierwsza to oko\u0142o 70 sklep\u00f3w o \u0142\u0105cznej powierzchni najmu 12 tys. mkw., faza druga to ponad 50 sklep\u00f3w o \u0142\u0105cznej powierzchni 8 tys. mkw. GLA. Centrum dysponowa\u0107 b\u0119dzie 830 miejscami parkingowymi. Za komercjalizacj\u0119 odpowiada BOIG Property Consulting.<\/p>\n<p>(\u017cms)<br \/>\nfot. materia\u0142y prasowe<\/p>\n<div class=\"gliwi-a5-na-koncu-artykulow gliwi-entity-placement\" id=\"gliwi-856406488\"><div class=\"gliwi-adlabel\"><span style=\"font-size: 9px\">REKLAMA<\/span><\/div><div id=\"gliwi-2376537351\" style=\"margin-left: auto;margin-right: auto;text-align: center;\"><a data-no-instant=\"1\" href=\"https:\/\/prezeroarenagliwice.pl\/\" rel=\"noopener\" class=\"a2t-link\" target=\"_blank\" aria-label=\"20260309-PREZERO-WIOSNA-D\"><img loading=\"lazy\" decoding=\"async\" src=\"https:\/\/www.24gliwice.pl\/wiadomosci\/wp-content\/uploads\/2026\/03\/20260309-PREZERO-WIOSNA-D.webp\" alt=\"\"  srcset=\"https:\/\/www.24gliwice.pl\/wiadomosci\/wp-content\/uploads\/2026\/03\/20260309-PREZERO-WIOSNA-D.webp 750w, https:\/\/www.24gliwice.pl\/wiadomosci\/wp-content\/uploads\/2026\/03\/20260309-PREZERO-WIOSNA-D-410x109.webp 410w\" sizes=\"(max-width: 750px) 100vw, 750px\" class=\"no-lazyload\" width=\"750\" height=\"200\"  style=\"display: inline-block; max-width: 100%; height: auto;\" \/><\/a><\/div><\/div>","protected":false},"excerpt":{"rendered":"<p>Post\u0119py prac budowlanych centrum wyprzeda\u017cowego Silesia Outlet z ka\u017cdym miesi\u0105cem s\u0105 coraz bardziej widoczne. Dziewi\u0119\u0107 miesi\u0119cy od rozpocz\u0119cia rob\u00f3t, zadaszenie wraz z jego obudow\u0105 nabieraj\u0105 ostatecznego kszta\u0142tu. Jesie\u0144 b\u0119dzie pocz\u0105tkiem prac wyko\u0144czeniowych. Inwestor, tj. firma 6B47 Poland zaplanowa\u0142 otwarcie I fazy na wiosn\u0119 2019. [perfectpullquote align=&#8221;full&#8221; bordertop=&#8221;false&#8221; cite=&#8221;&#8221; link=&#8221;&#8221; color=&#8221;&#8221; class=&#8221;&#8221; size=&#8221;&#8221;]Najwi\u0119ksze centrum wyprzeda\u017cowe na [&hellip;]<\/p>\n","protected":false},"author":15,"featured_media":123372,"comment_status":"open","ping_status":"closed","sticky":false,"template":"","format":"standard","meta":{"_monsterinsights_skip_tracking":false,"_monsterinsights_sitenote_active":false,"_monsterinsights_sitenote_note":"","_monsterinsights_sitenote_category":0,"footnotes":"","_links_to":"","_links_to_target":""},"categories":[3,1],"tags":[4591,3160,8348,8329,12950,5809,8347],"class_list":["post-123370","post","type-post","status-publish","format-standard","has-post-thumbnail","hentry","category-gliwice","category-wszystko","tag-auchan-gliwice","tag-centrum-handlowe","tag-centrum-wyprzedazowe","tag-inwestycja","tag-leroy-merlin","tag-rybnicka","tag-silesia-outlet"],"yoast_head":"<!-- This site is optimized with the Yoast SEO plugin v27.5 - https:\/\/yoast.com\/product\/yoast-seo-wordpress\/ -->\n<title>Powstaj\u0105cy Silesia Outlet i Auchan Gliwice b\u0119d\u0105 jednym kompleksem handlowym. Pojawi si\u0119 \u0142\u0105cznik - 24GLIWICE - Portal Gliwice | codziennie nowe informacje<\/title>\n<meta name=\"robots\" content=\"index, follow, max-snippet:-1, max-image-preview:large, max-video-preview:-1\" \/>\n<link rel=\"canonical\" href=\"https:\/\/www.24gliwice.pl\/wiadomosci\/silesia-outlet-i-auchan-gliwice-stworza-kompleks-handlowy-powstanie-lacznik\/\" \/>\n<meta property=\"og:locale\" content=\"pl_PL\" \/>\n<meta property=\"og:type\" content=\"article\" \/>\n<meta property=\"og:title\" content=\"Powstaj\u0105cy Silesia Outlet i Auchan Gliwice b\u0119d\u0105 jednym kompleksem handlowym. Pojawi si\u0119 \u0142\u0105cznik - 24GLIWICE - Portal Gliwice | codziennie nowe informacje\" \/>\n<meta property=\"og:description\" content=\"Post\u0119py prac budowlanych centrum wyprzeda\u017cowego Silesia Outlet z ka\u017cdym miesi\u0105cem s\u0105 coraz bardziej widoczne. Dziewi\u0119\u0107 miesi\u0119cy od rozpocz\u0119cia rob\u00f3t, zadaszenie wraz z jego obudow\u0105 nabieraj\u0105 ostatecznego kszta\u0142tu. Jesie\u0144 b\u0119dzie pocz\u0105tkiem prac wyko\u0144czeniowych. Inwestor, tj. firma 6B47 Poland zaplanowa\u0142 otwarcie I fazy na wiosn\u0119 2019. [perfectpullquote align=&#8221;full&#8221; bordertop=&#8221;false&#8221; cite=&#8221;&#8221; link=&#8221;&#8221; color=&#8221;&#8221; class=&#8221;&#8221; size=&#8221;&#8221;]Najwi\u0119ksze centrum wyprzeda\u017cowe na [&hellip;]\" \/>\n<meta property=\"og:url\" content=\"https:\/\/www.24gliwice.pl\/wiadomosci\/silesia-outlet-i-auchan-gliwice-stworza-kompleks-handlowy-powstanie-lacznik\/\" \/>\n<meta property=\"og:site_name\" content=\"24GLIWICE - Portal Gliwice | codziennie nowe informacje\" \/>\n<meta property=\"article:publisher\" content=\"https:\/\/www.facebook.com\/24gliwice\" \/>\n<meta property=\"article:published_time\" content=\"2018-09-25T10:19:59+00:00\" \/>\n<meta property=\"article:modified_time\" content=\"2018-09-25T10:21:36+00:00\" \/>\n<meta property=\"og:image\" content=\"https:\/\/www.24gliwice.pl\/wiadomosci\/wp-content\/uploads\/2018\/09\/Silesia-Outlet-e1537864840594.jpg\" \/>\n\t<meta property=\"og:image:width\" content=\"1200\" \/>\n\t<meta property=\"og:image:height\" content=\"675\" \/>\n\t<meta property=\"og:image:type\" content=\"image\/jpeg\" \/>\n<meta name=\"author\" content=\"\u017baneta Mrozek-Siewierska\" \/>\n<meta name=\"twitter:card\" content=\"summary_large_image\" \/>\n<meta name=\"twitter:creator\" content=\"@24gliwice\" \/>\n<meta name=\"twitter:site\" content=\"@24gliwice\" \/>\n<meta name=\"twitter:label1\" content=\"Napisane przez\" \/>\n\t<meta name=\"twitter:data1\" content=\"\u017baneta Mrozek-Siewierska\" \/>\n\t<meta name=\"twitter:label2\" content=\"Szacowany czas czytania\" \/>\n\t<meta name=\"twitter:data2\" content=\"2 minuty\" \/>\n<script type=\"application\/ld+json\" class=\"yoast-schema-graph\">{\"@context\":\"https:\\\/\\\/schema.org\",\"@graph\":[{\"@type\":\"Article\",\"@id\":\"https:\\\/\\\/www.24gliwice.pl\\\/wiadomosci\\\/silesia-outlet-i-auchan-gliwice-stworza-kompleks-handlowy-powstanie-lacznik\\\/#article\",\"isPartOf\":{\"@id\":\"https:\\\/\\\/www.24gliwice.pl\\\/wiadomosci\\\/silesia-outlet-i-auchan-gliwice-stworza-kompleks-handlowy-powstanie-lacznik\\\/\"},\"author\":{\"name\":\"\u017baneta Mrozek-Siewierska\",\"@id\":\"https:\\\/\\\/www.24gliwice.pl\\\/wiadomosci\\\/#\\\/schema\\\/person\\\/e42c650edd7f2fa332be3811fb166b6e\"},\"headline\":\"Powstaj\u0105cy Silesia Outlet i Auchan Gliwice b\u0119d\u0105 jednym kompleksem handlowym. Pojawi si\u0119 \u0142\u0105cznik\",\"datePublished\":\"2018-09-25T10:19:59+00:00\",\"dateModified\":\"2018-09-25T10:21:36+00:00\",\"mainEntityOfPage\":{\"@id\":\"https:\\\/\\\/www.24gliwice.pl\\\/wiadomosci\\\/silesia-outlet-i-auchan-gliwice-stworza-kompleks-handlowy-powstanie-lacznik\\\/\"},\"wordCount\":357,\"commentCount\":0,\"publisher\":{\"@id\":\"https:\\\/\\\/www.24gliwice.pl\\\/wiadomosci\\\/#organization\"},\"image\":{\"@id\":\"https:\\\/\\\/www.24gliwice.pl\\\/wiadomosci\\\/silesia-outlet-i-auchan-gliwice-stworza-kompleks-handlowy-powstanie-lacznik\\\/#primaryimage\"},\"thumbnailUrl\":\"https:\\\/\\\/www.24gliwice.pl\\\/wiadomosci\\\/wp-content\\\/uploads\\\/2018\\\/09\\\/Silesia-Outlet-e1537864840594.jpg\",\"keywords\":[\"auchan Gliwice\",\"CENTRUM HANDLOWE\",\"centrum wyprzeda\u017cowe\",\"INWESTYCJA\",\"leroy merlin\",\"RYBNICKA\",\"SILESIA OUTLET\"],\"articleSection\":[\"Gliwice\",\"Najnowsze wiadomo\u015bci\"],\"inLanguage\":\"pl-PL\",\"potentialAction\":[{\"@type\":\"CommentAction\",\"name\":\"Comment\",\"target\":[\"https:\\\/\\\/www.24gliwice.pl\\\/wiadomosci\\\/silesia-outlet-i-auchan-gliwice-stworza-kompleks-handlowy-powstanie-lacznik\\\/#respond\"]}]},{\"@type\":\"WebPage\",\"@id\":\"https:\\\/\\\/www.24gliwice.pl\\\/wiadomosci\\\/silesia-outlet-i-auchan-gliwice-stworza-kompleks-handlowy-powstanie-lacznik\\\/\",\"url\":\"https:\\\/\\\/www.24gliwice.pl\\\/wiadomosci\\\/silesia-outlet-i-auchan-gliwice-stworza-kompleks-handlowy-powstanie-lacznik\\\/\",\"name\":\"Powstaj\u0105cy Silesia Outlet i Auchan Gliwice b\u0119d\u0105 jednym kompleksem handlowym. Pojawi si\u0119 \u0142\u0105cznik - 24GLIWICE - Portal Gliwice | codziennie nowe informacje\",\"isPartOf\":{\"@id\":\"https:\\\/\\\/www.24gliwice.pl\\\/wiadomosci\\\/#website\"},\"primaryImageOfPage\":{\"@id\":\"https:\\\/\\\/www.24gliwice.pl\\\/wiadomosci\\\/silesia-outlet-i-auchan-gliwice-stworza-kompleks-handlowy-powstanie-lacznik\\\/#primaryimage\"},\"image\":{\"@id\":\"https:\\\/\\\/www.24gliwice.pl\\\/wiadomosci\\\/silesia-outlet-i-auchan-gliwice-stworza-kompleks-handlowy-powstanie-lacznik\\\/#primaryimage\"},\"thumbnailUrl\":\"https:\\\/\\\/www.24gliwice.pl\\\/wiadomosci\\\/wp-content\\\/uploads\\\/2018\\\/09\\\/Silesia-Outlet-e1537864840594.jpg\",\"datePublished\":\"2018-09-25T10:19:59+00:00\",\"dateModified\":\"2018-09-25T10:21:36+00:00\",\"breadcrumb\":{\"@id\":\"https:\\\/\\\/www.24gliwice.pl\\\/wiadomosci\\\/silesia-outlet-i-auchan-gliwice-stworza-kompleks-handlowy-powstanie-lacznik\\\/#breadcrumb\"},\"inLanguage\":\"pl-PL\",\"potentialAction\":[{\"@type\":\"ReadAction\",\"target\":[\"https:\\\/\\\/www.24gliwice.pl\\\/wiadomosci\\\/silesia-outlet-i-auchan-gliwice-stworza-kompleks-handlowy-powstanie-lacznik\\\/\"]}]},{\"@type\":\"ImageObject\",\"inLanguage\":\"pl-PL\",\"@id\":\"https:\\\/\\\/www.24gliwice.pl\\\/wiadomosci\\\/silesia-outlet-i-auchan-gliwice-stworza-kompleks-handlowy-powstanie-lacznik\\\/#primaryimage\",\"url\":\"https:\\\/\\\/www.24gliwice.pl\\\/wiadomosci\\\/wp-content\\\/uploads\\\/2018\\\/09\\\/Silesia-Outlet-e1537864840594.jpg\",\"contentUrl\":\"https:\\\/\\\/www.24gliwice.pl\\\/wiadomosci\\\/wp-content\\\/uploads\\\/2018\\\/09\\\/Silesia-Outlet-e1537864840594.jpg\",\"width\":1200,\"height\":675},{\"@type\":\"BreadcrumbList\",\"@id\":\"https:\\\/\\\/www.24gliwice.pl\\\/wiadomosci\\\/silesia-outlet-i-auchan-gliwice-stworza-kompleks-handlowy-powstanie-lacznik\\\/#breadcrumb\",\"itemListElement\":[{\"@type\":\"ListItem\",\"position\":1,\"name\":\"Strona g\u0142\u00f3wna\",\"item\":\"https:\\\/\\\/www.24gliwice.pl\\\/wiadomosci\\\/\"},{\"@type\":\"ListItem\",\"position\":2,\"name\":\"Powstaj\u0105cy Silesia Outlet i Auchan Gliwice b\u0119d\u0105 jednym kompleksem handlowym. Pojawi si\u0119 \u0142\u0105cznik\"}]},{\"@type\":\"WebSite\",\"@id\":\"https:\\\/\\\/www.24gliwice.pl\\\/wiadomosci\\\/#website\",\"url\":\"https:\\\/\\\/www.24gliwice.pl\\\/wiadomosci\\\/\",\"name\":\"24GLIWICE - Portal Gliwice | codziennie nowe wiadomo\u015bci\",\"description\":\"Portal Miejski Gliwice\",\"publisher\":{\"@id\":\"https:\\\/\\\/www.24gliwice.pl\\\/wiadomosci\\\/#organization\"},\"potentialAction\":[{\"@type\":\"SearchAction\",\"target\":{\"@type\":\"EntryPoint\",\"urlTemplate\":\"https:\\\/\\\/www.24gliwice.pl\\\/wiadomosci\\\/?s={search_term_string}\"},\"query-input\":{\"@type\":\"PropertyValueSpecification\",\"valueRequired\":true,\"valueName\":\"search_term_string\"}}],\"inLanguage\":\"pl-PL\"},{\"@type\":\"Organization\",\"@id\":\"https:\\\/\\\/www.24gliwice.pl\\\/wiadomosci\\\/#organization\",\"name\":\"24gliwice\",\"url\":\"https:\\\/\\\/www.24gliwice.pl\\\/wiadomosci\\\/\",\"logo\":{\"@type\":\"ImageObject\",\"inLanguage\":\"pl-PL\",\"@id\":\"https:\\\/\\\/www.24gliwice.pl\\\/wiadomosci\\\/#\\\/schema\\\/logo\\\/image\\\/\",\"url\":\"https:\\\/\\\/www.24gliwice.pl\\\/wiadomosci\\\/wp-content\\\/uploads\\\/2024\\\/10\\\/24gliwice-logo-696.jpg\",\"contentUrl\":\"https:\\\/\\\/www.24gliwice.pl\\\/wiadomosci\\\/wp-content\\\/uploads\\\/2024\\\/10\\\/24gliwice-logo-696.jpg\",\"width\":696,\"height\":696,\"caption\":\"24gliwice\"},\"image\":{\"@id\":\"https:\\\/\\\/www.24gliwice.pl\\\/wiadomosci\\\/#\\\/schema\\\/logo\\\/image\\\/\"},\"sameAs\":[\"https:\\\/\\\/www.facebook.com\\\/24gliwice\",\"https:\\\/\\\/x.com\\\/24gliwice\",\"https:\\\/\\\/www.youtube.com\\\/@24gliwice\"]},{\"@type\":\"Person\",\"@id\":\"https:\\\/\\\/www.24gliwice.pl\\\/wiadomosci\\\/#\\\/schema\\\/person\\\/e42c650edd7f2fa332be3811fb166b6e\",\"name\":\"\u017baneta Mrozek-Siewierska\",\"image\":{\"@type\":\"ImageObject\",\"inLanguage\":\"pl-PL\",\"@id\":\"https:\\\/\\\/secure.gravatar.com\\\/avatar\\\/1881429e9c64597c77ad7aef2d0a19be69a3253e57534d16aa15bf3a4d34a0a3?s=96&d=mm&r=g\",\"url\":\"https:\\\/\\\/secure.gravatar.com\\\/avatar\\\/1881429e9c64597c77ad7aef2d0a19be69a3253e57534d16aa15bf3a4d34a0a3?s=96&d=mm&r=g\",\"contentUrl\":\"https:\\\/\\\/secure.gravatar.com\\\/avatar\\\/1881429e9c64597c77ad7aef2d0a19be69a3253e57534d16aa15bf3a4d34a0a3?s=96&d=mm&r=g\",\"caption\":\"\u017baneta Mrozek-Siewierska\"},\"url\":\"https:\\\/\\\/www.24gliwice.pl\\\/wiadomosci\\\/author\\\/zms\\\/\"}]}<\/script>\n<!-- \/ Yoast SEO plugin. -->","yoast_head_json":{"title":"Powstaj\u0105cy Silesia Outlet i Auchan Gliwice b\u0119d\u0105 jednym kompleksem handlowym. Pojawi si\u0119 \u0142\u0105cznik - 24GLIWICE - Portal Gliwice | codziennie nowe informacje","robots":{"index":"index","follow":"follow","max-snippet":"max-snippet:-1","max-image-preview":"max-image-preview:large","max-video-preview":"max-video-preview:-1"},"canonical":"https:\/\/www.24gliwice.pl\/wiadomosci\/silesia-outlet-i-auchan-gliwice-stworza-kompleks-handlowy-powstanie-lacznik\/","og_locale":"pl_PL","og_type":"article","og_title":"Powstaj\u0105cy Silesia Outlet i Auchan Gliwice b\u0119d\u0105 jednym kompleksem handlowym. Pojawi si\u0119 \u0142\u0105cznik - 24GLIWICE - Portal Gliwice | codziennie nowe informacje","og_description":"Post\u0119py prac budowlanych centrum wyprzeda\u017cowego Silesia Outlet z ka\u017cdym miesi\u0105cem s\u0105 coraz bardziej widoczne. Dziewi\u0119\u0107 miesi\u0119cy od rozpocz\u0119cia rob\u00f3t, zadaszenie wraz z jego obudow\u0105 nabieraj\u0105 ostatecznego kszta\u0142tu. Jesie\u0144 b\u0119dzie pocz\u0105tkiem prac wyko\u0144czeniowych. Inwestor, tj. firma 6B47 Poland zaplanowa\u0142 otwarcie I fazy na wiosn\u0119 2019. [perfectpullquote align=&#8221;full&#8221; bordertop=&#8221;false&#8221; cite=&#8221;&#8221; link=&#8221;&#8221; color=&#8221;&#8221; class=&#8221;&#8221; size=&#8221;&#8221;]Najwi\u0119ksze centrum wyprzeda\u017cowe na [&hellip;]","og_url":"https:\/\/www.24gliwice.pl\/wiadomosci\/silesia-outlet-i-auchan-gliwice-stworza-kompleks-handlowy-powstanie-lacznik\/","og_site_name":"24GLIWICE - Portal Gliwice | codziennie nowe informacje","article_publisher":"https:\/\/www.facebook.com\/24gliwice","article_published_time":"2018-09-25T10:19:59+00:00","article_modified_time":"2018-09-25T10:21:36+00:00","og_image":[{"width":1200,"height":675,"url":"https:\/\/www.24gliwice.pl\/wiadomosci\/wp-content\/uploads\/2018\/09\/Silesia-Outlet-e1537864840594.jpg","type":"image\/jpeg"}],"author":"\u017baneta Mrozek-Siewierska","twitter_card":"summary_large_image","twitter_creator":"@24gliwice","twitter_site":"@24gliwice","twitter_misc":{"Napisane przez":"\u017baneta Mrozek-Siewierska","Szacowany czas czytania":"2 minuty"},"schema":{"@context":"https:\/\/schema.org","@graph":[{"@type":"Article","@id":"https:\/\/www.24gliwice.pl\/wiadomosci\/silesia-outlet-i-auchan-gliwice-stworza-kompleks-handlowy-powstanie-lacznik\/#article","isPartOf":{"@id":"https:\/\/www.24gliwice.pl\/wiadomosci\/silesia-outlet-i-auchan-gliwice-stworza-kompleks-handlowy-powstanie-lacznik\/"},"author":{"name":"\u017baneta Mrozek-Siewierska","@id":"https:\/\/www.24gliwice.pl\/wiadomosci\/#\/schema\/person\/e42c650edd7f2fa332be3811fb166b6e"},"headline":"Powstaj\u0105cy Silesia Outlet i Auchan Gliwice b\u0119d\u0105 jednym kompleksem handlowym. Pojawi si\u0119 \u0142\u0105cznik","datePublished":"2018-09-25T10:19:59+00:00","dateModified":"2018-09-25T10:21:36+00:00","mainEntityOfPage":{"@id":"https:\/\/www.24gliwice.pl\/wiadomosci\/silesia-outlet-i-auchan-gliwice-stworza-kompleks-handlowy-powstanie-lacznik\/"},"wordCount":357,"commentCount":0,"publisher":{"@id":"https:\/\/www.24gliwice.pl\/wiadomosci\/#organization"},"image":{"@id":"https:\/\/www.24gliwice.pl\/wiadomosci\/silesia-outlet-i-auchan-gliwice-stworza-kompleks-handlowy-powstanie-lacznik\/#primaryimage"},"thumbnailUrl":"https:\/\/www.24gliwice.pl\/wiadomosci\/wp-content\/uploads\/2018\/09\/Silesia-Outlet-e1537864840594.jpg","keywords":["auchan Gliwice","CENTRUM HANDLOWE","centrum wyprzeda\u017cowe","INWESTYCJA","leroy merlin","RYBNICKA","SILESIA OUTLET"],"articleSection":["Gliwice","Najnowsze wiadomo\u015bci"],"inLanguage":"pl-PL","potentialAction":[{"@type":"CommentAction","name":"Comment","target":["https:\/\/www.24gliwice.pl\/wiadomosci\/silesia-outlet-i-auchan-gliwice-stworza-kompleks-handlowy-powstanie-lacznik\/#respond"]}]},{"@type":"WebPage","@id":"https:\/\/www.24gliwice.pl\/wiadomosci\/silesia-outlet-i-auchan-gliwice-stworza-kompleks-handlowy-powstanie-lacznik\/","url":"https:\/\/www.24gliwice.pl\/wiadomosci\/silesia-outlet-i-auchan-gliwice-stworza-kompleks-handlowy-powstanie-lacznik\/","name":"Powstaj\u0105cy Silesia Outlet i Auchan Gliwice b\u0119d\u0105 jednym kompleksem handlowym. Pojawi si\u0119 \u0142\u0105cznik - 24GLIWICE - Portal Gliwice | codziennie nowe informacje","isPartOf":{"@id":"https:\/\/www.24gliwice.pl\/wiadomosci\/#website"},"primaryImageOfPage":{"@id":"https:\/\/www.24gliwice.pl\/wiadomosci\/silesia-outlet-i-auchan-gliwice-stworza-kompleks-handlowy-powstanie-lacznik\/#primaryimage"},"image":{"@id":"https:\/\/www.24gliwice.pl\/wiadomosci\/silesia-outlet-i-auchan-gliwice-stworza-kompleks-handlowy-powstanie-lacznik\/#primaryimage"},"thumbnailUrl":"https:\/\/www.24gliwice.pl\/wiadomosci\/wp-content\/uploads\/2018\/09\/Silesia-Outlet-e1537864840594.jpg","datePublished":"2018-09-25T10:19:59+00:00","dateModified":"2018-09-25T10:21:36+00:00","breadcrumb":{"@id":"https:\/\/www.24gliwice.pl\/wiadomosci\/silesia-outlet-i-auchan-gliwice-stworza-kompleks-handlowy-powstanie-lacznik\/#breadcrumb"},"inLanguage":"pl-PL","potentialAction":[{"@type":"ReadAction","target":["https:\/\/www.24gliwice.pl\/wiadomosci\/silesia-outlet-i-auchan-gliwice-stworza-kompleks-handlowy-powstanie-lacznik\/"]}]},{"@type":"ImageObject","inLanguage":"pl-PL","@id":"https:\/\/www.24gliwice.pl\/wiadomosci\/silesia-outlet-i-auchan-gliwice-stworza-kompleks-handlowy-powstanie-lacznik\/#primaryimage","url":"https:\/\/www.24gliwice.pl\/wiadomosci\/wp-content\/uploads\/2018\/09\/Silesia-Outlet-e1537864840594.jpg","contentUrl":"https:\/\/www.24gliwice.pl\/wiadomosci\/wp-content\/uploads\/2018\/09\/Silesia-Outlet-e1537864840594.jpg","width":1200,"height":675},{"@type":"BreadcrumbList","@id":"https:\/\/www.24gliwice.pl\/wiadomosci\/silesia-outlet-i-auchan-gliwice-stworza-kompleks-handlowy-powstanie-lacznik\/#breadcrumb","itemListElement":[{"@type":"ListItem","position":1,"name":"Strona g\u0142\u00f3wna","item":"https:\/\/www.24gliwice.pl\/wiadomosci\/"},{"@type":"ListItem","position":2,"name":"Powstaj\u0105cy Silesia Outlet i Auchan Gliwice b\u0119d\u0105 jednym kompleksem handlowym. Pojawi si\u0119 \u0142\u0105cznik"}]},{"@type":"WebSite","@id":"https:\/\/www.24gliwice.pl\/wiadomosci\/#website","url":"https:\/\/www.24gliwice.pl\/wiadomosci\/","name":"24GLIWICE - Portal Gliwice | codziennie nowe wiadomo\u015bci","description":"Portal Miejski Gliwice","publisher":{"@id":"https:\/\/www.24gliwice.pl\/wiadomosci\/#organization"},"potentialAction":[{"@type":"SearchAction","target":{"@type":"EntryPoint","urlTemplate":"https:\/\/www.24gliwice.pl\/wiadomosci\/?s={search_term_string}"},"query-input":{"@type":"PropertyValueSpecification","valueRequired":true,"valueName":"search_term_string"}}],"inLanguage":"pl-PL"},{"@type":"Organization","@id":"https:\/\/www.24gliwice.pl\/wiadomosci\/#organization","name":"24gliwice","url":"https:\/\/www.24gliwice.pl\/wiadomosci\/","logo":{"@type":"ImageObject","inLanguage":"pl-PL","@id":"https:\/\/www.24gliwice.pl\/wiadomosci\/#\/schema\/logo\/image\/","url":"https:\/\/www.24gliwice.pl\/wiadomosci\/wp-content\/uploads\/2024\/10\/24gliwice-logo-696.jpg","contentUrl":"https:\/\/www.24gliwice.pl\/wiadomosci\/wp-content\/uploads\/2024\/10\/24gliwice-logo-696.jpg","width":696,"height":696,"caption":"24gliwice"},"image":{"@id":"https:\/\/www.24gliwice.pl\/wiadomosci\/#\/schema\/logo\/image\/"},"sameAs":["https:\/\/www.facebook.com\/24gliwice","https:\/\/x.com\/24gliwice","https:\/\/www.youtube.com\/@24gliwice"]},{"@type":"Person","@id":"https:\/\/www.24gliwice.pl\/wiadomosci\/#\/schema\/person\/e42c650edd7f2fa332be3811fb166b6e","name":"\u017baneta Mrozek-Siewierska","image":{"@type":"ImageObject","inLanguage":"pl-PL","@id":"https:\/\/secure.gravatar.com\/avatar\/1881429e9c64597c77ad7aef2d0a19be69a3253e57534d16aa15bf3a4d34a0a3?s=96&d=mm&r=g","url":"https:\/\/secure.gravatar.com\/avatar\/1881429e9c64597c77ad7aef2d0a19be69a3253e57534d16aa15bf3a4d34a0a3?s=96&d=mm&r=g","contentUrl":"https:\/\/secure.gravatar.com\/avatar\/1881429e9c64597c77ad7aef2d0a19be69a3253e57534d16aa15bf3a4d34a0a3?s=96&d=mm&r=g","caption":"\u017baneta Mrozek-Siewierska"},"url":"https:\/\/www.24gliwice.pl\/wiadomosci\/author\/zms\/"}]}},"_links":{"self":[{"href":"https:\/\/www.24gliwice.pl\/wiadomosci\/wp-json\/wp\/v2\/posts\/123370","targetHints":{"allow":["GET"]}}],"collection":[{"href":"https:\/\/www.24gliwice.pl\/wiadomosci\/wp-json\/wp\/v2\/posts"}],"about":[{"href":"https:\/\/www.24gliwice.pl\/wiadomosci\/wp-json\/wp\/v2\/types\/post"}],"author":[{"embeddable":true,"href":"https:\/\/www.24gliwice.pl\/wiadomosci\/wp-json\/wp\/v2\/users\/15"}],"replies":[{"embeddable":true,"href":"https:\/\/www.24gliwice.pl\/wiadomosci\/wp-json\/wp\/v2\/comments?post=123370"}],"version-history":[{"count":0,"href":"https:\/\/www.24gliwice.pl\/wiadomosci\/wp-json\/wp\/v2\/posts\/123370\/revisions"}],"wp:featuredmedia":[{"embeddable":true,"href":"https:\/\/www.24gliwice.pl\/wiadomosci\/wp-json\/wp\/v2\/media\/123372"}],"wp:attachment":[{"href":"https:\/\/www.24gliwice.pl\/wiadomosci\/wp-json\/wp\/v2\/media?parent=123370"}],"wp:term":[{"taxonomy":"category","embeddable":true,"href":"https:\/\/www.24gliwice.pl\/wiadomosci\/wp-json\/wp\/v2\/categories?post=123370"},{"taxonomy":"post_tag","embeddable":true,"href":"https:\/\/www.24gliwice.pl\/wiadomosci\/wp-json\/wp\/v2\/tags?post=123370"}],"curies":[{"name":"wp","href":"https:\/\/api.w.org\/{rel}","templated":true}]}}