{"id":123421,"date":"2018-10-01T02:18:23","date_gmt":"2018-10-01T00:18:23","guid":{"rendered":"https:\/\/www.24gliwice.pl\/wiadomosci\/?p=123421"},"modified":"2018-10-01T02:18:23","modified_gmt":"2018-10-01T00:18:23","slug":"koszty-miejskiego-ogrzewania-od-pazdziernika-w-gore-pec-musi-dbac-o-rownowage-finansowa-spolki","status":"publish","type":"post","link":"https:\/\/www.24gliwice.pl\/wiadomosci\/koszty-miejskiego-ogrzewania-od-pazdziernika-w-gore-pec-musi-dbac-o-rownowage-finansowa-spolki\/","title":{"rendered":"Koszty miejskiego ogrzewania od pa\u017adziernika w g\u00f3r\u0119. &#8220;PEC musi dba\u0107 o r\u00f3wnowag\u0119 finansow\u0105 sp\u00f3\u0142ki&#8221;"},"content":{"rendered":"<div class=\"gliwi-a6-nad-leadem-artykulow gliwi-entity-placement\" id=\"gliwi-3048509584\"><div class=\"gliwi-adlabel\"><span style=\"font-size: 9px\">REKLAMA<\/span><\/div><div id=\"gliwi-744810412\" style=\"margin-bottom: 25px;margin-left: auto;margin-right: auto;text-align: center;\"><a data-no-instant=\"1\" href=\"https:\/\/dom100.eu\/\" rel=\"noopener\" class=\"a2t-link\" target=\"_blank\" aria-label=\"20260415 DOM100 D\"><img loading=\"lazy\" decoding=\"async\" src=\"https:\/\/www.24gliwice.pl\/wiadomosci\/wp-content\/uploads\/2026\/04\/20260415-DOM100-D.jpg\" alt=\"\"  srcset=\"https:\/\/www.24gliwice.pl\/wiadomosci\/wp-content\/uploads\/2026\/04\/20260415-DOM100-D.jpg 750w, https:\/\/www.24gliwice.pl\/wiadomosci\/wp-content\/uploads\/2026\/04\/20260415-DOM100-D-410x109.jpg 410w\" sizes=\"(max-width: 750px) 100vw, 750px\" class=\"no-lazyload\" width=\"750\" height=\"200\"  style=\"display: inline-block; max-width: 100%; height: auto;\" \/><\/a><\/div><\/div><h3>Od 1 pa\u017adziernika obowi\u0105zuje nowa taryfa cenowa za ciep\u0142o dostarczane przez PEC. Miejska sp\u00f3\u0142ka poinformowa\u0142a o tym na pocz\u0105tku wrze\u015bnia.<\/h3>\n<p>Przedsi\u0119biorstwo Energetyki Cieplnej &#8211; Gliwice Sp. z o.o. przekaza\u0142o za po\u015brednictwem swojej strony internetowej, \u017ce z dniem 01 pa\u017adziernika wprowadza do stosowania zmienion\u0105 taryf\u0119 dla ciep\u0142a zatwierdzon\u0105 decyzj\u0105 Prezesa Urz\u0119du Regulacji Energetyki.<\/p>\n[perfectpullquote align=&#8221;full&#8221; bordertop=&#8221;false&#8221; cite=&#8221;&#8221; link=&#8221;&#8221; color=&#8221;&#8221; class=&#8221;&#8221; size=&#8221;&#8221;]Jak uzasadniono w komunikacie, zmiana podyktowana jest istotn\u0105 podwy\u017ck\u0105 cen uprawnie\u0144 do emisji dwutlenku w\u0119gla.[\/perfectpullquote]\n<p>Dotychczasowa taryfa zatwierdzona zosta\u0142a w grudniu ubieg\u0142ego roku, a obowi\u0105zywa\u0142a od 1 stycznia. Zgodnie z ni\u0105 cena 1 GJ ciep\u0142a wynosi\u0142a 27,17 z\u0142. Po podwy\u017cce stawek trzeba b\u0119dzie zap\u0142aci\u0107 28,51 z\u0142.<\/p><div class=\"gliwi-a3-w-tresci-artykulow gliwi-entity-placement\" id=\"gliwi-3153508785\"><div class=\"gliwi-adlabel\"><span style=\"font-size: 9px\">REKLAMA<\/span><\/div><div id=\"gliwi-1128695911\" style=\"margin-bottom: 30px;margin-left: auto;margin-right: auto;text-align: center;\"><a data-no-instant=\"1\" href=\"https:\/\/zlobek.halogen.org.pl\/\" rel=\"noopener\" class=\"a2t-link\" target=\"_blank\" aria-label=\"animator-zlobek_750x200\"><img loading=\"lazy\" decoding=\"async\" src=\"https:\/\/www.24gliwice.pl\/wiadomosci\/wp-content\/uploads\/2026\/02\/animator-zlobek_750x200.webp\" alt=\"\"  srcset=\"https:\/\/www.24gliwice.pl\/wiadomosci\/wp-content\/uploads\/2026\/02\/animator-zlobek_750x200.webp 750w, https:\/\/www.24gliwice.pl\/wiadomosci\/wp-content\/uploads\/2026\/02\/animator-zlobek_750x200-410x109.webp 410w\" sizes=\"(max-width: 750px) 100vw, 750px\" class=\"no-lazyload\" width=\"750\" height=\"200\"  style=\"display: inline-block; max-width: 100%; height: auto;\" \/><\/a><\/div><\/div>\n<p>Na spraw\u0119 zwr\u00f3ci\u0142 uwag\u0119 radny <strong>Jan Paj\u0105k<\/strong>, kt\u00f3ry w serwisie internetowym facebook.com zamie\u015bci\u0142 wpis na ten temat. Pod postem pojawi\u0142o si\u0119 wiele komentarzy Internaut\u00f3w, w tym zast\u0119pcy prezydenta Gliwic, <strong>Adama Neumanna<\/strong>, kt\u00f3ry t\u0142umaczy, \u017ce o podwy\u017ckach cen decyduje Urz\u0105d Regulacji Energetyki (URE).<\/p>\n<p><strong>Instytucja decyzj\u0119 t\u0119 wydaje na wniosek PEC.<\/strong><\/p>\n<p><iframe loading=\"lazy\" style=\"border: none; overflow: hidden;\" src=\"https:\/\/www.facebook.com\/plugins\/post.php?href=https%3A%2F%2Fwww.facebook.com%2Fjan.pajak.12%2Fposts%2F2047848141946806&amp;width=500\" width=\"500\" height=\"230\" frameborder=\"0\" scrolling=\"no\"><span data-mce-type=\"bookmark\" style=\"display: inline-block; width: 0px; overflow: hidden; line-height: 0;\" class=\"mce_SELRES_start\">\ufeff<\/span><\/iframe><\/p>\n<p>&#8211; (&#8230;) PEC Gliwice podlega wszystkim przepisom Kodeksu Sp\u00f3\u0142ek Handlowych i musi zgodnie z nim dba\u0107 o r\u00f3wnowag\u0119 finansow\u0105 sp\u00f3\u0142ki &#8211; koszt produkcji ciep\u0142a nie mo\u017ce by\u0107 wi\u0119kszy, ni\u017c zwrot za ciep\u0142o wyprodukowane i sprzedane. Gdy jest inaczej Zarz\u0105d PEC wyst\u0119puje z wnioskiem do Urz\u0119du Regulacji Energetyki w Katowicach i URE decyduje na podstawie sterty dokument\u00f3w o zmianie taryfy. Kilkakrotnie by\u0142o tak, \u017ce URE podj\u0119\u0142o decyzj\u0119 inn\u0105, ni\u017c ta o kt\u00f3r\u0105 wnioskowa\u0142 PEC &#8211; wyja\u015bnia w komentarzach <strong>Micha\u0142 Kotnis<\/strong> z Rady Nadzorczej PEC.<\/p>\n[perfectpullquote align=&#8221;full&#8221; bordertop=&#8221;false&#8221; cite=&#8221;&#8221; link=&#8221;&#8221; color=&#8221;&#8221; class=&#8221;&#8221; size=&#8221;&#8221;]Rachunek zysk\u00f3w i strat za okres od 1 lipca 2017 roku do 30 czerwca 2018 roku mo\u017cna znale\u017a\u0107 na stronie <a href=\"http:\/\/www.pec.gliwice.pl\/userfiles\/file\/Dane%20finansowe%202017-2018\/Rachunek%20zysk%C3%B3w%20i%20strat%202017%2018.jpg\" target=\"_blank\" rel=\"noopener\">Przedsi\u0119biorstwa Energetyki Cieplnej.<\/a>[\/perfectpullquote]\n<p>W\u015br\u00f3d g\u0142os\u00f3w Internaut\u00f3w na profilu Jana Paj\u0105ka pojawi\u0142y si\u0119 pro\u015bby do prezydenta Neumanna o upublicznienie na stronie PEC wniosku do URE o zmian\u0119 stawek op\u0142at.<\/p>\n<p>(\u017cms)<\/p>\n<div class=\"gliwi-a5-na-koncu-artykulow gliwi-entity-placement\" id=\"gliwi-2803180387\"><div class=\"gliwi-adlabel\"><span style=\"font-size: 9px\">REKLAMA<\/span><\/div><div id=\"gliwi-4108518441\" style=\"margin-left: auto;margin-right: auto;text-align: center;\"><a data-no-instant=\"1\" href=\"https:\/\/prezeroarenagliwice.pl\/\" rel=\"noopener\" class=\"a2t-link\" target=\"_blank\" aria-label=\"20260309-PREZERO-WIOSNA-D\"><img loading=\"lazy\" decoding=\"async\" src=\"https:\/\/www.24gliwice.pl\/wiadomosci\/wp-content\/uploads\/2026\/03\/20260309-PREZERO-WIOSNA-D.webp\" alt=\"\"  srcset=\"https:\/\/www.24gliwice.pl\/wiadomosci\/wp-content\/uploads\/2026\/03\/20260309-PREZERO-WIOSNA-D.webp 750w, https:\/\/www.24gliwice.pl\/wiadomosci\/wp-content\/uploads\/2026\/03\/20260309-PREZERO-WIOSNA-D-410x109.webp 410w\" sizes=\"(max-width: 750px) 100vw, 750px\" class=\"no-lazyload\" width=\"750\" height=\"200\"  style=\"display: inline-block; max-width: 100%; height: auto;\" \/><\/a><\/div><\/div>","protected":false},"excerpt":{"rendered":"<p>Od 1 pa\u017adziernika obowi\u0105zuje nowa taryfa cenowa za ciep\u0142o dostarczane przez PEC. Miejska sp\u00f3\u0142ka poinformowa\u0142a o tym na pocz\u0105tku wrze\u015bnia. Przedsi\u0119biorstwo Energetyki Cieplnej &#8211; Gliwice Sp. z o.o. przekaza\u0142o za po\u015brednictwem swojej strony internetowej, \u017ce z dniem 01 pa\u017adziernika wprowadza do stosowania zmienion\u0105 taryf\u0119 dla ciep\u0142a zatwierdzon\u0105 decyzj\u0105 Prezesa Urz\u0119du Regulacji Energetyki. [perfectpullquote align=&#8221;full&#8221; bordertop=&#8221;false&#8221; [&hellip;]<\/p>\n","protected":false},"author":15,"featured_media":89509,"comment_status":"open","ping_status":"closed","sticky":false,"template":"","format":"standard","meta":{"_monsterinsights_skip_tracking":false,"_monsterinsights_sitenote_active":false,"_monsterinsights_sitenote_note":"","_monsterinsights_sitenote_category":0,"footnotes":"","_links_to":"","_links_to_target":""},"categories":[3,1,9],"tags":[13483,13481,13396,13480,5744,13478,10748,8340],"class_list":["post-123421","post","type-post","status-publish","format-standard","has-post-thumbnail","hentry","category-gliwice","category-wszystko","category-aktualnosci_lokalne","tag-cieplo","tag-cieplo-systemowe","tag-jesien","tag-miejskie-ogrzewanie","tag-ogrzewanie","tag-pec","tag-taryfa","tag-zima"],"yoast_head":"<!-- This site is optimized with the Yoast SEO plugin v27.5 - https:\/\/yoast.com\/product\/yoast-seo-wordpress\/ -->\n<title>Koszty miejskiego ogrzewania od pa\u017adziernika w g\u00f3r\u0119. &quot;PEC musi dba\u0107 o r\u00f3wnowag\u0119 finansow\u0105 sp\u00f3\u0142ki&quot; - 24GLIWICE - Portal Gliwice | codziennie nowe informacje<\/title>\n<meta name=\"robots\" content=\"index, follow, max-snippet:-1, max-image-preview:large, max-video-preview:-1\" \/>\n<link rel=\"canonical\" href=\"https:\/\/www.24gliwice.pl\/wiadomosci\/koszty-miejskiego-ogrzewania-od-pazdziernika-w-gore-pec-musi-dbac-o-rownowage-finansowa-spolki\/\" \/>\n<meta property=\"og:locale\" content=\"pl_PL\" \/>\n<meta property=\"og:type\" content=\"article\" \/>\n<meta property=\"og:title\" content=\"Koszty miejskiego ogrzewania od pa\u017adziernika w g\u00f3r\u0119. &quot;PEC musi dba\u0107 o r\u00f3wnowag\u0119 finansow\u0105 sp\u00f3\u0142ki&quot; - 24GLIWICE - Portal Gliwice | codziennie nowe informacje\" \/>\n<meta property=\"og:description\" content=\"Od 1 pa\u017adziernika obowi\u0105zuje nowa taryfa cenowa za ciep\u0142o dostarczane przez PEC. Miejska sp\u00f3\u0142ka poinformowa\u0142a o tym na pocz\u0105tku wrze\u015bnia. Przedsi\u0119biorstwo Energetyki Cieplnej &#8211; Gliwice Sp. z o.o. przekaza\u0142o za po\u015brednictwem swojej strony internetowej, \u017ce z dniem 01 pa\u017adziernika wprowadza do stosowania zmienion\u0105 taryf\u0119 dla ciep\u0142a zatwierdzon\u0105 decyzj\u0105 Prezesa Urz\u0119du Regulacji Energetyki. [perfectpullquote align=&#8221;full&#8221; bordertop=&#8221;false&#8221; [&hellip;]\" \/>\n<meta property=\"og:url\" content=\"https:\/\/www.24gliwice.pl\/wiadomosci\/koszty-miejskiego-ogrzewania-od-pazdziernika-w-gore-pec-musi-dbac-o-rownowage-finansowa-spolki\/\" \/>\n<meta property=\"og:site_name\" content=\"24GLIWICE - Portal Gliwice | codziennie nowe informacje\" \/>\n<meta property=\"article:publisher\" content=\"https:\/\/www.facebook.com\/24gliwice\" \/>\n<meta property=\"article:published_time\" content=\"2018-10-01T00:18:23+00:00\" \/>\n<meta property=\"og:image\" content=\"https:\/\/www.24gliwice.pl\/wiadomosci\/wp-content\/uploads\/2016\/10\/pec.jpg\" \/>\n\t<meta property=\"og:image:width\" content=\"800\" \/>\n\t<meta property=\"og:image:height\" content=\"449\" \/>\n\t<meta property=\"og:image:type\" content=\"image\/jpeg\" \/>\n<meta name=\"author\" content=\"\u017baneta Mrozek-Siewierska\" \/>\n<meta name=\"twitter:card\" content=\"summary_large_image\" \/>\n<meta name=\"twitter:creator\" content=\"@24gliwice\" \/>\n<meta name=\"twitter:site\" content=\"@24gliwice\" \/>\n<meta name=\"twitter:label1\" content=\"Napisane przez\" \/>\n\t<meta name=\"twitter:data1\" content=\"\u017baneta Mrozek-Siewierska\" \/>\n\t<meta name=\"twitter:label2\" content=\"Szacowany czas czytania\" \/>\n\t<meta name=\"twitter:data2\" content=\"2 minuty\" \/>\n<script type=\"application\/ld+json\" class=\"yoast-schema-graph\">{\"@context\":\"https:\\\/\\\/schema.org\",\"@graph\":[{\"@type\":\"Article\",\"@id\":\"https:\\\/\\\/www.24gliwice.pl\\\/wiadomosci\\\/koszty-miejskiego-ogrzewania-od-pazdziernika-w-gore-pec-musi-dbac-o-rownowage-finansowa-spolki\\\/#article\",\"isPartOf\":{\"@id\":\"https:\\\/\\\/www.24gliwice.pl\\\/wiadomosci\\\/koszty-miejskiego-ogrzewania-od-pazdziernika-w-gore-pec-musi-dbac-o-rownowage-finansowa-spolki\\\/\"},\"author\":{\"name\":\"\u017baneta Mrozek-Siewierska\",\"@id\":\"https:\\\/\\\/www.24gliwice.pl\\\/wiadomosci\\\/#\\\/schema\\\/person\\\/e42c650edd7f2fa332be3811fb166b6e\"},\"headline\":\"Koszty miejskiego ogrzewania od pa\u017adziernika w g\u00f3r\u0119. &#8220;PEC musi dba\u0107 o r\u00f3wnowag\u0119 finansow\u0105 sp\u00f3\u0142ki&#8221;\",\"datePublished\":\"2018-10-01T00:18:23+00:00\",\"mainEntityOfPage\":{\"@id\":\"https:\\\/\\\/www.24gliwice.pl\\\/wiadomosci\\\/koszty-miejskiego-ogrzewania-od-pazdziernika-w-gore-pec-musi-dbac-o-rownowage-finansowa-spolki\\\/\"},\"wordCount\":372,\"commentCount\":0,\"publisher\":{\"@id\":\"https:\\\/\\\/www.24gliwice.pl\\\/wiadomosci\\\/#organization\"},\"image\":{\"@id\":\"https:\\\/\\\/www.24gliwice.pl\\\/wiadomosci\\\/koszty-miejskiego-ogrzewania-od-pazdziernika-w-gore-pec-musi-dbac-o-rownowage-finansowa-spolki\\\/#primaryimage\"},\"thumbnailUrl\":\"https:\\\/\\\/www.24gliwice.pl\\\/wiadomosci\\\/wp-content\\\/uploads\\\/2016\\\/10\\\/pec.jpg\",\"keywords\":[\"ciep\u0142o\",\"ciep\u0142o systemowe\",\"jesie\u0144\",\"miejskie ogrzewanie\",\"OGRZEWANIE\",\"pec\",\"taryfa\",\"zima\"],\"articleSection\":[\"Gliwice\",\"Najnowsze wiadomo\u015bci\",\"Portal Gliwice - Wiadomo\u015bci lokalne\"],\"inLanguage\":\"pl-PL\",\"potentialAction\":[{\"@type\":\"CommentAction\",\"name\":\"Comment\",\"target\":[\"https:\\\/\\\/www.24gliwice.pl\\\/wiadomosci\\\/koszty-miejskiego-ogrzewania-od-pazdziernika-w-gore-pec-musi-dbac-o-rownowage-finansowa-spolki\\\/#respond\"]}]},{\"@type\":\"WebPage\",\"@id\":\"https:\\\/\\\/www.24gliwice.pl\\\/wiadomosci\\\/koszty-miejskiego-ogrzewania-od-pazdziernika-w-gore-pec-musi-dbac-o-rownowage-finansowa-spolki\\\/\",\"url\":\"https:\\\/\\\/www.24gliwice.pl\\\/wiadomosci\\\/koszty-miejskiego-ogrzewania-od-pazdziernika-w-gore-pec-musi-dbac-o-rownowage-finansowa-spolki\\\/\",\"name\":\"Koszty miejskiego ogrzewania od pa\u017adziernika w g\u00f3r\u0119. \\\"PEC musi dba\u0107 o r\u00f3wnowag\u0119 finansow\u0105 sp\u00f3\u0142ki\\\" - 24GLIWICE - Portal Gliwice | codziennie nowe informacje\",\"isPartOf\":{\"@id\":\"https:\\\/\\\/www.24gliwice.pl\\\/wiadomosci\\\/#website\"},\"primaryImageOfPage\":{\"@id\":\"https:\\\/\\\/www.24gliwice.pl\\\/wiadomosci\\\/koszty-miejskiego-ogrzewania-od-pazdziernika-w-gore-pec-musi-dbac-o-rownowage-finansowa-spolki\\\/#primaryimage\"},\"image\":{\"@id\":\"https:\\\/\\\/www.24gliwice.pl\\\/wiadomosci\\\/koszty-miejskiego-ogrzewania-od-pazdziernika-w-gore-pec-musi-dbac-o-rownowage-finansowa-spolki\\\/#primaryimage\"},\"thumbnailUrl\":\"https:\\\/\\\/www.24gliwice.pl\\\/wiadomosci\\\/wp-content\\\/uploads\\\/2016\\\/10\\\/pec.jpg\",\"datePublished\":\"2018-10-01T00:18:23+00:00\",\"breadcrumb\":{\"@id\":\"https:\\\/\\\/www.24gliwice.pl\\\/wiadomosci\\\/koszty-miejskiego-ogrzewania-od-pazdziernika-w-gore-pec-musi-dbac-o-rownowage-finansowa-spolki\\\/#breadcrumb\"},\"inLanguage\":\"pl-PL\",\"potentialAction\":[{\"@type\":\"ReadAction\",\"target\":[\"https:\\\/\\\/www.24gliwice.pl\\\/wiadomosci\\\/koszty-miejskiego-ogrzewania-od-pazdziernika-w-gore-pec-musi-dbac-o-rownowage-finansowa-spolki\\\/\"]}]},{\"@type\":\"ImageObject\",\"inLanguage\":\"pl-PL\",\"@id\":\"https:\\\/\\\/www.24gliwice.pl\\\/wiadomosci\\\/koszty-miejskiego-ogrzewania-od-pazdziernika-w-gore-pec-musi-dbac-o-rownowage-finansowa-spolki\\\/#primaryimage\",\"url\":\"https:\\\/\\\/www.24gliwice.pl\\\/wiadomosci\\\/wp-content\\\/uploads\\\/2016\\\/10\\\/pec.jpg\",\"contentUrl\":\"https:\\\/\\\/www.24gliwice.pl\\\/wiadomosci\\\/wp-content\\\/uploads\\\/2016\\\/10\\\/pec.jpg\",\"width\":800,\"height\":449},{\"@type\":\"BreadcrumbList\",\"@id\":\"https:\\\/\\\/www.24gliwice.pl\\\/wiadomosci\\\/koszty-miejskiego-ogrzewania-od-pazdziernika-w-gore-pec-musi-dbac-o-rownowage-finansowa-spolki\\\/#breadcrumb\",\"itemListElement\":[{\"@type\":\"ListItem\",\"position\":1,\"name\":\"Strona g\u0142\u00f3wna\",\"item\":\"https:\\\/\\\/www.24gliwice.pl\\\/wiadomosci\\\/\"},{\"@type\":\"ListItem\",\"position\":2,\"name\":\"Koszty miejskiego ogrzewania od pa\u017adziernika w g\u00f3r\u0119. &#8222;PEC musi dba\u0107 o r\u00f3wnowag\u0119 finansow\u0105 sp\u00f3\u0142ki&#8221;\"}]},{\"@type\":\"WebSite\",\"@id\":\"https:\\\/\\\/www.24gliwice.pl\\\/wiadomosci\\\/#website\",\"url\":\"https:\\\/\\\/www.24gliwice.pl\\\/wiadomosci\\\/\",\"name\":\"24GLIWICE - Portal Gliwice | codziennie nowe wiadomo\u015bci\",\"description\":\"Portal Miejski Gliwice\",\"publisher\":{\"@id\":\"https:\\\/\\\/www.24gliwice.pl\\\/wiadomosci\\\/#organization\"},\"potentialAction\":[{\"@type\":\"SearchAction\",\"target\":{\"@type\":\"EntryPoint\",\"urlTemplate\":\"https:\\\/\\\/www.24gliwice.pl\\\/wiadomosci\\\/?s={search_term_string}\"},\"query-input\":{\"@type\":\"PropertyValueSpecification\",\"valueRequired\":true,\"valueName\":\"search_term_string\"}}],\"inLanguage\":\"pl-PL\"},{\"@type\":\"Organization\",\"@id\":\"https:\\\/\\\/www.24gliwice.pl\\\/wiadomosci\\\/#organization\",\"name\":\"24gliwice\",\"url\":\"https:\\\/\\\/www.24gliwice.pl\\\/wiadomosci\\\/\",\"logo\":{\"@type\":\"ImageObject\",\"inLanguage\":\"pl-PL\",\"@id\":\"https:\\\/\\\/www.24gliwice.pl\\\/wiadomosci\\\/#\\\/schema\\\/logo\\\/image\\\/\",\"url\":\"https:\\\/\\\/www.24gliwice.pl\\\/wiadomosci\\\/wp-content\\\/uploads\\\/2024\\\/10\\\/24gliwice-logo-696.jpg\",\"contentUrl\":\"https:\\\/\\\/www.24gliwice.pl\\\/wiadomosci\\\/wp-content\\\/uploads\\\/2024\\\/10\\\/24gliwice-logo-696.jpg\",\"width\":696,\"height\":696,\"caption\":\"24gliwice\"},\"image\":{\"@id\":\"https:\\\/\\\/www.24gliwice.pl\\\/wiadomosci\\\/#\\\/schema\\\/logo\\\/image\\\/\"},\"sameAs\":[\"https:\\\/\\\/www.facebook.com\\\/24gliwice\",\"https:\\\/\\\/x.com\\\/24gliwice\",\"https:\\\/\\\/www.youtube.com\\\/@24gliwice\"]},{\"@type\":\"Person\",\"@id\":\"https:\\\/\\\/www.24gliwice.pl\\\/wiadomosci\\\/#\\\/schema\\\/person\\\/e42c650edd7f2fa332be3811fb166b6e\",\"name\":\"\u017baneta Mrozek-Siewierska\",\"image\":{\"@type\":\"ImageObject\",\"inLanguage\":\"pl-PL\",\"@id\":\"https:\\\/\\\/secure.gravatar.com\\\/avatar\\\/1881429e9c64597c77ad7aef2d0a19be69a3253e57534d16aa15bf3a4d34a0a3?s=96&d=mm&r=g\",\"url\":\"https:\\\/\\\/secure.gravatar.com\\\/avatar\\\/1881429e9c64597c77ad7aef2d0a19be69a3253e57534d16aa15bf3a4d34a0a3?s=96&d=mm&r=g\",\"contentUrl\":\"https:\\\/\\\/secure.gravatar.com\\\/avatar\\\/1881429e9c64597c77ad7aef2d0a19be69a3253e57534d16aa15bf3a4d34a0a3?s=96&d=mm&r=g\",\"caption\":\"\u017baneta Mrozek-Siewierska\"},\"url\":\"https:\\\/\\\/www.24gliwice.pl\\\/wiadomosci\\\/author\\\/zms\\\/\"}]}<\/script>\n<!-- \/ Yoast SEO plugin. -->","yoast_head_json":{"title":"Koszty miejskiego ogrzewania od pa\u017adziernika w g\u00f3r\u0119. \"PEC musi dba\u0107 o r\u00f3wnowag\u0119 finansow\u0105 sp\u00f3\u0142ki\" - 24GLIWICE - Portal Gliwice | codziennie nowe informacje","robots":{"index":"index","follow":"follow","max-snippet":"max-snippet:-1","max-image-preview":"max-image-preview:large","max-video-preview":"max-video-preview:-1"},"canonical":"https:\/\/www.24gliwice.pl\/wiadomosci\/koszty-miejskiego-ogrzewania-od-pazdziernika-w-gore-pec-musi-dbac-o-rownowage-finansowa-spolki\/","og_locale":"pl_PL","og_type":"article","og_title":"Koszty miejskiego ogrzewania od pa\u017adziernika w g\u00f3r\u0119. \"PEC musi dba\u0107 o r\u00f3wnowag\u0119 finansow\u0105 sp\u00f3\u0142ki\" - 24GLIWICE - Portal Gliwice | codziennie nowe informacje","og_description":"Od 1 pa\u017adziernika obowi\u0105zuje nowa taryfa cenowa za ciep\u0142o dostarczane przez PEC. Miejska sp\u00f3\u0142ka poinformowa\u0142a o tym na pocz\u0105tku wrze\u015bnia. Przedsi\u0119biorstwo Energetyki Cieplnej &#8211; Gliwice Sp. z o.o. przekaza\u0142o za po\u015brednictwem swojej strony internetowej, \u017ce z dniem 01 pa\u017adziernika wprowadza do stosowania zmienion\u0105 taryf\u0119 dla ciep\u0142a zatwierdzon\u0105 decyzj\u0105 Prezesa Urz\u0119du Regulacji Energetyki. [perfectpullquote align=&#8221;full&#8221; bordertop=&#8221;false&#8221; [&hellip;]","og_url":"https:\/\/www.24gliwice.pl\/wiadomosci\/koszty-miejskiego-ogrzewania-od-pazdziernika-w-gore-pec-musi-dbac-o-rownowage-finansowa-spolki\/","og_site_name":"24GLIWICE - Portal Gliwice | codziennie nowe informacje","article_publisher":"https:\/\/www.facebook.com\/24gliwice","article_published_time":"2018-10-01T00:18:23+00:00","og_image":[{"width":800,"height":449,"url":"https:\/\/www.24gliwice.pl\/wiadomosci\/wp-content\/uploads\/2016\/10\/pec.jpg","type":"image\/jpeg"}],"author":"\u017baneta Mrozek-Siewierska","twitter_card":"summary_large_image","twitter_creator":"@24gliwice","twitter_site":"@24gliwice","twitter_misc":{"Napisane przez":"\u017baneta Mrozek-Siewierska","Szacowany czas czytania":"2 minuty"},"schema":{"@context":"https:\/\/schema.org","@graph":[{"@type":"Article","@id":"https:\/\/www.24gliwice.pl\/wiadomosci\/koszty-miejskiego-ogrzewania-od-pazdziernika-w-gore-pec-musi-dbac-o-rownowage-finansowa-spolki\/#article","isPartOf":{"@id":"https:\/\/www.24gliwice.pl\/wiadomosci\/koszty-miejskiego-ogrzewania-od-pazdziernika-w-gore-pec-musi-dbac-o-rownowage-finansowa-spolki\/"},"author":{"name":"\u017baneta Mrozek-Siewierska","@id":"https:\/\/www.24gliwice.pl\/wiadomosci\/#\/schema\/person\/e42c650edd7f2fa332be3811fb166b6e"},"headline":"Koszty miejskiego ogrzewania od pa\u017adziernika w g\u00f3r\u0119. &#8220;PEC musi dba\u0107 o r\u00f3wnowag\u0119 finansow\u0105 sp\u00f3\u0142ki&#8221;","datePublished":"2018-10-01T00:18:23+00:00","mainEntityOfPage":{"@id":"https:\/\/www.24gliwice.pl\/wiadomosci\/koszty-miejskiego-ogrzewania-od-pazdziernika-w-gore-pec-musi-dbac-o-rownowage-finansowa-spolki\/"},"wordCount":372,"commentCount":0,"publisher":{"@id":"https:\/\/www.24gliwice.pl\/wiadomosci\/#organization"},"image":{"@id":"https:\/\/www.24gliwice.pl\/wiadomosci\/koszty-miejskiego-ogrzewania-od-pazdziernika-w-gore-pec-musi-dbac-o-rownowage-finansowa-spolki\/#primaryimage"},"thumbnailUrl":"https:\/\/www.24gliwice.pl\/wiadomosci\/wp-content\/uploads\/2016\/10\/pec.jpg","keywords":["ciep\u0142o","ciep\u0142o systemowe","jesie\u0144","miejskie ogrzewanie","OGRZEWANIE","pec","taryfa","zima"],"articleSection":["Gliwice","Najnowsze wiadomo\u015bci","Portal Gliwice - Wiadomo\u015bci lokalne"],"inLanguage":"pl-PL","potentialAction":[{"@type":"CommentAction","name":"Comment","target":["https:\/\/www.24gliwice.pl\/wiadomosci\/koszty-miejskiego-ogrzewania-od-pazdziernika-w-gore-pec-musi-dbac-o-rownowage-finansowa-spolki\/#respond"]}]},{"@type":"WebPage","@id":"https:\/\/www.24gliwice.pl\/wiadomosci\/koszty-miejskiego-ogrzewania-od-pazdziernika-w-gore-pec-musi-dbac-o-rownowage-finansowa-spolki\/","url":"https:\/\/www.24gliwice.pl\/wiadomosci\/koszty-miejskiego-ogrzewania-od-pazdziernika-w-gore-pec-musi-dbac-o-rownowage-finansowa-spolki\/","name":"Koszty miejskiego ogrzewania od pa\u017adziernika w g\u00f3r\u0119. \"PEC musi dba\u0107 o r\u00f3wnowag\u0119 finansow\u0105 sp\u00f3\u0142ki\" - 24GLIWICE - Portal Gliwice | codziennie nowe informacje","isPartOf":{"@id":"https:\/\/www.24gliwice.pl\/wiadomosci\/#website"},"primaryImageOfPage":{"@id":"https:\/\/www.24gliwice.pl\/wiadomosci\/koszty-miejskiego-ogrzewania-od-pazdziernika-w-gore-pec-musi-dbac-o-rownowage-finansowa-spolki\/#primaryimage"},"image":{"@id":"https:\/\/www.24gliwice.pl\/wiadomosci\/koszty-miejskiego-ogrzewania-od-pazdziernika-w-gore-pec-musi-dbac-o-rownowage-finansowa-spolki\/#primaryimage"},"thumbnailUrl":"https:\/\/www.24gliwice.pl\/wiadomosci\/wp-content\/uploads\/2016\/10\/pec.jpg","datePublished":"2018-10-01T00:18:23+00:00","breadcrumb":{"@id":"https:\/\/www.24gliwice.pl\/wiadomosci\/koszty-miejskiego-ogrzewania-od-pazdziernika-w-gore-pec-musi-dbac-o-rownowage-finansowa-spolki\/#breadcrumb"},"inLanguage":"pl-PL","potentialAction":[{"@type":"ReadAction","target":["https:\/\/www.24gliwice.pl\/wiadomosci\/koszty-miejskiego-ogrzewania-od-pazdziernika-w-gore-pec-musi-dbac-o-rownowage-finansowa-spolki\/"]}]},{"@type":"ImageObject","inLanguage":"pl-PL","@id":"https:\/\/www.24gliwice.pl\/wiadomosci\/koszty-miejskiego-ogrzewania-od-pazdziernika-w-gore-pec-musi-dbac-o-rownowage-finansowa-spolki\/#primaryimage","url":"https:\/\/www.24gliwice.pl\/wiadomosci\/wp-content\/uploads\/2016\/10\/pec.jpg","contentUrl":"https:\/\/www.24gliwice.pl\/wiadomosci\/wp-content\/uploads\/2016\/10\/pec.jpg","width":800,"height":449},{"@type":"BreadcrumbList","@id":"https:\/\/www.24gliwice.pl\/wiadomosci\/koszty-miejskiego-ogrzewania-od-pazdziernika-w-gore-pec-musi-dbac-o-rownowage-finansowa-spolki\/#breadcrumb","itemListElement":[{"@type":"ListItem","position":1,"name":"Strona g\u0142\u00f3wna","item":"https:\/\/www.24gliwice.pl\/wiadomosci\/"},{"@type":"ListItem","position":2,"name":"Koszty miejskiego ogrzewania od pa\u017adziernika w g\u00f3r\u0119. &#8222;PEC musi dba\u0107 o r\u00f3wnowag\u0119 finansow\u0105 sp\u00f3\u0142ki&#8221;"}]},{"@type":"WebSite","@id":"https:\/\/www.24gliwice.pl\/wiadomosci\/#website","url":"https:\/\/www.24gliwice.pl\/wiadomosci\/","name":"24GLIWICE - Portal Gliwice | codziennie nowe wiadomo\u015bci","description":"Portal Miejski Gliwice","publisher":{"@id":"https:\/\/www.24gliwice.pl\/wiadomosci\/#organization"},"potentialAction":[{"@type":"SearchAction","target":{"@type":"EntryPoint","urlTemplate":"https:\/\/www.24gliwice.pl\/wiadomosci\/?s={search_term_string}"},"query-input":{"@type":"PropertyValueSpecification","valueRequired":true,"valueName":"search_term_string"}}],"inLanguage":"pl-PL"},{"@type":"Organization","@id":"https:\/\/www.24gliwice.pl\/wiadomosci\/#organization","name":"24gliwice","url":"https:\/\/www.24gliwice.pl\/wiadomosci\/","logo":{"@type":"ImageObject","inLanguage":"pl-PL","@id":"https:\/\/www.24gliwice.pl\/wiadomosci\/#\/schema\/logo\/image\/","url":"https:\/\/www.24gliwice.pl\/wiadomosci\/wp-content\/uploads\/2024\/10\/24gliwice-logo-696.jpg","contentUrl":"https:\/\/www.24gliwice.pl\/wiadomosci\/wp-content\/uploads\/2024\/10\/24gliwice-logo-696.jpg","width":696,"height":696,"caption":"24gliwice"},"image":{"@id":"https:\/\/www.24gliwice.pl\/wiadomosci\/#\/schema\/logo\/image\/"},"sameAs":["https:\/\/www.facebook.com\/24gliwice","https:\/\/x.com\/24gliwice","https:\/\/www.youtube.com\/@24gliwice"]},{"@type":"Person","@id":"https:\/\/www.24gliwice.pl\/wiadomosci\/#\/schema\/person\/e42c650edd7f2fa332be3811fb166b6e","name":"\u017baneta Mrozek-Siewierska","image":{"@type":"ImageObject","inLanguage":"pl-PL","@id":"https:\/\/secure.gravatar.com\/avatar\/1881429e9c64597c77ad7aef2d0a19be69a3253e57534d16aa15bf3a4d34a0a3?s=96&d=mm&r=g","url":"https:\/\/secure.gravatar.com\/avatar\/1881429e9c64597c77ad7aef2d0a19be69a3253e57534d16aa15bf3a4d34a0a3?s=96&d=mm&r=g","contentUrl":"https:\/\/secure.gravatar.com\/avatar\/1881429e9c64597c77ad7aef2d0a19be69a3253e57534d16aa15bf3a4d34a0a3?s=96&d=mm&r=g","caption":"\u017baneta Mrozek-Siewierska"},"url":"https:\/\/www.24gliwice.pl\/wiadomosci\/author\/zms\/"}]}},"_links":{"self":[{"href":"https:\/\/www.24gliwice.pl\/wiadomosci\/wp-json\/wp\/v2\/posts\/123421","targetHints":{"allow":["GET"]}}],"collection":[{"href":"https:\/\/www.24gliwice.pl\/wiadomosci\/wp-json\/wp\/v2\/posts"}],"about":[{"href":"https:\/\/www.24gliwice.pl\/wiadomosci\/wp-json\/wp\/v2\/types\/post"}],"author":[{"embeddable":true,"href":"https:\/\/www.24gliwice.pl\/wiadomosci\/wp-json\/wp\/v2\/users\/15"}],"replies":[{"embeddable":true,"href":"https:\/\/www.24gliwice.pl\/wiadomosci\/wp-json\/wp\/v2\/comments?post=123421"}],"version-history":[{"count":0,"href":"https:\/\/www.24gliwice.pl\/wiadomosci\/wp-json\/wp\/v2\/posts\/123421\/revisions"}],"wp:featuredmedia":[{"embeddable":true,"href":"https:\/\/www.24gliwice.pl\/wiadomosci\/wp-json\/wp\/v2\/media\/89509"}],"wp:attachment":[{"href":"https:\/\/www.24gliwice.pl\/wiadomosci\/wp-json\/wp\/v2\/media?parent=123421"}],"wp:term":[{"taxonomy":"category","embeddable":true,"href":"https:\/\/www.24gliwice.pl\/wiadomosci\/wp-json\/wp\/v2\/categories?post=123421"},{"taxonomy":"post_tag","embeddable":true,"href":"https:\/\/www.24gliwice.pl\/wiadomosci\/wp-json\/wp\/v2\/tags?post=123421"}],"curies":[{"name":"wp","href":"https:\/\/api.w.org\/{rel}","templated":true}]}}