{"id":123585,"date":"2018-10-03T14:55:17","date_gmt":"2018-10-03T12:55:17","guid":{"rendered":"https:\/\/www.24gliwice.pl\/wiadomosci\/?p=123585"},"modified":"2018-10-03T15:13:56","modified_gmt":"2018-10-03T13:13:56","slug":"po-lawkach-przyszedl-czas-barierki-z-placu-piastow-usunieto-obskurne-ogrodzenie-trawnika","status":"publish","type":"post","link":"https:\/\/www.24gliwice.pl\/wiadomosci\/po-lawkach-przyszedl-czas-barierki-z-placu-piastow-usunieto-obskurne-ogrodzenie-trawnika\/","title":{"rendered":"Po \u0142awkach przyszed\u0142 czas na barierki. Z Placu Piast\u00f3w znikn\u0119\u0142o obskurne ogrodzenie trawnika"},"content":{"rendered":"<div class=\"gliwi-a6-nad-leadem-artykulow gliwi-entity-placement\" id=\"gliwi-3563500315\"><div class=\"gliwi-adlabel\"><span style=\"font-size: 9px\">REKLAMA<\/span><\/div><div id=\"gliwi-3969193857\" style=\"margin-bottom: 30px;margin-left: auto;margin-right: auto;text-align: center;\"><a data-no-instant=\"1\" href=\"https:\/\/przedszkole.halogen.org.pl\/\" rel=\"noopener\" class=\"a2t-link\" target=\"_blank\" aria-label=\"20260402-ANIMATOR-przedszkole_grafika_750x200\"><img loading=\"lazy\" decoding=\"async\" src=\"https:\/\/www.24gliwice.pl\/wiadomosci\/wp-content\/uploads\/2026\/04\/20260402-ANIMATOR-przedszkole_grafika_750x200.webp\" alt=\"\"  srcset=\"https:\/\/www.24gliwice.pl\/wiadomosci\/wp-content\/uploads\/2026\/04\/20260402-ANIMATOR-przedszkole_grafika_750x200.webp 750w, https:\/\/www.24gliwice.pl\/wiadomosci\/wp-content\/uploads\/2026\/04\/20260402-ANIMATOR-przedszkole_grafika_750x200-410x109.webp 410w\" sizes=\"(max-width: 750px) 100vw, 750px\" class=\"no-lazyload\" width=\"750\" height=\"200\"  style=\"display: inline-block; max-width: 100%; height: auto;\" \/><\/a><\/div><\/div><h3>Na Placu Piast\u00f3w nie ma ju\u017c obskurnych barierek okalaj\u0105cych zieleniec. To kolejny, sta\u0142y element znikaj\u0105cy z tego miejsca. <\/h3>\n<p>W sierpniu <a href=\"https:\/\/www.24gliwice.pl\/wiadomosci\/z-placu-piastow-zniknely-lawki\/\">informowali\u015bmy o likwidacji \u0142awek<\/a>, kt\u00f3re usuni\u0119to na wniosek stra\u017cy miejskiej, bo s\u0142u\u017cy\u0142y g\u0142\u00f3wnie jako punkt alkoholowych biesiad &#8220;pod chmurk\u0105&#8221;.<\/p>\n<blockquote><p>Barierki na skwerze w obr\u0119bie pl. Piast\u00f3w zosta\u0142y usuni\u0119te na zlecenie Wydzia\u0142u Przedsi\u0119wzi\u0119\u0107 Gospodarczych i Us\u0142ug Komunalnych na wniosek Zarz\u0105du Dr\u00f3g Miejskich<\/p><\/blockquote>\n<p> &#8211; m\u00f3wi <strong> Mariola Pendzia\u0142ek<\/strong>, naczelnik w\/w Wydzia\u0142u.<\/p><div class=\"gliwi-a3-w-tresci-artykulow gliwi-entity-placement\" id=\"gliwi-283186631\"><div class=\"gliwi-adlabel\"><span style=\"font-size: 9px\">REKLAMA<\/span><\/div><div id=\"gliwi-1857182142\" style=\"margin-bottom: 30px;margin-left: auto;margin-right: auto;text-align: center;\"><a data-no-instant=\"1\" href=\"https:\/\/zlobek.halogen.org.pl\/\" rel=\"noopener\" class=\"a2t-link\" target=\"_blank\" aria-label=\"animator-zlobek_750x200\"><img loading=\"lazy\" decoding=\"async\" src=\"https:\/\/www.24gliwice.pl\/wiadomosci\/wp-content\/uploads\/2026\/02\/animator-zlobek_750x200.webp\" alt=\"\"  srcset=\"https:\/\/www.24gliwice.pl\/wiadomosci\/wp-content\/uploads\/2026\/02\/animator-zlobek_750x200.webp 750w, https:\/\/www.24gliwice.pl\/wiadomosci\/wp-content\/uploads\/2026\/02\/animator-zlobek_750x200-410x109.webp 410w\" sizes=\"(max-width: 750px) 100vw, 750px\" class=\"no-lazyload\" width=\"750\" height=\"200\"  style=\"display: inline-block; max-width: 100%; height: auto;\" \/><\/a><\/div><\/div>\n<p>Likwidacji barierek, kt\u00f3re by\u0142y w\u0105tpliw\u0105 ozdob\u0105 i tak zaniedbanego placu domaga\u0142 si\u0119 radny <strong>Jan Paj\u0105k<\/strong>. Jak przekazuje naczelniczka, ZDM podj\u0105\u0142 decyzj\u0119 o ich usuni\u0119ciu na podstawie wielokrotnie sk\u0142adanych wniosk\u00f3w radnego.<\/p>\n<p>To najprawdopodobniej jedna z ostatnich interwencji radnego w ramach pe\u0142nionego mandatu. <a href=\"https:\/\/www.24gliwice.pl\/wiadomosci\/trzesienie-ziemi-na-listach-wyborczych-w-gliwicach-kilku-znanych-radnych-nie-wystartuje\/\" rel=\"noopener\" target=\"_blank\">Na listach wyborczych Koalicji dla Gliwic Zygmunta Frankiewicza,<\/a> z kt\u00f3rych dotychczas z powodzeniem ubiega\u0142 si\u0119 o mandat, zabrak\u0142o dla niego miejsca. <\/p>\n<p>(\u017cms)<\/p>\n<p> <img loading=\"lazy\" decoding=\"async\" src=\"https:\/\/www.24gliwice.pl\/wiadomosci\/wp-content\/uploads\/2018\/10\/plac-piast\u00f3w-bez-barier.jpg\" alt=\"\" width=\"1385\" height=\"780\" class=\"alignnone size-full wp-image-123594\" srcset=\"https:\/\/www.24gliwice.pl\/wiadomosci\/wp-content\/uploads\/2018\/10\/plac-piast\u00f3w-bez-barier.jpg 1385w, https:\/\/www.24gliwice.pl\/wiadomosci\/wp-content\/uploads\/2018\/10\/plac-piast\u00f3w-bez-barier-410x232.jpg 410w, https:\/\/www.24gliwice.pl\/wiadomosci\/wp-content\/uploads\/2018\/10\/plac-piast\u00f3w-bez-barier-768x433.jpg 768w, https:\/\/www.24gliwice.pl\/wiadomosci\/wp-content\/uploads\/2018\/10\/plac-piast\u00f3w-bez-barier-808x455.jpg 808w, https:\/\/www.24gliwice.pl\/wiadomosci\/wp-content\/uploads\/2018\/10\/plac-piast\u00f3w-bez-barier-810x456.jpg 810w, https:\/\/www.24gliwice.pl\/wiadomosci\/wp-content\/uploads\/2018\/10\/plac-piast\u00f3w-bez-barier-1140x642.jpg 1140w\" sizes=\"auto, (max-width: 1385px) 100vw, 1385px\" \/><\/p>\n<div class=\"gliwi-a5-na-koncu-artykulow gliwi-entity-placement\" id=\"gliwi-1076040370\"><div class=\"gliwi-adlabel\"><span style=\"font-size: 9px\">REKLAMA<\/span><\/div><div id=\"gliwi-281311016\" style=\"margin-left: auto;margin-right: auto;text-align: center;\"><a data-no-instant=\"1\" href=\"https:\/\/prezeroarenagliwice.pl\/\" rel=\"noopener\" class=\"a2t-link\" target=\"_blank\" aria-label=\"20260309-PREZERO-WIOSNA-D\"><img loading=\"lazy\" decoding=\"async\" src=\"https:\/\/www.24gliwice.pl\/wiadomosci\/wp-content\/uploads\/2026\/03\/20260309-PREZERO-WIOSNA-D.webp\" alt=\"\"  srcset=\"https:\/\/www.24gliwice.pl\/wiadomosci\/wp-content\/uploads\/2026\/03\/20260309-PREZERO-WIOSNA-D.webp 750w, https:\/\/www.24gliwice.pl\/wiadomosci\/wp-content\/uploads\/2026\/03\/20260309-PREZERO-WIOSNA-D-410x109.webp 410w\" sizes=\"(max-width: 750px) 100vw, 750px\" class=\"no-lazyload\" width=\"750\" height=\"200\"  style=\"display: inline-block; max-width: 100%; height: auto;\" \/><\/a><\/div><\/div>","protected":false},"excerpt":{"rendered":"<p>Na Placu Piast\u00f3w nie ma ju\u017c obskurnych barierek okalaj\u0105cych zieleniec. To kolejny, sta\u0142y element znikaj\u0105cy z tego miejsca. W sierpniu informowali\u015bmy o likwidacji \u0142awek, kt\u00f3re usuni\u0119to na wniosek stra\u017cy miejskiej, bo s\u0142u\u017cy\u0142y g\u0142\u00f3wnie jako punkt alkoholowych biesiad &#8220;pod chmurk\u0105&#8221;. Barierki na skwerze w obr\u0119bie pl. Piast\u00f3w zosta\u0142y usuni\u0119te na zlecenie Wydzia\u0142u Przedsi\u0119wzi\u0119\u0107 Gospodarczych i Us\u0142ug [&hellip;]<\/p>\n","protected":false},"author":15,"featured_media":121667,"comment_status":"open","ping_status":"closed","sticky":false,"template":"","format":"standard","meta":{"_monsterinsights_skip_tracking":false,"_monsterinsights_sitenote_active":false,"_monsterinsights_sitenote_note":"","_monsterinsights_sitenote_category":0,"footnotes":"","_links_to":"","_links_to_target":""},"categories":[3,1],"tags":[13501,5649,689,257,6814,38,9542,27,8383,5624,1706,214],"class_list":["post-123585","post","type-post","status-publish","format-standard","has-post-thumbnail","hentry","category-gliwice","category-wszystko","tag-barierki","tag-jan-pajak","tag-miejski-zarzad-uslug-komunalnych","tag-mzuk","tag-plac-piastow","tag-rada-miasta","tag-radny","tag-wybory","tag-wybory-2018","tag-wybory-samorzadowe","tag-zarzad-drog-miejskich","tag-zdm"],"yoast_head":"<!-- This site is optimized with the Yoast SEO plugin v27.5 - https:\/\/yoast.com\/product\/yoast-seo-wordpress\/ -->\n<title>Po \u0142awkach przyszed\u0142 czas na barierki. Z Placu Piast\u00f3w znikn\u0119\u0142o obskurne ogrodzenie trawnika - 24GLIWICE - Portal Gliwice | codziennie nowe informacje<\/title>\n<meta name=\"robots\" content=\"index, follow, max-snippet:-1, max-image-preview:large, max-video-preview:-1\" \/>\n<link rel=\"canonical\" href=\"https:\/\/www.24gliwice.pl\/wiadomosci\/po-lawkach-przyszedl-czas-barierki-z-placu-piastow-usunieto-obskurne-ogrodzenie-trawnika\/\" \/>\n<meta property=\"og:locale\" content=\"pl_PL\" \/>\n<meta property=\"og:type\" content=\"article\" \/>\n<meta property=\"og:title\" content=\"Po \u0142awkach przyszed\u0142 czas na barierki. Z Placu Piast\u00f3w znikn\u0119\u0142o obskurne ogrodzenie trawnika - 24GLIWICE - Portal Gliwice | codziennie nowe informacje\" \/>\n<meta property=\"og:description\" content=\"Na Placu Piast\u00f3w nie ma ju\u017c obskurnych barierek okalaj\u0105cych zieleniec. To kolejny, sta\u0142y element znikaj\u0105cy z tego miejsca. W sierpniu informowali\u015bmy o likwidacji \u0142awek, kt\u00f3re usuni\u0119to na wniosek stra\u017cy miejskiej, bo s\u0142u\u017cy\u0142y g\u0142\u00f3wnie jako punkt alkoholowych biesiad &#8220;pod chmurk\u0105&#8221;. Barierki na skwerze w obr\u0119bie pl. Piast\u00f3w zosta\u0142y usuni\u0119te na zlecenie Wydzia\u0142u Przedsi\u0119wzi\u0119\u0107 Gospodarczych i Us\u0142ug [&hellip;]\" \/>\n<meta property=\"og:url\" content=\"https:\/\/www.24gliwice.pl\/wiadomosci\/po-lawkach-przyszedl-czas-barierki-z-placu-piastow-usunieto-obskurne-ogrodzenie-trawnika\/\" \/>\n<meta property=\"og:site_name\" content=\"24GLIWICE - Portal Gliwice | codziennie nowe informacje\" \/>\n<meta property=\"article:publisher\" content=\"https:\/\/www.facebook.com\/24gliwice\" \/>\n<meta property=\"article:published_time\" content=\"2018-10-03T12:55:17+00:00\" \/>\n<meta property=\"article:modified_time\" content=\"2018-10-03T13:13:56+00:00\" \/>\n<meta property=\"og:image\" content=\"https:\/\/www.24gliwice.pl\/wiadomosci\/wp-content\/uploads\/2018\/08\/\u0142awka-plac-piast\u00f3w-3.jpg\" \/>\n\t<meta property=\"og:image:width\" content=\"1385\" \/>\n\t<meta property=\"og:image:height\" content=\"779\" \/>\n\t<meta property=\"og:image:type\" content=\"image\/jpeg\" \/>\n<meta name=\"author\" content=\"\u017baneta Mrozek-Siewierska\" \/>\n<meta name=\"twitter:card\" content=\"summary_large_image\" \/>\n<meta name=\"twitter:creator\" content=\"@24gliwice\" \/>\n<meta name=\"twitter:site\" content=\"@24gliwice\" \/>\n<meta name=\"twitter:label1\" content=\"Napisane przez\" \/>\n\t<meta name=\"twitter:data1\" content=\"\u017baneta Mrozek-Siewierska\" \/>\n\t<meta name=\"twitter:label2\" content=\"Szacowany czas czytania\" \/>\n\t<meta name=\"twitter:data2\" content=\"1 minuta\" \/>\n<script type=\"application\/ld+json\" class=\"yoast-schema-graph\">{\"@context\":\"https:\\\/\\\/schema.org\",\"@graph\":[{\"@type\":\"Article\",\"@id\":\"https:\\\/\\\/www.24gliwice.pl\\\/wiadomosci\\\/po-lawkach-przyszedl-czas-barierki-z-placu-piastow-usunieto-obskurne-ogrodzenie-trawnika\\\/#article\",\"isPartOf\":{\"@id\":\"https:\\\/\\\/www.24gliwice.pl\\\/wiadomosci\\\/po-lawkach-przyszedl-czas-barierki-z-placu-piastow-usunieto-obskurne-ogrodzenie-trawnika\\\/\"},\"author\":{\"name\":\"\u017baneta Mrozek-Siewierska\",\"@id\":\"https:\\\/\\\/www.24gliwice.pl\\\/wiadomosci\\\/#\\\/schema\\\/person\\\/e42c650edd7f2fa332be3811fb166b6e\"},\"headline\":\"Po \u0142awkach przyszed\u0142 czas na barierki. Z Placu Piast\u00f3w znikn\u0119\u0142o obskurne ogrodzenie trawnika\",\"datePublished\":\"2018-10-03T12:55:17+00:00\",\"dateModified\":\"2018-10-03T13:13:56+00:00\",\"mainEntityOfPage\":{\"@id\":\"https:\\\/\\\/www.24gliwice.pl\\\/wiadomosci\\\/po-lawkach-przyszedl-czas-barierki-z-placu-piastow-usunieto-obskurne-ogrodzenie-trawnika\\\/\"},\"wordCount\":181,\"commentCount\":0,\"publisher\":{\"@id\":\"https:\\\/\\\/www.24gliwice.pl\\\/wiadomosci\\\/#organization\"},\"image\":{\"@id\":\"https:\\\/\\\/www.24gliwice.pl\\\/wiadomosci\\\/po-lawkach-przyszedl-czas-barierki-z-placu-piastow-usunieto-obskurne-ogrodzenie-trawnika\\\/#primaryimage\"},\"thumbnailUrl\":\"https:\\\/\\\/www.24gliwice.pl\\\/wiadomosci\\\/wp-content\\\/uploads\\\/2018\\\/08\\\/\u0142awka-plac-piast\u00f3w-3.jpg\",\"keywords\":[\"barierki\",\"jan paj\u0105k\",\"Miejski Zarz\u0105d Us\u0142ug Komunalnych\",\"MZUK\",\"PLAC PIAST\u00d3W\",\"RADA MIASTA\",\"radny\",\"WYBORY\",\"WYBORY 2018\",\"WYBORY SAMORZ\u0104DOWE\",\"ZARZ\u0104D DR\u00d3G MIEJSKICH\",\"ZDM\"],\"articleSection\":[\"Gliwice\",\"Najnowsze wiadomo\u015bci\"],\"inLanguage\":\"pl-PL\",\"potentialAction\":[{\"@type\":\"CommentAction\",\"name\":\"Comment\",\"target\":[\"https:\\\/\\\/www.24gliwice.pl\\\/wiadomosci\\\/po-lawkach-przyszedl-czas-barierki-z-placu-piastow-usunieto-obskurne-ogrodzenie-trawnika\\\/#respond\"]}]},{\"@type\":\"WebPage\",\"@id\":\"https:\\\/\\\/www.24gliwice.pl\\\/wiadomosci\\\/po-lawkach-przyszedl-czas-barierki-z-placu-piastow-usunieto-obskurne-ogrodzenie-trawnika\\\/\",\"url\":\"https:\\\/\\\/www.24gliwice.pl\\\/wiadomosci\\\/po-lawkach-przyszedl-czas-barierki-z-placu-piastow-usunieto-obskurne-ogrodzenie-trawnika\\\/\",\"name\":\"Po \u0142awkach przyszed\u0142 czas na barierki. Z Placu Piast\u00f3w znikn\u0119\u0142o obskurne ogrodzenie trawnika - 24GLIWICE - Portal Gliwice | codziennie nowe informacje\",\"isPartOf\":{\"@id\":\"https:\\\/\\\/www.24gliwice.pl\\\/wiadomosci\\\/#website\"},\"primaryImageOfPage\":{\"@id\":\"https:\\\/\\\/www.24gliwice.pl\\\/wiadomosci\\\/po-lawkach-przyszedl-czas-barierki-z-placu-piastow-usunieto-obskurne-ogrodzenie-trawnika\\\/#primaryimage\"},\"image\":{\"@id\":\"https:\\\/\\\/www.24gliwice.pl\\\/wiadomosci\\\/po-lawkach-przyszedl-czas-barierki-z-placu-piastow-usunieto-obskurne-ogrodzenie-trawnika\\\/#primaryimage\"},\"thumbnailUrl\":\"https:\\\/\\\/www.24gliwice.pl\\\/wiadomosci\\\/wp-content\\\/uploads\\\/2018\\\/08\\\/\u0142awka-plac-piast\u00f3w-3.jpg\",\"datePublished\":\"2018-10-03T12:55:17+00:00\",\"dateModified\":\"2018-10-03T13:13:56+00:00\",\"breadcrumb\":{\"@id\":\"https:\\\/\\\/www.24gliwice.pl\\\/wiadomosci\\\/po-lawkach-przyszedl-czas-barierki-z-placu-piastow-usunieto-obskurne-ogrodzenie-trawnika\\\/#breadcrumb\"},\"inLanguage\":\"pl-PL\",\"potentialAction\":[{\"@type\":\"ReadAction\",\"target\":[\"https:\\\/\\\/www.24gliwice.pl\\\/wiadomosci\\\/po-lawkach-przyszedl-czas-barierki-z-placu-piastow-usunieto-obskurne-ogrodzenie-trawnika\\\/\"]}]},{\"@type\":\"ImageObject\",\"inLanguage\":\"pl-PL\",\"@id\":\"https:\\\/\\\/www.24gliwice.pl\\\/wiadomosci\\\/po-lawkach-przyszedl-czas-barierki-z-placu-piastow-usunieto-obskurne-ogrodzenie-trawnika\\\/#primaryimage\",\"url\":\"https:\\\/\\\/www.24gliwice.pl\\\/wiadomosci\\\/wp-content\\\/uploads\\\/2018\\\/08\\\/\u0142awka-plac-piast\u00f3w-3.jpg\",\"contentUrl\":\"https:\\\/\\\/www.24gliwice.pl\\\/wiadomosci\\\/wp-content\\\/uploads\\\/2018\\\/08\\\/\u0142awka-plac-piast\u00f3w-3.jpg\",\"width\":1385,\"height\":779},{\"@type\":\"BreadcrumbList\",\"@id\":\"https:\\\/\\\/www.24gliwice.pl\\\/wiadomosci\\\/po-lawkach-przyszedl-czas-barierki-z-placu-piastow-usunieto-obskurne-ogrodzenie-trawnika\\\/#breadcrumb\",\"itemListElement\":[{\"@type\":\"ListItem\",\"position\":1,\"name\":\"Strona g\u0142\u00f3wna\",\"item\":\"https:\\\/\\\/www.24gliwice.pl\\\/wiadomosci\\\/\"},{\"@type\":\"ListItem\",\"position\":2,\"name\":\"Po \u0142awkach przyszed\u0142 czas na barierki. Z Placu Piast\u00f3w znikn\u0119\u0142o obskurne ogrodzenie trawnika\"}]},{\"@type\":\"WebSite\",\"@id\":\"https:\\\/\\\/www.24gliwice.pl\\\/wiadomosci\\\/#website\",\"url\":\"https:\\\/\\\/www.24gliwice.pl\\\/wiadomosci\\\/\",\"name\":\"24GLIWICE - Portal Gliwice | codziennie nowe wiadomo\u015bci\",\"description\":\"Portal Miejski Gliwice\",\"publisher\":{\"@id\":\"https:\\\/\\\/www.24gliwice.pl\\\/wiadomosci\\\/#organization\"},\"potentialAction\":[{\"@type\":\"SearchAction\",\"target\":{\"@type\":\"EntryPoint\",\"urlTemplate\":\"https:\\\/\\\/www.24gliwice.pl\\\/wiadomosci\\\/?s={search_term_string}\"},\"query-input\":{\"@type\":\"PropertyValueSpecification\",\"valueRequired\":true,\"valueName\":\"search_term_string\"}}],\"inLanguage\":\"pl-PL\"},{\"@type\":\"Organization\",\"@id\":\"https:\\\/\\\/www.24gliwice.pl\\\/wiadomosci\\\/#organization\",\"name\":\"24gliwice\",\"url\":\"https:\\\/\\\/www.24gliwice.pl\\\/wiadomosci\\\/\",\"logo\":{\"@type\":\"ImageObject\",\"inLanguage\":\"pl-PL\",\"@id\":\"https:\\\/\\\/www.24gliwice.pl\\\/wiadomosci\\\/#\\\/schema\\\/logo\\\/image\\\/\",\"url\":\"https:\\\/\\\/www.24gliwice.pl\\\/wiadomosci\\\/wp-content\\\/uploads\\\/2024\\\/10\\\/24gliwice-logo-696.jpg\",\"contentUrl\":\"https:\\\/\\\/www.24gliwice.pl\\\/wiadomosci\\\/wp-content\\\/uploads\\\/2024\\\/10\\\/24gliwice-logo-696.jpg\",\"width\":696,\"height\":696,\"caption\":\"24gliwice\"},\"image\":{\"@id\":\"https:\\\/\\\/www.24gliwice.pl\\\/wiadomosci\\\/#\\\/schema\\\/logo\\\/image\\\/\"},\"sameAs\":[\"https:\\\/\\\/www.facebook.com\\\/24gliwice\",\"https:\\\/\\\/x.com\\\/24gliwice\",\"https:\\\/\\\/www.youtube.com\\\/@24gliwice\"]},{\"@type\":\"Person\",\"@id\":\"https:\\\/\\\/www.24gliwice.pl\\\/wiadomosci\\\/#\\\/schema\\\/person\\\/e42c650edd7f2fa332be3811fb166b6e\",\"name\":\"\u017baneta Mrozek-Siewierska\",\"image\":{\"@type\":\"ImageObject\",\"inLanguage\":\"pl-PL\",\"@id\":\"https:\\\/\\\/secure.gravatar.com\\\/avatar\\\/1881429e9c64597c77ad7aef2d0a19be69a3253e57534d16aa15bf3a4d34a0a3?s=96&d=mm&r=g\",\"url\":\"https:\\\/\\\/secure.gravatar.com\\\/avatar\\\/1881429e9c64597c77ad7aef2d0a19be69a3253e57534d16aa15bf3a4d34a0a3?s=96&d=mm&r=g\",\"contentUrl\":\"https:\\\/\\\/secure.gravatar.com\\\/avatar\\\/1881429e9c64597c77ad7aef2d0a19be69a3253e57534d16aa15bf3a4d34a0a3?s=96&d=mm&r=g\",\"caption\":\"\u017baneta Mrozek-Siewierska\"},\"url\":\"https:\\\/\\\/www.24gliwice.pl\\\/wiadomosci\\\/author\\\/zms\\\/\"}]}<\/script>\n<!-- \/ Yoast SEO plugin. -->","yoast_head_json":{"title":"Po \u0142awkach przyszed\u0142 czas na barierki. Z Placu Piast\u00f3w znikn\u0119\u0142o obskurne ogrodzenie trawnika - 24GLIWICE - Portal Gliwice | codziennie nowe informacje","robots":{"index":"index","follow":"follow","max-snippet":"max-snippet:-1","max-image-preview":"max-image-preview:large","max-video-preview":"max-video-preview:-1"},"canonical":"https:\/\/www.24gliwice.pl\/wiadomosci\/po-lawkach-przyszedl-czas-barierki-z-placu-piastow-usunieto-obskurne-ogrodzenie-trawnika\/","og_locale":"pl_PL","og_type":"article","og_title":"Po \u0142awkach przyszed\u0142 czas na barierki. Z Placu Piast\u00f3w znikn\u0119\u0142o obskurne ogrodzenie trawnika - 24GLIWICE - Portal Gliwice | codziennie nowe informacje","og_description":"Na Placu Piast\u00f3w nie ma ju\u017c obskurnych barierek okalaj\u0105cych zieleniec. To kolejny, sta\u0142y element znikaj\u0105cy z tego miejsca. W sierpniu informowali\u015bmy o likwidacji \u0142awek, kt\u00f3re usuni\u0119to na wniosek stra\u017cy miejskiej, bo s\u0142u\u017cy\u0142y g\u0142\u00f3wnie jako punkt alkoholowych biesiad &#8220;pod chmurk\u0105&#8221;. Barierki na skwerze w obr\u0119bie pl. Piast\u00f3w zosta\u0142y usuni\u0119te na zlecenie Wydzia\u0142u Przedsi\u0119wzi\u0119\u0107 Gospodarczych i Us\u0142ug [&hellip;]","og_url":"https:\/\/www.24gliwice.pl\/wiadomosci\/po-lawkach-przyszedl-czas-barierki-z-placu-piastow-usunieto-obskurne-ogrodzenie-trawnika\/","og_site_name":"24GLIWICE - Portal Gliwice | codziennie nowe informacje","article_publisher":"https:\/\/www.facebook.com\/24gliwice","article_published_time":"2018-10-03T12:55:17+00:00","article_modified_time":"2018-10-03T13:13:56+00:00","og_image":[{"width":1385,"height":779,"url":"https:\/\/www.24gliwice.pl\/wiadomosci\/wp-content\/uploads\/2018\/08\/\u0142awka-plac-piast\u00f3w-3.jpg","type":"image\/jpeg"}],"author":"\u017baneta Mrozek-Siewierska","twitter_card":"summary_large_image","twitter_creator":"@24gliwice","twitter_site":"@24gliwice","twitter_misc":{"Napisane przez":"\u017baneta Mrozek-Siewierska","Szacowany czas czytania":"1 minuta"},"schema":{"@context":"https:\/\/schema.org","@graph":[{"@type":"Article","@id":"https:\/\/www.24gliwice.pl\/wiadomosci\/po-lawkach-przyszedl-czas-barierki-z-placu-piastow-usunieto-obskurne-ogrodzenie-trawnika\/#article","isPartOf":{"@id":"https:\/\/www.24gliwice.pl\/wiadomosci\/po-lawkach-przyszedl-czas-barierki-z-placu-piastow-usunieto-obskurne-ogrodzenie-trawnika\/"},"author":{"name":"\u017baneta Mrozek-Siewierska","@id":"https:\/\/www.24gliwice.pl\/wiadomosci\/#\/schema\/person\/e42c650edd7f2fa332be3811fb166b6e"},"headline":"Po \u0142awkach przyszed\u0142 czas na barierki. Z Placu Piast\u00f3w znikn\u0119\u0142o obskurne ogrodzenie trawnika","datePublished":"2018-10-03T12:55:17+00:00","dateModified":"2018-10-03T13:13:56+00:00","mainEntityOfPage":{"@id":"https:\/\/www.24gliwice.pl\/wiadomosci\/po-lawkach-przyszedl-czas-barierki-z-placu-piastow-usunieto-obskurne-ogrodzenie-trawnika\/"},"wordCount":181,"commentCount":0,"publisher":{"@id":"https:\/\/www.24gliwice.pl\/wiadomosci\/#organization"},"image":{"@id":"https:\/\/www.24gliwice.pl\/wiadomosci\/po-lawkach-przyszedl-czas-barierki-z-placu-piastow-usunieto-obskurne-ogrodzenie-trawnika\/#primaryimage"},"thumbnailUrl":"https:\/\/www.24gliwice.pl\/wiadomosci\/wp-content\/uploads\/2018\/08\/\u0142awka-plac-piast\u00f3w-3.jpg","keywords":["barierki","jan paj\u0105k","Miejski Zarz\u0105d Us\u0142ug Komunalnych","MZUK","PLAC PIAST\u00d3W","RADA MIASTA","radny","WYBORY","WYBORY 2018","WYBORY SAMORZ\u0104DOWE","ZARZ\u0104D DR\u00d3G MIEJSKICH","ZDM"],"articleSection":["Gliwice","Najnowsze wiadomo\u015bci"],"inLanguage":"pl-PL","potentialAction":[{"@type":"CommentAction","name":"Comment","target":["https:\/\/www.24gliwice.pl\/wiadomosci\/po-lawkach-przyszedl-czas-barierki-z-placu-piastow-usunieto-obskurne-ogrodzenie-trawnika\/#respond"]}]},{"@type":"WebPage","@id":"https:\/\/www.24gliwice.pl\/wiadomosci\/po-lawkach-przyszedl-czas-barierki-z-placu-piastow-usunieto-obskurne-ogrodzenie-trawnika\/","url":"https:\/\/www.24gliwice.pl\/wiadomosci\/po-lawkach-przyszedl-czas-barierki-z-placu-piastow-usunieto-obskurne-ogrodzenie-trawnika\/","name":"Po \u0142awkach przyszed\u0142 czas na barierki. Z Placu Piast\u00f3w znikn\u0119\u0142o obskurne ogrodzenie trawnika - 24GLIWICE - Portal Gliwice | codziennie nowe informacje","isPartOf":{"@id":"https:\/\/www.24gliwice.pl\/wiadomosci\/#website"},"primaryImageOfPage":{"@id":"https:\/\/www.24gliwice.pl\/wiadomosci\/po-lawkach-przyszedl-czas-barierki-z-placu-piastow-usunieto-obskurne-ogrodzenie-trawnika\/#primaryimage"},"image":{"@id":"https:\/\/www.24gliwice.pl\/wiadomosci\/po-lawkach-przyszedl-czas-barierki-z-placu-piastow-usunieto-obskurne-ogrodzenie-trawnika\/#primaryimage"},"thumbnailUrl":"https:\/\/www.24gliwice.pl\/wiadomosci\/wp-content\/uploads\/2018\/08\/\u0142awka-plac-piast\u00f3w-3.jpg","datePublished":"2018-10-03T12:55:17+00:00","dateModified":"2018-10-03T13:13:56+00:00","breadcrumb":{"@id":"https:\/\/www.24gliwice.pl\/wiadomosci\/po-lawkach-przyszedl-czas-barierki-z-placu-piastow-usunieto-obskurne-ogrodzenie-trawnika\/#breadcrumb"},"inLanguage":"pl-PL","potentialAction":[{"@type":"ReadAction","target":["https:\/\/www.24gliwice.pl\/wiadomosci\/po-lawkach-przyszedl-czas-barierki-z-placu-piastow-usunieto-obskurne-ogrodzenie-trawnika\/"]}]},{"@type":"ImageObject","inLanguage":"pl-PL","@id":"https:\/\/www.24gliwice.pl\/wiadomosci\/po-lawkach-przyszedl-czas-barierki-z-placu-piastow-usunieto-obskurne-ogrodzenie-trawnika\/#primaryimage","url":"https:\/\/www.24gliwice.pl\/wiadomosci\/wp-content\/uploads\/2018\/08\/\u0142awka-plac-piast\u00f3w-3.jpg","contentUrl":"https:\/\/www.24gliwice.pl\/wiadomosci\/wp-content\/uploads\/2018\/08\/\u0142awka-plac-piast\u00f3w-3.jpg","width":1385,"height":779},{"@type":"BreadcrumbList","@id":"https:\/\/www.24gliwice.pl\/wiadomosci\/po-lawkach-przyszedl-czas-barierki-z-placu-piastow-usunieto-obskurne-ogrodzenie-trawnika\/#breadcrumb","itemListElement":[{"@type":"ListItem","position":1,"name":"Strona g\u0142\u00f3wna","item":"https:\/\/www.24gliwice.pl\/wiadomosci\/"},{"@type":"ListItem","position":2,"name":"Po \u0142awkach przyszed\u0142 czas na barierki. Z Placu Piast\u00f3w znikn\u0119\u0142o obskurne ogrodzenie trawnika"}]},{"@type":"WebSite","@id":"https:\/\/www.24gliwice.pl\/wiadomosci\/#website","url":"https:\/\/www.24gliwice.pl\/wiadomosci\/","name":"24GLIWICE - Portal Gliwice | codziennie nowe wiadomo\u015bci","description":"Portal Miejski Gliwice","publisher":{"@id":"https:\/\/www.24gliwice.pl\/wiadomosci\/#organization"},"potentialAction":[{"@type":"SearchAction","target":{"@type":"EntryPoint","urlTemplate":"https:\/\/www.24gliwice.pl\/wiadomosci\/?s={search_term_string}"},"query-input":{"@type":"PropertyValueSpecification","valueRequired":true,"valueName":"search_term_string"}}],"inLanguage":"pl-PL"},{"@type":"Organization","@id":"https:\/\/www.24gliwice.pl\/wiadomosci\/#organization","name":"24gliwice","url":"https:\/\/www.24gliwice.pl\/wiadomosci\/","logo":{"@type":"ImageObject","inLanguage":"pl-PL","@id":"https:\/\/www.24gliwice.pl\/wiadomosci\/#\/schema\/logo\/image\/","url":"https:\/\/www.24gliwice.pl\/wiadomosci\/wp-content\/uploads\/2024\/10\/24gliwice-logo-696.jpg","contentUrl":"https:\/\/www.24gliwice.pl\/wiadomosci\/wp-content\/uploads\/2024\/10\/24gliwice-logo-696.jpg","width":696,"height":696,"caption":"24gliwice"},"image":{"@id":"https:\/\/www.24gliwice.pl\/wiadomosci\/#\/schema\/logo\/image\/"},"sameAs":["https:\/\/www.facebook.com\/24gliwice","https:\/\/x.com\/24gliwice","https:\/\/www.youtube.com\/@24gliwice"]},{"@type":"Person","@id":"https:\/\/www.24gliwice.pl\/wiadomosci\/#\/schema\/person\/e42c650edd7f2fa332be3811fb166b6e","name":"\u017baneta Mrozek-Siewierska","image":{"@type":"ImageObject","inLanguage":"pl-PL","@id":"https:\/\/secure.gravatar.com\/avatar\/1881429e9c64597c77ad7aef2d0a19be69a3253e57534d16aa15bf3a4d34a0a3?s=96&d=mm&r=g","url":"https:\/\/secure.gravatar.com\/avatar\/1881429e9c64597c77ad7aef2d0a19be69a3253e57534d16aa15bf3a4d34a0a3?s=96&d=mm&r=g","contentUrl":"https:\/\/secure.gravatar.com\/avatar\/1881429e9c64597c77ad7aef2d0a19be69a3253e57534d16aa15bf3a4d34a0a3?s=96&d=mm&r=g","caption":"\u017baneta Mrozek-Siewierska"},"url":"https:\/\/www.24gliwice.pl\/wiadomosci\/author\/zms\/"}]}},"_links":{"self":[{"href":"https:\/\/www.24gliwice.pl\/wiadomosci\/wp-json\/wp\/v2\/posts\/123585","targetHints":{"allow":["GET"]}}],"collection":[{"href":"https:\/\/www.24gliwice.pl\/wiadomosci\/wp-json\/wp\/v2\/posts"}],"about":[{"href":"https:\/\/www.24gliwice.pl\/wiadomosci\/wp-json\/wp\/v2\/types\/post"}],"author":[{"embeddable":true,"href":"https:\/\/www.24gliwice.pl\/wiadomosci\/wp-json\/wp\/v2\/users\/15"}],"replies":[{"embeddable":true,"href":"https:\/\/www.24gliwice.pl\/wiadomosci\/wp-json\/wp\/v2\/comments?post=123585"}],"version-history":[{"count":0,"href":"https:\/\/www.24gliwice.pl\/wiadomosci\/wp-json\/wp\/v2\/posts\/123585\/revisions"}],"wp:featuredmedia":[{"embeddable":true,"href":"https:\/\/www.24gliwice.pl\/wiadomosci\/wp-json\/wp\/v2\/media\/121667"}],"wp:attachment":[{"href":"https:\/\/www.24gliwice.pl\/wiadomosci\/wp-json\/wp\/v2\/media?parent=123585"}],"wp:term":[{"taxonomy":"category","embeddable":true,"href":"https:\/\/www.24gliwice.pl\/wiadomosci\/wp-json\/wp\/v2\/categories?post=123585"},{"taxonomy":"post_tag","embeddable":true,"href":"https:\/\/www.24gliwice.pl\/wiadomosci\/wp-json\/wp\/v2\/tags?post=123585"}],"curies":[{"name":"wp","href":"https:\/\/api.w.org\/{rel}","templated":true}]}}