{"id":123655,"date":"2018-10-02T14:23:42","date_gmt":"2018-10-02T12:23:42","guid":{"rendered":"https:\/\/www.24gliwice.pl\/wiadomosci\/?p=123655"},"modified":"2018-10-02T20:58:24","modified_gmt":"2018-10-02T18:58:24","slug":"woonerf-zatrzyma-pajaczka-przebudowa-skrzyzowania-pod-znakiem-zapytania","status":"publish","type":"post","link":"https:\/\/www.24gliwice.pl\/wiadomosci\/woonerf-zatrzyma-pajaczka-przebudowa-skrzyzowania-pod-znakiem-zapytania\/","title":{"rendered":"Woonerf zatrzyma &#8220;paj\u0105czka&#8221;? ZDM odk\u0142ada decyzj\u0119 o przebudowie skrzy\u017cowania"},"content":{"rendered":"<div class=\"gliwi-a6-nad-leadem-artykulow gliwi-entity-placement\" id=\"gliwi-2830280488\"><div class=\"gliwi-adlabel\"><span style=\"font-size: 9px\">REKLAMA<\/span><\/div><div id=\"gliwi-935713012\" style=\"margin-bottom: 25px;margin-left: auto;margin-right: auto;text-align: center;\"><a data-no-instant=\"1\" href=\"https:\/\/dom100.eu\/\" rel=\"noopener\" class=\"a2t-link\" target=\"_blank\" aria-label=\"20260415 DOM100 D\"><img loading=\"lazy\" decoding=\"async\" src=\"https:\/\/www.24gliwice.pl\/wiadomosci\/wp-content\/uploads\/2026\/04\/20260415-DOM100-D.jpg\" alt=\"\"  srcset=\"https:\/\/www.24gliwice.pl\/wiadomosci\/wp-content\/uploads\/2026\/04\/20260415-DOM100-D.jpg 750w, https:\/\/www.24gliwice.pl\/wiadomosci\/wp-content\/uploads\/2026\/04\/20260415-DOM100-D-410x109.jpg 410w\" sizes=\"(max-width: 750px) 100vw, 750px\" class=\"no-lazyload\" width=\"750\" height=\"200\"  style=\"display: inline-block; max-width: 100%; height: auto;\" \/><\/a><\/div><\/div><h3>Fiaskiem zako\u0144czy\u0142 si\u0119 pierwszy przetarg na wykonawc\u0119 przebudowy popularnego &#8220;paj\u0105czka&#8221;.<\/h4>\n<p> Na skrzy\u017cowaniu u zbiegu ul. Siemi\u0144skiego, Kozielskiej, Jasnog\u00f3rskiej i Daszy\u0144skiego mia\u0142a pojawi\u0107 si\u0119 m.in. sygnalizacja \u015bwietlna. Teraz inwestycja stan\u0119\u0142a pod du\u017cym znakiem zapytania. <\/p>\n<p>W og\u0142oszonym przez Zarz\u0105d Dr\u00f3g Miejskich przetargu ofert\u0119 z\u0142o\u017cy\u0142a tylko miejska sp\u00f3\u0142ka Przedsi\u0119biorstwo Remont\u00f3w Ulic i Most\u00f3w (PRUiM).<\/p><div class=\"gliwi-a3-w-tresci-artykulow gliwi-entity-placement\" id=\"gliwi-128242045\"><div class=\"gliwi-adlabel\"><span style=\"font-size: 9px\">REKLAMA<\/span><\/div><div id=\"gliwi-1182757480\" style=\"margin-bottom: 30px;margin-left: auto;margin-right: auto;text-align: center;\"><a data-no-instant=\"1\" href=\"https:\/\/ogrodyandersa.pl\/\" rel=\"noopener\" class=\"a2t-link\" target=\"_blank\" aria-label=\"20260415 Ogrody Andersa KUP TERAZ D\"><img loading=\"lazy\" decoding=\"async\" src=\"https:\/\/www.24gliwice.pl\/wiadomosci\/wp-content\/uploads\/2026\/04\/20260415-Ogrody-Andersa-KUP-TERAZ-D.jpg\" alt=\"\"  srcset=\"https:\/\/www.24gliwice.pl\/wiadomosci\/wp-content\/uploads\/2026\/04\/20260415-Ogrody-Andersa-KUP-TERAZ-D.jpg 750w, https:\/\/www.24gliwice.pl\/wiadomosci\/wp-content\/uploads\/2026\/04\/20260415-Ogrody-Andersa-KUP-TERAZ-D-410x109.jpg 410w\" sizes=\"(max-width: 750px) 100vw, 750px\" class=\"no-lazyload\" width=\"750\" height=\"200\"  style=\"display: inline-block; max-width: 100%; height: auto;\" \/><\/a><\/div><\/div>\n<p><em>&#8211; Przetarg dotycz\u0105cy &#8220;paj\u0105czka&#8221; nie zosta\u0142 rozstrzygni\u0119ty ze wzgl\u0119du na fakt, i\u017c r\u00f3\u017cnica mi\u0119dzy kosztorysem inwestorskim a z\u0142o\u017con\u0105 ofert\u0105 to ok. 2,5 mln z\u0142<\/em> &#8211; informuje nas <strong>Jadwiga Stiborska<\/strong>,rzecznik prasowy ZDM.<\/p>\n<p>Wedle pierwszych zapowiedzi drogowcy na modernizacj\u0119 chcieli przeznaczy\u0107 5,5 mln z\u0142otych. Przysz\u0142o\u015b\u0107 inwestycji jest jednak uzale\u017cniona nie tylko od \u015brodk\u00f3w finansowych. ZDM chce dok\u0142adnie przyjrze\u0107 si\u0119, jak na organizacj\u0119 ruchu wp\u0142yn\u0105\u0142 uruchomiony wiosn\u0105 tego roku woonerf na ul. Siemi\u0144skiego (dawna Wieczorka).  <\/p>\n<p><em>&#8211; ZDM prowadzi obserwacje jak odbywa si\u0119 ruch w tym miejscu, co zwi\u0105zane jest ze zmianami wynikaj\u0105cymi z pojawienia si\u0119 na ul. Siemi\u0144skiego &#8220;podw\u00f3rca miejskiego&#8221;. Po roku jego funkcjonowania b\u0119dzie mo\u017cna podj\u0105\u0107 ewentualne, dalsze decyzje w sprawie &#8220;paj\u0105czka&#8221;<\/em> &#8211; komentuje Stiborska. <\/p>\n<p>Co ciekawe, ju\u017c w czerwcu Magistrat na swojej stronie internetowej informowa\u0142, \u017ce przedsi\u0119wzi\u0119cie zosta\u0142o przeanalizowane pod k\u0105tem zmian na ul. Siemi\u0144skiego, a zarazem &#8220;zweryfikowano statystyki wypadkowo\u015bci&#8221;. Dlatego za nag\u0142ym wstrzymaniem inwestycji mog\u0105 sta\u0107 r\u00f3wnie\u017c inne powody. Po pierwsze w Gliwicach trwa ju\u017c realizacja dw\u00f3ch innych kosztoch\u0142onnych inwestycji drogowych: budowy kolejnych odcink\u00f3w obwodnicy zachodniej i po\u0142udniowej. Po drugie, inwestycja spotka\u0142a si\u0119 raczej z ch\u0142odnymi komentarzami mieszaka\u0144c\u00f3w, kt\u00f3rzy wbrew pozorom na &#8220;paj\u0105czka&#8221; nie narzekaj\u0105. Skrzy\u017cowanie nie nale\u017cy te\u017c do niebezpiecznych.<\/p>\n<p><em>&#8211; Jak wynika z naszych rejestr\u00f3w, w ostatnich pi\u0119ciu latach dosz\u0142o tam do jednego niegro\u017anego wypadku i kilkunastu st\u0142uczek, najcz\u0119\u015bciej najechania na ty\u0142 poprzedzaj\u0105cego pojazdu<\/em> &#8211; m\u00f3wi\u0142 nam w grudniu ubieg\u0142ego roku <strong>podinspektor Marek S\u0142omski<\/strong>, oficer prasowy KMP w Gliwicach. <\/p>\n<p>Przypomnijmy, po modernizacji, w miejsce &#8220;paj\u0105czka&#8221; maj\u0105 pojawi\u0107 si\u0119 dwa skrzy\u017cowania. U zbiegu ulic Siemi\u0144skiego i Kozielskiej, Daszy\u0144skiego i Jasnog\u00f3rskiej, ruch b\u0119dzie sterowany sygnalizacj\u0105 \u015bwietln\u0105, natomiast skrzy\u017cowanie Daszy\u0144skiego i Sobieskiego pozostanie bezsygnalizacyjne. Pojawi\u0105 si\u0119 te\u017c nowe miejsca postojowe, torowisko tramwajowe zostanie usuni\u0119te i zmodernizowana zostanie zatoka autobusowa przy ul. Jasnog\u00f3rskiej.<\/p>\n<p>Niezale\u017cnie od ostatecznej decyzji ZDM, ju\u017c teraz wiadomo, \u017ce na przebudowane skrzy\u017cowanie kierowcy wjad\u0105 najszybciej w 2020 roku.<br \/>\n<strong>Micha\u0142 Szewczyk<\/strong><\/p>\n<p>O r\u00f3\u017cnym spojrzeniu na inwestycj\u0119 pisali\u015bmy szerzej w artykule <a href=\"https:\/\/www.24gliwice.pl\/wiadomosci\/dwa-skrzyzowania-sygnalizacja-swietlna-czy-przebudowa-pajaczka-jest-konieczna\/\" rel=\"noopener\" target=\"_blank\">&#8220;Dwa skrzy\u017cowania, sygnalizacja \u015bwietlna \u2013 czy przebudowa Paj\u0105czka jest konieczna?&#8221;<\/a>. <\/p>\n<div class=\"gliwi-a5-na-koncu-artykulow gliwi-entity-placement\" id=\"gliwi-253060507\"><div class=\"gliwi-adlabel\"><span style=\"font-size: 9px\">REKLAMA<\/span><\/div><div id=\"gliwi-3428065182\" style=\"margin-left: auto;margin-right: auto;text-align: center;\"><a data-no-instant=\"1\" href=\"https:\/\/prezeroarenagliwice.pl\/\" rel=\"noopener\" class=\"a2t-link\" target=\"_blank\" aria-label=\"20260309-PREZERO-WIOSNA-D\"><img loading=\"lazy\" decoding=\"async\" src=\"https:\/\/www.24gliwice.pl\/wiadomosci\/wp-content\/uploads\/2026\/03\/20260309-PREZERO-WIOSNA-D.webp\" alt=\"\"  srcset=\"https:\/\/www.24gliwice.pl\/wiadomosci\/wp-content\/uploads\/2026\/03\/20260309-PREZERO-WIOSNA-D.webp 750w, https:\/\/www.24gliwice.pl\/wiadomosci\/wp-content\/uploads\/2026\/03\/20260309-PREZERO-WIOSNA-D-410x109.webp 410w\" sizes=\"(max-width: 750px) 100vw, 750px\" class=\"no-lazyload\" width=\"750\" height=\"200\"  style=\"display: inline-block; max-width: 100%; height: auto;\" \/><\/a><\/div><\/div>","protected":false},"excerpt":{"rendered":"<p>Fiaskiem zako\u0144czy\u0142 si\u0119 pierwszy przetarg na wykonawc\u0119 przebudowy popularnego &#8220;paj\u0105czka&#8221;. Na skrzy\u017cowaniu u zbiegu ul. Siemi\u0144skiego, Kozielskiej, Jasnog\u00f3rskiej i Daszy\u0144skiego mia\u0142a pojawi\u0107 si\u0119 m.in. sygnalizacja \u015bwietlna. Teraz inwestycja stan\u0119\u0142a pod du\u017cym znakiem zapytania. W og\u0142oszonym przez Zarz\u0105d Dr\u00f3g Miejskich przetargu ofert\u0119 z\u0142o\u017cy\u0142a tylko miejska sp\u00f3\u0142ka Przedsi\u0119biorstwo Remont\u00f3w Ulic i Most\u00f3w (PRUiM). &#8211; Przetarg dotycz\u0105cy &#8220;paj\u0105czka&#8221; [&hellip;]<\/p>\n","protected":false},"author":12,"featured_media":123754,"comment_status":"open","ping_status":"closed","sticky":false,"template":"","format":"standard","meta":{"_monsterinsights_skip_tracking":false,"_monsterinsights_sitenote_active":false,"_monsterinsights_sitenote_note":"","_monsterinsights_sitenote_category":0,"footnotes":"","_links_to":"","_links_to_target":""},"categories":[3,1,9],"tags":[7069,10774,4508,214],"class_list":["post-123655","post","type-post","status-publish","format-standard","has-post-thumbnail","hentry","category-gliwice","category-wszystko","category-aktualnosci_lokalne","tag-anna-gilner-zdm","tag-pajaczek","tag-pajaczek-gliwice","tag-zdm"],"yoast_head":"<!-- This site is optimized with the Yoast SEO plugin v27.5 - https:\/\/yoast.com\/product\/yoast-seo-wordpress\/ -->\n<title>Woonerf zatrzyma &quot;paj\u0105czka&quot;? ZDM odk\u0142ada decyzj\u0119 o przebudowie skrzy\u017cowania - 24GLIWICE - Portal Gliwice | codziennie nowe informacje<\/title>\n<meta name=\"robots\" content=\"index, follow, max-snippet:-1, max-image-preview:large, max-video-preview:-1\" \/>\n<link rel=\"canonical\" href=\"https:\/\/www.24gliwice.pl\/wiadomosci\/woonerf-zatrzyma-pajaczka-przebudowa-skrzyzowania-pod-znakiem-zapytania\/\" \/>\n<meta property=\"og:locale\" content=\"pl_PL\" \/>\n<meta property=\"og:type\" content=\"article\" \/>\n<meta property=\"og:title\" content=\"Woonerf zatrzyma &quot;paj\u0105czka&quot;? ZDM odk\u0142ada decyzj\u0119 o przebudowie skrzy\u017cowania - 24GLIWICE - Portal Gliwice | codziennie nowe informacje\" \/>\n<meta property=\"og:description\" content=\"Fiaskiem zako\u0144czy\u0142 si\u0119 pierwszy przetarg na wykonawc\u0119 przebudowy popularnego &#8220;paj\u0105czka&#8221;. Na skrzy\u017cowaniu u zbiegu ul. Siemi\u0144skiego, Kozielskiej, Jasnog\u00f3rskiej i Daszy\u0144skiego mia\u0142a pojawi\u0107 si\u0119 m.in. sygnalizacja \u015bwietlna. Teraz inwestycja stan\u0119\u0142a pod du\u017cym znakiem zapytania. W og\u0142oszonym przez Zarz\u0105d Dr\u00f3g Miejskich przetargu ofert\u0119 z\u0142o\u017cy\u0142a tylko miejska sp\u00f3\u0142ka Przedsi\u0119biorstwo Remont\u00f3w Ulic i Most\u00f3w (PRUiM). &#8211; Przetarg dotycz\u0105cy &#8220;paj\u0105czka&#8221; [&hellip;]\" \/>\n<meta property=\"og:url\" content=\"https:\/\/www.24gliwice.pl\/wiadomosci\/woonerf-zatrzyma-pajaczka-przebudowa-skrzyzowania-pod-znakiem-zapytania\/\" \/>\n<meta property=\"og:site_name\" content=\"24GLIWICE - Portal Gliwice | codziennie nowe informacje\" \/>\n<meta property=\"article:publisher\" content=\"https:\/\/www.facebook.com\/24gliwice\" \/>\n<meta property=\"article:published_time\" content=\"2018-10-02T12:23:42+00:00\" \/>\n<meta property=\"article:modified_time\" content=\"2018-10-02T18:58:24+00:00\" \/>\n<meta property=\"og:image\" content=\"https:\/\/www.24gliwice.pl\/wiadomosci\/wp-content\/uploads\/2018\/10\/1-pajaczek2-001.jpg\" \/>\n\t<meta property=\"og:image:width\" content=\"810\" \/>\n\t<meta property=\"og:image:height\" content=\"457\" \/>\n\t<meta property=\"og:image:type\" content=\"image\/jpeg\" \/>\n<meta name=\"author\" content=\"Micha\u0142 Szewczyk\" \/>\n<meta name=\"twitter:card\" content=\"summary_large_image\" \/>\n<meta name=\"twitter:creator\" content=\"@24gliwice\" \/>\n<meta name=\"twitter:site\" content=\"@24gliwice\" \/>\n<meta name=\"twitter:label1\" content=\"Napisane przez\" \/>\n\t<meta name=\"twitter:data1\" content=\"Micha\u0142 Szewczyk\" \/>\n\t<meta name=\"twitter:label2\" content=\"Szacowany czas czytania\" \/>\n\t<meta name=\"twitter:data2\" content=\"2 minuty\" \/>\n<script type=\"application\/ld+json\" class=\"yoast-schema-graph\">{\"@context\":\"https:\\\/\\\/schema.org\",\"@graph\":[{\"@type\":\"Article\",\"@id\":\"https:\\\/\\\/www.24gliwice.pl\\\/wiadomosci\\\/woonerf-zatrzyma-pajaczka-przebudowa-skrzyzowania-pod-znakiem-zapytania\\\/#article\",\"isPartOf\":{\"@id\":\"https:\\\/\\\/www.24gliwice.pl\\\/wiadomosci\\\/woonerf-zatrzyma-pajaczka-przebudowa-skrzyzowania-pod-znakiem-zapytania\\\/\"},\"author\":{\"name\":\"Micha\u0142 Szewczyk\",\"@id\":\"https:\\\/\\\/www.24gliwice.pl\\\/wiadomosci\\\/#\\\/schema\\\/person\\\/940e8f8a097e322de4f463f061ef8d45\"},\"headline\":\"Woonerf zatrzyma &#8220;paj\u0105czka&#8221;? ZDM odk\u0142ada decyzj\u0119 o przebudowie skrzy\u017cowania\",\"datePublished\":\"2018-10-02T12:23:42+00:00\",\"dateModified\":\"2018-10-02T18:58:24+00:00\",\"mainEntityOfPage\":{\"@id\":\"https:\\\/\\\/www.24gliwice.pl\\\/wiadomosci\\\/woonerf-zatrzyma-pajaczka-przebudowa-skrzyzowania-pod-znakiem-zapytania\\\/\"},\"wordCount\":468,\"commentCount\":0,\"publisher\":{\"@id\":\"https:\\\/\\\/www.24gliwice.pl\\\/wiadomosci\\\/#organization\"},\"image\":{\"@id\":\"https:\\\/\\\/www.24gliwice.pl\\\/wiadomosci\\\/woonerf-zatrzyma-pajaczka-przebudowa-skrzyzowania-pod-znakiem-zapytania\\\/#primaryimage\"},\"thumbnailUrl\":\"https:\\\/\\\/www.24gliwice.pl\\\/wiadomosci\\\/wp-content\\\/uploads\\\/2018\\\/10\\\/1-pajaczek2-001.jpg\",\"keywords\":[\"anna gilner zdm\",\"paj\u0105czek\",\"paj\u0105czek gliwice\",\"ZDM\"],\"articleSection\":[\"Gliwice\",\"Najnowsze wiadomo\u015bci\",\"Portal Gliwice - Wiadomo\u015bci lokalne\"],\"inLanguage\":\"pl-PL\",\"potentialAction\":[{\"@type\":\"CommentAction\",\"name\":\"Comment\",\"target\":[\"https:\\\/\\\/www.24gliwice.pl\\\/wiadomosci\\\/woonerf-zatrzyma-pajaczka-przebudowa-skrzyzowania-pod-znakiem-zapytania\\\/#respond\"]}]},{\"@type\":\"WebPage\",\"@id\":\"https:\\\/\\\/www.24gliwice.pl\\\/wiadomosci\\\/woonerf-zatrzyma-pajaczka-przebudowa-skrzyzowania-pod-znakiem-zapytania\\\/\",\"url\":\"https:\\\/\\\/www.24gliwice.pl\\\/wiadomosci\\\/woonerf-zatrzyma-pajaczka-przebudowa-skrzyzowania-pod-znakiem-zapytania\\\/\",\"name\":\"Woonerf zatrzyma \\\"paj\u0105czka\\\"? ZDM odk\u0142ada decyzj\u0119 o przebudowie skrzy\u017cowania - 24GLIWICE - Portal Gliwice | codziennie nowe informacje\",\"isPartOf\":{\"@id\":\"https:\\\/\\\/www.24gliwice.pl\\\/wiadomosci\\\/#website\"},\"primaryImageOfPage\":{\"@id\":\"https:\\\/\\\/www.24gliwice.pl\\\/wiadomosci\\\/woonerf-zatrzyma-pajaczka-przebudowa-skrzyzowania-pod-znakiem-zapytania\\\/#primaryimage\"},\"image\":{\"@id\":\"https:\\\/\\\/www.24gliwice.pl\\\/wiadomosci\\\/woonerf-zatrzyma-pajaczka-przebudowa-skrzyzowania-pod-znakiem-zapytania\\\/#primaryimage\"},\"thumbnailUrl\":\"https:\\\/\\\/www.24gliwice.pl\\\/wiadomosci\\\/wp-content\\\/uploads\\\/2018\\\/10\\\/1-pajaczek2-001.jpg\",\"datePublished\":\"2018-10-02T12:23:42+00:00\",\"dateModified\":\"2018-10-02T18:58:24+00:00\",\"breadcrumb\":{\"@id\":\"https:\\\/\\\/www.24gliwice.pl\\\/wiadomosci\\\/woonerf-zatrzyma-pajaczka-przebudowa-skrzyzowania-pod-znakiem-zapytania\\\/#breadcrumb\"},\"inLanguage\":\"pl-PL\",\"potentialAction\":[{\"@type\":\"ReadAction\",\"target\":[\"https:\\\/\\\/www.24gliwice.pl\\\/wiadomosci\\\/woonerf-zatrzyma-pajaczka-przebudowa-skrzyzowania-pod-znakiem-zapytania\\\/\"]}]},{\"@type\":\"ImageObject\",\"inLanguage\":\"pl-PL\",\"@id\":\"https:\\\/\\\/www.24gliwice.pl\\\/wiadomosci\\\/woonerf-zatrzyma-pajaczka-przebudowa-skrzyzowania-pod-znakiem-zapytania\\\/#primaryimage\",\"url\":\"https:\\\/\\\/www.24gliwice.pl\\\/wiadomosci\\\/wp-content\\\/uploads\\\/2018\\\/10\\\/1-pajaczek2-001.jpg\",\"contentUrl\":\"https:\\\/\\\/www.24gliwice.pl\\\/wiadomosci\\\/wp-content\\\/uploads\\\/2018\\\/10\\\/1-pajaczek2-001.jpg\",\"width\":810,\"height\":457},{\"@type\":\"BreadcrumbList\",\"@id\":\"https:\\\/\\\/www.24gliwice.pl\\\/wiadomosci\\\/woonerf-zatrzyma-pajaczka-przebudowa-skrzyzowania-pod-znakiem-zapytania\\\/#breadcrumb\",\"itemListElement\":[{\"@type\":\"ListItem\",\"position\":1,\"name\":\"Strona g\u0142\u00f3wna\",\"item\":\"https:\\\/\\\/www.24gliwice.pl\\\/wiadomosci\\\/\"},{\"@type\":\"ListItem\",\"position\":2,\"name\":\"Woonerf zatrzyma &#8222;paj\u0105czka&#8221;? ZDM odk\u0142ada decyzj\u0119 o przebudowie skrzy\u017cowania\"}]},{\"@type\":\"WebSite\",\"@id\":\"https:\\\/\\\/www.24gliwice.pl\\\/wiadomosci\\\/#website\",\"url\":\"https:\\\/\\\/www.24gliwice.pl\\\/wiadomosci\\\/\",\"name\":\"24GLIWICE - Portal Gliwice | codziennie nowe wiadomo\u015bci\",\"description\":\"Portal Miejski Gliwice\",\"publisher\":{\"@id\":\"https:\\\/\\\/www.24gliwice.pl\\\/wiadomosci\\\/#organization\"},\"potentialAction\":[{\"@type\":\"SearchAction\",\"target\":{\"@type\":\"EntryPoint\",\"urlTemplate\":\"https:\\\/\\\/www.24gliwice.pl\\\/wiadomosci\\\/?s={search_term_string}\"},\"query-input\":{\"@type\":\"PropertyValueSpecification\",\"valueRequired\":true,\"valueName\":\"search_term_string\"}}],\"inLanguage\":\"pl-PL\"},{\"@type\":\"Organization\",\"@id\":\"https:\\\/\\\/www.24gliwice.pl\\\/wiadomosci\\\/#organization\",\"name\":\"24gliwice\",\"url\":\"https:\\\/\\\/www.24gliwice.pl\\\/wiadomosci\\\/\",\"logo\":{\"@type\":\"ImageObject\",\"inLanguage\":\"pl-PL\",\"@id\":\"https:\\\/\\\/www.24gliwice.pl\\\/wiadomosci\\\/#\\\/schema\\\/logo\\\/image\\\/\",\"url\":\"https:\\\/\\\/www.24gliwice.pl\\\/wiadomosci\\\/wp-content\\\/uploads\\\/2024\\\/10\\\/24gliwice-logo-696.jpg\",\"contentUrl\":\"https:\\\/\\\/www.24gliwice.pl\\\/wiadomosci\\\/wp-content\\\/uploads\\\/2024\\\/10\\\/24gliwice-logo-696.jpg\",\"width\":696,\"height\":696,\"caption\":\"24gliwice\"},\"image\":{\"@id\":\"https:\\\/\\\/www.24gliwice.pl\\\/wiadomosci\\\/#\\\/schema\\\/logo\\\/image\\\/\"},\"sameAs\":[\"https:\\\/\\\/www.facebook.com\\\/24gliwice\",\"https:\\\/\\\/x.com\\\/24gliwice\",\"https:\\\/\\\/www.youtube.com\\\/@24gliwice\"]},{\"@type\":\"Person\",\"@id\":\"https:\\\/\\\/www.24gliwice.pl\\\/wiadomosci\\\/#\\\/schema\\\/person\\\/940e8f8a097e322de4f463f061ef8d45\",\"name\":\"Micha\u0142 Szewczyk\",\"image\":{\"@type\":\"ImageObject\",\"inLanguage\":\"pl-PL\",\"@id\":\"https:\\\/\\\/secure.gravatar.com\\\/avatar\\\/771b8b6c74cd8d255e46392d605e01a86133900ef09b6ef3c8d451c9d92288cf?s=96&d=mm&r=g\",\"url\":\"https:\\\/\\\/secure.gravatar.com\\\/avatar\\\/771b8b6c74cd8d255e46392d605e01a86133900ef09b6ef3c8d451c9d92288cf?s=96&d=mm&r=g\",\"contentUrl\":\"https:\\\/\\\/secure.gravatar.com\\\/avatar\\\/771b8b6c74cd8d255e46392d605e01a86133900ef09b6ef3c8d451c9d92288cf?s=96&d=mm&r=g\",\"caption\":\"Micha\u0142 Szewczyk\"},\"sameAs\":[\"http:\\\/\\\/www.gazeta-miejska.pl\"],\"url\":\"https:\\\/\\\/www.24gliwice.pl\\\/wiadomosci\\\/author\\\/michal-szewczyk\\\/\"}]}<\/script>\n<!-- \/ Yoast SEO plugin. -->","yoast_head_json":{"title":"Woonerf zatrzyma \"paj\u0105czka\"? ZDM odk\u0142ada decyzj\u0119 o przebudowie skrzy\u017cowania - 24GLIWICE - Portal Gliwice | codziennie nowe informacje","robots":{"index":"index","follow":"follow","max-snippet":"max-snippet:-1","max-image-preview":"max-image-preview:large","max-video-preview":"max-video-preview:-1"},"canonical":"https:\/\/www.24gliwice.pl\/wiadomosci\/woonerf-zatrzyma-pajaczka-przebudowa-skrzyzowania-pod-znakiem-zapytania\/","og_locale":"pl_PL","og_type":"article","og_title":"Woonerf zatrzyma \"paj\u0105czka\"? ZDM odk\u0142ada decyzj\u0119 o przebudowie skrzy\u017cowania - 24GLIWICE - Portal Gliwice | codziennie nowe informacje","og_description":"Fiaskiem zako\u0144czy\u0142 si\u0119 pierwszy przetarg na wykonawc\u0119 przebudowy popularnego &#8220;paj\u0105czka&#8221;. Na skrzy\u017cowaniu u zbiegu ul. Siemi\u0144skiego, Kozielskiej, Jasnog\u00f3rskiej i Daszy\u0144skiego mia\u0142a pojawi\u0107 si\u0119 m.in. sygnalizacja \u015bwietlna. Teraz inwestycja stan\u0119\u0142a pod du\u017cym znakiem zapytania. W og\u0142oszonym przez Zarz\u0105d Dr\u00f3g Miejskich przetargu ofert\u0119 z\u0142o\u017cy\u0142a tylko miejska sp\u00f3\u0142ka Przedsi\u0119biorstwo Remont\u00f3w Ulic i Most\u00f3w (PRUiM). &#8211; Przetarg dotycz\u0105cy &#8220;paj\u0105czka&#8221; [&hellip;]","og_url":"https:\/\/www.24gliwice.pl\/wiadomosci\/woonerf-zatrzyma-pajaczka-przebudowa-skrzyzowania-pod-znakiem-zapytania\/","og_site_name":"24GLIWICE - Portal Gliwice | codziennie nowe informacje","article_publisher":"https:\/\/www.facebook.com\/24gliwice","article_published_time":"2018-10-02T12:23:42+00:00","article_modified_time":"2018-10-02T18:58:24+00:00","og_image":[{"width":810,"height":457,"url":"https:\/\/www.24gliwice.pl\/wiadomosci\/wp-content\/uploads\/2018\/10\/1-pajaczek2-001.jpg","type":"image\/jpeg"}],"author":"Micha\u0142 Szewczyk","twitter_card":"summary_large_image","twitter_creator":"@24gliwice","twitter_site":"@24gliwice","twitter_misc":{"Napisane przez":"Micha\u0142 Szewczyk","Szacowany czas czytania":"2 minuty"},"schema":{"@context":"https:\/\/schema.org","@graph":[{"@type":"Article","@id":"https:\/\/www.24gliwice.pl\/wiadomosci\/woonerf-zatrzyma-pajaczka-przebudowa-skrzyzowania-pod-znakiem-zapytania\/#article","isPartOf":{"@id":"https:\/\/www.24gliwice.pl\/wiadomosci\/woonerf-zatrzyma-pajaczka-przebudowa-skrzyzowania-pod-znakiem-zapytania\/"},"author":{"name":"Micha\u0142 Szewczyk","@id":"https:\/\/www.24gliwice.pl\/wiadomosci\/#\/schema\/person\/940e8f8a097e322de4f463f061ef8d45"},"headline":"Woonerf zatrzyma &#8220;paj\u0105czka&#8221;? ZDM odk\u0142ada decyzj\u0119 o przebudowie skrzy\u017cowania","datePublished":"2018-10-02T12:23:42+00:00","dateModified":"2018-10-02T18:58:24+00:00","mainEntityOfPage":{"@id":"https:\/\/www.24gliwice.pl\/wiadomosci\/woonerf-zatrzyma-pajaczka-przebudowa-skrzyzowania-pod-znakiem-zapytania\/"},"wordCount":468,"commentCount":0,"publisher":{"@id":"https:\/\/www.24gliwice.pl\/wiadomosci\/#organization"},"image":{"@id":"https:\/\/www.24gliwice.pl\/wiadomosci\/woonerf-zatrzyma-pajaczka-przebudowa-skrzyzowania-pod-znakiem-zapytania\/#primaryimage"},"thumbnailUrl":"https:\/\/www.24gliwice.pl\/wiadomosci\/wp-content\/uploads\/2018\/10\/1-pajaczek2-001.jpg","keywords":["anna gilner zdm","paj\u0105czek","paj\u0105czek gliwice","ZDM"],"articleSection":["Gliwice","Najnowsze wiadomo\u015bci","Portal Gliwice - Wiadomo\u015bci lokalne"],"inLanguage":"pl-PL","potentialAction":[{"@type":"CommentAction","name":"Comment","target":["https:\/\/www.24gliwice.pl\/wiadomosci\/woonerf-zatrzyma-pajaczka-przebudowa-skrzyzowania-pod-znakiem-zapytania\/#respond"]}]},{"@type":"WebPage","@id":"https:\/\/www.24gliwice.pl\/wiadomosci\/woonerf-zatrzyma-pajaczka-przebudowa-skrzyzowania-pod-znakiem-zapytania\/","url":"https:\/\/www.24gliwice.pl\/wiadomosci\/woonerf-zatrzyma-pajaczka-przebudowa-skrzyzowania-pod-znakiem-zapytania\/","name":"Woonerf zatrzyma \"paj\u0105czka\"? ZDM odk\u0142ada decyzj\u0119 o przebudowie skrzy\u017cowania - 24GLIWICE - Portal Gliwice | codziennie nowe informacje","isPartOf":{"@id":"https:\/\/www.24gliwice.pl\/wiadomosci\/#website"},"primaryImageOfPage":{"@id":"https:\/\/www.24gliwice.pl\/wiadomosci\/woonerf-zatrzyma-pajaczka-przebudowa-skrzyzowania-pod-znakiem-zapytania\/#primaryimage"},"image":{"@id":"https:\/\/www.24gliwice.pl\/wiadomosci\/woonerf-zatrzyma-pajaczka-przebudowa-skrzyzowania-pod-znakiem-zapytania\/#primaryimage"},"thumbnailUrl":"https:\/\/www.24gliwice.pl\/wiadomosci\/wp-content\/uploads\/2018\/10\/1-pajaczek2-001.jpg","datePublished":"2018-10-02T12:23:42+00:00","dateModified":"2018-10-02T18:58:24+00:00","breadcrumb":{"@id":"https:\/\/www.24gliwice.pl\/wiadomosci\/woonerf-zatrzyma-pajaczka-przebudowa-skrzyzowania-pod-znakiem-zapytania\/#breadcrumb"},"inLanguage":"pl-PL","potentialAction":[{"@type":"ReadAction","target":["https:\/\/www.24gliwice.pl\/wiadomosci\/woonerf-zatrzyma-pajaczka-przebudowa-skrzyzowania-pod-znakiem-zapytania\/"]}]},{"@type":"ImageObject","inLanguage":"pl-PL","@id":"https:\/\/www.24gliwice.pl\/wiadomosci\/woonerf-zatrzyma-pajaczka-przebudowa-skrzyzowania-pod-znakiem-zapytania\/#primaryimage","url":"https:\/\/www.24gliwice.pl\/wiadomosci\/wp-content\/uploads\/2018\/10\/1-pajaczek2-001.jpg","contentUrl":"https:\/\/www.24gliwice.pl\/wiadomosci\/wp-content\/uploads\/2018\/10\/1-pajaczek2-001.jpg","width":810,"height":457},{"@type":"BreadcrumbList","@id":"https:\/\/www.24gliwice.pl\/wiadomosci\/woonerf-zatrzyma-pajaczka-przebudowa-skrzyzowania-pod-znakiem-zapytania\/#breadcrumb","itemListElement":[{"@type":"ListItem","position":1,"name":"Strona g\u0142\u00f3wna","item":"https:\/\/www.24gliwice.pl\/wiadomosci\/"},{"@type":"ListItem","position":2,"name":"Woonerf zatrzyma &#8222;paj\u0105czka&#8221;? ZDM odk\u0142ada decyzj\u0119 o przebudowie skrzy\u017cowania"}]},{"@type":"WebSite","@id":"https:\/\/www.24gliwice.pl\/wiadomosci\/#website","url":"https:\/\/www.24gliwice.pl\/wiadomosci\/","name":"24GLIWICE - Portal Gliwice | codziennie nowe wiadomo\u015bci","description":"Portal Miejski Gliwice","publisher":{"@id":"https:\/\/www.24gliwice.pl\/wiadomosci\/#organization"},"potentialAction":[{"@type":"SearchAction","target":{"@type":"EntryPoint","urlTemplate":"https:\/\/www.24gliwice.pl\/wiadomosci\/?s={search_term_string}"},"query-input":{"@type":"PropertyValueSpecification","valueRequired":true,"valueName":"search_term_string"}}],"inLanguage":"pl-PL"},{"@type":"Organization","@id":"https:\/\/www.24gliwice.pl\/wiadomosci\/#organization","name":"24gliwice","url":"https:\/\/www.24gliwice.pl\/wiadomosci\/","logo":{"@type":"ImageObject","inLanguage":"pl-PL","@id":"https:\/\/www.24gliwice.pl\/wiadomosci\/#\/schema\/logo\/image\/","url":"https:\/\/www.24gliwice.pl\/wiadomosci\/wp-content\/uploads\/2024\/10\/24gliwice-logo-696.jpg","contentUrl":"https:\/\/www.24gliwice.pl\/wiadomosci\/wp-content\/uploads\/2024\/10\/24gliwice-logo-696.jpg","width":696,"height":696,"caption":"24gliwice"},"image":{"@id":"https:\/\/www.24gliwice.pl\/wiadomosci\/#\/schema\/logo\/image\/"},"sameAs":["https:\/\/www.facebook.com\/24gliwice","https:\/\/x.com\/24gliwice","https:\/\/www.youtube.com\/@24gliwice"]},{"@type":"Person","@id":"https:\/\/www.24gliwice.pl\/wiadomosci\/#\/schema\/person\/940e8f8a097e322de4f463f061ef8d45","name":"Micha\u0142 Szewczyk","image":{"@type":"ImageObject","inLanguage":"pl-PL","@id":"https:\/\/secure.gravatar.com\/avatar\/771b8b6c74cd8d255e46392d605e01a86133900ef09b6ef3c8d451c9d92288cf?s=96&d=mm&r=g","url":"https:\/\/secure.gravatar.com\/avatar\/771b8b6c74cd8d255e46392d605e01a86133900ef09b6ef3c8d451c9d92288cf?s=96&d=mm&r=g","contentUrl":"https:\/\/secure.gravatar.com\/avatar\/771b8b6c74cd8d255e46392d605e01a86133900ef09b6ef3c8d451c9d92288cf?s=96&d=mm&r=g","caption":"Micha\u0142 Szewczyk"},"sameAs":["http:\/\/www.gazeta-miejska.pl"],"url":"https:\/\/www.24gliwice.pl\/wiadomosci\/author\/michal-szewczyk\/"}]}},"_links":{"self":[{"href":"https:\/\/www.24gliwice.pl\/wiadomosci\/wp-json\/wp\/v2\/posts\/123655","targetHints":{"allow":["GET"]}}],"collection":[{"href":"https:\/\/www.24gliwice.pl\/wiadomosci\/wp-json\/wp\/v2\/posts"}],"about":[{"href":"https:\/\/www.24gliwice.pl\/wiadomosci\/wp-json\/wp\/v2\/types\/post"}],"author":[{"embeddable":true,"href":"https:\/\/www.24gliwice.pl\/wiadomosci\/wp-json\/wp\/v2\/users\/12"}],"replies":[{"embeddable":true,"href":"https:\/\/www.24gliwice.pl\/wiadomosci\/wp-json\/wp\/v2\/comments?post=123655"}],"version-history":[{"count":0,"href":"https:\/\/www.24gliwice.pl\/wiadomosci\/wp-json\/wp\/v2\/posts\/123655\/revisions"}],"wp:featuredmedia":[{"embeddable":true,"href":"https:\/\/www.24gliwice.pl\/wiadomosci\/wp-json\/wp\/v2\/media\/123754"}],"wp:attachment":[{"href":"https:\/\/www.24gliwice.pl\/wiadomosci\/wp-json\/wp\/v2\/media?parent=123655"}],"wp:term":[{"taxonomy":"category","embeddable":true,"href":"https:\/\/www.24gliwice.pl\/wiadomosci\/wp-json\/wp\/v2\/categories?post=123655"},{"taxonomy":"post_tag","embeddable":true,"href":"https:\/\/www.24gliwice.pl\/wiadomosci\/wp-json\/wp\/v2\/tags?post=123655"}],"curies":[{"name":"wp","href":"https:\/\/api.w.org\/{rel}","templated":true}]}}