{"id":123725,"date":"2018-10-02T11:38:58","date_gmt":"2018-10-02T09:38:58","guid":{"rendered":"https:\/\/www.24gliwice.pl\/wiadomosci\/?p=123725"},"modified":"2018-10-02T13:58:44","modified_gmt":"2018-10-02T11:58:44","slug":"msza-zalobna-i-pogrzeb-zmarlego-w-sobote-jerzego-wojewodzkiego","status":"publish","type":"post","link":"https:\/\/www.24gliwice.pl\/wiadomosci\/msza-zalobna-i-pogrzeb-zmarlego-w-sobote-jerzego-wojewodzkiego\/","title":{"rendered":"Msza \u017ca\u0142obna i pogrzeb zmar\u0142ego w sobot\u0119 Jerzego Wojew\u00f3dzkiego odb\u0119d\u0105 si\u0119 w Ligocie Zabrskiej"},"content":{"rendered":"<div class=\"gliwi-a6-nad-leadem-artykulow gliwi-entity-placement\" id=\"gliwi-3172355974\"><div class=\"gliwi-adlabel\"><span style=\"font-size: 9px\">REKLAMA<\/span><\/div><div id=\"gliwi-3385917015\" style=\"margin-bottom: 30px;margin-left: auto;margin-right: auto;text-align: center;\"><a data-no-instant=\"1\" href=\"https:\/\/przedszkole.halogen.org.pl\/\" rel=\"noopener\" class=\"a2t-link\" target=\"_blank\" aria-label=\"20260402-ANIMATOR-przedszkole_grafika_750x200\"><img loading=\"lazy\" decoding=\"async\" src=\"https:\/\/www.24gliwice.pl\/wiadomosci\/wp-content\/uploads\/2026\/04\/20260402-ANIMATOR-przedszkole_grafika_750x200.webp\" alt=\"\"  srcset=\"https:\/\/www.24gliwice.pl\/wiadomosci\/wp-content\/uploads\/2026\/04\/20260402-ANIMATOR-przedszkole_grafika_750x200.webp 750w, https:\/\/www.24gliwice.pl\/wiadomosci\/wp-content\/uploads\/2026\/04\/20260402-ANIMATOR-przedszkole_grafika_750x200-410x109.webp 410w\" sizes=\"(max-width: 750px) 100vw, 750px\" class=\"no-lazyload\" width=\"750\" height=\"200\"  style=\"display: inline-block; max-width: 100%; height: auto;\" \/><\/a><\/div><\/div><h3>W miniony weekend w szpitalu w wieku 63 lat zmar\u0142 Jerzy Wojew\u00f3dzki. By\u0142 za\u0142o\u017cycielem i prezesem Gliwickiego Towarzystwa Sympatyk\u00f3w Pi\u0142ki No\u017cnej Pi\u0119cioosobowej &#8220;Pi\u0105tka&#8221;.<\/h3>\n<p>Tego niezwykle otwartego i pozytywnego cz\u0142owieka w Gliwicach zna\u0142o wiele os\u00f3b. Wyszkoli\u0142 kilka pokole\u0144 pi\u0142karzy i by\u0142 popularyzatorem pi\u0142ki no\u017cnej pi\u0119cioosobowej.<\/p>\n<p><iframe loading=\"lazy\" style=\"border: none; overflow: hidden;\" src=\"https:\/\/www.facebook.com\/plugins\/post.php?href=https%3A%2F%2Fwww.facebook.com%2FNiedzielnaLigaFutsalu%2Fposts%2F2026988697353651%3A0&amp;width=500\" width=\"500\" height=\"759\" frameborder=\"0\" scrolling=\"no\"><\/iframe><\/p>\n<p>Pogrzeb \u015bp. Jerzego Wojew\u00f3dzkiego odb\u0119dzie si\u0119 w sobot\u0119, 6 pa\u017adziernika w Ligocie Zabrskiej. Msza \u017ca\u0142obna rozpocznie si\u0119 o godzinie 11:00 w ko\u015bciele \u015aw. J\u00f3zefa. Po niej \u017ca\u0142obnicy odprowadz\u0105 zmar\u0142ego na cmentarz przy ulicy \u015aw. Jacka.<\/p><div class=\"gliwi-a3-w-tresci-artykulow gliwi-entity-placement\" id=\"gliwi-566079407\"><div class=\"gliwi-adlabel\"><span style=\"font-size: 9px\">REKLAMA<\/span><\/div><div id=\"gliwi-821417238\" style=\"margin-bottom: 30px;margin-left: auto;margin-right: auto;text-align: center;\"><a data-no-instant=\"1\" href=\"https:\/\/ogrodyandersa.pl\/\" rel=\"noopener\" class=\"a2t-link\" target=\"_blank\" aria-label=\"20260415 Ogrody Andersa KUP TERAZ D\"><img loading=\"lazy\" decoding=\"async\" src=\"https:\/\/www.24gliwice.pl\/wiadomosci\/wp-content\/uploads\/2026\/04\/20260415-Ogrody-Andersa-KUP-TERAZ-D.jpg\" alt=\"\"  srcset=\"https:\/\/www.24gliwice.pl\/wiadomosci\/wp-content\/uploads\/2026\/04\/20260415-Ogrody-Andersa-KUP-TERAZ-D.jpg 750w, https:\/\/www.24gliwice.pl\/wiadomosci\/wp-content\/uploads\/2026\/04\/20260415-Ogrody-Andersa-KUP-TERAZ-D-410x109.jpg 410w\" sizes=\"(max-width: 750px) 100vw, 750px\" class=\"no-lazyload\" width=\"750\" height=\"200\"  style=\"display: inline-block; max-width: 100%; height: auto;\" \/><\/a><\/div><\/div>\n<p>(\u017cms)<br \/>\nfot. <a href=\"https:\/\/www.youtube.com\/watch?v=Lq-pyKm51nM\" target=\"_blank\" rel=\"noopener\">scr. youtube.com\/Niedzielna Liga Futsalu<\/a><\/p>\n<div class=\"gliwi-a5-na-koncu-artykulow gliwi-entity-placement\" id=\"gliwi-3874563086\"><div class=\"gliwi-adlabel\"><span style=\"font-size: 9px\">REKLAMA<\/span><\/div><div id=\"gliwi-1390186480\" style=\"margin-left: auto;margin-right: auto;text-align: center;\"><a data-no-instant=\"1\" href=\"https:\/\/www.jasek.pl\/\" rel=\"noopener\" class=\"a2t-link\" target=\"_blank\" aria-label=\"20200401-jasek 600\"><img loading=\"lazy\" decoding=\"async\" src=\"https:\/\/www.24gliwice.pl\/wiadomosci\/wp-content\/uploads\/2020\/04\/20200401-jasek-600.jpg\" alt=\"\"  srcset=\"https:\/\/www.24gliwice.pl\/wiadomosci\/wp-content\/uploads\/2020\/04\/20200401-jasek-600.jpg 600w, https:\/\/www.24gliwice.pl\/wiadomosci\/wp-content\/uploads\/2020\/04\/20200401-jasek-600-410x109.jpg 410w\" sizes=\"(max-width: 600px) 100vw, 600px\" class=\"no-lazyload\" width=\"600\" height=\"160\"  style=\"display: inline-block; max-width: 100%; height: auto;\" \/><\/a><\/div><\/div>","protected":false},"excerpt":{"rendered":"<p>W miniony weekend w szpitalu w wieku 63 lat zmar\u0142 Jerzy Wojew\u00f3dzki. By\u0142 za\u0142o\u017cycielem i prezesem Gliwickiego Towarzystwa Sympatyk\u00f3w Pi\u0142ki No\u017cnej Pi\u0119cioosobowej &#8220;Pi\u0105tka&#8221;. Tego niezwykle otwartego i pozytywnego cz\u0142owieka w Gliwicach zna\u0142o wiele os\u00f3b. Wyszkoli\u0142 kilka pokole\u0144 pi\u0142karzy i by\u0142 popularyzatorem pi\u0142ki no\u017cnej pi\u0119cioosobowej. Pogrzeb \u015bp. Jerzego Wojew\u00f3dzkiego odb\u0119dzie si\u0119 w sobot\u0119, 6 pa\u017adziernika w [&hellip;]<\/p>\n","protected":false},"author":15,"featured_media":123747,"comment_status":"closed","ping_status":"closed","sticky":false,"template":"","format":"standard","meta":{"_monsterinsights_skip_tracking":false,"_monsterinsights_sitenote_active":false,"_monsterinsights_sitenote_note":"","_monsterinsights_sitenote_category":0,"footnotes":"","_links_to":"","_links_to_target":""},"categories":[3,1],"tags":[10583,13536,10578,11000,8735],"class_list":["post-123725","post","type-post","status-publish","format-standard","has-post-thumbnail","hentry","category-gliwice","category-wszystko","tag-cmentarz","tag-jerzy-wojewodzki","tag-ligota-zabrska","tag-pogrzeb","tag-trener"],"yoast_head":"<!-- This site is optimized with the Yoast SEO plugin v27.5 - https:\/\/yoast.com\/product\/yoast-seo-wordpress\/ -->\n<title>Msza \u017ca\u0142obna i pogrzeb zmar\u0142ego w sobot\u0119 Jerzego Wojew\u00f3dzkiego odb\u0119d\u0105 si\u0119 w Ligocie Zabrskiej - 24GLIWICE - Portal Gliwice | codziennie nowe informacje<\/title>\n<meta name=\"robots\" content=\"index, follow, max-snippet:-1, max-image-preview:large, max-video-preview:-1\" \/>\n<link rel=\"canonical\" href=\"https:\/\/www.24gliwice.pl\/wiadomosci\/msza-zalobna-i-pogrzeb-zmarlego-w-sobote-jerzego-wojewodzkiego\/\" \/>\n<meta property=\"og:locale\" content=\"pl_PL\" \/>\n<meta property=\"og:type\" content=\"article\" \/>\n<meta property=\"og:title\" content=\"Msza \u017ca\u0142obna i pogrzeb zmar\u0142ego w sobot\u0119 Jerzego Wojew\u00f3dzkiego odb\u0119d\u0105 si\u0119 w Ligocie Zabrskiej - 24GLIWICE - Portal Gliwice | codziennie nowe informacje\" \/>\n<meta property=\"og:description\" content=\"W miniony weekend w szpitalu w wieku 63 lat zmar\u0142 Jerzy Wojew\u00f3dzki. By\u0142 za\u0142o\u017cycielem i prezesem Gliwickiego Towarzystwa Sympatyk\u00f3w Pi\u0142ki No\u017cnej Pi\u0119cioosobowej &#8220;Pi\u0105tka&#8221;. Tego niezwykle otwartego i pozytywnego cz\u0142owieka w Gliwicach zna\u0142o wiele os\u00f3b. Wyszkoli\u0142 kilka pokole\u0144 pi\u0142karzy i by\u0142 popularyzatorem pi\u0142ki no\u017cnej pi\u0119cioosobowej. Pogrzeb \u015bp. Jerzego Wojew\u00f3dzkiego odb\u0119dzie si\u0119 w sobot\u0119, 6 pa\u017adziernika w [&hellip;]\" \/>\n<meta property=\"og:url\" content=\"https:\/\/www.24gliwice.pl\/wiadomosci\/msza-zalobna-i-pogrzeb-zmarlego-w-sobote-jerzego-wojewodzkiego\/\" \/>\n<meta property=\"og:site_name\" content=\"24GLIWICE - Portal Gliwice | codziennie nowe informacje\" \/>\n<meta property=\"article:publisher\" content=\"https:\/\/www.facebook.com\/24gliwice\" \/>\n<meta property=\"article:published_time\" content=\"2018-10-02T09:38:58+00:00\" \/>\n<meta property=\"article:modified_time\" content=\"2018-10-02T11:58:44+00:00\" \/>\n<meta property=\"og:image\" content=\"https:\/\/www.24gliwice.pl\/wiadomosci\/wp-content\/uploads\/2018\/10\/jerzy-wojewodzki.jpg\" \/>\n\t<meta property=\"og:image:width\" content=\"810\" \/>\n\t<meta property=\"og:image:height\" content=\"484\" \/>\n\t<meta property=\"og:image:type\" content=\"image\/jpeg\" \/>\n<meta name=\"author\" content=\"\u017baneta Mrozek-Siewierska\" \/>\n<meta name=\"twitter:card\" content=\"summary_large_image\" \/>\n<meta name=\"twitter:creator\" content=\"@24gliwice\" \/>\n<meta name=\"twitter:site\" content=\"@24gliwice\" \/>\n<meta name=\"twitter:label1\" content=\"Napisane przez\" \/>\n\t<meta name=\"twitter:data1\" content=\"\u017baneta Mrozek-Siewierska\" \/>\n\t<meta name=\"twitter:label2\" content=\"Szacowany czas czytania\" \/>\n\t<meta name=\"twitter:data2\" content=\"1 minuta\" \/>\n<script type=\"application\/ld+json\" class=\"yoast-schema-graph\">{\"@context\":\"https:\\\/\\\/schema.org\",\"@graph\":[{\"@type\":\"Article\",\"@id\":\"https:\\\/\\\/www.24gliwice.pl\\\/wiadomosci\\\/msza-zalobna-i-pogrzeb-zmarlego-w-sobote-jerzego-wojewodzkiego\\\/#article\",\"isPartOf\":{\"@id\":\"https:\\\/\\\/www.24gliwice.pl\\\/wiadomosci\\\/msza-zalobna-i-pogrzeb-zmarlego-w-sobote-jerzego-wojewodzkiego\\\/\"},\"author\":{\"name\":\"\u017baneta Mrozek-Siewierska\",\"@id\":\"https:\\\/\\\/www.24gliwice.pl\\\/wiadomosci\\\/#\\\/schema\\\/person\\\/e42c650edd7f2fa332be3811fb166b6e\"},\"headline\":\"Msza \u017ca\u0142obna i pogrzeb zmar\u0142ego w sobot\u0119 Jerzego Wojew\u00f3dzkiego odb\u0119d\u0105 si\u0119 w Ligocie Zabrskiej\",\"datePublished\":\"2018-10-02T09:38:58+00:00\",\"dateModified\":\"2018-10-02T11:58:44+00:00\",\"mainEntityOfPage\":{\"@id\":\"https:\\\/\\\/www.24gliwice.pl\\\/wiadomosci\\\/msza-zalobna-i-pogrzeb-zmarlego-w-sobote-jerzego-wojewodzkiego\\\/\"},\"wordCount\":125,\"publisher\":{\"@id\":\"https:\\\/\\\/www.24gliwice.pl\\\/wiadomosci\\\/#organization\"},\"image\":{\"@id\":\"https:\\\/\\\/www.24gliwice.pl\\\/wiadomosci\\\/msza-zalobna-i-pogrzeb-zmarlego-w-sobote-jerzego-wojewodzkiego\\\/#primaryimage\"},\"thumbnailUrl\":\"https:\\\/\\\/www.24gliwice.pl\\\/wiadomosci\\\/wp-content\\\/uploads\\\/2018\\\/10\\\/jerzy-wojewodzki.jpg\",\"keywords\":[\"CMENTARZ\",\"jerzy wojew\u00f3dzki\",\"LIGOTA ZABRSKA\",\"pogrzeb\",\"trener\"],\"articleSection\":[\"Gliwice\",\"Najnowsze wiadomo\u015bci\"],\"inLanguage\":\"pl-PL\"},{\"@type\":\"WebPage\",\"@id\":\"https:\\\/\\\/www.24gliwice.pl\\\/wiadomosci\\\/msza-zalobna-i-pogrzeb-zmarlego-w-sobote-jerzego-wojewodzkiego\\\/\",\"url\":\"https:\\\/\\\/www.24gliwice.pl\\\/wiadomosci\\\/msza-zalobna-i-pogrzeb-zmarlego-w-sobote-jerzego-wojewodzkiego\\\/\",\"name\":\"Msza \u017ca\u0142obna i pogrzeb zmar\u0142ego w sobot\u0119 Jerzego Wojew\u00f3dzkiego odb\u0119d\u0105 si\u0119 w Ligocie Zabrskiej - 24GLIWICE - Portal Gliwice | codziennie nowe informacje\",\"isPartOf\":{\"@id\":\"https:\\\/\\\/www.24gliwice.pl\\\/wiadomosci\\\/#website\"},\"primaryImageOfPage\":{\"@id\":\"https:\\\/\\\/www.24gliwice.pl\\\/wiadomosci\\\/msza-zalobna-i-pogrzeb-zmarlego-w-sobote-jerzego-wojewodzkiego\\\/#primaryimage\"},\"image\":{\"@id\":\"https:\\\/\\\/www.24gliwice.pl\\\/wiadomosci\\\/msza-zalobna-i-pogrzeb-zmarlego-w-sobote-jerzego-wojewodzkiego\\\/#primaryimage\"},\"thumbnailUrl\":\"https:\\\/\\\/www.24gliwice.pl\\\/wiadomosci\\\/wp-content\\\/uploads\\\/2018\\\/10\\\/jerzy-wojewodzki.jpg\",\"datePublished\":\"2018-10-02T09:38:58+00:00\",\"dateModified\":\"2018-10-02T11:58:44+00:00\",\"breadcrumb\":{\"@id\":\"https:\\\/\\\/www.24gliwice.pl\\\/wiadomosci\\\/msza-zalobna-i-pogrzeb-zmarlego-w-sobote-jerzego-wojewodzkiego\\\/#breadcrumb\"},\"inLanguage\":\"pl-PL\",\"potentialAction\":[{\"@type\":\"ReadAction\",\"target\":[\"https:\\\/\\\/www.24gliwice.pl\\\/wiadomosci\\\/msza-zalobna-i-pogrzeb-zmarlego-w-sobote-jerzego-wojewodzkiego\\\/\"]}]},{\"@type\":\"ImageObject\",\"inLanguage\":\"pl-PL\",\"@id\":\"https:\\\/\\\/www.24gliwice.pl\\\/wiadomosci\\\/msza-zalobna-i-pogrzeb-zmarlego-w-sobote-jerzego-wojewodzkiego\\\/#primaryimage\",\"url\":\"https:\\\/\\\/www.24gliwice.pl\\\/wiadomosci\\\/wp-content\\\/uploads\\\/2018\\\/10\\\/jerzy-wojewodzki.jpg\",\"contentUrl\":\"https:\\\/\\\/www.24gliwice.pl\\\/wiadomosci\\\/wp-content\\\/uploads\\\/2018\\\/10\\\/jerzy-wojewodzki.jpg\",\"width\":810,\"height\":484},{\"@type\":\"BreadcrumbList\",\"@id\":\"https:\\\/\\\/www.24gliwice.pl\\\/wiadomosci\\\/msza-zalobna-i-pogrzeb-zmarlego-w-sobote-jerzego-wojewodzkiego\\\/#breadcrumb\",\"itemListElement\":[{\"@type\":\"ListItem\",\"position\":1,\"name\":\"Strona g\u0142\u00f3wna\",\"item\":\"https:\\\/\\\/www.24gliwice.pl\\\/wiadomosci\\\/\"},{\"@type\":\"ListItem\",\"position\":2,\"name\":\"Msza \u017ca\u0142obna i pogrzeb zmar\u0142ego w sobot\u0119 Jerzego Wojew\u00f3dzkiego odb\u0119d\u0105 si\u0119 w Ligocie Zabrskiej\"}]},{\"@type\":\"WebSite\",\"@id\":\"https:\\\/\\\/www.24gliwice.pl\\\/wiadomosci\\\/#website\",\"url\":\"https:\\\/\\\/www.24gliwice.pl\\\/wiadomosci\\\/\",\"name\":\"24GLIWICE - Portal Gliwice | codziennie nowe wiadomo\u015bci\",\"description\":\"Portal Miejski Gliwice\",\"publisher\":{\"@id\":\"https:\\\/\\\/www.24gliwice.pl\\\/wiadomosci\\\/#organization\"},\"potentialAction\":[{\"@type\":\"SearchAction\",\"target\":{\"@type\":\"EntryPoint\",\"urlTemplate\":\"https:\\\/\\\/www.24gliwice.pl\\\/wiadomosci\\\/?s={search_term_string}\"},\"query-input\":{\"@type\":\"PropertyValueSpecification\",\"valueRequired\":true,\"valueName\":\"search_term_string\"}}],\"inLanguage\":\"pl-PL\"},{\"@type\":\"Organization\",\"@id\":\"https:\\\/\\\/www.24gliwice.pl\\\/wiadomosci\\\/#organization\",\"name\":\"24gliwice\",\"url\":\"https:\\\/\\\/www.24gliwice.pl\\\/wiadomosci\\\/\",\"logo\":{\"@type\":\"ImageObject\",\"inLanguage\":\"pl-PL\",\"@id\":\"https:\\\/\\\/www.24gliwice.pl\\\/wiadomosci\\\/#\\\/schema\\\/logo\\\/image\\\/\",\"url\":\"https:\\\/\\\/www.24gliwice.pl\\\/wiadomosci\\\/wp-content\\\/uploads\\\/2024\\\/10\\\/24gliwice-logo-696.jpg\",\"contentUrl\":\"https:\\\/\\\/www.24gliwice.pl\\\/wiadomosci\\\/wp-content\\\/uploads\\\/2024\\\/10\\\/24gliwice-logo-696.jpg\",\"width\":696,\"height\":696,\"caption\":\"24gliwice\"},\"image\":{\"@id\":\"https:\\\/\\\/www.24gliwice.pl\\\/wiadomosci\\\/#\\\/schema\\\/logo\\\/image\\\/\"},\"sameAs\":[\"https:\\\/\\\/www.facebook.com\\\/24gliwice\",\"https:\\\/\\\/x.com\\\/24gliwice\",\"https:\\\/\\\/www.youtube.com\\\/@24gliwice\"]},{\"@type\":\"Person\",\"@id\":\"https:\\\/\\\/www.24gliwice.pl\\\/wiadomosci\\\/#\\\/schema\\\/person\\\/e42c650edd7f2fa332be3811fb166b6e\",\"name\":\"\u017baneta Mrozek-Siewierska\",\"image\":{\"@type\":\"ImageObject\",\"inLanguage\":\"pl-PL\",\"@id\":\"https:\\\/\\\/secure.gravatar.com\\\/avatar\\\/1881429e9c64597c77ad7aef2d0a19be69a3253e57534d16aa15bf3a4d34a0a3?s=96&d=mm&r=g\",\"url\":\"https:\\\/\\\/secure.gravatar.com\\\/avatar\\\/1881429e9c64597c77ad7aef2d0a19be69a3253e57534d16aa15bf3a4d34a0a3?s=96&d=mm&r=g\",\"contentUrl\":\"https:\\\/\\\/secure.gravatar.com\\\/avatar\\\/1881429e9c64597c77ad7aef2d0a19be69a3253e57534d16aa15bf3a4d34a0a3?s=96&d=mm&r=g\",\"caption\":\"\u017baneta Mrozek-Siewierska\"},\"url\":\"https:\\\/\\\/www.24gliwice.pl\\\/wiadomosci\\\/author\\\/zms\\\/\"}]}<\/script>\n<!-- \/ Yoast SEO plugin. -->","yoast_head_json":{"title":"Msza \u017ca\u0142obna i pogrzeb zmar\u0142ego w sobot\u0119 Jerzego Wojew\u00f3dzkiego odb\u0119d\u0105 si\u0119 w Ligocie Zabrskiej - 24GLIWICE - Portal Gliwice | codziennie nowe informacje","robots":{"index":"index","follow":"follow","max-snippet":"max-snippet:-1","max-image-preview":"max-image-preview:large","max-video-preview":"max-video-preview:-1"},"canonical":"https:\/\/www.24gliwice.pl\/wiadomosci\/msza-zalobna-i-pogrzeb-zmarlego-w-sobote-jerzego-wojewodzkiego\/","og_locale":"pl_PL","og_type":"article","og_title":"Msza \u017ca\u0142obna i pogrzeb zmar\u0142ego w sobot\u0119 Jerzego Wojew\u00f3dzkiego odb\u0119d\u0105 si\u0119 w Ligocie Zabrskiej - 24GLIWICE - Portal Gliwice | codziennie nowe informacje","og_description":"W miniony weekend w szpitalu w wieku 63 lat zmar\u0142 Jerzy Wojew\u00f3dzki. By\u0142 za\u0142o\u017cycielem i prezesem Gliwickiego Towarzystwa Sympatyk\u00f3w Pi\u0142ki No\u017cnej Pi\u0119cioosobowej &#8220;Pi\u0105tka&#8221;. Tego niezwykle otwartego i pozytywnego cz\u0142owieka w Gliwicach zna\u0142o wiele os\u00f3b. Wyszkoli\u0142 kilka pokole\u0144 pi\u0142karzy i by\u0142 popularyzatorem pi\u0142ki no\u017cnej pi\u0119cioosobowej. Pogrzeb \u015bp. Jerzego Wojew\u00f3dzkiego odb\u0119dzie si\u0119 w sobot\u0119, 6 pa\u017adziernika w [&hellip;]","og_url":"https:\/\/www.24gliwice.pl\/wiadomosci\/msza-zalobna-i-pogrzeb-zmarlego-w-sobote-jerzego-wojewodzkiego\/","og_site_name":"24GLIWICE - Portal Gliwice | codziennie nowe informacje","article_publisher":"https:\/\/www.facebook.com\/24gliwice","article_published_time":"2018-10-02T09:38:58+00:00","article_modified_time":"2018-10-02T11:58:44+00:00","og_image":[{"width":810,"height":484,"url":"https:\/\/www.24gliwice.pl\/wiadomosci\/wp-content\/uploads\/2018\/10\/jerzy-wojewodzki.jpg","type":"image\/jpeg"}],"author":"\u017baneta Mrozek-Siewierska","twitter_card":"summary_large_image","twitter_creator":"@24gliwice","twitter_site":"@24gliwice","twitter_misc":{"Napisane przez":"\u017baneta Mrozek-Siewierska","Szacowany czas czytania":"1 minuta"},"schema":{"@context":"https:\/\/schema.org","@graph":[{"@type":"Article","@id":"https:\/\/www.24gliwice.pl\/wiadomosci\/msza-zalobna-i-pogrzeb-zmarlego-w-sobote-jerzego-wojewodzkiego\/#article","isPartOf":{"@id":"https:\/\/www.24gliwice.pl\/wiadomosci\/msza-zalobna-i-pogrzeb-zmarlego-w-sobote-jerzego-wojewodzkiego\/"},"author":{"name":"\u017baneta Mrozek-Siewierska","@id":"https:\/\/www.24gliwice.pl\/wiadomosci\/#\/schema\/person\/e42c650edd7f2fa332be3811fb166b6e"},"headline":"Msza \u017ca\u0142obna i pogrzeb zmar\u0142ego w sobot\u0119 Jerzego Wojew\u00f3dzkiego odb\u0119d\u0105 si\u0119 w Ligocie Zabrskiej","datePublished":"2018-10-02T09:38:58+00:00","dateModified":"2018-10-02T11:58:44+00:00","mainEntityOfPage":{"@id":"https:\/\/www.24gliwice.pl\/wiadomosci\/msza-zalobna-i-pogrzeb-zmarlego-w-sobote-jerzego-wojewodzkiego\/"},"wordCount":125,"publisher":{"@id":"https:\/\/www.24gliwice.pl\/wiadomosci\/#organization"},"image":{"@id":"https:\/\/www.24gliwice.pl\/wiadomosci\/msza-zalobna-i-pogrzeb-zmarlego-w-sobote-jerzego-wojewodzkiego\/#primaryimage"},"thumbnailUrl":"https:\/\/www.24gliwice.pl\/wiadomosci\/wp-content\/uploads\/2018\/10\/jerzy-wojewodzki.jpg","keywords":["CMENTARZ","jerzy wojew\u00f3dzki","LIGOTA ZABRSKA","pogrzeb","trener"],"articleSection":["Gliwice","Najnowsze wiadomo\u015bci"],"inLanguage":"pl-PL"},{"@type":"WebPage","@id":"https:\/\/www.24gliwice.pl\/wiadomosci\/msza-zalobna-i-pogrzeb-zmarlego-w-sobote-jerzego-wojewodzkiego\/","url":"https:\/\/www.24gliwice.pl\/wiadomosci\/msza-zalobna-i-pogrzeb-zmarlego-w-sobote-jerzego-wojewodzkiego\/","name":"Msza \u017ca\u0142obna i pogrzeb zmar\u0142ego w sobot\u0119 Jerzego Wojew\u00f3dzkiego odb\u0119d\u0105 si\u0119 w Ligocie Zabrskiej - 24GLIWICE - Portal Gliwice | codziennie nowe informacje","isPartOf":{"@id":"https:\/\/www.24gliwice.pl\/wiadomosci\/#website"},"primaryImageOfPage":{"@id":"https:\/\/www.24gliwice.pl\/wiadomosci\/msza-zalobna-i-pogrzeb-zmarlego-w-sobote-jerzego-wojewodzkiego\/#primaryimage"},"image":{"@id":"https:\/\/www.24gliwice.pl\/wiadomosci\/msza-zalobna-i-pogrzeb-zmarlego-w-sobote-jerzego-wojewodzkiego\/#primaryimage"},"thumbnailUrl":"https:\/\/www.24gliwice.pl\/wiadomosci\/wp-content\/uploads\/2018\/10\/jerzy-wojewodzki.jpg","datePublished":"2018-10-02T09:38:58+00:00","dateModified":"2018-10-02T11:58:44+00:00","breadcrumb":{"@id":"https:\/\/www.24gliwice.pl\/wiadomosci\/msza-zalobna-i-pogrzeb-zmarlego-w-sobote-jerzego-wojewodzkiego\/#breadcrumb"},"inLanguage":"pl-PL","potentialAction":[{"@type":"ReadAction","target":["https:\/\/www.24gliwice.pl\/wiadomosci\/msza-zalobna-i-pogrzeb-zmarlego-w-sobote-jerzego-wojewodzkiego\/"]}]},{"@type":"ImageObject","inLanguage":"pl-PL","@id":"https:\/\/www.24gliwice.pl\/wiadomosci\/msza-zalobna-i-pogrzeb-zmarlego-w-sobote-jerzego-wojewodzkiego\/#primaryimage","url":"https:\/\/www.24gliwice.pl\/wiadomosci\/wp-content\/uploads\/2018\/10\/jerzy-wojewodzki.jpg","contentUrl":"https:\/\/www.24gliwice.pl\/wiadomosci\/wp-content\/uploads\/2018\/10\/jerzy-wojewodzki.jpg","width":810,"height":484},{"@type":"BreadcrumbList","@id":"https:\/\/www.24gliwice.pl\/wiadomosci\/msza-zalobna-i-pogrzeb-zmarlego-w-sobote-jerzego-wojewodzkiego\/#breadcrumb","itemListElement":[{"@type":"ListItem","position":1,"name":"Strona g\u0142\u00f3wna","item":"https:\/\/www.24gliwice.pl\/wiadomosci\/"},{"@type":"ListItem","position":2,"name":"Msza \u017ca\u0142obna i pogrzeb zmar\u0142ego w sobot\u0119 Jerzego Wojew\u00f3dzkiego odb\u0119d\u0105 si\u0119 w Ligocie Zabrskiej"}]},{"@type":"WebSite","@id":"https:\/\/www.24gliwice.pl\/wiadomosci\/#website","url":"https:\/\/www.24gliwice.pl\/wiadomosci\/","name":"24GLIWICE - Portal Gliwice | codziennie nowe wiadomo\u015bci","description":"Portal Miejski Gliwice","publisher":{"@id":"https:\/\/www.24gliwice.pl\/wiadomosci\/#organization"},"potentialAction":[{"@type":"SearchAction","target":{"@type":"EntryPoint","urlTemplate":"https:\/\/www.24gliwice.pl\/wiadomosci\/?s={search_term_string}"},"query-input":{"@type":"PropertyValueSpecification","valueRequired":true,"valueName":"search_term_string"}}],"inLanguage":"pl-PL"},{"@type":"Organization","@id":"https:\/\/www.24gliwice.pl\/wiadomosci\/#organization","name":"24gliwice","url":"https:\/\/www.24gliwice.pl\/wiadomosci\/","logo":{"@type":"ImageObject","inLanguage":"pl-PL","@id":"https:\/\/www.24gliwice.pl\/wiadomosci\/#\/schema\/logo\/image\/","url":"https:\/\/www.24gliwice.pl\/wiadomosci\/wp-content\/uploads\/2024\/10\/24gliwice-logo-696.jpg","contentUrl":"https:\/\/www.24gliwice.pl\/wiadomosci\/wp-content\/uploads\/2024\/10\/24gliwice-logo-696.jpg","width":696,"height":696,"caption":"24gliwice"},"image":{"@id":"https:\/\/www.24gliwice.pl\/wiadomosci\/#\/schema\/logo\/image\/"},"sameAs":["https:\/\/www.facebook.com\/24gliwice","https:\/\/x.com\/24gliwice","https:\/\/www.youtube.com\/@24gliwice"]},{"@type":"Person","@id":"https:\/\/www.24gliwice.pl\/wiadomosci\/#\/schema\/person\/e42c650edd7f2fa332be3811fb166b6e","name":"\u017baneta Mrozek-Siewierska","image":{"@type":"ImageObject","inLanguage":"pl-PL","@id":"https:\/\/secure.gravatar.com\/avatar\/1881429e9c64597c77ad7aef2d0a19be69a3253e57534d16aa15bf3a4d34a0a3?s=96&d=mm&r=g","url":"https:\/\/secure.gravatar.com\/avatar\/1881429e9c64597c77ad7aef2d0a19be69a3253e57534d16aa15bf3a4d34a0a3?s=96&d=mm&r=g","contentUrl":"https:\/\/secure.gravatar.com\/avatar\/1881429e9c64597c77ad7aef2d0a19be69a3253e57534d16aa15bf3a4d34a0a3?s=96&d=mm&r=g","caption":"\u017baneta Mrozek-Siewierska"},"url":"https:\/\/www.24gliwice.pl\/wiadomosci\/author\/zms\/"}]}},"_links":{"self":[{"href":"https:\/\/www.24gliwice.pl\/wiadomosci\/wp-json\/wp\/v2\/posts\/123725","targetHints":{"allow":["GET"]}}],"collection":[{"href":"https:\/\/www.24gliwice.pl\/wiadomosci\/wp-json\/wp\/v2\/posts"}],"about":[{"href":"https:\/\/www.24gliwice.pl\/wiadomosci\/wp-json\/wp\/v2\/types\/post"}],"author":[{"embeddable":true,"href":"https:\/\/www.24gliwice.pl\/wiadomosci\/wp-json\/wp\/v2\/users\/15"}],"replies":[{"embeddable":true,"href":"https:\/\/www.24gliwice.pl\/wiadomosci\/wp-json\/wp\/v2\/comments?post=123725"}],"version-history":[{"count":0,"href":"https:\/\/www.24gliwice.pl\/wiadomosci\/wp-json\/wp\/v2\/posts\/123725\/revisions"}],"wp:featuredmedia":[{"embeddable":true,"href":"https:\/\/www.24gliwice.pl\/wiadomosci\/wp-json\/wp\/v2\/media\/123747"}],"wp:attachment":[{"href":"https:\/\/www.24gliwice.pl\/wiadomosci\/wp-json\/wp\/v2\/media?parent=123725"}],"wp:term":[{"taxonomy":"category","embeddable":true,"href":"https:\/\/www.24gliwice.pl\/wiadomosci\/wp-json\/wp\/v2\/categories?post=123725"},{"taxonomy":"post_tag","embeddable":true,"href":"https:\/\/www.24gliwice.pl\/wiadomosci\/wp-json\/wp\/v2\/tags?post=123725"}],"curies":[{"name":"wp","href":"https:\/\/api.w.org\/{rel}","templated":true}]}}