{"id":123769,"date":"2018-10-03T11:23:33","date_gmt":"2018-10-03T09:23:33","guid":{"rendered":"https:\/\/www.24gliwice.pl\/wiadomosci\/?p=123769"},"modified":"2018-10-03T11:23:33","modified_gmt":"2018-10-03T09:23:33","slug":"klodnicka-od-czwartku-wylaczona-z-ruchu-nawierzchnia-jezdni-bedzie-modernizowana","status":"publish","type":"post","link":"https:\/\/www.24gliwice.pl\/wiadomosci\/klodnicka-od-czwartku-wylaczona-z-ruchu-nawierzchnia-jezdni-bedzie-modernizowana\/","title":{"rendered":"K\u0142odnicka od czwartku wy\u0142\u0105czona z ruchu. Nawierzchnia jezdni b\u0119dzie modernizowana"},"content":{"rendered":"<div class=\"gliwi-a6-nad-leadem-artykulow gliwi-entity-placement\" id=\"gliwi-4267620723\"><div class=\"gliwi-adlabel\"><span style=\"font-size: 9px\">REKLAMA<\/span><\/div><div id=\"gliwi-937543671\" style=\"margin-bottom: 30px;margin-left: auto;margin-right: auto;text-align: center;\"><a data-no-instant=\"1\" href=\"https:\/\/przedszkole.halogen.org.pl\/\" rel=\"noopener\" class=\"a2t-link\" target=\"_blank\" aria-label=\"20260402-ANIMATOR-przedszkole_grafika_750x200\"><img loading=\"lazy\" decoding=\"async\" src=\"https:\/\/www.24gliwice.pl\/wiadomosci\/wp-content\/uploads\/2026\/04\/20260402-ANIMATOR-przedszkole_grafika_750x200.webp\" alt=\"\"  srcset=\"https:\/\/www.24gliwice.pl\/wiadomosci\/wp-content\/uploads\/2026\/04\/20260402-ANIMATOR-przedszkole_grafika_750x200.webp 750w, https:\/\/www.24gliwice.pl\/wiadomosci\/wp-content\/uploads\/2026\/04\/20260402-ANIMATOR-przedszkole_grafika_750x200-410x109.webp 410w\" sizes=\"(max-width: 750px) 100vw, 750px\" class=\"no-lazyload\" width=\"750\" height=\"200\"  style=\"display: inline-block; max-width: 100%; height: auto;\" \/><\/a><\/div><\/div><h3>Od 4 pa\u017adziernika ul. K\u0142odnicka b\u0119dzie nieprzejezdna na odcinku od ul. Wroc\u0142awskiej do ul. Dworcowej. Drogowcy b\u0119d\u0105 tam remontowa\u0107 nawierzchni\u0119 jezdni.<\/h3>\n<p>W tym tygodniu w wielu miejscach w Gliwicach rozpoczn\u0105 si\u0119 realizacje rob\u00f3t prowadzonych przez Zarz\u0105d Dr\u00f3g Miejskich. <a href=\"https:\/\/www.24gliwice.pl\/wiadomosci\/uwaga-kierowcy-od-wtorku-na-ulicy-andersa-obowiazuje-zmieniona-organizacja-ruchu\/\" target=\"_blank\" rel=\"noopener\">We wtorek mia\u0142 ruszy\u0107 remont kanalizacji sanitarnej<\/a> na odcinku ulicy Andersa, ale ze wzgl\u0119du na warunki atmosferyczne zosta\u0142 przesuni\u0119ty na \u015brod\u0119 lub p\u00f3\u017aniejsze dni. <a href=\"https:\/\/www.24gliwice.pl\/wiadomosci\/od-srody-rusza-w-tym-miejscu-budowa-sygnalizacji-swietlnej-niewielkie-utrudnienia-w-ruchu\/\" target=\"_blank\" rel=\"noopener\">Od \u015brody prowadzony ma by\u0107 te\u017c monta\u017c sygnalizacji \u015bwietlnej<\/a> na skrzy\u017cowaniu ulic Kurpiowskiej, Olszewskiego i Tarnog\u00f3rskiej.<\/p>\n<p>Roboty na ul. K\u0142odnickiej to kolejne dzia\u0142anie ZDM. Rozpoczn\u0105 si\u0119 w najbli\u017cszy czwartek o godzinie 7:00. Na czas modernizacji remontowany odcinek ul. K\u0142odnickiej zostanie wy\u0142\u0105czony z ruchu drogowego. Objazdy do ulicy Dworcowej b\u0119d\u0105 prowadzone ulicami: Cz\u0119stochowsk\u0105 i Jagiello\u0144sk\u0105.<\/p><div class=\"gliwi-a3-w-tresci-artykulow gliwi-entity-placement\" id=\"gliwi-1869963403\"><div class=\"gliwi-adlabel\"><span style=\"font-size: 9px\">REKLAMA<\/span><\/div><div id=\"gliwi-2152210765\" style=\"margin-bottom: 30px;margin-left: auto;margin-right: auto;text-align: center;\"><a data-no-instant=\"1\" href=\"https:\/\/ogrodyandersa.pl\/\" rel=\"noopener\" class=\"a2t-link\" target=\"_blank\" aria-label=\"20260415 Ogrody Andersa KUP TERAZ D\"><img loading=\"lazy\" decoding=\"async\" src=\"https:\/\/www.24gliwice.pl\/wiadomosci\/wp-content\/uploads\/2026\/04\/20260415-Ogrody-Andersa-KUP-TERAZ-D.jpg\" alt=\"\"  srcset=\"https:\/\/www.24gliwice.pl\/wiadomosci\/wp-content\/uploads\/2026\/04\/20260415-Ogrody-Andersa-KUP-TERAZ-D.jpg 750w, https:\/\/www.24gliwice.pl\/wiadomosci\/wp-content\/uploads\/2026\/04\/20260415-Ogrody-Andersa-KUP-TERAZ-D-410x109.jpg 410w\" sizes=\"(max-width: 750px) 100vw, 750px\" class=\"no-lazyload\" width=\"750\" height=\"200\"  style=\"display: inline-block; max-width: 100%; height: auto;\" \/><\/a><\/div><\/div>\n<p>(\u017cms)\/UM(mka)<\/p>\n<p>fot. \u017cms\/24gliwice.p.<\/p>\n<p><img loading=\"lazy\" decoding=\"async\" class=\"alignnone size-full wp-image-123772\" src=\"https:\/\/www.24gliwice.pl\/wiadomosci\/wp-content\/uploads\/2018\/10\/k\u0142odnicka-2.jpg\" alt=\"\" width=\"1387\" height=\"780\" srcset=\"https:\/\/www.24gliwice.pl\/wiadomosci\/wp-content\/uploads\/2018\/10\/k\u0142odnicka-2.jpg 1387w, https:\/\/www.24gliwice.pl\/wiadomosci\/wp-content\/uploads\/2018\/10\/k\u0142odnicka-2-410x232.jpg 410w, https:\/\/www.24gliwice.pl\/wiadomosci\/wp-content\/uploads\/2018\/10\/k\u0142odnicka-2-768x432.jpg 768w, https:\/\/www.24gliwice.pl\/wiadomosci\/wp-content\/uploads\/2018\/10\/k\u0142odnicka-2-810x456.jpg 810w, https:\/\/www.24gliwice.pl\/wiadomosci\/wp-content\/uploads\/2018\/10\/k\u0142odnicka-2-1140x641.jpg 1140w\" sizes=\"auto, (max-width: 1387px) 100vw, 1387px\" \/><\/p>\n<div class=\"gliwi-a5-na-koncu-artykulow gliwi-entity-placement\" id=\"gliwi-2907847701\"><div class=\"gliwi-adlabel\"><span style=\"font-size: 9px\">REKLAMA<\/span><\/div><div id=\"gliwi-2346630276\" style=\"margin-left: auto;margin-right: auto;text-align: center;\"><a data-no-instant=\"1\" href=\"https:\/\/prezeroarenagliwice.pl\/\" rel=\"noopener\" class=\"a2t-link\" target=\"_blank\" aria-label=\"20260309-PREZERO-WIOSNA-D\"><img loading=\"lazy\" decoding=\"async\" src=\"https:\/\/www.24gliwice.pl\/wiadomosci\/wp-content\/uploads\/2026\/03\/20260309-PREZERO-WIOSNA-D.webp\" alt=\"\"  srcset=\"https:\/\/www.24gliwice.pl\/wiadomosci\/wp-content\/uploads\/2026\/03\/20260309-PREZERO-WIOSNA-D.webp 750w, https:\/\/www.24gliwice.pl\/wiadomosci\/wp-content\/uploads\/2026\/03\/20260309-PREZERO-WIOSNA-D-410x109.webp 410w\" sizes=\"(max-width: 750px) 100vw, 750px\" class=\"no-lazyload\" width=\"750\" height=\"200\"  style=\"display: inline-block; max-width: 100%; height: auto;\" \/><\/a><\/div><\/div>","protected":false},"excerpt":{"rendered":"<p>Od 4 pa\u017adziernika ul. K\u0142odnicka b\u0119dzie nieprzejezdna na odcinku od ul. Wroc\u0142awskiej do ul. Dworcowej. Drogowcy b\u0119d\u0105 tam remontowa\u0107 nawierzchni\u0119 jezdni. W tym tygodniu w wielu miejscach w Gliwicach rozpoczn\u0105 si\u0119 realizacje rob\u00f3t prowadzonych przez Zarz\u0105d Dr\u00f3g Miejskich. We wtorek mia\u0142 ruszy\u0107 remont kanalizacji sanitarnej na odcinku ulicy Andersa, ale ze wzgl\u0119du na warunki atmosferyczne [&hellip;]<\/p>\n","protected":false},"author":15,"featured_media":123773,"comment_status":"open","ping_status":"closed","sticky":false,"template":"","format":"standard","meta":{"_monsterinsights_skip_tracking":false,"_monsterinsights_sitenote_active":false,"_monsterinsights_sitenote_note":"","_monsterinsights_sitenote_category":0,"footnotes":"","_links_to":"","_links_to_target":""},"categories":[3,1],"tags":[9098,9438,978,9555,10116,214],"class_list":["post-123769","post","type-post","status-publish","format-standard","has-post-thumbnail","hentry","category-gliwice","category-wszystko","tag-drogowcy","tag-klodnicka","tag-objazd","tag-remont-drogi","tag-wymiana-nawierzchni-jezdni","tag-zdm"],"yoast_head":"<!-- This site is optimized with the Yoast SEO plugin v27.5 - https:\/\/yoast.com\/product\/yoast-seo-wordpress\/ -->\n<title>K\u0142odnicka od czwartku wy\u0142\u0105czona z ruchu. Nawierzchnia jezdni b\u0119dzie modernizowana - 24GLIWICE - Portal Gliwice | codziennie nowe informacje<\/title>\n<meta name=\"robots\" content=\"index, follow, max-snippet:-1, max-image-preview:large, max-video-preview:-1\" \/>\n<link rel=\"canonical\" href=\"https:\/\/www.24gliwice.pl\/wiadomosci\/klodnicka-od-czwartku-wylaczona-z-ruchu-nawierzchnia-jezdni-bedzie-modernizowana\/\" \/>\n<meta property=\"og:locale\" content=\"pl_PL\" \/>\n<meta property=\"og:type\" content=\"article\" \/>\n<meta property=\"og:title\" content=\"K\u0142odnicka od czwartku wy\u0142\u0105czona z ruchu. Nawierzchnia jezdni b\u0119dzie modernizowana - 24GLIWICE - Portal Gliwice | codziennie nowe informacje\" \/>\n<meta property=\"og:description\" content=\"Od 4 pa\u017adziernika ul. K\u0142odnicka b\u0119dzie nieprzejezdna na odcinku od ul. Wroc\u0142awskiej do ul. Dworcowej. Drogowcy b\u0119d\u0105 tam remontowa\u0107 nawierzchni\u0119 jezdni. W tym tygodniu w wielu miejscach w Gliwicach rozpoczn\u0105 si\u0119 realizacje rob\u00f3t prowadzonych przez Zarz\u0105d Dr\u00f3g Miejskich. We wtorek mia\u0142 ruszy\u0107 remont kanalizacji sanitarnej na odcinku ulicy Andersa, ale ze wzgl\u0119du na warunki atmosferyczne [&hellip;]\" \/>\n<meta property=\"og:url\" content=\"https:\/\/www.24gliwice.pl\/wiadomosci\/klodnicka-od-czwartku-wylaczona-z-ruchu-nawierzchnia-jezdni-bedzie-modernizowana\/\" \/>\n<meta property=\"og:site_name\" content=\"24GLIWICE - Portal Gliwice | codziennie nowe informacje\" \/>\n<meta property=\"article:publisher\" content=\"https:\/\/www.facebook.com\/24gliwice\" \/>\n<meta property=\"article:published_time\" content=\"2018-10-03T09:23:33+00:00\" \/>\n<meta property=\"og:image\" content=\"https:\/\/www.24gliwice.pl\/wiadomosci\/wp-content\/uploads\/2018\/10\/k\u0142odnicka-e1538554569696.jpg\" \/>\n\t<meta property=\"og:image:width\" content=\"810\" \/>\n\t<meta property=\"og:image:height\" content=\"455\" \/>\n\t<meta property=\"og:image:type\" content=\"image\/jpeg\" \/>\n<meta name=\"author\" content=\"\u017baneta Mrozek-Siewierska\" \/>\n<meta name=\"twitter:card\" content=\"summary_large_image\" \/>\n<meta name=\"twitter:creator\" content=\"@24gliwice\" \/>\n<meta name=\"twitter:site\" content=\"@24gliwice\" \/>\n<meta name=\"twitter:label1\" content=\"Napisane przez\" \/>\n\t<meta name=\"twitter:data1\" content=\"\u017baneta Mrozek-Siewierska\" \/>\n\t<meta name=\"twitter:label2\" content=\"Szacowany czas czytania\" \/>\n\t<meta name=\"twitter:data2\" content=\"1 minuta\" \/>\n<script type=\"application\/ld+json\" class=\"yoast-schema-graph\">{\"@context\":\"https:\\\/\\\/schema.org\",\"@graph\":[{\"@type\":\"Article\",\"@id\":\"https:\\\/\\\/www.24gliwice.pl\\\/wiadomosci\\\/klodnicka-od-czwartku-wylaczona-z-ruchu-nawierzchnia-jezdni-bedzie-modernizowana\\\/#article\",\"isPartOf\":{\"@id\":\"https:\\\/\\\/www.24gliwice.pl\\\/wiadomosci\\\/klodnicka-od-czwartku-wylaczona-z-ruchu-nawierzchnia-jezdni-bedzie-modernizowana\\\/\"},\"author\":{\"name\":\"\u017baneta Mrozek-Siewierska\",\"@id\":\"https:\\\/\\\/www.24gliwice.pl\\\/wiadomosci\\\/#\\\/schema\\\/person\\\/e42c650edd7f2fa332be3811fb166b6e\"},\"headline\":\"K\u0142odnicka od czwartku wy\u0142\u0105czona z ruchu. Nawierzchnia jezdni b\u0119dzie modernizowana\",\"datePublished\":\"2018-10-03T09:23:33+00:00\",\"mainEntityOfPage\":{\"@id\":\"https:\\\/\\\/www.24gliwice.pl\\\/wiadomosci\\\/klodnicka-od-czwartku-wylaczona-z-ruchu-nawierzchnia-jezdni-bedzie-modernizowana\\\/\"},\"wordCount\":155,\"commentCount\":0,\"publisher\":{\"@id\":\"https:\\\/\\\/www.24gliwice.pl\\\/wiadomosci\\\/#organization\"},\"image\":{\"@id\":\"https:\\\/\\\/www.24gliwice.pl\\\/wiadomosci\\\/klodnicka-od-czwartku-wylaczona-z-ruchu-nawierzchnia-jezdni-bedzie-modernizowana\\\/#primaryimage\"},\"thumbnailUrl\":\"https:\\\/\\\/www.24gliwice.pl\\\/wiadomosci\\\/wp-content\\\/uploads\\\/2018\\\/10\\\/k\u0142odnicka-e1538554569696.jpg\",\"keywords\":[\"drogowcy\",\"k\u0142odnicka\",\"OBJAZD\",\"remont drogi\",\"WYMIANA NAWIERZCHNI JEZDNI\",\"ZDM\"],\"articleSection\":[\"Gliwice\",\"Najnowsze wiadomo\u015bci\"],\"inLanguage\":\"pl-PL\",\"potentialAction\":[{\"@type\":\"CommentAction\",\"name\":\"Comment\",\"target\":[\"https:\\\/\\\/www.24gliwice.pl\\\/wiadomosci\\\/klodnicka-od-czwartku-wylaczona-z-ruchu-nawierzchnia-jezdni-bedzie-modernizowana\\\/#respond\"]}]},{\"@type\":\"WebPage\",\"@id\":\"https:\\\/\\\/www.24gliwice.pl\\\/wiadomosci\\\/klodnicka-od-czwartku-wylaczona-z-ruchu-nawierzchnia-jezdni-bedzie-modernizowana\\\/\",\"url\":\"https:\\\/\\\/www.24gliwice.pl\\\/wiadomosci\\\/klodnicka-od-czwartku-wylaczona-z-ruchu-nawierzchnia-jezdni-bedzie-modernizowana\\\/\",\"name\":\"K\u0142odnicka od czwartku wy\u0142\u0105czona z ruchu. Nawierzchnia jezdni b\u0119dzie modernizowana - 24GLIWICE - Portal Gliwice | codziennie nowe informacje\",\"isPartOf\":{\"@id\":\"https:\\\/\\\/www.24gliwice.pl\\\/wiadomosci\\\/#website\"},\"primaryImageOfPage\":{\"@id\":\"https:\\\/\\\/www.24gliwice.pl\\\/wiadomosci\\\/klodnicka-od-czwartku-wylaczona-z-ruchu-nawierzchnia-jezdni-bedzie-modernizowana\\\/#primaryimage\"},\"image\":{\"@id\":\"https:\\\/\\\/www.24gliwice.pl\\\/wiadomosci\\\/klodnicka-od-czwartku-wylaczona-z-ruchu-nawierzchnia-jezdni-bedzie-modernizowana\\\/#primaryimage\"},\"thumbnailUrl\":\"https:\\\/\\\/www.24gliwice.pl\\\/wiadomosci\\\/wp-content\\\/uploads\\\/2018\\\/10\\\/k\u0142odnicka-e1538554569696.jpg\",\"datePublished\":\"2018-10-03T09:23:33+00:00\",\"breadcrumb\":{\"@id\":\"https:\\\/\\\/www.24gliwice.pl\\\/wiadomosci\\\/klodnicka-od-czwartku-wylaczona-z-ruchu-nawierzchnia-jezdni-bedzie-modernizowana\\\/#breadcrumb\"},\"inLanguage\":\"pl-PL\",\"potentialAction\":[{\"@type\":\"ReadAction\",\"target\":[\"https:\\\/\\\/www.24gliwice.pl\\\/wiadomosci\\\/klodnicka-od-czwartku-wylaczona-z-ruchu-nawierzchnia-jezdni-bedzie-modernizowana\\\/\"]}]},{\"@type\":\"ImageObject\",\"inLanguage\":\"pl-PL\",\"@id\":\"https:\\\/\\\/www.24gliwice.pl\\\/wiadomosci\\\/klodnicka-od-czwartku-wylaczona-z-ruchu-nawierzchnia-jezdni-bedzie-modernizowana\\\/#primaryimage\",\"url\":\"https:\\\/\\\/www.24gliwice.pl\\\/wiadomosci\\\/wp-content\\\/uploads\\\/2018\\\/10\\\/k\u0142odnicka-e1538554569696.jpg\",\"contentUrl\":\"https:\\\/\\\/www.24gliwice.pl\\\/wiadomosci\\\/wp-content\\\/uploads\\\/2018\\\/10\\\/k\u0142odnicka-e1538554569696.jpg\",\"width\":810,\"height\":455},{\"@type\":\"BreadcrumbList\",\"@id\":\"https:\\\/\\\/www.24gliwice.pl\\\/wiadomosci\\\/klodnicka-od-czwartku-wylaczona-z-ruchu-nawierzchnia-jezdni-bedzie-modernizowana\\\/#breadcrumb\",\"itemListElement\":[{\"@type\":\"ListItem\",\"position\":1,\"name\":\"Strona g\u0142\u00f3wna\",\"item\":\"https:\\\/\\\/www.24gliwice.pl\\\/wiadomosci\\\/\"},{\"@type\":\"ListItem\",\"position\":2,\"name\":\"K\u0142odnicka od czwartku wy\u0142\u0105czona z ruchu. Nawierzchnia jezdni b\u0119dzie modernizowana\"}]},{\"@type\":\"WebSite\",\"@id\":\"https:\\\/\\\/www.24gliwice.pl\\\/wiadomosci\\\/#website\",\"url\":\"https:\\\/\\\/www.24gliwice.pl\\\/wiadomosci\\\/\",\"name\":\"24GLIWICE - Portal Gliwice | codziennie nowe wiadomo\u015bci\",\"description\":\"Portal Miejski Gliwice\",\"publisher\":{\"@id\":\"https:\\\/\\\/www.24gliwice.pl\\\/wiadomosci\\\/#organization\"},\"potentialAction\":[{\"@type\":\"SearchAction\",\"target\":{\"@type\":\"EntryPoint\",\"urlTemplate\":\"https:\\\/\\\/www.24gliwice.pl\\\/wiadomosci\\\/?s={search_term_string}\"},\"query-input\":{\"@type\":\"PropertyValueSpecification\",\"valueRequired\":true,\"valueName\":\"search_term_string\"}}],\"inLanguage\":\"pl-PL\"},{\"@type\":\"Organization\",\"@id\":\"https:\\\/\\\/www.24gliwice.pl\\\/wiadomosci\\\/#organization\",\"name\":\"24gliwice\",\"url\":\"https:\\\/\\\/www.24gliwice.pl\\\/wiadomosci\\\/\",\"logo\":{\"@type\":\"ImageObject\",\"inLanguage\":\"pl-PL\",\"@id\":\"https:\\\/\\\/www.24gliwice.pl\\\/wiadomosci\\\/#\\\/schema\\\/logo\\\/image\\\/\",\"url\":\"https:\\\/\\\/www.24gliwice.pl\\\/wiadomosci\\\/wp-content\\\/uploads\\\/2024\\\/10\\\/24gliwice-logo-696.jpg\",\"contentUrl\":\"https:\\\/\\\/www.24gliwice.pl\\\/wiadomosci\\\/wp-content\\\/uploads\\\/2024\\\/10\\\/24gliwice-logo-696.jpg\",\"width\":696,\"height\":696,\"caption\":\"24gliwice\"},\"image\":{\"@id\":\"https:\\\/\\\/www.24gliwice.pl\\\/wiadomosci\\\/#\\\/schema\\\/logo\\\/image\\\/\"},\"sameAs\":[\"https:\\\/\\\/www.facebook.com\\\/24gliwice\",\"https:\\\/\\\/x.com\\\/24gliwice\",\"https:\\\/\\\/www.youtube.com\\\/@24gliwice\"]},{\"@type\":\"Person\",\"@id\":\"https:\\\/\\\/www.24gliwice.pl\\\/wiadomosci\\\/#\\\/schema\\\/person\\\/e42c650edd7f2fa332be3811fb166b6e\",\"name\":\"\u017baneta Mrozek-Siewierska\",\"image\":{\"@type\":\"ImageObject\",\"inLanguage\":\"pl-PL\",\"@id\":\"https:\\\/\\\/secure.gravatar.com\\\/avatar\\\/1881429e9c64597c77ad7aef2d0a19be69a3253e57534d16aa15bf3a4d34a0a3?s=96&d=mm&r=g\",\"url\":\"https:\\\/\\\/secure.gravatar.com\\\/avatar\\\/1881429e9c64597c77ad7aef2d0a19be69a3253e57534d16aa15bf3a4d34a0a3?s=96&d=mm&r=g\",\"contentUrl\":\"https:\\\/\\\/secure.gravatar.com\\\/avatar\\\/1881429e9c64597c77ad7aef2d0a19be69a3253e57534d16aa15bf3a4d34a0a3?s=96&d=mm&r=g\",\"caption\":\"\u017baneta Mrozek-Siewierska\"},\"url\":\"https:\\\/\\\/www.24gliwice.pl\\\/wiadomosci\\\/author\\\/zms\\\/\"}]}<\/script>\n<!-- \/ Yoast SEO plugin. -->","yoast_head_json":{"title":"K\u0142odnicka od czwartku wy\u0142\u0105czona z ruchu. Nawierzchnia jezdni b\u0119dzie modernizowana - 24GLIWICE - Portal Gliwice | codziennie nowe informacje","robots":{"index":"index","follow":"follow","max-snippet":"max-snippet:-1","max-image-preview":"max-image-preview:large","max-video-preview":"max-video-preview:-1"},"canonical":"https:\/\/www.24gliwice.pl\/wiadomosci\/klodnicka-od-czwartku-wylaczona-z-ruchu-nawierzchnia-jezdni-bedzie-modernizowana\/","og_locale":"pl_PL","og_type":"article","og_title":"K\u0142odnicka od czwartku wy\u0142\u0105czona z ruchu. Nawierzchnia jezdni b\u0119dzie modernizowana - 24GLIWICE - Portal Gliwice | codziennie nowe informacje","og_description":"Od 4 pa\u017adziernika ul. K\u0142odnicka b\u0119dzie nieprzejezdna na odcinku od ul. Wroc\u0142awskiej do ul. Dworcowej. Drogowcy b\u0119d\u0105 tam remontowa\u0107 nawierzchni\u0119 jezdni. W tym tygodniu w wielu miejscach w Gliwicach rozpoczn\u0105 si\u0119 realizacje rob\u00f3t prowadzonych przez Zarz\u0105d Dr\u00f3g Miejskich. We wtorek mia\u0142 ruszy\u0107 remont kanalizacji sanitarnej na odcinku ulicy Andersa, ale ze wzgl\u0119du na warunki atmosferyczne [&hellip;]","og_url":"https:\/\/www.24gliwice.pl\/wiadomosci\/klodnicka-od-czwartku-wylaczona-z-ruchu-nawierzchnia-jezdni-bedzie-modernizowana\/","og_site_name":"24GLIWICE - Portal Gliwice | codziennie nowe informacje","article_publisher":"https:\/\/www.facebook.com\/24gliwice","article_published_time":"2018-10-03T09:23:33+00:00","og_image":[{"width":810,"height":455,"url":"https:\/\/www.24gliwice.pl\/wiadomosci\/wp-content\/uploads\/2018\/10\/k\u0142odnicka-e1538554569696.jpg","type":"image\/jpeg"}],"author":"\u017baneta Mrozek-Siewierska","twitter_card":"summary_large_image","twitter_creator":"@24gliwice","twitter_site":"@24gliwice","twitter_misc":{"Napisane przez":"\u017baneta Mrozek-Siewierska","Szacowany czas czytania":"1 minuta"},"schema":{"@context":"https:\/\/schema.org","@graph":[{"@type":"Article","@id":"https:\/\/www.24gliwice.pl\/wiadomosci\/klodnicka-od-czwartku-wylaczona-z-ruchu-nawierzchnia-jezdni-bedzie-modernizowana\/#article","isPartOf":{"@id":"https:\/\/www.24gliwice.pl\/wiadomosci\/klodnicka-od-czwartku-wylaczona-z-ruchu-nawierzchnia-jezdni-bedzie-modernizowana\/"},"author":{"name":"\u017baneta Mrozek-Siewierska","@id":"https:\/\/www.24gliwice.pl\/wiadomosci\/#\/schema\/person\/e42c650edd7f2fa332be3811fb166b6e"},"headline":"K\u0142odnicka od czwartku wy\u0142\u0105czona z ruchu. Nawierzchnia jezdni b\u0119dzie modernizowana","datePublished":"2018-10-03T09:23:33+00:00","mainEntityOfPage":{"@id":"https:\/\/www.24gliwice.pl\/wiadomosci\/klodnicka-od-czwartku-wylaczona-z-ruchu-nawierzchnia-jezdni-bedzie-modernizowana\/"},"wordCount":155,"commentCount":0,"publisher":{"@id":"https:\/\/www.24gliwice.pl\/wiadomosci\/#organization"},"image":{"@id":"https:\/\/www.24gliwice.pl\/wiadomosci\/klodnicka-od-czwartku-wylaczona-z-ruchu-nawierzchnia-jezdni-bedzie-modernizowana\/#primaryimage"},"thumbnailUrl":"https:\/\/www.24gliwice.pl\/wiadomosci\/wp-content\/uploads\/2018\/10\/k\u0142odnicka-e1538554569696.jpg","keywords":["drogowcy","k\u0142odnicka","OBJAZD","remont drogi","WYMIANA NAWIERZCHNI JEZDNI","ZDM"],"articleSection":["Gliwice","Najnowsze wiadomo\u015bci"],"inLanguage":"pl-PL","potentialAction":[{"@type":"CommentAction","name":"Comment","target":["https:\/\/www.24gliwice.pl\/wiadomosci\/klodnicka-od-czwartku-wylaczona-z-ruchu-nawierzchnia-jezdni-bedzie-modernizowana\/#respond"]}]},{"@type":"WebPage","@id":"https:\/\/www.24gliwice.pl\/wiadomosci\/klodnicka-od-czwartku-wylaczona-z-ruchu-nawierzchnia-jezdni-bedzie-modernizowana\/","url":"https:\/\/www.24gliwice.pl\/wiadomosci\/klodnicka-od-czwartku-wylaczona-z-ruchu-nawierzchnia-jezdni-bedzie-modernizowana\/","name":"K\u0142odnicka od czwartku wy\u0142\u0105czona z ruchu. Nawierzchnia jezdni b\u0119dzie modernizowana - 24GLIWICE - Portal Gliwice | codziennie nowe informacje","isPartOf":{"@id":"https:\/\/www.24gliwice.pl\/wiadomosci\/#website"},"primaryImageOfPage":{"@id":"https:\/\/www.24gliwice.pl\/wiadomosci\/klodnicka-od-czwartku-wylaczona-z-ruchu-nawierzchnia-jezdni-bedzie-modernizowana\/#primaryimage"},"image":{"@id":"https:\/\/www.24gliwice.pl\/wiadomosci\/klodnicka-od-czwartku-wylaczona-z-ruchu-nawierzchnia-jezdni-bedzie-modernizowana\/#primaryimage"},"thumbnailUrl":"https:\/\/www.24gliwice.pl\/wiadomosci\/wp-content\/uploads\/2018\/10\/k\u0142odnicka-e1538554569696.jpg","datePublished":"2018-10-03T09:23:33+00:00","breadcrumb":{"@id":"https:\/\/www.24gliwice.pl\/wiadomosci\/klodnicka-od-czwartku-wylaczona-z-ruchu-nawierzchnia-jezdni-bedzie-modernizowana\/#breadcrumb"},"inLanguage":"pl-PL","potentialAction":[{"@type":"ReadAction","target":["https:\/\/www.24gliwice.pl\/wiadomosci\/klodnicka-od-czwartku-wylaczona-z-ruchu-nawierzchnia-jezdni-bedzie-modernizowana\/"]}]},{"@type":"ImageObject","inLanguage":"pl-PL","@id":"https:\/\/www.24gliwice.pl\/wiadomosci\/klodnicka-od-czwartku-wylaczona-z-ruchu-nawierzchnia-jezdni-bedzie-modernizowana\/#primaryimage","url":"https:\/\/www.24gliwice.pl\/wiadomosci\/wp-content\/uploads\/2018\/10\/k\u0142odnicka-e1538554569696.jpg","contentUrl":"https:\/\/www.24gliwice.pl\/wiadomosci\/wp-content\/uploads\/2018\/10\/k\u0142odnicka-e1538554569696.jpg","width":810,"height":455},{"@type":"BreadcrumbList","@id":"https:\/\/www.24gliwice.pl\/wiadomosci\/klodnicka-od-czwartku-wylaczona-z-ruchu-nawierzchnia-jezdni-bedzie-modernizowana\/#breadcrumb","itemListElement":[{"@type":"ListItem","position":1,"name":"Strona g\u0142\u00f3wna","item":"https:\/\/www.24gliwice.pl\/wiadomosci\/"},{"@type":"ListItem","position":2,"name":"K\u0142odnicka od czwartku wy\u0142\u0105czona z ruchu. Nawierzchnia jezdni b\u0119dzie modernizowana"}]},{"@type":"WebSite","@id":"https:\/\/www.24gliwice.pl\/wiadomosci\/#website","url":"https:\/\/www.24gliwice.pl\/wiadomosci\/","name":"24GLIWICE - Portal Gliwice | codziennie nowe wiadomo\u015bci","description":"Portal Miejski Gliwice","publisher":{"@id":"https:\/\/www.24gliwice.pl\/wiadomosci\/#organization"},"potentialAction":[{"@type":"SearchAction","target":{"@type":"EntryPoint","urlTemplate":"https:\/\/www.24gliwice.pl\/wiadomosci\/?s={search_term_string}"},"query-input":{"@type":"PropertyValueSpecification","valueRequired":true,"valueName":"search_term_string"}}],"inLanguage":"pl-PL"},{"@type":"Organization","@id":"https:\/\/www.24gliwice.pl\/wiadomosci\/#organization","name":"24gliwice","url":"https:\/\/www.24gliwice.pl\/wiadomosci\/","logo":{"@type":"ImageObject","inLanguage":"pl-PL","@id":"https:\/\/www.24gliwice.pl\/wiadomosci\/#\/schema\/logo\/image\/","url":"https:\/\/www.24gliwice.pl\/wiadomosci\/wp-content\/uploads\/2024\/10\/24gliwice-logo-696.jpg","contentUrl":"https:\/\/www.24gliwice.pl\/wiadomosci\/wp-content\/uploads\/2024\/10\/24gliwice-logo-696.jpg","width":696,"height":696,"caption":"24gliwice"},"image":{"@id":"https:\/\/www.24gliwice.pl\/wiadomosci\/#\/schema\/logo\/image\/"},"sameAs":["https:\/\/www.facebook.com\/24gliwice","https:\/\/x.com\/24gliwice","https:\/\/www.youtube.com\/@24gliwice"]},{"@type":"Person","@id":"https:\/\/www.24gliwice.pl\/wiadomosci\/#\/schema\/person\/e42c650edd7f2fa332be3811fb166b6e","name":"\u017baneta Mrozek-Siewierska","image":{"@type":"ImageObject","inLanguage":"pl-PL","@id":"https:\/\/secure.gravatar.com\/avatar\/1881429e9c64597c77ad7aef2d0a19be69a3253e57534d16aa15bf3a4d34a0a3?s=96&d=mm&r=g","url":"https:\/\/secure.gravatar.com\/avatar\/1881429e9c64597c77ad7aef2d0a19be69a3253e57534d16aa15bf3a4d34a0a3?s=96&d=mm&r=g","contentUrl":"https:\/\/secure.gravatar.com\/avatar\/1881429e9c64597c77ad7aef2d0a19be69a3253e57534d16aa15bf3a4d34a0a3?s=96&d=mm&r=g","caption":"\u017baneta Mrozek-Siewierska"},"url":"https:\/\/www.24gliwice.pl\/wiadomosci\/author\/zms\/"}]}},"_links":{"self":[{"href":"https:\/\/www.24gliwice.pl\/wiadomosci\/wp-json\/wp\/v2\/posts\/123769","targetHints":{"allow":["GET"]}}],"collection":[{"href":"https:\/\/www.24gliwice.pl\/wiadomosci\/wp-json\/wp\/v2\/posts"}],"about":[{"href":"https:\/\/www.24gliwice.pl\/wiadomosci\/wp-json\/wp\/v2\/types\/post"}],"author":[{"embeddable":true,"href":"https:\/\/www.24gliwice.pl\/wiadomosci\/wp-json\/wp\/v2\/users\/15"}],"replies":[{"embeddable":true,"href":"https:\/\/www.24gliwice.pl\/wiadomosci\/wp-json\/wp\/v2\/comments?post=123769"}],"version-history":[{"count":0,"href":"https:\/\/www.24gliwice.pl\/wiadomosci\/wp-json\/wp\/v2\/posts\/123769\/revisions"}],"wp:featuredmedia":[{"embeddable":true,"href":"https:\/\/www.24gliwice.pl\/wiadomosci\/wp-json\/wp\/v2\/media\/123773"}],"wp:attachment":[{"href":"https:\/\/www.24gliwice.pl\/wiadomosci\/wp-json\/wp\/v2\/media?parent=123769"}],"wp:term":[{"taxonomy":"category","embeddable":true,"href":"https:\/\/www.24gliwice.pl\/wiadomosci\/wp-json\/wp\/v2\/categories?post=123769"},{"taxonomy":"post_tag","embeddable":true,"href":"https:\/\/www.24gliwice.pl\/wiadomosci\/wp-json\/wp\/v2\/tags?post=123769"}],"curies":[{"name":"wp","href":"https:\/\/api.w.org\/{rel}","templated":true}]}}