{"id":123777,"date":"2018-10-03T12:30:04","date_gmt":"2018-10-03T10:30:04","guid":{"rendered":"https:\/\/www.24gliwice.pl\/wiadomosci\/?p=123777"},"modified":"2018-10-03T12:36:40","modified_gmt":"2018-10-03T10:36:40","slug":"trzy-uszkodzone-samochody-i-dachowanie-28-latek-wjechal-na-skrzyzowanie-na-poznym-zoltym","status":"publish","type":"post","link":"https:\/\/www.24gliwice.pl\/wiadomosci\/trzy-uszkodzone-samochody-i-dachowanie-28-latek-wjechal-na-skrzyzowanie-na-poznym-zoltym\/","title":{"rendered":"Trzy uszkodzone samochody i dachowanie. 28-latek wjecha\u0142 na skrzy\u017cowanie na &#8220;p\u00f3\u017anym \u017c\u00f3\u0142tym&#8221;"},"content":{"rendered":"<div class=\"gliwi-a6-nad-leadem-artykulow gliwi-entity-placement\" id=\"gliwi-2051587876\"><div class=\"gliwi-adlabel\"><span style=\"font-size: 9px\">REKLAMA<\/span><\/div><div id=\"gliwi-3332193732\" style=\"margin-bottom: 30px;margin-left: auto;margin-right: auto;text-align: center;\"><a data-no-instant=\"1\" href=\"https:\/\/przedszkole.halogen.org.pl\/\" rel=\"noopener\" class=\"a2t-link\" target=\"_blank\" aria-label=\"20260402-ANIMATOR-przedszkole_grafika_750x200\"><img loading=\"lazy\" decoding=\"async\" src=\"https:\/\/www.24gliwice.pl\/wiadomosci\/wp-content\/uploads\/2026\/04\/20260402-ANIMATOR-przedszkole_grafika_750x200.webp\" alt=\"\"  srcset=\"https:\/\/www.24gliwice.pl\/wiadomosci\/wp-content\/uploads\/2026\/04\/20260402-ANIMATOR-przedszkole_grafika_750x200.webp 750w, https:\/\/www.24gliwice.pl\/wiadomosci\/wp-content\/uploads\/2026\/04\/20260402-ANIMATOR-przedszkole_grafika_750x200-410x109.webp 410w\" sizes=\"(max-width: 750px) 100vw, 750px\" class=\"no-lazyload\" width=\"750\" height=\"200\"  style=\"display: inline-block; max-width: 100%; height: auto;\" \/><\/a><\/div><\/div><p><iframe loading=\"lazy\" width=\"810\" height=\"456\" src=\"https:\/\/www.youtube.com\/embed\/SrRm5iPJS_I\" frameborder=\"0\" allow=\"autoplay; encrypted-media\" allowfullscreen><\/iframe><\/p>\n<h3>We wtorek oko\u0142o godziny 14:00 policjant\u00f3w powiadomiono o gro\u017anie wygl\u0105daj\u0105cym zdarzeniu drogowym na skrzy\u017cowaniu ulic Grottgera i Tarnog\u00f3rskiej. Na szcz\u0119\u015bcie nikt nie dozna\u0142 obra\u017ce\u0144. Uszkodzeniom uleg\u0142y trzy samochody.<\/h3>\n<p>Kierowca samochodu marki Dacia Duster, jad\u0105c od strony ul. Skowro\u0144skiego w Gliwicach, nie zastosowa\u0142 si\u0119 do sygnalizacji \u015bwietlnej i wjecha\u0142 na skrzy\u017cowanie. W bok jego pojazdu uderzy\u0142o prawid\u0142owo jad\u0105ce renault clio.<\/p>\n[perfectpullquote align=&#8221;full&#8221; bordertop=&#8221;false&#8221; cite=&#8221;&#8221; link=&#8221;&#8221; color=&#8221;&#8221; class=&#8221;&#8221; size=&#8221;&#8221;]Dacia przewr\u00f3ci\u0142a si\u0119 i si\u0142\u0105 impetu wpad\u0142a na oczekuj\u0105ce na czerwonym \u015bwietle audi, powa\u017cnie je uszkadzaj\u0105c.[\/perfectpullquote]\n<p>W takich sytuacjach policjanci wyci\u0105gaj\u0105 najsurowsze konsekwencje. 28-letniemu kierowcy dustera zatrzymano prawo jazdy, a sprawa trafi do s\u0105du.<\/p><div class=\"gliwi-a3-w-tresci-artykulow gliwi-entity-placement\" id=\"gliwi-382001108\"><div class=\"gliwi-adlabel\"><span style=\"font-size: 9px\">REKLAMA<\/span><\/div><div id=\"gliwi-753725521\" style=\"margin-bottom: 30px;margin-left: auto;margin-right: auto;text-align: center;\"><a data-no-instant=\"1\" href=\"https:\/\/zlobek.halogen.org.pl\/\" rel=\"noopener\" class=\"a2t-link\" target=\"_blank\" aria-label=\"animator-zlobek_750x200\"><img loading=\"lazy\" decoding=\"async\" src=\"https:\/\/www.24gliwice.pl\/wiadomosci\/wp-content\/uploads\/2026\/02\/animator-zlobek_750x200.webp\" alt=\"\"  srcset=\"https:\/\/www.24gliwice.pl\/wiadomosci\/wp-content\/uploads\/2026\/02\/animator-zlobek_750x200.webp 750w, https:\/\/www.24gliwice.pl\/wiadomosci\/wp-content\/uploads\/2026\/02\/animator-zlobek_750x200-410x109.webp 410w\" sizes=\"(max-width: 750px) 100vw, 750px\" class=\"no-lazyload\" width=\"750\" height=\"200\"  style=\"display: inline-block; max-width: 100%; height: auto;\" \/><\/a><\/div><\/div>\n<h4>Na &#8220;g\u0142\u0119bokim \u017c\u00f3\u0142tym&#8221;<\/h4>\n<p>Chyba ka\u017cdy kierowca spotka\u0142 na swojej drodze takich, kt\u00f3rzy przeje\u017cd\u017cali na czerwonym \u015bwietle lub wykonywali manewr r\u00f3wnie niebezpieczny \u2013 przez niekt\u00f3rych \u201e\u017cartobliwie\u201d nazywany przejazdem na \u201ep\u00f3\u017anym \u017c\u00f3\u0142tym\u201d.<\/p>\n[perfectpullquote align=&#8221;full&#8221; bordertop=&#8221;false&#8221; cite=&#8221;&#8221; link=&#8221;&#8221; color=&#8221;&#8221; class=&#8221;&#8221; size=&#8221;&#8221;]Policja otrzymuje coraz wi\u0119cej nagra\u0144 z samochodowych kamerek i na ich podstawie karze prowadz\u0105cych za te niebezpieczne zachowania.[\/perfectpullquote]\n<p>Funkcjonariusze ostrzegaj\u0105, \u017ce coraz wi\u0119cej skrzy\u017cowa\u0144 posiada kamery wychwytuj\u0105ce takie wykroczenia i przypominaj\u0105, \u017ce wykroczenie nast\u0119puje w sytuacji, w kt\u00f3rej kierowca, mimo \u017ce mia\u0142 mo\u017cliwo\u015b\u0107 bezpiecznego zatrzymania si\u0119, przeje\u017cd\u017ca na pomara\u0144czowym lub czerwonym \u015bwietle przez skrzy\u017cowanie. <\/p>\n<p>Kwota mandatu wynosi w\u00f3wczas 500 z\u0142. Dodatkowo prowadz\u0105cy pojazd otrzymuje 6 punkt\u00f3w karnych. W wielu przypadkach zatrzymuje mu si\u0119 prawo jazdy.<\/p>\n<p>(\u017cms)\/KMP Gliwice<br \/>\nfot. nades\u0142ane przez <strong>Czytelnik\u00f3w<\/strong><\/p>\n<p><img loading=\"lazy\" decoding=\"async\" src=\"https:\/\/www.24gliwice.pl\/wiadomosci\/wp-content\/uploads\/2018\/10\/wypadek-grottgera.jpg\" alt=\"\" width=\"810\" height=\"455\" class=\"alignnone size-full wp-image-123782\" srcset=\"https:\/\/www.24gliwice.pl\/wiadomosci\/wp-content\/uploads\/2018\/10\/wypadek-grottgera.jpg 810w, https:\/\/www.24gliwice.pl\/wiadomosci\/wp-content\/uploads\/2018\/10\/wypadek-grottgera-410x230.jpg 410w, https:\/\/www.24gliwice.pl\/wiadomosci\/wp-content\/uploads\/2018\/10\/wypadek-grottgera-768x431.jpg 768w\" sizes=\"auto, (max-width: 810px) 100vw, 810px\" \/><\/p>\n<div class=\"gliwi-a5-na-koncu-artykulow gliwi-entity-placement\" id=\"gliwi-2763123910\"><div class=\"gliwi-adlabel\"><span style=\"font-size: 9px\">REKLAMA<\/span><\/div><div id=\"gliwi-2450630817\" style=\"margin-left: auto;margin-right: auto;text-align: center;\"><a data-no-instant=\"1\" href=\"https:\/\/www.jasek.pl\/\" rel=\"noopener\" class=\"a2t-link\" target=\"_blank\" aria-label=\"20200401-jasek 600\"><img loading=\"lazy\" decoding=\"async\" src=\"https:\/\/www.24gliwice.pl\/wiadomosci\/wp-content\/uploads\/2020\/04\/20200401-jasek-600.jpg\" alt=\"\"  srcset=\"https:\/\/www.24gliwice.pl\/wiadomosci\/wp-content\/uploads\/2020\/04\/20200401-jasek-600.jpg 600w, https:\/\/www.24gliwice.pl\/wiadomosci\/wp-content\/uploads\/2020\/04\/20200401-jasek-600-410x109.jpg 410w\" sizes=\"(max-width: 600px) 100vw, 600px\" class=\"no-lazyload\" width=\"600\" height=\"160\"  style=\"display: inline-block; max-width: 100%; height: auto;\" \/><\/a><\/div><\/div>","protected":false},"excerpt":{"rendered":"<p>We wtorek oko\u0142o godziny 14:00 policjant\u00f3w powiadomiono o gro\u017anie wygl\u0105daj\u0105cym zdarzeniu drogowym na skrzy\u017cowaniu ulic Grottgera i Tarnog\u00f3rskiej. Na szcz\u0119\u015bcie nikt nie dozna\u0142 obra\u017ce\u0144. Uszkodzeniom uleg\u0142y trzy samochody. Kierowca samochodu marki Dacia Duster, jad\u0105c od strony ul. Skowro\u0144skiego w Gliwicach, nie zastosowa\u0142 si\u0119 do sygnalizacji \u015bwietlnej i wjecha\u0142 na skrzy\u017cowanie. W bok jego pojazdu uderzy\u0142o [&hellip;]<\/p>\n","protected":false},"author":15,"featured_media":123788,"comment_status":"open","ping_status":"closed","sticky":false,"template":"","format":"video","meta":{"_monsterinsights_skip_tracking":false,"_monsterinsights_sitenote_active":false,"_monsterinsights_sitenote_note":"","_monsterinsights_sitenote_category":0,"footnotes":"","_links_to":"","_links_to_target":""},"categories":[3,1,9,5],"tags":[8519,3297,54],"class_list":["post-123777","post","type-post","status-publish","format-video","has-post-thumbnail","hentry","category-gliwice","category-wszystko","category-aktualnosci_lokalne","category-kryminalki","tag-kolizja","tag-skrzyzowanie","tag-wypadek","post_format-post-format-video"],"yoast_head":"<!-- This site is optimized with the Yoast SEO plugin v27.5 - https:\/\/yoast.com\/product\/yoast-seo-wordpress\/ -->\n<title>Trzy uszkodzone samochody i dachowanie. 28-latek wjecha\u0142 na skrzy\u017cowanie na &quot;p\u00f3\u017anym \u017c\u00f3\u0142tym&quot; - 24GLIWICE - Portal Gliwice | codziennie nowe informacje<\/title>\n<meta name=\"robots\" content=\"index, follow, max-snippet:-1, max-image-preview:large, max-video-preview:-1\" \/>\n<link rel=\"canonical\" href=\"https:\/\/www.24gliwice.pl\/wiadomosci\/trzy-uszkodzone-samochody-i-dachowanie-28-latek-wjechal-na-skrzyzowanie-na-poznym-zoltym\/\" \/>\n<meta property=\"og:locale\" content=\"pl_PL\" \/>\n<meta property=\"og:type\" content=\"article\" \/>\n<meta property=\"og:title\" content=\"Trzy uszkodzone samochody i dachowanie. 28-latek wjecha\u0142 na skrzy\u017cowanie na &quot;p\u00f3\u017anym \u017c\u00f3\u0142tym&quot; - 24GLIWICE - Portal Gliwice | codziennie nowe informacje\" \/>\n<meta property=\"og:description\" content=\"We wtorek oko\u0142o godziny 14:00 policjant\u00f3w powiadomiono o gro\u017anie wygl\u0105daj\u0105cym zdarzeniu drogowym na skrzy\u017cowaniu ulic Grottgera i Tarnog\u00f3rskiej. Na szcz\u0119\u015bcie nikt nie dozna\u0142 obra\u017ce\u0144. Uszkodzeniom uleg\u0142y trzy samochody. Kierowca samochodu marki Dacia Duster, jad\u0105c od strony ul. Skowro\u0144skiego w Gliwicach, nie zastosowa\u0142 si\u0119 do sygnalizacji \u015bwietlnej i wjecha\u0142 na skrzy\u017cowanie. W bok jego pojazdu uderzy\u0142o [&hellip;]\" \/>\n<meta property=\"og:url\" content=\"https:\/\/www.24gliwice.pl\/wiadomosci\/trzy-uszkodzone-samochody-i-dachowanie-28-latek-wjechal-na-skrzyzowanie-na-poznym-zoltym\/\" \/>\n<meta property=\"og:site_name\" content=\"24GLIWICE - Portal Gliwice | codziennie nowe informacje\" \/>\n<meta property=\"article:publisher\" content=\"https:\/\/www.facebook.com\/24gliwice\" \/>\n<meta property=\"article:published_time\" content=\"2018-10-03T10:30:04+00:00\" \/>\n<meta property=\"article:modified_time\" content=\"2018-10-03T10:36:40+00:00\" \/>\n<meta property=\"og:image\" content=\"https:\/\/www.24gliwice.pl\/wiadomosci\/wp-content\/uploads\/2018\/10\/1-wypadek-grottgera2.jpg\" \/>\n\t<meta property=\"og:image:width\" content=\"810\" \/>\n\t<meta property=\"og:image:height\" content=\"455\" \/>\n\t<meta property=\"og:image:type\" content=\"image\/jpeg\" \/>\n<meta name=\"author\" content=\"\u017baneta Mrozek-Siewierska\" \/>\n<meta name=\"twitter:card\" content=\"summary_large_image\" \/>\n<meta name=\"twitter:creator\" content=\"@24gliwice\" \/>\n<meta name=\"twitter:site\" content=\"@24gliwice\" \/>\n<meta name=\"twitter:label1\" content=\"Napisane przez\" \/>\n\t<meta name=\"twitter:data1\" content=\"\u017baneta Mrozek-Siewierska\" \/>\n\t<meta name=\"twitter:label2\" content=\"Szacowany czas czytania\" \/>\n\t<meta name=\"twitter:data2\" content=\"1 minuta\" \/>\n<script type=\"application\/ld+json\" class=\"yoast-schema-graph\">{\"@context\":\"https:\\\/\\\/schema.org\",\"@graph\":[{\"@type\":\"Article\",\"@id\":\"https:\\\/\\\/www.24gliwice.pl\\\/wiadomosci\\\/trzy-uszkodzone-samochody-i-dachowanie-28-latek-wjechal-na-skrzyzowanie-na-poznym-zoltym\\\/#article\",\"isPartOf\":{\"@id\":\"https:\\\/\\\/www.24gliwice.pl\\\/wiadomosci\\\/trzy-uszkodzone-samochody-i-dachowanie-28-latek-wjechal-na-skrzyzowanie-na-poznym-zoltym\\\/\"},\"author\":{\"name\":\"\u017baneta Mrozek-Siewierska\",\"@id\":\"https:\\\/\\\/www.24gliwice.pl\\\/wiadomosci\\\/#\\\/schema\\\/person\\\/e42c650edd7f2fa332be3811fb166b6e\"},\"headline\":\"Trzy uszkodzone samochody i dachowanie. 28-latek wjecha\u0142 na skrzy\u017cowanie na &#8220;p\u00f3\u017anym \u017c\u00f3\u0142tym&#8221;\",\"datePublished\":\"2018-10-03T10:30:04+00:00\",\"dateModified\":\"2018-10-03T10:36:40+00:00\",\"mainEntityOfPage\":{\"@id\":\"https:\\\/\\\/www.24gliwice.pl\\\/wiadomosci\\\/trzy-uszkodzone-samochody-i-dachowanie-28-latek-wjechal-na-skrzyzowanie-na-poznym-zoltym\\\/\"},\"wordCount\":286,\"commentCount\":0,\"publisher\":{\"@id\":\"https:\\\/\\\/www.24gliwice.pl\\\/wiadomosci\\\/#organization\"},\"image\":{\"@id\":\"https:\\\/\\\/www.24gliwice.pl\\\/wiadomosci\\\/trzy-uszkodzone-samochody-i-dachowanie-28-latek-wjechal-na-skrzyzowanie-na-poznym-zoltym\\\/#primaryimage\"},\"thumbnailUrl\":\"https:\\\/\\\/www.24gliwice.pl\\\/wiadomosci\\\/wp-content\\\/uploads\\\/2018\\\/10\\\/1-wypadek-grottgera2.jpg\",\"keywords\":[\"KOLIZJA\",\"SKRZY\u017bOWANIE\",\"WYPADEK\"],\"articleSection\":[\"Gliwice\",\"Najnowsze wiadomo\u015bci\",\"Portal Gliwice - Wiadomo\u015bci lokalne\",\"Prawo\"],\"inLanguage\":\"pl-PL\",\"potentialAction\":[{\"@type\":\"CommentAction\",\"name\":\"Comment\",\"target\":[\"https:\\\/\\\/www.24gliwice.pl\\\/wiadomosci\\\/trzy-uszkodzone-samochody-i-dachowanie-28-latek-wjechal-na-skrzyzowanie-na-poznym-zoltym\\\/#respond\"]}]},{\"@type\":\"WebPage\",\"@id\":\"https:\\\/\\\/www.24gliwice.pl\\\/wiadomosci\\\/trzy-uszkodzone-samochody-i-dachowanie-28-latek-wjechal-na-skrzyzowanie-na-poznym-zoltym\\\/\",\"url\":\"https:\\\/\\\/www.24gliwice.pl\\\/wiadomosci\\\/trzy-uszkodzone-samochody-i-dachowanie-28-latek-wjechal-na-skrzyzowanie-na-poznym-zoltym\\\/\",\"name\":\"Trzy uszkodzone samochody i dachowanie. 28-latek wjecha\u0142 na skrzy\u017cowanie na \\\"p\u00f3\u017anym \u017c\u00f3\u0142tym\\\" - 24GLIWICE - Portal Gliwice | codziennie nowe informacje\",\"isPartOf\":{\"@id\":\"https:\\\/\\\/www.24gliwice.pl\\\/wiadomosci\\\/#website\"},\"primaryImageOfPage\":{\"@id\":\"https:\\\/\\\/www.24gliwice.pl\\\/wiadomosci\\\/trzy-uszkodzone-samochody-i-dachowanie-28-latek-wjechal-na-skrzyzowanie-na-poznym-zoltym\\\/#primaryimage\"},\"image\":{\"@id\":\"https:\\\/\\\/www.24gliwice.pl\\\/wiadomosci\\\/trzy-uszkodzone-samochody-i-dachowanie-28-latek-wjechal-na-skrzyzowanie-na-poznym-zoltym\\\/#primaryimage\"},\"thumbnailUrl\":\"https:\\\/\\\/www.24gliwice.pl\\\/wiadomosci\\\/wp-content\\\/uploads\\\/2018\\\/10\\\/1-wypadek-grottgera2.jpg\",\"datePublished\":\"2018-10-03T10:30:04+00:00\",\"dateModified\":\"2018-10-03T10:36:40+00:00\",\"breadcrumb\":{\"@id\":\"https:\\\/\\\/www.24gliwice.pl\\\/wiadomosci\\\/trzy-uszkodzone-samochody-i-dachowanie-28-latek-wjechal-na-skrzyzowanie-na-poznym-zoltym\\\/#breadcrumb\"},\"inLanguage\":\"pl-PL\",\"potentialAction\":[{\"@type\":\"ReadAction\",\"target\":[\"https:\\\/\\\/www.24gliwice.pl\\\/wiadomosci\\\/trzy-uszkodzone-samochody-i-dachowanie-28-latek-wjechal-na-skrzyzowanie-na-poznym-zoltym\\\/\"]}]},{\"@type\":\"ImageObject\",\"inLanguage\":\"pl-PL\",\"@id\":\"https:\\\/\\\/www.24gliwice.pl\\\/wiadomosci\\\/trzy-uszkodzone-samochody-i-dachowanie-28-latek-wjechal-na-skrzyzowanie-na-poznym-zoltym\\\/#primaryimage\",\"url\":\"https:\\\/\\\/www.24gliwice.pl\\\/wiadomosci\\\/wp-content\\\/uploads\\\/2018\\\/10\\\/1-wypadek-grottgera2.jpg\",\"contentUrl\":\"https:\\\/\\\/www.24gliwice.pl\\\/wiadomosci\\\/wp-content\\\/uploads\\\/2018\\\/10\\\/1-wypadek-grottgera2.jpg\",\"width\":810,\"height\":455},{\"@type\":\"BreadcrumbList\",\"@id\":\"https:\\\/\\\/www.24gliwice.pl\\\/wiadomosci\\\/trzy-uszkodzone-samochody-i-dachowanie-28-latek-wjechal-na-skrzyzowanie-na-poznym-zoltym\\\/#breadcrumb\",\"itemListElement\":[{\"@type\":\"ListItem\",\"position\":1,\"name\":\"Strona g\u0142\u00f3wna\",\"item\":\"https:\\\/\\\/www.24gliwice.pl\\\/wiadomosci\\\/\"},{\"@type\":\"ListItem\",\"position\":2,\"name\":\"Trzy uszkodzone samochody i dachowanie. 28-latek wjecha\u0142 na skrzy\u017cowanie na &#8222;p\u00f3\u017anym \u017c\u00f3\u0142tym&#8221;\"}]},{\"@type\":\"WebSite\",\"@id\":\"https:\\\/\\\/www.24gliwice.pl\\\/wiadomosci\\\/#website\",\"url\":\"https:\\\/\\\/www.24gliwice.pl\\\/wiadomosci\\\/\",\"name\":\"24GLIWICE - Portal Gliwice | codziennie nowe wiadomo\u015bci\",\"description\":\"Portal Miejski Gliwice\",\"publisher\":{\"@id\":\"https:\\\/\\\/www.24gliwice.pl\\\/wiadomosci\\\/#organization\"},\"potentialAction\":[{\"@type\":\"SearchAction\",\"target\":{\"@type\":\"EntryPoint\",\"urlTemplate\":\"https:\\\/\\\/www.24gliwice.pl\\\/wiadomosci\\\/?s={search_term_string}\"},\"query-input\":{\"@type\":\"PropertyValueSpecification\",\"valueRequired\":true,\"valueName\":\"search_term_string\"}}],\"inLanguage\":\"pl-PL\"},{\"@type\":\"Organization\",\"@id\":\"https:\\\/\\\/www.24gliwice.pl\\\/wiadomosci\\\/#organization\",\"name\":\"24gliwice\",\"url\":\"https:\\\/\\\/www.24gliwice.pl\\\/wiadomosci\\\/\",\"logo\":{\"@type\":\"ImageObject\",\"inLanguage\":\"pl-PL\",\"@id\":\"https:\\\/\\\/www.24gliwice.pl\\\/wiadomosci\\\/#\\\/schema\\\/logo\\\/image\\\/\",\"url\":\"https:\\\/\\\/www.24gliwice.pl\\\/wiadomosci\\\/wp-content\\\/uploads\\\/2024\\\/10\\\/24gliwice-logo-696.jpg\",\"contentUrl\":\"https:\\\/\\\/www.24gliwice.pl\\\/wiadomosci\\\/wp-content\\\/uploads\\\/2024\\\/10\\\/24gliwice-logo-696.jpg\",\"width\":696,\"height\":696,\"caption\":\"24gliwice\"},\"image\":{\"@id\":\"https:\\\/\\\/www.24gliwice.pl\\\/wiadomosci\\\/#\\\/schema\\\/logo\\\/image\\\/\"},\"sameAs\":[\"https:\\\/\\\/www.facebook.com\\\/24gliwice\",\"https:\\\/\\\/x.com\\\/24gliwice\",\"https:\\\/\\\/www.youtube.com\\\/@24gliwice\"]},{\"@type\":\"Person\",\"@id\":\"https:\\\/\\\/www.24gliwice.pl\\\/wiadomosci\\\/#\\\/schema\\\/person\\\/e42c650edd7f2fa332be3811fb166b6e\",\"name\":\"\u017baneta Mrozek-Siewierska\",\"image\":{\"@type\":\"ImageObject\",\"inLanguage\":\"pl-PL\",\"@id\":\"https:\\\/\\\/secure.gravatar.com\\\/avatar\\\/1881429e9c64597c77ad7aef2d0a19be69a3253e57534d16aa15bf3a4d34a0a3?s=96&d=mm&r=g\",\"url\":\"https:\\\/\\\/secure.gravatar.com\\\/avatar\\\/1881429e9c64597c77ad7aef2d0a19be69a3253e57534d16aa15bf3a4d34a0a3?s=96&d=mm&r=g\",\"contentUrl\":\"https:\\\/\\\/secure.gravatar.com\\\/avatar\\\/1881429e9c64597c77ad7aef2d0a19be69a3253e57534d16aa15bf3a4d34a0a3?s=96&d=mm&r=g\",\"caption\":\"\u017baneta Mrozek-Siewierska\"},\"url\":\"https:\\\/\\\/www.24gliwice.pl\\\/wiadomosci\\\/author\\\/zms\\\/\"}]}<\/script>\n<!-- \/ Yoast SEO plugin. -->","yoast_head_json":{"title":"Trzy uszkodzone samochody i dachowanie. 28-latek wjecha\u0142 na skrzy\u017cowanie na \"p\u00f3\u017anym \u017c\u00f3\u0142tym\" - 24GLIWICE - Portal Gliwice | codziennie nowe informacje","robots":{"index":"index","follow":"follow","max-snippet":"max-snippet:-1","max-image-preview":"max-image-preview:large","max-video-preview":"max-video-preview:-1"},"canonical":"https:\/\/www.24gliwice.pl\/wiadomosci\/trzy-uszkodzone-samochody-i-dachowanie-28-latek-wjechal-na-skrzyzowanie-na-poznym-zoltym\/","og_locale":"pl_PL","og_type":"article","og_title":"Trzy uszkodzone samochody i dachowanie. 28-latek wjecha\u0142 na skrzy\u017cowanie na \"p\u00f3\u017anym \u017c\u00f3\u0142tym\" - 24GLIWICE - Portal Gliwice | codziennie nowe informacje","og_description":"We wtorek oko\u0142o godziny 14:00 policjant\u00f3w powiadomiono o gro\u017anie wygl\u0105daj\u0105cym zdarzeniu drogowym na skrzy\u017cowaniu ulic Grottgera i Tarnog\u00f3rskiej. Na szcz\u0119\u015bcie nikt nie dozna\u0142 obra\u017ce\u0144. Uszkodzeniom uleg\u0142y trzy samochody. Kierowca samochodu marki Dacia Duster, jad\u0105c od strony ul. Skowro\u0144skiego w Gliwicach, nie zastosowa\u0142 si\u0119 do sygnalizacji \u015bwietlnej i wjecha\u0142 na skrzy\u017cowanie. W bok jego pojazdu uderzy\u0142o [&hellip;]","og_url":"https:\/\/www.24gliwice.pl\/wiadomosci\/trzy-uszkodzone-samochody-i-dachowanie-28-latek-wjechal-na-skrzyzowanie-na-poznym-zoltym\/","og_site_name":"24GLIWICE - Portal Gliwice | codziennie nowe informacje","article_publisher":"https:\/\/www.facebook.com\/24gliwice","article_published_time":"2018-10-03T10:30:04+00:00","article_modified_time":"2018-10-03T10:36:40+00:00","og_image":[{"width":810,"height":455,"url":"https:\/\/www.24gliwice.pl\/wiadomosci\/wp-content\/uploads\/2018\/10\/1-wypadek-grottgera2.jpg","type":"image\/jpeg"}],"author":"\u017baneta Mrozek-Siewierska","twitter_card":"summary_large_image","twitter_creator":"@24gliwice","twitter_site":"@24gliwice","twitter_misc":{"Napisane przez":"\u017baneta Mrozek-Siewierska","Szacowany czas czytania":"1 minuta"},"schema":{"@context":"https:\/\/schema.org","@graph":[{"@type":"Article","@id":"https:\/\/www.24gliwice.pl\/wiadomosci\/trzy-uszkodzone-samochody-i-dachowanie-28-latek-wjechal-na-skrzyzowanie-na-poznym-zoltym\/#article","isPartOf":{"@id":"https:\/\/www.24gliwice.pl\/wiadomosci\/trzy-uszkodzone-samochody-i-dachowanie-28-latek-wjechal-na-skrzyzowanie-na-poznym-zoltym\/"},"author":{"name":"\u017baneta Mrozek-Siewierska","@id":"https:\/\/www.24gliwice.pl\/wiadomosci\/#\/schema\/person\/e42c650edd7f2fa332be3811fb166b6e"},"headline":"Trzy uszkodzone samochody i dachowanie. 28-latek wjecha\u0142 na skrzy\u017cowanie na &#8220;p\u00f3\u017anym \u017c\u00f3\u0142tym&#8221;","datePublished":"2018-10-03T10:30:04+00:00","dateModified":"2018-10-03T10:36:40+00:00","mainEntityOfPage":{"@id":"https:\/\/www.24gliwice.pl\/wiadomosci\/trzy-uszkodzone-samochody-i-dachowanie-28-latek-wjechal-na-skrzyzowanie-na-poznym-zoltym\/"},"wordCount":286,"commentCount":0,"publisher":{"@id":"https:\/\/www.24gliwice.pl\/wiadomosci\/#organization"},"image":{"@id":"https:\/\/www.24gliwice.pl\/wiadomosci\/trzy-uszkodzone-samochody-i-dachowanie-28-latek-wjechal-na-skrzyzowanie-na-poznym-zoltym\/#primaryimage"},"thumbnailUrl":"https:\/\/www.24gliwice.pl\/wiadomosci\/wp-content\/uploads\/2018\/10\/1-wypadek-grottgera2.jpg","keywords":["KOLIZJA","SKRZY\u017bOWANIE","WYPADEK"],"articleSection":["Gliwice","Najnowsze wiadomo\u015bci","Portal Gliwice - Wiadomo\u015bci lokalne","Prawo"],"inLanguage":"pl-PL","potentialAction":[{"@type":"CommentAction","name":"Comment","target":["https:\/\/www.24gliwice.pl\/wiadomosci\/trzy-uszkodzone-samochody-i-dachowanie-28-latek-wjechal-na-skrzyzowanie-na-poznym-zoltym\/#respond"]}]},{"@type":"WebPage","@id":"https:\/\/www.24gliwice.pl\/wiadomosci\/trzy-uszkodzone-samochody-i-dachowanie-28-latek-wjechal-na-skrzyzowanie-na-poznym-zoltym\/","url":"https:\/\/www.24gliwice.pl\/wiadomosci\/trzy-uszkodzone-samochody-i-dachowanie-28-latek-wjechal-na-skrzyzowanie-na-poznym-zoltym\/","name":"Trzy uszkodzone samochody i dachowanie. 28-latek wjecha\u0142 na skrzy\u017cowanie na \"p\u00f3\u017anym \u017c\u00f3\u0142tym\" - 24GLIWICE - Portal Gliwice | codziennie nowe informacje","isPartOf":{"@id":"https:\/\/www.24gliwice.pl\/wiadomosci\/#website"},"primaryImageOfPage":{"@id":"https:\/\/www.24gliwice.pl\/wiadomosci\/trzy-uszkodzone-samochody-i-dachowanie-28-latek-wjechal-na-skrzyzowanie-na-poznym-zoltym\/#primaryimage"},"image":{"@id":"https:\/\/www.24gliwice.pl\/wiadomosci\/trzy-uszkodzone-samochody-i-dachowanie-28-latek-wjechal-na-skrzyzowanie-na-poznym-zoltym\/#primaryimage"},"thumbnailUrl":"https:\/\/www.24gliwice.pl\/wiadomosci\/wp-content\/uploads\/2018\/10\/1-wypadek-grottgera2.jpg","datePublished":"2018-10-03T10:30:04+00:00","dateModified":"2018-10-03T10:36:40+00:00","breadcrumb":{"@id":"https:\/\/www.24gliwice.pl\/wiadomosci\/trzy-uszkodzone-samochody-i-dachowanie-28-latek-wjechal-na-skrzyzowanie-na-poznym-zoltym\/#breadcrumb"},"inLanguage":"pl-PL","potentialAction":[{"@type":"ReadAction","target":["https:\/\/www.24gliwice.pl\/wiadomosci\/trzy-uszkodzone-samochody-i-dachowanie-28-latek-wjechal-na-skrzyzowanie-na-poznym-zoltym\/"]}]},{"@type":"ImageObject","inLanguage":"pl-PL","@id":"https:\/\/www.24gliwice.pl\/wiadomosci\/trzy-uszkodzone-samochody-i-dachowanie-28-latek-wjechal-na-skrzyzowanie-na-poznym-zoltym\/#primaryimage","url":"https:\/\/www.24gliwice.pl\/wiadomosci\/wp-content\/uploads\/2018\/10\/1-wypadek-grottgera2.jpg","contentUrl":"https:\/\/www.24gliwice.pl\/wiadomosci\/wp-content\/uploads\/2018\/10\/1-wypadek-grottgera2.jpg","width":810,"height":455},{"@type":"BreadcrumbList","@id":"https:\/\/www.24gliwice.pl\/wiadomosci\/trzy-uszkodzone-samochody-i-dachowanie-28-latek-wjechal-na-skrzyzowanie-na-poznym-zoltym\/#breadcrumb","itemListElement":[{"@type":"ListItem","position":1,"name":"Strona g\u0142\u00f3wna","item":"https:\/\/www.24gliwice.pl\/wiadomosci\/"},{"@type":"ListItem","position":2,"name":"Trzy uszkodzone samochody i dachowanie. 28-latek wjecha\u0142 na skrzy\u017cowanie na &#8222;p\u00f3\u017anym \u017c\u00f3\u0142tym&#8221;"}]},{"@type":"WebSite","@id":"https:\/\/www.24gliwice.pl\/wiadomosci\/#website","url":"https:\/\/www.24gliwice.pl\/wiadomosci\/","name":"24GLIWICE - Portal Gliwice | codziennie nowe wiadomo\u015bci","description":"Portal Miejski Gliwice","publisher":{"@id":"https:\/\/www.24gliwice.pl\/wiadomosci\/#organization"},"potentialAction":[{"@type":"SearchAction","target":{"@type":"EntryPoint","urlTemplate":"https:\/\/www.24gliwice.pl\/wiadomosci\/?s={search_term_string}"},"query-input":{"@type":"PropertyValueSpecification","valueRequired":true,"valueName":"search_term_string"}}],"inLanguage":"pl-PL"},{"@type":"Organization","@id":"https:\/\/www.24gliwice.pl\/wiadomosci\/#organization","name":"24gliwice","url":"https:\/\/www.24gliwice.pl\/wiadomosci\/","logo":{"@type":"ImageObject","inLanguage":"pl-PL","@id":"https:\/\/www.24gliwice.pl\/wiadomosci\/#\/schema\/logo\/image\/","url":"https:\/\/www.24gliwice.pl\/wiadomosci\/wp-content\/uploads\/2024\/10\/24gliwice-logo-696.jpg","contentUrl":"https:\/\/www.24gliwice.pl\/wiadomosci\/wp-content\/uploads\/2024\/10\/24gliwice-logo-696.jpg","width":696,"height":696,"caption":"24gliwice"},"image":{"@id":"https:\/\/www.24gliwice.pl\/wiadomosci\/#\/schema\/logo\/image\/"},"sameAs":["https:\/\/www.facebook.com\/24gliwice","https:\/\/x.com\/24gliwice","https:\/\/www.youtube.com\/@24gliwice"]},{"@type":"Person","@id":"https:\/\/www.24gliwice.pl\/wiadomosci\/#\/schema\/person\/e42c650edd7f2fa332be3811fb166b6e","name":"\u017baneta Mrozek-Siewierska","image":{"@type":"ImageObject","inLanguage":"pl-PL","@id":"https:\/\/secure.gravatar.com\/avatar\/1881429e9c64597c77ad7aef2d0a19be69a3253e57534d16aa15bf3a4d34a0a3?s=96&d=mm&r=g","url":"https:\/\/secure.gravatar.com\/avatar\/1881429e9c64597c77ad7aef2d0a19be69a3253e57534d16aa15bf3a4d34a0a3?s=96&d=mm&r=g","contentUrl":"https:\/\/secure.gravatar.com\/avatar\/1881429e9c64597c77ad7aef2d0a19be69a3253e57534d16aa15bf3a4d34a0a3?s=96&d=mm&r=g","caption":"\u017baneta Mrozek-Siewierska"},"url":"https:\/\/www.24gliwice.pl\/wiadomosci\/author\/zms\/"}]}},"_links":{"self":[{"href":"https:\/\/www.24gliwice.pl\/wiadomosci\/wp-json\/wp\/v2\/posts\/123777","targetHints":{"allow":["GET"]}}],"collection":[{"href":"https:\/\/www.24gliwice.pl\/wiadomosci\/wp-json\/wp\/v2\/posts"}],"about":[{"href":"https:\/\/www.24gliwice.pl\/wiadomosci\/wp-json\/wp\/v2\/types\/post"}],"author":[{"embeddable":true,"href":"https:\/\/www.24gliwice.pl\/wiadomosci\/wp-json\/wp\/v2\/users\/15"}],"replies":[{"embeddable":true,"href":"https:\/\/www.24gliwice.pl\/wiadomosci\/wp-json\/wp\/v2\/comments?post=123777"}],"version-history":[{"count":0,"href":"https:\/\/www.24gliwice.pl\/wiadomosci\/wp-json\/wp\/v2\/posts\/123777\/revisions"}],"wp:featuredmedia":[{"embeddable":true,"href":"https:\/\/www.24gliwice.pl\/wiadomosci\/wp-json\/wp\/v2\/media\/123788"}],"wp:attachment":[{"href":"https:\/\/www.24gliwice.pl\/wiadomosci\/wp-json\/wp\/v2\/media?parent=123777"}],"wp:term":[{"taxonomy":"category","embeddable":true,"href":"https:\/\/www.24gliwice.pl\/wiadomosci\/wp-json\/wp\/v2\/categories?post=123777"},{"taxonomy":"post_tag","embeddable":true,"href":"https:\/\/www.24gliwice.pl\/wiadomosci\/wp-json\/wp\/v2\/tags?post=123777"}],"curies":[{"name":"wp","href":"https:\/\/api.w.org\/{rel}","templated":true}]}}