{"id":123884,"date":"2018-10-08T02:38:46","date_gmt":"2018-10-08T00:38:46","guid":{"rendered":"https:\/\/www.24gliwice.pl\/wiadomosci\/?p=123884"},"modified":"2018-10-08T02:38:46","modified_gmt":"2018-10-08T00:38:46","slug":"kolejna-redukcja-zatrudnienia-w-gliwickiej-fabryce-opla-dobrowolne-odejscia-i-przenosiny-do-tychow","status":"publish","type":"post","link":"https:\/\/www.24gliwice.pl\/wiadomosci\/kolejna-redukcja-zatrudnienia-w-gliwickiej-fabryce-opla-dobrowolne-odejscia-i-przenosiny-do-tychow\/","title":{"rendered":"Kolejna redukcja zatrudnienia w gliwickiej fabryce Opla. Dobrowolne odej\u015bcia i przenosiny do Tych\u00f3w"},"content":{"rendered":"<div class=\"gliwi-a6-nad-leadem-artykulow gliwi-entity-placement\" id=\"gliwi-2887895238\"><div class=\"gliwi-adlabel\"><span style=\"font-size: 9px\">REKLAMA<\/span><\/div><div id=\"gliwi-4043179617\" style=\"margin-bottom: 30px;margin-left: auto;margin-right: auto;text-align: center;\"><a data-no-instant=\"1\" href=\"https:\/\/przedszkole.halogen.org.pl\/\" rel=\"noopener\" class=\"a2t-link\" target=\"_blank\" aria-label=\"20260402-ANIMATOR-przedszkole_grafika_750x200\"><img loading=\"lazy\" decoding=\"async\" src=\"https:\/\/www.24gliwice.pl\/wiadomosci\/wp-content\/uploads\/2026\/04\/20260402-ANIMATOR-przedszkole_grafika_750x200.webp\" alt=\"\"  srcset=\"https:\/\/www.24gliwice.pl\/wiadomosci\/wp-content\/uploads\/2026\/04\/20260402-ANIMATOR-przedszkole_grafika_750x200.webp 750w, https:\/\/www.24gliwice.pl\/wiadomosci\/wp-content\/uploads\/2026\/04\/20260402-ANIMATOR-przedszkole_grafika_750x200-410x109.webp 410w\" sizes=\"(max-width: 750px) 100vw, 750px\" class=\"no-lazyload\" width=\"750\" height=\"200\"  style=\"display: inline-block; max-width: 100%; height: auto;\" \/><\/a><\/div><\/div><h3>Jak podaje \u015al\u0105sko-D\u0105browska Solidarno\u015b\u0107, 1 pa\u017adziernika rozpocz\u0119\u0142a si\u0119 ju\u017c trzecia w tym roku tura <a href=\"https:\/\/www.24gliwice.pl\/wiadomosci\/ostatnia-redukcja-etatow-w-fabryce-opla\/\" rel=\"noopener\" target=\"_blank\">Programu Dobrowolnych Odej\u015b\u0107<\/a> w gliwickiej fabryce Opla, kt\u00f3ra ma obj\u0105\u0107 oko\u0142o 170 os\u00f3b.<\/h3>\n<p>Kolejnych 200 pracownik\u00f3w ma zosta\u0107 przeniesionych do pracy w tyskim zak\u0142adzie koncernu produkuj\u0105cym silniki. Spos\u00f3b, w jaki si\u0119 to odbywa, budzi jednak spore zastrze\u017cenia Solidarno\u015bci.<\/p>\n[perfectpullquote align=&#8221;full&#8221; bordertop=&#8221;false&#8221; cite=&#8221;&#8221; link=&#8221;&#8221; color=&#8221;&#8221; class=&#8221;&#8221; size=&#8221;&#8221;]Regulamin PDO jest identyczny jak w przypadku poprzednich tur, kt\u00f3re mia\u0142y miejsce w styczniu i w maju. W\u00f3wczas program obj\u0105\u0142 odpowiednio 190 i 275 os\u00f3b.[\/perfectpullquote]\n<p>\u2013 Pracownikom, kt\u00f3rzy zdecyduj\u0105 si\u0119 na dobrowolne odej\u015bcie z fabryki, b\u0119dzie przys\u0142ugiwa\u0107 odprawa wynosz\u0105ca maksymalnie 21 miesi\u0119cznych wynagrodze\u0144. O wysoko\u015bci odprawy decyduje sta\u017c pracy oraz to, jak szybko pracownik zg\u0142osi\u0142 si\u0119 do programu. To przyzwoite zasady, zw\u0142aszcza dla pracownik\u00f3w z najd\u0142u\u017cszym sta\u017cem. Jednak dla zwi\u0105zku zawodowego redukcja zatrudnienia to zawsze niedobra wiadomo\u015b\u0107. Tym bardziej \u017ce PDO uruchomiono ju\u017c trzeci raz w tym roku \u2013 m\u00f3wi <strong>Mariusz Kr\u00f3l<\/strong>, przewodnicz\u0105cy Solidarno\u015bci w Opel Manufacturing Poland w Gliwicach.<\/p><div class=\"gliwi-a3-w-tresci-artykulow gliwi-entity-placement\" id=\"gliwi-1549315\"><div class=\"gliwi-adlabel\"><span style=\"font-size: 9px\">REKLAMA<\/span><\/div><div id=\"gliwi-716364172\" style=\"margin-bottom: 30px;margin-left: auto;margin-right: auto;text-align: center;\"><a data-no-instant=\"1\" href=\"https:\/\/zlobek.halogen.org.pl\/\" rel=\"noopener\" class=\"a2t-link\" target=\"_blank\" aria-label=\"animator-zlobek_750x200\"><img loading=\"lazy\" decoding=\"async\" src=\"https:\/\/www.24gliwice.pl\/wiadomosci\/wp-content\/uploads\/2026\/02\/animator-zlobek_750x200.webp\" alt=\"\"  srcset=\"https:\/\/www.24gliwice.pl\/wiadomosci\/wp-content\/uploads\/2026\/02\/animator-zlobek_750x200.webp 750w, https:\/\/www.24gliwice.pl\/wiadomosci\/wp-content\/uploads\/2026\/02\/animator-zlobek_750x200-410x109.webp 410w\" sizes=\"(max-width: 750px) 100vw, 750px\" class=\"no-lazyload\" width=\"750\" height=\"200\"  style=\"display: inline-block; max-width: 100%; height: auto;\" \/><\/a><\/div><\/div>\n<p>Zatrudnienie w gliwickiej fabryce jest ograniczane od wielu miesi\u0119cy. <a href=\"https:\/\/www.24gliwice.pl\/wiadomosci\/likwidacja-trzeciej-zmiany-w-oplu-staje-sie-faktem-odprawy-do-14-krotnosci-pensji\/\" rel=\"noopener\" target=\"_blank\">W lutym tego roku zak\u0142ad zlikwidowa\u0142 trzeci\u0105 zmian\u0119<\/a>. Cz\u0119\u015b\u0107 pracownik\u00f3w odesz\u0142a w ramach Programu Dobrowolnych Odej\u015b\u0107, kolejne grupy s\u0105 wysy\u0142ane do pracy w innych europejskich zak\u0142adach koncernu PSA, kt\u00f3ry jest w\u0142a\u015bcicielem Opla.<\/p>\n[perfectpullquote align=&#8221;full&#8221; bordertop=&#8221;false&#8221; cite=&#8221;&#8221; link=&#8221;&#8221; color=&#8221;&#8221; class=&#8221;&#8221; size=&#8221;&#8221;]Dodatkowo do ko\u0144ca roku oko\u0142o 200 pracownik\u00f3w ma zosta\u0107 przetransferowanych do zak\u0142adu Opla w Tychach, w kt\u00f3rym produkowane s\u0105 silniki.[\/perfectpullquote]\n<p>\u2013 Zasady przenoszenia pracownik\u00f3w nie zosta\u0142y w \u017caden spos\u00f3b uzgodnione ze zwi\u0105zkami zawodowymi. Pracodawca zawiera w tej kwestii indywidualne umowy z pracownikami. Nie ma czytelnych zasad, ani \u017cadnych wi\u0105\u017c\u0105cych gwarancji dla pracownik\u00f3w \u2013 wskazuje przewodnicz\u0105cy.<\/p>\n<p>Transfer pracownik\u00f3w odbywa si\u0119 w dw\u00f3ch wariantach. W pierwszym pracownikowi udzielany jest urlop bezp\u0142atny na czas zatrudnienia w Tychach. \u2013 Problem w tym, \u017ce pracownik mo\u017ce wzi\u0105\u0107 urlop w Gliwicach, np. na 2 lata, a p\u00f3\u017aniej oka\u017ce si\u0119, \u017ce w Tychach praca dla niego jest tylko na kilka miesi\u0119cy \u2013 t\u0142umaczy Mariusz Kr\u00f3l.<\/p>\n[perfectpullquote align=&#8221;full&#8221; bordertop=&#8221;false&#8221; cite=&#8221;&#8221; link=&#8221;&#8221; color=&#8221;&#8221; class=&#8221;&#8221; size=&#8221;&#8221;]W drugim wariancie przyj\u0119cie do pracy w Tychach jest poprzedzone rozwi\u0105zaniem umowy o prac\u0119 w gliwickim zak\u0142adzie.[\/perfectpullquote]\n<p>\u2013 Pracownicy, kt\u00f3rzy zwolni\u0105 si\u0119 z pracy, nie maj\u0105 \u017cadnej gwarancji, \u017ce w Tychach otrzymaj\u0105 takie same stawki wynagrodzenia i czy zachowaj\u0105 ci\u0105g\u0142o\u015b\u0107 pracy, od kt\u00f3rego zale\u017c\u0105 m.in. d\u0142u\u017csze okresy wypowiedzenia, prawo do odprawy pracowniczej czy ochrona przed zwolnieniem w razie d\u0142ugotrwa\u0142ej choroby. Jednocze\u015bnie strac\u0105 oni prawo do wszelkich przysz\u0142ych bonus\u00f3w i \u015bwiadcze\u0144 wyp\u0142acanych w Gliwicach, gdy\u017c po prostu przestan\u0105 by\u0107 pracownikami naszego zak\u0142adu \u2013 podkre\u015bla przewodnicz\u0105cy.<\/p>\n<p>Solidarno\u015b\u0107 w gliwickim zak\u0142adzie apeluje do pracownik\u00f3w, aby nie podpisywali pochopnie um\u00f3w dotycz\u0105cych przeniesienia do pracy w Tychach, zanim dok\u0142adnie nie przeanalizuj\u0105 tre\u015bci tych dokument\u00f3w. \u2013 Cz\u0142onkowie Solidarno\u015bci maj\u0105 zapewnion\u0105 bezp\u0142atn\u0105 pomoc zwi\u0105zkowych prawnik\u00f3w i w tym wypadku jak najbardziej powinni z tej pomocy skorzysta\u0107. Podpisanie takiej umowy \u201eod r\u0119ki\u201d jest najgorszym co mog\u0105 zrobi\u0107 \u2013 zaznacza szef Solidarno\u015bci w gliwickim Oplu.<\/p>\n<p>(\u017cms)\/<a href=\"http:\/\/www.solidarnosckatowice.pl\/pl-PL\/gliwicka_fabryka_opla_znow_ogranicza_zatrudnienie.html\" rel=\"noopener\" target=\"_blank\">\u015al\u0105sko-D\u0105browska Solidarno\u015b\u0107(\u0142k)<\/a><\/p>\n<div class=\"gliwi-a5-na-koncu-artykulow gliwi-entity-placement\" id=\"gliwi-174521442\"><div class=\"gliwi-adlabel\"><span style=\"font-size: 9px\">REKLAMA<\/span><\/div><div id=\"gliwi-465185267\" style=\"margin-left: auto;margin-right: auto;text-align: center;\"><a data-no-instant=\"1\" href=\"https:\/\/prezeroarenagliwice.pl\/\" rel=\"noopener\" class=\"a2t-link\" target=\"_blank\" aria-label=\"20260309-PREZERO-WIOSNA-D\"><img loading=\"lazy\" decoding=\"async\" src=\"https:\/\/www.24gliwice.pl\/wiadomosci\/wp-content\/uploads\/2026\/03\/20260309-PREZERO-WIOSNA-D.webp\" alt=\"\"  srcset=\"https:\/\/www.24gliwice.pl\/wiadomosci\/wp-content\/uploads\/2026\/03\/20260309-PREZERO-WIOSNA-D.webp 750w, https:\/\/www.24gliwice.pl\/wiadomosci\/wp-content\/uploads\/2026\/03\/20260309-PREZERO-WIOSNA-D-410x109.webp 410w\" sizes=\"(max-width: 750px) 100vw, 750px\" class=\"no-lazyload\" width=\"750\" height=\"200\"  style=\"display: inline-block; max-width: 100%; height: auto;\" \/><\/a><\/div><\/div>","protected":false},"excerpt":{"rendered":"<p>Jak podaje \u015al\u0105sko-D\u0105browska Solidarno\u015b\u0107, 1 pa\u017adziernika rozpocz\u0119\u0142a si\u0119 ju\u017c trzecia w tym roku tura Programu Dobrowolnych Odej\u015b\u0107 w gliwickiej fabryce Opla, kt\u00f3ra ma obj\u0105\u0107 oko\u0142o 170 os\u00f3b. Kolejnych 200 pracownik\u00f3w ma zosta\u0107 przeniesionych do pracy w tyskim zak\u0142adzie koncernu produkuj\u0105cym silniki. Spos\u00f3b, w jaki si\u0119 to odbywa, budzi jednak spore zastrze\u017cenia Solidarno\u015bci. [perfectpullquote align=&#8221;full&#8221; bordertop=&#8221;false&#8221; [&hellip;]<\/p>\n","protected":false},"author":15,"featured_media":122441,"comment_status":"open","ping_status":"closed","sticky":false,"template":"","format":"standard","meta":{"_monsterinsights_skip_tracking":false,"_monsterinsights_sitenote_active":false,"_monsterinsights_sitenote_note":"","_monsterinsights_sitenote_category":0,"footnotes":"","_links_to":"","_links_to_target":""},"categories":[3,1,9],"tags":[180,8425,11214,5822,8835],"class_list":["post-123884","post","type-post","status-publish","format-standard","has-post-thumbnail","hentry","category-gliwice","category-wszystko","category-aktualnosci_lokalne","tag-fabryka-opla","tag-opel","tag-redukcja-zatrudnienia","tag-solidarnosc","tag-zwiazki-zawodowe"],"yoast_head":"<!-- This site is optimized with the Yoast SEO plugin v27.5 - https:\/\/yoast.com\/product\/yoast-seo-wordpress\/ -->\n<title>Kolejna redukcja zatrudnienia w gliwickiej fabryce Opla. Dobrowolne odej\u015bcia i przenosiny do Tych\u00f3w - 24GLIWICE - Portal Gliwice | codziennie nowe informacje<\/title>\n<meta name=\"robots\" content=\"index, follow, max-snippet:-1, max-image-preview:large, max-video-preview:-1\" \/>\n<link rel=\"canonical\" href=\"https:\/\/www.24gliwice.pl\/wiadomosci\/kolejna-redukcja-zatrudnienia-w-gliwickiej-fabryce-opla-dobrowolne-odejscia-i-przenosiny-do-tychow\/\" \/>\n<meta property=\"og:locale\" content=\"pl_PL\" \/>\n<meta property=\"og:type\" content=\"article\" \/>\n<meta property=\"og:title\" content=\"Kolejna redukcja zatrudnienia w gliwickiej fabryce Opla. Dobrowolne odej\u015bcia i przenosiny do Tych\u00f3w - 24GLIWICE - Portal Gliwice | codziennie nowe informacje\" \/>\n<meta property=\"og:description\" content=\"Jak podaje \u015al\u0105sko-D\u0105browska Solidarno\u015b\u0107, 1 pa\u017adziernika rozpocz\u0119\u0142a si\u0119 ju\u017c trzecia w tym roku tura Programu Dobrowolnych Odej\u015b\u0107 w gliwickiej fabryce Opla, kt\u00f3ra ma obj\u0105\u0107 oko\u0142o 170 os\u00f3b. Kolejnych 200 pracownik\u00f3w ma zosta\u0107 przeniesionych do pracy w tyskim zak\u0142adzie koncernu produkuj\u0105cym silniki. Spos\u00f3b, w jaki si\u0119 to odbywa, budzi jednak spore zastrze\u017cenia Solidarno\u015bci. [perfectpullquote align=&#8221;full&#8221; bordertop=&#8221;false&#8221; [&hellip;]\" \/>\n<meta property=\"og:url\" content=\"https:\/\/www.24gliwice.pl\/wiadomosci\/kolejna-redukcja-zatrudnienia-w-gliwickiej-fabryce-opla-dobrowolne-odejscia-i-przenosiny-do-tychow\/\" \/>\n<meta property=\"og:site_name\" content=\"24GLIWICE - Portal Gliwice | codziennie nowe informacje\" \/>\n<meta property=\"article:publisher\" content=\"https:\/\/www.facebook.com\/24gliwice\" \/>\n<meta property=\"article:published_time\" content=\"2018-10-08T00:38:46+00:00\" \/>\n<meta property=\"og:image\" content=\"https:\/\/www.24gliwice.pl\/wiadomosci\/wp-content\/uploads\/2018\/09\/opel11.jpg\" \/>\n\t<meta property=\"og:image:width\" content=\"1575\" \/>\n\t<meta property=\"og:image:height\" content=\"886\" \/>\n\t<meta property=\"og:image:type\" content=\"image\/jpeg\" \/>\n<meta name=\"author\" content=\"\u017baneta Mrozek-Siewierska\" \/>\n<meta name=\"twitter:card\" content=\"summary_large_image\" \/>\n<meta name=\"twitter:creator\" content=\"@24gliwice\" \/>\n<meta name=\"twitter:site\" content=\"@24gliwice\" \/>\n<meta name=\"twitter:label1\" content=\"Napisane przez\" \/>\n\t<meta name=\"twitter:data1\" content=\"\u017baneta Mrozek-Siewierska\" \/>\n\t<meta name=\"twitter:label2\" content=\"Szacowany czas czytania\" \/>\n\t<meta name=\"twitter:data2\" content=\"3 minuty\" \/>\n<script type=\"application\/ld+json\" class=\"yoast-schema-graph\">{\"@context\":\"https:\\\/\\\/schema.org\",\"@graph\":[{\"@type\":\"Article\",\"@id\":\"https:\\\/\\\/www.24gliwice.pl\\\/wiadomosci\\\/kolejna-redukcja-zatrudnienia-w-gliwickiej-fabryce-opla-dobrowolne-odejscia-i-przenosiny-do-tychow\\\/#article\",\"isPartOf\":{\"@id\":\"https:\\\/\\\/www.24gliwice.pl\\\/wiadomosci\\\/kolejna-redukcja-zatrudnienia-w-gliwickiej-fabryce-opla-dobrowolne-odejscia-i-przenosiny-do-tychow\\\/\"},\"author\":{\"name\":\"\u017baneta Mrozek-Siewierska\",\"@id\":\"https:\\\/\\\/www.24gliwice.pl\\\/wiadomosci\\\/#\\\/schema\\\/person\\\/e42c650edd7f2fa332be3811fb166b6e\"},\"headline\":\"Kolejna redukcja zatrudnienia w gliwickiej fabryce Opla. Dobrowolne odej\u015bcia i przenosiny do Tych\u00f3w\",\"datePublished\":\"2018-10-08T00:38:46+00:00\",\"mainEntityOfPage\":{\"@id\":\"https:\\\/\\\/www.24gliwice.pl\\\/wiadomosci\\\/kolejna-redukcja-zatrudnienia-w-gliwickiej-fabryce-opla-dobrowolne-odejscia-i-przenosiny-do-tychow\\\/\"},\"wordCount\":581,\"commentCount\":0,\"publisher\":{\"@id\":\"https:\\\/\\\/www.24gliwice.pl\\\/wiadomosci\\\/#organization\"},\"image\":{\"@id\":\"https:\\\/\\\/www.24gliwice.pl\\\/wiadomosci\\\/kolejna-redukcja-zatrudnienia-w-gliwickiej-fabryce-opla-dobrowolne-odejscia-i-przenosiny-do-tychow\\\/#primaryimage\"},\"thumbnailUrl\":\"https:\\\/\\\/www.24gliwice.pl\\\/wiadomosci\\\/wp-content\\\/uploads\\\/2018\\\/09\\\/opel11.jpg\",\"keywords\":[\"fabryka Opla\",\"OPEL\",\"redukcja zatrudnienia\",\"solidarno\u015b\u0107\",\"zwi\u0105zki zawodowe\"],\"articleSection\":[\"Gliwice\",\"Najnowsze wiadomo\u015bci\",\"Portal Gliwice - Wiadomo\u015bci lokalne\"],\"inLanguage\":\"pl-PL\",\"potentialAction\":[{\"@type\":\"CommentAction\",\"name\":\"Comment\",\"target\":[\"https:\\\/\\\/www.24gliwice.pl\\\/wiadomosci\\\/kolejna-redukcja-zatrudnienia-w-gliwickiej-fabryce-opla-dobrowolne-odejscia-i-przenosiny-do-tychow\\\/#respond\"]}]},{\"@type\":\"WebPage\",\"@id\":\"https:\\\/\\\/www.24gliwice.pl\\\/wiadomosci\\\/kolejna-redukcja-zatrudnienia-w-gliwickiej-fabryce-opla-dobrowolne-odejscia-i-przenosiny-do-tychow\\\/\",\"url\":\"https:\\\/\\\/www.24gliwice.pl\\\/wiadomosci\\\/kolejna-redukcja-zatrudnienia-w-gliwickiej-fabryce-opla-dobrowolne-odejscia-i-przenosiny-do-tychow\\\/\",\"name\":\"Kolejna redukcja zatrudnienia w gliwickiej fabryce Opla. Dobrowolne odej\u015bcia i przenosiny do Tych\u00f3w - 24GLIWICE - Portal Gliwice | codziennie nowe informacje\",\"isPartOf\":{\"@id\":\"https:\\\/\\\/www.24gliwice.pl\\\/wiadomosci\\\/#website\"},\"primaryImageOfPage\":{\"@id\":\"https:\\\/\\\/www.24gliwice.pl\\\/wiadomosci\\\/kolejna-redukcja-zatrudnienia-w-gliwickiej-fabryce-opla-dobrowolne-odejscia-i-przenosiny-do-tychow\\\/#primaryimage\"},\"image\":{\"@id\":\"https:\\\/\\\/www.24gliwice.pl\\\/wiadomosci\\\/kolejna-redukcja-zatrudnienia-w-gliwickiej-fabryce-opla-dobrowolne-odejscia-i-przenosiny-do-tychow\\\/#primaryimage\"},\"thumbnailUrl\":\"https:\\\/\\\/www.24gliwice.pl\\\/wiadomosci\\\/wp-content\\\/uploads\\\/2018\\\/09\\\/opel11.jpg\",\"datePublished\":\"2018-10-08T00:38:46+00:00\",\"breadcrumb\":{\"@id\":\"https:\\\/\\\/www.24gliwice.pl\\\/wiadomosci\\\/kolejna-redukcja-zatrudnienia-w-gliwickiej-fabryce-opla-dobrowolne-odejscia-i-przenosiny-do-tychow\\\/#breadcrumb\"},\"inLanguage\":\"pl-PL\",\"potentialAction\":[{\"@type\":\"ReadAction\",\"target\":[\"https:\\\/\\\/www.24gliwice.pl\\\/wiadomosci\\\/kolejna-redukcja-zatrudnienia-w-gliwickiej-fabryce-opla-dobrowolne-odejscia-i-przenosiny-do-tychow\\\/\"]}]},{\"@type\":\"ImageObject\",\"inLanguage\":\"pl-PL\",\"@id\":\"https:\\\/\\\/www.24gliwice.pl\\\/wiadomosci\\\/kolejna-redukcja-zatrudnienia-w-gliwickiej-fabryce-opla-dobrowolne-odejscia-i-przenosiny-do-tychow\\\/#primaryimage\",\"url\":\"https:\\\/\\\/www.24gliwice.pl\\\/wiadomosci\\\/wp-content\\\/uploads\\\/2018\\\/09\\\/opel11.jpg\",\"contentUrl\":\"https:\\\/\\\/www.24gliwice.pl\\\/wiadomosci\\\/wp-content\\\/uploads\\\/2018\\\/09\\\/opel11.jpg\",\"width\":1575,\"height\":886},{\"@type\":\"BreadcrumbList\",\"@id\":\"https:\\\/\\\/www.24gliwice.pl\\\/wiadomosci\\\/kolejna-redukcja-zatrudnienia-w-gliwickiej-fabryce-opla-dobrowolne-odejscia-i-przenosiny-do-tychow\\\/#breadcrumb\",\"itemListElement\":[{\"@type\":\"ListItem\",\"position\":1,\"name\":\"Strona g\u0142\u00f3wna\",\"item\":\"https:\\\/\\\/www.24gliwice.pl\\\/wiadomosci\\\/\"},{\"@type\":\"ListItem\",\"position\":2,\"name\":\"Kolejna redukcja zatrudnienia w gliwickiej fabryce Opla. Dobrowolne odej\u015bcia i przenosiny do Tych\u00f3w\"}]},{\"@type\":\"WebSite\",\"@id\":\"https:\\\/\\\/www.24gliwice.pl\\\/wiadomosci\\\/#website\",\"url\":\"https:\\\/\\\/www.24gliwice.pl\\\/wiadomosci\\\/\",\"name\":\"24GLIWICE - Portal Gliwice | codziennie nowe wiadomo\u015bci\",\"description\":\"Portal Miejski Gliwice\",\"publisher\":{\"@id\":\"https:\\\/\\\/www.24gliwice.pl\\\/wiadomosci\\\/#organization\"},\"potentialAction\":[{\"@type\":\"SearchAction\",\"target\":{\"@type\":\"EntryPoint\",\"urlTemplate\":\"https:\\\/\\\/www.24gliwice.pl\\\/wiadomosci\\\/?s={search_term_string}\"},\"query-input\":{\"@type\":\"PropertyValueSpecification\",\"valueRequired\":true,\"valueName\":\"search_term_string\"}}],\"inLanguage\":\"pl-PL\"},{\"@type\":\"Organization\",\"@id\":\"https:\\\/\\\/www.24gliwice.pl\\\/wiadomosci\\\/#organization\",\"name\":\"24gliwice\",\"url\":\"https:\\\/\\\/www.24gliwice.pl\\\/wiadomosci\\\/\",\"logo\":{\"@type\":\"ImageObject\",\"inLanguage\":\"pl-PL\",\"@id\":\"https:\\\/\\\/www.24gliwice.pl\\\/wiadomosci\\\/#\\\/schema\\\/logo\\\/image\\\/\",\"url\":\"https:\\\/\\\/www.24gliwice.pl\\\/wiadomosci\\\/wp-content\\\/uploads\\\/2024\\\/10\\\/24gliwice-logo-696.jpg\",\"contentUrl\":\"https:\\\/\\\/www.24gliwice.pl\\\/wiadomosci\\\/wp-content\\\/uploads\\\/2024\\\/10\\\/24gliwice-logo-696.jpg\",\"width\":696,\"height\":696,\"caption\":\"24gliwice\"},\"image\":{\"@id\":\"https:\\\/\\\/www.24gliwice.pl\\\/wiadomosci\\\/#\\\/schema\\\/logo\\\/image\\\/\"},\"sameAs\":[\"https:\\\/\\\/www.facebook.com\\\/24gliwice\",\"https:\\\/\\\/x.com\\\/24gliwice\",\"https:\\\/\\\/www.youtube.com\\\/@24gliwice\"]},{\"@type\":\"Person\",\"@id\":\"https:\\\/\\\/www.24gliwice.pl\\\/wiadomosci\\\/#\\\/schema\\\/person\\\/e42c650edd7f2fa332be3811fb166b6e\",\"name\":\"\u017baneta Mrozek-Siewierska\",\"image\":{\"@type\":\"ImageObject\",\"inLanguage\":\"pl-PL\",\"@id\":\"https:\\\/\\\/secure.gravatar.com\\\/avatar\\\/1881429e9c64597c77ad7aef2d0a19be69a3253e57534d16aa15bf3a4d34a0a3?s=96&d=mm&r=g\",\"url\":\"https:\\\/\\\/secure.gravatar.com\\\/avatar\\\/1881429e9c64597c77ad7aef2d0a19be69a3253e57534d16aa15bf3a4d34a0a3?s=96&d=mm&r=g\",\"contentUrl\":\"https:\\\/\\\/secure.gravatar.com\\\/avatar\\\/1881429e9c64597c77ad7aef2d0a19be69a3253e57534d16aa15bf3a4d34a0a3?s=96&d=mm&r=g\",\"caption\":\"\u017baneta Mrozek-Siewierska\"},\"url\":\"https:\\\/\\\/www.24gliwice.pl\\\/wiadomosci\\\/author\\\/zms\\\/\"}]}<\/script>\n<!-- \/ Yoast SEO plugin. -->","yoast_head_json":{"title":"Kolejna redukcja zatrudnienia w gliwickiej fabryce Opla. Dobrowolne odej\u015bcia i przenosiny do Tych\u00f3w - 24GLIWICE - Portal Gliwice | codziennie nowe informacje","robots":{"index":"index","follow":"follow","max-snippet":"max-snippet:-1","max-image-preview":"max-image-preview:large","max-video-preview":"max-video-preview:-1"},"canonical":"https:\/\/www.24gliwice.pl\/wiadomosci\/kolejna-redukcja-zatrudnienia-w-gliwickiej-fabryce-opla-dobrowolne-odejscia-i-przenosiny-do-tychow\/","og_locale":"pl_PL","og_type":"article","og_title":"Kolejna redukcja zatrudnienia w gliwickiej fabryce Opla. Dobrowolne odej\u015bcia i przenosiny do Tych\u00f3w - 24GLIWICE - Portal Gliwice | codziennie nowe informacje","og_description":"Jak podaje \u015al\u0105sko-D\u0105browska Solidarno\u015b\u0107, 1 pa\u017adziernika rozpocz\u0119\u0142a si\u0119 ju\u017c trzecia w tym roku tura Programu Dobrowolnych Odej\u015b\u0107 w gliwickiej fabryce Opla, kt\u00f3ra ma obj\u0105\u0107 oko\u0142o 170 os\u00f3b. Kolejnych 200 pracownik\u00f3w ma zosta\u0107 przeniesionych do pracy w tyskim zak\u0142adzie koncernu produkuj\u0105cym silniki. Spos\u00f3b, w jaki si\u0119 to odbywa, budzi jednak spore zastrze\u017cenia Solidarno\u015bci. [perfectpullquote align=&#8221;full&#8221; bordertop=&#8221;false&#8221; [&hellip;]","og_url":"https:\/\/www.24gliwice.pl\/wiadomosci\/kolejna-redukcja-zatrudnienia-w-gliwickiej-fabryce-opla-dobrowolne-odejscia-i-przenosiny-do-tychow\/","og_site_name":"24GLIWICE - Portal Gliwice | codziennie nowe informacje","article_publisher":"https:\/\/www.facebook.com\/24gliwice","article_published_time":"2018-10-08T00:38:46+00:00","og_image":[{"width":1575,"height":886,"url":"https:\/\/www.24gliwice.pl\/wiadomosci\/wp-content\/uploads\/2018\/09\/opel11.jpg","type":"image\/jpeg"}],"author":"\u017baneta Mrozek-Siewierska","twitter_card":"summary_large_image","twitter_creator":"@24gliwice","twitter_site":"@24gliwice","twitter_misc":{"Napisane przez":"\u017baneta Mrozek-Siewierska","Szacowany czas czytania":"3 minuty"},"schema":{"@context":"https:\/\/schema.org","@graph":[{"@type":"Article","@id":"https:\/\/www.24gliwice.pl\/wiadomosci\/kolejna-redukcja-zatrudnienia-w-gliwickiej-fabryce-opla-dobrowolne-odejscia-i-przenosiny-do-tychow\/#article","isPartOf":{"@id":"https:\/\/www.24gliwice.pl\/wiadomosci\/kolejna-redukcja-zatrudnienia-w-gliwickiej-fabryce-opla-dobrowolne-odejscia-i-przenosiny-do-tychow\/"},"author":{"name":"\u017baneta Mrozek-Siewierska","@id":"https:\/\/www.24gliwice.pl\/wiadomosci\/#\/schema\/person\/e42c650edd7f2fa332be3811fb166b6e"},"headline":"Kolejna redukcja zatrudnienia w gliwickiej fabryce Opla. Dobrowolne odej\u015bcia i przenosiny do Tych\u00f3w","datePublished":"2018-10-08T00:38:46+00:00","mainEntityOfPage":{"@id":"https:\/\/www.24gliwice.pl\/wiadomosci\/kolejna-redukcja-zatrudnienia-w-gliwickiej-fabryce-opla-dobrowolne-odejscia-i-przenosiny-do-tychow\/"},"wordCount":581,"commentCount":0,"publisher":{"@id":"https:\/\/www.24gliwice.pl\/wiadomosci\/#organization"},"image":{"@id":"https:\/\/www.24gliwice.pl\/wiadomosci\/kolejna-redukcja-zatrudnienia-w-gliwickiej-fabryce-opla-dobrowolne-odejscia-i-przenosiny-do-tychow\/#primaryimage"},"thumbnailUrl":"https:\/\/www.24gliwice.pl\/wiadomosci\/wp-content\/uploads\/2018\/09\/opel11.jpg","keywords":["fabryka Opla","OPEL","redukcja zatrudnienia","solidarno\u015b\u0107","zwi\u0105zki zawodowe"],"articleSection":["Gliwice","Najnowsze wiadomo\u015bci","Portal Gliwice - Wiadomo\u015bci lokalne"],"inLanguage":"pl-PL","potentialAction":[{"@type":"CommentAction","name":"Comment","target":["https:\/\/www.24gliwice.pl\/wiadomosci\/kolejna-redukcja-zatrudnienia-w-gliwickiej-fabryce-opla-dobrowolne-odejscia-i-przenosiny-do-tychow\/#respond"]}]},{"@type":"WebPage","@id":"https:\/\/www.24gliwice.pl\/wiadomosci\/kolejna-redukcja-zatrudnienia-w-gliwickiej-fabryce-opla-dobrowolne-odejscia-i-przenosiny-do-tychow\/","url":"https:\/\/www.24gliwice.pl\/wiadomosci\/kolejna-redukcja-zatrudnienia-w-gliwickiej-fabryce-opla-dobrowolne-odejscia-i-przenosiny-do-tychow\/","name":"Kolejna redukcja zatrudnienia w gliwickiej fabryce Opla. Dobrowolne odej\u015bcia i przenosiny do Tych\u00f3w - 24GLIWICE - Portal Gliwice | codziennie nowe informacje","isPartOf":{"@id":"https:\/\/www.24gliwice.pl\/wiadomosci\/#website"},"primaryImageOfPage":{"@id":"https:\/\/www.24gliwice.pl\/wiadomosci\/kolejna-redukcja-zatrudnienia-w-gliwickiej-fabryce-opla-dobrowolne-odejscia-i-przenosiny-do-tychow\/#primaryimage"},"image":{"@id":"https:\/\/www.24gliwice.pl\/wiadomosci\/kolejna-redukcja-zatrudnienia-w-gliwickiej-fabryce-opla-dobrowolne-odejscia-i-przenosiny-do-tychow\/#primaryimage"},"thumbnailUrl":"https:\/\/www.24gliwice.pl\/wiadomosci\/wp-content\/uploads\/2018\/09\/opel11.jpg","datePublished":"2018-10-08T00:38:46+00:00","breadcrumb":{"@id":"https:\/\/www.24gliwice.pl\/wiadomosci\/kolejna-redukcja-zatrudnienia-w-gliwickiej-fabryce-opla-dobrowolne-odejscia-i-przenosiny-do-tychow\/#breadcrumb"},"inLanguage":"pl-PL","potentialAction":[{"@type":"ReadAction","target":["https:\/\/www.24gliwice.pl\/wiadomosci\/kolejna-redukcja-zatrudnienia-w-gliwickiej-fabryce-opla-dobrowolne-odejscia-i-przenosiny-do-tychow\/"]}]},{"@type":"ImageObject","inLanguage":"pl-PL","@id":"https:\/\/www.24gliwice.pl\/wiadomosci\/kolejna-redukcja-zatrudnienia-w-gliwickiej-fabryce-opla-dobrowolne-odejscia-i-przenosiny-do-tychow\/#primaryimage","url":"https:\/\/www.24gliwice.pl\/wiadomosci\/wp-content\/uploads\/2018\/09\/opel11.jpg","contentUrl":"https:\/\/www.24gliwice.pl\/wiadomosci\/wp-content\/uploads\/2018\/09\/opel11.jpg","width":1575,"height":886},{"@type":"BreadcrumbList","@id":"https:\/\/www.24gliwice.pl\/wiadomosci\/kolejna-redukcja-zatrudnienia-w-gliwickiej-fabryce-opla-dobrowolne-odejscia-i-przenosiny-do-tychow\/#breadcrumb","itemListElement":[{"@type":"ListItem","position":1,"name":"Strona g\u0142\u00f3wna","item":"https:\/\/www.24gliwice.pl\/wiadomosci\/"},{"@type":"ListItem","position":2,"name":"Kolejna redukcja zatrudnienia w gliwickiej fabryce Opla. Dobrowolne odej\u015bcia i przenosiny do Tych\u00f3w"}]},{"@type":"WebSite","@id":"https:\/\/www.24gliwice.pl\/wiadomosci\/#website","url":"https:\/\/www.24gliwice.pl\/wiadomosci\/","name":"24GLIWICE - Portal Gliwice | codziennie nowe wiadomo\u015bci","description":"Portal Miejski Gliwice","publisher":{"@id":"https:\/\/www.24gliwice.pl\/wiadomosci\/#organization"},"potentialAction":[{"@type":"SearchAction","target":{"@type":"EntryPoint","urlTemplate":"https:\/\/www.24gliwice.pl\/wiadomosci\/?s={search_term_string}"},"query-input":{"@type":"PropertyValueSpecification","valueRequired":true,"valueName":"search_term_string"}}],"inLanguage":"pl-PL"},{"@type":"Organization","@id":"https:\/\/www.24gliwice.pl\/wiadomosci\/#organization","name":"24gliwice","url":"https:\/\/www.24gliwice.pl\/wiadomosci\/","logo":{"@type":"ImageObject","inLanguage":"pl-PL","@id":"https:\/\/www.24gliwice.pl\/wiadomosci\/#\/schema\/logo\/image\/","url":"https:\/\/www.24gliwice.pl\/wiadomosci\/wp-content\/uploads\/2024\/10\/24gliwice-logo-696.jpg","contentUrl":"https:\/\/www.24gliwice.pl\/wiadomosci\/wp-content\/uploads\/2024\/10\/24gliwice-logo-696.jpg","width":696,"height":696,"caption":"24gliwice"},"image":{"@id":"https:\/\/www.24gliwice.pl\/wiadomosci\/#\/schema\/logo\/image\/"},"sameAs":["https:\/\/www.facebook.com\/24gliwice","https:\/\/x.com\/24gliwice","https:\/\/www.youtube.com\/@24gliwice"]},{"@type":"Person","@id":"https:\/\/www.24gliwice.pl\/wiadomosci\/#\/schema\/person\/e42c650edd7f2fa332be3811fb166b6e","name":"\u017baneta Mrozek-Siewierska","image":{"@type":"ImageObject","inLanguage":"pl-PL","@id":"https:\/\/secure.gravatar.com\/avatar\/1881429e9c64597c77ad7aef2d0a19be69a3253e57534d16aa15bf3a4d34a0a3?s=96&d=mm&r=g","url":"https:\/\/secure.gravatar.com\/avatar\/1881429e9c64597c77ad7aef2d0a19be69a3253e57534d16aa15bf3a4d34a0a3?s=96&d=mm&r=g","contentUrl":"https:\/\/secure.gravatar.com\/avatar\/1881429e9c64597c77ad7aef2d0a19be69a3253e57534d16aa15bf3a4d34a0a3?s=96&d=mm&r=g","caption":"\u017baneta Mrozek-Siewierska"},"url":"https:\/\/www.24gliwice.pl\/wiadomosci\/author\/zms\/"}]}},"_links":{"self":[{"href":"https:\/\/www.24gliwice.pl\/wiadomosci\/wp-json\/wp\/v2\/posts\/123884","targetHints":{"allow":["GET"]}}],"collection":[{"href":"https:\/\/www.24gliwice.pl\/wiadomosci\/wp-json\/wp\/v2\/posts"}],"about":[{"href":"https:\/\/www.24gliwice.pl\/wiadomosci\/wp-json\/wp\/v2\/types\/post"}],"author":[{"embeddable":true,"href":"https:\/\/www.24gliwice.pl\/wiadomosci\/wp-json\/wp\/v2\/users\/15"}],"replies":[{"embeddable":true,"href":"https:\/\/www.24gliwice.pl\/wiadomosci\/wp-json\/wp\/v2\/comments?post=123884"}],"version-history":[{"count":0,"href":"https:\/\/www.24gliwice.pl\/wiadomosci\/wp-json\/wp\/v2\/posts\/123884\/revisions"}],"wp:featuredmedia":[{"embeddable":true,"href":"https:\/\/www.24gliwice.pl\/wiadomosci\/wp-json\/wp\/v2\/media\/122441"}],"wp:attachment":[{"href":"https:\/\/www.24gliwice.pl\/wiadomosci\/wp-json\/wp\/v2\/media?parent=123884"}],"wp:term":[{"taxonomy":"category","embeddable":true,"href":"https:\/\/www.24gliwice.pl\/wiadomosci\/wp-json\/wp\/v2\/categories?post=123884"},{"taxonomy":"post_tag","embeddable":true,"href":"https:\/\/www.24gliwice.pl\/wiadomosci\/wp-json\/wp\/v2\/tags?post=123884"}],"curies":[{"name":"wp","href":"https:\/\/api.w.org\/{rel}","templated":true}]}}