{"id":124020,"date":"2018-10-11T01:27:25","date_gmt":"2018-10-10T23:27:25","guid":{"rendered":"https:\/\/www.24gliwice.pl\/wiadomosci\/?p=124020"},"modified":"2018-10-11T08:43:42","modified_gmt":"2018-10-11T06:43:42","slug":"zebrza-chociaz-maja-za-co-zyc-sa-tez-zdolni-do-pracy-do-procederu-wykorzystuja-dzieci","status":"publish","type":"post","link":"https:\/\/www.24gliwice.pl\/wiadomosci\/zebrza-chociaz-maja-za-co-zyc-sa-tez-zdolni-do-pracy-do-procederu-wykorzystuja-dzieci\/","title":{"rendered":"\u017bebrz\u0105, chocia\u017c maj\u0105 za co \u017cy\u0107, s\u0105 te\u017c zdolni do pracy. Do procederu cz\u0119sto wykorzystuj\u0105 dzieci"},"content":{"rendered":"<div class=\"gliwi-a6-nad-leadem-artykulow gliwi-entity-placement\" id=\"gliwi-35443817\"><div class=\"gliwi-adlabel\"><span style=\"font-size: 9px\">REKLAMA<\/span><\/div><div id=\"gliwi-67958610\" style=\"margin-bottom: 30px;margin-left: auto;margin-right: auto;text-align: center;\"><a data-no-instant=\"1\" href=\"https:\/\/przedszkole.halogen.org.pl\/\" rel=\"noopener\" class=\"a2t-link\" target=\"_blank\" aria-label=\"20260402-ANIMATOR-przedszkole_grafika_750x200\"><img loading=\"lazy\" decoding=\"async\" src=\"https:\/\/www.24gliwice.pl\/wiadomosci\/wp-content\/uploads\/2026\/04\/20260402-ANIMATOR-przedszkole_grafika_750x200.webp\" alt=\"\"  srcset=\"https:\/\/www.24gliwice.pl\/wiadomosci\/wp-content\/uploads\/2026\/04\/20260402-ANIMATOR-przedszkole_grafika_750x200.webp 750w, https:\/\/www.24gliwice.pl\/wiadomosci\/wp-content\/uploads\/2026\/04\/20260402-ANIMATOR-przedszkole_grafika_750x200-410x109.webp 410w\" sizes=\"(max-width: 750px) 100vw, 750px\" class=\"no-lazyload\" width=\"750\" height=\"200\"  style=\"display: inline-block; max-width: 100%; height: auto;\" \/><\/a><\/div><\/div><h3>Osoby zajmuj\u0105ce si\u0119 \u017cebraniem to od lat cz\u0119sty widok w centrum Gliwic. Przy ul. Zwyci\u0119stwa ostatnio &#8220;dy\u017curuj\u0105&#8221; kobiety, z kt\u00f3rych jedna jest w ci\u0105\u017cy, inna za\u015b pokazuje si\u0119 przechodniom z dzieckiem b\u0105d\u017a dzie\u0107mi.<\/h3>\n<p>Do redakcji zg\u0142osi\u0142 si\u0119 <strong>Czytelnik<\/strong>, kt\u00f3remu nieoboj\u0119tny jest los \u017cebrz\u0105cych dzieci. Mimo dw\u00f3ch zg\u0142osze\u0144 przekazanych stra\u017cy miejskiej, nadal spotyka te osoby &#8211; w rejonie Ikara, na skrzy\u017cowaniu ulicy Barlickiego z ulic\u0105 Zwyci\u0119stwa, czy na rogu ulicy Fredry.<\/p>\n[perfectpullquote align=&#8221;full&#8221; bordertop=&#8221;false&#8221; cite=&#8221;&#8221; link=&#8221;&#8221; color=&#8221;&#8221; class=&#8221;&#8221; size=&#8221;&#8221;]Widok kobiety z ma\u0142ym dzieckiem prosz\u0105cej o pieni\u0105dze na ulicy chwyta za serce, a r\u00f3wnocze\u015bnie budzi sprzeciw oraz pytanie o warunki, w jakich jest ono wychowywane. [\/perfectpullquote]\n<p>Zapytali\u015bmy o to stra\u017cy miejskiej. &#8211; Informuj\u0119, \u017ce w wyniku zg\u0142oszonych interwencji, patrole skierowane na miejsce zasta\u0142y kobiet\u0119 z dzieckiem. Funkcjonariusze nie stwierdzili zagro\u017cenia \u017cycia i zdrowia dziecka &#8211; przekazuje <strong>Bo\u017cena Frej<\/strong>, naczelniczka Wydzia\u0142u Profilaktyki i Komunikacji Spo\u0142ecznej stra\u017cy miejskiej. &#8211; Wspomniana interwencja nie zosta\u0142a jeszcze przez funkcjonariuszy zako\u0144czona. W sprawie trwaj\u0105 czynno\u015bci wyja\u015bniaj\u0105ce &#8211; dodaje.<\/p><div class=\"gliwi-a3-w-tresci-artykulow gliwi-entity-placement\" id=\"gliwi-1475713933\"><div class=\"gliwi-adlabel\"><span style=\"font-size: 9px\">REKLAMA<\/span><\/div><div id=\"gliwi-182883757\" style=\"margin-bottom: 30px;margin-left: auto;margin-right: auto;text-align: center;\"><a data-no-instant=\"1\" href=\"https:\/\/ogrodyandersa.pl\/\" rel=\"noopener\" class=\"a2t-link\" target=\"_blank\" aria-label=\"20260415 Ogrody Andersa KUP TERAZ D\"><img loading=\"lazy\" decoding=\"async\" src=\"https:\/\/www.24gliwice.pl\/wiadomosci\/wp-content\/uploads\/2026\/04\/20260415-Ogrody-Andersa-KUP-TERAZ-D.jpg\" alt=\"\"  srcset=\"https:\/\/www.24gliwice.pl\/wiadomosci\/wp-content\/uploads\/2026\/04\/20260415-Ogrody-Andersa-KUP-TERAZ-D.jpg 750w, https:\/\/www.24gliwice.pl\/wiadomosci\/wp-content\/uploads\/2026\/04\/20260415-Ogrody-Andersa-KUP-TERAZ-D-410x109.jpg 410w\" sizes=\"(max-width: 750px) 100vw, 750px\" class=\"no-lazyload\" width=\"750\" height=\"200\"  style=\"display: inline-block; max-width: 100%; height: auto;\" \/><\/a><\/div><\/div>\n<p>Gliwiczanie stosunkowo rzadko zg\u0142aszaj\u0105 te sytuacje dzwoni\u0105c na numer 986. <strong>W 2018 roku funkcjonariusze tylko 51 razy interweniowali wobec \u017cebrak\u00f3w. We wszystkich przypadkach by\u0142y to osoby posiadaj\u0105ce \u015brodki na utrzymanie lub mog\u0105ce podj\u0105\u0107 zatrudnienie.<\/strong><\/p>\n<p>&#8211; W zakresie ujawnionych przypadk\u00f3w \u017cebrania w miejscu publicznym w 2018 roku informuj\u0119, \u017ce zosta\u0142o na\u0142o\u017conych 19 mandat\u00f3w karnych, wobec 31 os\u00f3b zastosowano \u015brodki oddzia\u0142ywania wychowawczego oraz skierowano 1 wniosek o ukaranie do s\u0105du. Wszystkie ujawnione przypadki wyczerpa\u0142y znamiona art. 58 \u00a7 1 ustawy kodeks wykrocze\u0144 &#8211; m\u00f3wi Frej.<\/p>\n<p>Artyku\u0142 58 \u00a7 1 Kodeksu Wykrocze\u0144 stanowi: <em>Kto, maj\u0105c \u015brodki egzystencji lub b\u0119d\u0105c zdolny do pracy, \u017cebrze w miejscu publicznym, podlega karze ograniczenia wolno\u015bci, grzywny do 1.500 z\u0142otych albo karze nagany.<\/em><\/p>\n[perfectpullquote align=&#8221;full&#8221; bordertop=&#8221;false&#8221; cite=&#8221;&#8221; link=&#8221;&#8221; color=&#8221;&#8221; class=&#8221;&#8221; size=&#8221;&#8221;]Stra\u017c miejska wielokrotnie zwraca\u0142a si\u0119 do mieszka\u0144c\u00f3w z apelem, \u017ceby nie dawa\u0107 pieni\u0119dzy \u017cebrz\u0105cym osobom. [\/perfectpullquote]\n<p>Podobne stanowisko zajmuje r\u00f3wnie\u017c policja. &#8211; Nie dawajmy \u017cebrakom pieni\u0119dzy, a ju\u017c szczeg\u00f3lnie nie utrwalajmy nawyku \u017cebrania u dzieci. Daj\u0105c im pieni\u0105dze, zmniejszamy ich szanse na normalne dzieci\u0144stwo. Nie oszukujmy siebie, \u017ce spe\u0142niamy dobry uczynek \u2013 apeluj\u0105 funkcjonariusze.<\/p>\n<p>Do pomocy osobom biednym s\u0105 wyznaczone odpowiednie instytucje.<\/p>\n<p>(\u017cms)<br \/>\nfot. \u017cms\/24gliwice.pl<\/p>\n<div class=\"gliwi-a5-na-koncu-artykulow gliwi-entity-placement\" id=\"gliwi-2366167208\"><div class=\"gliwi-adlabel\"><span style=\"font-size: 9px\">REKLAMA<\/span><\/div><div id=\"gliwi-2480329747\" style=\"margin-left: auto;margin-right: auto;text-align: center;\"><a data-no-instant=\"1\" href=\"https:\/\/prezeroarenagliwice.pl\/\" rel=\"noopener\" class=\"a2t-link\" target=\"_blank\" aria-label=\"20260309-PREZERO-WIOSNA-D\"><img loading=\"lazy\" decoding=\"async\" src=\"https:\/\/www.24gliwice.pl\/wiadomosci\/wp-content\/uploads\/2026\/03\/20260309-PREZERO-WIOSNA-D.webp\" alt=\"\"  srcset=\"https:\/\/www.24gliwice.pl\/wiadomosci\/wp-content\/uploads\/2026\/03\/20260309-PREZERO-WIOSNA-D.webp 750w, https:\/\/www.24gliwice.pl\/wiadomosci\/wp-content\/uploads\/2026\/03\/20260309-PREZERO-WIOSNA-D-410x109.webp 410w\" sizes=\"(max-width: 750px) 100vw, 750px\" class=\"no-lazyload\" width=\"750\" height=\"200\"  style=\"display: inline-block; max-width: 100%; height: auto;\" \/><\/a><\/div><\/div>","protected":false},"excerpt":{"rendered":"<p>Osoby zajmuj\u0105ce si\u0119 \u017cebraniem to od lat cz\u0119sty widok w centrum Gliwic. Przy ul. Zwyci\u0119stwa ostatnio &#8220;dy\u017curuj\u0105&#8221; kobiety, z kt\u00f3rych jedna jest w ci\u0105\u017cy, inna za\u015b pokazuje si\u0119 przechodniom z dzieckiem b\u0105d\u017a dzie\u0107mi. Do redakcji zg\u0142osi\u0142 si\u0119 Czytelnik, kt\u00f3remu nieoboj\u0119tny jest los \u017cebrz\u0105cych dzieci. Mimo dw\u00f3ch zg\u0142osze\u0144 przekazanych stra\u017cy miejskiej, nadal spotyka te osoby &#8211; [&hellip;]<\/p>\n","protected":false},"author":15,"featured_media":124182,"comment_status":"open","ping_status":"closed","sticky":false,"template":"","format":"standard","meta":{"_monsterinsights_skip_tracking":false,"_monsterinsights_sitenote_active":false,"_monsterinsights_sitenote_note":"","_monsterinsights_sitenote_category":0,"footnotes":"","_links_to":"","_links_to_target":""},"categories":[3,1,9],"tags":[7456,1165,8583,7522,10715,10714],"class_list":["post-124020","post","type-post","status-publish","format-standard","has-post-thumbnail","hentry","category-gliwice","category-wszystko","category-aktualnosci_lokalne","tag-pieniadze","tag-straz-miejska","tag-wyludzenie","tag-zebractwo","tag-zebrak","tag-zebranie"],"yoast_head":"<!-- This site is optimized with the Yoast SEO plugin v27.5 - https:\/\/yoast.com\/product\/yoast-seo-wordpress\/ -->\n<title>\u017bebrz\u0105, chocia\u017c maj\u0105 za co \u017cy\u0107, s\u0105 te\u017c zdolni do pracy. Do procederu cz\u0119sto wykorzystuj\u0105 dzieci - 24GLIWICE - Portal Gliwice | codziennie nowe informacje<\/title>\n<meta name=\"robots\" content=\"index, follow, max-snippet:-1, max-image-preview:large, max-video-preview:-1\" \/>\n<link rel=\"canonical\" href=\"https:\/\/www.24gliwice.pl\/wiadomosci\/zebrza-chociaz-maja-za-co-zyc-sa-tez-zdolni-do-pracy-do-procederu-wykorzystuja-dzieci\/\" \/>\n<meta property=\"og:locale\" content=\"pl_PL\" \/>\n<meta property=\"og:type\" content=\"article\" \/>\n<meta property=\"og:title\" content=\"\u017bebrz\u0105, chocia\u017c maj\u0105 za co \u017cy\u0107, s\u0105 te\u017c zdolni do pracy. Do procederu cz\u0119sto wykorzystuj\u0105 dzieci - 24GLIWICE - Portal Gliwice | codziennie nowe informacje\" \/>\n<meta property=\"og:description\" content=\"Osoby zajmuj\u0105ce si\u0119 \u017cebraniem to od lat cz\u0119sty widok w centrum Gliwic. Przy ul. Zwyci\u0119stwa ostatnio &#8220;dy\u017curuj\u0105&#8221; kobiety, z kt\u00f3rych jedna jest w ci\u0105\u017cy, inna za\u015b pokazuje si\u0119 przechodniom z dzieckiem b\u0105d\u017a dzie\u0107mi. Do redakcji zg\u0142osi\u0142 si\u0119 Czytelnik, kt\u00f3remu nieoboj\u0119tny jest los \u017cebrz\u0105cych dzieci. Mimo dw\u00f3ch zg\u0142osze\u0144 przekazanych stra\u017cy miejskiej, nadal spotyka te osoby &#8211; [&hellip;]\" \/>\n<meta property=\"og:url\" content=\"https:\/\/www.24gliwice.pl\/wiadomosci\/zebrza-chociaz-maja-za-co-zyc-sa-tez-zdolni-do-pracy-do-procederu-wykorzystuja-dzieci\/\" \/>\n<meta property=\"og:site_name\" content=\"24GLIWICE - Portal Gliwice | codziennie nowe informacje\" \/>\n<meta property=\"article:publisher\" content=\"https:\/\/www.facebook.com\/24gliwice\" \/>\n<meta property=\"article:published_time\" content=\"2018-10-10T23:27:25+00:00\" \/>\n<meta property=\"article:modified_time\" content=\"2018-10-11T06:43:42+00:00\" \/>\n<meta property=\"og:image\" content=\"https:\/\/www.24gliwice.pl\/wiadomosci\/wp-content\/uploads\/2018\/10\/1-zebrak.jpg\" \/>\n\t<meta property=\"og:image:width\" content=\"810\" \/>\n\t<meta property=\"og:image:height\" content=\"456\" \/>\n\t<meta property=\"og:image:type\" content=\"image\/jpeg\" \/>\n<meta name=\"author\" content=\"\u017baneta Mrozek-Siewierska\" \/>\n<meta name=\"twitter:card\" content=\"summary_large_image\" \/>\n<meta name=\"twitter:creator\" content=\"@24gliwice\" \/>\n<meta name=\"twitter:site\" content=\"@24gliwice\" \/>\n<meta name=\"twitter:label1\" content=\"Napisane przez\" \/>\n\t<meta name=\"twitter:data1\" content=\"\u017baneta Mrozek-Siewierska\" \/>\n\t<meta name=\"twitter:label2\" content=\"Szacowany czas czytania\" \/>\n\t<meta name=\"twitter:data2\" content=\"2 minuty\" \/>\n<script type=\"application\/ld+json\" class=\"yoast-schema-graph\">{\"@context\":\"https:\\\/\\\/schema.org\",\"@graph\":[{\"@type\":\"Article\",\"@id\":\"https:\\\/\\\/www.24gliwice.pl\\\/wiadomosci\\\/zebrza-chociaz-maja-za-co-zyc-sa-tez-zdolni-do-pracy-do-procederu-wykorzystuja-dzieci\\\/#article\",\"isPartOf\":{\"@id\":\"https:\\\/\\\/www.24gliwice.pl\\\/wiadomosci\\\/zebrza-chociaz-maja-za-co-zyc-sa-tez-zdolni-do-pracy-do-procederu-wykorzystuja-dzieci\\\/\"},\"author\":{\"name\":\"\u017baneta Mrozek-Siewierska\",\"@id\":\"https:\\\/\\\/www.24gliwice.pl\\\/wiadomosci\\\/#\\\/schema\\\/person\\\/e42c650edd7f2fa332be3811fb166b6e\"},\"headline\":\"\u017bebrz\u0105, chocia\u017c maj\u0105 za co \u017cy\u0107, s\u0105 te\u017c zdolni do pracy. Do procederu cz\u0119sto wykorzystuj\u0105 dzieci\",\"datePublished\":\"2018-10-10T23:27:25+00:00\",\"dateModified\":\"2018-10-11T06:43:42+00:00\",\"mainEntityOfPage\":{\"@id\":\"https:\\\/\\\/www.24gliwice.pl\\\/wiadomosci\\\/zebrza-chociaz-maja-za-co-zyc-sa-tez-zdolni-do-pracy-do-procederu-wykorzystuja-dzieci\\\/\"},\"wordCount\":425,\"commentCount\":0,\"publisher\":{\"@id\":\"https:\\\/\\\/www.24gliwice.pl\\\/wiadomosci\\\/#organization\"},\"image\":{\"@id\":\"https:\\\/\\\/www.24gliwice.pl\\\/wiadomosci\\\/zebrza-chociaz-maja-za-co-zyc-sa-tez-zdolni-do-pracy-do-procederu-wykorzystuja-dzieci\\\/#primaryimage\"},\"thumbnailUrl\":\"https:\\\/\\\/www.24gliwice.pl\\\/wiadomosci\\\/wp-content\\\/uploads\\\/2018\\\/10\\\/1-zebrak.jpg\",\"keywords\":[\"PIENI\u0104DZE\",\"STRA\u017b MIEJSKA\",\"WY\u0141UDZENIE\",\"\u017cebractwo\",\"\u017cebrak\",\"\u017cebranie\"],\"articleSection\":[\"Gliwice\",\"Najnowsze wiadomo\u015bci\",\"Portal Gliwice - Wiadomo\u015bci lokalne\"],\"inLanguage\":\"pl-PL\",\"potentialAction\":[{\"@type\":\"CommentAction\",\"name\":\"Comment\",\"target\":[\"https:\\\/\\\/www.24gliwice.pl\\\/wiadomosci\\\/zebrza-chociaz-maja-za-co-zyc-sa-tez-zdolni-do-pracy-do-procederu-wykorzystuja-dzieci\\\/#respond\"]}]},{\"@type\":\"WebPage\",\"@id\":\"https:\\\/\\\/www.24gliwice.pl\\\/wiadomosci\\\/zebrza-chociaz-maja-za-co-zyc-sa-tez-zdolni-do-pracy-do-procederu-wykorzystuja-dzieci\\\/\",\"url\":\"https:\\\/\\\/www.24gliwice.pl\\\/wiadomosci\\\/zebrza-chociaz-maja-za-co-zyc-sa-tez-zdolni-do-pracy-do-procederu-wykorzystuja-dzieci\\\/\",\"name\":\"\u017bebrz\u0105, chocia\u017c maj\u0105 za co \u017cy\u0107, s\u0105 te\u017c zdolni do pracy. Do procederu cz\u0119sto wykorzystuj\u0105 dzieci - 24GLIWICE - Portal Gliwice | codziennie nowe informacje\",\"isPartOf\":{\"@id\":\"https:\\\/\\\/www.24gliwice.pl\\\/wiadomosci\\\/#website\"},\"primaryImageOfPage\":{\"@id\":\"https:\\\/\\\/www.24gliwice.pl\\\/wiadomosci\\\/zebrza-chociaz-maja-za-co-zyc-sa-tez-zdolni-do-pracy-do-procederu-wykorzystuja-dzieci\\\/#primaryimage\"},\"image\":{\"@id\":\"https:\\\/\\\/www.24gliwice.pl\\\/wiadomosci\\\/zebrza-chociaz-maja-za-co-zyc-sa-tez-zdolni-do-pracy-do-procederu-wykorzystuja-dzieci\\\/#primaryimage\"},\"thumbnailUrl\":\"https:\\\/\\\/www.24gliwice.pl\\\/wiadomosci\\\/wp-content\\\/uploads\\\/2018\\\/10\\\/1-zebrak.jpg\",\"datePublished\":\"2018-10-10T23:27:25+00:00\",\"dateModified\":\"2018-10-11T06:43:42+00:00\",\"breadcrumb\":{\"@id\":\"https:\\\/\\\/www.24gliwice.pl\\\/wiadomosci\\\/zebrza-chociaz-maja-za-co-zyc-sa-tez-zdolni-do-pracy-do-procederu-wykorzystuja-dzieci\\\/#breadcrumb\"},\"inLanguage\":\"pl-PL\",\"potentialAction\":[{\"@type\":\"ReadAction\",\"target\":[\"https:\\\/\\\/www.24gliwice.pl\\\/wiadomosci\\\/zebrza-chociaz-maja-za-co-zyc-sa-tez-zdolni-do-pracy-do-procederu-wykorzystuja-dzieci\\\/\"]}]},{\"@type\":\"ImageObject\",\"inLanguage\":\"pl-PL\",\"@id\":\"https:\\\/\\\/www.24gliwice.pl\\\/wiadomosci\\\/zebrza-chociaz-maja-za-co-zyc-sa-tez-zdolni-do-pracy-do-procederu-wykorzystuja-dzieci\\\/#primaryimage\",\"url\":\"https:\\\/\\\/www.24gliwice.pl\\\/wiadomosci\\\/wp-content\\\/uploads\\\/2018\\\/10\\\/1-zebrak.jpg\",\"contentUrl\":\"https:\\\/\\\/www.24gliwice.pl\\\/wiadomosci\\\/wp-content\\\/uploads\\\/2018\\\/10\\\/1-zebrak.jpg\",\"width\":810,\"height\":456},{\"@type\":\"BreadcrumbList\",\"@id\":\"https:\\\/\\\/www.24gliwice.pl\\\/wiadomosci\\\/zebrza-chociaz-maja-za-co-zyc-sa-tez-zdolni-do-pracy-do-procederu-wykorzystuja-dzieci\\\/#breadcrumb\",\"itemListElement\":[{\"@type\":\"ListItem\",\"position\":1,\"name\":\"Strona g\u0142\u00f3wna\",\"item\":\"https:\\\/\\\/www.24gliwice.pl\\\/wiadomosci\\\/\"},{\"@type\":\"ListItem\",\"position\":2,\"name\":\"\u017bebrz\u0105, chocia\u017c maj\u0105 za co \u017cy\u0107, s\u0105 te\u017c zdolni do pracy. Do procederu cz\u0119sto wykorzystuj\u0105 dzieci\"}]},{\"@type\":\"WebSite\",\"@id\":\"https:\\\/\\\/www.24gliwice.pl\\\/wiadomosci\\\/#website\",\"url\":\"https:\\\/\\\/www.24gliwice.pl\\\/wiadomosci\\\/\",\"name\":\"24GLIWICE - Portal Gliwice | codziennie nowe wiadomo\u015bci\",\"description\":\"Portal Miejski Gliwice\",\"publisher\":{\"@id\":\"https:\\\/\\\/www.24gliwice.pl\\\/wiadomosci\\\/#organization\"},\"potentialAction\":[{\"@type\":\"SearchAction\",\"target\":{\"@type\":\"EntryPoint\",\"urlTemplate\":\"https:\\\/\\\/www.24gliwice.pl\\\/wiadomosci\\\/?s={search_term_string}\"},\"query-input\":{\"@type\":\"PropertyValueSpecification\",\"valueRequired\":true,\"valueName\":\"search_term_string\"}}],\"inLanguage\":\"pl-PL\"},{\"@type\":\"Organization\",\"@id\":\"https:\\\/\\\/www.24gliwice.pl\\\/wiadomosci\\\/#organization\",\"name\":\"24gliwice\",\"url\":\"https:\\\/\\\/www.24gliwice.pl\\\/wiadomosci\\\/\",\"logo\":{\"@type\":\"ImageObject\",\"inLanguage\":\"pl-PL\",\"@id\":\"https:\\\/\\\/www.24gliwice.pl\\\/wiadomosci\\\/#\\\/schema\\\/logo\\\/image\\\/\",\"url\":\"https:\\\/\\\/www.24gliwice.pl\\\/wiadomosci\\\/wp-content\\\/uploads\\\/2024\\\/10\\\/24gliwice-logo-696.jpg\",\"contentUrl\":\"https:\\\/\\\/www.24gliwice.pl\\\/wiadomosci\\\/wp-content\\\/uploads\\\/2024\\\/10\\\/24gliwice-logo-696.jpg\",\"width\":696,\"height\":696,\"caption\":\"24gliwice\"},\"image\":{\"@id\":\"https:\\\/\\\/www.24gliwice.pl\\\/wiadomosci\\\/#\\\/schema\\\/logo\\\/image\\\/\"},\"sameAs\":[\"https:\\\/\\\/www.facebook.com\\\/24gliwice\",\"https:\\\/\\\/x.com\\\/24gliwice\",\"https:\\\/\\\/www.youtube.com\\\/@24gliwice\"]},{\"@type\":\"Person\",\"@id\":\"https:\\\/\\\/www.24gliwice.pl\\\/wiadomosci\\\/#\\\/schema\\\/person\\\/e42c650edd7f2fa332be3811fb166b6e\",\"name\":\"\u017baneta Mrozek-Siewierska\",\"image\":{\"@type\":\"ImageObject\",\"inLanguage\":\"pl-PL\",\"@id\":\"https:\\\/\\\/secure.gravatar.com\\\/avatar\\\/1881429e9c64597c77ad7aef2d0a19be69a3253e57534d16aa15bf3a4d34a0a3?s=96&d=mm&r=g\",\"url\":\"https:\\\/\\\/secure.gravatar.com\\\/avatar\\\/1881429e9c64597c77ad7aef2d0a19be69a3253e57534d16aa15bf3a4d34a0a3?s=96&d=mm&r=g\",\"contentUrl\":\"https:\\\/\\\/secure.gravatar.com\\\/avatar\\\/1881429e9c64597c77ad7aef2d0a19be69a3253e57534d16aa15bf3a4d34a0a3?s=96&d=mm&r=g\",\"caption\":\"\u017baneta Mrozek-Siewierska\"},\"url\":\"https:\\\/\\\/www.24gliwice.pl\\\/wiadomosci\\\/author\\\/zms\\\/\"}]}<\/script>\n<!-- \/ Yoast SEO plugin. -->","yoast_head_json":{"title":"\u017bebrz\u0105, chocia\u017c maj\u0105 za co \u017cy\u0107, s\u0105 te\u017c zdolni do pracy. Do procederu cz\u0119sto wykorzystuj\u0105 dzieci - 24GLIWICE - Portal Gliwice | codziennie nowe informacje","robots":{"index":"index","follow":"follow","max-snippet":"max-snippet:-1","max-image-preview":"max-image-preview:large","max-video-preview":"max-video-preview:-1"},"canonical":"https:\/\/www.24gliwice.pl\/wiadomosci\/zebrza-chociaz-maja-za-co-zyc-sa-tez-zdolni-do-pracy-do-procederu-wykorzystuja-dzieci\/","og_locale":"pl_PL","og_type":"article","og_title":"\u017bebrz\u0105, chocia\u017c maj\u0105 za co \u017cy\u0107, s\u0105 te\u017c zdolni do pracy. Do procederu cz\u0119sto wykorzystuj\u0105 dzieci - 24GLIWICE - Portal Gliwice | codziennie nowe informacje","og_description":"Osoby zajmuj\u0105ce si\u0119 \u017cebraniem to od lat cz\u0119sty widok w centrum Gliwic. Przy ul. Zwyci\u0119stwa ostatnio &#8220;dy\u017curuj\u0105&#8221; kobiety, z kt\u00f3rych jedna jest w ci\u0105\u017cy, inna za\u015b pokazuje si\u0119 przechodniom z dzieckiem b\u0105d\u017a dzie\u0107mi. Do redakcji zg\u0142osi\u0142 si\u0119 Czytelnik, kt\u00f3remu nieoboj\u0119tny jest los \u017cebrz\u0105cych dzieci. Mimo dw\u00f3ch zg\u0142osze\u0144 przekazanych stra\u017cy miejskiej, nadal spotyka te osoby &#8211; [&hellip;]","og_url":"https:\/\/www.24gliwice.pl\/wiadomosci\/zebrza-chociaz-maja-za-co-zyc-sa-tez-zdolni-do-pracy-do-procederu-wykorzystuja-dzieci\/","og_site_name":"24GLIWICE - Portal Gliwice | codziennie nowe informacje","article_publisher":"https:\/\/www.facebook.com\/24gliwice","article_published_time":"2018-10-10T23:27:25+00:00","article_modified_time":"2018-10-11T06:43:42+00:00","og_image":[{"width":810,"height":456,"url":"https:\/\/www.24gliwice.pl\/wiadomosci\/wp-content\/uploads\/2018\/10\/1-zebrak.jpg","type":"image\/jpeg"}],"author":"\u017baneta Mrozek-Siewierska","twitter_card":"summary_large_image","twitter_creator":"@24gliwice","twitter_site":"@24gliwice","twitter_misc":{"Napisane przez":"\u017baneta Mrozek-Siewierska","Szacowany czas czytania":"2 minuty"},"schema":{"@context":"https:\/\/schema.org","@graph":[{"@type":"Article","@id":"https:\/\/www.24gliwice.pl\/wiadomosci\/zebrza-chociaz-maja-za-co-zyc-sa-tez-zdolni-do-pracy-do-procederu-wykorzystuja-dzieci\/#article","isPartOf":{"@id":"https:\/\/www.24gliwice.pl\/wiadomosci\/zebrza-chociaz-maja-za-co-zyc-sa-tez-zdolni-do-pracy-do-procederu-wykorzystuja-dzieci\/"},"author":{"name":"\u017baneta Mrozek-Siewierska","@id":"https:\/\/www.24gliwice.pl\/wiadomosci\/#\/schema\/person\/e42c650edd7f2fa332be3811fb166b6e"},"headline":"\u017bebrz\u0105, chocia\u017c maj\u0105 za co \u017cy\u0107, s\u0105 te\u017c zdolni do pracy. Do procederu cz\u0119sto wykorzystuj\u0105 dzieci","datePublished":"2018-10-10T23:27:25+00:00","dateModified":"2018-10-11T06:43:42+00:00","mainEntityOfPage":{"@id":"https:\/\/www.24gliwice.pl\/wiadomosci\/zebrza-chociaz-maja-za-co-zyc-sa-tez-zdolni-do-pracy-do-procederu-wykorzystuja-dzieci\/"},"wordCount":425,"commentCount":0,"publisher":{"@id":"https:\/\/www.24gliwice.pl\/wiadomosci\/#organization"},"image":{"@id":"https:\/\/www.24gliwice.pl\/wiadomosci\/zebrza-chociaz-maja-za-co-zyc-sa-tez-zdolni-do-pracy-do-procederu-wykorzystuja-dzieci\/#primaryimage"},"thumbnailUrl":"https:\/\/www.24gliwice.pl\/wiadomosci\/wp-content\/uploads\/2018\/10\/1-zebrak.jpg","keywords":["PIENI\u0104DZE","STRA\u017b MIEJSKA","WY\u0141UDZENIE","\u017cebractwo","\u017cebrak","\u017cebranie"],"articleSection":["Gliwice","Najnowsze wiadomo\u015bci","Portal Gliwice - Wiadomo\u015bci lokalne"],"inLanguage":"pl-PL","potentialAction":[{"@type":"CommentAction","name":"Comment","target":["https:\/\/www.24gliwice.pl\/wiadomosci\/zebrza-chociaz-maja-za-co-zyc-sa-tez-zdolni-do-pracy-do-procederu-wykorzystuja-dzieci\/#respond"]}]},{"@type":"WebPage","@id":"https:\/\/www.24gliwice.pl\/wiadomosci\/zebrza-chociaz-maja-za-co-zyc-sa-tez-zdolni-do-pracy-do-procederu-wykorzystuja-dzieci\/","url":"https:\/\/www.24gliwice.pl\/wiadomosci\/zebrza-chociaz-maja-za-co-zyc-sa-tez-zdolni-do-pracy-do-procederu-wykorzystuja-dzieci\/","name":"\u017bebrz\u0105, chocia\u017c maj\u0105 za co \u017cy\u0107, s\u0105 te\u017c zdolni do pracy. Do procederu cz\u0119sto wykorzystuj\u0105 dzieci - 24GLIWICE - Portal Gliwice | codziennie nowe informacje","isPartOf":{"@id":"https:\/\/www.24gliwice.pl\/wiadomosci\/#website"},"primaryImageOfPage":{"@id":"https:\/\/www.24gliwice.pl\/wiadomosci\/zebrza-chociaz-maja-za-co-zyc-sa-tez-zdolni-do-pracy-do-procederu-wykorzystuja-dzieci\/#primaryimage"},"image":{"@id":"https:\/\/www.24gliwice.pl\/wiadomosci\/zebrza-chociaz-maja-za-co-zyc-sa-tez-zdolni-do-pracy-do-procederu-wykorzystuja-dzieci\/#primaryimage"},"thumbnailUrl":"https:\/\/www.24gliwice.pl\/wiadomosci\/wp-content\/uploads\/2018\/10\/1-zebrak.jpg","datePublished":"2018-10-10T23:27:25+00:00","dateModified":"2018-10-11T06:43:42+00:00","breadcrumb":{"@id":"https:\/\/www.24gliwice.pl\/wiadomosci\/zebrza-chociaz-maja-za-co-zyc-sa-tez-zdolni-do-pracy-do-procederu-wykorzystuja-dzieci\/#breadcrumb"},"inLanguage":"pl-PL","potentialAction":[{"@type":"ReadAction","target":["https:\/\/www.24gliwice.pl\/wiadomosci\/zebrza-chociaz-maja-za-co-zyc-sa-tez-zdolni-do-pracy-do-procederu-wykorzystuja-dzieci\/"]}]},{"@type":"ImageObject","inLanguage":"pl-PL","@id":"https:\/\/www.24gliwice.pl\/wiadomosci\/zebrza-chociaz-maja-za-co-zyc-sa-tez-zdolni-do-pracy-do-procederu-wykorzystuja-dzieci\/#primaryimage","url":"https:\/\/www.24gliwice.pl\/wiadomosci\/wp-content\/uploads\/2018\/10\/1-zebrak.jpg","contentUrl":"https:\/\/www.24gliwice.pl\/wiadomosci\/wp-content\/uploads\/2018\/10\/1-zebrak.jpg","width":810,"height":456},{"@type":"BreadcrumbList","@id":"https:\/\/www.24gliwice.pl\/wiadomosci\/zebrza-chociaz-maja-za-co-zyc-sa-tez-zdolni-do-pracy-do-procederu-wykorzystuja-dzieci\/#breadcrumb","itemListElement":[{"@type":"ListItem","position":1,"name":"Strona g\u0142\u00f3wna","item":"https:\/\/www.24gliwice.pl\/wiadomosci\/"},{"@type":"ListItem","position":2,"name":"\u017bebrz\u0105, chocia\u017c maj\u0105 za co \u017cy\u0107, s\u0105 te\u017c zdolni do pracy. Do procederu cz\u0119sto wykorzystuj\u0105 dzieci"}]},{"@type":"WebSite","@id":"https:\/\/www.24gliwice.pl\/wiadomosci\/#website","url":"https:\/\/www.24gliwice.pl\/wiadomosci\/","name":"24GLIWICE - Portal Gliwice | codziennie nowe wiadomo\u015bci","description":"Portal Miejski Gliwice","publisher":{"@id":"https:\/\/www.24gliwice.pl\/wiadomosci\/#organization"},"potentialAction":[{"@type":"SearchAction","target":{"@type":"EntryPoint","urlTemplate":"https:\/\/www.24gliwice.pl\/wiadomosci\/?s={search_term_string}"},"query-input":{"@type":"PropertyValueSpecification","valueRequired":true,"valueName":"search_term_string"}}],"inLanguage":"pl-PL"},{"@type":"Organization","@id":"https:\/\/www.24gliwice.pl\/wiadomosci\/#organization","name":"24gliwice","url":"https:\/\/www.24gliwice.pl\/wiadomosci\/","logo":{"@type":"ImageObject","inLanguage":"pl-PL","@id":"https:\/\/www.24gliwice.pl\/wiadomosci\/#\/schema\/logo\/image\/","url":"https:\/\/www.24gliwice.pl\/wiadomosci\/wp-content\/uploads\/2024\/10\/24gliwice-logo-696.jpg","contentUrl":"https:\/\/www.24gliwice.pl\/wiadomosci\/wp-content\/uploads\/2024\/10\/24gliwice-logo-696.jpg","width":696,"height":696,"caption":"24gliwice"},"image":{"@id":"https:\/\/www.24gliwice.pl\/wiadomosci\/#\/schema\/logo\/image\/"},"sameAs":["https:\/\/www.facebook.com\/24gliwice","https:\/\/x.com\/24gliwice","https:\/\/www.youtube.com\/@24gliwice"]},{"@type":"Person","@id":"https:\/\/www.24gliwice.pl\/wiadomosci\/#\/schema\/person\/e42c650edd7f2fa332be3811fb166b6e","name":"\u017baneta Mrozek-Siewierska","image":{"@type":"ImageObject","inLanguage":"pl-PL","@id":"https:\/\/secure.gravatar.com\/avatar\/1881429e9c64597c77ad7aef2d0a19be69a3253e57534d16aa15bf3a4d34a0a3?s=96&d=mm&r=g","url":"https:\/\/secure.gravatar.com\/avatar\/1881429e9c64597c77ad7aef2d0a19be69a3253e57534d16aa15bf3a4d34a0a3?s=96&d=mm&r=g","contentUrl":"https:\/\/secure.gravatar.com\/avatar\/1881429e9c64597c77ad7aef2d0a19be69a3253e57534d16aa15bf3a4d34a0a3?s=96&d=mm&r=g","caption":"\u017baneta Mrozek-Siewierska"},"url":"https:\/\/www.24gliwice.pl\/wiadomosci\/author\/zms\/"}]}},"_links":{"self":[{"href":"https:\/\/www.24gliwice.pl\/wiadomosci\/wp-json\/wp\/v2\/posts\/124020","targetHints":{"allow":["GET"]}}],"collection":[{"href":"https:\/\/www.24gliwice.pl\/wiadomosci\/wp-json\/wp\/v2\/posts"}],"about":[{"href":"https:\/\/www.24gliwice.pl\/wiadomosci\/wp-json\/wp\/v2\/types\/post"}],"author":[{"embeddable":true,"href":"https:\/\/www.24gliwice.pl\/wiadomosci\/wp-json\/wp\/v2\/users\/15"}],"replies":[{"embeddable":true,"href":"https:\/\/www.24gliwice.pl\/wiadomosci\/wp-json\/wp\/v2\/comments?post=124020"}],"version-history":[{"count":0,"href":"https:\/\/www.24gliwice.pl\/wiadomosci\/wp-json\/wp\/v2\/posts\/124020\/revisions"}],"wp:featuredmedia":[{"embeddable":true,"href":"https:\/\/www.24gliwice.pl\/wiadomosci\/wp-json\/wp\/v2\/media\/124182"}],"wp:attachment":[{"href":"https:\/\/www.24gliwice.pl\/wiadomosci\/wp-json\/wp\/v2\/media?parent=124020"}],"wp:term":[{"taxonomy":"category","embeddable":true,"href":"https:\/\/www.24gliwice.pl\/wiadomosci\/wp-json\/wp\/v2\/categories?post=124020"},{"taxonomy":"post_tag","embeddable":true,"href":"https:\/\/www.24gliwice.pl\/wiadomosci\/wp-json\/wp\/v2\/tags?post=124020"}],"curies":[{"name":"wp","href":"https:\/\/api.w.org\/{rel}","templated":true}]}}