{"id":124115,"date":"2018-10-10T17:08:01","date_gmt":"2018-10-10T15:08:01","guid":{"rendered":"https:\/\/www.24gliwice.pl\/wiadomosci\/?p=124115"},"modified":"2024-02-18T03:00:48","modified_gmt":"2024-02-18T02:00:48","slug":"wybory-2018-w-gliwicach-kandydaci-na-radnych-w-okregu-nr-1-osiedla-brzezinka-czechowice-kopernik-labedy-wojska-polskiego","status":"publish","type":"post","link":"https:\/\/www.24gliwice.pl\/wiadomosci\/wybory-2018-w-gliwicach-kandydaci-na-radnych-w-okregu-nr-1-osiedla-brzezinka-czechowice-kopernik-labedy-wojska-polskiego\/","title":{"rendered":"Kandydaci na radnych w okr\u0119gu nr 1, osiedla: Brzezinka, Czechowice, Kopernik, \u0141ab\u0119dy, Wojska Polskiego"},"content":{"rendered":"<div class=\"gliwi-a6-nad-leadem-artykulow gliwi-entity-placement\" id=\"gliwi-828569725\"><div class=\"gliwi-adlabel\"><span style=\"font-size: 9px\">REKLAMA<\/span><\/div><div id=\"gliwi-960907149\" style=\"margin-bottom: 30px;margin-left: auto;margin-right: auto;text-align: center;\"><a data-no-instant=\"1\" href=\"https:\/\/przedszkole.halogen.org.pl\/\" rel=\"noopener\" class=\"a2t-link\" target=\"_blank\" aria-label=\"20260402-ANIMATOR-przedszkole_grafika_750x200\"><img loading=\"lazy\" decoding=\"async\" src=\"https:\/\/www.24gliwice.pl\/wiadomosci\/wp-content\/uploads\/2026\/04\/20260402-ANIMATOR-przedszkole_grafika_750x200.webp\" alt=\"\"  srcset=\"https:\/\/www.24gliwice.pl\/wiadomosci\/wp-content\/uploads\/2026\/04\/20260402-ANIMATOR-przedszkole_grafika_750x200.webp 750w, https:\/\/www.24gliwice.pl\/wiadomosci\/wp-content\/uploads\/2026\/04\/20260402-ANIMATOR-przedszkole_grafika_750x200-410x109.webp 410w\" sizes=\"(max-width: 750px) 100vw, 750px\" class=\"no-lazyload\" width=\"750\" height=\"200\"  style=\"display: inline-block; max-width: 100%; height: auto;\" \/><\/a><\/div><\/div><h3>W wyborach samorz\u0105dowych, kt\u00f3re odb\u0119d\u0105 si\u0119 21 pa\u017adziernika, w okr\u0119gu nr 1 w Gliwicach zarejestrowano 40 kandydat\u00f3w, kt\u00f3rzy powalcz\u0105 o 6 mandat\u00f3w w Radzie Miasta.<\/h3>\n<p> W okr\u0119gu obejmuj\u0105cym osiedla Brzezinka, Czechowice, Kopernik, \u0141ab\u0119dy, Wojska Polskiego uprawnionych do g\u0142osowania jest 33653 wyborc\u00f3w.<\/p>\n<h4>Lista nr 4 &#8211; KKW <span style=\"background-color: #ffff99;\">PLATFORMA.NOWOCZESNA KOALICJA OBYWATELSKA<\/span><\/h4>\n<p>1. POTOCKA Ewa Maria, lat 77<br \/>\n2. SZCZUKIEWICZ Przemys\u0142aw Jaros\u0142aw, lat 41<br \/>\n3. GRABOWSKI Andrzej Jan, lat 70<br \/>\n4. WSZO\u0141EK Monika Ewa, lat 40<br \/>\n5. WO\u0179NIAK Henryk J\u00f3zef, lat 53<br \/>\n6. KURZAJ Anna, lat 59<br \/>\n7. BILEWSKA-W\u0141OCH Ewa Urszula, lat 62<br \/>\n8. MIZERSKI Maciej Ryszard, lat 61<\/p><div class=\"gliwi-a3-w-tresci-artykulow gliwi-entity-placement\" id=\"gliwi-3357349293\"><div class=\"gliwi-adlabel\"><span style=\"font-size: 9px\">REKLAMA<\/span><\/div><div id=\"gliwi-2078466034\" style=\"margin-bottom: 30px;margin-left: auto;margin-right: auto;text-align: center;\"><a data-no-instant=\"1\" href=\"https:\/\/zlobek.halogen.org.pl\/\" rel=\"noopener\" class=\"a2t-link\" target=\"_blank\" aria-label=\"animator-zlobek_750x200\"><img loading=\"lazy\" decoding=\"async\" src=\"https:\/\/www.24gliwice.pl\/wiadomosci\/wp-content\/uploads\/2026\/02\/animator-zlobek_750x200.webp\" alt=\"\"  srcset=\"https:\/\/www.24gliwice.pl\/wiadomosci\/wp-content\/uploads\/2026\/02\/animator-zlobek_750x200.webp 750w, https:\/\/www.24gliwice.pl\/wiadomosci\/wp-content\/uploads\/2026\/02\/animator-zlobek_750x200-410x109.webp 410w\" sizes=\"(max-width: 750px) 100vw, 750px\" class=\"no-lazyload\" width=\"750\" height=\"200\"  style=\"display: inline-block; max-width: 100%; height: auto;\" \/><\/a><\/div><\/div>\n<h4><a href=\"https:\/\/www.24gliwice.pl\/wiadomosci\/wybory-w-gliwicach\/\">WYBORY W GLIWICACH &#8211; NAJWA\u017bNIEJSZE INFORMACJE >><\/a><\/h4>\n<h4>Lista nr 5 &#8211; KKW <span style=\"background-color: #ffff99;\">SLD LEWICA RAZEM<\/span><\/h4>\n<p>1. FIC Bernard Jan, lat 62<br \/>\n2. FURTAK El\u017cbieta Helena, lat 69<br \/>\n3. FRANKOWSKI Dariusz Bernard, lat 45<br \/>\n4. GORLICKI Daniel Piotr, lat 31<br \/>\n5. HODURA Jessica Dominika, lat 23<br \/>\n6. KOCHA\u0143SKA Beata, lat 47<br \/>\n7. ERNST-TWOREK Iwona, lat 40<br \/>\n8. KIERYCH Miros\u0142aw Stanis\u0142aw, lat 56<\/p>\n<h4>Lista nr 8 &#8211; KWW <span style=\"background-color: #ffff99;\">KUKIZ&#8217;15<\/span><\/h4>\n<p>1. SIERADZKI Tomasz Jan, lat 32<br \/>\n2. FIJA\u0141KOWSKA Justyna, lat 47<br \/>\n3. \u0141YSIUK Pawe\u0142, lat 38<br \/>\n4. WIECZOREK Izabela Anna, lat 33<br \/>\n5. JASI\u0143SKI Dawid Piotr, lat 28<br \/>\n6. P\u0141OWIEC Jaros\u0142aw J\u00f3zef, lat 30<br \/>\n7. STARZOMSKA Monika Anna, lat 35<br \/>\n8. ROMANIEC Grzegorz, lat 38<\/p>\n<h4>Lista nr 10 &#8211; KW <span style=\"background-color: #ffff99;\">PRAWO I SPRAWIEDLIWO\u015a\u0106<\/span><\/h4>\n<p>1. MICHCZY\u0143SKI Adam Marek, lat 54<br \/>\n2. GOLISZEWSKI Zdzis\u0142aw, lat 61<br \/>\n3. KU\u0179NIK Violetta Barbara, lat 43<br \/>\n4. STANIENDA-PILECKI Katarzyna Jadwiga, lat 49<br \/>\n5. KOROLEWICZ Andrzej Adam, lat 45<br \/>\n6. CABAN Piotr Stanis\u0142aw, lat 55<br \/>\n7. TYRCZ Aneta Beata, lat 42<br \/>\n8. KORUS Marek, lat 51<\/p>\n<h4>Lista nr 18 &#8211; KWW <span style=\"background-color: #ffff99;\">KOALICJA DLA GLIWIC ZYGMUNTA FRANKIEWICZA<\/span><\/h4>\n<p>1. SOWA Krystyna Wac\u0142awa, lat 67<br \/>\n2. WALTER-\u0141UKOWICZ Gra\u017cyna Ole\u0144ka, lat 68<br \/>\n3. TROCHIMOWICZ Jacek Andrzej, lat 36<br \/>\n4. GRZYB Zbigniew Andrzej, lat 67<br \/>\n5. CZAPLA Krzysztof Pawe\u0142, lat 66<br \/>\n6. WACHTARCZYK-WIELKOPOLAN Aleksandra Maria, lat 39<br \/>\n7. CHODOROWSKI Andrzej Boles\u0142aw, lat 28<br \/>\n8. DROZD Iwona, lat 57<\/p>\n<p><em>\u017ar\u00f3d\u0142o: Pa\u0144stwowa Komisja Wyborcza<\/em><\/p>\n<div class=\"gliwi-a5-na-koncu-artykulow gliwi-entity-placement\" id=\"gliwi-3396720576\"><div class=\"gliwi-adlabel\"><span style=\"font-size: 9px\">REKLAMA<\/span><\/div><div id=\"gliwi-2913762422\" style=\"margin-left: auto;margin-right: auto;text-align: center;\"><a data-no-instant=\"1\" href=\"https:\/\/prezeroarenagliwice.pl\/\" rel=\"noopener\" class=\"a2t-link\" target=\"_blank\" aria-label=\"20260309-PREZERO-WIOSNA-D\"><img loading=\"lazy\" decoding=\"async\" src=\"https:\/\/www.24gliwice.pl\/wiadomosci\/wp-content\/uploads\/2026\/03\/20260309-PREZERO-WIOSNA-D.webp\" alt=\"\"  srcset=\"https:\/\/www.24gliwice.pl\/wiadomosci\/wp-content\/uploads\/2026\/03\/20260309-PREZERO-WIOSNA-D.webp 750w, https:\/\/www.24gliwice.pl\/wiadomosci\/wp-content\/uploads\/2026\/03\/20260309-PREZERO-WIOSNA-D-410x109.webp 410w\" sizes=\"(max-width: 750px) 100vw, 750px\" class=\"no-lazyload\" width=\"750\" height=\"200\"  style=\"display: inline-block; max-width: 100%; height: auto;\" \/><\/a><\/div><\/div>","protected":false},"excerpt":{"rendered":"<p>W wyborach samorz\u0105dowych, kt\u00f3re odb\u0119d\u0105 si\u0119 21 pa\u017adziernika, w okr\u0119gu nr 1 w Gliwicach zarejestrowano 40 kandydat\u00f3w, kt\u00f3rzy powalcz\u0105 o 6 mandat\u00f3w w Radzie Miasta. W okr\u0119gu obejmuj\u0105cym osiedla Brzezinka, Czechowice, Kopernik, \u0141ab\u0119dy, Wojska Polskiego uprawnionych do g\u0142osowania jest 33653 wyborc\u00f3w. Lista nr 4 &#8211; KKW PLATFORMA.NOWOCZESNA KOALICJA OBYWATELSKA 1. POTOCKA Ewa Maria, lat 77 [&hellip;]<\/p>\n","protected":false},"author":4,"featured_media":123997,"comment_status":"closed","ping_status":"closed","sticky":false,"template":"","format":"standard","meta":{"_monsterinsights_skip_tracking":false,"_monsterinsights_sitenote_active":false,"_monsterinsights_sitenote_note":"","_monsterinsights_sitenote_category":0,"footnotes":"","_links_to":"","_links_to_target":""},"categories":[1],"tags":[],"class_list":["post-124115","post","type-post","status-publish","format-standard","has-post-thumbnail","hentry","category-wszystko"],"yoast_head":"<!-- This site is optimized with the Yoast SEO plugin v27.5 - https:\/\/yoast.com\/product\/yoast-seo-wordpress\/ -->\n<title>Kandydaci na radnych w okr\u0119gu nr 1, osiedla: Brzezinka, Czechowice, Kopernik, \u0141ab\u0119dy, Wojska Polskiego - 24GLIWICE - Portal Gliwice | codziennie nowe informacje<\/title>\n<meta name=\"robots\" content=\"index, follow, max-snippet:-1, max-image-preview:large, max-video-preview:-1\" \/>\n<link rel=\"canonical\" href=\"https:\/\/www.24gliwice.pl\/wiadomosci\/wybory-2018-w-gliwicach-kandydaci-na-radnych-w-okregu-nr-1-osiedla-brzezinka-czechowice-kopernik-labedy-wojska-polskiego\/\" \/>\n<meta property=\"og:locale\" content=\"pl_PL\" \/>\n<meta property=\"og:type\" content=\"article\" \/>\n<meta property=\"og:title\" content=\"Kandydaci na radnych w okr\u0119gu nr 1, osiedla: Brzezinka, Czechowice, Kopernik, \u0141ab\u0119dy, Wojska Polskiego - 24GLIWICE - Portal Gliwice | codziennie nowe informacje\" \/>\n<meta property=\"og:description\" content=\"W wyborach samorz\u0105dowych, kt\u00f3re odb\u0119d\u0105 si\u0119 21 pa\u017adziernika, w okr\u0119gu nr 1 w Gliwicach zarejestrowano 40 kandydat\u00f3w, kt\u00f3rzy powalcz\u0105 o 6 mandat\u00f3w w Radzie Miasta. W okr\u0119gu obejmuj\u0105cym osiedla Brzezinka, Czechowice, Kopernik, \u0141ab\u0119dy, Wojska Polskiego uprawnionych do g\u0142osowania jest 33653 wyborc\u00f3w. Lista nr 4 &#8211; KKW PLATFORMA.NOWOCZESNA KOALICJA OBYWATELSKA 1. POTOCKA Ewa Maria, lat 77 [&hellip;]\" \/>\n<meta property=\"og:url\" content=\"https:\/\/www.24gliwice.pl\/wiadomosci\/wybory-2018-w-gliwicach-kandydaci-na-radnych-w-okregu-nr-1-osiedla-brzezinka-czechowice-kopernik-labedy-wojska-polskiego\/\" \/>\n<meta property=\"og:site_name\" content=\"24GLIWICE - Portal Gliwice | codziennie nowe informacje\" \/>\n<meta property=\"article:publisher\" content=\"https:\/\/www.facebook.com\/24gliwice\" \/>\n<meta property=\"article:author\" content=\"https:\/\/www.facebook.com\/marcin.fabrykowski\" \/>\n<meta property=\"article:published_time\" content=\"2018-10-10T15:08:01+00:00\" \/>\n<meta property=\"article:modified_time\" content=\"2024-02-18T02:00:48+00:00\" \/>\n<meta property=\"og:image\" content=\"https:\/\/www.24gliwice.pl\/wiadomosci\/wp-content\/uploads\/2018\/10\/kopernik.jpg\" \/>\n\t<meta property=\"og:image:width\" content=\"1755\" \/>\n\t<meta property=\"og:image:height\" content=\"988\" \/>\n\t<meta property=\"og:image:type\" content=\"image\/jpeg\" \/>\n<meta name=\"author\" content=\"Marcin Fabrykowski\" \/>\n<meta name=\"twitter:card\" content=\"summary_large_image\" \/>\n<meta name=\"twitter:creator\" content=\"@24gliwice\" \/>\n<meta name=\"twitter:site\" content=\"@24gliwice\" \/>\n<meta name=\"twitter:label1\" content=\"Napisane przez\" \/>\n\t<meta name=\"twitter:data1\" content=\"Marcin Fabrykowski\" \/>\n\t<meta name=\"twitter:label2\" content=\"Szacowany czas czytania\" \/>\n\t<meta name=\"twitter:data2\" content=\"1 minuta\" \/>\n<script type=\"application\/ld+json\" class=\"yoast-schema-graph\">{\"@context\":\"https:\\\/\\\/schema.org\",\"@graph\":[{\"@type\":\"Article\",\"@id\":\"https:\\\/\\\/www.24gliwice.pl\\\/wiadomosci\\\/wybory-2018-w-gliwicach-kandydaci-na-radnych-w-okregu-nr-1-osiedla-brzezinka-czechowice-kopernik-labedy-wojska-polskiego\\\/#article\",\"isPartOf\":{\"@id\":\"https:\\\/\\\/www.24gliwice.pl\\\/wiadomosci\\\/wybory-2018-w-gliwicach-kandydaci-na-radnych-w-okregu-nr-1-osiedla-brzezinka-czechowice-kopernik-labedy-wojska-polskiego\\\/\"},\"author\":{\"name\":\"Marcin Fabrykowski\",\"@id\":\"https:\\\/\\\/www.24gliwice.pl\\\/wiadomosci\\\/#\\\/schema\\\/person\\\/cb5857e4a4d048c15984c1edcc8ef0c0\"},\"headline\":\"Kandydaci na radnych w okr\u0119gu nr 1, osiedla: Brzezinka, Czechowice, Kopernik, \u0141ab\u0119dy, Wojska Polskiego\",\"datePublished\":\"2018-10-10T15:08:01+00:00\",\"dateModified\":\"2024-02-18T02:00:48+00:00\",\"mainEntityOfPage\":{\"@id\":\"https:\\\/\\\/www.24gliwice.pl\\\/wiadomosci\\\/wybory-2018-w-gliwicach-kandydaci-na-radnych-w-okregu-nr-1-osiedla-brzezinka-czechowice-kopernik-labedy-wojska-polskiego\\\/\"},\"wordCount\":289,\"publisher\":{\"@id\":\"https:\\\/\\\/www.24gliwice.pl\\\/wiadomosci\\\/#organization\"},\"image\":{\"@id\":\"https:\\\/\\\/www.24gliwice.pl\\\/wiadomosci\\\/wybory-2018-w-gliwicach-kandydaci-na-radnych-w-okregu-nr-1-osiedla-brzezinka-czechowice-kopernik-labedy-wojska-polskiego\\\/#primaryimage\"},\"thumbnailUrl\":\"https:\\\/\\\/www.24gliwice.pl\\\/wiadomosci\\\/wp-content\\\/uploads\\\/2018\\\/10\\\/kopernik.jpg\",\"articleSection\":[\"Najnowsze wiadomo\u015bci\"],\"inLanguage\":\"pl-PL\"},{\"@type\":\"WebPage\",\"@id\":\"https:\\\/\\\/www.24gliwice.pl\\\/wiadomosci\\\/wybory-2018-w-gliwicach-kandydaci-na-radnych-w-okregu-nr-1-osiedla-brzezinka-czechowice-kopernik-labedy-wojska-polskiego\\\/\",\"url\":\"https:\\\/\\\/www.24gliwice.pl\\\/wiadomosci\\\/wybory-2018-w-gliwicach-kandydaci-na-radnych-w-okregu-nr-1-osiedla-brzezinka-czechowice-kopernik-labedy-wojska-polskiego\\\/\",\"name\":\"Kandydaci na radnych w okr\u0119gu nr 1, osiedla: Brzezinka, Czechowice, Kopernik, \u0141ab\u0119dy, Wojska Polskiego - 24GLIWICE - Portal Gliwice | codziennie nowe informacje\",\"isPartOf\":{\"@id\":\"https:\\\/\\\/www.24gliwice.pl\\\/wiadomosci\\\/#website\"},\"primaryImageOfPage\":{\"@id\":\"https:\\\/\\\/www.24gliwice.pl\\\/wiadomosci\\\/wybory-2018-w-gliwicach-kandydaci-na-radnych-w-okregu-nr-1-osiedla-brzezinka-czechowice-kopernik-labedy-wojska-polskiego\\\/#primaryimage\"},\"image\":{\"@id\":\"https:\\\/\\\/www.24gliwice.pl\\\/wiadomosci\\\/wybory-2018-w-gliwicach-kandydaci-na-radnych-w-okregu-nr-1-osiedla-brzezinka-czechowice-kopernik-labedy-wojska-polskiego\\\/#primaryimage\"},\"thumbnailUrl\":\"https:\\\/\\\/www.24gliwice.pl\\\/wiadomosci\\\/wp-content\\\/uploads\\\/2018\\\/10\\\/kopernik.jpg\",\"datePublished\":\"2018-10-10T15:08:01+00:00\",\"dateModified\":\"2024-02-18T02:00:48+00:00\",\"breadcrumb\":{\"@id\":\"https:\\\/\\\/www.24gliwice.pl\\\/wiadomosci\\\/wybory-2018-w-gliwicach-kandydaci-na-radnych-w-okregu-nr-1-osiedla-brzezinka-czechowice-kopernik-labedy-wojska-polskiego\\\/#breadcrumb\"},\"inLanguage\":\"pl-PL\",\"potentialAction\":[{\"@type\":\"ReadAction\",\"target\":[\"https:\\\/\\\/www.24gliwice.pl\\\/wiadomosci\\\/wybory-2018-w-gliwicach-kandydaci-na-radnych-w-okregu-nr-1-osiedla-brzezinka-czechowice-kopernik-labedy-wojska-polskiego\\\/\"]}]},{\"@type\":\"ImageObject\",\"inLanguage\":\"pl-PL\",\"@id\":\"https:\\\/\\\/www.24gliwice.pl\\\/wiadomosci\\\/wybory-2018-w-gliwicach-kandydaci-na-radnych-w-okregu-nr-1-osiedla-brzezinka-czechowice-kopernik-labedy-wojska-polskiego\\\/#primaryimage\",\"url\":\"https:\\\/\\\/www.24gliwice.pl\\\/wiadomosci\\\/wp-content\\\/uploads\\\/2018\\\/10\\\/kopernik.jpg\",\"contentUrl\":\"https:\\\/\\\/www.24gliwice.pl\\\/wiadomosci\\\/wp-content\\\/uploads\\\/2018\\\/10\\\/kopernik.jpg\",\"width\":1755,\"height\":988},{\"@type\":\"BreadcrumbList\",\"@id\":\"https:\\\/\\\/www.24gliwice.pl\\\/wiadomosci\\\/wybory-2018-w-gliwicach-kandydaci-na-radnych-w-okregu-nr-1-osiedla-brzezinka-czechowice-kopernik-labedy-wojska-polskiego\\\/#breadcrumb\",\"itemListElement\":[{\"@type\":\"ListItem\",\"position\":1,\"name\":\"Strona g\u0142\u00f3wna\",\"item\":\"https:\\\/\\\/www.24gliwice.pl\\\/wiadomosci\\\/\"},{\"@type\":\"ListItem\",\"position\":2,\"name\":\"Kandydaci na radnych w okr\u0119gu nr 1, osiedla: Brzezinka, Czechowice, Kopernik, \u0141ab\u0119dy, Wojska Polskiego\"}]},{\"@type\":\"WebSite\",\"@id\":\"https:\\\/\\\/www.24gliwice.pl\\\/wiadomosci\\\/#website\",\"url\":\"https:\\\/\\\/www.24gliwice.pl\\\/wiadomosci\\\/\",\"name\":\"24GLIWICE - Portal Gliwice | codziennie nowe wiadomo\u015bci\",\"description\":\"Portal Miejski Gliwice\",\"publisher\":{\"@id\":\"https:\\\/\\\/www.24gliwice.pl\\\/wiadomosci\\\/#organization\"},\"potentialAction\":[{\"@type\":\"SearchAction\",\"target\":{\"@type\":\"EntryPoint\",\"urlTemplate\":\"https:\\\/\\\/www.24gliwice.pl\\\/wiadomosci\\\/?s={search_term_string}\"},\"query-input\":{\"@type\":\"PropertyValueSpecification\",\"valueRequired\":true,\"valueName\":\"search_term_string\"}}],\"inLanguage\":\"pl-PL\"},{\"@type\":\"Organization\",\"@id\":\"https:\\\/\\\/www.24gliwice.pl\\\/wiadomosci\\\/#organization\",\"name\":\"24gliwice\",\"url\":\"https:\\\/\\\/www.24gliwice.pl\\\/wiadomosci\\\/\",\"logo\":{\"@type\":\"ImageObject\",\"inLanguage\":\"pl-PL\",\"@id\":\"https:\\\/\\\/www.24gliwice.pl\\\/wiadomosci\\\/#\\\/schema\\\/logo\\\/image\\\/\",\"url\":\"https:\\\/\\\/www.24gliwice.pl\\\/wiadomosci\\\/wp-content\\\/uploads\\\/2024\\\/10\\\/24gliwice-logo-696.jpg\",\"contentUrl\":\"https:\\\/\\\/www.24gliwice.pl\\\/wiadomosci\\\/wp-content\\\/uploads\\\/2024\\\/10\\\/24gliwice-logo-696.jpg\",\"width\":696,\"height\":696,\"caption\":\"24gliwice\"},\"image\":{\"@id\":\"https:\\\/\\\/www.24gliwice.pl\\\/wiadomosci\\\/#\\\/schema\\\/logo\\\/image\\\/\"},\"sameAs\":[\"https:\\\/\\\/www.facebook.com\\\/24gliwice\",\"https:\\\/\\\/x.com\\\/24gliwice\",\"https:\\\/\\\/www.youtube.com\\\/@24gliwice\"]},{\"@type\":\"Person\",\"@id\":\"https:\\\/\\\/www.24gliwice.pl\\\/wiadomosci\\\/#\\\/schema\\\/person\\\/cb5857e4a4d048c15984c1edcc8ef0c0\",\"name\":\"Marcin Fabrykowski\",\"image\":{\"@type\":\"ImageObject\",\"inLanguage\":\"pl-PL\",\"@id\":\"https:\\\/\\\/www.24gliwice.pl\\\/wiadomosci\\\/wp-content\\\/uploads\\\/2025\\\/11\\\/zdjecie-moje-marcin-300-96x96.jpg\",\"url\":\"https:\\\/\\\/www.24gliwice.pl\\\/wiadomosci\\\/wp-content\\\/uploads\\\/2025\\\/11\\\/zdjecie-moje-marcin-300-96x96.jpg\",\"contentUrl\":\"https:\\\/\\\/www.24gliwice.pl\\\/wiadomosci\\\/wp-content\\\/uploads\\\/2025\\\/11\\\/zdjecie-moje-marcin-300-96x96.jpg\",\"caption\":\"Marcin Fabrykowski\"},\"sameAs\":[\"http:\\\/\\\/24gliwice.pl\",\"https:\\\/\\\/www.facebook.com\\\/marcin.fabrykowski\"],\"url\":\"https:\\\/\\\/www.24gliwice.pl\\\/wiadomosci\\\/author\\\/marcin-fabrykowski\\\/\"}]}<\/script>\n<!-- \/ Yoast SEO plugin. -->","yoast_head_json":{"title":"Kandydaci na radnych w okr\u0119gu nr 1, osiedla: Brzezinka, Czechowice, Kopernik, \u0141ab\u0119dy, Wojska Polskiego - 24GLIWICE - Portal Gliwice | codziennie nowe informacje","robots":{"index":"index","follow":"follow","max-snippet":"max-snippet:-1","max-image-preview":"max-image-preview:large","max-video-preview":"max-video-preview:-1"},"canonical":"https:\/\/www.24gliwice.pl\/wiadomosci\/wybory-2018-w-gliwicach-kandydaci-na-radnych-w-okregu-nr-1-osiedla-brzezinka-czechowice-kopernik-labedy-wojska-polskiego\/","og_locale":"pl_PL","og_type":"article","og_title":"Kandydaci na radnych w okr\u0119gu nr 1, osiedla: Brzezinka, Czechowice, Kopernik, \u0141ab\u0119dy, Wojska Polskiego - 24GLIWICE - Portal Gliwice | codziennie nowe informacje","og_description":"W wyborach samorz\u0105dowych, kt\u00f3re odb\u0119d\u0105 si\u0119 21 pa\u017adziernika, w okr\u0119gu nr 1 w Gliwicach zarejestrowano 40 kandydat\u00f3w, kt\u00f3rzy powalcz\u0105 o 6 mandat\u00f3w w Radzie Miasta. W okr\u0119gu obejmuj\u0105cym osiedla Brzezinka, Czechowice, Kopernik, \u0141ab\u0119dy, Wojska Polskiego uprawnionych do g\u0142osowania jest 33653 wyborc\u00f3w. Lista nr 4 &#8211; KKW PLATFORMA.NOWOCZESNA KOALICJA OBYWATELSKA 1. POTOCKA Ewa Maria, lat 77 [&hellip;]","og_url":"https:\/\/www.24gliwice.pl\/wiadomosci\/wybory-2018-w-gliwicach-kandydaci-na-radnych-w-okregu-nr-1-osiedla-brzezinka-czechowice-kopernik-labedy-wojska-polskiego\/","og_site_name":"24GLIWICE - Portal Gliwice | codziennie nowe informacje","article_publisher":"https:\/\/www.facebook.com\/24gliwice","article_author":"https:\/\/www.facebook.com\/marcin.fabrykowski","article_published_time":"2018-10-10T15:08:01+00:00","article_modified_time":"2024-02-18T02:00:48+00:00","og_image":[{"width":1755,"height":988,"url":"https:\/\/www.24gliwice.pl\/wiadomosci\/wp-content\/uploads\/2018\/10\/kopernik.jpg","type":"image\/jpeg"}],"author":"Marcin Fabrykowski","twitter_card":"summary_large_image","twitter_creator":"@24gliwice","twitter_site":"@24gliwice","twitter_misc":{"Napisane przez":"Marcin Fabrykowski","Szacowany czas czytania":"1 minuta"},"schema":{"@context":"https:\/\/schema.org","@graph":[{"@type":"Article","@id":"https:\/\/www.24gliwice.pl\/wiadomosci\/wybory-2018-w-gliwicach-kandydaci-na-radnych-w-okregu-nr-1-osiedla-brzezinka-czechowice-kopernik-labedy-wojska-polskiego\/#article","isPartOf":{"@id":"https:\/\/www.24gliwice.pl\/wiadomosci\/wybory-2018-w-gliwicach-kandydaci-na-radnych-w-okregu-nr-1-osiedla-brzezinka-czechowice-kopernik-labedy-wojska-polskiego\/"},"author":{"name":"Marcin Fabrykowski","@id":"https:\/\/www.24gliwice.pl\/wiadomosci\/#\/schema\/person\/cb5857e4a4d048c15984c1edcc8ef0c0"},"headline":"Kandydaci na radnych w okr\u0119gu nr 1, osiedla: Brzezinka, Czechowice, Kopernik, \u0141ab\u0119dy, Wojska Polskiego","datePublished":"2018-10-10T15:08:01+00:00","dateModified":"2024-02-18T02:00:48+00:00","mainEntityOfPage":{"@id":"https:\/\/www.24gliwice.pl\/wiadomosci\/wybory-2018-w-gliwicach-kandydaci-na-radnych-w-okregu-nr-1-osiedla-brzezinka-czechowice-kopernik-labedy-wojska-polskiego\/"},"wordCount":289,"publisher":{"@id":"https:\/\/www.24gliwice.pl\/wiadomosci\/#organization"},"image":{"@id":"https:\/\/www.24gliwice.pl\/wiadomosci\/wybory-2018-w-gliwicach-kandydaci-na-radnych-w-okregu-nr-1-osiedla-brzezinka-czechowice-kopernik-labedy-wojska-polskiego\/#primaryimage"},"thumbnailUrl":"https:\/\/www.24gliwice.pl\/wiadomosci\/wp-content\/uploads\/2018\/10\/kopernik.jpg","articleSection":["Najnowsze wiadomo\u015bci"],"inLanguage":"pl-PL"},{"@type":"WebPage","@id":"https:\/\/www.24gliwice.pl\/wiadomosci\/wybory-2018-w-gliwicach-kandydaci-na-radnych-w-okregu-nr-1-osiedla-brzezinka-czechowice-kopernik-labedy-wojska-polskiego\/","url":"https:\/\/www.24gliwice.pl\/wiadomosci\/wybory-2018-w-gliwicach-kandydaci-na-radnych-w-okregu-nr-1-osiedla-brzezinka-czechowice-kopernik-labedy-wojska-polskiego\/","name":"Kandydaci na radnych w okr\u0119gu nr 1, osiedla: Brzezinka, Czechowice, Kopernik, \u0141ab\u0119dy, Wojska Polskiego - 24GLIWICE - Portal Gliwice | codziennie nowe informacje","isPartOf":{"@id":"https:\/\/www.24gliwice.pl\/wiadomosci\/#website"},"primaryImageOfPage":{"@id":"https:\/\/www.24gliwice.pl\/wiadomosci\/wybory-2018-w-gliwicach-kandydaci-na-radnych-w-okregu-nr-1-osiedla-brzezinka-czechowice-kopernik-labedy-wojska-polskiego\/#primaryimage"},"image":{"@id":"https:\/\/www.24gliwice.pl\/wiadomosci\/wybory-2018-w-gliwicach-kandydaci-na-radnych-w-okregu-nr-1-osiedla-brzezinka-czechowice-kopernik-labedy-wojska-polskiego\/#primaryimage"},"thumbnailUrl":"https:\/\/www.24gliwice.pl\/wiadomosci\/wp-content\/uploads\/2018\/10\/kopernik.jpg","datePublished":"2018-10-10T15:08:01+00:00","dateModified":"2024-02-18T02:00:48+00:00","breadcrumb":{"@id":"https:\/\/www.24gliwice.pl\/wiadomosci\/wybory-2018-w-gliwicach-kandydaci-na-radnych-w-okregu-nr-1-osiedla-brzezinka-czechowice-kopernik-labedy-wojska-polskiego\/#breadcrumb"},"inLanguage":"pl-PL","potentialAction":[{"@type":"ReadAction","target":["https:\/\/www.24gliwice.pl\/wiadomosci\/wybory-2018-w-gliwicach-kandydaci-na-radnych-w-okregu-nr-1-osiedla-brzezinka-czechowice-kopernik-labedy-wojska-polskiego\/"]}]},{"@type":"ImageObject","inLanguage":"pl-PL","@id":"https:\/\/www.24gliwice.pl\/wiadomosci\/wybory-2018-w-gliwicach-kandydaci-na-radnych-w-okregu-nr-1-osiedla-brzezinka-czechowice-kopernik-labedy-wojska-polskiego\/#primaryimage","url":"https:\/\/www.24gliwice.pl\/wiadomosci\/wp-content\/uploads\/2018\/10\/kopernik.jpg","contentUrl":"https:\/\/www.24gliwice.pl\/wiadomosci\/wp-content\/uploads\/2018\/10\/kopernik.jpg","width":1755,"height":988},{"@type":"BreadcrumbList","@id":"https:\/\/www.24gliwice.pl\/wiadomosci\/wybory-2018-w-gliwicach-kandydaci-na-radnych-w-okregu-nr-1-osiedla-brzezinka-czechowice-kopernik-labedy-wojska-polskiego\/#breadcrumb","itemListElement":[{"@type":"ListItem","position":1,"name":"Strona g\u0142\u00f3wna","item":"https:\/\/www.24gliwice.pl\/wiadomosci\/"},{"@type":"ListItem","position":2,"name":"Kandydaci na radnych w okr\u0119gu nr 1, osiedla: Brzezinka, Czechowice, Kopernik, \u0141ab\u0119dy, Wojska Polskiego"}]},{"@type":"WebSite","@id":"https:\/\/www.24gliwice.pl\/wiadomosci\/#website","url":"https:\/\/www.24gliwice.pl\/wiadomosci\/","name":"24GLIWICE - Portal Gliwice | codziennie nowe wiadomo\u015bci","description":"Portal Miejski Gliwice","publisher":{"@id":"https:\/\/www.24gliwice.pl\/wiadomosci\/#organization"},"potentialAction":[{"@type":"SearchAction","target":{"@type":"EntryPoint","urlTemplate":"https:\/\/www.24gliwice.pl\/wiadomosci\/?s={search_term_string}"},"query-input":{"@type":"PropertyValueSpecification","valueRequired":true,"valueName":"search_term_string"}}],"inLanguage":"pl-PL"},{"@type":"Organization","@id":"https:\/\/www.24gliwice.pl\/wiadomosci\/#organization","name":"24gliwice","url":"https:\/\/www.24gliwice.pl\/wiadomosci\/","logo":{"@type":"ImageObject","inLanguage":"pl-PL","@id":"https:\/\/www.24gliwice.pl\/wiadomosci\/#\/schema\/logo\/image\/","url":"https:\/\/www.24gliwice.pl\/wiadomosci\/wp-content\/uploads\/2024\/10\/24gliwice-logo-696.jpg","contentUrl":"https:\/\/www.24gliwice.pl\/wiadomosci\/wp-content\/uploads\/2024\/10\/24gliwice-logo-696.jpg","width":696,"height":696,"caption":"24gliwice"},"image":{"@id":"https:\/\/www.24gliwice.pl\/wiadomosci\/#\/schema\/logo\/image\/"},"sameAs":["https:\/\/www.facebook.com\/24gliwice","https:\/\/x.com\/24gliwice","https:\/\/www.youtube.com\/@24gliwice"]},{"@type":"Person","@id":"https:\/\/www.24gliwice.pl\/wiadomosci\/#\/schema\/person\/cb5857e4a4d048c15984c1edcc8ef0c0","name":"Marcin Fabrykowski","image":{"@type":"ImageObject","inLanguage":"pl-PL","@id":"https:\/\/www.24gliwice.pl\/wiadomosci\/wp-content\/uploads\/2025\/11\/zdjecie-moje-marcin-300-96x96.jpg","url":"https:\/\/www.24gliwice.pl\/wiadomosci\/wp-content\/uploads\/2025\/11\/zdjecie-moje-marcin-300-96x96.jpg","contentUrl":"https:\/\/www.24gliwice.pl\/wiadomosci\/wp-content\/uploads\/2025\/11\/zdjecie-moje-marcin-300-96x96.jpg","caption":"Marcin Fabrykowski"},"sameAs":["http:\/\/24gliwice.pl","https:\/\/www.facebook.com\/marcin.fabrykowski"],"url":"https:\/\/www.24gliwice.pl\/wiadomosci\/author\/marcin-fabrykowski\/"}]}},"_links":{"self":[{"href":"https:\/\/www.24gliwice.pl\/wiadomosci\/wp-json\/wp\/v2\/posts\/124115","targetHints":{"allow":["GET"]}}],"collection":[{"href":"https:\/\/www.24gliwice.pl\/wiadomosci\/wp-json\/wp\/v2\/posts"}],"about":[{"href":"https:\/\/www.24gliwice.pl\/wiadomosci\/wp-json\/wp\/v2\/types\/post"}],"author":[{"embeddable":true,"href":"https:\/\/www.24gliwice.pl\/wiadomosci\/wp-json\/wp\/v2\/users\/4"}],"replies":[{"embeddable":true,"href":"https:\/\/www.24gliwice.pl\/wiadomosci\/wp-json\/wp\/v2\/comments?post=124115"}],"version-history":[{"count":0,"href":"https:\/\/www.24gliwice.pl\/wiadomosci\/wp-json\/wp\/v2\/posts\/124115\/revisions"}],"wp:featuredmedia":[{"embeddable":true,"href":"https:\/\/www.24gliwice.pl\/wiadomosci\/wp-json\/wp\/v2\/media\/123997"}],"wp:attachment":[{"href":"https:\/\/www.24gliwice.pl\/wiadomosci\/wp-json\/wp\/v2\/media?parent=124115"}],"wp:term":[{"taxonomy":"category","embeddable":true,"href":"https:\/\/www.24gliwice.pl\/wiadomosci\/wp-json\/wp\/v2\/categories?post=124115"},{"taxonomy":"post_tag","embeddable":true,"href":"https:\/\/www.24gliwice.pl\/wiadomosci\/wp-json\/wp\/v2\/tags?post=124115"}],"curies":[{"name":"wp","href":"https:\/\/api.w.org\/{rel}","templated":true}]}}