{"id":124133,"date":"2018-10-10T17:50:34","date_gmt":"2018-10-10T15:50:34","guid":{"rendered":"https:\/\/www.24gliwice.pl\/wiadomosci\/?p=124133"},"modified":"2024-02-18T03:01:10","modified_gmt":"2024-02-18T02:01:10","slug":"wybory-2018-w-gliwicach-kandydaci-na-radnych-w-okregu-nr-3-osiedla-baildona-ligota-zabrska-politechnika-sosnica","status":"publish","type":"post","link":"https:\/\/www.24gliwice.pl\/wiadomosci\/wybory-2018-w-gliwicach-kandydaci-na-radnych-w-okregu-nr-3-osiedla-baildona-ligota-zabrska-politechnika-sosnica\/","title":{"rendered":"Kandydaci na radnych w okr\u0119gu nr 3, osiedla: Baildona, Ligota Zabrska, Politechnika, So\u015bnica"},"content":{"rendered":"<div class=\"gliwi-a6-nad-leadem-artykulow gliwi-entity-placement\" id=\"gliwi-2930558326\"><div class=\"gliwi-adlabel\"><span style=\"font-size: 9px\">REKLAMA<\/span><\/div><div id=\"gliwi-125999224\" style=\"margin-bottom: 30px;margin-left: auto;margin-right: auto;text-align: center;\"><a data-no-instant=\"1\" href=\"https:\/\/przedszkole.halogen.org.pl\/\" rel=\"noopener\" class=\"a2t-link\" target=\"_blank\" aria-label=\"20260402-ANIMATOR-przedszkole_grafika_750x200\"><img loading=\"lazy\" decoding=\"async\" src=\"https:\/\/www.24gliwice.pl\/wiadomosci\/wp-content\/uploads\/2026\/04\/20260402-ANIMATOR-przedszkole_grafika_750x200.webp\" alt=\"\"  srcset=\"https:\/\/www.24gliwice.pl\/wiadomosci\/wp-content\/uploads\/2026\/04\/20260402-ANIMATOR-przedszkole_grafika_750x200.webp 750w, https:\/\/www.24gliwice.pl\/wiadomosci\/wp-content\/uploads\/2026\/04\/20260402-ANIMATOR-przedszkole_grafika_750x200-410x109.webp 410w\" sizes=\"(max-width: 750px) 100vw, 750px\" class=\"no-lazyload\" width=\"750\" height=\"200\"  style=\"display: inline-block; max-width: 100%; height: auto;\" \/><\/a><\/div><\/div><h3>W wyborach samorz\u0105dowych, kt\u00f3re odb\u0119d\u0105 si\u0119 21 pa\u017adziernika, w okr\u0119gu nr 3 w Gliwicach zarejestrowano 35 kandydat\u00f3w, kt\u00f3rzy powalcz\u0105 o 5 mandat\u00f3w w Radzie Miasta.<\/h3>\n<p> W okr\u0119gu obejmuj\u0105cym osiedla Baildona, Ligota Zabrska, Politechnika, So\u015bnica uprawnionych do g\u0142osowania jest 27197 wyborc\u00f3w.<\/p>\n<h4>Lista nr 4 &#8211; KKW <span style=\"background-color: #ffff99;\">PLATFORMA.NOWOCZESNA KOALICJA OBYWATELSKA<\/span><\/h4>\n<p>1. FILIPKOWSKA Agnieszka Urszula, lat 38<br \/>\n2. WI\u0118CKOWSKA Urszula Maria, lat 57<br \/>\n3. SADOWSKI J\u00f3zef, lat 66<br \/>\n4. STAWOWIAK Micha\u0142 Piotr, lat 34<br \/>\n5. WINIARSKI Wojciech Marek, lat 41<br \/>\n6. CHURSKA Zofia Gra\u017cyna, lat 67<br \/>\n7. UNOLD Marcin Tomasz, lat 31<\/p><div class=\"gliwi-a3-w-tresci-artykulow gliwi-entity-placement\" id=\"gliwi-2648767705\"><div class=\"gliwi-adlabel\"><span style=\"font-size: 9px\">REKLAMA<\/span><\/div><div id=\"gliwi-785240763\" style=\"margin-bottom: 30px;margin-left: auto;margin-right: auto;text-align: center;\"><a data-no-instant=\"1\" href=\"https:\/\/ogrodyandersa.pl\/\" rel=\"noopener\" class=\"a2t-link\" target=\"_blank\" aria-label=\"20260415 Ogrody Andersa KUP TERAZ D\"><img loading=\"lazy\" decoding=\"async\" src=\"https:\/\/www.24gliwice.pl\/wiadomosci\/wp-content\/uploads\/2026\/04\/20260415-Ogrody-Andersa-KUP-TERAZ-D.jpg\" alt=\"\"  srcset=\"https:\/\/www.24gliwice.pl\/wiadomosci\/wp-content\/uploads\/2026\/04\/20260415-Ogrody-Andersa-KUP-TERAZ-D.jpg 750w, https:\/\/www.24gliwice.pl\/wiadomosci\/wp-content\/uploads\/2026\/04\/20260415-Ogrody-Andersa-KUP-TERAZ-D-410x109.jpg 410w\" sizes=\"(max-width: 750px) 100vw, 750px\" class=\"no-lazyload\" width=\"750\" height=\"200\"  style=\"display: inline-block; max-width: 100%; height: auto;\" \/><\/a><\/div><\/div>\n<h4>Lista nr 5 &#8211; KKW <span style=\"background-color: #ffff99;\">SLD LEWICA RAZEM<\/span><\/h4>\n<p>1. LEMBAS-CZUBA Natalia Sylwia, lat 33<br \/>\n2. MACIASZEK Adrian Patryk, lat 28<br \/>\n3. REPETY\u0143SKI Dariusz Piotr, lat 55<br \/>\n4. MALCHEREK Krystian Micha\u0142, lat 59<br \/>\n5. POZOWSKI Jaros\u0142aw Konrad, lat 23<br \/>\n6. OGAZA Jolanta Krystyna, lat 29<br \/>\n7. JA\u015aNIEWICZ-KOWALSKA Marta Anna, lat 32<\/p>\n<h4>Lista nr 8 &#8211; KWW <span style=\"background-color: #ffff99;\">KUKIZ&#8217;15<\/span><\/h4>\n<p>1. STERNIK Miros\u0142aw Wies\u0142aw, lat 58<br \/>\n2. CHWEDORUK Ewa Helena, lat 38<br \/>\n3. WIECZOREK Piotr Micha\u0142, lat 34<br \/>\n4. WI\u015aNIEWSKA Aleksandra Gra\u017cyna, lat 26<br \/>\n5. GRABIAS Anna Maria, lat 62<br \/>\n6. SADOWSKI Zenon, lat 55<br \/>\n7. R\u00d3G-SO\u0141TYSIAK Agnieszka Monika, lat 42<\/p>\n<h4><a href=\"https:\/\/www.24gliwice.pl\/wiadomosci\/wybory-w-gliwicach\/\">WYBORY W GLIWICACH &#8211; NAJWA\u017bNIEJSZE INFORMACJE >><\/a><\/h4>\n<h4>Lista nr 10 &#8211; KW <span style=\"background-color: #ffff99;\">PRAWO I SPRAWIEDLIWO\u015a\u0106<\/span><\/h4>\n<p>1. BUCZEK Ryszard Stanis\u0142aw, lat 63<br \/>\n2. TOVMASYAN Petros, lat 31<br \/>\n3. KOPIJ Rozalia, lat 62<br \/>\n4. GRZ\u0118DA Wies\u0142aw, lat 51<br \/>\n5. BODZIOCH Gabriel Jan, lat 25<br \/>\n6. MAZIUK Justyna Agnieszka, lat 19<br \/>\n7. KOCYAN Anna Alicja, lat 28<\/p>\n<h4>Lista nr 18 &#8211; KWW <span style=\"background-color: #ffff99;\">KOALICJA DLA GLIWIC ZYGMUNTA FRANKIEWICZA<\/span><\/h4>\n<p>1. PSZONAK Marek Jan, lat 47<br \/>\n2. BIELECKA Karolina Anna, lat 36<br \/>\n3. \u015aWIERCZY\u0143SKA Jadwiga Irena, lat 52<br \/>\n4. GRABIEC Marcin, lat 38<br \/>\n5. W\u0141ODARCZYK Marcin Andrzej, lat 33<br \/>\n6. KIE\u0141PI\u0143SKI Marcin Micha\u0142, lat 29<br \/>\n7. HENNE Barbara Krystyna, lat 52<\/p>\n<p><em>\u017ar\u00f3d\u0142o: Pa\u0144stwowa Komisja Wyborcza<\/em><\/p>\n<h4><a href=\"https:\/\/www.24gliwice.pl\/wiadomosci\/wybory-w-gliwicach\/\">WYBORY W GLIWICACH &#8211; NAJWA\u017bNIEJSZE INFORMACJE >><\/a><\/h4>\n<div class=\"gliwi-a5-na-koncu-artykulow gliwi-entity-placement\" id=\"gliwi-2205019653\"><div class=\"gliwi-adlabel\"><span style=\"font-size: 9px\">REKLAMA<\/span><\/div><div id=\"gliwi-2979278089\" style=\"margin-left: auto;margin-right: auto;text-align: center;\"><a data-no-instant=\"1\" href=\"https:\/\/www.jasek.pl\/\" rel=\"noopener\" class=\"a2t-link\" target=\"_blank\" aria-label=\"20200401-jasek 600\"><img loading=\"lazy\" decoding=\"async\" src=\"https:\/\/www.24gliwice.pl\/wiadomosci\/wp-content\/uploads\/2020\/04\/20200401-jasek-600.jpg\" alt=\"\"  srcset=\"https:\/\/www.24gliwice.pl\/wiadomosci\/wp-content\/uploads\/2020\/04\/20200401-jasek-600.jpg 600w, https:\/\/www.24gliwice.pl\/wiadomosci\/wp-content\/uploads\/2020\/04\/20200401-jasek-600-410x109.jpg 410w\" sizes=\"(max-width: 600px) 100vw, 600px\" class=\"no-lazyload\" width=\"600\" height=\"160\"  style=\"display: inline-block; max-width: 100%; height: auto;\" \/><\/a><\/div><\/div>","protected":false},"excerpt":{"rendered":"<p>W wyborach samorz\u0105dowych, kt\u00f3re odb\u0119d\u0105 si\u0119 21 pa\u017adziernika, w okr\u0119gu nr 3 w Gliwicach zarejestrowano 35 kandydat\u00f3w, kt\u00f3rzy powalcz\u0105 o 5 mandat\u00f3w w Radzie Miasta. W okr\u0119gu obejmuj\u0105cym osiedla Baildona, Ligota Zabrska, Politechnika, So\u015bnica uprawnionych do g\u0142osowania jest 27197 wyborc\u00f3w. Lista nr 4 &#8211; KKW PLATFORMA.NOWOCZESNA KOALICJA OBYWATELSKA 1. FILIPKOWSKA Agnieszka Urszula, lat 38 2. [&hellip;]<\/p>\n","protected":false},"author":4,"featured_media":124136,"comment_status":"closed","ping_status":"closed","sticky":false,"template":"","format":"standard","meta":{"_monsterinsights_skip_tracking":false,"_monsterinsights_sitenote_active":false,"_monsterinsights_sitenote_note":"","_monsterinsights_sitenote_category":0,"footnotes":"","_links_to":"","_links_to_target":""},"categories":[1],"tags":[12291,25,1770,27],"class_list":["post-124133","post","type-post","status-publish","format-standard","has-post-thumbnail","hentry","category-wszystko","tag-kandydaci","tag-radni","tag-samorzad","tag-wybory"],"yoast_head":"<!-- This site is optimized with the Yoast SEO plugin v27.5 - https:\/\/yoast.com\/product\/yoast-seo-wordpress\/ -->\n<title>Kandydaci na radnych w okr\u0119gu nr 3, osiedla: Baildona, Ligota Zabrska, Politechnika, So\u015bnica - 24GLIWICE - Portal Gliwice | codziennie nowe informacje<\/title>\n<meta name=\"robots\" content=\"index, follow, max-snippet:-1, max-image-preview:large, max-video-preview:-1\" \/>\n<link rel=\"canonical\" href=\"https:\/\/www.24gliwice.pl\/wiadomosci\/wybory-2018-w-gliwicach-kandydaci-na-radnych-w-okregu-nr-3-osiedla-baildona-ligota-zabrska-politechnika-sosnica\/\" \/>\n<meta property=\"og:locale\" content=\"pl_PL\" \/>\n<meta property=\"og:type\" content=\"article\" \/>\n<meta property=\"og:title\" content=\"Kandydaci na radnych w okr\u0119gu nr 3, osiedla: Baildona, Ligota Zabrska, Politechnika, So\u015bnica - 24GLIWICE - Portal Gliwice | codziennie nowe informacje\" \/>\n<meta property=\"og:description\" content=\"W wyborach samorz\u0105dowych, kt\u00f3re odb\u0119d\u0105 si\u0119 21 pa\u017adziernika, w okr\u0119gu nr 3 w Gliwicach zarejestrowano 35 kandydat\u00f3w, kt\u00f3rzy powalcz\u0105 o 5 mandat\u00f3w w Radzie Miasta. W okr\u0119gu obejmuj\u0105cym osiedla Baildona, Ligota Zabrska, Politechnika, So\u015bnica uprawnionych do g\u0142osowania jest 27197 wyborc\u00f3w. Lista nr 4 &#8211; KKW PLATFORMA.NOWOCZESNA KOALICJA OBYWATELSKA 1. FILIPKOWSKA Agnieszka Urszula, lat 38 2. [&hellip;]\" \/>\n<meta property=\"og:url\" content=\"https:\/\/www.24gliwice.pl\/wiadomosci\/wybory-2018-w-gliwicach-kandydaci-na-radnych-w-okregu-nr-3-osiedla-baildona-ligota-zabrska-politechnika-sosnica\/\" \/>\n<meta property=\"og:site_name\" content=\"24GLIWICE - Portal Gliwice | codziennie nowe informacje\" \/>\n<meta property=\"article:publisher\" content=\"https:\/\/www.facebook.com\/24gliwice\" \/>\n<meta property=\"article:author\" content=\"https:\/\/www.facebook.com\/marcin.fabrykowski\" \/>\n<meta property=\"article:published_time\" content=\"2018-10-10T15:50:34+00:00\" \/>\n<meta property=\"article:modified_time\" content=\"2024-02-18T02:01:10+00:00\" \/>\n<meta property=\"og:image\" content=\"https:\/\/www.24gliwice.pl\/wiadomosci\/wp-content\/uploads\/2018\/10\/1-G0302546.jpg\" \/>\n\t<meta property=\"og:image:width\" content=\"810\" \/>\n\t<meta property=\"og:image:height\" content=\"455\" \/>\n\t<meta property=\"og:image:type\" content=\"image\/jpeg\" \/>\n<meta name=\"author\" content=\"Marcin Fabrykowski\" \/>\n<meta name=\"twitter:card\" content=\"summary_large_image\" \/>\n<meta name=\"twitter:creator\" content=\"@24gliwice\" \/>\n<meta name=\"twitter:site\" content=\"@24gliwice\" \/>\n<meta name=\"twitter:label1\" content=\"Napisane przez\" \/>\n\t<meta name=\"twitter:data1\" content=\"Marcin Fabrykowski\" \/>\n\t<meta name=\"twitter:label2\" content=\"Szacowany czas czytania\" \/>\n\t<meta name=\"twitter:data2\" content=\"1 minuta\" \/>\n<script type=\"application\/ld+json\" class=\"yoast-schema-graph\">{\"@context\":\"https:\\\/\\\/schema.org\",\"@graph\":[{\"@type\":\"Article\",\"@id\":\"https:\\\/\\\/www.24gliwice.pl\\\/wiadomosci\\\/wybory-2018-w-gliwicach-kandydaci-na-radnych-w-okregu-nr-3-osiedla-baildona-ligota-zabrska-politechnika-sosnica\\\/#article\",\"isPartOf\":{\"@id\":\"https:\\\/\\\/www.24gliwice.pl\\\/wiadomosci\\\/wybory-2018-w-gliwicach-kandydaci-na-radnych-w-okregu-nr-3-osiedla-baildona-ligota-zabrska-politechnika-sosnica\\\/\"},\"author\":{\"name\":\"Marcin Fabrykowski\",\"@id\":\"https:\\\/\\\/www.24gliwice.pl\\\/wiadomosci\\\/#\\\/schema\\\/person\\\/cb5857e4a4d048c15984c1edcc8ef0c0\"},\"headline\":\"Kandydaci na radnych w okr\u0119gu nr 3, osiedla: Baildona, Ligota Zabrska, Politechnika, So\u015bnica\",\"datePublished\":\"2018-10-10T15:50:34+00:00\",\"dateModified\":\"2024-02-18T02:01:10+00:00\",\"mainEntityOfPage\":{\"@id\":\"https:\\\/\\\/www.24gliwice.pl\\\/wiadomosci\\\/wybory-2018-w-gliwicach-kandydaci-na-radnych-w-okregu-nr-3-osiedla-baildona-ligota-zabrska-politechnika-sosnica\\\/\"},\"wordCount\":272,\"publisher\":{\"@id\":\"https:\\\/\\\/www.24gliwice.pl\\\/wiadomosci\\\/#organization\"},\"image\":{\"@id\":\"https:\\\/\\\/www.24gliwice.pl\\\/wiadomosci\\\/wybory-2018-w-gliwicach-kandydaci-na-radnych-w-okregu-nr-3-osiedla-baildona-ligota-zabrska-politechnika-sosnica\\\/#primaryimage\"},\"thumbnailUrl\":\"https:\\\/\\\/www.24gliwice.pl\\\/wiadomosci\\\/wp-content\\\/uploads\\\/2018\\\/10\\\/1-G0302546.jpg\",\"keywords\":[\"kandydaci\",\"RADNI\",\"SAMORZ\u0104D\",\"WYBORY\"],\"articleSection\":[\"Najnowsze wiadomo\u015bci\"],\"inLanguage\":\"pl-PL\"},{\"@type\":\"WebPage\",\"@id\":\"https:\\\/\\\/www.24gliwice.pl\\\/wiadomosci\\\/wybory-2018-w-gliwicach-kandydaci-na-radnych-w-okregu-nr-3-osiedla-baildona-ligota-zabrska-politechnika-sosnica\\\/\",\"url\":\"https:\\\/\\\/www.24gliwice.pl\\\/wiadomosci\\\/wybory-2018-w-gliwicach-kandydaci-na-radnych-w-okregu-nr-3-osiedla-baildona-ligota-zabrska-politechnika-sosnica\\\/\",\"name\":\"Kandydaci na radnych w okr\u0119gu nr 3, osiedla: Baildona, Ligota Zabrska, Politechnika, So\u015bnica - 24GLIWICE - Portal Gliwice | codziennie nowe informacje\",\"isPartOf\":{\"@id\":\"https:\\\/\\\/www.24gliwice.pl\\\/wiadomosci\\\/#website\"},\"primaryImageOfPage\":{\"@id\":\"https:\\\/\\\/www.24gliwice.pl\\\/wiadomosci\\\/wybory-2018-w-gliwicach-kandydaci-na-radnych-w-okregu-nr-3-osiedla-baildona-ligota-zabrska-politechnika-sosnica\\\/#primaryimage\"},\"image\":{\"@id\":\"https:\\\/\\\/www.24gliwice.pl\\\/wiadomosci\\\/wybory-2018-w-gliwicach-kandydaci-na-radnych-w-okregu-nr-3-osiedla-baildona-ligota-zabrska-politechnika-sosnica\\\/#primaryimage\"},\"thumbnailUrl\":\"https:\\\/\\\/www.24gliwice.pl\\\/wiadomosci\\\/wp-content\\\/uploads\\\/2018\\\/10\\\/1-G0302546.jpg\",\"datePublished\":\"2018-10-10T15:50:34+00:00\",\"dateModified\":\"2024-02-18T02:01:10+00:00\",\"breadcrumb\":{\"@id\":\"https:\\\/\\\/www.24gliwice.pl\\\/wiadomosci\\\/wybory-2018-w-gliwicach-kandydaci-na-radnych-w-okregu-nr-3-osiedla-baildona-ligota-zabrska-politechnika-sosnica\\\/#breadcrumb\"},\"inLanguage\":\"pl-PL\",\"potentialAction\":[{\"@type\":\"ReadAction\",\"target\":[\"https:\\\/\\\/www.24gliwice.pl\\\/wiadomosci\\\/wybory-2018-w-gliwicach-kandydaci-na-radnych-w-okregu-nr-3-osiedla-baildona-ligota-zabrska-politechnika-sosnica\\\/\"]}]},{\"@type\":\"ImageObject\",\"inLanguage\":\"pl-PL\",\"@id\":\"https:\\\/\\\/www.24gliwice.pl\\\/wiadomosci\\\/wybory-2018-w-gliwicach-kandydaci-na-radnych-w-okregu-nr-3-osiedla-baildona-ligota-zabrska-politechnika-sosnica\\\/#primaryimage\",\"url\":\"https:\\\/\\\/www.24gliwice.pl\\\/wiadomosci\\\/wp-content\\\/uploads\\\/2018\\\/10\\\/1-G0302546.jpg\",\"contentUrl\":\"https:\\\/\\\/www.24gliwice.pl\\\/wiadomosci\\\/wp-content\\\/uploads\\\/2018\\\/10\\\/1-G0302546.jpg\",\"width\":810,\"height\":455,\"caption\":\"DCIM107GOPRO\"},{\"@type\":\"BreadcrumbList\",\"@id\":\"https:\\\/\\\/www.24gliwice.pl\\\/wiadomosci\\\/wybory-2018-w-gliwicach-kandydaci-na-radnych-w-okregu-nr-3-osiedla-baildona-ligota-zabrska-politechnika-sosnica\\\/#breadcrumb\",\"itemListElement\":[{\"@type\":\"ListItem\",\"position\":1,\"name\":\"Strona g\u0142\u00f3wna\",\"item\":\"https:\\\/\\\/www.24gliwice.pl\\\/wiadomosci\\\/\"},{\"@type\":\"ListItem\",\"position\":2,\"name\":\"Kandydaci na radnych w okr\u0119gu nr 3, osiedla: Baildona, Ligota Zabrska, Politechnika, So\u015bnica\"}]},{\"@type\":\"WebSite\",\"@id\":\"https:\\\/\\\/www.24gliwice.pl\\\/wiadomosci\\\/#website\",\"url\":\"https:\\\/\\\/www.24gliwice.pl\\\/wiadomosci\\\/\",\"name\":\"24GLIWICE - Portal Gliwice | codziennie nowe wiadomo\u015bci\",\"description\":\"Portal Miejski Gliwice\",\"publisher\":{\"@id\":\"https:\\\/\\\/www.24gliwice.pl\\\/wiadomosci\\\/#organization\"},\"potentialAction\":[{\"@type\":\"SearchAction\",\"target\":{\"@type\":\"EntryPoint\",\"urlTemplate\":\"https:\\\/\\\/www.24gliwice.pl\\\/wiadomosci\\\/?s={search_term_string}\"},\"query-input\":{\"@type\":\"PropertyValueSpecification\",\"valueRequired\":true,\"valueName\":\"search_term_string\"}}],\"inLanguage\":\"pl-PL\"},{\"@type\":\"Organization\",\"@id\":\"https:\\\/\\\/www.24gliwice.pl\\\/wiadomosci\\\/#organization\",\"name\":\"24gliwice\",\"url\":\"https:\\\/\\\/www.24gliwice.pl\\\/wiadomosci\\\/\",\"logo\":{\"@type\":\"ImageObject\",\"inLanguage\":\"pl-PL\",\"@id\":\"https:\\\/\\\/www.24gliwice.pl\\\/wiadomosci\\\/#\\\/schema\\\/logo\\\/image\\\/\",\"url\":\"https:\\\/\\\/www.24gliwice.pl\\\/wiadomosci\\\/wp-content\\\/uploads\\\/2024\\\/10\\\/24gliwice-logo-696.jpg\",\"contentUrl\":\"https:\\\/\\\/www.24gliwice.pl\\\/wiadomosci\\\/wp-content\\\/uploads\\\/2024\\\/10\\\/24gliwice-logo-696.jpg\",\"width\":696,\"height\":696,\"caption\":\"24gliwice\"},\"image\":{\"@id\":\"https:\\\/\\\/www.24gliwice.pl\\\/wiadomosci\\\/#\\\/schema\\\/logo\\\/image\\\/\"},\"sameAs\":[\"https:\\\/\\\/www.facebook.com\\\/24gliwice\",\"https:\\\/\\\/x.com\\\/24gliwice\",\"https:\\\/\\\/www.youtube.com\\\/@24gliwice\"]},{\"@type\":\"Person\",\"@id\":\"https:\\\/\\\/www.24gliwice.pl\\\/wiadomosci\\\/#\\\/schema\\\/person\\\/cb5857e4a4d048c15984c1edcc8ef0c0\",\"name\":\"Marcin Fabrykowski\",\"image\":{\"@type\":\"ImageObject\",\"inLanguage\":\"pl-PL\",\"@id\":\"https:\\\/\\\/www.24gliwice.pl\\\/wiadomosci\\\/wp-content\\\/uploads\\\/2025\\\/11\\\/zdjecie-moje-marcin-300-96x96.jpg\",\"url\":\"https:\\\/\\\/www.24gliwice.pl\\\/wiadomosci\\\/wp-content\\\/uploads\\\/2025\\\/11\\\/zdjecie-moje-marcin-300-96x96.jpg\",\"contentUrl\":\"https:\\\/\\\/www.24gliwice.pl\\\/wiadomosci\\\/wp-content\\\/uploads\\\/2025\\\/11\\\/zdjecie-moje-marcin-300-96x96.jpg\",\"caption\":\"Marcin Fabrykowski\"},\"sameAs\":[\"http:\\\/\\\/24gliwice.pl\",\"https:\\\/\\\/www.facebook.com\\\/marcin.fabrykowski\"],\"url\":\"https:\\\/\\\/www.24gliwice.pl\\\/wiadomosci\\\/author\\\/marcin-fabrykowski\\\/\"}]}<\/script>\n<!-- \/ Yoast SEO plugin. -->","yoast_head_json":{"title":"Kandydaci na radnych w okr\u0119gu nr 3, osiedla: Baildona, Ligota Zabrska, Politechnika, So\u015bnica - 24GLIWICE - Portal Gliwice | codziennie nowe informacje","robots":{"index":"index","follow":"follow","max-snippet":"max-snippet:-1","max-image-preview":"max-image-preview:large","max-video-preview":"max-video-preview:-1"},"canonical":"https:\/\/www.24gliwice.pl\/wiadomosci\/wybory-2018-w-gliwicach-kandydaci-na-radnych-w-okregu-nr-3-osiedla-baildona-ligota-zabrska-politechnika-sosnica\/","og_locale":"pl_PL","og_type":"article","og_title":"Kandydaci na radnych w okr\u0119gu nr 3, osiedla: Baildona, Ligota Zabrska, Politechnika, So\u015bnica - 24GLIWICE - Portal Gliwice | codziennie nowe informacje","og_description":"W wyborach samorz\u0105dowych, kt\u00f3re odb\u0119d\u0105 si\u0119 21 pa\u017adziernika, w okr\u0119gu nr 3 w Gliwicach zarejestrowano 35 kandydat\u00f3w, kt\u00f3rzy powalcz\u0105 o 5 mandat\u00f3w w Radzie Miasta. W okr\u0119gu obejmuj\u0105cym osiedla Baildona, Ligota Zabrska, Politechnika, So\u015bnica uprawnionych do g\u0142osowania jest 27197 wyborc\u00f3w. Lista nr 4 &#8211; KKW PLATFORMA.NOWOCZESNA KOALICJA OBYWATELSKA 1. FILIPKOWSKA Agnieszka Urszula, lat 38 2. [&hellip;]","og_url":"https:\/\/www.24gliwice.pl\/wiadomosci\/wybory-2018-w-gliwicach-kandydaci-na-radnych-w-okregu-nr-3-osiedla-baildona-ligota-zabrska-politechnika-sosnica\/","og_site_name":"24GLIWICE - Portal Gliwice | codziennie nowe informacje","article_publisher":"https:\/\/www.facebook.com\/24gliwice","article_author":"https:\/\/www.facebook.com\/marcin.fabrykowski","article_published_time":"2018-10-10T15:50:34+00:00","article_modified_time":"2024-02-18T02:01:10+00:00","og_image":[{"width":810,"height":455,"url":"https:\/\/www.24gliwice.pl\/wiadomosci\/wp-content\/uploads\/2018\/10\/1-G0302546.jpg","type":"image\/jpeg"}],"author":"Marcin Fabrykowski","twitter_card":"summary_large_image","twitter_creator":"@24gliwice","twitter_site":"@24gliwice","twitter_misc":{"Napisane przez":"Marcin Fabrykowski","Szacowany czas czytania":"1 minuta"},"schema":{"@context":"https:\/\/schema.org","@graph":[{"@type":"Article","@id":"https:\/\/www.24gliwice.pl\/wiadomosci\/wybory-2018-w-gliwicach-kandydaci-na-radnych-w-okregu-nr-3-osiedla-baildona-ligota-zabrska-politechnika-sosnica\/#article","isPartOf":{"@id":"https:\/\/www.24gliwice.pl\/wiadomosci\/wybory-2018-w-gliwicach-kandydaci-na-radnych-w-okregu-nr-3-osiedla-baildona-ligota-zabrska-politechnika-sosnica\/"},"author":{"name":"Marcin Fabrykowski","@id":"https:\/\/www.24gliwice.pl\/wiadomosci\/#\/schema\/person\/cb5857e4a4d048c15984c1edcc8ef0c0"},"headline":"Kandydaci na radnych w okr\u0119gu nr 3, osiedla: Baildona, Ligota Zabrska, Politechnika, So\u015bnica","datePublished":"2018-10-10T15:50:34+00:00","dateModified":"2024-02-18T02:01:10+00:00","mainEntityOfPage":{"@id":"https:\/\/www.24gliwice.pl\/wiadomosci\/wybory-2018-w-gliwicach-kandydaci-na-radnych-w-okregu-nr-3-osiedla-baildona-ligota-zabrska-politechnika-sosnica\/"},"wordCount":272,"publisher":{"@id":"https:\/\/www.24gliwice.pl\/wiadomosci\/#organization"},"image":{"@id":"https:\/\/www.24gliwice.pl\/wiadomosci\/wybory-2018-w-gliwicach-kandydaci-na-radnych-w-okregu-nr-3-osiedla-baildona-ligota-zabrska-politechnika-sosnica\/#primaryimage"},"thumbnailUrl":"https:\/\/www.24gliwice.pl\/wiadomosci\/wp-content\/uploads\/2018\/10\/1-G0302546.jpg","keywords":["kandydaci","RADNI","SAMORZ\u0104D","WYBORY"],"articleSection":["Najnowsze wiadomo\u015bci"],"inLanguage":"pl-PL"},{"@type":"WebPage","@id":"https:\/\/www.24gliwice.pl\/wiadomosci\/wybory-2018-w-gliwicach-kandydaci-na-radnych-w-okregu-nr-3-osiedla-baildona-ligota-zabrska-politechnika-sosnica\/","url":"https:\/\/www.24gliwice.pl\/wiadomosci\/wybory-2018-w-gliwicach-kandydaci-na-radnych-w-okregu-nr-3-osiedla-baildona-ligota-zabrska-politechnika-sosnica\/","name":"Kandydaci na radnych w okr\u0119gu nr 3, osiedla: Baildona, Ligota Zabrska, Politechnika, So\u015bnica - 24GLIWICE - Portal Gliwice | codziennie nowe informacje","isPartOf":{"@id":"https:\/\/www.24gliwice.pl\/wiadomosci\/#website"},"primaryImageOfPage":{"@id":"https:\/\/www.24gliwice.pl\/wiadomosci\/wybory-2018-w-gliwicach-kandydaci-na-radnych-w-okregu-nr-3-osiedla-baildona-ligota-zabrska-politechnika-sosnica\/#primaryimage"},"image":{"@id":"https:\/\/www.24gliwice.pl\/wiadomosci\/wybory-2018-w-gliwicach-kandydaci-na-radnych-w-okregu-nr-3-osiedla-baildona-ligota-zabrska-politechnika-sosnica\/#primaryimage"},"thumbnailUrl":"https:\/\/www.24gliwice.pl\/wiadomosci\/wp-content\/uploads\/2018\/10\/1-G0302546.jpg","datePublished":"2018-10-10T15:50:34+00:00","dateModified":"2024-02-18T02:01:10+00:00","breadcrumb":{"@id":"https:\/\/www.24gliwice.pl\/wiadomosci\/wybory-2018-w-gliwicach-kandydaci-na-radnych-w-okregu-nr-3-osiedla-baildona-ligota-zabrska-politechnika-sosnica\/#breadcrumb"},"inLanguage":"pl-PL","potentialAction":[{"@type":"ReadAction","target":["https:\/\/www.24gliwice.pl\/wiadomosci\/wybory-2018-w-gliwicach-kandydaci-na-radnych-w-okregu-nr-3-osiedla-baildona-ligota-zabrska-politechnika-sosnica\/"]}]},{"@type":"ImageObject","inLanguage":"pl-PL","@id":"https:\/\/www.24gliwice.pl\/wiadomosci\/wybory-2018-w-gliwicach-kandydaci-na-radnych-w-okregu-nr-3-osiedla-baildona-ligota-zabrska-politechnika-sosnica\/#primaryimage","url":"https:\/\/www.24gliwice.pl\/wiadomosci\/wp-content\/uploads\/2018\/10\/1-G0302546.jpg","contentUrl":"https:\/\/www.24gliwice.pl\/wiadomosci\/wp-content\/uploads\/2018\/10\/1-G0302546.jpg","width":810,"height":455,"caption":"DCIM107GOPRO"},{"@type":"BreadcrumbList","@id":"https:\/\/www.24gliwice.pl\/wiadomosci\/wybory-2018-w-gliwicach-kandydaci-na-radnych-w-okregu-nr-3-osiedla-baildona-ligota-zabrska-politechnika-sosnica\/#breadcrumb","itemListElement":[{"@type":"ListItem","position":1,"name":"Strona g\u0142\u00f3wna","item":"https:\/\/www.24gliwice.pl\/wiadomosci\/"},{"@type":"ListItem","position":2,"name":"Kandydaci na radnych w okr\u0119gu nr 3, osiedla: Baildona, Ligota Zabrska, Politechnika, So\u015bnica"}]},{"@type":"WebSite","@id":"https:\/\/www.24gliwice.pl\/wiadomosci\/#website","url":"https:\/\/www.24gliwice.pl\/wiadomosci\/","name":"24GLIWICE - Portal Gliwice | codziennie nowe wiadomo\u015bci","description":"Portal Miejski Gliwice","publisher":{"@id":"https:\/\/www.24gliwice.pl\/wiadomosci\/#organization"},"potentialAction":[{"@type":"SearchAction","target":{"@type":"EntryPoint","urlTemplate":"https:\/\/www.24gliwice.pl\/wiadomosci\/?s={search_term_string}"},"query-input":{"@type":"PropertyValueSpecification","valueRequired":true,"valueName":"search_term_string"}}],"inLanguage":"pl-PL"},{"@type":"Organization","@id":"https:\/\/www.24gliwice.pl\/wiadomosci\/#organization","name":"24gliwice","url":"https:\/\/www.24gliwice.pl\/wiadomosci\/","logo":{"@type":"ImageObject","inLanguage":"pl-PL","@id":"https:\/\/www.24gliwice.pl\/wiadomosci\/#\/schema\/logo\/image\/","url":"https:\/\/www.24gliwice.pl\/wiadomosci\/wp-content\/uploads\/2024\/10\/24gliwice-logo-696.jpg","contentUrl":"https:\/\/www.24gliwice.pl\/wiadomosci\/wp-content\/uploads\/2024\/10\/24gliwice-logo-696.jpg","width":696,"height":696,"caption":"24gliwice"},"image":{"@id":"https:\/\/www.24gliwice.pl\/wiadomosci\/#\/schema\/logo\/image\/"},"sameAs":["https:\/\/www.facebook.com\/24gliwice","https:\/\/x.com\/24gliwice","https:\/\/www.youtube.com\/@24gliwice"]},{"@type":"Person","@id":"https:\/\/www.24gliwice.pl\/wiadomosci\/#\/schema\/person\/cb5857e4a4d048c15984c1edcc8ef0c0","name":"Marcin Fabrykowski","image":{"@type":"ImageObject","inLanguage":"pl-PL","@id":"https:\/\/www.24gliwice.pl\/wiadomosci\/wp-content\/uploads\/2025\/11\/zdjecie-moje-marcin-300-96x96.jpg","url":"https:\/\/www.24gliwice.pl\/wiadomosci\/wp-content\/uploads\/2025\/11\/zdjecie-moje-marcin-300-96x96.jpg","contentUrl":"https:\/\/www.24gliwice.pl\/wiadomosci\/wp-content\/uploads\/2025\/11\/zdjecie-moje-marcin-300-96x96.jpg","caption":"Marcin Fabrykowski"},"sameAs":["http:\/\/24gliwice.pl","https:\/\/www.facebook.com\/marcin.fabrykowski"],"url":"https:\/\/www.24gliwice.pl\/wiadomosci\/author\/marcin-fabrykowski\/"}]}},"_links":{"self":[{"href":"https:\/\/www.24gliwice.pl\/wiadomosci\/wp-json\/wp\/v2\/posts\/124133","targetHints":{"allow":["GET"]}}],"collection":[{"href":"https:\/\/www.24gliwice.pl\/wiadomosci\/wp-json\/wp\/v2\/posts"}],"about":[{"href":"https:\/\/www.24gliwice.pl\/wiadomosci\/wp-json\/wp\/v2\/types\/post"}],"author":[{"embeddable":true,"href":"https:\/\/www.24gliwice.pl\/wiadomosci\/wp-json\/wp\/v2\/users\/4"}],"replies":[{"embeddable":true,"href":"https:\/\/www.24gliwice.pl\/wiadomosci\/wp-json\/wp\/v2\/comments?post=124133"}],"version-history":[{"count":0,"href":"https:\/\/www.24gliwice.pl\/wiadomosci\/wp-json\/wp\/v2\/posts\/124133\/revisions"}],"wp:featuredmedia":[{"embeddable":true,"href":"https:\/\/www.24gliwice.pl\/wiadomosci\/wp-json\/wp\/v2\/media\/124136"}],"wp:attachment":[{"href":"https:\/\/www.24gliwice.pl\/wiadomosci\/wp-json\/wp\/v2\/media?parent=124133"}],"wp:term":[{"taxonomy":"category","embeddable":true,"href":"https:\/\/www.24gliwice.pl\/wiadomosci\/wp-json\/wp\/v2\/categories?post=124133"},{"taxonomy":"post_tag","embeddable":true,"href":"https:\/\/www.24gliwice.pl\/wiadomosci\/wp-json\/wp\/v2\/tags?post=124133"}],"curies":[{"name":"wp","href":"https:\/\/api.w.org\/{rel}","templated":true}]}}