{"id":124137,"date":"2018-10-10T18:16:18","date_gmt":"2018-10-10T16:16:18","guid":{"rendered":"https:\/\/www.24gliwice.pl\/wiadomosci\/?p=124137"},"modified":"2024-02-18T03:01:22","modified_gmt":"2024-02-18T02:01:22","slug":"wybory-2018-w-gliwicach-kandydaci-na-radnych-w-okregu-nr-4-osiedla-bojkow-ostropa-sikornik-stare-gliwice-trynek-wilcze-gardlo-wojtowa-wies","status":"publish","type":"post","link":"https:\/\/www.24gliwice.pl\/wiadomosci\/wybory-2018-w-gliwicach-kandydaci-na-radnych-w-okregu-nr-4-osiedla-bojkow-ostropa-sikornik-stare-gliwice-trynek-wilcze-gardlo-wojtowa-wies\/","title":{"rendered":"Kandydaci na radnych w okr\u0119gu nr 4, osiedla: Bojk\u00f3w, Ostropa, Sikornik, Stare Gliwice, Trynek, Wilcze Gard\u0142o, W\u00f3jtowa Wie\u015b"},"content":{"rendered":"<div class=\"gliwi-a6-nad-leadem-artykulow gliwi-entity-placement\" id=\"gliwi-2989145954\"><div class=\"gliwi-adlabel\"><span style=\"font-size: 9px\">REKLAMA<\/span><\/div><div id=\"gliwi-1667019481\" style=\"margin-bottom: 25px;margin-left: auto;margin-right: auto;text-align: center;\"><a data-no-instant=\"1\" href=\"https:\/\/dom100.eu\/\" rel=\"noopener\" class=\"a2t-link\" target=\"_blank\" aria-label=\"20260415 DOM100 D\"><img loading=\"lazy\" decoding=\"async\" src=\"https:\/\/www.24gliwice.pl\/wiadomosci\/wp-content\/uploads\/2026\/04\/20260415-DOM100-D.jpg\" alt=\"\"  srcset=\"https:\/\/www.24gliwice.pl\/wiadomosci\/wp-content\/uploads\/2026\/04\/20260415-DOM100-D.jpg 750w, https:\/\/www.24gliwice.pl\/wiadomosci\/wp-content\/uploads\/2026\/04\/20260415-DOM100-D-410x109.jpg 410w\" sizes=\"(max-width: 750px) 100vw, 750px\" class=\"no-lazyload\" width=\"750\" height=\"200\"  style=\"display: inline-block; max-width: 100%; height: auto;\" \/><\/a><\/div><\/div><h3>W wyborach samorz\u0105dowych, kt\u00f3re odb\u0119d\u0105 si\u0119 21 pa\u017adziernika, w okr\u0119gu nr 4 w Gliwicach zarejestrowano 44 kandydat\u00f3w, kt\u00f3rzy powalcz\u0105 o 7 mandat\u00f3w w Radzie Miasta.<\/h3>\n<p> W okr\u0119gu obejmuj\u0105cym osiedla Bojk\u00f3w, Ostropa, Sikornik, Stare Gliwice, Trynek, Wilcze Gard\u0142o, W\u00f3jtowa Wie\u015b uprawnionych do g\u0142osowania jest 40147 wyborc\u00f3w.<\/p>\n<h4><a href=\"https:\/\/www.24gliwice.pl\/wiadomosci\/wybory-w-gliwicach\/\">WYBORY W GLIWICACH &#8211; NAJWA\u017bNIEJSZE INFORMACJE >><\/a><\/h4>\n<h4>Lista nr 4 &#8211; KKW <span style=\"background-color: #ffff99;\">PLATFORMA.NOWOCZESNA KOALICJA OBYWATELSKA<\/span><\/h4>\n<p>1. SZYMANOWSKI Janusz Kazimierz, lat 62<br \/>\n2. KUCZY\u0143SKA-BUDKA Katarzyna Bogna, lat 47<br \/>\n3. \u0141OBODZI\u0143SKI Tomasz Ryszard, lat 45<br \/>\n4. \u017b\u00d3\u0141TOWSKA-OSTROSZCZYK Aleksandra Barbara, lat 43<br \/>\n5. K\u0104DZIELEWSKI Jaros\u0142aw Andrzej, lat 51<br \/>\n6. KANIOWSKA Beata, lat 38<br \/>\n7. EICHHOF Jan Alojzy, lat 66<br \/>\n8. WITEK Aleksandra Danuta, lat 57<br \/>\n9. WASIK Jerzy, lat 59<\/p><div class=\"gliwi-a3-w-tresci-artykulow gliwi-entity-placement\" id=\"gliwi-2764032888\"><div class=\"gliwi-adlabel\"><span style=\"font-size: 9px\">REKLAMA<\/span><\/div><div id=\"gliwi-2014826186\" style=\"margin-bottom: 30px;margin-left: auto;margin-right: auto;text-align: center;\"><a data-no-instant=\"1\" href=\"https:\/\/zlobek.halogen.org.pl\/\" rel=\"noopener\" class=\"a2t-link\" target=\"_blank\" aria-label=\"animator-zlobek_750x200\"><img loading=\"lazy\" decoding=\"async\" src=\"https:\/\/www.24gliwice.pl\/wiadomosci\/wp-content\/uploads\/2026\/02\/animator-zlobek_750x200.webp\" alt=\"\"  srcset=\"https:\/\/www.24gliwice.pl\/wiadomosci\/wp-content\/uploads\/2026\/02\/animator-zlobek_750x200.webp 750w, https:\/\/www.24gliwice.pl\/wiadomosci\/wp-content\/uploads\/2026\/02\/animator-zlobek_750x200-410x109.webp 410w\" sizes=\"(max-width: 750px) 100vw, 750px\" class=\"no-lazyload\" width=\"750\" height=\"200\"  style=\"display: inline-block; max-width: 100%; height: auto;\" \/><\/a><\/div><\/div>\n<h4>Lista nr 5 &#8211; KKW <span style=\"background-color: #ffff99;\">SLD LEWICA RAZEM<\/span><\/h4>\n<p>1. POPI\u0143SKA Ma\u0142gorzata, lat 60<br \/>\n2. PIETRYNEK Daniel Krzysztof, lat 40<br \/>\n3. \u017bEROMSKI Stefan Piotr, lat 57<br \/>\n4. FIC Micha\u0142 Pawe\u0142, lat 36<br \/>\n5. DRU\u017bBA\u0143SKI Janusz J\u00f3zef, lat 55<br \/>\n6. NOWAK Jacek Piotr, lat 50<br \/>\n7. KUZIA-WIDERA Barbara Maria, lat 35<br \/>\n8. KACZMAR Anna Danuta, lat 44<\/p>\n<h4>Lista nr 8 &#8211; KWW <span style=\"background-color: #ffff99;\">KUKIZ&#8217;15<\/span><\/h4>\n<p>1. SIFCZYK Damian Piotr, lat 33<br \/>\n2. WA\u017bNY Mariusz Grzegorz, lat 47<br \/>\n3. URBA\u0143SKA Anna Maria, lat 49<br \/>\n4. PILARSKI Pawe\u0142 Krzysztof, lat 25<br \/>\n5. GALA Anna Maria, lat 40<br \/>\n6. WERNER Krzysztof Aleksander, lat 25<br \/>\n7. SMYCZEK Katarzyna Anna, lat 30<br \/>\n8. KULA Monika, lat 36<br \/>\n9. PRUSZKO Mariusz B\u0142a\u017cej, lat 30<\/p>\n<h4><a href=\"https:\/\/www.24gliwice.pl\/wiadomosci\/wybory-w-gliwicach\/\">WYBORY W GLIWICACH &#8211; NAJWA\u017bNIEJSZE INFORMACJE >><\/a><\/h4>\n<h4>Lista nr 10 &#8211; KW <span style=\"background-color: #ffff99;\">PRAWO I SPRAWIEDLIWO\u015a\u0106<\/span><\/h4>\n<p>1. CHMIELEWSKI \u0141ukasz, lat 31<br \/>\n2. PROCEL Krzysztof Pawe\u0142, lat 73<br \/>\n3. G\u0104SIOR Danuta Zofia, lat 61<br \/>\n4. \u017bAK Janusz Krzysztof, lat 46<br \/>\n5. NAWARA-MALIK Ilona Danuta, lat 36<br \/>\n6. K\u0141OSOWSKI Robert \u0141ukasz, lat 27<br \/>\n7. NOWAKOWSKI Wojciech, lat 40<br \/>\n8. KOTLARSKA El\u017cbieta Maria, lat 71<br \/>\n9. SADOWNICZYK Agnieszka, lat 30<\/p>\n<h4>Lista nr 18 &#8211; KWW <span style=\"background-color: #ffff99;\">KOALICJA DLA GLIWIC ZYGMUNTA FRANKIEWICZA<\/span><\/h4>\n<p>1. OLEJNIK Tadeusz, lat 62<br \/>\n2. WIECZOREK Piotr Gerard, lat 55<br \/>\n3. KUBIT Stanis\u0142aw J\u00f3zef, lat 75<br \/>\n4. WR\u00d3BLEWSKI Pawe\u0142 Bronis\u0142aw, lat 29<br \/>\n5. SOWA-MORE\u0143 Aleksandra Justyna, lat 40<br \/>\n6. BIA\u0141EK-KALETA Jolanta Bo\u017cena, lat 61<br \/>\n7. WINKLER Jolanta Maria, lat 64<br \/>\n8. HUTNIKIEWICZ Ma\u0142gorzata Danuta, lat 58<br \/>\n9. WYPYCH Jaros\u0142aw Tomasz, lat 45<\/p>\n<p><em>\u017ar\u00f3d\u0142o: Pa\u0144stwowa Komisja Wyborcza<\/em><\/p>\n<div class=\"gliwi-a5-na-koncu-artykulow gliwi-entity-placement\" id=\"gliwi-621998692\"><div class=\"gliwi-adlabel\"><span style=\"font-size: 9px\">REKLAMA<\/span><\/div><div id=\"gliwi-2625646933\" style=\"margin-left: auto;margin-right: auto;text-align: center;\"><a data-no-instant=\"1\" href=\"https:\/\/prezeroarenagliwice.pl\/\" rel=\"noopener\" class=\"a2t-link\" target=\"_blank\" aria-label=\"20260309-PREZERO-WIOSNA-D\"><img loading=\"lazy\" decoding=\"async\" src=\"https:\/\/www.24gliwice.pl\/wiadomosci\/wp-content\/uploads\/2026\/03\/20260309-PREZERO-WIOSNA-D.webp\" alt=\"\"  srcset=\"https:\/\/www.24gliwice.pl\/wiadomosci\/wp-content\/uploads\/2026\/03\/20260309-PREZERO-WIOSNA-D.webp 750w, https:\/\/www.24gliwice.pl\/wiadomosci\/wp-content\/uploads\/2026\/03\/20260309-PREZERO-WIOSNA-D-410x109.webp 410w\" sizes=\"(max-width: 750px) 100vw, 750px\" class=\"no-lazyload\" width=\"750\" height=\"200\"  style=\"display: inline-block; max-width: 100%; height: auto;\" \/><\/a><\/div><\/div>","protected":false},"excerpt":{"rendered":"<p>W wyborach samorz\u0105dowych, kt\u00f3re odb\u0119d\u0105 si\u0119 21 pa\u017adziernika, w okr\u0119gu nr 4 w Gliwicach zarejestrowano 44 kandydat\u00f3w, kt\u00f3rzy powalcz\u0105 o 7 mandat\u00f3w w Radzie Miasta. W okr\u0119gu obejmuj\u0105cym osiedla Bojk\u00f3w, Ostropa, Sikornik, Stare Gliwice, Trynek, Wilcze Gard\u0142o, W\u00f3jtowa Wie\u015b uprawnionych do g\u0142osowania jest 40147 wyborc\u00f3w. WYBORY W GLIWICACH &#8211; NAJWA\u017bNIEJSZE INFORMACJE >> Lista nr 4 [&hellip;]<\/p>\n","protected":false},"author":4,"featured_media":124140,"comment_status":"closed","ping_status":"closed","sticky":false,"template":"","format":"standard","meta":{"_monsterinsights_skip_tracking":false,"_monsterinsights_sitenote_active":false,"_monsterinsights_sitenote_note":"","_monsterinsights_sitenote_category":0,"footnotes":"","_links_to":"","_links_to_target":""},"categories":[1],"tags":[12291,38,1770,27],"class_list":["post-124137","post","type-post","status-publish","format-standard","has-post-thumbnail","hentry","category-wszystko","tag-kandydaci","tag-rada-miasta","tag-samorzad","tag-wybory"],"yoast_head":"<!-- This site is optimized with the Yoast SEO plugin v27.5 - https:\/\/yoast.com\/product\/yoast-seo-wordpress\/ -->\n<title>Kandydaci na radnych w okr\u0119gu nr 4, osiedla: Bojk\u00f3w, Ostropa, Sikornik, Stare Gliwice, Trynek, Wilcze Gard\u0142o, W\u00f3jtowa Wie\u015b - 24GLIWICE - Portal Gliwice | codziennie nowe informacje<\/title>\n<meta name=\"robots\" content=\"index, follow, max-snippet:-1, max-image-preview:large, max-video-preview:-1\" \/>\n<link rel=\"canonical\" href=\"https:\/\/www.24gliwice.pl\/wiadomosci\/wybory-2018-w-gliwicach-kandydaci-na-radnych-w-okregu-nr-4-osiedla-bojkow-ostropa-sikornik-stare-gliwice-trynek-wilcze-gardlo-wojtowa-wies\/\" \/>\n<meta property=\"og:locale\" content=\"pl_PL\" \/>\n<meta property=\"og:type\" content=\"article\" \/>\n<meta property=\"og:title\" content=\"Kandydaci na radnych w okr\u0119gu nr 4, osiedla: Bojk\u00f3w, Ostropa, Sikornik, Stare Gliwice, Trynek, Wilcze Gard\u0142o, W\u00f3jtowa Wie\u015b - 24GLIWICE - Portal Gliwice | codziennie nowe informacje\" \/>\n<meta property=\"og:description\" content=\"W wyborach samorz\u0105dowych, kt\u00f3re odb\u0119d\u0105 si\u0119 21 pa\u017adziernika, w okr\u0119gu nr 4 w Gliwicach zarejestrowano 44 kandydat\u00f3w, kt\u00f3rzy powalcz\u0105 o 7 mandat\u00f3w w Radzie Miasta. W okr\u0119gu obejmuj\u0105cym osiedla Bojk\u00f3w, Ostropa, Sikornik, Stare Gliwice, Trynek, Wilcze Gard\u0142o, W\u00f3jtowa Wie\u015b uprawnionych do g\u0142osowania jest 40147 wyborc\u00f3w. WYBORY W GLIWICACH &#8211; NAJWA\u017bNIEJSZE INFORMACJE &gt;&gt; Lista nr 4 [&hellip;]\" \/>\n<meta property=\"og:url\" content=\"https:\/\/www.24gliwice.pl\/wiadomosci\/wybory-2018-w-gliwicach-kandydaci-na-radnych-w-okregu-nr-4-osiedla-bojkow-ostropa-sikornik-stare-gliwice-trynek-wilcze-gardlo-wojtowa-wies\/\" \/>\n<meta property=\"og:site_name\" content=\"24GLIWICE - Portal Gliwice | codziennie nowe informacje\" \/>\n<meta property=\"article:publisher\" content=\"https:\/\/www.facebook.com\/24gliwice\" \/>\n<meta property=\"article:author\" content=\"https:\/\/www.facebook.com\/marcin.fabrykowski\" \/>\n<meta property=\"article:published_time\" content=\"2018-10-10T16:16:18+00:00\" \/>\n<meta property=\"article:modified_time\" content=\"2024-02-18T02:01:22+00:00\" \/>\n<meta property=\"og:image\" content=\"https:\/\/www.24gliwice.pl\/wiadomosci\/wp-content\/uploads\/2018\/10\/1-20160908_114108.jpg\" \/>\n\t<meta property=\"og:image:width\" content=\"810\" \/>\n\t<meta property=\"og:image:height\" content=\"456\" \/>\n\t<meta property=\"og:image:type\" content=\"image\/jpeg\" \/>\n<meta name=\"author\" content=\"Marcin Fabrykowski\" \/>\n<meta name=\"twitter:card\" content=\"summary_large_image\" \/>\n<meta name=\"twitter:creator\" content=\"@24gliwice\" \/>\n<meta name=\"twitter:site\" content=\"@24gliwice\" \/>\n<meta name=\"twitter:label1\" content=\"Napisane przez\" \/>\n\t<meta name=\"twitter:data1\" content=\"Marcin Fabrykowski\" \/>\n\t<meta name=\"twitter:label2\" content=\"Szacowany czas czytania\" \/>\n\t<meta name=\"twitter:data2\" content=\"2 minuty\" \/>\n<script type=\"application\/ld+json\" class=\"yoast-schema-graph\">{\"@context\":\"https:\\\/\\\/schema.org\",\"@graph\":[{\"@type\":\"Article\",\"@id\":\"https:\\\/\\\/www.24gliwice.pl\\\/wiadomosci\\\/wybory-2018-w-gliwicach-kandydaci-na-radnych-w-okregu-nr-4-osiedla-bojkow-ostropa-sikornik-stare-gliwice-trynek-wilcze-gardlo-wojtowa-wies\\\/#article\",\"isPartOf\":{\"@id\":\"https:\\\/\\\/www.24gliwice.pl\\\/wiadomosci\\\/wybory-2018-w-gliwicach-kandydaci-na-radnych-w-okregu-nr-4-osiedla-bojkow-ostropa-sikornik-stare-gliwice-trynek-wilcze-gardlo-wojtowa-wies\\\/\"},\"author\":{\"name\":\"Marcin Fabrykowski\",\"@id\":\"https:\\\/\\\/www.24gliwice.pl\\\/wiadomosci\\\/#\\\/schema\\\/person\\\/cb5857e4a4d048c15984c1edcc8ef0c0\"},\"headline\":\"Kandydaci na radnych w okr\u0119gu nr 4, osiedla: Bojk\u00f3w, Ostropa, Sikornik, Stare Gliwice, Trynek, Wilcze Gard\u0142o, W\u00f3jtowa Wie\u015b\",\"datePublished\":\"2018-10-10T16:16:18+00:00\",\"dateModified\":\"2024-02-18T02:01:22+00:00\",\"mainEntityOfPage\":{\"@id\":\"https:\\\/\\\/www.24gliwice.pl\\\/wiadomosci\\\/wybory-2018-w-gliwicach-kandydaci-na-radnych-w-okregu-nr-4-osiedla-bojkow-ostropa-sikornik-stare-gliwice-trynek-wilcze-gardlo-wojtowa-wies\\\/\"},\"wordCount\":325,\"publisher\":{\"@id\":\"https:\\\/\\\/www.24gliwice.pl\\\/wiadomosci\\\/#organization\"},\"image\":{\"@id\":\"https:\\\/\\\/www.24gliwice.pl\\\/wiadomosci\\\/wybory-2018-w-gliwicach-kandydaci-na-radnych-w-okregu-nr-4-osiedla-bojkow-ostropa-sikornik-stare-gliwice-trynek-wilcze-gardlo-wojtowa-wies\\\/#primaryimage\"},\"thumbnailUrl\":\"https:\\\/\\\/www.24gliwice.pl\\\/wiadomosci\\\/wp-content\\\/uploads\\\/2018\\\/10\\\/1-20160908_114108.jpg\",\"keywords\":[\"kandydaci\",\"RADA MIASTA\",\"SAMORZ\u0104D\",\"WYBORY\"],\"articleSection\":[\"Najnowsze wiadomo\u015bci\"],\"inLanguage\":\"pl-PL\"},{\"@type\":\"WebPage\",\"@id\":\"https:\\\/\\\/www.24gliwice.pl\\\/wiadomosci\\\/wybory-2018-w-gliwicach-kandydaci-na-radnych-w-okregu-nr-4-osiedla-bojkow-ostropa-sikornik-stare-gliwice-trynek-wilcze-gardlo-wojtowa-wies\\\/\",\"url\":\"https:\\\/\\\/www.24gliwice.pl\\\/wiadomosci\\\/wybory-2018-w-gliwicach-kandydaci-na-radnych-w-okregu-nr-4-osiedla-bojkow-ostropa-sikornik-stare-gliwice-trynek-wilcze-gardlo-wojtowa-wies\\\/\",\"name\":\"Kandydaci na radnych w okr\u0119gu nr 4, osiedla: Bojk\u00f3w, Ostropa, Sikornik, Stare Gliwice, Trynek, Wilcze Gard\u0142o, W\u00f3jtowa Wie\u015b - 24GLIWICE - Portal Gliwice | codziennie nowe informacje\",\"isPartOf\":{\"@id\":\"https:\\\/\\\/www.24gliwice.pl\\\/wiadomosci\\\/#website\"},\"primaryImageOfPage\":{\"@id\":\"https:\\\/\\\/www.24gliwice.pl\\\/wiadomosci\\\/wybory-2018-w-gliwicach-kandydaci-na-radnych-w-okregu-nr-4-osiedla-bojkow-ostropa-sikornik-stare-gliwice-trynek-wilcze-gardlo-wojtowa-wies\\\/#primaryimage\"},\"image\":{\"@id\":\"https:\\\/\\\/www.24gliwice.pl\\\/wiadomosci\\\/wybory-2018-w-gliwicach-kandydaci-na-radnych-w-okregu-nr-4-osiedla-bojkow-ostropa-sikornik-stare-gliwice-trynek-wilcze-gardlo-wojtowa-wies\\\/#primaryimage\"},\"thumbnailUrl\":\"https:\\\/\\\/www.24gliwice.pl\\\/wiadomosci\\\/wp-content\\\/uploads\\\/2018\\\/10\\\/1-20160908_114108.jpg\",\"datePublished\":\"2018-10-10T16:16:18+00:00\",\"dateModified\":\"2024-02-18T02:01:22+00:00\",\"breadcrumb\":{\"@id\":\"https:\\\/\\\/www.24gliwice.pl\\\/wiadomosci\\\/wybory-2018-w-gliwicach-kandydaci-na-radnych-w-okregu-nr-4-osiedla-bojkow-ostropa-sikornik-stare-gliwice-trynek-wilcze-gardlo-wojtowa-wies\\\/#breadcrumb\"},\"inLanguage\":\"pl-PL\",\"potentialAction\":[{\"@type\":\"ReadAction\",\"target\":[\"https:\\\/\\\/www.24gliwice.pl\\\/wiadomosci\\\/wybory-2018-w-gliwicach-kandydaci-na-radnych-w-okregu-nr-4-osiedla-bojkow-ostropa-sikornik-stare-gliwice-trynek-wilcze-gardlo-wojtowa-wies\\\/\"]}]},{\"@type\":\"ImageObject\",\"inLanguage\":\"pl-PL\",\"@id\":\"https:\\\/\\\/www.24gliwice.pl\\\/wiadomosci\\\/wybory-2018-w-gliwicach-kandydaci-na-radnych-w-okregu-nr-4-osiedla-bojkow-ostropa-sikornik-stare-gliwice-trynek-wilcze-gardlo-wojtowa-wies\\\/#primaryimage\",\"url\":\"https:\\\/\\\/www.24gliwice.pl\\\/wiadomosci\\\/wp-content\\\/uploads\\\/2018\\\/10\\\/1-20160908_114108.jpg\",\"contentUrl\":\"https:\\\/\\\/www.24gliwice.pl\\\/wiadomosci\\\/wp-content\\\/uploads\\\/2018\\\/10\\\/1-20160908_114108.jpg\",\"width\":810,\"height\":456,\"caption\":\"labedy\"},{\"@type\":\"BreadcrumbList\",\"@id\":\"https:\\\/\\\/www.24gliwice.pl\\\/wiadomosci\\\/wybory-2018-w-gliwicach-kandydaci-na-radnych-w-okregu-nr-4-osiedla-bojkow-ostropa-sikornik-stare-gliwice-trynek-wilcze-gardlo-wojtowa-wies\\\/#breadcrumb\",\"itemListElement\":[{\"@type\":\"ListItem\",\"position\":1,\"name\":\"Strona g\u0142\u00f3wna\",\"item\":\"https:\\\/\\\/www.24gliwice.pl\\\/wiadomosci\\\/\"},{\"@type\":\"ListItem\",\"position\":2,\"name\":\"Kandydaci na radnych w okr\u0119gu nr 4, osiedla: Bojk\u00f3w, Ostropa, Sikornik, Stare Gliwice, Trynek, Wilcze Gard\u0142o, W\u00f3jtowa Wie\u015b\"}]},{\"@type\":\"WebSite\",\"@id\":\"https:\\\/\\\/www.24gliwice.pl\\\/wiadomosci\\\/#website\",\"url\":\"https:\\\/\\\/www.24gliwice.pl\\\/wiadomosci\\\/\",\"name\":\"24GLIWICE - Portal Gliwice | codziennie nowe wiadomo\u015bci\",\"description\":\"Portal Miejski Gliwice\",\"publisher\":{\"@id\":\"https:\\\/\\\/www.24gliwice.pl\\\/wiadomosci\\\/#organization\"},\"potentialAction\":[{\"@type\":\"SearchAction\",\"target\":{\"@type\":\"EntryPoint\",\"urlTemplate\":\"https:\\\/\\\/www.24gliwice.pl\\\/wiadomosci\\\/?s={search_term_string}\"},\"query-input\":{\"@type\":\"PropertyValueSpecification\",\"valueRequired\":true,\"valueName\":\"search_term_string\"}}],\"inLanguage\":\"pl-PL\"},{\"@type\":\"Organization\",\"@id\":\"https:\\\/\\\/www.24gliwice.pl\\\/wiadomosci\\\/#organization\",\"name\":\"24gliwice\",\"url\":\"https:\\\/\\\/www.24gliwice.pl\\\/wiadomosci\\\/\",\"logo\":{\"@type\":\"ImageObject\",\"inLanguage\":\"pl-PL\",\"@id\":\"https:\\\/\\\/www.24gliwice.pl\\\/wiadomosci\\\/#\\\/schema\\\/logo\\\/image\\\/\",\"url\":\"https:\\\/\\\/www.24gliwice.pl\\\/wiadomosci\\\/wp-content\\\/uploads\\\/2024\\\/10\\\/24gliwice-logo-696.jpg\",\"contentUrl\":\"https:\\\/\\\/www.24gliwice.pl\\\/wiadomosci\\\/wp-content\\\/uploads\\\/2024\\\/10\\\/24gliwice-logo-696.jpg\",\"width\":696,\"height\":696,\"caption\":\"24gliwice\"},\"image\":{\"@id\":\"https:\\\/\\\/www.24gliwice.pl\\\/wiadomosci\\\/#\\\/schema\\\/logo\\\/image\\\/\"},\"sameAs\":[\"https:\\\/\\\/www.facebook.com\\\/24gliwice\",\"https:\\\/\\\/x.com\\\/24gliwice\",\"https:\\\/\\\/www.youtube.com\\\/@24gliwice\"]},{\"@type\":\"Person\",\"@id\":\"https:\\\/\\\/www.24gliwice.pl\\\/wiadomosci\\\/#\\\/schema\\\/person\\\/cb5857e4a4d048c15984c1edcc8ef0c0\",\"name\":\"Marcin Fabrykowski\",\"image\":{\"@type\":\"ImageObject\",\"inLanguage\":\"pl-PL\",\"@id\":\"https:\\\/\\\/www.24gliwice.pl\\\/wiadomosci\\\/wp-content\\\/uploads\\\/2025\\\/11\\\/zdjecie-moje-marcin-300-96x96.jpg\",\"url\":\"https:\\\/\\\/www.24gliwice.pl\\\/wiadomosci\\\/wp-content\\\/uploads\\\/2025\\\/11\\\/zdjecie-moje-marcin-300-96x96.jpg\",\"contentUrl\":\"https:\\\/\\\/www.24gliwice.pl\\\/wiadomosci\\\/wp-content\\\/uploads\\\/2025\\\/11\\\/zdjecie-moje-marcin-300-96x96.jpg\",\"caption\":\"Marcin Fabrykowski\"},\"sameAs\":[\"http:\\\/\\\/24gliwice.pl\",\"https:\\\/\\\/www.facebook.com\\\/marcin.fabrykowski\"],\"url\":\"https:\\\/\\\/www.24gliwice.pl\\\/wiadomosci\\\/author\\\/marcin-fabrykowski\\\/\"}]}<\/script>\n<!-- \/ Yoast SEO plugin. -->","yoast_head_json":{"title":"Kandydaci na radnych w okr\u0119gu nr 4, osiedla: Bojk\u00f3w, Ostropa, Sikornik, Stare Gliwice, Trynek, Wilcze Gard\u0142o, W\u00f3jtowa Wie\u015b - 24GLIWICE - Portal Gliwice | codziennie nowe informacje","robots":{"index":"index","follow":"follow","max-snippet":"max-snippet:-1","max-image-preview":"max-image-preview:large","max-video-preview":"max-video-preview:-1"},"canonical":"https:\/\/www.24gliwice.pl\/wiadomosci\/wybory-2018-w-gliwicach-kandydaci-na-radnych-w-okregu-nr-4-osiedla-bojkow-ostropa-sikornik-stare-gliwice-trynek-wilcze-gardlo-wojtowa-wies\/","og_locale":"pl_PL","og_type":"article","og_title":"Kandydaci na radnych w okr\u0119gu nr 4, osiedla: Bojk\u00f3w, Ostropa, Sikornik, Stare Gliwice, Trynek, Wilcze Gard\u0142o, W\u00f3jtowa Wie\u015b - 24GLIWICE - Portal Gliwice | codziennie nowe informacje","og_description":"W wyborach samorz\u0105dowych, kt\u00f3re odb\u0119d\u0105 si\u0119 21 pa\u017adziernika, w okr\u0119gu nr 4 w Gliwicach zarejestrowano 44 kandydat\u00f3w, kt\u00f3rzy powalcz\u0105 o 7 mandat\u00f3w w Radzie Miasta. W okr\u0119gu obejmuj\u0105cym osiedla Bojk\u00f3w, Ostropa, Sikornik, Stare Gliwice, Trynek, Wilcze Gard\u0142o, W\u00f3jtowa Wie\u015b uprawnionych do g\u0142osowania jest 40147 wyborc\u00f3w. WYBORY W GLIWICACH &#8211; NAJWA\u017bNIEJSZE INFORMACJE >> Lista nr 4 [&hellip;]","og_url":"https:\/\/www.24gliwice.pl\/wiadomosci\/wybory-2018-w-gliwicach-kandydaci-na-radnych-w-okregu-nr-4-osiedla-bojkow-ostropa-sikornik-stare-gliwice-trynek-wilcze-gardlo-wojtowa-wies\/","og_site_name":"24GLIWICE - Portal Gliwice | codziennie nowe informacje","article_publisher":"https:\/\/www.facebook.com\/24gliwice","article_author":"https:\/\/www.facebook.com\/marcin.fabrykowski","article_published_time":"2018-10-10T16:16:18+00:00","article_modified_time":"2024-02-18T02:01:22+00:00","og_image":[{"width":810,"height":456,"url":"https:\/\/www.24gliwice.pl\/wiadomosci\/wp-content\/uploads\/2018\/10\/1-20160908_114108.jpg","type":"image\/jpeg"}],"author":"Marcin Fabrykowski","twitter_card":"summary_large_image","twitter_creator":"@24gliwice","twitter_site":"@24gliwice","twitter_misc":{"Napisane przez":"Marcin Fabrykowski","Szacowany czas czytania":"2 minuty"},"schema":{"@context":"https:\/\/schema.org","@graph":[{"@type":"Article","@id":"https:\/\/www.24gliwice.pl\/wiadomosci\/wybory-2018-w-gliwicach-kandydaci-na-radnych-w-okregu-nr-4-osiedla-bojkow-ostropa-sikornik-stare-gliwice-trynek-wilcze-gardlo-wojtowa-wies\/#article","isPartOf":{"@id":"https:\/\/www.24gliwice.pl\/wiadomosci\/wybory-2018-w-gliwicach-kandydaci-na-radnych-w-okregu-nr-4-osiedla-bojkow-ostropa-sikornik-stare-gliwice-trynek-wilcze-gardlo-wojtowa-wies\/"},"author":{"name":"Marcin Fabrykowski","@id":"https:\/\/www.24gliwice.pl\/wiadomosci\/#\/schema\/person\/cb5857e4a4d048c15984c1edcc8ef0c0"},"headline":"Kandydaci na radnych w okr\u0119gu nr 4, osiedla: Bojk\u00f3w, Ostropa, Sikornik, Stare Gliwice, Trynek, Wilcze Gard\u0142o, W\u00f3jtowa Wie\u015b","datePublished":"2018-10-10T16:16:18+00:00","dateModified":"2024-02-18T02:01:22+00:00","mainEntityOfPage":{"@id":"https:\/\/www.24gliwice.pl\/wiadomosci\/wybory-2018-w-gliwicach-kandydaci-na-radnych-w-okregu-nr-4-osiedla-bojkow-ostropa-sikornik-stare-gliwice-trynek-wilcze-gardlo-wojtowa-wies\/"},"wordCount":325,"publisher":{"@id":"https:\/\/www.24gliwice.pl\/wiadomosci\/#organization"},"image":{"@id":"https:\/\/www.24gliwice.pl\/wiadomosci\/wybory-2018-w-gliwicach-kandydaci-na-radnych-w-okregu-nr-4-osiedla-bojkow-ostropa-sikornik-stare-gliwice-trynek-wilcze-gardlo-wojtowa-wies\/#primaryimage"},"thumbnailUrl":"https:\/\/www.24gliwice.pl\/wiadomosci\/wp-content\/uploads\/2018\/10\/1-20160908_114108.jpg","keywords":["kandydaci","RADA MIASTA","SAMORZ\u0104D","WYBORY"],"articleSection":["Najnowsze wiadomo\u015bci"],"inLanguage":"pl-PL"},{"@type":"WebPage","@id":"https:\/\/www.24gliwice.pl\/wiadomosci\/wybory-2018-w-gliwicach-kandydaci-na-radnych-w-okregu-nr-4-osiedla-bojkow-ostropa-sikornik-stare-gliwice-trynek-wilcze-gardlo-wojtowa-wies\/","url":"https:\/\/www.24gliwice.pl\/wiadomosci\/wybory-2018-w-gliwicach-kandydaci-na-radnych-w-okregu-nr-4-osiedla-bojkow-ostropa-sikornik-stare-gliwice-trynek-wilcze-gardlo-wojtowa-wies\/","name":"Kandydaci na radnych w okr\u0119gu nr 4, osiedla: Bojk\u00f3w, Ostropa, Sikornik, Stare Gliwice, Trynek, Wilcze Gard\u0142o, W\u00f3jtowa Wie\u015b - 24GLIWICE - Portal Gliwice | codziennie nowe informacje","isPartOf":{"@id":"https:\/\/www.24gliwice.pl\/wiadomosci\/#website"},"primaryImageOfPage":{"@id":"https:\/\/www.24gliwice.pl\/wiadomosci\/wybory-2018-w-gliwicach-kandydaci-na-radnych-w-okregu-nr-4-osiedla-bojkow-ostropa-sikornik-stare-gliwice-trynek-wilcze-gardlo-wojtowa-wies\/#primaryimage"},"image":{"@id":"https:\/\/www.24gliwice.pl\/wiadomosci\/wybory-2018-w-gliwicach-kandydaci-na-radnych-w-okregu-nr-4-osiedla-bojkow-ostropa-sikornik-stare-gliwice-trynek-wilcze-gardlo-wojtowa-wies\/#primaryimage"},"thumbnailUrl":"https:\/\/www.24gliwice.pl\/wiadomosci\/wp-content\/uploads\/2018\/10\/1-20160908_114108.jpg","datePublished":"2018-10-10T16:16:18+00:00","dateModified":"2024-02-18T02:01:22+00:00","breadcrumb":{"@id":"https:\/\/www.24gliwice.pl\/wiadomosci\/wybory-2018-w-gliwicach-kandydaci-na-radnych-w-okregu-nr-4-osiedla-bojkow-ostropa-sikornik-stare-gliwice-trynek-wilcze-gardlo-wojtowa-wies\/#breadcrumb"},"inLanguage":"pl-PL","potentialAction":[{"@type":"ReadAction","target":["https:\/\/www.24gliwice.pl\/wiadomosci\/wybory-2018-w-gliwicach-kandydaci-na-radnych-w-okregu-nr-4-osiedla-bojkow-ostropa-sikornik-stare-gliwice-trynek-wilcze-gardlo-wojtowa-wies\/"]}]},{"@type":"ImageObject","inLanguage":"pl-PL","@id":"https:\/\/www.24gliwice.pl\/wiadomosci\/wybory-2018-w-gliwicach-kandydaci-na-radnych-w-okregu-nr-4-osiedla-bojkow-ostropa-sikornik-stare-gliwice-trynek-wilcze-gardlo-wojtowa-wies\/#primaryimage","url":"https:\/\/www.24gliwice.pl\/wiadomosci\/wp-content\/uploads\/2018\/10\/1-20160908_114108.jpg","contentUrl":"https:\/\/www.24gliwice.pl\/wiadomosci\/wp-content\/uploads\/2018\/10\/1-20160908_114108.jpg","width":810,"height":456,"caption":"labedy"},{"@type":"BreadcrumbList","@id":"https:\/\/www.24gliwice.pl\/wiadomosci\/wybory-2018-w-gliwicach-kandydaci-na-radnych-w-okregu-nr-4-osiedla-bojkow-ostropa-sikornik-stare-gliwice-trynek-wilcze-gardlo-wojtowa-wies\/#breadcrumb","itemListElement":[{"@type":"ListItem","position":1,"name":"Strona g\u0142\u00f3wna","item":"https:\/\/www.24gliwice.pl\/wiadomosci\/"},{"@type":"ListItem","position":2,"name":"Kandydaci na radnych w okr\u0119gu nr 4, osiedla: Bojk\u00f3w, Ostropa, Sikornik, Stare Gliwice, Trynek, Wilcze Gard\u0142o, W\u00f3jtowa Wie\u015b"}]},{"@type":"WebSite","@id":"https:\/\/www.24gliwice.pl\/wiadomosci\/#website","url":"https:\/\/www.24gliwice.pl\/wiadomosci\/","name":"24GLIWICE - Portal Gliwice | codziennie nowe wiadomo\u015bci","description":"Portal Miejski Gliwice","publisher":{"@id":"https:\/\/www.24gliwice.pl\/wiadomosci\/#organization"},"potentialAction":[{"@type":"SearchAction","target":{"@type":"EntryPoint","urlTemplate":"https:\/\/www.24gliwice.pl\/wiadomosci\/?s={search_term_string}"},"query-input":{"@type":"PropertyValueSpecification","valueRequired":true,"valueName":"search_term_string"}}],"inLanguage":"pl-PL"},{"@type":"Organization","@id":"https:\/\/www.24gliwice.pl\/wiadomosci\/#organization","name":"24gliwice","url":"https:\/\/www.24gliwice.pl\/wiadomosci\/","logo":{"@type":"ImageObject","inLanguage":"pl-PL","@id":"https:\/\/www.24gliwice.pl\/wiadomosci\/#\/schema\/logo\/image\/","url":"https:\/\/www.24gliwice.pl\/wiadomosci\/wp-content\/uploads\/2024\/10\/24gliwice-logo-696.jpg","contentUrl":"https:\/\/www.24gliwice.pl\/wiadomosci\/wp-content\/uploads\/2024\/10\/24gliwice-logo-696.jpg","width":696,"height":696,"caption":"24gliwice"},"image":{"@id":"https:\/\/www.24gliwice.pl\/wiadomosci\/#\/schema\/logo\/image\/"},"sameAs":["https:\/\/www.facebook.com\/24gliwice","https:\/\/x.com\/24gliwice","https:\/\/www.youtube.com\/@24gliwice"]},{"@type":"Person","@id":"https:\/\/www.24gliwice.pl\/wiadomosci\/#\/schema\/person\/cb5857e4a4d048c15984c1edcc8ef0c0","name":"Marcin Fabrykowski","image":{"@type":"ImageObject","inLanguage":"pl-PL","@id":"https:\/\/www.24gliwice.pl\/wiadomosci\/wp-content\/uploads\/2025\/11\/zdjecie-moje-marcin-300-96x96.jpg","url":"https:\/\/www.24gliwice.pl\/wiadomosci\/wp-content\/uploads\/2025\/11\/zdjecie-moje-marcin-300-96x96.jpg","contentUrl":"https:\/\/www.24gliwice.pl\/wiadomosci\/wp-content\/uploads\/2025\/11\/zdjecie-moje-marcin-300-96x96.jpg","caption":"Marcin Fabrykowski"},"sameAs":["http:\/\/24gliwice.pl","https:\/\/www.facebook.com\/marcin.fabrykowski"],"url":"https:\/\/www.24gliwice.pl\/wiadomosci\/author\/marcin-fabrykowski\/"}]}},"_links":{"self":[{"href":"https:\/\/www.24gliwice.pl\/wiadomosci\/wp-json\/wp\/v2\/posts\/124137","targetHints":{"allow":["GET"]}}],"collection":[{"href":"https:\/\/www.24gliwice.pl\/wiadomosci\/wp-json\/wp\/v2\/posts"}],"about":[{"href":"https:\/\/www.24gliwice.pl\/wiadomosci\/wp-json\/wp\/v2\/types\/post"}],"author":[{"embeddable":true,"href":"https:\/\/www.24gliwice.pl\/wiadomosci\/wp-json\/wp\/v2\/users\/4"}],"replies":[{"embeddable":true,"href":"https:\/\/www.24gliwice.pl\/wiadomosci\/wp-json\/wp\/v2\/comments?post=124137"}],"version-history":[{"count":0,"href":"https:\/\/www.24gliwice.pl\/wiadomosci\/wp-json\/wp\/v2\/posts\/124137\/revisions"}],"wp:featuredmedia":[{"embeddable":true,"href":"https:\/\/www.24gliwice.pl\/wiadomosci\/wp-json\/wp\/v2\/media\/124140"}],"wp:attachment":[{"href":"https:\/\/www.24gliwice.pl\/wiadomosci\/wp-json\/wp\/v2\/media?parent=124137"}],"wp:term":[{"taxonomy":"category","embeddable":true,"href":"https:\/\/www.24gliwice.pl\/wiadomosci\/wp-json\/wp\/v2\/categories?post=124137"},{"taxonomy":"post_tag","embeddable":true,"href":"https:\/\/www.24gliwice.pl\/wiadomosci\/wp-json\/wp\/v2\/tags?post=124137"}],"curies":[{"name":"wp","href":"https:\/\/api.w.org\/{rel}","templated":true}]}}