{"id":124224,"date":"2018-10-12T12:30:38","date_gmt":"2018-10-12T10:30:38","guid":{"rendered":"https:\/\/www.24gliwice.pl\/wiadomosci\/?p=124224"},"modified":"2018-10-15T12:16:11","modified_gmt":"2018-10-15T10:16:11","slug":"bumar-labedy-z-szansa-na-kontrakt-ma-modernizowac-wysluzone-czolgi-z-rodziny-t-72","status":"publish","type":"post","link":"https:\/\/www.24gliwice.pl\/wiadomosci\/bumar-labedy-z-szansa-na-kontrakt-ma-modernizowac-wysluzone-czolgi-z-rodziny-t-72\/","title":{"rendered":"Bumar  \u0141ab\u0119dy z szans\u0105 na kontrakt. Ma modernizowa\u0107 wys\u0142u\u017cone czo\u0142gi z rodziny T-72."},"content":{"rendered":"<div class=\"gliwi-a6-nad-leadem-artykulow gliwi-entity-placement\" id=\"gliwi-3131067906\"><div class=\"gliwi-adlabel\"><span style=\"font-size: 9px\">REKLAMA<\/span><\/div><div id=\"gliwi-1986793920\" style=\"margin-bottom: 30px;margin-left: auto;margin-right: auto;text-align: center;\"><a data-no-instant=\"1\" href=\"https:\/\/przedszkole.halogen.org.pl\/\" rel=\"noopener\" class=\"a2t-link\" target=\"_blank\" aria-label=\"20260402-ANIMATOR-przedszkole_grafika_750x200\"><img loading=\"lazy\" decoding=\"async\" src=\"https:\/\/www.24gliwice.pl\/wiadomosci\/wp-content\/uploads\/2026\/04\/20260402-ANIMATOR-przedszkole_grafika_750x200.webp\" alt=\"\"  srcset=\"https:\/\/www.24gliwice.pl\/wiadomosci\/wp-content\/uploads\/2026\/04\/20260402-ANIMATOR-przedszkole_grafika_750x200.webp 750w, https:\/\/www.24gliwice.pl\/wiadomosci\/wp-content\/uploads\/2026\/04\/20260402-ANIMATOR-przedszkole_grafika_750x200-410x109.webp 410w\" sizes=\"(max-width: 750px) 100vw, 750px\" class=\"no-lazyload\" width=\"750\" height=\"200\"  style=\"display: inline-block; max-width: 100%; height: auto;\" \/><\/a><\/div><\/div><h3>Zak\u0142ady Mechaniczne Bumar-\u0141ab\u0119dy w Gliwicach finalizuj\u0105 rozmowy z Ministerstwem Obrony Narodowej dotycz\u0105ce szerokiej modernizacji ponad 300 czo\u0142g\u00f3w z rodziny T-72. Na tak du\u017cy kontrakt zak\u0142ad czeka od dawna.<\/h3>\n<p>Je\u015bli dojdzie do podpisania umowy, b\u0119dzie to r\u00f3wnie\u017c zas\u0142uga NSZZ Solidarno\u015b\u0107.<\/p>\n<p>Bumar-\u0141ab\u0119dy od lat cierpi z powodu braku du\u017cych zam\u00f3wie\u0144 dla wojska. Podczas gdy jeszcze 10 lat temu firma zatrudnia\u0142a ponad 3 tys. os\u00f3b, dzi\u015b jej za\u0142oga liczy ju\u017c tylko oko\u0142o 860 pracownik\u00f3w.<\/p><div class=\"gliwi-a3-w-tresci-artykulow gliwi-entity-placement\" id=\"gliwi-772625781\"><div class=\"gliwi-adlabel\"><span style=\"font-size: 9px\">REKLAMA<\/span><\/div><div id=\"gliwi-2419824250\" style=\"margin-bottom: 30px;margin-left: auto;margin-right: auto;text-align: center;\"><a data-no-instant=\"1\" href=\"https:\/\/zlobek.halogen.org.pl\/\" rel=\"noopener\" class=\"a2t-link\" target=\"_blank\" aria-label=\"animator-zlobek_750x200\"><img loading=\"lazy\" decoding=\"async\" src=\"https:\/\/www.24gliwice.pl\/wiadomosci\/wp-content\/uploads\/2026\/02\/animator-zlobek_750x200.webp\" alt=\"\"  srcset=\"https:\/\/www.24gliwice.pl\/wiadomosci\/wp-content\/uploads\/2026\/02\/animator-zlobek_750x200.webp 750w, https:\/\/www.24gliwice.pl\/wiadomosci\/wp-content\/uploads\/2026\/02\/animator-zlobek_750x200-410x109.webp 410w\" sizes=\"(max-width: 750px) 100vw, 750px\" class=\"no-lazyload\" width=\"750\" height=\"200\"  style=\"display: inline-block; max-width: 100%; height: auto;\" \/><\/a><\/div><\/div>\n<p>W ostatnich latach Bumar-\u0141ab\u0119dy zajmowa\u0142 si\u0119 jedynie bie\u017c\u0105cymi remontami czo\u0142g\u00f3w dla polskiej armii, kt\u00f3re pozwalaj\u0105 zak\u0142adowi przetrwa\u0107, ale nie daj\u0105 mo\u017cliwo\u015bci jakiegokolwiek rozwoju czy odbudowy kompetencji technologicznych.<\/p>\n<h4>Leopardy to za ma\u0142o<\/h4>\n<p>Szans\u0105 dla \u0141ab\u0119d mia\u0142a by\u0107 podpisana w grudniu 2016 roku umowa na modernizacj\u0119 128 niemieckich czo\u0142g\u00f3w Leopard 2A4. Tak si\u0119 jednak nie sta\u0142o, z kilku powod\u00f3w. Po pierwsze, gliwicki zak\u0142ad jest tylko jedn\u0105 z kilku firm wchodz\u0105cych w sk\u0142ad konsorcjum odpowiedzialnego za realizacj\u0119 kontraktu.<\/p>\n[perfectpullquote align=&#8221;full&#8221; bordertop=&#8221;false&#8221; cite=&#8221;&#8221; link=&#8221;&#8221; color=&#8221;&#8221; class=&#8221;&#8221; size=&#8221;&#8221;]Po drugie, prace wykonywane w Bumarze-\u0141ab\u0119dy w \u017caden spos\u00f3b nie rozwijaj\u0105 potencja\u0142u tego zak\u0142adu.[\/perfectpullquote]\n<p>\u2013 W przypadku Leopard\u00f3w my tylko montujemy elementy dostarczane z Niemiec. Nie produkujemy \u017cadnych cz\u0119\u015bci, nie mamy dokumentacji technicznej, aby m\u00f3c to robi\u0107. Nawet gdyby\u015bmy t\u0119 dokumentacj\u0119 mieli, to kontrakt nie przewiduje w\u0142asnej produkcji jakichkolwiek cz\u0119\u015bci \u2013 m\u00f3wi <strong>Zdzis\u0142aw Goliszewski<\/strong>, przewodnicz\u0105cy Solidarno\u015bci w ZM Bumar-\u0141ab\u0119dy.<\/p>\n<p>Zupe\u0142nie inaczej wygl\u0105da\u0107 ma sytuacja w przypadku modernizacji wys\u0142u\u017conych tank\u00f3w z rodziny T-72 (czo\u0142gi T-72 i PT-91). Bumar-\u0141ab\u0119dy ma by\u0107 g\u0142\u00f3wnym wykonawc\u0105 modernizacji.<\/p>\n[perfectpullquote align=&#8221;full&#8221; bordertop=&#8221;false&#8221; cite=&#8221;&#8221; link=&#8221;&#8221; color=&#8221;&#8221; class=&#8221;&#8221; size=&#8221;&#8221;]To gliwicki zak\u0142ad okre\u015bli ramy wsp\u00f3\u0142pracy z kooperantami, jednak wi\u0119kszo\u015b\u0107 prac b\u0119dzie wykonywa\u0142 samodzielnie. Obecnie trwaj\u0105 rozmowy na temat zakresu modernizacji.[\/perfectpullquote]\n<p>Z informacji, kt\u00f3re ukaza\u0142y si\u0119 w mediach, wynika, \u017ce lifting i doposa\u017cenie czo\u0142g\u00f3w w najbardziej zaawansowanym wariancie wprowadza m.in. technologie cyfrowe do system\u00f3w obserwacji, \u0142\u0105czno\u015bci i kierowania ogniem, zaawansowane systemy ochrony przeciwminowej i balistycznej, czy wymian\u0119 armat na znacznie bardziej nowoczesne.<\/p>\n<p>\u2013 Bumar-\u0141ab\u0119dy zaprezentowa\u0142 resortowi dwa warianty zmodernizowanych czo\u0142g\u00f3w, skonstruowane przez gliwicki O\u015brodek Badawczo-Rozwojowy Urz\u0105dze\u0144 Mechanicznych \u201eOBRUM\u201d. Oczywi\u015bcie im szerszy zakres modernizacji, tym lepiej dla nas. Chodzi nie tylko o wi\u0119ksze przychody, ale przede wszystkim o budow\u0119 kompetencji technologicznych. W przypadku szybkich decyzji MON, produkcja mo\u017ce si\u0119 rozpocz\u0105\u0107 ju\u017c w przysz\u0142ym roku \u2013 zaznacza Goliszewski.<\/p>\n<p>(\u017cms)\/\u015al\u0105sko-D\u0105browska Solidarno\u015b\u0107(\u0141ukasz Karczmarzyk)<br \/>\n\u017ar\u00f3d\u0142o foto: materia\u0142y prasowe ZM Bumar-\u0141ab\u0119dy<\/p>\n<div class=\"gliwi-a5-na-koncu-artykulow gliwi-entity-placement\" id=\"gliwi-4242160610\"><div class=\"gliwi-adlabel\"><span style=\"font-size: 9px\">REKLAMA<\/span><\/div><div id=\"gliwi-2920412533\" style=\"margin-left: auto;margin-right: auto;text-align: center;\"><a data-no-instant=\"1\" href=\"https:\/\/prezeroarenagliwice.pl\/\" rel=\"noopener\" class=\"a2t-link\" target=\"_blank\" aria-label=\"20260309-PREZERO-WIOSNA-D\"><img loading=\"lazy\" decoding=\"async\" src=\"https:\/\/www.24gliwice.pl\/wiadomosci\/wp-content\/uploads\/2026\/03\/20260309-PREZERO-WIOSNA-D.webp\" alt=\"\"  srcset=\"https:\/\/www.24gliwice.pl\/wiadomosci\/wp-content\/uploads\/2026\/03\/20260309-PREZERO-WIOSNA-D.webp 750w, https:\/\/www.24gliwice.pl\/wiadomosci\/wp-content\/uploads\/2026\/03\/20260309-PREZERO-WIOSNA-D-410x109.webp 410w\" sizes=\"(max-width: 750px) 100vw, 750px\" class=\"no-lazyload\" width=\"750\" height=\"200\"  style=\"display: inline-block; max-width: 100%; height: auto;\" \/><\/a><\/div><\/div>","protected":false},"excerpt":{"rendered":"<p>Zak\u0142ady Mechaniczne Bumar-\u0141ab\u0119dy w Gliwicach finalizuj\u0105 rozmowy z Ministerstwem Obrony Narodowej dotycz\u0105ce szerokiej modernizacji ponad 300 czo\u0142g\u00f3w z rodziny T-72. Na tak du\u017cy kontrakt zak\u0142ad czeka od dawna. Je\u015bli dojdzie do podpisania umowy, b\u0119dzie to r\u00f3wnie\u017c zas\u0142uga NSZZ Solidarno\u015b\u0107. Bumar-\u0141ab\u0119dy od lat cierpi z powodu braku du\u017cych zam\u00f3wie\u0144 dla wojska. Podczas gdy jeszcze 10 lat [&hellip;]<\/p>\n","protected":false},"author":15,"featured_media":124231,"comment_status":"open","ping_status":"closed","sticky":false,"template":"","format":"standard","meta":{"_monsterinsights_skip_tracking":false,"_monsterinsights_sitenote_active":false,"_monsterinsights_sitenote_note":"","_monsterinsights_sitenote_category":0,"footnotes":"","_links_to":"","_links_to_target":""},"categories":[3,1,9],"tags":[4572,2266,4573,12354,9475,12352,12349],"class_list":["post-124224","post","type-post","status-publish","format-standard","has-post-thumbnail","hentry","category-gliwice","category-wszystko","category-aktualnosci_lokalne","tag-bumar","tag-bumar-labedy","tag-czolg","tag-czolgi","tag-kontrakt","tag-ministerstwo-obrony-narodowej","tag-mon"],"yoast_head":"<!-- This site is optimized with the Yoast SEO plugin v27.5 - https:\/\/yoast.com\/product\/yoast-seo-wordpress\/ -->\n<title>Bumar \u0141ab\u0119dy z szans\u0105 na kontrakt. Ma modernizowa\u0107 wys\u0142u\u017cone czo\u0142gi z rodziny T-72. - 24GLIWICE - Portal Gliwice | codziennie nowe informacje<\/title>\n<meta name=\"robots\" content=\"index, follow, max-snippet:-1, max-image-preview:large, max-video-preview:-1\" \/>\n<link rel=\"canonical\" href=\"https:\/\/www.24gliwice.pl\/wiadomosci\/bumar-labedy-z-szansa-na-kontrakt-ma-modernizowac-wysluzone-czolgi-z-rodziny-t-72\/\" \/>\n<meta property=\"og:locale\" content=\"pl_PL\" \/>\n<meta property=\"og:type\" content=\"article\" \/>\n<meta property=\"og:title\" content=\"Bumar \u0141ab\u0119dy z szans\u0105 na kontrakt. Ma modernizowa\u0107 wys\u0142u\u017cone czo\u0142gi z rodziny T-72. - 24GLIWICE - Portal Gliwice | codziennie nowe informacje\" \/>\n<meta property=\"og:description\" content=\"Zak\u0142ady Mechaniczne Bumar-\u0141ab\u0119dy w Gliwicach finalizuj\u0105 rozmowy z Ministerstwem Obrony Narodowej dotycz\u0105ce szerokiej modernizacji ponad 300 czo\u0142g\u00f3w z rodziny T-72. Na tak du\u017cy kontrakt zak\u0142ad czeka od dawna. Je\u015bli dojdzie do podpisania umowy, b\u0119dzie to r\u00f3wnie\u017c zas\u0142uga NSZZ Solidarno\u015b\u0107. Bumar-\u0141ab\u0119dy od lat cierpi z powodu braku du\u017cych zam\u00f3wie\u0144 dla wojska. Podczas gdy jeszcze 10 lat [&hellip;]\" \/>\n<meta property=\"og:url\" content=\"https:\/\/www.24gliwice.pl\/wiadomosci\/bumar-labedy-z-szansa-na-kontrakt-ma-modernizowac-wysluzone-czolgi-z-rodziny-t-72\/\" \/>\n<meta property=\"og:site_name\" content=\"24GLIWICE - Portal Gliwice | codziennie nowe informacje\" \/>\n<meta property=\"article:publisher\" content=\"https:\/\/www.facebook.com\/24gliwice\" \/>\n<meta property=\"article:published_time\" content=\"2018-10-12T10:30:38+00:00\" \/>\n<meta property=\"article:modified_time\" content=\"2018-10-15T10:16:11+00:00\" \/>\n<meta property=\"og:image\" content=\"https:\/\/www.24gliwice.pl\/wiadomosci\/wp-content\/uploads\/2018\/10\/czo\u0142g-mat-pras-bumar.jpg\" \/>\n\t<meta property=\"og:image:width\" content=\"900\" \/>\n\t<meta property=\"og:image:height\" content=\"508\" \/>\n\t<meta property=\"og:image:type\" content=\"image\/jpeg\" \/>\n<meta name=\"author\" content=\"\u017baneta Mrozek-Siewierska\" \/>\n<meta name=\"twitter:card\" content=\"summary_large_image\" \/>\n<meta name=\"twitter:creator\" content=\"@24gliwice\" \/>\n<meta name=\"twitter:site\" content=\"@24gliwice\" \/>\n<meta name=\"twitter:label1\" content=\"Napisane przez\" \/>\n\t<meta name=\"twitter:data1\" content=\"\u017baneta Mrozek-Siewierska\" \/>\n\t<meta name=\"twitter:label2\" content=\"Szacowany czas czytania\" \/>\n\t<meta name=\"twitter:data2\" content=\"2 minuty\" \/>\n<script type=\"application\/ld+json\" class=\"yoast-schema-graph\">{\"@context\":\"https:\\\/\\\/schema.org\",\"@graph\":[{\"@type\":\"Article\",\"@id\":\"https:\\\/\\\/www.24gliwice.pl\\\/wiadomosci\\\/bumar-labedy-z-szansa-na-kontrakt-ma-modernizowac-wysluzone-czolgi-z-rodziny-t-72\\\/#article\",\"isPartOf\":{\"@id\":\"https:\\\/\\\/www.24gliwice.pl\\\/wiadomosci\\\/bumar-labedy-z-szansa-na-kontrakt-ma-modernizowac-wysluzone-czolgi-z-rodziny-t-72\\\/\"},\"author\":{\"name\":\"\u017baneta Mrozek-Siewierska\",\"@id\":\"https:\\\/\\\/www.24gliwice.pl\\\/wiadomosci\\\/#\\\/schema\\\/person\\\/e42c650edd7f2fa332be3811fb166b6e\"},\"headline\":\"Bumar \u0141ab\u0119dy z szans\u0105 na kontrakt. Ma modernizowa\u0107 wys\u0142u\u017cone czo\u0142gi z rodziny T-72.\",\"datePublished\":\"2018-10-12T10:30:38+00:00\",\"dateModified\":\"2018-10-15T10:16:11+00:00\",\"mainEntityOfPage\":{\"@id\":\"https:\\\/\\\/www.24gliwice.pl\\\/wiadomosci\\\/bumar-labedy-z-szansa-na-kontrakt-ma-modernizowac-wysluzone-czolgi-z-rodziny-t-72\\\/\"},\"wordCount\":480,\"commentCount\":0,\"publisher\":{\"@id\":\"https:\\\/\\\/www.24gliwice.pl\\\/wiadomosci\\\/#organization\"},\"image\":{\"@id\":\"https:\\\/\\\/www.24gliwice.pl\\\/wiadomosci\\\/bumar-labedy-z-szansa-na-kontrakt-ma-modernizowac-wysluzone-czolgi-z-rodziny-t-72\\\/#primaryimage\"},\"thumbnailUrl\":\"https:\\\/\\\/www.24gliwice.pl\\\/wiadomosci\\\/wp-content\\\/uploads\\\/2018\\\/10\\\/czo\u0142g-mat-pras-bumar.jpg\",\"keywords\":[\"bumar\",\"BUMAR \u0141AB\u0118DY\",\"czo\u0142g\",\"czo\u0142gi\",\"kontrakt\",\"ministerstwo obrony narodowej\",\"mon\"],\"articleSection\":[\"Gliwice\",\"Najnowsze wiadomo\u015bci\",\"Portal Gliwice - Wiadomo\u015bci lokalne\"],\"inLanguage\":\"pl-PL\",\"potentialAction\":[{\"@type\":\"CommentAction\",\"name\":\"Comment\",\"target\":[\"https:\\\/\\\/www.24gliwice.pl\\\/wiadomosci\\\/bumar-labedy-z-szansa-na-kontrakt-ma-modernizowac-wysluzone-czolgi-z-rodziny-t-72\\\/#respond\"]}]},{\"@type\":\"WebPage\",\"@id\":\"https:\\\/\\\/www.24gliwice.pl\\\/wiadomosci\\\/bumar-labedy-z-szansa-na-kontrakt-ma-modernizowac-wysluzone-czolgi-z-rodziny-t-72\\\/\",\"url\":\"https:\\\/\\\/www.24gliwice.pl\\\/wiadomosci\\\/bumar-labedy-z-szansa-na-kontrakt-ma-modernizowac-wysluzone-czolgi-z-rodziny-t-72\\\/\",\"name\":\"Bumar \u0141ab\u0119dy z szans\u0105 na kontrakt. Ma modernizowa\u0107 wys\u0142u\u017cone czo\u0142gi z rodziny T-72. - 24GLIWICE - Portal Gliwice | codziennie nowe informacje\",\"isPartOf\":{\"@id\":\"https:\\\/\\\/www.24gliwice.pl\\\/wiadomosci\\\/#website\"},\"primaryImageOfPage\":{\"@id\":\"https:\\\/\\\/www.24gliwice.pl\\\/wiadomosci\\\/bumar-labedy-z-szansa-na-kontrakt-ma-modernizowac-wysluzone-czolgi-z-rodziny-t-72\\\/#primaryimage\"},\"image\":{\"@id\":\"https:\\\/\\\/www.24gliwice.pl\\\/wiadomosci\\\/bumar-labedy-z-szansa-na-kontrakt-ma-modernizowac-wysluzone-czolgi-z-rodziny-t-72\\\/#primaryimage\"},\"thumbnailUrl\":\"https:\\\/\\\/www.24gliwice.pl\\\/wiadomosci\\\/wp-content\\\/uploads\\\/2018\\\/10\\\/czo\u0142g-mat-pras-bumar.jpg\",\"datePublished\":\"2018-10-12T10:30:38+00:00\",\"dateModified\":\"2018-10-15T10:16:11+00:00\",\"breadcrumb\":{\"@id\":\"https:\\\/\\\/www.24gliwice.pl\\\/wiadomosci\\\/bumar-labedy-z-szansa-na-kontrakt-ma-modernizowac-wysluzone-czolgi-z-rodziny-t-72\\\/#breadcrumb\"},\"inLanguage\":\"pl-PL\",\"potentialAction\":[{\"@type\":\"ReadAction\",\"target\":[\"https:\\\/\\\/www.24gliwice.pl\\\/wiadomosci\\\/bumar-labedy-z-szansa-na-kontrakt-ma-modernizowac-wysluzone-czolgi-z-rodziny-t-72\\\/\"]}]},{\"@type\":\"ImageObject\",\"inLanguage\":\"pl-PL\",\"@id\":\"https:\\\/\\\/www.24gliwice.pl\\\/wiadomosci\\\/bumar-labedy-z-szansa-na-kontrakt-ma-modernizowac-wysluzone-czolgi-z-rodziny-t-72\\\/#primaryimage\",\"url\":\"https:\\\/\\\/www.24gliwice.pl\\\/wiadomosci\\\/wp-content\\\/uploads\\\/2018\\\/10\\\/czo\u0142g-mat-pras-bumar.jpg\",\"contentUrl\":\"https:\\\/\\\/www.24gliwice.pl\\\/wiadomosci\\\/wp-content\\\/uploads\\\/2018\\\/10\\\/czo\u0142g-mat-pras-bumar.jpg\",\"width\":900,\"height\":508},{\"@type\":\"BreadcrumbList\",\"@id\":\"https:\\\/\\\/www.24gliwice.pl\\\/wiadomosci\\\/bumar-labedy-z-szansa-na-kontrakt-ma-modernizowac-wysluzone-czolgi-z-rodziny-t-72\\\/#breadcrumb\",\"itemListElement\":[{\"@type\":\"ListItem\",\"position\":1,\"name\":\"Strona g\u0142\u00f3wna\",\"item\":\"https:\\\/\\\/www.24gliwice.pl\\\/wiadomosci\\\/\"},{\"@type\":\"ListItem\",\"position\":2,\"name\":\"Bumar \u0141ab\u0119dy z szans\u0105 na kontrakt. Ma modernizowa\u0107 wys\u0142u\u017cone czo\u0142gi z rodziny T-72.\"}]},{\"@type\":\"WebSite\",\"@id\":\"https:\\\/\\\/www.24gliwice.pl\\\/wiadomosci\\\/#website\",\"url\":\"https:\\\/\\\/www.24gliwice.pl\\\/wiadomosci\\\/\",\"name\":\"24GLIWICE - Portal Gliwice | codziennie nowe wiadomo\u015bci\",\"description\":\"Portal Miejski Gliwice\",\"publisher\":{\"@id\":\"https:\\\/\\\/www.24gliwice.pl\\\/wiadomosci\\\/#organization\"},\"potentialAction\":[{\"@type\":\"SearchAction\",\"target\":{\"@type\":\"EntryPoint\",\"urlTemplate\":\"https:\\\/\\\/www.24gliwice.pl\\\/wiadomosci\\\/?s={search_term_string}\"},\"query-input\":{\"@type\":\"PropertyValueSpecification\",\"valueRequired\":true,\"valueName\":\"search_term_string\"}}],\"inLanguage\":\"pl-PL\"},{\"@type\":\"Organization\",\"@id\":\"https:\\\/\\\/www.24gliwice.pl\\\/wiadomosci\\\/#organization\",\"name\":\"24gliwice\",\"url\":\"https:\\\/\\\/www.24gliwice.pl\\\/wiadomosci\\\/\",\"logo\":{\"@type\":\"ImageObject\",\"inLanguage\":\"pl-PL\",\"@id\":\"https:\\\/\\\/www.24gliwice.pl\\\/wiadomosci\\\/#\\\/schema\\\/logo\\\/image\\\/\",\"url\":\"https:\\\/\\\/www.24gliwice.pl\\\/wiadomosci\\\/wp-content\\\/uploads\\\/2024\\\/10\\\/24gliwice-logo-696.jpg\",\"contentUrl\":\"https:\\\/\\\/www.24gliwice.pl\\\/wiadomosci\\\/wp-content\\\/uploads\\\/2024\\\/10\\\/24gliwice-logo-696.jpg\",\"width\":696,\"height\":696,\"caption\":\"24gliwice\"},\"image\":{\"@id\":\"https:\\\/\\\/www.24gliwice.pl\\\/wiadomosci\\\/#\\\/schema\\\/logo\\\/image\\\/\"},\"sameAs\":[\"https:\\\/\\\/www.facebook.com\\\/24gliwice\",\"https:\\\/\\\/x.com\\\/24gliwice\",\"https:\\\/\\\/www.youtube.com\\\/@24gliwice\"]},{\"@type\":\"Person\",\"@id\":\"https:\\\/\\\/www.24gliwice.pl\\\/wiadomosci\\\/#\\\/schema\\\/person\\\/e42c650edd7f2fa332be3811fb166b6e\",\"name\":\"\u017baneta Mrozek-Siewierska\",\"image\":{\"@type\":\"ImageObject\",\"inLanguage\":\"pl-PL\",\"@id\":\"https:\\\/\\\/secure.gravatar.com\\\/avatar\\\/1881429e9c64597c77ad7aef2d0a19be69a3253e57534d16aa15bf3a4d34a0a3?s=96&d=mm&r=g\",\"url\":\"https:\\\/\\\/secure.gravatar.com\\\/avatar\\\/1881429e9c64597c77ad7aef2d0a19be69a3253e57534d16aa15bf3a4d34a0a3?s=96&d=mm&r=g\",\"contentUrl\":\"https:\\\/\\\/secure.gravatar.com\\\/avatar\\\/1881429e9c64597c77ad7aef2d0a19be69a3253e57534d16aa15bf3a4d34a0a3?s=96&d=mm&r=g\",\"caption\":\"\u017baneta Mrozek-Siewierska\"},\"url\":\"https:\\\/\\\/www.24gliwice.pl\\\/wiadomosci\\\/author\\\/zms\\\/\"}]}<\/script>\n<!-- \/ Yoast SEO plugin. -->","yoast_head_json":{"title":"Bumar \u0141ab\u0119dy z szans\u0105 na kontrakt. Ma modernizowa\u0107 wys\u0142u\u017cone czo\u0142gi z rodziny T-72. - 24GLIWICE - Portal Gliwice | codziennie nowe informacje","robots":{"index":"index","follow":"follow","max-snippet":"max-snippet:-1","max-image-preview":"max-image-preview:large","max-video-preview":"max-video-preview:-1"},"canonical":"https:\/\/www.24gliwice.pl\/wiadomosci\/bumar-labedy-z-szansa-na-kontrakt-ma-modernizowac-wysluzone-czolgi-z-rodziny-t-72\/","og_locale":"pl_PL","og_type":"article","og_title":"Bumar \u0141ab\u0119dy z szans\u0105 na kontrakt. Ma modernizowa\u0107 wys\u0142u\u017cone czo\u0142gi z rodziny T-72. - 24GLIWICE - Portal Gliwice | codziennie nowe informacje","og_description":"Zak\u0142ady Mechaniczne Bumar-\u0141ab\u0119dy w Gliwicach finalizuj\u0105 rozmowy z Ministerstwem Obrony Narodowej dotycz\u0105ce szerokiej modernizacji ponad 300 czo\u0142g\u00f3w z rodziny T-72. Na tak du\u017cy kontrakt zak\u0142ad czeka od dawna. Je\u015bli dojdzie do podpisania umowy, b\u0119dzie to r\u00f3wnie\u017c zas\u0142uga NSZZ Solidarno\u015b\u0107. Bumar-\u0141ab\u0119dy od lat cierpi z powodu braku du\u017cych zam\u00f3wie\u0144 dla wojska. Podczas gdy jeszcze 10 lat [&hellip;]","og_url":"https:\/\/www.24gliwice.pl\/wiadomosci\/bumar-labedy-z-szansa-na-kontrakt-ma-modernizowac-wysluzone-czolgi-z-rodziny-t-72\/","og_site_name":"24GLIWICE - Portal Gliwice | codziennie nowe informacje","article_publisher":"https:\/\/www.facebook.com\/24gliwice","article_published_time":"2018-10-12T10:30:38+00:00","article_modified_time":"2018-10-15T10:16:11+00:00","og_image":[{"width":900,"height":508,"url":"https:\/\/www.24gliwice.pl\/wiadomosci\/wp-content\/uploads\/2018\/10\/czo\u0142g-mat-pras-bumar.jpg","type":"image\/jpeg"}],"author":"\u017baneta Mrozek-Siewierska","twitter_card":"summary_large_image","twitter_creator":"@24gliwice","twitter_site":"@24gliwice","twitter_misc":{"Napisane przez":"\u017baneta Mrozek-Siewierska","Szacowany czas czytania":"2 minuty"},"schema":{"@context":"https:\/\/schema.org","@graph":[{"@type":"Article","@id":"https:\/\/www.24gliwice.pl\/wiadomosci\/bumar-labedy-z-szansa-na-kontrakt-ma-modernizowac-wysluzone-czolgi-z-rodziny-t-72\/#article","isPartOf":{"@id":"https:\/\/www.24gliwice.pl\/wiadomosci\/bumar-labedy-z-szansa-na-kontrakt-ma-modernizowac-wysluzone-czolgi-z-rodziny-t-72\/"},"author":{"name":"\u017baneta Mrozek-Siewierska","@id":"https:\/\/www.24gliwice.pl\/wiadomosci\/#\/schema\/person\/e42c650edd7f2fa332be3811fb166b6e"},"headline":"Bumar \u0141ab\u0119dy z szans\u0105 na kontrakt. Ma modernizowa\u0107 wys\u0142u\u017cone czo\u0142gi z rodziny T-72.","datePublished":"2018-10-12T10:30:38+00:00","dateModified":"2018-10-15T10:16:11+00:00","mainEntityOfPage":{"@id":"https:\/\/www.24gliwice.pl\/wiadomosci\/bumar-labedy-z-szansa-na-kontrakt-ma-modernizowac-wysluzone-czolgi-z-rodziny-t-72\/"},"wordCount":480,"commentCount":0,"publisher":{"@id":"https:\/\/www.24gliwice.pl\/wiadomosci\/#organization"},"image":{"@id":"https:\/\/www.24gliwice.pl\/wiadomosci\/bumar-labedy-z-szansa-na-kontrakt-ma-modernizowac-wysluzone-czolgi-z-rodziny-t-72\/#primaryimage"},"thumbnailUrl":"https:\/\/www.24gliwice.pl\/wiadomosci\/wp-content\/uploads\/2018\/10\/czo\u0142g-mat-pras-bumar.jpg","keywords":["bumar","BUMAR \u0141AB\u0118DY","czo\u0142g","czo\u0142gi","kontrakt","ministerstwo obrony narodowej","mon"],"articleSection":["Gliwice","Najnowsze wiadomo\u015bci","Portal Gliwice - Wiadomo\u015bci lokalne"],"inLanguage":"pl-PL","potentialAction":[{"@type":"CommentAction","name":"Comment","target":["https:\/\/www.24gliwice.pl\/wiadomosci\/bumar-labedy-z-szansa-na-kontrakt-ma-modernizowac-wysluzone-czolgi-z-rodziny-t-72\/#respond"]}]},{"@type":"WebPage","@id":"https:\/\/www.24gliwice.pl\/wiadomosci\/bumar-labedy-z-szansa-na-kontrakt-ma-modernizowac-wysluzone-czolgi-z-rodziny-t-72\/","url":"https:\/\/www.24gliwice.pl\/wiadomosci\/bumar-labedy-z-szansa-na-kontrakt-ma-modernizowac-wysluzone-czolgi-z-rodziny-t-72\/","name":"Bumar \u0141ab\u0119dy z szans\u0105 na kontrakt. Ma modernizowa\u0107 wys\u0142u\u017cone czo\u0142gi z rodziny T-72. - 24GLIWICE - Portal Gliwice | codziennie nowe informacje","isPartOf":{"@id":"https:\/\/www.24gliwice.pl\/wiadomosci\/#website"},"primaryImageOfPage":{"@id":"https:\/\/www.24gliwice.pl\/wiadomosci\/bumar-labedy-z-szansa-na-kontrakt-ma-modernizowac-wysluzone-czolgi-z-rodziny-t-72\/#primaryimage"},"image":{"@id":"https:\/\/www.24gliwice.pl\/wiadomosci\/bumar-labedy-z-szansa-na-kontrakt-ma-modernizowac-wysluzone-czolgi-z-rodziny-t-72\/#primaryimage"},"thumbnailUrl":"https:\/\/www.24gliwice.pl\/wiadomosci\/wp-content\/uploads\/2018\/10\/czo\u0142g-mat-pras-bumar.jpg","datePublished":"2018-10-12T10:30:38+00:00","dateModified":"2018-10-15T10:16:11+00:00","breadcrumb":{"@id":"https:\/\/www.24gliwice.pl\/wiadomosci\/bumar-labedy-z-szansa-na-kontrakt-ma-modernizowac-wysluzone-czolgi-z-rodziny-t-72\/#breadcrumb"},"inLanguage":"pl-PL","potentialAction":[{"@type":"ReadAction","target":["https:\/\/www.24gliwice.pl\/wiadomosci\/bumar-labedy-z-szansa-na-kontrakt-ma-modernizowac-wysluzone-czolgi-z-rodziny-t-72\/"]}]},{"@type":"ImageObject","inLanguage":"pl-PL","@id":"https:\/\/www.24gliwice.pl\/wiadomosci\/bumar-labedy-z-szansa-na-kontrakt-ma-modernizowac-wysluzone-czolgi-z-rodziny-t-72\/#primaryimage","url":"https:\/\/www.24gliwice.pl\/wiadomosci\/wp-content\/uploads\/2018\/10\/czo\u0142g-mat-pras-bumar.jpg","contentUrl":"https:\/\/www.24gliwice.pl\/wiadomosci\/wp-content\/uploads\/2018\/10\/czo\u0142g-mat-pras-bumar.jpg","width":900,"height":508},{"@type":"BreadcrumbList","@id":"https:\/\/www.24gliwice.pl\/wiadomosci\/bumar-labedy-z-szansa-na-kontrakt-ma-modernizowac-wysluzone-czolgi-z-rodziny-t-72\/#breadcrumb","itemListElement":[{"@type":"ListItem","position":1,"name":"Strona g\u0142\u00f3wna","item":"https:\/\/www.24gliwice.pl\/wiadomosci\/"},{"@type":"ListItem","position":2,"name":"Bumar \u0141ab\u0119dy z szans\u0105 na kontrakt. Ma modernizowa\u0107 wys\u0142u\u017cone czo\u0142gi z rodziny T-72."}]},{"@type":"WebSite","@id":"https:\/\/www.24gliwice.pl\/wiadomosci\/#website","url":"https:\/\/www.24gliwice.pl\/wiadomosci\/","name":"24GLIWICE - Portal Gliwice | codziennie nowe wiadomo\u015bci","description":"Portal Miejski Gliwice","publisher":{"@id":"https:\/\/www.24gliwice.pl\/wiadomosci\/#organization"},"potentialAction":[{"@type":"SearchAction","target":{"@type":"EntryPoint","urlTemplate":"https:\/\/www.24gliwice.pl\/wiadomosci\/?s={search_term_string}"},"query-input":{"@type":"PropertyValueSpecification","valueRequired":true,"valueName":"search_term_string"}}],"inLanguage":"pl-PL"},{"@type":"Organization","@id":"https:\/\/www.24gliwice.pl\/wiadomosci\/#organization","name":"24gliwice","url":"https:\/\/www.24gliwice.pl\/wiadomosci\/","logo":{"@type":"ImageObject","inLanguage":"pl-PL","@id":"https:\/\/www.24gliwice.pl\/wiadomosci\/#\/schema\/logo\/image\/","url":"https:\/\/www.24gliwice.pl\/wiadomosci\/wp-content\/uploads\/2024\/10\/24gliwice-logo-696.jpg","contentUrl":"https:\/\/www.24gliwice.pl\/wiadomosci\/wp-content\/uploads\/2024\/10\/24gliwice-logo-696.jpg","width":696,"height":696,"caption":"24gliwice"},"image":{"@id":"https:\/\/www.24gliwice.pl\/wiadomosci\/#\/schema\/logo\/image\/"},"sameAs":["https:\/\/www.facebook.com\/24gliwice","https:\/\/x.com\/24gliwice","https:\/\/www.youtube.com\/@24gliwice"]},{"@type":"Person","@id":"https:\/\/www.24gliwice.pl\/wiadomosci\/#\/schema\/person\/e42c650edd7f2fa332be3811fb166b6e","name":"\u017baneta Mrozek-Siewierska","image":{"@type":"ImageObject","inLanguage":"pl-PL","@id":"https:\/\/secure.gravatar.com\/avatar\/1881429e9c64597c77ad7aef2d0a19be69a3253e57534d16aa15bf3a4d34a0a3?s=96&d=mm&r=g","url":"https:\/\/secure.gravatar.com\/avatar\/1881429e9c64597c77ad7aef2d0a19be69a3253e57534d16aa15bf3a4d34a0a3?s=96&d=mm&r=g","contentUrl":"https:\/\/secure.gravatar.com\/avatar\/1881429e9c64597c77ad7aef2d0a19be69a3253e57534d16aa15bf3a4d34a0a3?s=96&d=mm&r=g","caption":"\u017baneta Mrozek-Siewierska"},"url":"https:\/\/www.24gliwice.pl\/wiadomosci\/author\/zms\/"}]}},"_links":{"self":[{"href":"https:\/\/www.24gliwice.pl\/wiadomosci\/wp-json\/wp\/v2\/posts\/124224","targetHints":{"allow":["GET"]}}],"collection":[{"href":"https:\/\/www.24gliwice.pl\/wiadomosci\/wp-json\/wp\/v2\/posts"}],"about":[{"href":"https:\/\/www.24gliwice.pl\/wiadomosci\/wp-json\/wp\/v2\/types\/post"}],"author":[{"embeddable":true,"href":"https:\/\/www.24gliwice.pl\/wiadomosci\/wp-json\/wp\/v2\/users\/15"}],"replies":[{"embeddable":true,"href":"https:\/\/www.24gliwice.pl\/wiadomosci\/wp-json\/wp\/v2\/comments?post=124224"}],"version-history":[{"count":0,"href":"https:\/\/www.24gliwice.pl\/wiadomosci\/wp-json\/wp\/v2\/posts\/124224\/revisions"}],"wp:featuredmedia":[{"embeddable":true,"href":"https:\/\/www.24gliwice.pl\/wiadomosci\/wp-json\/wp\/v2\/media\/124231"}],"wp:attachment":[{"href":"https:\/\/www.24gliwice.pl\/wiadomosci\/wp-json\/wp\/v2\/media?parent=124224"}],"wp:term":[{"taxonomy":"category","embeddable":true,"href":"https:\/\/www.24gliwice.pl\/wiadomosci\/wp-json\/wp\/v2\/categories?post=124224"},{"taxonomy":"post_tag","embeddable":true,"href":"https:\/\/www.24gliwice.pl\/wiadomosci\/wp-json\/wp\/v2\/tags?post=124224"}],"curies":[{"name":"wp","href":"https:\/\/api.w.org\/{rel}","templated":true}]}}