{"id":124303,"date":"2018-10-15T12:44:38","date_gmt":"2018-10-15T10:44:38","guid":{"rendered":"https:\/\/www.24gliwice.pl\/wiadomosci\/?p=124303"},"modified":"2018-10-15T12:44:38","modified_gmt":"2018-10-15T10:44:38","slug":"przebudowa-stacji-gliwice-port-na-ukonczeniu-pkp-plk-planuje-tutaj-kolejne-inwestycje","status":"publish","type":"post","link":"https:\/\/www.24gliwice.pl\/wiadomosci\/przebudowa-stacji-gliwice-port-na-ukonczeniu-pkp-plk-planuje-tutaj-kolejne-inwestycje\/","title":{"rendered":"Przebudowa stacji Gliwice Port na uko\u0144czeniu. PKP PLK planuje tutaj kolejne inwestycje"},"content":{"rendered":"<div class=\"gliwi-a6-nad-leadem-artykulow gliwi-entity-placement\" id=\"gliwi-325581770\"><div class=\"gliwi-adlabel\"><span style=\"font-size: 9px\">REKLAMA<\/span><\/div><div id=\"gliwi-514337971\" style=\"margin-bottom: 30px;margin-left: auto;margin-right: auto;text-align: center;\"><a data-no-instant=\"1\" href=\"https:\/\/przedszkole.halogen.org.pl\/\" rel=\"noopener\" class=\"a2t-link\" target=\"_blank\" aria-label=\"20260402-ANIMATOR-przedszkole_grafika_750x200\"><img loading=\"lazy\" decoding=\"async\" src=\"https:\/\/www.24gliwice.pl\/wiadomosci\/wp-content\/uploads\/2026\/04\/20260402-ANIMATOR-przedszkole_grafika_750x200.webp\" alt=\"\"  srcset=\"https:\/\/www.24gliwice.pl\/wiadomosci\/wp-content\/uploads\/2026\/04\/20260402-ANIMATOR-przedszkole_grafika_750x200.webp 750w, https:\/\/www.24gliwice.pl\/wiadomosci\/wp-content\/uploads\/2026\/04\/20260402-ANIMATOR-przedszkole_grafika_750x200-410x109.webp 410w\" sizes=\"(max-width: 750px) 100vw, 750px\" class=\"no-lazyload\" width=\"750\" height=\"200\"  style=\"display: inline-block; max-width: 100%; height: auto;\" \/><\/a><\/div><\/div><h3>Powoli dobiega ko\u0144ca kompleksowa przebudowa stacji Gliwice Port, kt\u00f3ra obs\u0142uguje poci\u0105gi jad\u0105ce do \u015al\u0105skiego Centrum Logistyki S.A. W planie s\u0105 jednak dalsze inwestycje w tym rejonie.<\/h3>\n<p>Kolejny etap udogodnie\u0144 dla Kontrahent\u00f3w \u015aCL S.A. jest aktualnie w fazie zam\u00f3wienia publicznego dla cz\u0119\u015bci projektowej zadania \u201ePrace na podstawowych ci\u0105gach pasa\u017cerskich (E30 i E65) na obszarze \u015al\u0105ska, etap II: linia E 30 na odcinku Katowice \u2013 Chorz\u00f3w Batory oraz Gliwice \u0141ab\u0119dy\u201d.<\/p>\n[perfectpullquote align=&#8221;full&#8221; bordertop=&#8221;false&#8221; cite=&#8221;&#8221; link=&#8221;&#8221; color=&#8221;&#8221; class=&#8221;&#8221; size=&#8221;&#8221;]Wa\u017cnym elementem zadania jest dalsza planowana rozbudowa stacji Gliwice Port.[\/perfectpullquote]\n<p>Zapewnienie wjazdu z kierunku zachodniego od strony stacji Gliwice \u0141ab\u0119dy bez konieczno\u015bci przejazdu przez stacj\u0119 Gliwice znacz\u0105co usprawni komunikacj\u0119 i ograniczy niezb\u0119dne obecnie manewry zwi\u0105zane ze zmian\u0105 kierunku jazdy poci\u0105gu.<\/p><div class=\"gliwi-a3-w-tresci-artykulow gliwi-entity-placement\" id=\"gliwi-1735848882\"><div class=\"gliwi-adlabel\"><span style=\"font-size: 9px\">REKLAMA<\/span><\/div><div id=\"gliwi-3624773489\" style=\"margin-bottom: 30px;margin-left: auto;margin-right: auto;text-align: center;\"><a data-no-instant=\"1\" href=\"https:\/\/ogrodyandersa.pl\/\" rel=\"noopener\" class=\"a2t-link\" target=\"_blank\" aria-label=\"20260415 Ogrody Andersa KUP TERAZ D\"><img loading=\"lazy\" decoding=\"async\" src=\"https:\/\/www.24gliwice.pl\/wiadomosci\/wp-content\/uploads\/2026\/04\/20260415-Ogrody-Andersa-KUP-TERAZ-D.jpg\" alt=\"\"  srcset=\"https:\/\/www.24gliwice.pl\/wiadomosci\/wp-content\/uploads\/2026\/04\/20260415-Ogrody-Andersa-KUP-TERAZ-D.jpg 750w, https:\/\/www.24gliwice.pl\/wiadomosci\/wp-content\/uploads\/2026\/04\/20260415-Ogrody-Andersa-KUP-TERAZ-D-410x109.jpg 410w\" sizes=\"(max-width: 750px) 100vw, 750px\" class=\"no-lazyload\" width=\"750\" height=\"200\"  style=\"display: inline-block; max-width: 100%; height: auto;\" \/><\/a><\/div><\/div>\n<p>W zakresie projektu wymieniony jest pojedynczy tor \u0142\u0105cz\u0105cy stacje Gliwice \u0141ab\u0119dy i Gliwice Port, natomiast w koncepcji uk\u0142adu torowego przewidziana jest rezerwa pod drugi tor.<\/p>\n[perfectpullquote align=&#8221;full&#8221; bordertop=&#8221;false&#8221; cite=&#8221;&#8221; link=&#8221;&#8221; color=&#8221;&#8221; class=&#8221;&#8221; size=&#8221;&#8221;]Opr\u00f3cz tego zadanie zak\u0142ada budow\u0119 nowego przystanku osobowego Gliwice Kopernik w rejonie estakady Jana Heweliusza, <a href=\"https:\/\/www.24gliwice.pl\/wiadomosci\/osobowa-stacja-kolejowa-na-osiedlu-kopernika-pkp-plk-przygotowuje-sie-do-realizacji-koncepcji\/\" rel=\"noopener\" target=\"_blank\">o czym pisali\u015bmy tutaj<\/a>.[\/perfectpullquote]\n<p>Jest to trzeci etap prac ca\u0142ego zadania na obszarze \u015al\u0105ska. Aktualnie trwa wyb\u00f3r firmy, kt\u00f3rej zostanie zlecone wykonanie dokumentacji projektowej. Otwarcie ofert do wykonania dokumentacji projektowej na to zadanie mia\u0142o miejsce 26 wrze\u015bnia.<\/p>\n<p>(\u017cms)\/\u015aCL Gliwice<br \/>\nfot. \u015aCL Gliwice<\/p>\n<p><img loading=\"lazy\" decoding=\"async\" src=\"https:\/\/www.24gliwice.pl\/wiadomosci\/wp-content\/uploads\/2018\/10\/stacja-gliwice-port.jpg\" alt=\"\" width=\"1000\" height=\"562\" class=\"alignnone size-full wp-image-124307\" srcset=\"https:\/\/www.24gliwice.pl\/wiadomosci\/wp-content\/uploads\/2018\/10\/stacja-gliwice-port.jpg 1000w, https:\/\/www.24gliwice.pl\/wiadomosci\/wp-content\/uploads\/2018\/10\/stacja-gliwice-port-410x230.jpg 410w, https:\/\/www.24gliwice.pl\/wiadomosci\/wp-content\/uploads\/2018\/10\/stacja-gliwice-port-768x432.jpg 768w, https:\/\/www.24gliwice.pl\/wiadomosci\/wp-content\/uploads\/2018\/10\/stacja-gliwice-port-810x455.jpg 810w\" sizes=\"auto, (max-width: 1000px) 100vw, 1000px\" \/><\/p>\n<div class=\"gliwi-a5-na-koncu-artykulow gliwi-entity-placement\" id=\"gliwi-3625095085\"><div class=\"gliwi-adlabel\"><span style=\"font-size: 9px\">REKLAMA<\/span><\/div><div id=\"gliwi-1520770869\" style=\"margin-left: auto;margin-right: auto;text-align: center;\"><a data-no-instant=\"1\" href=\"https:\/\/prezeroarenagliwice.pl\/\" rel=\"noopener\" class=\"a2t-link\" target=\"_blank\" aria-label=\"20260309-PREZERO-WIOSNA-D\"><img loading=\"lazy\" decoding=\"async\" src=\"https:\/\/www.24gliwice.pl\/wiadomosci\/wp-content\/uploads\/2026\/03\/20260309-PREZERO-WIOSNA-D.webp\" alt=\"\"  srcset=\"https:\/\/www.24gliwice.pl\/wiadomosci\/wp-content\/uploads\/2026\/03\/20260309-PREZERO-WIOSNA-D.webp 750w, https:\/\/www.24gliwice.pl\/wiadomosci\/wp-content\/uploads\/2026\/03\/20260309-PREZERO-WIOSNA-D-410x109.webp 410w\" sizes=\"(max-width: 750px) 100vw, 750px\" class=\"no-lazyload\" width=\"750\" height=\"200\"  style=\"display: inline-block; max-width: 100%; height: auto;\" \/><\/a><\/div><\/div>","protected":false},"excerpt":{"rendered":"<p>Powoli dobiega ko\u0144ca kompleksowa przebudowa stacji Gliwice Port, kt\u00f3ra obs\u0142uguje poci\u0105gi jad\u0105ce do \u015al\u0105skiego Centrum Logistyki S.A. W planie s\u0105 jednak dalsze inwestycje w tym rejonie. Kolejny etap udogodnie\u0144 dla Kontrahent\u00f3w \u015aCL S.A. jest aktualnie w fazie zam\u00f3wienia publicznego dla cz\u0119\u015bci projektowej zadania \u201ePrace na podstawowych ci\u0105gach pasa\u017cerskich (E30 i E65) na obszarze \u015al\u0105ska, etap [&hellip;]<\/p>\n","protected":false},"author":15,"featured_media":124444,"comment_status":"open","ping_status":"closed","sticky":false,"template":"","format":"standard","meta":{"_monsterinsights_skip_tracking":false,"_monsterinsights_sitenote_active":false,"_monsterinsights_sitenote_note":"","_monsterinsights_sitenote_category":0,"footnotes":"","_links_to":"","_links_to_target":""},"categories":[3,1],"tags":[8489,4540,9941,8599,9785,13616,10212,9238,1438],"class_list":["post-124303","post","type-post","status-publish","format-standard","has-post-thumbnail","hentry","category-gliwice","category-wszystko","tag-kolej","tag-pkp","tag-plk","tag-port","tag-scl","tag-slaskie-centrum-logistyczne","tag-stacja-kolejowa","tag-tory","tag-labedy"],"yoast_head":"<!-- This site is optimized with the Yoast SEO plugin v27.5 - https:\/\/yoast.com\/product\/yoast-seo-wordpress\/ -->\n<title>Przebudowa stacji Gliwice Port na uko\u0144czeniu. PKP PLK planuje tutaj kolejne inwestycje - 24GLIWICE - Portal Gliwice | codziennie nowe informacje<\/title>\n<meta name=\"robots\" content=\"index, follow, max-snippet:-1, max-image-preview:large, max-video-preview:-1\" \/>\n<link rel=\"canonical\" href=\"https:\/\/www.24gliwice.pl\/wiadomosci\/przebudowa-stacji-gliwice-port-na-ukonczeniu-pkp-plk-planuje-tutaj-kolejne-inwestycje\/\" \/>\n<meta property=\"og:locale\" content=\"pl_PL\" \/>\n<meta property=\"og:type\" content=\"article\" \/>\n<meta property=\"og:title\" content=\"Przebudowa stacji Gliwice Port na uko\u0144czeniu. PKP PLK planuje tutaj kolejne inwestycje - 24GLIWICE - Portal Gliwice | codziennie nowe informacje\" \/>\n<meta property=\"og:description\" content=\"Powoli dobiega ko\u0144ca kompleksowa przebudowa stacji Gliwice Port, kt\u00f3ra obs\u0142uguje poci\u0105gi jad\u0105ce do \u015al\u0105skiego Centrum Logistyki S.A. W planie s\u0105 jednak dalsze inwestycje w tym rejonie. Kolejny etap udogodnie\u0144 dla Kontrahent\u00f3w \u015aCL S.A. jest aktualnie w fazie zam\u00f3wienia publicznego dla cz\u0119\u015bci projektowej zadania \u201ePrace na podstawowych ci\u0105gach pasa\u017cerskich (E30 i E65) na obszarze \u015al\u0105ska, etap [&hellip;]\" \/>\n<meta property=\"og:url\" content=\"https:\/\/www.24gliwice.pl\/wiadomosci\/przebudowa-stacji-gliwice-port-na-ukonczeniu-pkp-plk-planuje-tutaj-kolejne-inwestycje\/\" \/>\n<meta property=\"og:site_name\" content=\"24GLIWICE - Portal Gliwice | codziennie nowe informacje\" \/>\n<meta property=\"article:publisher\" content=\"https:\/\/www.facebook.com\/24gliwice\" \/>\n<meta property=\"article:published_time\" content=\"2018-10-15T10:44:38+00:00\" \/>\n<meta property=\"og:image\" content=\"https:\/\/www.24gliwice.pl\/wiadomosci\/wp-content\/uploads\/2018\/10\/1-Screenshot_25.jpg\" \/>\n\t<meta property=\"og:image:width\" content=\"810\" \/>\n\t<meta property=\"og:image:height\" content=\"434\" \/>\n\t<meta property=\"og:image:type\" content=\"image\/jpeg\" \/>\n<meta name=\"author\" content=\"\u017baneta Mrozek-Siewierska\" \/>\n<meta name=\"twitter:card\" content=\"summary_large_image\" \/>\n<meta name=\"twitter:creator\" content=\"@24gliwice\" \/>\n<meta name=\"twitter:site\" content=\"@24gliwice\" \/>\n<meta name=\"twitter:label1\" content=\"Napisane przez\" \/>\n\t<meta name=\"twitter:data1\" content=\"\u017baneta Mrozek-Siewierska\" \/>\n\t<meta name=\"twitter:label2\" content=\"Szacowany czas czytania\" \/>\n\t<meta name=\"twitter:data2\" content=\"1 minuta\" \/>\n<script type=\"application\/ld+json\" class=\"yoast-schema-graph\">{\"@context\":\"https:\\\/\\\/schema.org\",\"@graph\":[{\"@type\":\"Article\",\"@id\":\"https:\\\/\\\/www.24gliwice.pl\\\/wiadomosci\\\/przebudowa-stacji-gliwice-port-na-ukonczeniu-pkp-plk-planuje-tutaj-kolejne-inwestycje\\\/#article\",\"isPartOf\":{\"@id\":\"https:\\\/\\\/www.24gliwice.pl\\\/wiadomosci\\\/przebudowa-stacji-gliwice-port-na-ukonczeniu-pkp-plk-planuje-tutaj-kolejne-inwestycje\\\/\"},\"author\":{\"name\":\"\u017baneta Mrozek-Siewierska\",\"@id\":\"https:\\\/\\\/www.24gliwice.pl\\\/wiadomosci\\\/#\\\/schema\\\/person\\\/e42c650edd7f2fa332be3811fb166b6e\"},\"headline\":\"Przebudowa stacji Gliwice Port na uko\u0144czeniu. PKP PLK planuje tutaj kolejne inwestycje\",\"datePublished\":\"2018-10-15T10:44:38+00:00\",\"mainEntityOfPage\":{\"@id\":\"https:\\\/\\\/www.24gliwice.pl\\\/wiadomosci\\\/przebudowa-stacji-gliwice-port-na-ukonczeniu-pkp-plk-planuje-tutaj-kolejne-inwestycje\\\/\"},\"wordCount\":258,\"commentCount\":0,\"publisher\":{\"@id\":\"https:\\\/\\\/www.24gliwice.pl\\\/wiadomosci\\\/#organization\"},\"image\":{\"@id\":\"https:\\\/\\\/www.24gliwice.pl\\\/wiadomosci\\\/przebudowa-stacji-gliwice-port-na-ukonczeniu-pkp-plk-planuje-tutaj-kolejne-inwestycje\\\/#primaryimage\"},\"thumbnailUrl\":\"https:\\\/\\\/www.24gliwice.pl\\\/wiadomosci\\\/wp-content\\\/uploads\\\/2018\\\/10\\\/1-Screenshot_25.jpg\",\"keywords\":[\"KOLEJ\",\"PKP\",\"plk\",\"port\",\"\u015aCL\",\"\u015bl\u0105skie centrum logistyczne\",\"stacja kolejowa\",\"tory\",\"\u0141AB\u0118DY\"],\"articleSection\":[\"Gliwice\",\"Najnowsze wiadomo\u015bci\"],\"inLanguage\":\"pl-PL\",\"potentialAction\":[{\"@type\":\"CommentAction\",\"name\":\"Comment\",\"target\":[\"https:\\\/\\\/www.24gliwice.pl\\\/wiadomosci\\\/przebudowa-stacji-gliwice-port-na-ukonczeniu-pkp-plk-planuje-tutaj-kolejne-inwestycje\\\/#respond\"]}]},{\"@type\":\"WebPage\",\"@id\":\"https:\\\/\\\/www.24gliwice.pl\\\/wiadomosci\\\/przebudowa-stacji-gliwice-port-na-ukonczeniu-pkp-plk-planuje-tutaj-kolejne-inwestycje\\\/\",\"url\":\"https:\\\/\\\/www.24gliwice.pl\\\/wiadomosci\\\/przebudowa-stacji-gliwice-port-na-ukonczeniu-pkp-plk-planuje-tutaj-kolejne-inwestycje\\\/\",\"name\":\"Przebudowa stacji Gliwice Port na uko\u0144czeniu. PKP PLK planuje tutaj kolejne inwestycje - 24GLIWICE - Portal Gliwice | codziennie nowe informacje\",\"isPartOf\":{\"@id\":\"https:\\\/\\\/www.24gliwice.pl\\\/wiadomosci\\\/#website\"},\"primaryImageOfPage\":{\"@id\":\"https:\\\/\\\/www.24gliwice.pl\\\/wiadomosci\\\/przebudowa-stacji-gliwice-port-na-ukonczeniu-pkp-plk-planuje-tutaj-kolejne-inwestycje\\\/#primaryimage\"},\"image\":{\"@id\":\"https:\\\/\\\/www.24gliwice.pl\\\/wiadomosci\\\/przebudowa-stacji-gliwice-port-na-ukonczeniu-pkp-plk-planuje-tutaj-kolejne-inwestycje\\\/#primaryimage\"},\"thumbnailUrl\":\"https:\\\/\\\/www.24gliwice.pl\\\/wiadomosci\\\/wp-content\\\/uploads\\\/2018\\\/10\\\/1-Screenshot_25.jpg\",\"datePublished\":\"2018-10-15T10:44:38+00:00\",\"breadcrumb\":{\"@id\":\"https:\\\/\\\/www.24gliwice.pl\\\/wiadomosci\\\/przebudowa-stacji-gliwice-port-na-ukonczeniu-pkp-plk-planuje-tutaj-kolejne-inwestycje\\\/#breadcrumb\"},\"inLanguage\":\"pl-PL\",\"potentialAction\":[{\"@type\":\"ReadAction\",\"target\":[\"https:\\\/\\\/www.24gliwice.pl\\\/wiadomosci\\\/przebudowa-stacji-gliwice-port-na-ukonczeniu-pkp-plk-planuje-tutaj-kolejne-inwestycje\\\/\"]}]},{\"@type\":\"ImageObject\",\"inLanguage\":\"pl-PL\",\"@id\":\"https:\\\/\\\/www.24gliwice.pl\\\/wiadomosci\\\/przebudowa-stacji-gliwice-port-na-ukonczeniu-pkp-plk-planuje-tutaj-kolejne-inwestycje\\\/#primaryimage\",\"url\":\"https:\\\/\\\/www.24gliwice.pl\\\/wiadomosci\\\/wp-content\\\/uploads\\\/2018\\\/10\\\/1-Screenshot_25.jpg\",\"contentUrl\":\"https:\\\/\\\/www.24gliwice.pl\\\/wiadomosci\\\/wp-content\\\/uploads\\\/2018\\\/10\\\/1-Screenshot_25.jpg\",\"width\":810,\"height\":434},{\"@type\":\"BreadcrumbList\",\"@id\":\"https:\\\/\\\/www.24gliwice.pl\\\/wiadomosci\\\/przebudowa-stacji-gliwice-port-na-ukonczeniu-pkp-plk-planuje-tutaj-kolejne-inwestycje\\\/#breadcrumb\",\"itemListElement\":[{\"@type\":\"ListItem\",\"position\":1,\"name\":\"Strona g\u0142\u00f3wna\",\"item\":\"https:\\\/\\\/www.24gliwice.pl\\\/wiadomosci\\\/\"},{\"@type\":\"ListItem\",\"position\":2,\"name\":\"Przebudowa stacji Gliwice Port na uko\u0144czeniu. PKP PLK planuje tutaj kolejne inwestycje\"}]},{\"@type\":\"WebSite\",\"@id\":\"https:\\\/\\\/www.24gliwice.pl\\\/wiadomosci\\\/#website\",\"url\":\"https:\\\/\\\/www.24gliwice.pl\\\/wiadomosci\\\/\",\"name\":\"24GLIWICE - Portal Gliwice | codziennie nowe wiadomo\u015bci\",\"description\":\"Portal Miejski Gliwice\",\"publisher\":{\"@id\":\"https:\\\/\\\/www.24gliwice.pl\\\/wiadomosci\\\/#organization\"},\"potentialAction\":[{\"@type\":\"SearchAction\",\"target\":{\"@type\":\"EntryPoint\",\"urlTemplate\":\"https:\\\/\\\/www.24gliwice.pl\\\/wiadomosci\\\/?s={search_term_string}\"},\"query-input\":{\"@type\":\"PropertyValueSpecification\",\"valueRequired\":true,\"valueName\":\"search_term_string\"}}],\"inLanguage\":\"pl-PL\"},{\"@type\":\"Organization\",\"@id\":\"https:\\\/\\\/www.24gliwice.pl\\\/wiadomosci\\\/#organization\",\"name\":\"24gliwice\",\"url\":\"https:\\\/\\\/www.24gliwice.pl\\\/wiadomosci\\\/\",\"logo\":{\"@type\":\"ImageObject\",\"inLanguage\":\"pl-PL\",\"@id\":\"https:\\\/\\\/www.24gliwice.pl\\\/wiadomosci\\\/#\\\/schema\\\/logo\\\/image\\\/\",\"url\":\"https:\\\/\\\/www.24gliwice.pl\\\/wiadomosci\\\/wp-content\\\/uploads\\\/2024\\\/10\\\/24gliwice-logo-696.jpg\",\"contentUrl\":\"https:\\\/\\\/www.24gliwice.pl\\\/wiadomosci\\\/wp-content\\\/uploads\\\/2024\\\/10\\\/24gliwice-logo-696.jpg\",\"width\":696,\"height\":696,\"caption\":\"24gliwice\"},\"image\":{\"@id\":\"https:\\\/\\\/www.24gliwice.pl\\\/wiadomosci\\\/#\\\/schema\\\/logo\\\/image\\\/\"},\"sameAs\":[\"https:\\\/\\\/www.facebook.com\\\/24gliwice\",\"https:\\\/\\\/x.com\\\/24gliwice\",\"https:\\\/\\\/www.youtube.com\\\/@24gliwice\"]},{\"@type\":\"Person\",\"@id\":\"https:\\\/\\\/www.24gliwice.pl\\\/wiadomosci\\\/#\\\/schema\\\/person\\\/e42c650edd7f2fa332be3811fb166b6e\",\"name\":\"\u017baneta Mrozek-Siewierska\",\"image\":{\"@type\":\"ImageObject\",\"inLanguage\":\"pl-PL\",\"@id\":\"https:\\\/\\\/secure.gravatar.com\\\/avatar\\\/1881429e9c64597c77ad7aef2d0a19be69a3253e57534d16aa15bf3a4d34a0a3?s=96&d=mm&r=g\",\"url\":\"https:\\\/\\\/secure.gravatar.com\\\/avatar\\\/1881429e9c64597c77ad7aef2d0a19be69a3253e57534d16aa15bf3a4d34a0a3?s=96&d=mm&r=g\",\"contentUrl\":\"https:\\\/\\\/secure.gravatar.com\\\/avatar\\\/1881429e9c64597c77ad7aef2d0a19be69a3253e57534d16aa15bf3a4d34a0a3?s=96&d=mm&r=g\",\"caption\":\"\u017baneta Mrozek-Siewierska\"},\"url\":\"https:\\\/\\\/www.24gliwice.pl\\\/wiadomosci\\\/author\\\/zms\\\/\"}]}<\/script>\n<!-- \/ Yoast SEO plugin. -->","yoast_head_json":{"title":"Przebudowa stacji Gliwice Port na uko\u0144czeniu. PKP PLK planuje tutaj kolejne inwestycje - 24GLIWICE - Portal Gliwice | codziennie nowe informacje","robots":{"index":"index","follow":"follow","max-snippet":"max-snippet:-1","max-image-preview":"max-image-preview:large","max-video-preview":"max-video-preview:-1"},"canonical":"https:\/\/www.24gliwice.pl\/wiadomosci\/przebudowa-stacji-gliwice-port-na-ukonczeniu-pkp-plk-planuje-tutaj-kolejne-inwestycje\/","og_locale":"pl_PL","og_type":"article","og_title":"Przebudowa stacji Gliwice Port na uko\u0144czeniu. PKP PLK planuje tutaj kolejne inwestycje - 24GLIWICE - Portal Gliwice | codziennie nowe informacje","og_description":"Powoli dobiega ko\u0144ca kompleksowa przebudowa stacji Gliwice Port, kt\u00f3ra obs\u0142uguje poci\u0105gi jad\u0105ce do \u015al\u0105skiego Centrum Logistyki S.A. W planie s\u0105 jednak dalsze inwestycje w tym rejonie. Kolejny etap udogodnie\u0144 dla Kontrahent\u00f3w \u015aCL S.A. jest aktualnie w fazie zam\u00f3wienia publicznego dla cz\u0119\u015bci projektowej zadania \u201ePrace na podstawowych ci\u0105gach pasa\u017cerskich (E30 i E65) na obszarze \u015al\u0105ska, etap [&hellip;]","og_url":"https:\/\/www.24gliwice.pl\/wiadomosci\/przebudowa-stacji-gliwice-port-na-ukonczeniu-pkp-plk-planuje-tutaj-kolejne-inwestycje\/","og_site_name":"24GLIWICE - Portal Gliwice | codziennie nowe informacje","article_publisher":"https:\/\/www.facebook.com\/24gliwice","article_published_time":"2018-10-15T10:44:38+00:00","og_image":[{"width":810,"height":434,"url":"https:\/\/www.24gliwice.pl\/wiadomosci\/wp-content\/uploads\/2018\/10\/1-Screenshot_25.jpg","type":"image\/jpeg"}],"author":"\u017baneta Mrozek-Siewierska","twitter_card":"summary_large_image","twitter_creator":"@24gliwice","twitter_site":"@24gliwice","twitter_misc":{"Napisane przez":"\u017baneta Mrozek-Siewierska","Szacowany czas czytania":"1 minuta"},"schema":{"@context":"https:\/\/schema.org","@graph":[{"@type":"Article","@id":"https:\/\/www.24gliwice.pl\/wiadomosci\/przebudowa-stacji-gliwice-port-na-ukonczeniu-pkp-plk-planuje-tutaj-kolejne-inwestycje\/#article","isPartOf":{"@id":"https:\/\/www.24gliwice.pl\/wiadomosci\/przebudowa-stacji-gliwice-port-na-ukonczeniu-pkp-plk-planuje-tutaj-kolejne-inwestycje\/"},"author":{"name":"\u017baneta Mrozek-Siewierska","@id":"https:\/\/www.24gliwice.pl\/wiadomosci\/#\/schema\/person\/e42c650edd7f2fa332be3811fb166b6e"},"headline":"Przebudowa stacji Gliwice Port na uko\u0144czeniu. PKP PLK planuje tutaj kolejne inwestycje","datePublished":"2018-10-15T10:44:38+00:00","mainEntityOfPage":{"@id":"https:\/\/www.24gliwice.pl\/wiadomosci\/przebudowa-stacji-gliwice-port-na-ukonczeniu-pkp-plk-planuje-tutaj-kolejne-inwestycje\/"},"wordCount":258,"commentCount":0,"publisher":{"@id":"https:\/\/www.24gliwice.pl\/wiadomosci\/#organization"},"image":{"@id":"https:\/\/www.24gliwice.pl\/wiadomosci\/przebudowa-stacji-gliwice-port-na-ukonczeniu-pkp-plk-planuje-tutaj-kolejne-inwestycje\/#primaryimage"},"thumbnailUrl":"https:\/\/www.24gliwice.pl\/wiadomosci\/wp-content\/uploads\/2018\/10\/1-Screenshot_25.jpg","keywords":["KOLEJ","PKP","plk","port","\u015aCL","\u015bl\u0105skie centrum logistyczne","stacja kolejowa","tory","\u0141AB\u0118DY"],"articleSection":["Gliwice","Najnowsze wiadomo\u015bci"],"inLanguage":"pl-PL","potentialAction":[{"@type":"CommentAction","name":"Comment","target":["https:\/\/www.24gliwice.pl\/wiadomosci\/przebudowa-stacji-gliwice-port-na-ukonczeniu-pkp-plk-planuje-tutaj-kolejne-inwestycje\/#respond"]}]},{"@type":"WebPage","@id":"https:\/\/www.24gliwice.pl\/wiadomosci\/przebudowa-stacji-gliwice-port-na-ukonczeniu-pkp-plk-planuje-tutaj-kolejne-inwestycje\/","url":"https:\/\/www.24gliwice.pl\/wiadomosci\/przebudowa-stacji-gliwice-port-na-ukonczeniu-pkp-plk-planuje-tutaj-kolejne-inwestycje\/","name":"Przebudowa stacji Gliwice Port na uko\u0144czeniu. PKP PLK planuje tutaj kolejne inwestycje - 24GLIWICE - Portal Gliwice | codziennie nowe informacje","isPartOf":{"@id":"https:\/\/www.24gliwice.pl\/wiadomosci\/#website"},"primaryImageOfPage":{"@id":"https:\/\/www.24gliwice.pl\/wiadomosci\/przebudowa-stacji-gliwice-port-na-ukonczeniu-pkp-plk-planuje-tutaj-kolejne-inwestycje\/#primaryimage"},"image":{"@id":"https:\/\/www.24gliwice.pl\/wiadomosci\/przebudowa-stacji-gliwice-port-na-ukonczeniu-pkp-plk-planuje-tutaj-kolejne-inwestycje\/#primaryimage"},"thumbnailUrl":"https:\/\/www.24gliwice.pl\/wiadomosci\/wp-content\/uploads\/2018\/10\/1-Screenshot_25.jpg","datePublished":"2018-10-15T10:44:38+00:00","breadcrumb":{"@id":"https:\/\/www.24gliwice.pl\/wiadomosci\/przebudowa-stacji-gliwice-port-na-ukonczeniu-pkp-plk-planuje-tutaj-kolejne-inwestycje\/#breadcrumb"},"inLanguage":"pl-PL","potentialAction":[{"@type":"ReadAction","target":["https:\/\/www.24gliwice.pl\/wiadomosci\/przebudowa-stacji-gliwice-port-na-ukonczeniu-pkp-plk-planuje-tutaj-kolejne-inwestycje\/"]}]},{"@type":"ImageObject","inLanguage":"pl-PL","@id":"https:\/\/www.24gliwice.pl\/wiadomosci\/przebudowa-stacji-gliwice-port-na-ukonczeniu-pkp-plk-planuje-tutaj-kolejne-inwestycje\/#primaryimage","url":"https:\/\/www.24gliwice.pl\/wiadomosci\/wp-content\/uploads\/2018\/10\/1-Screenshot_25.jpg","contentUrl":"https:\/\/www.24gliwice.pl\/wiadomosci\/wp-content\/uploads\/2018\/10\/1-Screenshot_25.jpg","width":810,"height":434},{"@type":"BreadcrumbList","@id":"https:\/\/www.24gliwice.pl\/wiadomosci\/przebudowa-stacji-gliwice-port-na-ukonczeniu-pkp-plk-planuje-tutaj-kolejne-inwestycje\/#breadcrumb","itemListElement":[{"@type":"ListItem","position":1,"name":"Strona g\u0142\u00f3wna","item":"https:\/\/www.24gliwice.pl\/wiadomosci\/"},{"@type":"ListItem","position":2,"name":"Przebudowa stacji Gliwice Port na uko\u0144czeniu. PKP PLK planuje tutaj kolejne inwestycje"}]},{"@type":"WebSite","@id":"https:\/\/www.24gliwice.pl\/wiadomosci\/#website","url":"https:\/\/www.24gliwice.pl\/wiadomosci\/","name":"24GLIWICE - Portal Gliwice | codziennie nowe wiadomo\u015bci","description":"Portal Miejski Gliwice","publisher":{"@id":"https:\/\/www.24gliwice.pl\/wiadomosci\/#organization"},"potentialAction":[{"@type":"SearchAction","target":{"@type":"EntryPoint","urlTemplate":"https:\/\/www.24gliwice.pl\/wiadomosci\/?s={search_term_string}"},"query-input":{"@type":"PropertyValueSpecification","valueRequired":true,"valueName":"search_term_string"}}],"inLanguage":"pl-PL"},{"@type":"Organization","@id":"https:\/\/www.24gliwice.pl\/wiadomosci\/#organization","name":"24gliwice","url":"https:\/\/www.24gliwice.pl\/wiadomosci\/","logo":{"@type":"ImageObject","inLanguage":"pl-PL","@id":"https:\/\/www.24gliwice.pl\/wiadomosci\/#\/schema\/logo\/image\/","url":"https:\/\/www.24gliwice.pl\/wiadomosci\/wp-content\/uploads\/2024\/10\/24gliwice-logo-696.jpg","contentUrl":"https:\/\/www.24gliwice.pl\/wiadomosci\/wp-content\/uploads\/2024\/10\/24gliwice-logo-696.jpg","width":696,"height":696,"caption":"24gliwice"},"image":{"@id":"https:\/\/www.24gliwice.pl\/wiadomosci\/#\/schema\/logo\/image\/"},"sameAs":["https:\/\/www.facebook.com\/24gliwice","https:\/\/x.com\/24gliwice","https:\/\/www.youtube.com\/@24gliwice"]},{"@type":"Person","@id":"https:\/\/www.24gliwice.pl\/wiadomosci\/#\/schema\/person\/e42c650edd7f2fa332be3811fb166b6e","name":"\u017baneta Mrozek-Siewierska","image":{"@type":"ImageObject","inLanguage":"pl-PL","@id":"https:\/\/secure.gravatar.com\/avatar\/1881429e9c64597c77ad7aef2d0a19be69a3253e57534d16aa15bf3a4d34a0a3?s=96&d=mm&r=g","url":"https:\/\/secure.gravatar.com\/avatar\/1881429e9c64597c77ad7aef2d0a19be69a3253e57534d16aa15bf3a4d34a0a3?s=96&d=mm&r=g","contentUrl":"https:\/\/secure.gravatar.com\/avatar\/1881429e9c64597c77ad7aef2d0a19be69a3253e57534d16aa15bf3a4d34a0a3?s=96&d=mm&r=g","caption":"\u017baneta Mrozek-Siewierska"},"url":"https:\/\/www.24gliwice.pl\/wiadomosci\/author\/zms\/"}]}},"_links":{"self":[{"href":"https:\/\/www.24gliwice.pl\/wiadomosci\/wp-json\/wp\/v2\/posts\/124303","targetHints":{"allow":["GET"]}}],"collection":[{"href":"https:\/\/www.24gliwice.pl\/wiadomosci\/wp-json\/wp\/v2\/posts"}],"about":[{"href":"https:\/\/www.24gliwice.pl\/wiadomosci\/wp-json\/wp\/v2\/types\/post"}],"author":[{"embeddable":true,"href":"https:\/\/www.24gliwice.pl\/wiadomosci\/wp-json\/wp\/v2\/users\/15"}],"replies":[{"embeddable":true,"href":"https:\/\/www.24gliwice.pl\/wiadomosci\/wp-json\/wp\/v2\/comments?post=124303"}],"version-history":[{"count":0,"href":"https:\/\/www.24gliwice.pl\/wiadomosci\/wp-json\/wp\/v2\/posts\/124303\/revisions"}],"wp:featuredmedia":[{"embeddable":true,"href":"https:\/\/www.24gliwice.pl\/wiadomosci\/wp-json\/wp\/v2\/media\/124444"}],"wp:attachment":[{"href":"https:\/\/www.24gliwice.pl\/wiadomosci\/wp-json\/wp\/v2\/media?parent=124303"}],"wp:term":[{"taxonomy":"category","embeddable":true,"href":"https:\/\/www.24gliwice.pl\/wiadomosci\/wp-json\/wp\/v2\/categories?post=124303"},{"taxonomy":"post_tag","embeddable":true,"href":"https:\/\/www.24gliwice.pl\/wiadomosci\/wp-json\/wp\/v2\/tags?post=124303"}],"curies":[{"name":"wp","href":"https:\/\/api.w.org\/{rel}","templated":true}]}}