{"id":124413,"date":"2018-10-17T20:35:00","date_gmt":"2018-10-17T18:35:00","guid":{"rendered":"https:\/\/www.24gliwice.pl\/wiadomosci\/?p=124413"},"modified":"2024-02-18T03:02:21","modified_gmt":"2024-02-18T02:02:21","slug":"jak-pracowali-gliwiccy-radni-sprawdzamy-statystyki-aktywnosci-za-ostatnie-4-lata","status":"publish","type":"post","link":"https:\/\/www.24gliwice.pl\/wiadomosci\/jak-pracowali-gliwiccy-radni-sprawdzamy-statystyki-aktywnosci-za-ostatnie-4-lata\/","title":{"rendered":"Jak pracowali gliwiccy radni? Sprawdzamy statystyki aktywno\u015bci za ostatnie 4 lata"},"content":{"rendered":"<div class=\"gliwi-a6-nad-leadem-artykulow gliwi-entity-placement\" id=\"gliwi-3499135384\"><div class=\"gliwi-adlabel\"><span style=\"font-size: 9px\">REKLAMA<\/span><\/div><div id=\"gliwi-1448315521\" style=\"margin-bottom: 30px;margin-left: auto;margin-right: auto;text-align: center;\"><a data-no-instant=\"1\" href=\"https:\/\/przedszkole.halogen.org.pl\/\" rel=\"noopener\" class=\"a2t-link\" target=\"_blank\" aria-label=\"20260402-ANIMATOR-przedszkole_grafika_750x200\"><img loading=\"lazy\" decoding=\"async\" src=\"https:\/\/www.24gliwice.pl\/wiadomosci\/wp-content\/uploads\/2026\/04\/20260402-ANIMATOR-przedszkole_grafika_750x200.webp\" alt=\"\"  srcset=\"https:\/\/www.24gliwice.pl\/wiadomosci\/wp-content\/uploads\/2026\/04\/20260402-ANIMATOR-przedszkole_grafika_750x200.webp 750w, https:\/\/www.24gliwice.pl\/wiadomosci\/wp-content\/uploads\/2026\/04\/20260402-ANIMATOR-przedszkole_grafika_750x200-410x109.webp 410w\" sizes=\"(max-width: 750px) 100vw, 750px\" class=\"no-lazyload\" width=\"750\" height=\"200\"  style=\"display: inline-block; max-width: 100%; height: auto;\" \/><\/a><\/div><\/div><h3>Kto z\u0142o\u017cy\u0142 najwi\u0119cej interpelacji, kto najcz\u0119\u015bciej bywa\u0142 na sesjach, a kto miga\u0142 si\u0119 od posiedze\u0144 komisji? Na koniec kadencji 2014-2018 Rady Miasta sprawdzamy statystyki gliwickich radnych.<\/h3>\n<p>Na wst\u0119pie warto zaznaczy\u0107, \u017ce dane statystyczne to tylko jedna z miar, jak\u0105 nale\u017cy przyj\u0105\u0107 w ocenie pracy radnego. Niemniej jest to istotny wska\u017anik zaanga\u017cowania w dzia\u0142alno\u015b\u0107 na rzecz Gliwic i mieszka\u0144c\u00f3w, a na statystyki powo\u0142uj\u0105 si\u0119 w czasie kampanii r\u00f3wnie\u017c sami radni. Kto ma najwi\u0119ksze powody do zadowolenia?<\/p>\n<h4>Radna Sowa frekwencyjn\u0105 liderk\u0105<\/h4>\n<p><strong>Krystyna Sowa<\/strong> (Koalicja dla Gliwic Zygmunta Frankiewicza) to jedyna radna, kt\u00f3ra w minionej kadencji nie opu\u015bci\u0142a \u017cadnej sesji i ani jednego posiedzenia komisji Rady Miasta. Wzorowa obecno\u015b\u0107 to zreszt\u0105 jej znak rozpoznawczy bo tak\u017ce podczas <a href=\"https:\/\/www.24gliwice.pl\/wiadomosci\/sprawdzamy-aktywnosc-gliwickich-radnych-rekordzista-zlozyl-ponad-700-interpelacji\/\" rel=\"noopener\" target=\"_blank\">podsumowania poprzedniej kadencji<\/a> wypad\u0142a r\u00f3wnie dobrze. To oznacza, \u017ce od o\u015bmiu lat uczestniczy\u0142a we wszystkich sesjach Rady Miasta. Opr\u00f3cz Sowy, w ostatnich czterech latach na absencj\u0119 nie pozwolili sobie tak\u017ce jej klubowi koledzy <strong>Jan Paj\u0105k<\/strong> (wyrzucony z listy wyborczej KdGZF na chwil\u0119 przed jej zamkni\u0119ciem), <strong>Tadeusz Olejnik<\/strong>, <strong>Pawe\u0142 Wr\u00f3blewski<\/strong> oraz radny PO <strong>Janusz Szymanowski<\/strong> i radni PiS <strong>Tomasz Tylutko<\/strong>, <strong>Ryszard Buczek<\/strong>. Dwoje ostatnich jednak do\u0142\u0105czy\u0142o do Rady w trakcie kadencji.<\/p><div class=\"gliwi-a3-w-tresci-artykulow gliwi-entity-placement\" id=\"gliwi-1776729106\"><div class=\"gliwi-adlabel\"><span style=\"font-size: 9px\">REKLAMA<\/span><\/div><div id=\"gliwi-1438136921\" style=\"margin-bottom: 30px;margin-left: auto;margin-right: auto;text-align: center;\"><a data-no-instant=\"1\" href=\"https:\/\/ogrodyandersa.pl\/\" rel=\"noopener\" class=\"a2t-link\" target=\"_blank\" aria-label=\"20260415 Ogrody Andersa KUP TERAZ D\"><img loading=\"lazy\" decoding=\"async\" src=\"https:\/\/www.24gliwice.pl\/wiadomosci\/wp-content\/uploads\/2026\/04\/20260415-Ogrody-Andersa-KUP-TERAZ-D.jpg\" alt=\"\"  srcset=\"https:\/\/www.24gliwice.pl\/wiadomosci\/wp-content\/uploads\/2026\/04\/20260415-Ogrody-Andersa-KUP-TERAZ-D.jpg 750w, https:\/\/www.24gliwice.pl\/wiadomosci\/wp-content\/uploads\/2026\/04\/20260415-Ogrody-Andersa-KUP-TERAZ-D-410x109.jpg 410w\" sizes=\"(max-width: 750px) 100vw, 750px\" class=\"no-lazyload\" width=\"750\" height=\"200\"  style=\"display: inline-block; max-width: 100%; height: auto;\" \/><\/a><\/div><\/div>\n<p><strong>Najmniej opuszczonych sesji Rady Miasta:<\/strong><\/p>\n<p>0 &#8211; Tadeusz Olejnik (KdGZF), Jan Paj\u0105k (KdGZF), Krystyna Sowa (KdGZF), Janusz Szymanowski (PO), Pawe\u0142 Wr\u00f3blewski (KdGZF), Ryszard Buczek* (PiS), Tomasz Tylutko* (PiS).<\/p>\n<h4>Radny Paj\u0105k interpelowa\u0142 najwi\u0119cej<\/h4>\n<p>Interpelacje to jeden ze sposob\u00f3w interwencji radnych w sprawach mieszka\u0144c\u00f3w. Od o\u015bmiu lat w tej kategorii jest tylko jeden lider &#8211; <strong>Jan Paj\u0105k<\/strong> (KdGZF). W ci\u0105gu dw\u00f3ch kadencji z\u0142o\u017cy\u0142 ponad 2300 pism. I cho\u0107 w\u015br\u00f3d jego &#8211; ju\u017c by\u0142ych &#8211; koleg\u00f3w z klubu s\u0142ycha\u0107 g\u0142osy, \u017ce by\u0142y to interpelacje marnej tre\u015bci, reakcje mieszka\u0144c\u00f3w na skre\u015blenie z listy radnego Paj\u0105ka, dobrze pokazuj\u0105, \u017ce nierzadko pomog\u0142y w konfrontacji z urz\u0119dnicz\u0105 administracj\u0105. Podium najcz\u0119\u015bciej interpeluj\u0105cych zamykaj\u0105 reprezentanci KdGZF &#8211; <strong>Krystyna Sowa<\/strong> i <strong>Pawe\u0142 Wr\u00f3blewski<\/strong>. Pierwsz\u0105 pi\u0105tk\u0119 najaktywniejszych zamykaj\u0105 dwa kolejne nazwiska, kt\u00f3rych nie zobaczymy ju\u017c w nowym sk\u0142adzie Rady Miasta. <strong>Bart\u0142omiej Kowalski<\/strong> (PiS) kandyduje do sejmiku wojew\u00f3dztwa, a <strong>Dominik Dragon<\/strong> (PO) zosta\u0142 skre\u015blony z listy przez kierownictwo PO. Warto wspomnie\u0107, \u017ce r\u00f3wnie\u017c cztery lata temu Paj\u0105k, Sowa i Dragon interpelowali najwi\u0119cej.<\/p>\n<p><strong>Najwi\u0119cej z\u0142o\u017conych interpelacji: <\/strong><\/p>\n<p>1. Jan Paj\u0105k (KdGZF) 1613<br \/>\n2. Krystyna Sowa (KdGZF) 666<br \/>\n3. Pawe\u0142 Wr\u00f3blewski (KdGZF) 267<br \/>\n4. Bart\u0142omiej Kowalski (PiS) 258<br \/>\n5. Dominik Dragon (PO) 127<\/p>\n<p>Cztery lata nie wystarczy\u0142y <strong>Tadeuszowi Olejnikowi<\/strong> (KdGZF) i <strong>Januszowi Szymanowskiemu<\/strong> (PO) na z\u0142o\u017cenie cho\u0107by jednej interpelacji (<strong>Adam Majgier<\/strong> do\u0142\u0105czy\u0142 do RM w trakcie kadencji). Co wi\u0119cej, znany z ci\u0119tej riposty i sporej aktywno\u015bci podczas sesji w Ratuszu, Olejnik nie zrobi\u0142 tego te\u017c podczas ubieg\u0142ej kadencji. Tym samym swoj\u0105 zerow\u0105 aktywno\u015b\u0107 w tym zakresie rozci\u0105gn\u0105\u0142 ju\u017c na okres 8 lat (!).<\/p>\n<p><strong>Najmniej z\u0142o\u017conych interpelacji:<\/strong><br \/>\n1. Adam Majgier* (PiS) 0<br \/>\nTadeusz Olejnik (KdGZF) 0<br \/>\nJanusz Szymanowski (PO) 0<br \/>\n4. Stanis\u0142aw Kubit (KdGZF) 1<br \/>\n5. Ryszard Buczek* (PiS) 2<br \/>\nZdzis\u0142aw Goliszewski (PiS) 2<\/p>\n<h4>Na komisjach zawsze Sowa<\/h4>\n<p>Posiedzenia komisji Rady Miasta to spotkania robocze, na kt\u00f3rych omawiane s\u0105 projekty uchwa\u0142 przed ostateczn\u0105 dyskusj\u0105 na sesji Rady Miasta. \u017badnego z takich posiedze\u0144 nie opu\u015bci\u0142a wspomniana <strong>Krystyna Sowa<\/strong>. O niemal wzorow\u0105 obecno\u015b\u0107 otar\u0142 si\u0119 <strong>Micha\u0142 Ja\u015bniok<\/strong> (KdGZF), a na kolejnych miejscach znalaz\u0142a si\u0119 tr\u00f3jka radnych PiS, kt\u00f3rzy jednak maj\u0105 za sob\u0105 niepe\u0142n\u0105 kadencj\u0119, czyli <strong>Ryszard Buczek<\/strong>, <strong>Tomasz Tylutko<\/strong> i <strong>Adam Majgier<\/strong>. <\/p>\n<p><strong>Najmniej opuszczonych posiedze\u0144 komisji:<\/strong><br \/>\n1. Krystyna Sowa (KdGZF) 0<br \/>\n2. Micha\u0142 Ja\u015bniok (KdGZF) 1<br \/>\n3. Ryszard Buczek* (PiS) 2<br \/>\nTomasz Tylutko* (PiS) 2<br \/>\n5. Adam Majgier* (PiS) 3<br \/>\n6. Jan Paj\u0105k (KdGZF) 4<br \/>\nMagdalena Budny (KdGZF) 4<br \/>\nPawe\u0142 Wr\u00f3blewski (KdGZF) 4<\/p>\n<p><strong>Najwi\u0119cej opuszczonych posiedze\u0144 komisji:<\/strong><br \/>\n1. Stanis\u0142aw Kubit (KdGZF) 22<br \/>\n2. Zbigniew Wygoda (PO) 20<br \/>\n3. Patryk Hodura (SLD) 17<br \/>\n4. Ewa Potocka (PO) 15<br \/>\nUrszula Wi\u0119ckowska (PO) 15<\/p>\n<h4>Kt\u00f3ry radny zda\u0142 egzamin?<\/h4>\n<p>Aby zr\u00f3\u017cnicowa\u0107 twarde dane statystyczne, podsumowuj\u0105c kadencj\u0119 radnych warto wr\u00f3ci\u0107 do <a href=\"https:\/\/www.24gliwice.pl\/wiadomosci\/pani-ewa-pisze-do-radnych-kto-odpisal-dziennikarska-prowokacja-gazety-miejskiej\/\" rel=\"noopener\" target=\"_blank\">prowokacji dziennikarskiej, kt\u00f3r\u0105 przeprowadzili\u015bmy w 2015 roku<\/a>, czyli na d\u0142ugo przed wyborami, kiedy nikt o trwaj\u0105cej w\u0142a\u015bnie kampanii wyborczej nie my\u015bla\u0142. Wys\u0142ali\u015bmy w\u00f3wczas z fikcyjnego konta do wszystkich radnych pro\u015bb\u0119 o pomoc. W ten spos\u00f3b chcieli\u015bmy zweryfikowa\u0107, kt\u00f3ry radny znajdzie czas dla zupe\u0142nie anonimowego mieszka\u0144ca Gliwic. Przypomnijmy, \u017ce odpowied\u017a uzyskali\u015bmy od 11 (kolejno\u015b\u0107 wed\u0142ug szybko\u015bci odpowiedzi): <strong>Tomasza Tylutko <\/strong>(PiS), <strong>Magdaleny Budny<\/strong> (KdGZF), <strong>Krystyny Sowy <\/strong>(KdGZF), <strong>Zdzis\u0142awa Goliszewskiego<\/strong> (PiS), <strong>Krzysztofa Kleczki<\/strong> (KdGZF), <strong>Bart\u0142omieja Kowalskiego <\/strong>(PiS), <strong>Urszuli Wi\u0119ckowskiej<\/strong> (PO), <strong>Kajetana Gorniga<\/strong> (PO), <strong>Bernarda Fica<\/strong> (SLD), <strong>Jana Paj\u0105ka<\/strong> (KdGZF) i <strong>Paw\u0142a Wr\u00f3blewskiego<\/strong> (KdGZF). \u0141\u0105cznie 11 na 25 radnych. <\/p>\n<p>Kto i dlaczego zas\u0142uguje na g\u0142os 21 pa\u017adziernika zdecydowa\u0107 musz\u0105 Pa\u0144stwo sami. Wi\u0119cej informacji na temat nadchodz\u0105cych wybor\u00f3w mo\u017cna znale\u017a\u0107 <a href=\"https:\/\/www.24gliwice.pl\/wiadomosci\/wybory-w-gliwicach\/\" rel=\"noopener\" target=\"_blank\">w naszym specjalnym serwisie<\/a>.<br \/>\n<strong>Micha\u0142 Szewczyk<\/strong><\/p>\n<p><em>*radni, kt\u00f3rzy do\u0142\u0105czyli do Rady Miasta w trakcie kadencji<\/em><\/p>\n<div class=\"gliwi-a5-na-koncu-artykulow gliwi-entity-placement\" id=\"gliwi-1665089849\"><div class=\"gliwi-adlabel\"><span style=\"font-size: 9px\">REKLAMA<\/span><\/div><div id=\"gliwi-3969922219\" style=\"margin-left: auto;margin-right: auto;text-align: center;\"><a data-no-instant=\"1\" href=\"https:\/\/prezeroarenagliwice.pl\/\" rel=\"noopener\" class=\"a2t-link\" target=\"_blank\" aria-label=\"20260309-PREZERO-WIOSNA-D\"><img loading=\"lazy\" decoding=\"async\" src=\"https:\/\/www.24gliwice.pl\/wiadomosci\/wp-content\/uploads\/2026\/03\/20260309-PREZERO-WIOSNA-D.webp\" alt=\"\"  srcset=\"https:\/\/www.24gliwice.pl\/wiadomosci\/wp-content\/uploads\/2026\/03\/20260309-PREZERO-WIOSNA-D.webp 750w, https:\/\/www.24gliwice.pl\/wiadomosci\/wp-content\/uploads\/2026\/03\/20260309-PREZERO-WIOSNA-D-410x109.webp 410w\" sizes=\"(max-width: 750px) 100vw, 750px\" class=\"no-lazyload\" width=\"750\" height=\"200\"  style=\"display: inline-block; max-width: 100%; height: auto;\" \/><\/a><\/div><\/div>","protected":false},"excerpt":{"rendered":"<p>Kto z\u0142o\u017cy\u0142 najwi\u0119cej interpelacji, kto najcz\u0119\u015bciej bywa\u0142 na sesjach, a kto miga\u0142 si\u0119 od posiedze\u0144 komisji? Na koniec kadencji 2014-2018 Rady Miasta sprawdzamy statystyki gliwickich radnych. Na wst\u0119pie warto zaznaczy\u0107, \u017ce dane statystyczne to tylko jedna z miar, jak\u0105 nale\u017cy przyj\u0105\u0107 w ocenie pracy radnego. Niemniej jest to istotny wska\u017anik zaanga\u017cowania w dzia\u0142alno\u015b\u0107 na rzecz [&hellip;]<\/p>\n","protected":false},"author":12,"featured_media":124622,"comment_status":"open","ping_status":"closed","sticky":false,"template":"","format":"standard","meta":{"_monsterinsights_skip_tracking":false,"_monsterinsights_sitenote_active":false,"_monsterinsights_sitenote_note":"","_monsterinsights_sitenote_category":0,"footnotes":"","_links_to":"","_links_to_target":""},"categories":[3,1,9,8],"tags":[38,2360],"class_list":["post-124413","post","type-post","status-publish","format-standard","has-post-thumbnail","hentry","category-gliwice","category-wszystko","category-aktualnosci_lokalne","category-samorzad_polityka","tag-rada-miasta","tag-wybory-gliwice"],"yoast_head":"<!-- This site is optimized with the Yoast SEO plugin v27.5 - https:\/\/yoast.com\/product\/yoast-seo-wordpress\/ -->\n<title>Jak pracowali gliwiccy radni? Sprawdzamy statystyki aktywno\u015bci za ostatnie 4 lata - 24GLIWICE - Portal Gliwice | codziennie nowe informacje<\/title>\n<meta name=\"robots\" content=\"index, follow, max-snippet:-1, max-image-preview:large, max-video-preview:-1\" \/>\n<link rel=\"canonical\" href=\"https:\/\/www.24gliwice.pl\/wiadomosci\/jak-pracowali-gliwiccy-radni-sprawdzamy-statystyki-aktywnosci-za-ostatnie-4-lata\/\" \/>\n<meta property=\"og:locale\" content=\"pl_PL\" \/>\n<meta property=\"og:type\" content=\"article\" \/>\n<meta property=\"og:title\" content=\"Jak pracowali gliwiccy radni? Sprawdzamy statystyki aktywno\u015bci za ostatnie 4 lata - 24GLIWICE - Portal Gliwice | codziennie nowe informacje\" \/>\n<meta property=\"og:description\" content=\"Kto z\u0142o\u017cy\u0142 najwi\u0119cej interpelacji, kto najcz\u0119\u015bciej bywa\u0142 na sesjach, a kto miga\u0142 si\u0119 od posiedze\u0144 komisji? Na koniec kadencji 2014-2018 Rady Miasta sprawdzamy statystyki gliwickich radnych. Na wst\u0119pie warto zaznaczy\u0107, \u017ce dane statystyczne to tylko jedna z miar, jak\u0105 nale\u017cy przyj\u0105\u0107 w ocenie pracy radnego. Niemniej jest to istotny wska\u017anik zaanga\u017cowania w dzia\u0142alno\u015b\u0107 na rzecz [&hellip;]\" \/>\n<meta property=\"og:url\" content=\"https:\/\/www.24gliwice.pl\/wiadomosci\/jak-pracowali-gliwiccy-radni-sprawdzamy-statystyki-aktywnosci-za-ostatnie-4-lata\/\" \/>\n<meta property=\"og:site_name\" content=\"24GLIWICE - Portal Gliwice | codziennie nowe informacje\" \/>\n<meta property=\"article:publisher\" content=\"https:\/\/www.facebook.com\/24gliwice\" \/>\n<meta property=\"article:published_time\" content=\"2018-10-17T18:35:00+00:00\" \/>\n<meta property=\"article:modified_time\" content=\"2024-02-18T02:02:21+00:00\" \/>\n<meta property=\"og:image\" content=\"https:\/\/www.24gliwice.pl\/wiadomosci\/wp-content\/uploads\/2018\/10\/1-ratusz.jpg\" \/>\n\t<meta property=\"og:image:width\" content=\"1100\" \/>\n\t<meta property=\"og:image:height\" content=\"619\" \/>\n\t<meta property=\"og:image:type\" content=\"image\/jpeg\" \/>\n<meta name=\"author\" content=\"Micha\u0142 Szewczyk\" \/>\n<meta name=\"twitter:card\" content=\"summary_large_image\" \/>\n<meta name=\"twitter:creator\" content=\"@24gliwice\" \/>\n<meta name=\"twitter:site\" content=\"@24gliwice\" \/>\n<meta name=\"twitter:label1\" content=\"Napisane przez\" \/>\n\t<meta name=\"twitter:data1\" content=\"Micha\u0142 Szewczyk\" \/>\n\t<meta name=\"twitter:label2\" content=\"Szacowany czas czytania\" \/>\n\t<meta name=\"twitter:data2\" content=\"4 minuty\" \/>\n<script type=\"application\/ld+json\" class=\"yoast-schema-graph\">{\"@context\":\"https:\\\/\\\/schema.org\",\"@graph\":[{\"@type\":\"Article\",\"@id\":\"https:\\\/\\\/www.24gliwice.pl\\\/wiadomosci\\\/jak-pracowali-gliwiccy-radni-sprawdzamy-statystyki-aktywnosci-za-ostatnie-4-lata\\\/#article\",\"isPartOf\":{\"@id\":\"https:\\\/\\\/www.24gliwice.pl\\\/wiadomosci\\\/jak-pracowali-gliwiccy-radni-sprawdzamy-statystyki-aktywnosci-za-ostatnie-4-lata\\\/\"},\"author\":{\"name\":\"Micha\u0142 Szewczyk\",\"@id\":\"https:\\\/\\\/www.24gliwice.pl\\\/wiadomosci\\\/#\\\/schema\\\/person\\\/940e8f8a097e322de4f463f061ef8d45\"},\"headline\":\"Jak pracowali gliwiccy radni? Sprawdzamy statystyki aktywno\u015bci za ostatnie 4 lata\",\"datePublished\":\"2018-10-17T18:35:00+00:00\",\"dateModified\":\"2024-02-18T02:02:21+00:00\",\"mainEntityOfPage\":{\"@id\":\"https:\\\/\\\/www.24gliwice.pl\\\/wiadomosci\\\/jak-pracowali-gliwiccy-radni-sprawdzamy-statystyki-aktywnosci-za-ostatnie-4-lata\\\/\"},\"wordCount\":844,\"commentCount\":0,\"publisher\":{\"@id\":\"https:\\\/\\\/www.24gliwice.pl\\\/wiadomosci\\\/#organization\"},\"image\":{\"@id\":\"https:\\\/\\\/www.24gliwice.pl\\\/wiadomosci\\\/jak-pracowali-gliwiccy-radni-sprawdzamy-statystyki-aktywnosci-za-ostatnie-4-lata\\\/#primaryimage\"},\"thumbnailUrl\":\"https:\\\/\\\/www.24gliwice.pl\\\/wiadomosci\\\/wp-content\\\/uploads\\\/2018\\\/10\\\/1-ratusz.jpg\",\"keywords\":[\"RADA MIASTA\",\"WYBORY GLIWICE\"],\"articleSection\":[\"Gliwice\",\"Najnowsze wiadomo\u015bci\",\"Portal Gliwice - Wiadomo\u015bci lokalne\",\"Samorz\u0105d, polityka\"],\"inLanguage\":\"pl-PL\",\"potentialAction\":[{\"@type\":\"CommentAction\",\"name\":\"Comment\",\"target\":[\"https:\\\/\\\/www.24gliwice.pl\\\/wiadomosci\\\/jak-pracowali-gliwiccy-radni-sprawdzamy-statystyki-aktywnosci-za-ostatnie-4-lata\\\/#respond\"]}]},{\"@type\":\"WebPage\",\"@id\":\"https:\\\/\\\/www.24gliwice.pl\\\/wiadomosci\\\/jak-pracowali-gliwiccy-radni-sprawdzamy-statystyki-aktywnosci-za-ostatnie-4-lata\\\/\",\"url\":\"https:\\\/\\\/www.24gliwice.pl\\\/wiadomosci\\\/jak-pracowali-gliwiccy-radni-sprawdzamy-statystyki-aktywnosci-za-ostatnie-4-lata\\\/\",\"name\":\"Jak pracowali gliwiccy radni? Sprawdzamy statystyki aktywno\u015bci za ostatnie 4 lata - 24GLIWICE - Portal Gliwice | codziennie nowe informacje\",\"isPartOf\":{\"@id\":\"https:\\\/\\\/www.24gliwice.pl\\\/wiadomosci\\\/#website\"},\"primaryImageOfPage\":{\"@id\":\"https:\\\/\\\/www.24gliwice.pl\\\/wiadomosci\\\/jak-pracowali-gliwiccy-radni-sprawdzamy-statystyki-aktywnosci-za-ostatnie-4-lata\\\/#primaryimage\"},\"image\":{\"@id\":\"https:\\\/\\\/www.24gliwice.pl\\\/wiadomosci\\\/jak-pracowali-gliwiccy-radni-sprawdzamy-statystyki-aktywnosci-za-ostatnie-4-lata\\\/#primaryimage\"},\"thumbnailUrl\":\"https:\\\/\\\/www.24gliwice.pl\\\/wiadomosci\\\/wp-content\\\/uploads\\\/2018\\\/10\\\/1-ratusz.jpg\",\"datePublished\":\"2018-10-17T18:35:00+00:00\",\"dateModified\":\"2024-02-18T02:02:21+00:00\",\"breadcrumb\":{\"@id\":\"https:\\\/\\\/www.24gliwice.pl\\\/wiadomosci\\\/jak-pracowali-gliwiccy-radni-sprawdzamy-statystyki-aktywnosci-za-ostatnie-4-lata\\\/#breadcrumb\"},\"inLanguage\":\"pl-PL\",\"potentialAction\":[{\"@type\":\"ReadAction\",\"target\":[\"https:\\\/\\\/www.24gliwice.pl\\\/wiadomosci\\\/jak-pracowali-gliwiccy-radni-sprawdzamy-statystyki-aktywnosci-za-ostatnie-4-lata\\\/\"]}]},{\"@type\":\"ImageObject\",\"inLanguage\":\"pl-PL\",\"@id\":\"https:\\\/\\\/www.24gliwice.pl\\\/wiadomosci\\\/jak-pracowali-gliwiccy-radni-sprawdzamy-statystyki-aktywnosci-za-ostatnie-4-lata\\\/#primaryimage\",\"url\":\"https:\\\/\\\/www.24gliwice.pl\\\/wiadomosci\\\/wp-content\\\/uploads\\\/2018\\\/10\\\/1-ratusz.jpg\",\"contentUrl\":\"https:\\\/\\\/www.24gliwice.pl\\\/wiadomosci\\\/wp-content\\\/uploads\\\/2018\\\/10\\\/1-ratusz.jpg\",\"width\":1100,\"height\":619},{\"@type\":\"BreadcrumbList\",\"@id\":\"https:\\\/\\\/www.24gliwice.pl\\\/wiadomosci\\\/jak-pracowali-gliwiccy-radni-sprawdzamy-statystyki-aktywnosci-za-ostatnie-4-lata\\\/#breadcrumb\",\"itemListElement\":[{\"@type\":\"ListItem\",\"position\":1,\"name\":\"Strona g\u0142\u00f3wna\",\"item\":\"https:\\\/\\\/www.24gliwice.pl\\\/wiadomosci\\\/\"},{\"@type\":\"ListItem\",\"position\":2,\"name\":\"Jak pracowali gliwiccy radni? Sprawdzamy statystyki aktywno\u015bci za ostatnie 4 lata\"}]},{\"@type\":\"WebSite\",\"@id\":\"https:\\\/\\\/www.24gliwice.pl\\\/wiadomosci\\\/#website\",\"url\":\"https:\\\/\\\/www.24gliwice.pl\\\/wiadomosci\\\/\",\"name\":\"24GLIWICE - Portal Gliwice | codziennie nowe wiadomo\u015bci\",\"description\":\"Portal Miejski Gliwice\",\"publisher\":{\"@id\":\"https:\\\/\\\/www.24gliwice.pl\\\/wiadomosci\\\/#organization\"},\"potentialAction\":[{\"@type\":\"SearchAction\",\"target\":{\"@type\":\"EntryPoint\",\"urlTemplate\":\"https:\\\/\\\/www.24gliwice.pl\\\/wiadomosci\\\/?s={search_term_string}\"},\"query-input\":{\"@type\":\"PropertyValueSpecification\",\"valueRequired\":true,\"valueName\":\"search_term_string\"}}],\"inLanguage\":\"pl-PL\"},{\"@type\":\"Organization\",\"@id\":\"https:\\\/\\\/www.24gliwice.pl\\\/wiadomosci\\\/#organization\",\"name\":\"24gliwice\",\"url\":\"https:\\\/\\\/www.24gliwice.pl\\\/wiadomosci\\\/\",\"logo\":{\"@type\":\"ImageObject\",\"inLanguage\":\"pl-PL\",\"@id\":\"https:\\\/\\\/www.24gliwice.pl\\\/wiadomosci\\\/#\\\/schema\\\/logo\\\/image\\\/\",\"url\":\"https:\\\/\\\/www.24gliwice.pl\\\/wiadomosci\\\/wp-content\\\/uploads\\\/2024\\\/10\\\/24gliwice-logo-696.jpg\",\"contentUrl\":\"https:\\\/\\\/www.24gliwice.pl\\\/wiadomosci\\\/wp-content\\\/uploads\\\/2024\\\/10\\\/24gliwice-logo-696.jpg\",\"width\":696,\"height\":696,\"caption\":\"24gliwice\"},\"image\":{\"@id\":\"https:\\\/\\\/www.24gliwice.pl\\\/wiadomosci\\\/#\\\/schema\\\/logo\\\/image\\\/\"},\"sameAs\":[\"https:\\\/\\\/www.facebook.com\\\/24gliwice\",\"https:\\\/\\\/x.com\\\/24gliwice\",\"https:\\\/\\\/www.youtube.com\\\/@24gliwice\"]},{\"@type\":\"Person\",\"@id\":\"https:\\\/\\\/www.24gliwice.pl\\\/wiadomosci\\\/#\\\/schema\\\/person\\\/940e8f8a097e322de4f463f061ef8d45\",\"name\":\"Micha\u0142 Szewczyk\",\"image\":{\"@type\":\"ImageObject\",\"inLanguage\":\"pl-PL\",\"@id\":\"https:\\\/\\\/secure.gravatar.com\\\/avatar\\\/771b8b6c74cd8d255e46392d605e01a86133900ef09b6ef3c8d451c9d92288cf?s=96&d=mm&r=g\",\"url\":\"https:\\\/\\\/secure.gravatar.com\\\/avatar\\\/771b8b6c74cd8d255e46392d605e01a86133900ef09b6ef3c8d451c9d92288cf?s=96&d=mm&r=g\",\"contentUrl\":\"https:\\\/\\\/secure.gravatar.com\\\/avatar\\\/771b8b6c74cd8d255e46392d605e01a86133900ef09b6ef3c8d451c9d92288cf?s=96&d=mm&r=g\",\"caption\":\"Micha\u0142 Szewczyk\"},\"sameAs\":[\"http:\\\/\\\/www.gazeta-miejska.pl\"],\"url\":\"https:\\\/\\\/www.24gliwice.pl\\\/wiadomosci\\\/author\\\/michal-szewczyk\\\/\"}]}<\/script>\n<!-- \/ Yoast SEO plugin. -->","yoast_head_json":{"title":"Jak pracowali gliwiccy radni? Sprawdzamy statystyki aktywno\u015bci za ostatnie 4 lata - 24GLIWICE - Portal Gliwice | codziennie nowe informacje","robots":{"index":"index","follow":"follow","max-snippet":"max-snippet:-1","max-image-preview":"max-image-preview:large","max-video-preview":"max-video-preview:-1"},"canonical":"https:\/\/www.24gliwice.pl\/wiadomosci\/jak-pracowali-gliwiccy-radni-sprawdzamy-statystyki-aktywnosci-za-ostatnie-4-lata\/","og_locale":"pl_PL","og_type":"article","og_title":"Jak pracowali gliwiccy radni? Sprawdzamy statystyki aktywno\u015bci za ostatnie 4 lata - 24GLIWICE - Portal Gliwice | codziennie nowe informacje","og_description":"Kto z\u0142o\u017cy\u0142 najwi\u0119cej interpelacji, kto najcz\u0119\u015bciej bywa\u0142 na sesjach, a kto miga\u0142 si\u0119 od posiedze\u0144 komisji? Na koniec kadencji 2014-2018 Rady Miasta sprawdzamy statystyki gliwickich radnych. Na wst\u0119pie warto zaznaczy\u0107, \u017ce dane statystyczne to tylko jedna z miar, jak\u0105 nale\u017cy przyj\u0105\u0107 w ocenie pracy radnego. Niemniej jest to istotny wska\u017anik zaanga\u017cowania w dzia\u0142alno\u015b\u0107 na rzecz [&hellip;]","og_url":"https:\/\/www.24gliwice.pl\/wiadomosci\/jak-pracowali-gliwiccy-radni-sprawdzamy-statystyki-aktywnosci-za-ostatnie-4-lata\/","og_site_name":"24GLIWICE - Portal Gliwice | codziennie nowe informacje","article_publisher":"https:\/\/www.facebook.com\/24gliwice","article_published_time":"2018-10-17T18:35:00+00:00","article_modified_time":"2024-02-18T02:02:21+00:00","og_image":[{"width":1100,"height":619,"url":"https:\/\/www.24gliwice.pl\/wiadomosci\/wp-content\/uploads\/2018\/10\/1-ratusz.jpg","type":"image\/jpeg"}],"author":"Micha\u0142 Szewczyk","twitter_card":"summary_large_image","twitter_creator":"@24gliwice","twitter_site":"@24gliwice","twitter_misc":{"Napisane przez":"Micha\u0142 Szewczyk","Szacowany czas czytania":"4 minuty"},"schema":{"@context":"https:\/\/schema.org","@graph":[{"@type":"Article","@id":"https:\/\/www.24gliwice.pl\/wiadomosci\/jak-pracowali-gliwiccy-radni-sprawdzamy-statystyki-aktywnosci-za-ostatnie-4-lata\/#article","isPartOf":{"@id":"https:\/\/www.24gliwice.pl\/wiadomosci\/jak-pracowali-gliwiccy-radni-sprawdzamy-statystyki-aktywnosci-za-ostatnie-4-lata\/"},"author":{"name":"Micha\u0142 Szewczyk","@id":"https:\/\/www.24gliwice.pl\/wiadomosci\/#\/schema\/person\/940e8f8a097e322de4f463f061ef8d45"},"headline":"Jak pracowali gliwiccy radni? Sprawdzamy statystyki aktywno\u015bci za ostatnie 4 lata","datePublished":"2018-10-17T18:35:00+00:00","dateModified":"2024-02-18T02:02:21+00:00","mainEntityOfPage":{"@id":"https:\/\/www.24gliwice.pl\/wiadomosci\/jak-pracowali-gliwiccy-radni-sprawdzamy-statystyki-aktywnosci-za-ostatnie-4-lata\/"},"wordCount":844,"commentCount":0,"publisher":{"@id":"https:\/\/www.24gliwice.pl\/wiadomosci\/#organization"},"image":{"@id":"https:\/\/www.24gliwice.pl\/wiadomosci\/jak-pracowali-gliwiccy-radni-sprawdzamy-statystyki-aktywnosci-za-ostatnie-4-lata\/#primaryimage"},"thumbnailUrl":"https:\/\/www.24gliwice.pl\/wiadomosci\/wp-content\/uploads\/2018\/10\/1-ratusz.jpg","keywords":["RADA MIASTA","WYBORY GLIWICE"],"articleSection":["Gliwice","Najnowsze wiadomo\u015bci","Portal Gliwice - Wiadomo\u015bci lokalne","Samorz\u0105d, polityka"],"inLanguage":"pl-PL","potentialAction":[{"@type":"CommentAction","name":"Comment","target":["https:\/\/www.24gliwice.pl\/wiadomosci\/jak-pracowali-gliwiccy-radni-sprawdzamy-statystyki-aktywnosci-za-ostatnie-4-lata\/#respond"]}]},{"@type":"WebPage","@id":"https:\/\/www.24gliwice.pl\/wiadomosci\/jak-pracowali-gliwiccy-radni-sprawdzamy-statystyki-aktywnosci-za-ostatnie-4-lata\/","url":"https:\/\/www.24gliwice.pl\/wiadomosci\/jak-pracowali-gliwiccy-radni-sprawdzamy-statystyki-aktywnosci-za-ostatnie-4-lata\/","name":"Jak pracowali gliwiccy radni? Sprawdzamy statystyki aktywno\u015bci za ostatnie 4 lata - 24GLIWICE - Portal Gliwice | codziennie nowe informacje","isPartOf":{"@id":"https:\/\/www.24gliwice.pl\/wiadomosci\/#website"},"primaryImageOfPage":{"@id":"https:\/\/www.24gliwice.pl\/wiadomosci\/jak-pracowali-gliwiccy-radni-sprawdzamy-statystyki-aktywnosci-za-ostatnie-4-lata\/#primaryimage"},"image":{"@id":"https:\/\/www.24gliwice.pl\/wiadomosci\/jak-pracowali-gliwiccy-radni-sprawdzamy-statystyki-aktywnosci-za-ostatnie-4-lata\/#primaryimage"},"thumbnailUrl":"https:\/\/www.24gliwice.pl\/wiadomosci\/wp-content\/uploads\/2018\/10\/1-ratusz.jpg","datePublished":"2018-10-17T18:35:00+00:00","dateModified":"2024-02-18T02:02:21+00:00","breadcrumb":{"@id":"https:\/\/www.24gliwice.pl\/wiadomosci\/jak-pracowali-gliwiccy-radni-sprawdzamy-statystyki-aktywnosci-za-ostatnie-4-lata\/#breadcrumb"},"inLanguage":"pl-PL","potentialAction":[{"@type":"ReadAction","target":["https:\/\/www.24gliwice.pl\/wiadomosci\/jak-pracowali-gliwiccy-radni-sprawdzamy-statystyki-aktywnosci-za-ostatnie-4-lata\/"]}]},{"@type":"ImageObject","inLanguage":"pl-PL","@id":"https:\/\/www.24gliwice.pl\/wiadomosci\/jak-pracowali-gliwiccy-radni-sprawdzamy-statystyki-aktywnosci-za-ostatnie-4-lata\/#primaryimage","url":"https:\/\/www.24gliwice.pl\/wiadomosci\/wp-content\/uploads\/2018\/10\/1-ratusz.jpg","contentUrl":"https:\/\/www.24gliwice.pl\/wiadomosci\/wp-content\/uploads\/2018\/10\/1-ratusz.jpg","width":1100,"height":619},{"@type":"BreadcrumbList","@id":"https:\/\/www.24gliwice.pl\/wiadomosci\/jak-pracowali-gliwiccy-radni-sprawdzamy-statystyki-aktywnosci-za-ostatnie-4-lata\/#breadcrumb","itemListElement":[{"@type":"ListItem","position":1,"name":"Strona g\u0142\u00f3wna","item":"https:\/\/www.24gliwice.pl\/wiadomosci\/"},{"@type":"ListItem","position":2,"name":"Jak pracowali gliwiccy radni? Sprawdzamy statystyki aktywno\u015bci za ostatnie 4 lata"}]},{"@type":"WebSite","@id":"https:\/\/www.24gliwice.pl\/wiadomosci\/#website","url":"https:\/\/www.24gliwice.pl\/wiadomosci\/","name":"24GLIWICE - Portal Gliwice | codziennie nowe wiadomo\u015bci","description":"Portal Miejski Gliwice","publisher":{"@id":"https:\/\/www.24gliwice.pl\/wiadomosci\/#organization"},"potentialAction":[{"@type":"SearchAction","target":{"@type":"EntryPoint","urlTemplate":"https:\/\/www.24gliwice.pl\/wiadomosci\/?s={search_term_string}"},"query-input":{"@type":"PropertyValueSpecification","valueRequired":true,"valueName":"search_term_string"}}],"inLanguage":"pl-PL"},{"@type":"Organization","@id":"https:\/\/www.24gliwice.pl\/wiadomosci\/#organization","name":"24gliwice","url":"https:\/\/www.24gliwice.pl\/wiadomosci\/","logo":{"@type":"ImageObject","inLanguage":"pl-PL","@id":"https:\/\/www.24gliwice.pl\/wiadomosci\/#\/schema\/logo\/image\/","url":"https:\/\/www.24gliwice.pl\/wiadomosci\/wp-content\/uploads\/2024\/10\/24gliwice-logo-696.jpg","contentUrl":"https:\/\/www.24gliwice.pl\/wiadomosci\/wp-content\/uploads\/2024\/10\/24gliwice-logo-696.jpg","width":696,"height":696,"caption":"24gliwice"},"image":{"@id":"https:\/\/www.24gliwice.pl\/wiadomosci\/#\/schema\/logo\/image\/"},"sameAs":["https:\/\/www.facebook.com\/24gliwice","https:\/\/x.com\/24gliwice","https:\/\/www.youtube.com\/@24gliwice"]},{"@type":"Person","@id":"https:\/\/www.24gliwice.pl\/wiadomosci\/#\/schema\/person\/940e8f8a097e322de4f463f061ef8d45","name":"Micha\u0142 Szewczyk","image":{"@type":"ImageObject","inLanguage":"pl-PL","@id":"https:\/\/secure.gravatar.com\/avatar\/771b8b6c74cd8d255e46392d605e01a86133900ef09b6ef3c8d451c9d92288cf?s=96&d=mm&r=g","url":"https:\/\/secure.gravatar.com\/avatar\/771b8b6c74cd8d255e46392d605e01a86133900ef09b6ef3c8d451c9d92288cf?s=96&d=mm&r=g","contentUrl":"https:\/\/secure.gravatar.com\/avatar\/771b8b6c74cd8d255e46392d605e01a86133900ef09b6ef3c8d451c9d92288cf?s=96&d=mm&r=g","caption":"Micha\u0142 Szewczyk"},"sameAs":["http:\/\/www.gazeta-miejska.pl"],"url":"https:\/\/www.24gliwice.pl\/wiadomosci\/author\/michal-szewczyk\/"}]}},"_links":{"self":[{"href":"https:\/\/www.24gliwice.pl\/wiadomosci\/wp-json\/wp\/v2\/posts\/124413","targetHints":{"allow":["GET"]}}],"collection":[{"href":"https:\/\/www.24gliwice.pl\/wiadomosci\/wp-json\/wp\/v2\/posts"}],"about":[{"href":"https:\/\/www.24gliwice.pl\/wiadomosci\/wp-json\/wp\/v2\/types\/post"}],"author":[{"embeddable":true,"href":"https:\/\/www.24gliwice.pl\/wiadomosci\/wp-json\/wp\/v2\/users\/12"}],"replies":[{"embeddable":true,"href":"https:\/\/www.24gliwice.pl\/wiadomosci\/wp-json\/wp\/v2\/comments?post=124413"}],"version-history":[{"count":0,"href":"https:\/\/www.24gliwice.pl\/wiadomosci\/wp-json\/wp\/v2\/posts\/124413\/revisions"}],"wp:featuredmedia":[{"embeddable":true,"href":"https:\/\/www.24gliwice.pl\/wiadomosci\/wp-json\/wp\/v2\/media\/124622"}],"wp:attachment":[{"href":"https:\/\/www.24gliwice.pl\/wiadomosci\/wp-json\/wp\/v2\/media?parent=124413"}],"wp:term":[{"taxonomy":"category","embeddable":true,"href":"https:\/\/www.24gliwice.pl\/wiadomosci\/wp-json\/wp\/v2\/categories?post=124413"},{"taxonomy":"post_tag","embeddable":true,"href":"https:\/\/www.24gliwice.pl\/wiadomosci\/wp-json\/wp\/v2\/tags?post=124413"}],"curies":[{"name":"wp","href":"https:\/\/api.w.org\/{rel}","templated":true}]}}