{"id":124515,"date":"2018-10-18T00:01:58","date_gmt":"2018-10-17T22:01:58","guid":{"rendered":"https:\/\/www.24gliwice.pl\/wiadomosci\/?p=124515"},"modified":"2018-10-17T20:47:01","modified_gmt":"2018-10-17T18:47:01","slug":"hospicjum-poszukuje-wolontariuszy-do-listopadowej-kwesty-potrzebne-jest-okolo-tysiaca-osob","status":"publish","type":"post","link":"https:\/\/www.24gliwice.pl\/wiadomosci\/hospicjum-poszukuje-wolontariuszy-do-listopadowej-kwesty-potrzebne-jest-okolo-tysiaca-osob\/","title":{"rendered":"Hospicjum poszukuje wolontariuszy do listopadowej kwesty. Potrzebne jest oko\u0142o tysi\u0105ca os\u00f3b"},"content":{"rendered":"<div class=\"gliwi-a6-nad-leadem-artykulow gliwi-entity-placement\" id=\"gliwi-3939623514\"><div class=\"gliwi-adlabel\"><span style=\"font-size: 9px\">REKLAMA<\/span><\/div><div id=\"gliwi-2291406415\" style=\"margin-bottom: 30px;margin-left: auto;margin-right: auto;text-align: center;\"><a data-no-instant=\"1\" href=\"https:\/\/przedszkole.halogen.org.pl\/\" rel=\"noopener\" class=\"a2t-link\" target=\"_blank\" aria-label=\"20260402-ANIMATOR-przedszkole_grafika_750x200\"><img loading=\"lazy\" decoding=\"async\" src=\"https:\/\/www.24gliwice.pl\/wiadomosci\/wp-content\/uploads\/2026\/04\/20260402-ANIMATOR-przedszkole_grafika_750x200.webp\" alt=\"\"  srcset=\"https:\/\/www.24gliwice.pl\/wiadomosci\/wp-content\/uploads\/2026\/04\/20260402-ANIMATOR-przedszkole_grafika_750x200.webp 750w, https:\/\/www.24gliwice.pl\/wiadomosci\/wp-content\/uploads\/2026\/04\/20260402-ANIMATOR-przedszkole_grafika_750x200-410x109.webp 410w\" sizes=\"(max-width: 750px) 100vw, 750px\" class=\"no-lazyload\" width=\"750\" height=\"200\"  style=\"display: inline-block; max-width: 100%; height: auto;\" \/><\/a><\/div><\/div><h3>Hospicjum im. Mi\u0142osierdzia Bo\u017cego w Gliwicach poszukuje wolontariuszy do udzia\u0142u w tegorocznej kwe\u015bcie prowadzonej przy okazji Wszystkich \u015awi\u0119tych. Zainteresowane osoby zaprasza do kontaktu.<\/h3>\n<p>&#8211; Kochani, serdecznie zapraszamy do udzia\u0142u w tegorocznej Kwe\u015bcie Pierwszolistopadowej, kt\u00f3ra odb\u0119dzie si\u0119 od 1 listopada (czwartek) do 4 listopada (niedziela). Cel jest niezmienny. Rozbudowa Hospicjum, kt\u00f3ra rozpocz\u0119\u0142a si\u0119 ju\u017c na dobre. Obecnie wznoszone s\u0105 fundamenty i mury nowego budynku. Na ten cel zebrali\u015bmy wsp\u00f3lnie ponad 2mln z\u0142otych. To ogromna kwota ale jeszcze du\u017co przed nami &#8211; wiemy, \u017ce si\u0119 uda &#8211; czytamy na stronie Hospicjum.<\/p>\n<p>W tym roku instytucja ta potrzebuje oko\u0142o tysi\u0105ca wolontariuszy, ch\u0119tnych do pomocy podczas kwesty. <a href=\"https:\/\/www.wolontariat.hospicjum.gliwice.pl\/kwesta-listopadowa.php\" rel=\"noopener\" target=\"_blank\">Wystarczy zarejestrowa\u0107 si\u0119 do systemu <\/a>i wybra\u0107 miejsce kwestowania.<\/p><div class=\"gliwi-a3-w-tresci-artykulow gliwi-entity-placement\" id=\"gliwi-3231640140\"><div class=\"gliwi-adlabel\"><span style=\"font-size: 9px\">REKLAMA<\/span><\/div><div id=\"gliwi-344573016\" style=\"margin-bottom: 30px;margin-left: auto;margin-right: auto;text-align: center;\"><a data-no-instant=\"1\" href=\"https:\/\/ogrodyandersa.pl\/\" rel=\"noopener\" class=\"a2t-link\" target=\"_blank\" aria-label=\"20260415 Ogrody Andersa KUP TERAZ D\"><img loading=\"lazy\" decoding=\"async\" src=\"https:\/\/www.24gliwice.pl\/wiadomosci\/wp-content\/uploads\/2026\/04\/20260415-Ogrody-Andersa-KUP-TERAZ-D.jpg\" alt=\"\"  srcset=\"https:\/\/www.24gliwice.pl\/wiadomosci\/wp-content\/uploads\/2026\/04\/20260415-Ogrody-Andersa-KUP-TERAZ-D.jpg 750w, https:\/\/www.24gliwice.pl\/wiadomosci\/wp-content\/uploads\/2026\/04\/20260415-Ogrody-Andersa-KUP-TERAZ-D-410x109.jpg 410w\" sizes=\"(max-width: 750px) 100vw, 750px\" class=\"no-lazyload\" width=\"750\" height=\"200\"  style=\"display: inline-block; max-width: 100%; height: auto;\" \/><\/a><\/div><\/div>\n[perfectpullquote align=&#8221;full&#8221; bordertop=&#8221;false&#8221; cite=&#8221;&#8221; link=&#8221;&#8221; color=&#8221;&#8221; class=&#8221;&#8221; size=&#8221;&#8221;]Podzi\u0119kowania za kwest\u0119 odb\u0119d\u0105 si\u0119 w pi\u0105tek 9 listopada o godzinie 18:00 w centrum handlowym Forum &#8211; Scena I pi\u0119tro.[\/perfectpullquote]\n<p>W tym roku Koordynatorem kwesty jest <strong>Krzysztof Gryc<\/strong>. Mo\u017cna si\u0119 z nim skontaktowa\u0107 wysy\u0142aj\u0105c wiadomo\u015b\u0107 na adres e-mail: k.gryc@hospicjum.gliwice.pl, lub dzwoni\u0105c pod numer tel.: 608 020 379 (w godzinach: 8:00-19:00).<\/p>\n<p>(\u017cms)<\/p>\n<div class=\"gliwi-a5-na-koncu-artykulow gliwi-entity-placement\" id=\"gliwi-1449184133\"><div class=\"gliwi-adlabel\"><span style=\"font-size: 9px\">REKLAMA<\/span><\/div><div id=\"gliwi-853103424\" style=\"margin-left: auto;margin-right: auto;text-align: center;\"><a data-no-instant=\"1\" href=\"https:\/\/prezeroarenagliwice.pl\/\" rel=\"noopener\" class=\"a2t-link\" target=\"_blank\" aria-label=\"20260309-PREZERO-WIOSNA-D\"><img loading=\"lazy\" decoding=\"async\" src=\"https:\/\/www.24gliwice.pl\/wiadomosci\/wp-content\/uploads\/2026\/03\/20260309-PREZERO-WIOSNA-D.webp\" alt=\"\"  srcset=\"https:\/\/www.24gliwice.pl\/wiadomosci\/wp-content\/uploads\/2026\/03\/20260309-PREZERO-WIOSNA-D.webp 750w, https:\/\/www.24gliwice.pl\/wiadomosci\/wp-content\/uploads\/2026\/03\/20260309-PREZERO-WIOSNA-D-410x109.webp 410w\" sizes=\"(max-width: 750px) 100vw, 750px\" class=\"no-lazyload\" width=\"750\" height=\"200\"  style=\"display: inline-block; max-width: 100%; height: auto;\" \/><\/a><\/div><\/div>","protected":false},"excerpt":{"rendered":"<p>Hospicjum im. Mi\u0142osierdzia Bo\u017cego w Gliwicach poszukuje wolontariuszy do udzia\u0142u w tegorocznej kwe\u015bcie prowadzonej przy okazji Wszystkich \u015awi\u0119tych. Zainteresowane osoby zaprasza do kontaktu. &#8211; Kochani, serdecznie zapraszamy do udzia\u0142u w tegorocznej Kwe\u015bcie Pierwszolistopadowej, kt\u00f3ra odb\u0119dzie si\u0119 od 1 listopada (czwartek) do 4 listopada (niedziela). Cel jest niezmienny. Rozbudowa Hospicjum, kt\u00f3ra rozpocz\u0119\u0142a si\u0119 ju\u017c na dobre. [&hellip;]<\/p>\n","protected":false},"author":15,"featured_media":85244,"comment_status":"open","ping_status":"closed","sticky":false,"template":"","format":"standard","meta":{"_monsterinsights_skip_tracking":false,"_monsterinsights_sitenote_active":false,"_monsterinsights_sitenote_note":"","_monsterinsights_sitenote_category":0,"footnotes":"","_links_to":"","_links_to_target":""},"categories":[3,1],"tags":[10583,7755,10588,9102,13642,9714,5711,9273],"class_list":["post-124515","post","type-post","status-publish","format-standard","has-post-thumbnail","hentry","category-gliwice","category-wszystko","tag-cmentarz","tag-hospicjum","tag-kwesta","tag-wolontariat","tag-wolontariusz","tag-wolontariusze","tag-wszystkich-swietych","tag-zbiorka-publiczna"],"yoast_head":"<!-- This site is optimized with the Yoast SEO plugin v27.5 - https:\/\/yoast.com\/product\/yoast-seo-wordpress\/ -->\n<title>Hospicjum poszukuje wolontariuszy do listopadowej kwesty. Potrzebne jest oko\u0142o tysi\u0105ca os\u00f3b - 24GLIWICE - Portal Gliwice | codziennie nowe informacje<\/title>\n<meta name=\"robots\" content=\"index, follow, max-snippet:-1, max-image-preview:large, max-video-preview:-1\" \/>\n<link rel=\"canonical\" href=\"https:\/\/www.24gliwice.pl\/wiadomosci\/hospicjum-poszukuje-wolontariuszy-do-listopadowej-kwesty-potrzebne-jest-okolo-tysiaca-osob\/\" \/>\n<meta property=\"og:locale\" content=\"pl_PL\" \/>\n<meta property=\"og:type\" content=\"article\" \/>\n<meta property=\"og:title\" content=\"Hospicjum poszukuje wolontariuszy do listopadowej kwesty. Potrzebne jest oko\u0142o tysi\u0105ca os\u00f3b - 24GLIWICE - Portal Gliwice | codziennie nowe informacje\" \/>\n<meta property=\"og:description\" content=\"Hospicjum im. Mi\u0142osierdzia Bo\u017cego w Gliwicach poszukuje wolontariuszy do udzia\u0142u w tegorocznej kwe\u015bcie prowadzonej przy okazji Wszystkich \u015awi\u0119tych. Zainteresowane osoby zaprasza do kontaktu. &#8211; Kochani, serdecznie zapraszamy do udzia\u0142u w tegorocznej Kwe\u015bcie Pierwszolistopadowej, kt\u00f3ra odb\u0119dzie si\u0119 od 1 listopada (czwartek) do 4 listopada (niedziela). Cel jest niezmienny. Rozbudowa Hospicjum, kt\u00f3ra rozpocz\u0119\u0142a si\u0119 ju\u017c na dobre. [&hellip;]\" \/>\n<meta property=\"og:url\" content=\"https:\/\/www.24gliwice.pl\/wiadomosci\/hospicjum-poszukuje-wolontariuszy-do-listopadowej-kwesty-potrzebne-jest-okolo-tysiaca-osob\/\" \/>\n<meta property=\"og:site_name\" content=\"24GLIWICE - Portal Gliwice | codziennie nowe informacje\" \/>\n<meta property=\"article:publisher\" content=\"https:\/\/www.facebook.com\/24gliwice\" \/>\n<meta property=\"article:published_time\" content=\"2018-10-17T22:01:58+00:00\" \/>\n<meta property=\"og:image\" content=\"https:\/\/www.24gliwice.pl\/wiadomosci\/wp-content\/uploads\/2016\/06\/1-hospicjum-001.jpg\" \/>\n\t<meta property=\"og:image:width\" content=\"820\" \/>\n\t<meta property=\"og:image:height\" content=\"462\" \/>\n\t<meta property=\"og:image:type\" content=\"image\/jpeg\" \/>\n<meta name=\"author\" content=\"\u017baneta Mrozek-Siewierska\" \/>\n<meta name=\"twitter:card\" content=\"summary_large_image\" \/>\n<meta name=\"twitter:creator\" content=\"@24gliwice\" \/>\n<meta name=\"twitter:site\" content=\"@24gliwice\" \/>\n<meta name=\"twitter:label1\" content=\"Napisane przez\" \/>\n\t<meta name=\"twitter:data1\" content=\"\u017baneta Mrozek-Siewierska\" \/>\n\t<meta name=\"twitter:label2\" content=\"Szacowany czas czytania\" \/>\n\t<meta name=\"twitter:data2\" content=\"1 minuta\" \/>\n<script type=\"application\/ld+json\" class=\"yoast-schema-graph\">{\"@context\":\"https:\\\/\\\/schema.org\",\"@graph\":[{\"@type\":\"Article\",\"@id\":\"https:\\\/\\\/www.24gliwice.pl\\\/wiadomosci\\\/hospicjum-poszukuje-wolontariuszy-do-listopadowej-kwesty-potrzebne-jest-okolo-tysiaca-osob\\\/#article\",\"isPartOf\":{\"@id\":\"https:\\\/\\\/www.24gliwice.pl\\\/wiadomosci\\\/hospicjum-poszukuje-wolontariuszy-do-listopadowej-kwesty-potrzebne-jest-okolo-tysiaca-osob\\\/\"},\"author\":{\"name\":\"\u017baneta Mrozek-Siewierska\",\"@id\":\"https:\\\/\\\/www.24gliwice.pl\\\/wiadomosci\\\/#\\\/schema\\\/person\\\/e42c650edd7f2fa332be3811fb166b6e\"},\"headline\":\"Hospicjum poszukuje wolontariuszy do listopadowej kwesty. Potrzebne jest oko\u0142o tysi\u0105ca os\u00f3b\",\"datePublished\":\"2018-10-17T22:01:58+00:00\",\"mainEntityOfPage\":{\"@id\":\"https:\\\/\\\/www.24gliwice.pl\\\/wiadomosci\\\/hospicjum-poszukuje-wolontariuszy-do-listopadowej-kwesty-potrzebne-jest-okolo-tysiaca-osob\\\/\"},\"wordCount\":211,\"commentCount\":0,\"publisher\":{\"@id\":\"https:\\\/\\\/www.24gliwice.pl\\\/wiadomosci\\\/#organization\"},\"image\":{\"@id\":\"https:\\\/\\\/www.24gliwice.pl\\\/wiadomosci\\\/hospicjum-poszukuje-wolontariuszy-do-listopadowej-kwesty-potrzebne-jest-okolo-tysiaca-osob\\\/#primaryimage\"},\"thumbnailUrl\":\"https:\\\/\\\/www.24gliwice.pl\\\/wiadomosci\\\/wp-content\\\/uploads\\\/2016\\\/06\\\/1-hospicjum-001.jpg\",\"keywords\":[\"CMENTARZ\",\"HOSPICJUM\",\"kwesta\",\"wolontariat\",\"wolontariusz\",\"wolontariusze\",\"WSZYSTKICH \u015aWI\u0118TYCH\",\"zbi\u00f3rka publiczna\"],\"articleSection\":[\"Gliwice\",\"Najnowsze wiadomo\u015bci\"],\"inLanguage\":\"pl-PL\",\"potentialAction\":[{\"@type\":\"CommentAction\",\"name\":\"Comment\",\"target\":[\"https:\\\/\\\/www.24gliwice.pl\\\/wiadomosci\\\/hospicjum-poszukuje-wolontariuszy-do-listopadowej-kwesty-potrzebne-jest-okolo-tysiaca-osob\\\/#respond\"]}]},{\"@type\":\"WebPage\",\"@id\":\"https:\\\/\\\/www.24gliwice.pl\\\/wiadomosci\\\/hospicjum-poszukuje-wolontariuszy-do-listopadowej-kwesty-potrzebne-jest-okolo-tysiaca-osob\\\/\",\"url\":\"https:\\\/\\\/www.24gliwice.pl\\\/wiadomosci\\\/hospicjum-poszukuje-wolontariuszy-do-listopadowej-kwesty-potrzebne-jest-okolo-tysiaca-osob\\\/\",\"name\":\"Hospicjum poszukuje wolontariuszy do listopadowej kwesty. Potrzebne jest oko\u0142o tysi\u0105ca os\u00f3b - 24GLIWICE - Portal Gliwice | codziennie nowe informacje\",\"isPartOf\":{\"@id\":\"https:\\\/\\\/www.24gliwice.pl\\\/wiadomosci\\\/#website\"},\"primaryImageOfPage\":{\"@id\":\"https:\\\/\\\/www.24gliwice.pl\\\/wiadomosci\\\/hospicjum-poszukuje-wolontariuszy-do-listopadowej-kwesty-potrzebne-jest-okolo-tysiaca-osob\\\/#primaryimage\"},\"image\":{\"@id\":\"https:\\\/\\\/www.24gliwice.pl\\\/wiadomosci\\\/hospicjum-poszukuje-wolontariuszy-do-listopadowej-kwesty-potrzebne-jest-okolo-tysiaca-osob\\\/#primaryimage\"},\"thumbnailUrl\":\"https:\\\/\\\/www.24gliwice.pl\\\/wiadomosci\\\/wp-content\\\/uploads\\\/2016\\\/06\\\/1-hospicjum-001.jpg\",\"datePublished\":\"2018-10-17T22:01:58+00:00\",\"breadcrumb\":{\"@id\":\"https:\\\/\\\/www.24gliwice.pl\\\/wiadomosci\\\/hospicjum-poszukuje-wolontariuszy-do-listopadowej-kwesty-potrzebne-jest-okolo-tysiaca-osob\\\/#breadcrumb\"},\"inLanguage\":\"pl-PL\",\"potentialAction\":[{\"@type\":\"ReadAction\",\"target\":[\"https:\\\/\\\/www.24gliwice.pl\\\/wiadomosci\\\/hospicjum-poszukuje-wolontariuszy-do-listopadowej-kwesty-potrzebne-jest-okolo-tysiaca-osob\\\/\"]}]},{\"@type\":\"ImageObject\",\"inLanguage\":\"pl-PL\",\"@id\":\"https:\\\/\\\/www.24gliwice.pl\\\/wiadomosci\\\/hospicjum-poszukuje-wolontariuszy-do-listopadowej-kwesty-potrzebne-jest-okolo-tysiaca-osob\\\/#primaryimage\",\"url\":\"https:\\\/\\\/www.24gliwice.pl\\\/wiadomosci\\\/wp-content\\\/uploads\\\/2016\\\/06\\\/1-hospicjum-001.jpg\",\"contentUrl\":\"https:\\\/\\\/www.24gliwice.pl\\\/wiadomosci\\\/wp-content\\\/uploads\\\/2016\\\/06\\\/1-hospicjum-001.jpg\",\"width\":820,\"height\":462},{\"@type\":\"BreadcrumbList\",\"@id\":\"https:\\\/\\\/www.24gliwice.pl\\\/wiadomosci\\\/hospicjum-poszukuje-wolontariuszy-do-listopadowej-kwesty-potrzebne-jest-okolo-tysiaca-osob\\\/#breadcrumb\",\"itemListElement\":[{\"@type\":\"ListItem\",\"position\":1,\"name\":\"Strona g\u0142\u00f3wna\",\"item\":\"https:\\\/\\\/www.24gliwice.pl\\\/wiadomosci\\\/\"},{\"@type\":\"ListItem\",\"position\":2,\"name\":\"Hospicjum poszukuje wolontariuszy do listopadowej kwesty. Potrzebne jest oko\u0142o tysi\u0105ca os\u00f3b\"}]},{\"@type\":\"WebSite\",\"@id\":\"https:\\\/\\\/www.24gliwice.pl\\\/wiadomosci\\\/#website\",\"url\":\"https:\\\/\\\/www.24gliwice.pl\\\/wiadomosci\\\/\",\"name\":\"24GLIWICE - Portal Gliwice | codziennie nowe wiadomo\u015bci\",\"description\":\"Portal Miejski Gliwice\",\"publisher\":{\"@id\":\"https:\\\/\\\/www.24gliwice.pl\\\/wiadomosci\\\/#organization\"},\"potentialAction\":[{\"@type\":\"SearchAction\",\"target\":{\"@type\":\"EntryPoint\",\"urlTemplate\":\"https:\\\/\\\/www.24gliwice.pl\\\/wiadomosci\\\/?s={search_term_string}\"},\"query-input\":{\"@type\":\"PropertyValueSpecification\",\"valueRequired\":true,\"valueName\":\"search_term_string\"}}],\"inLanguage\":\"pl-PL\"},{\"@type\":\"Organization\",\"@id\":\"https:\\\/\\\/www.24gliwice.pl\\\/wiadomosci\\\/#organization\",\"name\":\"24gliwice\",\"url\":\"https:\\\/\\\/www.24gliwice.pl\\\/wiadomosci\\\/\",\"logo\":{\"@type\":\"ImageObject\",\"inLanguage\":\"pl-PL\",\"@id\":\"https:\\\/\\\/www.24gliwice.pl\\\/wiadomosci\\\/#\\\/schema\\\/logo\\\/image\\\/\",\"url\":\"https:\\\/\\\/www.24gliwice.pl\\\/wiadomosci\\\/wp-content\\\/uploads\\\/2024\\\/10\\\/24gliwice-logo-696.jpg\",\"contentUrl\":\"https:\\\/\\\/www.24gliwice.pl\\\/wiadomosci\\\/wp-content\\\/uploads\\\/2024\\\/10\\\/24gliwice-logo-696.jpg\",\"width\":696,\"height\":696,\"caption\":\"24gliwice\"},\"image\":{\"@id\":\"https:\\\/\\\/www.24gliwice.pl\\\/wiadomosci\\\/#\\\/schema\\\/logo\\\/image\\\/\"},\"sameAs\":[\"https:\\\/\\\/www.facebook.com\\\/24gliwice\",\"https:\\\/\\\/x.com\\\/24gliwice\",\"https:\\\/\\\/www.youtube.com\\\/@24gliwice\"]},{\"@type\":\"Person\",\"@id\":\"https:\\\/\\\/www.24gliwice.pl\\\/wiadomosci\\\/#\\\/schema\\\/person\\\/e42c650edd7f2fa332be3811fb166b6e\",\"name\":\"\u017baneta Mrozek-Siewierska\",\"image\":{\"@type\":\"ImageObject\",\"inLanguage\":\"pl-PL\",\"@id\":\"https:\\\/\\\/secure.gravatar.com\\\/avatar\\\/1881429e9c64597c77ad7aef2d0a19be69a3253e57534d16aa15bf3a4d34a0a3?s=96&d=mm&r=g\",\"url\":\"https:\\\/\\\/secure.gravatar.com\\\/avatar\\\/1881429e9c64597c77ad7aef2d0a19be69a3253e57534d16aa15bf3a4d34a0a3?s=96&d=mm&r=g\",\"contentUrl\":\"https:\\\/\\\/secure.gravatar.com\\\/avatar\\\/1881429e9c64597c77ad7aef2d0a19be69a3253e57534d16aa15bf3a4d34a0a3?s=96&d=mm&r=g\",\"caption\":\"\u017baneta Mrozek-Siewierska\"},\"url\":\"https:\\\/\\\/www.24gliwice.pl\\\/wiadomosci\\\/author\\\/zms\\\/\"}]}<\/script>\n<!-- \/ Yoast SEO plugin. -->","yoast_head_json":{"title":"Hospicjum poszukuje wolontariuszy do listopadowej kwesty. Potrzebne jest oko\u0142o tysi\u0105ca os\u00f3b - 24GLIWICE - Portal Gliwice | codziennie nowe informacje","robots":{"index":"index","follow":"follow","max-snippet":"max-snippet:-1","max-image-preview":"max-image-preview:large","max-video-preview":"max-video-preview:-1"},"canonical":"https:\/\/www.24gliwice.pl\/wiadomosci\/hospicjum-poszukuje-wolontariuszy-do-listopadowej-kwesty-potrzebne-jest-okolo-tysiaca-osob\/","og_locale":"pl_PL","og_type":"article","og_title":"Hospicjum poszukuje wolontariuszy do listopadowej kwesty. Potrzebne jest oko\u0142o tysi\u0105ca os\u00f3b - 24GLIWICE - Portal Gliwice | codziennie nowe informacje","og_description":"Hospicjum im. Mi\u0142osierdzia Bo\u017cego w Gliwicach poszukuje wolontariuszy do udzia\u0142u w tegorocznej kwe\u015bcie prowadzonej przy okazji Wszystkich \u015awi\u0119tych. Zainteresowane osoby zaprasza do kontaktu. &#8211; Kochani, serdecznie zapraszamy do udzia\u0142u w tegorocznej Kwe\u015bcie Pierwszolistopadowej, kt\u00f3ra odb\u0119dzie si\u0119 od 1 listopada (czwartek) do 4 listopada (niedziela). Cel jest niezmienny. Rozbudowa Hospicjum, kt\u00f3ra rozpocz\u0119\u0142a si\u0119 ju\u017c na dobre. [&hellip;]","og_url":"https:\/\/www.24gliwice.pl\/wiadomosci\/hospicjum-poszukuje-wolontariuszy-do-listopadowej-kwesty-potrzebne-jest-okolo-tysiaca-osob\/","og_site_name":"24GLIWICE - Portal Gliwice | codziennie nowe informacje","article_publisher":"https:\/\/www.facebook.com\/24gliwice","article_published_time":"2018-10-17T22:01:58+00:00","og_image":[{"width":820,"height":462,"url":"https:\/\/www.24gliwice.pl\/wiadomosci\/wp-content\/uploads\/2016\/06\/1-hospicjum-001.jpg","type":"image\/jpeg"}],"author":"\u017baneta Mrozek-Siewierska","twitter_card":"summary_large_image","twitter_creator":"@24gliwice","twitter_site":"@24gliwice","twitter_misc":{"Napisane przez":"\u017baneta Mrozek-Siewierska","Szacowany czas czytania":"1 minuta"},"schema":{"@context":"https:\/\/schema.org","@graph":[{"@type":"Article","@id":"https:\/\/www.24gliwice.pl\/wiadomosci\/hospicjum-poszukuje-wolontariuszy-do-listopadowej-kwesty-potrzebne-jest-okolo-tysiaca-osob\/#article","isPartOf":{"@id":"https:\/\/www.24gliwice.pl\/wiadomosci\/hospicjum-poszukuje-wolontariuszy-do-listopadowej-kwesty-potrzebne-jest-okolo-tysiaca-osob\/"},"author":{"name":"\u017baneta Mrozek-Siewierska","@id":"https:\/\/www.24gliwice.pl\/wiadomosci\/#\/schema\/person\/e42c650edd7f2fa332be3811fb166b6e"},"headline":"Hospicjum poszukuje wolontariuszy do listopadowej kwesty. Potrzebne jest oko\u0142o tysi\u0105ca os\u00f3b","datePublished":"2018-10-17T22:01:58+00:00","mainEntityOfPage":{"@id":"https:\/\/www.24gliwice.pl\/wiadomosci\/hospicjum-poszukuje-wolontariuszy-do-listopadowej-kwesty-potrzebne-jest-okolo-tysiaca-osob\/"},"wordCount":211,"commentCount":0,"publisher":{"@id":"https:\/\/www.24gliwice.pl\/wiadomosci\/#organization"},"image":{"@id":"https:\/\/www.24gliwice.pl\/wiadomosci\/hospicjum-poszukuje-wolontariuszy-do-listopadowej-kwesty-potrzebne-jest-okolo-tysiaca-osob\/#primaryimage"},"thumbnailUrl":"https:\/\/www.24gliwice.pl\/wiadomosci\/wp-content\/uploads\/2016\/06\/1-hospicjum-001.jpg","keywords":["CMENTARZ","HOSPICJUM","kwesta","wolontariat","wolontariusz","wolontariusze","WSZYSTKICH \u015aWI\u0118TYCH","zbi\u00f3rka publiczna"],"articleSection":["Gliwice","Najnowsze wiadomo\u015bci"],"inLanguage":"pl-PL","potentialAction":[{"@type":"CommentAction","name":"Comment","target":["https:\/\/www.24gliwice.pl\/wiadomosci\/hospicjum-poszukuje-wolontariuszy-do-listopadowej-kwesty-potrzebne-jest-okolo-tysiaca-osob\/#respond"]}]},{"@type":"WebPage","@id":"https:\/\/www.24gliwice.pl\/wiadomosci\/hospicjum-poszukuje-wolontariuszy-do-listopadowej-kwesty-potrzebne-jest-okolo-tysiaca-osob\/","url":"https:\/\/www.24gliwice.pl\/wiadomosci\/hospicjum-poszukuje-wolontariuszy-do-listopadowej-kwesty-potrzebne-jest-okolo-tysiaca-osob\/","name":"Hospicjum poszukuje wolontariuszy do listopadowej kwesty. Potrzebne jest oko\u0142o tysi\u0105ca os\u00f3b - 24GLIWICE - Portal Gliwice | codziennie nowe informacje","isPartOf":{"@id":"https:\/\/www.24gliwice.pl\/wiadomosci\/#website"},"primaryImageOfPage":{"@id":"https:\/\/www.24gliwice.pl\/wiadomosci\/hospicjum-poszukuje-wolontariuszy-do-listopadowej-kwesty-potrzebne-jest-okolo-tysiaca-osob\/#primaryimage"},"image":{"@id":"https:\/\/www.24gliwice.pl\/wiadomosci\/hospicjum-poszukuje-wolontariuszy-do-listopadowej-kwesty-potrzebne-jest-okolo-tysiaca-osob\/#primaryimage"},"thumbnailUrl":"https:\/\/www.24gliwice.pl\/wiadomosci\/wp-content\/uploads\/2016\/06\/1-hospicjum-001.jpg","datePublished":"2018-10-17T22:01:58+00:00","breadcrumb":{"@id":"https:\/\/www.24gliwice.pl\/wiadomosci\/hospicjum-poszukuje-wolontariuszy-do-listopadowej-kwesty-potrzebne-jest-okolo-tysiaca-osob\/#breadcrumb"},"inLanguage":"pl-PL","potentialAction":[{"@type":"ReadAction","target":["https:\/\/www.24gliwice.pl\/wiadomosci\/hospicjum-poszukuje-wolontariuszy-do-listopadowej-kwesty-potrzebne-jest-okolo-tysiaca-osob\/"]}]},{"@type":"ImageObject","inLanguage":"pl-PL","@id":"https:\/\/www.24gliwice.pl\/wiadomosci\/hospicjum-poszukuje-wolontariuszy-do-listopadowej-kwesty-potrzebne-jest-okolo-tysiaca-osob\/#primaryimage","url":"https:\/\/www.24gliwice.pl\/wiadomosci\/wp-content\/uploads\/2016\/06\/1-hospicjum-001.jpg","contentUrl":"https:\/\/www.24gliwice.pl\/wiadomosci\/wp-content\/uploads\/2016\/06\/1-hospicjum-001.jpg","width":820,"height":462},{"@type":"BreadcrumbList","@id":"https:\/\/www.24gliwice.pl\/wiadomosci\/hospicjum-poszukuje-wolontariuszy-do-listopadowej-kwesty-potrzebne-jest-okolo-tysiaca-osob\/#breadcrumb","itemListElement":[{"@type":"ListItem","position":1,"name":"Strona g\u0142\u00f3wna","item":"https:\/\/www.24gliwice.pl\/wiadomosci\/"},{"@type":"ListItem","position":2,"name":"Hospicjum poszukuje wolontariuszy do listopadowej kwesty. Potrzebne jest oko\u0142o tysi\u0105ca os\u00f3b"}]},{"@type":"WebSite","@id":"https:\/\/www.24gliwice.pl\/wiadomosci\/#website","url":"https:\/\/www.24gliwice.pl\/wiadomosci\/","name":"24GLIWICE - Portal Gliwice | codziennie nowe wiadomo\u015bci","description":"Portal Miejski Gliwice","publisher":{"@id":"https:\/\/www.24gliwice.pl\/wiadomosci\/#organization"},"potentialAction":[{"@type":"SearchAction","target":{"@type":"EntryPoint","urlTemplate":"https:\/\/www.24gliwice.pl\/wiadomosci\/?s={search_term_string}"},"query-input":{"@type":"PropertyValueSpecification","valueRequired":true,"valueName":"search_term_string"}}],"inLanguage":"pl-PL"},{"@type":"Organization","@id":"https:\/\/www.24gliwice.pl\/wiadomosci\/#organization","name":"24gliwice","url":"https:\/\/www.24gliwice.pl\/wiadomosci\/","logo":{"@type":"ImageObject","inLanguage":"pl-PL","@id":"https:\/\/www.24gliwice.pl\/wiadomosci\/#\/schema\/logo\/image\/","url":"https:\/\/www.24gliwice.pl\/wiadomosci\/wp-content\/uploads\/2024\/10\/24gliwice-logo-696.jpg","contentUrl":"https:\/\/www.24gliwice.pl\/wiadomosci\/wp-content\/uploads\/2024\/10\/24gliwice-logo-696.jpg","width":696,"height":696,"caption":"24gliwice"},"image":{"@id":"https:\/\/www.24gliwice.pl\/wiadomosci\/#\/schema\/logo\/image\/"},"sameAs":["https:\/\/www.facebook.com\/24gliwice","https:\/\/x.com\/24gliwice","https:\/\/www.youtube.com\/@24gliwice"]},{"@type":"Person","@id":"https:\/\/www.24gliwice.pl\/wiadomosci\/#\/schema\/person\/e42c650edd7f2fa332be3811fb166b6e","name":"\u017baneta Mrozek-Siewierska","image":{"@type":"ImageObject","inLanguage":"pl-PL","@id":"https:\/\/secure.gravatar.com\/avatar\/1881429e9c64597c77ad7aef2d0a19be69a3253e57534d16aa15bf3a4d34a0a3?s=96&d=mm&r=g","url":"https:\/\/secure.gravatar.com\/avatar\/1881429e9c64597c77ad7aef2d0a19be69a3253e57534d16aa15bf3a4d34a0a3?s=96&d=mm&r=g","contentUrl":"https:\/\/secure.gravatar.com\/avatar\/1881429e9c64597c77ad7aef2d0a19be69a3253e57534d16aa15bf3a4d34a0a3?s=96&d=mm&r=g","caption":"\u017baneta Mrozek-Siewierska"},"url":"https:\/\/www.24gliwice.pl\/wiadomosci\/author\/zms\/"}]}},"_links":{"self":[{"href":"https:\/\/www.24gliwice.pl\/wiadomosci\/wp-json\/wp\/v2\/posts\/124515","targetHints":{"allow":["GET"]}}],"collection":[{"href":"https:\/\/www.24gliwice.pl\/wiadomosci\/wp-json\/wp\/v2\/posts"}],"about":[{"href":"https:\/\/www.24gliwice.pl\/wiadomosci\/wp-json\/wp\/v2\/types\/post"}],"author":[{"embeddable":true,"href":"https:\/\/www.24gliwice.pl\/wiadomosci\/wp-json\/wp\/v2\/users\/15"}],"replies":[{"embeddable":true,"href":"https:\/\/www.24gliwice.pl\/wiadomosci\/wp-json\/wp\/v2\/comments?post=124515"}],"version-history":[{"count":0,"href":"https:\/\/www.24gliwice.pl\/wiadomosci\/wp-json\/wp\/v2\/posts\/124515\/revisions"}],"wp:featuredmedia":[{"embeddable":true,"href":"https:\/\/www.24gliwice.pl\/wiadomosci\/wp-json\/wp\/v2\/media\/85244"}],"wp:attachment":[{"href":"https:\/\/www.24gliwice.pl\/wiadomosci\/wp-json\/wp\/v2\/media?parent=124515"}],"wp:term":[{"taxonomy":"category","embeddable":true,"href":"https:\/\/www.24gliwice.pl\/wiadomosci\/wp-json\/wp\/v2\/categories?post=124515"},{"taxonomy":"post_tag","embeddable":true,"href":"https:\/\/www.24gliwice.pl\/wiadomosci\/wp-json\/wp\/v2\/tags?post=124515"}],"curies":[{"name":"wp","href":"https:\/\/api.w.org\/{rel}","templated":true}]}}