{"id":124634,"date":"2018-10-18T19:01:30","date_gmt":"2018-10-18T17:01:30","guid":{"rendered":"https:\/\/www.24gliwice.pl\/wiadomosci\/?p=124634"},"modified":"2018-10-18T19:01:40","modified_gmt":"2018-10-18T17:01:40","slug":"w-dzien-wysoka-temperatura-a-jakosc-powietrza-bardzo-zla-zaczynaja-sie-dni-ze-smogiem","status":"publish","type":"post","link":"https:\/\/www.24gliwice.pl\/wiadomosci\/w-dzien-wysoka-temperatura-a-jakosc-powietrza-bardzo-zla-zaczynaja-sie-dni-ze-smogiem\/","title":{"rendered":"W dzie\u0144 wysoka temperatura, a jako\u015b\u0107 powietrza bardzo z\u0142a. Zaczynaj\u0105 si\u0119 dni ze smogiem"},"content":{"rendered":"<div class=\"gliwi-a6-nad-leadem-artykulow gliwi-entity-placement\" id=\"gliwi-2398442860\"><div class=\"gliwi-adlabel\"><span style=\"font-size: 9px\">REKLAMA<\/span><\/div><div id=\"gliwi-3485189726\" style=\"margin-bottom: 25px;margin-left: auto;margin-right: auto;text-align: center;\"><a data-no-instant=\"1\" href=\"https:\/\/dom100.eu\/\" rel=\"noopener\" class=\"a2t-link\" target=\"_blank\" aria-label=\"20260415 DOM100 D\"><img loading=\"lazy\" decoding=\"async\" src=\"https:\/\/www.24gliwice.pl\/wiadomosci\/wp-content\/uploads\/2026\/04\/20260415-DOM100-D.jpg\" alt=\"\"  srcset=\"https:\/\/www.24gliwice.pl\/wiadomosci\/wp-content\/uploads\/2026\/04\/20260415-DOM100-D.jpg 750w, https:\/\/www.24gliwice.pl\/wiadomosci\/wp-content\/uploads\/2026\/04\/20260415-DOM100-D-410x109.jpg 410w\" sizes=\"(max-width: 750px) 100vw, 750px\" class=\"no-lazyload\" width=\"750\" height=\"200\"  style=\"display: inline-block; max-width: 100%; height: auto;\" \/><\/a><\/div><\/div><h3>Chocia\u017c w \u015brod\u0119, 17 pa\u017adziernika, temperatura w ci\u0105gu dnia przekracza\u0142a 20 stopni Celsjusza, kolejnego dnia rano jako\u015b\u0107 powietrza wskazywana przez czujniki Airly by\u0142a miejscami bardzo z\u0142a.<\/h3>\n<p>Dla wielu os\u00f3b rozpocz\u0105\u0142 si\u0119 ju\u017c sezon grzewczy.<\/p>\n<p>Druga dekada pa\u017adziernika obfituje w dni z bardzo pogodn\u0105 aur\u0105. Pomimo tego, szczeg\u00f3lnie rano, w powietrzu mo\u017cna wyczu\u0107 dym. Z\u0142\u0105 oraz bardzo z\u0142\u0105 jako\u015b\u0107 powietrza potwierdzaj\u0105 czujniki Airly, zainstalowane w r\u00f3\u017cnych cz\u0119\u015bciach miasta.<\/p><div class=\"gliwi-a3-w-tresci-artykulow gliwi-entity-placement\" id=\"gliwi-1136509856\"><div class=\"gliwi-adlabel\"><span style=\"font-size: 9px\">REKLAMA<\/span><\/div><div id=\"gliwi-109232638\" style=\"margin-bottom: 30px;margin-left: auto;margin-right: auto;text-align: center;\"><a data-no-instant=\"1\" href=\"https:\/\/ogrodyandersa.pl\/\" rel=\"noopener\" class=\"a2t-link\" target=\"_blank\" aria-label=\"20260415 Ogrody Andersa KUP TERAZ D\"><img loading=\"lazy\" decoding=\"async\" src=\"https:\/\/www.24gliwice.pl\/wiadomosci\/wp-content\/uploads\/2026\/04\/20260415-Ogrody-Andersa-KUP-TERAZ-D.jpg\" alt=\"\"  srcset=\"https:\/\/www.24gliwice.pl\/wiadomosci\/wp-content\/uploads\/2026\/04\/20260415-Ogrody-Andersa-KUP-TERAZ-D.jpg 750w, https:\/\/www.24gliwice.pl\/wiadomosci\/wp-content\/uploads\/2026\/04\/20260415-Ogrody-Andersa-KUP-TERAZ-D-410x109.jpg 410w\" sizes=\"(max-width: 750px) 100vw, 750px\" class=\"no-lazyload\" width=\"750\" height=\"200\"  style=\"display: inline-block; max-width: 100%; height: auto;\" \/><\/a><\/div><\/div>\n[perfectpullquote align=&#8221;full&#8221; bordertop=&#8221;false&#8221; cite=&#8221;&#8221; link=&#8221;&#8221; color=&#8221;&#8221; class=&#8221;&#8221; size=&#8221;&#8221;]Aktualnie mo\u017cna znale\u017a\u0107 je na ulicy Chorzowskiej, Sp\u00f3\u0142dzielczej, Bohater\u00f3w Getta Warszawskiego, Norberta Barlickiego, Zwyci\u0119stwa, Ko\u015bciuszki, Zakopia\u0144skiej, Architekt\u00f3w, a tak\u017ce na Placu Ja\u015bminu.[\/perfectpullquote]\n<p>W czwartek rano, oko\u0142o godziny 9:00 najgorsz\u0105 sytuacj\u0119, je\u015bli chodzi o jako\u015b\u0107 powietrza, wskazywa\u0142y czujniki zainstalowane przy ulicy Chorzowskiej oraz Sp\u00f3\u0142dzielczej, gdzie przekroczenia zawarto\u015bci py\u0142\u00f3w PM 10 i PM 2.5 wynosi\u0142y ponad 300 i 400 %.<\/p>\n<p>Z aktualnym stanem atmosfery mo\u017cna zapozna\u0107 si\u0119 na <a href=\"https:\/\/airly.eu\/map\/pl\/#50.26111,18.57323,i505\" target=\"_blank\" rel=\"noopener\">Mapie Airly<\/a>.<\/p>\n<p>\u017baneta Mrozek-Siewierska<\/p>\n<div class=\"gliwi-a5-na-koncu-artykulow gliwi-entity-placement\" id=\"gliwi-3042216499\"><div class=\"gliwi-adlabel\"><span style=\"font-size: 9px\">REKLAMA<\/span><\/div><div id=\"gliwi-515042731\" style=\"margin-left: auto;margin-right: auto;text-align: center;\"><a data-no-instant=\"1\" href=\"https:\/\/prezeroarenagliwice.pl\/\" rel=\"noopener\" class=\"a2t-link\" target=\"_blank\" aria-label=\"20260309-PREZERO-WIOSNA-D\"><img loading=\"lazy\" decoding=\"async\" src=\"https:\/\/www.24gliwice.pl\/wiadomosci\/wp-content\/uploads\/2026\/03\/20260309-PREZERO-WIOSNA-D.webp\" alt=\"\"  srcset=\"https:\/\/www.24gliwice.pl\/wiadomosci\/wp-content\/uploads\/2026\/03\/20260309-PREZERO-WIOSNA-D.webp 750w, https:\/\/www.24gliwice.pl\/wiadomosci\/wp-content\/uploads\/2026\/03\/20260309-PREZERO-WIOSNA-D-410x109.webp 410w\" sizes=\"(max-width: 750px) 100vw, 750px\" class=\"no-lazyload\" width=\"750\" height=\"200\"  style=\"display: inline-block; max-width: 100%; height: auto;\" \/><\/a><\/div><\/div>","protected":false},"excerpt":{"rendered":"<p>Chocia\u017c w \u015brod\u0119, 17 pa\u017adziernika, temperatura w ci\u0105gu dnia przekracza\u0142a 20 stopni Celsjusza, kolejnego dnia rano jako\u015b\u0107 powietrza wskazywana przez czujniki Airly by\u0142a miejscami bardzo z\u0142a. Dla wielu os\u00f3b rozpocz\u0105\u0142 si\u0119 ju\u017c sezon grzewczy. Druga dekada pa\u017adziernika obfituje w dni z bardzo pogodn\u0105 aur\u0105. Pomimo tego, szczeg\u00f3lnie rano, w powietrzu mo\u017cna wyczu\u0107 dym. Z\u0142\u0105 oraz [&hellip;]<\/p>\n","protected":false},"author":15,"featured_media":55271,"comment_status":"open","ping_status":"closed","sticky":false,"template":"","format":"standard","meta":{"_monsterinsights_skip_tracking":false,"_monsterinsights_sitenote_active":false,"_monsterinsights_sitenote_note":"","_monsterinsights_sitenote_category":0,"footnotes":"","_links_to":"","_links_to_target":""},"categories":[3,1],"tags":[10453,10454,11176,9013,10698,9014,8322,8204,8318],"class_list":["post-124634","post","type-post","status-publish","format-standard","has-post-thumbnail","hentry","category-gliwice","category-wszystko","tag-airly","tag-czujnik","tag-czujniki-airly","tag-pm-10","tag-pm-2","tag-pm-2-5","tag-powietrze","tag-smog","tag-zanieczyszczenie-powietrza"],"yoast_head":"<!-- This site is optimized with the Yoast SEO plugin v27.5 - https:\/\/yoast.com\/product\/yoast-seo-wordpress\/ -->\n<title>W dzie\u0144 wysoka temperatura, a jako\u015b\u0107 powietrza bardzo z\u0142a. Zaczynaj\u0105 si\u0119 dni ze smogiem - 24GLIWICE - Portal Gliwice | codziennie nowe informacje<\/title>\n<meta name=\"robots\" content=\"index, follow, max-snippet:-1, max-image-preview:large, max-video-preview:-1\" \/>\n<link rel=\"canonical\" href=\"https:\/\/www.24gliwice.pl\/wiadomosci\/w-dzien-wysoka-temperatura-a-jakosc-powietrza-bardzo-zla-zaczynaja-sie-dni-ze-smogiem\/\" \/>\n<meta property=\"og:locale\" content=\"pl_PL\" \/>\n<meta property=\"og:type\" content=\"article\" \/>\n<meta property=\"og:title\" content=\"W dzie\u0144 wysoka temperatura, a jako\u015b\u0107 powietrza bardzo z\u0142a. Zaczynaj\u0105 si\u0119 dni ze smogiem - 24GLIWICE - Portal Gliwice | codziennie nowe informacje\" \/>\n<meta property=\"og:description\" content=\"Chocia\u017c w \u015brod\u0119, 17 pa\u017adziernika, temperatura w ci\u0105gu dnia przekracza\u0142a 20 stopni Celsjusza, kolejnego dnia rano jako\u015b\u0107 powietrza wskazywana przez czujniki Airly by\u0142a miejscami bardzo z\u0142a. Dla wielu os\u00f3b rozpocz\u0105\u0142 si\u0119 ju\u017c sezon grzewczy. Druga dekada pa\u017adziernika obfituje w dni z bardzo pogodn\u0105 aur\u0105. Pomimo tego, szczeg\u00f3lnie rano, w powietrzu mo\u017cna wyczu\u0107 dym. Z\u0142\u0105 oraz [&hellip;]\" \/>\n<meta property=\"og:url\" content=\"https:\/\/www.24gliwice.pl\/wiadomosci\/w-dzien-wysoka-temperatura-a-jakosc-powietrza-bardzo-zla-zaczynaja-sie-dni-ze-smogiem\/\" \/>\n<meta property=\"og:site_name\" content=\"24GLIWICE - Portal Gliwice | codziennie nowe informacje\" \/>\n<meta property=\"article:publisher\" content=\"https:\/\/www.facebook.com\/24gliwice\" \/>\n<meta property=\"article:published_time\" content=\"2018-10-18T17:01:30+00:00\" \/>\n<meta property=\"article:modified_time\" content=\"2018-10-18T17:01:40+00:00\" \/>\n<meta property=\"og:image\" content=\"https:\/\/www.24gliwice.pl\/wiadomosci\/wp-content\/uploads\/2013\/10\/smog.jpg\" \/>\n\t<meta property=\"og:image:width\" content=\"660\" \/>\n\t<meta property=\"og:image:height\" content=\"371\" \/>\n\t<meta property=\"og:image:type\" content=\"image\/jpeg\" \/>\n<meta name=\"author\" content=\"\u017baneta Mrozek-Siewierska\" \/>\n<meta name=\"twitter:card\" content=\"summary_large_image\" \/>\n<meta name=\"twitter:creator\" content=\"@24gliwice\" \/>\n<meta name=\"twitter:site\" content=\"@24gliwice\" \/>\n<meta name=\"twitter:label1\" content=\"Napisane przez\" \/>\n\t<meta name=\"twitter:data1\" content=\"\u017baneta Mrozek-Siewierska\" \/>\n\t<meta name=\"twitter:label2\" content=\"Szacowany czas czytania\" \/>\n\t<meta name=\"twitter:data2\" content=\"1 minuta\" \/>\n<script type=\"application\/ld+json\" class=\"yoast-schema-graph\">{\"@context\":\"https:\\\/\\\/schema.org\",\"@graph\":[{\"@type\":\"Article\",\"@id\":\"https:\\\/\\\/www.24gliwice.pl\\\/wiadomosci\\\/w-dzien-wysoka-temperatura-a-jakosc-powietrza-bardzo-zla-zaczynaja-sie-dni-ze-smogiem\\\/#article\",\"isPartOf\":{\"@id\":\"https:\\\/\\\/www.24gliwice.pl\\\/wiadomosci\\\/w-dzien-wysoka-temperatura-a-jakosc-powietrza-bardzo-zla-zaczynaja-sie-dni-ze-smogiem\\\/\"},\"author\":{\"name\":\"\u017baneta Mrozek-Siewierska\",\"@id\":\"https:\\\/\\\/www.24gliwice.pl\\\/wiadomosci\\\/#\\\/schema\\\/person\\\/e42c650edd7f2fa332be3811fb166b6e\"},\"headline\":\"W dzie\u0144 wysoka temperatura, a jako\u015b\u0107 powietrza bardzo z\u0142a. Zaczynaj\u0105 si\u0119 dni ze smogiem\",\"datePublished\":\"2018-10-18T17:01:30+00:00\",\"dateModified\":\"2018-10-18T17:01:40+00:00\",\"mainEntityOfPage\":{\"@id\":\"https:\\\/\\\/www.24gliwice.pl\\\/wiadomosci\\\/w-dzien-wysoka-temperatura-a-jakosc-powietrza-bardzo-zla-zaczynaja-sie-dni-ze-smogiem\\\/\"},\"wordCount\":183,\"commentCount\":0,\"publisher\":{\"@id\":\"https:\\\/\\\/www.24gliwice.pl\\\/wiadomosci\\\/#organization\"},\"image\":{\"@id\":\"https:\\\/\\\/www.24gliwice.pl\\\/wiadomosci\\\/w-dzien-wysoka-temperatura-a-jakosc-powietrza-bardzo-zla-zaczynaja-sie-dni-ze-smogiem\\\/#primaryimage\"},\"thumbnailUrl\":\"https:\\\/\\\/www.24gliwice.pl\\\/wiadomosci\\\/wp-content\\\/uploads\\\/2013\\\/10\\\/smog.jpg\",\"keywords\":[\"airly\",\"czujnik\",\"czujniki airly\",\"pm 10\",\"pm 2\",\"pm 2.5\",\"powietrze\",\"SMOG\",\"zanieczyszczenie powietrza\"],\"articleSection\":[\"Gliwice\",\"Najnowsze wiadomo\u015bci\"],\"inLanguage\":\"pl-PL\",\"potentialAction\":[{\"@type\":\"CommentAction\",\"name\":\"Comment\",\"target\":[\"https:\\\/\\\/www.24gliwice.pl\\\/wiadomosci\\\/w-dzien-wysoka-temperatura-a-jakosc-powietrza-bardzo-zla-zaczynaja-sie-dni-ze-smogiem\\\/#respond\"]}]},{\"@type\":\"WebPage\",\"@id\":\"https:\\\/\\\/www.24gliwice.pl\\\/wiadomosci\\\/w-dzien-wysoka-temperatura-a-jakosc-powietrza-bardzo-zla-zaczynaja-sie-dni-ze-smogiem\\\/\",\"url\":\"https:\\\/\\\/www.24gliwice.pl\\\/wiadomosci\\\/w-dzien-wysoka-temperatura-a-jakosc-powietrza-bardzo-zla-zaczynaja-sie-dni-ze-smogiem\\\/\",\"name\":\"W dzie\u0144 wysoka temperatura, a jako\u015b\u0107 powietrza bardzo z\u0142a. Zaczynaj\u0105 si\u0119 dni ze smogiem - 24GLIWICE - Portal Gliwice | codziennie nowe informacje\",\"isPartOf\":{\"@id\":\"https:\\\/\\\/www.24gliwice.pl\\\/wiadomosci\\\/#website\"},\"primaryImageOfPage\":{\"@id\":\"https:\\\/\\\/www.24gliwice.pl\\\/wiadomosci\\\/w-dzien-wysoka-temperatura-a-jakosc-powietrza-bardzo-zla-zaczynaja-sie-dni-ze-smogiem\\\/#primaryimage\"},\"image\":{\"@id\":\"https:\\\/\\\/www.24gliwice.pl\\\/wiadomosci\\\/w-dzien-wysoka-temperatura-a-jakosc-powietrza-bardzo-zla-zaczynaja-sie-dni-ze-smogiem\\\/#primaryimage\"},\"thumbnailUrl\":\"https:\\\/\\\/www.24gliwice.pl\\\/wiadomosci\\\/wp-content\\\/uploads\\\/2013\\\/10\\\/smog.jpg\",\"datePublished\":\"2018-10-18T17:01:30+00:00\",\"dateModified\":\"2018-10-18T17:01:40+00:00\",\"breadcrumb\":{\"@id\":\"https:\\\/\\\/www.24gliwice.pl\\\/wiadomosci\\\/w-dzien-wysoka-temperatura-a-jakosc-powietrza-bardzo-zla-zaczynaja-sie-dni-ze-smogiem\\\/#breadcrumb\"},\"inLanguage\":\"pl-PL\",\"potentialAction\":[{\"@type\":\"ReadAction\",\"target\":[\"https:\\\/\\\/www.24gliwice.pl\\\/wiadomosci\\\/w-dzien-wysoka-temperatura-a-jakosc-powietrza-bardzo-zla-zaczynaja-sie-dni-ze-smogiem\\\/\"]}]},{\"@type\":\"ImageObject\",\"inLanguage\":\"pl-PL\",\"@id\":\"https:\\\/\\\/www.24gliwice.pl\\\/wiadomosci\\\/w-dzien-wysoka-temperatura-a-jakosc-powietrza-bardzo-zla-zaczynaja-sie-dni-ze-smogiem\\\/#primaryimage\",\"url\":\"https:\\\/\\\/www.24gliwice.pl\\\/wiadomosci\\\/wp-content\\\/uploads\\\/2013\\\/10\\\/smog.jpg\",\"contentUrl\":\"https:\\\/\\\/www.24gliwice.pl\\\/wiadomosci\\\/wp-content\\\/uploads\\\/2013\\\/10\\\/smog.jpg\",\"width\":660,\"height\":371},{\"@type\":\"BreadcrumbList\",\"@id\":\"https:\\\/\\\/www.24gliwice.pl\\\/wiadomosci\\\/w-dzien-wysoka-temperatura-a-jakosc-powietrza-bardzo-zla-zaczynaja-sie-dni-ze-smogiem\\\/#breadcrumb\",\"itemListElement\":[{\"@type\":\"ListItem\",\"position\":1,\"name\":\"Strona g\u0142\u00f3wna\",\"item\":\"https:\\\/\\\/www.24gliwice.pl\\\/wiadomosci\\\/\"},{\"@type\":\"ListItem\",\"position\":2,\"name\":\"W dzie\u0144 wysoka temperatura, a jako\u015b\u0107 powietrza bardzo z\u0142a. Zaczynaj\u0105 si\u0119 dni ze smogiem\"}]},{\"@type\":\"WebSite\",\"@id\":\"https:\\\/\\\/www.24gliwice.pl\\\/wiadomosci\\\/#website\",\"url\":\"https:\\\/\\\/www.24gliwice.pl\\\/wiadomosci\\\/\",\"name\":\"24GLIWICE - Portal Gliwice | codziennie nowe wiadomo\u015bci\",\"description\":\"Portal Miejski Gliwice\",\"publisher\":{\"@id\":\"https:\\\/\\\/www.24gliwice.pl\\\/wiadomosci\\\/#organization\"},\"potentialAction\":[{\"@type\":\"SearchAction\",\"target\":{\"@type\":\"EntryPoint\",\"urlTemplate\":\"https:\\\/\\\/www.24gliwice.pl\\\/wiadomosci\\\/?s={search_term_string}\"},\"query-input\":{\"@type\":\"PropertyValueSpecification\",\"valueRequired\":true,\"valueName\":\"search_term_string\"}}],\"inLanguage\":\"pl-PL\"},{\"@type\":\"Organization\",\"@id\":\"https:\\\/\\\/www.24gliwice.pl\\\/wiadomosci\\\/#organization\",\"name\":\"24gliwice\",\"url\":\"https:\\\/\\\/www.24gliwice.pl\\\/wiadomosci\\\/\",\"logo\":{\"@type\":\"ImageObject\",\"inLanguage\":\"pl-PL\",\"@id\":\"https:\\\/\\\/www.24gliwice.pl\\\/wiadomosci\\\/#\\\/schema\\\/logo\\\/image\\\/\",\"url\":\"https:\\\/\\\/www.24gliwice.pl\\\/wiadomosci\\\/wp-content\\\/uploads\\\/2024\\\/10\\\/24gliwice-logo-696.jpg\",\"contentUrl\":\"https:\\\/\\\/www.24gliwice.pl\\\/wiadomosci\\\/wp-content\\\/uploads\\\/2024\\\/10\\\/24gliwice-logo-696.jpg\",\"width\":696,\"height\":696,\"caption\":\"24gliwice\"},\"image\":{\"@id\":\"https:\\\/\\\/www.24gliwice.pl\\\/wiadomosci\\\/#\\\/schema\\\/logo\\\/image\\\/\"},\"sameAs\":[\"https:\\\/\\\/www.facebook.com\\\/24gliwice\",\"https:\\\/\\\/x.com\\\/24gliwice\",\"https:\\\/\\\/www.youtube.com\\\/@24gliwice\"]},{\"@type\":\"Person\",\"@id\":\"https:\\\/\\\/www.24gliwice.pl\\\/wiadomosci\\\/#\\\/schema\\\/person\\\/e42c650edd7f2fa332be3811fb166b6e\",\"name\":\"\u017baneta Mrozek-Siewierska\",\"image\":{\"@type\":\"ImageObject\",\"inLanguage\":\"pl-PL\",\"@id\":\"https:\\\/\\\/secure.gravatar.com\\\/avatar\\\/1881429e9c64597c77ad7aef2d0a19be69a3253e57534d16aa15bf3a4d34a0a3?s=96&d=mm&r=g\",\"url\":\"https:\\\/\\\/secure.gravatar.com\\\/avatar\\\/1881429e9c64597c77ad7aef2d0a19be69a3253e57534d16aa15bf3a4d34a0a3?s=96&d=mm&r=g\",\"contentUrl\":\"https:\\\/\\\/secure.gravatar.com\\\/avatar\\\/1881429e9c64597c77ad7aef2d0a19be69a3253e57534d16aa15bf3a4d34a0a3?s=96&d=mm&r=g\",\"caption\":\"\u017baneta Mrozek-Siewierska\"},\"url\":\"https:\\\/\\\/www.24gliwice.pl\\\/wiadomosci\\\/author\\\/zms\\\/\"}]}<\/script>\n<!-- \/ Yoast SEO plugin. -->","yoast_head_json":{"title":"W dzie\u0144 wysoka temperatura, a jako\u015b\u0107 powietrza bardzo z\u0142a. Zaczynaj\u0105 si\u0119 dni ze smogiem - 24GLIWICE - Portal Gliwice | codziennie nowe informacje","robots":{"index":"index","follow":"follow","max-snippet":"max-snippet:-1","max-image-preview":"max-image-preview:large","max-video-preview":"max-video-preview:-1"},"canonical":"https:\/\/www.24gliwice.pl\/wiadomosci\/w-dzien-wysoka-temperatura-a-jakosc-powietrza-bardzo-zla-zaczynaja-sie-dni-ze-smogiem\/","og_locale":"pl_PL","og_type":"article","og_title":"W dzie\u0144 wysoka temperatura, a jako\u015b\u0107 powietrza bardzo z\u0142a. Zaczynaj\u0105 si\u0119 dni ze smogiem - 24GLIWICE - Portal Gliwice | codziennie nowe informacje","og_description":"Chocia\u017c w \u015brod\u0119, 17 pa\u017adziernika, temperatura w ci\u0105gu dnia przekracza\u0142a 20 stopni Celsjusza, kolejnego dnia rano jako\u015b\u0107 powietrza wskazywana przez czujniki Airly by\u0142a miejscami bardzo z\u0142a. Dla wielu os\u00f3b rozpocz\u0105\u0142 si\u0119 ju\u017c sezon grzewczy. Druga dekada pa\u017adziernika obfituje w dni z bardzo pogodn\u0105 aur\u0105. Pomimo tego, szczeg\u00f3lnie rano, w powietrzu mo\u017cna wyczu\u0107 dym. Z\u0142\u0105 oraz [&hellip;]","og_url":"https:\/\/www.24gliwice.pl\/wiadomosci\/w-dzien-wysoka-temperatura-a-jakosc-powietrza-bardzo-zla-zaczynaja-sie-dni-ze-smogiem\/","og_site_name":"24GLIWICE - Portal Gliwice | codziennie nowe informacje","article_publisher":"https:\/\/www.facebook.com\/24gliwice","article_published_time":"2018-10-18T17:01:30+00:00","article_modified_time":"2018-10-18T17:01:40+00:00","og_image":[{"width":660,"height":371,"url":"https:\/\/www.24gliwice.pl\/wiadomosci\/wp-content\/uploads\/2013\/10\/smog.jpg","type":"image\/jpeg"}],"author":"\u017baneta Mrozek-Siewierska","twitter_card":"summary_large_image","twitter_creator":"@24gliwice","twitter_site":"@24gliwice","twitter_misc":{"Napisane przez":"\u017baneta Mrozek-Siewierska","Szacowany czas czytania":"1 minuta"},"schema":{"@context":"https:\/\/schema.org","@graph":[{"@type":"Article","@id":"https:\/\/www.24gliwice.pl\/wiadomosci\/w-dzien-wysoka-temperatura-a-jakosc-powietrza-bardzo-zla-zaczynaja-sie-dni-ze-smogiem\/#article","isPartOf":{"@id":"https:\/\/www.24gliwice.pl\/wiadomosci\/w-dzien-wysoka-temperatura-a-jakosc-powietrza-bardzo-zla-zaczynaja-sie-dni-ze-smogiem\/"},"author":{"name":"\u017baneta Mrozek-Siewierska","@id":"https:\/\/www.24gliwice.pl\/wiadomosci\/#\/schema\/person\/e42c650edd7f2fa332be3811fb166b6e"},"headline":"W dzie\u0144 wysoka temperatura, a jako\u015b\u0107 powietrza bardzo z\u0142a. Zaczynaj\u0105 si\u0119 dni ze smogiem","datePublished":"2018-10-18T17:01:30+00:00","dateModified":"2018-10-18T17:01:40+00:00","mainEntityOfPage":{"@id":"https:\/\/www.24gliwice.pl\/wiadomosci\/w-dzien-wysoka-temperatura-a-jakosc-powietrza-bardzo-zla-zaczynaja-sie-dni-ze-smogiem\/"},"wordCount":183,"commentCount":0,"publisher":{"@id":"https:\/\/www.24gliwice.pl\/wiadomosci\/#organization"},"image":{"@id":"https:\/\/www.24gliwice.pl\/wiadomosci\/w-dzien-wysoka-temperatura-a-jakosc-powietrza-bardzo-zla-zaczynaja-sie-dni-ze-smogiem\/#primaryimage"},"thumbnailUrl":"https:\/\/www.24gliwice.pl\/wiadomosci\/wp-content\/uploads\/2013\/10\/smog.jpg","keywords":["airly","czujnik","czujniki airly","pm 10","pm 2","pm 2.5","powietrze","SMOG","zanieczyszczenie powietrza"],"articleSection":["Gliwice","Najnowsze wiadomo\u015bci"],"inLanguage":"pl-PL","potentialAction":[{"@type":"CommentAction","name":"Comment","target":["https:\/\/www.24gliwice.pl\/wiadomosci\/w-dzien-wysoka-temperatura-a-jakosc-powietrza-bardzo-zla-zaczynaja-sie-dni-ze-smogiem\/#respond"]}]},{"@type":"WebPage","@id":"https:\/\/www.24gliwice.pl\/wiadomosci\/w-dzien-wysoka-temperatura-a-jakosc-powietrza-bardzo-zla-zaczynaja-sie-dni-ze-smogiem\/","url":"https:\/\/www.24gliwice.pl\/wiadomosci\/w-dzien-wysoka-temperatura-a-jakosc-powietrza-bardzo-zla-zaczynaja-sie-dni-ze-smogiem\/","name":"W dzie\u0144 wysoka temperatura, a jako\u015b\u0107 powietrza bardzo z\u0142a. Zaczynaj\u0105 si\u0119 dni ze smogiem - 24GLIWICE - Portal Gliwice | codziennie nowe informacje","isPartOf":{"@id":"https:\/\/www.24gliwice.pl\/wiadomosci\/#website"},"primaryImageOfPage":{"@id":"https:\/\/www.24gliwice.pl\/wiadomosci\/w-dzien-wysoka-temperatura-a-jakosc-powietrza-bardzo-zla-zaczynaja-sie-dni-ze-smogiem\/#primaryimage"},"image":{"@id":"https:\/\/www.24gliwice.pl\/wiadomosci\/w-dzien-wysoka-temperatura-a-jakosc-powietrza-bardzo-zla-zaczynaja-sie-dni-ze-smogiem\/#primaryimage"},"thumbnailUrl":"https:\/\/www.24gliwice.pl\/wiadomosci\/wp-content\/uploads\/2013\/10\/smog.jpg","datePublished":"2018-10-18T17:01:30+00:00","dateModified":"2018-10-18T17:01:40+00:00","breadcrumb":{"@id":"https:\/\/www.24gliwice.pl\/wiadomosci\/w-dzien-wysoka-temperatura-a-jakosc-powietrza-bardzo-zla-zaczynaja-sie-dni-ze-smogiem\/#breadcrumb"},"inLanguage":"pl-PL","potentialAction":[{"@type":"ReadAction","target":["https:\/\/www.24gliwice.pl\/wiadomosci\/w-dzien-wysoka-temperatura-a-jakosc-powietrza-bardzo-zla-zaczynaja-sie-dni-ze-smogiem\/"]}]},{"@type":"ImageObject","inLanguage":"pl-PL","@id":"https:\/\/www.24gliwice.pl\/wiadomosci\/w-dzien-wysoka-temperatura-a-jakosc-powietrza-bardzo-zla-zaczynaja-sie-dni-ze-smogiem\/#primaryimage","url":"https:\/\/www.24gliwice.pl\/wiadomosci\/wp-content\/uploads\/2013\/10\/smog.jpg","contentUrl":"https:\/\/www.24gliwice.pl\/wiadomosci\/wp-content\/uploads\/2013\/10\/smog.jpg","width":660,"height":371},{"@type":"BreadcrumbList","@id":"https:\/\/www.24gliwice.pl\/wiadomosci\/w-dzien-wysoka-temperatura-a-jakosc-powietrza-bardzo-zla-zaczynaja-sie-dni-ze-smogiem\/#breadcrumb","itemListElement":[{"@type":"ListItem","position":1,"name":"Strona g\u0142\u00f3wna","item":"https:\/\/www.24gliwice.pl\/wiadomosci\/"},{"@type":"ListItem","position":2,"name":"W dzie\u0144 wysoka temperatura, a jako\u015b\u0107 powietrza bardzo z\u0142a. Zaczynaj\u0105 si\u0119 dni ze smogiem"}]},{"@type":"WebSite","@id":"https:\/\/www.24gliwice.pl\/wiadomosci\/#website","url":"https:\/\/www.24gliwice.pl\/wiadomosci\/","name":"24GLIWICE - Portal Gliwice | codziennie nowe wiadomo\u015bci","description":"Portal Miejski Gliwice","publisher":{"@id":"https:\/\/www.24gliwice.pl\/wiadomosci\/#organization"},"potentialAction":[{"@type":"SearchAction","target":{"@type":"EntryPoint","urlTemplate":"https:\/\/www.24gliwice.pl\/wiadomosci\/?s={search_term_string}"},"query-input":{"@type":"PropertyValueSpecification","valueRequired":true,"valueName":"search_term_string"}}],"inLanguage":"pl-PL"},{"@type":"Organization","@id":"https:\/\/www.24gliwice.pl\/wiadomosci\/#organization","name":"24gliwice","url":"https:\/\/www.24gliwice.pl\/wiadomosci\/","logo":{"@type":"ImageObject","inLanguage":"pl-PL","@id":"https:\/\/www.24gliwice.pl\/wiadomosci\/#\/schema\/logo\/image\/","url":"https:\/\/www.24gliwice.pl\/wiadomosci\/wp-content\/uploads\/2024\/10\/24gliwice-logo-696.jpg","contentUrl":"https:\/\/www.24gliwice.pl\/wiadomosci\/wp-content\/uploads\/2024\/10\/24gliwice-logo-696.jpg","width":696,"height":696,"caption":"24gliwice"},"image":{"@id":"https:\/\/www.24gliwice.pl\/wiadomosci\/#\/schema\/logo\/image\/"},"sameAs":["https:\/\/www.facebook.com\/24gliwice","https:\/\/x.com\/24gliwice","https:\/\/www.youtube.com\/@24gliwice"]},{"@type":"Person","@id":"https:\/\/www.24gliwice.pl\/wiadomosci\/#\/schema\/person\/e42c650edd7f2fa332be3811fb166b6e","name":"\u017baneta Mrozek-Siewierska","image":{"@type":"ImageObject","inLanguage":"pl-PL","@id":"https:\/\/secure.gravatar.com\/avatar\/1881429e9c64597c77ad7aef2d0a19be69a3253e57534d16aa15bf3a4d34a0a3?s=96&d=mm&r=g","url":"https:\/\/secure.gravatar.com\/avatar\/1881429e9c64597c77ad7aef2d0a19be69a3253e57534d16aa15bf3a4d34a0a3?s=96&d=mm&r=g","contentUrl":"https:\/\/secure.gravatar.com\/avatar\/1881429e9c64597c77ad7aef2d0a19be69a3253e57534d16aa15bf3a4d34a0a3?s=96&d=mm&r=g","caption":"\u017baneta Mrozek-Siewierska"},"url":"https:\/\/www.24gliwice.pl\/wiadomosci\/author\/zms\/"}]}},"_links":{"self":[{"href":"https:\/\/www.24gliwice.pl\/wiadomosci\/wp-json\/wp\/v2\/posts\/124634","targetHints":{"allow":["GET"]}}],"collection":[{"href":"https:\/\/www.24gliwice.pl\/wiadomosci\/wp-json\/wp\/v2\/posts"}],"about":[{"href":"https:\/\/www.24gliwice.pl\/wiadomosci\/wp-json\/wp\/v2\/types\/post"}],"author":[{"embeddable":true,"href":"https:\/\/www.24gliwice.pl\/wiadomosci\/wp-json\/wp\/v2\/users\/15"}],"replies":[{"embeddable":true,"href":"https:\/\/www.24gliwice.pl\/wiadomosci\/wp-json\/wp\/v2\/comments?post=124634"}],"version-history":[{"count":0,"href":"https:\/\/www.24gliwice.pl\/wiadomosci\/wp-json\/wp\/v2\/posts\/124634\/revisions"}],"wp:featuredmedia":[{"embeddable":true,"href":"https:\/\/www.24gliwice.pl\/wiadomosci\/wp-json\/wp\/v2\/media\/55271"}],"wp:attachment":[{"href":"https:\/\/www.24gliwice.pl\/wiadomosci\/wp-json\/wp\/v2\/media?parent=124634"}],"wp:term":[{"taxonomy":"category","embeddable":true,"href":"https:\/\/www.24gliwice.pl\/wiadomosci\/wp-json\/wp\/v2\/categories?post=124634"},{"taxonomy":"post_tag","embeddable":true,"href":"https:\/\/www.24gliwice.pl\/wiadomosci\/wp-json\/wp\/v2\/tags?post=124634"}],"curies":[{"name":"wp","href":"https:\/\/api.w.org\/{rel}","templated":true}]}}