{"id":126050,"date":"2018-11-20T02:01:24","date_gmt":"2018-11-20T01:01:24","guid":{"rendered":"https:\/\/www.24gliwice.pl\/wiadomosci\/?p=126050"},"modified":"2018-11-20T02:01:24","modified_gmt":"2018-11-20T01:01:24","slug":"kino-przy-ulicy-dolnych-walow-istnieje-od-90-lat-dwa-razy-zmienialo-nazwe","status":"publish","type":"post","link":"https:\/\/www.24gliwice.pl\/wiadomosci\/kino-przy-ulicy-dolnych-walow-istnieje-od-90-lat-dwa-razy-zmienialo-nazwe\/","title":{"rendered":"Kino przy ulicy Dolnych Wa\u0142\u00f3w istnieje od 90 lat. Dwa razy zmienia\u0142o nazw\u0119"},"content":{"rendered":"<div class=\"gliwi-a6-nad-leadem-artykulow gliwi-entity-placement\" id=\"gliwi-2332974527\"><div class=\"gliwi-adlabel\"><span style=\"font-size: 9px\">REKLAMA<\/span><\/div><div id=\"gliwi-2189303693\" style=\"margin-bottom: 30px;margin-left: auto;margin-right: auto;text-align: center;\"><a data-no-instant=\"1\" href=\"https:\/\/przedszkole.halogen.org.pl\/\" rel=\"noopener\" class=\"a2t-link\" target=\"_blank\" aria-label=\"20260402-ANIMATOR-przedszkole_grafika_750x200\"><img loading=\"lazy\" decoding=\"async\" src=\"https:\/\/www.24gliwice.pl\/wiadomosci\/wp-content\/uploads\/2026\/04\/20260402-ANIMATOR-przedszkole_grafika_750x200.webp\" alt=\"\"  srcset=\"https:\/\/www.24gliwice.pl\/wiadomosci\/wp-content\/uploads\/2026\/04\/20260402-ANIMATOR-przedszkole_grafika_750x200.webp 750w, https:\/\/www.24gliwice.pl\/wiadomosci\/wp-content\/uploads\/2026\/04\/20260402-ANIMATOR-przedszkole_grafika_750x200-410x109.webp 410w\" sizes=\"(max-width: 750px) 100vw, 750px\" class=\"no-lazyload\" width=\"750\" height=\"200\"  style=\"display: inline-block; max-width: 100%; height: auto;\" \/><\/a><\/div><\/div><h3>90 lat temu, 8 grudnia 1928 roku, przy ulicy Dolnych Wa\u0142\u00f3w otwarto kolejne w Gliwicach kino. Pocz\u0105tkowo nosi\u0142o nazw\u0119 U.T. Lichtspiele (od Union-Theater), by po roku zmieni\u0107 j\u0105 na bardziej presti\u017cow\u0105 U.P. Lichtspiele (od Union-Palast), co przypiecz\u0119towa\u0142o charakter kina pa\u0142acowego.<\/h3>\n<p>Budynek zaprojektowa\u0142 <strong>Richard Brosche<\/strong>, architekt czeski, kt\u00f3ry w doros\u0142ym \u017cyciu zamieszka\u0142 w Duisburgu-Homborn nad Renem. Specjalizowa\u0142 si\u0119 w obiektach publicznych, zw\u0142aszcza teatrach i kinach. Tych ostatnich zaprojektowa\u0142 du\u017co w Czechach.<\/p>\n[perfectpullquote align=&#8221;full&#8221; bordertop=&#8221;false&#8221; cite=&#8221;&#8221; link=&#8221;&#8221; color=&#8221;&#8221; class=&#8221;&#8221; size=&#8221;&#8221;]Inwestorem i w\u0142a\u015bcicielem kina by\u0142a sp\u00f3\u0142ka Union, za\u0142o\u017cona przez Alfreda Salzwedla, Eduarda Skowronka i Richarda Waltera.[\/perfectpullquote]\n<p>Pierwszy z nich zosta\u0142 menad\u017cerem kina, drugi. b\u0119d\u0105c w\u0142a\u015bcicielem firmy zajmuj\u0105cej si\u0119 instalacjami elektrycznymi, czuwa\u0142 nad tymi pracami w powstaj\u0105cym obiekcie, ostatni handlowa\u0142 materia\u0142ami dekoracyjnymi i dywanami, co r\u00f3wnie\u017c wykorzystano przy projektowaniu wystroju wn\u0119trza.<\/p><div class=\"gliwi-a3-w-tresci-artykulow gliwi-entity-placement\" id=\"gliwi-1912720514\"><div class=\"gliwi-adlabel\"><span style=\"font-size: 9px\">REKLAMA<\/span><\/div><div id=\"gliwi-3309013945\" style=\"margin-bottom: 30px;margin-left: auto;margin-right: auto;text-align: center;\"><a data-no-instant=\"1\" href=\"https:\/\/ogrodyandersa.pl\/\" rel=\"noopener\" class=\"a2t-link\" target=\"_blank\" aria-label=\"20260415 Ogrody Andersa KUP TERAZ D\"><img loading=\"lazy\" decoding=\"async\" src=\"https:\/\/www.24gliwice.pl\/wiadomosci\/wp-content\/uploads\/2026\/04\/20260415-Ogrody-Andersa-KUP-TERAZ-D.jpg\" alt=\"\"  srcset=\"https:\/\/www.24gliwice.pl\/wiadomosci\/wp-content\/uploads\/2026\/04\/20260415-Ogrody-Andersa-KUP-TERAZ-D.jpg 750w, https:\/\/www.24gliwice.pl\/wiadomosci\/wp-content\/uploads\/2026\/04\/20260415-Ogrody-Andersa-KUP-TERAZ-D-410x109.jpg 410w\" sizes=\"(max-width: 750px) 100vw, 750px\" class=\"no-lazyload\" width=\"750\" height=\"200\"  style=\"display: inline-block; max-width: 100%; height: auto;\" \/><\/a><\/div><\/div>\n<p>Budow\u0119 rozpocz\u0119to w marcu 1928 roku, a uroczyste otwarcie tysi\u0105cosobowej sali przy Niederwallstr. 3 (ul. Dolnych Wa\u0142\u00f3w) nast\u0105pi\u0142o w sobot\u0119 8 grudnia 1928 roku. Prasa szczeg\u00f3\u0142owo opisywa\u0142a wygl\u0105d obiektu. Dolny hol, klatki schodowe oraz przej\u015bcia do l\u00f3\u017c balkonowych by\u0142y utrzymane w tonie jasnoniebieskim. Pod\u0142ogi wy\u0142o\u017cono mi\u0119kkimi dywanami, \u015bciany jedwabnym pluszem. Sal\u0119 widowni zaaran\u017cowano w kolorze czerwieni i z\u0142ota, z niebieskimi akcentami po bokach.<\/p>\n[perfectpullquote align=&#8221;full&#8221; bordertop=&#8221;false&#8221; cite=&#8221;&#8221; link=&#8221;&#8221; color=&#8221;&#8221; class=&#8221;&#8221; size=&#8221;&#8221;]Rozproszone \u015bwiat\u0142o padaj\u0105ce z okr\u0105g\u0142ego \u017cyrandola akcentowa\u0142o niepowtarzalny klimat. Ca\u0142o\u015bci dope\u0142nia\u0142a scena o powierzchni 30 m2.[\/perfectpullquote]\n<p>Najwi\u0119ksz\u0105 nowink\u0105 by\u0142y sprowadzone z Freiburga organy kinowe (Kinoorgel) firmy Welte&amp;Sohne. Mog\u0142y one imitowa\u0107 wszystkie szmery, w\u0142\u0105cznie z klaksonami aut, dzwonami, strza\u0142ami pistolet\u00f3w, \u0107wierkaniem ptak\u00f3w.<\/p>\n<p>Po drugiej wojnie \u015bwiatowej kino przesz\u0142o pod zarz\u0105d pa\u0144stwowy. Po spaleniu innych tego typu obiekt\u00f3w, kina Schauburg i Capitol czy te\u017c Teatru Miejskiego Viktoria, sta\u0142o si\u0119 najwi\u0119ksz\u0105 sal\u0105 w centrum miasta. Dzia\u0142alno\u015b\u0107 wznowiono 29 czerwca 1945 roku zmieniaj\u0105c nazw\u0119 na Bajka. Przez kilkadziesi\u0105t lat kino funkcjonowa\u0142o w ramach wojew\u00f3dzkiej instytucji Silesia Film. Wieloletnim kierownikiem kina by\u0142 <strong>J\u00f3zef \u015anie\u017cek<\/strong>.<\/p>\n[perfectpullquote align=&#8221;full&#8221; bordertop=&#8221;false&#8221; cite=&#8221;&#8221; link=&#8221;&#8221; color=&#8221;&#8221; class=&#8221;&#8221; size=&#8221;&#8221;]Tu odbywa\u0142y si\u0119 Dni Filmu Radzieckiego, kultowe Konfrontacje, liczne premiery filmowe z udzia\u0142em tw\u00f3rc\u00f3w oraz inne wydarzenia. W 2006 roku Silesia Film postanowi\u0142a sprzeda\u0107 nieruchomo\u015b\u0107.[\/perfectpullquote]\n<p>Naby\u0142o j\u0105 miasto Gliwice z przeznaczeniem na przeniesienie tu kina studyjnego AMOK, mieszcz\u0105cego si\u0119 do tej pory przy ul. Wyszy\u0144skiego 5 w budynku Urz\u0119du Miasta. Obiekt powierzono Gliwickiemu Teatrowi Muzycznemu, obecnie Teatrowi Miejskiemu.<\/p>\n<p>Przeprowadzono gruntown\u0105 modernizacj\u0119. Wymieniono dach, przebudowano sal\u0119 g\u0142\u00f3wn\u0105, przystosowuj\u0105c j\u0105 tak\u017ce do prezentowania ma\u0142ych form scenicznych i koncertowych. Dzi\u0119ki zainstalowaniu klimatyzacji star\u0105 kot\u0142owni\u0119 uda\u0142o si\u0119 przekszta\u0142ci\u0107 w kameraln\u0105 drug\u0105 sal\u0119, ca\u0142kowicie zmieniono wystr\u00f3j wn\u0119trza.<\/p>\n<p>2 pa\u017adziernika 2009 roku do budynku przy ul. Dolnych Wa\u0142\u00f3w 3 przenios\u0142o dzia\u0142alno\u015b\u0107 kino AMOK, jako trzecie kino w tym miejscu, w tej chwili jedyne tradycyjne kino w mie\u015bcie.<\/p>\n<p>Obecnie obiekt nazywa si\u0119 kino AMOK \u2013 scena Bajka.<\/p>\n<h4>Uroczysta projekcja archiwalnego filmu<\/h4>\n<p>Z okazji 90. rocznicy utworzenia kina przy ulicy Dolnych Wa\u0142\u00f3w, 8 grudnia o godzinie 19:00 zaplanowano projekcj\u0119 filmu &#8220;Mocny cz\u0142owiek&#8221;. Program imprezy:<\/p>\n<p>19:00 \u2013 powitanie, kilka s\u0142\u00f3w o historii obiektu i kinach: UP Lichtspiele, Bajka, AMOK,<br \/>\nok. 20:00 \u2013 MOCNY CZLOWIEK z akompaniamentem na \u017cywo w wykonaniu SUPER TRIO,<br \/>\nok. 21:30 \u2013 z\u0142ota niespodzianka, pocz\u0119stunek i lampka wina.<\/p>\n<p>Bilety w cenie 30 i 25 z\u0142 (ulgowy) dost\u0119pne s\u0105 w kasie kina oraz na stronie<a href=\"http:\/\/amok.gliwice.pl\/wydarzenia\/90-lat-kina-przy-ul-dolnych-walow-3---up-lichtspiele-bajka-amok\" rel=\"noopener\" target=\"_blank\"> amok.gliwice.pl<\/a><\/p>\n<p><strong>O filmie<\/strong><br \/>\nMocny cz\u0142owiek \u2013 polski dramat psychologiczny z 1929 roku, b\u0119d\u0105cy adaptacj\u0105 powie\u015bci <strong>Stanis\u0142awa Przybyszewskiego<\/strong> wydanej pod tym samym tytu\u0142em w 1912 roku. Jeden z ostatnich polskich film\u00f3w okresu kina niemego.<\/p>\n[perfectpullquote align=&#8221;full&#8221; bordertop=&#8221;false&#8221; cite=&#8221;&#8221; link=&#8221;&#8221; color=&#8221;&#8221; class=&#8221;&#8221; size=&#8221;&#8221;]<strong>Stanowi wnikliwe studium artysty, kt\u00f3ry przegrywa w walce z w\u0142asnym sumieniem.<\/strong>[\/perfectpullquote]\n<p>Po II wojnie \u015bwiatowej w Polsce nie zachowa\u0142a si\u0119 \u017cadna kopia filmu, wi\u0119c zosta\u0142 uznany za zaginiony. W 1997 roku odnaleziono go w archiwum filmowym Belgii. Okaza\u0142o si\u0119, \u017ce tu\u017c po realizacji (w 1929 roku) jako jeden z niewielu polskich film\u00f3w zosta\u0142 sprzedany do kilku kraj\u00f3w Europy Zachodniej.<\/p>\n<p>Materia\u0142y prasowe\/Urszula Biel<\/p>\n<div class=\"gliwi-a5-na-koncu-artykulow gliwi-entity-placement\" id=\"gliwi-1322354958\"><div class=\"gliwi-adlabel\"><span style=\"font-size: 9px\">REKLAMA<\/span><\/div><div id=\"gliwi-414143899\" style=\"margin-left: auto;margin-right: auto;text-align: center;\"><a data-no-instant=\"1\" href=\"https:\/\/prezeroarenagliwice.pl\/\" rel=\"noopener\" class=\"a2t-link\" target=\"_blank\" aria-label=\"20260309-PREZERO-WIOSNA-D\"><img loading=\"lazy\" decoding=\"async\" src=\"https:\/\/www.24gliwice.pl\/wiadomosci\/wp-content\/uploads\/2026\/03\/20260309-PREZERO-WIOSNA-D.webp\" alt=\"\"  srcset=\"https:\/\/www.24gliwice.pl\/wiadomosci\/wp-content\/uploads\/2026\/03\/20260309-PREZERO-WIOSNA-D.webp 750w, https:\/\/www.24gliwice.pl\/wiadomosci\/wp-content\/uploads\/2026\/03\/20260309-PREZERO-WIOSNA-D-410x109.webp 410w\" sizes=\"(max-width: 750px) 100vw, 750px\" class=\"no-lazyload\" width=\"750\" height=\"200\"  style=\"display: inline-block; max-width: 100%; height: auto;\" \/><\/a><\/div><\/div>","protected":false},"excerpt":{"rendered":"<p>90 lat temu, 8 grudnia 1928 roku, przy ulicy Dolnych Wa\u0142\u00f3w otwarto kolejne w Gliwicach kino. Pocz\u0105tkowo nosi\u0142o nazw\u0119 U.T. Lichtspiele (od Union-Theater), by po roku zmieni\u0107 j\u0105 na bardziej presti\u017cow\u0105 U.P. Lichtspiele (od Union-Palast), co przypiecz\u0119towa\u0142o charakter kina pa\u0142acowego. Budynek zaprojektowa\u0142 Richard Brosche, architekt czeski, kt\u00f3ry w doros\u0142ym \u017cyciu zamieszka\u0142 w Duisburgu-Homborn nad Renem. [&hellip;]<\/p>\n","protected":false},"author":15,"featured_media":0,"comment_status":"open","ping_status":"closed","sticky":false,"template":"","format":"standard","meta":{"_monsterinsights_skip_tracking":false,"_monsterinsights_sitenote_active":false,"_monsterinsights_sitenote_note":"","_monsterinsights_sitenote_category":0,"footnotes":"","_links_to":"","_links_to_target":""},"categories":[3,7,6,1],"tags":[8747,3393,256,11422,5674,3394],"class_list":["post-126050","post","type-post","status-publish","format-standard","hentry","category-gliwice","category-historia","category-kultura","category-wszystko","tag-dolnych-walow","tag-kino","tag-kino-amok","tag-kino-bajka","tag-muzeum","tag-teatr"],"yoast_head":"<!-- This site is optimized with the Yoast SEO plugin v27.5 - https:\/\/yoast.com\/product\/yoast-seo-wordpress\/ -->\n<title>Kino przy ulicy Dolnych Wa\u0142\u00f3w istnieje od 90 lat. Dwa razy zmienia\u0142o nazw\u0119 - 24GLIWICE - Portal Gliwice | codziennie nowe informacje<\/title>\n<meta name=\"robots\" content=\"index, follow, max-snippet:-1, max-image-preview:large, max-video-preview:-1\" \/>\n<link rel=\"canonical\" href=\"https:\/\/www.24gliwice.pl\/wiadomosci\/kino-przy-ulicy-dolnych-walow-istnieje-od-90-lat-dwa-razy-zmienialo-nazwe\/\" \/>\n<meta property=\"og:locale\" content=\"pl_PL\" \/>\n<meta property=\"og:type\" content=\"article\" \/>\n<meta property=\"og:title\" content=\"Kino przy ulicy Dolnych Wa\u0142\u00f3w istnieje od 90 lat. Dwa razy zmienia\u0142o nazw\u0119 - 24GLIWICE - Portal Gliwice | codziennie nowe informacje\" \/>\n<meta property=\"og:description\" content=\"90 lat temu, 8 grudnia 1928 roku, przy ulicy Dolnych Wa\u0142\u00f3w otwarto kolejne w Gliwicach kino. Pocz\u0105tkowo nosi\u0142o nazw\u0119 U.T. Lichtspiele (od Union-Theater), by po roku zmieni\u0107 j\u0105 na bardziej presti\u017cow\u0105 U.P. Lichtspiele (od Union-Palast), co przypiecz\u0119towa\u0142o charakter kina pa\u0142acowego. Budynek zaprojektowa\u0142 Richard Brosche, architekt czeski, kt\u00f3ry w doros\u0142ym \u017cyciu zamieszka\u0142 w Duisburgu-Homborn nad Renem. [&hellip;]\" \/>\n<meta property=\"og:url\" content=\"https:\/\/www.24gliwice.pl\/wiadomosci\/kino-przy-ulicy-dolnych-walow-istnieje-od-90-lat-dwa-razy-zmienialo-nazwe\/\" \/>\n<meta property=\"og:site_name\" content=\"24GLIWICE - Portal Gliwice | codziennie nowe informacje\" \/>\n<meta property=\"article:publisher\" content=\"https:\/\/www.facebook.com\/24gliwice\" \/>\n<meta property=\"article:published_time\" content=\"2018-11-20T01:01:24+00:00\" \/>\n<meta property=\"og:image\" content=\"https:\/\/www.24gliwice.pl\/wiadomosci\/wp-content\/uploads\/2018\/08\/amok-bajka-a-witwicki.jpg\" \/>\n\t<meta property=\"og:image:width\" content=\"880\" \/>\n\t<meta property=\"og:image:height\" content=\"495\" \/>\n\t<meta property=\"og:image:type\" content=\"image\/jpeg\" \/>\n<meta name=\"author\" content=\"\u017baneta Mrozek-Siewierska\" \/>\n<meta name=\"twitter:card\" content=\"summary_large_image\" \/>\n<meta name=\"twitter:creator\" content=\"@24gliwice\" \/>\n<meta name=\"twitter:site\" content=\"@24gliwice\" \/>\n<meta name=\"twitter:label1\" content=\"Napisane przez\" \/>\n\t<meta name=\"twitter:data1\" content=\"\u017baneta Mrozek-Siewierska\" \/>\n\t<meta name=\"twitter:label2\" content=\"Szacowany czas czytania\" \/>\n\t<meta name=\"twitter:data2\" content=\"4 minuty\" \/>\n<script type=\"application\/ld+json\" class=\"yoast-schema-graph\">{\"@context\":\"https:\\\/\\\/schema.org\",\"@graph\":[{\"@type\":\"Article\",\"@id\":\"https:\\\/\\\/www.24gliwice.pl\\\/wiadomosci\\\/kino-przy-ulicy-dolnych-walow-istnieje-od-90-lat-dwa-razy-zmienialo-nazwe\\\/#article\",\"isPartOf\":{\"@id\":\"https:\\\/\\\/www.24gliwice.pl\\\/wiadomosci\\\/kino-przy-ulicy-dolnych-walow-istnieje-od-90-lat-dwa-razy-zmienialo-nazwe\\\/\"},\"author\":{\"name\":\"\u017baneta Mrozek-Siewierska\",\"@id\":\"https:\\\/\\\/www.24gliwice.pl\\\/wiadomosci\\\/#\\\/schema\\\/person\\\/e42c650edd7f2fa332be3811fb166b6e\"},\"headline\":\"Kino przy ulicy Dolnych Wa\u0142\u00f3w istnieje od 90 lat. Dwa razy zmienia\u0142o nazw\u0119\",\"datePublished\":\"2018-11-20T01:01:24+00:00\",\"mainEntityOfPage\":{\"@id\":\"https:\\\/\\\/www.24gliwice.pl\\\/wiadomosci\\\/kino-przy-ulicy-dolnych-walow-istnieje-od-90-lat-dwa-razy-zmienialo-nazwe\\\/\"},\"wordCount\":736,\"commentCount\":0,\"publisher\":{\"@id\":\"https:\\\/\\\/www.24gliwice.pl\\\/wiadomosci\\\/#organization\"},\"keywords\":[\"dolnych wa\u0142\u00f3w\",\"KINO\",\"KINO AMOK\",\"kino bajka\",\"MUZEUM\",\"TEATR\"],\"articleSection\":[\"Gliwice\",\"Historia\",\"Kultura, wydarzenia, imprezy\",\"Najnowsze wiadomo\u015bci\"],\"inLanguage\":\"pl-PL\",\"potentialAction\":[{\"@type\":\"CommentAction\",\"name\":\"Comment\",\"target\":[\"https:\\\/\\\/www.24gliwice.pl\\\/wiadomosci\\\/kino-przy-ulicy-dolnych-walow-istnieje-od-90-lat-dwa-razy-zmienialo-nazwe\\\/#respond\"]}]},{\"@type\":\"WebPage\",\"@id\":\"https:\\\/\\\/www.24gliwice.pl\\\/wiadomosci\\\/kino-przy-ulicy-dolnych-walow-istnieje-od-90-lat-dwa-razy-zmienialo-nazwe\\\/\",\"url\":\"https:\\\/\\\/www.24gliwice.pl\\\/wiadomosci\\\/kino-przy-ulicy-dolnych-walow-istnieje-od-90-lat-dwa-razy-zmienialo-nazwe\\\/\",\"name\":\"Kino przy ulicy Dolnych Wa\u0142\u00f3w istnieje od 90 lat. Dwa razy zmienia\u0142o nazw\u0119 - 24GLIWICE - Portal Gliwice | codziennie nowe informacje\",\"isPartOf\":{\"@id\":\"https:\\\/\\\/www.24gliwice.pl\\\/wiadomosci\\\/#website\"},\"datePublished\":\"2018-11-20T01:01:24+00:00\",\"breadcrumb\":{\"@id\":\"https:\\\/\\\/www.24gliwice.pl\\\/wiadomosci\\\/kino-przy-ulicy-dolnych-walow-istnieje-od-90-lat-dwa-razy-zmienialo-nazwe\\\/#breadcrumb\"},\"inLanguage\":\"pl-PL\",\"potentialAction\":[{\"@type\":\"ReadAction\",\"target\":[\"https:\\\/\\\/www.24gliwice.pl\\\/wiadomosci\\\/kino-przy-ulicy-dolnych-walow-istnieje-od-90-lat-dwa-razy-zmienialo-nazwe\\\/\"]}]},{\"@type\":\"BreadcrumbList\",\"@id\":\"https:\\\/\\\/www.24gliwice.pl\\\/wiadomosci\\\/kino-przy-ulicy-dolnych-walow-istnieje-od-90-lat-dwa-razy-zmienialo-nazwe\\\/#breadcrumb\",\"itemListElement\":[{\"@type\":\"ListItem\",\"position\":1,\"name\":\"Strona g\u0142\u00f3wna\",\"item\":\"https:\\\/\\\/www.24gliwice.pl\\\/wiadomosci\\\/\"},{\"@type\":\"ListItem\",\"position\":2,\"name\":\"Kino przy ulicy Dolnych Wa\u0142\u00f3w istnieje od 90 lat. Dwa razy zmienia\u0142o nazw\u0119\"}]},{\"@type\":\"WebSite\",\"@id\":\"https:\\\/\\\/www.24gliwice.pl\\\/wiadomosci\\\/#website\",\"url\":\"https:\\\/\\\/www.24gliwice.pl\\\/wiadomosci\\\/\",\"name\":\"24GLIWICE - Portal Gliwice | codziennie nowe wiadomo\u015bci\",\"description\":\"Portal Miejski Gliwice\",\"publisher\":{\"@id\":\"https:\\\/\\\/www.24gliwice.pl\\\/wiadomosci\\\/#organization\"},\"potentialAction\":[{\"@type\":\"SearchAction\",\"target\":{\"@type\":\"EntryPoint\",\"urlTemplate\":\"https:\\\/\\\/www.24gliwice.pl\\\/wiadomosci\\\/?s={search_term_string}\"},\"query-input\":{\"@type\":\"PropertyValueSpecification\",\"valueRequired\":true,\"valueName\":\"search_term_string\"}}],\"inLanguage\":\"pl-PL\"},{\"@type\":\"Organization\",\"@id\":\"https:\\\/\\\/www.24gliwice.pl\\\/wiadomosci\\\/#organization\",\"name\":\"24gliwice\",\"url\":\"https:\\\/\\\/www.24gliwice.pl\\\/wiadomosci\\\/\",\"logo\":{\"@type\":\"ImageObject\",\"inLanguage\":\"pl-PL\",\"@id\":\"https:\\\/\\\/www.24gliwice.pl\\\/wiadomosci\\\/#\\\/schema\\\/logo\\\/image\\\/\",\"url\":\"https:\\\/\\\/www.24gliwice.pl\\\/wiadomosci\\\/wp-content\\\/uploads\\\/2024\\\/10\\\/24gliwice-logo-696.jpg\",\"contentUrl\":\"https:\\\/\\\/www.24gliwice.pl\\\/wiadomosci\\\/wp-content\\\/uploads\\\/2024\\\/10\\\/24gliwice-logo-696.jpg\",\"width\":696,\"height\":696,\"caption\":\"24gliwice\"},\"image\":{\"@id\":\"https:\\\/\\\/www.24gliwice.pl\\\/wiadomosci\\\/#\\\/schema\\\/logo\\\/image\\\/\"},\"sameAs\":[\"https:\\\/\\\/www.facebook.com\\\/24gliwice\",\"https:\\\/\\\/x.com\\\/24gliwice\",\"https:\\\/\\\/www.youtube.com\\\/@24gliwice\"]},{\"@type\":\"Person\",\"@id\":\"https:\\\/\\\/www.24gliwice.pl\\\/wiadomosci\\\/#\\\/schema\\\/person\\\/e42c650edd7f2fa332be3811fb166b6e\",\"name\":\"\u017baneta Mrozek-Siewierska\",\"image\":{\"@type\":\"ImageObject\",\"inLanguage\":\"pl-PL\",\"@id\":\"https:\\\/\\\/secure.gravatar.com\\\/avatar\\\/1881429e9c64597c77ad7aef2d0a19be69a3253e57534d16aa15bf3a4d34a0a3?s=96&d=mm&r=g\",\"url\":\"https:\\\/\\\/secure.gravatar.com\\\/avatar\\\/1881429e9c64597c77ad7aef2d0a19be69a3253e57534d16aa15bf3a4d34a0a3?s=96&d=mm&r=g\",\"contentUrl\":\"https:\\\/\\\/secure.gravatar.com\\\/avatar\\\/1881429e9c64597c77ad7aef2d0a19be69a3253e57534d16aa15bf3a4d34a0a3?s=96&d=mm&r=g\",\"caption\":\"\u017baneta Mrozek-Siewierska\"},\"url\":\"https:\\\/\\\/www.24gliwice.pl\\\/wiadomosci\\\/author\\\/zms\\\/\"}]}<\/script>\n<!-- \/ Yoast SEO plugin. -->","yoast_head_json":{"title":"Kino przy ulicy Dolnych Wa\u0142\u00f3w istnieje od 90 lat. Dwa razy zmienia\u0142o nazw\u0119 - 24GLIWICE - Portal Gliwice | codziennie nowe informacje","robots":{"index":"index","follow":"follow","max-snippet":"max-snippet:-1","max-image-preview":"max-image-preview:large","max-video-preview":"max-video-preview:-1"},"canonical":"https:\/\/www.24gliwice.pl\/wiadomosci\/kino-przy-ulicy-dolnych-walow-istnieje-od-90-lat-dwa-razy-zmienialo-nazwe\/","og_locale":"pl_PL","og_type":"article","og_title":"Kino przy ulicy Dolnych Wa\u0142\u00f3w istnieje od 90 lat. Dwa razy zmienia\u0142o nazw\u0119 - 24GLIWICE - Portal Gliwice | codziennie nowe informacje","og_description":"90 lat temu, 8 grudnia 1928 roku, przy ulicy Dolnych Wa\u0142\u00f3w otwarto kolejne w Gliwicach kino. Pocz\u0105tkowo nosi\u0142o nazw\u0119 U.T. Lichtspiele (od Union-Theater), by po roku zmieni\u0107 j\u0105 na bardziej presti\u017cow\u0105 U.P. Lichtspiele (od Union-Palast), co przypiecz\u0119towa\u0142o charakter kina pa\u0142acowego. Budynek zaprojektowa\u0142 Richard Brosche, architekt czeski, kt\u00f3ry w doros\u0142ym \u017cyciu zamieszka\u0142 w Duisburgu-Homborn nad Renem. [&hellip;]","og_url":"https:\/\/www.24gliwice.pl\/wiadomosci\/kino-przy-ulicy-dolnych-walow-istnieje-od-90-lat-dwa-razy-zmienialo-nazwe\/","og_site_name":"24GLIWICE - Portal Gliwice | codziennie nowe informacje","article_publisher":"https:\/\/www.facebook.com\/24gliwice","article_published_time":"2018-11-20T01:01:24+00:00","og_image":[{"width":880,"height":495,"url":"https:\/\/www.24gliwice.pl\/wiadomosci\/wp-content\/uploads\/2018\/08\/amok-bajka-a-witwicki.jpg","type":"image\/jpeg"}],"author":"\u017baneta Mrozek-Siewierska","twitter_card":"summary_large_image","twitter_creator":"@24gliwice","twitter_site":"@24gliwice","twitter_misc":{"Napisane przez":"\u017baneta Mrozek-Siewierska","Szacowany czas czytania":"4 minuty"},"schema":{"@context":"https:\/\/schema.org","@graph":[{"@type":"Article","@id":"https:\/\/www.24gliwice.pl\/wiadomosci\/kino-przy-ulicy-dolnych-walow-istnieje-od-90-lat-dwa-razy-zmienialo-nazwe\/#article","isPartOf":{"@id":"https:\/\/www.24gliwice.pl\/wiadomosci\/kino-przy-ulicy-dolnych-walow-istnieje-od-90-lat-dwa-razy-zmienialo-nazwe\/"},"author":{"name":"\u017baneta Mrozek-Siewierska","@id":"https:\/\/www.24gliwice.pl\/wiadomosci\/#\/schema\/person\/e42c650edd7f2fa332be3811fb166b6e"},"headline":"Kino przy ulicy Dolnych Wa\u0142\u00f3w istnieje od 90 lat. Dwa razy zmienia\u0142o nazw\u0119","datePublished":"2018-11-20T01:01:24+00:00","mainEntityOfPage":{"@id":"https:\/\/www.24gliwice.pl\/wiadomosci\/kino-przy-ulicy-dolnych-walow-istnieje-od-90-lat-dwa-razy-zmienialo-nazwe\/"},"wordCount":736,"commentCount":0,"publisher":{"@id":"https:\/\/www.24gliwice.pl\/wiadomosci\/#organization"},"keywords":["dolnych wa\u0142\u00f3w","KINO","KINO AMOK","kino bajka","MUZEUM","TEATR"],"articleSection":["Gliwice","Historia","Kultura, wydarzenia, imprezy","Najnowsze wiadomo\u015bci"],"inLanguage":"pl-PL","potentialAction":[{"@type":"CommentAction","name":"Comment","target":["https:\/\/www.24gliwice.pl\/wiadomosci\/kino-przy-ulicy-dolnych-walow-istnieje-od-90-lat-dwa-razy-zmienialo-nazwe\/#respond"]}]},{"@type":"WebPage","@id":"https:\/\/www.24gliwice.pl\/wiadomosci\/kino-przy-ulicy-dolnych-walow-istnieje-od-90-lat-dwa-razy-zmienialo-nazwe\/","url":"https:\/\/www.24gliwice.pl\/wiadomosci\/kino-przy-ulicy-dolnych-walow-istnieje-od-90-lat-dwa-razy-zmienialo-nazwe\/","name":"Kino przy ulicy Dolnych Wa\u0142\u00f3w istnieje od 90 lat. Dwa razy zmienia\u0142o nazw\u0119 - 24GLIWICE - Portal Gliwice | codziennie nowe informacje","isPartOf":{"@id":"https:\/\/www.24gliwice.pl\/wiadomosci\/#website"},"datePublished":"2018-11-20T01:01:24+00:00","breadcrumb":{"@id":"https:\/\/www.24gliwice.pl\/wiadomosci\/kino-przy-ulicy-dolnych-walow-istnieje-od-90-lat-dwa-razy-zmienialo-nazwe\/#breadcrumb"},"inLanguage":"pl-PL","potentialAction":[{"@type":"ReadAction","target":["https:\/\/www.24gliwice.pl\/wiadomosci\/kino-przy-ulicy-dolnych-walow-istnieje-od-90-lat-dwa-razy-zmienialo-nazwe\/"]}]},{"@type":"BreadcrumbList","@id":"https:\/\/www.24gliwice.pl\/wiadomosci\/kino-przy-ulicy-dolnych-walow-istnieje-od-90-lat-dwa-razy-zmienialo-nazwe\/#breadcrumb","itemListElement":[{"@type":"ListItem","position":1,"name":"Strona g\u0142\u00f3wna","item":"https:\/\/www.24gliwice.pl\/wiadomosci\/"},{"@type":"ListItem","position":2,"name":"Kino przy ulicy Dolnych Wa\u0142\u00f3w istnieje od 90 lat. Dwa razy zmienia\u0142o nazw\u0119"}]},{"@type":"WebSite","@id":"https:\/\/www.24gliwice.pl\/wiadomosci\/#website","url":"https:\/\/www.24gliwice.pl\/wiadomosci\/","name":"24GLIWICE - Portal Gliwice | codziennie nowe wiadomo\u015bci","description":"Portal Miejski Gliwice","publisher":{"@id":"https:\/\/www.24gliwice.pl\/wiadomosci\/#organization"},"potentialAction":[{"@type":"SearchAction","target":{"@type":"EntryPoint","urlTemplate":"https:\/\/www.24gliwice.pl\/wiadomosci\/?s={search_term_string}"},"query-input":{"@type":"PropertyValueSpecification","valueRequired":true,"valueName":"search_term_string"}}],"inLanguage":"pl-PL"},{"@type":"Organization","@id":"https:\/\/www.24gliwice.pl\/wiadomosci\/#organization","name":"24gliwice","url":"https:\/\/www.24gliwice.pl\/wiadomosci\/","logo":{"@type":"ImageObject","inLanguage":"pl-PL","@id":"https:\/\/www.24gliwice.pl\/wiadomosci\/#\/schema\/logo\/image\/","url":"https:\/\/www.24gliwice.pl\/wiadomosci\/wp-content\/uploads\/2024\/10\/24gliwice-logo-696.jpg","contentUrl":"https:\/\/www.24gliwice.pl\/wiadomosci\/wp-content\/uploads\/2024\/10\/24gliwice-logo-696.jpg","width":696,"height":696,"caption":"24gliwice"},"image":{"@id":"https:\/\/www.24gliwice.pl\/wiadomosci\/#\/schema\/logo\/image\/"},"sameAs":["https:\/\/www.facebook.com\/24gliwice","https:\/\/x.com\/24gliwice","https:\/\/www.youtube.com\/@24gliwice"]},{"@type":"Person","@id":"https:\/\/www.24gliwice.pl\/wiadomosci\/#\/schema\/person\/e42c650edd7f2fa332be3811fb166b6e","name":"\u017baneta Mrozek-Siewierska","image":{"@type":"ImageObject","inLanguage":"pl-PL","@id":"https:\/\/secure.gravatar.com\/avatar\/1881429e9c64597c77ad7aef2d0a19be69a3253e57534d16aa15bf3a4d34a0a3?s=96&d=mm&r=g","url":"https:\/\/secure.gravatar.com\/avatar\/1881429e9c64597c77ad7aef2d0a19be69a3253e57534d16aa15bf3a4d34a0a3?s=96&d=mm&r=g","contentUrl":"https:\/\/secure.gravatar.com\/avatar\/1881429e9c64597c77ad7aef2d0a19be69a3253e57534d16aa15bf3a4d34a0a3?s=96&d=mm&r=g","caption":"\u017baneta Mrozek-Siewierska"},"url":"https:\/\/www.24gliwice.pl\/wiadomosci\/author\/zms\/"}]}},"_links":{"self":[{"href":"https:\/\/www.24gliwice.pl\/wiadomosci\/wp-json\/wp\/v2\/posts\/126050","targetHints":{"allow":["GET"]}}],"collection":[{"href":"https:\/\/www.24gliwice.pl\/wiadomosci\/wp-json\/wp\/v2\/posts"}],"about":[{"href":"https:\/\/www.24gliwice.pl\/wiadomosci\/wp-json\/wp\/v2\/types\/post"}],"author":[{"embeddable":true,"href":"https:\/\/www.24gliwice.pl\/wiadomosci\/wp-json\/wp\/v2\/users\/15"}],"replies":[{"embeddable":true,"href":"https:\/\/www.24gliwice.pl\/wiadomosci\/wp-json\/wp\/v2\/comments?post=126050"}],"version-history":[{"count":0,"href":"https:\/\/www.24gliwice.pl\/wiadomosci\/wp-json\/wp\/v2\/posts\/126050\/revisions"}],"wp:attachment":[{"href":"https:\/\/www.24gliwice.pl\/wiadomosci\/wp-json\/wp\/v2\/media?parent=126050"}],"wp:term":[{"taxonomy":"category","embeddable":true,"href":"https:\/\/www.24gliwice.pl\/wiadomosci\/wp-json\/wp\/v2\/categories?post=126050"},{"taxonomy":"post_tag","embeddable":true,"href":"https:\/\/www.24gliwice.pl\/wiadomosci\/wp-json\/wp\/v2\/tags?post=126050"}],"curies":[{"name":"wp","href":"https:\/\/api.w.org\/{rel}","templated":true}]}}