{"id":128707,"date":"2019-01-16T14:11:18","date_gmt":"2019-01-16T13:11:18","guid":{"rendered":"https:\/\/www.24gliwice.pl\/wiadomosci\/?p=128707"},"modified":"2019-01-16T14:11:18","modified_gmt":"2019-01-16T13:11:18","slug":"mloda-kobieta-ukradla-portfel-w-salonie-optycznym-nie-wiedziala-ze-jest-nagrywana-przez-kamery","status":"publish","type":"post","link":"https:\/\/www.24gliwice.pl\/wiadomosci\/mloda-kobieta-ukradla-portfel-w-salonie-optycznym-nie-wiedziala-ze-jest-nagrywana-przez-kamery\/","title":{"rendered":"M\u0142oda kobieta ukrad\u0142a portfel w salonie optycznym. Nie wiedzia\u0142a, \u017ce jest nagrywana przez kamery"},"content":{"rendered":"<div class=\"gliwi-a6-nad-leadem-artykulow gliwi-entity-placement\" id=\"gliwi-4106255652\"><div class=\"gliwi-adlabel\"><span style=\"font-size: 9px\">REKLAMA<\/span><\/div><div id=\"gliwi-1326827118\" style=\"margin-bottom: 30px;margin-left: auto;margin-right: auto;text-align: center;\"><a data-no-instant=\"1\" href=\"https:\/\/przedszkole.halogen.org.pl\/\" rel=\"noopener\" class=\"a2t-link\" target=\"_blank\" aria-label=\"20260402-ANIMATOR-przedszkole_grafika_750x200\"><img loading=\"lazy\" decoding=\"async\" src=\"https:\/\/www.24gliwice.pl\/wiadomosci\/wp-content\/uploads\/2026\/04\/20260402-ANIMATOR-przedszkole_grafika_750x200.webp\" alt=\"\"  srcset=\"https:\/\/www.24gliwice.pl\/wiadomosci\/wp-content\/uploads\/2026\/04\/20260402-ANIMATOR-przedszkole_grafika_750x200.webp 750w, https:\/\/www.24gliwice.pl\/wiadomosci\/wp-content\/uploads\/2026\/04\/20260402-ANIMATOR-przedszkole_grafika_750x200-410x109.webp 410w\" sizes=\"(max-width: 750px) 100vw, 750px\" class=\"no-lazyload\" width=\"750\" height=\"200\"  style=\"display: inline-block; max-width: 100%; height: auto;\" \/><\/a><\/div><\/div><h3>Gliwicka policja prowadzi post\u0119powanie w sprawie przest\u0119pstwa, do jakiego dosz\u0142o 6 listopada w salonie optycznym przy ul. Rybnickiej 207 w Gliwicach.<\/h3>\n<p>Na nagraniach z monitoringu wyra\u017anie wida\u0107 m\u0142od\u0105 kobiet\u0119, kt\u00f3ra chodzi po salonie, a w pewnym momencie si\u0119ga do biurka&#8230; \u015aledczy d\u0105\u017c\u0105 do ustalenia to\u017csamo\u015bci widocznej na filmie nieznanej kobiety.<\/p>\n<div style=\"width: 810px;\" class=\"wp-video\"><video class=\"wp-video-shortcode\" id=\"video-128707-1\" width=\"810\" height=\"456\" preload=\"metadata\" controls=\"controls\"><source type=\"video\/mp4\" src=\"https:\/\/www.24gliwice.pl\/wiadomosci\/wp-content\/uploads\/2019\/01\/20190116-zlodziejka.mp4?_=1\" \/><a href=\"https:\/\/www.24gliwice.pl\/wiadomosci\/wp-content\/uploads\/2019\/01\/20190116-zlodziejka.mp4\">https:\/\/www.24gliwice.pl\/wiadomosci\/wp-content\/uploads\/2019\/01\/20190116-zlodziejka.mp4<\/a><\/video><\/div>\n<p>Zarejestrowana przez kamer\u0119 monitoringu kobieta podejrzana jest o kradzie\u017c portfela z zawarto\u015bci\u0105 kart i dokument\u00f3w. Do tej pory detektywom nie uda\u0142o si\u0119 ustali\u0107 to\u017csamo\u015bci sprawczyni. Osoby, kt\u00f3re rozpoznaj\u0105 kobiet\u0119 z kadr\u00f3w filmu, policja prosi o kontakt z III komisariatem, tel.: 32 239 03 00, mail: jerzy.przybulowski@gliwice.ka.policja.gov.pl lub za po\u015brednictwem <a href=\"http:\/\/gliwice.slaska.policja.gov.pl\/ka9\/form\/dodaj34,Powiadom-nas.html\" rel=\"noopener\" target=\"_blank\">anonimowej skrzynki mailowej<\/a>.<\/p><div class=\"gliwi-a3-w-tresci-artykulow gliwi-entity-placement\" id=\"gliwi-3024446756\"><div class=\"gliwi-adlabel\"><span style=\"font-size: 9px\">REKLAMA<\/span><\/div><div id=\"gliwi-993261728\" style=\"margin-bottom: 30px;margin-left: auto;margin-right: auto;text-align: center;\"><a data-no-instant=\"1\" href=\"https:\/\/zlobek.halogen.org.pl\/\" rel=\"noopener\" class=\"a2t-link\" target=\"_blank\" aria-label=\"animator-zlobek_750x200\"><img loading=\"lazy\" decoding=\"async\" src=\"https:\/\/www.24gliwice.pl\/wiadomosci\/wp-content\/uploads\/2026\/02\/animator-zlobek_750x200.webp\" alt=\"\"  srcset=\"https:\/\/www.24gliwice.pl\/wiadomosci\/wp-content\/uploads\/2026\/02\/animator-zlobek_750x200.webp 750w, https:\/\/www.24gliwice.pl\/wiadomosci\/wp-content\/uploads\/2026\/02\/animator-zlobek_750x200-410x109.webp 410w\" sizes=\"(max-width: 750px) 100vw, 750px\" class=\"no-lazyload\" width=\"750\" height=\"200\"  style=\"display: inline-block; max-width: 100%; height: auto;\" \/><\/a><\/div><\/div>\n<p>Wszystkim informuj\u0105cym policja gwarantuje anonimowo\u015b\u0107 \u2013 nie b\u0119d\u0105 oni dopytywani czy wzywani.<\/p>\n<div class=\"gliwi-a5-na-koncu-artykulow gliwi-entity-placement\" id=\"gliwi-527382169\"><div class=\"gliwi-adlabel\"><span style=\"font-size: 9px\">REKLAMA<\/span><\/div><div id=\"gliwi-2962695013\" style=\"margin-left: auto;margin-right: auto;text-align: center;\"><a data-no-instant=\"1\" href=\"https:\/\/www.jasek.pl\/\" rel=\"noopener\" class=\"a2t-link\" target=\"_blank\" aria-label=\"20200401-jasek 600\"><img loading=\"lazy\" decoding=\"async\" src=\"https:\/\/www.24gliwice.pl\/wiadomosci\/wp-content\/uploads\/2020\/04\/20200401-jasek-600.jpg\" alt=\"\"  srcset=\"https:\/\/www.24gliwice.pl\/wiadomosci\/wp-content\/uploads\/2020\/04\/20200401-jasek-600.jpg 600w, https:\/\/www.24gliwice.pl\/wiadomosci\/wp-content\/uploads\/2020\/04\/20200401-jasek-600-410x109.jpg 410w\" sizes=\"(max-width: 600px) 100vw, 600px\" class=\"no-lazyload\" width=\"600\" height=\"160\"  style=\"display: inline-block; max-width: 100%; height: auto;\" \/><\/a><\/div><\/div>","protected":false},"excerpt":{"rendered":"<p>Gliwicka policja prowadzi post\u0119powanie w sprawie przest\u0119pstwa, do jakiego dosz\u0142o 6 listopada w salonie optycznym przy ul. Rybnickiej 207 w Gliwicach. Na nagraniach z monitoringu wyra\u017anie wida\u0107 m\u0142od\u0105 kobiet\u0119, kt\u00f3ra chodzi po salonie, a w pewnym momencie si\u0119ga do biurka&#8230; \u015aledczy d\u0105\u017c\u0105 do ustalenia to\u017csamo\u015bci widocznej na filmie nieznanej kobiety. Zarejestrowana przez kamer\u0119 monitoringu kobieta [&hellip;]<\/p>\n","protected":false},"author":4,"featured_media":128710,"comment_status":"open","ping_status":"closed","sticky":false,"template":"","format":"standard","meta":{"_monsterinsights_skip_tracking":false,"_monsterinsights_sitenote_active":false,"_monsterinsights_sitenote_note":"","_monsterinsights_sitenote_category":0,"footnotes":"","_links_to":"","_links_to_target":""},"categories":[3,1,5],"tags":[11374,5809,14488,6470],"class_list":["post-128707","post","type-post","status-publish","format-standard","has-post-thumbnail","hentry","category-gliwice","category-wszystko","category-kryminalki","tag-kradziez-portfela","tag-rybnicka","tag-salon-optyczny","tag-zlodziej"],"yoast_head":"<!-- This site is optimized with the Yoast SEO plugin v27.5 - https:\/\/yoast.com\/product\/yoast-seo-wordpress\/ -->\n<title>M\u0142oda kobieta ukrad\u0142a portfel w salonie optycznym. Nie wiedzia\u0142a, \u017ce jest nagrywana przez kamery - 24GLIWICE - Portal Gliwice | codziennie nowe informacje<\/title>\n<meta name=\"robots\" content=\"index, follow, max-snippet:-1, max-image-preview:large, max-video-preview:-1\" \/>\n<link rel=\"canonical\" href=\"https:\/\/www.24gliwice.pl\/wiadomosci\/mloda-kobieta-ukradla-portfel-w-salonie-optycznym-nie-wiedziala-ze-jest-nagrywana-przez-kamery\/\" \/>\n<meta property=\"og:locale\" content=\"pl_PL\" \/>\n<meta property=\"og:type\" content=\"article\" \/>\n<meta property=\"og:title\" content=\"M\u0142oda kobieta ukrad\u0142a portfel w salonie optycznym. Nie wiedzia\u0142a, \u017ce jest nagrywana przez kamery - 24GLIWICE - Portal Gliwice | codziennie nowe informacje\" \/>\n<meta property=\"og:description\" content=\"Gliwicka policja prowadzi post\u0119powanie w sprawie przest\u0119pstwa, do jakiego dosz\u0142o 6 listopada w salonie optycznym przy ul. Rybnickiej 207 w Gliwicach. Na nagraniach z monitoringu wyra\u017anie wida\u0107 m\u0142od\u0105 kobiet\u0119, kt\u00f3ra chodzi po salonie, a w pewnym momencie si\u0119ga do biurka&#8230; \u015aledczy d\u0105\u017c\u0105 do ustalenia to\u017csamo\u015bci widocznej na filmie nieznanej kobiety. Zarejestrowana przez kamer\u0119 monitoringu kobieta [&hellip;]\" \/>\n<meta property=\"og:url\" content=\"https:\/\/www.24gliwice.pl\/wiadomosci\/mloda-kobieta-ukradla-portfel-w-salonie-optycznym-nie-wiedziala-ze-jest-nagrywana-przez-kamery\/\" \/>\n<meta property=\"og:site_name\" content=\"24GLIWICE - Portal Gliwice | codziennie nowe informacje\" \/>\n<meta property=\"article:publisher\" content=\"https:\/\/www.facebook.com\/24gliwice\" \/>\n<meta property=\"article:author\" content=\"https:\/\/www.facebook.com\/marcin.fabrykowski\" \/>\n<meta property=\"article:published_time\" content=\"2019-01-16T13:11:18+00:00\" \/>\n<meta property=\"og:image\" content=\"https:\/\/www.24gliwice.pl\/wiadomosci\/wp-content\/uploads\/2019\/01\/kradziez-rybnicka.jpg\" \/>\n\t<meta property=\"og:image:width\" content=\"1012\" \/>\n\t<meta property=\"og:image:height\" content=\"577\" \/>\n\t<meta property=\"og:image:type\" content=\"image\/jpeg\" \/>\n<meta name=\"author\" content=\"Marcin Fabrykowski\" \/>\n<meta name=\"twitter:card\" content=\"summary_large_image\" \/>\n<meta name=\"twitter:creator\" content=\"@24gliwice\" \/>\n<meta name=\"twitter:site\" content=\"@24gliwice\" \/>\n<meta name=\"twitter:label1\" content=\"Napisane przez\" \/>\n\t<meta name=\"twitter:data1\" content=\"Marcin Fabrykowski\" \/>\n\t<meta name=\"twitter:label2\" content=\"Szacowany czas czytania\" \/>\n\t<meta name=\"twitter:data2\" content=\"1 minuta\" \/>\n<script type=\"application\/ld+json\" class=\"yoast-schema-graph\">{\"@context\":\"https:\\\/\\\/schema.org\",\"@graph\":[{\"@type\":\"Article\",\"@id\":\"https:\\\/\\\/www.24gliwice.pl\\\/wiadomosci\\\/mloda-kobieta-ukradla-portfel-w-salonie-optycznym-nie-wiedziala-ze-jest-nagrywana-przez-kamery\\\/#article\",\"isPartOf\":{\"@id\":\"https:\\\/\\\/www.24gliwice.pl\\\/wiadomosci\\\/mloda-kobieta-ukradla-portfel-w-salonie-optycznym-nie-wiedziala-ze-jest-nagrywana-przez-kamery\\\/\"},\"author\":{\"name\":\"Marcin Fabrykowski\",\"@id\":\"https:\\\/\\\/www.24gliwice.pl\\\/wiadomosci\\\/#\\\/schema\\\/person\\\/cb5857e4a4d048c15984c1edcc8ef0c0\"},\"headline\":\"M\u0142oda kobieta ukrad\u0142a portfel w salonie optycznym. Nie wiedzia\u0142a, \u017ce jest nagrywana przez kamery\",\"datePublished\":\"2019-01-16T13:11:18+00:00\",\"mainEntityOfPage\":{\"@id\":\"https:\\\/\\\/www.24gliwice.pl\\\/wiadomosci\\\/mloda-kobieta-ukradla-portfel-w-salonie-optycznym-nie-wiedziala-ze-jest-nagrywana-przez-kamery\\\/\"},\"wordCount\":163,\"commentCount\":0,\"publisher\":{\"@id\":\"https:\\\/\\\/www.24gliwice.pl\\\/wiadomosci\\\/#organization\"},\"image\":{\"@id\":\"https:\\\/\\\/www.24gliwice.pl\\\/wiadomosci\\\/mloda-kobieta-ukradla-portfel-w-salonie-optycznym-nie-wiedziala-ze-jest-nagrywana-przez-kamery\\\/#primaryimage\"},\"thumbnailUrl\":\"https:\\\/\\\/www.24gliwice.pl\\\/wiadomosci\\\/wp-content\\\/uploads\\\/2019\\\/01\\\/kradziez-rybnicka.jpg\",\"keywords\":[\"kradzie\u017c portfela\",\"RYBNICKA\",\"salon optyczny\",\"Z\u0141ODZIEJ\"],\"articleSection\":[\"Gliwice\",\"Najnowsze wiadomo\u015bci\",\"Prawo\"],\"inLanguage\":\"pl-PL\",\"potentialAction\":[{\"@type\":\"CommentAction\",\"name\":\"Comment\",\"target\":[\"https:\\\/\\\/www.24gliwice.pl\\\/wiadomosci\\\/mloda-kobieta-ukradla-portfel-w-salonie-optycznym-nie-wiedziala-ze-jest-nagrywana-przez-kamery\\\/#respond\"]}]},{\"@type\":\"WebPage\",\"@id\":\"https:\\\/\\\/www.24gliwice.pl\\\/wiadomosci\\\/mloda-kobieta-ukradla-portfel-w-salonie-optycznym-nie-wiedziala-ze-jest-nagrywana-przez-kamery\\\/\",\"url\":\"https:\\\/\\\/www.24gliwice.pl\\\/wiadomosci\\\/mloda-kobieta-ukradla-portfel-w-salonie-optycznym-nie-wiedziala-ze-jest-nagrywana-przez-kamery\\\/\",\"name\":\"M\u0142oda kobieta ukrad\u0142a portfel w salonie optycznym. Nie wiedzia\u0142a, \u017ce jest nagrywana przez kamery - 24GLIWICE - Portal Gliwice | codziennie nowe informacje\",\"isPartOf\":{\"@id\":\"https:\\\/\\\/www.24gliwice.pl\\\/wiadomosci\\\/#website\"},\"primaryImageOfPage\":{\"@id\":\"https:\\\/\\\/www.24gliwice.pl\\\/wiadomosci\\\/mloda-kobieta-ukradla-portfel-w-salonie-optycznym-nie-wiedziala-ze-jest-nagrywana-przez-kamery\\\/#primaryimage\"},\"image\":{\"@id\":\"https:\\\/\\\/www.24gliwice.pl\\\/wiadomosci\\\/mloda-kobieta-ukradla-portfel-w-salonie-optycznym-nie-wiedziala-ze-jest-nagrywana-przez-kamery\\\/#primaryimage\"},\"thumbnailUrl\":\"https:\\\/\\\/www.24gliwice.pl\\\/wiadomosci\\\/wp-content\\\/uploads\\\/2019\\\/01\\\/kradziez-rybnicka.jpg\",\"datePublished\":\"2019-01-16T13:11:18+00:00\",\"breadcrumb\":{\"@id\":\"https:\\\/\\\/www.24gliwice.pl\\\/wiadomosci\\\/mloda-kobieta-ukradla-portfel-w-salonie-optycznym-nie-wiedziala-ze-jest-nagrywana-przez-kamery\\\/#breadcrumb\"},\"inLanguage\":\"pl-PL\",\"potentialAction\":[{\"@type\":\"ReadAction\",\"target\":[\"https:\\\/\\\/www.24gliwice.pl\\\/wiadomosci\\\/mloda-kobieta-ukradla-portfel-w-salonie-optycznym-nie-wiedziala-ze-jest-nagrywana-przez-kamery\\\/\"]}]},{\"@type\":\"ImageObject\",\"inLanguage\":\"pl-PL\",\"@id\":\"https:\\\/\\\/www.24gliwice.pl\\\/wiadomosci\\\/mloda-kobieta-ukradla-portfel-w-salonie-optycznym-nie-wiedziala-ze-jest-nagrywana-przez-kamery\\\/#primaryimage\",\"url\":\"https:\\\/\\\/www.24gliwice.pl\\\/wiadomosci\\\/wp-content\\\/uploads\\\/2019\\\/01\\\/kradziez-rybnicka.jpg\",\"contentUrl\":\"https:\\\/\\\/www.24gliwice.pl\\\/wiadomosci\\\/wp-content\\\/uploads\\\/2019\\\/01\\\/kradziez-rybnicka.jpg\",\"width\":1012,\"height\":577,\"caption\":\"KMP Gliwice\"},{\"@type\":\"BreadcrumbList\",\"@id\":\"https:\\\/\\\/www.24gliwice.pl\\\/wiadomosci\\\/mloda-kobieta-ukradla-portfel-w-salonie-optycznym-nie-wiedziala-ze-jest-nagrywana-przez-kamery\\\/#breadcrumb\",\"itemListElement\":[{\"@type\":\"ListItem\",\"position\":1,\"name\":\"Strona g\u0142\u00f3wna\",\"item\":\"https:\\\/\\\/www.24gliwice.pl\\\/wiadomosci\\\/\"},{\"@type\":\"ListItem\",\"position\":2,\"name\":\"M\u0142oda kobieta ukrad\u0142a portfel w salonie optycznym. Nie wiedzia\u0142a, \u017ce jest nagrywana przez kamery\"}]},{\"@type\":\"WebSite\",\"@id\":\"https:\\\/\\\/www.24gliwice.pl\\\/wiadomosci\\\/#website\",\"url\":\"https:\\\/\\\/www.24gliwice.pl\\\/wiadomosci\\\/\",\"name\":\"24GLIWICE - Portal Gliwice | codziennie nowe wiadomo\u015bci\",\"description\":\"Portal Miejski Gliwice\",\"publisher\":{\"@id\":\"https:\\\/\\\/www.24gliwice.pl\\\/wiadomosci\\\/#organization\"},\"potentialAction\":[{\"@type\":\"SearchAction\",\"target\":{\"@type\":\"EntryPoint\",\"urlTemplate\":\"https:\\\/\\\/www.24gliwice.pl\\\/wiadomosci\\\/?s={search_term_string}\"},\"query-input\":{\"@type\":\"PropertyValueSpecification\",\"valueRequired\":true,\"valueName\":\"search_term_string\"}}],\"inLanguage\":\"pl-PL\"},{\"@type\":\"Organization\",\"@id\":\"https:\\\/\\\/www.24gliwice.pl\\\/wiadomosci\\\/#organization\",\"name\":\"24gliwice\",\"url\":\"https:\\\/\\\/www.24gliwice.pl\\\/wiadomosci\\\/\",\"logo\":{\"@type\":\"ImageObject\",\"inLanguage\":\"pl-PL\",\"@id\":\"https:\\\/\\\/www.24gliwice.pl\\\/wiadomosci\\\/#\\\/schema\\\/logo\\\/image\\\/\",\"url\":\"https:\\\/\\\/www.24gliwice.pl\\\/wiadomosci\\\/wp-content\\\/uploads\\\/2024\\\/10\\\/24gliwice-logo-696.jpg\",\"contentUrl\":\"https:\\\/\\\/www.24gliwice.pl\\\/wiadomosci\\\/wp-content\\\/uploads\\\/2024\\\/10\\\/24gliwice-logo-696.jpg\",\"width\":696,\"height\":696,\"caption\":\"24gliwice\"},\"image\":{\"@id\":\"https:\\\/\\\/www.24gliwice.pl\\\/wiadomosci\\\/#\\\/schema\\\/logo\\\/image\\\/\"},\"sameAs\":[\"https:\\\/\\\/www.facebook.com\\\/24gliwice\",\"https:\\\/\\\/x.com\\\/24gliwice\",\"https:\\\/\\\/www.youtube.com\\\/@24gliwice\"]},{\"@type\":\"Person\",\"@id\":\"https:\\\/\\\/www.24gliwice.pl\\\/wiadomosci\\\/#\\\/schema\\\/person\\\/cb5857e4a4d048c15984c1edcc8ef0c0\",\"name\":\"Marcin Fabrykowski\",\"image\":{\"@type\":\"ImageObject\",\"inLanguage\":\"pl-PL\",\"@id\":\"https:\\\/\\\/www.24gliwice.pl\\\/wiadomosci\\\/wp-content\\\/uploads\\\/2025\\\/11\\\/zdjecie-moje-marcin-300-96x96.jpg\",\"url\":\"https:\\\/\\\/www.24gliwice.pl\\\/wiadomosci\\\/wp-content\\\/uploads\\\/2025\\\/11\\\/zdjecie-moje-marcin-300-96x96.jpg\",\"contentUrl\":\"https:\\\/\\\/www.24gliwice.pl\\\/wiadomosci\\\/wp-content\\\/uploads\\\/2025\\\/11\\\/zdjecie-moje-marcin-300-96x96.jpg\",\"caption\":\"Marcin Fabrykowski\"},\"sameAs\":[\"http:\\\/\\\/24gliwice.pl\",\"https:\\\/\\\/www.facebook.com\\\/marcin.fabrykowski\"],\"url\":\"https:\\\/\\\/www.24gliwice.pl\\\/wiadomosci\\\/author\\\/marcin-fabrykowski\\\/\"}]}<\/script>\n<!-- \/ Yoast SEO plugin. -->","yoast_head_json":{"title":"M\u0142oda kobieta ukrad\u0142a portfel w salonie optycznym. Nie wiedzia\u0142a, \u017ce jest nagrywana przez kamery - 24GLIWICE - Portal Gliwice | codziennie nowe informacje","robots":{"index":"index","follow":"follow","max-snippet":"max-snippet:-1","max-image-preview":"max-image-preview:large","max-video-preview":"max-video-preview:-1"},"canonical":"https:\/\/www.24gliwice.pl\/wiadomosci\/mloda-kobieta-ukradla-portfel-w-salonie-optycznym-nie-wiedziala-ze-jest-nagrywana-przez-kamery\/","og_locale":"pl_PL","og_type":"article","og_title":"M\u0142oda kobieta ukrad\u0142a portfel w salonie optycznym. Nie wiedzia\u0142a, \u017ce jest nagrywana przez kamery - 24GLIWICE - Portal Gliwice | codziennie nowe informacje","og_description":"Gliwicka policja prowadzi post\u0119powanie w sprawie przest\u0119pstwa, do jakiego dosz\u0142o 6 listopada w salonie optycznym przy ul. Rybnickiej 207 w Gliwicach. Na nagraniach z monitoringu wyra\u017anie wida\u0107 m\u0142od\u0105 kobiet\u0119, kt\u00f3ra chodzi po salonie, a w pewnym momencie si\u0119ga do biurka&#8230; \u015aledczy d\u0105\u017c\u0105 do ustalenia to\u017csamo\u015bci widocznej na filmie nieznanej kobiety. Zarejestrowana przez kamer\u0119 monitoringu kobieta [&hellip;]","og_url":"https:\/\/www.24gliwice.pl\/wiadomosci\/mloda-kobieta-ukradla-portfel-w-salonie-optycznym-nie-wiedziala-ze-jest-nagrywana-przez-kamery\/","og_site_name":"24GLIWICE - Portal Gliwice | codziennie nowe informacje","article_publisher":"https:\/\/www.facebook.com\/24gliwice","article_author":"https:\/\/www.facebook.com\/marcin.fabrykowski","article_published_time":"2019-01-16T13:11:18+00:00","og_image":[{"width":1012,"height":577,"url":"https:\/\/www.24gliwice.pl\/wiadomosci\/wp-content\/uploads\/2019\/01\/kradziez-rybnicka.jpg","type":"image\/jpeg"}],"author":"Marcin Fabrykowski","twitter_card":"summary_large_image","twitter_creator":"@24gliwice","twitter_site":"@24gliwice","twitter_misc":{"Napisane przez":"Marcin Fabrykowski","Szacowany czas czytania":"1 minuta"},"schema":{"@context":"https:\/\/schema.org","@graph":[{"@type":"Article","@id":"https:\/\/www.24gliwice.pl\/wiadomosci\/mloda-kobieta-ukradla-portfel-w-salonie-optycznym-nie-wiedziala-ze-jest-nagrywana-przez-kamery\/#article","isPartOf":{"@id":"https:\/\/www.24gliwice.pl\/wiadomosci\/mloda-kobieta-ukradla-portfel-w-salonie-optycznym-nie-wiedziala-ze-jest-nagrywana-przez-kamery\/"},"author":{"name":"Marcin Fabrykowski","@id":"https:\/\/www.24gliwice.pl\/wiadomosci\/#\/schema\/person\/cb5857e4a4d048c15984c1edcc8ef0c0"},"headline":"M\u0142oda kobieta ukrad\u0142a portfel w salonie optycznym. Nie wiedzia\u0142a, \u017ce jest nagrywana przez kamery","datePublished":"2019-01-16T13:11:18+00:00","mainEntityOfPage":{"@id":"https:\/\/www.24gliwice.pl\/wiadomosci\/mloda-kobieta-ukradla-portfel-w-salonie-optycznym-nie-wiedziala-ze-jest-nagrywana-przez-kamery\/"},"wordCount":163,"commentCount":0,"publisher":{"@id":"https:\/\/www.24gliwice.pl\/wiadomosci\/#organization"},"image":{"@id":"https:\/\/www.24gliwice.pl\/wiadomosci\/mloda-kobieta-ukradla-portfel-w-salonie-optycznym-nie-wiedziala-ze-jest-nagrywana-przez-kamery\/#primaryimage"},"thumbnailUrl":"https:\/\/www.24gliwice.pl\/wiadomosci\/wp-content\/uploads\/2019\/01\/kradziez-rybnicka.jpg","keywords":["kradzie\u017c portfela","RYBNICKA","salon optyczny","Z\u0141ODZIEJ"],"articleSection":["Gliwice","Najnowsze wiadomo\u015bci","Prawo"],"inLanguage":"pl-PL","potentialAction":[{"@type":"CommentAction","name":"Comment","target":["https:\/\/www.24gliwice.pl\/wiadomosci\/mloda-kobieta-ukradla-portfel-w-salonie-optycznym-nie-wiedziala-ze-jest-nagrywana-przez-kamery\/#respond"]}]},{"@type":"WebPage","@id":"https:\/\/www.24gliwice.pl\/wiadomosci\/mloda-kobieta-ukradla-portfel-w-salonie-optycznym-nie-wiedziala-ze-jest-nagrywana-przez-kamery\/","url":"https:\/\/www.24gliwice.pl\/wiadomosci\/mloda-kobieta-ukradla-portfel-w-salonie-optycznym-nie-wiedziala-ze-jest-nagrywana-przez-kamery\/","name":"M\u0142oda kobieta ukrad\u0142a portfel w salonie optycznym. Nie wiedzia\u0142a, \u017ce jest nagrywana przez kamery - 24GLIWICE - Portal Gliwice | codziennie nowe informacje","isPartOf":{"@id":"https:\/\/www.24gliwice.pl\/wiadomosci\/#website"},"primaryImageOfPage":{"@id":"https:\/\/www.24gliwice.pl\/wiadomosci\/mloda-kobieta-ukradla-portfel-w-salonie-optycznym-nie-wiedziala-ze-jest-nagrywana-przez-kamery\/#primaryimage"},"image":{"@id":"https:\/\/www.24gliwice.pl\/wiadomosci\/mloda-kobieta-ukradla-portfel-w-salonie-optycznym-nie-wiedziala-ze-jest-nagrywana-przez-kamery\/#primaryimage"},"thumbnailUrl":"https:\/\/www.24gliwice.pl\/wiadomosci\/wp-content\/uploads\/2019\/01\/kradziez-rybnicka.jpg","datePublished":"2019-01-16T13:11:18+00:00","breadcrumb":{"@id":"https:\/\/www.24gliwice.pl\/wiadomosci\/mloda-kobieta-ukradla-portfel-w-salonie-optycznym-nie-wiedziala-ze-jest-nagrywana-przez-kamery\/#breadcrumb"},"inLanguage":"pl-PL","potentialAction":[{"@type":"ReadAction","target":["https:\/\/www.24gliwice.pl\/wiadomosci\/mloda-kobieta-ukradla-portfel-w-salonie-optycznym-nie-wiedziala-ze-jest-nagrywana-przez-kamery\/"]}]},{"@type":"ImageObject","inLanguage":"pl-PL","@id":"https:\/\/www.24gliwice.pl\/wiadomosci\/mloda-kobieta-ukradla-portfel-w-salonie-optycznym-nie-wiedziala-ze-jest-nagrywana-przez-kamery\/#primaryimage","url":"https:\/\/www.24gliwice.pl\/wiadomosci\/wp-content\/uploads\/2019\/01\/kradziez-rybnicka.jpg","contentUrl":"https:\/\/www.24gliwice.pl\/wiadomosci\/wp-content\/uploads\/2019\/01\/kradziez-rybnicka.jpg","width":1012,"height":577,"caption":"KMP Gliwice"},{"@type":"BreadcrumbList","@id":"https:\/\/www.24gliwice.pl\/wiadomosci\/mloda-kobieta-ukradla-portfel-w-salonie-optycznym-nie-wiedziala-ze-jest-nagrywana-przez-kamery\/#breadcrumb","itemListElement":[{"@type":"ListItem","position":1,"name":"Strona g\u0142\u00f3wna","item":"https:\/\/www.24gliwice.pl\/wiadomosci\/"},{"@type":"ListItem","position":2,"name":"M\u0142oda kobieta ukrad\u0142a portfel w salonie optycznym. Nie wiedzia\u0142a, \u017ce jest nagrywana przez kamery"}]},{"@type":"WebSite","@id":"https:\/\/www.24gliwice.pl\/wiadomosci\/#website","url":"https:\/\/www.24gliwice.pl\/wiadomosci\/","name":"24GLIWICE - Portal Gliwice | codziennie nowe wiadomo\u015bci","description":"Portal Miejski Gliwice","publisher":{"@id":"https:\/\/www.24gliwice.pl\/wiadomosci\/#organization"},"potentialAction":[{"@type":"SearchAction","target":{"@type":"EntryPoint","urlTemplate":"https:\/\/www.24gliwice.pl\/wiadomosci\/?s={search_term_string}"},"query-input":{"@type":"PropertyValueSpecification","valueRequired":true,"valueName":"search_term_string"}}],"inLanguage":"pl-PL"},{"@type":"Organization","@id":"https:\/\/www.24gliwice.pl\/wiadomosci\/#organization","name":"24gliwice","url":"https:\/\/www.24gliwice.pl\/wiadomosci\/","logo":{"@type":"ImageObject","inLanguage":"pl-PL","@id":"https:\/\/www.24gliwice.pl\/wiadomosci\/#\/schema\/logo\/image\/","url":"https:\/\/www.24gliwice.pl\/wiadomosci\/wp-content\/uploads\/2024\/10\/24gliwice-logo-696.jpg","contentUrl":"https:\/\/www.24gliwice.pl\/wiadomosci\/wp-content\/uploads\/2024\/10\/24gliwice-logo-696.jpg","width":696,"height":696,"caption":"24gliwice"},"image":{"@id":"https:\/\/www.24gliwice.pl\/wiadomosci\/#\/schema\/logo\/image\/"},"sameAs":["https:\/\/www.facebook.com\/24gliwice","https:\/\/x.com\/24gliwice","https:\/\/www.youtube.com\/@24gliwice"]},{"@type":"Person","@id":"https:\/\/www.24gliwice.pl\/wiadomosci\/#\/schema\/person\/cb5857e4a4d048c15984c1edcc8ef0c0","name":"Marcin Fabrykowski","image":{"@type":"ImageObject","inLanguage":"pl-PL","@id":"https:\/\/www.24gliwice.pl\/wiadomosci\/wp-content\/uploads\/2025\/11\/zdjecie-moje-marcin-300-96x96.jpg","url":"https:\/\/www.24gliwice.pl\/wiadomosci\/wp-content\/uploads\/2025\/11\/zdjecie-moje-marcin-300-96x96.jpg","contentUrl":"https:\/\/www.24gliwice.pl\/wiadomosci\/wp-content\/uploads\/2025\/11\/zdjecie-moje-marcin-300-96x96.jpg","caption":"Marcin Fabrykowski"},"sameAs":["http:\/\/24gliwice.pl","https:\/\/www.facebook.com\/marcin.fabrykowski"],"url":"https:\/\/www.24gliwice.pl\/wiadomosci\/author\/marcin-fabrykowski\/"}]}},"_links":{"self":[{"href":"https:\/\/www.24gliwice.pl\/wiadomosci\/wp-json\/wp\/v2\/posts\/128707","targetHints":{"allow":["GET"]}}],"collection":[{"href":"https:\/\/www.24gliwice.pl\/wiadomosci\/wp-json\/wp\/v2\/posts"}],"about":[{"href":"https:\/\/www.24gliwice.pl\/wiadomosci\/wp-json\/wp\/v2\/types\/post"}],"author":[{"embeddable":true,"href":"https:\/\/www.24gliwice.pl\/wiadomosci\/wp-json\/wp\/v2\/users\/4"}],"replies":[{"embeddable":true,"href":"https:\/\/www.24gliwice.pl\/wiadomosci\/wp-json\/wp\/v2\/comments?post=128707"}],"version-history":[{"count":0,"href":"https:\/\/www.24gliwice.pl\/wiadomosci\/wp-json\/wp\/v2\/posts\/128707\/revisions"}],"wp:featuredmedia":[{"embeddable":true,"href":"https:\/\/www.24gliwice.pl\/wiadomosci\/wp-json\/wp\/v2\/media\/128710"}],"wp:attachment":[{"href":"https:\/\/www.24gliwice.pl\/wiadomosci\/wp-json\/wp\/v2\/media?parent=128707"}],"wp:term":[{"taxonomy":"category","embeddable":true,"href":"https:\/\/www.24gliwice.pl\/wiadomosci\/wp-json\/wp\/v2\/categories?post=128707"},{"taxonomy":"post_tag","embeddable":true,"href":"https:\/\/www.24gliwice.pl\/wiadomosci\/wp-json\/wp\/v2\/tags?post=128707"}],"curies":[{"name":"wp","href":"https:\/\/api.w.org\/{rel}","templated":true}]}}