{"id":128734,"date":"2019-01-17T01:25:02","date_gmt":"2019-01-17T00:25:02","guid":{"rendered":"https:\/\/www.24gliwice.pl\/wiadomosci\/?p=128734"},"modified":"2019-01-17T02:05:32","modified_gmt":"2019-01-17T01:05:32","slug":"tak-sie-konczy-nawolywanie-do-nienawisci-w-internecie-raper-z-knurowa-zatrzymany-przez-policje","status":"publish","type":"post","link":"https:\/\/www.24gliwice.pl\/wiadomosci\/tak-sie-konczy-nawolywanie-do-nienawisci-w-internecie-raper-z-knurowa-zatrzymany-przez-policje\/","title":{"rendered":"Tak si\u0119 ko\u0144czy nawo\u0142ywanie do nienawi\u015bci w internecie. Raper z Knurowa zatrzymany przez policj\u0119"},"content":{"rendered":"<div class=\"gliwi-a6-nad-leadem-artykulow gliwi-entity-placement\" id=\"gliwi-2643214881\"><div class=\"gliwi-adlabel\"><span style=\"font-size: 9px\">REKLAMA<\/span><\/div><div id=\"gliwi-2666655819\" style=\"margin-bottom: 30px;margin-left: auto;margin-right: auto;text-align: center;\"><a data-no-instant=\"1\" href=\"https:\/\/przedszkole.halogen.org.pl\/\" rel=\"noopener\" class=\"a2t-link\" target=\"_blank\" aria-label=\"20260402-ANIMATOR-przedszkole_grafika_750x200\"><img loading=\"lazy\" decoding=\"async\" src=\"https:\/\/www.24gliwice.pl\/wiadomosci\/wp-content\/uploads\/2026\/04\/20260402-ANIMATOR-przedszkole_grafika_750x200.webp\" alt=\"\"  srcset=\"https:\/\/www.24gliwice.pl\/wiadomosci\/wp-content\/uploads\/2026\/04\/20260402-ANIMATOR-przedszkole_grafika_750x200.webp 750w, https:\/\/www.24gliwice.pl\/wiadomosci\/wp-content\/uploads\/2026\/04\/20260402-ANIMATOR-przedszkole_grafika_750x200-410x109.webp 410w\" sizes=\"(max-width: 750px) 100vw, 750px\" class=\"no-lazyload\" width=\"750\" height=\"200\"  style=\"display: inline-block; max-width: 100%; height: auto;\" \/><\/a><\/div><\/div><h3>To niewiarygodne, \u017ce nawet tak barbarzy\u0144ski akt przemocy, jaki mia\u0142 miejsce w niedziel\u0119 w Gda\u0144sku, mo\u017ce zyska\u0107 czyj\u015b poklask. Na szcz\u0119\u015bcie tym razem policja reaguje b\u0142yskawicznie.<\/h3>\n<p>Katowiccy policjanci zwalczaj\u0105cy cyberprzest\u0119pczo\u015b\u0107, wsp\u00f3lnie z kryminalnymi z Gliwic, namierzyli i zatrzymali we wtorek 34-letniego mieszka\u0144ca Knurowa. <strong>Podejrzany to Kamil N., raper u\u017cywaj\u0105cy pseudonimu &#8220;Deder&#8221;.<\/strong> Na portalu Facebook publicznie drwi\u0142 ze \u015bmierci zmar\u0142ego tragicznie Prezydenta Gda\u0144ska, Paw\u0142a Adamowicza oraz pochwala\u0142 pope\u0142nienie tego przest\u0119pstwa. <\/p>\n<p>Spraw\u0119 skandalicznego wpisu nag\u0142o\u015bni\u0142 O\u015brodek Monitorowania Zachowa\u0144 Rasistowskich i Ksenofobicznych.<br \/>\n<iframe loading=\"lazy\" src=\"https:\/\/www.facebook.com\/plugins\/post.php?href=https%3A%2F%2Fwww.facebook.com%2Fosrodek.monitorowania%2Fphotos%2Fa.137368036438338%2F900553786786422%2F%3Ftype%3D3&#038;width=500\" width=\"500\" height=\"503\" style=\"border:none;overflow:hidden\" scrolling=\"no\" frameborder=\"0\" allowTransparency=\"true\" allow=\"encrypted-media\"><\/iframe><\/p><div class=\"gliwi-a3-w-tresci-artykulow gliwi-entity-placement\" id=\"gliwi-4256608049\"><div class=\"gliwi-adlabel\"><span style=\"font-size: 9px\">REKLAMA<\/span><\/div><div id=\"gliwi-396469267\" style=\"margin-bottom: 30px;margin-left: auto;margin-right: auto;text-align: center;\"><a data-no-instant=\"1\" href=\"https:\/\/zlobek.halogen.org.pl\/\" rel=\"noopener\" class=\"a2t-link\" target=\"_blank\" aria-label=\"animator-zlobek_750x200\"><img loading=\"lazy\" decoding=\"async\" src=\"https:\/\/www.24gliwice.pl\/wiadomosci\/wp-content\/uploads\/2026\/02\/animator-zlobek_750x200.webp\" alt=\"\"  srcset=\"https:\/\/www.24gliwice.pl\/wiadomosci\/wp-content\/uploads\/2026\/02\/animator-zlobek_750x200.webp 750w, https:\/\/www.24gliwice.pl\/wiadomosci\/wp-content\/uploads\/2026\/02\/animator-zlobek_750x200-410x109.webp 410w\" sizes=\"(max-width: 750px) 100vw, 750px\" class=\"no-lazyload\" width=\"750\" height=\"200\"  style=\"display: inline-block; max-width: 100%; height: auto;\" \/><\/a><\/div><\/div>\n<p>Informacj\u0105 niezw\u0142ocznie zaj\u0119li si\u0119 policjanci z Wydzia\u0142u dw. z Cyberprzest\u0119pczo\u015bci\u0105. Ustalili oni, \u017ce wpis oraz konto zosta\u0142y ju\u017c usuni\u0119te przez jego autora. Nie utrudni\u0142o to jednak str\u00f3\u017com prawa ustalenia tego, kto jest autorem bezprawnego wpisu. <\/p>\n<p>34-latek zosta\u0142 zatrzymany przez operacyjnych w swoim mieszkaniu w Knurowie. Policjanci przeszukali jego mieszkanie i zabezpieczyli sprz\u0119t &#8211; komputer i telefon, z kt\u00f3rych podejrzewany m\u00f3g\u0142 dokona\u0107 bezprawnego wpisu na portalu spo\u0142eczno\u015bciowym. M\u0119\u017cczyzna zosta\u0142 doprowadzony do komendy policji w Gliwicach. O zatrzymaniu policjanci powiadomili ju\u017c prokuratora, kt\u00f3remu przeka\u017c\u0105 zgromadzony w tej sprawie materia\u0142 dowodowy. <\/p>\n<p>Okazuje si\u0119, \u017ce to nie koniec k\u0142opot\u00f3w Kamila N. Firma, w kt\u00f3rej jest zatrudniony jako \u015blusarz, ju\u017c zapowiedzia\u0142a wyci\u0105gni\u0119cie wobec niego konsekwencji dyscyplinarnych. <\/p>\n<p>Jak informuje TVP Info, w ci\u0105gu doby zatrzymano ju\u017c 15 os\u00f3b, kt\u00f3re sia\u0142y nienawi\u015b\u0107 w sieci. W\u015br\u00f3d nich s\u0105 znani &#8220;patostreamerzy&#8221; &#8211; matka z synem, kt\u00f3rzy podczas relacji na \u017cywo odczytali komunikat o ranieniu Paw\u0142a Adamowicza i \u201e\u017cyczyli, aby zdech\u0142\u201d. <\/p>\n<div id=\"attachment_128746\" style=\"width: 820px\" class=\"wp-caption aligncenter\"><img loading=\"lazy\" decoding=\"async\" aria-describedby=\"caption-attachment-128746\" src=\"https:\/\/www.24gliwice.pl\/wiadomosci\/wp-content\/uploads\/2019\/01\/1-deder-zatrzymany.jpg\" alt=\"\" width=\"810\" height=\"479\" class=\"size-full wp-image-128746\" srcset=\"https:\/\/www.24gliwice.pl\/wiadomosci\/wp-content\/uploads\/2019\/01\/1-deder-zatrzymany.jpg 810w, https:\/\/www.24gliwice.pl\/wiadomosci\/wp-content\/uploads\/2019\/01\/1-deder-zatrzymany-392x232.jpg 392w, https:\/\/www.24gliwice.pl\/wiadomosci\/wp-content\/uploads\/2019\/01\/1-deder-zatrzymany-768x454.jpg 768w, https:\/\/www.24gliwice.pl\/wiadomosci\/wp-content\/uploads\/2019\/01\/1-deder-zatrzymany-769x455.jpg 769w\" sizes=\"auto, (max-width: 810px) 100vw, 810px\" \/><p id=\"caption-attachment-128746\" class=\"wp-caption-text\">fot. \u015al\u0105ska Policja<\/p><\/div>\n<div class=\"gliwi-a5-na-koncu-artykulow gliwi-entity-placement\" id=\"gliwi-619573887\"><div class=\"gliwi-adlabel\"><span style=\"font-size: 9px\">REKLAMA<\/span><\/div><div id=\"gliwi-1122298851\" style=\"margin-left: auto;margin-right: auto;text-align: center;\"><a data-no-instant=\"1\" href=\"https:\/\/prezeroarenagliwice.pl\/\" rel=\"noopener\" class=\"a2t-link\" target=\"_blank\" aria-label=\"20260309-PREZERO-WIOSNA-D\"><img loading=\"lazy\" decoding=\"async\" src=\"https:\/\/www.24gliwice.pl\/wiadomosci\/wp-content\/uploads\/2026\/03\/20260309-PREZERO-WIOSNA-D.webp\" alt=\"\"  srcset=\"https:\/\/www.24gliwice.pl\/wiadomosci\/wp-content\/uploads\/2026\/03\/20260309-PREZERO-WIOSNA-D.webp 750w, https:\/\/www.24gliwice.pl\/wiadomosci\/wp-content\/uploads\/2026\/03\/20260309-PREZERO-WIOSNA-D-410x109.webp 410w\" sizes=\"(max-width: 750px) 100vw, 750px\" class=\"no-lazyload\" width=\"750\" height=\"200\"  style=\"display: inline-block; max-width: 100%; height: auto;\" \/><\/a><\/div><\/div>","protected":false},"excerpt":{"rendered":"<p>To niewiarygodne, \u017ce nawet tak barbarzy\u0144ski akt przemocy, jaki mia\u0142 miejsce w niedziel\u0119 w Gda\u0144sku, mo\u017ce zyska\u0107 czyj\u015b poklask. Na szcz\u0119\u015bcie tym razem policja reaguje b\u0142yskawicznie. Katowiccy policjanci zwalczaj\u0105cy cyberprzest\u0119pczo\u015b\u0107, wsp\u00f3lnie z kryminalnymi z Gliwic, namierzyli i zatrzymali we wtorek 34-letniego mieszka\u0144ca Knurowa. Podejrzany to Kamil N., raper u\u017cywaj\u0105cy pseudonimu &#8220;Deder&#8221;. Na portalu Facebook publicznie [&hellip;]<\/p>\n","protected":false},"author":4,"featured_media":128739,"comment_status":"open","ping_status":"closed","sticky":false,"template":"","format":"standard","meta":{"_monsterinsights_skip_tracking":false,"_monsterinsights_sitenote_active":false,"_monsterinsights_sitenote_note":"","_monsterinsights_sitenote_category":0,"footnotes":"","_links_to":"","_links_to_target":""},"categories":[3,1,9,5],"tags":[13519,13518],"class_list":["post-128734","post","type-post","status-publish","format-standard","has-post-thumbnail","hentry","category-gliwice","category-wszystko","category-aktualnosci_lokalne","category-kryminalki","tag-hejt","tag-nienawisc"],"yoast_head":"<!-- This site is optimized with the Yoast SEO plugin v27.5 - https:\/\/yoast.com\/product\/yoast-seo-wordpress\/ -->\n<title>Tak si\u0119 ko\u0144czy nawo\u0142ywanie do nienawi\u015bci w internecie. Raper z Knurowa zatrzymany przez policj\u0119 - 24GLIWICE - Portal Gliwice | codziennie nowe informacje<\/title>\n<meta name=\"robots\" content=\"index, follow, max-snippet:-1, max-image-preview:large, max-video-preview:-1\" \/>\n<link rel=\"canonical\" href=\"https:\/\/www.24gliwice.pl\/wiadomosci\/tak-sie-konczy-nawolywanie-do-nienawisci-w-internecie-raper-z-knurowa-zatrzymany-przez-policje\/\" \/>\n<meta property=\"og:locale\" content=\"pl_PL\" \/>\n<meta property=\"og:type\" content=\"article\" \/>\n<meta property=\"og:title\" content=\"Tak si\u0119 ko\u0144czy nawo\u0142ywanie do nienawi\u015bci w internecie. Raper z Knurowa zatrzymany przez policj\u0119 - 24GLIWICE - Portal Gliwice | codziennie nowe informacje\" \/>\n<meta property=\"og:description\" content=\"To niewiarygodne, \u017ce nawet tak barbarzy\u0144ski akt przemocy, jaki mia\u0142 miejsce w niedziel\u0119 w Gda\u0144sku, mo\u017ce zyska\u0107 czyj\u015b poklask. Na szcz\u0119\u015bcie tym razem policja reaguje b\u0142yskawicznie. Katowiccy policjanci zwalczaj\u0105cy cyberprzest\u0119pczo\u015b\u0107, wsp\u00f3lnie z kryminalnymi z Gliwic, namierzyli i zatrzymali we wtorek 34-letniego mieszka\u0144ca Knurowa. Podejrzany to Kamil N., raper u\u017cywaj\u0105cy pseudonimu &#8220;Deder&#8221;. Na portalu Facebook publicznie [&hellip;]\" \/>\n<meta property=\"og:url\" content=\"https:\/\/www.24gliwice.pl\/wiadomosci\/tak-sie-konczy-nawolywanie-do-nienawisci-w-internecie-raper-z-knurowa-zatrzymany-przez-policje\/\" \/>\n<meta property=\"og:site_name\" content=\"24GLIWICE - Portal Gliwice | codziennie nowe informacje\" \/>\n<meta property=\"article:publisher\" content=\"https:\/\/www.facebook.com\/24gliwice\" \/>\n<meta property=\"article:author\" content=\"https:\/\/www.facebook.com\/marcin.fabrykowski\" \/>\n<meta property=\"article:published_time\" content=\"2019-01-17T00:25:02+00:00\" \/>\n<meta property=\"article:modified_time\" content=\"2019-01-17T01:05:32+00:00\" \/>\n<meta property=\"og:image\" content=\"https:\/\/www.24gliwice.pl\/wiadomosci\/wp-content\/uploads\/2019\/01\/1-raper-deder-knurow.jpg\" \/>\n\t<meta property=\"og:image:width\" content=\"810\" \/>\n\t<meta property=\"og:image:height\" content=\"494\" \/>\n\t<meta property=\"og:image:type\" content=\"image\/jpeg\" \/>\n<meta name=\"author\" content=\"Marcin Fabrykowski\" \/>\n<meta name=\"twitter:card\" content=\"summary_large_image\" \/>\n<meta name=\"twitter:creator\" content=\"@24gliwice\" \/>\n<meta name=\"twitter:site\" content=\"@24gliwice\" \/>\n<meta name=\"twitter:label1\" content=\"Napisane przez\" \/>\n\t<meta name=\"twitter:data1\" content=\"Marcin Fabrykowski\" \/>\n\t<meta name=\"twitter:label2\" content=\"Szacowany czas czytania\" \/>\n\t<meta name=\"twitter:data2\" content=\"1 minuta\" \/>\n<script type=\"application\/ld+json\" class=\"yoast-schema-graph\">{\"@context\":\"https:\\\/\\\/schema.org\",\"@graph\":[{\"@type\":\"Article\",\"@id\":\"https:\\\/\\\/www.24gliwice.pl\\\/wiadomosci\\\/tak-sie-konczy-nawolywanie-do-nienawisci-w-internecie-raper-z-knurowa-zatrzymany-przez-policje\\\/#article\",\"isPartOf\":{\"@id\":\"https:\\\/\\\/www.24gliwice.pl\\\/wiadomosci\\\/tak-sie-konczy-nawolywanie-do-nienawisci-w-internecie-raper-z-knurowa-zatrzymany-przez-policje\\\/\"},\"author\":{\"name\":\"Marcin Fabrykowski\",\"@id\":\"https:\\\/\\\/www.24gliwice.pl\\\/wiadomosci\\\/#\\\/schema\\\/person\\\/cb5857e4a4d048c15984c1edcc8ef0c0\"},\"headline\":\"Tak si\u0119 ko\u0144czy nawo\u0142ywanie do nienawi\u015bci w internecie. Raper z Knurowa zatrzymany przez policj\u0119\",\"datePublished\":\"2019-01-17T00:25:02+00:00\",\"dateModified\":\"2019-01-17T01:05:32+00:00\",\"mainEntityOfPage\":{\"@id\":\"https:\\\/\\\/www.24gliwice.pl\\\/wiadomosci\\\/tak-sie-konczy-nawolywanie-do-nienawisci-w-internecie-raper-z-knurowa-zatrzymany-przez-policje\\\/\"},\"wordCount\":306,\"commentCount\":0,\"publisher\":{\"@id\":\"https:\\\/\\\/www.24gliwice.pl\\\/wiadomosci\\\/#organization\"},\"image\":{\"@id\":\"https:\\\/\\\/www.24gliwice.pl\\\/wiadomosci\\\/tak-sie-konczy-nawolywanie-do-nienawisci-w-internecie-raper-z-knurowa-zatrzymany-przez-policje\\\/#primaryimage\"},\"thumbnailUrl\":\"https:\\\/\\\/www.24gliwice.pl\\\/wiadomosci\\\/wp-content\\\/uploads\\\/2019\\\/01\\\/1-raper-deder-knurow.jpg\",\"keywords\":[\"hejt\",\"nienawi\u015b\u0107\"],\"articleSection\":[\"Gliwice\",\"Najnowsze wiadomo\u015bci\",\"Portal Gliwice - Wiadomo\u015bci lokalne\",\"Prawo\"],\"inLanguage\":\"pl-PL\",\"potentialAction\":[{\"@type\":\"CommentAction\",\"name\":\"Comment\",\"target\":[\"https:\\\/\\\/www.24gliwice.pl\\\/wiadomosci\\\/tak-sie-konczy-nawolywanie-do-nienawisci-w-internecie-raper-z-knurowa-zatrzymany-przez-policje\\\/#respond\"]}]},{\"@type\":\"WebPage\",\"@id\":\"https:\\\/\\\/www.24gliwice.pl\\\/wiadomosci\\\/tak-sie-konczy-nawolywanie-do-nienawisci-w-internecie-raper-z-knurowa-zatrzymany-przez-policje\\\/\",\"url\":\"https:\\\/\\\/www.24gliwice.pl\\\/wiadomosci\\\/tak-sie-konczy-nawolywanie-do-nienawisci-w-internecie-raper-z-knurowa-zatrzymany-przez-policje\\\/\",\"name\":\"Tak si\u0119 ko\u0144czy nawo\u0142ywanie do nienawi\u015bci w internecie. Raper z Knurowa zatrzymany przez policj\u0119 - 24GLIWICE - Portal Gliwice | codziennie nowe informacje\",\"isPartOf\":{\"@id\":\"https:\\\/\\\/www.24gliwice.pl\\\/wiadomosci\\\/#website\"},\"primaryImageOfPage\":{\"@id\":\"https:\\\/\\\/www.24gliwice.pl\\\/wiadomosci\\\/tak-sie-konczy-nawolywanie-do-nienawisci-w-internecie-raper-z-knurowa-zatrzymany-przez-policje\\\/#primaryimage\"},\"image\":{\"@id\":\"https:\\\/\\\/www.24gliwice.pl\\\/wiadomosci\\\/tak-sie-konczy-nawolywanie-do-nienawisci-w-internecie-raper-z-knurowa-zatrzymany-przez-policje\\\/#primaryimage\"},\"thumbnailUrl\":\"https:\\\/\\\/www.24gliwice.pl\\\/wiadomosci\\\/wp-content\\\/uploads\\\/2019\\\/01\\\/1-raper-deder-knurow.jpg\",\"datePublished\":\"2019-01-17T00:25:02+00:00\",\"dateModified\":\"2019-01-17T01:05:32+00:00\",\"breadcrumb\":{\"@id\":\"https:\\\/\\\/www.24gliwice.pl\\\/wiadomosci\\\/tak-sie-konczy-nawolywanie-do-nienawisci-w-internecie-raper-z-knurowa-zatrzymany-przez-policje\\\/#breadcrumb\"},\"inLanguage\":\"pl-PL\",\"potentialAction\":[{\"@type\":\"ReadAction\",\"target\":[\"https:\\\/\\\/www.24gliwice.pl\\\/wiadomosci\\\/tak-sie-konczy-nawolywanie-do-nienawisci-w-internecie-raper-z-knurowa-zatrzymany-przez-policje\\\/\"]}]},{\"@type\":\"ImageObject\",\"inLanguage\":\"pl-PL\",\"@id\":\"https:\\\/\\\/www.24gliwice.pl\\\/wiadomosci\\\/tak-sie-konczy-nawolywanie-do-nienawisci-w-internecie-raper-z-knurowa-zatrzymany-przez-policje\\\/#primaryimage\",\"url\":\"https:\\\/\\\/www.24gliwice.pl\\\/wiadomosci\\\/wp-content\\\/uploads\\\/2019\\\/01\\\/1-raper-deder-knurow.jpg\",\"contentUrl\":\"https:\\\/\\\/www.24gliwice.pl\\\/wiadomosci\\\/wp-content\\\/uploads\\\/2019\\\/01\\\/1-raper-deder-knurow.jpg\",\"width\":810,\"height\":494,\"caption\":\"fot. \u015al\u0105ska Policja\"},{\"@type\":\"BreadcrumbList\",\"@id\":\"https:\\\/\\\/www.24gliwice.pl\\\/wiadomosci\\\/tak-sie-konczy-nawolywanie-do-nienawisci-w-internecie-raper-z-knurowa-zatrzymany-przez-policje\\\/#breadcrumb\",\"itemListElement\":[{\"@type\":\"ListItem\",\"position\":1,\"name\":\"Strona g\u0142\u00f3wna\",\"item\":\"https:\\\/\\\/www.24gliwice.pl\\\/wiadomosci\\\/\"},{\"@type\":\"ListItem\",\"position\":2,\"name\":\"Tak si\u0119 ko\u0144czy nawo\u0142ywanie do nienawi\u015bci w internecie. Raper z Knurowa zatrzymany przez policj\u0119\"}]},{\"@type\":\"WebSite\",\"@id\":\"https:\\\/\\\/www.24gliwice.pl\\\/wiadomosci\\\/#website\",\"url\":\"https:\\\/\\\/www.24gliwice.pl\\\/wiadomosci\\\/\",\"name\":\"24GLIWICE - Portal Gliwice | codziennie nowe wiadomo\u015bci\",\"description\":\"Portal Miejski Gliwice\",\"publisher\":{\"@id\":\"https:\\\/\\\/www.24gliwice.pl\\\/wiadomosci\\\/#organization\"},\"potentialAction\":[{\"@type\":\"SearchAction\",\"target\":{\"@type\":\"EntryPoint\",\"urlTemplate\":\"https:\\\/\\\/www.24gliwice.pl\\\/wiadomosci\\\/?s={search_term_string}\"},\"query-input\":{\"@type\":\"PropertyValueSpecification\",\"valueRequired\":true,\"valueName\":\"search_term_string\"}}],\"inLanguage\":\"pl-PL\"},{\"@type\":\"Organization\",\"@id\":\"https:\\\/\\\/www.24gliwice.pl\\\/wiadomosci\\\/#organization\",\"name\":\"24gliwice\",\"url\":\"https:\\\/\\\/www.24gliwice.pl\\\/wiadomosci\\\/\",\"logo\":{\"@type\":\"ImageObject\",\"inLanguage\":\"pl-PL\",\"@id\":\"https:\\\/\\\/www.24gliwice.pl\\\/wiadomosci\\\/#\\\/schema\\\/logo\\\/image\\\/\",\"url\":\"https:\\\/\\\/www.24gliwice.pl\\\/wiadomosci\\\/wp-content\\\/uploads\\\/2024\\\/10\\\/24gliwice-logo-696.jpg\",\"contentUrl\":\"https:\\\/\\\/www.24gliwice.pl\\\/wiadomosci\\\/wp-content\\\/uploads\\\/2024\\\/10\\\/24gliwice-logo-696.jpg\",\"width\":696,\"height\":696,\"caption\":\"24gliwice\"},\"image\":{\"@id\":\"https:\\\/\\\/www.24gliwice.pl\\\/wiadomosci\\\/#\\\/schema\\\/logo\\\/image\\\/\"},\"sameAs\":[\"https:\\\/\\\/www.facebook.com\\\/24gliwice\",\"https:\\\/\\\/x.com\\\/24gliwice\",\"https:\\\/\\\/www.youtube.com\\\/@24gliwice\"]},{\"@type\":\"Person\",\"@id\":\"https:\\\/\\\/www.24gliwice.pl\\\/wiadomosci\\\/#\\\/schema\\\/person\\\/cb5857e4a4d048c15984c1edcc8ef0c0\",\"name\":\"Marcin Fabrykowski\",\"image\":{\"@type\":\"ImageObject\",\"inLanguage\":\"pl-PL\",\"@id\":\"https:\\\/\\\/www.24gliwice.pl\\\/wiadomosci\\\/wp-content\\\/uploads\\\/2025\\\/11\\\/zdjecie-moje-marcin-300-96x96.jpg\",\"url\":\"https:\\\/\\\/www.24gliwice.pl\\\/wiadomosci\\\/wp-content\\\/uploads\\\/2025\\\/11\\\/zdjecie-moje-marcin-300-96x96.jpg\",\"contentUrl\":\"https:\\\/\\\/www.24gliwice.pl\\\/wiadomosci\\\/wp-content\\\/uploads\\\/2025\\\/11\\\/zdjecie-moje-marcin-300-96x96.jpg\",\"caption\":\"Marcin Fabrykowski\"},\"sameAs\":[\"http:\\\/\\\/24gliwice.pl\",\"https:\\\/\\\/www.facebook.com\\\/marcin.fabrykowski\"],\"url\":\"https:\\\/\\\/www.24gliwice.pl\\\/wiadomosci\\\/author\\\/marcin-fabrykowski\\\/\"}]}<\/script>\n<!-- \/ Yoast SEO plugin. -->","yoast_head_json":{"title":"Tak si\u0119 ko\u0144czy nawo\u0142ywanie do nienawi\u015bci w internecie. Raper z Knurowa zatrzymany przez policj\u0119 - 24GLIWICE - Portal Gliwice | codziennie nowe informacje","robots":{"index":"index","follow":"follow","max-snippet":"max-snippet:-1","max-image-preview":"max-image-preview:large","max-video-preview":"max-video-preview:-1"},"canonical":"https:\/\/www.24gliwice.pl\/wiadomosci\/tak-sie-konczy-nawolywanie-do-nienawisci-w-internecie-raper-z-knurowa-zatrzymany-przez-policje\/","og_locale":"pl_PL","og_type":"article","og_title":"Tak si\u0119 ko\u0144czy nawo\u0142ywanie do nienawi\u015bci w internecie. Raper z Knurowa zatrzymany przez policj\u0119 - 24GLIWICE - Portal Gliwice | codziennie nowe informacje","og_description":"To niewiarygodne, \u017ce nawet tak barbarzy\u0144ski akt przemocy, jaki mia\u0142 miejsce w niedziel\u0119 w Gda\u0144sku, mo\u017ce zyska\u0107 czyj\u015b poklask. Na szcz\u0119\u015bcie tym razem policja reaguje b\u0142yskawicznie. Katowiccy policjanci zwalczaj\u0105cy cyberprzest\u0119pczo\u015b\u0107, wsp\u00f3lnie z kryminalnymi z Gliwic, namierzyli i zatrzymali we wtorek 34-letniego mieszka\u0144ca Knurowa. Podejrzany to Kamil N., raper u\u017cywaj\u0105cy pseudonimu &#8220;Deder&#8221;. Na portalu Facebook publicznie [&hellip;]","og_url":"https:\/\/www.24gliwice.pl\/wiadomosci\/tak-sie-konczy-nawolywanie-do-nienawisci-w-internecie-raper-z-knurowa-zatrzymany-przez-policje\/","og_site_name":"24GLIWICE - Portal Gliwice | codziennie nowe informacje","article_publisher":"https:\/\/www.facebook.com\/24gliwice","article_author":"https:\/\/www.facebook.com\/marcin.fabrykowski","article_published_time":"2019-01-17T00:25:02+00:00","article_modified_time":"2019-01-17T01:05:32+00:00","og_image":[{"width":810,"height":494,"url":"https:\/\/www.24gliwice.pl\/wiadomosci\/wp-content\/uploads\/2019\/01\/1-raper-deder-knurow.jpg","type":"image\/jpeg"}],"author":"Marcin Fabrykowski","twitter_card":"summary_large_image","twitter_creator":"@24gliwice","twitter_site":"@24gliwice","twitter_misc":{"Napisane przez":"Marcin Fabrykowski","Szacowany czas czytania":"1 minuta"},"schema":{"@context":"https:\/\/schema.org","@graph":[{"@type":"Article","@id":"https:\/\/www.24gliwice.pl\/wiadomosci\/tak-sie-konczy-nawolywanie-do-nienawisci-w-internecie-raper-z-knurowa-zatrzymany-przez-policje\/#article","isPartOf":{"@id":"https:\/\/www.24gliwice.pl\/wiadomosci\/tak-sie-konczy-nawolywanie-do-nienawisci-w-internecie-raper-z-knurowa-zatrzymany-przez-policje\/"},"author":{"name":"Marcin Fabrykowski","@id":"https:\/\/www.24gliwice.pl\/wiadomosci\/#\/schema\/person\/cb5857e4a4d048c15984c1edcc8ef0c0"},"headline":"Tak si\u0119 ko\u0144czy nawo\u0142ywanie do nienawi\u015bci w internecie. Raper z Knurowa zatrzymany przez policj\u0119","datePublished":"2019-01-17T00:25:02+00:00","dateModified":"2019-01-17T01:05:32+00:00","mainEntityOfPage":{"@id":"https:\/\/www.24gliwice.pl\/wiadomosci\/tak-sie-konczy-nawolywanie-do-nienawisci-w-internecie-raper-z-knurowa-zatrzymany-przez-policje\/"},"wordCount":306,"commentCount":0,"publisher":{"@id":"https:\/\/www.24gliwice.pl\/wiadomosci\/#organization"},"image":{"@id":"https:\/\/www.24gliwice.pl\/wiadomosci\/tak-sie-konczy-nawolywanie-do-nienawisci-w-internecie-raper-z-knurowa-zatrzymany-przez-policje\/#primaryimage"},"thumbnailUrl":"https:\/\/www.24gliwice.pl\/wiadomosci\/wp-content\/uploads\/2019\/01\/1-raper-deder-knurow.jpg","keywords":["hejt","nienawi\u015b\u0107"],"articleSection":["Gliwice","Najnowsze wiadomo\u015bci","Portal Gliwice - Wiadomo\u015bci lokalne","Prawo"],"inLanguage":"pl-PL","potentialAction":[{"@type":"CommentAction","name":"Comment","target":["https:\/\/www.24gliwice.pl\/wiadomosci\/tak-sie-konczy-nawolywanie-do-nienawisci-w-internecie-raper-z-knurowa-zatrzymany-przez-policje\/#respond"]}]},{"@type":"WebPage","@id":"https:\/\/www.24gliwice.pl\/wiadomosci\/tak-sie-konczy-nawolywanie-do-nienawisci-w-internecie-raper-z-knurowa-zatrzymany-przez-policje\/","url":"https:\/\/www.24gliwice.pl\/wiadomosci\/tak-sie-konczy-nawolywanie-do-nienawisci-w-internecie-raper-z-knurowa-zatrzymany-przez-policje\/","name":"Tak si\u0119 ko\u0144czy nawo\u0142ywanie do nienawi\u015bci w internecie. Raper z Knurowa zatrzymany przez policj\u0119 - 24GLIWICE - Portal Gliwice | codziennie nowe informacje","isPartOf":{"@id":"https:\/\/www.24gliwice.pl\/wiadomosci\/#website"},"primaryImageOfPage":{"@id":"https:\/\/www.24gliwice.pl\/wiadomosci\/tak-sie-konczy-nawolywanie-do-nienawisci-w-internecie-raper-z-knurowa-zatrzymany-przez-policje\/#primaryimage"},"image":{"@id":"https:\/\/www.24gliwice.pl\/wiadomosci\/tak-sie-konczy-nawolywanie-do-nienawisci-w-internecie-raper-z-knurowa-zatrzymany-przez-policje\/#primaryimage"},"thumbnailUrl":"https:\/\/www.24gliwice.pl\/wiadomosci\/wp-content\/uploads\/2019\/01\/1-raper-deder-knurow.jpg","datePublished":"2019-01-17T00:25:02+00:00","dateModified":"2019-01-17T01:05:32+00:00","breadcrumb":{"@id":"https:\/\/www.24gliwice.pl\/wiadomosci\/tak-sie-konczy-nawolywanie-do-nienawisci-w-internecie-raper-z-knurowa-zatrzymany-przez-policje\/#breadcrumb"},"inLanguage":"pl-PL","potentialAction":[{"@type":"ReadAction","target":["https:\/\/www.24gliwice.pl\/wiadomosci\/tak-sie-konczy-nawolywanie-do-nienawisci-w-internecie-raper-z-knurowa-zatrzymany-przez-policje\/"]}]},{"@type":"ImageObject","inLanguage":"pl-PL","@id":"https:\/\/www.24gliwice.pl\/wiadomosci\/tak-sie-konczy-nawolywanie-do-nienawisci-w-internecie-raper-z-knurowa-zatrzymany-przez-policje\/#primaryimage","url":"https:\/\/www.24gliwice.pl\/wiadomosci\/wp-content\/uploads\/2019\/01\/1-raper-deder-knurow.jpg","contentUrl":"https:\/\/www.24gliwice.pl\/wiadomosci\/wp-content\/uploads\/2019\/01\/1-raper-deder-knurow.jpg","width":810,"height":494,"caption":"fot. \u015al\u0105ska Policja"},{"@type":"BreadcrumbList","@id":"https:\/\/www.24gliwice.pl\/wiadomosci\/tak-sie-konczy-nawolywanie-do-nienawisci-w-internecie-raper-z-knurowa-zatrzymany-przez-policje\/#breadcrumb","itemListElement":[{"@type":"ListItem","position":1,"name":"Strona g\u0142\u00f3wna","item":"https:\/\/www.24gliwice.pl\/wiadomosci\/"},{"@type":"ListItem","position":2,"name":"Tak si\u0119 ko\u0144czy nawo\u0142ywanie do nienawi\u015bci w internecie. Raper z Knurowa zatrzymany przez policj\u0119"}]},{"@type":"WebSite","@id":"https:\/\/www.24gliwice.pl\/wiadomosci\/#website","url":"https:\/\/www.24gliwice.pl\/wiadomosci\/","name":"24GLIWICE - Portal Gliwice | codziennie nowe wiadomo\u015bci","description":"Portal Miejski Gliwice","publisher":{"@id":"https:\/\/www.24gliwice.pl\/wiadomosci\/#organization"},"potentialAction":[{"@type":"SearchAction","target":{"@type":"EntryPoint","urlTemplate":"https:\/\/www.24gliwice.pl\/wiadomosci\/?s={search_term_string}"},"query-input":{"@type":"PropertyValueSpecification","valueRequired":true,"valueName":"search_term_string"}}],"inLanguage":"pl-PL"},{"@type":"Organization","@id":"https:\/\/www.24gliwice.pl\/wiadomosci\/#organization","name":"24gliwice","url":"https:\/\/www.24gliwice.pl\/wiadomosci\/","logo":{"@type":"ImageObject","inLanguage":"pl-PL","@id":"https:\/\/www.24gliwice.pl\/wiadomosci\/#\/schema\/logo\/image\/","url":"https:\/\/www.24gliwice.pl\/wiadomosci\/wp-content\/uploads\/2024\/10\/24gliwice-logo-696.jpg","contentUrl":"https:\/\/www.24gliwice.pl\/wiadomosci\/wp-content\/uploads\/2024\/10\/24gliwice-logo-696.jpg","width":696,"height":696,"caption":"24gliwice"},"image":{"@id":"https:\/\/www.24gliwice.pl\/wiadomosci\/#\/schema\/logo\/image\/"},"sameAs":["https:\/\/www.facebook.com\/24gliwice","https:\/\/x.com\/24gliwice","https:\/\/www.youtube.com\/@24gliwice"]},{"@type":"Person","@id":"https:\/\/www.24gliwice.pl\/wiadomosci\/#\/schema\/person\/cb5857e4a4d048c15984c1edcc8ef0c0","name":"Marcin Fabrykowski","image":{"@type":"ImageObject","inLanguage":"pl-PL","@id":"https:\/\/www.24gliwice.pl\/wiadomosci\/wp-content\/uploads\/2025\/11\/zdjecie-moje-marcin-300-96x96.jpg","url":"https:\/\/www.24gliwice.pl\/wiadomosci\/wp-content\/uploads\/2025\/11\/zdjecie-moje-marcin-300-96x96.jpg","contentUrl":"https:\/\/www.24gliwice.pl\/wiadomosci\/wp-content\/uploads\/2025\/11\/zdjecie-moje-marcin-300-96x96.jpg","caption":"Marcin Fabrykowski"},"sameAs":["http:\/\/24gliwice.pl","https:\/\/www.facebook.com\/marcin.fabrykowski"],"url":"https:\/\/www.24gliwice.pl\/wiadomosci\/author\/marcin-fabrykowski\/"}]}},"_links":{"self":[{"href":"https:\/\/www.24gliwice.pl\/wiadomosci\/wp-json\/wp\/v2\/posts\/128734","targetHints":{"allow":["GET"]}}],"collection":[{"href":"https:\/\/www.24gliwice.pl\/wiadomosci\/wp-json\/wp\/v2\/posts"}],"about":[{"href":"https:\/\/www.24gliwice.pl\/wiadomosci\/wp-json\/wp\/v2\/types\/post"}],"author":[{"embeddable":true,"href":"https:\/\/www.24gliwice.pl\/wiadomosci\/wp-json\/wp\/v2\/users\/4"}],"replies":[{"embeddable":true,"href":"https:\/\/www.24gliwice.pl\/wiadomosci\/wp-json\/wp\/v2\/comments?post=128734"}],"version-history":[{"count":0,"href":"https:\/\/www.24gliwice.pl\/wiadomosci\/wp-json\/wp\/v2\/posts\/128734\/revisions"}],"wp:featuredmedia":[{"embeddable":true,"href":"https:\/\/www.24gliwice.pl\/wiadomosci\/wp-json\/wp\/v2\/media\/128739"}],"wp:attachment":[{"href":"https:\/\/www.24gliwice.pl\/wiadomosci\/wp-json\/wp\/v2\/media?parent=128734"}],"wp:term":[{"taxonomy":"category","embeddable":true,"href":"https:\/\/www.24gliwice.pl\/wiadomosci\/wp-json\/wp\/v2\/categories?post=128734"},{"taxonomy":"post_tag","embeddable":true,"href":"https:\/\/www.24gliwice.pl\/wiadomosci\/wp-json\/wp\/v2\/tags?post=128734"}],"curies":[{"name":"wp","href":"https:\/\/api.w.org\/{rel}","templated":true}]}}