{"id":128883,"date":"2019-01-19T13:05:42","date_gmt":"2019-01-19T12:05:42","guid":{"rendered":"https:\/\/www.24gliwice.pl\/wiadomosci\/?p=128883"},"modified":"2019-01-19T13:05:42","modified_gmt":"2019-01-19T12:05:42","slug":"nastolatek-z-zatorza-znecal-sie-nad-najblizsza-rodzina-mlodocianemu-furiatowi-grozi-nawet-5-lat-wiezienia","status":"publish","type":"post","link":"https:\/\/www.24gliwice.pl\/wiadomosci\/nastolatek-z-zatorza-znecal-sie-nad-najblizsza-rodzina-mlodocianemu-furiatowi-grozi-nawet-5-lat-wiezienia\/","title":{"rendered":"Nastolatek z Zatorza zn\u0119ca\u0142 si\u0119 nad najbli\u017csz\u0105 rodzin\u0105. M\u0142odocianemu furiatowi grozi nawet 5 lat wi\u0119zienia"},"content":{"rendered":"<div class=\"gliwi-a6-nad-leadem-artykulow gliwi-entity-placement\" id=\"gliwi-1455732718\"><div class=\"gliwi-adlabel\"><span style=\"font-size: 9px\">REKLAMA<\/span><\/div><div id=\"gliwi-1680377515\" style=\"margin-bottom: 30px;margin-left: auto;margin-right: auto;text-align: center;\"><a data-no-instant=\"1\" href=\"https:\/\/przedszkole.halogen.org.pl\/\" rel=\"noopener\" class=\"a2t-link\" target=\"_blank\" aria-label=\"20260402-ANIMATOR-przedszkole_grafika_750x200\"><img loading=\"lazy\" decoding=\"async\" src=\"https:\/\/www.24gliwice.pl\/wiadomosci\/wp-content\/uploads\/2026\/04\/20260402-ANIMATOR-przedszkole_grafika_750x200.webp\" alt=\"\"  srcset=\"https:\/\/www.24gliwice.pl\/wiadomosci\/wp-content\/uploads\/2026\/04\/20260402-ANIMATOR-przedszkole_grafika_750x200.webp 750w, https:\/\/www.24gliwice.pl\/wiadomosci\/wp-content\/uploads\/2026\/04\/20260402-ANIMATOR-przedszkole_grafika_750x200-410x109.webp 410w\" sizes=\"(max-width: 750px) 100vw, 750px\" class=\"no-lazyload\" width=\"750\" height=\"200\"  style=\"display: inline-block; max-width: 100%; height: auto;\" \/><\/a><\/div><\/div><h3>S\u0105d Rejonowy w Gliwicach aresztowa\u0142 tymczasowo 17-latka, kt\u00f3ry zn\u0119ca\u0142 si\u0119 nad swoj\u0105 matk\u0105 i siostr\u0105. M\u0142ody cz\u0142owiek nie skorzysta\u0142 z szansy, jak\u0105 wcze\u015bniej dali mu \u015bledczy, i kontynuowa\u0142 agresj\u0119. Na proces czeka teraz za kratami.<\/h3>\n<p>17-leni mieszkaniec dzielnicy Zatorze podejrzany jest o to, \u017ce od 2 listopada ubieg\u0142ego roku do 13 stycznia zn\u0119ca\u0142 si\u0119 psychicznie i fizycznie nad matk\u0105 oraz siostr\u0105.<\/p>\n[perfectpullquote align=&#8221;full&#8221; bordertop=&#8221;false&#8221; cite=&#8221;&#8221; link=&#8221;&#8221; color=&#8221;&#8221; class=&#8221;&#8221; size=&#8221;&#8221;]Proces karny wszcz\u0119to natychmiast po zg\u0142oszeniu. Podczas pierwszego zatrzymania m\u0142odociany obiecywa\u0142 popraw\u0119.[\/perfectpullquote]\n<p>Do policji wp\u0142yn\u0119\u0142y jednak kolejne zg\u0142oszenia, kt\u00f3re potwierdzi\u0142y si\u0119. \u015aledczy z\u0142o\u017cyli wi\u0119c wniosek do s\u0105du o tymczasowe aresztowanie nastolatka. Obecnie rodzina jest bezpieczna, a m\u0142ody furiat przebywa w gliwickim areszcie \u015bledczym. Czeka go proces karny i wyrok, a grozi nawet 5 lat pozbawienia wolno\u015bci.<\/p><div class=\"gliwi-a3-w-tresci-artykulow gliwi-entity-placement\" id=\"gliwi-3804217853\"><div class=\"gliwi-adlabel\"><span style=\"font-size: 9px\">REKLAMA<\/span><\/div><div id=\"gliwi-447784468\" style=\"margin-bottom: 30px;margin-left: auto;margin-right: auto;text-align: center;\"><a data-no-instant=\"1\" href=\"https:\/\/ogrodyandersa.pl\/\" rel=\"noopener\" class=\"a2t-link\" target=\"_blank\" aria-label=\"20260415 Ogrody Andersa KUP TERAZ D\"><img loading=\"lazy\" decoding=\"async\" src=\"https:\/\/www.24gliwice.pl\/wiadomosci\/wp-content\/uploads\/2026\/04\/20260415-Ogrody-Andersa-KUP-TERAZ-D.jpg\" alt=\"\"  srcset=\"https:\/\/www.24gliwice.pl\/wiadomosci\/wp-content\/uploads\/2026\/04\/20260415-Ogrody-Andersa-KUP-TERAZ-D.jpg 750w, https:\/\/www.24gliwice.pl\/wiadomosci\/wp-content\/uploads\/2026\/04\/20260415-Ogrody-Andersa-KUP-TERAZ-D-410x109.jpg 410w\" sizes=\"(max-width: 750px) 100vw, 750px\" class=\"no-lazyload\" width=\"750\" height=\"200\"  style=\"display: inline-block; max-width: 100%; height: auto;\" \/><\/a><\/div><\/div>\n<p>(\u017cms)\/KMP Gliwice<\/p>\n<div class=\"gliwi-a5-na-koncu-artykulow gliwi-entity-placement\" id=\"gliwi-1085641879\"><div class=\"gliwi-adlabel\"><span style=\"font-size: 9px\">REKLAMA<\/span><\/div><div id=\"gliwi-3478696744\" style=\"margin-left: auto;margin-right: auto;text-align: center;\"><a data-no-instant=\"1\" href=\"https:\/\/prezeroarenagliwice.pl\/\" rel=\"noopener\" class=\"a2t-link\" target=\"_blank\" aria-label=\"20260309-PREZERO-WIOSNA-D\"><img loading=\"lazy\" decoding=\"async\" src=\"https:\/\/www.24gliwice.pl\/wiadomosci\/wp-content\/uploads\/2026\/03\/20260309-PREZERO-WIOSNA-D.webp\" alt=\"\"  srcset=\"https:\/\/www.24gliwice.pl\/wiadomosci\/wp-content\/uploads\/2026\/03\/20260309-PREZERO-WIOSNA-D.webp 750w, https:\/\/www.24gliwice.pl\/wiadomosci\/wp-content\/uploads\/2026\/03\/20260309-PREZERO-WIOSNA-D-410x109.webp 410w\" sizes=\"(max-width: 750px) 100vw, 750px\" class=\"no-lazyload\" width=\"750\" height=\"200\"  style=\"display: inline-block; max-width: 100%; height: auto;\" \/><\/a><\/div><\/div>","protected":false},"excerpt":{"rendered":"<p>S\u0105d Rejonowy w Gliwicach aresztowa\u0142 tymczasowo 17-latka, kt\u00f3ry zn\u0119ca\u0142 si\u0119 nad swoj\u0105 matk\u0105 i siostr\u0105. M\u0142ody cz\u0142owiek nie skorzysta\u0142 z szansy, jak\u0105 wcze\u015bniej dali mu \u015bledczy, i kontynuowa\u0142 agresj\u0119. Na proces czeka teraz za kratami. 17-leni mieszkaniec dzielnicy Zatorze podejrzany jest o to, \u017ce od 2 listopada ubieg\u0142ego roku do 13 stycznia zn\u0119ca\u0142 si\u0119 psychicznie [&hellip;]<\/p>\n","protected":false},"author":15,"featured_media":117464,"comment_status":"open","ping_status":"closed","sticky":false,"template":"","format":"standard","meta":{"_monsterinsights_skip_tracking":false,"_monsterinsights_sitenote_active":false,"_monsterinsights_sitenote_note":"","_monsterinsights_sitenote_category":0,"footnotes":"","_links_to":"","_links_to_target":""},"categories":[3,1,5],"tags":[9476,8929,14405,8813,733,8727,11473,9974,112,10034],"class_list":["post-128883","post","type-post","status-publish","format-standard","has-post-thumbnail","hentry","category-gliwice","category-wszystko","category-kryminalki","tag-agresja","tag-areszt-sledczy","tag-dzielnica","tag-osiedle","tag-policja","tag-prokuratura","tag-przemoc","tag-przemoc-domowa","tag-sad","tag-zatorze"],"yoast_head":"<!-- This site is optimized with the Yoast SEO plugin v27.5 - https:\/\/yoast.com\/product\/yoast-seo-wordpress\/ -->\n<title>Nastolatek z Zatorza zn\u0119ca\u0142 si\u0119 nad najbli\u017csz\u0105 rodzin\u0105. M\u0142odocianemu furiatowi grozi nawet 5 lat wi\u0119zienia - 24GLIWICE - Portal Gliwice | codziennie nowe informacje<\/title>\n<meta name=\"robots\" content=\"index, follow, max-snippet:-1, max-image-preview:large, max-video-preview:-1\" \/>\n<link rel=\"canonical\" href=\"https:\/\/www.24gliwice.pl\/wiadomosci\/nastolatek-z-zatorza-znecal-sie-nad-najblizsza-rodzina-mlodocianemu-furiatowi-grozi-nawet-5-lat-wiezienia\/\" \/>\n<meta property=\"og:locale\" content=\"pl_PL\" \/>\n<meta property=\"og:type\" content=\"article\" \/>\n<meta property=\"og:title\" content=\"Nastolatek z Zatorza zn\u0119ca\u0142 si\u0119 nad najbli\u017csz\u0105 rodzin\u0105. M\u0142odocianemu furiatowi grozi nawet 5 lat wi\u0119zienia - 24GLIWICE - Portal Gliwice | codziennie nowe informacje\" \/>\n<meta property=\"og:description\" content=\"S\u0105d Rejonowy w Gliwicach aresztowa\u0142 tymczasowo 17-latka, kt\u00f3ry zn\u0119ca\u0142 si\u0119 nad swoj\u0105 matk\u0105 i siostr\u0105. M\u0142ody cz\u0142owiek nie skorzysta\u0142 z szansy, jak\u0105 wcze\u015bniej dali mu \u015bledczy, i kontynuowa\u0142 agresj\u0119. Na proces czeka teraz za kratami. 17-leni mieszkaniec dzielnicy Zatorze podejrzany jest o to, \u017ce od 2 listopada ubieg\u0142ego roku do 13 stycznia zn\u0119ca\u0142 si\u0119 psychicznie [&hellip;]\" \/>\n<meta property=\"og:url\" content=\"https:\/\/www.24gliwice.pl\/wiadomosci\/nastolatek-z-zatorza-znecal-sie-nad-najblizsza-rodzina-mlodocianemu-furiatowi-grozi-nawet-5-lat-wiezienia\/\" \/>\n<meta property=\"og:site_name\" content=\"24GLIWICE - Portal Gliwice | codziennie nowe informacje\" \/>\n<meta property=\"article:publisher\" content=\"https:\/\/www.facebook.com\/24gliwice\" \/>\n<meta property=\"article:published_time\" content=\"2019-01-19T12:05:42+00:00\" \/>\n<meta property=\"og:image\" content=\"https:\/\/www.24gliwice.pl\/wiadomosci\/wp-content\/uploads\/2018\/05\/przemoc-pseudokibice.jpg\" \/>\n\t<meta property=\"og:image:width\" content=\"810\" \/>\n\t<meta property=\"og:image:height\" content=\"455\" \/>\n\t<meta property=\"og:image:type\" content=\"image\/jpeg\" \/>\n<meta name=\"author\" content=\"\u017baneta Mrozek-Siewierska\" \/>\n<meta name=\"twitter:card\" content=\"summary_large_image\" \/>\n<meta name=\"twitter:creator\" content=\"@24gliwice\" \/>\n<meta name=\"twitter:site\" content=\"@24gliwice\" \/>\n<meta name=\"twitter:label1\" content=\"Napisane przez\" \/>\n\t<meta name=\"twitter:data1\" content=\"\u017baneta Mrozek-Siewierska\" \/>\n\t<meta name=\"twitter:label2\" content=\"Szacowany czas czytania\" \/>\n\t<meta name=\"twitter:data2\" content=\"1 minuta\" \/>\n<script type=\"application\/ld+json\" class=\"yoast-schema-graph\">{\"@context\":\"https:\\\/\\\/schema.org\",\"@graph\":[{\"@type\":\"Article\",\"@id\":\"https:\\\/\\\/www.24gliwice.pl\\\/wiadomosci\\\/nastolatek-z-zatorza-znecal-sie-nad-najblizsza-rodzina-mlodocianemu-furiatowi-grozi-nawet-5-lat-wiezienia\\\/#article\",\"isPartOf\":{\"@id\":\"https:\\\/\\\/www.24gliwice.pl\\\/wiadomosci\\\/nastolatek-z-zatorza-znecal-sie-nad-najblizsza-rodzina-mlodocianemu-furiatowi-grozi-nawet-5-lat-wiezienia\\\/\"},\"author\":{\"name\":\"\u017baneta Mrozek-Siewierska\",\"@id\":\"https:\\\/\\\/www.24gliwice.pl\\\/wiadomosci\\\/#\\\/schema\\\/person\\\/e42c650edd7f2fa332be3811fb166b6e\"},\"headline\":\"Nastolatek z Zatorza zn\u0119ca\u0142 si\u0119 nad najbli\u017csz\u0105 rodzin\u0105. M\u0142odocianemu furiatowi grozi nawet 5 lat wi\u0119zienia\",\"datePublished\":\"2019-01-19T12:05:42+00:00\",\"mainEntityOfPage\":{\"@id\":\"https:\\\/\\\/www.24gliwice.pl\\\/wiadomosci\\\/nastolatek-z-zatorza-znecal-sie-nad-najblizsza-rodzina-mlodocianemu-furiatowi-grozi-nawet-5-lat-wiezienia\\\/\"},\"wordCount\":168,\"commentCount\":0,\"publisher\":{\"@id\":\"https:\\\/\\\/www.24gliwice.pl\\\/wiadomosci\\\/#organization\"},\"image\":{\"@id\":\"https:\\\/\\\/www.24gliwice.pl\\\/wiadomosci\\\/nastolatek-z-zatorza-znecal-sie-nad-najblizsza-rodzina-mlodocianemu-furiatowi-grozi-nawet-5-lat-wiezienia\\\/#primaryimage\"},\"thumbnailUrl\":\"https:\\\/\\\/www.24gliwice.pl\\\/wiadomosci\\\/wp-content\\\/uploads\\\/2018\\\/05\\\/przemoc-pseudokibice.jpg\",\"keywords\":[\"agresja\",\"ARESZT \u015aLEDCZY\",\"dzielnica\",\"OSIEDLE\",\"POLICJA\",\"PROKURATURA\",\"PRZEMOC\",\"PRZEMOC DOMOWA\",\"S\u0104D\",\"ZATORZE\"],\"articleSection\":[\"Gliwice\",\"Najnowsze wiadomo\u015bci\",\"Prawo\"],\"inLanguage\":\"pl-PL\",\"potentialAction\":[{\"@type\":\"CommentAction\",\"name\":\"Comment\",\"target\":[\"https:\\\/\\\/www.24gliwice.pl\\\/wiadomosci\\\/nastolatek-z-zatorza-znecal-sie-nad-najblizsza-rodzina-mlodocianemu-furiatowi-grozi-nawet-5-lat-wiezienia\\\/#respond\"]}]},{\"@type\":\"WebPage\",\"@id\":\"https:\\\/\\\/www.24gliwice.pl\\\/wiadomosci\\\/nastolatek-z-zatorza-znecal-sie-nad-najblizsza-rodzina-mlodocianemu-furiatowi-grozi-nawet-5-lat-wiezienia\\\/\",\"url\":\"https:\\\/\\\/www.24gliwice.pl\\\/wiadomosci\\\/nastolatek-z-zatorza-znecal-sie-nad-najblizsza-rodzina-mlodocianemu-furiatowi-grozi-nawet-5-lat-wiezienia\\\/\",\"name\":\"Nastolatek z Zatorza zn\u0119ca\u0142 si\u0119 nad najbli\u017csz\u0105 rodzin\u0105. M\u0142odocianemu furiatowi grozi nawet 5 lat wi\u0119zienia - 24GLIWICE - Portal Gliwice | codziennie nowe informacje\",\"isPartOf\":{\"@id\":\"https:\\\/\\\/www.24gliwice.pl\\\/wiadomosci\\\/#website\"},\"primaryImageOfPage\":{\"@id\":\"https:\\\/\\\/www.24gliwice.pl\\\/wiadomosci\\\/nastolatek-z-zatorza-znecal-sie-nad-najblizsza-rodzina-mlodocianemu-furiatowi-grozi-nawet-5-lat-wiezienia\\\/#primaryimage\"},\"image\":{\"@id\":\"https:\\\/\\\/www.24gliwice.pl\\\/wiadomosci\\\/nastolatek-z-zatorza-znecal-sie-nad-najblizsza-rodzina-mlodocianemu-furiatowi-grozi-nawet-5-lat-wiezienia\\\/#primaryimage\"},\"thumbnailUrl\":\"https:\\\/\\\/www.24gliwice.pl\\\/wiadomosci\\\/wp-content\\\/uploads\\\/2018\\\/05\\\/przemoc-pseudokibice.jpg\",\"datePublished\":\"2019-01-19T12:05:42+00:00\",\"breadcrumb\":{\"@id\":\"https:\\\/\\\/www.24gliwice.pl\\\/wiadomosci\\\/nastolatek-z-zatorza-znecal-sie-nad-najblizsza-rodzina-mlodocianemu-furiatowi-grozi-nawet-5-lat-wiezienia\\\/#breadcrumb\"},\"inLanguage\":\"pl-PL\",\"potentialAction\":[{\"@type\":\"ReadAction\",\"target\":[\"https:\\\/\\\/www.24gliwice.pl\\\/wiadomosci\\\/nastolatek-z-zatorza-znecal-sie-nad-najblizsza-rodzina-mlodocianemu-furiatowi-grozi-nawet-5-lat-wiezienia\\\/\"]}]},{\"@type\":\"ImageObject\",\"inLanguage\":\"pl-PL\",\"@id\":\"https:\\\/\\\/www.24gliwice.pl\\\/wiadomosci\\\/nastolatek-z-zatorza-znecal-sie-nad-najblizsza-rodzina-mlodocianemu-furiatowi-grozi-nawet-5-lat-wiezienia\\\/#primaryimage\",\"url\":\"https:\\\/\\\/www.24gliwice.pl\\\/wiadomosci\\\/wp-content\\\/uploads\\\/2018\\\/05\\\/przemoc-pseudokibice.jpg\",\"contentUrl\":\"https:\\\/\\\/www.24gliwice.pl\\\/wiadomosci\\\/wp-content\\\/uploads\\\/2018\\\/05\\\/przemoc-pseudokibice.jpg\",\"width\":810,\"height\":455,\"caption\":\"fot. px\"},{\"@type\":\"BreadcrumbList\",\"@id\":\"https:\\\/\\\/www.24gliwice.pl\\\/wiadomosci\\\/nastolatek-z-zatorza-znecal-sie-nad-najblizsza-rodzina-mlodocianemu-furiatowi-grozi-nawet-5-lat-wiezienia\\\/#breadcrumb\",\"itemListElement\":[{\"@type\":\"ListItem\",\"position\":1,\"name\":\"Strona g\u0142\u00f3wna\",\"item\":\"https:\\\/\\\/www.24gliwice.pl\\\/wiadomosci\\\/\"},{\"@type\":\"ListItem\",\"position\":2,\"name\":\"Nastolatek z Zatorza zn\u0119ca\u0142 si\u0119 nad najbli\u017csz\u0105 rodzin\u0105. M\u0142odocianemu furiatowi grozi nawet 5 lat wi\u0119zienia\"}]},{\"@type\":\"WebSite\",\"@id\":\"https:\\\/\\\/www.24gliwice.pl\\\/wiadomosci\\\/#website\",\"url\":\"https:\\\/\\\/www.24gliwice.pl\\\/wiadomosci\\\/\",\"name\":\"24GLIWICE - Portal Gliwice | codziennie nowe wiadomo\u015bci\",\"description\":\"Portal Miejski Gliwice\",\"publisher\":{\"@id\":\"https:\\\/\\\/www.24gliwice.pl\\\/wiadomosci\\\/#organization\"},\"potentialAction\":[{\"@type\":\"SearchAction\",\"target\":{\"@type\":\"EntryPoint\",\"urlTemplate\":\"https:\\\/\\\/www.24gliwice.pl\\\/wiadomosci\\\/?s={search_term_string}\"},\"query-input\":{\"@type\":\"PropertyValueSpecification\",\"valueRequired\":true,\"valueName\":\"search_term_string\"}}],\"inLanguage\":\"pl-PL\"},{\"@type\":\"Organization\",\"@id\":\"https:\\\/\\\/www.24gliwice.pl\\\/wiadomosci\\\/#organization\",\"name\":\"24gliwice\",\"url\":\"https:\\\/\\\/www.24gliwice.pl\\\/wiadomosci\\\/\",\"logo\":{\"@type\":\"ImageObject\",\"inLanguage\":\"pl-PL\",\"@id\":\"https:\\\/\\\/www.24gliwice.pl\\\/wiadomosci\\\/#\\\/schema\\\/logo\\\/image\\\/\",\"url\":\"https:\\\/\\\/www.24gliwice.pl\\\/wiadomosci\\\/wp-content\\\/uploads\\\/2024\\\/10\\\/24gliwice-logo-696.jpg\",\"contentUrl\":\"https:\\\/\\\/www.24gliwice.pl\\\/wiadomosci\\\/wp-content\\\/uploads\\\/2024\\\/10\\\/24gliwice-logo-696.jpg\",\"width\":696,\"height\":696,\"caption\":\"24gliwice\"},\"image\":{\"@id\":\"https:\\\/\\\/www.24gliwice.pl\\\/wiadomosci\\\/#\\\/schema\\\/logo\\\/image\\\/\"},\"sameAs\":[\"https:\\\/\\\/www.facebook.com\\\/24gliwice\",\"https:\\\/\\\/x.com\\\/24gliwice\",\"https:\\\/\\\/www.youtube.com\\\/@24gliwice\"]},{\"@type\":\"Person\",\"@id\":\"https:\\\/\\\/www.24gliwice.pl\\\/wiadomosci\\\/#\\\/schema\\\/person\\\/e42c650edd7f2fa332be3811fb166b6e\",\"name\":\"\u017baneta Mrozek-Siewierska\",\"image\":{\"@type\":\"ImageObject\",\"inLanguage\":\"pl-PL\",\"@id\":\"https:\\\/\\\/secure.gravatar.com\\\/avatar\\\/1881429e9c64597c77ad7aef2d0a19be69a3253e57534d16aa15bf3a4d34a0a3?s=96&d=mm&r=g\",\"url\":\"https:\\\/\\\/secure.gravatar.com\\\/avatar\\\/1881429e9c64597c77ad7aef2d0a19be69a3253e57534d16aa15bf3a4d34a0a3?s=96&d=mm&r=g\",\"contentUrl\":\"https:\\\/\\\/secure.gravatar.com\\\/avatar\\\/1881429e9c64597c77ad7aef2d0a19be69a3253e57534d16aa15bf3a4d34a0a3?s=96&d=mm&r=g\",\"caption\":\"\u017baneta Mrozek-Siewierska\"},\"url\":\"https:\\\/\\\/www.24gliwice.pl\\\/wiadomosci\\\/author\\\/zms\\\/\"}]}<\/script>\n<!-- \/ Yoast SEO plugin. -->","yoast_head_json":{"title":"Nastolatek z Zatorza zn\u0119ca\u0142 si\u0119 nad najbli\u017csz\u0105 rodzin\u0105. M\u0142odocianemu furiatowi grozi nawet 5 lat wi\u0119zienia - 24GLIWICE - Portal Gliwice | codziennie nowe informacje","robots":{"index":"index","follow":"follow","max-snippet":"max-snippet:-1","max-image-preview":"max-image-preview:large","max-video-preview":"max-video-preview:-1"},"canonical":"https:\/\/www.24gliwice.pl\/wiadomosci\/nastolatek-z-zatorza-znecal-sie-nad-najblizsza-rodzina-mlodocianemu-furiatowi-grozi-nawet-5-lat-wiezienia\/","og_locale":"pl_PL","og_type":"article","og_title":"Nastolatek z Zatorza zn\u0119ca\u0142 si\u0119 nad najbli\u017csz\u0105 rodzin\u0105. M\u0142odocianemu furiatowi grozi nawet 5 lat wi\u0119zienia - 24GLIWICE - Portal Gliwice | codziennie nowe informacje","og_description":"S\u0105d Rejonowy w Gliwicach aresztowa\u0142 tymczasowo 17-latka, kt\u00f3ry zn\u0119ca\u0142 si\u0119 nad swoj\u0105 matk\u0105 i siostr\u0105. M\u0142ody cz\u0142owiek nie skorzysta\u0142 z szansy, jak\u0105 wcze\u015bniej dali mu \u015bledczy, i kontynuowa\u0142 agresj\u0119. Na proces czeka teraz za kratami. 17-leni mieszkaniec dzielnicy Zatorze podejrzany jest o to, \u017ce od 2 listopada ubieg\u0142ego roku do 13 stycznia zn\u0119ca\u0142 si\u0119 psychicznie [&hellip;]","og_url":"https:\/\/www.24gliwice.pl\/wiadomosci\/nastolatek-z-zatorza-znecal-sie-nad-najblizsza-rodzina-mlodocianemu-furiatowi-grozi-nawet-5-lat-wiezienia\/","og_site_name":"24GLIWICE - Portal Gliwice | codziennie nowe informacje","article_publisher":"https:\/\/www.facebook.com\/24gliwice","article_published_time":"2019-01-19T12:05:42+00:00","og_image":[{"width":810,"height":455,"url":"https:\/\/www.24gliwice.pl\/wiadomosci\/wp-content\/uploads\/2018\/05\/przemoc-pseudokibice.jpg","type":"image\/jpeg"}],"author":"\u017baneta Mrozek-Siewierska","twitter_card":"summary_large_image","twitter_creator":"@24gliwice","twitter_site":"@24gliwice","twitter_misc":{"Napisane przez":"\u017baneta Mrozek-Siewierska","Szacowany czas czytania":"1 minuta"},"schema":{"@context":"https:\/\/schema.org","@graph":[{"@type":"Article","@id":"https:\/\/www.24gliwice.pl\/wiadomosci\/nastolatek-z-zatorza-znecal-sie-nad-najblizsza-rodzina-mlodocianemu-furiatowi-grozi-nawet-5-lat-wiezienia\/#article","isPartOf":{"@id":"https:\/\/www.24gliwice.pl\/wiadomosci\/nastolatek-z-zatorza-znecal-sie-nad-najblizsza-rodzina-mlodocianemu-furiatowi-grozi-nawet-5-lat-wiezienia\/"},"author":{"name":"\u017baneta Mrozek-Siewierska","@id":"https:\/\/www.24gliwice.pl\/wiadomosci\/#\/schema\/person\/e42c650edd7f2fa332be3811fb166b6e"},"headline":"Nastolatek z Zatorza zn\u0119ca\u0142 si\u0119 nad najbli\u017csz\u0105 rodzin\u0105. M\u0142odocianemu furiatowi grozi nawet 5 lat wi\u0119zienia","datePublished":"2019-01-19T12:05:42+00:00","mainEntityOfPage":{"@id":"https:\/\/www.24gliwice.pl\/wiadomosci\/nastolatek-z-zatorza-znecal-sie-nad-najblizsza-rodzina-mlodocianemu-furiatowi-grozi-nawet-5-lat-wiezienia\/"},"wordCount":168,"commentCount":0,"publisher":{"@id":"https:\/\/www.24gliwice.pl\/wiadomosci\/#organization"},"image":{"@id":"https:\/\/www.24gliwice.pl\/wiadomosci\/nastolatek-z-zatorza-znecal-sie-nad-najblizsza-rodzina-mlodocianemu-furiatowi-grozi-nawet-5-lat-wiezienia\/#primaryimage"},"thumbnailUrl":"https:\/\/www.24gliwice.pl\/wiadomosci\/wp-content\/uploads\/2018\/05\/przemoc-pseudokibice.jpg","keywords":["agresja","ARESZT \u015aLEDCZY","dzielnica","OSIEDLE","POLICJA","PROKURATURA","PRZEMOC","PRZEMOC DOMOWA","S\u0104D","ZATORZE"],"articleSection":["Gliwice","Najnowsze wiadomo\u015bci","Prawo"],"inLanguage":"pl-PL","potentialAction":[{"@type":"CommentAction","name":"Comment","target":["https:\/\/www.24gliwice.pl\/wiadomosci\/nastolatek-z-zatorza-znecal-sie-nad-najblizsza-rodzina-mlodocianemu-furiatowi-grozi-nawet-5-lat-wiezienia\/#respond"]}]},{"@type":"WebPage","@id":"https:\/\/www.24gliwice.pl\/wiadomosci\/nastolatek-z-zatorza-znecal-sie-nad-najblizsza-rodzina-mlodocianemu-furiatowi-grozi-nawet-5-lat-wiezienia\/","url":"https:\/\/www.24gliwice.pl\/wiadomosci\/nastolatek-z-zatorza-znecal-sie-nad-najblizsza-rodzina-mlodocianemu-furiatowi-grozi-nawet-5-lat-wiezienia\/","name":"Nastolatek z Zatorza zn\u0119ca\u0142 si\u0119 nad najbli\u017csz\u0105 rodzin\u0105. M\u0142odocianemu furiatowi grozi nawet 5 lat wi\u0119zienia - 24GLIWICE - Portal Gliwice | codziennie nowe informacje","isPartOf":{"@id":"https:\/\/www.24gliwice.pl\/wiadomosci\/#website"},"primaryImageOfPage":{"@id":"https:\/\/www.24gliwice.pl\/wiadomosci\/nastolatek-z-zatorza-znecal-sie-nad-najblizsza-rodzina-mlodocianemu-furiatowi-grozi-nawet-5-lat-wiezienia\/#primaryimage"},"image":{"@id":"https:\/\/www.24gliwice.pl\/wiadomosci\/nastolatek-z-zatorza-znecal-sie-nad-najblizsza-rodzina-mlodocianemu-furiatowi-grozi-nawet-5-lat-wiezienia\/#primaryimage"},"thumbnailUrl":"https:\/\/www.24gliwice.pl\/wiadomosci\/wp-content\/uploads\/2018\/05\/przemoc-pseudokibice.jpg","datePublished":"2019-01-19T12:05:42+00:00","breadcrumb":{"@id":"https:\/\/www.24gliwice.pl\/wiadomosci\/nastolatek-z-zatorza-znecal-sie-nad-najblizsza-rodzina-mlodocianemu-furiatowi-grozi-nawet-5-lat-wiezienia\/#breadcrumb"},"inLanguage":"pl-PL","potentialAction":[{"@type":"ReadAction","target":["https:\/\/www.24gliwice.pl\/wiadomosci\/nastolatek-z-zatorza-znecal-sie-nad-najblizsza-rodzina-mlodocianemu-furiatowi-grozi-nawet-5-lat-wiezienia\/"]}]},{"@type":"ImageObject","inLanguage":"pl-PL","@id":"https:\/\/www.24gliwice.pl\/wiadomosci\/nastolatek-z-zatorza-znecal-sie-nad-najblizsza-rodzina-mlodocianemu-furiatowi-grozi-nawet-5-lat-wiezienia\/#primaryimage","url":"https:\/\/www.24gliwice.pl\/wiadomosci\/wp-content\/uploads\/2018\/05\/przemoc-pseudokibice.jpg","contentUrl":"https:\/\/www.24gliwice.pl\/wiadomosci\/wp-content\/uploads\/2018\/05\/przemoc-pseudokibice.jpg","width":810,"height":455,"caption":"fot. px"},{"@type":"BreadcrumbList","@id":"https:\/\/www.24gliwice.pl\/wiadomosci\/nastolatek-z-zatorza-znecal-sie-nad-najblizsza-rodzina-mlodocianemu-furiatowi-grozi-nawet-5-lat-wiezienia\/#breadcrumb","itemListElement":[{"@type":"ListItem","position":1,"name":"Strona g\u0142\u00f3wna","item":"https:\/\/www.24gliwice.pl\/wiadomosci\/"},{"@type":"ListItem","position":2,"name":"Nastolatek z Zatorza zn\u0119ca\u0142 si\u0119 nad najbli\u017csz\u0105 rodzin\u0105. M\u0142odocianemu furiatowi grozi nawet 5 lat wi\u0119zienia"}]},{"@type":"WebSite","@id":"https:\/\/www.24gliwice.pl\/wiadomosci\/#website","url":"https:\/\/www.24gliwice.pl\/wiadomosci\/","name":"24GLIWICE - Portal Gliwice | codziennie nowe wiadomo\u015bci","description":"Portal Miejski Gliwice","publisher":{"@id":"https:\/\/www.24gliwice.pl\/wiadomosci\/#organization"},"potentialAction":[{"@type":"SearchAction","target":{"@type":"EntryPoint","urlTemplate":"https:\/\/www.24gliwice.pl\/wiadomosci\/?s={search_term_string}"},"query-input":{"@type":"PropertyValueSpecification","valueRequired":true,"valueName":"search_term_string"}}],"inLanguage":"pl-PL"},{"@type":"Organization","@id":"https:\/\/www.24gliwice.pl\/wiadomosci\/#organization","name":"24gliwice","url":"https:\/\/www.24gliwice.pl\/wiadomosci\/","logo":{"@type":"ImageObject","inLanguage":"pl-PL","@id":"https:\/\/www.24gliwice.pl\/wiadomosci\/#\/schema\/logo\/image\/","url":"https:\/\/www.24gliwice.pl\/wiadomosci\/wp-content\/uploads\/2024\/10\/24gliwice-logo-696.jpg","contentUrl":"https:\/\/www.24gliwice.pl\/wiadomosci\/wp-content\/uploads\/2024\/10\/24gliwice-logo-696.jpg","width":696,"height":696,"caption":"24gliwice"},"image":{"@id":"https:\/\/www.24gliwice.pl\/wiadomosci\/#\/schema\/logo\/image\/"},"sameAs":["https:\/\/www.facebook.com\/24gliwice","https:\/\/x.com\/24gliwice","https:\/\/www.youtube.com\/@24gliwice"]},{"@type":"Person","@id":"https:\/\/www.24gliwice.pl\/wiadomosci\/#\/schema\/person\/e42c650edd7f2fa332be3811fb166b6e","name":"\u017baneta Mrozek-Siewierska","image":{"@type":"ImageObject","inLanguage":"pl-PL","@id":"https:\/\/secure.gravatar.com\/avatar\/1881429e9c64597c77ad7aef2d0a19be69a3253e57534d16aa15bf3a4d34a0a3?s=96&d=mm&r=g","url":"https:\/\/secure.gravatar.com\/avatar\/1881429e9c64597c77ad7aef2d0a19be69a3253e57534d16aa15bf3a4d34a0a3?s=96&d=mm&r=g","contentUrl":"https:\/\/secure.gravatar.com\/avatar\/1881429e9c64597c77ad7aef2d0a19be69a3253e57534d16aa15bf3a4d34a0a3?s=96&d=mm&r=g","caption":"\u017baneta Mrozek-Siewierska"},"url":"https:\/\/www.24gliwice.pl\/wiadomosci\/author\/zms\/"}]}},"_links":{"self":[{"href":"https:\/\/www.24gliwice.pl\/wiadomosci\/wp-json\/wp\/v2\/posts\/128883","targetHints":{"allow":["GET"]}}],"collection":[{"href":"https:\/\/www.24gliwice.pl\/wiadomosci\/wp-json\/wp\/v2\/posts"}],"about":[{"href":"https:\/\/www.24gliwice.pl\/wiadomosci\/wp-json\/wp\/v2\/types\/post"}],"author":[{"embeddable":true,"href":"https:\/\/www.24gliwice.pl\/wiadomosci\/wp-json\/wp\/v2\/users\/15"}],"replies":[{"embeddable":true,"href":"https:\/\/www.24gliwice.pl\/wiadomosci\/wp-json\/wp\/v2\/comments?post=128883"}],"version-history":[{"count":0,"href":"https:\/\/www.24gliwice.pl\/wiadomosci\/wp-json\/wp\/v2\/posts\/128883\/revisions"}],"wp:featuredmedia":[{"embeddable":true,"href":"https:\/\/www.24gliwice.pl\/wiadomosci\/wp-json\/wp\/v2\/media\/117464"}],"wp:attachment":[{"href":"https:\/\/www.24gliwice.pl\/wiadomosci\/wp-json\/wp\/v2\/media?parent=128883"}],"wp:term":[{"taxonomy":"category","embeddable":true,"href":"https:\/\/www.24gliwice.pl\/wiadomosci\/wp-json\/wp\/v2\/categories?post=128883"},{"taxonomy":"post_tag","embeddable":true,"href":"https:\/\/www.24gliwice.pl\/wiadomosci\/wp-json\/wp\/v2\/tags?post=128883"}],"curies":[{"name":"wp","href":"https:\/\/api.w.org\/{rel}","templated":true}]}}