{"id":128997,"date":"2019-01-22T05:13:02","date_gmt":"2019-01-22T04:13:02","guid":{"rendered":"https:\/\/www.24gliwice.pl\/wiadomosci\/?p=128997"},"modified":"2019-01-22T02:23:28","modified_gmt":"2019-01-22T01:23:28","slug":"liczba-przestepstw-kryminalnych-w-gliwicach-spadla-natomiast-wyraznie-wzrosla-ich-wykrywalnosc","status":"publish","type":"post","link":"https:\/\/www.24gliwice.pl\/wiadomosci\/liczba-przestepstw-kryminalnych-w-gliwicach-spadla-natomiast-wyraznie-wzrosla-ich-wykrywalnosc\/","title":{"rendered":"Liczba przest\u0119pstw kryminalnych w Gliwicach spad\u0142a, natomiast wyra\u017anie wzros\u0142a ich wykrywalno\u015b\u0107"},"content":{"rendered":"<div class=\"gliwi-a6-nad-leadem-artykulow gliwi-entity-placement\" id=\"gliwi-494386313\"><div class=\"gliwi-adlabel\"><span style=\"font-size: 9px\">REKLAMA<\/span><\/div><div id=\"gliwi-2529004995\" style=\"margin-bottom: 30px;margin-left: auto;margin-right: auto;text-align: center;\"><a data-no-instant=\"1\" href=\"https:\/\/przedszkole.halogen.org.pl\/\" rel=\"noopener\" class=\"a2t-link\" target=\"_blank\" aria-label=\"20260402-ANIMATOR-przedszkole_grafika_750x200\"><img loading=\"lazy\" decoding=\"async\" src=\"https:\/\/www.24gliwice.pl\/wiadomosci\/wp-content\/uploads\/2026\/04\/20260402-ANIMATOR-przedszkole_grafika_750x200.webp\" alt=\"\"  srcset=\"https:\/\/www.24gliwice.pl\/wiadomosci\/wp-content\/uploads\/2026\/04\/20260402-ANIMATOR-przedszkole_grafika_750x200.webp 750w, https:\/\/www.24gliwice.pl\/wiadomosci\/wp-content\/uploads\/2026\/04\/20260402-ANIMATOR-przedszkole_grafika_750x200-410x109.webp 410w\" sizes=\"(max-width: 750px) 100vw, 750px\" class=\"no-lazyload\" width=\"750\" height=\"200\"  style=\"display: inline-block; max-width: 100%; height: auto;\" \/><\/a><\/div><\/div><h3>Gliwicka policja przeanalizowa\u0142a stan bezpiecze\u0144stwa na obj\u0119tym zabezpieczeniem terenie. W 2018 roku spad\u0142a liczba przest\u0119pstw kryminalnych, r\u00f3wnocze\u015bnie wzros\u0142a ich wykrywalno\u015b\u0107. Wydarzy\u0142o si\u0119 mniej wypadk\u00f3w komunikacyjnych.<\/h3>\n<p>W rejonie podlegaj\u0105cym pod tutejsz\u0105 komend\u0119 zamieszkuje ponad 300 tys. os\u00f3b, funkcjonuje siedem komisariat\u00f3w \u2013 pi\u0119\u0107 w mie\u015bcie Gliwice i po jednym w Knurowie oraz Pyskowicach.<\/p>\n[perfectpullquote align=&#8221;full&#8221; bordertop=&#8221;false&#8221; cite=&#8221;&#8221; link=&#8221;&#8221; color=&#8221;&#8221; class=&#8221;&#8221; size=&#8221;&#8221;]Ca\u0142y garnizon etatowo liczy 701 funkcjonariuszy. 1 stycznia ich liczebno\u015b\u0107 faktyczna wynosi\u0142a 678.[\/perfectpullquote]\n<p>Jak obliczono, w 2018 roku, \u015brednio dziennie, tylko w s\u0142u\u017cbie patrolowej w terenie znajdowa\u0142o si\u0119 97 policjant\u00f3w. Ka\u017cdego dnia patrole te podejmowa\u0142y 97 interwencji, zatrzymywa\u0142y na gor\u0105cym uczynku trzech sprawc\u00f3w przest\u0119pstw.<\/p><div class=\"gliwi-a3-w-tresci-artykulow gliwi-entity-placement\" id=\"gliwi-933275667\"><div class=\"gliwi-adlabel\"><span style=\"font-size: 9px\">REKLAMA<\/span><\/div><div id=\"gliwi-3321290563\" style=\"margin-bottom: 30px;margin-left: auto;margin-right: auto;text-align: center;\"><a data-no-instant=\"1\" href=\"https:\/\/ogrodyandersa.pl\/\" rel=\"noopener\" class=\"a2t-link\" target=\"_blank\" aria-label=\"20260415 Ogrody Andersa KUP TERAZ D\"><img loading=\"lazy\" decoding=\"async\" src=\"https:\/\/www.24gliwice.pl\/wiadomosci\/wp-content\/uploads\/2026\/04\/20260415-Ogrody-Andersa-KUP-TERAZ-D.jpg\" alt=\"\"  srcset=\"https:\/\/www.24gliwice.pl\/wiadomosci\/wp-content\/uploads\/2026\/04\/20260415-Ogrody-Andersa-KUP-TERAZ-D.jpg 750w, https:\/\/www.24gliwice.pl\/wiadomosci\/wp-content\/uploads\/2026\/04\/20260415-Ogrody-Andersa-KUP-TERAZ-D-410x109.jpg 410w\" sizes=\"(max-width: 750px) 100vw, 750px\" class=\"no-lazyload\" width=\"750\" height=\"200\"  style=\"display: inline-block; max-width: 100%; height: auto;\" \/><\/a><\/div><\/div>\n<p>Str\u00f3\u017ce prawa ujawniali przeci\u0119tnie 53 wykroczenia, w tym 30 szczeg\u00f3lnie uci\u0105\u017cliwych, legitymowali te\u017c 209 os\u00f3b (dziennie), ujawniaj\u0105c przy okazji po 2 poszukiwane.<\/p>\n[perfectpullquote align=&#8221;full&#8221; bordertop=&#8221;false&#8221; cite=&#8221;&#8221; link=&#8221;&#8221; color=&#8221;&#8221; class=&#8221;&#8221; size=&#8221;&#8221;]Optymistyczn\u0105 wiadomo\u015bci\u0105 dla mieszka\u0144c\u00f3w Gliwic i powiatu jest kolejny ju\u017c rok z utrzymuj\u0105cym si\u0119 spadkiem liczby przest\u0119pstw kryminalnych i wzrostem ich wykrywalno\u015bci.[\/perfectpullquote]\n<p>Fakt ten zawdzi\u0119cza\u0107 mo\u017cna m.in. coraz lepszej prewencji oraz dodatkowym s\u0142u\u017cbom patrolowym, op\u0142acanym przez samorz\u0105dy. Funkcjonariusze KMP Gliwice mog\u0105 te\u017c pochwali\u0107 si\u0119 wzrostem wykrywalno\u015bci przest\u0119pstw kryminalnych \u2013 osi\u0105gni\u0119to tu poziom 66 proc.<\/p>\n<p>Policjanci przeprowadzili 5468 spraw karnych. Jednym z priorytet\u00f3w by\u0142o zwalczanie przest\u0119pczo\u015bci w tzw. siedmiu kategoriach, czyli zdarze\u0144 najbardziej uci\u0105\u017cliwych dla spo\u0142ecze\u0144stwa. By\u0142y to: b\u00f3jka i pobicie, uszczerbek na zdrowiu, kradzie\u017c cudzej rzeczy, kradzie\u017c samochodu, kradzie\u017c z w\u0142amaniem, rozboje, wymuszenia i kradzie\u017ce rozb\u00f3jnicze, uszkodzenie mienia.<\/p>\n[perfectpullquote align=&#8221;full&#8221; bordertop=&#8221;false&#8221; cite=&#8221;&#8221; link=&#8221;&#8221; color=&#8221;&#8221; class=&#8221;&#8221; size=&#8221;&#8221;]W 2018 odnotowano tu, podobnie zreszt\u0105 jak w latach ubieg\u0142ych, spadek liczby wszcz\u0119tych post\u0119powa\u0144 oraz osi\u0105gni\u0119to znakomity wynik wykrywalno\u015bci \u2013 48,5 proc.[\/perfectpullquote]\n<p>Optymizmem napawa fakt, \u017ce z roku na rok w naszym rejonie jest mniej wypadk\u00f3w drogowych. W 2017 pierwszy raz ich liczba spad\u0142a poni\u017cej 200, w 2018 by\u0142o jeszcze mniej, bo 163. W stosunku do roku 2017 spad\u0142a, o siedem, liczba ofiar \u015bmiertelnych wypadk\u00f3w na drogach, zgin\u0119\u0142o 17 os\u00f3b (g\u0142\u00f3wnie na drogach powiatowych). W\u015br\u00f3d nich najwi\u0119cej by\u0142o kierowc\u00f3w samochod\u00f3w, pozosta\u0142e miejsca w statystykach podzielili pasa\u017cerowie, piesi, kieruj\u0105cy rowerami i jeden motorowerzysta.<\/p>\n<p>(\u017cms)\/KMP Gliwice<br \/>\nfot. arch.24gliwice.pl<\/p>\n<div class=\"gliwi-a5-na-koncu-artykulow gliwi-entity-placement\" id=\"gliwi-1637992815\"><div class=\"gliwi-adlabel\"><span style=\"font-size: 9px\">REKLAMA<\/span><\/div><div id=\"gliwi-4209568516\" style=\"margin-left: auto;margin-right: auto;text-align: center;\"><a data-no-instant=\"1\" href=\"https:\/\/www.jasek.pl\/\" rel=\"noopener\" class=\"a2t-link\" target=\"_blank\" aria-label=\"20200401-jasek 600\"><img loading=\"lazy\" decoding=\"async\" src=\"https:\/\/www.24gliwice.pl\/wiadomosci\/wp-content\/uploads\/2020\/04\/20200401-jasek-600.jpg\" alt=\"\"  srcset=\"https:\/\/www.24gliwice.pl\/wiadomosci\/wp-content\/uploads\/2020\/04\/20200401-jasek-600.jpg 600w, https:\/\/www.24gliwice.pl\/wiadomosci\/wp-content\/uploads\/2020\/04\/20200401-jasek-600-410x109.jpg 410w\" sizes=\"(max-width: 600px) 100vw, 600px\" class=\"no-lazyload\" width=\"600\" height=\"160\"  style=\"display: inline-block; max-width: 100%; height: auto;\" \/><\/a><\/div><\/div>","protected":false},"excerpt":{"rendered":"<p>Gliwicka policja przeanalizowa\u0142a stan bezpiecze\u0144stwa na obj\u0119tym zabezpieczeniem terenie. W 2018 roku spad\u0142a liczba przest\u0119pstw kryminalnych, r\u00f3wnocze\u015bnie wzros\u0142a ich wykrywalno\u015b\u0107. Wydarzy\u0142o si\u0119 mniej wypadk\u00f3w komunikacyjnych. W rejonie podlegaj\u0105cym pod tutejsz\u0105 komend\u0119 zamieszkuje ponad 300 tys. os\u00f3b, funkcjonuje siedem komisariat\u00f3w \u2013 pi\u0119\u0107 w mie\u015bcie Gliwice i po jednym w Knurowie oraz Pyskowicach. [perfectpullquote align=&#8221;full&#8221; bordertop=&#8221;false&#8221; cite=&#8221;&#8221; [&hellip;]<\/p>\n","protected":false},"author":15,"featured_media":108453,"comment_status":"open","ping_status":"closed","sticky":false,"template":"","format":"standard","meta":{"_monsterinsights_skip_tracking":false,"_monsterinsights_sitenote_active":false,"_monsterinsights_sitenote_note":"","_monsterinsights_sitenote_category":0,"footnotes":"","_links_to":"","_links_to_target":""},"categories":[3,1,5],"tags":[8339,1775,11308,733,6601,14592,14591,14589,54,10094],"class_list":["post-128997","post","type-post","status-publish","format-standard","has-post-thumbnail","hentry","category-gliwice","category-wszystko","category-kryminalki","tag-bezpieczenstwo","tag-kmp-gliwice","tag-ofiary-smiertelne","tag-policja","tag-powiat","tag-przestepczosc","tag-przestepstwa-kryminalne","tag-stan-bezpieczenstwa","tag-wypadek","tag-wypadki-drogowe"],"yoast_head":"<!-- This site is optimized with the Yoast SEO plugin v27.5 - https:\/\/yoast.com\/product\/yoast-seo-wordpress\/ -->\n<title>Liczba przest\u0119pstw kryminalnych w Gliwicach spad\u0142a, natomiast wyra\u017anie wzros\u0142a ich wykrywalno\u015b\u0107 - 24GLIWICE - Portal Gliwice | codziennie nowe informacje<\/title>\n<meta name=\"robots\" content=\"index, follow, max-snippet:-1, max-image-preview:large, max-video-preview:-1\" \/>\n<link rel=\"canonical\" href=\"https:\/\/www.24gliwice.pl\/wiadomosci\/liczba-przestepstw-kryminalnych-w-gliwicach-spadla-natomiast-wyraznie-wzrosla-ich-wykrywalnosc\/\" \/>\n<meta property=\"og:locale\" content=\"pl_PL\" \/>\n<meta property=\"og:type\" content=\"article\" \/>\n<meta property=\"og:title\" content=\"Liczba przest\u0119pstw kryminalnych w Gliwicach spad\u0142a, natomiast wyra\u017anie wzros\u0142a ich wykrywalno\u015b\u0107 - 24GLIWICE - Portal Gliwice | codziennie nowe informacje\" \/>\n<meta property=\"og:description\" content=\"Gliwicka policja przeanalizowa\u0142a stan bezpiecze\u0144stwa na obj\u0119tym zabezpieczeniem terenie. W 2018 roku spad\u0142a liczba przest\u0119pstw kryminalnych, r\u00f3wnocze\u015bnie wzros\u0142a ich wykrywalno\u015b\u0107. Wydarzy\u0142o si\u0119 mniej wypadk\u00f3w komunikacyjnych. W rejonie podlegaj\u0105cym pod tutejsz\u0105 komend\u0119 zamieszkuje ponad 300 tys. os\u00f3b, funkcjonuje siedem komisariat\u00f3w \u2013 pi\u0119\u0107 w mie\u015bcie Gliwice i po jednym w Knurowie oraz Pyskowicach. [perfectpullquote align=&#8221;full&#8221; bordertop=&#8221;false&#8221; cite=&#8221;&#8221; [&hellip;]\" \/>\n<meta property=\"og:url\" content=\"https:\/\/www.24gliwice.pl\/wiadomosci\/liczba-przestepstw-kryminalnych-w-gliwicach-spadla-natomiast-wyraznie-wzrosla-ich-wykrywalnosc\/\" \/>\n<meta property=\"og:site_name\" content=\"24GLIWICE - Portal Gliwice | codziennie nowe informacje\" \/>\n<meta property=\"article:publisher\" content=\"https:\/\/www.facebook.com\/24gliwice\" \/>\n<meta property=\"article:published_time\" content=\"2019-01-22T04:13:02+00:00\" \/>\n<meta property=\"og:image\" content=\"https:\/\/www.24gliwice.pl\/wiadomosci\/wp-content\/uploads\/2017\/11\/policja-corsa-radiow\u00f3z.jpg\" \/>\n\t<meta property=\"og:image:width\" content=\"810\" \/>\n\t<meta property=\"og:image:height\" content=\"456\" \/>\n\t<meta property=\"og:image:type\" content=\"image\/jpeg\" \/>\n<meta name=\"author\" content=\"\u017baneta Mrozek-Siewierska\" \/>\n<meta name=\"twitter:card\" content=\"summary_large_image\" \/>\n<meta name=\"twitter:creator\" content=\"@24gliwice\" \/>\n<meta name=\"twitter:site\" content=\"@24gliwice\" \/>\n<meta name=\"twitter:label1\" content=\"Napisane przez\" \/>\n\t<meta name=\"twitter:data1\" content=\"\u017baneta Mrozek-Siewierska\" \/>\n\t<meta name=\"twitter:label2\" content=\"Szacowany czas czytania\" \/>\n\t<meta name=\"twitter:data2\" content=\"2 minuty\" \/>\n<script type=\"application\/ld+json\" class=\"yoast-schema-graph\">{\"@context\":\"https:\\\/\\\/schema.org\",\"@graph\":[{\"@type\":\"Article\",\"@id\":\"https:\\\/\\\/www.24gliwice.pl\\\/wiadomosci\\\/liczba-przestepstw-kryminalnych-w-gliwicach-spadla-natomiast-wyraznie-wzrosla-ich-wykrywalnosc\\\/#article\",\"isPartOf\":{\"@id\":\"https:\\\/\\\/www.24gliwice.pl\\\/wiadomosci\\\/liczba-przestepstw-kryminalnych-w-gliwicach-spadla-natomiast-wyraznie-wzrosla-ich-wykrywalnosc\\\/\"},\"author\":{\"name\":\"\u017baneta Mrozek-Siewierska\",\"@id\":\"https:\\\/\\\/www.24gliwice.pl\\\/wiadomosci\\\/#\\\/schema\\\/person\\\/e42c650edd7f2fa332be3811fb166b6e\"},\"headline\":\"Liczba przest\u0119pstw kryminalnych w Gliwicach spad\u0142a, natomiast wyra\u017anie wzros\u0142a ich wykrywalno\u015b\u0107\",\"datePublished\":\"2019-01-22T04:13:02+00:00\",\"mainEntityOfPage\":{\"@id\":\"https:\\\/\\\/www.24gliwice.pl\\\/wiadomosci\\\/liczba-przestepstw-kryminalnych-w-gliwicach-spadla-natomiast-wyraznie-wzrosla-ich-wykrywalnosc\\\/\"},\"wordCount\":422,\"commentCount\":0,\"publisher\":{\"@id\":\"https:\\\/\\\/www.24gliwice.pl\\\/wiadomosci\\\/#organization\"},\"image\":{\"@id\":\"https:\\\/\\\/www.24gliwice.pl\\\/wiadomosci\\\/liczba-przestepstw-kryminalnych-w-gliwicach-spadla-natomiast-wyraznie-wzrosla-ich-wykrywalnosc\\\/#primaryimage\"},\"thumbnailUrl\":\"https:\\\/\\\/www.24gliwice.pl\\\/wiadomosci\\\/wp-content\\\/uploads\\\/2017\\\/11\\\/policja-corsa-radiow\u00f3z.jpg\",\"keywords\":[\"bezpiecze\u0144stwo\",\"KMP GLIWICE\",\"ofiary \u015bmiertelne\",\"POLICJA\",\"POWIAT\",\"przest\u0119pczo\u015b\u0107\",\"przest\u0119pstwa kryminalne\",\"stan bezpiecze\u0144stwa\",\"WYPADEK\",\"wypadki drogowe\"],\"articleSection\":[\"Gliwice\",\"Najnowsze wiadomo\u015bci\",\"Prawo\"],\"inLanguage\":\"pl-PL\",\"potentialAction\":[{\"@type\":\"CommentAction\",\"name\":\"Comment\",\"target\":[\"https:\\\/\\\/www.24gliwice.pl\\\/wiadomosci\\\/liczba-przestepstw-kryminalnych-w-gliwicach-spadla-natomiast-wyraznie-wzrosla-ich-wykrywalnosc\\\/#respond\"]}]},{\"@type\":\"WebPage\",\"@id\":\"https:\\\/\\\/www.24gliwice.pl\\\/wiadomosci\\\/liczba-przestepstw-kryminalnych-w-gliwicach-spadla-natomiast-wyraznie-wzrosla-ich-wykrywalnosc\\\/\",\"url\":\"https:\\\/\\\/www.24gliwice.pl\\\/wiadomosci\\\/liczba-przestepstw-kryminalnych-w-gliwicach-spadla-natomiast-wyraznie-wzrosla-ich-wykrywalnosc\\\/\",\"name\":\"Liczba przest\u0119pstw kryminalnych w Gliwicach spad\u0142a, natomiast wyra\u017anie wzros\u0142a ich wykrywalno\u015b\u0107 - 24GLIWICE - Portal Gliwice | codziennie nowe informacje\",\"isPartOf\":{\"@id\":\"https:\\\/\\\/www.24gliwice.pl\\\/wiadomosci\\\/#website\"},\"primaryImageOfPage\":{\"@id\":\"https:\\\/\\\/www.24gliwice.pl\\\/wiadomosci\\\/liczba-przestepstw-kryminalnych-w-gliwicach-spadla-natomiast-wyraznie-wzrosla-ich-wykrywalnosc\\\/#primaryimage\"},\"image\":{\"@id\":\"https:\\\/\\\/www.24gliwice.pl\\\/wiadomosci\\\/liczba-przestepstw-kryminalnych-w-gliwicach-spadla-natomiast-wyraznie-wzrosla-ich-wykrywalnosc\\\/#primaryimage\"},\"thumbnailUrl\":\"https:\\\/\\\/www.24gliwice.pl\\\/wiadomosci\\\/wp-content\\\/uploads\\\/2017\\\/11\\\/policja-corsa-radiow\u00f3z.jpg\",\"datePublished\":\"2019-01-22T04:13:02+00:00\",\"breadcrumb\":{\"@id\":\"https:\\\/\\\/www.24gliwice.pl\\\/wiadomosci\\\/liczba-przestepstw-kryminalnych-w-gliwicach-spadla-natomiast-wyraznie-wzrosla-ich-wykrywalnosc\\\/#breadcrumb\"},\"inLanguage\":\"pl-PL\",\"potentialAction\":[{\"@type\":\"ReadAction\",\"target\":[\"https:\\\/\\\/www.24gliwice.pl\\\/wiadomosci\\\/liczba-przestepstw-kryminalnych-w-gliwicach-spadla-natomiast-wyraznie-wzrosla-ich-wykrywalnosc\\\/\"]}]},{\"@type\":\"ImageObject\",\"inLanguage\":\"pl-PL\",\"@id\":\"https:\\\/\\\/www.24gliwice.pl\\\/wiadomosci\\\/liczba-przestepstw-kryminalnych-w-gliwicach-spadla-natomiast-wyraznie-wzrosla-ich-wykrywalnosc\\\/#primaryimage\",\"url\":\"https:\\\/\\\/www.24gliwice.pl\\\/wiadomosci\\\/wp-content\\\/uploads\\\/2017\\\/11\\\/policja-corsa-radiow\u00f3z.jpg\",\"contentUrl\":\"https:\\\/\\\/www.24gliwice.pl\\\/wiadomosci\\\/wp-content\\\/uploads\\\/2017\\\/11\\\/policja-corsa-radiow\u00f3z.jpg\",\"width\":810,\"height\":456},{\"@type\":\"BreadcrumbList\",\"@id\":\"https:\\\/\\\/www.24gliwice.pl\\\/wiadomosci\\\/liczba-przestepstw-kryminalnych-w-gliwicach-spadla-natomiast-wyraznie-wzrosla-ich-wykrywalnosc\\\/#breadcrumb\",\"itemListElement\":[{\"@type\":\"ListItem\",\"position\":1,\"name\":\"Strona g\u0142\u00f3wna\",\"item\":\"https:\\\/\\\/www.24gliwice.pl\\\/wiadomosci\\\/\"},{\"@type\":\"ListItem\",\"position\":2,\"name\":\"Liczba przest\u0119pstw kryminalnych w Gliwicach spad\u0142a, natomiast wyra\u017anie wzros\u0142a ich wykrywalno\u015b\u0107\"}]},{\"@type\":\"WebSite\",\"@id\":\"https:\\\/\\\/www.24gliwice.pl\\\/wiadomosci\\\/#website\",\"url\":\"https:\\\/\\\/www.24gliwice.pl\\\/wiadomosci\\\/\",\"name\":\"24GLIWICE - Portal Gliwice | codziennie nowe wiadomo\u015bci\",\"description\":\"Portal Miejski Gliwice\",\"publisher\":{\"@id\":\"https:\\\/\\\/www.24gliwice.pl\\\/wiadomosci\\\/#organization\"},\"potentialAction\":[{\"@type\":\"SearchAction\",\"target\":{\"@type\":\"EntryPoint\",\"urlTemplate\":\"https:\\\/\\\/www.24gliwice.pl\\\/wiadomosci\\\/?s={search_term_string}\"},\"query-input\":{\"@type\":\"PropertyValueSpecification\",\"valueRequired\":true,\"valueName\":\"search_term_string\"}}],\"inLanguage\":\"pl-PL\"},{\"@type\":\"Organization\",\"@id\":\"https:\\\/\\\/www.24gliwice.pl\\\/wiadomosci\\\/#organization\",\"name\":\"24gliwice\",\"url\":\"https:\\\/\\\/www.24gliwice.pl\\\/wiadomosci\\\/\",\"logo\":{\"@type\":\"ImageObject\",\"inLanguage\":\"pl-PL\",\"@id\":\"https:\\\/\\\/www.24gliwice.pl\\\/wiadomosci\\\/#\\\/schema\\\/logo\\\/image\\\/\",\"url\":\"https:\\\/\\\/www.24gliwice.pl\\\/wiadomosci\\\/wp-content\\\/uploads\\\/2024\\\/10\\\/24gliwice-logo-696.jpg\",\"contentUrl\":\"https:\\\/\\\/www.24gliwice.pl\\\/wiadomosci\\\/wp-content\\\/uploads\\\/2024\\\/10\\\/24gliwice-logo-696.jpg\",\"width\":696,\"height\":696,\"caption\":\"24gliwice\"},\"image\":{\"@id\":\"https:\\\/\\\/www.24gliwice.pl\\\/wiadomosci\\\/#\\\/schema\\\/logo\\\/image\\\/\"},\"sameAs\":[\"https:\\\/\\\/www.facebook.com\\\/24gliwice\",\"https:\\\/\\\/x.com\\\/24gliwice\",\"https:\\\/\\\/www.youtube.com\\\/@24gliwice\"]},{\"@type\":\"Person\",\"@id\":\"https:\\\/\\\/www.24gliwice.pl\\\/wiadomosci\\\/#\\\/schema\\\/person\\\/e42c650edd7f2fa332be3811fb166b6e\",\"name\":\"\u017baneta Mrozek-Siewierska\",\"image\":{\"@type\":\"ImageObject\",\"inLanguage\":\"pl-PL\",\"@id\":\"https:\\\/\\\/secure.gravatar.com\\\/avatar\\\/1881429e9c64597c77ad7aef2d0a19be69a3253e57534d16aa15bf3a4d34a0a3?s=96&d=mm&r=g\",\"url\":\"https:\\\/\\\/secure.gravatar.com\\\/avatar\\\/1881429e9c64597c77ad7aef2d0a19be69a3253e57534d16aa15bf3a4d34a0a3?s=96&d=mm&r=g\",\"contentUrl\":\"https:\\\/\\\/secure.gravatar.com\\\/avatar\\\/1881429e9c64597c77ad7aef2d0a19be69a3253e57534d16aa15bf3a4d34a0a3?s=96&d=mm&r=g\",\"caption\":\"\u017baneta Mrozek-Siewierska\"},\"url\":\"https:\\\/\\\/www.24gliwice.pl\\\/wiadomosci\\\/author\\\/zms\\\/\"}]}<\/script>\n<!-- \/ Yoast SEO plugin. -->","yoast_head_json":{"title":"Liczba przest\u0119pstw kryminalnych w Gliwicach spad\u0142a, natomiast wyra\u017anie wzros\u0142a ich wykrywalno\u015b\u0107 - 24GLIWICE - Portal Gliwice | codziennie nowe informacje","robots":{"index":"index","follow":"follow","max-snippet":"max-snippet:-1","max-image-preview":"max-image-preview:large","max-video-preview":"max-video-preview:-1"},"canonical":"https:\/\/www.24gliwice.pl\/wiadomosci\/liczba-przestepstw-kryminalnych-w-gliwicach-spadla-natomiast-wyraznie-wzrosla-ich-wykrywalnosc\/","og_locale":"pl_PL","og_type":"article","og_title":"Liczba przest\u0119pstw kryminalnych w Gliwicach spad\u0142a, natomiast wyra\u017anie wzros\u0142a ich wykrywalno\u015b\u0107 - 24GLIWICE - Portal Gliwice | codziennie nowe informacje","og_description":"Gliwicka policja przeanalizowa\u0142a stan bezpiecze\u0144stwa na obj\u0119tym zabezpieczeniem terenie. W 2018 roku spad\u0142a liczba przest\u0119pstw kryminalnych, r\u00f3wnocze\u015bnie wzros\u0142a ich wykrywalno\u015b\u0107. Wydarzy\u0142o si\u0119 mniej wypadk\u00f3w komunikacyjnych. W rejonie podlegaj\u0105cym pod tutejsz\u0105 komend\u0119 zamieszkuje ponad 300 tys. os\u00f3b, funkcjonuje siedem komisariat\u00f3w \u2013 pi\u0119\u0107 w mie\u015bcie Gliwice i po jednym w Knurowie oraz Pyskowicach. [perfectpullquote align=&#8221;full&#8221; bordertop=&#8221;false&#8221; cite=&#8221;&#8221; [&hellip;]","og_url":"https:\/\/www.24gliwice.pl\/wiadomosci\/liczba-przestepstw-kryminalnych-w-gliwicach-spadla-natomiast-wyraznie-wzrosla-ich-wykrywalnosc\/","og_site_name":"24GLIWICE - Portal Gliwice | codziennie nowe informacje","article_publisher":"https:\/\/www.facebook.com\/24gliwice","article_published_time":"2019-01-22T04:13:02+00:00","og_image":[{"width":810,"height":456,"url":"https:\/\/www.24gliwice.pl\/wiadomosci\/wp-content\/uploads\/2017\/11\/policja-corsa-radiow\u00f3z.jpg","type":"image\/jpeg"}],"author":"\u017baneta Mrozek-Siewierska","twitter_card":"summary_large_image","twitter_creator":"@24gliwice","twitter_site":"@24gliwice","twitter_misc":{"Napisane przez":"\u017baneta Mrozek-Siewierska","Szacowany czas czytania":"2 minuty"},"schema":{"@context":"https:\/\/schema.org","@graph":[{"@type":"Article","@id":"https:\/\/www.24gliwice.pl\/wiadomosci\/liczba-przestepstw-kryminalnych-w-gliwicach-spadla-natomiast-wyraznie-wzrosla-ich-wykrywalnosc\/#article","isPartOf":{"@id":"https:\/\/www.24gliwice.pl\/wiadomosci\/liczba-przestepstw-kryminalnych-w-gliwicach-spadla-natomiast-wyraznie-wzrosla-ich-wykrywalnosc\/"},"author":{"name":"\u017baneta Mrozek-Siewierska","@id":"https:\/\/www.24gliwice.pl\/wiadomosci\/#\/schema\/person\/e42c650edd7f2fa332be3811fb166b6e"},"headline":"Liczba przest\u0119pstw kryminalnych w Gliwicach spad\u0142a, natomiast wyra\u017anie wzros\u0142a ich wykrywalno\u015b\u0107","datePublished":"2019-01-22T04:13:02+00:00","mainEntityOfPage":{"@id":"https:\/\/www.24gliwice.pl\/wiadomosci\/liczba-przestepstw-kryminalnych-w-gliwicach-spadla-natomiast-wyraznie-wzrosla-ich-wykrywalnosc\/"},"wordCount":422,"commentCount":0,"publisher":{"@id":"https:\/\/www.24gliwice.pl\/wiadomosci\/#organization"},"image":{"@id":"https:\/\/www.24gliwice.pl\/wiadomosci\/liczba-przestepstw-kryminalnych-w-gliwicach-spadla-natomiast-wyraznie-wzrosla-ich-wykrywalnosc\/#primaryimage"},"thumbnailUrl":"https:\/\/www.24gliwice.pl\/wiadomosci\/wp-content\/uploads\/2017\/11\/policja-corsa-radiow\u00f3z.jpg","keywords":["bezpiecze\u0144stwo","KMP GLIWICE","ofiary \u015bmiertelne","POLICJA","POWIAT","przest\u0119pczo\u015b\u0107","przest\u0119pstwa kryminalne","stan bezpiecze\u0144stwa","WYPADEK","wypadki drogowe"],"articleSection":["Gliwice","Najnowsze wiadomo\u015bci","Prawo"],"inLanguage":"pl-PL","potentialAction":[{"@type":"CommentAction","name":"Comment","target":["https:\/\/www.24gliwice.pl\/wiadomosci\/liczba-przestepstw-kryminalnych-w-gliwicach-spadla-natomiast-wyraznie-wzrosla-ich-wykrywalnosc\/#respond"]}]},{"@type":"WebPage","@id":"https:\/\/www.24gliwice.pl\/wiadomosci\/liczba-przestepstw-kryminalnych-w-gliwicach-spadla-natomiast-wyraznie-wzrosla-ich-wykrywalnosc\/","url":"https:\/\/www.24gliwice.pl\/wiadomosci\/liczba-przestepstw-kryminalnych-w-gliwicach-spadla-natomiast-wyraznie-wzrosla-ich-wykrywalnosc\/","name":"Liczba przest\u0119pstw kryminalnych w Gliwicach spad\u0142a, natomiast wyra\u017anie wzros\u0142a ich wykrywalno\u015b\u0107 - 24GLIWICE - Portal Gliwice | codziennie nowe informacje","isPartOf":{"@id":"https:\/\/www.24gliwice.pl\/wiadomosci\/#website"},"primaryImageOfPage":{"@id":"https:\/\/www.24gliwice.pl\/wiadomosci\/liczba-przestepstw-kryminalnych-w-gliwicach-spadla-natomiast-wyraznie-wzrosla-ich-wykrywalnosc\/#primaryimage"},"image":{"@id":"https:\/\/www.24gliwice.pl\/wiadomosci\/liczba-przestepstw-kryminalnych-w-gliwicach-spadla-natomiast-wyraznie-wzrosla-ich-wykrywalnosc\/#primaryimage"},"thumbnailUrl":"https:\/\/www.24gliwice.pl\/wiadomosci\/wp-content\/uploads\/2017\/11\/policja-corsa-radiow\u00f3z.jpg","datePublished":"2019-01-22T04:13:02+00:00","breadcrumb":{"@id":"https:\/\/www.24gliwice.pl\/wiadomosci\/liczba-przestepstw-kryminalnych-w-gliwicach-spadla-natomiast-wyraznie-wzrosla-ich-wykrywalnosc\/#breadcrumb"},"inLanguage":"pl-PL","potentialAction":[{"@type":"ReadAction","target":["https:\/\/www.24gliwice.pl\/wiadomosci\/liczba-przestepstw-kryminalnych-w-gliwicach-spadla-natomiast-wyraznie-wzrosla-ich-wykrywalnosc\/"]}]},{"@type":"ImageObject","inLanguage":"pl-PL","@id":"https:\/\/www.24gliwice.pl\/wiadomosci\/liczba-przestepstw-kryminalnych-w-gliwicach-spadla-natomiast-wyraznie-wzrosla-ich-wykrywalnosc\/#primaryimage","url":"https:\/\/www.24gliwice.pl\/wiadomosci\/wp-content\/uploads\/2017\/11\/policja-corsa-radiow\u00f3z.jpg","contentUrl":"https:\/\/www.24gliwice.pl\/wiadomosci\/wp-content\/uploads\/2017\/11\/policja-corsa-radiow\u00f3z.jpg","width":810,"height":456},{"@type":"BreadcrumbList","@id":"https:\/\/www.24gliwice.pl\/wiadomosci\/liczba-przestepstw-kryminalnych-w-gliwicach-spadla-natomiast-wyraznie-wzrosla-ich-wykrywalnosc\/#breadcrumb","itemListElement":[{"@type":"ListItem","position":1,"name":"Strona g\u0142\u00f3wna","item":"https:\/\/www.24gliwice.pl\/wiadomosci\/"},{"@type":"ListItem","position":2,"name":"Liczba przest\u0119pstw kryminalnych w Gliwicach spad\u0142a, natomiast wyra\u017anie wzros\u0142a ich wykrywalno\u015b\u0107"}]},{"@type":"WebSite","@id":"https:\/\/www.24gliwice.pl\/wiadomosci\/#website","url":"https:\/\/www.24gliwice.pl\/wiadomosci\/","name":"24GLIWICE - Portal Gliwice | codziennie nowe wiadomo\u015bci","description":"Portal Miejski Gliwice","publisher":{"@id":"https:\/\/www.24gliwice.pl\/wiadomosci\/#organization"},"potentialAction":[{"@type":"SearchAction","target":{"@type":"EntryPoint","urlTemplate":"https:\/\/www.24gliwice.pl\/wiadomosci\/?s={search_term_string}"},"query-input":{"@type":"PropertyValueSpecification","valueRequired":true,"valueName":"search_term_string"}}],"inLanguage":"pl-PL"},{"@type":"Organization","@id":"https:\/\/www.24gliwice.pl\/wiadomosci\/#organization","name":"24gliwice","url":"https:\/\/www.24gliwice.pl\/wiadomosci\/","logo":{"@type":"ImageObject","inLanguage":"pl-PL","@id":"https:\/\/www.24gliwice.pl\/wiadomosci\/#\/schema\/logo\/image\/","url":"https:\/\/www.24gliwice.pl\/wiadomosci\/wp-content\/uploads\/2024\/10\/24gliwice-logo-696.jpg","contentUrl":"https:\/\/www.24gliwice.pl\/wiadomosci\/wp-content\/uploads\/2024\/10\/24gliwice-logo-696.jpg","width":696,"height":696,"caption":"24gliwice"},"image":{"@id":"https:\/\/www.24gliwice.pl\/wiadomosci\/#\/schema\/logo\/image\/"},"sameAs":["https:\/\/www.facebook.com\/24gliwice","https:\/\/x.com\/24gliwice","https:\/\/www.youtube.com\/@24gliwice"]},{"@type":"Person","@id":"https:\/\/www.24gliwice.pl\/wiadomosci\/#\/schema\/person\/e42c650edd7f2fa332be3811fb166b6e","name":"\u017baneta Mrozek-Siewierska","image":{"@type":"ImageObject","inLanguage":"pl-PL","@id":"https:\/\/secure.gravatar.com\/avatar\/1881429e9c64597c77ad7aef2d0a19be69a3253e57534d16aa15bf3a4d34a0a3?s=96&d=mm&r=g","url":"https:\/\/secure.gravatar.com\/avatar\/1881429e9c64597c77ad7aef2d0a19be69a3253e57534d16aa15bf3a4d34a0a3?s=96&d=mm&r=g","contentUrl":"https:\/\/secure.gravatar.com\/avatar\/1881429e9c64597c77ad7aef2d0a19be69a3253e57534d16aa15bf3a4d34a0a3?s=96&d=mm&r=g","caption":"\u017baneta Mrozek-Siewierska"},"url":"https:\/\/www.24gliwice.pl\/wiadomosci\/author\/zms\/"}]}},"_links":{"self":[{"href":"https:\/\/www.24gliwice.pl\/wiadomosci\/wp-json\/wp\/v2\/posts\/128997","targetHints":{"allow":["GET"]}}],"collection":[{"href":"https:\/\/www.24gliwice.pl\/wiadomosci\/wp-json\/wp\/v2\/posts"}],"about":[{"href":"https:\/\/www.24gliwice.pl\/wiadomosci\/wp-json\/wp\/v2\/types\/post"}],"author":[{"embeddable":true,"href":"https:\/\/www.24gliwice.pl\/wiadomosci\/wp-json\/wp\/v2\/users\/15"}],"replies":[{"embeddable":true,"href":"https:\/\/www.24gliwice.pl\/wiadomosci\/wp-json\/wp\/v2\/comments?post=128997"}],"version-history":[{"count":0,"href":"https:\/\/www.24gliwice.pl\/wiadomosci\/wp-json\/wp\/v2\/posts\/128997\/revisions"}],"wp:featuredmedia":[{"embeddable":true,"href":"https:\/\/www.24gliwice.pl\/wiadomosci\/wp-json\/wp\/v2\/media\/108453"}],"wp:attachment":[{"href":"https:\/\/www.24gliwice.pl\/wiadomosci\/wp-json\/wp\/v2\/media?parent=128997"}],"wp:term":[{"taxonomy":"category","embeddable":true,"href":"https:\/\/www.24gliwice.pl\/wiadomosci\/wp-json\/wp\/v2\/categories?post=128997"},{"taxonomy":"post_tag","embeddable":true,"href":"https:\/\/www.24gliwice.pl\/wiadomosci\/wp-json\/wp\/v2\/tags?post=128997"}],"curies":[{"name":"wp","href":"https:\/\/api.w.org\/{rel}","templated":true}]}}