{"id":129006,"date":"2019-01-21T16:07:19","date_gmt":"2019-01-21T15:07:19","guid":{"rendered":"https:\/\/www.24gliwice.pl\/wiadomosci\/?p=129006"},"modified":"2019-01-21T16:07:19","modified_gmt":"2019-01-21T15:07:19","slug":"mial-oszukiwac-na-wnuczka-i-na-policjanta-podejrzany-gliwiczanin-sam-moglby-byc-dziadkiem","status":"publish","type":"post","link":"https:\/\/www.24gliwice.pl\/wiadomosci\/mial-oszukiwac-na-wnuczka-i-na-policjanta-podejrzany-gliwiczanin-sam-moglby-byc-dziadkiem\/","title":{"rendered":"Mia\u0142 oszukiwa\u0107 &#8220;na wnuczka&#8221; i &#8220;na policjanta&#8221;. Podejrzany gliwiczanin&#8230; sam m\u00f3g\u0142by by\u0107 dziadkiem"},"content":{"rendered":"<div class=\"gliwi-a6-nad-leadem-artykulow gliwi-entity-placement\" id=\"gliwi-3794200535\"><div class=\"gliwi-adlabel\"><span style=\"font-size: 9px\">REKLAMA<\/span><\/div><div id=\"gliwi-1940745262\" style=\"margin-bottom: 30px;margin-left: auto;margin-right: auto;text-align: center;\"><a data-no-instant=\"1\" href=\"https:\/\/przedszkole.halogen.org.pl\/\" rel=\"noopener\" class=\"a2t-link\" target=\"_blank\" aria-label=\"20260402-ANIMATOR-przedszkole_grafika_750x200\"><img loading=\"lazy\" decoding=\"async\" src=\"https:\/\/www.24gliwice.pl\/wiadomosci\/wp-content\/uploads\/2026\/04\/20260402-ANIMATOR-przedszkole_grafika_750x200.webp\" alt=\"\"  srcset=\"https:\/\/www.24gliwice.pl\/wiadomosci\/wp-content\/uploads\/2026\/04\/20260402-ANIMATOR-przedszkole_grafika_750x200.webp 750w, https:\/\/www.24gliwice.pl\/wiadomosci\/wp-content\/uploads\/2026\/04\/20260402-ANIMATOR-przedszkole_grafika_750x200-410x109.webp 410w\" sizes=\"(max-width: 750px) 100vw, 750px\" class=\"no-lazyload\" width=\"750\" height=\"200\"  style=\"display: inline-block; max-width: 100%; height: auto;\" \/><\/a><\/div><\/div><h3>S\u0105d Rejonowy tymczasowo aresztowa\u0142 72-letniego gliwiczanina podejrzanego o to, \u017ce w grudniu 2018 i styczniu 2019 roku, dzia\u0142aj\u0105c metod\u0105 na tzw. wnuczka, wprowadzi\u0142 w b\u0142\u0105d o\u015bmiu pokrzywdzonych, doprowadzaj\u0105c do straty pieni\u0119dzy oraz bi\u017cuterii.<\/h3>\n<p>Zatrzymanie, a w konsekwencji aresztowanie, jest efektem intensywnych dzia\u0142a\u0144 operacyjnych gliwickiej policji. Sam moment uj\u0119cia by\u0142 dla \u201ewnuczka\u201d pe\u0142nym zaskoczeniem.<\/p>\n[perfectpullquote align=&#8221;full&#8221; bordertop=&#8221;false&#8221; cite=&#8221;&#8221; link=&#8221;&#8221; color=&#8221;&#8221; class=&#8221;&#8221; size=&#8221;&#8221;]W styczniu wp\u0142ywa\u0142y do str\u00f3\u017c\u00f3w prawa liczne informacje od gliwiczan o pr\u00f3bach oszustwa metodami \u201ena wnuczka\u201d oraz \u201ena policjanta\u201d. Niestety, osiem os\u00f3b da\u0142o si\u0119 nabra\u0107.[\/perfectpullquote]\n<p>\u015aledczy ca\u0142y czas zbierali informacje i prowadzili intensywne czynno\u015bci operacyjne. Gliwiccy policjanci z wydzia\u0142u do walki z przest\u0119pczo\u015bci\u0105 przeciwko mieniu, we wsp\u00f3\u0142pracy z kryminalnymi w Wydzia\u0142u PPM Komendy Wojew\u00f3dzkiej Policji w Katowicach, wytypowali, namierzyli i zatrzymali sprawc\u0119. Okaza\u0142 si\u0119 nim 72-letni gliwiczanin.<\/p><div class=\"gliwi-a3-w-tresci-artykulow gliwi-entity-placement\" id=\"gliwi-2791656930\"><div class=\"gliwi-adlabel\"><span style=\"font-size: 9px\">REKLAMA<\/span><\/div><div id=\"gliwi-798930210\" style=\"margin-bottom: 30px;margin-left: auto;margin-right: auto;text-align: center;\"><a data-no-instant=\"1\" href=\"https:\/\/zlobek.halogen.org.pl\/\" rel=\"noopener\" class=\"a2t-link\" target=\"_blank\" aria-label=\"animator-zlobek_750x200\"><img loading=\"lazy\" decoding=\"async\" src=\"https:\/\/www.24gliwice.pl\/wiadomosci\/wp-content\/uploads\/2026\/02\/animator-zlobek_750x200.webp\" alt=\"\"  srcset=\"https:\/\/www.24gliwice.pl\/wiadomosci\/wp-content\/uploads\/2026\/02\/animator-zlobek_750x200.webp 750w, https:\/\/www.24gliwice.pl\/wiadomosci\/wp-content\/uploads\/2026\/02\/animator-zlobek_750x200-410x109.webp 410w\" sizes=\"(max-width: 750px) 100vw, 750px\" class=\"no-lazyload\" width=\"750\" height=\"200\"  style=\"display: inline-block; max-width: 100%; height: auto;\" \/><\/a><\/div><\/div>\n<p>M\u0119\u017cczyzna us\u0142ysza\u0142 ju\u017c zarzuty. Na wniosek policji i prokuratury, po zapoznaniu si\u0119 z zebranym materia\u0142em dowodowym, s\u0105d zastosowa\u0142 wobec s\u0119dziwego \u201ewnuczko-policjanta\u201d tymczasowe aresztowanie. Za pope\u0142nione przest\u0119pstwo 72-latkowi grozi kara do 8 lat wi\u0119zienia.<\/p>\n[perfectpullquote align=&#8221;full&#8221; bordertop=&#8221;false&#8221; cite=&#8221;&#8221; link=&#8221;&#8221; color=&#8221;&#8221; class=&#8221;&#8221; size=&#8221;&#8221;]Pracuj\u0105cy przy sprawie policjanci szczeg\u00f3\u0142owo wyja\u015bniaj\u0105 wszystkie jej okoliczno\u015bci. Cz\u0119\u015b\u0107 \u0142upu zdo\u0142ali odzyska\u0107. Niewykluczone kolejne zatrzymania.[\/perfectpullquote]\n<p>Niestety, przypadek ten pokazuje, \u017ce jest wiele os\u00f3b, do kt\u00f3rych nie docieraj\u0105 apele i przestrogi z kampanii spo\u0142ecznych, prowadzonych przez policj\u0119 za po\u015brednictwem wszystkich mo\u017cliwych medi\u00f3w. <\/p>\n<p>Policja przypomina: oszu\u015bci potrafi\u0105 wprowadzi\u0107 w b\u0142\u0105d, graj\u0105c na emocjach senior\u00f3w, ch\u0119ci pomocy rodzinie, a wszystko zawsze dzieje si\u0119 pod presj\u0105 czasu. <\/p>\n<p>(\u017cms)\/KMP Gliwice<br \/>\nfot. KMP Gliwice<\/p>\n<div class=\"gliwi-a5-na-koncu-artykulow gliwi-entity-placement\" id=\"gliwi-3796159044\"><div class=\"gliwi-adlabel\"><span style=\"font-size: 9px\">REKLAMA<\/span><\/div><div id=\"gliwi-232775340\" style=\"margin-left: auto;margin-right: auto;text-align: center;\"><a data-no-instant=\"1\" href=\"https:\/\/prezeroarenagliwice.pl\/\" rel=\"noopener\" class=\"a2t-link\" target=\"_blank\" aria-label=\"20260309-PREZERO-WIOSNA-D\"><img loading=\"lazy\" decoding=\"async\" src=\"https:\/\/www.24gliwice.pl\/wiadomosci\/wp-content\/uploads\/2026\/03\/20260309-PREZERO-WIOSNA-D.webp\" alt=\"\"  srcset=\"https:\/\/www.24gliwice.pl\/wiadomosci\/wp-content\/uploads\/2026\/03\/20260309-PREZERO-WIOSNA-D.webp 750w, https:\/\/www.24gliwice.pl\/wiadomosci\/wp-content\/uploads\/2026\/03\/20260309-PREZERO-WIOSNA-D-410x109.webp 410w\" sizes=\"(max-width: 750px) 100vw, 750px\" class=\"no-lazyload\" width=\"750\" height=\"200\"  style=\"display: inline-block; max-width: 100%; height: auto;\" \/><\/a><\/div><\/div>","protected":false},"excerpt":{"rendered":"<p>S\u0105d Rejonowy tymczasowo aresztowa\u0142 72-letniego gliwiczanina podejrzanego o to, \u017ce w grudniu 2018 i styczniu 2019 roku, dzia\u0142aj\u0105c metod\u0105 na tzw. wnuczka, wprowadzi\u0142 w b\u0142\u0105d o\u015bmiu pokrzywdzonych, doprowadzaj\u0105c do straty pieni\u0119dzy oraz bi\u017cuterii. Zatrzymanie, a w konsekwencji aresztowanie, jest efektem intensywnych dzia\u0142a\u0144 operacyjnych gliwickiej policji. Sam moment uj\u0119cia by\u0142 dla \u201ewnuczka\u201d pe\u0142nym zaskoczeniem. [perfectpullquote align=&#8221;full&#8221; [&hellip;]<\/p>\n","protected":false},"author":15,"featured_media":129037,"comment_status":"open","ping_status":"closed","sticky":false,"template":"","format":"standard","meta":{"_monsterinsights_skip_tracking":false,"_monsterinsights_sitenote_active":false,"_monsterinsights_sitenote_note":"","_monsterinsights_sitenote_category":0,"footnotes":"","_links_to":"","_links_to_target":""},"categories":[3,1,5],"tags":[3617,1775,8584,12911,12910,7456,8812,733,7760,10294],"class_list":["post-129006","post","type-post","status-publish","format-standard","has-post-thumbnail","hentry","category-gliwice","category-wszystko","category-kryminalki","tag-kmp","tag-kmp-gliwice","tag-oszustwo","tag-oszustwo-na-policjanta","tag-oszustwo-na-wnuczka","tag-pieniadze","tag-podejrzany","tag-policja","tag-telefon","tag-telefon-stacjonarny"],"yoast_head":"<!-- This site is optimized with the Yoast SEO plugin v27.5 - https:\/\/yoast.com\/product\/yoast-seo-wordpress\/ -->\n<title>Mia\u0142 oszukiwa\u0107 &quot;na wnuczka&quot; i &quot;na policjanta&quot;. Podejrzany gliwiczanin... sam m\u00f3g\u0142by by\u0107 dziadkiem - 24GLIWICE - Portal Gliwice | codziennie nowe informacje<\/title>\n<meta name=\"robots\" content=\"index, follow, max-snippet:-1, max-image-preview:large, max-video-preview:-1\" \/>\n<link rel=\"canonical\" href=\"https:\/\/www.24gliwice.pl\/wiadomosci\/mial-oszukiwac-na-wnuczka-i-na-policjanta-podejrzany-gliwiczanin-sam-moglby-byc-dziadkiem\/\" \/>\n<meta property=\"og:locale\" content=\"pl_PL\" \/>\n<meta property=\"og:type\" content=\"article\" \/>\n<meta property=\"og:title\" content=\"Mia\u0142 oszukiwa\u0107 &quot;na wnuczka&quot; i &quot;na policjanta&quot;. Podejrzany gliwiczanin... sam m\u00f3g\u0142by by\u0107 dziadkiem - 24GLIWICE - Portal Gliwice | codziennie nowe informacje\" \/>\n<meta property=\"og:description\" content=\"S\u0105d Rejonowy tymczasowo aresztowa\u0142 72-letniego gliwiczanina podejrzanego o to, \u017ce w grudniu 2018 i styczniu 2019 roku, dzia\u0142aj\u0105c metod\u0105 na tzw. wnuczka, wprowadzi\u0142 w b\u0142\u0105d o\u015bmiu pokrzywdzonych, doprowadzaj\u0105c do straty pieni\u0119dzy oraz bi\u017cuterii. Zatrzymanie, a w konsekwencji aresztowanie, jest efektem intensywnych dzia\u0142a\u0144 operacyjnych gliwickiej policji. Sam moment uj\u0119cia by\u0142 dla \u201ewnuczka\u201d pe\u0142nym zaskoczeniem. [perfectpullquote align=&#8221;full&#8221; [&hellip;]\" \/>\n<meta property=\"og:url\" content=\"https:\/\/www.24gliwice.pl\/wiadomosci\/mial-oszukiwac-na-wnuczka-i-na-policjanta-podejrzany-gliwiczanin-sam-moglby-byc-dziadkiem\/\" \/>\n<meta property=\"og:site_name\" content=\"24GLIWICE - Portal Gliwice | codziennie nowe informacje\" \/>\n<meta property=\"article:publisher\" content=\"https:\/\/www.facebook.com\/24gliwice\" \/>\n<meta property=\"article:published_time\" content=\"2019-01-21T15:07:19+00:00\" \/>\n<meta property=\"og:image\" content=\"https:\/\/www.24gliwice.pl\/wiadomosci\/wp-content\/uploads\/2019\/01\/wnuczek-policjant2-e1548080323638.jpg\" \/>\n\t<meta property=\"og:image:width\" content=\"810\" \/>\n\t<meta property=\"og:image:height\" content=\"456\" \/>\n\t<meta property=\"og:image:type\" content=\"image\/jpeg\" \/>\n<meta name=\"author\" content=\"\u017baneta Mrozek-Siewierska\" \/>\n<meta name=\"twitter:card\" content=\"summary_large_image\" \/>\n<meta name=\"twitter:creator\" content=\"@24gliwice\" \/>\n<meta name=\"twitter:site\" content=\"@24gliwice\" \/>\n<meta name=\"twitter:label1\" content=\"Napisane przez\" \/>\n\t<meta name=\"twitter:data1\" content=\"\u017baneta Mrozek-Siewierska\" \/>\n\t<meta name=\"twitter:label2\" content=\"Szacowany czas czytania\" \/>\n\t<meta name=\"twitter:data2\" content=\"1 minuta\" \/>\n<script type=\"application\/ld+json\" class=\"yoast-schema-graph\">{\"@context\":\"https:\\\/\\\/schema.org\",\"@graph\":[{\"@type\":\"Article\",\"@id\":\"https:\\\/\\\/www.24gliwice.pl\\\/wiadomosci\\\/mial-oszukiwac-na-wnuczka-i-na-policjanta-podejrzany-gliwiczanin-sam-moglby-byc-dziadkiem\\\/#article\",\"isPartOf\":{\"@id\":\"https:\\\/\\\/www.24gliwice.pl\\\/wiadomosci\\\/mial-oszukiwac-na-wnuczka-i-na-policjanta-podejrzany-gliwiczanin-sam-moglby-byc-dziadkiem\\\/\"},\"author\":{\"name\":\"\u017baneta Mrozek-Siewierska\",\"@id\":\"https:\\\/\\\/www.24gliwice.pl\\\/wiadomosci\\\/#\\\/schema\\\/person\\\/e42c650edd7f2fa332be3811fb166b6e\"},\"headline\":\"Mia\u0142 oszukiwa\u0107 &#8220;na wnuczka&#8221; i &#8220;na policjanta&#8221;. Podejrzany gliwiczanin&#8230; sam m\u00f3g\u0142by by\u0107 dziadkiem\",\"datePublished\":\"2019-01-21T15:07:19+00:00\",\"mainEntityOfPage\":{\"@id\":\"https:\\\/\\\/www.24gliwice.pl\\\/wiadomosci\\\/mial-oszukiwac-na-wnuczka-i-na-policjanta-podejrzany-gliwiczanin-sam-moglby-byc-dziadkiem\\\/\"},\"wordCount\":306,\"commentCount\":0,\"publisher\":{\"@id\":\"https:\\\/\\\/www.24gliwice.pl\\\/wiadomosci\\\/#organization\"},\"image\":{\"@id\":\"https:\\\/\\\/www.24gliwice.pl\\\/wiadomosci\\\/mial-oszukiwac-na-wnuczka-i-na-policjanta-podejrzany-gliwiczanin-sam-moglby-byc-dziadkiem\\\/#primaryimage\"},\"thumbnailUrl\":\"https:\\\/\\\/www.24gliwice.pl\\\/wiadomosci\\\/wp-content\\\/uploads\\\/2019\\\/01\\\/wnuczek-policjant2-e1548080323638.jpg\",\"keywords\":[\"KMP\",\"KMP GLIWICE\",\"OSZUSTWO\",\"OSZUSTWO NA POLICJANTA\",\"OSZUSTWO NA WNUCZKA\",\"PIENI\u0104DZE\",\"PODEJRZANY\",\"POLICJA\",\"telefon\",\"telefon stacjonarny\"],\"articleSection\":[\"Gliwice\",\"Najnowsze wiadomo\u015bci\",\"Prawo\"],\"inLanguage\":\"pl-PL\",\"potentialAction\":[{\"@type\":\"CommentAction\",\"name\":\"Comment\",\"target\":[\"https:\\\/\\\/www.24gliwice.pl\\\/wiadomosci\\\/mial-oszukiwac-na-wnuczka-i-na-policjanta-podejrzany-gliwiczanin-sam-moglby-byc-dziadkiem\\\/#respond\"]}]},{\"@type\":\"WebPage\",\"@id\":\"https:\\\/\\\/www.24gliwice.pl\\\/wiadomosci\\\/mial-oszukiwac-na-wnuczka-i-na-policjanta-podejrzany-gliwiczanin-sam-moglby-byc-dziadkiem\\\/\",\"url\":\"https:\\\/\\\/www.24gliwice.pl\\\/wiadomosci\\\/mial-oszukiwac-na-wnuczka-i-na-policjanta-podejrzany-gliwiczanin-sam-moglby-byc-dziadkiem\\\/\",\"name\":\"Mia\u0142 oszukiwa\u0107 \\\"na wnuczka\\\" i \\\"na policjanta\\\". Podejrzany gliwiczanin... sam m\u00f3g\u0142by by\u0107 dziadkiem - 24GLIWICE - Portal Gliwice | codziennie nowe informacje\",\"isPartOf\":{\"@id\":\"https:\\\/\\\/www.24gliwice.pl\\\/wiadomosci\\\/#website\"},\"primaryImageOfPage\":{\"@id\":\"https:\\\/\\\/www.24gliwice.pl\\\/wiadomosci\\\/mial-oszukiwac-na-wnuczka-i-na-policjanta-podejrzany-gliwiczanin-sam-moglby-byc-dziadkiem\\\/#primaryimage\"},\"image\":{\"@id\":\"https:\\\/\\\/www.24gliwice.pl\\\/wiadomosci\\\/mial-oszukiwac-na-wnuczka-i-na-policjanta-podejrzany-gliwiczanin-sam-moglby-byc-dziadkiem\\\/#primaryimage\"},\"thumbnailUrl\":\"https:\\\/\\\/www.24gliwice.pl\\\/wiadomosci\\\/wp-content\\\/uploads\\\/2019\\\/01\\\/wnuczek-policjant2-e1548080323638.jpg\",\"datePublished\":\"2019-01-21T15:07:19+00:00\",\"breadcrumb\":{\"@id\":\"https:\\\/\\\/www.24gliwice.pl\\\/wiadomosci\\\/mial-oszukiwac-na-wnuczka-i-na-policjanta-podejrzany-gliwiczanin-sam-moglby-byc-dziadkiem\\\/#breadcrumb\"},\"inLanguage\":\"pl-PL\",\"potentialAction\":[{\"@type\":\"ReadAction\",\"target\":[\"https:\\\/\\\/www.24gliwice.pl\\\/wiadomosci\\\/mial-oszukiwac-na-wnuczka-i-na-policjanta-podejrzany-gliwiczanin-sam-moglby-byc-dziadkiem\\\/\"]}]},{\"@type\":\"ImageObject\",\"inLanguage\":\"pl-PL\",\"@id\":\"https:\\\/\\\/www.24gliwice.pl\\\/wiadomosci\\\/mial-oszukiwac-na-wnuczka-i-na-policjanta-podejrzany-gliwiczanin-sam-moglby-byc-dziadkiem\\\/#primaryimage\",\"url\":\"https:\\\/\\\/www.24gliwice.pl\\\/wiadomosci\\\/wp-content\\\/uploads\\\/2019\\\/01\\\/wnuczek-policjant2-e1548080323638.jpg\",\"contentUrl\":\"https:\\\/\\\/www.24gliwice.pl\\\/wiadomosci\\\/wp-content\\\/uploads\\\/2019\\\/01\\\/wnuczek-policjant2-e1548080323638.jpg\",\"width\":810,\"height\":456},{\"@type\":\"BreadcrumbList\",\"@id\":\"https:\\\/\\\/www.24gliwice.pl\\\/wiadomosci\\\/mial-oszukiwac-na-wnuczka-i-na-policjanta-podejrzany-gliwiczanin-sam-moglby-byc-dziadkiem\\\/#breadcrumb\",\"itemListElement\":[{\"@type\":\"ListItem\",\"position\":1,\"name\":\"Strona g\u0142\u00f3wna\",\"item\":\"https:\\\/\\\/www.24gliwice.pl\\\/wiadomosci\\\/\"},{\"@type\":\"ListItem\",\"position\":2,\"name\":\"Mia\u0142 oszukiwa\u0107 &#8222;na wnuczka&#8221; i &#8222;na policjanta&#8221;. Podejrzany gliwiczanin&#8230; sam m\u00f3g\u0142by by\u0107 dziadkiem\"}]},{\"@type\":\"WebSite\",\"@id\":\"https:\\\/\\\/www.24gliwice.pl\\\/wiadomosci\\\/#website\",\"url\":\"https:\\\/\\\/www.24gliwice.pl\\\/wiadomosci\\\/\",\"name\":\"24GLIWICE - Portal Gliwice | codziennie nowe wiadomo\u015bci\",\"description\":\"Portal Miejski Gliwice\",\"publisher\":{\"@id\":\"https:\\\/\\\/www.24gliwice.pl\\\/wiadomosci\\\/#organization\"},\"potentialAction\":[{\"@type\":\"SearchAction\",\"target\":{\"@type\":\"EntryPoint\",\"urlTemplate\":\"https:\\\/\\\/www.24gliwice.pl\\\/wiadomosci\\\/?s={search_term_string}\"},\"query-input\":{\"@type\":\"PropertyValueSpecification\",\"valueRequired\":true,\"valueName\":\"search_term_string\"}}],\"inLanguage\":\"pl-PL\"},{\"@type\":\"Organization\",\"@id\":\"https:\\\/\\\/www.24gliwice.pl\\\/wiadomosci\\\/#organization\",\"name\":\"24gliwice\",\"url\":\"https:\\\/\\\/www.24gliwice.pl\\\/wiadomosci\\\/\",\"logo\":{\"@type\":\"ImageObject\",\"inLanguage\":\"pl-PL\",\"@id\":\"https:\\\/\\\/www.24gliwice.pl\\\/wiadomosci\\\/#\\\/schema\\\/logo\\\/image\\\/\",\"url\":\"https:\\\/\\\/www.24gliwice.pl\\\/wiadomosci\\\/wp-content\\\/uploads\\\/2024\\\/10\\\/24gliwice-logo-696.jpg\",\"contentUrl\":\"https:\\\/\\\/www.24gliwice.pl\\\/wiadomosci\\\/wp-content\\\/uploads\\\/2024\\\/10\\\/24gliwice-logo-696.jpg\",\"width\":696,\"height\":696,\"caption\":\"24gliwice\"},\"image\":{\"@id\":\"https:\\\/\\\/www.24gliwice.pl\\\/wiadomosci\\\/#\\\/schema\\\/logo\\\/image\\\/\"},\"sameAs\":[\"https:\\\/\\\/www.facebook.com\\\/24gliwice\",\"https:\\\/\\\/x.com\\\/24gliwice\",\"https:\\\/\\\/www.youtube.com\\\/@24gliwice\"]},{\"@type\":\"Person\",\"@id\":\"https:\\\/\\\/www.24gliwice.pl\\\/wiadomosci\\\/#\\\/schema\\\/person\\\/e42c650edd7f2fa332be3811fb166b6e\",\"name\":\"\u017baneta Mrozek-Siewierska\",\"image\":{\"@type\":\"ImageObject\",\"inLanguage\":\"pl-PL\",\"@id\":\"https:\\\/\\\/secure.gravatar.com\\\/avatar\\\/1881429e9c64597c77ad7aef2d0a19be69a3253e57534d16aa15bf3a4d34a0a3?s=96&d=mm&r=g\",\"url\":\"https:\\\/\\\/secure.gravatar.com\\\/avatar\\\/1881429e9c64597c77ad7aef2d0a19be69a3253e57534d16aa15bf3a4d34a0a3?s=96&d=mm&r=g\",\"contentUrl\":\"https:\\\/\\\/secure.gravatar.com\\\/avatar\\\/1881429e9c64597c77ad7aef2d0a19be69a3253e57534d16aa15bf3a4d34a0a3?s=96&d=mm&r=g\",\"caption\":\"\u017baneta Mrozek-Siewierska\"},\"url\":\"https:\\\/\\\/www.24gliwice.pl\\\/wiadomosci\\\/author\\\/zms\\\/\"}]}<\/script>\n<!-- \/ Yoast SEO plugin. -->","yoast_head_json":{"title":"Mia\u0142 oszukiwa\u0107 \"na wnuczka\" i \"na policjanta\". Podejrzany gliwiczanin... sam m\u00f3g\u0142by by\u0107 dziadkiem - 24GLIWICE - Portal Gliwice | codziennie nowe informacje","robots":{"index":"index","follow":"follow","max-snippet":"max-snippet:-1","max-image-preview":"max-image-preview:large","max-video-preview":"max-video-preview:-1"},"canonical":"https:\/\/www.24gliwice.pl\/wiadomosci\/mial-oszukiwac-na-wnuczka-i-na-policjanta-podejrzany-gliwiczanin-sam-moglby-byc-dziadkiem\/","og_locale":"pl_PL","og_type":"article","og_title":"Mia\u0142 oszukiwa\u0107 \"na wnuczka\" i \"na policjanta\". Podejrzany gliwiczanin... sam m\u00f3g\u0142by by\u0107 dziadkiem - 24GLIWICE - Portal Gliwice | codziennie nowe informacje","og_description":"S\u0105d Rejonowy tymczasowo aresztowa\u0142 72-letniego gliwiczanina podejrzanego o to, \u017ce w grudniu 2018 i styczniu 2019 roku, dzia\u0142aj\u0105c metod\u0105 na tzw. wnuczka, wprowadzi\u0142 w b\u0142\u0105d o\u015bmiu pokrzywdzonych, doprowadzaj\u0105c do straty pieni\u0119dzy oraz bi\u017cuterii. Zatrzymanie, a w konsekwencji aresztowanie, jest efektem intensywnych dzia\u0142a\u0144 operacyjnych gliwickiej policji. Sam moment uj\u0119cia by\u0142 dla \u201ewnuczka\u201d pe\u0142nym zaskoczeniem. [perfectpullquote align=&#8221;full&#8221; [&hellip;]","og_url":"https:\/\/www.24gliwice.pl\/wiadomosci\/mial-oszukiwac-na-wnuczka-i-na-policjanta-podejrzany-gliwiczanin-sam-moglby-byc-dziadkiem\/","og_site_name":"24GLIWICE - Portal Gliwice | codziennie nowe informacje","article_publisher":"https:\/\/www.facebook.com\/24gliwice","article_published_time":"2019-01-21T15:07:19+00:00","og_image":[{"width":810,"height":456,"url":"https:\/\/www.24gliwice.pl\/wiadomosci\/wp-content\/uploads\/2019\/01\/wnuczek-policjant2-e1548080323638.jpg","type":"image\/jpeg"}],"author":"\u017baneta Mrozek-Siewierska","twitter_card":"summary_large_image","twitter_creator":"@24gliwice","twitter_site":"@24gliwice","twitter_misc":{"Napisane przez":"\u017baneta Mrozek-Siewierska","Szacowany czas czytania":"1 minuta"},"schema":{"@context":"https:\/\/schema.org","@graph":[{"@type":"Article","@id":"https:\/\/www.24gliwice.pl\/wiadomosci\/mial-oszukiwac-na-wnuczka-i-na-policjanta-podejrzany-gliwiczanin-sam-moglby-byc-dziadkiem\/#article","isPartOf":{"@id":"https:\/\/www.24gliwice.pl\/wiadomosci\/mial-oszukiwac-na-wnuczka-i-na-policjanta-podejrzany-gliwiczanin-sam-moglby-byc-dziadkiem\/"},"author":{"name":"\u017baneta Mrozek-Siewierska","@id":"https:\/\/www.24gliwice.pl\/wiadomosci\/#\/schema\/person\/e42c650edd7f2fa332be3811fb166b6e"},"headline":"Mia\u0142 oszukiwa\u0107 &#8220;na wnuczka&#8221; i &#8220;na policjanta&#8221;. Podejrzany gliwiczanin&#8230; sam m\u00f3g\u0142by by\u0107 dziadkiem","datePublished":"2019-01-21T15:07:19+00:00","mainEntityOfPage":{"@id":"https:\/\/www.24gliwice.pl\/wiadomosci\/mial-oszukiwac-na-wnuczka-i-na-policjanta-podejrzany-gliwiczanin-sam-moglby-byc-dziadkiem\/"},"wordCount":306,"commentCount":0,"publisher":{"@id":"https:\/\/www.24gliwice.pl\/wiadomosci\/#organization"},"image":{"@id":"https:\/\/www.24gliwice.pl\/wiadomosci\/mial-oszukiwac-na-wnuczka-i-na-policjanta-podejrzany-gliwiczanin-sam-moglby-byc-dziadkiem\/#primaryimage"},"thumbnailUrl":"https:\/\/www.24gliwice.pl\/wiadomosci\/wp-content\/uploads\/2019\/01\/wnuczek-policjant2-e1548080323638.jpg","keywords":["KMP","KMP GLIWICE","OSZUSTWO","OSZUSTWO NA POLICJANTA","OSZUSTWO NA WNUCZKA","PIENI\u0104DZE","PODEJRZANY","POLICJA","telefon","telefon stacjonarny"],"articleSection":["Gliwice","Najnowsze wiadomo\u015bci","Prawo"],"inLanguage":"pl-PL","potentialAction":[{"@type":"CommentAction","name":"Comment","target":["https:\/\/www.24gliwice.pl\/wiadomosci\/mial-oszukiwac-na-wnuczka-i-na-policjanta-podejrzany-gliwiczanin-sam-moglby-byc-dziadkiem\/#respond"]}]},{"@type":"WebPage","@id":"https:\/\/www.24gliwice.pl\/wiadomosci\/mial-oszukiwac-na-wnuczka-i-na-policjanta-podejrzany-gliwiczanin-sam-moglby-byc-dziadkiem\/","url":"https:\/\/www.24gliwice.pl\/wiadomosci\/mial-oszukiwac-na-wnuczka-i-na-policjanta-podejrzany-gliwiczanin-sam-moglby-byc-dziadkiem\/","name":"Mia\u0142 oszukiwa\u0107 \"na wnuczka\" i \"na policjanta\". Podejrzany gliwiczanin... sam m\u00f3g\u0142by by\u0107 dziadkiem - 24GLIWICE - Portal Gliwice | codziennie nowe informacje","isPartOf":{"@id":"https:\/\/www.24gliwice.pl\/wiadomosci\/#website"},"primaryImageOfPage":{"@id":"https:\/\/www.24gliwice.pl\/wiadomosci\/mial-oszukiwac-na-wnuczka-i-na-policjanta-podejrzany-gliwiczanin-sam-moglby-byc-dziadkiem\/#primaryimage"},"image":{"@id":"https:\/\/www.24gliwice.pl\/wiadomosci\/mial-oszukiwac-na-wnuczka-i-na-policjanta-podejrzany-gliwiczanin-sam-moglby-byc-dziadkiem\/#primaryimage"},"thumbnailUrl":"https:\/\/www.24gliwice.pl\/wiadomosci\/wp-content\/uploads\/2019\/01\/wnuczek-policjant2-e1548080323638.jpg","datePublished":"2019-01-21T15:07:19+00:00","breadcrumb":{"@id":"https:\/\/www.24gliwice.pl\/wiadomosci\/mial-oszukiwac-na-wnuczka-i-na-policjanta-podejrzany-gliwiczanin-sam-moglby-byc-dziadkiem\/#breadcrumb"},"inLanguage":"pl-PL","potentialAction":[{"@type":"ReadAction","target":["https:\/\/www.24gliwice.pl\/wiadomosci\/mial-oszukiwac-na-wnuczka-i-na-policjanta-podejrzany-gliwiczanin-sam-moglby-byc-dziadkiem\/"]}]},{"@type":"ImageObject","inLanguage":"pl-PL","@id":"https:\/\/www.24gliwice.pl\/wiadomosci\/mial-oszukiwac-na-wnuczka-i-na-policjanta-podejrzany-gliwiczanin-sam-moglby-byc-dziadkiem\/#primaryimage","url":"https:\/\/www.24gliwice.pl\/wiadomosci\/wp-content\/uploads\/2019\/01\/wnuczek-policjant2-e1548080323638.jpg","contentUrl":"https:\/\/www.24gliwice.pl\/wiadomosci\/wp-content\/uploads\/2019\/01\/wnuczek-policjant2-e1548080323638.jpg","width":810,"height":456},{"@type":"BreadcrumbList","@id":"https:\/\/www.24gliwice.pl\/wiadomosci\/mial-oszukiwac-na-wnuczka-i-na-policjanta-podejrzany-gliwiczanin-sam-moglby-byc-dziadkiem\/#breadcrumb","itemListElement":[{"@type":"ListItem","position":1,"name":"Strona g\u0142\u00f3wna","item":"https:\/\/www.24gliwice.pl\/wiadomosci\/"},{"@type":"ListItem","position":2,"name":"Mia\u0142 oszukiwa\u0107 &#8222;na wnuczka&#8221; i &#8222;na policjanta&#8221;. Podejrzany gliwiczanin&#8230; sam m\u00f3g\u0142by by\u0107 dziadkiem"}]},{"@type":"WebSite","@id":"https:\/\/www.24gliwice.pl\/wiadomosci\/#website","url":"https:\/\/www.24gliwice.pl\/wiadomosci\/","name":"24GLIWICE - Portal Gliwice | codziennie nowe wiadomo\u015bci","description":"Portal Miejski Gliwice","publisher":{"@id":"https:\/\/www.24gliwice.pl\/wiadomosci\/#organization"},"potentialAction":[{"@type":"SearchAction","target":{"@type":"EntryPoint","urlTemplate":"https:\/\/www.24gliwice.pl\/wiadomosci\/?s={search_term_string}"},"query-input":{"@type":"PropertyValueSpecification","valueRequired":true,"valueName":"search_term_string"}}],"inLanguage":"pl-PL"},{"@type":"Organization","@id":"https:\/\/www.24gliwice.pl\/wiadomosci\/#organization","name":"24gliwice","url":"https:\/\/www.24gliwice.pl\/wiadomosci\/","logo":{"@type":"ImageObject","inLanguage":"pl-PL","@id":"https:\/\/www.24gliwice.pl\/wiadomosci\/#\/schema\/logo\/image\/","url":"https:\/\/www.24gliwice.pl\/wiadomosci\/wp-content\/uploads\/2024\/10\/24gliwice-logo-696.jpg","contentUrl":"https:\/\/www.24gliwice.pl\/wiadomosci\/wp-content\/uploads\/2024\/10\/24gliwice-logo-696.jpg","width":696,"height":696,"caption":"24gliwice"},"image":{"@id":"https:\/\/www.24gliwice.pl\/wiadomosci\/#\/schema\/logo\/image\/"},"sameAs":["https:\/\/www.facebook.com\/24gliwice","https:\/\/x.com\/24gliwice","https:\/\/www.youtube.com\/@24gliwice"]},{"@type":"Person","@id":"https:\/\/www.24gliwice.pl\/wiadomosci\/#\/schema\/person\/e42c650edd7f2fa332be3811fb166b6e","name":"\u017baneta Mrozek-Siewierska","image":{"@type":"ImageObject","inLanguage":"pl-PL","@id":"https:\/\/secure.gravatar.com\/avatar\/1881429e9c64597c77ad7aef2d0a19be69a3253e57534d16aa15bf3a4d34a0a3?s=96&d=mm&r=g","url":"https:\/\/secure.gravatar.com\/avatar\/1881429e9c64597c77ad7aef2d0a19be69a3253e57534d16aa15bf3a4d34a0a3?s=96&d=mm&r=g","contentUrl":"https:\/\/secure.gravatar.com\/avatar\/1881429e9c64597c77ad7aef2d0a19be69a3253e57534d16aa15bf3a4d34a0a3?s=96&d=mm&r=g","caption":"\u017baneta Mrozek-Siewierska"},"url":"https:\/\/www.24gliwice.pl\/wiadomosci\/author\/zms\/"}]}},"_links":{"self":[{"href":"https:\/\/www.24gliwice.pl\/wiadomosci\/wp-json\/wp\/v2\/posts\/129006","targetHints":{"allow":["GET"]}}],"collection":[{"href":"https:\/\/www.24gliwice.pl\/wiadomosci\/wp-json\/wp\/v2\/posts"}],"about":[{"href":"https:\/\/www.24gliwice.pl\/wiadomosci\/wp-json\/wp\/v2\/types\/post"}],"author":[{"embeddable":true,"href":"https:\/\/www.24gliwice.pl\/wiadomosci\/wp-json\/wp\/v2\/users\/15"}],"replies":[{"embeddable":true,"href":"https:\/\/www.24gliwice.pl\/wiadomosci\/wp-json\/wp\/v2\/comments?post=129006"}],"version-history":[{"count":0,"href":"https:\/\/www.24gliwice.pl\/wiadomosci\/wp-json\/wp\/v2\/posts\/129006\/revisions"}],"wp:featuredmedia":[{"embeddable":true,"href":"https:\/\/www.24gliwice.pl\/wiadomosci\/wp-json\/wp\/v2\/media\/129037"}],"wp:attachment":[{"href":"https:\/\/www.24gliwice.pl\/wiadomosci\/wp-json\/wp\/v2\/media?parent=129006"}],"wp:term":[{"taxonomy":"category","embeddable":true,"href":"https:\/\/www.24gliwice.pl\/wiadomosci\/wp-json\/wp\/v2\/categories?post=129006"},{"taxonomy":"post_tag","embeddable":true,"href":"https:\/\/www.24gliwice.pl\/wiadomosci\/wp-json\/wp\/v2\/tags?post=129006"}],"curies":[{"name":"wp","href":"https:\/\/api.w.org\/{rel}","templated":true}]}}