{"id":129172,"date":"2019-01-24T05:13:55","date_gmt":"2019-01-24T04:13:55","guid":{"rendered":"https:\/\/www.24gliwice.pl\/wiadomosci\/?p=129172"},"modified":"2019-01-24T09:59:53","modified_gmt":"2019-01-24T08:59:53","slug":"gliwice-zwloki-w-walizce-final-sprawy","status":"publish","type":"post","link":"https:\/\/www.24gliwice.pl\/wiadomosci\/gliwice-zwloki-w-walizce-final-sprawy\/","title":{"rendered":"Fina\u0142 sprawy morderstwa sprzed blisko 3 lat. Wyrok skazuj\u0105cy zapad\u0142, winny nie poniesie jednak kary"},"content":{"rendered":"<div class=\"gliwi-a6-nad-leadem-artykulow gliwi-entity-placement\" id=\"gliwi-564098195\"><div class=\"gliwi-adlabel\"><span style=\"font-size: 9px\">REKLAMA<\/span><\/div><div id=\"gliwi-63574139\" style=\"margin-bottom: 30px;margin-left: auto;margin-right: auto;text-align: center;\"><a data-no-instant=\"1\" href=\"https:\/\/przedszkole.halogen.org.pl\/\" rel=\"noopener\" class=\"a2t-link\" target=\"_blank\" aria-label=\"20260402-ANIMATOR-przedszkole_grafika_750x200\"><img loading=\"lazy\" decoding=\"async\" src=\"https:\/\/www.24gliwice.pl\/wiadomosci\/wp-content\/uploads\/2026\/04\/20260402-ANIMATOR-przedszkole_grafika_750x200.webp\" alt=\"\"  srcset=\"https:\/\/www.24gliwice.pl\/wiadomosci\/wp-content\/uploads\/2026\/04\/20260402-ANIMATOR-przedszkole_grafika_750x200.webp 750w, https:\/\/www.24gliwice.pl\/wiadomosci\/wp-content\/uploads\/2026\/04\/20260402-ANIMATOR-przedszkole_grafika_750x200-410x109.webp 410w\" sizes=\"(max-width: 750px) 100vw, 750px\" class=\"no-lazyload\" width=\"750\" height=\"200\"  style=\"display: inline-block; max-width: 100%; height: auto;\" \/><\/a><\/div><\/div><h3>Zapad\u0142 wyrok w g\u0142o\u015bnym procesie o zab\u00f3jstwo &#8211; w kwietniu 2016 roku przy ulicy Wybrze\u017ce Armii Krajowej, z nurtu K\u0142odnicy wyci\u0105gni\u0119to walizk\u0119 z makabryczn\u0105 zawarto\u015bci\u0105. Znajdowa\u0142 si\u0119 w niej martwy starszy m\u0119\u017cczyzna, do kt\u00f3rego \u015bmierci mia\u0142 przyczyni\u0107 si\u0119 wsp\u00f3\u0142lokator.<\/h3>\n<p>Jerzy R., oskar\u017cony o zab\u00f3jstwo Helmuta K. (art. 148 \u00a7 1 k.k.), zosta\u0142 w grudniu ubieg\u0142ego roku prawomocnie skazany przez S\u0105d Apelacyjny na 16 lat wi\u0119zienia. Wcze\u015bniej s\u0105d pierwszej instancji wymierzy\u0142 mu kar\u0119 25 lat, jednak wyrok ten ostatecznie obni\u017cono.<\/p>\n<p>Obwiniony nie przyznawa\u0142 si\u0119 do stawianych mu zarzut\u00f3w zn\u0119cania nad zamordowanym m\u0119\u017cczyzn\u0105 oraz doprowadzenia do jego \u015bmierci, do kt\u00f3rej dosz\u0142o w wyniku gwa\u0142townego uduszenia. W z\u0142o\u017conych zeznaniach potwierdza\u0142 jedynie sw\u00f3j udzia\u0142 w zbezczeszczeniu zw\u0142ok denata. Dochodzenie oraz procesy w s\u0105dach obu instancji trwa\u0142y \u0142\u0105cznie ponad 2,5 roku. <\/p><div class=\"gliwi-a3-w-tresci-artykulow gliwi-entity-placement\" id=\"gliwi-2243431356\"><div class=\"gliwi-adlabel\"><span style=\"font-size: 9px\">REKLAMA<\/span><\/div><div id=\"gliwi-1050231394\" style=\"margin-bottom: 30px;margin-left: auto;margin-right: auto;text-align: center;\"><a data-no-instant=\"1\" href=\"https:\/\/ogrodyandersa.pl\/\" rel=\"noopener\" class=\"a2t-link\" target=\"_blank\" aria-label=\"20260415 Ogrody Andersa KUP TERAZ D\"><img loading=\"lazy\" decoding=\"async\" src=\"https:\/\/www.24gliwice.pl\/wiadomosci\/wp-content\/uploads\/2026\/04\/20260415-Ogrody-Andersa-KUP-TERAZ-D.jpg\" alt=\"\"  srcset=\"https:\/\/www.24gliwice.pl\/wiadomosci\/wp-content\/uploads\/2026\/04\/20260415-Ogrody-Andersa-KUP-TERAZ-D.jpg 750w, https:\/\/www.24gliwice.pl\/wiadomosci\/wp-content\/uploads\/2026\/04\/20260415-Ogrody-Andersa-KUP-TERAZ-D-410x109.jpg 410w\" sizes=\"(max-width: 750px) 100vw, 750px\" class=\"no-lazyload\" width=\"750\" height=\"200\"  style=\"display: inline-block; max-width: 100%; height: auto;\" \/><\/a><\/div><\/div>\n<p>Chocia\u017c wyrok skazuj\u0105cy zapad\u0142, Jerzy R. nie odb\u0119dzie zas\u0105dzonej mu kary. Jeszcze w trakcie procesu m\u00f3wiono o jego ci\u0119\u017ckiej chorobie, na pocz\u0105tku 2019 roku zmar\u0142.<\/p>\n<h4>Makabryczne odkrycie w K\u0142odnicy<\/h4>\n<p>Przypomnijmy. <a href=\"https:\/\/www.24gliwice.pl\/wiadomosci\/cialo-plywalo-w-walizce-i-bylo-niekompletne-z-klodnicy-wylowiono-zwloki\/\" rel=\"noopener\" target=\"_blank\">W kwietniu 2016 roku przy ulicy Armii Krajowej w K\u0142odnicy zauwa\u017cono unosz\u0105c\u0105 si\u0119 walizk\u0119.<\/a> Po wy\u0142owieniu i otwarciu okaza\u0142o si\u0119, \u017ce wewn\u0105trz znajduje si\u0119 cia\u0142o starszego m\u0119\u017cczyzny.<\/p>\n[perfectpullquote align=&#8221;full&#8221; bordertop=&#8221;false&#8221; cite=&#8221;&#8221; link=&#8221;&#8221; color=&#8221;&#8221; class=&#8221;&#8221; size=&#8221;&#8221;]Denat by\u0142 skrajnie wychudzony i zaniedbany, nosi\u0142 te\u017c \u015blady pobicia.[\/perfectpullquote]\n<p>Jak ustalono w toku \u015bledztwa, zamordowanym by\u0142 77-letni Helmut K., kt\u00f3ry mieszka\u0142 od pewnego czasu z m\u0142odszym od siebie znajomym, Jerzym R., w kamienicy przy ulicy Marzanki. Starszy m\u0119\u017cczyzna ze wzgl\u0119du na sw\u00f3j wiek i stan zdrowia by\u0142 osob\u0105 nieporadn\u0105, dlatego mia\u0142 korzysta\u0107 z pomocy tego drugiego.<\/p>\n[perfectpullquote align=&#8221;full&#8221; bordertop=&#8221;false&#8221; cite=&#8221;&#8221; link=&#8221;&#8221; color=&#8221;&#8221; class=&#8221;&#8221; size=&#8221;&#8221;]Opr\u00f3cz tego Helmut K. by\u0142 od oko\u0142o roku przed \u015bmierci\u0105 maltretowany fizycznie.[\/perfectpullquote]\n<p>Okaza\u0142o si\u0119 jednak, \u017ce wsp\u00f3\u0142lokator nie przygotowywa\u0142 pokrzywdzonemu posi\u0142k\u00f3w, ani go nie karmi\u0142. Niew\u0142a\u015bciwa opieka spowodowa\u0142a u Helmuta K. skrajne wychudzenie i wyniszczenie organizmu z zanikami narz\u0105d\u00f3w wewn\u0119trznych oraz mi\u0119\u015bni szkieletowych, a tak\u017ce przewlek\u0142e zmiany chorobowe narz\u0105d\u00f3w.<\/p>\n<p>Policyjne dochodzenie prowadzone w tej sprawie, doprowadzi\u0142o do zatrzymania Jerzego R. i postawienia mu zarzutu o zamordowanie starszego m\u0119\u017cczyzny.<\/p>\n<p><iframe loading=\"lazy\" width=\"810\" height=\"455\" src=\"https:\/\/www.youtube.com\/embed\/6KBXZSj4Qlo\" frameborder=\"0\" allow=\"accelerometer; autoplay; encrypted-media; gyroscope; picture-in-picture\" allowfullscreen><\/iframe><\/p>\n<div class=\"gliwi-a5-na-koncu-artykulow gliwi-entity-placement\" id=\"gliwi-33892021\"><div class=\"gliwi-adlabel\"><span style=\"font-size: 9px\">REKLAMA<\/span><\/div><div id=\"gliwi-1949890799\" style=\"margin-left: auto;margin-right: auto;text-align: center;\"><a data-no-instant=\"1\" href=\"https:\/\/www.jasek.pl\/\" rel=\"noopener\" class=\"a2t-link\" target=\"_blank\" aria-label=\"20200401-jasek 600\"><img loading=\"lazy\" decoding=\"async\" src=\"https:\/\/www.24gliwice.pl\/wiadomosci\/wp-content\/uploads\/2020\/04\/20200401-jasek-600.jpg\" alt=\"\"  srcset=\"https:\/\/www.24gliwice.pl\/wiadomosci\/wp-content\/uploads\/2020\/04\/20200401-jasek-600.jpg 600w, https:\/\/www.24gliwice.pl\/wiadomosci\/wp-content\/uploads\/2020\/04\/20200401-jasek-600-410x109.jpg 410w\" sizes=\"(max-width: 600px) 100vw, 600px\" class=\"no-lazyload\" width=\"600\" height=\"160\"  style=\"display: inline-block; max-width: 100%; height: auto;\" \/><\/a><\/div><\/div>","protected":false},"excerpt":{"rendered":"<p>Zapad\u0142 wyrok w g\u0142o\u015bnym procesie o zab\u00f3jstwo &#8211; w kwietniu 2016 roku przy ulicy Wybrze\u017ce Armii Krajowej, z nurtu K\u0142odnicy wyci\u0105gni\u0119to walizk\u0119 z makabryczn\u0105 zawarto\u015bci\u0105. Znajdowa\u0142 si\u0119 w niej martwy starszy m\u0119\u017cczyzna, do kt\u00f3rego \u015bmierci mia\u0142 przyczyni\u0107 si\u0119 wsp\u00f3\u0142lokator. Jerzy R., oskar\u017cony o zab\u00f3jstwo Helmuta K. (art. 148 \u00a7 1 k.k.), zosta\u0142 w grudniu ubieg\u0142ego [&hellip;]<\/p>\n","protected":false},"author":15,"featured_media":82084,"comment_status":"open","ping_status":"closed","sticky":false,"template":"","format":"standard","meta":{"_monsterinsights_skip_tracking":false,"_monsterinsights_sitenote_active":false,"_monsterinsights_sitenote_note":"","_monsterinsights_sitenote_category":0,"footnotes":"","_links_to":"","_links_to_target":""},"categories":[3,1,5],"tags":[8867,5343,14481,5994,733,8782,8727,112,8724,8687,8564,14482,9550,8866,7240,12185],"class_list":["post-129172","post","type-post","status-publish","format-standard","has-post-thumbnail","hentry","category-gliwice","category-wszystko","category-kryminalki","tag-dochodzenie","tag-klodnica","tag-morderca","tag-morderstwo","tag-policja","tag-proces","tag-prokuratura","tag-sad","tag-trup-w-walizce","tag-wybrzeze-armii-krajowej","tag-wyrok","tag-zabojca","tag-zabojstwo","tag-zwloki","tag-zwloki-w-klodnicy","tag-zwloki-w-walizce"],"yoast_head":"<!-- This site is optimized with the Yoast SEO plugin v27.5 - https:\/\/yoast.com\/product\/yoast-seo-wordpress\/ -->\n<title>Fina\u0142 sprawy morderstwa sprzed blisko 3 lat. Wyrok skazuj\u0105cy zapad\u0142, winny nie poniesie jednak kary - 24GLIWICE - Portal Gliwice | codziennie nowe informacje<\/title>\n<meta name=\"robots\" content=\"index, follow, max-snippet:-1, max-image-preview:large, max-video-preview:-1\" \/>\n<link rel=\"canonical\" href=\"https:\/\/www.24gliwice.pl\/wiadomosci\/gliwice-zwloki-w-walizce-final-sprawy\/\" \/>\n<meta property=\"og:locale\" content=\"pl_PL\" \/>\n<meta property=\"og:type\" content=\"article\" \/>\n<meta property=\"og:title\" content=\"Fina\u0142 sprawy morderstwa sprzed blisko 3 lat. Wyrok skazuj\u0105cy zapad\u0142, winny nie poniesie jednak kary - 24GLIWICE - Portal Gliwice | codziennie nowe informacje\" \/>\n<meta property=\"og:description\" content=\"Zapad\u0142 wyrok w g\u0142o\u015bnym procesie o zab\u00f3jstwo &#8211; w kwietniu 2016 roku przy ulicy Wybrze\u017ce Armii Krajowej, z nurtu K\u0142odnicy wyci\u0105gni\u0119to walizk\u0119 z makabryczn\u0105 zawarto\u015bci\u0105. Znajdowa\u0142 si\u0119 w niej martwy starszy m\u0119\u017cczyzna, do kt\u00f3rego \u015bmierci mia\u0142 przyczyni\u0107 si\u0119 wsp\u00f3\u0142lokator. Jerzy R., oskar\u017cony o zab\u00f3jstwo Helmuta K. (art. 148 \u00a7 1 k.k.), zosta\u0142 w grudniu ubieg\u0142ego [&hellip;]\" \/>\n<meta property=\"og:url\" content=\"https:\/\/www.24gliwice.pl\/wiadomosci\/gliwice-zwloki-w-walizce-final-sprawy\/\" \/>\n<meta property=\"og:site_name\" content=\"24GLIWICE - Portal Gliwice | codziennie nowe informacje\" \/>\n<meta property=\"article:publisher\" content=\"https:\/\/www.facebook.com\/24gliwice\" \/>\n<meta property=\"article:published_time\" content=\"2019-01-24T04:13:55+00:00\" \/>\n<meta property=\"article:modified_time\" content=\"2019-01-24T08:59:53+00:00\" \/>\n<meta property=\"og:image\" content=\"https:\/\/www.24gliwice.pl\/wiadomosci\/wp-content\/uploads\/2016\/04\/sprawa-zwlok-w-walizce-przeprowa-e1488460940323.jpg\" \/>\n\t<meta property=\"og:image:width\" content=\"480\" \/>\n\t<meta property=\"og:image:height\" content=\"270\" \/>\n\t<meta property=\"og:image:type\" content=\"image\/jpeg\" \/>\n<meta name=\"author\" content=\"\u017baneta Mrozek-Siewierska\" \/>\n<meta name=\"twitter:card\" content=\"summary_large_image\" \/>\n<meta name=\"twitter:creator\" content=\"@24gliwice\" \/>\n<meta name=\"twitter:site\" content=\"@24gliwice\" \/>\n<meta name=\"twitter:label1\" content=\"Napisane przez\" \/>\n\t<meta name=\"twitter:data1\" content=\"\u017baneta Mrozek-Siewierska\" \/>\n\t<meta name=\"twitter:label2\" content=\"Szacowany czas czytania\" \/>\n\t<meta name=\"twitter:data2\" content=\"2 minuty\" \/>\n<script type=\"application\/ld+json\" class=\"yoast-schema-graph\">{\"@context\":\"https:\\\/\\\/schema.org\",\"@graph\":[{\"@type\":\"Article\",\"@id\":\"https:\\\/\\\/www.24gliwice.pl\\\/wiadomosci\\\/gliwice-zwloki-w-walizce-final-sprawy\\\/#article\",\"isPartOf\":{\"@id\":\"https:\\\/\\\/www.24gliwice.pl\\\/wiadomosci\\\/gliwice-zwloki-w-walizce-final-sprawy\\\/\"},\"author\":{\"name\":\"\u017baneta Mrozek-Siewierska\",\"@id\":\"https:\\\/\\\/www.24gliwice.pl\\\/wiadomosci\\\/#\\\/schema\\\/person\\\/e42c650edd7f2fa332be3811fb166b6e\"},\"headline\":\"Fina\u0142 sprawy morderstwa sprzed blisko 3 lat. Wyrok skazuj\u0105cy zapad\u0142, winny nie poniesie jednak kary\",\"datePublished\":\"2019-01-24T04:13:55+00:00\",\"dateModified\":\"2019-01-24T08:59:53+00:00\",\"mainEntityOfPage\":{\"@id\":\"https:\\\/\\\/www.24gliwice.pl\\\/wiadomosci\\\/gliwice-zwloki-w-walizce-final-sprawy\\\/\"},\"wordCount\":407,\"commentCount\":0,\"publisher\":{\"@id\":\"https:\\\/\\\/www.24gliwice.pl\\\/wiadomosci\\\/#organization\"},\"image\":{\"@id\":\"https:\\\/\\\/www.24gliwice.pl\\\/wiadomosci\\\/gliwice-zwloki-w-walizce-final-sprawy\\\/#primaryimage\"},\"thumbnailUrl\":\"https:\\\/\\\/www.24gliwice.pl\\\/wiadomosci\\\/wp-content\\\/uploads\\\/2016\\\/04\\\/sprawa-zwlok-w-walizce-przeprowa-e1488460940323.jpg\",\"keywords\":[\"dochodzenie\",\"K\u0141ODNICA\",\"morderca\",\"morderstwo\",\"POLICJA\",\"proces\",\"PROKURATURA\",\"S\u0104D\",\"trup w walizce\",\"wybrze\u017ce armii krajowej\",\"wyrok\",\"zab\u00f3jca\",\"ZAB\u00d3JSTWO\",\"zw\u0142oki\",\"zw\u0142oki w k\u0142odnicy\",\"zw\u0142oki w walizce\"],\"articleSection\":[\"Gliwice\",\"Najnowsze wiadomo\u015bci\",\"Prawo\"],\"inLanguage\":\"pl-PL\",\"potentialAction\":[{\"@type\":\"CommentAction\",\"name\":\"Comment\",\"target\":[\"https:\\\/\\\/www.24gliwice.pl\\\/wiadomosci\\\/gliwice-zwloki-w-walizce-final-sprawy\\\/#respond\"]}]},{\"@type\":\"WebPage\",\"@id\":\"https:\\\/\\\/www.24gliwice.pl\\\/wiadomosci\\\/gliwice-zwloki-w-walizce-final-sprawy\\\/\",\"url\":\"https:\\\/\\\/www.24gliwice.pl\\\/wiadomosci\\\/gliwice-zwloki-w-walizce-final-sprawy\\\/\",\"name\":\"Fina\u0142 sprawy morderstwa sprzed blisko 3 lat. Wyrok skazuj\u0105cy zapad\u0142, winny nie poniesie jednak kary - 24GLIWICE - Portal Gliwice | codziennie nowe informacje\",\"isPartOf\":{\"@id\":\"https:\\\/\\\/www.24gliwice.pl\\\/wiadomosci\\\/#website\"},\"primaryImageOfPage\":{\"@id\":\"https:\\\/\\\/www.24gliwice.pl\\\/wiadomosci\\\/gliwice-zwloki-w-walizce-final-sprawy\\\/#primaryimage\"},\"image\":{\"@id\":\"https:\\\/\\\/www.24gliwice.pl\\\/wiadomosci\\\/gliwice-zwloki-w-walizce-final-sprawy\\\/#primaryimage\"},\"thumbnailUrl\":\"https:\\\/\\\/www.24gliwice.pl\\\/wiadomosci\\\/wp-content\\\/uploads\\\/2016\\\/04\\\/sprawa-zwlok-w-walizce-przeprowa-e1488460940323.jpg\",\"datePublished\":\"2019-01-24T04:13:55+00:00\",\"dateModified\":\"2019-01-24T08:59:53+00:00\",\"breadcrumb\":{\"@id\":\"https:\\\/\\\/www.24gliwice.pl\\\/wiadomosci\\\/gliwice-zwloki-w-walizce-final-sprawy\\\/#breadcrumb\"},\"inLanguage\":\"pl-PL\",\"potentialAction\":[{\"@type\":\"ReadAction\",\"target\":[\"https:\\\/\\\/www.24gliwice.pl\\\/wiadomosci\\\/gliwice-zwloki-w-walizce-final-sprawy\\\/\"]}]},{\"@type\":\"ImageObject\",\"inLanguage\":\"pl-PL\",\"@id\":\"https:\\\/\\\/www.24gliwice.pl\\\/wiadomosci\\\/gliwice-zwloki-w-walizce-final-sprawy\\\/#primaryimage\",\"url\":\"https:\\\/\\\/www.24gliwice.pl\\\/wiadomosci\\\/wp-content\\\/uploads\\\/2016\\\/04\\\/sprawa-zwlok-w-walizce-przeprowa-e1488460940323.jpg\",\"contentUrl\":\"https:\\\/\\\/www.24gliwice.pl\\\/wiadomosci\\\/wp-content\\\/uploads\\\/2016\\\/04\\\/sprawa-zwlok-w-walizce-przeprowa-e1488460940323.jpg\",\"width\":480,\"height\":270},{\"@type\":\"BreadcrumbList\",\"@id\":\"https:\\\/\\\/www.24gliwice.pl\\\/wiadomosci\\\/gliwice-zwloki-w-walizce-final-sprawy\\\/#breadcrumb\",\"itemListElement\":[{\"@type\":\"ListItem\",\"position\":1,\"name\":\"Strona g\u0142\u00f3wna\",\"item\":\"https:\\\/\\\/www.24gliwice.pl\\\/wiadomosci\\\/\"},{\"@type\":\"ListItem\",\"position\":2,\"name\":\"Fina\u0142 sprawy morderstwa sprzed blisko 3 lat. Wyrok skazuj\u0105cy zapad\u0142, winny nie poniesie jednak kary\"}]},{\"@type\":\"WebSite\",\"@id\":\"https:\\\/\\\/www.24gliwice.pl\\\/wiadomosci\\\/#website\",\"url\":\"https:\\\/\\\/www.24gliwice.pl\\\/wiadomosci\\\/\",\"name\":\"24GLIWICE - Portal Gliwice | codziennie nowe wiadomo\u015bci\",\"description\":\"Portal Miejski Gliwice\",\"publisher\":{\"@id\":\"https:\\\/\\\/www.24gliwice.pl\\\/wiadomosci\\\/#organization\"},\"potentialAction\":[{\"@type\":\"SearchAction\",\"target\":{\"@type\":\"EntryPoint\",\"urlTemplate\":\"https:\\\/\\\/www.24gliwice.pl\\\/wiadomosci\\\/?s={search_term_string}\"},\"query-input\":{\"@type\":\"PropertyValueSpecification\",\"valueRequired\":true,\"valueName\":\"search_term_string\"}}],\"inLanguage\":\"pl-PL\"},{\"@type\":\"Organization\",\"@id\":\"https:\\\/\\\/www.24gliwice.pl\\\/wiadomosci\\\/#organization\",\"name\":\"24gliwice\",\"url\":\"https:\\\/\\\/www.24gliwice.pl\\\/wiadomosci\\\/\",\"logo\":{\"@type\":\"ImageObject\",\"inLanguage\":\"pl-PL\",\"@id\":\"https:\\\/\\\/www.24gliwice.pl\\\/wiadomosci\\\/#\\\/schema\\\/logo\\\/image\\\/\",\"url\":\"https:\\\/\\\/www.24gliwice.pl\\\/wiadomosci\\\/wp-content\\\/uploads\\\/2024\\\/10\\\/24gliwice-logo-696.jpg\",\"contentUrl\":\"https:\\\/\\\/www.24gliwice.pl\\\/wiadomosci\\\/wp-content\\\/uploads\\\/2024\\\/10\\\/24gliwice-logo-696.jpg\",\"width\":696,\"height\":696,\"caption\":\"24gliwice\"},\"image\":{\"@id\":\"https:\\\/\\\/www.24gliwice.pl\\\/wiadomosci\\\/#\\\/schema\\\/logo\\\/image\\\/\"},\"sameAs\":[\"https:\\\/\\\/www.facebook.com\\\/24gliwice\",\"https:\\\/\\\/x.com\\\/24gliwice\",\"https:\\\/\\\/www.youtube.com\\\/@24gliwice\"]},{\"@type\":\"Person\",\"@id\":\"https:\\\/\\\/www.24gliwice.pl\\\/wiadomosci\\\/#\\\/schema\\\/person\\\/e42c650edd7f2fa332be3811fb166b6e\",\"name\":\"\u017baneta Mrozek-Siewierska\",\"image\":{\"@type\":\"ImageObject\",\"inLanguage\":\"pl-PL\",\"@id\":\"https:\\\/\\\/secure.gravatar.com\\\/avatar\\\/1881429e9c64597c77ad7aef2d0a19be69a3253e57534d16aa15bf3a4d34a0a3?s=96&d=mm&r=g\",\"url\":\"https:\\\/\\\/secure.gravatar.com\\\/avatar\\\/1881429e9c64597c77ad7aef2d0a19be69a3253e57534d16aa15bf3a4d34a0a3?s=96&d=mm&r=g\",\"contentUrl\":\"https:\\\/\\\/secure.gravatar.com\\\/avatar\\\/1881429e9c64597c77ad7aef2d0a19be69a3253e57534d16aa15bf3a4d34a0a3?s=96&d=mm&r=g\",\"caption\":\"\u017baneta Mrozek-Siewierska\"},\"url\":\"https:\\\/\\\/www.24gliwice.pl\\\/wiadomosci\\\/author\\\/zms\\\/\"}]}<\/script>\n<!-- \/ Yoast SEO plugin. -->","yoast_head_json":{"title":"Fina\u0142 sprawy morderstwa sprzed blisko 3 lat. Wyrok skazuj\u0105cy zapad\u0142, winny nie poniesie jednak kary - 24GLIWICE - Portal Gliwice | codziennie nowe informacje","robots":{"index":"index","follow":"follow","max-snippet":"max-snippet:-1","max-image-preview":"max-image-preview:large","max-video-preview":"max-video-preview:-1"},"canonical":"https:\/\/www.24gliwice.pl\/wiadomosci\/gliwice-zwloki-w-walizce-final-sprawy\/","og_locale":"pl_PL","og_type":"article","og_title":"Fina\u0142 sprawy morderstwa sprzed blisko 3 lat. Wyrok skazuj\u0105cy zapad\u0142, winny nie poniesie jednak kary - 24GLIWICE - Portal Gliwice | codziennie nowe informacje","og_description":"Zapad\u0142 wyrok w g\u0142o\u015bnym procesie o zab\u00f3jstwo &#8211; w kwietniu 2016 roku przy ulicy Wybrze\u017ce Armii Krajowej, z nurtu K\u0142odnicy wyci\u0105gni\u0119to walizk\u0119 z makabryczn\u0105 zawarto\u015bci\u0105. Znajdowa\u0142 si\u0119 w niej martwy starszy m\u0119\u017cczyzna, do kt\u00f3rego \u015bmierci mia\u0142 przyczyni\u0107 si\u0119 wsp\u00f3\u0142lokator. Jerzy R., oskar\u017cony o zab\u00f3jstwo Helmuta K. (art. 148 \u00a7 1 k.k.), zosta\u0142 w grudniu ubieg\u0142ego [&hellip;]","og_url":"https:\/\/www.24gliwice.pl\/wiadomosci\/gliwice-zwloki-w-walizce-final-sprawy\/","og_site_name":"24GLIWICE - Portal Gliwice | codziennie nowe informacje","article_publisher":"https:\/\/www.facebook.com\/24gliwice","article_published_time":"2019-01-24T04:13:55+00:00","article_modified_time":"2019-01-24T08:59:53+00:00","og_image":[{"width":480,"height":270,"url":"https:\/\/www.24gliwice.pl\/wiadomosci\/wp-content\/uploads\/2016\/04\/sprawa-zwlok-w-walizce-przeprowa-e1488460940323.jpg","type":"image\/jpeg"}],"author":"\u017baneta Mrozek-Siewierska","twitter_card":"summary_large_image","twitter_creator":"@24gliwice","twitter_site":"@24gliwice","twitter_misc":{"Napisane przez":"\u017baneta Mrozek-Siewierska","Szacowany czas czytania":"2 minuty"},"schema":{"@context":"https:\/\/schema.org","@graph":[{"@type":"Article","@id":"https:\/\/www.24gliwice.pl\/wiadomosci\/gliwice-zwloki-w-walizce-final-sprawy\/#article","isPartOf":{"@id":"https:\/\/www.24gliwice.pl\/wiadomosci\/gliwice-zwloki-w-walizce-final-sprawy\/"},"author":{"name":"\u017baneta Mrozek-Siewierska","@id":"https:\/\/www.24gliwice.pl\/wiadomosci\/#\/schema\/person\/e42c650edd7f2fa332be3811fb166b6e"},"headline":"Fina\u0142 sprawy morderstwa sprzed blisko 3 lat. Wyrok skazuj\u0105cy zapad\u0142, winny nie poniesie jednak kary","datePublished":"2019-01-24T04:13:55+00:00","dateModified":"2019-01-24T08:59:53+00:00","mainEntityOfPage":{"@id":"https:\/\/www.24gliwice.pl\/wiadomosci\/gliwice-zwloki-w-walizce-final-sprawy\/"},"wordCount":407,"commentCount":0,"publisher":{"@id":"https:\/\/www.24gliwice.pl\/wiadomosci\/#organization"},"image":{"@id":"https:\/\/www.24gliwice.pl\/wiadomosci\/gliwice-zwloki-w-walizce-final-sprawy\/#primaryimage"},"thumbnailUrl":"https:\/\/www.24gliwice.pl\/wiadomosci\/wp-content\/uploads\/2016\/04\/sprawa-zwlok-w-walizce-przeprowa-e1488460940323.jpg","keywords":["dochodzenie","K\u0141ODNICA","morderca","morderstwo","POLICJA","proces","PROKURATURA","S\u0104D","trup w walizce","wybrze\u017ce armii krajowej","wyrok","zab\u00f3jca","ZAB\u00d3JSTWO","zw\u0142oki","zw\u0142oki w k\u0142odnicy","zw\u0142oki w walizce"],"articleSection":["Gliwice","Najnowsze wiadomo\u015bci","Prawo"],"inLanguage":"pl-PL","potentialAction":[{"@type":"CommentAction","name":"Comment","target":["https:\/\/www.24gliwice.pl\/wiadomosci\/gliwice-zwloki-w-walizce-final-sprawy\/#respond"]}]},{"@type":"WebPage","@id":"https:\/\/www.24gliwice.pl\/wiadomosci\/gliwice-zwloki-w-walizce-final-sprawy\/","url":"https:\/\/www.24gliwice.pl\/wiadomosci\/gliwice-zwloki-w-walizce-final-sprawy\/","name":"Fina\u0142 sprawy morderstwa sprzed blisko 3 lat. Wyrok skazuj\u0105cy zapad\u0142, winny nie poniesie jednak kary - 24GLIWICE - Portal Gliwice | codziennie nowe informacje","isPartOf":{"@id":"https:\/\/www.24gliwice.pl\/wiadomosci\/#website"},"primaryImageOfPage":{"@id":"https:\/\/www.24gliwice.pl\/wiadomosci\/gliwice-zwloki-w-walizce-final-sprawy\/#primaryimage"},"image":{"@id":"https:\/\/www.24gliwice.pl\/wiadomosci\/gliwice-zwloki-w-walizce-final-sprawy\/#primaryimage"},"thumbnailUrl":"https:\/\/www.24gliwice.pl\/wiadomosci\/wp-content\/uploads\/2016\/04\/sprawa-zwlok-w-walizce-przeprowa-e1488460940323.jpg","datePublished":"2019-01-24T04:13:55+00:00","dateModified":"2019-01-24T08:59:53+00:00","breadcrumb":{"@id":"https:\/\/www.24gliwice.pl\/wiadomosci\/gliwice-zwloki-w-walizce-final-sprawy\/#breadcrumb"},"inLanguage":"pl-PL","potentialAction":[{"@type":"ReadAction","target":["https:\/\/www.24gliwice.pl\/wiadomosci\/gliwice-zwloki-w-walizce-final-sprawy\/"]}]},{"@type":"ImageObject","inLanguage":"pl-PL","@id":"https:\/\/www.24gliwice.pl\/wiadomosci\/gliwice-zwloki-w-walizce-final-sprawy\/#primaryimage","url":"https:\/\/www.24gliwice.pl\/wiadomosci\/wp-content\/uploads\/2016\/04\/sprawa-zwlok-w-walizce-przeprowa-e1488460940323.jpg","contentUrl":"https:\/\/www.24gliwice.pl\/wiadomosci\/wp-content\/uploads\/2016\/04\/sprawa-zwlok-w-walizce-przeprowa-e1488460940323.jpg","width":480,"height":270},{"@type":"BreadcrumbList","@id":"https:\/\/www.24gliwice.pl\/wiadomosci\/gliwice-zwloki-w-walizce-final-sprawy\/#breadcrumb","itemListElement":[{"@type":"ListItem","position":1,"name":"Strona g\u0142\u00f3wna","item":"https:\/\/www.24gliwice.pl\/wiadomosci\/"},{"@type":"ListItem","position":2,"name":"Fina\u0142 sprawy morderstwa sprzed blisko 3 lat. Wyrok skazuj\u0105cy zapad\u0142, winny nie poniesie jednak kary"}]},{"@type":"WebSite","@id":"https:\/\/www.24gliwice.pl\/wiadomosci\/#website","url":"https:\/\/www.24gliwice.pl\/wiadomosci\/","name":"24GLIWICE - Portal Gliwice | codziennie nowe wiadomo\u015bci","description":"Portal Miejski Gliwice","publisher":{"@id":"https:\/\/www.24gliwice.pl\/wiadomosci\/#organization"},"potentialAction":[{"@type":"SearchAction","target":{"@type":"EntryPoint","urlTemplate":"https:\/\/www.24gliwice.pl\/wiadomosci\/?s={search_term_string}"},"query-input":{"@type":"PropertyValueSpecification","valueRequired":true,"valueName":"search_term_string"}}],"inLanguage":"pl-PL"},{"@type":"Organization","@id":"https:\/\/www.24gliwice.pl\/wiadomosci\/#organization","name":"24gliwice","url":"https:\/\/www.24gliwice.pl\/wiadomosci\/","logo":{"@type":"ImageObject","inLanguage":"pl-PL","@id":"https:\/\/www.24gliwice.pl\/wiadomosci\/#\/schema\/logo\/image\/","url":"https:\/\/www.24gliwice.pl\/wiadomosci\/wp-content\/uploads\/2024\/10\/24gliwice-logo-696.jpg","contentUrl":"https:\/\/www.24gliwice.pl\/wiadomosci\/wp-content\/uploads\/2024\/10\/24gliwice-logo-696.jpg","width":696,"height":696,"caption":"24gliwice"},"image":{"@id":"https:\/\/www.24gliwice.pl\/wiadomosci\/#\/schema\/logo\/image\/"},"sameAs":["https:\/\/www.facebook.com\/24gliwice","https:\/\/x.com\/24gliwice","https:\/\/www.youtube.com\/@24gliwice"]},{"@type":"Person","@id":"https:\/\/www.24gliwice.pl\/wiadomosci\/#\/schema\/person\/e42c650edd7f2fa332be3811fb166b6e","name":"\u017baneta Mrozek-Siewierska","image":{"@type":"ImageObject","inLanguage":"pl-PL","@id":"https:\/\/secure.gravatar.com\/avatar\/1881429e9c64597c77ad7aef2d0a19be69a3253e57534d16aa15bf3a4d34a0a3?s=96&d=mm&r=g","url":"https:\/\/secure.gravatar.com\/avatar\/1881429e9c64597c77ad7aef2d0a19be69a3253e57534d16aa15bf3a4d34a0a3?s=96&d=mm&r=g","contentUrl":"https:\/\/secure.gravatar.com\/avatar\/1881429e9c64597c77ad7aef2d0a19be69a3253e57534d16aa15bf3a4d34a0a3?s=96&d=mm&r=g","caption":"\u017baneta Mrozek-Siewierska"},"url":"https:\/\/www.24gliwice.pl\/wiadomosci\/author\/zms\/"}]}},"_links":{"self":[{"href":"https:\/\/www.24gliwice.pl\/wiadomosci\/wp-json\/wp\/v2\/posts\/129172","targetHints":{"allow":["GET"]}}],"collection":[{"href":"https:\/\/www.24gliwice.pl\/wiadomosci\/wp-json\/wp\/v2\/posts"}],"about":[{"href":"https:\/\/www.24gliwice.pl\/wiadomosci\/wp-json\/wp\/v2\/types\/post"}],"author":[{"embeddable":true,"href":"https:\/\/www.24gliwice.pl\/wiadomosci\/wp-json\/wp\/v2\/users\/15"}],"replies":[{"embeddable":true,"href":"https:\/\/www.24gliwice.pl\/wiadomosci\/wp-json\/wp\/v2\/comments?post=129172"}],"version-history":[{"count":0,"href":"https:\/\/www.24gliwice.pl\/wiadomosci\/wp-json\/wp\/v2\/posts\/129172\/revisions"}],"wp:featuredmedia":[{"embeddable":true,"href":"https:\/\/www.24gliwice.pl\/wiadomosci\/wp-json\/wp\/v2\/media\/82084"}],"wp:attachment":[{"href":"https:\/\/www.24gliwice.pl\/wiadomosci\/wp-json\/wp\/v2\/media?parent=129172"}],"wp:term":[{"taxonomy":"category","embeddable":true,"href":"https:\/\/www.24gliwice.pl\/wiadomosci\/wp-json\/wp\/v2\/categories?post=129172"},{"taxonomy":"post_tag","embeddable":true,"href":"https:\/\/www.24gliwice.pl\/wiadomosci\/wp-json\/wp\/v2\/tags?post=129172"}],"curies":[{"name":"wp","href":"https:\/\/api.w.org\/{rel}","templated":true}]}}