{"id":129442,"date":"2019-02-03T01:13:41","date_gmt":"2019-02-03T00:13:41","guid":{"rendered":"https:\/\/www.24gliwice.pl\/wiadomosci\/?p=129442"},"modified":"2019-02-04T22:05:40","modified_gmt":"2019-02-04T21:05:40","slug":"skrzyzowanie-ulic-toszecka-pionierow-mysliwska-zostanie-przebudowane-zmian-bedzie-sporo","status":"publish","type":"post","link":"https:\/\/www.24gliwice.pl\/wiadomosci\/skrzyzowanie-ulic-toszecka-pionierow-mysliwska-zostanie-przebudowane-zmian-bedzie-sporo\/","title":{"rendered":"Skrzy\u017cowanie ulic Toszecka, Pionier\u00f3w, My\u015bliwska zostanie przebudowane. Zmian b\u0119dzie sporo"},"content":{"rendered":"<div class=\"gliwi-a6-nad-leadem-artykulow gliwi-entity-placement\" id=\"gliwi-1271747098\"><div class=\"gliwi-adlabel\"><span style=\"font-size: 9px\">REKLAMA<\/span><\/div><div id=\"gliwi-1152943652\" style=\"margin-bottom: 30px;margin-left: auto;margin-right: auto;text-align: center;\"><a data-no-instant=\"1\" href=\"https:\/\/przedszkole.halogen.org.pl\/\" rel=\"noopener\" class=\"a2t-link\" target=\"_blank\" aria-label=\"20260402-ANIMATOR-przedszkole_grafika_750x200\"><img loading=\"lazy\" decoding=\"async\" src=\"https:\/\/www.24gliwice.pl\/wiadomosci\/wp-content\/uploads\/2026\/04\/20260402-ANIMATOR-przedszkole_grafika_750x200.webp\" alt=\"\"  srcset=\"https:\/\/www.24gliwice.pl\/wiadomosci\/wp-content\/uploads\/2026\/04\/20260402-ANIMATOR-przedszkole_grafika_750x200.webp 750w, https:\/\/www.24gliwice.pl\/wiadomosci\/wp-content\/uploads\/2026\/04\/20260402-ANIMATOR-przedszkole_grafika_750x200-410x109.webp 410w\" sizes=\"(max-width: 750px) 100vw, 750px\" class=\"no-lazyload\" width=\"750\" height=\"200\"  style=\"display: inline-block; max-width: 100%; height: auto;\" \/><\/a><\/div><\/div><h3>ZDM szuka wykonawcy dla nowej inwestycji, w ramach kt\u00f3rej zwi\u0119kszy si\u0119 przepustowo\u015b\u0107 skrzy\u017cowania ulicy Toszeckiej z ulicami Pionier\u00f3w i My\u015bliwsk\u0105. Projekt zak\u0142ada m.in. wykonanie 2 pas\u00f3w ruchu na odcinku tej arterii.<\/h3>\n<p>Jeszcze w tym roku powinna rozpocz\u0105\u0107 si\u0119 rozbudowa skrzy\u017cowania ulic Toszecka, My\u015bliwska i Pionier\u00f3w. W planach jest m.in. zmiana jego geometrii oraz przebudowa sygnalizacji \u015bwietlnej.<\/p>\n[perfectpullquote align=&#8221;full&#8221; bordertop=&#8221;false&#8221; cite=&#8221;&#8221; link=&#8221;&#8221; color=&#8221;&#8221; class=&#8221;&#8221; size=&#8221;&#8221;]Wed\u0142ug drogowc\u00f3w, realizacja ta wp\u0142ynie na popraw\u0119 przepustowo\u015bci, wzrost bezpiecze\u0144stwa i komfort jazdy na wspomnianym uk\u0142adzie drogowym.[\/perfectpullquote]\n<p>Planowana przez Zarz\u0105d Dr\u00f3g Miejskich zmiana geometrii skrzy\u017cowania obejmie poszerzenie wlot\u00f3w i wylot\u00f3w, korekt\u0119 \u0142uk\u00f3w, wykonanie zatoki autobusowej w miejscu istniej\u0105cego przystanku, wykonanie wysp dziel\u0105cych na wlotach ul. Toszeckiej, przebudow\u0119 istniej\u0105cych ci\u0105g\u00f3w pieszych, a tak\u017ce budow\u0119 odcink\u00f3w dr\u00f3g rowerowych.<\/p><div class=\"gliwi-a3-w-tresci-artykulow gliwi-entity-placement\" id=\"gliwi-2921530256\"><div class=\"gliwi-adlabel\"><span style=\"font-size: 9px\">REKLAMA<\/span><\/div><div id=\"gliwi-577272355\" style=\"margin-bottom: 30px;margin-left: auto;margin-right: auto;text-align: center;\"><a data-no-instant=\"1\" href=\"https:\/\/zlobek.halogen.org.pl\/\" rel=\"noopener\" class=\"a2t-link\" target=\"_blank\" aria-label=\"animator-zlobek_750x200\"><img loading=\"lazy\" decoding=\"async\" src=\"https:\/\/www.24gliwice.pl\/wiadomosci\/wp-content\/uploads\/2026\/02\/animator-zlobek_750x200.webp\" alt=\"\"  srcset=\"https:\/\/www.24gliwice.pl\/wiadomosci\/wp-content\/uploads\/2026\/02\/animator-zlobek_750x200.webp 750w, https:\/\/www.24gliwice.pl\/wiadomosci\/wp-content\/uploads\/2026\/02\/animator-zlobek_750x200-410x109.webp 410w\" sizes=\"(max-width: 750px) 100vw, 750px\" class=\"no-lazyload\" width=\"750\" height=\"200\"  style=\"display: inline-block; max-width: 100%; height: auto;\" \/><\/a><\/div><\/div>\n<p><img loading=\"lazy\" decoding=\"async\" class=\"alignnone size-full wp-image-129516\" src=\"https:\/\/www.24gliwice.pl\/wiadomosci\/wp-content\/uploads\/2019\/01\/my\u015bliwska-toszecka-pionier\u00f3w.png\" alt=\"\" width=\"876\" height=\"573\" srcset=\"https:\/\/www.24gliwice.pl\/wiadomosci\/wp-content\/uploads\/2019\/01\/my\u015bliwska-toszecka-pionier\u00f3w.png 876w, https:\/\/www.24gliwice.pl\/wiadomosci\/wp-content\/uploads\/2019\/01\/my\u015bliwska-toszecka-pionier\u00f3w-355x232.png 355w, https:\/\/www.24gliwice.pl\/wiadomosci\/wp-content\/uploads\/2019\/01\/my\u015bliwska-toszecka-pionier\u00f3w-768x502.png 768w, https:\/\/www.24gliwice.pl\/wiadomosci\/wp-content\/uploads\/2019\/01\/my\u015bliwska-toszecka-pionier\u00f3w-696x455.png 696w, https:\/\/www.24gliwice.pl\/wiadomosci\/wp-content\/uploads\/2019\/01\/my\u015bliwska-toszecka-pionier\u00f3w-810x530.png 810w\" sizes=\"auto, (max-width: 876px) 100vw, 876px\" \/><\/p>\n<p>Po zako\u0144czeniu inwestycji kierowcy opuszczaj\u0105cy skrzy\u017cowanie, wje\u017cd\u017caj\u0105cy w ulic\u0119 Toszeck\u0105 w obu kierunkach (w stron\u0119 Toszka oraz w stron\u0119 centrum Gliwic) b\u0119d\u0105 mieli do dyspozycji po 2 pasy ruchu. Natomiast ci, kt\u00f3rzy b\u0119d\u0105 chcieli na nie wjecha\u0107, w zale\u017cno\u015bci od kierunku dalszej jazdy ustawi\u0105 si\u0119 na 3 pasach do jazdy w lewo, prosto, a tak\u017ce prosto i w prawo (na obu wlotach skrzy\u017cowania).<\/p>\n<p>R\u00f3wnie\u017c na ulicy Pionier\u00f3w przewidziano zmian\u0119 organizacji ruchu &#8211; kierowcy wyje\u017cd\u017caj\u0105cy na skrzy\u017cowanie z tej drogi b\u0119d\u0105 mogli wybra\u0107 pas do skr\u0119tu w lewo oraz pas do jazdy prosto i w prawo.<\/p>\n<p>(\u017cms)<\/p>\n<p><iframe loading=\"lazy\" style=\"border: 0;\" src=\"https:\/\/www.google.com\/maps\/embed?pb=!4v1548760168506!6m8!1m7!1sfnzSBYJwdlMLKsDTvv8HtQ!2m2!1d50.31672567448983!2d18.66609422974772!3f333.5705177987572!4f-0.8889274898472337!5f0.7820865974627469\" width=\"810\" height=\"450\" frameborder=\"0\" allowfullscreen=\"allowfullscreen\"><\/iframe><\/p>\n<div class=\"gliwi-a5-na-koncu-artykulow gliwi-entity-placement\" id=\"gliwi-2762412420\"><div class=\"gliwi-adlabel\"><span style=\"font-size: 9px\">REKLAMA<\/span><\/div><div id=\"gliwi-993163849\" style=\"margin-left: auto;margin-right: auto;text-align: center;\"><a data-no-instant=\"1\" href=\"https:\/\/prezeroarenagliwice.pl\/\" rel=\"noopener\" class=\"a2t-link\" target=\"_blank\" aria-label=\"20260309-PREZERO-WIOSNA-D\"><img loading=\"lazy\" decoding=\"async\" src=\"https:\/\/www.24gliwice.pl\/wiadomosci\/wp-content\/uploads\/2026\/03\/20260309-PREZERO-WIOSNA-D.webp\" alt=\"\"  srcset=\"https:\/\/www.24gliwice.pl\/wiadomosci\/wp-content\/uploads\/2026\/03\/20260309-PREZERO-WIOSNA-D.webp 750w, https:\/\/www.24gliwice.pl\/wiadomosci\/wp-content\/uploads\/2026\/03\/20260309-PREZERO-WIOSNA-D-410x109.webp 410w\" sizes=\"(max-width: 750px) 100vw, 750px\" class=\"no-lazyload\" width=\"750\" height=\"200\"  style=\"display: inline-block; max-width: 100%; height: auto;\" \/><\/a><\/div><\/div>","protected":false},"excerpt":{"rendered":"<p>ZDM szuka wykonawcy dla nowej inwestycji, w ramach kt\u00f3rej zwi\u0119kszy si\u0119 przepustowo\u015b\u0107 skrzy\u017cowania ulicy Toszeckiej z ulicami Pionier\u00f3w i My\u015bliwsk\u0105. Projekt zak\u0142ada m.in. wykonanie 2 pas\u00f3w ruchu na odcinku tej arterii. Jeszcze w tym roku powinna rozpocz\u0105\u0107 si\u0119 rozbudowa skrzy\u017cowania ulic Toszecka, My\u015bliwska i Pionier\u00f3w. W planach jest m.in. zmiana jego geometrii oraz przebudowa sygnalizacji [&hellip;]<\/p>\n","protected":false},"author":15,"featured_media":129638,"comment_status":"open","ping_status":"closed","sticky":false,"template":"","format":"standard","meta":{"_monsterinsights_skip_tracking":false,"_monsterinsights_sitenote_active":false,"_monsterinsights_sitenote_note":"","_monsterinsights_sitenote_category":0,"footnotes":"","_links_to":"","_links_to_target":""},"categories":[3,1,9],"tags":[11935,8329,11884,4924,9429,215,474,214],"class_list":["post-129442","post","type-post","status-publish","format-standard","has-post-thumbnail","hentry","category-gliwice","category-wszystko","category-aktualnosci_lokalne","tag-harcerska","tag-inwestycja","tag-mysliwska","tag-pionierow","tag-przebudowa","tag-przetarg","tag-toszecka","tag-zdm"],"yoast_head":"<!-- This site is optimized with the Yoast SEO plugin v27.5 - https:\/\/yoast.com\/product\/yoast-seo-wordpress\/ -->\n<title>Skrzy\u017cowanie ulic Toszecka, Pionier\u00f3w, My\u015bliwska zostanie przebudowane. Zmian b\u0119dzie sporo - 24GLIWICE - Portal Gliwice | codziennie nowe informacje<\/title>\n<meta name=\"robots\" content=\"index, follow, max-snippet:-1, max-image-preview:large, max-video-preview:-1\" \/>\n<link rel=\"canonical\" href=\"https:\/\/www.24gliwice.pl\/wiadomosci\/skrzyzowanie-ulic-toszecka-pionierow-mysliwska-zostanie-przebudowane-zmian-bedzie-sporo\/\" \/>\n<meta property=\"og:locale\" content=\"pl_PL\" \/>\n<meta property=\"og:type\" content=\"article\" \/>\n<meta property=\"og:title\" content=\"Skrzy\u017cowanie ulic Toszecka, Pionier\u00f3w, My\u015bliwska zostanie przebudowane. Zmian b\u0119dzie sporo - 24GLIWICE - Portal Gliwice | codziennie nowe informacje\" \/>\n<meta property=\"og:description\" content=\"ZDM szuka wykonawcy dla nowej inwestycji, w ramach kt\u00f3rej zwi\u0119kszy si\u0119 przepustowo\u015b\u0107 skrzy\u017cowania ulicy Toszeckiej z ulicami Pionier\u00f3w i My\u015bliwsk\u0105. Projekt zak\u0142ada m.in. wykonanie 2 pas\u00f3w ruchu na odcinku tej arterii. Jeszcze w tym roku powinna rozpocz\u0105\u0107 si\u0119 rozbudowa skrzy\u017cowania ulic Toszecka, My\u015bliwska i Pionier\u00f3w. W planach jest m.in. zmiana jego geometrii oraz przebudowa sygnalizacji [&hellip;]\" \/>\n<meta property=\"og:url\" content=\"https:\/\/www.24gliwice.pl\/wiadomosci\/skrzyzowanie-ulic-toszecka-pionierow-mysliwska-zostanie-przebudowane-zmian-bedzie-sporo\/\" \/>\n<meta property=\"og:site_name\" content=\"24GLIWICE - Portal Gliwice | codziennie nowe informacje\" \/>\n<meta property=\"article:publisher\" content=\"https:\/\/www.facebook.com\/24gliwice\" \/>\n<meta property=\"article:published_time\" content=\"2019-02-03T00:13:41+00:00\" \/>\n<meta property=\"article:modified_time\" content=\"2019-02-04T21:05:40+00:00\" \/>\n<meta property=\"og:image\" content=\"https:\/\/www.24gliwice.pl\/wiadomosci\/wp-content\/uploads\/2019\/01\/toszecka-skrzy\u017cowanie-zima.jpg\" \/>\n\t<meta property=\"og:image:width\" content=\"2040\" \/>\n\t<meta property=\"og:image:height\" content=\"1147\" \/>\n\t<meta property=\"og:image:type\" content=\"image\/jpeg\" \/>\n<meta name=\"author\" content=\"\u017baneta Mrozek-Siewierska\" \/>\n<meta name=\"twitter:card\" content=\"summary_large_image\" \/>\n<meta name=\"twitter:creator\" content=\"@24gliwice\" \/>\n<meta name=\"twitter:site\" content=\"@24gliwice\" \/>\n<meta name=\"twitter:label1\" content=\"Napisane przez\" \/>\n\t<meta name=\"twitter:data1\" content=\"\u017baneta Mrozek-Siewierska\" \/>\n\t<meta name=\"twitter:label2\" content=\"Szacowany czas czytania\" \/>\n\t<meta name=\"twitter:data2\" content=\"1 minuta\" \/>\n<script type=\"application\/ld+json\" class=\"yoast-schema-graph\">{\"@context\":\"https:\\\/\\\/schema.org\",\"@graph\":[{\"@type\":\"Article\",\"@id\":\"https:\\\/\\\/www.24gliwice.pl\\\/wiadomosci\\\/skrzyzowanie-ulic-toszecka-pionierow-mysliwska-zostanie-przebudowane-zmian-bedzie-sporo\\\/#article\",\"isPartOf\":{\"@id\":\"https:\\\/\\\/www.24gliwice.pl\\\/wiadomosci\\\/skrzyzowanie-ulic-toszecka-pionierow-mysliwska-zostanie-przebudowane-zmian-bedzie-sporo\\\/\"},\"author\":{\"name\":\"\u017baneta Mrozek-Siewierska\",\"@id\":\"https:\\\/\\\/www.24gliwice.pl\\\/wiadomosci\\\/#\\\/schema\\\/person\\\/e42c650edd7f2fa332be3811fb166b6e\"},\"headline\":\"Skrzy\u017cowanie ulic Toszecka, Pionier\u00f3w, My\u015bliwska zostanie przebudowane. Zmian b\u0119dzie sporo\",\"datePublished\":\"2019-02-03T00:13:41+00:00\",\"dateModified\":\"2019-02-04T21:05:40+00:00\",\"mainEntityOfPage\":{\"@id\":\"https:\\\/\\\/www.24gliwice.pl\\\/wiadomosci\\\/skrzyzowanie-ulic-toszecka-pionierow-mysliwska-zostanie-przebudowane-zmian-bedzie-sporo\\\/\"},\"wordCount\":283,\"commentCount\":0,\"publisher\":{\"@id\":\"https:\\\/\\\/www.24gliwice.pl\\\/wiadomosci\\\/#organization\"},\"image\":{\"@id\":\"https:\\\/\\\/www.24gliwice.pl\\\/wiadomosci\\\/skrzyzowanie-ulic-toszecka-pionierow-mysliwska-zostanie-przebudowane-zmian-bedzie-sporo\\\/#primaryimage\"},\"thumbnailUrl\":\"https:\\\/\\\/www.24gliwice.pl\\\/wiadomosci\\\/wp-content\\\/uploads\\\/2019\\\/01\\\/toszecka-skrzy\u017cowanie-zima.jpg\",\"keywords\":[\"harcerska\",\"INWESTYCJA\",\"my\u015bliwska\",\"pionier\u00f3w\",\"PRZEBUDOWA\",\"PRZETARG\",\"TOSZECKA\",\"ZDM\"],\"articleSection\":[\"Gliwice\",\"Najnowsze wiadomo\u015bci\",\"Portal Gliwice - Wiadomo\u015bci lokalne\"],\"inLanguage\":\"pl-PL\",\"potentialAction\":[{\"@type\":\"CommentAction\",\"name\":\"Comment\",\"target\":[\"https:\\\/\\\/www.24gliwice.pl\\\/wiadomosci\\\/skrzyzowanie-ulic-toszecka-pionierow-mysliwska-zostanie-przebudowane-zmian-bedzie-sporo\\\/#respond\"]}]},{\"@type\":\"WebPage\",\"@id\":\"https:\\\/\\\/www.24gliwice.pl\\\/wiadomosci\\\/skrzyzowanie-ulic-toszecka-pionierow-mysliwska-zostanie-przebudowane-zmian-bedzie-sporo\\\/\",\"url\":\"https:\\\/\\\/www.24gliwice.pl\\\/wiadomosci\\\/skrzyzowanie-ulic-toszecka-pionierow-mysliwska-zostanie-przebudowane-zmian-bedzie-sporo\\\/\",\"name\":\"Skrzy\u017cowanie ulic Toszecka, Pionier\u00f3w, My\u015bliwska zostanie przebudowane. Zmian b\u0119dzie sporo - 24GLIWICE - Portal Gliwice | codziennie nowe informacje\",\"isPartOf\":{\"@id\":\"https:\\\/\\\/www.24gliwice.pl\\\/wiadomosci\\\/#website\"},\"primaryImageOfPage\":{\"@id\":\"https:\\\/\\\/www.24gliwice.pl\\\/wiadomosci\\\/skrzyzowanie-ulic-toszecka-pionierow-mysliwska-zostanie-przebudowane-zmian-bedzie-sporo\\\/#primaryimage\"},\"image\":{\"@id\":\"https:\\\/\\\/www.24gliwice.pl\\\/wiadomosci\\\/skrzyzowanie-ulic-toszecka-pionierow-mysliwska-zostanie-przebudowane-zmian-bedzie-sporo\\\/#primaryimage\"},\"thumbnailUrl\":\"https:\\\/\\\/www.24gliwice.pl\\\/wiadomosci\\\/wp-content\\\/uploads\\\/2019\\\/01\\\/toszecka-skrzy\u017cowanie-zima.jpg\",\"datePublished\":\"2019-02-03T00:13:41+00:00\",\"dateModified\":\"2019-02-04T21:05:40+00:00\",\"breadcrumb\":{\"@id\":\"https:\\\/\\\/www.24gliwice.pl\\\/wiadomosci\\\/skrzyzowanie-ulic-toszecka-pionierow-mysliwska-zostanie-przebudowane-zmian-bedzie-sporo\\\/#breadcrumb\"},\"inLanguage\":\"pl-PL\",\"potentialAction\":[{\"@type\":\"ReadAction\",\"target\":[\"https:\\\/\\\/www.24gliwice.pl\\\/wiadomosci\\\/skrzyzowanie-ulic-toszecka-pionierow-mysliwska-zostanie-przebudowane-zmian-bedzie-sporo\\\/\"]}]},{\"@type\":\"ImageObject\",\"inLanguage\":\"pl-PL\",\"@id\":\"https:\\\/\\\/www.24gliwice.pl\\\/wiadomosci\\\/skrzyzowanie-ulic-toszecka-pionierow-mysliwska-zostanie-przebudowane-zmian-bedzie-sporo\\\/#primaryimage\",\"url\":\"https:\\\/\\\/www.24gliwice.pl\\\/wiadomosci\\\/wp-content\\\/uploads\\\/2019\\\/01\\\/toszecka-skrzy\u017cowanie-zima.jpg\",\"contentUrl\":\"https:\\\/\\\/www.24gliwice.pl\\\/wiadomosci\\\/wp-content\\\/uploads\\\/2019\\\/01\\\/toszecka-skrzy\u017cowanie-zima.jpg\",\"width\":2040,\"height\":1147},{\"@type\":\"BreadcrumbList\",\"@id\":\"https:\\\/\\\/www.24gliwice.pl\\\/wiadomosci\\\/skrzyzowanie-ulic-toszecka-pionierow-mysliwska-zostanie-przebudowane-zmian-bedzie-sporo\\\/#breadcrumb\",\"itemListElement\":[{\"@type\":\"ListItem\",\"position\":1,\"name\":\"Strona g\u0142\u00f3wna\",\"item\":\"https:\\\/\\\/www.24gliwice.pl\\\/wiadomosci\\\/\"},{\"@type\":\"ListItem\",\"position\":2,\"name\":\"Skrzy\u017cowanie ulic Toszecka, Pionier\u00f3w, My\u015bliwska zostanie przebudowane. Zmian b\u0119dzie sporo\"}]},{\"@type\":\"WebSite\",\"@id\":\"https:\\\/\\\/www.24gliwice.pl\\\/wiadomosci\\\/#website\",\"url\":\"https:\\\/\\\/www.24gliwice.pl\\\/wiadomosci\\\/\",\"name\":\"24GLIWICE - Portal Gliwice | codziennie nowe wiadomo\u015bci\",\"description\":\"Portal Miejski Gliwice\",\"publisher\":{\"@id\":\"https:\\\/\\\/www.24gliwice.pl\\\/wiadomosci\\\/#organization\"},\"potentialAction\":[{\"@type\":\"SearchAction\",\"target\":{\"@type\":\"EntryPoint\",\"urlTemplate\":\"https:\\\/\\\/www.24gliwice.pl\\\/wiadomosci\\\/?s={search_term_string}\"},\"query-input\":{\"@type\":\"PropertyValueSpecification\",\"valueRequired\":true,\"valueName\":\"search_term_string\"}}],\"inLanguage\":\"pl-PL\"},{\"@type\":\"Organization\",\"@id\":\"https:\\\/\\\/www.24gliwice.pl\\\/wiadomosci\\\/#organization\",\"name\":\"24gliwice\",\"url\":\"https:\\\/\\\/www.24gliwice.pl\\\/wiadomosci\\\/\",\"logo\":{\"@type\":\"ImageObject\",\"inLanguage\":\"pl-PL\",\"@id\":\"https:\\\/\\\/www.24gliwice.pl\\\/wiadomosci\\\/#\\\/schema\\\/logo\\\/image\\\/\",\"url\":\"https:\\\/\\\/www.24gliwice.pl\\\/wiadomosci\\\/wp-content\\\/uploads\\\/2024\\\/10\\\/24gliwice-logo-696.jpg\",\"contentUrl\":\"https:\\\/\\\/www.24gliwice.pl\\\/wiadomosci\\\/wp-content\\\/uploads\\\/2024\\\/10\\\/24gliwice-logo-696.jpg\",\"width\":696,\"height\":696,\"caption\":\"24gliwice\"},\"image\":{\"@id\":\"https:\\\/\\\/www.24gliwice.pl\\\/wiadomosci\\\/#\\\/schema\\\/logo\\\/image\\\/\"},\"sameAs\":[\"https:\\\/\\\/www.facebook.com\\\/24gliwice\",\"https:\\\/\\\/x.com\\\/24gliwice\",\"https:\\\/\\\/www.youtube.com\\\/@24gliwice\"]},{\"@type\":\"Person\",\"@id\":\"https:\\\/\\\/www.24gliwice.pl\\\/wiadomosci\\\/#\\\/schema\\\/person\\\/e42c650edd7f2fa332be3811fb166b6e\",\"name\":\"\u017baneta Mrozek-Siewierska\",\"image\":{\"@type\":\"ImageObject\",\"inLanguage\":\"pl-PL\",\"@id\":\"https:\\\/\\\/secure.gravatar.com\\\/avatar\\\/1881429e9c64597c77ad7aef2d0a19be69a3253e57534d16aa15bf3a4d34a0a3?s=96&d=mm&r=g\",\"url\":\"https:\\\/\\\/secure.gravatar.com\\\/avatar\\\/1881429e9c64597c77ad7aef2d0a19be69a3253e57534d16aa15bf3a4d34a0a3?s=96&d=mm&r=g\",\"contentUrl\":\"https:\\\/\\\/secure.gravatar.com\\\/avatar\\\/1881429e9c64597c77ad7aef2d0a19be69a3253e57534d16aa15bf3a4d34a0a3?s=96&d=mm&r=g\",\"caption\":\"\u017baneta Mrozek-Siewierska\"},\"url\":\"https:\\\/\\\/www.24gliwice.pl\\\/wiadomosci\\\/author\\\/zms\\\/\"}]}<\/script>\n<!-- \/ Yoast SEO plugin. -->","yoast_head_json":{"title":"Skrzy\u017cowanie ulic Toszecka, Pionier\u00f3w, My\u015bliwska zostanie przebudowane. Zmian b\u0119dzie sporo - 24GLIWICE - Portal Gliwice | codziennie nowe informacje","robots":{"index":"index","follow":"follow","max-snippet":"max-snippet:-1","max-image-preview":"max-image-preview:large","max-video-preview":"max-video-preview:-1"},"canonical":"https:\/\/www.24gliwice.pl\/wiadomosci\/skrzyzowanie-ulic-toszecka-pionierow-mysliwska-zostanie-przebudowane-zmian-bedzie-sporo\/","og_locale":"pl_PL","og_type":"article","og_title":"Skrzy\u017cowanie ulic Toszecka, Pionier\u00f3w, My\u015bliwska zostanie przebudowane. Zmian b\u0119dzie sporo - 24GLIWICE - Portal Gliwice | codziennie nowe informacje","og_description":"ZDM szuka wykonawcy dla nowej inwestycji, w ramach kt\u00f3rej zwi\u0119kszy si\u0119 przepustowo\u015b\u0107 skrzy\u017cowania ulicy Toszeckiej z ulicami Pionier\u00f3w i My\u015bliwsk\u0105. Projekt zak\u0142ada m.in. wykonanie 2 pas\u00f3w ruchu na odcinku tej arterii. Jeszcze w tym roku powinna rozpocz\u0105\u0107 si\u0119 rozbudowa skrzy\u017cowania ulic Toszecka, My\u015bliwska i Pionier\u00f3w. W planach jest m.in. zmiana jego geometrii oraz przebudowa sygnalizacji [&hellip;]","og_url":"https:\/\/www.24gliwice.pl\/wiadomosci\/skrzyzowanie-ulic-toszecka-pionierow-mysliwska-zostanie-przebudowane-zmian-bedzie-sporo\/","og_site_name":"24GLIWICE - Portal Gliwice | codziennie nowe informacje","article_publisher":"https:\/\/www.facebook.com\/24gliwice","article_published_time":"2019-02-03T00:13:41+00:00","article_modified_time":"2019-02-04T21:05:40+00:00","og_image":[{"width":2040,"height":1147,"url":"https:\/\/www.24gliwice.pl\/wiadomosci\/wp-content\/uploads\/2019\/01\/toszecka-skrzy\u017cowanie-zima.jpg","type":"image\/jpeg"}],"author":"\u017baneta Mrozek-Siewierska","twitter_card":"summary_large_image","twitter_creator":"@24gliwice","twitter_site":"@24gliwice","twitter_misc":{"Napisane przez":"\u017baneta Mrozek-Siewierska","Szacowany czas czytania":"1 minuta"},"schema":{"@context":"https:\/\/schema.org","@graph":[{"@type":"Article","@id":"https:\/\/www.24gliwice.pl\/wiadomosci\/skrzyzowanie-ulic-toszecka-pionierow-mysliwska-zostanie-przebudowane-zmian-bedzie-sporo\/#article","isPartOf":{"@id":"https:\/\/www.24gliwice.pl\/wiadomosci\/skrzyzowanie-ulic-toszecka-pionierow-mysliwska-zostanie-przebudowane-zmian-bedzie-sporo\/"},"author":{"name":"\u017baneta Mrozek-Siewierska","@id":"https:\/\/www.24gliwice.pl\/wiadomosci\/#\/schema\/person\/e42c650edd7f2fa332be3811fb166b6e"},"headline":"Skrzy\u017cowanie ulic Toszecka, Pionier\u00f3w, My\u015bliwska zostanie przebudowane. Zmian b\u0119dzie sporo","datePublished":"2019-02-03T00:13:41+00:00","dateModified":"2019-02-04T21:05:40+00:00","mainEntityOfPage":{"@id":"https:\/\/www.24gliwice.pl\/wiadomosci\/skrzyzowanie-ulic-toszecka-pionierow-mysliwska-zostanie-przebudowane-zmian-bedzie-sporo\/"},"wordCount":283,"commentCount":0,"publisher":{"@id":"https:\/\/www.24gliwice.pl\/wiadomosci\/#organization"},"image":{"@id":"https:\/\/www.24gliwice.pl\/wiadomosci\/skrzyzowanie-ulic-toszecka-pionierow-mysliwska-zostanie-przebudowane-zmian-bedzie-sporo\/#primaryimage"},"thumbnailUrl":"https:\/\/www.24gliwice.pl\/wiadomosci\/wp-content\/uploads\/2019\/01\/toszecka-skrzy\u017cowanie-zima.jpg","keywords":["harcerska","INWESTYCJA","my\u015bliwska","pionier\u00f3w","PRZEBUDOWA","PRZETARG","TOSZECKA","ZDM"],"articleSection":["Gliwice","Najnowsze wiadomo\u015bci","Portal Gliwice - Wiadomo\u015bci lokalne"],"inLanguage":"pl-PL","potentialAction":[{"@type":"CommentAction","name":"Comment","target":["https:\/\/www.24gliwice.pl\/wiadomosci\/skrzyzowanie-ulic-toszecka-pionierow-mysliwska-zostanie-przebudowane-zmian-bedzie-sporo\/#respond"]}]},{"@type":"WebPage","@id":"https:\/\/www.24gliwice.pl\/wiadomosci\/skrzyzowanie-ulic-toszecka-pionierow-mysliwska-zostanie-przebudowane-zmian-bedzie-sporo\/","url":"https:\/\/www.24gliwice.pl\/wiadomosci\/skrzyzowanie-ulic-toszecka-pionierow-mysliwska-zostanie-przebudowane-zmian-bedzie-sporo\/","name":"Skrzy\u017cowanie ulic Toszecka, Pionier\u00f3w, My\u015bliwska zostanie przebudowane. Zmian b\u0119dzie sporo - 24GLIWICE - Portal Gliwice | codziennie nowe informacje","isPartOf":{"@id":"https:\/\/www.24gliwice.pl\/wiadomosci\/#website"},"primaryImageOfPage":{"@id":"https:\/\/www.24gliwice.pl\/wiadomosci\/skrzyzowanie-ulic-toszecka-pionierow-mysliwska-zostanie-przebudowane-zmian-bedzie-sporo\/#primaryimage"},"image":{"@id":"https:\/\/www.24gliwice.pl\/wiadomosci\/skrzyzowanie-ulic-toszecka-pionierow-mysliwska-zostanie-przebudowane-zmian-bedzie-sporo\/#primaryimage"},"thumbnailUrl":"https:\/\/www.24gliwice.pl\/wiadomosci\/wp-content\/uploads\/2019\/01\/toszecka-skrzy\u017cowanie-zima.jpg","datePublished":"2019-02-03T00:13:41+00:00","dateModified":"2019-02-04T21:05:40+00:00","breadcrumb":{"@id":"https:\/\/www.24gliwice.pl\/wiadomosci\/skrzyzowanie-ulic-toszecka-pionierow-mysliwska-zostanie-przebudowane-zmian-bedzie-sporo\/#breadcrumb"},"inLanguage":"pl-PL","potentialAction":[{"@type":"ReadAction","target":["https:\/\/www.24gliwice.pl\/wiadomosci\/skrzyzowanie-ulic-toszecka-pionierow-mysliwska-zostanie-przebudowane-zmian-bedzie-sporo\/"]}]},{"@type":"ImageObject","inLanguage":"pl-PL","@id":"https:\/\/www.24gliwice.pl\/wiadomosci\/skrzyzowanie-ulic-toszecka-pionierow-mysliwska-zostanie-przebudowane-zmian-bedzie-sporo\/#primaryimage","url":"https:\/\/www.24gliwice.pl\/wiadomosci\/wp-content\/uploads\/2019\/01\/toszecka-skrzy\u017cowanie-zima.jpg","contentUrl":"https:\/\/www.24gliwice.pl\/wiadomosci\/wp-content\/uploads\/2019\/01\/toszecka-skrzy\u017cowanie-zima.jpg","width":2040,"height":1147},{"@type":"BreadcrumbList","@id":"https:\/\/www.24gliwice.pl\/wiadomosci\/skrzyzowanie-ulic-toszecka-pionierow-mysliwska-zostanie-przebudowane-zmian-bedzie-sporo\/#breadcrumb","itemListElement":[{"@type":"ListItem","position":1,"name":"Strona g\u0142\u00f3wna","item":"https:\/\/www.24gliwice.pl\/wiadomosci\/"},{"@type":"ListItem","position":2,"name":"Skrzy\u017cowanie ulic Toszecka, Pionier\u00f3w, My\u015bliwska zostanie przebudowane. Zmian b\u0119dzie sporo"}]},{"@type":"WebSite","@id":"https:\/\/www.24gliwice.pl\/wiadomosci\/#website","url":"https:\/\/www.24gliwice.pl\/wiadomosci\/","name":"24GLIWICE - Portal Gliwice | codziennie nowe wiadomo\u015bci","description":"Portal Miejski Gliwice","publisher":{"@id":"https:\/\/www.24gliwice.pl\/wiadomosci\/#organization"},"potentialAction":[{"@type":"SearchAction","target":{"@type":"EntryPoint","urlTemplate":"https:\/\/www.24gliwice.pl\/wiadomosci\/?s={search_term_string}"},"query-input":{"@type":"PropertyValueSpecification","valueRequired":true,"valueName":"search_term_string"}}],"inLanguage":"pl-PL"},{"@type":"Organization","@id":"https:\/\/www.24gliwice.pl\/wiadomosci\/#organization","name":"24gliwice","url":"https:\/\/www.24gliwice.pl\/wiadomosci\/","logo":{"@type":"ImageObject","inLanguage":"pl-PL","@id":"https:\/\/www.24gliwice.pl\/wiadomosci\/#\/schema\/logo\/image\/","url":"https:\/\/www.24gliwice.pl\/wiadomosci\/wp-content\/uploads\/2024\/10\/24gliwice-logo-696.jpg","contentUrl":"https:\/\/www.24gliwice.pl\/wiadomosci\/wp-content\/uploads\/2024\/10\/24gliwice-logo-696.jpg","width":696,"height":696,"caption":"24gliwice"},"image":{"@id":"https:\/\/www.24gliwice.pl\/wiadomosci\/#\/schema\/logo\/image\/"},"sameAs":["https:\/\/www.facebook.com\/24gliwice","https:\/\/x.com\/24gliwice","https:\/\/www.youtube.com\/@24gliwice"]},{"@type":"Person","@id":"https:\/\/www.24gliwice.pl\/wiadomosci\/#\/schema\/person\/e42c650edd7f2fa332be3811fb166b6e","name":"\u017baneta Mrozek-Siewierska","image":{"@type":"ImageObject","inLanguage":"pl-PL","@id":"https:\/\/secure.gravatar.com\/avatar\/1881429e9c64597c77ad7aef2d0a19be69a3253e57534d16aa15bf3a4d34a0a3?s=96&d=mm&r=g","url":"https:\/\/secure.gravatar.com\/avatar\/1881429e9c64597c77ad7aef2d0a19be69a3253e57534d16aa15bf3a4d34a0a3?s=96&d=mm&r=g","contentUrl":"https:\/\/secure.gravatar.com\/avatar\/1881429e9c64597c77ad7aef2d0a19be69a3253e57534d16aa15bf3a4d34a0a3?s=96&d=mm&r=g","caption":"\u017baneta Mrozek-Siewierska"},"url":"https:\/\/www.24gliwice.pl\/wiadomosci\/author\/zms\/"}]}},"_links":{"self":[{"href":"https:\/\/www.24gliwice.pl\/wiadomosci\/wp-json\/wp\/v2\/posts\/129442","targetHints":{"allow":["GET"]}}],"collection":[{"href":"https:\/\/www.24gliwice.pl\/wiadomosci\/wp-json\/wp\/v2\/posts"}],"about":[{"href":"https:\/\/www.24gliwice.pl\/wiadomosci\/wp-json\/wp\/v2\/types\/post"}],"author":[{"embeddable":true,"href":"https:\/\/www.24gliwice.pl\/wiadomosci\/wp-json\/wp\/v2\/users\/15"}],"replies":[{"embeddable":true,"href":"https:\/\/www.24gliwice.pl\/wiadomosci\/wp-json\/wp\/v2\/comments?post=129442"}],"version-history":[{"count":0,"href":"https:\/\/www.24gliwice.pl\/wiadomosci\/wp-json\/wp\/v2\/posts\/129442\/revisions"}],"wp:featuredmedia":[{"embeddable":true,"href":"https:\/\/www.24gliwice.pl\/wiadomosci\/wp-json\/wp\/v2\/media\/129638"}],"wp:attachment":[{"href":"https:\/\/www.24gliwice.pl\/wiadomosci\/wp-json\/wp\/v2\/media?parent=129442"}],"wp:term":[{"taxonomy":"category","embeddable":true,"href":"https:\/\/www.24gliwice.pl\/wiadomosci\/wp-json\/wp\/v2\/categories?post=129442"},{"taxonomy":"post_tag","embeddable":true,"href":"https:\/\/www.24gliwice.pl\/wiadomosci\/wp-json\/wp\/v2\/tags?post=129442"}],"curies":[{"name":"wp","href":"https:\/\/api.w.org\/{rel}","templated":true}]}}