{"id":129508,"date":"2019-01-29T11:19:22","date_gmt":"2019-01-29T10:19:22","guid":{"rendered":"https:\/\/www.24gliwice.pl\/wiadomosci\/?p=129508"},"modified":"2019-01-29T11:55:20","modified_gmt":"2019-01-29T10:55:20","slug":"od-rysy-na-szybie-po-kradziez-samochodu-za-co-dostaniesz-pieniadze-jesli-masz-autocasco-w-2019-roku","status":"publish","type":"post","link":"https:\/\/www.24gliwice.pl\/wiadomosci\/od-rysy-na-szybie-po-kradziez-samochodu-za-co-dostaniesz-pieniadze-jesli-masz-autocasco-w-2019-roku\/","title":{"rendered":"Od rysy na szybie po kradzie\u017c samochodu \u2014  za co dostaniesz pieni\u0105dze je\u015bli masz autocasco w 2019 roku?"},"content":{"rendered":"<div class=\"gliwi-a6-nad-leadem-artykulow gliwi-entity-placement\" id=\"gliwi-1498335516\"><div class=\"gliwi-adlabel\"><span style=\"font-size: 9px\">REKLAMA<\/span><\/div><div id=\"gliwi-1935164099\" style=\"margin-bottom: 25px;margin-left: auto;margin-right: auto;text-align: center;\"><a data-no-instant=\"1\" href=\"https:\/\/dom100.eu\/\" rel=\"noopener\" class=\"a2t-link\" target=\"_blank\" aria-label=\"20260415 DOM100 D\"><img loading=\"lazy\" decoding=\"async\" src=\"https:\/\/www.24gliwice.pl\/wiadomosci\/wp-content\/uploads\/2026\/04\/20260415-DOM100-D.jpg\" alt=\"\"  srcset=\"https:\/\/www.24gliwice.pl\/wiadomosci\/wp-content\/uploads\/2026\/04\/20260415-DOM100-D.jpg 750w, https:\/\/www.24gliwice.pl\/wiadomosci\/wp-content\/uploads\/2026\/04\/20260415-DOM100-D-410x109.jpg 410w\" sizes=\"(max-width: 750px) 100vw, 750px\" class=\"no-lazyload\" width=\"750\" height=\"200\"  style=\"display: inline-block; max-width: 100%; height: auto;\" \/><\/a><\/div><\/div><h3>Autocasco to dobrowolne ubezpieczenie komunikacyjne, kt\u00f3re rekompensuje kierowcy straty finansowe powsta\u0142e na skutek dzia\u0142ania czynnik\u00f3w atmosferycznych (np. silnego deszczu) \u017cywio\u0142\u00f3w (np. ognia) czy os\u00f3b trzecich. Masz AC w formule all risk? A mo\u017ce wykupi\u0142e\u015b pakiet AC Mini? <\/h3>\n<p>Sprawd\u017a, za co dostaniesz pieni\u0105dze od firmy ubezpieczeniowej.<\/p>\n<p>Je\u015bli spowodujesz kolizj\u0119 lub wypadek, a Tw\u00f3j samoch\u00f3d posiada wa\u017cne OC, poszkodowani otrzymaj\u0105 odszkodowanie z Twojej polisy. Niestety, za napraw\u0119 swojego pojazdu b\u0119dziesz musia\u0142 zap\u0142aci\u0107 z w\u0142asnej kieszeni. Chyba \u017ce opr\u00f3cz polisy OC posiadasz tak\u017ce Autocasco. AC chroni kierowc\u00f3w od nast\u0119pstw nieprzewidzianych zdarze\u0144 na drodze: kolizji, wypadk\u00f3w i st\u0142uczek, dzia\u0142ania czynnik\u00f3w atmosferycznych, \u017cywio\u0142\u00f3w, czy os\u00f3b trzecich. Szczeg\u00f3\u0142owy zakres ochrony zale\u017cy od konkretnego towarzystwa oraz wybranego wariantu polisy.<\/p><div class=\"gliwi-a3-w-tresci-artykulow gliwi-entity-placement\" id=\"gliwi-3925220909\"><div class=\"gliwi-adlabel\"><span style=\"font-size: 9px\">REKLAMA<\/span><\/div><div id=\"gliwi-2186576010\" style=\"margin-bottom: 30px;margin-left: auto;margin-right: auto;text-align: center;\"><a data-no-instant=\"1\" href=\"https:\/\/zlobek.halogen.org.pl\/\" rel=\"noopener\" class=\"a2t-link\" target=\"_blank\" aria-label=\"animator-zlobek_750x200\"><img loading=\"lazy\" decoding=\"async\" src=\"https:\/\/www.24gliwice.pl\/wiadomosci\/wp-content\/uploads\/2026\/02\/animator-zlobek_750x200.webp\" alt=\"\"  srcset=\"https:\/\/www.24gliwice.pl\/wiadomosci\/wp-content\/uploads\/2026\/02\/animator-zlobek_750x200.webp 750w, https:\/\/www.24gliwice.pl\/wiadomosci\/wp-content\/uploads\/2026\/02\/animator-zlobek_750x200-410x109.webp 410w\" sizes=\"(max-width: 750px) 100vw, 750px\" class=\"no-lazyload\" width=\"750\" height=\"200\"  style=\"display: inline-block; max-width: 100%; height: auto;\" \/><\/a><\/div><\/div>\n<h2>AC all risks<\/h2>\n<p>Najszersz\u0105, kompleksow\u0105 ochron\u0119 ubezpieczeniow\u0105 zapewnia Autocasco w wariancie all risk. Je\u015bli wykupisz tak\u0105 polis\u0119, ubezpieczyciel wyp\u0142aci odszkodowania za wszystkie zdarzenia, kt\u00f3re nie zosta\u0142y uwzgl\u0119dnione w wy\u0142\u0105czeniach odpowiedzialno\u015bci wskazanych w Og\u00f3lnych Warunkach Ubezpieczenia:<\/p>\n<ul>\n<li>uszkodzenia pojazdu na skutek wypadku, kolizji lub st\u0142uczki (z innym pojazdem, obiektem lub zwierz\u0119ciem),<\/li>\n<li>szkody parkingowe,<\/li>\n<li>akty wandalizmu,<\/li>\n<li>podpalenia,<\/li>\n<li>zatopienia,<\/li>\n<li>kradzie\u017c pojazdu.<\/li>\n<\/ul>\n<h2>Kiedy nie dostaniesz odszkodowania z autocasco all risks?<\/h2>\n<p>Na pocz\u0105tku stycznia pod wiaduktem przy ul. Piwnej w Gliwicach dosz\u0142o do kolizji. M\u0142ody kierowca Volkswagena wjecha\u0142 w policyjny radiow\u00f3z. Czy autocasco w formule all risk zapewni mu wyp\u0142at\u0119 odszkodowania? Teoretycznie tak. Jak si\u0119 jednak okaza\u0142o, m\u0119\u017cczyzna prowadzi\u0142 pojazd pod wp\u0142ywem alkoholu, a jego samoch\u00f3d nie mia\u0142 przegl\u0105du technicznego. W takim przypadku ubezpieczyciel nie wyp\u0142aci odszkodowania.<\/p>\n<p>Je\u015bli:<\/p>\n<ul>\n<li>wyrz\u0105dzi\u0142e\u015b szkod\u0119 umy\u015blnie, pod wp\u0142ywem alkoholu lub innego \u015brodku odurzaj\u0105cego,<\/li>\n<li>uciek\u0142e\u015b z miejsca zdarzenia,<\/li>\n<li>wykorzystywa\u0142e\u015b pojazd niezgodnie z przeznaczeniem,<\/li>\n<li>w chwili kradzie\u017cy auto nie mia\u0142o wszystkich zadeklarowanych przez zabezpiecze\u0144 antykradzie\u017cowych,<\/li>\n<\/ul>\n<p>nie otrzymasz \u015bwiadczenia z AC.<\/p>\n<p>Zanim wybierzesz polis\u0119 w formule all risk zapoznaj si\u0119 z list\u0105 wy\u0142\u0105cze\u0144.<\/p>\n<h2>AC o w\u0119\u017cszym zakresie<\/h2>\n<p>Ze wzgl\u0119du na bardzo szeroki zakres ochrony ubezpieczenia AC w formule all risk s\u0105 najdro\u017csze. Je\u015bli nie mo\u017cesz pozwoli\u0107 sobie na taki wydatek, si\u0119gnij po tradycyjne, ta\u0144sze. AC. Takie polisy zapewniaj\u0105 ochron\u0119 od konkretnych, nazwanych przez ubezpieczyciela ryzyk:<\/p>\n<ul>\n<li>kradzie\u017cy,<\/li>\n<li>dzia\u0142ania \u017cywio\u0142\u00f3w,<\/li>\n<li>zderzenia z innym pojazdem czy ze zwierz\u0119ciem,<\/li>\n<li>uszkodzenia szyb,<\/li>\n<li>akt\u00f3w wandalizmu.<\/li>\n<\/ul>\n<p>Wszystkie zdarzenia obj\u0119te ochron\u0105 s\u0105 wymienione oraz szczeg\u00f3\u0142owo zdefiniowane w Og\u00f3lnych Warunkach Ubezpieczenia. Je\u015bli dojdzie do sytuacji, nieuwzgl\u0119dnionej na li\u015bcie towarzystwa, ubezpieczyciel nie wyp\u0142aci odszkodowania.<\/p>\n<h2>Kiedy nie dostaniesz odszkodowania po kradzie\u017cy auta?<\/h2>\n<p>Jaki\u015b czas temu gliwicka policja ostrzega\u0142a przed m\u0119\u017cczyznami, kt\u00f3rzy stosuj\u0105c metod\u0119 \u201ena walizk\u0119\u201d, kradli luksusowe samochody. Zwi\u0119kszone ryzyko utraty wymarzonych 4 k\u00f3\u0142ek dla wielu kierowc\u00f3w sta\u0142o si\u0119 impulsem do zakupu autocasco. Niestety, przypadkowy wyb\u00f3r ubezpieczyciela m\u00f3g\u0142 przynie\u015b\u0107 im zdecydowanie wi\u0119cej szkody ni\u017c po\u017cytku.<\/p>\n<p>Dlaczego?<\/p>\n<p>Je\u015bli si\u0119gn\u0119li po pierwsz\u0105 lepsz\u0105 polis\u0119, kt\u00f3ra nie przewiduje wyp\u0142aty odszkodowania w przypadku kradzie\u017cy auta, nie dostali \u015bwiadczenia. Co wi\u0119cej \u2014 nawet je\u015bli kupili AC z ochron\u0105 uwzgl\u0119dniaj\u0105ca kradzie\u017c, jednak nie zamontowali w swoim aucie wymaganych przez ubezpieczyciela zabezpiecze\u0144 \u2014 tak\u017ce nie otrzymali ani z\u0142ot\u00f3wki.<\/p>\n<p>Przed zawarciem umowy, dog\u0142\u0119bnie przeanalizuj zapisy OWU. Wybieraj\u0105c wariant AC, zadbaj o to, by dostosowa\u0107 parametry i zakres ochrony do w\u0142asnych potrzeb. Dzi\u0119ki temu polisa oka\u017ce si\u0119 naprawd\u0119 u\u017cyteczna i spe\u0142ni swoj\u0105 funkcj\u0119.<\/p>\n<h2>Jak wybra\u0107 najlepsze autocasco?<\/h2>\n<p>Aby wybra\u0107 najlepsz\u0105 polis\u0119, dostosowan\u0105 nie tylko do potrzeb, ale r\u00f3wnie\u017c do zasobno\u015bci portfela, skorzystaj z por\u00f3wnywarki ubezpiecze\u0144 <a href=\"https:\/\/mubi.pl\/\">Mubi<\/a>.<\/p>\n<p>Wype\u0142niaj\u0105c jeden prosty formularz, poznasz i por\u00f3wnasz oferty kilkunastu TU. <a href=\"https:\/\/mubi.pl\/ubezpieczenie-samochodu\/ubezpieczenie-ac\/\">Ubezpieczenie AC w por\u00f3wnywarce Mubi<\/a> jest dost\u0119pne w wielu r\u00f3\u017cnych zakresach i cenach. Po wys\u0142aniu formularza otrzymasz list\u0119 ofert kilku, kilkunastu lub nawet kilkudziesi\u0119ciu ubezpieczycieli, kt\u00f3re mo\u017cesz sortowa\u0107 wed\u0142ug cen.<\/p>\n<p>Dzi\u0119ki Mubi nie tylko por\u00f3wnasz warianty i ceny AC, ale r\u00f3wnie\u017c zawrzesz polis\u0119 i op\u0142acisz sk\u0142adk\u0119. W dogodnym dla siebie czasie, siedz\u0105c wygodnie przed ekranem komputera.<\/p>\n<div class=\"gliwi-a5-na-koncu-artykulow gliwi-entity-placement\" id=\"gliwi-398932463\"><div class=\"gliwi-adlabel\"><span style=\"font-size: 9px\">REKLAMA<\/span><\/div><div id=\"gliwi-777675967\" style=\"margin-left: auto;margin-right: auto;text-align: center;\"><a data-no-instant=\"1\" href=\"https:\/\/prezeroarenagliwice.pl\/\" rel=\"noopener\" class=\"a2t-link\" target=\"_blank\" aria-label=\"20260309-PREZERO-WIOSNA-D\"><img loading=\"lazy\" decoding=\"async\" src=\"https:\/\/www.24gliwice.pl\/wiadomosci\/wp-content\/uploads\/2026\/03\/20260309-PREZERO-WIOSNA-D.webp\" alt=\"\"  srcset=\"https:\/\/www.24gliwice.pl\/wiadomosci\/wp-content\/uploads\/2026\/03\/20260309-PREZERO-WIOSNA-D.webp 750w, https:\/\/www.24gliwice.pl\/wiadomosci\/wp-content\/uploads\/2026\/03\/20260309-PREZERO-WIOSNA-D-410x109.webp 410w\" sizes=\"(max-width: 750px) 100vw, 750px\" class=\"no-lazyload\" width=\"750\" height=\"200\"  style=\"display: inline-block; max-width: 100%; height: auto;\" \/><\/a><\/div><\/div>","protected":false},"excerpt":{"rendered":"<p>Autocasco to dobrowolne ubezpieczenie komunikacyjne, kt\u00f3re rekompensuje kierowcy straty finansowe powsta\u0142e na skutek dzia\u0142ania czynnik\u00f3w atmosferycznych (np. silnego deszczu) \u017cywio\u0142\u00f3w (np. ognia) czy os\u00f3b trzecich. Masz AC w formule all risk? A mo\u017ce wykupi\u0142e\u015b pakiet AC Mini? Sprawd\u017a, za co dostaniesz pieni\u0105dze od firmy ubezpieczeniowej. Je\u015bli spowodujesz kolizj\u0119 lub wypadek, a Tw\u00f3j samoch\u00f3d posiada wa\u017cne [&hellip;]<\/p>\n","protected":false},"author":4,"featured_media":129510,"comment_status":"closed","ping_status":"closed","sticky":false,"template":"","format":"standard","meta":{"_monsterinsights_skip_tracking":false,"_monsterinsights_sitenote_active":false,"_monsterinsights_sitenote_note":"","_monsterinsights_sitenote_category":0,"footnotes":"","_links_to":"","_links_to_target":""},"categories":[1129],"tags":[14729,7589,10541,7726,14670],"class_list":["post-129508","post","type-post","status-publish","format-standard","has-post-thumbnail","hentry","category-polecamy","tag-autocasco","tag-oc","tag-polisa","tag-ubezpieczenia","tag-ubezpieczenie-samochodu"],"yoast_head":"<!-- This site is optimized with the Yoast SEO plugin v27.4 - https:\/\/yoast.com\/product\/yoast-seo-wordpress\/ -->\n<title>Od rysy na szybie po kradzie\u017c samochodu \u2014 za co dostaniesz pieni\u0105dze je\u015bli masz autocasco w 2019 roku? - 24GLIWICE - Portal Gliwice | codziennie nowe informacje<\/title>\n<meta name=\"robots\" content=\"index, follow, max-snippet:-1, max-image-preview:large, max-video-preview:-1\" \/>\n<link rel=\"canonical\" href=\"https:\/\/www.24gliwice.pl\/wiadomosci\/od-rysy-na-szybie-po-kradziez-samochodu-za-co-dostaniesz-pieniadze-jesli-masz-autocasco-w-2019-roku\/\" \/>\n<meta property=\"og:locale\" content=\"pl_PL\" \/>\n<meta property=\"og:type\" content=\"article\" \/>\n<meta property=\"og:title\" content=\"Od rysy na szybie po kradzie\u017c samochodu \u2014 za co dostaniesz pieni\u0105dze je\u015bli masz autocasco w 2019 roku? - 24GLIWICE - Portal Gliwice | codziennie nowe informacje\" \/>\n<meta property=\"og:description\" content=\"Autocasco to dobrowolne ubezpieczenie komunikacyjne, kt\u00f3re rekompensuje kierowcy straty finansowe powsta\u0142e na skutek dzia\u0142ania czynnik\u00f3w atmosferycznych (np. silnego deszczu) \u017cywio\u0142\u00f3w (np. ognia) czy os\u00f3b trzecich. Masz AC w formule all risk? A mo\u017ce wykupi\u0142e\u015b pakiet AC Mini? Sprawd\u017a, za co dostaniesz pieni\u0105dze od firmy ubezpieczeniowej. Je\u015bli spowodujesz kolizj\u0119 lub wypadek, a Tw\u00f3j samoch\u00f3d posiada wa\u017cne [&hellip;]\" \/>\n<meta property=\"og:url\" content=\"https:\/\/www.24gliwice.pl\/wiadomosci\/od-rysy-na-szybie-po-kradziez-samochodu-za-co-dostaniesz-pieniadze-jesli-masz-autocasco-w-2019-roku\/\" \/>\n<meta property=\"og:site_name\" content=\"24GLIWICE - Portal Gliwice | codziennie nowe informacje\" \/>\n<meta property=\"article:publisher\" content=\"https:\/\/www.facebook.com\/24gliwice\" \/>\n<meta property=\"article:author\" content=\"https:\/\/www.facebook.com\/marcin.fabrykowski\" \/>\n<meta property=\"article:published_time\" content=\"2019-01-29T10:19:22+00:00\" \/>\n<meta property=\"article:modified_time\" content=\"2019-01-29T10:55:20+00:00\" \/>\n<meta property=\"og:image\" content=\"https:\/\/www.24gliwice.pl\/wiadomosci\/wp-content\/uploads\/2019\/01\/ubezpieczenie-samochodu.jpg\" \/>\n\t<meta property=\"og:image:width\" content=\"1303\" \/>\n\t<meta property=\"og:image:height\" content=\"651\" \/>\n\t<meta property=\"og:image:type\" content=\"image\/jpeg\" \/>\n<meta name=\"author\" content=\"Marcin Fabrykowski\" \/>\n<meta name=\"twitter:card\" content=\"summary_large_image\" \/>\n<meta name=\"twitter:creator\" content=\"@24gliwice\" \/>\n<meta name=\"twitter:site\" content=\"@24gliwice\" \/>\n<meta name=\"twitter:label1\" content=\"Napisane przez\" \/>\n\t<meta name=\"twitter:data1\" content=\"Marcin Fabrykowski\" \/>\n\t<meta name=\"twitter:label2\" content=\"Szacowany czas czytania\" \/>\n\t<meta name=\"twitter:data2\" content=\"4 minuty\" \/>\n<script type=\"application\/ld+json\" class=\"yoast-schema-graph\">{\"@context\":\"https:\\\/\\\/schema.org\",\"@graph\":[{\"@type\":\"Article\",\"@id\":\"https:\\\/\\\/www.24gliwice.pl\\\/wiadomosci\\\/od-rysy-na-szybie-po-kradziez-samochodu-za-co-dostaniesz-pieniadze-jesli-masz-autocasco-w-2019-roku\\\/#article\",\"isPartOf\":{\"@id\":\"https:\\\/\\\/www.24gliwice.pl\\\/wiadomosci\\\/od-rysy-na-szybie-po-kradziez-samochodu-za-co-dostaniesz-pieniadze-jesli-masz-autocasco-w-2019-roku\\\/\"},\"author\":{\"name\":\"Marcin Fabrykowski\",\"@id\":\"https:\\\/\\\/www.24gliwice.pl\\\/wiadomosci\\\/#\\\/schema\\\/person\\\/cb5857e4a4d048c15984c1edcc8ef0c0\"},\"headline\":\"Od rysy na szybie po kradzie\u017c samochodu \u2014 za co dostaniesz pieni\u0105dze je\u015bli masz autocasco w 2019 roku?\",\"datePublished\":\"2019-01-29T10:19:22+00:00\",\"dateModified\":\"2019-01-29T10:55:20+00:00\",\"mainEntityOfPage\":{\"@id\":\"https:\\\/\\\/www.24gliwice.pl\\\/wiadomosci\\\/od-rysy-na-szybie-po-kradziez-samochodu-za-co-dostaniesz-pieniadze-jesli-masz-autocasco-w-2019-roku\\\/\"},\"wordCount\":728,\"publisher\":{\"@id\":\"https:\\\/\\\/www.24gliwice.pl\\\/wiadomosci\\\/#organization\"},\"image\":{\"@id\":\"https:\\\/\\\/www.24gliwice.pl\\\/wiadomosci\\\/od-rysy-na-szybie-po-kradziez-samochodu-za-co-dostaniesz-pieniadze-jesli-masz-autocasco-w-2019-roku\\\/#primaryimage\"},\"thumbnailUrl\":\"https:\\\/\\\/www.24gliwice.pl\\\/wiadomosci\\\/wp-content\\\/uploads\\\/2019\\\/01\\\/ubezpieczenie-samochodu.jpg\",\"keywords\":[\"autocasco\",\"oc\",\"polisa\",\"ubezpieczenia\",\"ubezpieczenie samochodu\"],\"articleSection\":[\"Polecamy\"],\"inLanguage\":\"pl-PL\"},{\"@type\":\"WebPage\",\"@id\":\"https:\\\/\\\/www.24gliwice.pl\\\/wiadomosci\\\/od-rysy-na-szybie-po-kradziez-samochodu-za-co-dostaniesz-pieniadze-jesli-masz-autocasco-w-2019-roku\\\/\",\"url\":\"https:\\\/\\\/www.24gliwice.pl\\\/wiadomosci\\\/od-rysy-na-szybie-po-kradziez-samochodu-za-co-dostaniesz-pieniadze-jesli-masz-autocasco-w-2019-roku\\\/\",\"name\":\"Od rysy na szybie po kradzie\u017c samochodu \u2014 za co dostaniesz pieni\u0105dze je\u015bli masz autocasco w 2019 roku? - 24GLIWICE - Portal Gliwice | codziennie nowe informacje\",\"isPartOf\":{\"@id\":\"https:\\\/\\\/www.24gliwice.pl\\\/wiadomosci\\\/#website\"},\"primaryImageOfPage\":{\"@id\":\"https:\\\/\\\/www.24gliwice.pl\\\/wiadomosci\\\/od-rysy-na-szybie-po-kradziez-samochodu-za-co-dostaniesz-pieniadze-jesli-masz-autocasco-w-2019-roku\\\/#primaryimage\"},\"image\":{\"@id\":\"https:\\\/\\\/www.24gliwice.pl\\\/wiadomosci\\\/od-rysy-na-szybie-po-kradziez-samochodu-za-co-dostaniesz-pieniadze-jesli-masz-autocasco-w-2019-roku\\\/#primaryimage\"},\"thumbnailUrl\":\"https:\\\/\\\/www.24gliwice.pl\\\/wiadomosci\\\/wp-content\\\/uploads\\\/2019\\\/01\\\/ubezpieczenie-samochodu.jpg\",\"datePublished\":\"2019-01-29T10:19:22+00:00\",\"dateModified\":\"2019-01-29T10:55:20+00:00\",\"breadcrumb\":{\"@id\":\"https:\\\/\\\/www.24gliwice.pl\\\/wiadomosci\\\/od-rysy-na-szybie-po-kradziez-samochodu-za-co-dostaniesz-pieniadze-jesli-masz-autocasco-w-2019-roku\\\/#breadcrumb\"},\"inLanguage\":\"pl-PL\",\"potentialAction\":[{\"@type\":\"ReadAction\",\"target\":[\"https:\\\/\\\/www.24gliwice.pl\\\/wiadomosci\\\/od-rysy-na-szybie-po-kradziez-samochodu-za-co-dostaniesz-pieniadze-jesli-masz-autocasco-w-2019-roku\\\/\"]}]},{\"@type\":\"ImageObject\",\"inLanguage\":\"pl-PL\",\"@id\":\"https:\\\/\\\/www.24gliwice.pl\\\/wiadomosci\\\/od-rysy-na-szybie-po-kradziez-samochodu-za-co-dostaniesz-pieniadze-jesli-masz-autocasco-w-2019-roku\\\/#primaryimage\",\"url\":\"https:\\\/\\\/www.24gliwice.pl\\\/wiadomosci\\\/wp-content\\\/uploads\\\/2019\\\/01\\\/ubezpieczenie-samochodu.jpg\",\"contentUrl\":\"https:\\\/\\\/www.24gliwice.pl\\\/wiadomosci\\\/wp-content\\\/uploads\\\/2019\\\/01\\\/ubezpieczenie-samochodu.jpg\",\"width\":1303,\"height\":651},{\"@type\":\"BreadcrumbList\",\"@id\":\"https:\\\/\\\/www.24gliwice.pl\\\/wiadomosci\\\/od-rysy-na-szybie-po-kradziez-samochodu-za-co-dostaniesz-pieniadze-jesli-masz-autocasco-w-2019-roku\\\/#breadcrumb\",\"itemListElement\":[{\"@type\":\"ListItem\",\"position\":1,\"name\":\"Strona g\u0142\u00f3wna\",\"item\":\"https:\\\/\\\/www.24gliwice.pl\\\/wiadomosci\\\/\"},{\"@type\":\"ListItem\",\"position\":2,\"name\":\"Od rysy na szybie po kradzie\u017c samochodu \u2014 za co dostaniesz pieni\u0105dze je\u015bli masz autocasco w 2019 roku?\"}]},{\"@type\":\"WebSite\",\"@id\":\"https:\\\/\\\/www.24gliwice.pl\\\/wiadomosci\\\/#website\",\"url\":\"https:\\\/\\\/www.24gliwice.pl\\\/wiadomosci\\\/\",\"name\":\"24GLIWICE - Portal Gliwice | codziennie nowe wiadomo\u015bci\",\"description\":\"Portal Miejski Gliwice\",\"publisher\":{\"@id\":\"https:\\\/\\\/www.24gliwice.pl\\\/wiadomosci\\\/#organization\"},\"potentialAction\":[{\"@type\":\"SearchAction\",\"target\":{\"@type\":\"EntryPoint\",\"urlTemplate\":\"https:\\\/\\\/www.24gliwice.pl\\\/wiadomosci\\\/?s={search_term_string}\"},\"query-input\":{\"@type\":\"PropertyValueSpecification\",\"valueRequired\":true,\"valueName\":\"search_term_string\"}}],\"inLanguage\":\"pl-PL\"},{\"@type\":\"Organization\",\"@id\":\"https:\\\/\\\/www.24gliwice.pl\\\/wiadomosci\\\/#organization\",\"name\":\"24gliwice\",\"url\":\"https:\\\/\\\/www.24gliwice.pl\\\/wiadomosci\\\/\",\"logo\":{\"@type\":\"ImageObject\",\"inLanguage\":\"pl-PL\",\"@id\":\"https:\\\/\\\/www.24gliwice.pl\\\/wiadomosci\\\/#\\\/schema\\\/logo\\\/image\\\/\",\"url\":\"https:\\\/\\\/www.24gliwice.pl\\\/wiadomosci\\\/wp-content\\\/uploads\\\/2024\\\/10\\\/24gliwice-logo-696.jpg\",\"contentUrl\":\"https:\\\/\\\/www.24gliwice.pl\\\/wiadomosci\\\/wp-content\\\/uploads\\\/2024\\\/10\\\/24gliwice-logo-696.jpg\",\"width\":696,\"height\":696,\"caption\":\"24gliwice\"},\"image\":{\"@id\":\"https:\\\/\\\/www.24gliwice.pl\\\/wiadomosci\\\/#\\\/schema\\\/logo\\\/image\\\/\"},\"sameAs\":[\"https:\\\/\\\/www.facebook.com\\\/24gliwice\",\"https:\\\/\\\/x.com\\\/24gliwice\",\"https:\\\/\\\/www.youtube.com\\\/@24gliwice\"]},{\"@type\":\"Person\",\"@id\":\"https:\\\/\\\/www.24gliwice.pl\\\/wiadomosci\\\/#\\\/schema\\\/person\\\/cb5857e4a4d048c15984c1edcc8ef0c0\",\"name\":\"Marcin Fabrykowski\",\"image\":{\"@type\":\"ImageObject\",\"inLanguage\":\"pl-PL\",\"@id\":\"https:\\\/\\\/www.24gliwice.pl\\\/wiadomosci\\\/wp-content\\\/uploads\\\/2025\\\/11\\\/zdjecie-moje-marcin-300-96x96.jpg\",\"url\":\"https:\\\/\\\/www.24gliwice.pl\\\/wiadomosci\\\/wp-content\\\/uploads\\\/2025\\\/11\\\/zdjecie-moje-marcin-300-96x96.jpg\",\"contentUrl\":\"https:\\\/\\\/www.24gliwice.pl\\\/wiadomosci\\\/wp-content\\\/uploads\\\/2025\\\/11\\\/zdjecie-moje-marcin-300-96x96.jpg\",\"caption\":\"Marcin Fabrykowski\"},\"sameAs\":[\"http:\\\/\\\/24gliwice.pl\",\"https:\\\/\\\/www.facebook.com\\\/marcin.fabrykowski\"],\"url\":\"https:\\\/\\\/www.24gliwice.pl\\\/wiadomosci\\\/author\\\/marcin-fabrykowski\\\/\"}]}<\/script>\n<!-- \/ Yoast SEO plugin. -->","yoast_head_json":{"title":"Od rysy na szybie po kradzie\u017c samochodu \u2014 za co dostaniesz pieni\u0105dze je\u015bli masz autocasco w 2019 roku? - 24GLIWICE - Portal Gliwice | codziennie nowe informacje","robots":{"index":"index","follow":"follow","max-snippet":"max-snippet:-1","max-image-preview":"max-image-preview:large","max-video-preview":"max-video-preview:-1"},"canonical":"https:\/\/www.24gliwice.pl\/wiadomosci\/od-rysy-na-szybie-po-kradziez-samochodu-za-co-dostaniesz-pieniadze-jesli-masz-autocasco-w-2019-roku\/","og_locale":"pl_PL","og_type":"article","og_title":"Od rysy na szybie po kradzie\u017c samochodu \u2014 za co dostaniesz pieni\u0105dze je\u015bli masz autocasco w 2019 roku? - 24GLIWICE - Portal Gliwice | codziennie nowe informacje","og_description":"Autocasco to dobrowolne ubezpieczenie komunikacyjne, kt\u00f3re rekompensuje kierowcy straty finansowe powsta\u0142e na skutek dzia\u0142ania czynnik\u00f3w atmosferycznych (np. silnego deszczu) \u017cywio\u0142\u00f3w (np. ognia) czy os\u00f3b trzecich. Masz AC w formule all risk? A mo\u017ce wykupi\u0142e\u015b pakiet AC Mini? Sprawd\u017a, za co dostaniesz pieni\u0105dze od firmy ubezpieczeniowej. Je\u015bli spowodujesz kolizj\u0119 lub wypadek, a Tw\u00f3j samoch\u00f3d posiada wa\u017cne [&hellip;]","og_url":"https:\/\/www.24gliwice.pl\/wiadomosci\/od-rysy-na-szybie-po-kradziez-samochodu-za-co-dostaniesz-pieniadze-jesli-masz-autocasco-w-2019-roku\/","og_site_name":"24GLIWICE - Portal Gliwice | codziennie nowe informacje","article_publisher":"https:\/\/www.facebook.com\/24gliwice","article_author":"https:\/\/www.facebook.com\/marcin.fabrykowski","article_published_time":"2019-01-29T10:19:22+00:00","article_modified_time":"2019-01-29T10:55:20+00:00","og_image":[{"width":1303,"height":651,"url":"https:\/\/www.24gliwice.pl\/wiadomosci\/wp-content\/uploads\/2019\/01\/ubezpieczenie-samochodu.jpg","type":"image\/jpeg"}],"author":"Marcin Fabrykowski","twitter_card":"summary_large_image","twitter_creator":"@24gliwice","twitter_site":"@24gliwice","twitter_misc":{"Napisane przez":"Marcin Fabrykowski","Szacowany czas czytania":"4 minuty"},"schema":{"@context":"https:\/\/schema.org","@graph":[{"@type":"Article","@id":"https:\/\/www.24gliwice.pl\/wiadomosci\/od-rysy-na-szybie-po-kradziez-samochodu-za-co-dostaniesz-pieniadze-jesli-masz-autocasco-w-2019-roku\/#article","isPartOf":{"@id":"https:\/\/www.24gliwice.pl\/wiadomosci\/od-rysy-na-szybie-po-kradziez-samochodu-za-co-dostaniesz-pieniadze-jesli-masz-autocasco-w-2019-roku\/"},"author":{"name":"Marcin Fabrykowski","@id":"https:\/\/www.24gliwice.pl\/wiadomosci\/#\/schema\/person\/cb5857e4a4d048c15984c1edcc8ef0c0"},"headline":"Od rysy na szybie po kradzie\u017c samochodu \u2014 za co dostaniesz pieni\u0105dze je\u015bli masz autocasco w 2019 roku?","datePublished":"2019-01-29T10:19:22+00:00","dateModified":"2019-01-29T10:55:20+00:00","mainEntityOfPage":{"@id":"https:\/\/www.24gliwice.pl\/wiadomosci\/od-rysy-na-szybie-po-kradziez-samochodu-za-co-dostaniesz-pieniadze-jesli-masz-autocasco-w-2019-roku\/"},"wordCount":728,"publisher":{"@id":"https:\/\/www.24gliwice.pl\/wiadomosci\/#organization"},"image":{"@id":"https:\/\/www.24gliwice.pl\/wiadomosci\/od-rysy-na-szybie-po-kradziez-samochodu-za-co-dostaniesz-pieniadze-jesli-masz-autocasco-w-2019-roku\/#primaryimage"},"thumbnailUrl":"https:\/\/www.24gliwice.pl\/wiadomosci\/wp-content\/uploads\/2019\/01\/ubezpieczenie-samochodu.jpg","keywords":["autocasco","oc","polisa","ubezpieczenia","ubezpieczenie samochodu"],"articleSection":["Polecamy"],"inLanguage":"pl-PL"},{"@type":"WebPage","@id":"https:\/\/www.24gliwice.pl\/wiadomosci\/od-rysy-na-szybie-po-kradziez-samochodu-za-co-dostaniesz-pieniadze-jesli-masz-autocasco-w-2019-roku\/","url":"https:\/\/www.24gliwice.pl\/wiadomosci\/od-rysy-na-szybie-po-kradziez-samochodu-za-co-dostaniesz-pieniadze-jesli-masz-autocasco-w-2019-roku\/","name":"Od rysy na szybie po kradzie\u017c samochodu \u2014 za co dostaniesz pieni\u0105dze je\u015bli masz autocasco w 2019 roku? - 24GLIWICE - Portal Gliwice | codziennie nowe informacje","isPartOf":{"@id":"https:\/\/www.24gliwice.pl\/wiadomosci\/#website"},"primaryImageOfPage":{"@id":"https:\/\/www.24gliwice.pl\/wiadomosci\/od-rysy-na-szybie-po-kradziez-samochodu-za-co-dostaniesz-pieniadze-jesli-masz-autocasco-w-2019-roku\/#primaryimage"},"image":{"@id":"https:\/\/www.24gliwice.pl\/wiadomosci\/od-rysy-na-szybie-po-kradziez-samochodu-za-co-dostaniesz-pieniadze-jesli-masz-autocasco-w-2019-roku\/#primaryimage"},"thumbnailUrl":"https:\/\/www.24gliwice.pl\/wiadomosci\/wp-content\/uploads\/2019\/01\/ubezpieczenie-samochodu.jpg","datePublished":"2019-01-29T10:19:22+00:00","dateModified":"2019-01-29T10:55:20+00:00","breadcrumb":{"@id":"https:\/\/www.24gliwice.pl\/wiadomosci\/od-rysy-na-szybie-po-kradziez-samochodu-za-co-dostaniesz-pieniadze-jesli-masz-autocasco-w-2019-roku\/#breadcrumb"},"inLanguage":"pl-PL","potentialAction":[{"@type":"ReadAction","target":["https:\/\/www.24gliwice.pl\/wiadomosci\/od-rysy-na-szybie-po-kradziez-samochodu-za-co-dostaniesz-pieniadze-jesli-masz-autocasco-w-2019-roku\/"]}]},{"@type":"ImageObject","inLanguage":"pl-PL","@id":"https:\/\/www.24gliwice.pl\/wiadomosci\/od-rysy-na-szybie-po-kradziez-samochodu-za-co-dostaniesz-pieniadze-jesli-masz-autocasco-w-2019-roku\/#primaryimage","url":"https:\/\/www.24gliwice.pl\/wiadomosci\/wp-content\/uploads\/2019\/01\/ubezpieczenie-samochodu.jpg","contentUrl":"https:\/\/www.24gliwice.pl\/wiadomosci\/wp-content\/uploads\/2019\/01\/ubezpieczenie-samochodu.jpg","width":1303,"height":651},{"@type":"BreadcrumbList","@id":"https:\/\/www.24gliwice.pl\/wiadomosci\/od-rysy-na-szybie-po-kradziez-samochodu-za-co-dostaniesz-pieniadze-jesli-masz-autocasco-w-2019-roku\/#breadcrumb","itemListElement":[{"@type":"ListItem","position":1,"name":"Strona g\u0142\u00f3wna","item":"https:\/\/www.24gliwice.pl\/wiadomosci\/"},{"@type":"ListItem","position":2,"name":"Od rysy na szybie po kradzie\u017c samochodu \u2014 za co dostaniesz pieni\u0105dze je\u015bli masz autocasco w 2019 roku?"}]},{"@type":"WebSite","@id":"https:\/\/www.24gliwice.pl\/wiadomosci\/#website","url":"https:\/\/www.24gliwice.pl\/wiadomosci\/","name":"24GLIWICE - Portal Gliwice | codziennie nowe wiadomo\u015bci","description":"Portal Miejski Gliwice","publisher":{"@id":"https:\/\/www.24gliwice.pl\/wiadomosci\/#organization"},"potentialAction":[{"@type":"SearchAction","target":{"@type":"EntryPoint","urlTemplate":"https:\/\/www.24gliwice.pl\/wiadomosci\/?s={search_term_string}"},"query-input":{"@type":"PropertyValueSpecification","valueRequired":true,"valueName":"search_term_string"}}],"inLanguage":"pl-PL"},{"@type":"Organization","@id":"https:\/\/www.24gliwice.pl\/wiadomosci\/#organization","name":"24gliwice","url":"https:\/\/www.24gliwice.pl\/wiadomosci\/","logo":{"@type":"ImageObject","inLanguage":"pl-PL","@id":"https:\/\/www.24gliwice.pl\/wiadomosci\/#\/schema\/logo\/image\/","url":"https:\/\/www.24gliwice.pl\/wiadomosci\/wp-content\/uploads\/2024\/10\/24gliwice-logo-696.jpg","contentUrl":"https:\/\/www.24gliwice.pl\/wiadomosci\/wp-content\/uploads\/2024\/10\/24gliwice-logo-696.jpg","width":696,"height":696,"caption":"24gliwice"},"image":{"@id":"https:\/\/www.24gliwice.pl\/wiadomosci\/#\/schema\/logo\/image\/"},"sameAs":["https:\/\/www.facebook.com\/24gliwice","https:\/\/x.com\/24gliwice","https:\/\/www.youtube.com\/@24gliwice"]},{"@type":"Person","@id":"https:\/\/www.24gliwice.pl\/wiadomosci\/#\/schema\/person\/cb5857e4a4d048c15984c1edcc8ef0c0","name":"Marcin Fabrykowski","image":{"@type":"ImageObject","inLanguage":"pl-PL","@id":"https:\/\/www.24gliwice.pl\/wiadomosci\/wp-content\/uploads\/2025\/11\/zdjecie-moje-marcin-300-96x96.jpg","url":"https:\/\/www.24gliwice.pl\/wiadomosci\/wp-content\/uploads\/2025\/11\/zdjecie-moje-marcin-300-96x96.jpg","contentUrl":"https:\/\/www.24gliwice.pl\/wiadomosci\/wp-content\/uploads\/2025\/11\/zdjecie-moje-marcin-300-96x96.jpg","caption":"Marcin Fabrykowski"},"sameAs":["http:\/\/24gliwice.pl","https:\/\/www.facebook.com\/marcin.fabrykowski"],"url":"https:\/\/www.24gliwice.pl\/wiadomosci\/author\/marcin-fabrykowski\/"}]}},"_links":{"self":[{"href":"https:\/\/www.24gliwice.pl\/wiadomosci\/wp-json\/wp\/v2\/posts\/129508","targetHints":{"allow":["GET"]}}],"collection":[{"href":"https:\/\/www.24gliwice.pl\/wiadomosci\/wp-json\/wp\/v2\/posts"}],"about":[{"href":"https:\/\/www.24gliwice.pl\/wiadomosci\/wp-json\/wp\/v2\/types\/post"}],"author":[{"embeddable":true,"href":"https:\/\/www.24gliwice.pl\/wiadomosci\/wp-json\/wp\/v2\/users\/4"}],"replies":[{"embeddable":true,"href":"https:\/\/www.24gliwice.pl\/wiadomosci\/wp-json\/wp\/v2\/comments?post=129508"}],"version-history":[{"count":2,"href":"https:\/\/www.24gliwice.pl\/wiadomosci\/wp-json\/wp\/v2\/posts\/129508\/revisions"}],"predecessor-version":[{"id":129513,"href":"https:\/\/www.24gliwice.pl\/wiadomosci\/wp-json\/wp\/v2\/posts\/129508\/revisions\/129513"}],"wp:featuredmedia":[{"embeddable":true,"href":"https:\/\/www.24gliwice.pl\/wiadomosci\/wp-json\/wp\/v2\/media\/129510"}],"wp:attachment":[{"href":"https:\/\/www.24gliwice.pl\/wiadomosci\/wp-json\/wp\/v2\/media?parent=129508"}],"wp:term":[{"taxonomy":"category","embeddable":true,"href":"https:\/\/www.24gliwice.pl\/wiadomosci\/wp-json\/wp\/v2\/categories?post=129508"},{"taxonomy":"post_tag","embeddable":true,"href":"https:\/\/www.24gliwice.pl\/wiadomosci\/wp-json\/wp\/v2\/tags?post=129508"}],"curies":[{"name":"wp","href":"https:\/\/api.w.org\/{rel}","templated":true}]}}