{"id":129690,"date":"2019-01-31T21:15:17","date_gmt":"2019-01-31T20:15:17","guid":{"rendered":"https:\/\/www.24gliwice.pl\/wiadomosci\/?p=129690"},"modified":"2019-01-31T21:16:30","modified_gmt":"2019-01-31T20:16:30","slug":"reflektor-trzymajacy-sie-na-tasmie-klejacej-brak-szyby-to-nie-problem-tak-kierowcy-dbaja-o-samochody","status":"publish","type":"post","link":"https:\/\/www.24gliwice.pl\/wiadomosci\/reflektor-trzymajacy-sie-na-tasmie-klejacej-brak-szyby-to-nie-problem-tak-kierowcy-dbaja-o-samochody\/","title":{"rendered":"Reflektor na ta\u015bmie klej\u0105cej czy brak szyby to nie problem. Tak kierowcy &#8220;dbaj\u0105&#8221; o samochody"},"content":{"rendered":"<div class=\"gliwi-a6-nad-leadem-artykulow gliwi-entity-placement\" id=\"gliwi-2119105534\"><div class=\"gliwi-adlabel\"><span style=\"font-size: 9px\">REKLAMA<\/span><\/div><div id=\"gliwi-3499965442\" style=\"margin-bottom: 25px;margin-left: auto;margin-right: auto;text-align: center;\"><a data-no-instant=\"1\" href=\"https:\/\/dom100.eu\/\" rel=\"noopener\" class=\"a2t-link\" target=\"_blank\" aria-label=\"20260415 DOM100 D\"><img loading=\"lazy\" decoding=\"async\" src=\"https:\/\/www.24gliwice.pl\/wiadomosci\/wp-content\/uploads\/2026\/04\/20260415-DOM100-D.jpg\" alt=\"\"  srcset=\"https:\/\/www.24gliwice.pl\/wiadomosci\/wp-content\/uploads\/2026\/04\/20260415-DOM100-D.jpg 750w, https:\/\/www.24gliwice.pl\/wiadomosci\/wp-content\/uploads\/2026\/04\/20260415-DOM100-D-410x109.jpg 410w\" sizes=\"(max-width: 750px) 100vw, 750px\" class=\"no-lazyload\" width=\"750\" height=\"200\"  style=\"display: inline-block; max-width: 100%; height: auto;\" \/><\/a><\/div><\/div><h3>W 2018 roku gliwiccy policjanci zatrzymali \u0142\u0105cznie ponad 1.8 tys. dowod\u00f3w rejestracyjnych. Kierowcy nie troszcz\u0105 si\u0119 o stan techniczny swoich samochod\u00f3w, a to niestety przek\u0142ada si\u0119 na bezpiecze\u0144stwo wszystkich uczestnik\u00f3w ruchu.<\/h3>\n<p>W\u0142a\u015bciciele pojazd\u00f3w zapominaj\u0105, \u017ce \u201e\u0142yse\u201d opony, niesprawny uk\u0142ad hamulcowy czy kierowniczy mog\u0105 by\u0107 przyczyn\u0105 kolizji lub powa\u017cnego wypadku. Z niekt\u00f3rych samochod\u00f3w ciekn\u0105 p\u0142yny techniczne, inne nadmiernie dymi\u0105 i zanieczyszczaj\u0105 \u015brodowisko.<\/p>\n<p>Policjanci s\u0105 uczulani, aby w takich sytuacjach bezwzgl\u0119dnie zatrzymywa\u0107 dowody rejestracyjne \u2013 czyni\u0105 to skutecznie. W ci\u0105gu ca\u0142ego 2018 roku a\u017c 1840 kierowc\u00f3w straci\u0142o dokumenty i musia\u0142o albo usun\u0105\u0107 usterk\u0119, albo wycofa\u0107 pojazd z eksploatacji.<\/p><div class=\"gliwi-a3-w-tresci-artykulow gliwi-entity-placement\" id=\"gliwi-3844040092\"><div class=\"gliwi-adlabel\"><span style=\"font-size: 9px\">REKLAMA<\/span><\/div><div id=\"gliwi-2240824134\" style=\"margin-bottom: 30px;margin-left: auto;margin-right: auto;text-align: center;\"><a data-no-instant=\"1\" href=\"https:\/\/zlobek.halogen.org.pl\/\" rel=\"noopener\" class=\"a2t-link\" target=\"_blank\" aria-label=\"animator-zlobek_750x200\"><img loading=\"lazy\" decoding=\"async\" src=\"https:\/\/www.24gliwice.pl\/wiadomosci\/wp-content\/uploads\/2026\/02\/animator-zlobek_750x200.webp\" alt=\"\"  srcset=\"https:\/\/www.24gliwice.pl\/wiadomosci\/wp-content\/uploads\/2026\/02\/animator-zlobek_750x200.webp 750w, https:\/\/www.24gliwice.pl\/wiadomosci\/wp-content\/uploads\/2026\/02\/animator-zlobek_750x200-410x109.webp 410w\" sizes=\"(max-width: 750px) 100vw, 750px\" class=\"no-lazyload\" width=\"750\" height=\"200\"  style=\"display: inline-block; max-width: 100%; height: auto;\" \/><\/a><\/div><\/div>\n<h4>Przyk\u0142adowe sytuacje<\/h4>\n<p>Kieruj\u0105ca fiatem, zatrzymana na ul. Chorzowskiej w Gliwicach nie widzia\u0142a problemu w je\u017adzie samochodem, kt\u00f3rego opony maj\u0105 starty bie\u017cnik (dodajmy \u2013 opony by\u0142y letnie). Rozbity zderzak przedni i st\u0142uczona, z\u0142\u0105czona ta\u015bm\u0105 klej\u0105c\u0105 lampa tylna te\u017c nie by\u0142y dla gliwiczanki problemem.<\/p>\n[perfectpullquote align=&#8221;full&#8221; bordertop=&#8221;false&#8221; cite=&#8221;&#8221; link=&#8221;&#8221; color=&#8221;&#8221; class=&#8221;&#8221; size=&#8221;&#8221;]61-letni katowiczanin, r\u00f3wnie\u017c zatrzymany w Gliwicach, podr\u00f3\u017cuj\u0105cy swoim mercedesem, by\u0142 przekonany, \u017ce z wybit\u0105 szyb\u0105 mo\u017cna je\u017adzi\u0107.[\/perfectpullquote]\n<p>Kierowcy zap\u0142acili mandaty, zatrzymano im te\u017c dowody rejestracyjne, kt\u00f3re trafi\u0105 do wydzia\u0142\u00f3w komunikacji w urz\u0119dach \u2013 b\u0119d\u0105 tam czeka\u0107, a\u017c wspomniani pa\u0144stwo doprowadz\u0105 swoje pojazdy do w\u0142a\u015bciwego stanu technicznego.<\/p>\n<p>(\u017cms)\/KMP Gliwice<\/p>\n<p><img loading=\"lazy\" decoding=\"async\" class=\"alignnone wp-image-129698\" src=\"https:\/\/www.24gliwice.pl\/wiadomosci\/wp-content\/uploads\/2019\/01\/mercedes-bez-szyby.jpg\" alt=\"\" width=\"1114\" height=\"1485\" srcset=\"https:\/\/www.24gliwice.pl\/wiadomosci\/wp-content\/uploads\/2019\/01\/mercedes-bez-szyby.jpg 576w, https:\/\/www.24gliwice.pl\/wiadomosci\/wp-content\/uploads\/2019\/01\/mercedes-bez-szyby-174x232.jpg 174w, https:\/\/www.24gliwice.pl\/wiadomosci\/wp-content\/uploads\/2019\/01\/mercedes-bez-szyby-341x455.jpg 341w\" sizes=\"auto, (max-width: 1114px) 100vw, 1114px\" \/><\/p>\n<p><img loading=\"lazy\" decoding=\"async\" src=\"https:\/\/www.24gliwice.pl\/wiadomosci\/wp-content\/uploads\/2019\/01\/rozbita-panda.jpg\" alt=\"\" width=\"888\" height=\"500\" class=\"alignnone size-full wp-image-129705\" srcset=\"https:\/\/www.24gliwice.pl\/wiadomosci\/wp-content\/uploads\/2019\/01\/rozbita-panda.jpg 888w, https:\/\/www.24gliwice.pl\/wiadomosci\/wp-content\/uploads\/2019\/01\/rozbita-panda-410x232.jpg 410w, https:\/\/www.24gliwice.pl\/wiadomosci\/wp-content\/uploads\/2019\/01\/rozbita-panda-768x432.jpg 768w, https:\/\/www.24gliwice.pl\/wiadomosci\/wp-content\/uploads\/2019\/01\/rozbita-panda-808x455.jpg 808w, https:\/\/www.24gliwice.pl\/wiadomosci\/wp-content\/uploads\/2019\/01\/rozbita-panda-810x456.jpg 810w\" sizes=\"auto, (max-width: 888px) 100vw, 888px\" \/><\/p>\n<div class=\"gliwi-a5-na-koncu-artykulow gliwi-entity-placement\" id=\"gliwi-1594048383\"><div class=\"gliwi-adlabel\"><span style=\"font-size: 9px\">REKLAMA<\/span><\/div><div id=\"gliwi-2453853698\" style=\"margin-left: auto;margin-right: auto;text-align: center;\"><a data-no-instant=\"1\" href=\"https:\/\/www.jasek.pl\/\" rel=\"noopener\" class=\"a2t-link\" target=\"_blank\" aria-label=\"20200401-jasek 600\"><img loading=\"lazy\" decoding=\"async\" src=\"https:\/\/www.24gliwice.pl\/wiadomosci\/wp-content\/uploads\/2020\/04\/20200401-jasek-600.jpg\" alt=\"\"  srcset=\"https:\/\/www.24gliwice.pl\/wiadomosci\/wp-content\/uploads\/2020\/04\/20200401-jasek-600.jpg 600w, https:\/\/www.24gliwice.pl\/wiadomosci\/wp-content\/uploads\/2020\/04\/20200401-jasek-600-410x109.jpg 410w\" sizes=\"(max-width: 600px) 100vw, 600px\" class=\"no-lazyload\" width=\"600\" height=\"160\"  style=\"display: inline-block; max-width: 100%; height: auto;\" \/><\/a><\/div><\/div>","protected":false},"excerpt":{"rendered":"<p>W 2018 roku gliwiccy policjanci zatrzymali \u0142\u0105cznie ponad 1.8 tys. dowod\u00f3w rejestracyjnych. Kierowcy nie troszcz\u0105 si\u0119 o stan techniczny swoich samochod\u00f3w, a to niestety przek\u0142ada si\u0119 na bezpiecze\u0144stwo wszystkich uczestnik\u00f3w ruchu. W\u0142a\u015bciciele pojazd\u00f3w zapominaj\u0105, \u017ce \u201e\u0142yse\u201d opony, niesprawny uk\u0142ad hamulcowy czy kierowniczy mog\u0105 by\u0107 przyczyn\u0105 kolizji lub powa\u017cnego wypadku. Z niekt\u00f3rych samochod\u00f3w ciekn\u0105 p\u0142yny techniczne, [&hellip;]<\/p>\n","protected":false},"author":15,"featured_media":129697,"comment_status":"open","ping_status":"closed","sticky":false,"template":"","format":"standard","meta":{"_monsterinsights_skip_tracking":false,"_monsterinsights_sitenote_active":false,"_monsterinsights_sitenote_note":"","_monsterinsights_sitenote_category":0,"footnotes":"","_links_to":"","_links_to_target":""},"categories":[3,1,5],"tags":[3617,733,8923],"class_list":["post-129690","post","type-post","status-publish","format-standard","has-post-thumbnail","hentry","category-gliwice","category-wszystko","category-kryminalki","tag-kmp","tag-policja","tag-przeglad"],"yoast_head":"<!-- This site is optimized with the Yoast SEO plugin v27.5 - https:\/\/yoast.com\/product\/yoast-seo-wordpress\/ -->\n<title>Reflektor na ta\u015bmie klej\u0105cej czy brak szyby to nie problem. Tak kierowcy &quot;dbaj\u0105&quot; o samochody - 24GLIWICE - Portal Gliwice | codziennie nowe informacje<\/title>\n<meta name=\"robots\" content=\"index, follow, max-snippet:-1, max-image-preview:large, max-video-preview:-1\" \/>\n<link rel=\"canonical\" href=\"https:\/\/www.24gliwice.pl\/wiadomosci\/reflektor-trzymajacy-sie-na-tasmie-klejacej-brak-szyby-to-nie-problem-tak-kierowcy-dbaja-o-samochody\/\" \/>\n<meta property=\"og:locale\" content=\"pl_PL\" \/>\n<meta property=\"og:type\" content=\"article\" \/>\n<meta property=\"og:title\" content=\"Reflektor na ta\u015bmie klej\u0105cej czy brak szyby to nie problem. Tak kierowcy &quot;dbaj\u0105&quot; o samochody - 24GLIWICE - Portal Gliwice | codziennie nowe informacje\" \/>\n<meta property=\"og:description\" content=\"W 2018 roku gliwiccy policjanci zatrzymali \u0142\u0105cznie ponad 1.8 tys. dowod\u00f3w rejestracyjnych. Kierowcy nie troszcz\u0105 si\u0119 o stan techniczny swoich samochod\u00f3w, a to niestety przek\u0142ada si\u0119 na bezpiecze\u0144stwo wszystkich uczestnik\u00f3w ruchu. W\u0142a\u015bciciele pojazd\u00f3w zapominaj\u0105, \u017ce \u201e\u0142yse\u201d opony, niesprawny uk\u0142ad hamulcowy czy kierowniczy mog\u0105 by\u0107 przyczyn\u0105 kolizji lub powa\u017cnego wypadku. Z niekt\u00f3rych samochod\u00f3w ciekn\u0105 p\u0142yny techniczne, [&hellip;]\" \/>\n<meta property=\"og:url\" content=\"https:\/\/www.24gliwice.pl\/wiadomosci\/reflektor-trzymajacy-sie-na-tasmie-klejacej-brak-szyby-to-nie-problem-tak-kierowcy-dbaja-o-samochody\/\" \/>\n<meta property=\"og:site_name\" content=\"24GLIWICE - Portal Gliwice | codziennie nowe informacje\" \/>\n<meta property=\"article:publisher\" content=\"https:\/\/www.facebook.com\/24gliwice\" \/>\n<meta property=\"article:published_time\" content=\"2019-01-31T20:15:17+00:00\" \/>\n<meta property=\"article:modified_time\" content=\"2019-01-31T20:16:30+00:00\" \/>\n<meta property=\"og:image\" content=\"https:\/\/www.24gliwice.pl\/wiadomosci\/wp-content\/uploads\/2019\/01\/\u0142ysa-opona.jpg\" \/>\n\t<meta property=\"og:image:width\" content=\"810\" \/>\n\t<meta property=\"og:image:height\" content=\"455\" \/>\n\t<meta property=\"og:image:type\" content=\"image\/jpeg\" \/>\n<meta name=\"author\" content=\"\u017baneta Mrozek-Siewierska\" \/>\n<meta name=\"twitter:card\" content=\"summary_large_image\" \/>\n<meta name=\"twitter:creator\" content=\"@24gliwice\" \/>\n<meta name=\"twitter:site\" content=\"@24gliwice\" \/>\n<meta name=\"twitter:label1\" content=\"Napisane przez\" \/>\n\t<meta name=\"twitter:data1\" content=\"\u017baneta Mrozek-Siewierska\" \/>\n\t<meta name=\"twitter:label2\" content=\"Szacowany czas czytania\" \/>\n\t<meta name=\"twitter:data2\" content=\"1 minuta\" \/>\n<script type=\"application\/ld+json\" class=\"yoast-schema-graph\">{\"@context\":\"https:\\\/\\\/schema.org\",\"@graph\":[{\"@type\":\"Article\",\"@id\":\"https:\\\/\\\/www.24gliwice.pl\\\/wiadomosci\\\/reflektor-trzymajacy-sie-na-tasmie-klejacej-brak-szyby-to-nie-problem-tak-kierowcy-dbaja-o-samochody\\\/#article\",\"isPartOf\":{\"@id\":\"https:\\\/\\\/www.24gliwice.pl\\\/wiadomosci\\\/reflektor-trzymajacy-sie-na-tasmie-klejacej-brak-szyby-to-nie-problem-tak-kierowcy-dbaja-o-samochody\\\/\"},\"author\":{\"name\":\"\u017baneta Mrozek-Siewierska\",\"@id\":\"https:\\\/\\\/www.24gliwice.pl\\\/wiadomosci\\\/#\\\/schema\\\/person\\\/e42c650edd7f2fa332be3811fb166b6e\"},\"headline\":\"Reflektor na ta\u015bmie klej\u0105cej czy brak szyby to nie problem. Tak kierowcy &#8220;dbaj\u0105&#8221; o samochody\",\"datePublished\":\"2019-01-31T20:15:17+00:00\",\"dateModified\":\"2019-01-31T20:16:30+00:00\",\"mainEntityOfPage\":{\"@id\":\"https:\\\/\\\/www.24gliwice.pl\\\/wiadomosci\\\/reflektor-trzymajacy-sie-na-tasmie-klejacej-brak-szyby-to-nie-problem-tak-kierowcy-dbaja-o-samochody\\\/\"},\"wordCount\":252,\"commentCount\":0,\"publisher\":{\"@id\":\"https:\\\/\\\/www.24gliwice.pl\\\/wiadomosci\\\/#organization\"},\"image\":{\"@id\":\"https:\\\/\\\/www.24gliwice.pl\\\/wiadomosci\\\/reflektor-trzymajacy-sie-na-tasmie-klejacej-brak-szyby-to-nie-problem-tak-kierowcy-dbaja-o-samochody\\\/#primaryimage\"},\"thumbnailUrl\":\"https:\\\/\\\/www.24gliwice.pl\\\/wiadomosci\\\/wp-content\\\/uploads\\\/2019\\\/01\\\/\u0142ysa-opona.jpg\",\"keywords\":[\"KMP\",\"POLICJA\",\"przegl\u0105d\"],\"articleSection\":[\"Gliwice\",\"Najnowsze wiadomo\u015bci\",\"Prawo\"],\"inLanguage\":\"pl-PL\",\"potentialAction\":[{\"@type\":\"CommentAction\",\"name\":\"Comment\",\"target\":[\"https:\\\/\\\/www.24gliwice.pl\\\/wiadomosci\\\/reflektor-trzymajacy-sie-na-tasmie-klejacej-brak-szyby-to-nie-problem-tak-kierowcy-dbaja-o-samochody\\\/#respond\"]}]},{\"@type\":\"WebPage\",\"@id\":\"https:\\\/\\\/www.24gliwice.pl\\\/wiadomosci\\\/reflektor-trzymajacy-sie-na-tasmie-klejacej-brak-szyby-to-nie-problem-tak-kierowcy-dbaja-o-samochody\\\/\",\"url\":\"https:\\\/\\\/www.24gliwice.pl\\\/wiadomosci\\\/reflektor-trzymajacy-sie-na-tasmie-klejacej-brak-szyby-to-nie-problem-tak-kierowcy-dbaja-o-samochody\\\/\",\"name\":\"Reflektor na ta\u015bmie klej\u0105cej czy brak szyby to nie problem. Tak kierowcy \\\"dbaj\u0105\\\" o samochody - 24GLIWICE - Portal Gliwice | codziennie nowe informacje\",\"isPartOf\":{\"@id\":\"https:\\\/\\\/www.24gliwice.pl\\\/wiadomosci\\\/#website\"},\"primaryImageOfPage\":{\"@id\":\"https:\\\/\\\/www.24gliwice.pl\\\/wiadomosci\\\/reflektor-trzymajacy-sie-na-tasmie-klejacej-brak-szyby-to-nie-problem-tak-kierowcy-dbaja-o-samochody\\\/#primaryimage\"},\"image\":{\"@id\":\"https:\\\/\\\/www.24gliwice.pl\\\/wiadomosci\\\/reflektor-trzymajacy-sie-na-tasmie-klejacej-brak-szyby-to-nie-problem-tak-kierowcy-dbaja-o-samochody\\\/#primaryimage\"},\"thumbnailUrl\":\"https:\\\/\\\/www.24gliwice.pl\\\/wiadomosci\\\/wp-content\\\/uploads\\\/2019\\\/01\\\/\u0142ysa-opona.jpg\",\"datePublished\":\"2019-01-31T20:15:17+00:00\",\"dateModified\":\"2019-01-31T20:16:30+00:00\",\"breadcrumb\":{\"@id\":\"https:\\\/\\\/www.24gliwice.pl\\\/wiadomosci\\\/reflektor-trzymajacy-sie-na-tasmie-klejacej-brak-szyby-to-nie-problem-tak-kierowcy-dbaja-o-samochody\\\/#breadcrumb\"},\"inLanguage\":\"pl-PL\",\"potentialAction\":[{\"@type\":\"ReadAction\",\"target\":[\"https:\\\/\\\/www.24gliwice.pl\\\/wiadomosci\\\/reflektor-trzymajacy-sie-na-tasmie-klejacej-brak-szyby-to-nie-problem-tak-kierowcy-dbaja-o-samochody\\\/\"]}]},{\"@type\":\"ImageObject\",\"inLanguage\":\"pl-PL\",\"@id\":\"https:\\\/\\\/www.24gliwice.pl\\\/wiadomosci\\\/reflektor-trzymajacy-sie-na-tasmie-klejacej-brak-szyby-to-nie-problem-tak-kierowcy-dbaja-o-samochody\\\/#primaryimage\",\"url\":\"https:\\\/\\\/www.24gliwice.pl\\\/wiadomosci\\\/wp-content\\\/uploads\\\/2019\\\/01\\\/\u0142ysa-opona.jpg\",\"contentUrl\":\"https:\\\/\\\/www.24gliwice.pl\\\/wiadomosci\\\/wp-content\\\/uploads\\\/2019\\\/01\\\/\u0142ysa-opona.jpg\",\"width\":810,\"height\":455},{\"@type\":\"BreadcrumbList\",\"@id\":\"https:\\\/\\\/www.24gliwice.pl\\\/wiadomosci\\\/reflektor-trzymajacy-sie-na-tasmie-klejacej-brak-szyby-to-nie-problem-tak-kierowcy-dbaja-o-samochody\\\/#breadcrumb\",\"itemListElement\":[{\"@type\":\"ListItem\",\"position\":1,\"name\":\"Strona g\u0142\u00f3wna\",\"item\":\"https:\\\/\\\/www.24gliwice.pl\\\/wiadomosci\\\/\"},{\"@type\":\"ListItem\",\"position\":2,\"name\":\"Reflektor na ta\u015bmie klej\u0105cej czy brak szyby to nie problem. Tak kierowcy &#8222;dbaj\u0105&#8221; o samochody\"}]},{\"@type\":\"WebSite\",\"@id\":\"https:\\\/\\\/www.24gliwice.pl\\\/wiadomosci\\\/#website\",\"url\":\"https:\\\/\\\/www.24gliwice.pl\\\/wiadomosci\\\/\",\"name\":\"24GLIWICE - Portal Gliwice | codziennie nowe wiadomo\u015bci\",\"description\":\"Portal Miejski Gliwice\",\"publisher\":{\"@id\":\"https:\\\/\\\/www.24gliwice.pl\\\/wiadomosci\\\/#organization\"},\"potentialAction\":[{\"@type\":\"SearchAction\",\"target\":{\"@type\":\"EntryPoint\",\"urlTemplate\":\"https:\\\/\\\/www.24gliwice.pl\\\/wiadomosci\\\/?s={search_term_string}\"},\"query-input\":{\"@type\":\"PropertyValueSpecification\",\"valueRequired\":true,\"valueName\":\"search_term_string\"}}],\"inLanguage\":\"pl-PL\"},{\"@type\":\"Organization\",\"@id\":\"https:\\\/\\\/www.24gliwice.pl\\\/wiadomosci\\\/#organization\",\"name\":\"24gliwice\",\"url\":\"https:\\\/\\\/www.24gliwice.pl\\\/wiadomosci\\\/\",\"logo\":{\"@type\":\"ImageObject\",\"inLanguage\":\"pl-PL\",\"@id\":\"https:\\\/\\\/www.24gliwice.pl\\\/wiadomosci\\\/#\\\/schema\\\/logo\\\/image\\\/\",\"url\":\"https:\\\/\\\/www.24gliwice.pl\\\/wiadomosci\\\/wp-content\\\/uploads\\\/2024\\\/10\\\/24gliwice-logo-696.jpg\",\"contentUrl\":\"https:\\\/\\\/www.24gliwice.pl\\\/wiadomosci\\\/wp-content\\\/uploads\\\/2024\\\/10\\\/24gliwice-logo-696.jpg\",\"width\":696,\"height\":696,\"caption\":\"24gliwice\"},\"image\":{\"@id\":\"https:\\\/\\\/www.24gliwice.pl\\\/wiadomosci\\\/#\\\/schema\\\/logo\\\/image\\\/\"},\"sameAs\":[\"https:\\\/\\\/www.facebook.com\\\/24gliwice\",\"https:\\\/\\\/x.com\\\/24gliwice\",\"https:\\\/\\\/www.youtube.com\\\/@24gliwice\"]},{\"@type\":\"Person\",\"@id\":\"https:\\\/\\\/www.24gliwice.pl\\\/wiadomosci\\\/#\\\/schema\\\/person\\\/e42c650edd7f2fa332be3811fb166b6e\",\"name\":\"\u017baneta Mrozek-Siewierska\",\"image\":{\"@type\":\"ImageObject\",\"inLanguage\":\"pl-PL\",\"@id\":\"https:\\\/\\\/secure.gravatar.com\\\/avatar\\\/1881429e9c64597c77ad7aef2d0a19be69a3253e57534d16aa15bf3a4d34a0a3?s=96&d=mm&r=g\",\"url\":\"https:\\\/\\\/secure.gravatar.com\\\/avatar\\\/1881429e9c64597c77ad7aef2d0a19be69a3253e57534d16aa15bf3a4d34a0a3?s=96&d=mm&r=g\",\"contentUrl\":\"https:\\\/\\\/secure.gravatar.com\\\/avatar\\\/1881429e9c64597c77ad7aef2d0a19be69a3253e57534d16aa15bf3a4d34a0a3?s=96&d=mm&r=g\",\"caption\":\"\u017baneta Mrozek-Siewierska\"},\"url\":\"https:\\\/\\\/www.24gliwice.pl\\\/wiadomosci\\\/author\\\/zms\\\/\"}]}<\/script>\n<!-- \/ Yoast SEO plugin. -->","yoast_head_json":{"title":"Reflektor na ta\u015bmie klej\u0105cej czy brak szyby to nie problem. Tak kierowcy \"dbaj\u0105\" o samochody - 24GLIWICE - Portal Gliwice | codziennie nowe informacje","robots":{"index":"index","follow":"follow","max-snippet":"max-snippet:-1","max-image-preview":"max-image-preview:large","max-video-preview":"max-video-preview:-1"},"canonical":"https:\/\/www.24gliwice.pl\/wiadomosci\/reflektor-trzymajacy-sie-na-tasmie-klejacej-brak-szyby-to-nie-problem-tak-kierowcy-dbaja-o-samochody\/","og_locale":"pl_PL","og_type":"article","og_title":"Reflektor na ta\u015bmie klej\u0105cej czy brak szyby to nie problem. Tak kierowcy \"dbaj\u0105\" o samochody - 24GLIWICE - Portal Gliwice | codziennie nowe informacje","og_description":"W 2018 roku gliwiccy policjanci zatrzymali \u0142\u0105cznie ponad 1.8 tys. dowod\u00f3w rejestracyjnych. Kierowcy nie troszcz\u0105 si\u0119 o stan techniczny swoich samochod\u00f3w, a to niestety przek\u0142ada si\u0119 na bezpiecze\u0144stwo wszystkich uczestnik\u00f3w ruchu. W\u0142a\u015bciciele pojazd\u00f3w zapominaj\u0105, \u017ce \u201e\u0142yse\u201d opony, niesprawny uk\u0142ad hamulcowy czy kierowniczy mog\u0105 by\u0107 przyczyn\u0105 kolizji lub powa\u017cnego wypadku. Z niekt\u00f3rych samochod\u00f3w ciekn\u0105 p\u0142yny techniczne, [&hellip;]","og_url":"https:\/\/www.24gliwice.pl\/wiadomosci\/reflektor-trzymajacy-sie-na-tasmie-klejacej-brak-szyby-to-nie-problem-tak-kierowcy-dbaja-o-samochody\/","og_site_name":"24GLIWICE - Portal Gliwice | codziennie nowe informacje","article_publisher":"https:\/\/www.facebook.com\/24gliwice","article_published_time":"2019-01-31T20:15:17+00:00","article_modified_time":"2019-01-31T20:16:30+00:00","og_image":[{"width":810,"height":455,"url":"https:\/\/www.24gliwice.pl\/wiadomosci\/wp-content\/uploads\/2019\/01\/\u0142ysa-opona.jpg","type":"image\/jpeg"}],"author":"\u017baneta Mrozek-Siewierska","twitter_card":"summary_large_image","twitter_creator":"@24gliwice","twitter_site":"@24gliwice","twitter_misc":{"Napisane przez":"\u017baneta Mrozek-Siewierska","Szacowany czas czytania":"1 minuta"},"schema":{"@context":"https:\/\/schema.org","@graph":[{"@type":"Article","@id":"https:\/\/www.24gliwice.pl\/wiadomosci\/reflektor-trzymajacy-sie-na-tasmie-klejacej-brak-szyby-to-nie-problem-tak-kierowcy-dbaja-o-samochody\/#article","isPartOf":{"@id":"https:\/\/www.24gliwice.pl\/wiadomosci\/reflektor-trzymajacy-sie-na-tasmie-klejacej-brak-szyby-to-nie-problem-tak-kierowcy-dbaja-o-samochody\/"},"author":{"name":"\u017baneta Mrozek-Siewierska","@id":"https:\/\/www.24gliwice.pl\/wiadomosci\/#\/schema\/person\/e42c650edd7f2fa332be3811fb166b6e"},"headline":"Reflektor na ta\u015bmie klej\u0105cej czy brak szyby to nie problem. Tak kierowcy &#8220;dbaj\u0105&#8221; o samochody","datePublished":"2019-01-31T20:15:17+00:00","dateModified":"2019-01-31T20:16:30+00:00","mainEntityOfPage":{"@id":"https:\/\/www.24gliwice.pl\/wiadomosci\/reflektor-trzymajacy-sie-na-tasmie-klejacej-brak-szyby-to-nie-problem-tak-kierowcy-dbaja-o-samochody\/"},"wordCount":252,"commentCount":0,"publisher":{"@id":"https:\/\/www.24gliwice.pl\/wiadomosci\/#organization"},"image":{"@id":"https:\/\/www.24gliwice.pl\/wiadomosci\/reflektor-trzymajacy-sie-na-tasmie-klejacej-brak-szyby-to-nie-problem-tak-kierowcy-dbaja-o-samochody\/#primaryimage"},"thumbnailUrl":"https:\/\/www.24gliwice.pl\/wiadomosci\/wp-content\/uploads\/2019\/01\/\u0142ysa-opona.jpg","keywords":["KMP","POLICJA","przegl\u0105d"],"articleSection":["Gliwice","Najnowsze wiadomo\u015bci","Prawo"],"inLanguage":"pl-PL","potentialAction":[{"@type":"CommentAction","name":"Comment","target":["https:\/\/www.24gliwice.pl\/wiadomosci\/reflektor-trzymajacy-sie-na-tasmie-klejacej-brak-szyby-to-nie-problem-tak-kierowcy-dbaja-o-samochody\/#respond"]}]},{"@type":"WebPage","@id":"https:\/\/www.24gliwice.pl\/wiadomosci\/reflektor-trzymajacy-sie-na-tasmie-klejacej-brak-szyby-to-nie-problem-tak-kierowcy-dbaja-o-samochody\/","url":"https:\/\/www.24gliwice.pl\/wiadomosci\/reflektor-trzymajacy-sie-na-tasmie-klejacej-brak-szyby-to-nie-problem-tak-kierowcy-dbaja-o-samochody\/","name":"Reflektor na ta\u015bmie klej\u0105cej czy brak szyby to nie problem. Tak kierowcy \"dbaj\u0105\" o samochody - 24GLIWICE - Portal Gliwice | codziennie nowe informacje","isPartOf":{"@id":"https:\/\/www.24gliwice.pl\/wiadomosci\/#website"},"primaryImageOfPage":{"@id":"https:\/\/www.24gliwice.pl\/wiadomosci\/reflektor-trzymajacy-sie-na-tasmie-klejacej-brak-szyby-to-nie-problem-tak-kierowcy-dbaja-o-samochody\/#primaryimage"},"image":{"@id":"https:\/\/www.24gliwice.pl\/wiadomosci\/reflektor-trzymajacy-sie-na-tasmie-klejacej-brak-szyby-to-nie-problem-tak-kierowcy-dbaja-o-samochody\/#primaryimage"},"thumbnailUrl":"https:\/\/www.24gliwice.pl\/wiadomosci\/wp-content\/uploads\/2019\/01\/\u0142ysa-opona.jpg","datePublished":"2019-01-31T20:15:17+00:00","dateModified":"2019-01-31T20:16:30+00:00","breadcrumb":{"@id":"https:\/\/www.24gliwice.pl\/wiadomosci\/reflektor-trzymajacy-sie-na-tasmie-klejacej-brak-szyby-to-nie-problem-tak-kierowcy-dbaja-o-samochody\/#breadcrumb"},"inLanguage":"pl-PL","potentialAction":[{"@type":"ReadAction","target":["https:\/\/www.24gliwice.pl\/wiadomosci\/reflektor-trzymajacy-sie-na-tasmie-klejacej-brak-szyby-to-nie-problem-tak-kierowcy-dbaja-o-samochody\/"]}]},{"@type":"ImageObject","inLanguage":"pl-PL","@id":"https:\/\/www.24gliwice.pl\/wiadomosci\/reflektor-trzymajacy-sie-na-tasmie-klejacej-brak-szyby-to-nie-problem-tak-kierowcy-dbaja-o-samochody\/#primaryimage","url":"https:\/\/www.24gliwice.pl\/wiadomosci\/wp-content\/uploads\/2019\/01\/\u0142ysa-opona.jpg","contentUrl":"https:\/\/www.24gliwice.pl\/wiadomosci\/wp-content\/uploads\/2019\/01\/\u0142ysa-opona.jpg","width":810,"height":455},{"@type":"BreadcrumbList","@id":"https:\/\/www.24gliwice.pl\/wiadomosci\/reflektor-trzymajacy-sie-na-tasmie-klejacej-brak-szyby-to-nie-problem-tak-kierowcy-dbaja-o-samochody\/#breadcrumb","itemListElement":[{"@type":"ListItem","position":1,"name":"Strona g\u0142\u00f3wna","item":"https:\/\/www.24gliwice.pl\/wiadomosci\/"},{"@type":"ListItem","position":2,"name":"Reflektor na ta\u015bmie klej\u0105cej czy brak szyby to nie problem. Tak kierowcy &#8222;dbaj\u0105&#8221; o samochody"}]},{"@type":"WebSite","@id":"https:\/\/www.24gliwice.pl\/wiadomosci\/#website","url":"https:\/\/www.24gliwice.pl\/wiadomosci\/","name":"24GLIWICE - Portal Gliwice | codziennie nowe wiadomo\u015bci","description":"Portal Miejski Gliwice","publisher":{"@id":"https:\/\/www.24gliwice.pl\/wiadomosci\/#organization"},"potentialAction":[{"@type":"SearchAction","target":{"@type":"EntryPoint","urlTemplate":"https:\/\/www.24gliwice.pl\/wiadomosci\/?s={search_term_string}"},"query-input":{"@type":"PropertyValueSpecification","valueRequired":true,"valueName":"search_term_string"}}],"inLanguage":"pl-PL"},{"@type":"Organization","@id":"https:\/\/www.24gliwice.pl\/wiadomosci\/#organization","name":"24gliwice","url":"https:\/\/www.24gliwice.pl\/wiadomosci\/","logo":{"@type":"ImageObject","inLanguage":"pl-PL","@id":"https:\/\/www.24gliwice.pl\/wiadomosci\/#\/schema\/logo\/image\/","url":"https:\/\/www.24gliwice.pl\/wiadomosci\/wp-content\/uploads\/2024\/10\/24gliwice-logo-696.jpg","contentUrl":"https:\/\/www.24gliwice.pl\/wiadomosci\/wp-content\/uploads\/2024\/10\/24gliwice-logo-696.jpg","width":696,"height":696,"caption":"24gliwice"},"image":{"@id":"https:\/\/www.24gliwice.pl\/wiadomosci\/#\/schema\/logo\/image\/"},"sameAs":["https:\/\/www.facebook.com\/24gliwice","https:\/\/x.com\/24gliwice","https:\/\/www.youtube.com\/@24gliwice"]},{"@type":"Person","@id":"https:\/\/www.24gliwice.pl\/wiadomosci\/#\/schema\/person\/e42c650edd7f2fa332be3811fb166b6e","name":"\u017baneta Mrozek-Siewierska","image":{"@type":"ImageObject","inLanguage":"pl-PL","@id":"https:\/\/secure.gravatar.com\/avatar\/1881429e9c64597c77ad7aef2d0a19be69a3253e57534d16aa15bf3a4d34a0a3?s=96&d=mm&r=g","url":"https:\/\/secure.gravatar.com\/avatar\/1881429e9c64597c77ad7aef2d0a19be69a3253e57534d16aa15bf3a4d34a0a3?s=96&d=mm&r=g","contentUrl":"https:\/\/secure.gravatar.com\/avatar\/1881429e9c64597c77ad7aef2d0a19be69a3253e57534d16aa15bf3a4d34a0a3?s=96&d=mm&r=g","caption":"\u017baneta Mrozek-Siewierska"},"url":"https:\/\/www.24gliwice.pl\/wiadomosci\/author\/zms\/"}]}},"_links":{"self":[{"href":"https:\/\/www.24gliwice.pl\/wiadomosci\/wp-json\/wp\/v2\/posts\/129690","targetHints":{"allow":["GET"]}}],"collection":[{"href":"https:\/\/www.24gliwice.pl\/wiadomosci\/wp-json\/wp\/v2\/posts"}],"about":[{"href":"https:\/\/www.24gliwice.pl\/wiadomosci\/wp-json\/wp\/v2\/types\/post"}],"author":[{"embeddable":true,"href":"https:\/\/www.24gliwice.pl\/wiadomosci\/wp-json\/wp\/v2\/users\/15"}],"replies":[{"embeddable":true,"href":"https:\/\/www.24gliwice.pl\/wiadomosci\/wp-json\/wp\/v2\/comments?post=129690"}],"version-history":[{"count":0,"href":"https:\/\/www.24gliwice.pl\/wiadomosci\/wp-json\/wp\/v2\/posts\/129690\/revisions"}],"wp:featuredmedia":[{"embeddable":true,"href":"https:\/\/www.24gliwice.pl\/wiadomosci\/wp-json\/wp\/v2\/media\/129697"}],"wp:attachment":[{"href":"https:\/\/www.24gliwice.pl\/wiadomosci\/wp-json\/wp\/v2\/media?parent=129690"}],"wp:term":[{"taxonomy":"category","embeddable":true,"href":"https:\/\/www.24gliwice.pl\/wiadomosci\/wp-json\/wp\/v2\/categories?post=129690"},{"taxonomy":"post_tag","embeddable":true,"href":"https:\/\/www.24gliwice.pl\/wiadomosci\/wp-json\/wp\/v2\/tags?post=129690"}],"curies":[{"name":"wp","href":"https:\/\/api.w.org\/{rel}","templated":true}]}}