{"id":129708,"date":"2019-02-02T10:20:56","date_gmt":"2019-02-02T09:20:56","guid":{"rendered":"https:\/\/www.24gliwice.pl\/wiadomosci\/?p=129708"},"modified":"2019-02-04T01:42:38","modified_gmt":"2019-02-04T00:42:38","slug":"zmiana-organizacji-ruchu-w-rejonie-nowego-marketu-kierowcow-czekaja-tez-utrudnienia-na-dts","status":"publish","type":"post","link":"https:\/\/www.24gliwice.pl\/wiadomosci\/zmiana-organizacji-ruchu-w-rejonie-nowego-marketu-kierowcow-czekaja-tez-utrudnienia-na-dts\/","title":{"rendered":"Zmiana organizacji ruchu w rejonie nowego marketu. Kierowc\u00f3w czekaj\u0105 te\u017c utrudnienia na DT\u015a"},"content":{"rendered":"<div class=\"gliwi-a6-nad-leadem-artykulow gliwi-entity-placement\" id=\"gliwi-1885208106\"><div class=\"gliwi-adlabel\"><span style=\"font-size: 9px\">REKLAMA<\/span><\/div><div id=\"gliwi-4055126551\" style=\"margin-bottom: 30px;margin-left: auto;margin-right: auto;text-align: center;\"><a data-no-instant=\"1\" href=\"https:\/\/przedszkole.halogen.org.pl\/\" rel=\"noopener\" class=\"a2t-link\" target=\"_blank\" aria-label=\"20260402-ANIMATOR-przedszkole_grafika_750x200\"><img loading=\"lazy\" decoding=\"async\" src=\"https:\/\/www.24gliwice.pl\/wiadomosci\/wp-content\/uploads\/2026\/04\/20260402-ANIMATOR-przedszkole_grafika_750x200.webp\" alt=\"\"  srcset=\"https:\/\/www.24gliwice.pl\/wiadomosci\/wp-content\/uploads\/2026\/04\/20260402-ANIMATOR-przedszkole_grafika_750x200.webp 750w, https:\/\/www.24gliwice.pl\/wiadomosci\/wp-content\/uploads\/2026\/04\/20260402-ANIMATOR-przedszkole_grafika_750x200-410x109.webp 410w\" sizes=\"(max-width: 750px) 100vw, 750px\" class=\"no-lazyload\" width=\"750\" height=\"200\"  style=\"display: inline-block; max-width: 100%; height: auto;\" \/><\/a><\/div><\/div><h3>W poniedzia\u0142ek, 4 lutego zmieni si\u0119 organizacja ruchu przy ul. Gwark\u00f3w. Na DT\u015a trzeba si\u0119 z kolei spodziewa\u0107 chwilowych utrudnie\u0144. Na co powinni zwr\u00f3ci\u0107 uwag\u0119 kierowcy?<\/h3>\n<p>Od poniedzia\u0142ku 4 lutego, przy ul. Gwark\u00f3w, na odcinku od ronda u zbiegu ulic: Jasnej, Kochanowskiego i Gwark\u00f3w, do wybudowanego w ostatnim czasie marketu, ruch b\u0119dzie odbywa\u0142 si\u0119 dwukierunkowo. Dalej w kierunku do ul. Bojkowskiej, ul. Gwark\u00f3w pozostanie ulic\u0105 jednokierunkow\u0105.<\/p>\n[perfectpullquote align=&#8221;full&#8221; bordertop=&#8221;false&#8221; cite=&#8221;&#8221; link=&#8221;&#8221; color=&#8221;&#8221; class=&#8221;&#8221; size=&#8221;&#8221;]R\u00f3wnie\u017c od 4 lutego kierowcy b\u0119d\u0105 musieli liczy\u0107 si\u0119 z utrudnieniami na odcinku Drogowej Trasy \u015arednicowej.[\/perfectpullquote]\n<p>Na jezdni w kierunku Katowic, w rejonie wiaduktu nad ul. Wschodni\u0105 i wiaduktu nad torami kolejowymi, przy granicy z Zabrzem, prowadzone b\u0119d\u0105 prace zwi\u0105zane z wykonaniem uszczelnienia nawierzchni jezdni DT\u015a. Roboty powodowa\u0107 b\u0119d\u0105 zaw\u0119\u017cenia jezdni. Zako\u0144czenie prac jest zale\u017cne od warunk\u00f3w atmosferycznych.<\/p><div class=\"gliwi-a3-w-tresci-artykulow gliwi-entity-placement\" id=\"gliwi-156062185\"><div class=\"gliwi-adlabel\"><span style=\"font-size: 9px\">REKLAMA<\/span><\/div><div id=\"gliwi-2548380390\" style=\"margin-bottom: 30px;margin-left: auto;margin-right: auto;text-align: center;\"><a data-no-instant=\"1\" href=\"https:\/\/ogrodyandersa.pl\/\" rel=\"noopener\" class=\"a2t-link\" target=\"_blank\" aria-label=\"20260415 Ogrody Andersa KUP TERAZ D\"><img loading=\"lazy\" decoding=\"async\" src=\"https:\/\/www.24gliwice.pl\/wiadomosci\/wp-content\/uploads\/2026\/04\/20260415-Ogrody-Andersa-KUP-TERAZ-D.jpg\" alt=\"\"  srcset=\"https:\/\/www.24gliwice.pl\/wiadomosci\/wp-content\/uploads\/2026\/04\/20260415-Ogrody-Andersa-KUP-TERAZ-D.jpg 750w, https:\/\/www.24gliwice.pl\/wiadomosci\/wp-content\/uploads\/2026\/04\/20260415-Ogrody-Andersa-KUP-TERAZ-D-410x109.jpg 410w\" sizes=\"(max-width: 750px) 100vw, 750px\" class=\"no-lazyload\" width=\"750\" height=\"200\"  style=\"display: inline-block; max-width: 100%; height: auto;\" \/><\/a><\/div><\/div>\n<p>(\u017cms)\/UM(mf)<br \/>\nfot. ZDM Gliwice<\/p>\n<div class=\"gliwi-a5-na-koncu-artykulow gliwi-entity-placement\" id=\"gliwi-2378229274\"><div class=\"gliwi-adlabel\"><span style=\"font-size: 9px\">REKLAMA<\/span><\/div><div id=\"gliwi-2342716022\" style=\"margin-left: auto;margin-right: auto;text-align: center;\"><a data-no-instant=\"1\" href=\"https:\/\/www.jasek.pl\/\" rel=\"noopener\" class=\"a2t-link\" target=\"_blank\" aria-label=\"20200401-jasek 600\"><img loading=\"lazy\" decoding=\"async\" src=\"https:\/\/www.24gliwice.pl\/wiadomosci\/wp-content\/uploads\/2020\/04\/20200401-jasek-600.jpg\" alt=\"\"  srcset=\"https:\/\/www.24gliwice.pl\/wiadomosci\/wp-content\/uploads\/2020\/04\/20200401-jasek-600.jpg 600w, https:\/\/www.24gliwice.pl\/wiadomosci\/wp-content\/uploads\/2020\/04\/20200401-jasek-600-410x109.jpg 410w\" sizes=\"(max-width: 600px) 100vw, 600px\" class=\"no-lazyload\" width=\"600\" height=\"160\"  style=\"display: inline-block; max-width: 100%; height: auto;\" \/><\/a><\/div><\/div>","protected":false},"excerpt":{"rendered":"<p>W poniedzia\u0142ek, 4 lutego zmieni si\u0119 organizacja ruchu przy ul. Gwark\u00f3w. Na DT\u015a trzeba si\u0119 z kolei spodziewa\u0107 chwilowych utrudnie\u0144. Na co powinni zwr\u00f3ci\u0107 uwag\u0119 kierowcy? Od poniedzia\u0142ku 4 lutego, przy ul. Gwark\u00f3w, na odcinku od ronda u zbiegu ulic: Jasnej, Kochanowskiego i Gwark\u00f3w, do wybudowanego w ostatnim czasie marketu, ruch b\u0119dzie odbywa\u0142 si\u0119 dwukierunkowo. [&hellip;]<\/p>\n","protected":false},"author":15,"featured_media":129714,"comment_status":"open","ping_status":"closed","sticky":false,"template":"","format":"standard","meta":{"_monsterinsights_skip_tracking":false,"_monsterinsights_sitenote_active":false,"_monsterinsights_sitenote_note":"","_monsterinsights_sitenote_category":0,"footnotes":"","_links_to":"","_links_to_target":""},"categories":[3,1,9],"tags":[1197,14768,5659,12677,9436],"class_list":["post-129708","post","type-post","status-publish","format-standard","has-post-thumbnail","hentry","category-gliwice","category-wszystko","category-aktualnosci_lokalne","tag-dts","tag-gwarkow","tag-jasna","tag-utrudnienia-drogowe","tag-zmiana-organizacji-ruchu"],"yoast_head":"<!-- This site is optimized with the Yoast SEO plugin v27.5 - https:\/\/yoast.com\/product\/yoast-seo-wordpress\/ -->\n<title>Zmiana organizacji ruchu w rejonie nowego marketu. Kierowc\u00f3w czekaj\u0105 te\u017c utrudnienia na DT\u015a - 24GLIWICE - Portal Gliwice | codziennie nowe informacje<\/title>\n<meta name=\"robots\" content=\"index, follow, max-snippet:-1, max-image-preview:large, max-video-preview:-1\" \/>\n<link rel=\"canonical\" href=\"https:\/\/www.24gliwice.pl\/wiadomosci\/zmiana-organizacji-ruchu-w-rejonie-nowego-marketu-kierowcow-czekaja-tez-utrudnienia-na-dts\/\" \/>\n<meta property=\"og:locale\" content=\"pl_PL\" \/>\n<meta property=\"og:type\" content=\"article\" \/>\n<meta property=\"og:title\" content=\"Zmiana organizacji ruchu w rejonie nowego marketu. Kierowc\u00f3w czekaj\u0105 te\u017c utrudnienia na DT\u015a - 24GLIWICE - Portal Gliwice | codziennie nowe informacje\" \/>\n<meta property=\"og:description\" content=\"W poniedzia\u0142ek, 4 lutego zmieni si\u0119 organizacja ruchu przy ul. Gwark\u00f3w. Na DT\u015a trzeba si\u0119 z kolei spodziewa\u0107 chwilowych utrudnie\u0144. Na co powinni zwr\u00f3ci\u0107 uwag\u0119 kierowcy? Od poniedzia\u0142ku 4 lutego, przy ul. Gwark\u00f3w, na odcinku od ronda u zbiegu ulic: Jasnej, Kochanowskiego i Gwark\u00f3w, do wybudowanego w ostatnim czasie marketu, ruch b\u0119dzie odbywa\u0142 si\u0119 dwukierunkowo. [&hellip;]\" \/>\n<meta property=\"og:url\" content=\"https:\/\/www.24gliwice.pl\/wiadomosci\/zmiana-organizacji-ruchu-w-rejonie-nowego-marketu-kierowcow-czekaja-tez-utrudnienia-na-dts\/\" \/>\n<meta property=\"og:site_name\" content=\"24GLIWICE - Portal Gliwice | codziennie nowe informacje\" \/>\n<meta property=\"article:publisher\" content=\"https:\/\/www.facebook.com\/24gliwice\" \/>\n<meta property=\"article:published_time\" content=\"2019-02-02T09:20:56+00:00\" \/>\n<meta property=\"article:modified_time\" content=\"2019-02-04T00:42:38+00:00\" \/>\n<meta property=\"og:image\" content=\"https:\/\/www.24gliwice.pl\/wiadomosci\/wp-content\/uploads\/2019\/01\/gwarkow-e1548947043121.jpg\" \/>\n\t<meta property=\"og:image:width\" content=\"810\" \/>\n\t<meta property=\"og:image:height\" content=\"458\" \/>\n\t<meta property=\"og:image:type\" content=\"image\/jpeg\" \/>\n<meta name=\"author\" content=\"\u017baneta Mrozek-Siewierska\" \/>\n<meta name=\"twitter:card\" content=\"summary_large_image\" \/>\n<meta name=\"twitter:creator\" content=\"@24gliwice\" \/>\n<meta name=\"twitter:site\" content=\"@24gliwice\" \/>\n<meta name=\"twitter:label1\" content=\"Napisane przez\" \/>\n\t<meta name=\"twitter:data1\" content=\"\u017baneta Mrozek-Siewierska\" \/>\n\t<meta name=\"twitter:label2\" content=\"Szacowany czas czytania\" \/>\n\t<meta name=\"twitter:data2\" content=\"1 minuta\" \/>\n<script type=\"application\/ld+json\" class=\"yoast-schema-graph\">{\"@context\":\"https:\\\/\\\/schema.org\",\"@graph\":[{\"@type\":\"Article\",\"@id\":\"https:\\\/\\\/www.24gliwice.pl\\\/wiadomosci\\\/zmiana-organizacji-ruchu-w-rejonie-nowego-marketu-kierowcow-czekaja-tez-utrudnienia-na-dts\\\/#article\",\"isPartOf\":{\"@id\":\"https:\\\/\\\/www.24gliwice.pl\\\/wiadomosci\\\/zmiana-organizacji-ruchu-w-rejonie-nowego-marketu-kierowcow-czekaja-tez-utrudnienia-na-dts\\\/\"},\"author\":{\"name\":\"\u017baneta Mrozek-Siewierska\",\"@id\":\"https:\\\/\\\/www.24gliwice.pl\\\/wiadomosci\\\/#\\\/schema\\\/person\\\/e42c650edd7f2fa332be3811fb166b6e\"},\"headline\":\"Zmiana organizacji ruchu w rejonie nowego marketu. Kierowc\u00f3w czekaj\u0105 te\u017c utrudnienia na DT\u015a\",\"datePublished\":\"2019-02-02T09:20:56+00:00\",\"dateModified\":\"2019-02-04T00:42:38+00:00\",\"mainEntityOfPage\":{\"@id\":\"https:\\\/\\\/www.24gliwice.pl\\\/wiadomosci\\\/zmiana-organizacji-ruchu-w-rejonie-nowego-marketu-kierowcow-czekaja-tez-utrudnienia-na-dts\\\/\"},\"wordCount\":169,\"commentCount\":0,\"publisher\":{\"@id\":\"https:\\\/\\\/www.24gliwice.pl\\\/wiadomosci\\\/#organization\"},\"image\":{\"@id\":\"https:\\\/\\\/www.24gliwice.pl\\\/wiadomosci\\\/zmiana-organizacji-ruchu-w-rejonie-nowego-marketu-kierowcow-czekaja-tez-utrudnienia-na-dts\\\/#primaryimage\"},\"thumbnailUrl\":\"https:\\\/\\\/www.24gliwice.pl\\\/wiadomosci\\\/wp-content\\\/uploads\\\/2019\\\/01\\\/gwarkow-e1548947043121.jpg\",\"keywords\":[\"DT\u015a\",\"gwark\u00f3w\",\"jasna\",\"UTRUDNIENIA DROGOWE\",\"ZMIANA ORGANIZACJI RUCHU\"],\"articleSection\":[\"Gliwice\",\"Najnowsze wiadomo\u015bci\",\"Portal Gliwice - Wiadomo\u015bci lokalne\"],\"inLanguage\":\"pl-PL\",\"potentialAction\":[{\"@type\":\"CommentAction\",\"name\":\"Comment\",\"target\":[\"https:\\\/\\\/www.24gliwice.pl\\\/wiadomosci\\\/zmiana-organizacji-ruchu-w-rejonie-nowego-marketu-kierowcow-czekaja-tez-utrudnienia-na-dts\\\/#respond\"]}]},{\"@type\":\"WebPage\",\"@id\":\"https:\\\/\\\/www.24gliwice.pl\\\/wiadomosci\\\/zmiana-organizacji-ruchu-w-rejonie-nowego-marketu-kierowcow-czekaja-tez-utrudnienia-na-dts\\\/\",\"url\":\"https:\\\/\\\/www.24gliwice.pl\\\/wiadomosci\\\/zmiana-organizacji-ruchu-w-rejonie-nowego-marketu-kierowcow-czekaja-tez-utrudnienia-na-dts\\\/\",\"name\":\"Zmiana organizacji ruchu w rejonie nowego marketu. Kierowc\u00f3w czekaj\u0105 te\u017c utrudnienia na DT\u015a - 24GLIWICE - Portal Gliwice | codziennie nowe informacje\",\"isPartOf\":{\"@id\":\"https:\\\/\\\/www.24gliwice.pl\\\/wiadomosci\\\/#website\"},\"primaryImageOfPage\":{\"@id\":\"https:\\\/\\\/www.24gliwice.pl\\\/wiadomosci\\\/zmiana-organizacji-ruchu-w-rejonie-nowego-marketu-kierowcow-czekaja-tez-utrudnienia-na-dts\\\/#primaryimage\"},\"image\":{\"@id\":\"https:\\\/\\\/www.24gliwice.pl\\\/wiadomosci\\\/zmiana-organizacji-ruchu-w-rejonie-nowego-marketu-kierowcow-czekaja-tez-utrudnienia-na-dts\\\/#primaryimage\"},\"thumbnailUrl\":\"https:\\\/\\\/www.24gliwice.pl\\\/wiadomosci\\\/wp-content\\\/uploads\\\/2019\\\/01\\\/gwarkow-e1548947043121.jpg\",\"datePublished\":\"2019-02-02T09:20:56+00:00\",\"dateModified\":\"2019-02-04T00:42:38+00:00\",\"breadcrumb\":{\"@id\":\"https:\\\/\\\/www.24gliwice.pl\\\/wiadomosci\\\/zmiana-organizacji-ruchu-w-rejonie-nowego-marketu-kierowcow-czekaja-tez-utrudnienia-na-dts\\\/#breadcrumb\"},\"inLanguage\":\"pl-PL\",\"potentialAction\":[{\"@type\":\"ReadAction\",\"target\":[\"https:\\\/\\\/www.24gliwice.pl\\\/wiadomosci\\\/zmiana-organizacji-ruchu-w-rejonie-nowego-marketu-kierowcow-czekaja-tez-utrudnienia-na-dts\\\/\"]}]},{\"@type\":\"ImageObject\",\"inLanguage\":\"pl-PL\",\"@id\":\"https:\\\/\\\/www.24gliwice.pl\\\/wiadomosci\\\/zmiana-organizacji-ruchu-w-rejonie-nowego-marketu-kierowcow-czekaja-tez-utrudnienia-na-dts\\\/#primaryimage\",\"url\":\"https:\\\/\\\/www.24gliwice.pl\\\/wiadomosci\\\/wp-content\\\/uploads\\\/2019\\\/01\\\/gwarkow-e1548947043121.jpg\",\"contentUrl\":\"https:\\\/\\\/www.24gliwice.pl\\\/wiadomosci\\\/wp-content\\\/uploads\\\/2019\\\/01\\\/gwarkow-e1548947043121.jpg\",\"width\":810,\"height\":458,\"caption\":\"fot. ZDM Gliwice\"},{\"@type\":\"BreadcrumbList\",\"@id\":\"https:\\\/\\\/www.24gliwice.pl\\\/wiadomosci\\\/zmiana-organizacji-ruchu-w-rejonie-nowego-marketu-kierowcow-czekaja-tez-utrudnienia-na-dts\\\/#breadcrumb\",\"itemListElement\":[{\"@type\":\"ListItem\",\"position\":1,\"name\":\"Strona g\u0142\u00f3wna\",\"item\":\"https:\\\/\\\/www.24gliwice.pl\\\/wiadomosci\\\/\"},{\"@type\":\"ListItem\",\"position\":2,\"name\":\"Zmiana organizacji ruchu w rejonie nowego marketu. Kierowc\u00f3w czekaj\u0105 te\u017c utrudnienia na DT\u015a\"}]},{\"@type\":\"WebSite\",\"@id\":\"https:\\\/\\\/www.24gliwice.pl\\\/wiadomosci\\\/#website\",\"url\":\"https:\\\/\\\/www.24gliwice.pl\\\/wiadomosci\\\/\",\"name\":\"24GLIWICE - Portal Gliwice | codziennie nowe wiadomo\u015bci\",\"description\":\"Portal Miejski Gliwice\",\"publisher\":{\"@id\":\"https:\\\/\\\/www.24gliwice.pl\\\/wiadomosci\\\/#organization\"},\"potentialAction\":[{\"@type\":\"SearchAction\",\"target\":{\"@type\":\"EntryPoint\",\"urlTemplate\":\"https:\\\/\\\/www.24gliwice.pl\\\/wiadomosci\\\/?s={search_term_string}\"},\"query-input\":{\"@type\":\"PropertyValueSpecification\",\"valueRequired\":true,\"valueName\":\"search_term_string\"}}],\"inLanguage\":\"pl-PL\"},{\"@type\":\"Organization\",\"@id\":\"https:\\\/\\\/www.24gliwice.pl\\\/wiadomosci\\\/#organization\",\"name\":\"24gliwice\",\"url\":\"https:\\\/\\\/www.24gliwice.pl\\\/wiadomosci\\\/\",\"logo\":{\"@type\":\"ImageObject\",\"inLanguage\":\"pl-PL\",\"@id\":\"https:\\\/\\\/www.24gliwice.pl\\\/wiadomosci\\\/#\\\/schema\\\/logo\\\/image\\\/\",\"url\":\"https:\\\/\\\/www.24gliwice.pl\\\/wiadomosci\\\/wp-content\\\/uploads\\\/2024\\\/10\\\/24gliwice-logo-696.jpg\",\"contentUrl\":\"https:\\\/\\\/www.24gliwice.pl\\\/wiadomosci\\\/wp-content\\\/uploads\\\/2024\\\/10\\\/24gliwice-logo-696.jpg\",\"width\":696,\"height\":696,\"caption\":\"24gliwice\"},\"image\":{\"@id\":\"https:\\\/\\\/www.24gliwice.pl\\\/wiadomosci\\\/#\\\/schema\\\/logo\\\/image\\\/\"},\"sameAs\":[\"https:\\\/\\\/www.facebook.com\\\/24gliwice\",\"https:\\\/\\\/x.com\\\/24gliwice\",\"https:\\\/\\\/www.youtube.com\\\/@24gliwice\"]},{\"@type\":\"Person\",\"@id\":\"https:\\\/\\\/www.24gliwice.pl\\\/wiadomosci\\\/#\\\/schema\\\/person\\\/e42c650edd7f2fa332be3811fb166b6e\",\"name\":\"\u017baneta Mrozek-Siewierska\",\"image\":{\"@type\":\"ImageObject\",\"inLanguage\":\"pl-PL\",\"@id\":\"https:\\\/\\\/secure.gravatar.com\\\/avatar\\\/1881429e9c64597c77ad7aef2d0a19be69a3253e57534d16aa15bf3a4d34a0a3?s=96&d=mm&r=g\",\"url\":\"https:\\\/\\\/secure.gravatar.com\\\/avatar\\\/1881429e9c64597c77ad7aef2d0a19be69a3253e57534d16aa15bf3a4d34a0a3?s=96&d=mm&r=g\",\"contentUrl\":\"https:\\\/\\\/secure.gravatar.com\\\/avatar\\\/1881429e9c64597c77ad7aef2d0a19be69a3253e57534d16aa15bf3a4d34a0a3?s=96&d=mm&r=g\",\"caption\":\"\u017baneta Mrozek-Siewierska\"},\"url\":\"https:\\\/\\\/www.24gliwice.pl\\\/wiadomosci\\\/author\\\/zms\\\/\"}]}<\/script>\n<!-- \/ Yoast SEO plugin. -->","yoast_head_json":{"title":"Zmiana organizacji ruchu w rejonie nowego marketu. Kierowc\u00f3w czekaj\u0105 te\u017c utrudnienia na DT\u015a - 24GLIWICE - Portal Gliwice | codziennie nowe informacje","robots":{"index":"index","follow":"follow","max-snippet":"max-snippet:-1","max-image-preview":"max-image-preview:large","max-video-preview":"max-video-preview:-1"},"canonical":"https:\/\/www.24gliwice.pl\/wiadomosci\/zmiana-organizacji-ruchu-w-rejonie-nowego-marketu-kierowcow-czekaja-tez-utrudnienia-na-dts\/","og_locale":"pl_PL","og_type":"article","og_title":"Zmiana organizacji ruchu w rejonie nowego marketu. Kierowc\u00f3w czekaj\u0105 te\u017c utrudnienia na DT\u015a - 24GLIWICE - Portal Gliwice | codziennie nowe informacje","og_description":"W poniedzia\u0142ek, 4 lutego zmieni si\u0119 organizacja ruchu przy ul. Gwark\u00f3w. Na DT\u015a trzeba si\u0119 z kolei spodziewa\u0107 chwilowych utrudnie\u0144. Na co powinni zwr\u00f3ci\u0107 uwag\u0119 kierowcy? Od poniedzia\u0142ku 4 lutego, przy ul. Gwark\u00f3w, na odcinku od ronda u zbiegu ulic: Jasnej, Kochanowskiego i Gwark\u00f3w, do wybudowanego w ostatnim czasie marketu, ruch b\u0119dzie odbywa\u0142 si\u0119 dwukierunkowo. [&hellip;]","og_url":"https:\/\/www.24gliwice.pl\/wiadomosci\/zmiana-organizacji-ruchu-w-rejonie-nowego-marketu-kierowcow-czekaja-tez-utrudnienia-na-dts\/","og_site_name":"24GLIWICE - Portal Gliwice | codziennie nowe informacje","article_publisher":"https:\/\/www.facebook.com\/24gliwice","article_published_time":"2019-02-02T09:20:56+00:00","article_modified_time":"2019-02-04T00:42:38+00:00","og_image":[{"width":810,"height":458,"url":"https:\/\/www.24gliwice.pl\/wiadomosci\/wp-content\/uploads\/2019\/01\/gwarkow-e1548947043121.jpg","type":"image\/jpeg"}],"author":"\u017baneta Mrozek-Siewierska","twitter_card":"summary_large_image","twitter_creator":"@24gliwice","twitter_site":"@24gliwice","twitter_misc":{"Napisane przez":"\u017baneta Mrozek-Siewierska","Szacowany czas czytania":"1 minuta"},"schema":{"@context":"https:\/\/schema.org","@graph":[{"@type":"Article","@id":"https:\/\/www.24gliwice.pl\/wiadomosci\/zmiana-organizacji-ruchu-w-rejonie-nowego-marketu-kierowcow-czekaja-tez-utrudnienia-na-dts\/#article","isPartOf":{"@id":"https:\/\/www.24gliwice.pl\/wiadomosci\/zmiana-organizacji-ruchu-w-rejonie-nowego-marketu-kierowcow-czekaja-tez-utrudnienia-na-dts\/"},"author":{"name":"\u017baneta Mrozek-Siewierska","@id":"https:\/\/www.24gliwice.pl\/wiadomosci\/#\/schema\/person\/e42c650edd7f2fa332be3811fb166b6e"},"headline":"Zmiana organizacji ruchu w rejonie nowego marketu. Kierowc\u00f3w czekaj\u0105 te\u017c utrudnienia na DT\u015a","datePublished":"2019-02-02T09:20:56+00:00","dateModified":"2019-02-04T00:42:38+00:00","mainEntityOfPage":{"@id":"https:\/\/www.24gliwice.pl\/wiadomosci\/zmiana-organizacji-ruchu-w-rejonie-nowego-marketu-kierowcow-czekaja-tez-utrudnienia-na-dts\/"},"wordCount":169,"commentCount":0,"publisher":{"@id":"https:\/\/www.24gliwice.pl\/wiadomosci\/#organization"},"image":{"@id":"https:\/\/www.24gliwice.pl\/wiadomosci\/zmiana-organizacji-ruchu-w-rejonie-nowego-marketu-kierowcow-czekaja-tez-utrudnienia-na-dts\/#primaryimage"},"thumbnailUrl":"https:\/\/www.24gliwice.pl\/wiadomosci\/wp-content\/uploads\/2019\/01\/gwarkow-e1548947043121.jpg","keywords":["DT\u015a","gwark\u00f3w","jasna","UTRUDNIENIA DROGOWE","ZMIANA ORGANIZACJI RUCHU"],"articleSection":["Gliwice","Najnowsze wiadomo\u015bci","Portal Gliwice - Wiadomo\u015bci lokalne"],"inLanguage":"pl-PL","potentialAction":[{"@type":"CommentAction","name":"Comment","target":["https:\/\/www.24gliwice.pl\/wiadomosci\/zmiana-organizacji-ruchu-w-rejonie-nowego-marketu-kierowcow-czekaja-tez-utrudnienia-na-dts\/#respond"]}]},{"@type":"WebPage","@id":"https:\/\/www.24gliwice.pl\/wiadomosci\/zmiana-organizacji-ruchu-w-rejonie-nowego-marketu-kierowcow-czekaja-tez-utrudnienia-na-dts\/","url":"https:\/\/www.24gliwice.pl\/wiadomosci\/zmiana-organizacji-ruchu-w-rejonie-nowego-marketu-kierowcow-czekaja-tez-utrudnienia-na-dts\/","name":"Zmiana organizacji ruchu w rejonie nowego marketu. Kierowc\u00f3w czekaj\u0105 te\u017c utrudnienia na DT\u015a - 24GLIWICE - Portal Gliwice | codziennie nowe informacje","isPartOf":{"@id":"https:\/\/www.24gliwice.pl\/wiadomosci\/#website"},"primaryImageOfPage":{"@id":"https:\/\/www.24gliwice.pl\/wiadomosci\/zmiana-organizacji-ruchu-w-rejonie-nowego-marketu-kierowcow-czekaja-tez-utrudnienia-na-dts\/#primaryimage"},"image":{"@id":"https:\/\/www.24gliwice.pl\/wiadomosci\/zmiana-organizacji-ruchu-w-rejonie-nowego-marketu-kierowcow-czekaja-tez-utrudnienia-na-dts\/#primaryimage"},"thumbnailUrl":"https:\/\/www.24gliwice.pl\/wiadomosci\/wp-content\/uploads\/2019\/01\/gwarkow-e1548947043121.jpg","datePublished":"2019-02-02T09:20:56+00:00","dateModified":"2019-02-04T00:42:38+00:00","breadcrumb":{"@id":"https:\/\/www.24gliwice.pl\/wiadomosci\/zmiana-organizacji-ruchu-w-rejonie-nowego-marketu-kierowcow-czekaja-tez-utrudnienia-na-dts\/#breadcrumb"},"inLanguage":"pl-PL","potentialAction":[{"@type":"ReadAction","target":["https:\/\/www.24gliwice.pl\/wiadomosci\/zmiana-organizacji-ruchu-w-rejonie-nowego-marketu-kierowcow-czekaja-tez-utrudnienia-na-dts\/"]}]},{"@type":"ImageObject","inLanguage":"pl-PL","@id":"https:\/\/www.24gliwice.pl\/wiadomosci\/zmiana-organizacji-ruchu-w-rejonie-nowego-marketu-kierowcow-czekaja-tez-utrudnienia-na-dts\/#primaryimage","url":"https:\/\/www.24gliwice.pl\/wiadomosci\/wp-content\/uploads\/2019\/01\/gwarkow-e1548947043121.jpg","contentUrl":"https:\/\/www.24gliwice.pl\/wiadomosci\/wp-content\/uploads\/2019\/01\/gwarkow-e1548947043121.jpg","width":810,"height":458,"caption":"fot. ZDM Gliwice"},{"@type":"BreadcrumbList","@id":"https:\/\/www.24gliwice.pl\/wiadomosci\/zmiana-organizacji-ruchu-w-rejonie-nowego-marketu-kierowcow-czekaja-tez-utrudnienia-na-dts\/#breadcrumb","itemListElement":[{"@type":"ListItem","position":1,"name":"Strona g\u0142\u00f3wna","item":"https:\/\/www.24gliwice.pl\/wiadomosci\/"},{"@type":"ListItem","position":2,"name":"Zmiana organizacji ruchu w rejonie nowego marketu. Kierowc\u00f3w czekaj\u0105 te\u017c utrudnienia na DT\u015a"}]},{"@type":"WebSite","@id":"https:\/\/www.24gliwice.pl\/wiadomosci\/#website","url":"https:\/\/www.24gliwice.pl\/wiadomosci\/","name":"24GLIWICE - Portal Gliwice | codziennie nowe wiadomo\u015bci","description":"Portal Miejski Gliwice","publisher":{"@id":"https:\/\/www.24gliwice.pl\/wiadomosci\/#organization"},"potentialAction":[{"@type":"SearchAction","target":{"@type":"EntryPoint","urlTemplate":"https:\/\/www.24gliwice.pl\/wiadomosci\/?s={search_term_string}"},"query-input":{"@type":"PropertyValueSpecification","valueRequired":true,"valueName":"search_term_string"}}],"inLanguage":"pl-PL"},{"@type":"Organization","@id":"https:\/\/www.24gliwice.pl\/wiadomosci\/#organization","name":"24gliwice","url":"https:\/\/www.24gliwice.pl\/wiadomosci\/","logo":{"@type":"ImageObject","inLanguage":"pl-PL","@id":"https:\/\/www.24gliwice.pl\/wiadomosci\/#\/schema\/logo\/image\/","url":"https:\/\/www.24gliwice.pl\/wiadomosci\/wp-content\/uploads\/2024\/10\/24gliwice-logo-696.jpg","contentUrl":"https:\/\/www.24gliwice.pl\/wiadomosci\/wp-content\/uploads\/2024\/10\/24gliwice-logo-696.jpg","width":696,"height":696,"caption":"24gliwice"},"image":{"@id":"https:\/\/www.24gliwice.pl\/wiadomosci\/#\/schema\/logo\/image\/"},"sameAs":["https:\/\/www.facebook.com\/24gliwice","https:\/\/x.com\/24gliwice","https:\/\/www.youtube.com\/@24gliwice"]},{"@type":"Person","@id":"https:\/\/www.24gliwice.pl\/wiadomosci\/#\/schema\/person\/e42c650edd7f2fa332be3811fb166b6e","name":"\u017baneta Mrozek-Siewierska","image":{"@type":"ImageObject","inLanguage":"pl-PL","@id":"https:\/\/secure.gravatar.com\/avatar\/1881429e9c64597c77ad7aef2d0a19be69a3253e57534d16aa15bf3a4d34a0a3?s=96&d=mm&r=g","url":"https:\/\/secure.gravatar.com\/avatar\/1881429e9c64597c77ad7aef2d0a19be69a3253e57534d16aa15bf3a4d34a0a3?s=96&d=mm&r=g","contentUrl":"https:\/\/secure.gravatar.com\/avatar\/1881429e9c64597c77ad7aef2d0a19be69a3253e57534d16aa15bf3a4d34a0a3?s=96&d=mm&r=g","caption":"\u017baneta Mrozek-Siewierska"},"url":"https:\/\/www.24gliwice.pl\/wiadomosci\/author\/zms\/"}]}},"_links":{"self":[{"href":"https:\/\/www.24gliwice.pl\/wiadomosci\/wp-json\/wp\/v2\/posts\/129708","targetHints":{"allow":["GET"]}}],"collection":[{"href":"https:\/\/www.24gliwice.pl\/wiadomosci\/wp-json\/wp\/v2\/posts"}],"about":[{"href":"https:\/\/www.24gliwice.pl\/wiadomosci\/wp-json\/wp\/v2\/types\/post"}],"author":[{"embeddable":true,"href":"https:\/\/www.24gliwice.pl\/wiadomosci\/wp-json\/wp\/v2\/users\/15"}],"replies":[{"embeddable":true,"href":"https:\/\/www.24gliwice.pl\/wiadomosci\/wp-json\/wp\/v2\/comments?post=129708"}],"version-history":[{"count":0,"href":"https:\/\/www.24gliwice.pl\/wiadomosci\/wp-json\/wp\/v2\/posts\/129708\/revisions"}],"wp:featuredmedia":[{"embeddable":true,"href":"https:\/\/www.24gliwice.pl\/wiadomosci\/wp-json\/wp\/v2\/media\/129714"}],"wp:attachment":[{"href":"https:\/\/www.24gliwice.pl\/wiadomosci\/wp-json\/wp\/v2\/media?parent=129708"}],"wp:term":[{"taxonomy":"category","embeddable":true,"href":"https:\/\/www.24gliwice.pl\/wiadomosci\/wp-json\/wp\/v2\/categories?post=129708"},{"taxonomy":"post_tag","embeddable":true,"href":"https:\/\/www.24gliwice.pl\/wiadomosci\/wp-json\/wp\/v2\/tags?post=129708"}],"curies":[{"name":"wp","href":"https:\/\/api.w.org\/{rel}","templated":true}]}}