{"id":129861,"date":"2019-02-05T13:26:31","date_gmt":"2019-02-05T12:26:31","guid":{"rendered":"https:\/\/www.24gliwice.pl\/wiadomosci\/?p=129861"},"modified":"2019-02-05T13:26:31","modified_gmt":"2019-02-05T12:26:31","slug":"bijatyka-przy-rynku-zaczelo-sie-od-zaczepek-kilku-przechodniow-skonczylo-na-zbiorowej-bojce","status":"publish","type":"post","link":"https:\/\/www.24gliwice.pl\/wiadomosci\/bijatyka-przy-rynku-zaczelo-sie-od-zaczepek-kilku-przechodniow-skonczylo-na-zbiorowej-bojce\/","title":{"rendered":"Bijatyka przy Rynku. Zacz\u0119\u0142o si\u0119 od zaczepek kilku przechodni\u00f3w, sko\u0144czy\u0142o na zbiorowej b\u00f3jce"},"content":{"rendered":"<div class=\"gliwi-a6-nad-leadem-artykulow gliwi-entity-placement\" id=\"gliwi-1381991609\"><div class=\"gliwi-adlabel\"><span style=\"font-size: 9px\">REKLAMA<\/span><\/div><div id=\"gliwi-1324651950\" style=\"margin-bottom: 30px;margin-left: auto;margin-right: auto;text-align: center;\"><a data-no-instant=\"1\" href=\"https:\/\/przedszkole.halogen.org.pl\/\" rel=\"noopener\" class=\"a2t-link\" target=\"_blank\" aria-label=\"20260402-ANIMATOR-przedszkole_grafika_750x200\"><img loading=\"lazy\" decoding=\"async\" src=\"https:\/\/www.24gliwice.pl\/wiadomosci\/wp-content\/uploads\/2026\/04\/20260402-ANIMATOR-przedszkole_grafika_750x200.webp\" alt=\"\"  srcset=\"https:\/\/www.24gliwice.pl\/wiadomosci\/wp-content\/uploads\/2026\/04\/20260402-ANIMATOR-przedszkole_grafika_750x200.webp 750w, https:\/\/www.24gliwice.pl\/wiadomosci\/wp-content\/uploads\/2026\/04\/20260402-ANIMATOR-przedszkole_grafika_750x200-410x109.webp 410w\" sizes=\"(max-width: 750px) 100vw, 750px\" class=\"no-lazyload\" width=\"750\" height=\"200\"  style=\"display: inline-block; max-width: 100%; height: auto;\" \/><\/a><\/div><\/div><p><iframe loading=\"lazy\" width=\"810\" height=\"455\" src=\"https:\/\/www.youtube.com\/embed\/3sE04Ss1w-c\" frameborder=\"0\" allow=\"accelerometer; autoplay; encrypted-media; gyroscope; picture-in-picture\" allowfullscreen><\/iframe><\/p>\n<h3>W weekendow\u0105 noc agresywny 33-latek wyra\u017anie szuka\u0142 problemu. W rezultacie zaczepiania przechodni\u00f3w doprowadzi\u0142 do b\u00f3jki, w kt\u00f3rej udzia\u0142 wzi\u0119\u0142o co najmniej kilka os\u00f3b. Policji nikt nie zawiadomi\u0142.<\/h3>\n<p>Zdarzenie zosta\u0142o zaobserwowane przez operatora monitoringu, kt\u00f3ry wys\u0142a\u0142 na miejsce funkcjonariuszy.<\/p>\n<p>Sprawa mia\u0142a pocz\u0105tek na gliwickim Rynku w sobot\u0119, 2 lutego. Oko\u0142o godziny 4:00 zast\u0119pca dy\u017curnego KMP Gliwice spostrzeg\u0142 na ekranie dziwnie zachowuj\u0105cego si\u0119 m\u0119\u017cczyzn\u0119, kt\u00f3ry, w agresywnych gestach, \u015bci\u0105ga\u0142 kurtk\u0119 i zabiera\u0142 si\u0119 do bicia przechodni\u00f3w.<\/p><div class=\"gliwi-a3-w-tresci-artykulow gliwi-entity-placement\" id=\"gliwi-4276463867\"><div class=\"gliwi-adlabel\"><span style=\"font-size: 9px\">REKLAMA<\/span><\/div><div id=\"gliwi-4059012118\" style=\"margin-bottom: 30px;margin-left: auto;margin-right: auto;text-align: center;\"><a data-no-instant=\"1\" href=\"https:\/\/zlobek.halogen.org.pl\/\" rel=\"noopener\" class=\"a2t-link\" target=\"_blank\" aria-label=\"animator-zlobek_750x200\"><img loading=\"lazy\" decoding=\"async\" src=\"https:\/\/www.24gliwice.pl\/wiadomosci\/wp-content\/uploads\/2026\/02\/animator-zlobek_750x200.webp\" alt=\"\"  srcset=\"https:\/\/www.24gliwice.pl\/wiadomosci\/wp-content\/uploads\/2026\/02\/animator-zlobek_750x200.webp 750w, https:\/\/www.24gliwice.pl\/wiadomosci\/wp-content\/uploads\/2026\/02\/animator-zlobek_750x200-410x109.webp 410w\" sizes=\"(max-width: 750px) 100vw, 750px\" class=\"no-lazyload\" width=\"750\" height=\"200\"  style=\"display: inline-block; max-width: 100%; height: auto;\" \/><\/a><\/div><\/div>\n[perfectpullquote align=&#8221;full&#8221; bordertop=&#8221;false&#8221; cite=&#8221;&#8221; link=&#8221;&#8221; color=&#8221;&#8221; class=&#8221;&#8221; size=&#8221;&#8221;]W pewnym momencie dosz\u0142o do b\u00f3jki kilku, mo\u017ce kilkunastu os\u00f3b. Na miejsce jecha\u0142 ju\u017c, wys\u0142any przez dy\u017curnego, najbli\u017cszy patrol. Co ciekawe, w tym czasie nikt ze \u015bwiadk\u00f3w nie powiadomi\u0142 policji.[\/perfectpullquote]\n<p>Mundurowi wylegitymowali uczestnik\u00f3w zdarzenia, zatrzymali te\u017c g\u0142\u00f3wnego agresora, kt\u00f3ry pope\u0142nia\u0142 kolejne przest\u0119pstwa \u2013 dopu\u015bci\u0142 si\u0119 zniewa\u017cenia str\u00f3\u017c\u00f3w prawa. Kryminalni z \u201ejedynki\u201d zdecydowali wi\u0119c o wniesieniu do prokuratury wniosku o tymczasowe aresztowanie, do czego prokurator si\u0119 przychyli\u0142, a s\u0105d uzna\u0142 decyzje \u015bledczych za uzasadnion\u0105.<\/p>\n<p>Podejrzany przebywa teraz za kratami, gdzie oczekuje na proces karny i wyrok. Policja zapowiada, \u017ce pozostali uczestnicy b\u00f3jki te\u017c nie unikn\u0105 odpowiedzialno\u015bci. Post\u0119powanie prowadzi I KP w Gliwicach.<\/p>\n<p>(\u017cms)\/KMP Gliwice<\/p>\n<div class=\"gliwi-a5-na-koncu-artykulow gliwi-entity-placement\" id=\"gliwi-4068023267\"><div class=\"gliwi-adlabel\"><span style=\"font-size: 9px\">REKLAMA<\/span><\/div><div id=\"gliwi-2975759254\" style=\"margin-left: auto;margin-right: auto;text-align: center;\"><a data-no-instant=\"1\" href=\"https:\/\/prezeroarenagliwice.pl\/\" rel=\"noopener\" class=\"a2t-link\" target=\"_blank\" aria-label=\"20260309-PREZERO-WIOSNA-D\"><img loading=\"lazy\" decoding=\"async\" src=\"https:\/\/www.24gliwice.pl\/wiadomosci\/wp-content\/uploads\/2026\/03\/20260309-PREZERO-WIOSNA-D.webp\" alt=\"\"  srcset=\"https:\/\/www.24gliwice.pl\/wiadomosci\/wp-content\/uploads\/2026\/03\/20260309-PREZERO-WIOSNA-D.webp 750w, https:\/\/www.24gliwice.pl\/wiadomosci\/wp-content\/uploads\/2026\/03\/20260309-PREZERO-WIOSNA-D-410x109.webp 410w\" sizes=\"(max-width: 750px) 100vw, 750px\" class=\"no-lazyload\" width=\"750\" height=\"200\"  style=\"display: inline-block; max-width: 100%; height: auto;\" \/><\/a><\/div><\/div>","protected":false},"excerpt":{"rendered":"<p>W weekendow\u0105 noc agresywny 33-latek wyra\u017anie szuka\u0142 problemu. W rezultacie zaczepiania przechodni\u00f3w doprowadzi\u0142 do b\u00f3jki, w kt\u00f3rej udzia\u0142 wzi\u0119\u0142o co najmniej kilka os\u00f3b. Policji nikt nie zawiadomi\u0142. Zdarzenie zosta\u0142o zaobserwowane przez operatora monitoringu, kt\u00f3ry wys\u0142a\u0142 na miejsce funkcjonariuszy. Sprawa mia\u0142a pocz\u0105tek na gliwickim Rynku w sobot\u0119, 2 lutego. Oko\u0142o godziny 4:00 zast\u0119pca dy\u017curnego KMP Gliwice [&hellip;]<\/p>\n","protected":false},"author":15,"featured_media":129871,"comment_status":"open","ping_status":"closed","sticky":false,"template":"","format":"video","meta":{"_monsterinsights_skip_tracking":false,"_monsterinsights_sitenote_active":false,"_monsterinsights_sitenote_note":"","_monsterinsights_sitenote_category":0,"footnotes":"","_links_to":"","_links_to_target":""},"categories":[3,1,9,5],"tags":[11592,14786,14788,6603,11685],"class_list":["post-129861","post","type-post","status-publish","format-video","has-post-thumbnail","hentry","category-gliwice","category-wszystko","category-aktualnosci_lokalne","category-kryminalki","tag-agresor","tag-bojka","tag-dodatkowe-patrole","tag-pobicie","tag-pobicie-na-rynku","post_format-post-format-video"],"yoast_head":"<!-- This site is optimized with the Yoast SEO plugin v27.5 - https:\/\/yoast.com\/product\/yoast-seo-wordpress\/ -->\n<title>Bijatyka przy Rynku. Zacz\u0119\u0142o si\u0119 od zaczepek kilku przechodni\u00f3w, sko\u0144czy\u0142o na zbiorowej b\u00f3jce - 24GLIWICE - Portal Gliwice | codziennie nowe informacje<\/title>\n<meta name=\"robots\" content=\"index, follow, max-snippet:-1, max-image-preview:large, max-video-preview:-1\" \/>\n<link rel=\"canonical\" href=\"https:\/\/www.24gliwice.pl\/wiadomosci\/bijatyka-przy-rynku-zaczelo-sie-od-zaczepek-kilku-przechodniow-skonczylo-na-zbiorowej-bojce\/\" \/>\n<meta property=\"og:locale\" content=\"pl_PL\" \/>\n<meta property=\"og:type\" content=\"article\" \/>\n<meta property=\"og:title\" content=\"Bijatyka przy Rynku. Zacz\u0119\u0142o si\u0119 od zaczepek kilku przechodni\u00f3w, sko\u0144czy\u0142o na zbiorowej b\u00f3jce - 24GLIWICE - Portal Gliwice | codziennie nowe informacje\" \/>\n<meta property=\"og:description\" content=\"W weekendow\u0105 noc agresywny 33-latek wyra\u017anie szuka\u0142 problemu. W rezultacie zaczepiania przechodni\u00f3w doprowadzi\u0142 do b\u00f3jki, w kt\u00f3rej udzia\u0142 wzi\u0119\u0142o co najmniej kilka os\u00f3b. Policji nikt nie zawiadomi\u0142. Zdarzenie zosta\u0142o zaobserwowane przez operatora monitoringu, kt\u00f3ry wys\u0142a\u0142 na miejsce funkcjonariuszy. Sprawa mia\u0142a pocz\u0105tek na gliwickim Rynku w sobot\u0119, 2 lutego. Oko\u0142o godziny 4:00 zast\u0119pca dy\u017curnego KMP Gliwice [&hellip;]\" \/>\n<meta property=\"og:url\" content=\"https:\/\/www.24gliwice.pl\/wiadomosci\/bijatyka-przy-rynku-zaczelo-sie-od-zaczepek-kilku-przechodniow-skonczylo-na-zbiorowej-bojce\/\" \/>\n<meta property=\"og:site_name\" content=\"24GLIWICE - Portal Gliwice | codziennie nowe informacje\" \/>\n<meta property=\"article:publisher\" content=\"https:\/\/www.facebook.com\/24gliwice\" \/>\n<meta property=\"article:published_time\" content=\"2019-02-05T12:26:31+00:00\" \/>\n<meta property=\"og:image\" content=\"https:\/\/www.24gliwice.pl\/wiadomosci\/wp-content\/uploads\/2019\/02\/b\u00f3jka-przy-rynku.jpg\" \/>\n\t<meta property=\"og:image:width\" content=\"969\" \/>\n\t<meta property=\"og:image:height\" content=\"544\" \/>\n\t<meta property=\"og:image:type\" content=\"image\/jpeg\" \/>\n<meta name=\"author\" content=\"\u017baneta Mrozek-Siewierska\" \/>\n<meta name=\"twitter:card\" content=\"summary_large_image\" \/>\n<meta name=\"twitter:creator\" content=\"@24gliwice\" \/>\n<meta name=\"twitter:site\" content=\"@24gliwice\" \/>\n<meta name=\"twitter:label1\" content=\"Napisane przez\" \/>\n\t<meta name=\"twitter:data1\" content=\"\u017baneta Mrozek-Siewierska\" \/>\n\t<meta name=\"twitter:label2\" content=\"Szacowany czas czytania\" \/>\n\t<meta name=\"twitter:data2\" content=\"1 minuta\" \/>\n<script type=\"application\/ld+json\" class=\"yoast-schema-graph\">{\"@context\":\"https:\\\/\\\/schema.org\",\"@graph\":[{\"@type\":\"Article\",\"@id\":\"https:\\\/\\\/www.24gliwice.pl\\\/wiadomosci\\\/bijatyka-przy-rynku-zaczelo-sie-od-zaczepek-kilku-przechodniow-skonczylo-na-zbiorowej-bojce\\\/#article\",\"isPartOf\":{\"@id\":\"https:\\\/\\\/www.24gliwice.pl\\\/wiadomosci\\\/bijatyka-przy-rynku-zaczelo-sie-od-zaczepek-kilku-przechodniow-skonczylo-na-zbiorowej-bojce\\\/\"},\"author\":{\"name\":\"\u017baneta Mrozek-Siewierska\",\"@id\":\"https:\\\/\\\/www.24gliwice.pl\\\/wiadomosci\\\/#\\\/schema\\\/person\\\/e42c650edd7f2fa332be3811fb166b6e\"},\"headline\":\"Bijatyka przy Rynku. Zacz\u0119\u0142o si\u0119 od zaczepek kilku przechodni\u00f3w, sko\u0144czy\u0142o na zbiorowej b\u00f3jce\",\"datePublished\":\"2019-02-05T12:26:31+00:00\",\"mainEntityOfPage\":{\"@id\":\"https:\\\/\\\/www.24gliwice.pl\\\/wiadomosci\\\/bijatyka-przy-rynku-zaczelo-sie-od-zaczepek-kilku-przechodniow-skonczylo-na-zbiorowej-bojce\\\/\"},\"wordCount\":244,\"commentCount\":0,\"publisher\":{\"@id\":\"https:\\\/\\\/www.24gliwice.pl\\\/wiadomosci\\\/#organization\"},\"image\":{\"@id\":\"https:\\\/\\\/www.24gliwice.pl\\\/wiadomosci\\\/bijatyka-przy-rynku-zaczelo-sie-od-zaczepek-kilku-przechodniow-skonczylo-na-zbiorowej-bojce\\\/#primaryimage\"},\"thumbnailUrl\":\"https:\\\/\\\/www.24gliwice.pl\\\/wiadomosci\\\/wp-content\\\/uploads\\\/2019\\\/02\\\/b\u00f3jka-przy-rynku.jpg\",\"keywords\":[\"agresor\",\"b\u00f3jka\",\"dodatkowe patrole\",\"POBICIE\",\"pobicie na rynku\"],\"articleSection\":[\"Gliwice\",\"Najnowsze wiadomo\u015bci\",\"Portal Gliwice - Wiadomo\u015bci lokalne\",\"Prawo\"],\"inLanguage\":\"pl-PL\",\"potentialAction\":[{\"@type\":\"CommentAction\",\"name\":\"Comment\",\"target\":[\"https:\\\/\\\/www.24gliwice.pl\\\/wiadomosci\\\/bijatyka-przy-rynku-zaczelo-sie-od-zaczepek-kilku-przechodniow-skonczylo-na-zbiorowej-bojce\\\/#respond\"]}]},{\"@type\":\"WebPage\",\"@id\":\"https:\\\/\\\/www.24gliwice.pl\\\/wiadomosci\\\/bijatyka-przy-rynku-zaczelo-sie-od-zaczepek-kilku-przechodniow-skonczylo-na-zbiorowej-bojce\\\/\",\"url\":\"https:\\\/\\\/www.24gliwice.pl\\\/wiadomosci\\\/bijatyka-przy-rynku-zaczelo-sie-od-zaczepek-kilku-przechodniow-skonczylo-na-zbiorowej-bojce\\\/\",\"name\":\"Bijatyka przy Rynku. Zacz\u0119\u0142o si\u0119 od zaczepek kilku przechodni\u00f3w, sko\u0144czy\u0142o na zbiorowej b\u00f3jce - 24GLIWICE - Portal Gliwice | codziennie nowe informacje\",\"isPartOf\":{\"@id\":\"https:\\\/\\\/www.24gliwice.pl\\\/wiadomosci\\\/#website\"},\"primaryImageOfPage\":{\"@id\":\"https:\\\/\\\/www.24gliwice.pl\\\/wiadomosci\\\/bijatyka-przy-rynku-zaczelo-sie-od-zaczepek-kilku-przechodniow-skonczylo-na-zbiorowej-bojce\\\/#primaryimage\"},\"image\":{\"@id\":\"https:\\\/\\\/www.24gliwice.pl\\\/wiadomosci\\\/bijatyka-przy-rynku-zaczelo-sie-od-zaczepek-kilku-przechodniow-skonczylo-na-zbiorowej-bojce\\\/#primaryimage\"},\"thumbnailUrl\":\"https:\\\/\\\/www.24gliwice.pl\\\/wiadomosci\\\/wp-content\\\/uploads\\\/2019\\\/02\\\/b\u00f3jka-przy-rynku.jpg\",\"datePublished\":\"2019-02-05T12:26:31+00:00\",\"breadcrumb\":{\"@id\":\"https:\\\/\\\/www.24gliwice.pl\\\/wiadomosci\\\/bijatyka-przy-rynku-zaczelo-sie-od-zaczepek-kilku-przechodniow-skonczylo-na-zbiorowej-bojce\\\/#breadcrumb\"},\"inLanguage\":\"pl-PL\",\"potentialAction\":[{\"@type\":\"ReadAction\",\"target\":[\"https:\\\/\\\/www.24gliwice.pl\\\/wiadomosci\\\/bijatyka-przy-rynku-zaczelo-sie-od-zaczepek-kilku-przechodniow-skonczylo-na-zbiorowej-bojce\\\/\"]}]},{\"@type\":\"ImageObject\",\"inLanguage\":\"pl-PL\",\"@id\":\"https:\\\/\\\/www.24gliwice.pl\\\/wiadomosci\\\/bijatyka-przy-rynku-zaczelo-sie-od-zaczepek-kilku-przechodniow-skonczylo-na-zbiorowej-bojce\\\/#primaryimage\",\"url\":\"https:\\\/\\\/www.24gliwice.pl\\\/wiadomosci\\\/wp-content\\\/uploads\\\/2019\\\/02\\\/b\u00f3jka-przy-rynku.jpg\",\"contentUrl\":\"https:\\\/\\\/www.24gliwice.pl\\\/wiadomosci\\\/wp-content\\\/uploads\\\/2019\\\/02\\\/b\u00f3jka-przy-rynku.jpg\",\"width\":969,\"height\":544},{\"@type\":\"BreadcrumbList\",\"@id\":\"https:\\\/\\\/www.24gliwice.pl\\\/wiadomosci\\\/bijatyka-przy-rynku-zaczelo-sie-od-zaczepek-kilku-przechodniow-skonczylo-na-zbiorowej-bojce\\\/#breadcrumb\",\"itemListElement\":[{\"@type\":\"ListItem\",\"position\":1,\"name\":\"Strona g\u0142\u00f3wna\",\"item\":\"https:\\\/\\\/www.24gliwice.pl\\\/wiadomosci\\\/\"},{\"@type\":\"ListItem\",\"position\":2,\"name\":\"Bijatyka przy Rynku. Zacz\u0119\u0142o si\u0119 od zaczepek kilku przechodni\u00f3w, sko\u0144czy\u0142o na zbiorowej b\u00f3jce\"}]},{\"@type\":\"WebSite\",\"@id\":\"https:\\\/\\\/www.24gliwice.pl\\\/wiadomosci\\\/#website\",\"url\":\"https:\\\/\\\/www.24gliwice.pl\\\/wiadomosci\\\/\",\"name\":\"24GLIWICE - Portal Gliwice | codziennie nowe wiadomo\u015bci\",\"description\":\"Portal Miejski Gliwice\",\"publisher\":{\"@id\":\"https:\\\/\\\/www.24gliwice.pl\\\/wiadomosci\\\/#organization\"},\"potentialAction\":[{\"@type\":\"SearchAction\",\"target\":{\"@type\":\"EntryPoint\",\"urlTemplate\":\"https:\\\/\\\/www.24gliwice.pl\\\/wiadomosci\\\/?s={search_term_string}\"},\"query-input\":{\"@type\":\"PropertyValueSpecification\",\"valueRequired\":true,\"valueName\":\"search_term_string\"}}],\"inLanguage\":\"pl-PL\"},{\"@type\":\"Organization\",\"@id\":\"https:\\\/\\\/www.24gliwice.pl\\\/wiadomosci\\\/#organization\",\"name\":\"24gliwice\",\"url\":\"https:\\\/\\\/www.24gliwice.pl\\\/wiadomosci\\\/\",\"logo\":{\"@type\":\"ImageObject\",\"inLanguage\":\"pl-PL\",\"@id\":\"https:\\\/\\\/www.24gliwice.pl\\\/wiadomosci\\\/#\\\/schema\\\/logo\\\/image\\\/\",\"url\":\"https:\\\/\\\/www.24gliwice.pl\\\/wiadomosci\\\/wp-content\\\/uploads\\\/2024\\\/10\\\/24gliwice-logo-696.jpg\",\"contentUrl\":\"https:\\\/\\\/www.24gliwice.pl\\\/wiadomosci\\\/wp-content\\\/uploads\\\/2024\\\/10\\\/24gliwice-logo-696.jpg\",\"width\":696,\"height\":696,\"caption\":\"24gliwice\"},\"image\":{\"@id\":\"https:\\\/\\\/www.24gliwice.pl\\\/wiadomosci\\\/#\\\/schema\\\/logo\\\/image\\\/\"},\"sameAs\":[\"https:\\\/\\\/www.facebook.com\\\/24gliwice\",\"https:\\\/\\\/x.com\\\/24gliwice\",\"https:\\\/\\\/www.youtube.com\\\/@24gliwice\"]},{\"@type\":\"Person\",\"@id\":\"https:\\\/\\\/www.24gliwice.pl\\\/wiadomosci\\\/#\\\/schema\\\/person\\\/e42c650edd7f2fa332be3811fb166b6e\",\"name\":\"\u017baneta Mrozek-Siewierska\",\"image\":{\"@type\":\"ImageObject\",\"inLanguage\":\"pl-PL\",\"@id\":\"https:\\\/\\\/secure.gravatar.com\\\/avatar\\\/1881429e9c64597c77ad7aef2d0a19be69a3253e57534d16aa15bf3a4d34a0a3?s=96&d=mm&r=g\",\"url\":\"https:\\\/\\\/secure.gravatar.com\\\/avatar\\\/1881429e9c64597c77ad7aef2d0a19be69a3253e57534d16aa15bf3a4d34a0a3?s=96&d=mm&r=g\",\"contentUrl\":\"https:\\\/\\\/secure.gravatar.com\\\/avatar\\\/1881429e9c64597c77ad7aef2d0a19be69a3253e57534d16aa15bf3a4d34a0a3?s=96&d=mm&r=g\",\"caption\":\"\u017baneta Mrozek-Siewierska\"},\"url\":\"https:\\\/\\\/www.24gliwice.pl\\\/wiadomosci\\\/author\\\/zms\\\/\"}]}<\/script>\n<!-- \/ Yoast SEO plugin. -->","yoast_head_json":{"title":"Bijatyka przy Rynku. Zacz\u0119\u0142o si\u0119 od zaczepek kilku przechodni\u00f3w, sko\u0144czy\u0142o na zbiorowej b\u00f3jce - 24GLIWICE - Portal Gliwice | codziennie nowe informacje","robots":{"index":"index","follow":"follow","max-snippet":"max-snippet:-1","max-image-preview":"max-image-preview:large","max-video-preview":"max-video-preview:-1"},"canonical":"https:\/\/www.24gliwice.pl\/wiadomosci\/bijatyka-przy-rynku-zaczelo-sie-od-zaczepek-kilku-przechodniow-skonczylo-na-zbiorowej-bojce\/","og_locale":"pl_PL","og_type":"article","og_title":"Bijatyka przy Rynku. Zacz\u0119\u0142o si\u0119 od zaczepek kilku przechodni\u00f3w, sko\u0144czy\u0142o na zbiorowej b\u00f3jce - 24GLIWICE - Portal Gliwice | codziennie nowe informacje","og_description":"W weekendow\u0105 noc agresywny 33-latek wyra\u017anie szuka\u0142 problemu. W rezultacie zaczepiania przechodni\u00f3w doprowadzi\u0142 do b\u00f3jki, w kt\u00f3rej udzia\u0142 wzi\u0119\u0142o co najmniej kilka os\u00f3b. Policji nikt nie zawiadomi\u0142. Zdarzenie zosta\u0142o zaobserwowane przez operatora monitoringu, kt\u00f3ry wys\u0142a\u0142 na miejsce funkcjonariuszy. Sprawa mia\u0142a pocz\u0105tek na gliwickim Rynku w sobot\u0119, 2 lutego. Oko\u0142o godziny 4:00 zast\u0119pca dy\u017curnego KMP Gliwice [&hellip;]","og_url":"https:\/\/www.24gliwice.pl\/wiadomosci\/bijatyka-przy-rynku-zaczelo-sie-od-zaczepek-kilku-przechodniow-skonczylo-na-zbiorowej-bojce\/","og_site_name":"24GLIWICE - Portal Gliwice | codziennie nowe informacje","article_publisher":"https:\/\/www.facebook.com\/24gliwice","article_published_time":"2019-02-05T12:26:31+00:00","og_image":[{"width":969,"height":544,"url":"https:\/\/www.24gliwice.pl\/wiadomosci\/wp-content\/uploads\/2019\/02\/b\u00f3jka-przy-rynku.jpg","type":"image\/jpeg"}],"author":"\u017baneta Mrozek-Siewierska","twitter_card":"summary_large_image","twitter_creator":"@24gliwice","twitter_site":"@24gliwice","twitter_misc":{"Napisane przez":"\u017baneta Mrozek-Siewierska","Szacowany czas czytania":"1 minuta"},"schema":{"@context":"https:\/\/schema.org","@graph":[{"@type":"Article","@id":"https:\/\/www.24gliwice.pl\/wiadomosci\/bijatyka-przy-rynku-zaczelo-sie-od-zaczepek-kilku-przechodniow-skonczylo-na-zbiorowej-bojce\/#article","isPartOf":{"@id":"https:\/\/www.24gliwice.pl\/wiadomosci\/bijatyka-przy-rynku-zaczelo-sie-od-zaczepek-kilku-przechodniow-skonczylo-na-zbiorowej-bojce\/"},"author":{"name":"\u017baneta Mrozek-Siewierska","@id":"https:\/\/www.24gliwice.pl\/wiadomosci\/#\/schema\/person\/e42c650edd7f2fa332be3811fb166b6e"},"headline":"Bijatyka przy Rynku. Zacz\u0119\u0142o si\u0119 od zaczepek kilku przechodni\u00f3w, sko\u0144czy\u0142o na zbiorowej b\u00f3jce","datePublished":"2019-02-05T12:26:31+00:00","mainEntityOfPage":{"@id":"https:\/\/www.24gliwice.pl\/wiadomosci\/bijatyka-przy-rynku-zaczelo-sie-od-zaczepek-kilku-przechodniow-skonczylo-na-zbiorowej-bojce\/"},"wordCount":244,"commentCount":0,"publisher":{"@id":"https:\/\/www.24gliwice.pl\/wiadomosci\/#organization"},"image":{"@id":"https:\/\/www.24gliwice.pl\/wiadomosci\/bijatyka-przy-rynku-zaczelo-sie-od-zaczepek-kilku-przechodniow-skonczylo-na-zbiorowej-bojce\/#primaryimage"},"thumbnailUrl":"https:\/\/www.24gliwice.pl\/wiadomosci\/wp-content\/uploads\/2019\/02\/b\u00f3jka-przy-rynku.jpg","keywords":["agresor","b\u00f3jka","dodatkowe patrole","POBICIE","pobicie na rynku"],"articleSection":["Gliwice","Najnowsze wiadomo\u015bci","Portal Gliwice - Wiadomo\u015bci lokalne","Prawo"],"inLanguage":"pl-PL","potentialAction":[{"@type":"CommentAction","name":"Comment","target":["https:\/\/www.24gliwice.pl\/wiadomosci\/bijatyka-przy-rynku-zaczelo-sie-od-zaczepek-kilku-przechodniow-skonczylo-na-zbiorowej-bojce\/#respond"]}]},{"@type":"WebPage","@id":"https:\/\/www.24gliwice.pl\/wiadomosci\/bijatyka-przy-rynku-zaczelo-sie-od-zaczepek-kilku-przechodniow-skonczylo-na-zbiorowej-bojce\/","url":"https:\/\/www.24gliwice.pl\/wiadomosci\/bijatyka-przy-rynku-zaczelo-sie-od-zaczepek-kilku-przechodniow-skonczylo-na-zbiorowej-bojce\/","name":"Bijatyka przy Rynku. Zacz\u0119\u0142o si\u0119 od zaczepek kilku przechodni\u00f3w, sko\u0144czy\u0142o na zbiorowej b\u00f3jce - 24GLIWICE - Portal Gliwice | codziennie nowe informacje","isPartOf":{"@id":"https:\/\/www.24gliwice.pl\/wiadomosci\/#website"},"primaryImageOfPage":{"@id":"https:\/\/www.24gliwice.pl\/wiadomosci\/bijatyka-przy-rynku-zaczelo-sie-od-zaczepek-kilku-przechodniow-skonczylo-na-zbiorowej-bojce\/#primaryimage"},"image":{"@id":"https:\/\/www.24gliwice.pl\/wiadomosci\/bijatyka-przy-rynku-zaczelo-sie-od-zaczepek-kilku-przechodniow-skonczylo-na-zbiorowej-bojce\/#primaryimage"},"thumbnailUrl":"https:\/\/www.24gliwice.pl\/wiadomosci\/wp-content\/uploads\/2019\/02\/b\u00f3jka-przy-rynku.jpg","datePublished":"2019-02-05T12:26:31+00:00","breadcrumb":{"@id":"https:\/\/www.24gliwice.pl\/wiadomosci\/bijatyka-przy-rynku-zaczelo-sie-od-zaczepek-kilku-przechodniow-skonczylo-na-zbiorowej-bojce\/#breadcrumb"},"inLanguage":"pl-PL","potentialAction":[{"@type":"ReadAction","target":["https:\/\/www.24gliwice.pl\/wiadomosci\/bijatyka-przy-rynku-zaczelo-sie-od-zaczepek-kilku-przechodniow-skonczylo-na-zbiorowej-bojce\/"]}]},{"@type":"ImageObject","inLanguage":"pl-PL","@id":"https:\/\/www.24gliwice.pl\/wiadomosci\/bijatyka-przy-rynku-zaczelo-sie-od-zaczepek-kilku-przechodniow-skonczylo-na-zbiorowej-bojce\/#primaryimage","url":"https:\/\/www.24gliwice.pl\/wiadomosci\/wp-content\/uploads\/2019\/02\/b\u00f3jka-przy-rynku.jpg","contentUrl":"https:\/\/www.24gliwice.pl\/wiadomosci\/wp-content\/uploads\/2019\/02\/b\u00f3jka-przy-rynku.jpg","width":969,"height":544},{"@type":"BreadcrumbList","@id":"https:\/\/www.24gliwice.pl\/wiadomosci\/bijatyka-przy-rynku-zaczelo-sie-od-zaczepek-kilku-przechodniow-skonczylo-na-zbiorowej-bojce\/#breadcrumb","itemListElement":[{"@type":"ListItem","position":1,"name":"Strona g\u0142\u00f3wna","item":"https:\/\/www.24gliwice.pl\/wiadomosci\/"},{"@type":"ListItem","position":2,"name":"Bijatyka przy Rynku. Zacz\u0119\u0142o si\u0119 od zaczepek kilku przechodni\u00f3w, sko\u0144czy\u0142o na zbiorowej b\u00f3jce"}]},{"@type":"WebSite","@id":"https:\/\/www.24gliwice.pl\/wiadomosci\/#website","url":"https:\/\/www.24gliwice.pl\/wiadomosci\/","name":"24GLIWICE - Portal Gliwice | codziennie nowe wiadomo\u015bci","description":"Portal Miejski Gliwice","publisher":{"@id":"https:\/\/www.24gliwice.pl\/wiadomosci\/#organization"},"potentialAction":[{"@type":"SearchAction","target":{"@type":"EntryPoint","urlTemplate":"https:\/\/www.24gliwice.pl\/wiadomosci\/?s={search_term_string}"},"query-input":{"@type":"PropertyValueSpecification","valueRequired":true,"valueName":"search_term_string"}}],"inLanguage":"pl-PL"},{"@type":"Organization","@id":"https:\/\/www.24gliwice.pl\/wiadomosci\/#organization","name":"24gliwice","url":"https:\/\/www.24gliwice.pl\/wiadomosci\/","logo":{"@type":"ImageObject","inLanguage":"pl-PL","@id":"https:\/\/www.24gliwice.pl\/wiadomosci\/#\/schema\/logo\/image\/","url":"https:\/\/www.24gliwice.pl\/wiadomosci\/wp-content\/uploads\/2024\/10\/24gliwice-logo-696.jpg","contentUrl":"https:\/\/www.24gliwice.pl\/wiadomosci\/wp-content\/uploads\/2024\/10\/24gliwice-logo-696.jpg","width":696,"height":696,"caption":"24gliwice"},"image":{"@id":"https:\/\/www.24gliwice.pl\/wiadomosci\/#\/schema\/logo\/image\/"},"sameAs":["https:\/\/www.facebook.com\/24gliwice","https:\/\/x.com\/24gliwice","https:\/\/www.youtube.com\/@24gliwice"]},{"@type":"Person","@id":"https:\/\/www.24gliwice.pl\/wiadomosci\/#\/schema\/person\/e42c650edd7f2fa332be3811fb166b6e","name":"\u017baneta Mrozek-Siewierska","image":{"@type":"ImageObject","inLanguage":"pl-PL","@id":"https:\/\/secure.gravatar.com\/avatar\/1881429e9c64597c77ad7aef2d0a19be69a3253e57534d16aa15bf3a4d34a0a3?s=96&d=mm&r=g","url":"https:\/\/secure.gravatar.com\/avatar\/1881429e9c64597c77ad7aef2d0a19be69a3253e57534d16aa15bf3a4d34a0a3?s=96&d=mm&r=g","contentUrl":"https:\/\/secure.gravatar.com\/avatar\/1881429e9c64597c77ad7aef2d0a19be69a3253e57534d16aa15bf3a4d34a0a3?s=96&d=mm&r=g","caption":"\u017baneta Mrozek-Siewierska"},"url":"https:\/\/www.24gliwice.pl\/wiadomosci\/author\/zms\/"}]}},"_links":{"self":[{"href":"https:\/\/www.24gliwice.pl\/wiadomosci\/wp-json\/wp\/v2\/posts\/129861","targetHints":{"allow":["GET"]}}],"collection":[{"href":"https:\/\/www.24gliwice.pl\/wiadomosci\/wp-json\/wp\/v2\/posts"}],"about":[{"href":"https:\/\/www.24gliwice.pl\/wiadomosci\/wp-json\/wp\/v2\/types\/post"}],"author":[{"embeddable":true,"href":"https:\/\/www.24gliwice.pl\/wiadomosci\/wp-json\/wp\/v2\/users\/15"}],"replies":[{"embeddable":true,"href":"https:\/\/www.24gliwice.pl\/wiadomosci\/wp-json\/wp\/v2\/comments?post=129861"}],"version-history":[{"count":0,"href":"https:\/\/www.24gliwice.pl\/wiadomosci\/wp-json\/wp\/v2\/posts\/129861\/revisions"}],"wp:featuredmedia":[{"embeddable":true,"href":"https:\/\/www.24gliwice.pl\/wiadomosci\/wp-json\/wp\/v2\/media\/129871"}],"wp:attachment":[{"href":"https:\/\/www.24gliwice.pl\/wiadomosci\/wp-json\/wp\/v2\/media?parent=129861"}],"wp:term":[{"taxonomy":"category","embeddable":true,"href":"https:\/\/www.24gliwice.pl\/wiadomosci\/wp-json\/wp\/v2\/categories?post=129861"},{"taxonomy":"post_tag","embeddable":true,"href":"https:\/\/www.24gliwice.pl\/wiadomosci\/wp-json\/wp\/v2\/tags?post=129861"}],"curies":[{"name":"wp","href":"https:\/\/api.w.org\/{rel}","templated":true}]}}