{"id":129873,"date":"2019-02-06T01:23:02","date_gmt":"2019-02-06T00:23:02","guid":{"rendered":"https:\/\/www.24gliwice.pl\/wiadomosci\/?p=129873"},"modified":"2019-02-06T01:31:05","modified_gmt":"2019-02-06T00:31:05","slug":"kibice-piasta-gliwice-wracaja-na-mlyn-budzimy-sie-z-prawie-rocznego-snu","status":"publish","type":"post","link":"https:\/\/www.24gliwice.pl\/wiadomosci\/kibice-piasta-gliwice-wracaja-na-mlyn-budzimy-sie-z-prawie-rocznego-snu\/","title":{"rendered":"Koniec protestu, kibice Piasta Gliwice wracaj\u0105 na m\u0142yn. &#8220;Budzimy si\u0119 z prawie rocznego snu&#8221;"},"content":{"rendered":"<div class=\"gliwi-a6-nad-leadem-artykulow gliwi-entity-placement\" id=\"gliwi-2547555213\"><div class=\"gliwi-adlabel\"><span style=\"font-size: 9px\">REKLAMA<\/span><\/div><div id=\"gliwi-322868142\" style=\"margin-bottom: 30px;margin-left: auto;margin-right: auto;text-align: center;\"><a data-no-instant=\"1\" href=\"https:\/\/przedszkole.halogen.org.pl\/\" rel=\"noopener\" class=\"a2t-link\" target=\"_blank\" aria-label=\"20260402-ANIMATOR-przedszkole_grafika_750x200\"><img loading=\"lazy\" decoding=\"async\" src=\"https:\/\/www.24gliwice.pl\/wiadomosci\/wp-content\/uploads\/2026\/04\/20260402-ANIMATOR-przedszkole_grafika_750x200.webp\" alt=\"\"  srcset=\"https:\/\/www.24gliwice.pl\/wiadomosci\/wp-content\/uploads\/2026\/04\/20260402-ANIMATOR-przedszkole_grafika_750x200.webp 750w, https:\/\/www.24gliwice.pl\/wiadomosci\/wp-content\/uploads\/2026\/04\/20260402-ANIMATOR-przedszkole_grafika_750x200-410x109.webp 410w\" sizes=\"(max-width: 750px) 100vw, 750px\" class=\"no-lazyload\" width=\"750\" height=\"200\"  style=\"display: inline-block; max-width: 100%; height: auto;\" \/><\/a><\/div><\/div><h3>Doping kibic\u00f3w wraca na tzw. m\u0142yn. Pierwsze spotkanie, na kt\u00f3rym po d\u0142ugim bojkocie znowu stawi\u0105 si\u0119 najzagorzalsi sympatycy Niebiesko-Czerwonych odb\u0119dzie si\u0119 15 lutego, kiedy w Gliwicach podejmiemy Lecha Pozna\u0144.<\/h3>\n<p>Od czasu pami\u0119tnego <a href=\"https:\/\/www.24gliwice.pl\/wiadomosci\/kibole-zepsuli-sportowe-widowisko-mecz-piasta-z-gornikiem-przerwany-interweniowala-policja\/\" target=\"_blank\" rel=\"noopener\">meczu Piasta Gliwice z G\u00f3rnikiem Zabrze,<\/a> w marcu ubieg\u0142ego roku, kiedy to dosz\u0142o do zamieszek i zniszcze\u0144 w obr\u0119bie stadionu miejskiego, Stowarzyszenie Piastoholicy by\u0142o skonfliktowane z klubem z Okrzei. <a href=\"https:\/\/www.24gliwice.pl\/wiadomosci\/piastoholicy-bojkotuja-piasta\/\" target=\"_blank\" rel=\"noopener\">Jego cz\u0142onkowie bojkotowali mecze <\/a>w reakcji na kary, jakie zastosowano w\u00f3wczas wobec uczestnik\u00f3w tych wydarze\u0144.<\/p>\n<p>Wszystko wskazuje na to, \u017ce ta sytuacja niebawem si\u0119 zmieni. W stowarzyszeniu skupiaj\u0105cym najwierniejszych sympatyk\u00f3w Piasta Gliwice Piastoholicy zachodz\u0105 <a href=\"https:\/\/www.24gliwice.pl\/wiadomosci\/piastoholicy-chca-cofniecia-zakazow-i-potepiaja-akt-wandalizmu-czy-mlyn-wroci-na-stadion\/\" target=\"_blank\" rel=\"noopener\">zmiany personalne, o kt\u00f3rych informowali\u015bmy na pocz\u0105tku stycznia.<\/a><\/p><div class=\"gliwi-a3-w-tresci-artykulow gliwi-entity-placement\" id=\"gliwi-3062106553\"><div class=\"gliwi-adlabel\"><span style=\"font-size: 9px\">REKLAMA<\/span><\/div><div id=\"gliwi-3046546748\" style=\"margin-bottom: 30px;margin-left: auto;margin-right: auto;text-align: center;\"><a data-no-instant=\"1\" href=\"https:\/\/zlobek.halogen.org.pl\/\" rel=\"noopener\" class=\"a2t-link\" target=\"_blank\" aria-label=\"animator-zlobek_750x200\"><img loading=\"lazy\" decoding=\"async\" src=\"https:\/\/www.24gliwice.pl\/wiadomosci\/wp-content\/uploads\/2026\/02\/animator-zlobek_750x200.webp\" alt=\"\"  srcset=\"https:\/\/www.24gliwice.pl\/wiadomosci\/wp-content\/uploads\/2026\/02\/animator-zlobek_750x200.webp 750w, https:\/\/www.24gliwice.pl\/wiadomosci\/wp-content\/uploads\/2026\/02\/animator-zlobek_750x200-410x109.webp 410w\" sizes=\"(max-width: 750px) 100vw, 750px\" class=\"no-lazyload\" width=\"750\" height=\"200\"  style=\"display: inline-block; max-width: 100%; height: auto;\" \/><\/a><\/div><\/div>\n[perfectpullquote align=&#8221;full&#8221; bordertop=&#8221;false&#8221; cite=&#8221;&#8221; link=&#8221;&#8221; color=&#8221;&#8221; class=&#8221;&#8221; size=&#8221;&#8221;]Proces ten jeszcze si\u0119 nie zako\u0144czy\u0142, ale ju\u017c wiadomo, \u017ce nastawienie organizacji do w\u0142adz klubu uleg\u0142o zmianie.[\/perfectpullquote]\n<p>Na stronie dedykowanej kibicom wydano na ten temat o\u015bwiadczenie.<br \/>\n<em>&#8220;Nied\u0142ugo zostanie og\u0142oszony nowy sk\u0142ad osobowy Stowarzyszenia Piastoholicy. Proces si\u0119 przeci\u0105ga poniewa\u017c wci\u0105\u017c trwa selekcja na poszczeg\u00f3lne stanowiska, niemniej jednak nowe osoby decyzyjne, ju\u017c teraz, jednog\u0142o\u015bnie stwierdzi\u0142y, \u017ce od rundy wiosennej doping na sektorach \u201eO,P,R,S\u201d jak i organizacja wyjazd\u00f3w na mecze Piasta zostan\u0105 wznowione. Piastoholicy apeluj\u0105 do wszystkich dzielnic o organizacj\u0119 przedmeczowych zbi\u00f3rek. Na wyjazdach b\u0119d\u0105 obowi\u0105zywa\u0142y nowe zasady, o kt\u00f3rych szczeg\u00f3\u0142owo napiszemy przy okazji pierwszego wyjazdu. Budzimy si\u0119 z prawie rocznego snu i widzimy si\u0119 wszyscy na \u201em\u0142ynie\u201d, ju\u017c 15 lutego o 20;30 na meczu z Lechem Pozna\u0144.<br \/>\nW imieniu starego sk\u0142adu osobowego Stowarzyszenia dzi\u0119kujemy wszystkim ekipom, kt\u00f3re przy\u0142\u0105czy\u0142y si\u0119 do protestu.<\/em><\/p>\n<p><iframe loading=\"lazy\" src=\"https:\/\/www.facebook.com\/plugins\/post.php?href=https%3A%2F%2Fwww.facebook.com%2FPiastGliwiceEU%2Fposts%2F2311222218911615&#038;width=500\" width=\"500\" height=\"468\" style=\"border:none;overflow:hidden\" scrolling=\"no\" frameborder=\"0\" allowTransparency=\"true\" allow=\"encrypted-media\"><\/iframe><\/p>\n[perfectpullquote align=&#8221;full&#8221; bordertop=&#8221;false&#8221; cite=&#8221;&#8221; link=&#8221;&#8221; color=&#8221;&#8221; class=&#8221;&#8221; size=&#8221;&#8221;]Najbli\u017cszy mecz, na jakim pojawi\u0105 si\u0119 kibice z &#8220;m\u0142yna&#8221; odb\u0119dzie si\u0119 w 22. kolejce Ekstraklasy, w pi\u0105tek, 15 lutego o 20:30.[\/perfectpullquote]\n<p>Przy Okrzei Piast Gliwice zmierzy si\u0119 z Lechem Pozna\u0144. Kolejne spotkania w Gliwicach rozegrane b\u0119d\u0105 ze \u015al\u0105skiem Wroc\u0142aw (24. kolejka, 2.03.), Miedzi\u0105 Legnica (26. kolejka, 16.03.), Wis\u0142\u0105 P\u0142ock (28. kolejka, 3.04.), a tak\u017ce Koron\u0105 Kielce (30. kolejka, 13.04.).<\/p>\n<p>(\u017cms)\/piastgliwice.eu<br \/>\nfot. piast-gliwice.eu<\/p>\n<div class=\"gliwi-a5-na-koncu-artykulow gliwi-entity-placement\" id=\"gliwi-3270935565\"><div class=\"gliwi-adlabel\"><span style=\"font-size: 9px\">REKLAMA<\/span><\/div><div id=\"gliwi-3908917722\" style=\"margin-left: auto;margin-right: auto;text-align: center;\"><a data-no-instant=\"1\" href=\"https:\/\/prezeroarenagliwice.pl\/\" rel=\"noopener\" class=\"a2t-link\" target=\"_blank\" aria-label=\"20260309-PREZERO-WIOSNA-D\"><img loading=\"lazy\" decoding=\"async\" src=\"https:\/\/www.24gliwice.pl\/wiadomosci\/wp-content\/uploads\/2026\/03\/20260309-PREZERO-WIOSNA-D.webp\" alt=\"\"  srcset=\"https:\/\/www.24gliwice.pl\/wiadomosci\/wp-content\/uploads\/2026\/03\/20260309-PREZERO-WIOSNA-D.webp 750w, https:\/\/www.24gliwice.pl\/wiadomosci\/wp-content\/uploads\/2026\/03\/20260309-PREZERO-WIOSNA-D-410x109.webp 410w\" sizes=\"(max-width: 750px) 100vw, 750px\" class=\"no-lazyload\" width=\"750\" height=\"200\"  style=\"display: inline-block; max-width: 100%; height: auto;\" \/><\/a><\/div><\/div>","protected":false},"excerpt":{"rendered":"<p>Doping kibic\u00f3w wraca na tzw. m\u0142yn. Pierwsze spotkanie, na kt\u00f3rym po d\u0142ugim bojkocie znowu stawi\u0105 si\u0119 najzagorzalsi sympatycy Niebiesko-Czerwonych odb\u0119dzie si\u0119 15 lutego, kiedy w Gliwicach podejmiemy Lecha Pozna\u0144. Od czasu pami\u0119tnego meczu Piasta Gliwice z G\u00f3rnikiem Zabrze, w marcu ubieg\u0142ego roku, kiedy to dosz\u0142o do zamieszek i zniszcze\u0144 w obr\u0119bie stadionu miejskiego, Stowarzyszenie Piastoholicy [&hellip;]<\/p>\n","protected":false},"author":15,"featured_media":129908,"comment_status":"open","ping_status":"closed","sticky":false,"template":"","format":"standard","meta":{"_monsterinsights_skip_tracking":false,"_monsterinsights_sitenote_active":false,"_monsterinsights_sitenote_note":"","_monsterinsights_sitenote_category":0,"footnotes":"","_links_to":"","_links_to_target":""},"categories":[3,1,9],"tags":[429,644,5429,8186,8754,11034,74,10354,2611,7356,118],"class_list":["post-129873","post","type-post","status-publish","format-standard","has-post-thumbnail","hentry","category-gliwice","category-wszystko","category-aktualnosci_lokalne","tag-gornik-zabrze","tag-kibice","tag-kibole","tag-mecz","tag-okrzei","tag-okrzei-20","tag-piast-gliwice","tag-piastoholicy","tag-pseudokibice","tag-stadion","tag-stadion-miejski"],"yoast_head":"<!-- This site is optimized with the Yoast SEO plugin v27.5 - https:\/\/yoast.com\/product\/yoast-seo-wordpress\/ -->\n<title>Koniec protestu, kibice Piasta Gliwice wracaj\u0105 na m\u0142yn. &quot;Budzimy si\u0119 z prawie rocznego snu&quot; - 24GLIWICE - Portal Gliwice | codziennie nowe informacje<\/title>\n<meta name=\"robots\" content=\"index, follow, max-snippet:-1, max-image-preview:large, max-video-preview:-1\" \/>\n<link rel=\"canonical\" href=\"https:\/\/www.24gliwice.pl\/wiadomosci\/kibice-piasta-gliwice-wracaja-na-mlyn-budzimy-sie-z-prawie-rocznego-snu\/\" \/>\n<meta property=\"og:locale\" content=\"pl_PL\" \/>\n<meta property=\"og:type\" content=\"article\" \/>\n<meta property=\"og:title\" content=\"Koniec protestu, kibice Piasta Gliwice wracaj\u0105 na m\u0142yn. &quot;Budzimy si\u0119 z prawie rocznego snu&quot; - 24GLIWICE - Portal Gliwice | codziennie nowe informacje\" \/>\n<meta property=\"og:description\" content=\"Doping kibic\u00f3w wraca na tzw. m\u0142yn. Pierwsze spotkanie, na kt\u00f3rym po d\u0142ugim bojkocie znowu stawi\u0105 si\u0119 najzagorzalsi sympatycy Niebiesko-Czerwonych odb\u0119dzie si\u0119 15 lutego, kiedy w Gliwicach podejmiemy Lecha Pozna\u0144. Od czasu pami\u0119tnego meczu Piasta Gliwice z G\u00f3rnikiem Zabrze, w marcu ubieg\u0142ego roku, kiedy to dosz\u0142o do zamieszek i zniszcze\u0144 w obr\u0119bie stadionu miejskiego, Stowarzyszenie Piastoholicy [&hellip;]\" \/>\n<meta property=\"og:url\" content=\"https:\/\/www.24gliwice.pl\/wiadomosci\/kibice-piasta-gliwice-wracaja-na-mlyn-budzimy-sie-z-prawie-rocznego-snu\/\" \/>\n<meta property=\"og:site_name\" content=\"24GLIWICE - Portal Gliwice | codziennie nowe informacje\" \/>\n<meta property=\"article:publisher\" content=\"https:\/\/www.facebook.com\/24gliwice\" \/>\n<meta property=\"article:published_time\" content=\"2019-02-06T00:23:02+00:00\" \/>\n<meta property=\"article:modified_time\" content=\"2019-02-06T00:31:05+00:00\" \/>\n<meta property=\"og:image\" content=\"https:\/\/www.24gliwice.pl\/wiadomosci\/wp-content\/uploads\/2019\/02\/1-kibice-mlyn-piast.jpg\" \/>\n\t<meta property=\"og:image:width\" content=\"810\" \/>\n\t<meta property=\"og:image:height\" content=\"501\" \/>\n\t<meta property=\"og:image:type\" content=\"image\/jpeg\" \/>\n<meta name=\"author\" content=\"\u017baneta Mrozek-Siewierska\" \/>\n<meta name=\"twitter:card\" content=\"summary_large_image\" \/>\n<meta name=\"twitter:creator\" content=\"@24gliwice\" \/>\n<meta name=\"twitter:site\" content=\"@24gliwice\" \/>\n<meta name=\"twitter:label1\" content=\"Napisane przez\" \/>\n\t<meta name=\"twitter:data1\" content=\"\u017baneta Mrozek-Siewierska\" \/>\n\t<meta name=\"twitter:label2\" content=\"Szacowany czas czytania\" \/>\n\t<meta name=\"twitter:data2\" content=\"2 minuty\" \/>\n<script type=\"application\/ld+json\" class=\"yoast-schema-graph\">{\"@context\":\"https:\\\/\\\/schema.org\",\"@graph\":[{\"@type\":\"Article\",\"@id\":\"https:\\\/\\\/www.24gliwice.pl\\\/wiadomosci\\\/kibice-piasta-gliwice-wracaja-na-mlyn-budzimy-sie-z-prawie-rocznego-snu\\\/#article\",\"isPartOf\":{\"@id\":\"https:\\\/\\\/www.24gliwice.pl\\\/wiadomosci\\\/kibice-piasta-gliwice-wracaja-na-mlyn-budzimy-sie-z-prawie-rocznego-snu\\\/\"},\"author\":{\"name\":\"\u017baneta Mrozek-Siewierska\",\"@id\":\"https:\\\/\\\/www.24gliwice.pl\\\/wiadomosci\\\/#\\\/schema\\\/person\\\/e42c650edd7f2fa332be3811fb166b6e\"},\"headline\":\"Koniec protestu, kibice Piasta Gliwice wracaj\u0105 na m\u0142yn. &#8220;Budzimy si\u0119 z prawie rocznego snu&#8221;\",\"datePublished\":\"2019-02-06T00:23:02+00:00\",\"dateModified\":\"2019-02-06T00:31:05+00:00\",\"mainEntityOfPage\":{\"@id\":\"https:\\\/\\\/www.24gliwice.pl\\\/wiadomosci\\\/kibice-piasta-gliwice-wracaja-na-mlyn-budzimy-sie-z-prawie-rocznego-snu\\\/\"},\"wordCount\":376,\"commentCount\":0,\"publisher\":{\"@id\":\"https:\\\/\\\/www.24gliwice.pl\\\/wiadomosci\\\/#organization\"},\"image\":{\"@id\":\"https:\\\/\\\/www.24gliwice.pl\\\/wiadomosci\\\/kibice-piasta-gliwice-wracaja-na-mlyn-budzimy-sie-z-prawie-rocznego-snu\\\/#primaryimage\"},\"thumbnailUrl\":\"https:\\\/\\\/www.24gliwice.pl\\\/wiadomosci\\\/wp-content\\\/uploads\\\/2019\\\/02\\\/1-kibice-mlyn-piast.jpg\",\"keywords\":[\"G\u00d3RNIK ZABRZE\",\"KIBICE\",\"KIBOLE\",\"MECZ\",\"OKRZEI\",\"okrzei 20\",\"PIAST GLIWICE\",\"piastoholicy\",\"PSEUDOKIBICE\",\"stadion\",\"STADION MIEJSKI\"],\"articleSection\":[\"Gliwice\",\"Najnowsze wiadomo\u015bci\",\"Portal Gliwice - Wiadomo\u015bci lokalne\"],\"inLanguage\":\"pl-PL\",\"potentialAction\":[{\"@type\":\"CommentAction\",\"name\":\"Comment\",\"target\":[\"https:\\\/\\\/www.24gliwice.pl\\\/wiadomosci\\\/kibice-piasta-gliwice-wracaja-na-mlyn-budzimy-sie-z-prawie-rocznego-snu\\\/#respond\"]}]},{\"@type\":\"WebPage\",\"@id\":\"https:\\\/\\\/www.24gliwice.pl\\\/wiadomosci\\\/kibice-piasta-gliwice-wracaja-na-mlyn-budzimy-sie-z-prawie-rocznego-snu\\\/\",\"url\":\"https:\\\/\\\/www.24gliwice.pl\\\/wiadomosci\\\/kibice-piasta-gliwice-wracaja-na-mlyn-budzimy-sie-z-prawie-rocznego-snu\\\/\",\"name\":\"Koniec protestu, kibice Piasta Gliwice wracaj\u0105 na m\u0142yn. \\\"Budzimy si\u0119 z prawie rocznego snu\\\" - 24GLIWICE - Portal Gliwice | codziennie nowe informacje\",\"isPartOf\":{\"@id\":\"https:\\\/\\\/www.24gliwice.pl\\\/wiadomosci\\\/#website\"},\"primaryImageOfPage\":{\"@id\":\"https:\\\/\\\/www.24gliwice.pl\\\/wiadomosci\\\/kibice-piasta-gliwice-wracaja-na-mlyn-budzimy-sie-z-prawie-rocznego-snu\\\/#primaryimage\"},\"image\":{\"@id\":\"https:\\\/\\\/www.24gliwice.pl\\\/wiadomosci\\\/kibice-piasta-gliwice-wracaja-na-mlyn-budzimy-sie-z-prawie-rocznego-snu\\\/#primaryimage\"},\"thumbnailUrl\":\"https:\\\/\\\/www.24gliwice.pl\\\/wiadomosci\\\/wp-content\\\/uploads\\\/2019\\\/02\\\/1-kibice-mlyn-piast.jpg\",\"datePublished\":\"2019-02-06T00:23:02+00:00\",\"dateModified\":\"2019-02-06T00:31:05+00:00\",\"breadcrumb\":{\"@id\":\"https:\\\/\\\/www.24gliwice.pl\\\/wiadomosci\\\/kibice-piasta-gliwice-wracaja-na-mlyn-budzimy-sie-z-prawie-rocznego-snu\\\/#breadcrumb\"},\"inLanguage\":\"pl-PL\",\"potentialAction\":[{\"@type\":\"ReadAction\",\"target\":[\"https:\\\/\\\/www.24gliwice.pl\\\/wiadomosci\\\/kibice-piasta-gliwice-wracaja-na-mlyn-budzimy-sie-z-prawie-rocznego-snu\\\/\"]}]},{\"@type\":\"ImageObject\",\"inLanguage\":\"pl-PL\",\"@id\":\"https:\\\/\\\/www.24gliwice.pl\\\/wiadomosci\\\/kibice-piasta-gliwice-wracaja-na-mlyn-budzimy-sie-z-prawie-rocznego-snu\\\/#primaryimage\",\"url\":\"https:\\\/\\\/www.24gliwice.pl\\\/wiadomosci\\\/wp-content\\\/uploads\\\/2019\\\/02\\\/1-kibice-mlyn-piast.jpg\",\"contentUrl\":\"https:\\\/\\\/www.24gliwice.pl\\\/wiadomosci\\\/wp-content\\\/uploads\\\/2019\\\/02\\\/1-kibice-mlyn-piast.jpg\",\"width\":810,\"height\":501},{\"@type\":\"BreadcrumbList\",\"@id\":\"https:\\\/\\\/www.24gliwice.pl\\\/wiadomosci\\\/kibice-piasta-gliwice-wracaja-na-mlyn-budzimy-sie-z-prawie-rocznego-snu\\\/#breadcrumb\",\"itemListElement\":[{\"@type\":\"ListItem\",\"position\":1,\"name\":\"Strona g\u0142\u00f3wna\",\"item\":\"https:\\\/\\\/www.24gliwice.pl\\\/wiadomosci\\\/\"},{\"@type\":\"ListItem\",\"position\":2,\"name\":\"Koniec protestu, kibice Piasta Gliwice wracaj\u0105 na m\u0142yn. &#8222;Budzimy si\u0119 z prawie rocznego snu&#8221;\"}]},{\"@type\":\"WebSite\",\"@id\":\"https:\\\/\\\/www.24gliwice.pl\\\/wiadomosci\\\/#website\",\"url\":\"https:\\\/\\\/www.24gliwice.pl\\\/wiadomosci\\\/\",\"name\":\"24GLIWICE - Portal Gliwice | codziennie nowe wiadomo\u015bci\",\"description\":\"Portal Miejski Gliwice\",\"publisher\":{\"@id\":\"https:\\\/\\\/www.24gliwice.pl\\\/wiadomosci\\\/#organization\"},\"potentialAction\":[{\"@type\":\"SearchAction\",\"target\":{\"@type\":\"EntryPoint\",\"urlTemplate\":\"https:\\\/\\\/www.24gliwice.pl\\\/wiadomosci\\\/?s={search_term_string}\"},\"query-input\":{\"@type\":\"PropertyValueSpecification\",\"valueRequired\":true,\"valueName\":\"search_term_string\"}}],\"inLanguage\":\"pl-PL\"},{\"@type\":\"Organization\",\"@id\":\"https:\\\/\\\/www.24gliwice.pl\\\/wiadomosci\\\/#organization\",\"name\":\"24gliwice\",\"url\":\"https:\\\/\\\/www.24gliwice.pl\\\/wiadomosci\\\/\",\"logo\":{\"@type\":\"ImageObject\",\"inLanguage\":\"pl-PL\",\"@id\":\"https:\\\/\\\/www.24gliwice.pl\\\/wiadomosci\\\/#\\\/schema\\\/logo\\\/image\\\/\",\"url\":\"https:\\\/\\\/www.24gliwice.pl\\\/wiadomosci\\\/wp-content\\\/uploads\\\/2024\\\/10\\\/24gliwice-logo-696.jpg\",\"contentUrl\":\"https:\\\/\\\/www.24gliwice.pl\\\/wiadomosci\\\/wp-content\\\/uploads\\\/2024\\\/10\\\/24gliwice-logo-696.jpg\",\"width\":696,\"height\":696,\"caption\":\"24gliwice\"},\"image\":{\"@id\":\"https:\\\/\\\/www.24gliwice.pl\\\/wiadomosci\\\/#\\\/schema\\\/logo\\\/image\\\/\"},\"sameAs\":[\"https:\\\/\\\/www.facebook.com\\\/24gliwice\",\"https:\\\/\\\/x.com\\\/24gliwice\",\"https:\\\/\\\/www.youtube.com\\\/@24gliwice\"]},{\"@type\":\"Person\",\"@id\":\"https:\\\/\\\/www.24gliwice.pl\\\/wiadomosci\\\/#\\\/schema\\\/person\\\/e42c650edd7f2fa332be3811fb166b6e\",\"name\":\"\u017baneta Mrozek-Siewierska\",\"image\":{\"@type\":\"ImageObject\",\"inLanguage\":\"pl-PL\",\"@id\":\"https:\\\/\\\/secure.gravatar.com\\\/avatar\\\/1881429e9c64597c77ad7aef2d0a19be69a3253e57534d16aa15bf3a4d34a0a3?s=96&d=mm&r=g\",\"url\":\"https:\\\/\\\/secure.gravatar.com\\\/avatar\\\/1881429e9c64597c77ad7aef2d0a19be69a3253e57534d16aa15bf3a4d34a0a3?s=96&d=mm&r=g\",\"contentUrl\":\"https:\\\/\\\/secure.gravatar.com\\\/avatar\\\/1881429e9c64597c77ad7aef2d0a19be69a3253e57534d16aa15bf3a4d34a0a3?s=96&d=mm&r=g\",\"caption\":\"\u017baneta Mrozek-Siewierska\"},\"url\":\"https:\\\/\\\/www.24gliwice.pl\\\/wiadomosci\\\/author\\\/zms\\\/\"}]}<\/script>\n<!-- \/ Yoast SEO plugin. -->","yoast_head_json":{"title":"Koniec protestu, kibice Piasta Gliwice wracaj\u0105 na m\u0142yn. \"Budzimy si\u0119 z prawie rocznego snu\" - 24GLIWICE - Portal Gliwice | codziennie nowe informacje","robots":{"index":"index","follow":"follow","max-snippet":"max-snippet:-1","max-image-preview":"max-image-preview:large","max-video-preview":"max-video-preview:-1"},"canonical":"https:\/\/www.24gliwice.pl\/wiadomosci\/kibice-piasta-gliwice-wracaja-na-mlyn-budzimy-sie-z-prawie-rocznego-snu\/","og_locale":"pl_PL","og_type":"article","og_title":"Koniec protestu, kibice Piasta Gliwice wracaj\u0105 na m\u0142yn. \"Budzimy si\u0119 z prawie rocznego snu\" - 24GLIWICE - Portal Gliwice | codziennie nowe informacje","og_description":"Doping kibic\u00f3w wraca na tzw. m\u0142yn. Pierwsze spotkanie, na kt\u00f3rym po d\u0142ugim bojkocie znowu stawi\u0105 si\u0119 najzagorzalsi sympatycy Niebiesko-Czerwonych odb\u0119dzie si\u0119 15 lutego, kiedy w Gliwicach podejmiemy Lecha Pozna\u0144. Od czasu pami\u0119tnego meczu Piasta Gliwice z G\u00f3rnikiem Zabrze, w marcu ubieg\u0142ego roku, kiedy to dosz\u0142o do zamieszek i zniszcze\u0144 w obr\u0119bie stadionu miejskiego, Stowarzyszenie Piastoholicy [&hellip;]","og_url":"https:\/\/www.24gliwice.pl\/wiadomosci\/kibice-piasta-gliwice-wracaja-na-mlyn-budzimy-sie-z-prawie-rocznego-snu\/","og_site_name":"24GLIWICE - Portal Gliwice | codziennie nowe informacje","article_publisher":"https:\/\/www.facebook.com\/24gliwice","article_published_time":"2019-02-06T00:23:02+00:00","article_modified_time":"2019-02-06T00:31:05+00:00","og_image":[{"width":810,"height":501,"url":"https:\/\/www.24gliwice.pl\/wiadomosci\/wp-content\/uploads\/2019\/02\/1-kibice-mlyn-piast.jpg","type":"image\/jpeg"}],"author":"\u017baneta Mrozek-Siewierska","twitter_card":"summary_large_image","twitter_creator":"@24gliwice","twitter_site":"@24gliwice","twitter_misc":{"Napisane przez":"\u017baneta Mrozek-Siewierska","Szacowany czas czytania":"2 minuty"},"schema":{"@context":"https:\/\/schema.org","@graph":[{"@type":"Article","@id":"https:\/\/www.24gliwice.pl\/wiadomosci\/kibice-piasta-gliwice-wracaja-na-mlyn-budzimy-sie-z-prawie-rocznego-snu\/#article","isPartOf":{"@id":"https:\/\/www.24gliwice.pl\/wiadomosci\/kibice-piasta-gliwice-wracaja-na-mlyn-budzimy-sie-z-prawie-rocznego-snu\/"},"author":{"name":"\u017baneta Mrozek-Siewierska","@id":"https:\/\/www.24gliwice.pl\/wiadomosci\/#\/schema\/person\/e42c650edd7f2fa332be3811fb166b6e"},"headline":"Koniec protestu, kibice Piasta Gliwice wracaj\u0105 na m\u0142yn. &#8220;Budzimy si\u0119 z prawie rocznego snu&#8221;","datePublished":"2019-02-06T00:23:02+00:00","dateModified":"2019-02-06T00:31:05+00:00","mainEntityOfPage":{"@id":"https:\/\/www.24gliwice.pl\/wiadomosci\/kibice-piasta-gliwice-wracaja-na-mlyn-budzimy-sie-z-prawie-rocznego-snu\/"},"wordCount":376,"commentCount":0,"publisher":{"@id":"https:\/\/www.24gliwice.pl\/wiadomosci\/#organization"},"image":{"@id":"https:\/\/www.24gliwice.pl\/wiadomosci\/kibice-piasta-gliwice-wracaja-na-mlyn-budzimy-sie-z-prawie-rocznego-snu\/#primaryimage"},"thumbnailUrl":"https:\/\/www.24gliwice.pl\/wiadomosci\/wp-content\/uploads\/2019\/02\/1-kibice-mlyn-piast.jpg","keywords":["G\u00d3RNIK ZABRZE","KIBICE","KIBOLE","MECZ","OKRZEI","okrzei 20","PIAST GLIWICE","piastoholicy","PSEUDOKIBICE","stadion","STADION MIEJSKI"],"articleSection":["Gliwice","Najnowsze wiadomo\u015bci","Portal Gliwice - Wiadomo\u015bci lokalne"],"inLanguage":"pl-PL","potentialAction":[{"@type":"CommentAction","name":"Comment","target":["https:\/\/www.24gliwice.pl\/wiadomosci\/kibice-piasta-gliwice-wracaja-na-mlyn-budzimy-sie-z-prawie-rocznego-snu\/#respond"]}]},{"@type":"WebPage","@id":"https:\/\/www.24gliwice.pl\/wiadomosci\/kibice-piasta-gliwice-wracaja-na-mlyn-budzimy-sie-z-prawie-rocznego-snu\/","url":"https:\/\/www.24gliwice.pl\/wiadomosci\/kibice-piasta-gliwice-wracaja-na-mlyn-budzimy-sie-z-prawie-rocznego-snu\/","name":"Koniec protestu, kibice Piasta Gliwice wracaj\u0105 na m\u0142yn. \"Budzimy si\u0119 z prawie rocznego snu\" - 24GLIWICE - Portal Gliwice | codziennie nowe informacje","isPartOf":{"@id":"https:\/\/www.24gliwice.pl\/wiadomosci\/#website"},"primaryImageOfPage":{"@id":"https:\/\/www.24gliwice.pl\/wiadomosci\/kibice-piasta-gliwice-wracaja-na-mlyn-budzimy-sie-z-prawie-rocznego-snu\/#primaryimage"},"image":{"@id":"https:\/\/www.24gliwice.pl\/wiadomosci\/kibice-piasta-gliwice-wracaja-na-mlyn-budzimy-sie-z-prawie-rocznego-snu\/#primaryimage"},"thumbnailUrl":"https:\/\/www.24gliwice.pl\/wiadomosci\/wp-content\/uploads\/2019\/02\/1-kibice-mlyn-piast.jpg","datePublished":"2019-02-06T00:23:02+00:00","dateModified":"2019-02-06T00:31:05+00:00","breadcrumb":{"@id":"https:\/\/www.24gliwice.pl\/wiadomosci\/kibice-piasta-gliwice-wracaja-na-mlyn-budzimy-sie-z-prawie-rocznego-snu\/#breadcrumb"},"inLanguage":"pl-PL","potentialAction":[{"@type":"ReadAction","target":["https:\/\/www.24gliwice.pl\/wiadomosci\/kibice-piasta-gliwice-wracaja-na-mlyn-budzimy-sie-z-prawie-rocznego-snu\/"]}]},{"@type":"ImageObject","inLanguage":"pl-PL","@id":"https:\/\/www.24gliwice.pl\/wiadomosci\/kibice-piasta-gliwice-wracaja-na-mlyn-budzimy-sie-z-prawie-rocznego-snu\/#primaryimage","url":"https:\/\/www.24gliwice.pl\/wiadomosci\/wp-content\/uploads\/2019\/02\/1-kibice-mlyn-piast.jpg","contentUrl":"https:\/\/www.24gliwice.pl\/wiadomosci\/wp-content\/uploads\/2019\/02\/1-kibice-mlyn-piast.jpg","width":810,"height":501},{"@type":"BreadcrumbList","@id":"https:\/\/www.24gliwice.pl\/wiadomosci\/kibice-piasta-gliwice-wracaja-na-mlyn-budzimy-sie-z-prawie-rocznego-snu\/#breadcrumb","itemListElement":[{"@type":"ListItem","position":1,"name":"Strona g\u0142\u00f3wna","item":"https:\/\/www.24gliwice.pl\/wiadomosci\/"},{"@type":"ListItem","position":2,"name":"Koniec protestu, kibice Piasta Gliwice wracaj\u0105 na m\u0142yn. &#8222;Budzimy si\u0119 z prawie rocznego snu&#8221;"}]},{"@type":"WebSite","@id":"https:\/\/www.24gliwice.pl\/wiadomosci\/#website","url":"https:\/\/www.24gliwice.pl\/wiadomosci\/","name":"24GLIWICE - Portal Gliwice | codziennie nowe wiadomo\u015bci","description":"Portal Miejski Gliwice","publisher":{"@id":"https:\/\/www.24gliwice.pl\/wiadomosci\/#organization"},"potentialAction":[{"@type":"SearchAction","target":{"@type":"EntryPoint","urlTemplate":"https:\/\/www.24gliwice.pl\/wiadomosci\/?s={search_term_string}"},"query-input":{"@type":"PropertyValueSpecification","valueRequired":true,"valueName":"search_term_string"}}],"inLanguage":"pl-PL"},{"@type":"Organization","@id":"https:\/\/www.24gliwice.pl\/wiadomosci\/#organization","name":"24gliwice","url":"https:\/\/www.24gliwice.pl\/wiadomosci\/","logo":{"@type":"ImageObject","inLanguage":"pl-PL","@id":"https:\/\/www.24gliwice.pl\/wiadomosci\/#\/schema\/logo\/image\/","url":"https:\/\/www.24gliwice.pl\/wiadomosci\/wp-content\/uploads\/2024\/10\/24gliwice-logo-696.jpg","contentUrl":"https:\/\/www.24gliwice.pl\/wiadomosci\/wp-content\/uploads\/2024\/10\/24gliwice-logo-696.jpg","width":696,"height":696,"caption":"24gliwice"},"image":{"@id":"https:\/\/www.24gliwice.pl\/wiadomosci\/#\/schema\/logo\/image\/"},"sameAs":["https:\/\/www.facebook.com\/24gliwice","https:\/\/x.com\/24gliwice","https:\/\/www.youtube.com\/@24gliwice"]},{"@type":"Person","@id":"https:\/\/www.24gliwice.pl\/wiadomosci\/#\/schema\/person\/e42c650edd7f2fa332be3811fb166b6e","name":"\u017baneta Mrozek-Siewierska","image":{"@type":"ImageObject","inLanguage":"pl-PL","@id":"https:\/\/secure.gravatar.com\/avatar\/1881429e9c64597c77ad7aef2d0a19be69a3253e57534d16aa15bf3a4d34a0a3?s=96&d=mm&r=g","url":"https:\/\/secure.gravatar.com\/avatar\/1881429e9c64597c77ad7aef2d0a19be69a3253e57534d16aa15bf3a4d34a0a3?s=96&d=mm&r=g","contentUrl":"https:\/\/secure.gravatar.com\/avatar\/1881429e9c64597c77ad7aef2d0a19be69a3253e57534d16aa15bf3a4d34a0a3?s=96&d=mm&r=g","caption":"\u017baneta Mrozek-Siewierska"},"url":"https:\/\/www.24gliwice.pl\/wiadomosci\/author\/zms\/"}]}},"_links":{"self":[{"href":"https:\/\/www.24gliwice.pl\/wiadomosci\/wp-json\/wp\/v2\/posts\/129873","targetHints":{"allow":["GET"]}}],"collection":[{"href":"https:\/\/www.24gliwice.pl\/wiadomosci\/wp-json\/wp\/v2\/posts"}],"about":[{"href":"https:\/\/www.24gliwice.pl\/wiadomosci\/wp-json\/wp\/v2\/types\/post"}],"author":[{"embeddable":true,"href":"https:\/\/www.24gliwice.pl\/wiadomosci\/wp-json\/wp\/v2\/users\/15"}],"replies":[{"embeddable":true,"href":"https:\/\/www.24gliwice.pl\/wiadomosci\/wp-json\/wp\/v2\/comments?post=129873"}],"version-history":[{"count":0,"href":"https:\/\/www.24gliwice.pl\/wiadomosci\/wp-json\/wp\/v2\/posts\/129873\/revisions"}],"wp:featuredmedia":[{"embeddable":true,"href":"https:\/\/www.24gliwice.pl\/wiadomosci\/wp-json\/wp\/v2\/media\/129908"}],"wp:attachment":[{"href":"https:\/\/www.24gliwice.pl\/wiadomosci\/wp-json\/wp\/v2\/media?parent=129873"}],"wp:term":[{"taxonomy":"category","embeddable":true,"href":"https:\/\/www.24gliwice.pl\/wiadomosci\/wp-json\/wp\/v2\/categories?post=129873"},{"taxonomy":"post_tag","embeddable":true,"href":"https:\/\/www.24gliwice.pl\/wiadomosci\/wp-json\/wp\/v2\/tags?post=129873"}],"curies":[{"name":"wp","href":"https:\/\/api.w.org\/{rel}","templated":true}]}}