{"id":129947,"date":"2019-02-08T05:42:12","date_gmt":"2019-02-08T04:42:12","guid":{"rendered":"https:\/\/www.24gliwice.pl\/wiadomosci\/?p=129947"},"modified":"2019-02-08T00:58:08","modified_gmt":"2019-02-07T23:58:08","slug":"od-kiedy-platnosc-karta-w-parkomatach-nie-podjelismy-ostatecznej-decyzji","status":"publish","type":"post","link":"https:\/\/www.24gliwice.pl\/wiadomosci\/od-kiedy-platnosc-karta-w-parkomatach-nie-podjelismy-ostatecznej-decyzji\/","title":{"rendered":"Od kiedy p\u0142atno\u015b\u0107 kart\u0105 w parkomatach? &#8220;Nie podj\u0119li\u015bmy ostatecznej decyzji&#8221;"},"content":{"rendered":"<div class=\"gliwi-a6-nad-leadem-artykulow gliwi-entity-placement\" id=\"gliwi-2370588200\"><div class=\"gliwi-adlabel\"><span style=\"font-size: 9px\">REKLAMA<\/span><\/div><div id=\"gliwi-1304969934\" style=\"margin-bottom: 30px;margin-left: auto;margin-right: auto;text-align: center;\"><a data-no-instant=\"1\" href=\"https:\/\/przedszkole.halogen.org.pl\/\" rel=\"noopener\" class=\"a2t-link\" target=\"_blank\" aria-label=\"20260402-ANIMATOR-przedszkole_grafika_750x200\"><img loading=\"lazy\" decoding=\"async\" src=\"https:\/\/www.24gliwice.pl\/wiadomosci\/wp-content\/uploads\/2026\/04\/20260402-ANIMATOR-przedszkole_grafika_750x200.webp\" alt=\"\"  srcset=\"https:\/\/www.24gliwice.pl\/wiadomosci\/wp-content\/uploads\/2026\/04\/20260402-ANIMATOR-przedszkole_grafika_750x200.webp 750w, https:\/\/www.24gliwice.pl\/wiadomosci\/wp-content\/uploads\/2026\/04\/20260402-ANIMATOR-przedszkole_grafika_750x200-410x109.webp 410w\" sizes=\"(max-width: 750px) 100vw, 750px\" class=\"no-lazyload\" width=\"750\" height=\"200\"  style=\"display: inline-block; max-width: 100%; height: auto;\" \/><\/a><\/div><\/div><h3>Gdy 3,5 roku temu w Gliwicach pojawi\u0142a si\u0119 strefa p\u0142atnego parkowania, a wraz z ni\u0105 parkomaty, operator systemu przewidywa\u0142, \u017ce &#8220;wkr\u00f3tce&#8221; b\u0119dzie mo\u017cna w nich p\u0142aci\u0107 kart\u0105. Min\u0119\u0142o sporo czasu, a kwestia uruchomienia tej us\u0142ugi nadal jest nierozstrzygni\u0119ta.<\/h3>\n<p>P\u0142atne parkowanie w Gliwicach funkcjonuje od sierpnia 2015 roku. Do dzisiaj najpopularniejsz\u0105 metod\u0105 zap\u0142aty jest got\u00f3wka.<\/p>\n[perfectpullquote align=&#8221;full&#8221; bordertop=&#8221;false&#8221; cite=&#8221;&#8221; link=&#8221;&#8221; color=&#8221;&#8221; class=&#8221;&#8221; size=&#8221;&#8221;]Opcji uiszczania nale\u017cno\u015bci za pomoc\u0105 karty p\u0142atniczej nadal brak i nie wiadomo czy w og\u00f3le si\u0119 pojawi.[\/perfectpullquote]\n<p>&#8211; Analizuj\u0105c obecn\u0105 sytuacj\u0119 w oparciu o prowadzone statystyki oraz obserwuj\u0105c coraz powszechniejsze trendy pos\u0142ugiwania si\u0119 aplikacjami mobilnymi przez u\u017cytkownik\u00f3w gliwickiej strefy p\u0142atnego parkowania, nie podj\u0119li\u015bmy ostatecznej decyzji o uruchomieniu czytnik\u00f3w kart p\u0142atniczych w parkomatach &#8211; wyja\u015bnia<strong> Mariusz Kope\u0107<\/strong> Kierownik Komunikacji Spo\u0142ecznej w \u015al\u0105skiej Sieci Metropolitalnej, kt\u00f3ra jest operatorem strefy.<\/p><div class=\"gliwi-a3-w-tresci-artykulow gliwi-entity-placement\" id=\"gliwi-272169962\"><div class=\"gliwi-adlabel\"><span style=\"font-size: 9px\">REKLAMA<\/span><\/div><div id=\"gliwi-1112038015\" style=\"margin-bottom: 30px;margin-left: auto;margin-right: auto;text-align: center;\"><a data-no-instant=\"1\" href=\"https:\/\/zlobek.halogen.org.pl\/\" rel=\"noopener\" class=\"a2t-link\" target=\"_blank\" aria-label=\"animator-zlobek_750x200\"><img loading=\"lazy\" decoding=\"async\" src=\"https:\/\/www.24gliwice.pl\/wiadomosci\/wp-content\/uploads\/2026\/02\/animator-zlobek_750x200.webp\" alt=\"\"  srcset=\"https:\/\/www.24gliwice.pl\/wiadomosci\/wp-content\/uploads\/2026\/02\/animator-zlobek_750x200.webp 750w, https:\/\/www.24gliwice.pl\/wiadomosci\/wp-content\/uploads\/2026\/02\/animator-zlobek_750x200-410x109.webp 410w\" sizes=\"(max-width: 750px) 100vw, 750px\" class=\"no-lazyload\" width=\"750\" height=\"200\"  style=\"display: inline-block; max-width: 100%; height: auto;\" \/><\/a><\/div><\/div>\n<p>Mo\u017cliwo\u015b\u0107 zakupu biletu parkingowego za pomoc\u0105 aplikacji mobilnej jest dla klient\u00f3w systemu dost\u0119pna od wrze\u015bnia 2016 roku. Mimo to, ta metoda nie osi\u0105gn\u0119\u0142a na razie ogromnej popularno\u015bci. Korzysta z niej zaledwie oko\u0142o 20% u\u017cytkownik\u00f3w.<\/p>\n<p><img loading=\"lazy\" decoding=\"async\" src=\"https:\/\/www.24gliwice.pl\/wiadomosci\/wp-content\/uploads\/2019\/02\/p\u0142atne-parkowanie1.jpg\" alt=\"\" width=\"1212\" height=\"682\" class=\"alignnone size-full wp-image-130031\" srcset=\"https:\/\/www.24gliwice.pl\/wiadomosci\/wp-content\/uploads\/2019\/02\/p\u0142atne-parkowanie1.jpg 1212w, https:\/\/www.24gliwice.pl\/wiadomosci\/wp-content\/uploads\/2019\/02\/p\u0142atne-parkowanie1-410x232.jpg 410w, https:\/\/www.24gliwice.pl\/wiadomosci\/wp-content\/uploads\/2019\/02\/p\u0142atne-parkowanie1-768x432.jpg 768w, https:\/\/www.24gliwice.pl\/wiadomosci\/wp-content\/uploads\/2019\/02\/p\u0142atne-parkowanie1-810x456.jpg 810w, https:\/\/www.24gliwice.pl\/wiadomosci\/wp-content\/uploads\/2019\/02\/p\u0142atne-parkowanie1-1140x641.jpg 1140w\" sizes=\"auto, (max-width: 1212px) 100vw, 1212px\" \/><\/p>\n<p>&#8211; W II p\u00f3\u0142roczu 2018 r. w strefie p\u0142atnego parkowania wykonano blisko 868 tys. op\u0142at za parkowanie, z czego co pi\u0105ta transakcja by\u0142a przeprowadzona przy wykorzystaniu aplikacji. To pokazuje wzrost popularno\u015bci rozwi\u0105za\u0144 mobilnych w\u015br\u00f3d p\u0142ac\u0105cych kierowc\u00f3w a\u017c o 100% &#8211; przekonuje Kope\u0107.<\/p>\n[perfectpullquote align=&#8221;full&#8221; bordertop=&#8221;false&#8221; cite=&#8221;&#8221; link=&#8221;&#8221; color=&#8221;&#8221; class=&#8221;&#8221; size=&#8221;&#8221;]Z danych zaprezentowanych przez \u015al\u0105sk\u0105 Sie\u0107 Metropolitaln\u0105 wynika, \u017ce zdecydowana wi\u0119kszo\u015b\u0107 u\u017cytkownik\u00f3w systemu wnosi jednak op\u0142at\u0119 za parkowanie w parkomacie.[\/perfectpullquote]\n<p>Uruchomienie mo\u017cliwo\u015bci p\u0142atno\u015bci kart\u0105 wielu z nich zdecydowanie u\u0142atwi\u0142oby t\u0119 czynno\u015b\u0107, chocia\u017cby ze wzgl\u0119du na czas, jaki potrzebny jest do obs\u0142ugi urz\u0105dzenia przy p\u0142atno\u015bci got\u00f3wkowej, lub &#8211; w gorszym wypadku &#8211; na szukanie bankomatu.<\/p>\n<p>(\u017cms)<\/p>\n<p><img loading=\"lazy\" decoding=\"async\" src=\"https:\/\/www.24gliwice.pl\/wiadomosci\/wp-content\/uploads\/2019\/02\/p\u0142atne-parkowanie2.jpg\" alt=\"\" width=\"1188\" height=\"668\" class=\"alignnone size-full wp-image-130032\" srcset=\"https:\/\/www.24gliwice.pl\/wiadomosci\/wp-content\/uploads\/2019\/02\/p\u0142atne-parkowanie2.jpg 1188w, https:\/\/www.24gliwice.pl\/wiadomosci\/wp-content\/uploads\/2019\/02\/p\u0142atne-parkowanie2-410x232.jpg 410w, https:\/\/www.24gliwice.pl\/wiadomosci\/wp-content\/uploads\/2019\/02\/p\u0142atne-parkowanie2-768x432.jpg 768w, https:\/\/www.24gliwice.pl\/wiadomosci\/wp-content\/uploads\/2019\/02\/p\u0142atne-parkowanie2-810x455.jpg 810w, https:\/\/www.24gliwice.pl\/wiadomosci\/wp-content\/uploads\/2019\/02\/p\u0142atne-parkowanie2-1140x641.jpg 1140w\" sizes=\"auto, (max-width: 1188px) 100vw, 1188px\" \/><\/p>\n<div class=\"gliwi-a5-na-koncu-artykulow gliwi-entity-placement\" id=\"gliwi-359951049\"><div class=\"gliwi-adlabel\"><span style=\"font-size: 9px\">REKLAMA<\/span><\/div><div id=\"gliwi-2722576409\" style=\"margin-left: auto;margin-right: auto;text-align: center;\"><a data-no-instant=\"1\" href=\"https:\/\/prezeroarenagliwice.pl\/\" rel=\"noopener\" class=\"a2t-link\" target=\"_blank\" aria-label=\"20260309-PREZERO-WIOSNA-D\"><img loading=\"lazy\" decoding=\"async\" src=\"https:\/\/www.24gliwice.pl\/wiadomosci\/wp-content\/uploads\/2026\/03\/20260309-PREZERO-WIOSNA-D.webp\" alt=\"\"  srcset=\"https:\/\/www.24gliwice.pl\/wiadomosci\/wp-content\/uploads\/2026\/03\/20260309-PREZERO-WIOSNA-D.webp 750w, https:\/\/www.24gliwice.pl\/wiadomosci\/wp-content\/uploads\/2026\/03\/20260309-PREZERO-WIOSNA-D-410x109.webp 410w\" sizes=\"(max-width: 750px) 100vw, 750px\" class=\"no-lazyload\" width=\"750\" height=\"200\"  style=\"display: inline-block; max-width: 100%; height: auto;\" \/><\/a><\/div><\/div>","protected":false},"excerpt":{"rendered":"<p>Gdy 3,5 roku temu w Gliwicach pojawi\u0142a si\u0119 strefa p\u0142atnego parkowania, a wraz z ni\u0105 parkomaty, operator systemu przewidywa\u0142, \u017ce &#8220;wkr\u00f3tce&#8221; b\u0119dzie mo\u017cna w nich p\u0142aci\u0107 kart\u0105. Min\u0119\u0142o sporo czasu, a kwestia uruchomienia tej us\u0142ugi nadal jest nierozstrzygni\u0119ta. P\u0142atne parkowanie w Gliwicach funkcjonuje od sierpnia 2015 roku. Do dzisiaj najpopularniejsz\u0105 metod\u0105 zap\u0142aty jest got\u00f3wka. [perfectpullquote [&hellip;]<\/p>\n","protected":false},"author":15,"featured_media":86996,"comment_status":"open","ping_status":"closed","sticky":false,"template":"","format":"standard","meta":{"_monsterinsights_skip_tracking":false,"_monsterinsights_sitenote_active":false,"_monsterinsights_sitenote_note":"","_monsterinsights_sitenote_category":0,"footnotes":"","_links_to":"","_links_to_target":""},"categories":[3,1,9],"tags":[1170,2467,1217,2421,128,9468,495,9227],"class_list":["post-129947","post","type-post","status-publish","format-standard","has-post-thumbnail","hentry","category-gliwice","category-wszystko","category-aktualnosci_lokalne","tag-parking","tag-parkowanie","tag-parkowanie-gliwice","tag-platne-parkowanie","tag-slaska-siec-metropolitalna","tag-spp","tag-ssm","tag-strefa-platnego-parkowania"],"yoast_head":"<!-- This site is optimized with the Yoast SEO plugin v27.5 - https:\/\/yoast.com\/product\/yoast-seo-wordpress\/ -->\n<title>Od kiedy p\u0142atno\u015b\u0107 kart\u0105 w parkomatach? &quot;Nie podj\u0119li\u015bmy ostatecznej decyzji&quot; - 24GLIWICE - Portal Gliwice | codziennie nowe informacje<\/title>\n<meta name=\"robots\" content=\"index, follow, max-snippet:-1, max-image-preview:large, max-video-preview:-1\" \/>\n<link rel=\"canonical\" href=\"https:\/\/www.24gliwice.pl\/wiadomosci\/od-kiedy-platnosc-karta-w-parkomatach-nie-podjelismy-ostatecznej-decyzji\/\" \/>\n<meta property=\"og:locale\" content=\"pl_PL\" \/>\n<meta property=\"og:type\" content=\"article\" \/>\n<meta property=\"og:title\" content=\"Od kiedy p\u0142atno\u015b\u0107 kart\u0105 w parkomatach? &quot;Nie podj\u0119li\u015bmy ostatecznej decyzji&quot; - 24GLIWICE - Portal Gliwice | codziennie nowe informacje\" \/>\n<meta property=\"og:description\" content=\"Gdy 3,5 roku temu w Gliwicach pojawi\u0142a si\u0119 strefa p\u0142atnego parkowania, a wraz z ni\u0105 parkomaty, operator systemu przewidywa\u0142, \u017ce &#8220;wkr\u00f3tce&#8221; b\u0119dzie mo\u017cna w nich p\u0142aci\u0107 kart\u0105. Min\u0119\u0142o sporo czasu, a kwestia uruchomienia tej us\u0142ugi nadal jest nierozstrzygni\u0119ta. P\u0142atne parkowanie w Gliwicach funkcjonuje od sierpnia 2015 roku. Do dzisiaj najpopularniejsz\u0105 metod\u0105 zap\u0142aty jest got\u00f3wka. [perfectpullquote [&hellip;]\" \/>\n<meta property=\"og:url\" content=\"https:\/\/www.24gliwice.pl\/wiadomosci\/od-kiedy-platnosc-karta-w-parkomatach-nie-podjelismy-ostatecznej-decyzji\/\" \/>\n<meta property=\"og:site_name\" content=\"24GLIWICE - Portal Gliwice | codziennie nowe informacje\" \/>\n<meta property=\"article:publisher\" content=\"https:\/\/www.facebook.com\/24gliwice\" \/>\n<meta property=\"article:published_time\" content=\"2019-02-08T04:42:12+00:00\" \/>\n<meta property=\"og:image\" content=\"https:\/\/www.24gliwice.pl\/wiadomosci\/wp-content\/uploads\/2016\/08\/20160819_112253.jpg\" \/>\n\t<meta property=\"og:image:width\" content=\"810\" \/>\n\t<meta property=\"og:image:height\" content=\"456\" \/>\n\t<meta property=\"og:image:type\" content=\"image\/jpeg\" \/>\n<meta name=\"author\" content=\"\u017baneta Mrozek-Siewierska\" \/>\n<meta name=\"twitter:card\" content=\"summary_large_image\" \/>\n<meta name=\"twitter:creator\" content=\"@24gliwice\" \/>\n<meta name=\"twitter:site\" content=\"@24gliwice\" \/>\n<meta name=\"twitter:label1\" content=\"Napisane przez\" \/>\n\t<meta name=\"twitter:data1\" content=\"\u017baneta Mrozek-Siewierska\" \/>\n\t<meta name=\"twitter:label2\" content=\"Szacowany czas czytania\" \/>\n\t<meta name=\"twitter:data2\" content=\"2 minuty\" \/>\n<script type=\"application\/ld+json\" class=\"yoast-schema-graph\">{\"@context\":\"https:\\\/\\\/schema.org\",\"@graph\":[{\"@type\":\"Article\",\"@id\":\"https:\\\/\\\/www.24gliwice.pl\\\/wiadomosci\\\/od-kiedy-platnosc-karta-w-parkomatach-nie-podjelismy-ostatecznej-decyzji\\\/#article\",\"isPartOf\":{\"@id\":\"https:\\\/\\\/www.24gliwice.pl\\\/wiadomosci\\\/od-kiedy-platnosc-karta-w-parkomatach-nie-podjelismy-ostatecznej-decyzji\\\/\"},\"author\":{\"name\":\"\u017baneta Mrozek-Siewierska\",\"@id\":\"https:\\\/\\\/www.24gliwice.pl\\\/wiadomosci\\\/#\\\/schema\\\/person\\\/e42c650edd7f2fa332be3811fb166b6e\"},\"headline\":\"Od kiedy p\u0142atno\u015b\u0107 kart\u0105 w parkomatach? &#8220;Nie podj\u0119li\u015bmy ostatecznej decyzji&#8221;\",\"datePublished\":\"2019-02-08T04:42:12+00:00\",\"mainEntityOfPage\":{\"@id\":\"https:\\\/\\\/www.24gliwice.pl\\\/wiadomosci\\\/od-kiedy-platnosc-karta-w-parkomatach-nie-podjelismy-ostatecznej-decyzji\\\/\"},\"wordCount\":350,\"commentCount\":0,\"publisher\":{\"@id\":\"https:\\\/\\\/www.24gliwice.pl\\\/wiadomosci\\\/#organization\"},\"image\":{\"@id\":\"https:\\\/\\\/www.24gliwice.pl\\\/wiadomosci\\\/od-kiedy-platnosc-karta-w-parkomatach-nie-podjelismy-ostatecznej-decyzji\\\/#primaryimage\"},\"thumbnailUrl\":\"https:\\\/\\\/www.24gliwice.pl\\\/wiadomosci\\\/wp-content\\\/uploads\\\/2016\\\/08\\\/20160819_112253.jpg\",\"keywords\":[\"PARKING\",\"PARKOWANIE\",\"PARKOWANIE GLIWICE\",\"P\u0141ATNE PARKOWANIE\",\"\u015aL\u0104SKA SIE\u0106 METROPOLITARNA\",\"SPP\",\"\u015aSM\",\"STREFA P\u0141ATNEGO PARKOWANIA\"],\"articleSection\":[\"Gliwice\",\"Najnowsze wiadomo\u015bci\",\"Portal Gliwice - Wiadomo\u015bci lokalne\"],\"inLanguage\":\"pl-PL\",\"potentialAction\":[{\"@type\":\"CommentAction\",\"name\":\"Comment\",\"target\":[\"https:\\\/\\\/www.24gliwice.pl\\\/wiadomosci\\\/od-kiedy-platnosc-karta-w-parkomatach-nie-podjelismy-ostatecznej-decyzji\\\/#respond\"]}]},{\"@type\":\"WebPage\",\"@id\":\"https:\\\/\\\/www.24gliwice.pl\\\/wiadomosci\\\/od-kiedy-platnosc-karta-w-parkomatach-nie-podjelismy-ostatecznej-decyzji\\\/\",\"url\":\"https:\\\/\\\/www.24gliwice.pl\\\/wiadomosci\\\/od-kiedy-platnosc-karta-w-parkomatach-nie-podjelismy-ostatecznej-decyzji\\\/\",\"name\":\"Od kiedy p\u0142atno\u015b\u0107 kart\u0105 w parkomatach? \\\"Nie podj\u0119li\u015bmy ostatecznej decyzji\\\" - 24GLIWICE - Portal Gliwice | codziennie nowe informacje\",\"isPartOf\":{\"@id\":\"https:\\\/\\\/www.24gliwice.pl\\\/wiadomosci\\\/#website\"},\"primaryImageOfPage\":{\"@id\":\"https:\\\/\\\/www.24gliwice.pl\\\/wiadomosci\\\/od-kiedy-platnosc-karta-w-parkomatach-nie-podjelismy-ostatecznej-decyzji\\\/#primaryimage\"},\"image\":{\"@id\":\"https:\\\/\\\/www.24gliwice.pl\\\/wiadomosci\\\/od-kiedy-platnosc-karta-w-parkomatach-nie-podjelismy-ostatecznej-decyzji\\\/#primaryimage\"},\"thumbnailUrl\":\"https:\\\/\\\/www.24gliwice.pl\\\/wiadomosci\\\/wp-content\\\/uploads\\\/2016\\\/08\\\/20160819_112253.jpg\",\"datePublished\":\"2019-02-08T04:42:12+00:00\",\"breadcrumb\":{\"@id\":\"https:\\\/\\\/www.24gliwice.pl\\\/wiadomosci\\\/od-kiedy-platnosc-karta-w-parkomatach-nie-podjelismy-ostatecznej-decyzji\\\/#breadcrumb\"},\"inLanguage\":\"pl-PL\",\"potentialAction\":[{\"@type\":\"ReadAction\",\"target\":[\"https:\\\/\\\/www.24gliwice.pl\\\/wiadomosci\\\/od-kiedy-platnosc-karta-w-parkomatach-nie-podjelismy-ostatecznej-decyzji\\\/\"]}]},{\"@type\":\"ImageObject\",\"inLanguage\":\"pl-PL\",\"@id\":\"https:\\\/\\\/www.24gliwice.pl\\\/wiadomosci\\\/od-kiedy-platnosc-karta-w-parkomatach-nie-podjelismy-ostatecznej-decyzji\\\/#primaryimage\",\"url\":\"https:\\\/\\\/www.24gliwice.pl\\\/wiadomosci\\\/wp-content\\\/uploads\\\/2016\\\/08\\\/20160819_112253.jpg\",\"contentUrl\":\"https:\\\/\\\/www.24gliwice.pl\\\/wiadomosci\\\/wp-content\\\/uploads\\\/2016\\\/08\\\/20160819_112253.jpg\",\"width\":810,\"height\":456},{\"@type\":\"BreadcrumbList\",\"@id\":\"https:\\\/\\\/www.24gliwice.pl\\\/wiadomosci\\\/od-kiedy-platnosc-karta-w-parkomatach-nie-podjelismy-ostatecznej-decyzji\\\/#breadcrumb\",\"itemListElement\":[{\"@type\":\"ListItem\",\"position\":1,\"name\":\"Strona g\u0142\u00f3wna\",\"item\":\"https:\\\/\\\/www.24gliwice.pl\\\/wiadomosci\\\/\"},{\"@type\":\"ListItem\",\"position\":2,\"name\":\"Od kiedy p\u0142atno\u015b\u0107 kart\u0105 w parkomatach? &#8222;Nie podj\u0119li\u015bmy ostatecznej decyzji&#8221;\"}]},{\"@type\":\"WebSite\",\"@id\":\"https:\\\/\\\/www.24gliwice.pl\\\/wiadomosci\\\/#website\",\"url\":\"https:\\\/\\\/www.24gliwice.pl\\\/wiadomosci\\\/\",\"name\":\"24GLIWICE - Portal Gliwice | codziennie nowe wiadomo\u015bci\",\"description\":\"Portal Miejski Gliwice\",\"publisher\":{\"@id\":\"https:\\\/\\\/www.24gliwice.pl\\\/wiadomosci\\\/#organization\"},\"potentialAction\":[{\"@type\":\"SearchAction\",\"target\":{\"@type\":\"EntryPoint\",\"urlTemplate\":\"https:\\\/\\\/www.24gliwice.pl\\\/wiadomosci\\\/?s={search_term_string}\"},\"query-input\":{\"@type\":\"PropertyValueSpecification\",\"valueRequired\":true,\"valueName\":\"search_term_string\"}}],\"inLanguage\":\"pl-PL\"},{\"@type\":\"Organization\",\"@id\":\"https:\\\/\\\/www.24gliwice.pl\\\/wiadomosci\\\/#organization\",\"name\":\"24gliwice\",\"url\":\"https:\\\/\\\/www.24gliwice.pl\\\/wiadomosci\\\/\",\"logo\":{\"@type\":\"ImageObject\",\"inLanguage\":\"pl-PL\",\"@id\":\"https:\\\/\\\/www.24gliwice.pl\\\/wiadomosci\\\/#\\\/schema\\\/logo\\\/image\\\/\",\"url\":\"https:\\\/\\\/www.24gliwice.pl\\\/wiadomosci\\\/wp-content\\\/uploads\\\/2024\\\/10\\\/24gliwice-logo-696.jpg\",\"contentUrl\":\"https:\\\/\\\/www.24gliwice.pl\\\/wiadomosci\\\/wp-content\\\/uploads\\\/2024\\\/10\\\/24gliwice-logo-696.jpg\",\"width\":696,\"height\":696,\"caption\":\"24gliwice\"},\"image\":{\"@id\":\"https:\\\/\\\/www.24gliwice.pl\\\/wiadomosci\\\/#\\\/schema\\\/logo\\\/image\\\/\"},\"sameAs\":[\"https:\\\/\\\/www.facebook.com\\\/24gliwice\",\"https:\\\/\\\/x.com\\\/24gliwice\",\"https:\\\/\\\/www.youtube.com\\\/@24gliwice\"]},{\"@type\":\"Person\",\"@id\":\"https:\\\/\\\/www.24gliwice.pl\\\/wiadomosci\\\/#\\\/schema\\\/person\\\/e42c650edd7f2fa332be3811fb166b6e\",\"name\":\"\u017baneta Mrozek-Siewierska\",\"image\":{\"@type\":\"ImageObject\",\"inLanguage\":\"pl-PL\",\"@id\":\"https:\\\/\\\/secure.gravatar.com\\\/avatar\\\/1881429e9c64597c77ad7aef2d0a19be69a3253e57534d16aa15bf3a4d34a0a3?s=96&d=mm&r=g\",\"url\":\"https:\\\/\\\/secure.gravatar.com\\\/avatar\\\/1881429e9c64597c77ad7aef2d0a19be69a3253e57534d16aa15bf3a4d34a0a3?s=96&d=mm&r=g\",\"contentUrl\":\"https:\\\/\\\/secure.gravatar.com\\\/avatar\\\/1881429e9c64597c77ad7aef2d0a19be69a3253e57534d16aa15bf3a4d34a0a3?s=96&d=mm&r=g\",\"caption\":\"\u017baneta Mrozek-Siewierska\"},\"url\":\"https:\\\/\\\/www.24gliwice.pl\\\/wiadomosci\\\/author\\\/zms\\\/\"}]}<\/script>\n<!-- \/ Yoast SEO plugin. -->","yoast_head_json":{"title":"Od kiedy p\u0142atno\u015b\u0107 kart\u0105 w parkomatach? \"Nie podj\u0119li\u015bmy ostatecznej decyzji\" - 24GLIWICE - Portal Gliwice | codziennie nowe informacje","robots":{"index":"index","follow":"follow","max-snippet":"max-snippet:-1","max-image-preview":"max-image-preview:large","max-video-preview":"max-video-preview:-1"},"canonical":"https:\/\/www.24gliwice.pl\/wiadomosci\/od-kiedy-platnosc-karta-w-parkomatach-nie-podjelismy-ostatecznej-decyzji\/","og_locale":"pl_PL","og_type":"article","og_title":"Od kiedy p\u0142atno\u015b\u0107 kart\u0105 w parkomatach? \"Nie podj\u0119li\u015bmy ostatecznej decyzji\" - 24GLIWICE - Portal Gliwice | codziennie nowe informacje","og_description":"Gdy 3,5 roku temu w Gliwicach pojawi\u0142a si\u0119 strefa p\u0142atnego parkowania, a wraz z ni\u0105 parkomaty, operator systemu przewidywa\u0142, \u017ce &#8220;wkr\u00f3tce&#8221; b\u0119dzie mo\u017cna w nich p\u0142aci\u0107 kart\u0105. Min\u0119\u0142o sporo czasu, a kwestia uruchomienia tej us\u0142ugi nadal jest nierozstrzygni\u0119ta. P\u0142atne parkowanie w Gliwicach funkcjonuje od sierpnia 2015 roku. Do dzisiaj najpopularniejsz\u0105 metod\u0105 zap\u0142aty jest got\u00f3wka. [perfectpullquote [&hellip;]","og_url":"https:\/\/www.24gliwice.pl\/wiadomosci\/od-kiedy-platnosc-karta-w-parkomatach-nie-podjelismy-ostatecznej-decyzji\/","og_site_name":"24GLIWICE - Portal Gliwice | codziennie nowe informacje","article_publisher":"https:\/\/www.facebook.com\/24gliwice","article_published_time":"2019-02-08T04:42:12+00:00","og_image":[{"width":810,"height":456,"url":"https:\/\/www.24gliwice.pl\/wiadomosci\/wp-content\/uploads\/2016\/08\/20160819_112253.jpg","type":"image\/jpeg"}],"author":"\u017baneta Mrozek-Siewierska","twitter_card":"summary_large_image","twitter_creator":"@24gliwice","twitter_site":"@24gliwice","twitter_misc":{"Napisane przez":"\u017baneta Mrozek-Siewierska","Szacowany czas czytania":"2 minuty"},"schema":{"@context":"https:\/\/schema.org","@graph":[{"@type":"Article","@id":"https:\/\/www.24gliwice.pl\/wiadomosci\/od-kiedy-platnosc-karta-w-parkomatach-nie-podjelismy-ostatecznej-decyzji\/#article","isPartOf":{"@id":"https:\/\/www.24gliwice.pl\/wiadomosci\/od-kiedy-platnosc-karta-w-parkomatach-nie-podjelismy-ostatecznej-decyzji\/"},"author":{"name":"\u017baneta Mrozek-Siewierska","@id":"https:\/\/www.24gliwice.pl\/wiadomosci\/#\/schema\/person\/e42c650edd7f2fa332be3811fb166b6e"},"headline":"Od kiedy p\u0142atno\u015b\u0107 kart\u0105 w parkomatach? &#8220;Nie podj\u0119li\u015bmy ostatecznej decyzji&#8221;","datePublished":"2019-02-08T04:42:12+00:00","mainEntityOfPage":{"@id":"https:\/\/www.24gliwice.pl\/wiadomosci\/od-kiedy-platnosc-karta-w-parkomatach-nie-podjelismy-ostatecznej-decyzji\/"},"wordCount":350,"commentCount":0,"publisher":{"@id":"https:\/\/www.24gliwice.pl\/wiadomosci\/#organization"},"image":{"@id":"https:\/\/www.24gliwice.pl\/wiadomosci\/od-kiedy-platnosc-karta-w-parkomatach-nie-podjelismy-ostatecznej-decyzji\/#primaryimage"},"thumbnailUrl":"https:\/\/www.24gliwice.pl\/wiadomosci\/wp-content\/uploads\/2016\/08\/20160819_112253.jpg","keywords":["PARKING","PARKOWANIE","PARKOWANIE GLIWICE","P\u0141ATNE PARKOWANIE","\u015aL\u0104SKA SIE\u0106 METROPOLITARNA","SPP","\u015aSM","STREFA P\u0141ATNEGO PARKOWANIA"],"articleSection":["Gliwice","Najnowsze wiadomo\u015bci","Portal Gliwice - Wiadomo\u015bci lokalne"],"inLanguage":"pl-PL","potentialAction":[{"@type":"CommentAction","name":"Comment","target":["https:\/\/www.24gliwice.pl\/wiadomosci\/od-kiedy-platnosc-karta-w-parkomatach-nie-podjelismy-ostatecznej-decyzji\/#respond"]}]},{"@type":"WebPage","@id":"https:\/\/www.24gliwice.pl\/wiadomosci\/od-kiedy-platnosc-karta-w-parkomatach-nie-podjelismy-ostatecznej-decyzji\/","url":"https:\/\/www.24gliwice.pl\/wiadomosci\/od-kiedy-platnosc-karta-w-parkomatach-nie-podjelismy-ostatecznej-decyzji\/","name":"Od kiedy p\u0142atno\u015b\u0107 kart\u0105 w parkomatach? \"Nie podj\u0119li\u015bmy ostatecznej decyzji\" - 24GLIWICE - Portal Gliwice | codziennie nowe informacje","isPartOf":{"@id":"https:\/\/www.24gliwice.pl\/wiadomosci\/#website"},"primaryImageOfPage":{"@id":"https:\/\/www.24gliwice.pl\/wiadomosci\/od-kiedy-platnosc-karta-w-parkomatach-nie-podjelismy-ostatecznej-decyzji\/#primaryimage"},"image":{"@id":"https:\/\/www.24gliwice.pl\/wiadomosci\/od-kiedy-platnosc-karta-w-parkomatach-nie-podjelismy-ostatecznej-decyzji\/#primaryimage"},"thumbnailUrl":"https:\/\/www.24gliwice.pl\/wiadomosci\/wp-content\/uploads\/2016\/08\/20160819_112253.jpg","datePublished":"2019-02-08T04:42:12+00:00","breadcrumb":{"@id":"https:\/\/www.24gliwice.pl\/wiadomosci\/od-kiedy-platnosc-karta-w-parkomatach-nie-podjelismy-ostatecznej-decyzji\/#breadcrumb"},"inLanguage":"pl-PL","potentialAction":[{"@type":"ReadAction","target":["https:\/\/www.24gliwice.pl\/wiadomosci\/od-kiedy-platnosc-karta-w-parkomatach-nie-podjelismy-ostatecznej-decyzji\/"]}]},{"@type":"ImageObject","inLanguage":"pl-PL","@id":"https:\/\/www.24gliwice.pl\/wiadomosci\/od-kiedy-platnosc-karta-w-parkomatach-nie-podjelismy-ostatecznej-decyzji\/#primaryimage","url":"https:\/\/www.24gliwice.pl\/wiadomosci\/wp-content\/uploads\/2016\/08\/20160819_112253.jpg","contentUrl":"https:\/\/www.24gliwice.pl\/wiadomosci\/wp-content\/uploads\/2016\/08\/20160819_112253.jpg","width":810,"height":456},{"@type":"BreadcrumbList","@id":"https:\/\/www.24gliwice.pl\/wiadomosci\/od-kiedy-platnosc-karta-w-parkomatach-nie-podjelismy-ostatecznej-decyzji\/#breadcrumb","itemListElement":[{"@type":"ListItem","position":1,"name":"Strona g\u0142\u00f3wna","item":"https:\/\/www.24gliwice.pl\/wiadomosci\/"},{"@type":"ListItem","position":2,"name":"Od kiedy p\u0142atno\u015b\u0107 kart\u0105 w parkomatach? &#8222;Nie podj\u0119li\u015bmy ostatecznej decyzji&#8221;"}]},{"@type":"WebSite","@id":"https:\/\/www.24gliwice.pl\/wiadomosci\/#website","url":"https:\/\/www.24gliwice.pl\/wiadomosci\/","name":"24GLIWICE - Portal Gliwice | codziennie nowe wiadomo\u015bci","description":"Portal Miejski Gliwice","publisher":{"@id":"https:\/\/www.24gliwice.pl\/wiadomosci\/#organization"},"potentialAction":[{"@type":"SearchAction","target":{"@type":"EntryPoint","urlTemplate":"https:\/\/www.24gliwice.pl\/wiadomosci\/?s={search_term_string}"},"query-input":{"@type":"PropertyValueSpecification","valueRequired":true,"valueName":"search_term_string"}}],"inLanguage":"pl-PL"},{"@type":"Organization","@id":"https:\/\/www.24gliwice.pl\/wiadomosci\/#organization","name":"24gliwice","url":"https:\/\/www.24gliwice.pl\/wiadomosci\/","logo":{"@type":"ImageObject","inLanguage":"pl-PL","@id":"https:\/\/www.24gliwice.pl\/wiadomosci\/#\/schema\/logo\/image\/","url":"https:\/\/www.24gliwice.pl\/wiadomosci\/wp-content\/uploads\/2024\/10\/24gliwice-logo-696.jpg","contentUrl":"https:\/\/www.24gliwice.pl\/wiadomosci\/wp-content\/uploads\/2024\/10\/24gliwice-logo-696.jpg","width":696,"height":696,"caption":"24gliwice"},"image":{"@id":"https:\/\/www.24gliwice.pl\/wiadomosci\/#\/schema\/logo\/image\/"},"sameAs":["https:\/\/www.facebook.com\/24gliwice","https:\/\/x.com\/24gliwice","https:\/\/www.youtube.com\/@24gliwice"]},{"@type":"Person","@id":"https:\/\/www.24gliwice.pl\/wiadomosci\/#\/schema\/person\/e42c650edd7f2fa332be3811fb166b6e","name":"\u017baneta Mrozek-Siewierska","image":{"@type":"ImageObject","inLanguage":"pl-PL","@id":"https:\/\/secure.gravatar.com\/avatar\/1881429e9c64597c77ad7aef2d0a19be69a3253e57534d16aa15bf3a4d34a0a3?s=96&d=mm&r=g","url":"https:\/\/secure.gravatar.com\/avatar\/1881429e9c64597c77ad7aef2d0a19be69a3253e57534d16aa15bf3a4d34a0a3?s=96&d=mm&r=g","contentUrl":"https:\/\/secure.gravatar.com\/avatar\/1881429e9c64597c77ad7aef2d0a19be69a3253e57534d16aa15bf3a4d34a0a3?s=96&d=mm&r=g","caption":"\u017baneta Mrozek-Siewierska"},"url":"https:\/\/www.24gliwice.pl\/wiadomosci\/author\/zms\/"}]}},"_links":{"self":[{"href":"https:\/\/www.24gliwice.pl\/wiadomosci\/wp-json\/wp\/v2\/posts\/129947","targetHints":{"allow":["GET"]}}],"collection":[{"href":"https:\/\/www.24gliwice.pl\/wiadomosci\/wp-json\/wp\/v2\/posts"}],"about":[{"href":"https:\/\/www.24gliwice.pl\/wiadomosci\/wp-json\/wp\/v2\/types\/post"}],"author":[{"embeddable":true,"href":"https:\/\/www.24gliwice.pl\/wiadomosci\/wp-json\/wp\/v2\/users\/15"}],"replies":[{"embeddable":true,"href":"https:\/\/www.24gliwice.pl\/wiadomosci\/wp-json\/wp\/v2\/comments?post=129947"}],"version-history":[{"count":0,"href":"https:\/\/www.24gliwice.pl\/wiadomosci\/wp-json\/wp\/v2\/posts\/129947\/revisions"}],"wp:featuredmedia":[{"embeddable":true,"href":"https:\/\/www.24gliwice.pl\/wiadomosci\/wp-json\/wp\/v2\/media\/86996"}],"wp:attachment":[{"href":"https:\/\/www.24gliwice.pl\/wiadomosci\/wp-json\/wp\/v2\/media?parent=129947"}],"wp:term":[{"taxonomy":"category","embeddable":true,"href":"https:\/\/www.24gliwice.pl\/wiadomosci\/wp-json\/wp\/v2\/categories?post=129947"},{"taxonomy":"post_tag","embeddable":true,"href":"https:\/\/www.24gliwice.pl\/wiadomosci\/wp-json\/wp\/v2\/tags?post=129947"}],"curies":[{"name":"wp","href":"https:\/\/api.w.org\/{rel}","templated":true}]}}