{"id":129957,"date":"2019-02-06T17:10:32","date_gmt":"2019-02-06T16:10:32","guid":{"rendered":"https:\/\/www.24gliwice.pl\/wiadomosci\/?p=129957"},"modified":"2019-02-06T17:10:32","modified_gmt":"2019-02-06T16:10:32","slug":"technikum-z-gliwic-zwyciezylo-w-slaskim-rankingu-liceow-i-technikow-perspektywy-2019","status":"publish","type":"post","link":"https:\/\/www.24gliwice.pl\/wiadomosci\/technikum-z-gliwic-zwyciezylo-w-slaskim-rankingu-liceow-i-technikow-perspektywy-2019\/","title":{"rendered":"Technikum z Gliwic zwyci\u0119\u017cy\u0142o w \u015al\u0105skim Rankingu Lice\u00f3w i Technik\u00f3w Perspektywy 2019"},"content":{"rendered":"<div class=\"gliwi-a6-nad-leadem-artykulow gliwi-entity-placement\" id=\"gliwi-351346967\"><div class=\"gliwi-adlabel\"><span style=\"font-size: 9px\">REKLAMA<\/span><\/div><div id=\"gliwi-1129749423\" style=\"margin-bottom: 25px;margin-left: auto;margin-right: auto;text-align: center;\"><a data-no-instant=\"1\" href=\"https:\/\/dom100.eu\/\" rel=\"noopener\" class=\"a2t-link\" target=\"_blank\" aria-label=\"20260415 DOM100 D\"><img loading=\"lazy\" decoding=\"async\" src=\"https:\/\/www.24gliwice.pl\/wiadomosci\/wp-content\/uploads\/2026\/04\/20260415-DOM100-D.jpg\" alt=\"\"  srcset=\"https:\/\/www.24gliwice.pl\/wiadomosci\/wp-content\/uploads\/2026\/04\/20260415-DOM100-D.jpg 750w, https:\/\/www.24gliwice.pl\/wiadomosci\/wp-content\/uploads\/2026\/04\/20260415-DOM100-D-410x109.jpg 410w\" sizes=\"(max-width: 750px) 100vw, 750px\" class=\"no-lazyload\" width=\"750\" height=\"200\"  style=\"display: inline-block; max-width: 100%; height: auto;\" \/><\/a><\/div><\/div><h3>Na Politechnice \u015al\u0105skiej wr\u0119czono nagrody dla najlepszych szk\u00f3\u0142 w \u015al\u0105skim Rankingu Lice\u00f3w i Technik\u00f3w Perspektywy 2019. Zwyci\u0119\u017cy\u0142y szko\u0142y z Gliwic i Bielska-Bia\u0142ej.<\/h3>\n<p> Uroczysta gala, organizowana przez Politechnik\u0119 \u015al\u0105sk\u0105 oraz Fundacj\u0119 Edukacyjn\u0105 \u201ePerspektywy\u201d, odby\u0142a si\u0119 w \u015brod\u0119 na gliwickiej uczelni. <\/p>\n<p>Wyr\u00f3\u017cniono 15 najlepszych lice\u00f3w i 15 najlepszych technik\u00f3w z wojew\u00f3dztwa \u015bl\u0105skiego.  <strong>W\u015br\u00f3d technik\u00f3w zwyci\u0119\u017cy\u0142o Technikum nr 1 w ZS Techniczno-Informatycznych w Gliwicach<\/strong>, natomiast V Liceum Og\u00f3lnokszta\u0142c\u0105ce z Bielska-Bia\u0142ej okaza\u0142o si\u0119 bezkonkurencyjne w rankingu \u015bl\u0105skich lice\u00f3w. W\u015br\u00f3d nagrodzonych szk\u00f3\u0142 znalaz\u0142y si\u0119 r\u00f3wnie\u017c plac\u00f3wki m.in. z Jastrz\u0119bia Zdroju, Katowic, Rybnika, Tych\u00f3w, Sosnowca, Cieszyna czy Cz\u0119stochowy.<\/p><div class=\"gliwi-a3-w-tresci-artykulow gliwi-entity-placement\" id=\"gliwi-2670180476\"><div class=\"gliwi-adlabel\"><span style=\"font-size: 9px\">REKLAMA<\/span><\/div><div id=\"gliwi-473077317\" style=\"margin-bottom: 30px;margin-left: auto;margin-right: auto;text-align: center;\"><a data-no-instant=\"1\" href=\"https:\/\/zlobek.halogen.org.pl\/\" rel=\"noopener\" class=\"a2t-link\" target=\"_blank\" aria-label=\"animator-zlobek_750x200\"><img loading=\"lazy\" decoding=\"async\" src=\"https:\/\/www.24gliwice.pl\/wiadomosci\/wp-content\/uploads\/2026\/02\/animator-zlobek_750x200.webp\" alt=\"\"  srcset=\"https:\/\/www.24gliwice.pl\/wiadomosci\/wp-content\/uploads\/2026\/02\/animator-zlobek_750x200.webp 750w, https:\/\/www.24gliwice.pl\/wiadomosci\/wp-content\/uploads\/2026\/02\/animator-zlobek_750x200-410x109.webp 410w\" sizes=\"(max-width: 750px) 100vw, 750px\" class=\"no-lazyload\" width=\"750\" height=\"200\"  style=\"display: inline-block; max-width: 100%; height: auto;\" \/><\/a><\/div><\/div>\n<p>Licea og\u00f3lnokszta\u0142c\u0105ce zosta\u0142y ocenione za pomoc\u0105 trzech kryteri\u00f3w. S\u0105 to: sukcesy szko\u0142y w olimpiadach, wyniki matury z przedmiot\u00f3w obowi\u0105zkowych oraz wyniki matury z przedmiot\u00f3w dodatkowych. Przy ocenie technik\u00f3w kapitu\u0142a bra\u0142a pod uwag\u0119 dodatkowo wyniki egzaminu zawodowego.<\/p>\n<blockquote><p>\u2013 Chc\u0119 zwr\u00f3ci\u0107 uwag\u0119, \u017ce w\u015br\u00f3d 50 najlepszych technik\u00f3w w Polsce, a\u017c 11 by\u0142o ze \u015al\u0105ska. To ewenement. \u015awiadczy to dobitnie o \u015bwietnej wsp\u00f3\u0142pracy pomi\u0119dzy przemys\u0142em a edukacj\u0105 i etosie pracy na \u015al\u0105sku<\/p><\/blockquote>\n<p> \u2013 powiedzia\u0142a <strong>Magda Rulska<\/strong> z Fundacji Edukacyjnej \u201ePerspektywy\u201d. <em>(inf: Politechnika \u015al\u0105ska)<\/em><\/p>\n<div class=\"gliwi-a5-na-koncu-artykulow gliwi-entity-placement\" id=\"gliwi-673685469\"><div class=\"gliwi-adlabel\"><span style=\"font-size: 9px\">REKLAMA<\/span><\/div><div id=\"gliwi-1412082399\" style=\"margin-left: auto;margin-right: auto;text-align: center;\"><a data-no-instant=\"1\" href=\"https:\/\/prezeroarenagliwice.pl\/\" rel=\"noopener\" class=\"a2t-link\" target=\"_blank\" aria-label=\"20260309-PREZERO-WIOSNA-D\"><img loading=\"lazy\" decoding=\"async\" src=\"https:\/\/www.24gliwice.pl\/wiadomosci\/wp-content\/uploads\/2026\/03\/20260309-PREZERO-WIOSNA-D.webp\" alt=\"\"  srcset=\"https:\/\/www.24gliwice.pl\/wiadomosci\/wp-content\/uploads\/2026\/03\/20260309-PREZERO-WIOSNA-D.webp 750w, https:\/\/www.24gliwice.pl\/wiadomosci\/wp-content\/uploads\/2026\/03\/20260309-PREZERO-WIOSNA-D-410x109.webp 410w\" sizes=\"(max-width: 750px) 100vw, 750px\" class=\"no-lazyload\" width=\"750\" height=\"200\"  style=\"display: inline-block; max-width: 100%; height: auto;\" \/><\/a><\/div><\/div>","protected":false},"excerpt":{"rendered":"<p>Na Politechnice \u015al\u0105skiej wr\u0119czono nagrody dla najlepszych szk\u00f3\u0142 w \u015al\u0105skim Rankingu Lice\u00f3w i Technik\u00f3w Perspektywy 2019. Zwyci\u0119\u017cy\u0142y szko\u0142y z Gliwic i Bielska-Bia\u0142ej. Uroczysta gala, organizowana przez Politechnik\u0119 \u015al\u0105sk\u0105 oraz Fundacj\u0119 Edukacyjn\u0105 \u201ePerspektywy\u201d, odby\u0142a si\u0119 w \u015brod\u0119 na gliwickiej uczelni. Wyr\u00f3\u017cniono 15 najlepszych lice\u00f3w i 15 najlepszych technik\u00f3w z wojew\u00f3dztwa \u015bl\u0105skiego. W\u015br\u00f3d technik\u00f3w zwyci\u0119\u017cy\u0142o Technikum nr [&hellip;]<\/p>\n","protected":false},"author":4,"featured_media":129958,"comment_status":"open","ping_status":"closed","sticky":false,"template":"","format":"standard","meta":{"_monsterinsights_skip_tracking":false,"_monsterinsights_sitenote_active":false,"_monsterinsights_sitenote_note":"","_monsterinsights_sitenote_category":0,"footnotes":"","_links_to":"","_links_to_target":""},"categories":[3,1],"tags":[14801,219,5171,14805],"class_list":["post-129957","post","type-post","status-publish","format-standard","has-post-thumbnail","hentry","category-gliwice","category-wszystko","tag-najlepsze-technika","tag-politechnika-slaska","tag-szkola","tag-technikum"],"yoast_head":"<!-- This site is optimized with the Yoast SEO plugin v27.5 - https:\/\/yoast.com\/product\/yoast-seo-wordpress\/ -->\n<title>Technikum z Gliwic zwyci\u0119\u017cy\u0142o w \u015al\u0105skim Rankingu Lice\u00f3w i Technik\u00f3w Perspektywy 2019 - 24GLIWICE - Portal Gliwice | codziennie nowe informacje<\/title>\n<meta name=\"robots\" content=\"index, follow, max-snippet:-1, max-image-preview:large, max-video-preview:-1\" \/>\n<link rel=\"canonical\" href=\"https:\/\/www.24gliwice.pl\/wiadomosci\/technikum-z-gliwic-zwyciezylo-w-slaskim-rankingu-liceow-i-technikow-perspektywy-2019\/\" \/>\n<meta property=\"og:locale\" content=\"pl_PL\" \/>\n<meta property=\"og:type\" content=\"article\" \/>\n<meta property=\"og:title\" content=\"Technikum z Gliwic zwyci\u0119\u017cy\u0142o w \u015al\u0105skim Rankingu Lice\u00f3w i Technik\u00f3w Perspektywy 2019 - 24GLIWICE - Portal Gliwice | codziennie nowe informacje\" \/>\n<meta property=\"og:description\" content=\"Na Politechnice \u015al\u0105skiej wr\u0119czono nagrody dla najlepszych szk\u00f3\u0142 w \u015al\u0105skim Rankingu Lice\u00f3w i Technik\u00f3w Perspektywy 2019. Zwyci\u0119\u017cy\u0142y szko\u0142y z Gliwic i Bielska-Bia\u0142ej. Uroczysta gala, organizowana przez Politechnik\u0119 \u015al\u0105sk\u0105 oraz Fundacj\u0119 Edukacyjn\u0105 \u201ePerspektywy\u201d, odby\u0142a si\u0119 w \u015brod\u0119 na gliwickiej uczelni. Wyr\u00f3\u017cniono 15 najlepszych lice\u00f3w i 15 najlepszych technik\u00f3w z wojew\u00f3dztwa \u015bl\u0105skiego. W\u015br\u00f3d technik\u00f3w zwyci\u0119\u017cy\u0142o Technikum nr [&hellip;]\" \/>\n<meta property=\"og:url\" content=\"https:\/\/www.24gliwice.pl\/wiadomosci\/technikum-z-gliwic-zwyciezylo-w-slaskim-rankingu-liceow-i-technikow-perspektywy-2019\/\" \/>\n<meta property=\"og:site_name\" content=\"24GLIWICE - Portal Gliwice | codziennie nowe informacje\" \/>\n<meta property=\"article:publisher\" content=\"https:\/\/www.facebook.com\/24gliwice\" \/>\n<meta property=\"article:author\" content=\"https:\/\/www.facebook.com\/marcin.fabrykowski\" \/>\n<meta property=\"article:published_time\" content=\"2019-02-06T16:10:32+00:00\" \/>\n<meta property=\"og:image\" content=\"https:\/\/www.24gliwice.pl\/wiadomosci\/wp-content\/uploads\/2019\/02\/1-politechnika-gala-technikum.jpg\" \/>\n\t<meta property=\"og:image:width\" content=\"810\" \/>\n\t<meta property=\"og:image:height\" content=\"444\" \/>\n\t<meta property=\"og:image:type\" content=\"image\/jpeg\" \/>\n<meta name=\"author\" content=\"Marcin Fabrykowski\" \/>\n<meta name=\"twitter:card\" content=\"summary_large_image\" \/>\n<meta name=\"twitter:creator\" content=\"@24gliwice\" \/>\n<meta name=\"twitter:site\" content=\"@24gliwice\" \/>\n<meta name=\"twitter:label1\" content=\"Napisane przez\" \/>\n\t<meta name=\"twitter:data1\" content=\"Marcin Fabrykowski\" \/>\n\t<meta name=\"twitter:label2\" content=\"Szacowany czas czytania\" \/>\n\t<meta name=\"twitter:data2\" content=\"1 minuta\" \/>\n<script type=\"application\/ld+json\" class=\"yoast-schema-graph\">{\"@context\":\"https:\\\/\\\/schema.org\",\"@graph\":[{\"@type\":\"Article\",\"@id\":\"https:\\\/\\\/www.24gliwice.pl\\\/wiadomosci\\\/technikum-z-gliwic-zwyciezylo-w-slaskim-rankingu-liceow-i-technikow-perspektywy-2019\\\/#article\",\"isPartOf\":{\"@id\":\"https:\\\/\\\/www.24gliwice.pl\\\/wiadomosci\\\/technikum-z-gliwic-zwyciezylo-w-slaskim-rankingu-liceow-i-technikow-perspektywy-2019\\\/\"},\"author\":{\"name\":\"Marcin Fabrykowski\",\"@id\":\"https:\\\/\\\/www.24gliwice.pl\\\/wiadomosci\\\/#\\\/schema\\\/person\\\/cb5857e4a4d048c15984c1edcc8ef0c0\"},\"headline\":\"Technikum z Gliwic zwyci\u0119\u017cy\u0142o w \u015al\u0105skim Rankingu Lice\u00f3w i Technik\u00f3w Perspektywy 2019\",\"datePublished\":\"2019-02-06T16:10:32+00:00\",\"mainEntityOfPage\":{\"@id\":\"https:\\\/\\\/www.24gliwice.pl\\\/wiadomosci\\\/technikum-z-gliwic-zwyciezylo-w-slaskim-rankingu-liceow-i-technikow-perspektywy-2019\\\/\"},\"wordCount\":241,\"commentCount\":0,\"publisher\":{\"@id\":\"https:\\\/\\\/www.24gliwice.pl\\\/wiadomosci\\\/#organization\"},\"image\":{\"@id\":\"https:\\\/\\\/www.24gliwice.pl\\\/wiadomosci\\\/technikum-z-gliwic-zwyciezylo-w-slaskim-rankingu-liceow-i-technikow-perspektywy-2019\\\/#primaryimage\"},\"thumbnailUrl\":\"https:\\\/\\\/www.24gliwice.pl\\\/wiadomosci\\\/wp-content\\\/uploads\\\/2019\\\/02\\\/1-politechnika-gala-technikum.jpg\",\"keywords\":[\"najlepsze technika\",\"POLITECHNIKA \u015aL\u0104SKA\",\"SZKO\u0141A\",\"technikum\"],\"articleSection\":[\"Gliwice\",\"Najnowsze wiadomo\u015bci\"],\"inLanguage\":\"pl-PL\",\"potentialAction\":[{\"@type\":\"CommentAction\",\"name\":\"Comment\",\"target\":[\"https:\\\/\\\/www.24gliwice.pl\\\/wiadomosci\\\/technikum-z-gliwic-zwyciezylo-w-slaskim-rankingu-liceow-i-technikow-perspektywy-2019\\\/#respond\"]}]},{\"@type\":\"WebPage\",\"@id\":\"https:\\\/\\\/www.24gliwice.pl\\\/wiadomosci\\\/technikum-z-gliwic-zwyciezylo-w-slaskim-rankingu-liceow-i-technikow-perspektywy-2019\\\/\",\"url\":\"https:\\\/\\\/www.24gliwice.pl\\\/wiadomosci\\\/technikum-z-gliwic-zwyciezylo-w-slaskim-rankingu-liceow-i-technikow-perspektywy-2019\\\/\",\"name\":\"Technikum z Gliwic zwyci\u0119\u017cy\u0142o w \u015al\u0105skim Rankingu Lice\u00f3w i Technik\u00f3w Perspektywy 2019 - 24GLIWICE - Portal Gliwice | codziennie nowe informacje\",\"isPartOf\":{\"@id\":\"https:\\\/\\\/www.24gliwice.pl\\\/wiadomosci\\\/#website\"},\"primaryImageOfPage\":{\"@id\":\"https:\\\/\\\/www.24gliwice.pl\\\/wiadomosci\\\/technikum-z-gliwic-zwyciezylo-w-slaskim-rankingu-liceow-i-technikow-perspektywy-2019\\\/#primaryimage\"},\"image\":{\"@id\":\"https:\\\/\\\/www.24gliwice.pl\\\/wiadomosci\\\/technikum-z-gliwic-zwyciezylo-w-slaskim-rankingu-liceow-i-technikow-perspektywy-2019\\\/#primaryimage\"},\"thumbnailUrl\":\"https:\\\/\\\/www.24gliwice.pl\\\/wiadomosci\\\/wp-content\\\/uploads\\\/2019\\\/02\\\/1-politechnika-gala-technikum.jpg\",\"datePublished\":\"2019-02-06T16:10:32+00:00\",\"breadcrumb\":{\"@id\":\"https:\\\/\\\/www.24gliwice.pl\\\/wiadomosci\\\/technikum-z-gliwic-zwyciezylo-w-slaskim-rankingu-liceow-i-technikow-perspektywy-2019\\\/#breadcrumb\"},\"inLanguage\":\"pl-PL\",\"potentialAction\":[{\"@type\":\"ReadAction\",\"target\":[\"https:\\\/\\\/www.24gliwice.pl\\\/wiadomosci\\\/technikum-z-gliwic-zwyciezylo-w-slaskim-rankingu-liceow-i-technikow-perspektywy-2019\\\/\"]}]},{\"@type\":\"ImageObject\",\"inLanguage\":\"pl-PL\",\"@id\":\"https:\\\/\\\/www.24gliwice.pl\\\/wiadomosci\\\/technikum-z-gliwic-zwyciezylo-w-slaskim-rankingu-liceow-i-technikow-perspektywy-2019\\\/#primaryimage\",\"url\":\"https:\\\/\\\/www.24gliwice.pl\\\/wiadomosci\\\/wp-content\\\/uploads\\\/2019\\\/02\\\/1-politechnika-gala-technikum.jpg\",\"contentUrl\":\"https:\\\/\\\/www.24gliwice.pl\\\/wiadomosci\\\/wp-content\\\/uploads\\\/2019\\\/02\\\/1-politechnika-gala-technikum.jpg\",\"width\":810,\"height\":444},{\"@type\":\"BreadcrumbList\",\"@id\":\"https:\\\/\\\/www.24gliwice.pl\\\/wiadomosci\\\/technikum-z-gliwic-zwyciezylo-w-slaskim-rankingu-liceow-i-technikow-perspektywy-2019\\\/#breadcrumb\",\"itemListElement\":[{\"@type\":\"ListItem\",\"position\":1,\"name\":\"Strona g\u0142\u00f3wna\",\"item\":\"https:\\\/\\\/www.24gliwice.pl\\\/wiadomosci\\\/\"},{\"@type\":\"ListItem\",\"position\":2,\"name\":\"Technikum z Gliwic zwyci\u0119\u017cy\u0142o w \u015al\u0105skim Rankingu Lice\u00f3w i Technik\u00f3w Perspektywy 2019\"}]},{\"@type\":\"WebSite\",\"@id\":\"https:\\\/\\\/www.24gliwice.pl\\\/wiadomosci\\\/#website\",\"url\":\"https:\\\/\\\/www.24gliwice.pl\\\/wiadomosci\\\/\",\"name\":\"24GLIWICE - Portal Gliwice | codziennie nowe wiadomo\u015bci\",\"description\":\"Portal Miejski Gliwice\",\"publisher\":{\"@id\":\"https:\\\/\\\/www.24gliwice.pl\\\/wiadomosci\\\/#organization\"},\"potentialAction\":[{\"@type\":\"SearchAction\",\"target\":{\"@type\":\"EntryPoint\",\"urlTemplate\":\"https:\\\/\\\/www.24gliwice.pl\\\/wiadomosci\\\/?s={search_term_string}\"},\"query-input\":{\"@type\":\"PropertyValueSpecification\",\"valueRequired\":true,\"valueName\":\"search_term_string\"}}],\"inLanguage\":\"pl-PL\"},{\"@type\":\"Organization\",\"@id\":\"https:\\\/\\\/www.24gliwice.pl\\\/wiadomosci\\\/#organization\",\"name\":\"24gliwice\",\"url\":\"https:\\\/\\\/www.24gliwice.pl\\\/wiadomosci\\\/\",\"logo\":{\"@type\":\"ImageObject\",\"inLanguage\":\"pl-PL\",\"@id\":\"https:\\\/\\\/www.24gliwice.pl\\\/wiadomosci\\\/#\\\/schema\\\/logo\\\/image\\\/\",\"url\":\"https:\\\/\\\/www.24gliwice.pl\\\/wiadomosci\\\/wp-content\\\/uploads\\\/2024\\\/10\\\/24gliwice-logo-696.jpg\",\"contentUrl\":\"https:\\\/\\\/www.24gliwice.pl\\\/wiadomosci\\\/wp-content\\\/uploads\\\/2024\\\/10\\\/24gliwice-logo-696.jpg\",\"width\":696,\"height\":696,\"caption\":\"24gliwice\"},\"image\":{\"@id\":\"https:\\\/\\\/www.24gliwice.pl\\\/wiadomosci\\\/#\\\/schema\\\/logo\\\/image\\\/\"},\"sameAs\":[\"https:\\\/\\\/www.facebook.com\\\/24gliwice\",\"https:\\\/\\\/x.com\\\/24gliwice\",\"https:\\\/\\\/www.youtube.com\\\/@24gliwice\"]},{\"@type\":\"Person\",\"@id\":\"https:\\\/\\\/www.24gliwice.pl\\\/wiadomosci\\\/#\\\/schema\\\/person\\\/cb5857e4a4d048c15984c1edcc8ef0c0\",\"name\":\"Marcin Fabrykowski\",\"image\":{\"@type\":\"ImageObject\",\"inLanguage\":\"pl-PL\",\"@id\":\"https:\\\/\\\/www.24gliwice.pl\\\/wiadomosci\\\/wp-content\\\/uploads\\\/2025\\\/11\\\/zdjecie-moje-marcin-300-96x96.jpg\",\"url\":\"https:\\\/\\\/www.24gliwice.pl\\\/wiadomosci\\\/wp-content\\\/uploads\\\/2025\\\/11\\\/zdjecie-moje-marcin-300-96x96.jpg\",\"contentUrl\":\"https:\\\/\\\/www.24gliwice.pl\\\/wiadomosci\\\/wp-content\\\/uploads\\\/2025\\\/11\\\/zdjecie-moje-marcin-300-96x96.jpg\",\"caption\":\"Marcin Fabrykowski\"},\"sameAs\":[\"http:\\\/\\\/24gliwice.pl\",\"https:\\\/\\\/www.facebook.com\\\/marcin.fabrykowski\"],\"url\":\"https:\\\/\\\/www.24gliwice.pl\\\/wiadomosci\\\/author\\\/marcin-fabrykowski\\\/\"}]}<\/script>\n<!-- \/ Yoast SEO plugin. -->","yoast_head_json":{"title":"Technikum z Gliwic zwyci\u0119\u017cy\u0142o w \u015al\u0105skim Rankingu Lice\u00f3w i Technik\u00f3w Perspektywy 2019 - 24GLIWICE - Portal Gliwice | codziennie nowe informacje","robots":{"index":"index","follow":"follow","max-snippet":"max-snippet:-1","max-image-preview":"max-image-preview:large","max-video-preview":"max-video-preview:-1"},"canonical":"https:\/\/www.24gliwice.pl\/wiadomosci\/technikum-z-gliwic-zwyciezylo-w-slaskim-rankingu-liceow-i-technikow-perspektywy-2019\/","og_locale":"pl_PL","og_type":"article","og_title":"Technikum z Gliwic zwyci\u0119\u017cy\u0142o w \u015al\u0105skim Rankingu Lice\u00f3w i Technik\u00f3w Perspektywy 2019 - 24GLIWICE - Portal Gliwice | codziennie nowe informacje","og_description":"Na Politechnice \u015al\u0105skiej wr\u0119czono nagrody dla najlepszych szk\u00f3\u0142 w \u015al\u0105skim Rankingu Lice\u00f3w i Technik\u00f3w Perspektywy 2019. Zwyci\u0119\u017cy\u0142y szko\u0142y z Gliwic i Bielska-Bia\u0142ej. Uroczysta gala, organizowana przez Politechnik\u0119 \u015al\u0105sk\u0105 oraz Fundacj\u0119 Edukacyjn\u0105 \u201ePerspektywy\u201d, odby\u0142a si\u0119 w \u015brod\u0119 na gliwickiej uczelni. Wyr\u00f3\u017cniono 15 najlepszych lice\u00f3w i 15 najlepszych technik\u00f3w z wojew\u00f3dztwa \u015bl\u0105skiego. W\u015br\u00f3d technik\u00f3w zwyci\u0119\u017cy\u0142o Technikum nr [&hellip;]","og_url":"https:\/\/www.24gliwice.pl\/wiadomosci\/technikum-z-gliwic-zwyciezylo-w-slaskim-rankingu-liceow-i-technikow-perspektywy-2019\/","og_site_name":"24GLIWICE - Portal Gliwice | codziennie nowe informacje","article_publisher":"https:\/\/www.facebook.com\/24gliwice","article_author":"https:\/\/www.facebook.com\/marcin.fabrykowski","article_published_time":"2019-02-06T16:10:32+00:00","og_image":[{"width":810,"height":444,"url":"https:\/\/www.24gliwice.pl\/wiadomosci\/wp-content\/uploads\/2019\/02\/1-politechnika-gala-technikum.jpg","type":"image\/jpeg"}],"author":"Marcin Fabrykowski","twitter_card":"summary_large_image","twitter_creator":"@24gliwice","twitter_site":"@24gliwice","twitter_misc":{"Napisane przez":"Marcin Fabrykowski","Szacowany czas czytania":"1 minuta"},"schema":{"@context":"https:\/\/schema.org","@graph":[{"@type":"Article","@id":"https:\/\/www.24gliwice.pl\/wiadomosci\/technikum-z-gliwic-zwyciezylo-w-slaskim-rankingu-liceow-i-technikow-perspektywy-2019\/#article","isPartOf":{"@id":"https:\/\/www.24gliwice.pl\/wiadomosci\/technikum-z-gliwic-zwyciezylo-w-slaskim-rankingu-liceow-i-technikow-perspektywy-2019\/"},"author":{"name":"Marcin Fabrykowski","@id":"https:\/\/www.24gliwice.pl\/wiadomosci\/#\/schema\/person\/cb5857e4a4d048c15984c1edcc8ef0c0"},"headline":"Technikum z Gliwic zwyci\u0119\u017cy\u0142o w \u015al\u0105skim Rankingu Lice\u00f3w i Technik\u00f3w Perspektywy 2019","datePublished":"2019-02-06T16:10:32+00:00","mainEntityOfPage":{"@id":"https:\/\/www.24gliwice.pl\/wiadomosci\/technikum-z-gliwic-zwyciezylo-w-slaskim-rankingu-liceow-i-technikow-perspektywy-2019\/"},"wordCount":241,"commentCount":0,"publisher":{"@id":"https:\/\/www.24gliwice.pl\/wiadomosci\/#organization"},"image":{"@id":"https:\/\/www.24gliwice.pl\/wiadomosci\/technikum-z-gliwic-zwyciezylo-w-slaskim-rankingu-liceow-i-technikow-perspektywy-2019\/#primaryimage"},"thumbnailUrl":"https:\/\/www.24gliwice.pl\/wiadomosci\/wp-content\/uploads\/2019\/02\/1-politechnika-gala-technikum.jpg","keywords":["najlepsze technika","POLITECHNIKA \u015aL\u0104SKA","SZKO\u0141A","technikum"],"articleSection":["Gliwice","Najnowsze wiadomo\u015bci"],"inLanguage":"pl-PL","potentialAction":[{"@type":"CommentAction","name":"Comment","target":["https:\/\/www.24gliwice.pl\/wiadomosci\/technikum-z-gliwic-zwyciezylo-w-slaskim-rankingu-liceow-i-technikow-perspektywy-2019\/#respond"]}]},{"@type":"WebPage","@id":"https:\/\/www.24gliwice.pl\/wiadomosci\/technikum-z-gliwic-zwyciezylo-w-slaskim-rankingu-liceow-i-technikow-perspektywy-2019\/","url":"https:\/\/www.24gliwice.pl\/wiadomosci\/technikum-z-gliwic-zwyciezylo-w-slaskim-rankingu-liceow-i-technikow-perspektywy-2019\/","name":"Technikum z Gliwic zwyci\u0119\u017cy\u0142o w \u015al\u0105skim Rankingu Lice\u00f3w i Technik\u00f3w Perspektywy 2019 - 24GLIWICE - Portal Gliwice | codziennie nowe informacje","isPartOf":{"@id":"https:\/\/www.24gliwice.pl\/wiadomosci\/#website"},"primaryImageOfPage":{"@id":"https:\/\/www.24gliwice.pl\/wiadomosci\/technikum-z-gliwic-zwyciezylo-w-slaskim-rankingu-liceow-i-technikow-perspektywy-2019\/#primaryimage"},"image":{"@id":"https:\/\/www.24gliwice.pl\/wiadomosci\/technikum-z-gliwic-zwyciezylo-w-slaskim-rankingu-liceow-i-technikow-perspektywy-2019\/#primaryimage"},"thumbnailUrl":"https:\/\/www.24gliwice.pl\/wiadomosci\/wp-content\/uploads\/2019\/02\/1-politechnika-gala-technikum.jpg","datePublished":"2019-02-06T16:10:32+00:00","breadcrumb":{"@id":"https:\/\/www.24gliwice.pl\/wiadomosci\/technikum-z-gliwic-zwyciezylo-w-slaskim-rankingu-liceow-i-technikow-perspektywy-2019\/#breadcrumb"},"inLanguage":"pl-PL","potentialAction":[{"@type":"ReadAction","target":["https:\/\/www.24gliwice.pl\/wiadomosci\/technikum-z-gliwic-zwyciezylo-w-slaskim-rankingu-liceow-i-technikow-perspektywy-2019\/"]}]},{"@type":"ImageObject","inLanguage":"pl-PL","@id":"https:\/\/www.24gliwice.pl\/wiadomosci\/technikum-z-gliwic-zwyciezylo-w-slaskim-rankingu-liceow-i-technikow-perspektywy-2019\/#primaryimage","url":"https:\/\/www.24gliwice.pl\/wiadomosci\/wp-content\/uploads\/2019\/02\/1-politechnika-gala-technikum.jpg","contentUrl":"https:\/\/www.24gliwice.pl\/wiadomosci\/wp-content\/uploads\/2019\/02\/1-politechnika-gala-technikum.jpg","width":810,"height":444},{"@type":"BreadcrumbList","@id":"https:\/\/www.24gliwice.pl\/wiadomosci\/technikum-z-gliwic-zwyciezylo-w-slaskim-rankingu-liceow-i-technikow-perspektywy-2019\/#breadcrumb","itemListElement":[{"@type":"ListItem","position":1,"name":"Strona g\u0142\u00f3wna","item":"https:\/\/www.24gliwice.pl\/wiadomosci\/"},{"@type":"ListItem","position":2,"name":"Technikum z Gliwic zwyci\u0119\u017cy\u0142o w \u015al\u0105skim Rankingu Lice\u00f3w i Technik\u00f3w Perspektywy 2019"}]},{"@type":"WebSite","@id":"https:\/\/www.24gliwice.pl\/wiadomosci\/#website","url":"https:\/\/www.24gliwice.pl\/wiadomosci\/","name":"24GLIWICE - Portal Gliwice | codziennie nowe wiadomo\u015bci","description":"Portal Miejski Gliwice","publisher":{"@id":"https:\/\/www.24gliwice.pl\/wiadomosci\/#organization"},"potentialAction":[{"@type":"SearchAction","target":{"@type":"EntryPoint","urlTemplate":"https:\/\/www.24gliwice.pl\/wiadomosci\/?s={search_term_string}"},"query-input":{"@type":"PropertyValueSpecification","valueRequired":true,"valueName":"search_term_string"}}],"inLanguage":"pl-PL"},{"@type":"Organization","@id":"https:\/\/www.24gliwice.pl\/wiadomosci\/#organization","name":"24gliwice","url":"https:\/\/www.24gliwice.pl\/wiadomosci\/","logo":{"@type":"ImageObject","inLanguage":"pl-PL","@id":"https:\/\/www.24gliwice.pl\/wiadomosci\/#\/schema\/logo\/image\/","url":"https:\/\/www.24gliwice.pl\/wiadomosci\/wp-content\/uploads\/2024\/10\/24gliwice-logo-696.jpg","contentUrl":"https:\/\/www.24gliwice.pl\/wiadomosci\/wp-content\/uploads\/2024\/10\/24gliwice-logo-696.jpg","width":696,"height":696,"caption":"24gliwice"},"image":{"@id":"https:\/\/www.24gliwice.pl\/wiadomosci\/#\/schema\/logo\/image\/"},"sameAs":["https:\/\/www.facebook.com\/24gliwice","https:\/\/x.com\/24gliwice","https:\/\/www.youtube.com\/@24gliwice"]},{"@type":"Person","@id":"https:\/\/www.24gliwice.pl\/wiadomosci\/#\/schema\/person\/cb5857e4a4d048c15984c1edcc8ef0c0","name":"Marcin Fabrykowski","image":{"@type":"ImageObject","inLanguage":"pl-PL","@id":"https:\/\/www.24gliwice.pl\/wiadomosci\/wp-content\/uploads\/2025\/11\/zdjecie-moje-marcin-300-96x96.jpg","url":"https:\/\/www.24gliwice.pl\/wiadomosci\/wp-content\/uploads\/2025\/11\/zdjecie-moje-marcin-300-96x96.jpg","contentUrl":"https:\/\/www.24gliwice.pl\/wiadomosci\/wp-content\/uploads\/2025\/11\/zdjecie-moje-marcin-300-96x96.jpg","caption":"Marcin Fabrykowski"},"sameAs":["http:\/\/24gliwice.pl","https:\/\/www.facebook.com\/marcin.fabrykowski"],"url":"https:\/\/www.24gliwice.pl\/wiadomosci\/author\/marcin-fabrykowski\/"}]}},"_links":{"self":[{"href":"https:\/\/www.24gliwice.pl\/wiadomosci\/wp-json\/wp\/v2\/posts\/129957","targetHints":{"allow":["GET"]}}],"collection":[{"href":"https:\/\/www.24gliwice.pl\/wiadomosci\/wp-json\/wp\/v2\/posts"}],"about":[{"href":"https:\/\/www.24gliwice.pl\/wiadomosci\/wp-json\/wp\/v2\/types\/post"}],"author":[{"embeddable":true,"href":"https:\/\/www.24gliwice.pl\/wiadomosci\/wp-json\/wp\/v2\/users\/4"}],"replies":[{"embeddable":true,"href":"https:\/\/www.24gliwice.pl\/wiadomosci\/wp-json\/wp\/v2\/comments?post=129957"}],"version-history":[{"count":0,"href":"https:\/\/www.24gliwice.pl\/wiadomosci\/wp-json\/wp\/v2\/posts\/129957\/revisions"}],"wp:featuredmedia":[{"embeddable":true,"href":"https:\/\/www.24gliwice.pl\/wiadomosci\/wp-json\/wp\/v2\/media\/129958"}],"wp:attachment":[{"href":"https:\/\/www.24gliwice.pl\/wiadomosci\/wp-json\/wp\/v2\/media?parent=129957"}],"wp:term":[{"taxonomy":"category","embeddable":true,"href":"https:\/\/www.24gliwice.pl\/wiadomosci\/wp-json\/wp\/v2\/categories?post=129957"},{"taxonomy":"post_tag","embeddable":true,"href":"https:\/\/www.24gliwice.pl\/wiadomosci\/wp-json\/wp\/v2\/tags?post=129957"}],"curies":[{"name":"wp","href":"https:\/\/api.w.org\/{rel}","templated":true}]}}