{"id":130073,"date":"2019-02-08T12:00:58","date_gmt":"2019-02-08T11:00:58","guid":{"rendered":"https:\/\/www.24gliwice.pl\/wiadomosci\/?p=130073"},"modified":"2019-02-09T01:15:27","modified_gmt":"2019-02-09T00:15:27","slug":"poczciwy-antek-z-aeroklubu-gliwickiego-w-swiatowej-produkcji-arktyka-w-kinach-od-1-lutego","status":"publish","type":"post","link":"https:\/\/www.24gliwice.pl\/wiadomosci\/poczciwy-antek-z-aeroklubu-gliwickiego-w-swiatowej-produkcji-arktyka-w-kinach-od-1-lutego\/","title":{"rendered":"Poczciwy &#8220;Antek&#8221; z Aeroklubu Gliwickiego w \u015bwiatowej produkcji &#8220;Arktyka&#8221;. W kinach od 1 lutego"},"content":{"rendered":"<div class=\"gliwi-a6-nad-leadem-artykulow gliwi-entity-placement\" id=\"gliwi-242848514\"><div class=\"gliwi-adlabel\"><span style=\"font-size: 9px\">REKLAMA<\/span><\/div><div id=\"gliwi-2950971715\" style=\"margin-bottom: 30px;margin-left: auto;margin-right: auto;text-align: center;\"><a data-no-instant=\"1\" href=\"https:\/\/przedszkole.halogen.org.pl\/\" rel=\"noopener\" class=\"a2t-link\" target=\"_blank\" aria-label=\"20260402-ANIMATOR-przedszkole_grafika_750x200\"><img loading=\"lazy\" decoding=\"async\" src=\"https:\/\/www.24gliwice.pl\/wiadomosci\/wp-content\/uploads\/2026\/04\/20260402-ANIMATOR-przedszkole_grafika_750x200.webp\" alt=\"\"  srcset=\"https:\/\/www.24gliwice.pl\/wiadomosci\/wp-content\/uploads\/2026\/04\/20260402-ANIMATOR-przedszkole_grafika_750x200.webp 750w, https:\/\/www.24gliwice.pl\/wiadomosci\/wp-content\/uploads\/2026\/04\/20260402-ANIMATOR-przedszkole_grafika_750x200-410x109.webp 410w\" sizes=\"(max-width: 750px) 100vw, 750px\" class=\"no-lazyload\" width=\"750\" height=\"200\"  style=\"display: inline-block; max-width: 100%; height: auto;\" \/><\/a><\/div><\/div><p><iframe loading=\"lazy\" src=\"https:\/\/www.youtube.com\/embed\/UKjrPgFM-V8\" width=\"810\" height=\"455\" frameborder=\"0\" allowfullscreen=\"allowfullscreen\"><\/iframe><\/p>\n<h3>Na ekrany kin wchodzi w\u0142a\u015bnie film pt. Arktyka, gdzie poza rewelacyjnym Madsem Mikkelsenem, gra\u2026 samolot, kt\u00f3ry jeszcze niedawno nale\u017ca\u0142 do Aeroklubu Gliwickiego. To Antonow AN-2 \u2013 dobrze znany mieszka\u0144com Gliwic i cz\u0142onkom AGL.<\/h3>\n<p>Film 30-letniego re\u017cysera pochodz\u0105cego z Brazylii, kt\u00f3ry swoj\u0105 premier\u0119 w Stanach Zjednoczonych mia\u0142 1 lutego, a teraz znajdzie si\u0119 w repertuarze multipleks\u00f3w ca\u0142ej Polsce <a href=\"https:\/\/multikino.pl\/repertuar\/zabrze\" target=\"_blank\" rel=\"noopener\">(mo\u017cna go obejrze\u0107 w Mutikinie w Zabrzu)<\/a>, opowiada o katastrofie lotniczej w samym \u015brodku arktycznej tundry. Na pok\u0142adzie samolotu by\u0142 tylko jeden pasa\u017cer. Samotny podr\u00f3\u017cnik wyci\u0105ga ze zrujnowanej maszyny (w tej roli w\u0142a\u015bnie \u201eANTEK\u201d z Gliwic) wszystko, co mo\u017ce by\u0107 potrzebne i rusza przed siebie, ale mimo swoich stara\u0144 \u2013 ja\u0142owy krajobraz oferuje niewielk\u0105 nadziej\u0119 na ratunek.<br \/>\n[perfectpullquote align=&#8221;full&#8221; bordertop=&#8221;false&#8221; cite=&#8221;&#8221; link=&#8221;&#8221; color=&#8221;&#8221; class=&#8221;&#8221; size=&#8221;&#8221;]\nFilm trzyma w napi\u0119ciu \u2013 jest owiany spor\u0105 doz\u0105 tajemniczo\u015bci. Uwypukla emocje i czasem skrajne zachowania cz\u0142owieka w ekstremalnie trudnych sytuacjach.[\/perfectpullquote]\n<p>Przez niekt\u00f3rych krytyk\u00f3w zosta\u0142 mianowany najlepszym filmem ostatnich lat traktuj\u0105cym o woli przetrwania. Niebagateln\u0105 rol\u0119 w filmie gra maszyna \u2013 samolot, kt\u00f3ry przez wiele lat zwi\u0105zany by\u0142 z Gliwicami.<\/p>\n<h4>Co mia\u0142 lata\u0107, to wylata\u0142<\/h4>\n<p>Antonow AN \u2013 2 trafi\u0142 do Gliwic w 2000 roku. Wcze\u015bniejszym w\u0142a\u015bcicielem maszyny by\u0142o wojsko. Przez kilkana\u015bcie lat samolot wykorzystywany by\u0142 do transportowania skoczk\u00f3w spadochronowych. W 2015 roku maszyna przesz\u0142a w stan spoczynku.<\/p><div class=\"gliwi-a3-w-tresci-artykulow gliwi-entity-placement\" id=\"gliwi-2211163127\"><div class=\"gliwi-adlabel\"><span style=\"font-size: 9px\">REKLAMA<\/span><\/div><div id=\"gliwi-2684396965\" style=\"margin-bottom: 30px;margin-left: auto;margin-right: auto;text-align: center;\"><a data-no-instant=\"1\" href=\"https:\/\/ogrodyandersa.pl\/\" rel=\"noopener\" class=\"a2t-link\" target=\"_blank\" aria-label=\"20260415 Ogrody Andersa KUP TERAZ D\"><img loading=\"lazy\" decoding=\"async\" src=\"https:\/\/www.24gliwice.pl\/wiadomosci\/wp-content\/uploads\/2026\/04\/20260415-Ogrody-Andersa-KUP-TERAZ-D.jpg\" alt=\"\"  srcset=\"https:\/\/www.24gliwice.pl\/wiadomosci\/wp-content\/uploads\/2026\/04\/20260415-Ogrody-Andersa-KUP-TERAZ-D.jpg 750w, https:\/\/www.24gliwice.pl\/wiadomosci\/wp-content\/uploads\/2026\/04\/20260415-Ogrody-Andersa-KUP-TERAZ-D-410x109.jpg 410w\" sizes=\"(max-width: 750px) 100vw, 750px\" class=\"no-lazyload\" width=\"750\" height=\"200\"  style=\"display: inline-block; max-width: 100%; height: auto;\" \/><\/a><\/div><\/div>\n<blockquote><p>Szacowane koszty naprawy i remont\u00f3w przekracza\u0142y warto\u015b\u0107 samolotu. \u00d3wczesna dyrekcja aeroklubu podj\u0119\u0142a wi\u0119c decyzj\u0119 o sprzeda\u017cy maszyny. Og\u0142oszenie pojawi\u0142o si\u0119 w Internecie<\/p><\/blockquote>\n<p>\u2013 m\u00f3wi <strong>Beata Mi\u0105cz-Pa\u0142ka<\/strong> obecna dyrektor Aeroklubu Gliwickiego.<\/p>\n<p>Zaledwie po kilku dniach od opublikowania og\u0142oszenia o sprzeda\u017cy do aeroklubu zg\u0142osi\u0142 si\u0119 30-letni brazylijski re\u017cyser \u2013 <strong>Joe Penna<\/strong> z propozycj\u0105 zakupu maszyny. Obie strony uzgodni\u0142y formalno\u015bci i transakcja dosz\u0142a do skutku.<\/p>\n<p>\u2013 Tak do ko\u0144ca nie by\u0142o wtedy wiadomo do jakich dok\u0142adnie cel\u00f3w \u201eANTEK\u201d zostanie wykorzystany. Pocz\u0105tkowo m\u00f3wi\u0142o si\u0119, \u017ce we\u017amie udzia\u0142 w epizodzie pokazuj\u0105cym katastrof\u0119 maszyny. Teraz wiemy, \u017ce rola naszego by\u0142ego samolotu jest zdecydowanie wi\u0119ksza. Wida\u0107 go nawet w zwiastunach promuj\u0105cych film. To bardzo wzruszaj\u0105ce dla wielu naszych cz\u0142onk\u00f3w i sympatyk\u00f3w lotnictwa, kt\u00f3rzy przez lata wznosili si\u0119 tym samolotem w powietrze, by wyskakiwa\u0107 ze spadochronem \u2013 dodaje dyrektor gliwickiego aeroklubu.<\/p>\n<div id='gallery-1' class='vce-gallery gallery galleryid-130073 gallery-columns-3 gallery-size-vce-lay-b'><div class=\"vce-gallery-big\"><div class=\"big-gallery-item item-0\" >\n\t\t\t<div class='gallery-icon'>\n\t\t\t\t<a href='https:\/\/www.24gliwice.pl\/wiadomosci\/wp-content\/uploads\/2017\/03\/Antonow1.jpg'><img loading=\"lazy\" decoding=\"async\" width=\"810\" height=\"455\" src=\"https:\/\/www.24gliwice.pl\/wiadomosci\/wp-content\/uploads\/2017\/03\/Antonow1-810x455.jpg\" class=\"attachment-vce-lay-a size-vce-lay-a\" alt=\"\" srcset=\"https:\/\/www.24gliwice.pl\/wiadomosci\/wp-content\/uploads\/2017\/03\/Antonow1-810x455.jpg 810w, https:\/\/www.24gliwice.pl\/wiadomosci\/wp-content\/uploads\/2017\/03\/Antonow1-410x230.jpg 410w, https:\/\/www.24gliwice.pl\/wiadomosci\/wp-content\/uploads\/2017\/03\/Antonow1-768x431.jpg 768w, https:\/\/www.24gliwice.pl\/wiadomosci\/wp-content\/uploads\/2017\/03\/Antonow1-1140x640.jpg 1140w, https:\/\/www.24gliwice.pl\/wiadomosci\/wp-content\/uploads\/2017\/03\/Antonow1.jpg 1200w\" sizes=\"auto, (max-width: 810px) 100vw, 810px\" \/><\/a>\n\t\t\t<\/div><\/div><div class=\"big-gallery-item item-1\" style=\"display:none;\">\n\t\t\t<div class='gallery-icon'>\n\t\t\t\t<a href='https:\/\/www.24gliwice.pl\/wiadomosci\/wp-content\/uploads\/2017\/03\/Antonow-3.jpg'><img loading=\"lazy\" decoding=\"async\" width=\"810\" height=\"456\" src=\"https:\/\/www.24gliwice.pl\/wiadomosci\/wp-content\/uploads\/2017\/03\/Antonow-3-810x456.jpg\" class=\"attachment-vce-lay-a size-vce-lay-a\" alt=\"\" srcset=\"https:\/\/www.24gliwice.pl\/wiadomosci\/wp-content\/uploads\/2017\/03\/Antonow-3-810x456.jpg 810w, https:\/\/www.24gliwice.pl\/wiadomosci\/wp-content\/uploads\/2017\/03\/Antonow-3-410x232.jpg 410w, https:\/\/www.24gliwice.pl\/wiadomosci\/wp-content\/uploads\/2017\/03\/Antonow-3-768x433.jpg 768w, https:\/\/www.24gliwice.pl\/wiadomosci\/wp-content\/uploads\/2017\/03\/Antonow-3-808x455.jpg 808w, https:\/\/www.24gliwice.pl\/wiadomosci\/wp-content\/uploads\/2017\/03\/Antonow-3-1140x642.jpg 1140w, https:\/\/www.24gliwice.pl\/wiadomosci\/wp-content\/uploads\/2017\/03\/Antonow-3.jpg 1200w\" sizes=\"auto, (max-width: 810px) 100vw, 810px\" \/><\/a>\n\t\t\t<\/div><\/div><div class=\"big-gallery-item item-2\" style=\"display:none;\">\n\t\t\t<div class='gallery-icon'>\n\t\t\t\t<a href='https:\/\/www.24gliwice.pl\/wiadomosci\/wp-content\/uploads\/2017\/03\/Antonow-6.jpg'><img loading=\"lazy\" decoding=\"async\" width=\"810\" height=\"454\" src=\"https:\/\/www.24gliwice.pl\/wiadomosci\/wp-content\/uploads\/2017\/03\/Antonow-6-810x454.jpg\" class=\"attachment-vce-lay-a size-vce-lay-a\" alt=\"\" srcset=\"https:\/\/www.24gliwice.pl\/wiadomosci\/wp-content\/uploads\/2017\/03\/Antonow-6-810x454.jpg 810w, https:\/\/www.24gliwice.pl\/wiadomosci\/wp-content\/uploads\/2017\/03\/Antonow-6-410x230.jpg 410w, https:\/\/www.24gliwice.pl\/wiadomosci\/wp-content\/uploads\/2017\/03\/Antonow-6-768x431.jpg 768w, https:\/\/www.24gliwice.pl\/wiadomosci\/wp-content\/uploads\/2017\/03\/Antonow-6-1140x639.jpg 1140w, https:\/\/www.24gliwice.pl\/wiadomosci\/wp-content\/uploads\/2017\/03\/Antonow-6.jpg 1200w\" sizes=\"auto, (max-width: 810px) 100vw, 810px\" \/><\/a>\n\t\t\t<\/div><\/div><div class=\"big-gallery-item item-3\" style=\"display:none;\">\n\t\t\t<div class='gallery-icon'>\n\t\t\t\t<a href='https:\/\/www.24gliwice.pl\/wiadomosci\/wp-content\/uploads\/2017\/03\/Antonow-5.jpg'><img loading=\"lazy\" decoding=\"async\" width=\"810\" height=\"456\" src=\"https:\/\/www.24gliwice.pl\/wiadomosci\/wp-content\/uploads\/2017\/03\/Antonow-5-810x456.jpg\" class=\"attachment-vce-lay-a size-vce-lay-a\" alt=\"\" srcset=\"https:\/\/www.24gliwice.pl\/wiadomosci\/wp-content\/uploads\/2017\/03\/Antonow-5-810x456.jpg 810w, https:\/\/www.24gliwice.pl\/wiadomosci\/wp-content\/uploads\/2017\/03\/Antonow-5-410x232.jpg 410w, https:\/\/www.24gliwice.pl\/wiadomosci\/wp-content\/uploads\/2017\/03\/Antonow-5-768x432.jpg 768w, https:\/\/www.24gliwice.pl\/wiadomosci\/wp-content\/uploads\/2017\/03\/Antonow-5-1140x641.jpg 1140w, https:\/\/www.24gliwice.pl\/wiadomosci\/wp-content\/uploads\/2017\/03\/Antonow-5.jpg 1200w\" sizes=\"auto, (max-width: 810px) 100vw, 810px\" \/><\/a>\n\t\t\t<\/div><\/div><div class=\"big-gallery-item item-4\" style=\"display:none;\">\n\t\t\t<div class='gallery-icon'>\n\t\t\t\t<a href='https:\/\/www.24gliwice.pl\/wiadomosci\/wp-content\/uploads\/2017\/03\/Antonow-4.jpg'><img loading=\"lazy\" decoding=\"async\" width=\"810\" height=\"455\" src=\"https:\/\/www.24gliwice.pl\/wiadomosci\/wp-content\/uploads\/2017\/03\/Antonow-4-810x455.jpg\" class=\"attachment-vce-lay-a size-vce-lay-a\" alt=\"\" srcset=\"https:\/\/www.24gliwice.pl\/wiadomosci\/wp-content\/uploads\/2017\/03\/Antonow-4-810x455.jpg 810w, https:\/\/www.24gliwice.pl\/wiadomosci\/wp-content\/uploads\/2017\/03\/Antonow-4-410x230.jpg 410w, https:\/\/www.24gliwice.pl\/wiadomosci\/wp-content\/uploads\/2017\/03\/Antonow-4-768x431.jpg 768w, https:\/\/www.24gliwice.pl\/wiadomosci\/wp-content\/uploads\/2017\/03\/Antonow-4-1140x640.jpg 1140w, https:\/\/www.24gliwice.pl\/wiadomosci\/wp-content\/uploads\/2017\/03\/Antonow-4.jpg 1200w\" sizes=\"auto, (max-width: 810px) 100vw, 810px\" \/><\/a>\n\t\t\t<\/div><\/div><div class=\"big-gallery-item item-5\" style=\"display:none;\">\n\t\t\t<div class='gallery-icon'>\n\t\t\t\t<a href='https:\/\/www.24gliwice.pl\/wiadomosci\/wp-content\/uploads\/2017\/03\/Antonow-7.jpg'><img loading=\"lazy\" decoding=\"async\" width=\"810\" height=\"456\" src=\"https:\/\/www.24gliwice.pl\/wiadomosci\/wp-content\/uploads\/2017\/03\/Antonow-7-810x456.jpg\" class=\"attachment-vce-lay-a size-vce-lay-a\" alt=\"\" srcset=\"https:\/\/www.24gliwice.pl\/wiadomosci\/wp-content\/uploads\/2017\/03\/Antonow-7-810x456.jpg 810w, https:\/\/www.24gliwice.pl\/wiadomosci\/wp-content\/uploads\/2017\/03\/Antonow-7-410x232.jpg 410w, https:\/\/www.24gliwice.pl\/wiadomosci\/wp-content\/uploads\/2017\/03\/Antonow-7-768x432.jpg 768w, https:\/\/www.24gliwice.pl\/wiadomosci\/wp-content\/uploads\/2017\/03\/Antonow-7-1140x641.jpg 1140w, https:\/\/www.24gliwice.pl\/wiadomosci\/wp-content\/uploads\/2017\/03\/Antonow-7.jpg 1200w\" sizes=\"auto, (max-width: 810px) 100vw, 810px\" \/><\/a>\n\t\t\t<\/div><\/div><\/div><div class=\"vce-gallery-slider\" data-columns=\"3\"><figure class='gallery-item' data-item='0'>\n\t\t\t<div class='gallery-icon landscape'>\n\t\t\t\t<a href='https:\/\/www.24gliwice.pl\/wiadomosci\/wp-content\/uploads\/2017\/03\/Antonow1.jpg'><img loading=\"lazy\" decoding=\"async\" width=\"375\" height=\"195\" src=\"https:\/\/www.24gliwice.pl\/wiadomosci\/wp-content\/uploads\/2017\/03\/Antonow1-375x195.jpg\" class=\"attachment-vce-lay-b size-vce-lay-b\" alt=\"\" \/><\/a>\n\t\t\t<\/div><\/figure><figure class='gallery-item' data-item='1'>\n\t\t\t<div class='gallery-icon landscape'>\n\t\t\t\t<a href='https:\/\/www.24gliwice.pl\/wiadomosci\/wp-content\/uploads\/2017\/03\/Antonow-3.jpg'><img loading=\"lazy\" decoding=\"async\" width=\"375\" height=\"195\" src=\"https:\/\/www.24gliwice.pl\/wiadomosci\/wp-content\/uploads\/2017\/03\/Antonow-3-375x195.jpg\" class=\"attachment-vce-lay-b size-vce-lay-b\" alt=\"\" \/><\/a>\n\t\t\t<\/div><\/figure><figure class='gallery-item' data-item='2'>\n\t\t\t<div class='gallery-icon landscape'>\n\t\t\t\t<a href='https:\/\/www.24gliwice.pl\/wiadomosci\/wp-content\/uploads\/2017\/03\/Antonow-6.jpg'><img loading=\"lazy\" decoding=\"async\" width=\"375\" height=\"195\" src=\"https:\/\/www.24gliwice.pl\/wiadomosci\/wp-content\/uploads\/2017\/03\/Antonow-6-375x195.jpg\" class=\"attachment-vce-lay-b size-vce-lay-b\" alt=\"\" \/><\/a>\n\t\t\t<\/div><\/figure><figure class='gallery-item' data-item='3'>\n\t\t\t<div class='gallery-icon landscape'>\n\t\t\t\t<a href='https:\/\/www.24gliwice.pl\/wiadomosci\/wp-content\/uploads\/2017\/03\/Antonow-5.jpg'><img loading=\"lazy\" decoding=\"async\" width=\"375\" height=\"195\" src=\"https:\/\/www.24gliwice.pl\/wiadomosci\/wp-content\/uploads\/2017\/03\/Antonow-5-375x195.jpg\" class=\"attachment-vce-lay-b size-vce-lay-b\" alt=\"\" \/><\/a>\n\t\t\t<\/div><\/figure><figure class='gallery-item' data-item='4'>\n\t\t\t<div class='gallery-icon landscape'>\n\t\t\t\t<a href='https:\/\/www.24gliwice.pl\/wiadomosci\/wp-content\/uploads\/2017\/03\/Antonow-4.jpg'><img loading=\"lazy\" decoding=\"async\" width=\"375\" height=\"195\" src=\"https:\/\/www.24gliwice.pl\/wiadomosci\/wp-content\/uploads\/2017\/03\/Antonow-4-375x195.jpg\" class=\"attachment-vce-lay-b size-vce-lay-b\" alt=\"\" \/><\/a>\n\t\t\t<\/div><\/figure><figure class='gallery-item' data-item='5'>\n\t\t\t<div class='gallery-icon landscape'>\n\t\t\t\t<a href='https:\/\/www.24gliwice.pl\/wiadomosci\/wp-content\/uploads\/2017\/03\/Antonow-7.jpg'><img loading=\"lazy\" decoding=\"async\" width=\"375\" height=\"195\" src=\"https:\/\/www.24gliwice.pl\/wiadomosci\/wp-content\/uploads\/2017\/03\/Antonow-7-375x195.jpg\" class=\"attachment-vce-lay-b size-vce-lay-b\" alt=\"\" \/><\/a>\n\t\t\t<\/div><\/figure><\/div><\/div>\n\n<p>\u201eAntek\u201d opu\u015bci\u0142 Gliwice nieco ponad dwa lata temu. Wcze\u015bniej zosta\u0142 rozebrany na cz\u0119\u015bci i spakowany do dw\u00f3ch kontener\u00f3w. Najpierw trafi\u0142 do Niemiec, a potem \u2013 statkiem \u2013 pop\u0142yn\u0105\u0142 do Islandii. Tam w\u0142a\u015bnie realizowane by\u0142y zdj\u0119cia do filmu.<\/p>\n<p>Warto wiedzie\u0107, \u017ce gliwicki Aeroklub ma w posiadaniu jeszcze jedn\u0105 \u2013 identyczn\u0105 maszyn\u0119, kt\u00f3ra \u2013 po remoncie \u2013 ci\u0105gle s\u0142u\u017cy spadochroniarzom.<\/p>\n<p>(\u017cms)\/Aeroklub Gliwicki<br \/>\nfot. Karol Brentek\/AGL, arch. Aeroklubu Gliwickiego<\/p>\n<div class=\"gliwi-a5-na-koncu-artykulow gliwi-entity-placement\" id=\"gliwi-536675557\"><div class=\"gliwi-adlabel\"><span style=\"font-size: 9px\">REKLAMA<\/span><\/div><div id=\"gliwi-2995468435\" style=\"margin-left: auto;margin-right: auto;text-align: center;\"><a data-no-instant=\"1\" href=\"https:\/\/www.jasek.pl\/\" rel=\"noopener\" class=\"a2t-link\" target=\"_blank\" aria-label=\"20200401-jasek 600\"><img loading=\"lazy\" decoding=\"async\" src=\"https:\/\/www.24gliwice.pl\/wiadomosci\/wp-content\/uploads\/2020\/04\/20200401-jasek-600.jpg\" alt=\"\"  srcset=\"https:\/\/www.24gliwice.pl\/wiadomosci\/wp-content\/uploads\/2020\/04\/20200401-jasek-600.jpg 600w, https:\/\/www.24gliwice.pl\/wiadomosci\/wp-content\/uploads\/2020\/04\/20200401-jasek-600-410x109.jpg 410w\" sizes=\"(max-width: 600px) 100vw, 600px\" class=\"no-lazyload\" width=\"600\" height=\"160\"  style=\"display: inline-block; max-width: 100%; height: auto;\" \/><\/a><\/div><\/div>","protected":false},"excerpt":{"rendered":"<p>Na ekrany kin wchodzi w\u0142a\u015bnie film pt. Arktyka, gdzie poza rewelacyjnym Madsem Mikkelsenem, gra\u2026 samolot, kt\u00f3ry jeszcze niedawno nale\u017ca\u0142 do Aeroklubu Gliwickiego. To Antonow AN-2 \u2013 dobrze znany mieszka\u0144com Gliwic i cz\u0142onkom AGL. Film 30-letniego re\u017cysera pochodz\u0105cego z Brazylii, kt\u00f3ry swoj\u0105 premier\u0119 w Stanach Zjednoczonych mia\u0142 1 lutego, a teraz znajdzie si\u0119 w repertuarze multipleks\u00f3w [&hellip;]<\/p>\n","protected":false},"author":15,"featured_media":130093,"comment_status":"open","ping_status":"closed","sticky":false,"template":"","format":"video","meta":{"_monsterinsights_skip_tracking":false,"_monsterinsights_sitenote_active":false,"_monsterinsights_sitenote_note":"","_monsterinsights_sitenote_category":0,"footnotes":"","_links_to":"","_links_to_target":""},"categories":[3,1,9],"tags":[8844,8847,8846,814,9898,3393,14830,1915,8848],"class_list":["post-130073","post","type-post","status-publish","format-video","has-post-thumbnail","hentry","category-gliwice","category-wszystko","category-aktualnosci_lokalne","tag-aeroklub","tag-antek","tag-antonow","tag-cinema-city","tag-film","tag-kino","tag-mads-mikkelsen","tag-multikino","tag-samolot","post_format-post-format-video"],"yoast_head":"<!-- This site is optimized with the Yoast SEO plugin v27.5 - https:\/\/yoast.com\/product\/yoast-seo-wordpress\/ -->\n<title>Poczciwy &quot;Antek&quot; z Aeroklubu Gliwickiego w \u015bwiatowej produkcji &quot;Arktyka&quot;. W kinach od 1 lutego - 24GLIWICE - Portal Gliwice | codziennie nowe informacje<\/title>\n<meta name=\"robots\" content=\"index, follow, max-snippet:-1, max-image-preview:large, max-video-preview:-1\" \/>\n<link rel=\"canonical\" href=\"https:\/\/www.24gliwice.pl\/wiadomosci\/poczciwy-antek-z-aeroklubu-gliwickiego-w-swiatowej-produkcji-arktyka-w-kinach-od-1-lutego\/\" \/>\n<meta property=\"og:locale\" content=\"pl_PL\" \/>\n<meta property=\"og:type\" content=\"article\" \/>\n<meta property=\"og:title\" content=\"Poczciwy &quot;Antek&quot; z Aeroklubu Gliwickiego w \u015bwiatowej produkcji &quot;Arktyka&quot;. W kinach od 1 lutego - 24GLIWICE - Portal Gliwice | codziennie nowe informacje\" \/>\n<meta property=\"og:description\" content=\"Na ekrany kin wchodzi w\u0142a\u015bnie film pt. Arktyka, gdzie poza rewelacyjnym Madsem Mikkelsenem, gra\u2026 samolot, kt\u00f3ry jeszcze niedawno nale\u017ca\u0142 do Aeroklubu Gliwickiego. To Antonow AN-2 \u2013 dobrze znany mieszka\u0144com Gliwic i cz\u0142onkom AGL. Film 30-letniego re\u017cysera pochodz\u0105cego z Brazylii, kt\u00f3ry swoj\u0105 premier\u0119 w Stanach Zjednoczonych mia\u0142 1 lutego, a teraz znajdzie si\u0119 w repertuarze multipleks\u00f3w [&hellip;]\" \/>\n<meta property=\"og:url\" content=\"https:\/\/www.24gliwice.pl\/wiadomosci\/poczciwy-antek-z-aeroklubu-gliwickiego-w-swiatowej-produkcji-arktyka-w-kinach-od-1-lutego\/\" \/>\n<meta property=\"og:site_name\" content=\"24GLIWICE - Portal Gliwice | codziennie nowe informacje\" \/>\n<meta property=\"article:publisher\" content=\"https:\/\/www.facebook.com\/24gliwice\" \/>\n<meta property=\"article:published_time\" content=\"2019-02-08T11:00:58+00:00\" \/>\n<meta property=\"article:modified_time\" content=\"2019-02-09T00:15:27+00:00\" \/>\n<meta property=\"og:image\" content=\"https:\/\/www.24gliwice.pl\/wiadomosci\/wp-content\/uploads\/2019\/02\/antonow-gliwice.jpg\" \/>\n\t<meta property=\"og:image:width\" content=\"830\" \/>\n\t<meta property=\"og:image:height\" content=\"474\" \/>\n\t<meta property=\"og:image:type\" content=\"image\/jpeg\" \/>\n<meta name=\"author\" content=\"\u017baneta Mrozek-Siewierska\" \/>\n<meta name=\"twitter:card\" content=\"summary_large_image\" \/>\n<meta name=\"twitter:creator\" content=\"@24gliwice\" \/>\n<meta name=\"twitter:site\" content=\"@24gliwice\" \/>\n<meta name=\"twitter:label1\" content=\"Napisane przez\" \/>\n\t<meta name=\"twitter:data1\" content=\"\u017baneta Mrozek-Siewierska\" \/>\n\t<meta name=\"twitter:label2\" content=\"Szacowany czas czytania\" \/>\n\t<meta name=\"twitter:data2\" content=\"2 minuty\" \/>\n<script type=\"application\/ld+json\" class=\"yoast-schema-graph\">{\"@context\":\"https:\\\/\\\/schema.org\",\"@graph\":[{\"@type\":\"Article\",\"@id\":\"https:\\\/\\\/www.24gliwice.pl\\\/wiadomosci\\\/poczciwy-antek-z-aeroklubu-gliwickiego-w-swiatowej-produkcji-arktyka-w-kinach-od-1-lutego\\\/#article\",\"isPartOf\":{\"@id\":\"https:\\\/\\\/www.24gliwice.pl\\\/wiadomosci\\\/poczciwy-antek-z-aeroklubu-gliwickiego-w-swiatowej-produkcji-arktyka-w-kinach-od-1-lutego\\\/\"},\"author\":{\"name\":\"\u017baneta Mrozek-Siewierska\",\"@id\":\"https:\\\/\\\/www.24gliwice.pl\\\/wiadomosci\\\/#\\\/schema\\\/person\\\/e42c650edd7f2fa332be3811fb166b6e\"},\"headline\":\"Poczciwy &#8220;Antek&#8221; z Aeroklubu Gliwickiego w \u015bwiatowej produkcji &#8220;Arktyka&#8221;. W kinach od 1 lutego\",\"datePublished\":\"2019-02-08T11:00:58+00:00\",\"dateModified\":\"2019-02-09T00:15:27+00:00\",\"mainEntityOfPage\":{\"@id\":\"https:\\\/\\\/www.24gliwice.pl\\\/wiadomosci\\\/poczciwy-antek-z-aeroklubu-gliwickiego-w-swiatowej-produkcji-arktyka-w-kinach-od-1-lutego\\\/\"},\"wordCount\":494,\"commentCount\":0,\"publisher\":{\"@id\":\"https:\\\/\\\/www.24gliwice.pl\\\/wiadomosci\\\/#organization\"},\"image\":{\"@id\":\"https:\\\/\\\/www.24gliwice.pl\\\/wiadomosci\\\/poczciwy-antek-z-aeroklubu-gliwickiego-w-swiatowej-produkcji-arktyka-w-kinach-od-1-lutego\\\/#primaryimage\"},\"thumbnailUrl\":\"https:\\\/\\\/www.24gliwice.pl\\\/wiadomosci\\\/wp-content\\\/uploads\\\/2019\\\/02\\\/antonow-gliwice.jpg\",\"keywords\":[\"AEROKLUB\",\"antek\",\"antonow\",\"Cinema City\",\"FILM\",\"KINO\",\"mads mikkelsen\",\"MULTIKINO\",\"samolot\"],\"articleSection\":[\"Gliwice\",\"Najnowsze wiadomo\u015bci\",\"Portal Gliwice - Wiadomo\u015bci lokalne\"],\"inLanguage\":\"pl-PL\",\"potentialAction\":[{\"@type\":\"CommentAction\",\"name\":\"Comment\",\"target\":[\"https:\\\/\\\/www.24gliwice.pl\\\/wiadomosci\\\/poczciwy-antek-z-aeroklubu-gliwickiego-w-swiatowej-produkcji-arktyka-w-kinach-od-1-lutego\\\/#respond\"]}]},{\"@type\":\"WebPage\",\"@id\":\"https:\\\/\\\/www.24gliwice.pl\\\/wiadomosci\\\/poczciwy-antek-z-aeroklubu-gliwickiego-w-swiatowej-produkcji-arktyka-w-kinach-od-1-lutego\\\/\",\"url\":\"https:\\\/\\\/www.24gliwice.pl\\\/wiadomosci\\\/poczciwy-antek-z-aeroklubu-gliwickiego-w-swiatowej-produkcji-arktyka-w-kinach-od-1-lutego\\\/\",\"name\":\"Poczciwy \\\"Antek\\\" z Aeroklubu Gliwickiego w \u015bwiatowej produkcji \\\"Arktyka\\\". W kinach od 1 lutego - 24GLIWICE - Portal Gliwice | codziennie nowe informacje\",\"isPartOf\":{\"@id\":\"https:\\\/\\\/www.24gliwice.pl\\\/wiadomosci\\\/#website\"},\"primaryImageOfPage\":{\"@id\":\"https:\\\/\\\/www.24gliwice.pl\\\/wiadomosci\\\/poczciwy-antek-z-aeroklubu-gliwickiego-w-swiatowej-produkcji-arktyka-w-kinach-od-1-lutego\\\/#primaryimage\"},\"image\":{\"@id\":\"https:\\\/\\\/www.24gliwice.pl\\\/wiadomosci\\\/poczciwy-antek-z-aeroklubu-gliwickiego-w-swiatowej-produkcji-arktyka-w-kinach-od-1-lutego\\\/#primaryimage\"},\"thumbnailUrl\":\"https:\\\/\\\/www.24gliwice.pl\\\/wiadomosci\\\/wp-content\\\/uploads\\\/2019\\\/02\\\/antonow-gliwice.jpg\",\"datePublished\":\"2019-02-08T11:00:58+00:00\",\"dateModified\":\"2019-02-09T00:15:27+00:00\",\"breadcrumb\":{\"@id\":\"https:\\\/\\\/www.24gliwice.pl\\\/wiadomosci\\\/poczciwy-antek-z-aeroklubu-gliwickiego-w-swiatowej-produkcji-arktyka-w-kinach-od-1-lutego\\\/#breadcrumb\"},\"inLanguage\":\"pl-PL\",\"potentialAction\":[{\"@type\":\"ReadAction\",\"target\":[\"https:\\\/\\\/www.24gliwice.pl\\\/wiadomosci\\\/poczciwy-antek-z-aeroklubu-gliwickiego-w-swiatowej-produkcji-arktyka-w-kinach-od-1-lutego\\\/\"]}]},{\"@type\":\"ImageObject\",\"inLanguage\":\"pl-PL\",\"@id\":\"https:\\\/\\\/www.24gliwice.pl\\\/wiadomosci\\\/poczciwy-antek-z-aeroklubu-gliwickiego-w-swiatowej-produkcji-arktyka-w-kinach-od-1-lutego\\\/#primaryimage\",\"url\":\"https:\\\/\\\/www.24gliwice.pl\\\/wiadomosci\\\/wp-content\\\/uploads\\\/2019\\\/02\\\/antonow-gliwice.jpg\",\"contentUrl\":\"https:\\\/\\\/www.24gliwice.pl\\\/wiadomosci\\\/wp-content\\\/uploads\\\/2019\\\/02\\\/antonow-gliwice.jpg\",\"width\":830,\"height\":474},{\"@type\":\"BreadcrumbList\",\"@id\":\"https:\\\/\\\/www.24gliwice.pl\\\/wiadomosci\\\/poczciwy-antek-z-aeroklubu-gliwickiego-w-swiatowej-produkcji-arktyka-w-kinach-od-1-lutego\\\/#breadcrumb\",\"itemListElement\":[{\"@type\":\"ListItem\",\"position\":1,\"name\":\"Strona g\u0142\u00f3wna\",\"item\":\"https:\\\/\\\/www.24gliwice.pl\\\/wiadomosci\\\/\"},{\"@type\":\"ListItem\",\"position\":2,\"name\":\"Poczciwy &#8222;Antek&#8221; z Aeroklubu Gliwickiego w \u015bwiatowej produkcji &#8222;Arktyka&#8221;. W kinach od 1 lutego\"}]},{\"@type\":\"WebSite\",\"@id\":\"https:\\\/\\\/www.24gliwice.pl\\\/wiadomosci\\\/#website\",\"url\":\"https:\\\/\\\/www.24gliwice.pl\\\/wiadomosci\\\/\",\"name\":\"24GLIWICE - Portal Gliwice | codziennie nowe wiadomo\u015bci\",\"description\":\"Portal Miejski Gliwice\",\"publisher\":{\"@id\":\"https:\\\/\\\/www.24gliwice.pl\\\/wiadomosci\\\/#organization\"},\"potentialAction\":[{\"@type\":\"SearchAction\",\"target\":{\"@type\":\"EntryPoint\",\"urlTemplate\":\"https:\\\/\\\/www.24gliwice.pl\\\/wiadomosci\\\/?s={search_term_string}\"},\"query-input\":{\"@type\":\"PropertyValueSpecification\",\"valueRequired\":true,\"valueName\":\"search_term_string\"}}],\"inLanguage\":\"pl-PL\"},{\"@type\":\"Organization\",\"@id\":\"https:\\\/\\\/www.24gliwice.pl\\\/wiadomosci\\\/#organization\",\"name\":\"24gliwice\",\"url\":\"https:\\\/\\\/www.24gliwice.pl\\\/wiadomosci\\\/\",\"logo\":{\"@type\":\"ImageObject\",\"inLanguage\":\"pl-PL\",\"@id\":\"https:\\\/\\\/www.24gliwice.pl\\\/wiadomosci\\\/#\\\/schema\\\/logo\\\/image\\\/\",\"url\":\"https:\\\/\\\/www.24gliwice.pl\\\/wiadomosci\\\/wp-content\\\/uploads\\\/2024\\\/10\\\/24gliwice-logo-696.jpg\",\"contentUrl\":\"https:\\\/\\\/www.24gliwice.pl\\\/wiadomosci\\\/wp-content\\\/uploads\\\/2024\\\/10\\\/24gliwice-logo-696.jpg\",\"width\":696,\"height\":696,\"caption\":\"24gliwice\"},\"image\":{\"@id\":\"https:\\\/\\\/www.24gliwice.pl\\\/wiadomosci\\\/#\\\/schema\\\/logo\\\/image\\\/\"},\"sameAs\":[\"https:\\\/\\\/www.facebook.com\\\/24gliwice\",\"https:\\\/\\\/x.com\\\/24gliwice\",\"https:\\\/\\\/www.youtube.com\\\/@24gliwice\"]},{\"@type\":\"Person\",\"@id\":\"https:\\\/\\\/www.24gliwice.pl\\\/wiadomosci\\\/#\\\/schema\\\/person\\\/e42c650edd7f2fa332be3811fb166b6e\",\"name\":\"\u017baneta Mrozek-Siewierska\",\"image\":{\"@type\":\"ImageObject\",\"inLanguage\":\"pl-PL\",\"@id\":\"https:\\\/\\\/secure.gravatar.com\\\/avatar\\\/1881429e9c64597c77ad7aef2d0a19be69a3253e57534d16aa15bf3a4d34a0a3?s=96&d=mm&r=g\",\"url\":\"https:\\\/\\\/secure.gravatar.com\\\/avatar\\\/1881429e9c64597c77ad7aef2d0a19be69a3253e57534d16aa15bf3a4d34a0a3?s=96&d=mm&r=g\",\"contentUrl\":\"https:\\\/\\\/secure.gravatar.com\\\/avatar\\\/1881429e9c64597c77ad7aef2d0a19be69a3253e57534d16aa15bf3a4d34a0a3?s=96&d=mm&r=g\",\"caption\":\"\u017baneta Mrozek-Siewierska\"},\"url\":\"https:\\\/\\\/www.24gliwice.pl\\\/wiadomosci\\\/author\\\/zms\\\/\"}]}<\/script>\n<!-- \/ Yoast SEO plugin. -->","yoast_head_json":{"title":"Poczciwy \"Antek\" z Aeroklubu Gliwickiego w \u015bwiatowej produkcji \"Arktyka\". W kinach od 1 lutego - 24GLIWICE - Portal Gliwice | codziennie nowe informacje","robots":{"index":"index","follow":"follow","max-snippet":"max-snippet:-1","max-image-preview":"max-image-preview:large","max-video-preview":"max-video-preview:-1"},"canonical":"https:\/\/www.24gliwice.pl\/wiadomosci\/poczciwy-antek-z-aeroklubu-gliwickiego-w-swiatowej-produkcji-arktyka-w-kinach-od-1-lutego\/","og_locale":"pl_PL","og_type":"article","og_title":"Poczciwy \"Antek\" z Aeroklubu Gliwickiego w \u015bwiatowej produkcji \"Arktyka\". W kinach od 1 lutego - 24GLIWICE - Portal Gliwice | codziennie nowe informacje","og_description":"Na ekrany kin wchodzi w\u0142a\u015bnie film pt. Arktyka, gdzie poza rewelacyjnym Madsem Mikkelsenem, gra\u2026 samolot, kt\u00f3ry jeszcze niedawno nale\u017ca\u0142 do Aeroklubu Gliwickiego. To Antonow AN-2 \u2013 dobrze znany mieszka\u0144com Gliwic i cz\u0142onkom AGL. Film 30-letniego re\u017cysera pochodz\u0105cego z Brazylii, kt\u00f3ry swoj\u0105 premier\u0119 w Stanach Zjednoczonych mia\u0142 1 lutego, a teraz znajdzie si\u0119 w repertuarze multipleks\u00f3w [&hellip;]","og_url":"https:\/\/www.24gliwice.pl\/wiadomosci\/poczciwy-antek-z-aeroklubu-gliwickiego-w-swiatowej-produkcji-arktyka-w-kinach-od-1-lutego\/","og_site_name":"24GLIWICE - Portal Gliwice | codziennie nowe informacje","article_publisher":"https:\/\/www.facebook.com\/24gliwice","article_published_time":"2019-02-08T11:00:58+00:00","article_modified_time":"2019-02-09T00:15:27+00:00","og_image":[{"width":830,"height":474,"url":"https:\/\/www.24gliwice.pl\/wiadomosci\/wp-content\/uploads\/2019\/02\/antonow-gliwice.jpg","type":"image\/jpeg"}],"author":"\u017baneta Mrozek-Siewierska","twitter_card":"summary_large_image","twitter_creator":"@24gliwice","twitter_site":"@24gliwice","twitter_misc":{"Napisane przez":"\u017baneta Mrozek-Siewierska","Szacowany czas czytania":"2 minuty"},"schema":{"@context":"https:\/\/schema.org","@graph":[{"@type":"Article","@id":"https:\/\/www.24gliwice.pl\/wiadomosci\/poczciwy-antek-z-aeroklubu-gliwickiego-w-swiatowej-produkcji-arktyka-w-kinach-od-1-lutego\/#article","isPartOf":{"@id":"https:\/\/www.24gliwice.pl\/wiadomosci\/poczciwy-antek-z-aeroklubu-gliwickiego-w-swiatowej-produkcji-arktyka-w-kinach-od-1-lutego\/"},"author":{"name":"\u017baneta Mrozek-Siewierska","@id":"https:\/\/www.24gliwice.pl\/wiadomosci\/#\/schema\/person\/e42c650edd7f2fa332be3811fb166b6e"},"headline":"Poczciwy &#8220;Antek&#8221; z Aeroklubu Gliwickiego w \u015bwiatowej produkcji &#8220;Arktyka&#8221;. W kinach od 1 lutego","datePublished":"2019-02-08T11:00:58+00:00","dateModified":"2019-02-09T00:15:27+00:00","mainEntityOfPage":{"@id":"https:\/\/www.24gliwice.pl\/wiadomosci\/poczciwy-antek-z-aeroklubu-gliwickiego-w-swiatowej-produkcji-arktyka-w-kinach-od-1-lutego\/"},"wordCount":494,"commentCount":0,"publisher":{"@id":"https:\/\/www.24gliwice.pl\/wiadomosci\/#organization"},"image":{"@id":"https:\/\/www.24gliwice.pl\/wiadomosci\/poczciwy-antek-z-aeroklubu-gliwickiego-w-swiatowej-produkcji-arktyka-w-kinach-od-1-lutego\/#primaryimage"},"thumbnailUrl":"https:\/\/www.24gliwice.pl\/wiadomosci\/wp-content\/uploads\/2019\/02\/antonow-gliwice.jpg","keywords":["AEROKLUB","antek","antonow","Cinema City","FILM","KINO","mads mikkelsen","MULTIKINO","samolot"],"articleSection":["Gliwice","Najnowsze wiadomo\u015bci","Portal Gliwice - Wiadomo\u015bci lokalne"],"inLanguage":"pl-PL","potentialAction":[{"@type":"CommentAction","name":"Comment","target":["https:\/\/www.24gliwice.pl\/wiadomosci\/poczciwy-antek-z-aeroklubu-gliwickiego-w-swiatowej-produkcji-arktyka-w-kinach-od-1-lutego\/#respond"]}]},{"@type":"WebPage","@id":"https:\/\/www.24gliwice.pl\/wiadomosci\/poczciwy-antek-z-aeroklubu-gliwickiego-w-swiatowej-produkcji-arktyka-w-kinach-od-1-lutego\/","url":"https:\/\/www.24gliwice.pl\/wiadomosci\/poczciwy-antek-z-aeroklubu-gliwickiego-w-swiatowej-produkcji-arktyka-w-kinach-od-1-lutego\/","name":"Poczciwy \"Antek\" z Aeroklubu Gliwickiego w \u015bwiatowej produkcji \"Arktyka\". W kinach od 1 lutego - 24GLIWICE - Portal Gliwice | codziennie nowe informacje","isPartOf":{"@id":"https:\/\/www.24gliwice.pl\/wiadomosci\/#website"},"primaryImageOfPage":{"@id":"https:\/\/www.24gliwice.pl\/wiadomosci\/poczciwy-antek-z-aeroklubu-gliwickiego-w-swiatowej-produkcji-arktyka-w-kinach-od-1-lutego\/#primaryimage"},"image":{"@id":"https:\/\/www.24gliwice.pl\/wiadomosci\/poczciwy-antek-z-aeroklubu-gliwickiego-w-swiatowej-produkcji-arktyka-w-kinach-od-1-lutego\/#primaryimage"},"thumbnailUrl":"https:\/\/www.24gliwice.pl\/wiadomosci\/wp-content\/uploads\/2019\/02\/antonow-gliwice.jpg","datePublished":"2019-02-08T11:00:58+00:00","dateModified":"2019-02-09T00:15:27+00:00","breadcrumb":{"@id":"https:\/\/www.24gliwice.pl\/wiadomosci\/poczciwy-antek-z-aeroklubu-gliwickiego-w-swiatowej-produkcji-arktyka-w-kinach-od-1-lutego\/#breadcrumb"},"inLanguage":"pl-PL","potentialAction":[{"@type":"ReadAction","target":["https:\/\/www.24gliwice.pl\/wiadomosci\/poczciwy-antek-z-aeroklubu-gliwickiego-w-swiatowej-produkcji-arktyka-w-kinach-od-1-lutego\/"]}]},{"@type":"ImageObject","inLanguage":"pl-PL","@id":"https:\/\/www.24gliwice.pl\/wiadomosci\/poczciwy-antek-z-aeroklubu-gliwickiego-w-swiatowej-produkcji-arktyka-w-kinach-od-1-lutego\/#primaryimage","url":"https:\/\/www.24gliwice.pl\/wiadomosci\/wp-content\/uploads\/2019\/02\/antonow-gliwice.jpg","contentUrl":"https:\/\/www.24gliwice.pl\/wiadomosci\/wp-content\/uploads\/2019\/02\/antonow-gliwice.jpg","width":830,"height":474},{"@type":"BreadcrumbList","@id":"https:\/\/www.24gliwice.pl\/wiadomosci\/poczciwy-antek-z-aeroklubu-gliwickiego-w-swiatowej-produkcji-arktyka-w-kinach-od-1-lutego\/#breadcrumb","itemListElement":[{"@type":"ListItem","position":1,"name":"Strona g\u0142\u00f3wna","item":"https:\/\/www.24gliwice.pl\/wiadomosci\/"},{"@type":"ListItem","position":2,"name":"Poczciwy &#8222;Antek&#8221; z Aeroklubu Gliwickiego w \u015bwiatowej produkcji &#8222;Arktyka&#8221;. W kinach od 1 lutego"}]},{"@type":"WebSite","@id":"https:\/\/www.24gliwice.pl\/wiadomosci\/#website","url":"https:\/\/www.24gliwice.pl\/wiadomosci\/","name":"24GLIWICE - Portal Gliwice | codziennie nowe wiadomo\u015bci","description":"Portal Miejski Gliwice","publisher":{"@id":"https:\/\/www.24gliwice.pl\/wiadomosci\/#organization"},"potentialAction":[{"@type":"SearchAction","target":{"@type":"EntryPoint","urlTemplate":"https:\/\/www.24gliwice.pl\/wiadomosci\/?s={search_term_string}"},"query-input":{"@type":"PropertyValueSpecification","valueRequired":true,"valueName":"search_term_string"}}],"inLanguage":"pl-PL"},{"@type":"Organization","@id":"https:\/\/www.24gliwice.pl\/wiadomosci\/#organization","name":"24gliwice","url":"https:\/\/www.24gliwice.pl\/wiadomosci\/","logo":{"@type":"ImageObject","inLanguage":"pl-PL","@id":"https:\/\/www.24gliwice.pl\/wiadomosci\/#\/schema\/logo\/image\/","url":"https:\/\/www.24gliwice.pl\/wiadomosci\/wp-content\/uploads\/2024\/10\/24gliwice-logo-696.jpg","contentUrl":"https:\/\/www.24gliwice.pl\/wiadomosci\/wp-content\/uploads\/2024\/10\/24gliwice-logo-696.jpg","width":696,"height":696,"caption":"24gliwice"},"image":{"@id":"https:\/\/www.24gliwice.pl\/wiadomosci\/#\/schema\/logo\/image\/"},"sameAs":["https:\/\/www.facebook.com\/24gliwice","https:\/\/x.com\/24gliwice","https:\/\/www.youtube.com\/@24gliwice"]},{"@type":"Person","@id":"https:\/\/www.24gliwice.pl\/wiadomosci\/#\/schema\/person\/e42c650edd7f2fa332be3811fb166b6e","name":"\u017baneta Mrozek-Siewierska","image":{"@type":"ImageObject","inLanguage":"pl-PL","@id":"https:\/\/secure.gravatar.com\/avatar\/1881429e9c64597c77ad7aef2d0a19be69a3253e57534d16aa15bf3a4d34a0a3?s=96&d=mm&r=g","url":"https:\/\/secure.gravatar.com\/avatar\/1881429e9c64597c77ad7aef2d0a19be69a3253e57534d16aa15bf3a4d34a0a3?s=96&d=mm&r=g","contentUrl":"https:\/\/secure.gravatar.com\/avatar\/1881429e9c64597c77ad7aef2d0a19be69a3253e57534d16aa15bf3a4d34a0a3?s=96&d=mm&r=g","caption":"\u017baneta Mrozek-Siewierska"},"url":"https:\/\/www.24gliwice.pl\/wiadomosci\/author\/zms\/"}]}},"_links":{"self":[{"href":"https:\/\/www.24gliwice.pl\/wiadomosci\/wp-json\/wp\/v2\/posts\/130073","targetHints":{"allow":["GET"]}}],"collection":[{"href":"https:\/\/www.24gliwice.pl\/wiadomosci\/wp-json\/wp\/v2\/posts"}],"about":[{"href":"https:\/\/www.24gliwice.pl\/wiadomosci\/wp-json\/wp\/v2\/types\/post"}],"author":[{"embeddable":true,"href":"https:\/\/www.24gliwice.pl\/wiadomosci\/wp-json\/wp\/v2\/users\/15"}],"replies":[{"embeddable":true,"href":"https:\/\/www.24gliwice.pl\/wiadomosci\/wp-json\/wp\/v2\/comments?post=130073"}],"version-history":[{"count":0,"href":"https:\/\/www.24gliwice.pl\/wiadomosci\/wp-json\/wp\/v2\/posts\/130073\/revisions"}],"wp:featuredmedia":[{"embeddable":true,"href":"https:\/\/www.24gliwice.pl\/wiadomosci\/wp-json\/wp\/v2\/media\/130093"}],"wp:attachment":[{"href":"https:\/\/www.24gliwice.pl\/wiadomosci\/wp-json\/wp\/v2\/media?parent=130073"}],"wp:term":[{"taxonomy":"category","embeddable":true,"href":"https:\/\/www.24gliwice.pl\/wiadomosci\/wp-json\/wp\/v2\/categories?post=130073"},{"taxonomy":"post_tag","embeddable":true,"href":"https:\/\/www.24gliwice.pl\/wiadomosci\/wp-json\/wp\/v2\/tags?post=130073"}],"curies":[{"name":"wp","href":"https:\/\/api.w.org\/{rel}","templated":true}]}}