{"id":130165,"date":"2019-02-11T11:54:08","date_gmt":"2019-02-11T10:54:08","guid":{"rendered":"https:\/\/www.24gliwice.pl\/wiadomosci\/?p=130165"},"modified":"2019-02-11T11:54:08","modified_gmt":"2019-02-11T10:54:08","slug":"dwie-proby-samobojcze-na-torach-kolejowych-gliwiccy-policjanci-stoczyli-walke-z-czasem","status":"publish","type":"post","link":"https:\/\/www.24gliwice.pl\/wiadomosci\/dwie-proby-samobojcze-na-torach-kolejowych-gliwiccy-policjanci-stoczyli-walke-z-czasem\/","title":{"rendered":"Dwie pr\u00f3by samob\u00f3jcze na torach kolejowych. Gliwiccy policjanci stoczyli walk\u0119 z czasem"},"content":{"rendered":"<div class=\"gliwi-a6-nad-leadem-artykulow gliwi-entity-placement\" id=\"gliwi-2801307702\"><div class=\"gliwi-adlabel\"><span style=\"font-size: 9px\">REKLAMA<\/span><\/div><div id=\"gliwi-3590711347\" style=\"margin-bottom: 30px;margin-left: auto;margin-right: auto;text-align: center;\"><a data-no-instant=\"1\" href=\"https:\/\/przedszkole.halogen.org.pl\/\" rel=\"noopener\" class=\"a2t-link\" target=\"_blank\" aria-label=\"20260402-ANIMATOR-przedszkole_grafika_750x200\"><img loading=\"lazy\" decoding=\"async\" src=\"https:\/\/www.24gliwice.pl\/wiadomosci\/wp-content\/uploads\/2026\/04\/20260402-ANIMATOR-przedszkole_grafika_750x200.webp\" alt=\"\"  srcset=\"https:\/\/www.24gliwice.pl\/wiadomosci\/wp-content\/uploads\/2026\/04\/20260402-ANIMATOR-przedszkole_grafika_750x200.webp 750w, https:\/\/www.24gliwice.pl\/wiadomosci\/wp-content\/uploads\/2026\/04\/20260402-ANIMATOR-przedszkole_grafika_750x200-410x109.webp 410w\" sizes=\"(max-width: 750px) 100vw, 750px\" class=\"no-lazyload\" width=\"750\" height=\"200\"  style=\"display: inline-block; max-width: 100%; height: auto;\" \/><\/a><\/div><\/div><div id='gallery-1' class='vce-gallery gallery galleryid-130165 gallery-columns-3 gallery-size-vce-lay-b'><div class=\"vce-gallery-big\"><div class=\"big-gallery-item item-0\" >\n\t\t\t<div class='gallery-icon'>\n\t\t\t\t<a href='https:\/\/www.24gliwice.pl\/wiadomosci\/wp-content\/uploads\/2019\/02\/policja-tory.jpg'><img loading=\"lazy\" decoding=\"async\" width=\"810\" height=\"456\" src=\"https:\/\/www.24gliwice.pl\/wiadomosci\/wp-content\/uploads\/2019\/02\/policja-tory-810x456.jpg\" class=\"attachment-vce-lay-a size-vce-lay-a\" alt=\"\" srcset=\"https:\/\/www.24gliwice.pl\/wiadomosci\/wp-content\/uploads\/2019\/02\/policja-tory-810x456.jpg 810w, https:\/\/www.24gliwice.pl\/wiadomosci\/wp-content\/uploads\/2019\/02\/policja-tory-410x232.jpg 410w, https:\/\/www.24gliwice.pl\/wiadomosci\/wp-content\/uploads\/2019\/02\/policja-tory-768x432.jpg 768w, https:\/\/www.24gliwice.pl\/wiadomosci\/wp-content\/uploads\/2019\/02\/policja-tory-808x455.jpg 808w, https:\/\/www.24gliwice.pl\/wiadomosci\/wp-content\/uploads\/2019\/02\/policja-tory.jpg 970w\" sizes=\"auto, (max-width: 810px) 100vw, 810px\" \/><\/a>\n\t\t\t<\/div><\/div><div class=\"big-gallery-item item-1\" style=\"display:none;\">\n\t\t\t<div class='gallery-icon'>\n\t\t\t\t<a href='https:\/\/www.24gliwice.pl\/wiadomosci\/wp-content\/uploads\/2019\/02\/policja-tory2.jpg'><img loading=\"lazy\" decoding=\"async\" width=\"810\" height=\"455\" src=\"https:\/\/www.24gliwice.pl\/wiadomosci\/wp-content\/uploads\/2019\/02\/policja-tory2-810x455.jpg\" class=\"attachment-vce-lay-a size-vce-lay-a\" alt=\"\" srcset=\"https:\/\/www.24gliwice.pl\/wiadomosci\/wp-content\/uploads\/2019\/02\/policja-tory2-810x455.jpg 810w, https:\/\/www.24gliwice.pl\/wiadomosci\/wp-content\/uploads\/2019\/02\/policja-tory2-410x230.jpg 410w, https:\/\/www.24gliwice.pl\/wiadomosci\/wp-content\/uploads\/2019\/02\/policja-tory2-768x432.jpg 768w, https:\/\/www.24gliwice.pl\/wiadomosci\/wp-content\/uploads\/2019\/02\/policja-tory2.jpg 970w\" sizes=\"auto, (max-width: 810px) 100vw, 810px\" \/><\/a>\n\t\t\t<\/div><\/div><div class=\"big-gallery-item item-2\" style=\"display:none;\">\n\t\t\t<div class='gallery-icon'>\n\t\t\t\t<a href='https:\/\/www.24gliwice.pl\/wiadomosci\/wp-content\/uploads\/2019\/02\/policja-tory-3.jpg'><img loading=\"lazy\" decoding=\"async\" width=\"810\" height=\"456\" src=\"https:\/\/www.24gliwice.pl\/wiadomosci\/wp-content\/uploads\/2019\/02\/policja-tory-3-810x456.jpg\" class=\"attachment-vce-lay-a size-vce-lay-a\" alt=\"\" srcset=\"https:\/\/www.24gliwice.pl\/wiadomosci\/wp-content\/uploads\/2019\/02\/policja-tory-3-810x456.jpg 810w, https:\/\/www.24gliwice.pl\/wiadomosci\/wp-content\/uploads\/2019\/02\/policja-tory-3-410x232.jpg 410w, https:\/\/www.24gliwice.pl\/wiadomosci\/wp-content\/uploads\/2019\/02\/policja-tory-3-768x432.jpg 768w, https:\/\/www.24gliwice.pl\/wiadomosci\/wp-content\/uploads\/2019\/02\/policja-tory-3-808x455.jpg 808w, https:\/\/www.24gliwice.pl\/wiadomosci\/wp-content\/uploads\/2019\/02\/policja-tory-3.jpg 970w\" sizes=\"auto, (max-width: 810px) 100vw, 810px\" \/><\/a>\n\t\t\t<\/div><\/div><\/div><div class=\"vce-gallery-slider\" data-columns=\"3\"><figure class='gallery-item' data-item='0'>\n\t\t\t<div class='gallery-icon landscape'>\n\t\t\t\t<a href='https:\/\/www.24gliwice.pl\/wiadomosci\/wp-content\/uploads\/2019\/02\/policja-tory.jpg'><img loading=\"lazy\" decoding=\"async\" width=\"375\" height=\"195\" src=\"https:\/\/www.24gliwice.pl\/wiadomosci\/wp-content\/uploads\/2019\/02\/policja-tory-375x195.jpg\" class=\"attachment-vce-lay-b size-vce-lay-b\" alt=\"\" \/><\/a>\n\t\t\t<\/div><\/figure><figure class='gallery-item' data-item='1'>\n\t\t\t<div class='gallery-icon landscape'>\n\t\t\t\t<a href='https:\/\/www.24gliwice.pl\/wiadomosci\/wp-content\/uploads\/2019\/02\/policja-tory2.jpg'><img loading=\"lazy\" decoding=\"async\" width=\"375\" height=\"195\" src=\"https:\/\/www.24gliwice.pl\/wiadomosci\/wp-content\/uploads\/2019\/02\/policja-tory2-375x195.jpg\" class=\"attachment-vce-lay-b size-vce-lay-b\" alt=\"\" \/><\/a>\n\t\t\t<\/div><\/figure><figure class='gallery-item' data-item='2'>\n\t\t\t<div class='gallery-icon landscape'>\n\t\t\t\t<a href='https:\/\/www.24gliwice.pl\/wiadomosci\/wp-content\/uploads\/2019\/02\/policja-tory-3.jpg'><img loading=\"lazy\" decoding=\"async\" width=\"375\" height=\"195\" src=\"https:\/\/www.24gliwice.pl\/wiadomosci\/wp-content\/uploads\/2019\/02\/policja-tory-3-375x195.jpg\" class=\"attachment-vce-lay-b size-vce-lay-b\" alt=\"\" \/><\/a>\n\t\t\t<\/div><\/figure><\/div><\/div>\n\n<h3>W nocy z 9 na 10 lutego gliwiccy policjanci dwukrotnie walczyli z czasem, by uratowa\u0107 niedosz\u0142ych samob\u00f3jc\u00f3w. Najpierw 19-letnia dziewczyna chcia\u0142a rzuci\u0107 si\u0119 pod poci\u0105g, nied\u0142ugo p\u00f3\u017aniej w ten sam spos\u00f3b zgin\u0105\u0107 zamierza\u0142 jej partner.<\/h3>\n<p>Przed godzin\u0105 20:00 oficer dy\u017curny otrzyma\u0142 zg\u0142oszenie, \u017ce 19-latka ma zamiar odebra\u0107 sobie \u017cycie na torach. W rejon szlaku kolejowego natychmiast wyruszy\u0142y radiowozy. Panuj\u0105ce ciemno\u015bci, \u015bnieg i oblodzenie, ca\u0142y czas kursuj\u0105ce poci\u0105gi nie u\u0142atwia\u0142y poszukiwa\u0144.<\/p>\n<p>Po pierwszym zg\u0142oszeniu patrole umundurowane oraz policjanci po cywilnemu, tzw. wywiadowcy, przeczesali okolice wiaduktu przy Zabrskiej, a potem torowisko na wysoko\u015bci ul. Kostki. W pewnym momencie str\u00f3\u017ce prawa spostrzegli m\u0142od\u0105 kobiet\u0119 \u2013 z naprzeciwka nadje\u017cd\u017ca\u0142 ju\u017c poci\u0105g.<\/p><div class=\"gliwi-a3-w-tresci-artykulow gliwi-entity-placement\" id=\"gliwi-2837342310\"><div class=\"gliwi-adlabel\"><span style=\"font-size: 9px\">REKLAMA<\/span><\/div><div id=\"gliwi-547859107\" style=\"margin-bottom: 30px;margin-left: auto;margin-right: auto;text-align: center;\"><a data-no-instant=\"1\" href=\"https:\/\/zlobek.halogen.org.pl\/\" rel=\"noopener\" class=\"a2t-link\" target=\"_blank\" aria-label=\"animator-zlobek_750x200\"><img loading=\"lazy\" decoding=\"async\" src=\"https:\/\/www.24gliwice.pl\/wiadomosci\/wp-content\/uploads\/2026\/02\/animator-zlobek_750x200.webp\" alt=\"\"  srcset=\"https:\/\/www.24gliwice.pl\/wiadomosci\/wp-content\/uploads\/2026\/02\/animator-zlobek_750x200.webp 750w, https:\/\/www.24gliwice.pl\/wiadomosci\/wp-content\/uploads\/2026\/02\/animator-zlobek_750x200-410x109.webp 410w\" sizes=\"(max-width: 750px) 100vw, 750px\" class=\"no-lazyload\" width=\"750\" height=\"200\"  style=\"display: inline-block; max-width: 100%; height: auto;\" \/><\/a><\/div><\/div>\n[perfectpullquote align=&#8221;full&#8221; bordertop=&#8221;false&#8221; cite=&#8221;&#8221; link=&#8221;&#8221; color=&#8221;&#8221; class=&#8221;&#8221; size=&#8221;&#8221;]Widz\u0105c funkcjonariuszy, desperatka rzuci\u0142a si\u0119 do ucieczki wzd\u0142u\u017c tor\u00f3w, a poci\u0105g, jad\u0105cy od strony gliwickiego dworca, zbli\u017ca\u0142 si\u0119 coraz bardziej.[\/perfectpullquote]\n<p>Na szcz\u0119\u015bcie policjanci zd\u0105\u017cyli dobiec, chwyci\u0107 dziewczyn\u0119 i \u015bci\u0105gn\u0105\u0107 z niebezpiecznego szlaku. Po chwili przejecha\u0142 poci\u0105g, kt\u00f3ry sun\u0105\u0142, ca\u0142y czas hamuj\u0105c, i zatrzyma\u0142 si\u0119 ledwie kilkadziesi\u0105t metr\u00f3w od miejsca akcji ratunkowej. Maszynista kontynuowa\u0142 jazd\u0119 dopiero wtedy, gdy upewni\u0142 si\u0119, \u017ce nie ma ju\u017c zagro\u017cenia. Mimo agresji desperatki i wyrywania si\u0119, wszyscy byli bezpieczni. 19-latk\u0119 przekazano za\u0142odze pogotowia ratunkowego.<\/p>\n<p>Tej samej nocy, kilkadziesi\u0105t minut p\u00f3\u017aniej, ci sami policjanci powt\u00f3rzyli akcj\u0119, i to w tym samym rejonie \u2013 tym razem rzuceniem si\u0119 pod poci\u0105g grozi\u0142 ch\u0142opak gliwiczanki. Policjanci, otrzymawszy t\u0119 informacj\u0119, natychmiast ruszyli na ratunek kolejnemu desperatowi.<\/p>\n[perfectpullquote align=&#8221;full&#8221; bordertop=&#8221;false&#8221; cite=&#8221;&#8221; link=&#8221;&#8221; color=&#8221;&#8221; class=&#8221;&#8221; size=&#8221;&#8221;]Oko\u0142o 300 metr\u00f3w od miejsca, w kt\u00f3rym uratowali \u017cycie dziewczyny, zauwa\u017cyli m\u0142odego m\u0119\u017cczyzn\u0119. W mniej dramatycznej, lecz nie mniej niebezpiecznej sytuacji funkcjonariusze \u015bci\u0105gn\u0119li 23-latka z tor\u00f3w.[\/perfectpullquote]\n<p>On r\u00f3wnie\u017c, w akcie desperacji, nie chcia\u0142 podporz\u0105dkowa\u0107 si\u0119 poleceniom mundurowych, wi\u0119c trzeba by\u0142o u\u017cy\u0107 si\u0142y, by wyprowadzi\u0107 go z niebezpiecznej strefy. I tym razem si\u0119 uda\u0142o. Policyjni wywiadowcy wezwali karetk\u0119, kt\u00f3ra przetransportowa\u0142a m\u0119\u017cczyzn\u0119 do szpitala.<\/p>\n<p>(\u017cms)\/KMP Gliwice<br \/>\nfot. \u015al\u0105ska Policja<\/p>\n<div class=\"gliwi-a5-na-koncu-artykulow gliwi-entity-placement\" id=\"gliwi-2898774895\"><div class=\"gliwi-adlabel\"><span style=\"font-size: 9px\">REKLAMA<\/span><\/div><div id=\"gliwi-448958018\" style=\"margin-left: auto;margin-right: auto;text-align: center;\"><a data-no-instant=\"1\" href=\"https:\/\/www.jasek.pl\/\" rel=\"noopener\" class=\"a2t-link\" target=\"_blank\" aria-label=\"20200401-jasek 600\"><img loading=\"lazy\" decoding=\"async\" src=\"https:\/\/www.24gliwice.pl\/wiadomosci\/wp-content\/uploads\/2020\/04\/20200401-jasek-600.jpg\" alt=\"\"  srcset=\"https:\/\/www.24gliwice.pl\/wiadomosci\/wp-content\/uploads\/2020\/04\/20200401-jasek-600.jpg 600w, https:\/\/www.24gliwice.pl\/wiadomosci\/wp-content\/uploads\/2020\/04\/20200401-jasek-600-410x109.jpg 410w\" sizes=\"(max-width: 600px) 100vw, 600px\" class=\"no-lazyload\" width=\"600\" height=\"160\"  style=\"display: inline-block; max-width: 100%; height: auto;\" \/><\/a><\/div><\/div>","protected":false},"excerpt":{"rendered":"<p>W nocy z 9 na 10 lutego gliwiccy policjanci dwukrotnie walczyli z czasem, by uratowa\u0107 niedosz\u0142ych samob\u00f3jc\u00f3w. Najpierw 19-letnia dziewczyna chcia\u0142a rzuci\u0107 si\u0119 pod poci\u0105g, nied\u0142ugo p\u00f3\u017aniej w ten sam spos\u00f3b zgin\u0105\u0107 zamierza\u0142 jej partner. Przed godzin\u0105 20:00 oficer dy\u017curny otrzyma\u0142 zg\u0142oszenie, \u017ce 19-latka ma zamiar odebra\u0107 sobie \u017cycie na torach. W rejon szlaku kolejowego [&hellip;]<\/p>\n","protected":false},"author":15,"featured_media":130174,"comment_status":"open","ping_status":"closed","sticky":false,"template":"","format":"gallery","meta":{"_monsterinsights_skip_tracking":false,"_monsterinsights_sitenote_active":false,"_monsterinsights_sitenote_note":"","_monsterinsights_sitenote_category":0,"footnotes":"","_links_to":"","_links_to_target":""},"categories":[3,1,5],"tags":[1775,8491,733,11265,8869,9238],"class_list":["post-130165","post","type-post","status-publish","format-gallery","has-post-thumbnail","hentry","category-gliwice","category-wszystko","category-kryminalki","tag-kmp-gliwice","tag-pociag","tag-policja","tag-proba-samobojcza","tag-samobojstwo","tag-tory","post_format-post-format-gallery"],"yoast_head":"<!-- This site is optimized with the Yoast SEO plugin v27.5 - https:\/\/yoast.com\/product\/yoast-seo-wordpress\/ -->\n<title>Dwie pr\u00f3by samob\u00f3jcze na torach kolejowych. Gliwiccy policjanci stoczyli walk\u0119 z czasem - 24GLIWICE - Portal Gliwice | codziennie nowe informacje<\/title>\n<meta name=\"robots\" content=\"index, follow, max-snippet:-1, max-image-preview:large, max-video-preview:-1\" \/>\n<link rel=\"canonical\" href=\"https:\/\/www.24gliwice.pl\/wiadomosci\/dwie-proby-samobojcze-na-torach-kolejowych-gliwiccy-policjanci-stoczyli-walke-z-czasem\/\" \/>\n<meta property=\"og:locale\" content=\"pl_PL\" \/>\n<meta property=\"og:type\" content=\"article\" \/>\n<meta property=\"og:title\" content=\"Dwie pr\u00f3by samob\u00f3jcze na torach kolejowych. Gliwiccy policjanci stoczyli walk\u0119 z czasem - 24GLIWICE - Portal Gliwice | codziennie nowe informacje\" \/>\n<meta property=\"og:description\" content=\"W nocy z 9 na 10 lutego gliwiccy policjanci dwukrotnie walczyli z czasem, by uratowa\u0107 niedosz\u0142ych samob\u00f3jc\u00f3w. Najpierw 19-letnia dziewczyna chcia\u0142a rzuci\u0107 si\u0119 pod poci\u0105g, nied\u0142ugo p\u00f3\u017aniej w ten sam spos\u00f3b zgin\u0105\u0107 zamierza\u0142 jej partner. Przed godzin\u0105 20:00 oficer dy\u017curny otrzyma\u0142 zg\u0142oszenie, \u017ce 19-latka ma zamiar odebra\u0107 sobie \u017cycie na torach. W rejon szlaku kolejowego [&hellip;]\" \/>\n<meta property=\"og:url\" content=\"https:\/\/www.24gliwice.pl\/wiadomosci\/dwie-proby-samobojcze-na-torach-kolejowych-gliwiccy-policjanci-stoczyli-walke-z-czasem\/\" \/>\n<meta property=\"og:site_name\" content=\"24GLIWICE - Portal Gliwice | codziennie nowe informacje\" \/>\n<meta property=\"article:publisher\" content=\"https:\/\/www.facebook.com\/24gliwice\" \/>\n<meta property=\"article:published_time\" content=\"2019-02-11T10:54:08+00:00\" \/>\n<meta property=\"og:image\" content=\"https:\/\/www.24gliwice.pl\/wiadomosci\/wp-content\/uploads\/2019\/02\/policja-tory.jpg\" \/>\n\t<meta property=\"og:image:width\" content=\"970\" \/>\n\t<meta property=\"og:image:height\" content=\"546\" \/>\n\t<meta property=\"og:image:type\" content=\"image\/jpeg\" \/>\n<meta name=\"author\" content=\"\u017baneta Mrozek-Siewierska\" \/>\n<meta name=\"twitter:card\" content=\"summary_large_image\" \/>\n<meta name=\"twitter:creator\" content=\"@24gliwice\" \/>\n<meta name=\"twitter:site\" content=\"@24gliwice\" \/>\n<meta name=\"twitter:label1\" content=\"Napisane przez\" \/>\n\t<meta name=\"twitter:data1\" content=\"\u017baneta Mrozek-Siewierska\" \/>\n\t<meta name=\"twitter:label2\" content=\"Szacowany czas czytania\" \/>\n\t<meta name=\"twitter:data2\" content=\"2 minuty\" \/>\n<script type=\"application\/ld+json\" class=\"yoast-schema-graph\">{\"@context\":\"https:\\\/\\\/schema.org\",\"@graph\":[{\"@type\":\"Article\",\"@id\":\"https:\\\/\\\/www.24gliwice.pl\\\/wiadomosci\\\/dwie-proby-samobojcze-na-torach-kolejowych-gliwiccy-policjanci-stoczyli-walke-z-czasem\\\/#article\",\"isPartOf\":{\"@id\":\"https:\\\/\\\/www.24gliwice.pl\\\/wiadomosci\\\/dwie-proby-samobojcze-na-torach-kolejowych-gliwiccy-policjanci-stoczyli-walke-z-czasem\\\/\"},\"author\":{\"name\":\"\u017baneta Mrozek-Siewierska\",\"@id\":\"https:\\\/\\\/www.24gliwice.pl\\\/wiadomosci\\\/#\\\/schema\\\/person\\\/e42c650edd7f2fa332be3811fb166b6e\"},\"headline\":\"Dwie pr\u00f3by samob\u00f3jcze na torach kolejowych. Gliwiccy policjanci stoczyli walk\u0119 z czasem\",\"datePublished\":\"2019-02-11T10:54:08+00:00\",\"mainEntityOfPage\":{\"@id\":\"https:\\\/\\\/www.24gliwice.pl\\\/wiadomosci\\\/dwie-proby-samobojcze-na-torach-kolejowych-gliwiccy-policjanci-stoczyli-walke-z-czasem\\\/\"},\"wordCount\":390,\"commentCount\":0,\"publisher\":{\"@id\":\"https:\\\/\\\/www.24gliwice.pl\\\/wiadomosci\\\/#organization\"},\"image\":{\"@id\":\"https:\\\/\\\/www.24gliwice.pl\\\/wiadomosci\\\/dwie-proby-samobojcze-na-torach-kolejowych-gliwiccy-policjanci-stoczyli-walke-z-czasem\\\/#primaryimage\"},\"thumbnailUrl\":\"https:\\\/\\\/www.24gliwice.pl\\\/wiadomosci\\\/wp-content\\\/uploads\\\/2019\\\/02\\\/policja-tory.jpg\",\"keywords\":[\"KMP GLIWICE\",\"POCI\u0104G\",\"POLICJA\",\"PR\u00d3BA SAMOB\u00d3JCZA\",\"SAMOB\u00d3JSTWO\",\"tory\"],\"articleSection\":[\"Gliwice\",\"Najnowsze wiadomo\u015bci\",\"Prawo\"],\"inLanguage\":\"pl-PL\",\"potentialAction\":[{\"@type\":\"CommentAction\",\"name\":\"Comment\",\"target\":[\"https:\\\/\\\/www.24gliwice.pl\\\/wiadomosci\\\/dwie-proby-samobojcze-na-torach-kolejowych-gliwiccy-policjanci-stoczyli-walke-z-czasem\\\/#respond\"]}]},{\"@type\":\"WebPage\",\"@id\":\"https:\\\/\\\/www.24gliwice.pl\\\/wiadomosci\\\/dwie-proby-samobojcze-na-torach-kolejowych-gliwiccy-policjanci-stoczyli-walke-z-czasem\\\/\",\"url\":\"https:\\\/\\\/www.24gliwice.pl\\\/wiadomosci\\\/dwie-proby-samobojcze-na-torach-kolejowych-gliwiccy-policjanci-stoczyli-walke-z-czasem\\\/\",\"name\":\"Dwie pr\u00f3by samob\u00f3jcze na torach kolejowych. Gliwiccy policjanci stoczyli walk\u0119 z czasem - 24GLIWICE - Portal Gliwice | codziennie nowe informacje\",\"isPartOf\":{\"@id\":\"https:\\\/\\\/www.24gliwice.pl\\\/wiadomosci\\\/#website\"},\"primaryImageOfPage\":{\"@id\":\"https:\\\/\\\/www.24gliwice.pl\\\/wiadomosci\\\/dwie-proby-samobojcze-na-torach-kolejowych-gliwiccy-policjanci-stoczyli-walke-z-czasem\\\/#primaryimage\"},\"image\":{\"@id\":\"https:\\\/\\\/www.24gliwice.pl\\\/wiadomosci\\\/dwie-proby-samobojcze-na-torach-kolejowych-gliwiccy-policjanci-stoczyli-walke-z-czasem\\\/#primaryimage\"},\"thumbnailUrl\":\"https:\\\/\\\/www.24gliwice.pl\\\/wiadomosci\\\/wp-content\\\/uploads\\\/2019\\\/02\\\/policja-tory.jpg\",\"datePublished\":\"2019-02-11T10:54:08+00:00\",\"breadcrumb\":{\"@id\":\"https:\\\/\\\/www.24gliwice.pl\\\/wiadomosci\\\/dwie-proby-samobojcze-na-torach-kolejowych-gliwiccy-policjanci-stoczyli-walke-z-czasem\\\/#breadcrumb\"},\"inLanguage\":\"pl-PL\",\"potentialAction\":[{\"@type\":\"ReadAction\",\"target\":[\"https:\\\/\\\/www.24gliwice.pl\\\/wiadomosci\\\/dwie-proby-samobojcze-na-torach-kolejowych-gliwiccy-policjanci-stoczyli-walke-z-czasem\\\/\"]}]},{\"@type\":\"ImageObject\",\"inLanguage\":\"pl-PL\",\"@id\":\"https:\\\/\\\/www.24gliwice.pl\\\/wiadomosci\\\/dwie-proby-samobojcze-na-torach-kolejowych-gliwiccy-policjanci-stoczyli-walke-z-czasem\\\/#primaryimage\",\"url\":\"https:\\\/\\\/www.24gliwice.pl\\\/wiadomosci\\\/wp-content\\\/uploads\\\/2019\\\/02\\\/policja-tory.jpg\",\"contentUrl\":\"https:\\\/\\\/www.24gliwice.pl\\\/wiadomosci\\\/wp-content\\\/uploads\\\/2019\\\/02\\\/policja-tory.jpg\",\"width\":970,\"height\":546},{\"@type\":\"BreadcrumbList\",\"@id\":\"https:\\\/\\\/www.24gliwice.pl\\\/wiadomosci\\\/dwie-proby-samobojcze-na-torach-kolejowych-gliwiccy-policjanci-stoczyli-walke-z-czasem\\\/#breadcrumb\",\"itemListElement\":[{\"@type\":\"ListItem\",\"position\":1,\"name\":\"Strona g\u0142\u00f3wna\",\"item\":\"https:\\\/\\\/www.24gliwice.pl\\\/wiadomosci\\\/\"},{\"@type\":\"ListItem\",\"position\":2,\"name\":\"Dwie pr\u00f3by samob\u00f3jcze na torach kolejowych. Gliwiccy policjanci stoczyli walk\u0119 z czasem\"}]},{\"@type\":\"WebSite\",\"@id\":\"https:\\\/\\\/www.24gliwice.pl\\\/wiadomosci\\\/#website\",\"url\":\"https:\\\/\\\/www.24gliwice.pl\\\/wiadomosci\\\/\",\"name\":\"24GLIWICE - Portal Gliwice | codziennie nowe wiadomo\u015bci\",\"description\":\"Portal Miejski Gliwice\",\"publisher\":{\"@id\":\"https:\\\/\\\/www.24gliwice.pl\\\/wiadomosci\\\/#organization\"},\"potentialAction\":[{\"@type\":\"SearchAction\",\"target\":{\"@type\":\"EntryPoint\",\"urlTemplate\":\"https:\\\/\\\/www.24gliwice.pl\\\/wiadomosci\\\/?s={search_term_string}\"},\"query-input\":{\"@type\":\"PropertyValueSpecification\",\"valueRequired\":true,\"valueName\":\"search_term_string\"}}],\"inLanguage\":\"pl-PL\"},{\"@type\":\"Organization\",\"@id\":\"https:\\\/\\\/www.24gliwice.pl\\\/wiadomosci\\\/#organization\",\"name\":\"24gliwice\",\"url\":\"https:\\\/\\\/www.24gliwice.pl\\\/wiadomosci\\\/\",\"logo\":{\"@type\":\"ImageObject\",\"inLanguage\":\"pl-PL\",\"@id\":\"https:\\\/\\\/www.24gliwice.pl\\\/wiadomosci\\\/#\\\/schema\\\/logo\\\/image\\\/\",\"url\":\"https:\\\/\\\/www.24gliwice.pl\\\/wiadomosci\\\/wp-content\\\/uploads\\\/2024\\\/10\\\/24gliwice-logo-696.jpg\",\"contentUrl\":\"https:\\\/\\\/www.24gliwice.pl\\\/wiadomosci\\\/wp-content\\\/uploads\\\/2024\\\/10\\\/24gliwice-logo-696.jpg\",\"width\":696,\"height\":696,\"caption\":\"24gliwice\"},\"image\":{\"@id\":\"https:\\\/\\\/www.24gliwice.pl\\\/wiadomosci\\\/#\\\/schema\\\/logo\\\/image\\\/\"},\"sameAs\":[\"https:\\\/\\\/www.facebook.com\\\/24gliwice\",\"https:\\\/\\\/x.com\\\/24gliwice\",\"https:\\\/\\\/www.youtube.com\\\/@24gliwice\"]},{\"@type\":\"Person\",\"@id\":\"https:\\\/\\\/www.24gliwice.pl\\\/wiadomosci\\\/#\\\/schema\\\/person\\\/e42c650edd7f2fa332be3811fb166b6e\",\"name\":\"\u017baneta Mrozek-Siewierska\",\"image\":{\"@type\":\"ImageObject\",\"inLanguage\":\"pl-PL\",\"@id\":\"https:\\\/\\\/secure.gravatar.com\\\/avatar\\\/1881429e9c64597c77ad7aef2d0a19be69a3253e57534d16aa15bf3a4d34a0a3?s=96&d=mm&r=g\",\"url\":\"https:\\\/\\\/secure.gravatar.com\\\/avatar\\\/1881429e9c64597c77ad7aef2d0a19be69a3253e57534d16aa15bf3a4d34a0a3?s=96&d=mm&r=g\",\"contentUrl\":\"https:\\\/\\\/secure.gravatar.com\\\/avatar\\\/1881429e9c64597c77ad7aef2d0a19be69a3253e57534d16aa15bf3a4d34a0a3?s=96&d=mm&r=g\",\"caption\":\"\u017baneta Mrozek-Siewierska\"},\"url\":\"https:\\\/\\\/www.24gliwice.pl\\\/wiadomosci\\\/author\\\/zms\\\/\"}]}<\/script>\n<!-- \/ Yoast SEO plugin. -->","yoast_head_json":{"title":"Dwie pr\u00f3by samob\u00f3jcze na torach kolejowych. Gliwiccy policjanci stoczyli walk\u0119 z czasem - 24GLIWICE - Portal Gliwice | codziennie nowe informacje","robots":{"index":"index","follow":"follow","max-snippet":"max-snippet:-1","max-image-preview":"max-image-preview:large","max-video-preview":"max-video-preview:-1"},"canonical":"https:\/\/www.24gliwice.pl\/wiadomosci\/dwie-proby-samobojcze-na-torach-kolejowych-gliwiccy-policjanci-stoczyli-walke-z-czasem\/","og_locale":"pl_PL","og_type":"article","og_title":"Dwie pr\u00f3by samob\u00f3jcze na torach kolejowych. Gliwiccy policjanci stoczyli walk\u0119 z czasem - 24GLIWICE - Portal Gliwice | codziennie nowe informacje","og_description":"W nocy z 9 na 10 lutego gliwiccy policjanci dwukrotnie walczyli z czasem, by uratowa\u0107 niedosz\u0142ych samob\u00f3jc\u00f3w. Najpierw 19-letnia dziewczyna chcia\u0142a rzuci\u0107 si\u0119 pod poci\u0105g, nied\u0142ugo p\u00f3\u017aniej w ten sam spos\u00f3b zgin\u0105\u0107 zamierza\u0142 jej partner. Przed godzin\u0105 20:00 oficer dy\u017curny otrzyma\u0142 zg\u0142oszenie, \u017ce 19-latka ma zamiar odebra\u0107 sobie \u017cycie na torach. W rejon szlaku kolejowego [&hellip;]","og_url":"https:\/\/www.24gliwice.pl\/wiadomosci\/dwie-proby-samobojcze-na-torach-kolejowych-gliwiccy-policjanci-stoczyli-walke-z-czasem\/","og_site_name":"24GLIWICE - Portal Gliwice | codziennie nowe informacje","article_publisher":"https:\/\/www.facebook.com\/24gliwice","article_published_time":"2019-02-11T10:54:08+00:00","og_image":[{"width":970,"height":546,"url":"https:\/\/www.24gliwice.pl\/wiadomosci\/wp-content\/uploads\/2019\/02\/policja-tory.jpg","type":"image\/jpeg"}],"author":"\u017baneta Mrozek-Siewierska","twitter_card":"summary_large_image","twitter_creator":"@24gliwice","twitter_site":"@24gliwice","twitter_misc":{"Napisane przez":"\u017baneta Mrozek-Siewierska","Szacowany czas czytania":"2 minuty"},"schema":{"@context":"https:\/\/schema.org","@graph":[{"@type":"Article","@id":"https:\/\/www.24gliwice.pl\/wiadomosci\/dwie-proby-samobojcze-na-torach-kolejowych-gliwiccy-policjanci-stoczyli-walke-z-czasem\/#article","isPartOf":{"@id":"https:\/\/www.24gliwice.pl\/wiadomosci\/dwie-proby-samobojcze-na-torach-kolejowych-gliwiccy-policjanci-stoczyli-walke-z-czasem\/"},"author":{"name":"\u017baneta Mrozek-Siewierska","@id":"https:\/\/www.24gliwice.pl\/wiadomosci\/#\/schema\/person\/e42c650edd7f2fa332be3811fb166b6e"},"headline":"Dwie pr\u00f3by samob\u00f3jcze na torach kolejowych. Gliwiccy policjanci stoczyli walk\u0119 z czasem","datePublished":"2019-02-11T10:54:08+00:00","mainEntityOfPage":{"@id":"https:\/\/www.24gliwice.pl\/wiadomosci\/dwie-proby-samobojcze-na-torach-kolejowych-gliwiccy-policjanci-stoczyli-walke-z-czasem\/"},"wordCount":390,"commentCount":0,"publisher":{"@id":"https:\/\/www.24gliwice.pl\/wiadomosci\/#organization"},"image":{"@id":"https:\/\/www.24gliwice.pl\/wiadomosci\/dwie-proby-samobojcze-na-torach-kolejowych-gliwiccy-policjanci-stoczyli-walke-z-czasem\/#primaryimage"},"thumbnailUrl":"https:\/\/www.24gliwice.pl\/wiadomosci\/wp-content\/uploads\/2019\/02\/policja-tory.jpg","keywords":["KMP GLIWICE","POCI\u0104G","POLICJA","PR\u00d3BA SAMOB\u00d3JCZA","SAMOB\u00d3JSTWO","tory"],"articleSection":["Gliwice","Najnowsze wiadomo\u015bci","Prawo"],"inLanguage":"pl-PL","potentialAction":[{"@type":"CommentAction","name":"Comment","target":["https:\/\/www.24gliwice.pl\/wiadomosci\/dwie-proby-samobojcze-na-torach-kolejowych-gliwiccy-policjanci-stoczyli-walke-z-czasem\/#respond"]}]},{"@type":"WebPage","@id":"https:\/\/www.24gliwice.pl\/wiadomosci\/dwie-proby-samobojcze-na-torach-kolejowych-gliwiccy-policjanci-stoczyli-walke-z-czasem\/","url":"https:\/\/www.24gliwice.pl\/wiadomosci\/dwie-proby-samobojcze-na-torach-kolejowych-gliwiccy-policjanci-stoczyli-walke-z-czasem\/","name":"Dwie pr\u00f3by samob\u00f3jcze na torach kolejowych. Gliwiccy policjanci stoczyli walk\u0119 z czasem - 24GLIWICE - Portal Gliwice | codziennie nowe informacje","isPartOf":{"@id":"https:\/\/www.24gliwice.pl\/wiadomosci\/#website"},"primaryImageOfPage":{"@id":"https:\/\/www.24gliwice.pl\/wiadomosci\/dwie-proby-samobojcze-na-torach-kolejowych-gliwiccy-policjanci-stoczyli-walke-z-czasem\/#primaryimage"},"image":{"@id":"https:\/\/www.24gliwice.pl\/wiadomosci\/dwie-proby-samobojcze-na-torach-kolejowych-gliwiccy-policjanci-stoczyli-walke-z-czasem\/#primaryimage"},"thumbnailUrl":"https:\/\/www.24gliwice.pl\/wiadomosci\/wp-content\/uploads\/2019\/02\/policja-tory.jpg","datePublished":"2019-02-11T10:54:08+00:00","breadcrumb":{"@id":"https:\/\/www.24gliwice.pl\/wiadomosci\/dwie-proby-samobojcze-na-torach-kolejowych-gliwiccy-policjanci-stoczyli-walke-z-czasem\/#breadcrumb"},"inLanguage":"pl-PL","potentialAction":[{"@type":"ReadAction","target":["https:\/\/www.24gliwice.pl\/wiadomosci\/dwie-proby-samobojcze-na-torach-kolejowych-gliwiccy-policjanci-stoczyli-walke-z-czasem\/"]}]},{"@type":"ImageObject","inLanguage":"pl-PL","@id":"https:\/\/www.24gliwice.pl\/wiadomosci\/dwie-proby-samobojcze-na-torach-kolejowych-gliwiccy-policjanci-stoczyli-walke-z-czasem\/#primaryimage","url":"https:\/\/www.24gliwice.pl\/wiadomosci\/wp-content\/uploads\/2019\/02\/policja-tory.jpg","contentUrl":"https:\/\/www.24gliwice.pl\/wiadomosci\/wp-content\/uploads\/2019\/02\/policja-tory.jpg","width":970,"height":546},{"@type":"BreadcrumbList","@id":"https:\/\/www.24gliwice.pl\/wiadomosci\/dwie-proby-samobojcze-na-torach-kolejowych-gliwiccy-policjanci-stoczyli-walke-z-czasem\/#breadcrumb","itemListElement":[{"@type":"ListItem","position":1,"name":"Strona g\u0142\u00f3wna","item":"https:\/\/www.24gliwice.pl\/wiadomosci\/"},{"@type":"ListItem","position":2,"name":"Dwie pr\u00f3by samob\u00f3jcze na torach kolejowych. Gliwiccy policjanci stoczyli walk\u0119 z czasem"}]},{"@type":"WebSite","@id":"https:\/\/www.24gliwice.pl\/wiadomosci\/#website","url":"https:\/\/www.24gliwice.pl\/wiadomosci\/","name":"24GLIWICE - Portal Gliwice | codziennie nowe wiadomo\u015bci","description":"Portal Miejski Gliwice","publisher":{"@id":"https:\/\/www.24gliwice.pl\/wiadomosci\/#organization"},"potentialAction":[{"@type":"SearchAction","target":{"@type":"EntryPoint","urlTemplate":"https:\/\/www.24gliwice.pl\/wiadomosci\/?s={search_term_string}"},"query-input":{"@type":"PropertyValueSpecification","valueRequired":true,"valueName":"search_term_string"}}],"inLanguage":"pl-PL"},{"@type":"Organization","@id":"https:\/\/www.24gliwice.pl\/wiadomosci\/#organization","name":"24gliwice","url":"https:\/\/www.24gliwice.pl\/wiadomosci\/","logo":{"@type":"ImageObject","inLanguage":"pl-PL","@id":"https:\/\/www.24gliwice.pl\/wiadomosci\/#\/schema\/logo\/image\/","url":"https:\/\/www.24gliwice.pl\/wiadomosci\/wp-content\/uploads\/2024\/10\/24gliwice-logo-696.jpg","contentUrl":"https:\/\/www.24gliwice.pl\/wiadomosci\/wp-content\/uploads\/2024\/10\/24gliwice-logo-696.jpg","width":696,"height":696,"caption":"24gliwice"},"image":{"@id":"https:\/\/www.24gliwice.pl\/wiadomosci\/#\/schema\/logo\/image\/"},"sameAs":["https:\/\/www.facebook.com\/24gliwice","https:\/\/x.com\/24gliwice","https:\/\/www.youtube.com\/@24gliwice"]},{"@type":"Person","@id":"https:\/\/www.24gliwice.pl\/wiadomosci\/#\/schema\/person\/e42c650edd7f2fa332be3811fb166b6e","name":"\u017baneta Mrozek-Siewierska","image":{"@type":"ImageObject","inLanguage":"pl-PL","@id":"https:\/\/secure.gravatar.com\/avatar\/1881429e9c64597c77ad7aef2d0a19be69a3253e57534d16aa15bf3a4d34a0a3?s=96&d=mm&r=g","url":"https:\/\/secure.gravatar.com\/avatar\/1881429e9c64597c77ad7aef2d0a19be69a3253e57534d16aa15bf3a4d34a0a3?s=96&d=mm&r=g","contentUrl":"https:\/\/secure.gravatar.com\/avatar\/1881429e9c64597c77ad7aef2d0a19be69a3253e57534d16aa15bf3a4d34a0a3?s=96&d=mm&r=g","caption":"\u017baneta Mrozek-Siewierska"},"url":"https:\/\/www.24gliwice.pl\/wiadomosci\/author\/zms\/"}]}},"_links":{"self":[{"href":"https:\/\/www.24gliwice.pl\/wiadomosci\/wp-json\/wp\/v2\/posts\/130165","targetHints":{"allow":["GET"]}}],"collection":[{"href":"https:\/\/www.24gliwice.pl\/wiadomosci\/wp-json\/wp\/v2\/posts"}],"about":[{"href":"https:\/\/www.24gliwice.pl\/wiadomosci\/wp-json\/wp\/v2\/types\/post"}],"author":[{"embeddable":true,"href":"https:\/\/www.24gliwice.pl\/wiadomosci\/wp-json\/wp\/v2\/users\/15"}],"replies":[{"embeddable":true,"href":"https:\/\/www.24gliwice.pl\/wiadomosci\/wp-json\/wp\/v2\/comments?post=130165"}],"version-history":[{"count":0,"href":"https:\/\/www.24gliwice.pl\/wiadomosci\/wp-json\/wp\/v2\/posts\/130165\/revisions"}],"wp:featuredmedia":[{"embeddable":true,"href":"https:\/\/www.24gliwice.pl\/wiadomosci\/wp-json\/wp\/v2\/media\/130174"}],"wp:attachment":[{"href":"https:\/\/www.24gliwice.pl\/wiadomosci\/wp-json\/wp\/v2\/media?parent=130165"}],"wp:term":[{"taxonomy":"category","embeddable":true,"href":"https:\/\/www.24gliwice.pl\/wiadomosci\/wp-json\/wp\/v2\/categories?post=130165"},{"taxonomy":"post_tag","embeddable":true,"href":"https:\/\/www.24gliwice.pl\/wiadomosci\/wp-json\/wp\/v2\/tags?post=130165"}],"curies":[{"name":"wp","href":"https:\/\/api.w.org\/{rel}","templated":true}]}}