{"id":130226,"date":"2019-02-12T11:51:19","date_gmt":"2019-02-12T10:51:19","guid":{"rendered":"https:\/\/www.24gliwice.pl\/wiadomosci\/?p=130226"},"modified":"2019-02-12T11:51:19","modified_gmt":"2019-02-12T10:51:19","slug":"nowy-sprzet-od-wosp-dla-gliwickiego-szpitala-to-nie-pierwsze-wsparcie-od-fundacji","status":"publish","type":"post","link":"https:\/\/www.24gliwice.pl\/wiadomosci\/nowy-sprzet-od-wosp-dla-gliwickiego-szpitala-to-nie-pierwsze-wsparcie-od-fundacji\/","title":{"rendered":"Nowy sprz\u0119t od WO\u015aP dla gliwickiego szpitala. To nie pierwsze wsparcie od fundacji"},"content":{"rendered":"<div class=\"gliwi-a6-nad-leadem-artykulow gliwi-entity-placement\" id=\"gliwi-1681034547\"><div class=\"gliwi-adlabel\"><span style=\"font-size: 9px\">REKLAMA<\/span><\/div><div id=\"gliwi-564414626\" style=\"margin-bottom: 30px;margin-left: auto;margin-right: auto;text-align: center;\"><a data-no-instant=\"1\" href=\"https:\/\/przedszkole.halogen.org.pl\/\" rel=\"noopener\" class=\"a2t-link\" target=\"_blank\" aria-label=\"20260402-ANIMATOR-przedszkole_grafika_750x200\"><img loading=\"lazy\" decoding=\"async\" src=\"https:\/\/www.24gliwice.pl\/wiadomosci\/wp-content\/uploads\/2026\/04\/20260402-ANIMATOR-przedszkole_grafika_750x200.webp\" alt=\"\"  srcset=\"https:\/\/www.24gliwice.pl\/wiadomosci\/wp-content\/uploads\/2026\/04\/20260402-ANIMATOR-przedszkole_grafika_750x200.webp 750w, https:\/\/www.24gliwice.pl\/wiadomosci\/wp-content\/uploads\/2026\/04\/20260402-ANIMATOR-przedszkole_grafika_750x200-410x109.webp 410w\" sizes=\"(max-width: 750px) 100vw, 750px\" class=\"no-lazyload\" width=\"750\" height=\"200\"  style=\"display: inline-block; max-width: 100%; height: auto;\" \/><\/a><\/div><\/div><h3>Fundacja WO\u015aP przekaza\u0142a Szpitalowi Miejskiemu sprz\u0119t medyczny o \u0142\u0105cznej warto\u015bci ponad 300 tys. z\u0142otych. Przeno\u015bny aparat USG, kardiomonitory, pompy infuzyjne, otwarty inkubator i inne nowoczesne urz\u0105dzenia s\u0142u\u017c\u0105 ju\u017c najm\u0142odszym pacjentom tej plac\u00f3wki.<\/h3>\n<p>&#8211; Jeste\u015bmy bardzo wdzi\u0119czni za ten sprz\u0119t, tym bardziej, \u017ce fundacja obdarowa\u0142a nas rekordowo hojnie. Z pewno\u015bci\u0105 b\u0119dzie on cz\u0119sto wykorzystywany na oddziale \u2013 m\u00f3wi dr n. med. <strong>Agata Gajewska<\/strong>, ordynator Oddzia\u0142u Pediatrycznego Szpitala Miejskiego nr 4.<\/p>\n[perfectpullquote align=&#8221;full&#8221; bordertop=&#8221;false&#8221; cite=&#8221;&#8221; link=&#8221;&#8221; color=&#8221;&#8221; class=&#8221;&#8221; size=&#8221;&#8221;]Personel oddzia\u0142u jest szczeg\u00f3lnie zadowolony z przeno\u015bnego aparatu do wykonywania bada\u0144 ultrasonograficznych.[\/perfectpullquote]\n<p>Dot\u0105d takiego sprz\u0119tu na pediatrii nie by\u0142o, a teraz badania USG mo\u017cna wykonywa\u0107 przy \u0142\u00f3\u017cku ma\u0142ego pacjenta, przez ca\u0142\u0105 dob\u0119.<\/p><div class=\"gliwi-a3-w-tresci-artykulow gliwi-entity-placement\" id=\"gliwi-2985353918\"><div class=\"gliwi-adlabel\"><span style=\"font-size: 9px\">REKLAMA<\/span><\/div><div id=\"gliwi-2192210824\" style=\"margin-bottom: 30px;margin-left: auto;margin-right: auto;text-align: center;\"><a data-no-instant=\"1\" href=\"https:\/\/zlobek.halogen.org.pl\/\" rel=\"noopener\" class=\"a2t-link\" target=\"_blank\" aria-label=\"animator-zlobek_750x200\"><img loading=\"lazy\" decoding=\"async\" src=\"https:\/\/www.24gliwice.pl\/wiadomosci\/wp-content\/uploads\/2026\/02\/animator-zlobek_750x200.webp\" alt=\"\"  srcset=\"https:\/\/www.24gliwice.pl\/wiadomosci\/wp-content\/uploads\/2026\/02\/animator-zlobek_750x200.webp 750w, https:\/\/www.24gliwice.pl\/wiadomosci\/wp-content\/uploads\/2026\/02\/animator-zlobek_750x200-410x109.webp 410w\" sizes=\"(max-width: 750px) 100vw, 750px\" class=\"no-lazyload\" width=\"750\" height=\"200\"  style=\"display: inline-block; max-width: 100%; height: auto;\" \/><\/a><\/div><\/div>\n<p>W\u015br\u00f3d przekazanych przez Fundacj\u0119 urz\u0105dze\u0144 znajduj\u0105 si\u0119 r\u00f3wnie\u017c: aparat EKG, pulsoksymetr, lampy do fototerapii noworodk\u00f3w, otwarty inkubator, kardiomonitory oraz pompy infuzyjne, kt\u00f3re u\u0142atwiaj\u0105 podawanie dzieciom precyzyjnie odmierzonych dawek lek\u00f3w. Rodzice pacjent\u00f3w z pewno\u015bci\u0105 uciesz\u0105 si\u0119 z rozk\u0142adanych foteli, na kt\u00f3rych b\u0119d\u0105 mogli w razie potrzeby wygodnie czuwa\u0107 przy swoich pociechach.<\/p>\n<p>Warto przypomnie\u0107, \u017ce Fundacja Wielkiej Orkiestry \u015awi\u0105tecznej Pomocy wspar\u0142a gliwicki szpital w 2003 roku. Oddzia\u0142 Pediatryczny otrzyma\u0142 w\u00f3wczas pompy infuzyjne, ssaki elektryczne i aparat EKG.<\/p>\n<p>(\u017cms)\/UM(a\u015b)<br \/>\nfot. MSI<\/p>\n<p><img loading=\"lazy\" decoding=\"async\" src=\"https:\/\/www.24gliwice.pl\/wiadomosci\/wp-content\/uploads\/2019\/02\/szpital_pediatria_fot_umgliwice-8992.jpg\" alt=\"\" width=\"2365\" height=\"3543\" class=\"alignnone size-full wp-image-130241\" srcset=\"https:\/\/www.24gliwice.pl\/wiadomosci\/wp-content\/uploads\/2019\/02\/szpital_pediatria_fot_umgliwice-8992.jpg 2365w, https:\/\/www.24gliwice.pl\/wiadomosci\/wp-content\/uploads\/2019\/02\/szpital_pediatria_fot_umgliwice-8992-155x232.jpg 155w, https:\/\/www.24gliwice.pl\/wiadomosci\/wp-content\/uploads\/2019\/02\/szpital_pediatria_fot_umgliwice-8992-768x1151.jpg 768w, https:\/\/www.24gliwice.pl\/wiadomosci\/wp-content\/uploads\/2019\/02\/szpital_pediatria_fot_umgliwice-8992-304x455.jpg 304w, https:\/\/www.24gliwice.pl\/wiadomosci\/wp-content\/uploads\/2019\/02\/szpital_pediatria_fot_umgliwice-8992-810x1213.jpg 810w, https:\/\/www.24gliwice.pl\/wiadomosci\/wp-content\/uploads\/2019\/02\/szpital_pediatria_fot_umgliwice-8992-1140x1708.jpg 1140w\" sizes=\"auto, (max-width: 2365px) 100vw, 2365px\" \/><\/p>\n<p><img loading=\"lazy\" decoding=\"async\" src=\"https:\/\/www.24gliwice.pl\/wiadomosci\/wp-content\/uploads\/2019\/02\/szpital_pediatria_fot_umgliwice-8984.jpg\" alt=\"\" width=\"2347\" height=\"3543\" class=\"alignnone size-full wp-image-130240\" srcset=\"https:\/\/www.24gliwice.pl\/wiadomosci\/wp-content\/uploads\/2019\/02\/szpital_pediatria_fot_umgliwice-8984.jpg 2347w, https:\/\/www.24gliwice.pl\/wiadomosci\/wp-content\/uploads\/2019\/02\/szpital_pediatria_fot_umgliwice-8984-154x232.jpg 154w, https:\/\/www.24gliwice.pl\/wiadomosci\/wp-content\/uploads\/2019\/02\/szpital_pediatria_fot_umgliwice-8984-768x1159.jpg 768w, https:\/\/www.24gliwice.pl\/wiadomosci\/wp-content\/uploads\/2019\/02\/szpital_pediatria_fot_umgliwice-8984-301x455.jpg 301w, https:\/\/www.24gliwice.pl\/wiadomosci\/wp-content\/uploads\/2019\/02\/szpital_pediatria_fot_umgliwice-8984-810x1223.jpg 810w, https:\/\/www.24gliwice.pl\/wiadomosci\/wp-content\/uploads\/2019\/02\/szpital_pediatria_fot_umgliwice-8984-1140x1721.jpg 1140w\" sizes=\"auto, (max-width: 2347px) 100vw, 2347px\" \/><\/p>\n<div class=\"gliwi-a5-na-koncu-artykulow gliwi-entity-placement\" id=\"gliwi-87977245\"><div class=\"gliwi-adlabel\"><span style=\"font-size: 9px\">REKLAMA<\/span><\/div><div id=\"gliwi-663022168\" style=\"margin-left: auto;margin-right: auto;text-align: center;\"><a data-no-instant=\"1\" href=\"https:\/\/prezeroarenagliwice.pl\/\" rel=\"noopener\" class=\"a2t-link\" target=\"_blank\" aria-label=\"20260309-PREZERO-WIOSNA-D\"><img loading=\"lazy\" decoding=\"async\" src=\"https:\/\/www.24gliwice.pl\/wiadomosci\/wp-content\/uploads\/2026\/03\/20260309-PREZERO-WIOSNA-D.webp\" alt=\"\"  srcset=\"https:\/\/www.24gliwice.pl\/wiadomosci\/wp-content\/uploads\/2026\/03\/20260309-PREZERO-WIOSNA-D.webp 750w, https:\/\/www.24gliwice.pl\/wiadomosci\/wp-content\/uploads\/2026\/03\/20260309-PREZERO-WIOSNA-D-410x109.webp 410w\" sizes=\"(max-width: 750px) 100vw, 750px\" class=\"no-lazyload\" width=\"750\" height=\"200\"  style=\"display: inline-block; max-width: 100%; height: auto;\" \/><\/a><\/div><\/div>","protected":false},"excerpt":{"rendered":"<p>Fundacja WO\u015aP przekaza\u0142a Szpitalowi Miejskiemu sprz\u0119t medyczny o \u0142\u0105cznej warto\u015bci ponad 300 tys. z\u0142otych. Przeno\u015bny aparat USG, kardiomonitory, pompy infuzyjne, otwarty inkubator i inne nowoczesne urz\u0105dzenia s\u0142u\u017c\u0105 ju\u017c najm\u0142odszym pacjentom tej plac\u00f3wki. &#8211; Jeste\u015bmy bardzo wdzi\u0119czni za ten sprz\u0119t, tym bardziej, \u017ce fundacja obdarowa\u0142a nas rekordowo hojnie. Z pewno\u015bci\u0105 b\u0119dzie on cz\u0119sto wykorzystywany na oddziale [&hellip;]<\/p>\n","protected":false},"author":15,"featured_media":130242,"comment_status":"open","ping_status":"closed","sticky":false,"template":"","format":"standard","meta":{"_monsterinsights_skip_tracking":false,"_monsterinsights_sitenote_active":false,"_monsterinsights_sitenote_note":"","_monsterinsights_sitenote_category":0,"footnotes":"","_links_to":"","_links_to_target":""},"categories":[3,1],"tags":[11066,13943,9335,8376,57],"class_list":["post-130226","post","type-post","status-publish","format-standard","has-post-thumbnail","hentry","category-gliwice","category-wszystko","tag-final-wosp","tag-oddzial-pediatryczny","tag-szpital-miejski","tag-wielka-orkiestra-swiatecznej-pomocy","tag-wosp"],"yoast_head":"<!-- This site is optimized with the Yoast SEO plugin v27.5 - https:\/\/yoast.com\/product\/yoast-seo-wordpress\/ -->\n<title>Nowy sprz\u0119t od WO\u015aP dla gliwickiego szpitala. To nie pierwsze wsparcie od fundacji - 24GLIWICE - Portal Gliwice | codziennie nowe informacje<\/title>\n<meta name=\"robots\" content=\"index, follow, max-snippet:-1, max-image-preview:large, max-video-preview:-1\" \/>\n<link rel=\"canonical\" href=\"https:\/\/www.24gliwice.pl\/wiadomosci\/nowy-sprzet-od-wosp-dla-gliwickiego-szpitala-to-nie-pierwsze-wsparcie-od-fundacji\/\" \/>\n<meta property=\"og:locale\" content=\"pl_PL\" \/>\n<meta property=\"og:type\" content=\"article\" \/>\n<meta property=\"og:title\" content=\"Nowy sprz\u0119t od WO\u015aP dla gliwickiego szpitala. To nie pierwsze wsparcie od fundacji - 24GLIWICE - Portal Gliwice | codziennie nowe informacje\" \/>\n<meta property=\"og:description\" content=\"Fundacja WO\u015aP przekaza\u0142a Szpitalowi Miejskiemu sprz\u0119t medyczny o \u0142\u0105cznej warto\u015bci ponad 300 tys. z\u0142otych. Przeno\u015bny aparat USG, kardiomonitory, pompy infuzyjne, otwarty inkubator i inne nowoczesne urz\u0105dzenia s\u0142u\u017c\u0105 ju\u017c najm\u0142odszym pacjentom tej plac\u00f3wki. &#8211; Jeste\u015bmy bardzo wdzi\u0119czni za ten sprz\u0119t, tym bardziej, \u017ce fundacja obdarowa\u0142a nas rekordowo hojnie. Z pewno\u015bci\u0105 b\u0119dzie on cz\u0119sto wykorzystywany na oddziale [&hellip;]\" \/>\n<meta property=\"og:url\" content=\"https:\/\/www.24gliwice.pl\/wiadomosci\/nowy-sprzet-od-wosp-dla-gliwickiego-szpitala-to-nie-pierwsze-wsparcie-od-fundacji\/\" \/>\n<meta property=\"og:site_name\" content=\"24GLIWICE - Portal Gliwice | codziennie nowe informacje\" \/>\n<meta property=\"article:publisher\" content=\"https:\/\/www.facebook.com\/24gliwice\" \/>\n<meta property=\"article:published_time\" content=\"2019-02-12T10:51:19+00:00\" \/>\n<meta property=\"og:image\" content=\"https:\/\/www.24gliwice.pl\/wiadomosci\/wp-content\/uploads\/2019\/02\/szpital_pediatria_fot_umgliwice-9014.jpg\" \/>\n\t<meta property=\"og:image:width\" content=\"879\" \/>\n\t<meta property=\"og:image:height\" content=\"495\" \/>\n\t<meta property=\"og:image:type\" content=\"image\/jpeg\" \/>\n<meta name=\"author\" content=\"\u017baneta Mrozek-Siewierska\" \/>\n<meta name=\"twitter:card\" content=\"summary_large_image\" \/>\n<meta name=\"twitter:creator\" content=\"@24gliwice\" \/>\n<meta name=\"twitter:site\" content=\"@24gliwice\" \/>\n<meta name=\"twitter:label1\" content=\"Napisane przez\" \/>\n\t<meta name=\"twitter:data1\" content=\"\u017baneta Mrozek-Siewierska\" \/>\n\t<meta name=\"twitter:label2\" content=\"Szacowany czas czytania\" \/>\n\t<meta name=\"twitter:data2\" content=\"1 minuta\" \/>\n<script type=\"application\/ld+json\" class=\"yoast-schema-graph\">{\"@context\":\"https:\\\/\\\/schema.org\",\"@graph\":[{\"@type\":\"Article\",\"@id\":\"https:\\\/\\\/www.24gliwice.pl\\\/wiadomosci\\\/nowy-sprzet-od-wosp-dla-gliwickiego-szpitala-to-nie-pierwsze-wsparcie-od-fundacji\\\/#article\",\"isPartOf\":{\"@id\":\"https:\\\/\\\/www.24gliwice.pl\\\/wiadomosci\\\/nowy-sprzet-od-wosp-dla-gliwickiego-szpitala-to-nie-pierwsze-wsparcie-od-fundacji\\\/\"},\"author\":{\"name\":\"\u017baneta Mrozek-Siewierska\",\"@id\":\"https:\\\/\\\/www.24gliwice.pl\\\/wiadomosci\\\/#\\\/schema\\\/person\\\/e42c650edd7f2fa332be3811fb166b6e\"},\"headline\":\"Nowy sprz\u0119t od WO\u015aP dla gliwickiego szpitala. To nie pierwsze wsparcie od fundacji\",\"datePublished\":\"2019-02-12T10:51:19+00:00\",\"mainEntityOfPage\":{\"@id\":\"https:\\\/\\\/www.24gliwice.pl\\\/wiadomosci\\\/nowy-sprzet-od-wosp-dla-gliwickiego-szpitala-to-nie-pierwsze-wsparcie-od-fundacji\\\/\"},\"wordCount\":246,\"commentCount\":0,\"publisher\":{\"@id\":\"https:\\\/\\\/www.24gliwice.pl\\\/wiadomosci\\\/#organization\"},\"image\":{\"@id\":\"https:\\\/\\\/www.24gliwice.pl\\\/wiadomosci\\\/nowy-sprzet-od-wosp-dla-gliwickiego-szpitala-to-nie-pierwsze-wsparcie-od-fundacji\\\/#primaryimage\"},\"thumbnailUrl\":\"https:\\\/\\\/www.24gliwice.pl\\\/wiadomosci\\\/wp-content\\\/uploads\\\/2019\\\/02\\\/szpital_pediatria_fot_umgliwice-9014.jpg\",\"keywords\":[\"FINA\u0141 WO\u015aP\",\"oddzia\u0142 pediatryczny\",\"SZPITAL MIEJSKI\",\"wielka orkiestra \u015bwiatecznej pomocy\",\"WO\u015aP\"],\"articleSection\":[\"Gliwice\",\"Najnowsze wiadomo\u015bci\"],\"inLanguage\":\"pl-PL\",\"potentialAction\":[{\"@type\":\"CommentAction\",\"name\":\"Comment\",\"target\":[\"https:\\\/\\\/www.24gliwice.pl\\\/wiadomosci\\\/nowy-sprzet-od-wosp-dla-gliwickiego-szpitala-to-nie-pierwsze-wsparcie-od-fundacji\\\/#respond\"]}]},{\"@type\":\"WebPage\",\"@id\":\"https:\\\/\\\/www.24gliwice.pl\\\/wiadomosci\\\/nowy-sprzet-od-wosp-dla-gliwickiego-szpitala-to-nie-pierwsze-wsparcie-od-fundacji\\\/\",\"url\":\"https:\\\/\\\/www.24gliwice.pl\\\/wiadomosci\\\/nowy-sprzet-od-wosp-dla-gliwickiego-szpitala-to-nie-pierwsze-wsparcie-od-fundacji\\\/\",\"name\":\"Nowy sprz\u0119t od WO\u015aP dla gliwickiego szpitala. To nie pierwsze wsparcie od fundacji - 24GLIWICE - Portal Gliwice | codziennie nowe informacje\",\"isPartOf\":{\"@id\":\"https:\\\/\\\/www.24gliwice.pl\\\/wiadomosci\\\/#website\"},\"primaryImageOfPage\":{\"@id\":\"https:\\\/\\\/www.24gliwice.pl\\\/wiadomosci\\\/nowy-sprzet-od-wosp-dla-gliwickiego-szpitala-to-nie-pierwsze-wsparcie-od-fundacji\\\/#primaryimage\"},\"image\":{\"@id\":\"https:\\\/\\\/www.24gliwice.pl\\\/wiadomosci\\\/nowy-sprzet-od-wosp-dla-gliwickiego-szpitala-to-nie-pierwsze-wsparcie-od-fundacji\\\/#primaryimage\"},\"thumbnailUrl\":\"https:\\\/\\\/www.24gliwice.pl\\\/wiadomosci\\\/wp-content\\\/uploads\\\/2019\\\/02\\\/szpital_pediatria_fot_umgliwice-9014.jpg\",\"datePublished\":\"2019-02-12T10:51:19+00:00\",\"breadcrumb\":{\"@id\":\"https:\\\/\\\/www.24gliwice.pl\\\/wiadomosci\\\/nowy-sprzet-od-wosp-dla-gliwickiego-szpitala-to-nie-pierwsze-wsparcie-od-fundacji\\\/#breadcrumb\"},\"inLanguage\":\"pl-PL\",\"potentialAction\":[{\"@type\":\"ReadAction\",\"target\":[\"https:\\\/\\\/www.24gliwice.pl\\\/wiadomosci\\\/nowy-sprzet-od-wosp-dla-gliwickiego-szpitala-to-nie-pierwsze-wsparcie-od-fundacji\\\/\"]}]},{\"@type\":\"ImageObject\",\"inLanguage\":\"pl-PL\",\"@id\":\"https:\\\/\\\/www.24gliwice.pl\\\/wiadomosci\\\/nowy-sprzet-od-wosp-dla-gliwickiego-szpitala-to-nie-pierwsze-wsparcie-od-fundacji\\\/#primaryimage\",\"url\":\"https:\\\/\\\/www.24gliwice.pl\\\/wiadomosci\\\/wp-content\\\/uploads\\\/2019\\\/02\\\/szpital_pediatria_fot_umgliwice-9014.jpg\",\"contentUrl\":\"https:\\\/\\\/www.24gliwice.pl\\\/wiadomosci\\\/wp-content\\\/uploads\\\/2019\\\/02\\\/szpital_pediatria_fot_umgliwice-9014.jpg\",\"width\":879,\"height\":495},{\"@type\":\"BreadcrumbList\",\"@id\":\"https:\\\/\\\/www.24gliwice.pl\\\/wiadomosci\\\/nowy-sprzet-od-wosp-dla-gliwickiego-szpitala-to-nie-pierwsze-wsparcie-od-fundacji\\\/#breadcrumb\",\"itemListElement\":[{\"@type\":\"ListItem\",\"position\":1,\"name\":\"Strona g\u0142\u00f3wna\",\"item\":\"https:\\\/\\\/www.24gliwice.pl\\\/wiadomosci\\\/\"},{\"@type\":\"ListItem\",\"position\":2,\"name\":\"Nowy sprz\u0119t od WO\u015aP dla gliwickiego szpitala. To nie pierwsze wsparcie od fundacji\"}]},{\"@type\":\"WebSite\",\"@id\":\"https:\\\/\\\/www.24gliwice.pl\\\/wiadomosci\\\/#website\",\"url\":\"https:\\\/\\\/www.24gliwice.pl\\\/wiadomosci\\\/\",\"name\":\"24GLIWICE - Portal Gliwice | codziennie nowe wiadomo\u015bci\",\"description\":\"Portal Miejski Gliwice\",\"publisher\":{\"@id\":\"https:\\\/\\\/www.24gliwice.pl\\\/wiadomosci\\\/#organization\"},\"potentialAction\":[{\"@type\":\"SearchAction\",\"target\":{\"@type\":\"EntryPoint\",\"urlTemplate\":\"https:\\\/\\\/www.24gliwice.pl\\\/wiadomosci\\\/?s={search_term_string}\"},\"query-input\":{\"@type\":\"PropertyValueSpecification\",\"valueRequired\":true,\"valueName\":\"search_term_string\"}}],\"inLanguage\":\"pl-PL\"},{\"@type\":\"Organization\",\"@id\":\"https:\\\/\\\/www.24gliwice.pl\\\/wiadomosci\\\/#organization\",\"name\":\"24gliwice\",\"url\":\"https:\\\/\\\/www.24gliwice.pl\\\/wiadomosci\\\/\",\"logo\":{\"@type\":\"ImageObject\",\"inLanguage\":\"pl-PL\",\"@id\":\"https:\\\/\\\/www.24gliwice.pl\\\/wiadomosci\\\/#\\\/schema\\\/logo\\\/image\\\/\",\"url\":\"https:\\\/\\\/www.24gliwice.pl\\\/wiadomosci\\\/wp-content\\\/uploads\\\/2024\\\/10\\\/24gliwice-logo-696.jpg\",\"contentUrl\":\"https:\\\/\\\/www.24gliwice.pl\\\/wiadomosci\\\/wp-content\\\/uploads\\\/2024\\\/10\\\/24gliwice-logo-696.jpg\",\"width\":696,\"height\":696,\"caption\":\"24gliwice\"},\"image\":{\"@id\":\"https:\\\/\\\/www.24gliwice.pl\\\/wiadomosci\\\/#\\\/schema\\\/logo\\\/image\\\/\"},\"sameAs\":[\"https:\\\/\\\/www.facebook.com\\\/24gliwice\",\"https:\\\/\\\/x.com\\\/24gliwice\",\"https:\\\/\\\/www.youtube.com\\\/@24gliwice\"]},{\"@type\":\"Person\",\"@id\":\"https:\\\/\\\/www.24gliwice.pl\\\/wiadomosci\\\/#\\\/schema\\\/person\\\/e42c650edd7f2fa332be3811fb166b6e\",\"name\":\"\u017baneta Mrozek-Siewierska\",\"image\":{\"@type\":\"ImageObject\",\"inLanguage\":\"pl-PL\",\"@id\":\"https:\\\/\\\/secure.gravatar.com\\\/avatar\\\/1881429e9c64597c77ad7aef2d0a19be69a3253e57534d16aa15bf3a4d34a0a3?s=96&d=mm&r=g\",\"url\":\"https:\\\/\\\/secure.gravatar.com\\\/avatar\\\/1881429e9c64597c77ad7aef2d0a19be69a3253e57534d16aa15bf3a4d34a0a3?s=96&d=mm&r=g\",\"contentUrl\":\"https:\\\/\\\/secure.gravatar.com\\\/avatar\\\/1881429e9c64597c77ad7aef2d0a19be69a3253e57534d16aa15bf3a4d34a0a3?s=96&d=mm&r=g\",\"caption\":\"\u017baneta Mrozek-Siewierska\"},\"url\":\"https:\\\/\\\/www.24gliwice.pl\\\/wiadomosci\\\/author\\\/zms\\\/\"}]}<\/script>\n<!-- \/ Yoast SEO plugin. -->","yoast_head_json":{"title":"Nowy sprz\u0119t od WO\u015aP dla gliwickiego szpitala. To nie pierwsze wsparcie od fundacji - 24GLIWICE - Portal Gliwice | codziennie nowe informacje","robots":{"index":"index","follow":"follow","max-snippet":"max-snippet:-1","max-image-preview":"max-image-preview:large","max-video-preview":"max-video-preview:-1"},"canonical":"https:\/\/www.24gliwice.pl\/wiadomosci\/nowy-sprzet-od-wosp-dla-gliwickiego-szpitala-to-nie-pierwsze-wsparcie-od-fundacji\/","og_locale":"pl_PL","og_type":"article","og_title":"Nowy sprz\u0119t od WO\u015aP dla gliwickiego szpitala. To nie pierwsze wsparcie od fundacji - 24GLIWICE - Portal Gliwice | codziennie nowe informacje","og_description":"Fundacja WO\u015aP przekaza\u0142a Szpitalowi Miejskiemu sprz\u0119t medyczny o \u0142\u0105cznej warto\u015bci ponad 300 tys. z\u0142otych. Przeno\u015bny aparat USG, kardiomonitory, pompy infuzyjne, otwarty inkubator i inne nowoczesne urz\u0105dzenia s\u0142u\u017c\u0105 ju\u017c najm\u0142odszym pacjentom tej plac\u00f3wki. &#8211; Jeste\u015bmy bardzo wdzi\u0119czni za ten sprz\u0119t, tym bardziej, \u017ce fundacja obdarowa\u0142a nas rekordowo hojnie. Z pewno\u015bci\u0105 b\u0119dzie on cz\u0119sto wykorzystywany na oddziale [&hellip;]","og_url":"https:\/\/www.24gliwice.pl\/wiadomosci\/nowy-sprzet-od-wosp-dla-gliwickiego-szpitala-to-nie-pierwsze-wsparcie-od-fundacji\/","og_site_name":"24GLIWICE - Portal Gliwice | codziennie nowe informacje","article_publisher":"https:\/\/www.facebook.com\/24gliwice","article_published_time":"2019-02-12T10:51:19+00:00","og_image":[{"width":879,"height":495,"url":"https:\/\/www.24gliwice.pl\/wiadomosci\/wp-content\/uploads\/2019\/02\/szpital_pediatria_fot_umgliwice-9014.jpg","type":"image\/jpeg"}],"author":"\u017baneta Mrozek-Siewierska","twitter_card":"summary_large_image","twitter_creator":"@24gliwice","twitter_site":"@24gliwice","twitter_misc":{"Napisane przez":"\u017baneta Mrozek-Siewierska","Szacowany czas czytania":"1 minuta"},"schema":{"@context":"https:\/\/schema.org","@graph":[{"@type":"Article","@id":"https:\/\/www.24gliwice.pl\/wiadomosci\/nowy-sprzet-od-wosp-dla-gliwickiego-szpitala-to-nie-pierwsze-wsparcie-od-fundacji\/#article","isPartOf":{"@id":"https:\/\/www.24gliwice.pl\/wiadomosci\/nowy-sprzet-od-wosp-dla-gliwickiego-szpitala-to-nie-pierwsze-wsparcie-od-fundacji\/"},"author":{"name":"\u017baneta Mrozek-Siewierska","@id":"https:\/\/www.24gliwice.pl\/wiadomosci\/#\/schema\/person\/e42c650edd7f2fa332be3811fb166b6e"},"headline":"Nowy sprz\u0119t od WO\u015aP dla gliwickiego szpitala. To nie pierwsze wsparcie od fundacji","datePublished":"2019-02-12T10:51:19+00:00","mainEntityOfPage":{"@id":"https:\/\/www.24gliwice.pl\/wiadomosci\/nowy-sprzet-od-wosp-dla-gliwickiego-szpitala-to-nie-pierwsze-wsparcie-od-fundacji\/"},"wordCount":246,"commentCount":0,"publisher":{"@id":"https:\/\/www.24gliwice.pl\/wiadomosci\/#organization"},"image":{"@id":"https:\/\/www.24gliwice.pl\/wiadomosci\/nowy-sprzet-od-wosp-dla-gliwickiego-szpitala-to-nie-pierwsze-wsparcie-od-fundacji\/#primaryimage"},"thumbnailUrl":"https:\/\/www.24gliwice.pl\/wiadomosci\/wp-content\/uploads\/2019\/02\/szpital_pediatria_fot_umgliwice-9014.jpg","keywords":["FINA\u0141 WO\u015aP","oddzia\u0142 pediatryczny","SZPITAL MIEJSKI","wielka orkiestra \u015bwiatecznej pomocy","WO\u015aP"],"articleSection":["Gliwice","Najnowsze wiadomo\u015bci"],"inLanguage":"pl-PL","potentialAction":[{"@type":"CommentAction","name":"Comment","target":["https:\/\/www.24gliwice.pl\/wiadomosci\/nowy-sprzet-od-wosp-dla-gliwickiego-szpitala-to-nie-pierwsze-wsparcie-od-fundacji\/#respond"]}]},{"@type":"WebPage","@id":"https:\/\/www.24gliwice.pl\/wiadomosci\/nowy-sprzet-od-wosp-dla-gliwickiego-szpitala-to-nie-pierwsze-wsparcie-od-fundacji\/","url":"https:\/\/www.24gliwice.pl\/wiadomosci\/nowy-sprzet-od-wosp-dla-gliwickiego-szpitala-to-nie-pierwsze-wsparcie-od-fundacji\/","name":"Nowy sprz\u0119t od WO\u015aP dla gliwickiego szpitala. To nie pierwsze wsparcie od fundacji - 24GLIWICE - Portal Gliwice | codziennie nowe informacje","isPartOf":{"@id":"https:\/\/www.24gliwice.pl\/wiadomosci\/#website"},"primaryImageOfPage":{"@id":"https:\/\/www.24gliwice.pl\/wiadomosci\/nowy-sprzet-od-wosp-dla-gliwickiego-szpitala-to-nie-pierwsze-wsparcie-od-fundacji\/#primaryimage"},"image":{"@id":"https:\/\/www.24gliwice.pl\/wiadomosci\/nowy-sprzet-od-wosp-dla-gliwickiego-szpitala-to-nie-pierwsze-wsparcie-od-fundacji\/#primaryimage"},"thumbnailUrl":"https:\/\/www.24gliwice.pl\/wiadomosci\/wp-content\/uploads\/2019\/02\/szpital_pediatria_fot_umgliwice-9014.jpg","datePublished":"2019-02-12T10:51:19+00:00","breadcrumb":{"@id":"https:\/\/www.24gliwice.pl\/wiadomosci\/nowy-sprzet-od-wosp-dla-gliwickiego-szpitala-to-nie-pierwsze-wsparcie-od-fundacji\/#breadcrumb"},"inLanguage":"pl-PL","potentialAction":[{"@type":"ReadAction","target":["https:\/\/www.24gliwice.pl\/wiadomosci\/nowy-sprzet-od-wosp-dla-gliwickiego-szpitala-to-nie-pierwsze-wsparcie-od-fundacji\/"]}]},{"@type":"ImageObject","inLanguage":"pl-PL","@id":"https:\/\/www.24gliwice.pl\/wiadomosci\/nowy-sprzet-od-wosp-dla-gliwickiego-szpitala-to-nie-pierwsze-wsparcie-od-fundacji\/#primaryimage","url":"https:\/\/www.24gliwice.pl\/wiadomosci\/wp-content\/uploads\/2019\/02\/szpital_pediatria_fot_umgliwice-9014.jpg","contentUrl":"https:\/\/www.24gliwice.pl\/wiadomosci\/wp-content\/uploads\/2019\/02\/szpital_pediatria_fot_umgliwice-9014.jpg","width":879,"height":495},{"@type":"BreadcrumbList","@id":"https:\/\/www.24gliwice.pl\/wiadomosci\/nowy-sprzet-od-wosp-dla-gliwickiego-szpitala-to-nie-pierwsze-wsparcie-od-fundacji\/#breadcrumb","itemListElement":[{"@type":"ListItem","position":1,"name":"Strona g\u0142\u00f3wna","item":"https:\/\/www.24gliwice.pl\/wiadomosci\/"},{"@type":"ListItem","position":2,"name":"Nowy sprz\u0119t od WO\u015aP dla gliwickiego szpitala. To nie pierwsze wsparcie od fundacji"}]},{"@type":"WebSite","@id":"https:\/\/www.24gliwice.pl\/wiadomosci\/#website","url":"https:\/\/www.24gliwice.pl\/wiadomosci\/","name":"24GLIWICE - Portal Gliwice | codziennie nowe wiadomo\u015bci","description":"Portal Miejski Gliwice","publisher":{"@id":"https:\/\/www.24gliwice.pl\/wiadomosci\/#organization"},"potentialAction":[{"@type":"SearchAction","target":{"@type":"EntryPoint","urlTemplate":"https:\/\/www.24gliwice.pl\/wiadomosci\/?s={search_term_string}"},"query-input":{"@type":"PropertyValueSpecification","valueRequired":true,"valueName":"search_term_string"}}],"inLanguage":"pl-PL"},{"@type":"Organization","@id":"https:\/\/www.24gliwice.pl\/wiadomosci\/#organization","name":"24gliwice","url":"https:\/\/www.24gliwice.pl\/wiadomosci\/","logo":{"@type":"ImageObject","inLanguage":"pl-PL","@id":"https:\/\/www.24gliwice.pl\/wiadomosci\/#\/schema\/logo\/image\/","url":"https:\/\/www.24gliwice.pl\/wiadomosci\/wp-content\/uploads\/2024\/10\/24gliwice-logo-696.jpg","contentUrl":"https:\/\/www.24gliwice.pl\/wiadomosci\/wp-content\/uploads\/2024\/10\/24gliwice-logo-696.jpg","width":696,"height":696,"caption":"24gliwice"},"image":{"@id":"https:\/\/www.24gliwice.pl\/wiadomosci\/#\/schema\/logo\/image\/"},"sameAs":["https:\/\/www.facebook.com\/24gliwice","https:\/\/x.com\/24gliwice","https:\/\/www.youtube.com\/@24gliwice"]},{"@type":"Person","@id":"https:\/\/www.24gliwice.pl\/wiadomosci\/#\/schema\/person\/e42c650edd7f2fa332be3811fb166b6e","name":"\u017baneta Mrozek-Siewierska","image":{"@type":"ImageObject","inLanguage":"pl-PL","@id":"https:\/\/secure.gravatar.com\/avatar\/1881429e9c64597c77ad7aef2d0a19be69a3253e57534d16aa15bf3a4d34a0a3?s=96&d=mm&r=g","url":"https:\/\/secure.gravatar.com\/avatar\/1881429e9c64597c77ad7aef2d0a19be69a3253e57534d16aa15bf3a4d34a0a3?s=96&d=mm&r=g","contentUrl":"https:\/\/secure.gravatar.com\/avatar\/1881429e9c64597c77ad7aef2d0a19be69a3253e57534d16aa15bf3a4d34a0a3?s=96&d=mm&r=g","caption":"\u017baneta Mrozek-Siewierska"},"url":"https:\/\/www.24gliwice.pl\/wiadomosci\/author\/zms\/"}]}},"_links":{"self":[{"href":"https:\/\/www.24gliwice.pl\/wiadomosci\/wp-json\/wp\/v2\/posts\/130226","targetHints":{"allow":["GET"]}}],"collection":[{"href":"https:\/\/www.24gliwice.pl\/wiadomosci\/wp-json\/wp\/v2\/posts"}],"about":[{"href":"https:\/\/www.24gliwice.pl\/wiadomosci\/wp-json\/wp\/v2\/types\/post"}],"author":[{"embeddable":true,"href":"https:\/\/www.24gliwice.pl\/wiadomosci\/wp-json\/wp\/v2\/users\/15"}],"replies":[{"embeddable":true,"href":"https:\/\/www.24gliwice.pl\/wiadomosci\/wp-json\/wp\/v2\/comments?post=130226"}],"version-history":[{"count":0,"href":"https:\/\/www.24gliwice.pl\/wiadomosci\/wp-json\/wp\/v2\/posts\/130226\/revisions"}],"wp:featuredmedia":[{"embeddable":true,"href":"https:\/\/www.24gliwice.pl\/wiadomosci\/wp-json\/wp\/v2\/media\/130242"}],"wp:attachment":[{"href":"https:\/\/www.24gliwice.pl\/wiadomosci\/wp-json\/wp\/v2\/media?parent=130226"}],"wp:term":[{"taxonomy":"category","embeddable":true,"href":"https:\/\/www.24gliwice.pl\/wiadomosci\/wp-json\/wp\/v2\/categories?post=130226"},{"taxonomy":"post_tag","embeddable":true,"href":"https:\/\/www.24gliwice.pl\/wiadomosci\/wp-json\/wp\/v2\/tags?post=130226"}],"curies":[{"name":"wp","href":"https:\/\/api.w.org\/{rel}","templated":true}]}}