{"id":130451,"date":"2019-02-14T22:57:40","date_gmt":"2019-02-14T21:57:40","guid":{"rendered":"https:\/\/www.24gliwice.pl\/wiadomosci\/?p=130451"},"modified":"2019-02-14T22:57:40","modified_gmt":"2019-02-14T21:57:40","slug":"cala-polska-ratuje-maltretowanego-nestora-psa-organisty","status":"publish","type":"post","link":"https:\/\/www.24gliwice.pl\/wiadomosci\/cala-polska-ratuje-maltretowanego-nestora-psa-organisty\/","title":{"rendered":"Ca\u0142a Polska ratuje maltretowanego Nestora, psa organisty!"},"content":{"rendered":"<div class=\"gliwi-a6-nad-leadem-artykulow gliwi-entity-placement\" id=\"gliwi-2598519490\"><div class=\"gliwi-adlabel\"><span style=\"font-size: 9px\">REKLAMA<\/span><\/div><div id=\"gliwi-211667574\" style=\"margin-bottom: 25px;margin-left: auto;margin-right: auto;text-align: center;\"><a data-no-instant=\"1\" href=\"https:\/\/dom100.eu\/\" rel=\"noopener\" class=\"a2t-link\" target=\"_blank\" aria-label=\"20260415 DOM100 D\"><img loading=\"lazy\" decoding=\"async\" src=\"https:\/\/www.24gliwice.pl\/wiadomosci\/wp-content\/uploads\/2026\/04\/20260415-DOM100-D.jpg\" alt=\"\"  srcset=\"https:\/\/www.24gliwice.pl\/wiadomosci\/wp-content\/uploads\/2026\/04\/20260415-DOM100-D.jpg 750w, https:\/\/www.24gliwice.pl\/wiadomosci\/wp-content\/uploads\/2026\/04\/20260415-DOM100-D-410x109.jpg 410w\" sizes=\"(max-width: 750px) 100vw, 750px\" class=\"no-lazyload\" width=\"750\" height=\"200\"  style=\"display: inline-block; max-width: 100%; height: auto;\" \/><\/a><\/div><\/div><h3>Nawet najlepszy rodow\u00f3d niewiele dzi\u015b znaczy &#8211; ofiar\u0105 zaniedbania mo\u017ce pa\u015b\u0107 zwyk\u0142y pies rasy &#8220;kundel&#8221;, ale te\u017c pies z bardzo cennym rodowodem. W sieci nie brak historii rasowych ps\u00f3w odebranych interwencyjnie przez organizacje prozwierz\u0119ce.<\/h3>\n<p>Niejednokrotnie odbierane psy to obraz n\u0119dzy i rozpaczy, a sprawa ko\u0144czy si\u0119 na sali s\u0105dowej. Bywa te\u017c niestety i tak, \u017ce na leczenie jest ju\u017c za p\u00f3\u017ano, a najlepsza pomoc to podda\u0107 bardzo cierpi\u0105cego zwierzaka eutanazji.<\/p>\n<p>Bardziej jednak bulwersuje sytuacja, gdy zaniedbane zwierz\u0119 jest w\u0142asno\u015bci\u0105 organisty ko\u015bcielnego, a dzieci w\u0142a\u015bciciela s\u0105 ministrantami i harcerzami. Wydawa\u0142oby si\u0119, \u017ce w takim otoczeniu zwierzak dostanie najlepsz\u0105 ochron\u0119 i opiek\u0119 &#8211; tymczasem okazuje si\u0119, \u017ce Nestor by\u0142 przetrzymywany przez swoich w\u0142a\u015bcicieli w piwnicy. Nikt nie wypuszcza\u0142 go stamt\u0105d od wielu miesi\u0119cy. Od tak dawna, \u017ce okoliczni mieszka\u0144cy byli pewni, \u017ce Nestor nie \u017cyje. Ale pies \u017cy\u0142. I niewyobra\u017calnie cierpia\u0142, skrz\u0119tnie ukryty przed wzrokiem ludzi. Kt\u00f3rego\u015b dnia uda\u0142o mu si\u0119 uciec. Ta chwila nieuwagi by\u0142ych w\u0142a\u015bcicieli najpewniej ocali\u0142a mu \u017cycie. Nestor wyszed\u0142 przed bram\u0119 wprost na Pani\u0105, kt\u00f3rej jego los nie by\u0142 oboj\u0119tny.<\/p><div class=\"gliwi-a3-w-tresci-artykulow gliwi-entity-placement\" id=\"gliwi-1103761383\"><div class=\"gliwi-adlabel\"><span style=\"font-size: 9px\">REKLAMA<\/span><\/div><div id=\"gliwi-3550264771\" style=\"margin-bottom: 30px;margin-left: auto;margin-right: auto;text-align: center;\"><a data-no-instant=\"1\" href=\"https:\/\/zlobek.halogen.org.pl\/\" rel=\"noopener\" class=\"a2t-link\" target=\"_blank\" aria-label=\"animator-zlobek_750x200\"><img loading=\"lazy\" decoding=\"async\" src=\"https:\/\/www.24gliwice.pl\/wiadomosci\/wp-content\/uploads\/2026\/02\/animator-zlobek_750x200.webp\" alt=\"\"  srcset=\"https:\/\/www.24gliwice.pl\/wiadomosci\/wp-content\/uploads\/2026\/02\/animator-zlobek_750x200.webp 750w, https:\/\/www.24gliwice.pl\/wiadomosci\/wp-content\/uploads\/2026\/02\/animator-zlobek_750x200-410x109.webp 410w\" sizes=\"(max-width: 750px) 100vw, 750px\" class=\"no-lazyload\" width=\"750\" height=\"200\"  style=\"display: inline-block; max-width: 100%; height: auto;\" \/><\/a><\/div><\/div>\n<p>Kobieta zg\u0142osi\u0142a si\u0119 po pomoc do og\u00f3lnopolskiej organizacji prozwierz\u0119cej Fundacji Centaurus, kt\u00f3ra prowadzi najwi\u0119kszy w Europie azyl dla zwierz\u0105t pod Wroc\u0142awiem. Psa odebrano w\u0142a\u015bcicielowi w trybie natychmiastowym i przewieziono do kliniki, gdzie wykonana zosta\u0142a pe\u0142na diagnostyka.<\/p>\n<p style=\"padding-left: 60px;\"><em>&#8220;Gdy przyjechali\u015bmy na miejsce, pies by\u0142 zamkni\u0119ty w kojcu pe\u0142nym odchod\u00f3w, b\u0142ota, le\u017ca\u0142 w rozpadaj\u0105cej si\u0119 budzie. Budzie tak ma\u0142ej, \u017ce Nestorowi ci\u0119\u017cko by\u0142o si\u0119 z niej wydosta\u0107. W\u0142a\u015bciciel potwierdzi\u0142, \u017ce zamyka\u0142 psa r\u00f3wnie\u017c w piwnicy, nie potrafi\u0142 wyja\u015bni\u0107 dlaczego. Twierdzi\u0142 r\u00f3wnie\u017c, \u017ce psa leczy\u0142, ale nie posiada\u0142 \u017cadnej dokumentacji potwierdzaj\u0105cej jego s\u0142owa. Jedyne dokumenty, jakie uzyskali\u015bmy, to rodow\u00f3d psa oraz ksi\u0105\u017ceczka, w kt\u00f3rej nie by\u0142o nawet aktualnych szczepie\u0144.&#8221; <\/em>&#8211; opowiada <strong>Norbert Ziemlicki<\/strong>, inspektor ds. zwierz\u0105t z Centaurusa.<\/p>\n<p style=\"padding-left: 60px;\"><em>&#8220;W\u0142a\u015bciciel psa to organista, jego dzieci s\u0142u\u017c\u0105 do mszy, s\u0105 te\u017c harcerzami. Wydawa\u0142oby si\u0119, \u017ce to postawy godne na\u015bladowania, a tymczasem nikt z domownik\u00f3w nie potrafi\u0142 wykaza\u0107 cho\u0107 grama empatii w stosunku do tak cierpi\u0105cego zwierz\u0119cia. Nestor sp\u0119dzi\u0142 u nich ca\u0142e swe \u017cycie. Swoj\u0105 mi\u0142o\u015bci\u0105 i oddaniem nie zas\u0142u\u017cy\u0142 nawet na minimum troski i opieki&#8221;<\/em> &#8211; dodaje <strong>Weronika Nieborak<\/strong>, kt\u00f3ra w Centaurusie zajmuje si\u0119 mi\u0119dzy innymi szukaniem zwierzakom nowych dom\u00f3w adopcyjnych.<\/p>\n<p>Czas poka\u017ce, na ile Nestor odpowie na leczenie. Na ten moment rokowania s\u0105 bardzo ostro\u017cne. Pies cierpi z powodu dysplazji, ma bardzo zaawansowane zwyrodnienia w kr\u0119gos\u0142upie, powa\u017cn\u0105 anemi\u0119, a chodzenie sprawia mu sporo trudno\u015bci. Jelita by\u0142y ca\u0142e wypchane ka\u0142em, pies od dawna nie m\u00f3g\u0142 si\u0119 wypr\u00f3\u017cni\u0107.<\/p>\n<h4>Fundacja Centaurus zapowiada dochodzenie praw zwierzaka w s\u0105dzie. <\/h4>\n<p><em>&#8220;Nie zawsze kierujemy spraw\u0119 do s\u0105du, ale oboj\u0119tno\u015b\u0107 i celowe dzia\u0142anie to co\u015b, co wymaga interwencji si\u0142y wy\u017cszej, w tym wypadku prokuratury. Doprowadzenie psa do takiego stanu wymaga\u0142o zaanga\u017cowania, mo\u017cna by\u0142o psa po prostu wypu\u015bci\u0107 na ulic\u0119 i mia\u0142by wi\u0119ksze szanse, ni\u017c zamkni\u0119ty z premedytacj\u0105 w piwnicy. Gdyby nie to, \u017ce uciek\u0142, najpewniej skona\u0142by tam na dniach. Mamy XXI wiek, a ci\u0105gle dziej\u0105 si\u0119 takie rzeczy. Od wielu lat prowadz\u0119 liczne interwencje i wiele widzia\u0142em, ale takie zaniedbania mnie niezmiennie przera\u017caj\u0105 &#8211; w ko\u0144cu bra\u0142y w tym udzia\u0142 osoby, kt\u00f3re w oczach spo\u0142ecze\u0144stwa powinny stanowi\u0107 przyk\u0142ad&#8221;<\/em>&#8211; dodaje Ziemlicki.<\/p>\n<h4>Centaurus finansuje swoje dzia\u0142ania jedynie z datk\u00f3w. <\/h4>\n<p>Organizacja prowadzi pod Legnic\u0105 o\u015brodek, w kt\u00f3rym od wielu lat otacza opiek\u0105 400 koni i setki innych zwierz\u0105t, w tym psy, koty i liczne zwierz\u0119ta gospodarskie. Drugie tyle zwierz\u0105t mieszka w kontrolowanych domach adopcyjnych. Kto pomaga? Wi\u0119kszo\u015b\u0107 darowizn pochodzi od os\u00f3b prywatnych, nieliczne od firm i instytucji, ale Centaurus nie jest dotowany przez pa\u0144stwo ani nie ma dotacji unijnych.<\/p>\n<h4>Jak si\u0119 udaje utrzyma\u0107 tyle zwierz\u0105t?<\/h4>\n<p> <em>&#8220;Dzia\u0142amy ju\u017c przesz\u0142o 12 lat, mamy dzia\u0142aczy nie tylko w Polsce, ale tak\u017ce za granic\u0105. Przez te lata wspar\u0142o nas ponad 400 000 os\u00f3b z ca\u0142ego \u015bwiata, to tak naprawd\u0119 dzi\u0119ki nim udaje si\u0119 to wszystko posk\u0142ada\u0107. Ludzie kochaj\u0105cy zwierz\u0119ta s\u0105 nasz\u0105 si\u0142\u0105, my jako fundacja stanowimy tylko narz\u0119dzie. Mamy te\u017c wspania\u0142ych ambasador\u00f3w, jak aktor Marek Siudym, piosenkarka Maryla Rodowicz, re\u017cyser i scenarzysta Patryk Vega, kt\u00f3rzy wspieraj\u0105 nasze dzia\u0142ania swoim wizerunkiem. Bez wsparcia nie byliby\u015bmy tym, czym jeste\u015bmy dzisiaj, a pod naszymi skrzyd\u0142ami nie schroni\u0142yby si\u0119 tysi\u0105ce zwierz\u0105t&#8221; &#8211; wyja\u015bnia Weronika Nieborak. &#8220;Nestor potrzebuje dzi\u015b Waszej pomocy, bez Was nie damy rady mu pom\u00f3c, dlatego apelujemy o darowizny na jego dalsz\u0105 diagnostyk\u0119 i leczenie, bo to kwoty id\u0105ce w tysi\u0105ce z\u0142otych, stan psa jest bardzo powa\u017cny&#8221;<\/em> &#8211; dodaje Ziemlicki. Pod linkiem <a href=\"https:\/\/www.psiaplaneta.pl\/psy\/nestor\/#page-content\">https:\/\/www.psiaplaneta.pl\/psy\/nestor\/#page-content<\/a> mo\u017cna zobaczy\u0107 film z Nestorem &#8211; film dla ludzi o mocnych nerwach.<\/p>\n<p>Nasi Czytelnicy mog\u0105 wesprze\u0107 Nestora, dokonuj\u0105c darowizny na konto Fundacji Centaurus <strong>PKO BP 15 1020 5226 0000 6002 0220 0350<\/strong>, koniecznie z dopiskiem &#8220;dla Nestora&#8221;. Wi\u0119cej informacji mo\u017cna uzyska\u0107 pod numerem 518 569 487 (Kasia) lub 518 569 488 (Ania).<\/p>\n<p>Mo\u017cna te\u017c wys\u0142a\u0107 SMS o tre\u015bci NESTOR na numer 74567 za 4.92 z\u0142 z VAT &#8211; dzia\u0142acze Centaurusa podkre\u015blaj\u0105, \u017ce ka\u017cda pomoc jest na wag\u0119 z\u0142ota i za ka\u017cd\u0105 dzi\u0119kuj\u0105 w imieniu dzielnego Nestora, kt\u00f3ry walczy teraz \u017cycie we wroc\u0142awskiej klinice.<\/p>\n<p>Wi\u0119cej o Fundacji Centaurus na <a href=\"http:\/\/www.centaurus.org.pl\/\">www.centaurus.org.pl<\/a><\/p>\n<p><em>(materia\u0142 partnera)<\/em><\/p>\n<div class=\"gliwi-a5-na-koncu-artykulow gliwi-entity-placement\" id=\"gliwi-2326739781\"><div class=\"gliwi-adlabel\"><span style=\"font-size: 9px\">REKLAMA<\/span><\/div><div id=\"gliwi-3179321508\" style=\"margin-left: auto;margin-right: auto;text-align: center;\"><a data-no-instant=\"1\" href=\"https:\/\/prezeroarenagliwice.pl\/\" rel=\"noopener\" class=\"a2t-link\" target=\"_blank\" aria-label=\"20260309-PREZERO-WIOSNA-D\"><img loading=\"lazy\" decoding=\"async\" src=\"https:\/\/www.24gliwice.pl\/wiadomosci\/wp-content\/uploads\/2026\/03\/20260309-PREZERO-WIOSNA-D.webp\" alt=\"\"  srcset=\"https:\/\/www.24gliwice.pl\/wiadomosci\/wp-content\/uploads\/2026\/03\/20260309-PREZERO-WIOSNA-D.webp 750w, https:\/\/www.24gliwice.pl\/wiadomosci\/wp-content\/uploads\/2026\/03\/20260309-PREZERO-WIOSNA-D-410x109.webp 410w\" sizes=\"(max-width: 750px) 100vw, 750px\" class=\"no-lazyload\" width=\"750\" height=\"200\"  style=\"display: inline-block; max-width: 100%; height: auto;\" \/><\/a><\/div><\/div>","protected":false},"excerpt":{"rendered":"<p>Nawet najlepszy rodow\u00f3d niewiele dzi\u015b znaczy &#8211; ofiar\u0105 zaniedbania mo\u017ce pa\u015b\u0107 zwyk\u0142y pies rasy &#8220;kundel&#8221;, ale te\u017c pies z bardzo cennym rodowodem. W sieci nie brak historii rasowych ps\u00f3w odebranych interwencyjnie przez organizacje prozwierz\u0119ce. Niejednokrotnie odbierane psy to obraz n\u0119dzy i rozpaczy, a sprawa ko\u0144czy si\u0119 na sali s\u0105dowej. Bywa te\u017c niestety i tak, \u017ce [&hellip;]<\/p>\n","protected":false},"author":4,"featured_media":130453,"comment_status":"closed","ping_status":"closed","sticky":false,"template":"","format":"standard","meta":{"_monsterinsights_skip_tracking":false,"_monsterinsights_sitenote_active":false,"_monsterinsights_sitenote_note":"","_monsterinsights_sitenote_category":0,"footnotes":"","_links_to":"","_links_to_target":""},"categories":[1,1129],"tags":[9136,5777],"class_list":["post-130451","post","type-post","status-publish","format-standard","has-post-thumbnail","hentry","category-wszystko","category-polecamy","tag-fundacja","tag-pomoc"],"yoast_head":"<!-- This site is optimized with the Yoast SEO plugin v27.5 - https:\/\/yoast.com\/product\/yoast-seo-wordpress\/ -->\n<title>Ca\u0142a Polska ratuje maltretowanego Nestora, psa organisty! - 24GLIWICE - Portal Gliwice | codziennie nowe informacje<\/title>\n<meta name=\"robots\" content=\"index, follow, max-snippet:-1, max-image-preview:large, max-video-preview:-1\" \/>\n<link rel=\"canonical\" href=\"https:\/\/www.24gliwice.pl\/wiadomosci\/cala-polska-ratuje-maltretowanego-nestora-psa-organisty\/\" \/>\n<meta property=\"og:locale\" content=\"pl_PL\" \/>\n<meta property=\"og:type\" content=\"article\" \/>\n<meta property=\"og:title\" content=\"Ca\u0142a Polska ratuje maltretowanego Nestora, psa organisty! - 24GLIWICE - Portal Gliwice | codziennie nowe informacje\" \/>\n<meta property=\"og:description\" content=\"Nawet najlepszy rodow\u00f3d niewiele dzi\u015b znaczy &#8211; ofiar\u0105 zaniedbania mo\u017ce pa\u015b\u0107 zwyk\u0142y pies rasy &#8220;kundel&#8221;, ale te\u017c pies z bardzo cennym rodowodem. W sieci nie brak historii rasowych ps\u00f3w odebranych interwencyjnie przez organizacje prozwierz\u0119ce. Niejednokrotnie odbierane psy to obraz n\u0119dzy i rozpaczy, a sprawa ko\u0144czy si\u0119 na sali s\u0105dowej. Bywa te\u017c niestety i tak, \u017ce [&hellip;]\" \/>\n<meta property=\"og:url\" content=\"https:\/\/www.24gliwice.pl\/wiadomosci\/cala-polska-ratuje-maltretowanego-nestora-psa-organisty\/\" \/>\n<meta property=\"og:site_name\" content=\"24GLIWICE - Portal Gliwice | codziennie nowe informacje\" \/>\n<meta property=\"article:publisher\" content=\"https:\/\/www.facebook.com\/24gliwice\" \/>\n<meta property=\"article:author\" content=\"https:\/\/www.facebook.com\/marcin.fabrykowski\" \/>\n<meta property=\"article:published_time\" content=\"2019-02-14T21:57:40+00:00\" \/>\n<meta property=\"og:image\" content=\"https:\/\/www.24gliwice.pl\/wiadomosci\/wp-content\/uploads\/2019\/02\/1-nestor-foto.jpg\" \/>\n\t<meta property=\"og:image:width\" content=\"800\" \/>\n\t<meta property=\"og:image:height\" content=\"600\" \/>\n\t<meta property=\"og:image:type\" content=\"image\/jpeg\" \/>\n<meta name=\"author\" content=\"Marcin Fabrykowski\" \/>\n<meta name=\"twitter:card\" content=\"summary_large_image\" \/>\n<meta name=\"twitter:creator\" content=\"@24gliwice\" \/>\n<meta name=\"twitter:site\" content=\"@24gliwice\" \/>\n<meta name=\"twitter:label1\" content=\"Napisane przez\" \/>\n\t<meta name=\"twitter:data1\" content=\"Marcin Fabrykowski\" \/>\n\t<meta name=\"twitter:label2\" content=\"Szacowany czas czytania\" \/>\n\t<meta name=\"twitter:data2\" content=\"5 minut\" \/>\n<script type=\"application\/ld+json\" class=\"yoast-schema-graph\">{\"@context\":\"https:\\\/\\\/schema.org\",\"@graph\":[{\"@type\":\"Article\",\"@id\":\"https:\\\/\\\/www.24gliwice.pl\\\/wiadomosci\\\/cala-polska-ratuje-maltretowanego-nestora-psa-organisty\\\/#article\",\"isPartOf\":{\"@id\":\"https:\\\/\\\/www.24gliwice.pl\\\/wiadomosci\\\/cala-polska-ratuje-maltretowanego-nestora-psa-organisty\\\/\"},\"author\":{\"name\":\"Marcin Fabrykowski\",\"@id\":\"https:\\\/\\\/www.24gliwice.pl\\\/wiadomosci\\\/#\\\/schema\\\/person\\\/cb5857e4a4d048c15984c1edcc8ef0c0\"},\"headline\":\"Ca\u0142a Polska ratuje maltretowanego Nestora, psa organisty!\",\"datePublished\":\"2019-02-14T21:57:40+00:00\",\"mainEntityOfPage\":{\"@id\":\"https:\\\/\\\/www.24gliwice.pl\\\/wiadomosci\\\/cala-polska-ratuje-maltretowanego-nestora-psa-organisty\\\/\"},\"wordCount\":987,\"publisher\":{\"@id\":\"https:\\\/\\\/www.24gliwice.pl\\\/wiadomosci\\\/#organization\"},\"image\":{\"@id\":\"https:\\\/\\\/www.24gliwice.pl\\\/wiadomosci\\\/cala-polska-ratuje-maltretowanego-nestora-psa-organisty\\\/#primaryimage\"},\"thumbnailUrl\":\"https:\\\/\\\/www.24gliwice.pl\\\/wiadomosci\\\/wp-content\\\/uploads\\\/2019\\\/02\\\/1-nestor-foto.jpg\",\"keywords\":[\"fundacja\",\"pomoc\"],\"articleSection\":[\"Najnowsze wiadomo\u015bci\",\"Polecamy\"],\"inLanguage\":\"pl-PL\"},{\"@type\":\"WebPage\",\"@id\":\"https:\\\/\\\/www.24gliwice.pl\\\/wiadomosci\\\/cala-polska-ratuje-maltretowanego-nestora-psa-organisty\\\/\",\"url\":\"https:\\\/\\\/www.24gliwice.pl\\\/wiadomosci\\\/cala-polska-ratuje-maltretowanego-nestora-psa-organisty\\\/\",\"name\":\"Ca\u0142a Polska ratuje maltretowanego Nestora, psa organisty! - 24GLIWICE - Portal Gliwice | codziennie nowe informacje\",\"isPartOf\":{\"@id\":\"https:\\\/\\\/www.24gliwice.pl\\\/wiadomosci\\\/#website\"},\"primaryImageOfPage\":{\"@id\":\"https:\\\/\\\/www.24gliwice.pl\\\/wiadomosci\\\/cala-polska-ratuje-maltretowanego-nestora-psa-organisty\\\/#primaryimage\"},\"image\":{\"@id\":\"https:\\\/\\\/www.24gliwice.pl\\\/wiadomosci\\\/cala-polska-ratuje-maltretowanego-nestora-psa-organisty\\\/#primaryimage\"},\"thumbnailUrl\":\"https:\\\/\\\/www.24gliwice.pl\\\/wiadomosci\\\/wp-content\\\/uploads\\\/2019\\\/02\\\/1-nestor-foto.jpg\",\"datePublished\":\"2019-02-14T21:57:40+00:00\",\"breadcrumb\":{\"@id\":\"https:\\\/\\\/www.24gliwice.pl\\\/wiadomosci\\\/cala-polska-ratuje-maltretowanego-nestora-psa-organisty\\\/#breadcrumb\"},\"inLanguage\":\"pl-PL\",\"potentialAction\":[{\"@type\":\"ReadAction\",\"target\":[\"https:\\\/\\\/www.24gliwice.pl\\\/wiadomosci\\\/cala-polska-ratuje-maltretowanego-nestora-psa-organisty\\\/\"]}]},{\"@type\":\"ImageObject\",\"inLanguage\":\"pl-PL\",\"@id\":\"https:\\\/\\\/www.24gliwice.pl\\\/wiadomosci\\\/cala-polska-ratuje-maltretowanego-nestora-psa-organisty\\\/#primaryimage\",\"url\":\"https:\\\/\\\/www.24gliwice.pl\\\/wiadomosci\\\/wp-content\\\/uploads\\\/2019\\\/02\\\/1-nestor-foto.jpg\",\"contentUrl\":\"https:\\\/\\\/www.24gliwice.pl\\\/wiadomosci\\\/wp-content\\\/uploads\\\/2019\\\/02\\\/1-nestor-foto.jpg\",\"width\":800,\"height\":600},{\"@type\":\"BreadcrumbList\",\"@id\":\"https:\\\/\\\/www.24gliwice.pl\\\/wiadomosci\\\/cala-polska-ratuje-maltretowanego-nestora-psa-organisty\\\/#breadcrumb\",\"itemListElement\":[{\"@type\":\"ListItem\",\"position\":1,\"name\":\"Strona g\u0142\u00f3wna\",\"item\":\"https:\\\/\\\/www.24gliwice.pl\\\/wiadomosci\\\/\"},{\"@type\":\"ListItem\",\"position\":2,\"name\":\"Ca\u0142a Polska ratuje maltretowanego Nestora, psa organisty!\"}]},{\"@type\":\"WebSite\",\"@id\":\"https:\\\/\\\/www.24gliwice.pl\\\/wiadomosci\\\/#website\",\"url\":\"https:\\\/\\\/www.24gliwice.pl\\\/wiadomosci\\\/\",\"name\":\"24GLIWICE - Portal Gliwice | codziennie nowe wiadomo\u015bci\",\"description\":\"Portal Miejski Gliwice\",\"publisher\":{\"@id\":\"https:\\\/\\\/www.24gliwice.pl\\\/wiadomosci\\\/#organization\"},\"potentialAction\":[{\"@type\":\"SearchAction\",\"target\":{\"@type\":\"EntryPoint\",\"urlTemplate\":\"https:\\\/\\\/www.24gliwice.pl\\\/wiadomosci\\\/?s={search_term_string}\"},\"query-input\":{\"@type\":\"PropertyValueSpecification\",\"valueRequired\":true,\"valueName\":\"search_term_string\"}}],\"inLanguage\":\"pl-PL\"},{\"@type\":\"Organization\",\"@id\":\"https:\\\/\\\/www.24gliwice.pl\\\/wiadomosci\\\/#organization\",\"name\":\"24gliwice\",\"url\":\"https:\\\/\\\/www.24gliwice.pl\\\/wiadomosci\\\/\",\"logo\":{\"@type\":\"ImageObject\",\"inLanguage\":\"pl-PL\",\"@id\":\"https:\\\/\\\/www.24gliwice.pl\\\/wiadomosci\\\/#\\\/schema\\\/logo\\\/image\\\/\",\"url\":\"https:\\\/\\\/www.24gliwice.pl\\\/wiadomosci\\\/wp-content\\\/uploads\\\/2024\\\/10\\\/24gliwice-logo-696.jpg\",\"contentUrl\":\"https:\\\/\\\/www.24gliwice.pl\\\/wiadomosci\\\/wp-content\\\/uploads\\\/2024\\\/10\\\/24gliwice-logo-696.jpg\",\"width\":696,\"height\":696,\"caption\":\"24gliwice\"},\"image\":{\"@id\":\"https:\\\/\\\/www.24gliwice.pl\\\/wiadomosci\\\/#\\\/schema\\\/logo\\\/image\\\/\"},\"sameAs\":[\"https:\\\/\\\/www.facebook.com\\\/24gliwice\",\"https:\\\/\\\/x.com\\\/24gliwice\",\"https:\\\/\\\/www.youtube.com\\\/@24gliwice\"]},{\"@type\":\"Person\",\"@id\":\"https:\\\/\\\/www.24gliwice.pl\\\/wiadomosci\\\/#\\\/schema\\\/person\\\/cb5857e4a4d048c15984c1edcc8ef0c0\",\"name\":\"Marcin Fabrykowski\",\"image\":{\"@type\":\"ImageObject\",\"inLanguage\":\"pl-PL\",\"@id\":\"https:\\\/\\\/www.24gliwice.pl\\\/wiadomosci\\\/wp-content\\\/uploads\\\/2025\\\/11\\\/zdjecie-moje-marcin-300-96x96.jpg\",\"url\":\"https:\\\/\\\/www.24gliwice.pl\\\/wiadomosci\\\/wp-content\\\/uploads\\\/2025\\\/11\\\/zdjecie-moje-marcin-300-96x96.jpg\",\"contentUrl\":\"https:\\\/\\\/www.24gliwice.pl\\\/wiadomosci\\\/wp-content\\\/uploads\\\/2025\\\/11\\\/zdjecie-moje-marcin-300-96x96.jpg\",\"caption\":\"Marcin Fabrykowski\"},\"sameAs\":[\"http:\\\/\\\/24gliwice.pl\",\"https:\\\/\\\/www.facebook.com\\\/marcin.fabrykowski\"],\"url\":\"https:\\\/\\\/www.24gliwice.pl\\\/wiadomosci\\\/author\\\/marcin-fabrykowski\\\/\"}]}<\/script>\n<!-- \/ Yoast SEO plugin. -->","yoast_head_json":{"title":"Ca\u0142a Polska ratuje maltretowanego Nestora, psa organisty! - 24GLIWICE - Portal Gliwice | codziennie nowe informacje","robots":{"index":"index","follow":"follow","max-snippet":"max-snippet:-1","max-image-preview":"max-image-preview:large","max-video-preview":"max-video-preview:-1"},"canonical":"https:\/\/www.24gliwice.pl\/wiadomosci\/cala-polska-ratuje-maltretowanego-nestora-psa-organisty\/","og_locale":"pl_PL","og_type":"article","og_title":"Ca\u0142a Polska ratuje maltretowanego Nestora, psa organisty! - 24GLIWICE - Portal Gliwice | codziennie nowe informacje","og_description":"Nawet najlepszy rodow\u00f3d niewiele dzi\u015b znaczy &#8211; ofiar\u0105 zaniedbania mo\u017ce pa\u015b\u0107 zwyk\u0142y pies rasy &#8220;kundel&#8221;, ale te\u017c pies z bardzo cennym rodowodem. W sieci nie brak historii rasowych ps\u00f3w odebranych interwencyjnie przez organizacje prozwierz\u0119ce. Niejednokrotnie odbierane psy to obraz n\u0119dzy i rozpaczy, a sprawa ko\u0144czy si\u0119 na sali s\u0105dowej. Bywa te\u017c niestety i tak, \u017ce [&hellip;]","og_url":"https:\/\/www.24gliwice.pl\/wiadomosci\/cala-polska-ratuje-maltretowanego-nestora-psa-organisty\/","og_site_name":"24GLIWICE - Portal Gliwice | codziennie nowe informacje","article_publisher":"https:\/\/www.facebook.com\/24gliwice","article_author":"https:\/\/www.facebook.com\/marcin.fabrykowski","article_published_time":"2019-02-14T21:57:40+00:00","og_image":[{"width":800,"height":600,"url":"https:\/\/www.24gliwice.pl\/wiadomosci\/wp-content\/uploads\/2019\/02\/1-nestor-foto.jpg","type":"image\/jpeg"}],"author":"Marcin Fabrykowski","twitter_card":"summary_large_image","twitter_creator":"@24gliwice","twitter_site":"@24gliwice","twitter_misc":{"Napisane przez":"Marcin Fabrykowski","Szacowany czas czytania":"5 minut"},"schema":{"@context":"https:\/\/schema.org","@graph":[{"@type":"Article","@id":"https:\/\/www.24gliwice.pl\/wiadomosci\/cala-polska-ratuje-maltretowanego-nestora-psa-organisty\/#article","isPartOf":{"@id":"https:\/\/www.24gliwice.pl\/wiadomosci\/cala-polska-ratuje-maltretowanego-nestora-psa-organisty\/"},"author":{"name":"Marcin Fabrykowski","@id":"https:\/\/www.24gliwice.pl\/wiadomosci\/#\/schema\/person\/cb5857e4a4d048c15984c1edcc8ef0c0"},"headline":"Ca\u0142a Polska ratuje maltretowanego Nestora, psa organisty!","datePublished":"2019-02-14T21:57:40+00:00","mainEntityOfPage":{"@id":"https:\/\/www.24gliwice.pl\/wiadomosci\/cala-polska-ratuje-maltretowanego-nestora-psa-organisty\/"},"wordCount":987,"publisher":{"@id":"https:\/\/www.24gliwice.pl\/wiadomosci\/#organization"},"image":{"@id":"https:\/\/www.24gliwice.pl\/wiadomosci\/cala-polska-ratuje-maltretowanego-nestora-psa-organisty\/#primaryimage"},"thumbnailUrl":"https:\/\/www.24gliwice.pl\/wiadomosci\/wp-content\/uploads\/2019\/02\/1-nestor-foto.jpg","keywords":["fundacja","pomoc"],"articleSection":["Najnowsze wiadomo\u015bci","Polecamy"],"inLanguage":"pl-PL"},{"@type":"WebPage","@id":"https:\/\/www.24gliwice.pl\/wiadomosci\/cala-polska-ratuje-maltretowanego-nestora-psa-organisty\/","url":"https:\/\/www.24gliwice.pl\/wiadomosci\/cala-polska-ratuje-maltretowanego-nestora-psa-organisty\/","name":"Ca\u0142a Polska ratuje maltretowanego Nestora, psa organisty! - 24GLIWICE - Portal Gliwice | codziennie nowe informacje","isPartOf":{"@id":"https:\/\/www.24gliwice.pl\/wiadomosci\/#website"},"primaryImageOfPage":{"@id":"https:\/\/www.24gliwice.pl\/wiadomosci\/cala-polska-ratuje-maltretowanego-nestora-psa-organisty\/#primaryimage"},"image":{"@id":"https:\/\/www.24gliwice.pl\/wiadomosci\/cala-polska-ratuje-maltretowanego-nestora-psa-organisty\/#primaryimage"},"thumbnailUrl":"https:\/\/www.24gliwice.pl\/wiadomosci\/wp-content\/uploads\/2019\/02\/1-nestor-foto.jpg","datePublished":"2019-02-14T21:57:40+00:00","breadcrumb":{"@id":"https:\/\/www.24gliwice.pl\/wiadomosci\/cala-polska-ratuje-maltretowanego-nestora-psa-organisty\/#breadcrumb"},"inLanguage":"pl-PL","potentialAction":[{"@type":"ReadAction","target":["https:\/\/www.24gliwice.pl\/wiadomosci\/cala-polska-ratuje-maltretowanego-nestora-psa-organisty\/"]}]},{"@type":"ImageObject","inLanguage":"pl-PL","@id":"https:\/\/www.24gliwice.pl\/wiadomosci\/cala-polska-ratuje-maltretowanego-nestora-psa-organisty\/#primaryimage","url":"https:\/\/www.24gliwice.pl\/wiadomosci\/wp-content\/uploads\/2019\/02\/1-nestor-foto.jpg","contentUrl":"https:\/\/www.24gliwice.pl\/wiadomosci\/wp-content\/uploads\/2019\/02\/1-nestor-foto.jpg","width":800,"height":600},{"@type":"BreadcrumbList","@id":"https:\/\/www.24gliwice.pl\/wiadomosci\/cala-polska-ratuje-maltretowanego-nestora-psa-organisty\/#breadcrumb","itemListElement":[{"@type":"ListItem","position":1,"name":"Strona g\u0142\u00f3wna","item":"https:\/\/www.24gliwice.pl\/wiadomosci\/"},{"@type":"ListItem","position":2,"name":"Ca\u0142a Polska ratuje maltretowanego Nestora, psa organisty!"}]},{"@type":"WebSite","@id":"https:\/\/www.24gliwice.pl\/wiadomosci\/#website","url":"https:\/\/www.24gliwice.pl\/wiadomosci\/","name":"24GLIWICE - Portal Gliwice | codziennie nowe wiadomo\u015bci","description":"Portal Miejski Gliwice","publisher":{"@id":"https:\/\/www.24gliwice.pl\/wiadomosci\/#organization"},"potentialAction":[{"@type":"SearchAction","target":{"@type":"EntryPoint","urlTemplate":"https:\/\/www.24gliwice.pl\/wiadomosci\/?s={search_term_string}"},"query-input":{"@type":"PropertyValueSpecification","valueRequired":true,"valueName":"search_term_string"}}],"inLanguage":"pl-PL"},{"@type":"Organization","@id":"https:\/\/www.24gliwice.pl\/wiadomosci\/#organization","name":"24gliwice","url":"https:\/\/www.24gliwice.pl\/wiadomosci\/","logo":{"@type":"ImageObject","inLanguage":"pl-PL","@id":"https:\/\/www.24gliwice.pl\/wiadomosci\/#\/schema\/logo\/image\/","url":"https:\/\/www.24gliwice.pl\/wiadomosci\/wp-content\/uploads\/2024\/10\/24gliwice-logo-696.jpg","contentUrl":"https:\/\/www.24gliwice.pl\/wiadomosci\/wp-content\/uploads\/2024\/10\/24gliwice-logo-696.jpg","width":696,"height":696,"caption":"24gliwice"},"image":{"@id":"https:\/\/www.24gliwice.pl\/wiadomosci\/#\/schema\/logo\/image\/"},"sameAs":["https:\/\/www.facebook.com\/24gliwice","https:\/\/x.com\/24gliwice","https:\/\/www.youtube.com\/@24gliwice"]},{"@type":"Person","@id":"https:\/\/www.24gliwice.pl\/wiadomosci\/#\/schema\/person\/cb5857e4a4d048c15984c1edcc8ef0c0","name":"Marcin Fabrykowski","image":{"@type":"ImageObject","inLanguage":"pl-PL","@id":"https:\/\/www.24gliwice.pl\/wiadomosci\/wp-content\/uploads\/2025\/11\/zdjecie-moje-marcin-300-96x96.jpg","url":"https:\/\/www.24gliwice.pl\/wiadomosci\/wp-content\/uploads\/2025\/11\/zdjecie-moje-marcin-300-96x96.jpg","contentUrl":"https:\/\/www.24gliwice.pl\/wiadomosci\/wp-content\/uploads\/2025\/11\/zdjecie-moje-marcin-300-96x96.jpg","caption":"Marcin Fabrykowski"},"sameAs":["http:\/\/24gliwice.pl","https:\/\/www.facebook.com\/marcin.fabrykowski"],"url":"https:\/\/www.24gliwice.pl\/wiadomosci\/author\/marcin-fabrykowski\/"}]}},"_links":{"self":[{"href":"https:\/\/www.24gliwice.pl\/wiadomosci\/wp-json\/wp\/v2\/posts\/130451","targetHints":{"allow":["GET"]}}],"collection":[{"href":"https:\/\/www.24gliwice.pl\/wiadomosci\/wp-json\/wp\/v2\/posts"}],"about":[{"href":"https:\/\/www.24gliwice.pl\/wiadomosci\/wp-json\/wp\/v2\/types\/post"}],"author":[{"embeddable":true,"href":"https:\/\/www.24gliwice.pl\/wiadomosci\/wp-json\/wp\/v2\/users\/4"}],"replies":[{"embeddable":true,"href":"https:\/\/www.24gliwice.pl\/wiadomosci\/wp-json\/wp\/v2\/comments?post=130451"}],"version-history":[{"count":0,"href":"https:\/\/www.24gliwice.pl\/wiadomosci\/wp-json\/wp\/v2\/posts\/130451\/revisions"}],"wp:featuredmedia":[{"embeddable":true,"href":"https:\/\/www.24gliwice.pl\/wiadomosci\/wp-json\/wp\/v2\/media\/130453"}],"wp:attachment":[{"href":"https:\/\/www.24gliwice.pl\/wiadomosci\/wp-json\/wp\/v2\/media?parent=130451"}],"wp:term":[{"taxonomy":"category","embeddable":true,"href":"https:\/\/www.24gliwice.pl\/wiadomosci\/wp-json\/wp\/v2\/categories?post=130451"},{"taxonomy":"post_tag","embeddable":true,"href":"https:\/\/www.24gliwice.pl\/wiadomosci\/wp-json\/wp\/v2\/tags?post=130451"}],"curies":[{"name":"wp","href":"https:\/\/api.w.org\/{rel}","templated":true}]}}