{"id":130465,"date":"2019-02-21T00:54:03","date_gmt":"2019-02-20T23:54:03","guid":{"rendered":"https:\/\/www.24gliwice.pl\/wiadomosci\/?p=130465"},"modified":"2019-02-21T00:54:03","modified_gmt":"2019-02-20T23:54:03","slug":"wyrownaja-halde-przy-ul-pszczynskiej-czy-dawny-nasyp-kwk-gliwice-trafi-w-rece-miasta","status":"publish","type":"post","link":"https:\/\/www.24gliwice.pl\/wiadomosci\/wyrownaja-halde-przy-ul-pszczynskiej-czy-dawny-nasyp-kwk-gliwice-trafi-w-rece-miasta\/","title":{"rendered":"Wyr\u00f3wnaj\u0105 ha\u0142d\u0119 przy ul. Pszczy\u0144skiej. Czy dawny nasyp KWK Gliwice trafi w r\u0119ce Miasta?"},"content":{"rendered":"<div class=\"gliwi-a6-nad-leadem-artykulow gliwi-entity-placement\" id=\"gliwi-603887655\"><div class=\"gliwi-adlabel\"><span style=\"font-size: 9px\">REKLAMA<\/span><\/div><div id=\"gliwi-4269618171\" style=\"margin-bottom: 25px;margin-left: auto;margin-right: auto;text-align: center;\"><a data-no-instant=\"1\" href=\"https:\/\/dom100.eu\/\" rel=\"noopener\" class=\"a2t-link\" target=\"_blank\" aria-label=\"20260415 DOM100 D\"><img loading=\"lazy\" decoding=\"async\" src=\"https:\/\/www.24gliwice.pl\/wiadomosci\/wp-content\/uploads\/2026\/04\/20260415-DOM100-D.jpg\" alt=\"\"  srcset=\"https:\/\/www.24gliwice.pl\/wiadomosci\/wp-content\/uploads\/2026\/04\/20260415-DOM100-D.jpg 750w, https:\/\/www.24gliwice.pl\/wiadomosci\/wp-content\/uploads\/2026\/04\/20260415-DOM100-D-410x109.jpg 410w\" sizes=\"(max-width: 750px) 100vw, 750px\" class=\"no-lazyload\" width=\"750\" height=\"200\"  style=\"display: inline-block; max-width: 100%; height: auto;\" \/><\/a><\/div><\/div><h3>Trwaj\u0105 prace rozbi\u00f3rkowe na terenie dawnej ha\u0142dy KWK Gliwice przy ul. Pszczy\u0144skiej. Teren jest porz\u0105dkowany przez Sp\u00f3\u0142k\u0119 Restrukturyzacji Kopal\u0144 i ca\u0142kiem mo\u017cliwe, \u017ce ostatecznie trafi w r\u0119ce Miasta.<\/h3>\n<p>Do przej\u0119cia jest ponad 10 hektar\u00f3w atrakcyjnej przestrzeni w s\u0105siedztwie biznesowej strefy Nowych Gliwic.<\/p>\n[perfectpullquote align=&#8221;full&#8221; bordertop=&#8221;false&#8221; cite=&#8221;&#8221; link=&#8221;&#8221; color=&#8221;&#8221; class=&#8221;&#8221; size=&#8221;&#8221;]Wbrew pierwszym planom, pokopalniany nasyp nie b\u0119dzie wyr\u00f3wnywany do poziomu ulicy Pszczy\u0144skiej. [\/perfectpullquote]\n<p>Teren zostanie osadzony na niwelecie Nowych Gliwic. To nie jedyna zmiana w harmonogramie rozbi\u00f3rki. Ha\u0142da mia\u0142a znikn\u0105\u0107 do ko\u0144ca 2017 roku. Jednak w czerwcu 2017 roku teren zosta\u0142 przekazany przez Polsk\u0105 Grup\u0119 G\u00f3rnicz\u0105, Sp\u00f3\u0142ce Restrukturyzacji Kopal\u0144 S.A., co znacznie wyd\u0142u\u017cy\u0142o ca\u0142y proces. W tej chwili trwa sprzeda\u017c odpad\u00f3w wydobywczych zgromadzonych w obr\u0119bie sk\u0142adowiska.<\/p><div class=\"gliwi-a3-w-tresci-artykulow gliwi-entity-placement\" id=\"gliwi-3788681747\"><div class=\"gliwi-adlabel\"><span style=\"font-size: 9px\">REKLAMA<\/span><\/div><div id=\"gliwi-3264641935\" style=\"margin-bottom: 30px;margin-left: auto;margin-right: auto;text-align: center;\"><a data-no-instant=\"1\" href=\"https:\/\/zlobek.halogen.org.pl\/\" rel=\"noopener\" class=\"a2t-link\" target=\"_blank\" aria-label=\"animator-zlobek_750x200\"><img loading=\"lazy\" decoding=\"async\" src=\"https:\/\/www.24gliwice.pl\/wiadomosci\/wp-content\/uploads\/2026\/02\/animator-zlobek_750x200.webp\" alt=\"\"  srcset=\"https:\/\/www.24gliwice.pl\/wiadomosci\/wp-content\/uploads\/2026\/02\/animator-zlobek_750x200.webp 750w, https:\/\/www.24gliwice.pl\/wiadomosci\/wp-content\/uploads\/2026\/02\/animator-zlobek_750x200-410x109.webp 410w\" sizes=\"(max-width: 750px) 100vw, 750px\" class=\"no-lazyload\" width=\"750\" height=\"200\"  style=\"display: inline-block; max-width: 100%; height: auto;\" \/><\/a><\/div><\/div>\n<p>&#8211; Pobieranie wraz z przenoszeniem prawa w\u0142asno\u015bci do pozyskanego materia\u0142u jest realizowane zgodnie z harmonogramem. Zosta\u0142 on rozpisany do kwietnia 2021r., z mo\u017cliwo\u015bci\u0105 przed\u0142u\u017cenia okresu obowi\u0105zywania umowy o kolejne 6 miesi\u0119cy &#8211; informuje <strong>Wojciech Jaros<\/strong> z biura prasowego SRK S.A. &#8211; Trudno jest bowiem precyzyjnie okre\u015bli\u0107 z g\u00f3ry dat\u0119 rzeczywistego zako\u0144czenia prowadzonych tam prac &#8211; dodaje.<\/p>\n<p><img loading=\"lazy\" decoding=\"async\" class=\"aligncenter wp-image-130472 size-full\" src=\"https:\/\/www.24gliwice.pl\/wiadomosci\/wp-content\/uploads\/2019\/02\/ha\u0142da3.jpg\" alt=\"ha\u0142da pszczy\u0144ska\" width=\"1200\" height=\"676\" srcset=\"https:\/\/www.24gliwice.pl\/wiadomosci\/wp-content\/uploads\/2019\/02\/ha\u0142da3.jpg 1200w, https:\/\/www.24gliwice.pl\/wiadomosci\/wp-content\/uploads\/2019\/02\/ha\u0142da3-410x232.jpg 410w, https:\/\/www.24gliwice.pl\/wiadomosci\/wp-content\/uploads\/2019\/02\/ha\u0142da3-768x433.jpg 768w, https:\/\/www.24gliwice.pl\/wiadomosci\/wp-content\/uploads\/2019\/02\/ha\u0142da3-808x455.jpg 808w, https:\/\/www.24gliwice.pl\/wiadomosci\/wp-content\/uploads\/2019\/02\/ha\u0142da3-810x456.jpg 810w, https:\/\/www.24gliwice.pl\/wiadomosci\/wp-content\/uploads\/2019\/02\/ha\u0142da3-1140x642.jpg 1140w\" sizes=\"auto, (max-width: 1200px) 100vw, 1200px\" \/><\/p>\n<p>Wykonawca, gliwicka firma <strong>Trakt sp. z o.o.<\/strong> ma tak\u017ce wykona\u0107 wododzia\u0142 na granicy terenu sk\u0142adowiska i terenu Nowych Gliwic dla odprowadzania w\u00f3d opadowych w kierunku pasa drogowego ulicy Pszczy\u0144skiej i ukszta\u0142towa\u0107 przylegaj\u0105c\u0105 do ulicy skarp\u0119.<\/p>\n<blockquote><p>&#8211; Ostateczne decyzje dotycz\u0105ce terenu ha\u0142dy zostan\u0105 podj\u0119te po wywiezieniu zgromadzonego materia\u0142u i wykonaniu niwelacji terenu sk\u0142adowiska<\/p><\/blockquote>\n<p>&#8211; m\u00f3wi Wojciech Jaros.<\/p>\n<p>Jak si\u0119 jednak dowiedzieli\u015bmy, SRK dwa miesi\u0105ce temu kontaktowa\u0142a si\u0119 z G\u00f3rno\u015bl\u0105sk\u0105 Agencj\u0105 Przedsi\u0119biorczo\u015bci i Rozwoju (GAPR), czyli sp\u00f3\u0142k\u0105 miejsk\u0105, kt\u00f3ra zarz\u0105dza terenem Nowych Gliwic. Odby\u0142y si\u0119 pierwsze rozmowy na temat mo\u017cliwo\u015bci sprzeda\u017cy dzia\u0142ki. Ostateczne decyzje jeszcze nie zapad\u0142y, ale prezes GAPR, <strong>Bogdan Traczyk<\/strong> nie ukrywa, \u017ce sp\u00f3\u0142ka rozwa\u017ca tak\u0105 mo\u017cliwo\u015b\u0107.<\/p>\n<blockquote><p>&#8211; To powa\u017cna szansa na znaczne poszerzenie terenu Nowych Gliwic. W\u00f3wczas mieliby\u015bmy do dyspozycji ponad 35 ha teren\u00f3w inwestycyjnych<\/p><\/blockquote>\n<p>&#8211; m\u00f3wi nam Traczyk.<\/p>\n<p><img loading=\"lazy\" decoding=\"async\" class=\"aligncenter wp-image-130470 size-full\" src=\"https:\/\/www.24gliwice.pl\/wiadomosci\/wp-content\/uploads\/2019\/02\/ha\u0142da.jpg\" alt=\"\" width=\"1200\" height=\"674\" srcset=\"https:\/\/www.24gliwice.pl\/wiadomosci\/wp-content\/uploads\/2019\/02\/ha\u0142da.jpg 1200w, https:\/\/www.24gliwice.pl\/wiadomosci\/wp-content\/uploads\/2019\/02\/ha\u0142da-410x230.jpg 410w, https:\/\/www.24gliwice.pl\/wiadomosci\/wp-content\/uploads\/2019\/02\/ha\u0142da-768x431.jpg 768w, https:\/\/www.24gliwice.pl\/wiadomosci\/wp-content\/uploads\/2019\/02\/ha\u0142da-810x455.jpg 810w, https:\/\/www.24gliwice.pl\/wiadomosci\/wp-content\/uploads\/2019\/02\/ha\u0142da-1140x640.jpg 1140w\" sizes=\"auto, (max-width: 1200px) 100vw, 1200px\" \/><\/p>\n<p>Dla Miasta by\u0142aby to okazja na do\u0142o\u017cenie kolejnej cegie\u0142ki do konsekwentnie rozwijanego pomys\u0142u zagospodarowanie tego terenu. Na 25 hektarach Nowych Gliwic swoje siedziby maj\u0105 firmy z bran\u017cy nowych technologii, m.in. Future Processing, Flytronic, Kamsoft, Infinite Dreams. Ewentualne przej\u0119cie pozosta\u0142ej cz\u0119\u015bci terenu od SRK, pozwoli na kontynuacj\u0119 rozbudowy tej cz\u0119\u015bci Gliwic.<\/p>\n<p style=\"padding-left: 30px;\"><em>Przypomnijmy, Kopalnia W\u0119gla Kamiennego Gliwice powsta\u0142a w 1901 roku. Pierwszy poziom wydobywczy, na g\u0142\u0119boko\u015bci 185 m, za\u0142o\u017cono w 1911 roku, wtedy te\u017c ruszy\u0142o wydobycie, kt\u00f3re z pocz\u0105tku by\u0142o niewielkie. Jednak ju\u017c w 1930 roku roczna produkcja przekroczy\u0142a 500 tysi\u0119cy ton w\u0119gla, a w czasie II wojny \u015bwiatowej si\u0119gn\u0119\u0142a prawie 900 tysi\u0119cy ton. Zak\u0142ad zosta\u0142 zlikwidowany w 2000 roku. Nied\u0142ugo p\u00f3\u017aniej ruszy\u0142a rewitalizacja pokopalnianego terenu. Przebudowano cechowni\u0119, maszynowni\u0119, a tak\u017ce postawiono nowy budynek po\u0142\u0105czony z cechowni\u0105 szklanym \u0142\u0105cznikiem. Przygotowano pod inwestycje tak\u017ce cz\u0119\u015b\u0107 nale\u017c\u0105cej do miasta ha\u0142dy. \u0141\u0105cznie przedsi\u0119wzi\u0119cie poch\u0142on\u0119\u0142o 24 mln euro (11 mln euro stanowi\u0142o unijne dofinansowanie).<\/em><\/p>\n<p>Micha\u0142 Szewczyk<\/p>\n<div class=\"gliwi-a5-na-koncu-artykulow gliwi-entity-placement\" id=\"gliwi-3269921287\"><div class=\"gliwi-adlabel\"><span style=\"font-size: 9px\">REKLAMA<\/span><\/div><div id=\"gliwi-370850345\" style=\"margin-left: auto;margin-right: auto;text-align: center;\"><a data-no-instant=\"1\" href=\"https:\/\/prezeroarenagliwice.pl\/\" rel=\"noopener\" class=\"a2t-link\" target=\"_blank\" aria-label=\"20260309-PREZERO-WIOSNA-D\"><img loading=\"lazy\" decoding=\"async\" src=\"https:\/\/www.24gliwice.pl\/wiadomosci\/wp-content\/uploads\/2026\/03\/20260309-PREZERO-WIOSNA-D.webp\" alt=\"\"  srcset=\"https:\/\/www.24gliwice.pl\/wiadomosci\/wp-content\/uploads\/2026\/03\/20260309-PREZERO-WIOSNA-D.webp 750w, https:\/\/www.24gliwice.pl\/wiadomosci\/wp-content\/uploads\/2026\/03\/20260309-PREZERO-WIOSNA-D-410x109.webp 410w\" sizes=\"(max-width: 750px) 100vw, 750px\" class=\"no-lazyload\" width=\"750\" height=\"200\"  style=\"display: inline-block; max-width: 100%; height: auto;\" \/><\/a><\/div><\/div>","protected":false},"excerpt":{"rendered":"<p>Trwaj\u0105 prace rozbi\u00f3rkowe na terenie dawnej ha\u0142dy KWK Gliwice przy ul. Pszczy\u0144skiej. Teren jest porz\u0105dkowany przez Sp\u00f3\u0142k\u0119 Restrukturyzacji Kopal\u0144 i ca\u0142kiem mo\u017cliwe, \u017ce ostatecznie trafi w r\u0119ce Miasta. Do przej\u0119cia jest ponad 10 hektar\u00f3w atrakcyjnej przestrzeni w s\u0105siedztwie biznesowej strefy Nowych Gliwic. [perfectpullquote align=&#8221;full&#8221; bordertop=&#8221;false&#8221; cite=&#8221;&#8221; link=&#8221;&#8221; color=&#8221;&#8221; class=&#8221;&#8221; size=&#8221;&#8221;]Wbrew pierwszym planom, pokopalniany nasyp nie [&hellip;]<\/p>\n","protected":false},"author":12,"featured_media":130471,"comment_status":"open","ping_status":"closed","sticky":false,"template":"","format":"standard","meta":{"_monsterinsights_skip_tracking":false,"_monsterinsights_sitenote_active":false,"_monsterinsights_sitenote_note":"","_monsterinsights_sitenote_category":0,"footnotes":"","_links_to":"","_links_to_target":""},"categories":[3,1,9],"tags":[14934,124],"class_list":["post-130465","post","type-post","status-publish","format-standard","has-post-thumbnail","hentry","category-gliwice","category-wszystko","category-aktualnosci_lokalne","tag-halda","tag-nowe-gliwice"],"yoast_head":"<!-- This site is optimized with the Yoast SEO plugin v27.5 - https:\/\/yoast.com\/product\/yoast-seo-wordpress\/ -->\n<title>Wyr\u00f3wnaj\u0105 ha\u0142d\u0119 przy ul. Pszczy\u0144skiej. Czy dawny nasyp KWK Gliwice trafi w r\u0119ce Miasta? - 24GLIWICE - Portal Gliwice | codziennie nowe informacje<\/title>\n<meta name=\"robots\" content=\"index, follow, max-snippet:-1, max-image-preview:large, max-video-preview:-1\" \/>\n<link rel=\"canonical\" href=\"https:\/\/www.24gliwice.pl\/wiadomosci\/wyrownaja-halde-przy-ul-pszczynskiej-czy-dawny-nasyp-kwk-gliwice-trafi-w-rece-miasta\/\" \/>\n<meta property=\"og:locale\" content=\"pl_PL\" \/>\n<meta property=\"og:type\" content=\"article\" \/>\n<meta property=\"og:title\" content=\"Wyr\u00f3wnaj\u0105 ha\u0142d\u0119 przy ul. Pszczy\u0144skiej. Czy dawny nasyp KWK Gliwice trafi w r\u0119ce Miasta? - 24GLIWICE - Portal Gliwice | codziennie nowe informacje\" \/>\n<meta property=\"og:description\" content=\"Trwaj\u0105 prace rozbi\u00f3rkowe na terenie dawnej ha\u0142dy KWK Gliwice przy ul. Pszczy\u0144skiej. Teren jest porz\u0105dkowany przez Sp\u00f3\u0142k\u0119 Restrukturyzacji Kopal\u0144 i ca\u0142kiem mo\u017cliwe, \u017ce ostatecznie trafi w r\u0119ce Miasta. Do przej\u0119cia jest ponad 10 hektar\u00f3w atrakcyjnej przestrzeni w s\u0105siedztwie biznesowej strefy Nowych Gliwic. [perfectpullquote align=&#8221;full&#8221; bordertop=&#8221;false&#8221; cite=&#8221;&#8221; link=&#8221;&#8221; color=&#8221;&#8221; class=&#8221;&#8221; size=&#8221;&#8221;]Wbrew pierwszym planom, pokopalniany nasyp nie [&hellip;]\" \/>\n<meta property=\"og:url\" content=\"https:\/\/www.24gliwice.pl\/wiadomosci\/wyrownaja-halde-przy-ul-pszczynskiej-czy-dawny-nasyp-kwk-gliwice-trafi-w-rece-miasta\/\" \/>\n<meta property=\"og:site_name\" content=\"24GLIWICE - Portal Gliwice | codziennie nowe informacje\" \/>\n<meta property=\"article:publisher\" content=\"https:\/\/www.facebook.com\/24gliwice\" \/>\n<meta property=\"article:published_time\" content=\"2019-02-20T23:54:03+00:00\" \/>\n<meta property=\"og:image\" content=\"https:\/\/www.24gliwice.pl\/wiadomosci\/wp-content\/uploads\/2019\/02\/ha\u0142da2.jpg\" \/>\n\t<meta property=\"og:image:width\" content=\"1200\" \/>\n\t<meta property=\"og:image:height\" content=\"675\" \/>\n\t<meta property=\"og:image:type\" content=\"image\/jpeg\" \/>\n<meta name=\"author\" content=\"Micha\u0142 Szewczyk\" \/>\n<meta name=\"twitter:card\" content=\"summary_large_image\" \/>\n<meta name=\"twitter:creator\" content=\"@24gliwice\" \/>\n<meta name=\"twitter:site\" content=\"@24gliwice\" \/>\n<meta name=\"twitter:label1\" content=\"Napisane przez\" \/>\n\t<meta name=\"twitter:data1\" content=\"Micha\u0142 Szewczyk\" \/>\n\t<meta name=\"twitter:label2\" content=\"Szacowany czas czytania\" \/>\n\t<meta name=\"twitter:data2\" content=\"3 minuty\" \/>\n<script type=\"application\/ld+json\" class=\"yoast-schema-graph\">{\"@context\":\"https:\\\/\\\/schema.org\",\"@graph\":[{\"@type\":\"Article\",\"@id\":\"https:\\\/\\\/www.24gliwice.pl\\\/wiadomosci\\\/wyrownaja-halde-przy-ul-pszczynskiej-czy-dawny-nasyp-kwk-gliwice-trafi-w-rece-miasta\\\/#article\",\"isPartOf\":{\"@id\":\"https:\\\/\\\/www.24gliwice.pl\\\/wiadomosci\\\/wyrownaja-halde-przy-ul-pszczynskiej-czy-dawny-nasyp-kwk-gliwice-trafi-w-rece-miasta\\\/\"},\"author\":{\"name\":\"Micha\u0142 Szewczyk\",\"@id\":\"https:\\\/\\\/www.24gliwice.pl\\\/wiadomosci\\\/#\\\/schema\\\/person\\\/940e8f8a097e322de4f463f061ef8d45\"},\"headline\":\"Wyr\u00f3wnaj\u0105 ha\u0142d\u0119 przy ul. Pszczy\u0144skiej. Czy dawny nasyp KWK Gliwice trafi w r\u0119ce Miasta?\",\"datePublished\":\"2019-02-20T23:54:03+00:00\",\"mainEntityOfPage\":{\"@id\":\"https:\\\/\\\/www.24gliwice.pl\\\/wiadomosci\\\/wyrownaja-halde-przy-ul-pszczynskiej-czy-dawny-nasyp-kwk-gliwice-trafi-w-rece-miasta\\\/\"},\"wordCount\":577,\"commentCount\":0,\"publisher\":{\"@id\":\"https:\\\/\\\/www.24gliwice.pl\\\/wiadomosci\\\/#organization\"},\"image\":{\"@id\":\"https:\\\/\\\/www.24gliwice.pl\\\/wiadomosci\\\/wyrownaja-halde-przy-ul-pszczynskiej-czy-dawny-nasyp-kwk-gliwice-trafi-w-rece-miasta\\\/#primaryimage\"},\"thumbnailUrl\":\"https:\\\/\\\/www.24gliwice.pl\\\/wiadomosci\\\/wp-content\\\/uploads\\\/2019\\\/02\\\/ha\u0142da2.jpg\",\"keywords\":[\"ha\u0142da\",\"NOWE GLIWICE\"],\"articleSection\":[\"Gliwice\",\"Najnowsze wiadomo\u015bci\",\"Portal Gliwice - Wiadomo\u015bci lokalne\"],\"inLanguage\":\"pl-PL\",\"potentialAction\":[{\"@type\":\"CommentAction\",\"name\":\"Comment\",\"target\":[\"https:\\\/\\\/www.24gliwice.pl\\\/wiadomosci\\\/wyrownaja-halde-przy-ul-pszczynskiej-czy-dawny-nasyp-kwk-gliwice-trafi-w-rece-miasta\\\/#respond\"]}]},{\"@type\":\"WebPage\",\"@id\":\"https:\\\/\\\/www.24gliwice.pl\\\/wiadomosci\\\/wyrownaja-halde-przy-ul-pszczynskiej-czy-dawny-nasyp-kwk-gliwice-trafi-w-rece-miasta\\\/\",\"url\":\"https:\\\/\\\/www.24gliwice.pl\\\/wiadomosci\\\/wyrownaja-halde-przy-ul-pszczynskiej-czy-dawny-nasyp-kwk-gliwice-trafi-w-rece-miasta\\\/\",\"name\":\"Wyr\u00f3wnaj\u0105 ha\u0142d\u0119 przy ul. Pszczy\u0144skiej. Czy dawny nasyp KWK Gliwice trafi w r\u0119ce Miasta? - 24GLIWICE - Portal Gliwice | codziennie nowe informacje\",\"isPartOf\":{\"@id\":\"https:\\\/\\\/www.24gliwice.pl\\\/wiadomosci\\\/#website\"},\"primaryImageOfPage\":{\"@id\":\"https:\\\/\\\/www.24gliwice.pl\\\/wiadomosci\\\/wyrownaja-halde-przy-ul-pszczynskiej-czy-dawny-nasyp-kwk-gliwice-trafi-w-rece-miasta\\\/#primaryimage\"},\"image\":{\"@id\":\"https:\\\/\\\/www.24gliwice.pl\\\/wiadomosci\\\/wyrownaja-halde-przy-ul-pszczynskiej-czy-dawny-nasyp-kwk-gliwice-trafi-w-rece-miasta\\\/#primaryimage\"},\"thumbnailUrl\":\"https:\\\/\\\/www.24gliwice.pl\\\/wiadomosci\\\/wp-content\\\/uploads\\\/2019\\\/02\\\/ha\u0142da2.jpg\",\"datePublished\":\"2019-02-20T23:54:03+00:00\",\"breadcrumb\":{\"@id\":\"https:\\\/\\\/www.24gliwice.pl\\\/wiadomosci\\\/wyrownaja-halde-przy-ul-pszczynskiej-czy-dawny-nasyp-kwk-gliwice-trafi-w-rece-miasta\\\/#breadcrumb\"},\"inLanguage\":\"pl-PL\",\"potentialAction\":[{\"@type\":\"ReadAction\",\"target\":[\"https:\\\/\\\/www.24gliwice.pl\\\/wiadomosci\\\/wyrownaja-halde-przy-ul-pszczynskiej-czy-dawny-nasyp-kwk-gliwice-trafi-w-rece-miasta\\\/\"]}]},{\"@type\":\"ImageObject\",\"inLanguage\":\"pl-PL\",\"@id\":\"https:\\\/\\\/www.24gliwice.pl\\\/wiadomosci\\\/wyrownaja-halde-przy-ul-pszczynskiej-czy-dawny-nasyp-kwk-gliwice-trafi-w-rece-miasta\\\/#primaryimage\",\"url\":\"https:\\\/\\\/www.24gliwice.pl\\\/wiadomosci\\\/wp-content\\\/uploads\\\/2019\\\/02\\\/ha\u0142da2.jpg\",\"contentUrl\":\"https:\\\/\\\/www.24gliwice.pl\\\/wiadomosci\\\/wp-content\\\/uploads\\\/2019\\\/02\\\/ha\u0142da2.jpg\",\"width\":1200,\"height\":675,\"caption\":\"ha\u0142da pszczy\u0144ska\"},{\"@type\":\"BreadcrumbList\",\"@id\":\"https:\\\/\\\/www.24gliwice.pl\\\/wiadomosci\\\/wyrownaja-halde-przy-ul-pszczynskiej-czy-dawny-nasyp-kwk-gliwice-trafi-w-rece-miasta\\\/#breadcrumb\",\"itemListElement\":[{\"@type\":\"ListItem\",\"position\":1,\"name\":\"Strona g\u0142\u00f3wna\",\"item\":\"https:\\\/\\\/www.24gliwice.pl\\\/wiadomosci\\\/\"},{\"@type\":\"ListItem\",\"position\":2,\"name\":\"Wyr\u00f3wnaj\u0105 ha\u0142d\u0119 przy ul. Pszczy\u0144skiej. Czy dawny nasyp KWK Gliwice trafi w r\u0119ce Miasta?\"}]},{\"@type\":\"WebSite\",\"@id\":\"https:\\\/\\\/www.24gliwice.pl\\\/wiadomosci\\\/#website\",\"url\":\"https:\\\/\\\/www.24gliwice.pl\\\/wiadomosci\\\/\",\"name\":\"24GLIWICE - Portal Gliwice | codziennie nowe wiadomo\u015bci\",\"description\":\"Portal Miejski Gliwice\",\"publisher\":{\"@id\":\"https:\\\/\\\/www.24gliwice.pl\\\/wiadomosci\\\/#organization\"},\"potentialAction\":[{\"@type\":\"SearchAction\",\"target\":{\"@type\":\"EntryPoint\",\"urlTemplate\":\"https:\\\/\\\/www.24gliwice.pl\\\/wiadomosci\\\/?s={search_term_string}\"},\"query-input\":{\"@type\":\"PropertyValueSpecification\",\"valueRequired\":true,\"valueName\":\"search_term_string\"}}],\"inLanguage\":\"pl-PL\"},{\"@type\":\"Organization\",\"@id\":\"https:\\\/\\\/www.24gliwice.pl\\\/wiadomosci\\\/#organization\",\"name\":\"24gliwice\",\"url\":\"https:\\\/\\\/www.24gliwice.pl\\\/wiadomosci\\\/\",\"logo\":{\"@type\":\"ImageObject\",\"inLanguage\":\"pl-PL\",\"@id\":\"https:\\\/\\\/www.24gliwice.pl\\\/wiadomosci\\\/#\\\/schema\\\/logo\\\/image\\\/\",\"url\":\"https:\\\/\\\/www.24gliwice.pl\\\/wiadomosci\\\/wp-content\\\/uploads\\\/2024\\\/10\\\/24gliwice-logo-696.jpg\",\"contentUrl\":\"https:\\\/\\\/www.24gliwice.pl\\\/wiadomosci\\\/wp-content\\\/uploads\\\/2024\\\/10\\\/24gliwice-logo-696.jpg\",\"width\":696,\"height\":696,\"caption\":\"24gliwice\"},\"image\":{\"@id\":\"https:\\\/\\\/www.24gliwice.pl\\\/wiadomosci\\\/#\\\/schema\\\/logo\\\/image\\\/\"},\"sameAs\":[\"https:\\\/\\\/www.facebook.com\\\/24gliwice\",\"https:\\\/\\\/x.com\\\/24gliwice\",\"https:\\\/\\\/www.youtube.com\\\/@24gliwice\"]},{\"@type\":\"Person\",\"@id\":\"https:\\\/\\\/www.24gliwice.pl\\\/wiadomosci\\\/#\\\/schema\\\/person\\\/940e8f8a097e322de4f463f061ef8d45\",\"name\":\"Micha\u0142 Szewczyk\",\"image\":{\"@type\":\"ImageObject\",\"inLanguage\":\"pl-PL\",\"@id\":\"https:\\\/\\\/secure.gravatar.com\\\/avatar\\\/771b8b6c74cd8d255e46392d605e01a86133900ef09b6ef3c8d451c9d92288cf?s=96&d=mm&r=g\",\"url\":\"https:\\\/\\\/secure.gravatar.com\\\/avatar\\\/771b8b6c74cd8d255e46392d605e01a86133900ef09b6ef3c8d451c9d92288cf?s=96&d=mm&r=g\",\"contentUrl\":\"https:\\\/\\\/secure.gravatar.com\\\/avatar\\\/771b8b6c74cd8d255e46392d605e01a86133900ef09b6ef3c8d451c9d92288cf?s=96&d=mm&r=g\",\"caption\":\"Micha\u0142 Szewczyk\"},\"sameAs\":[\"http:\\\/\\\/www.gazeta-miejska.pl\"],\"url\":\"https:\\\/\\\/www.24gliwice.pl\\\/wiadomosci\\\/author\\\/michal-szewczyk\\\/\"}]}<\/script>\n<!-- \/ Yoast SEO plugin. -->","yoast_head_json":{"title":"Wyr\u00f3wnaj\u0105 ha\u0142d\u0119 przy ul. Pszczy\u0144skiej. Czy dawny nasyp KWK Gliwice trafi w r\u0119ce Miasta? - 24GLIWICE - Portal Gliwice | codziennie nowe informacje","robots":{"index":"index","follow":"follow","max-snippet":"max-snippet:-1","max-image-preview":"max-image-preview:large","max-video-preview":"max-video-preview:-1"},"canonical":"https:\/\/www.24gliwice.pl\/wiadomosci\/wyrownaja-halde-przy-ul-pszczynskiej-czy-dawny-nasyp-kwk-gliwice-trafi-w-rece-miasta\/","og_locale":"pl_PL","og_type":"article","og_title":"Wyr\u00f3wnaj\u0105 ha\u0142d\u0119 przy ul. Pszczy\u0144skiej. Czy dawny nasyp KWK Gliwice trafi w r\u0119ce Miasta? - 24GLIWICE - Portal Gliwice | codziennie nowe informacje","og_description":"Trwaj\u0105 prace rozbi\u00f3rkowe na terenie dawnej ha\u0142dy KWK Gliwice przy ul. Pszczy\u0144skiej. Teren jest porz\u0105dkowany przez Sp\u00f3\u0142k\u0119 Restrukturyzacji Kopal\u0144 i ca\u0142kiem mo\u017cliwe, \u017ce ostatecznie trafi w r\u0119ce Miasta. Do przej\u0119cia jest ponad 10 hektar\u00f3w atrakcyjnej przestrzeni w s\u0105siedztwie biznesowej strefy Nowych Gliwic. [perfectpullquote align=&#8221;full&#8221; bordertop=&#8221;false&#8221; cite=&#8221;&#8221; link=&#8221;&#8221; color=&#8221;&#8221; class=&#8221;&#8221; size=&#8221;&#8221;]Wbrew pierwszym planom, pokopalniany nasyp nie [&hellip;]","og_url":"https:\/\/www.24gliwice.pl\/wiadomosci\/wyrownaja-halde-przy-ul-pszczynskiej-czy-dawny-nasyp-kwk-gliwice-trafi-w-rece-miasta\/","og_site_name":"24GLIWICE - Portal Gliwice | codziennie nowe informacje","article_publisher":"https:\/\/www.facebook.com\/24gliwice","article_published_time":"2019-02-20T23:54:03+00:00","og_image":[{"width":1200,"height":675,"url":"https:\/\/www.24gliwice.pl\/wiadomosci\/wp-content\/uploads\/2019\/02\/ha\u0142da2.jpg","type":"image\/jpeg"}],"author":"Micha\u0142 Szewczyk","twitter_card":"summary_large_image","twitter_creator":"@24gliwice","twitter_site":"@24gliwice","twitter_misc":{"Napisane przez":"Micha\u0142 Szewczyk","Szacowany czas czytania":"3 minuty"},"schema":{"@context":"https:\/\/schema.org","@graph":[{"@type":"Article","@id":"https:\/\/www.24gliwice.pl\/wiadomosci\/wyrownaja-halde-przy-ul-pszczynskiej-czy-dawny-nasyp-kwk-gliwice-trafi-w-rece-miasta\/#article","isPartOf":{"@id":"https:\/\/www.24gliwice.pl\/wiadomosci\/wyrownaja-halde-przy-ul-pszczynskiej-czy-dawny-nasyp-kwk-gliwice-trafi-w-rece-miasta\/"},"author":{"name":"Micha\u0142 Szewczyk","@id":"https:\/\/www.24gliwice.pl\/wiadomosci\/#\/schema\/person\/940e8f8a097e322de4f463f061ef8d45"},"headline":"Wyr\u00f3wnaj\u0105 ha\u0142d\u0119 przy ul. Pszczy\u0144skiej. Czy dawny nasyp KWK Gliwice trafi w r\u0119ce Miasta?","datePublished":"2019-02-20T23:54:03+00:00","mainEntityOfPage":{"@id":"https:\/\/www.24gliwice.pl\/wiadomosci\/wyrownaja-halde-przy-ul-pszczynskiej-czy-dawny-nasyp-kwk-gliwice-trafi-w-rece-miasta\/"},"wordCount":577,"commentCount":0,"publisher":{"@id":"https:\/\/www.24gliwice.pl\/wiadomosci\/#organization"},"image":{"@id":"https:\/\/www.24gliwice.pl\/wiadomosci\/wyrownaja-halde-przy-ul-pszczynskiej-czy-dawny-nasyp-kwk-gliwice-trafi-w-rece-miasta\/#primaryimage"},"thumbnailUrl":"https:\/\/www.24gliwice.pl\/wiadomosci\/wp-content\/uploads\/2019\/02\/ha\u0142da2.jpg","keywords":["ha\u0142da","NOWE GLIWICE"],"articleSection":["Gliwice","Najnowsze wiadomo\u015bci","Portal Gliwice - Wiadomo\u015bci lokalne"],"inLanguage":"pl-PL","potentialAction":[{"@type":"CommentAction","name":"Comment","target":["https:\/\/www.24gliwice.pl\/wiadomosci\/wyrownaja-halde-przy-ul-pszczynskiej-czy-dawny-nasyp-kwk-gliwice-trafi-w-rece-miasta\/#respond"]}]},{"@type":"WebPage","@id":"https:\/\/www.24gliwice.pl\/wiadomosci\/wyrownaja-halde-przy-ul-pszczynskiej-czy-dawny-nasyp-kwk-gliwice-trafi-w-rece-miasta\/","url":"https:\/\/www.24gliwice.pl\/wiadomosci\/wyrownaja-halde-przy-ul-pszczynskiej-czy-dawny-nasyp-kwk-gliwice-trafi-w-rece-miasta\/","name":"Wyr\u00f3wnaj\u0105 ha\u0142d\u0119 przy ul. Pszczy\u0144skiej. Czy dawny nasyp KWK Gliwice trafi w r\u0119ce Miasta? - 24GLIWICE - Portal Gliwice | codziennie nowe informacje","isPartOf":{"@id":"https:\/\/www.24gliwice.pl\/wiadomosci\/#website"},"primaryImageOfPage":{"@id":"https:\/\/www.24gliwice.pl\/wiadomosci\/wyrownaja-halde-przy-ul-pszczynskiej-czy-dawny-nasyp-kwk-gliwice-trafi-w-rece-miasta\/#primaryimage"},"image":{"@id":"https:\/\/www.24gliwice.pl\/wiadomosci\/wyrownaja-halde-przy-ul-pszczynskiej-czy-dawny-nasyp-kwk-gliwice-trafi-w-rece-miasta\/#primaryimage"},"thumbnailUrl":"https:\/\/www.24gliwice.pl\/wiadomosci\/wp-content\/uploads\/2019\/02\/ha\u0142da2.jpg","datePublished":"2019-02-20T23:54:03+00:00","breadcrumb":{"@id":"https:\/\/www.24gliwice.pl\/wiadomosci\/wyrownaja-halde-przy-ul-pszczynskiej-czy-dawny-nasyp-kwk-gliwice-trafi-w-rece-miasta\/#breadcrumb"},"inLanguage":"pl-PL","potentialAction":[{"@type":"ReadAction","target":["https:\/\/www.24gliwice.pl\/wiadomosci\/wyrownaja-halde-przy-ul-pszczynskiej-czy-dawny-nasyp-kwk-gliwice-trafi-w-rece-miasta\/"]}]},{"@type":"ImageObject","inLanguage":"pl-PL","@id":"https:\/\/www.24gliwice.pl\/wiadomosci\/wyrownaja-halde-przy-ul-pszczynskiej-czy-dawny-nasyp-kwk-gliwice-trafi-w-rece-miasta\/#primaryimage","url":"https:\/\/www.24gliwice.pl\/wiadomosci\/wp-content\/uploads\/2019\/02\/ha\u0142da2.jpg","contentUrl":"https:\/\/www.24gliwice.pl\/wiadomosci\/wp-content\/uploads\/2019\/02\/ha\u0142da2.jpg","width":1200,"height":675,"caption":"ha\u0142da pszczy\u0144ska"},{"@type":"BreadcrumbList","@id":"https:\/\/www.24gliwice.pl\/wiadomosci\/wyrownaja-halde-przy-ul-pszczynskiej-czy-dawny-nasyp-kwk-gliwice-trafi-w-rece-miasta\/#breadcrumb","itemListElement":[{"@type":"ListItem","position":1,"name":"Strona g\u0142\u00f3wna","item":"https:\/\/www.24gliwice.pl\/wiadomosci\/"},{"@type":"ListItem","position":2,"name":"Wyr\u00f3wnaj\u0105 ha\u0142d\u0119 przy ul. Pszczy\u0144skiej. Czy dawny nasyp KWK Gliwice trafi w r\u0119ce Miasta?"}]},{"@type":"WebSite","@id":"https:\/\/www.24gliwice.pl\/wiadomosci\/#website","url":"https:\/\/www.24gliwice.pl\/wiadomosci\/","name":"24GLIWICE - Portal Gliwice | codziennie nowe wiadomo\u015bci","description":"Portal Miejski Gliwice","publisher":{"@id":"https:\/\/www.24gliwice.pl\/wiadomosci\/#organization"},"potentialAction":[{"@type":"SearchAction","target":{"@type":"EntryPoint","urlTemplate":"https:\/\/www.24gliwice.pl\/wiadomosci\/?s={search_term_string}"},"query-input":{"@type":"PropertyValueSpecification","valueRequired":true,"valueName":"search_term_string"}}],"inLanguage":"pl-PL"},{"@type":"Organization","@id":"https:\/\/www.24gliwice.pl\/wiadomosci\/#organization","name":"24gliwice","url":"https:\/\/www.24gliwice.pl\/wiadomosci\/","logo":{"@type":"ImageObject","inLanguage":"pl-PL","@id":"https:\/\/www.24gliwice.pl\/wiadomosci\/#\/schema\/logo\/image\/","url":"https:\/\/www.24gliwice.pl\/wiadomosci\/wp-content\/uploads\/2024\/10\/24gliwice-logo-696.jpg","contentUrl":"https:\/\/www.24gliwice.pl\/wiadomosci\/wp-content\/uploads\/2024\/10\/24gliwice-logo-696.jpg","width":696,"height":696,"caption":"24gliwice"},"image":{"@id":"https:\/\/www.24gliwice.pl\/wiadomosci\/#\/schema\/logo\/image\/"},"sameAs":["https:\/\/www.facebook.com\/24gliwice","https:\/\/x.com\/24gliwice","https:\/\/www.youtube.com\/@24gliwice"]},{"@type":"Person","@id":"https:\/\/www.24gliwice.pl\/wiadomosci\/#\/schema\/person\/940e8f8a097e322de4f463f061ef8d45","name":"Micha\u0142 Szewczyk","image":{"@type":"ImageObject","inLanguage":"pl-PL","@id":"https:\/\/secure.gravatar.com\/avatar\/771b8b6c74cd8d255e46392d605e01a86133900ef09b6ef3c8d451c9d92288cf?s=96&d=mm&r=g","url":"https:\/\/secure.gravatar.com\/avatar\/771b8b6c74cd8d255e46392d605e01a86133900ef09b6ef3c8d451c9d92288cf?s=96&d=mm&r=g","contentUrl":"https:\/\/secure.gravatar.com\/avatar\/771b8b6c74cd8d255e46392d605e01a86133900ef09b6ef3c8d451c9d92288cf?s=96&d=mm&r=g","caption":"Micha\u0142 Szewczyk"},"sameAs":["http:\/\/www.gazeta-miejska.pl"],"url":"https:\/\/www.24gliwice.pl\/wiadomosci\/author\/michal-szewczyk\/"}]}},"_links":{"self":[{"href":"https:\/\/www.24gliwice.pl\/wiadomosci\/wp-json\/wp\/v2\/posts\/130465","targetHints":{"allow":["GET"]}}],"collection":[{"href":"https:\/\/www.24gliwice.pl\/wiadomosci\/wp-json\/wp\/v2\/posts"}],"about":[{"href":"https:\/\/www.24gliwice.pl\/wiadomosci\/wp-json\/wp\/v2\/types\/post"}],"author":[{"embeddable":true,"href":"https:\/\/www.24gliwice.pl\/wiadomosci\/wp-json\/wp\/v2\/users\/12"}],"replies":[{"embeddable":true,"href":"https:\/\/www.24gliwice.pl\/wiadomosci\/wp-json\/wp\/v2\/comments?post=130465"}],"version-history":[{"count":0,"href":"https:\/\/www.24gliwice.pl\/wiadomosci\/wp-json\/wp\/v2\/posts\/130465\/revisions"}],"wp:featuredmedia":[{"embeddable":true,"href":"https:\/\/www.24gliwice.pl\/wiadomosci\/wp-json\/wp\/v2\/media\/130471"}],"wp:attachment":[{"href":"https:\/\/www.24gliwice.pl\/wiadomosci\/wp-json\/wp\/v2\/media?parent=130465"}],"wp:term":[{"taxonomy":"category","embeddable":true,"href":"https:\/\/www.24gliwice.pl\/wiadomosci\/wp-json\/wp\/v2\/categories?post=130465"},{"taxonomy":"post_tag","embeddable":true,"href":"https:\/\/www.24gliwice.pl\/wiadomosci\/wp-json\/wp\/v2\/tags?post=130465"}],"curies":[{"name":"wp","href":"https:\/\/api.w.org\/{rel}","templated":true}]}}