{"id":130507,"date":"2019-02-17T13:45:29","date_gmt":"2019-02-17T12:45:29","guid":{"rendered":"https:\/\/www.24gliwice.pl\/wiadomosci\/?p=130507"},"modified":"2019-02-17T13:45:29","modified_gmt":"2019-02-17T12:45:29","slug":"park-sensoryczny-to-wyrzucony-milion-zl-urzadzenia-sa-niesprawne-a-wykonawca-oglosil-upadlosc","status":"publish","type":"post","link":"https:\/\/www.24gliwice.pl\/wiadomosci\/park-sensoryczny-to-wyrzucony-milion-zl-urzadzenia-sa-niesprawne-a-wykonawca-oglosil-upadlosc\/","title":{"rendered":"Park Sensoryczny to wyrzucony milion z\u0142? Urz\u0105dzenia s\u0105 niesprawne, a wykonawca og\u0142osi\u0142 upad\u0142o\u015b\u0107"},"content":{"rendered":"<div class=\"gliwi-a6-nad-leadem-artykulow gliwi-entity-placement\" id=\"gliwi-2816142268\"><div class=\"gliwi-adlabel\"><span style=\"font-size: 9px\">REKLAMA<\/span><\/div><div id=\"gliwi-1134381358\" style=\"margin-bottom: 30px;margin-left: auto;margin-right: auto;text-align: center;\"><a data-no-instant=\"1\" href=\"https:\/\/przedszkole.halogen.org.pl\/\" rel=\"noopener\" class=\"a2t-link\" target=\"_blank\" aria-label=\"20260402-ANIMATOR-przedszkole_grafika_750x200\"><img loading=\"lazy\" decoding=\"async\" src=\"https:\/\/www.24gliwice.pl\/wiadomosci\/wp-content\/uploads\/2026\/04\/20260402-ANIMATOR-przedszkole_grafika_750x200.webp\" alt=\"\"  srcset=\"https:\/\/www.24gliwice.pl\/wiadomosci\/wp-content\/uploads\/2026\/04\/20260402-ANIMATOR-przedszkole_grafika_750x200.webp 750w, https:\/\/www.24gliwice.pl\/wiadomosci\/wp-content\/uploads\/2026\/04\/20260402-ANIMATOR-przedszkole_grafika_750x200-410x109.webp 410w\" sizes=\"(max-width: 750px) 100vw, 750px\" class=\"no-lazyload\" width=\"750\" height=\"200\"  style=\"display: inline-block; max-width: 100%; height: auto;\" \/><\/a><\/div><\/div><h3>Wi\u0119kszo\u015b\u0107 urz\u0105dze\u0144 interaktywnych na terenie parku sensorycznego przy gliwickiej Radiostacji jest niesprawna, niestety tym razem wykonawca nie naprawi ich w ramach gwarancji. Sp\u00f3\u0142ka og\u0142osi\u0142a upad\u0142o\u015b\u0107. Miasto obiecuje usuni\u0119cie usterek jeszcze w I kwartale.<\/h3>\n<p>W pa\u017adzierniku 2017 roku oficjalnie otwarto park sensoryczny ko\u0142o wie\u017cy Radiostacji. Nie min\u0119\u0142o nawet 1,5 roku, a miejsce nie spe\u0142nia ju\u017c zak\u0142adanej rekreacyjno-edukacyjnej funkcji. <a href=\"https:\/\/www.24gliwice.pl\/wiadomosci\/urzadzen-pod-radiostacja-nie-zniszczyli-wandale-usterki-zostana-do-soboty-usuniete\/\" target=\"_blank\" rel=\"noopener\">O dewastacji urz\u0105dze\u0144 tam zamontowanych pisali\u015bmy z reszt\u0105 ju\u017c w styczniu 2018.<\/a><\/p>\n<p>Dotychczas wykonawca dokonywa\u0142 napraw na w\u0142asny koszt w ramach obowi\u0105zuj\u0105cej 5-letniej gwarancji, jednak tym razem sprawa jest bardziej skomplikowana. Firma FULCO TECHNOLOGIE BUDOWLANE Sp. z o.o., kt\u00f3ra wybudowa\u0142a i wyposa\u017cy\u0142a centrum umiej\u0119tno\u015bci, w czerwcu 2018 roku og\u0142osi\u0142a upad\u0142o\u015b\u0107. Ruszy\u0142a dalsza procedura.<\/p><div class=\"gliwi-a3-w-tresci-artykulow gliwi-entity-placement\" id=\"gliwi-1664012555\"><div class=\"gliwi-adlabel\"><span style=\"font-size: 9px\">REKLAMA<\/span><\/div><div id=\"gliwi-4031997033\" style=\"margin-bottom: 30px;margin-left: auto;margin-right: auto;text-align: center;\"><a data-no-instant=\"1\" href=\"https:\/\/ogrodyandersa.pl\/\" rel=\"noopener\" class=\"a2t-link\" target=\"_blank\" aria-label=\"20260415 Ogrody Andersa KUP TERAZ D\"><img loading=\"lazy\" decoding=\"async\" src=\"https:\/\/www.24gliwice.pl\/wiadomosci\/wp-content\/uploads\/2026\/04\/20260415-Ogrody-Andersa-KUP-TERAZ-D.jpg\" alt=\"\"  srcset=\"https:\/\/www.24gliwice.pl\/wiadomosci\/wp-content\/uploads\/2026\/04\/20260415-Ogrody-Andersa-KUP-TERAZ-D.jpg 750w, https:\/\/www.24gliwice.pl\/wiadomosci\/wp-content\/uploads\/2026\/04\/20260415-Ogrody-Andersa-KUP-TERAZ-D-410x109.jpg 410w\" sizes=\"(max-width: 750px) 100vw, 750px\" class=\"no-lazyload\" width=\"750\" height=\"200\"  style=\"display: inline-block; max-width: 100%; height: auto;\" \/><\/a><\/div><\/div>\n<blockquote><p>Syndyk Masy Upad\u0142o\u015bci w listopadzie ostatecznie odm\u00f3wi\u0142 Miastu Gliwice usuni\u0119cia istniej\u0105cych wad gwarancyjnych<\/p><\/blockquote>\n<p>&#8211; poinformowa\u0142 <a href=\"https:\/\/www.24gliwice.pl\/wiadomosci\/mariusz-spiewok-zamiast-piotra-wieczorka-na-stanowisku-i-zastepcy-prezydenta-gliwic\/\" target=\"_blank\" rel=\"noopener\">zast\u0119pca prezydenta, <strong>Mariusz \u015apiewok<\/strong> <\/a>w odpowiedzi na zapytanie radnych <strong>Tomasza Tylutko i \u0141ukasza Chmielewskiego<\/strong>, kt\u00f3rzy zainteresowali si\u0119 tym tematem na pocz\u0105tku lutego.<\/p>\n<div id='gallery-1' class='vce-gallery gallery galleryid-130507 gallery-columns-3 gallery-size-vce-lay-b'><div class=\"vce-gallery-big\"><div class=\"big-gallery-item item-0\" >\n\t\t\t<div class='gallery-icon'>\n\t\t\t\t<a href='https:\/\/www.24gliwice.pl\/wiadomosci\/wp-content\/uploads\/2019\/02\/radiostacja--e1550343497263.jpg'><img loading=\"lazy\" decoding=\"async\" width=\"810\" height=\"455\" src=\"https:\/\/www.24gliwice.pl\/wiadomosci\/wp-content\/uploads\/2019\/02\/radiostacja--810x455.jpg\" class=\"attachment-vce-lay-a size-vce-lay-a\" alt=\"\" srcset=\"https:\/\/www.24gliwice.pl\/wiadomosci\/wp-content\/uploads\/2019\/02\/radiostacja--810x455.jpg 810w, https:\/\/www.24gliwice.pl\/wiadomosci\/wp-content\/uploads\/2019\/02\/radiostacja--410x230.jpg 410w, https:\/\/www.24gliwice.pl\/wiadomosci\/wp-content\/uploads\/2019\/02\/radiostacja--768x432.jpg 768w, https:\/\/www.24gliwice.pl\/wiadomosci\/wp-content\/uploads\/2019\/02\/radiostacja--1140x641.jpg 1140w, https:\/\/www.24gliwice.pl\/wiadomosci\/wp-content\/uploads\/2019\/02\/radiostacja--e1550343497263.jpg 1200w\" sizes=\"auto, (max-width: 810px) 100vw, 810px\" \/><\/a>\n\t\t\t<\/div><\/div><div class=\"big-gallery-item item-1\" style=\"display:none;\">\n\t\t\t<div class='gallery-icon'>\n\t\t\t\t<a href='https:\/\/www.24gliwice.pl\/wiadomosci\/wp-content\/uploads\/2019\/02\/centrum-5-e1550343533232.jpg'><img loading=\"lazy\" decoding=\"async\" width=\"810\" height=\"455\" src=\"https:\/\/www.24gliwice.pl\/wiadomosci\/wp-content\/uploads\/2019\/02\/centrum-5-810x455.jpg\" class=\"attachment-vce-lay-a size-vce-lay-a\" alt=\"\" srcset=\"https:\/\/www.24gliwice.pl\/wiadomosci\/wp-content\/uploads\/2019\/02\/centrum-5-810x455.jpg 810w, https:\/\/www.24gliwice.pl\/wiadomosci\/wp-content\/uploads\/2019\/02\/centrum-5-410x230.jpg 410w, https:\/\/www.24gliwice.pl\/wiadomosci\/wp-content\/uploads\/2019\/02\/centrum-5-768x432.jpg 768w, https:\/\/www.24gliwice.pl\/wiadomosci\/wp-content\/uploads\/2019\/02\/centrum-5-1140x641.jpg 1140w, https:\/\/www.24gliwice.pl\/wiadomosci\/wp-content\/uploads\/2019\/02\/centrum-5-e1550343533232.jpg 1200w\" sizes=\"auto, (max-width: 810px) 100vw, 810px\" \/><\/a>\n\t\t\t<\/div><\/div><div class=\"big-gallery-item item-2\" style=\"display:none;\">\n\t\t\t<div class='gallery-icon'>\n\t\t\t\t<a href='https:\/\/www.24gliwice.pl\/wiadomosci\/wp-content\/uploads\/2019\/02\/centrum-6-e1550343512959.jpg'><img loading=\"lazy\" decoding=\"async\" width=\"810\" height=\"455\" src=\"https:\/\/www.24gliwice.pl\/wiadomosci\/wp-content\/uploads\/2019\/02\/centrum-6-810x455.jpg\" class=\"attachment-vce-lay-a size-vce-lay-a\" alt=\"\" srcset=\"https:\/\/www.24gliwice.pl\/wiadomosci\/wp-content\/uploads\/2019\/02\/centrum-6-810x455.jpg 810w, https:\/\/www.24gliwice.pl\/wiadomosci\/wp-content\/uploads\/2019\/02\/centrum-6-410x230.jpg 410w, https:\/\/www.24gliwice.pl\/wiadomosci\/wp-content\/uploads\/2019\/02\/centrum-6-768x432.jpg 768w, https:\/\/www.24gliwice.pl\/wiadomosci\/wp-content\/uploads\/2019\/02\/centrum-6-1140x641.jpg 1140w, https:\/\/www.24gliwice.pl\/wiadomosci\/wp-content\/uploads\/2019\/02\/centrum-6-e1550343512959.jpg 1200w\" sizes=\"auto, (max-width: 810px) 100vw, 810px\" \/><\/a>\n\t\t\t<\/div><\/div><div class=\"big-gallery-item item-3\" style=\"display:none;\">\n\t\t\t<div class='gallery-icon'>\n\t\t\t\t<a href='https:\/\/www.24gliwice.pl\/wiadomosci\/wp-content\/uploads\/2019\/02\/centrum-4-e1550343211664.jpg'><img loading=\"lazy\" decoding=\"async\" width=\"810\" height=\"455\" src=\"https:\/\/www.24gliwice.pl\/wiadomosci\/wp-content\/uploads\/2019\/02\/centrum-4-810x455.jpg\" class=\"attachment-vce-lay-a size-vce-lay-a\" alt=\"\" srcset=\"https:\/\/www.24gliwice.pl\/wiadomosci\/wp-content\/uploads\/2019\/02\/centrum-4-810x455.jpg 810w, https:\/\/www.24gliwice.pl\/wiadomosci\/wp-content\/uploads\/2019\/02\/centrum-4-410x230.jpg 410w, https:\/\/www.24gliwice.pl\/wiadomosci\/wp-content\/uploads\/2019\/02\/centrum-4-768x432.jpg 768w, https:\/\/www.24gliwice.pl\/wiadomosci\/wp-content\/uploads\/2019\/02\/centrum-4-1140x641.jpg 1140w, https:\/\/www.24gliwice.pl\/wiadomosci\/wp-content\/uploads\/2019\/02\/centrum-4-e1550343211664.jpg 1200w\" sizes=\"auto, (max-width: 810px) 100vw, 810px\" \/><\/a>\n\t\t\t<\/div><\/div><div class=\"big-gallery-item item-4\" style=\"display:none;\">\n\t\t\t<div class='gallery-icon'>\n\t\t\t\t<a href='https:\/\/www.24gliwice.pl\/wiadomosci\/wp-content\/uploads\/2019\/02\/centrum-3-e1550343195348.jpg'><img loading=\"lazy\" decoding=\"async\" width=\"810\" height=\"455\" src=\"https:\/\/www.24gliwice.pl\/wiadomosci\/wp-content\/uploads\/2019\/02\/centrum-3-810x455.jpg\" class=\"attachment-vce-lay-a size-vce-lay-a\" alt=\"\" srcset=\"https:\/\/www.24gliwice.pl\/wiadomosci\/wp-content\/uploads\/2019\/02\/centrum-3-810x455.jpg 810w, https:\/\/www.24gliwice.pl\/wiadomosci\/wp-content\/uploads\/2019\/02\/centrum-3-410x230.jpg 410w, https:\/\/www.24gliwice.pl\/wiadomosci\/wp-content\/uploads\/2019\/02\/centrum-3-768x432.jpg 768w, https:\/\/www.24gliwice.pl\/wiadomosci\/wp-content\/uploads\/2019\/02\/centrum-3-1140x641.jpg 1140w, https:\/\/www.24gliwice.pl\/wiadomosci\/wp-content\/uploads\/2019\/02\/centrum-3-e1550343195348.jpg 1200w\" sizes=\"auto, (max-width: 810px) 100vw, 810px\" \/><\/a>\n\t\t\t<\/div><\/div><div class=\"big-gallery-item item-5\" style=\"display:none;\">\n\t\t\t<div class='gallery-icon'>\n\t\t\t\t<a href='https:\/\/www.24gliwice.pl\/wiadomosci\/wp-content\/uploads\/2019\/02\/centrum-2-e1550343177172.jpg'><img loading=\"lazy\" decoding=\"async\" width=\"810\" height=\"455\" src=\"https:\/\/www.24gliwice.pl\/wiadomosci\/wp-content\/uploads\/2019\/02\/centrum-2-810x455.jpg\" class=\"attachment-vce-lay-a size-vce-lay-a\" alt=\"\" srcset=\"https:\/\/www.24gliwice.pl\/wiadomosci\/wp-content\/uploads\/2019\/02\/centrum-2-810x455.jpg 810w, https:\/\/www.24gliwice.pl\/wiadomosci\/wp-content\/uploads\/2019\/02\/centrum-2-410x230.jpg 410w, https:\/\/www.24gliwice.pl\/wiadomosci\/wp-content\/uploads\/2019\/02\/centrum-2-768x432.jpg 768w, https:\/\/www.24gliwice.pl\/wiadomosci\/wp-content\/uploads\/2019\/02\/centrum-2-1140x641.jpg 1140w, https:\/\/www.24gliwice.pl\/wiadomosci\/wp-content\/uploads\/2019\/02\/centrum-2-e1550343177172.jpg 1200w\" sizes=\"auto, (max-width: 810px) 100vw, 810px\" \/><\/a>\n\t\t\t<\/div><\/div><div class=\"big-gallery-item item-6\" style=\"display:none;\">\n\t\t\t<div class='gallery-icon'>\n\t\t\t\t<a href='https:\/\/www.24gliwice.pl\/wiadomosci\/wp-content\/uploads\/2019\/02\/centrum-1-e1550343162249.jpg'><img loading=\"lazy\" decoding=\"async\" width=\"810\" height=\"456\" src=\"https:\/\/www.24gliwice.pl\/wiadomosci\/wp-content\/uploads\/2019\/02\/centrum-1-810x456.jpg\" class=\"attachment-vce-lay-a size-vce-lay-a\" alt=\"\" srcset=\"https:\/\/www.24gliwice.pl\/wiadomosci\/wp-content\/uploads\/2019\/02\/centrum-1-810x456.jpg 810w, https:\/\/www.24gliwice.pl\/wiadomosci\/wp-content\/uploads\/2019\/02\/centrum-1-410x232.jpg 410w, https:\/\/www.24gliwice.pl\/wiadomosci\/wp-content\/uploads\/2019\/02\/centrum-1-768x433.jpg 768w, https:\/\/www.24gliwice.pl\/wiadomosci\/wp-content\/uploads\/2019\/02\/centrum-1-808x455.jpg 808w, https:\/\/www.24gliwice.pl\/wiadomosci\/wp-content\/uploads\/2019\/02\/centrum-1-1140x642.jpg 1140w, https:\/\/www.24gliwice.pl\/wiadomosci\/wp-content\/uploads\/2019\/02\/centrum-1-e1550343162249.jpg 1200w\" sizes=\"auto, (max-width: 810px) 100vw, 810px\" \/><\/a>\n\t\t\t<\/div><\/div><\/div><div class=\"vce-gallery-slider\" data-columns=\"3\"><figure class='gallery-item' data-item='0'>\n\t\t\t<div class='gallery-icon landscape'>\n\t\t\t\t<a href='https:\/\/www.24gliwice.pl\/wiadomosci\/wp-content\/uploads\/2019\/02\/radiostacja--e1550343497263.jpg'><img loading=\"lazy\" decoding=\"async\" width=\"375\" height=\"195\" src=\"https:\/\/www.24gliwice.pl\/wiadomosci\/wp-content\/uploads\/2019\/02\/radiostacja--375x195.jpg\" class=\"attachment-vce-lay-b size-vce-lay-b\" alt=\"\" \/><\/a>\n\t\t\t<\/div><\/figure><figure class='gallery-item' data-item='1'>\n\t\t\t<div class='gallery-icon landscape'>\n\t\t\t\t<a href='https:\/\/www.24gliwice.pl\/wiadomosci\/wp-content\/uploads\/2019\/02\/centrum-5-e1550343533232.jpg'><img loading=\"lazy\" decoding=\"async\" width=\"375\" height=\"195\" src=\"https:\/\/www.24gliwice.pl\/wiadomosci\/wp-content\/uploads\/2019\/02\/centrum-5-375x195.jpg\" class=\"attachment-vce-lay-b size-vce-lay-b\" alt=\"\" \/><\/a>\n\t\t\t<\/div><\/figure><figure class='gallery-item' data-item='2'>\n\t\t\t<div class='gallery-icon landscape'>\n\t\t\t\t<a href='https:\/\/www.24gliwice.pl\/wiadomosci\/wp-content\/uploads\/2019\/02\/centrum-6-e1550343512959.jpg'><img loading=\"lazy\" decoding=\"async\" width=\"375\" height=\"195\" src=\"https:\/\/www.24gliwice.pl\/wiadomosci\/wp-content\/uploads\/2019\/02\/centrum-6-375x195.jpg\" class=\"attachment-vce-lay-b size-vce-lay-b\" alt=\"\" \/><\/a>\n\t\t\t<\/div><\/figure><figure class='gallery-item' data-item='3'>\n\t\t\t<div class='gallery-icon landscape'>\n\t\t\t\t<a href='https:\/\/www.24gliwice.pl\/wiadomosci\/wp-content\/uploads\/2019\/02\/centrum-4-e1550343211664.jpg'><img loading=\"lazy\" decoding=\"async\" width=\"375\" height=\"195\" src=\"https:\/\/www.24gliwice.pl\/wiadomosci\/wp-content\/uploads\/2019\/02\/centrum-4-375x195.jpg\" class=\"attachment-vce-lay-b size-vce-lay-b\" alt=\"\" \/><\/a>\n\t\t\t<\/div><\/figure><figure class='gallery-item' data-item='4'>\n\t\t\t<div class='gallery-icon landscape'>\n\t\t\t\t<a href='https:\/\/www.24gliwice.pl\/wiadomosci\/wp-content\/uploads\/2019\/02\/centrum-3-e1550343195348.jpg'><img loading=\"lazy\" decoding=\"async\" width=\"375\" height=\"195\" src=\"https:\/\/www.24gliwice.pl\/wiadomosci\/wp-content\/uploads\/2019\/02\/centrum-3-375x195.jpg\" class=\"attachment-vce-lay-b size-vce-lay-b\" alt=\"\" \/><\/a>\n\t\t\t<\/div><\/figure><figure class='gallery-item' data-item='5'>\n\t\t\t<div class='gallery-icon landscape'>\n\t\t\t\t<a href='https:\/\/www.24gliwice.pl\/wiadomosci\/wp-content\/uploads\/2019\/02\/centrum-2-e1550343177172.jpg'><img loading=\"lazy\" decoding=\"async\" width=\"375\" height=\"195\" src=\"https:\/\/www.24gliwice.pl\/wiadomosci\/wp-content\/uploads\/2019\/02\/centrum-2-375x195.jpg\" class=\"attachment-vce-lay-b size-vce-lay-b\" alt=\"\" \/><\/a>\n\t\t\t<\/div><\/figure><figure class='gallery-item' data-item='6'>\n\t\t\t<div class='gallery-icon landscape'>\n\t\t\t\t<a href='https:\/\/www.24gliwice.pl\/wiadomosci\/wp-content\/uploads\/2019\/02\/centrum-1-e1550343162249.jpg'><img loading=\"lazy\" decoding=\"async\" width=\"375\" height=\"195\" src=\"https:\/\/www.24gliwice.pl\/wiadomosci\/wp-content\/uploads\/2019\/02\/centrum-1-375x195.jpg\" class=\"attachment-vce-lay-b size-vce-lay-b\" alt=\"\" \/><\/a>\n\t\t\t<\/div><\/figure><\/div><\/div>\n\n<p>Jak dowiadujemy si\u0119 z dalszej cz\u0119\u015bci pisma, w grudniu urz\u0119dnicy wyst\u0105pili o wyp\u0142at\u0119 \u015brodk\u00f3w z gwarancji nale\u017cytego wykonania umowy w kwocie 29,8 tys. z\u0142 z tytu\u0142u nieusuni\u0119cia wad gwarancyjnych przez wykonawc\u0119.<\/p>\n<blockquote><p>W I kwartale 2019 roku planuje si\u0119 przeprowadzenie dzia\u0142a\u0144 maj\u0105cych na celu przywr\u00f3cenie sprawno\u015bci urz\u0105dze\u0144 Parku Do\u015bwiadcze\u0144<\/p><\/blockquote>\n<p>&#8211; zapewnia Mariusz \u015apiewok.<\/p>\n<p>Przypomnijmy, ta inwestycja kosztowa\u0142a blisko milion z\u0142otych. Obok zabudowa\u0144 Radiostacji przy ulicy Tarnog\u00f3rskiej oraz samej wie\u017cy powsta\u0142o atrakcyjne miejsce, maj\u0105ce przy okazji edukacyjny charakter.<\/p>\n<p>Zamontowano tam 9 urz\u0105dze\u0144 akustycznych, takich jak gong, armata powietrzna, telefon paraboliczny, telegraf akustyczny, organy rurowe, ksylofon, szumi\u0105ce rury, symulator operatora kamery i st\u00f3\u0142 radiowy. Wi\u0119kszo\u015b\u0107 z nich aktualnie jest zepsuta.<\/p>\n<p>(\u017cms)<\/p>\n<div class=\"gliwi-a5-na-koncu-artykulow gliwi-entity-placement\" id=\"gliwi-3996122997\"><div class=\"gliwi-adlabel\"><span style=\"font-size: 9px\">REKLAMA<\/span><\/div><div id=\"gliwi-239609201\" style=\"margin-left: auto;margin-right: auto;text-align: center;\"><a data-no-instant=\"1\" href=\"https:\/\/prezeroarenagliwice.pl\/\" rel=\"noopener\" class=\"a2t-link\" target=\"_blank\" aria-label=\"20260309-PREZERO-WIOSNA-D\"><img loading=\"lazy\" decoding=\"async\" src=\"https:\/\/www.24gliwice.pl\/wiadomosci\/wp-content\/uploads\/2026\/03\/20260309-PREZERO-WIOSNA-D.webp\" alt=\"\"  srcset=\"https:\/\/www.24gliwice.pl\/wiadomosci\/wp-content\/uploads\/2026\/03\/20260309-PREZERO-WIOSNA-D.webp 750w, https:\/\/www.24gliwice.pl\/wiadomosci\/wp-content\/uploads\/2026\/03\/20260309-PREZERO-WIOSNA-D-410x109.webp 410w\" sizes=\"(max-width: 750px) 100vw, 750px\" class=\"no-lazyload\" width=\"750\" height=\"200\"  style=\"display: inline-block; max-width: 100%; height: auto;\" \/><\/a><\/div><\/div>","protected":false},"excerpt":{"rendered":"<p>Wi\u0119kszo\u015b\u0107 urz\u0105dze\u0144 interaktywnych na terenie parku sensorycznego przy gliwickiej Radiostacji jest niesprawna, niestety tym razem wykonawca nie naprawi ich w ramach gwarancji. Sp\u00f3\u0142ka og\u0142osi\u0142a upad\u0142o\u015b\u0107. Miasto obiecuje usuni\u0119cie usterek jeszcze w I kwartale. W pa\u017adzierniku 2017 roku oficjalnie otwarto park sensoryczny ko\u0142o wie\u017cy Radiostacji. Nie min\u0119\u0142o nawet 1,5 roku, a miejsce nie spe\u0142nia ju\u017c zak\u0142adanej [&hellip;]<\/p>\n","protected":false},"author":15,"featured_media":130530,"comment_status":"open","ping_status":"closed","sticky":false,"template":"","format":"standard","meta":{"_monsterinsights_skip_tracking":false,"_monsterinsights_sitenote_active":false,"_monsterinsights_sitenote_note":"","_monsterinsights_sitenote_category":0,"footnotes":"","_links_to":"","_links_to_target":""},"categories":[3,1,9],"tags":[10088,10235,14774,10087,215,527,5327,6284,14895,698],"class_list":["post-130507","post","type-post","status-publish","format-standard","has-post-thumbnail","hentry","category-gliwice","category-wszystko","category-aktualnosci_lokalne","tag-centrum-umiejetnosci","tag-fulco","tag-mariusz-spiewok","tag-park-sensoryczny","tag-przetarg","tag-radiostacja","tag-tarnogorska","tag-tomasz-tylutko","tag-wykonawca","tag-lukasz-chmielewski"],"yoast_head":"<!-- This site is optimized with the Yoast SEO plugin v27.5 - https:\/\/yoast.com\/product\/yoast-seo-wordpress\/ -->\n<title>Park Sensoryczny to wyrzucony milion z\u0142? Urz\u0105dzenia s\u0105 niesprawne, a wykonawca og\u0142osi\u0142 upad\u0142o\u015b\u0107 - 24GLIWICE - Portal Gliwice | codziennie nowe informacje<\/title>\n<meta name=\"robots\" content=\"index, follow, max-snippet:-1, max-image-preview:large, max-video-preview:-1\" \/>\n<link rel=\"canonical\" href=\"https:\/\/www.24gliwice.pl\/wiadomosci\/park-sensoryczny-to-wyrzucony-milion-zl-urzadzenia-sa-niesprawne-a-wykonawca-oglosil-upadlosc\/\" \/>\n<meta property=\"og:locale\" content=\"pl_PL\" \/>\n<meta property=\"og:type\" content=\"article\" \/>\n<meta property=\"og:title\" content=\"Park Sensoryczny to wyrzucony milion z\u0142? Urz\u0105dzenia s\u0105 niesprawne, a wykonawca og\u0142osi\u0142 upad\u0142o\u015b\u0107 - 24GLIWICE - Portal Gliwice | codziennie nowe informacje\" \/>\n<meta property=\"og:description\" content=\"Wi\u0119kszo\u015b\u0107 urz\u0105dze\u0144 interaktywnych na terenie parku sensorycznego przy gliwickiej Radiostacji jest niesprawna, niestety tym razem wykonawca nie naprawi ich w ramach gwarancji. Sp\u00f3\u0142ka og\u0142osi\u0142a upad\u0142o\u015b\u0107. Miasto obiecuje usuni\u0119cie usterek jeszcze w I kwartale. W pa\u017adzierniku 2017 roku oficjalnie otwarto park sensoryczny ko\u0142o wie\u017cy Radiostacji. Nie min\u0119\u0142o nawet 1,5 roku, a miejsce nie spe\u0142nia ju\u017c zak\u0142adanej [&hellip;]\" \/>\n<meta property=\"og:url\" content=\"https:\/\/www.24gliwice.pl\/wiadomosci\/park-sensoryczny-to-wyrzucony-milion-zl-urzadzenia-sa-niesprawne-a-wykonawca-oglosil-upadlosc\/\" \/>\n<meta property=\"og:site_name\" content=\"24GLIWICE - Portal Gliwice | codziennie nowe informacje\" \/>\n<meta property=\"article:publisher\" content=\"https:\/\/www.facebook.com\/24gliwice\" \/>\n<meta property=\"article:published_time\" content=\"2019-02-17T12:45:29+00:00\" \/>\n<meta property=\"og:image\" content=\"https:\/\/www.24gliwice.pl\/wiadomosci\/wp-content\/uploads\/2019\/02\/centrum-3-e1550343195348.jpg\" \/>\n\t<meta property=\"og:image:width\" content=\"1200\" \/>\n\t<meta property=\"og:image:height\" content=\"674\" \/>\n\t<meta property=\"og:image:type\" content=\"image\/jpeg\" \/>\n<meta name=\"author\" content=\"\u017baneta Mrozek-Siewierska\" \/>\n<meta name=\"twitter:card\" content=\"summary_large_image\" \/>\n<meta name=\"twitter:creator\" content=\"@24gliwice\" \/>\n<meta name=\"twitter:site\" content=\"@24gliwice\" \/>\n<meta name=\"twitter:label1\" content=\"Napisane przez\" \/>\n\t<meta name=\"twitter:data1\" content=\"\u017baneta Mrozek-Siewierska\" \/>\n\t<meta name=\"twitter:label2\" content=\"Szacowany czas czytania\" \/>\n\t<meta name=\"twitter:data2\" content=\"2 minuty\" \/>\n<script type=\"application\/ld+json\" class=\"yoast-schema-graph\">{\"@context\":\"https:\\\/\\\/schema.org\",\"@graph\":[{\"@type\":\"Article\",\"@id\":\"https:\\\/\\\/www.24gliwice.pl\\\/wiadomosci\\\/park-sensoryczny-to-wyrzucony-milion-zl-urzadzenia-sa-niesprawne-a-wykonawca-oglosil-upadlosc\\\/#article\",\"isPartOf\":{\"@id\":\"https:\\\/\\\/www.24gliwice.pl\\\/wiadomosci\\\/park-sensoryczny-to-wyrzucony-milion-zl-urzadzenia-sa-niesprawne-a-wykonawca-oglosil-upadlosc\\\/\"},\"author\":{\"name\":\"\u017baneta Mrozek-Siewierska\",\"@id\":\"https:\\\/\\\/www.24gliwice.pl\\\/wiadomosci\\\/#\\\/schema\\\/person\\\/e42c650edd7f2fa332be3811fb166b6e\"},\"headline\":\"Park Sensoryczny to wyrzucony milion z\u0142? Urz\u0105dzenia s\u0105 niesprawne, a wykonawca og\u0142osi\u0142 upad\u0142o\u015b\u0107\",\"datePublished\":\"2019-02-17T12:45:29+00:00\",\"mainEntityOfPage\":{\"@id\":\"https:\\\/\\\/www.24gliwice.pl\\\/wiadomosci\\\/park-sensoryczny-to-wyrzucony-milion-zl-urzadzenia-sa-niesprawne-a-wykonawca-oglosil-upadlosc\\\/\"},\"wordCount\":326,\"commentCount\":0,\"publisher\":{\"@id\":\"https:\\\/\\\/www.24gliwice.pl\\\/wiadomosci\\\/#organization\"},\"image\":{\"@id\":\"https:\\\/\\\/www.24gliwice.pl\\\/wiadomosci\\\/park-sensoryczny-to-wyrzucony-milion-zl-urzadzenia-sa-niesprawne-a-wykonawca-oglosil-upadlosc\\\/#primaryimage\"},\"thumbnailUrl\":\"https:\\\/\\\/www.24gliwice.pl\\\/wiadomosci\\\/wp-content\\\/uploads\\\/2019\\\/02\\\/centrum-3-e1550343195348.jpg\",\"keywords\":[\"centrum umiej\u0119tno\u015bci\",\"fulco\",\"MARIUSZ \u015aPIEWOK\",\"park sensoryczny\",\"PRZETARG\",\"RADIOSTACJA\",\"TARNOG\u00d3RSKA\",\"tomasz tylutko\",\"wykonawca\",\"\u0141ukasz Chmielewski\"],\"articleSection\":[\"Gliwice\",\"Najnowsze wiadomo\u015bci\",\"Portal Gliwice - Wiadomo\u015bci lokalne\"],\"inLanguage\":\"pl-PL\",\"potentialAction\":[{\"@type\":\"CommentAction\",\"name\":\"Comment\",\"target\":[\"https:\\\/\\\/www.24gliwice.pl\\\/wiadomosci\\\/park-sensoryczny-to-wyrzucony-milion-zl-urzadzenia-sa-niesprawne-a-wykonawca-oglosil-upadlosc\\\/#respond\"]}]},{\"@type\":\"WebPage\",\"@id\":\"https:\\\/\\\/www.24gliwice.pl\\\/wiadomosci\\\/park-sensoryczny-to-wyrzucony-milion-zl-urzadzenia-sa-niesprawne-a-wykonawca-oglosil-upadlosc\\\/\",\"url\":\"https:\\\/\\\/www.24gliwice.pl\\\/wiadomosci\\\/park-sensoryczny-to-wyrzucony-milion-zl-urzadzenia-sa-niesprawne-a-wykonawca-oglosil-upadlosc\\\/\",\"name\":\"Park Sensoryczny to wyrzucony milion z\u0142? Urz\u0105dzenia s\u0105 niesprawne, a wykonawca og\u0142osi\u0142 upad\u0142o\u015b\u0107 - 24GLIWICE - Portal Gliwice | codziennie nowe informacje\",\"isPartOf\":{\"@id\":\"https:\\\/\\\/www.24gliwice.pl\\\/wiadomosci\\\/#website\"},\"primaryImageOfPage\":{\"@id\":\"https:\\\/\\\/www.24gliwice.pl\\\/wiadomosci\\\/park-sensoryczny-to-wyrzucony-milion-zl-urzadzenia-sa-niesprawne-a-wykonawca-oglosil-upadlosc\\\/#primaryimage\"},\"image\":{\"@id\":\"https:\\\/\\\/www.24gliwice.pl\\\/wiadomosci\\\/park-sensoryczny-to-wyrzucony-milion-zl-urzadzenia-sa-niesprawne-a-wykonawca-oglosil-upadlosc\\\/#primaryimage\"},\"thumbnailUrl\":\"https:\\\/\\\/www.24gliwice.pl\\\/wiadomosci\\\/wp-content\\\/uploads\\\/2019\\\/02\\\/centrum-3-e1550343195348.jpg\",\"datePublished\":\"2019-02-17T12:45:29+00:00\",\"breadcrumb\":{\"@id\":\"https:\\\/\\\/www.24gliwice.pl\\\/wiadomosci\\\/park-sensoryczny-to-wyrzucony-milion-zl-urzadzenia-sa-niesprawne-a-wykonawca-oglosil-upadlosc\\\/#breadcrumb\"},\"inLanguage\":\"pl-PL\",\"potentialAction\":[{\"@type\":\"ReadAction\",\"target\":[\"https:\\\/\\\/www.24gliwice.pl\\\/wiadomosci\\\/park-sensoryczny-to-wyrzucony-milion-zl-urzadzenia-sa-niesprawne-a-wykonawca-oglosil-upadlosc\\\/\"]}]},{\"@type\":\"ImageObject\",\"inLanguage\":\"pl-PL\",\"@id\":\"https:\\\/\\\/www.24gliwice.pl\\\/wiadomosci\\\/park-sensoryczny-to-wyrzucony-milion-zl-urzadzenia-sa-niesprawne-a-wykonawca-oglosil-upadlosc\\\/#primaryimage\",\"url\":\"https:\\\/\\\/www.24gliwice.pl\\\/wiadomosci\\\/wp-content\\\/uploads\\\/2019\\\/02\\\/centrum-3-e1550343195348.jpg\",\"contentUrl\":\"https:\\\/\\\/www.24gliwice.pl\\\/wiadomosci\\\/wp-content\\\/uploads\\\/2019\\\/02\\\/centrum-3-e1550343195348.jpg\",\"width\":1200,\"height\":674},{\"@type\":\"BreadcrumbList\",\"@id\":\"https:\\\/\\\/www.24gliwice.pl\\\/wiadomosci\\\/park-sensoryczny-to-wyrzucony-milion-zl-urzadzenia-sa-niesprawne-a-wykonawca-oglosil-upadlosc\\\/#breadcrumb\",\"itemListElement\":[{\"@type\":\"ListItem\",\"position\":1,\"name\":\"Strona g\u0142\u00f3wna\",\"item\":\"https:\\\/\\\/www.24gliwice.pl\\\/wiadomosci\\\/\"},{\"@type\":\"ListItem\",\"position\":2,\"name\":\"Park Sensoryczny to wyrzucony milion z\u0142? Urz\u0105dzenia s\u0105 niesprawne, a wykonawca og\u0142osi\u0142 upad\u0142o\u015b\u0107\"}]},{\"@type\":\"WebSite\",\"@id\":\"https:\\\/\\\/www.24gliwice.pl\\\/wiadomosci\\\/#website\",\"url\":\"https:\\\/\\\/www.24gliwice.pl\\\/wiadomosci\\\/\",\"name\":\"24GLIWICE - Portal Gliwice | codziennie nowe wiadomo\u015bci\",\"description\":\"Portal Miejski Gliwice\",\"publisher\":{\"@id\":\"https:\\\/\\\/www.24gliwice.pl\\\/wiadomosci\\\/#organization\"},\"potentialAction\":[{\"@type\":\"SearchAction\",\"target\":{\"@type\":\"EntryPoint\",\"urlTemplate\":\"https:\\\/\\\/www.24gliwice.pl\\\/wiadomosci\\\/?s={search_term_string}\"},\"query-input\":{\"@type\":\"PropertyValueSpecification\",\"valueRequired\":true,\"valueName\":\"search_term_string\"}}],\"inLanguage\":\"pl-PL\"},{\"@type\":\"Organization\",\"@id\":\"https:\\\/\\\/www.24gliwice.pl\\\/wiadomosci\\\/#organization\",\"name\":\"24gliwice\",\"url\":\"https:\\\/\\\/www.24gliwice.pl\\\/wiadomosci\\\/\",\"logo\":{\"@type\":\"ImageObject\",\"inLanguage\":\"pl-PL\",\"@id\":\"https:\\\/\\\/www.24gliwice.pl\\\/wiadomosci\\\/#\\\/schema\\\/logo\\\/image\\\/\",\"url\":\"https:\\\/\\\/www.24gliwice.pl\\\/wiadomosci\\\/wp-content\\\/uploads\\\/2024\\\/10\\\/24gliwice-logo-696.jpg\",\"contentUrl\":\"https:\\\/\\\/www.24gliwice.pl\\\/wiadomosci\\\/wp-content\\\/uploads\\\/2024\\\/10\\\/24gliwice-logo-696.jpg\",\"width\":696,\"height\":696,\"caption\":\"24gliwice\"},\"image\":{\"@id\":\"https:\\\/\\\/www.24gliwice.pl\\\/wiadomosci\\\/#\\\/schema\\\/logo\\\/image\\\/\"},\"sameAs\":[\"https:\\\/\\\/www.facebook.com\\\/24gliwice\",\"https:\\\/\\\/x.com\\\/24gliwice\",\"https:\\\/\\\/www.youtube.com\\\/@24gliwice\"]},{\"@type\":\"Person\",\"@id\":\"https:\\\/\\\/www.24gliwice.pl\\\/wiadomosci\\\/#\\\/schema\\\/person\\\/e42c650edd7f2fa332be3811fb166b6e\",\"name\":\"\u017baneta Mrozek-Siewierska\",\"image\":{\"@type\":\"ImageObject\",\"inLanguage\":\"pl-PL\",\"@id\":\"https:\\\/\\\/secure.gravatar.com\\\/avatar\\\/1881429e9c64597c77ad7aef2d0a19be69a3253e57534d16aa15bf3a4d34a0a3?s=96&d=mm&r=g\",\"url\":\"https:\\\/\\\/secure.gravatar.com\\\/avatar\\\/1881429e9c64597c77ad7aef2d0a19be69a3253e57534d16aa15bf3a4d34a0a3?s=96&d=mm&r=g\",\"contentUrl\":\"https:\\\/\\\/secure.gravatar.com\\\/avatar\\\/1881429e9c64597c77ad7aef2d0a19be69a3253e57534d16aa15bf3a4d34a0a3?s=96&d=mm&r=g\",\"caption\":\"\u017baneta Mrozek-Siewierska\"},\"url\":\"https:\\\/\\\/www.24gliwice.pl\\\/wiadomosci\\\/author\\\/zms\\\/\"}]}<\/script>\n<!-- \/ Yoast SEO plugin. -->","yoast_head_json":{"title":"Park Sensoryczny to wyrzucony milion z\u0142? Urz\u0105dzenia s\u0105 niesprawne, a wykonawca og\u0142osi\u0142 upad\u0142o\u015b\u0107 - 24GLIWICE - Portal Gliwice | codziennie nowe informacje","robots":{"index":"index","follow":"follow","max-snippet":"max-snippet:-1","max-image-preview":"max-image-preview:large","max-video-preview":"max-video-preview:-1"},"canonical":"https:\/\/www.24gliwice.pl\/wiadomosci\/park-sensoryczny-to-wyrzucony-milion-zl-urzadzenia-sa-niesprawne-a-wykonawca-oglosil-upadlosc\/","og_locale":"pl_PL","og_type":"article","og_title":"Park Sensoryczny to wyrzucony milion z\u0142? Urz\u0105dzenia s\u0105 niesprawne, a wykonawca og\u0142osi\u0142 upad\u0142o\u015b\u0107 - 24GLIWICE - Portal Gliwice | codziennie nowe informacje","og_description":"Wi\u0119kszo\u015b\u0107 urz\u0105dze\u0144 interaktywnych na terenie parku sensorycznego przy gliwickiej Radiostacji jest niesprawna, niestety tym razem wykonawca nie naprawi ich w ramach gwarancji. Sp\u00f3\u0142ka og\u0142osi\u0142a upad\u0142o\u015b\u0107. Miasto obiecuje usuni\u0119cie usterek jeszcze w I kwartale. W pa\u017adzierniku 2017 roku oficjalnie otwarto park sensoryczny ko\u0142o wie\u017cy Radiostacji. Nie min\u0119\u0142o nawet 1,5 roku, a miejsce nie spe\u0142nia ju\u017c zak\u0142adanej [&hellip;]","og_url":"https:\/\/www.24gliwice.pl\/wiadomosci\/park-sensoryczny-to-wyrzucony-milion-zl-urzadzenia-sa-niesprawne-a-wykonawca-oglosil-upadlosc\/","og_site_name":"24GLIWICE - Portal Gliwice | codziennie nowe informacje","article_publisher":"https:\/\/www.facebook.com\/24gliwice","article_published_time":"2019-02-17T12:45:29+00:00","og_image":[{"width":1200,"height":674,"url":"https:\/\/www.24gliwice.pl\/wiadomosci\/wp-content\/uploads\/2019\/02\/centrum-3-e1550343195348.jpg","type":"image\/jpeg"}],"author":"\u017baneta Mrozek-Siewierska","twitter_card":"summary_large_image","twitter_creator":"@24gliwice","twitter_site":"@24gliwice","twitter_misc":{"Napisane przez":"\u017baneta Mrozek-Siewierska","Szacowany czas czytania":"2 minuty"},"schema":{"@context":"https:\/\/schema.org","@graph":[{"@type":"Article","@id":"https:\/\/www.24gliwice.pl\/wiadomosci\/park-sensoryczny-to-wyrzucony-milion-zl-urzadzenia-sa-niesprawne-a-wykonawca-oglosil-upadlosc\/#article","isPartOf":{"@id":"https:\/\/www.24gliwice.pl\/wiadomosci\/park-sensoryczny-to-wyrzucony-milion-zl-urzadzenia-sa-niesprawne-a-wykonawca-oglosil-upadlosc\/"},"author":{"name":"\u017baneta Mrozek-Siewierska","@id":"https:\/\/www.24gliwice.pl\/wiadomosci\/#\/schema\/person\/e42c650edd7f2fa332be3811fb166b6e"},"headline":"Park Sensoryczny to wyrzucony milion z\u0142? Urz\u0105dzenia s\u0105 niesprawne, a wykonawca og\u0142osi\u0142 upad\u0142o\u015b\u0107","datePublished":"2019-02-17T12:45:29+00:00","mainEntityOfPage":{"@id":"https:\/\/www.24gliwice.pl\/wiadomosci\/park-sensoryczny-to-wyrzucony-milion-zl-urzadzenia-sa-niesprawne-a-wykonawca-oglosil-upadlosc\/"},"wordCount":326,"commentCount":0,"publisher":{"@id":"https:\/\/www.24gliwice.pl\/wiadomosci\/#organization"},"image":{"@id":"https:\/\/www.24gliwice.pl\/wiadomosci\/park-sensoryczny-to-wyrzucony-milion-zl-urzadzenia-sa-niesprawne-a-wykonawca-oglosil-upadlosc\/#primaryimage"},"thumbnailUrl":"https:\/\/www.24gliwice.pl\/wiadomosci\/wp-content\/uploads\/2019\/02\/centrum-3-e1550343195348.jpg","keywords":["centrum umiej\u0119tno\u015bci","fulco","MARIUSZ \u015aPIEWOK","park sensoryczny","PRZETARG","RADIOSTACJA","TARNOG\u00d3RSKA","tomasz tylutko","wykonawca","\u0141ukasz Chmielewski"],"articleSection":["Gliwice","Najnowsze wiadomo\u015bci","Portal Gliwice - Wiadomo\u015bci lokalne"],"inLanguage":"pl-PL","potentialAction":[{"@type":"CommentAction","name":"Comment","target":["https:\/\/www.24gliwice.pl\/wiadomosci\/park-sensoryczny-to-wyrzucony-milion-zl-urzadzenia-sa-niesprawne-a-wykonawca-oglosil-upadlosc\/#respond"]}]},{"@type":"WebPage","@id":"https:\/\/www.24gliwice.pl\/wiadomosci\/park-sensoryczny-to-wyrzucony-milion-zl-urzadzenia-sa-niesprawne-a-wykonawca-oglosil-upadlosc\/","url":"https:\/\/www.24gliwice.pl\/wiadomosci\/park-sensoryczny-to-wyrzucony-milion-zl-urzadzenia-sa-niesprawne-a-wykonawca-oglosil-upadlosc\/","name":"Park Sensoryczny to wyrzucony milion z\u0142? Urz\u0105dzenia s\u0105 niesprawne, a wykonawca og\u0142osi\u0142 upad\u0142o\u015b\u0107 - 24GLIWICE - Portal Gliwice | codziennie nowe informacje","isPartOf":{"@id":"https:\/\/www.24gliwice.pl\/wiadomosci\/#website"},"primaryImageOfPage":{"@id":"https:\/\/www.24gliwice.pl\/wiadomosci\/park-sensoryczny-to-wyrzucony-milion-zl-urzadzenia-sa-niesprawne-a-wykonawca-oglosil-upadlosc\/#primaryimage"},"image":{"@id":"https:\/\/www.24gliwice.pl\/wiadomosci\/park-sensoryczny-to-wyrzucony-milion-zl-urzadzenia-sa-niesprawne-a-wykonawca-oglosil-upadlosc\/#primaryimage"},"thumbnailUrl":"https:\/\/www.24gliwice.pl\/wiadomosci\/wp-content\/uploads\/2019\/02\/centrum-3-e1550343195348.jpg","datePublished":"2019-02-17T12:45:29+00:00","breadcrumb":{"@id":"https:\/\/www.24gliwice.pl\/wiadomosci\/park-sensoryczny-to-wyrzucony-milion-zl-urzadzenia-sa-niesprawne-a-wykonawca-oglosil-upadlosc\/#breadcrumb"},"inLanguage":"pl-PL","potentialAction":[{"@type":"ReadAction","target":["https:\/\/www.24gliwice.pl\/wiadomosci\/park-sensoryczny-to-wyrzucony-milion-zl-urzadzenia-sa-niesprawne-a-wykonawca-oglosil-upadlosc\/"]}]},{"@type":"ImageObject","inLanguage":"pl-PL","@id":"https:\/\/www.24gliwice.pl\/wiadomosci\/park-sensoryczny-to-wyrzucony-milion-zl-urzadzenia-sa-niesprawne-a-wykonawca-oglosil-upadlosc\/#primaryimage","url":"https:\/\/www.24gliwice.pl\/wiadomosci\/wp-content\/uploads\/2019\/02\/centrum-3-e1550343195348.jpg","contentUrl":"https:\/\/www.24gliwice.pl\/wiadomosci\/wp-content\/uploads\/2019\/02\/centrum-3-e1550343195348.jpg","width":1200,"height":674},{"@type":"BreadcrumbList","@id":"https:\/\/www.24gliwice.pl\/wiadomosci\/park-sensoryczny-to-wyrzucony-milion-zl-urzadzenia-sa-niesprawne-a-wykonawca-oglosil-upadlosc\/#breadcrumb","itemListElement":[{"@type":"ListItem","position":1,"name":"Strona g\u0142\u00f3wna","item":"https:\/\/www.24gliwice.pl\/wiadomosci\/"},{"@type":"ListItem","position":2,"name":"Park Sensoryczny to wyrzucony milion z\u0142? Urz\u0105dzenia s\u0105 niesprawne, a wykonawca og\u0142osi\u0142 upad\u0142o\u015b\u0107"}]},{"@type":"WebSite","@id":"https:\/\/www.24gliwice.pl\/wiadomosci\/#website","url":"https:\/\/www.24gliwice.pl\/wiadomosci\/","name":"24GLIWICE - Portal Gliwice | codziennie nowe wiadomo\u015bci","description":"Portal Miejski Gliwice","publisher":{"@id":"https:\/\/www.24gliwice.pl\/wiadomosci\/#organization"},"potentialAction":[{"@type":"SearchAction","target":{"@type":"EntryPoint","urlTemplate":"https:\/\/www.24gliwice.pl\/wiadomosci\/?s={search_term_string}"},"query-input":{"@type":"PropertyValueSpecification","valueRequired":true,"valueName":"search_term_string"}}],"inLanguage":"pl-PL"},{"@type":"Organization","@id":"https:\/\/www.24gliwice.pl\/wiadomosci\/#organization","name":"24gliwice","url":"https:\/\/www.24gliwice.pl\/wiadomosci\/","logo":{"@type":"ImageObject","inLanguage":"pl-PL","@id":"https:\/\/www.24gliwice.pl\/wiadomosci\/#\/schema\/logo\/image\/","url":"https:\/\/www.24gliwice.pl\/wiadomosci\/wp-content\/uploads\/2024\/10\/24gliwice-logo-696.jpg","contentUrl":"https:\/\/www.24gliwice.pl\/wiadomosci\/wp-content\/uploads\/2024\/10\/24gliwice-logo-696.jpg","width":696,"height":696,"caption":"24gliwice"},"image":{"@id":"https:\/\/www.24gliwice.pl\/wiadomosci\/#\/schema\/logo\/image\/"},"sameAs":["https:\/\/www.facebook.com\/24gliwice","https:\/\/x.com\/24gliwice","https:\/\/www.youtube.com\/@24gliwice"]},{"@type":"Person","@id":"https:\/\/www.24gliwice.pl\/wiadomosci\/#\/schema\/person\/e42c650edd7f2fa332be3811fb166b6e","name":"\u017baneta Mrozek-Siewierska","image":{"@type":"ImageObject","inLanguage":"pl-PL","@id":"https:\/\/secure.gravatar.com\/avatar\/1881429e9c64597c77ad7aef2d0a19be69a3253e57534d16aa15bf3a4d34a0a3?s=96&d=mm&r=g","url":"https:\/\/secure.gravatar.com\/avatar\/1881429e9c64597c77ad7aef2d0a19be69a3253e57534d16aa15bf3a4d34a0a3?s=96&d=mm&r=g","contentUrl":"https:\/\/secure.gravatar.com\/avatar\/1881429e9c64597c77ad7aef2d0a19be69a3253e57534d16aa15bf3a4d34a0a3?s=96&d=mm&r=g","caption":"\u017baneta Mrozek-Siewierska"},"url":"https:\/\/www.24gliwice.pl\/wiadomosci\/author\/zms\/"}]}},"_links":{"self":[{"href":"https:\/\/www.24gliwice.pl\/wiadomosci\/wp-json\/wp\/v2\/posts\/130507","targetHints":{"allow":["GET"]}}],"collection":[{"href":"https:\/\/www.24gliwice.pl\/wiadomosci\/wp-json\/wp\/v2\/posts"}],"about":[{"href":"https:\/\/www.24gliwice.pl\/wiadomosci\/wp-json\/wp\/v2\/types\/post"}],"author":[{"embeddable":true,"href":"https:\/\/www.24gliwice.pl\/wiadomosci\/wp-json\/wp\/v2\/users\/15"}],"replies":[{"embeddable":true,"href":"https:\/\/www.24gliwice.pl\/wiadomosci\/wp-json\/wp\/v2\/comments?post=130507"}],"version-history":[{"count":0,"href":"https:\/\/www.24gliwice.pl\/wiadomosci\/wp-json\/wp\/v2\/posts\/130507\/revisions"}],"wp:featuredmedia":[{"embeddable":true,"href":"https:\/\/www.24gliwice.pl\/wiadomosci\/wp-json\/wp\/v2\/media\/130530"}],"wp:attachment":[{"href":"https:\/\/www.24gliwice.pl\/wiadomosci\/wp-json\/wp\/v2\/media?parent=130507"}],"wp:term":[{"taxonomy":"category","embeddable":true,"href":"https:\/\/www.24gliwice.pl\/wiadomosci\/wp-json\/wp\/v2\/categories?post=130507"},{"taxonomy":"post_tag","embeddable":true,"href":"https:\/\/www.24gliwice.pl\/wiadomosci\/wp-json\/wp\/v2\/tags?post=130507"}],"curies":[{"name":"wp","href":"https:\/\/api.w.org\/{rel}","templated":true}]}}