{"id":130557,"date":"2019-02-18T12:50:02","date_gmt":"2019-02-18T11:50:02","guid":{"rendered":"https:\/\/www.24gliwice.pl\/wiadomosci\/?p=130557"},"modified":"2019-02-18T13:48:32","modified_gmt":"2019-02-18T12:48:32","slug":"szkola-muzyczna-przeniesie-sie-do-nowej-siedziby-budynek-przy-ulicy-ziemowita-zostanie-przebudowany","status":"publish","type":"post","link":"https:\/\/www.24gliwice.pl\/wiadomosci\/szkola-muzyczna-przeniesie-sie-do-nowej-siedziby-budynek-przy-ulicy-ziemowita-zostanie-przebudowany\/","title":{"rendered":"Szko\u0142a muzyczna przeniesie si\u0119 do nowej siedziby. Budynek przy ulicy Ziemowita zostanie przebudowany"},"content":{"rendered":"<div class=\"gliwi-a6-nad-leadem-artykulow gliwi-entity-placement\" id=\"gliwi-2922494055\"><div class=\"gliwi-adlabel\"><span style=\"font-size: 9px\">REKLAMA<\/span><\/div><div id=\"gliwi-3065158952\" style=\"margin-bottom: 30px;margin-left: auto;margin-right: auto;text-align: center;\"><a data-no-instant=\"1\" href=\"https:\/\/przedszkole.halogen.org.pl\/\" rel=\"noopener\" class=\"a2t-link\" target=\"_blank\" aria-label=\"20260402-ANIMATOR-przedszkole_grafika_750x200\"><img loading=\"lazy\" decoding=\"async\" src=\"https:\/\/www.24gliwice.pl\/wiadomosci\/wp-content\/uploads\/2026\/04\/20260402-ANIMATOR-przedszkole_grafika_750x200.webp\" alt=\"\"  srcset=\"https:\/\/www.24gliwice.pl\/wiadomosci\/wp-content\/uploads\/2026\/04\/20260402-ANIMATOR-przedszkole_grafika_750x200.webp 750w, https:\/\/www.24gliwice.pl\/wiadomosci\/wp-content\/uploads\/2026\/04\/20260402-ANIMATOR-przedszkole_grafika_750x200-410x109.webp 410w\" sizes=\"(max-width: 750px) 100vw, 750px\" class=\"no-lazyload\" width=\"750\" height=\"200\"  style=\"display: inline-block; max-width: 100%; height: auto;\" \/><\/a><\/div><\/div><h3>Pa\u0144stwowa Szko\u0142a Muzyczna I i II stopnia im. Ludomira R\u00f3\u017cyckiego przeprowadzi si\u0119 z ul. Siemi\u0144skiego do budynku przy ul. ks. Ziemowita 12. Szkolny gmach zostanie przebudowany \u2013 powstan\u0105 nowe sale dydaktyczne, a sala gimnastyczna zmieni si\u0119 w koncertow\u0105.<\/h3>\n<p>Miasto og\u0142osi\u0142o przetarg na projekt modernizacji nowej siedziby dla m\u0142odych muzyk\u00f3w.<\/p>\n<p>Do ko\u0144ca tego roku szkolnego w budynku przy ul. Ziemowita 12 b\u0119d\u0105 uczy\u0107 si\u0119 gimnazjali\u015bci. P\u00f3\u017aniej zabytkowy gmach zostanie przebudowany i dostosowany do potrzeb uczni\u00f3w i nauczycieli szko\u0142y artystycznej. Opr\u00f3cz Pa\u0144stwowej Szko\u0142y Muzycznej z cz\u0119\u015bci pomieszcze\u0144 b\u0119dzie korzysta\u0107 tak\u017ce Pa\u0144stwowe Policealne Studium Zawodowe Wokalno-Baletowe.<\/p><div class=\"gliwi-a3-w-tresci-artykulow gliwi-entity-placement\" id=\"gliwi-3257955068\"><div class=\"gliwi-adlabel\"><span style=\"font-size: 9px\">REKLAMA<\/span><\/div><div id=\"gliwi-1087802238\" style=\"margin-bottom: 30px;margin-left: auto;margin-right: auto;text-align: center;\"><a data-no-instant=\"1\" href=\"https:\/\/zlobek.halogen.org.pl\/\" rel=\"noopener\" class=\"a2t-link\" target=\"_blank\" aria-label=\"animator-zlobek_750x200\"><img loading=\"lazy\" decoding=\"async\" src=\"https:\/\/www.24gliwice.pl\/wiadomosci\/wp-content\/uploads\/2026\/02\/animator-zlobek_750x200.webp\" alt=\"\"  srcset=\"https:\/\/www.24gliwice.pl\/wiadomosci\/wp-content\/uploads\/2026\/02\/animator-zlobek_750x200.webp 750w, https:\/\/www.24gliwice.pl\/wiadomosci\/wp-content\/uploads\/2026\/02\/animator-zlobek_750x200-410x109.webp 410w\" sizes=\"(max-width: 750px) 100vw, 750px\" class=\"no-lazyload\" width=\"750\" height=\"200\"  style=\"display: inline-block; max-width: 100%; height: auto;\" \/><\/a><\/div><\/div>\n[perfectpullquote align=&#8221;full&#8221; bordertop=&#8221;false&#8221; cite=&#8221;&#8221; link=&#8221;&#8221; color=&#8221;&#8221; class=&#8221;&#8221; size=&#8221;&#8221;]Zgodnie ze wst\u0119pnymi planami, zmieniony ma zosta\u0107 obecny uk\u0142ad sal dydaktycznych. W wi\u0119kszych b\u0119d\u0105 nauczane przedmioty teoretyczne.[\/perfectpullquote]\n<p>Z kolei klasy do nauki indywidualnej b\u0119d\u0105 mniejsze i bardziej kameralne. Powstan\u0105 tak\u017ce sale pr\u00f3b dla orkiestry i ch\u00f3ru oraz biblioteka. Do budynku zostanie dobudowana winda z my\u015bl\u0105 o niepe\u0142nosprawnych, o odpowiednich gabarytach, tak, by umo\u017cliwia\u0142a r\u00f3wnie\u017c przewo\u017cenie du\u017cych instrument\u00f3w jak fortepian czy marimba.<\/p>\n<p>Obecna sala gimnastyczna zmieni si\u0119 w sal\u0119 koncertow\u0105 z prawdziwego zdarzenia. B\u0119dzie mia\u0142a odpowiedni\u0105 akustyk\u0119 i pomie\u015bci 270 meloman\u00f3w. Dobudowane zostanie wej\u015bcie wraz z tarasem i podjazdem dla w\u00f3zk\u00f3w oraz przeszklony pawilon, kt\u00f3ry nie b\u0119dzie zas\u0142ania\u0142 zabytkowej, neogotyckiej elewacji budynku. M\u0142odzi muzycy b\u0119d\u0105 mogli koncertowa\u0107 tak\u017ce w sali kameralnej.<\/p>\n<p><img loading=\"lazy\" decoding=\"async\" class=\"alignnone size-full wp-image-130562\" src=\"https:\/\/www.24gliwice.pl\/wiadomosci\/wp-content\/uploads\/2019\/02\/ziemowita_9869.jpg\" alt=\"\" width=\"879\" height=\"494\" srcset=\"https:\/\/www.24gliwice.pl\/wiadomosci\/wp-content\/uploads\/2019\/02\/ziemowita_9869.jpg 879w, https:\/\/www.24gliwice.pl\/wiadomosci\/wp-content\/uploads\/2019\/02\/ziemowita_9869-410x230.jpg 410w, https:\/\/www.24gliwice.pl\/wiadomosci\/wp-content\/uploads\/2019\/02\/ziemowita_9869-768x432.jpg 768w, https:\/\/www.24gliwice.pl\/wiadomosci\/wp-content\/uploads\/2019\/02\/ziemowita_9869-810x455.jpg 810w\" sizes=\"auto, (max-width: 879px) 100vw, 879px\" \/><\/p>\n<p>&#8211; Z ut\u0119sknieniem czekamy na przenosiny. Nowa siedziba b\u0119dzie du\u017co wi\u0119ksza, co zdecydowanie poprawi warunki pracy. Nasza obecna sala koncertowa ma bardzo ma\u0142\u0105 estrad\u0119, a widownia mie\u015bci tylko sto os\u00f3b. Cieszy nas to, \u017ce w nowej siedzibie b\u0119dziemy mogli organizowa\u0107 koncerty dla szerszego grona s\u0142uchaczy, a nasi uczniowie b\u0119d\u0105 mieli szans\u0119 sprawdzi\u0107 si\u0119 przed wi\u0119kszym audytorium \u2013 podkre\u015bla <strong>Urszula Kusz<\/strong>, wicedyrektor Pa\u0144stwowej Szko\u0142y Muzycznej I i II stopnia im. Ludomira R\u00f3\u017cyckiego.<\/p>\n<p>Zmieni si\u0119 r\u00f3wnie\u017c otoczenie budynku przy ul. ks. Ziemowita 12. Ze wzgl\u0119du na konieczno\u015b\u0107 zapewnienia dojazdu po\u017carowego wraz z placem manewrowym, przebudowany zostanie wjazd do szko\u0142y od strony ul. Kr\u00f3lowej Bony.<\/p>\n[perfectpullquote align=&#8221;full&#8221; bordertop=&#8221;false&#8221; cite=&#8221;&#8221; link=&#8221;&#8221; color=&#8221;&#8221; class=&#8221;&#8221; size=&#8221;&#8221;]Powstanie tak\u017ce parking na oko\u0142o 40 miejsc. Pozosta\u0142a cz\u0119\u015b\u0107 boiska, czyli otoczenie przysz\u0142ej sali koncertowej, zmieni si\u0119 w zielon\u0105 stref\u0119 rekreacyjn\u0105.[\/perfectpullquote]\n<p>Je\u017celi wszystko p\u00f3jdzie zgodnie z planem, projekt przebudowy budynk\u00f3w przy ul. Ziemowita 12 powinien by\u0107 gotowy najp\u00f3\u017aniej w ci\u0105gu 8 miesi\u0119cy od podpisania umowy z wybranym w przetargu wykonawc\u0105. Poniewa\u017c przebudowa dotyczy obiekt\u00f3w obj\u0119tych ochron\u0105 Miejskiego Konserwatora Zabytk\u00f3w, projekt b\u0119dzie musia\u0142 by\u0107 z nim uzgodniony.<\/p>\n<p>Pa\u0144stwowa Szko\u0142a Muzyczna znajduje si\u0119 przy ul. Siemi\u0144skiego od 65 lat. Szkolny budynek mie\u015bci maksymalnie 440 uczni\u00f3w. Nowa siedziba pozwoli zwi\u0119kszy\u0107 ich liczb\u0119, a przede wszystkim stworzy uczniom lepsze warunki rozwoju. A mieszka\u0144com Gliwic umo\u017cliwi podziwianie ich talent\u00f3w muzycznych w nowej sali koncertowej. <\/p>\n<p>Co stanie si\u0119 z dawn\u0105 siedzib\u0105 plac\u00f3wki? Jak poinformowa\u0142 nas rzecznik prezydenta miasta, <strong>Marek Jarz\u0119bowski<\/strong>, na ostateczn\u0105 decyzj\u0119 w tej sprawie jest jeszcze sporo czasu, ale najprawdopodobniej budynek zostanie wystawiony na sprzeda\u017c.<\/p>\n<p>(\u017cms)\/UM(a\u015b)<br \/>\nfot. arch. 24gliwice.pl, MSI<\/p>\n<div id=\"attachment_114497\" style=\"width: 1210px\" class=\"wp-caption alignnone\"><img loading=\"lazy\" decoding=\"async\" aria-describedby=\"caption-attachment-114497\" class=\"wp-image-114497 size-full\" src=\"https:\/\/www.24gliwice.pl\/wiadomosci\/wp-content\/uploads\/2018\/03\/psm1.jpg\" alt=\"\" width=\"1200\" height=\"675\" srcset=\"https:\/\/www.24gliwice.pl\/wiadomosci\/wp-content\/uploads\/2018\/03\/psm1.jpg 1200w, https:\/\/www.24gliwice.pl\/wiadomosci\/wp-content\/uploads\/2018\/03\/psm1-410x232.jpg 410w, https:\/\/www.24gliwice.pl\/wiadomosci\/wp-content\/uploads\/2018\/03\/psm1-768x432.jpg 768w, https:\/\/www.24gliwice.pl\/wiadomosci\/wp-content\/uploads\/2018\/03\/psm1-810x456.jpg 810w, https:\/\/www.24gliwice.pl\/wiadomosci\/wp-content\/uploads\/2018\/03\/psm1-1140x641.jpg 1140w\" sizes=\"auto, (max-width: 1200px) 100vw, 1200px\" \/><p id=\"caption-attachment-114497\" class=\"wp-caption-text\">Dotychczasowa siedziba Pa\u0144stwowej Szko\u0142y Muzycznej<\/p><\/div>\n<div class=\"gliwi-a5-na-koncu-artykulow gliwi-entity-placement\" id=\"gliwi-2239698564\"><div class=\"gliwi-adlabel\"><span style=\"font-size: 9px\">REKLAMA<\/span><\/div><div id=\"gliwi-1848386137\" style=\"margin-left: auto;margin-right: auto;text-align: center;\"><a data-no-instant=\"1\" href=\"https:\/\/www.jasek.pl\/\" rel=\"noopener\" class=\"a2t-link\" target=\"_blank\" aria-label=\"20200401-jasek 600\"><img loading=\"lazy\" decoding=\"async\" src=\"https:\/\/www.24gliwice.pl\/wiadomosci\/wp-content\/uploads\/2020\/04\/20200401-jasek-600.jpg\" alt=\"\"  srcset=\"https:\/\/www.24gliwice.pl\/wiadomosci\/wp-content\/uploads\/2020\/04\/20200401-jasek-600.jpg 600w, https:\/\/www.24gliwice.pl\/wiadomosci\/wp-content\/uploads\/2020\/04\/20200401-jasek-600-410x109.jpg 410w\" sizes=\"(max-width: 600px) 100vw, 600px\" class=\"no-lazyload\" width=\"600\" height=\"160\"  style=\"display: inline-block; max-width: 100%; height: auto;\" \/><\/a><\/div><\/div>","protected":false},"excerpt":{"rendered":"<p>Pa\u0144stwowa Szko\u0142a Muzyczna I i II stopnia im. Ludomira R\u00f3\u017cyckiego przeprowadzi si\u0119 z ul. Siemi\u0144skiego do budynku przy ul. ks. Ziemowita 12. Szkolny gmach zostanie przebudowany \u2013 powstan\u0105 nowe sale dydaktyczne, a sala gimnastyczna zmieni si\u0119 w koncertow\u0105. Miasto og\u0142osi\u0142o przetarg na projekt modernizacji nowej siedziby dla m\u0142odych muzyk\u00f3w. Do ko\u0144ca tego roku szkolnego w [&hellip;]<\/p>\n","protected":false},"author":15,"featured_media":114498,"comment_status":"open","ping_status":"closed","sticky":false,"template":"","format":"standard","meta":{"_monsterinsights_skip_tracking":false,"_monsterinsights_sitenote_active":false,"_monsterinsights_sitenote_note":"","_monsterinsights_sitenote_category":0,"footnotes":"","_links_to":"","_links_to_target":""},"categories":[3,1,9],"tags":[14899,7155,11590,5171,14898,9371],"class_list":["post-130557","post","type-post","status-publish","format-standard","has-post-thumbnail","hentry","category-gliwice","category-wszystko","category-aktualnosci_lokalne","tag-panstwowa-szkola-muzyczna","tag-psm","tag-sieminskiego","tag-szkola","tag-szkola-muzyczna","tag-ziemowita"],"yoast_head":"<!-- This site is optimized with the Yoast SEO plugin v27.5 - https:\/\/yoast.com\/product\/yoast-seo-wordpress\/ -->\n<title>Szko\u0142a muzyczna przeniesie si\u0119 do nowej siedziby. Budynek przy ulicy Ziemowita zostanie przebudowany - 24GLIWICE - Portal Gliwice | codziennie nowe informacje<\/title>\n<meta name=\"robots\" content=\"index, follow, max-snippet:-1, max-image-preview:large, max-video-preview:-1\" \/>\n<link rel=\"canonical\" href=\"https:\/\/www.24gliwice.pl\/wiadomosci\/szkola-muzyczna-przeniesie-sie-do-nowej-siedziby-budynek-przy-ulicy-ziemowita-zostanie-przebudowany\/\" \/>\n<meta property=\"og:locale\" content=\"pl_PL\" \/>\n<meta property=\"og:type\" content=\"article\" \/>\n<meta property=\"og:title\" content=\"Szko\u0142a muzyczna przeniesie si\u0119 do nowej siedziby. Budynek przy ulicy Ziemowita zostanie przebudowany - 24GLIWICE - Portal Gliwice | codziennie nowe informacje\" \/>\n<meta property=\"og:description\" content=\"Pa\u0144stwowa Szko\u0142a Muzyczna I i II stopnia im. Ludomira R\u00f3\u017cyckiego przeprowadzi si\u0119 z ul. Siemi\u0144skiego do budynku przy ul. ks. Ziemowita 12. Szkolny gmach zostanie przebudowany \u2013 powstan\u0105 nowe sale dydaktyczne, a sala gimnastyczna zmieni si\u0119 w koncertow\u0105. Miasto og\u0142osi\u0142o przetarg na projekt modernizacji nowej siedziby dla m\u0142odych muzyk\u00f3w. Do ko\u0144ca tego roku szkolnego w [&hellip;]\" \/>\n<meta property=\"og:url\" content=\"https:\/\/www.24gliwice.pl\/wiadomosci\/szkola-muzyczna-przeniesie-sie-do-nowej-siedziby-budynek-przy-ulicy-ziemowita-zostanie-przebudowany\/\" \/>\n<meta property=\"og:site_name\" content=\"24GLIWICE - Portal Gliwice | codziennie nowe informacje\" \/>\n<meta property=\"article:publisher\" content=\"https:\/\/www.facebook.com\/24gliwice\" \/>\n<meta property=\"article:published_time\" content=\"2019-02-18T11:50:02+00:00\" \/>\n<meta property=\"article:modified_time\" content=\"2019-02-18T12:48:32+00:00\" \/>\n<meta property=\"og:image\" content=\"https:\/\/www.24gliwice.pl\/wiadomosci\/wp-content\/uploads\/2018\/03\/psm2.jpg\" \/>\n\t<meta property=\"og:image:width\" content=\"1200\" \/>\n\t<meta property=\"og:image:height\" content=\"675\" \/>\n\t<meta property=\"og:image:type\" content=\"image\/jpeg\" \/>\n<meta name=\"author\" content=\"\u017baneta Mrozek-Siewierska\" \/>\n<meta name=\"twitter:card\" content=\"summary_large_image\" \/>\n<meta name=\"twitter:creator\" content=\"@24gliwice\" \/>\n<meta name=\"twitter:site\" content=\"@24gliwice\" \/>\n<meta name=\"twitter:label1\" content=\"Napisane przez\" \/>\n\t<meta name=\"twitter:data1\" content=\"\u017baneta Mrozek-Siewierska\" \/>\n\t<meta name=\"twitter:label2\" content=\"Szacowany czas czytania\" \/>\n\t<meta name=\"twitter:data2\" content=\"3 minuty\" \/>\n<script type=\"application\/ld+json\" class=\"yoast-schema-graph\">{\"@context\":\"https:\\\/\\\/schema.org\",\"@graph\":[{\"@type\":\"Article\",\"@id\":\"https:\\\/\\\/www.24gliwice.pl\\\/wiadomosci\\\/szkola-muzyczna-przeniesie-sie-do-nowej-siedziby-budynek-przy-ulicy-ziemowita-zostanie-przebudowany\\\/#article\",\"isPartOf\":{\"@id\":\"https:\\\/\\\/www.24gliwice.pl\\\/wiadomosci\\\/szkola-muzyczna-przeniesie-sie-do-nowej-siedziby-budynek-przy-ulicy-ziemowita-zostanie-przebudowany\\\/\"},\"author\":{\"name\":\"\u017baneta Mrozek-Siewierska\",\"@id\":\"https:\\\/\\\/www.24gliwice.pl\\\/wiadomosci\\\/#\\\/schema\\\/person\\\/e42c650edd7f2fa332be3811fb166b6e\"},\"headline\":\"Szko\u0142a muzyczna przeniesie si\u0119 do nowej siedziby. Budynek przy ulicy Ziemowita zostanie przebudowany\",\"datePublished\":\"2019-02-18T11:50:02+00:00\",\"dateModified\":\"2019-02-18T12:48:32+00:00\",\"mainEntityOfPage\":{\"@id\":\"https:\\\/\\\/www.24gliwice.pl\\\/wiadomosci\\\/szkola-muzyczna-przeniesie-sie-do-nowej-siedziby-budynek-przy-ulicy-ziemowita-zostanie-przebudowany\\\/\"},\"wordCount\":587,\"commentCount\":0,\"publisher\":{\"@id\":\"https:\\\/\\\/www.24gliwice.pl\\\/wiadomosci\\\/#organization\"},\"image\":{\"@id\":\"https:\\\/\\\/www.24gliwice.pl\\\/wiadomosci\\\/szkola-muzyczna-przeniesie-sie-do-nowej-siedziby-budynek-przy-ulicy-ziemowita-zostanie-przebudowany\\\/#primaryimage\"},\"thumbnailUrl\":\"https:\\\/\\\/www.24gliwice.pl\\\/wiadomosci\\\/wp-content\\\/uploads\\\/2018\\\/03\\\/psm2.jpg\",\"keywords\":[\"pa\u0144stwowa szko\u0142a muzyczna\",\"psm\",\"SIEMI\u0143SKIEGO\",\"SZKO\u0141A\",\"szko\u0142a muzyczna\",\"ziemowita\"],\"articleSection\":[\"Gliwice\",\"Najnowsze wiadomo\u015bci\",\"Portal Gliwice - Wiadomo\u015bci lokalne\"],\"inLanguage\":\"pl-PL\",\"potentialAction\":[{\"@type\":\"CommentAction\",\"name\":\"Comment\",\"target\":[\"https:\\\/\\\/www.24gliwice.pl\\\/wiadomosci\\\/szkola-muzyczna-przeniesie-sie-do-nowej-siedziby-budynek-przy-ulicy-ziemowita-zostanie-przebudowany\\\/#respond\"]}]},{\"@type\":\"WebPage\",\"@id\":\"https:\\\/\\\/www.24gliwice.pl\\\/wiadomosci\\\/szkola-muzyczna-przeniesie-sie-do-nowej-siedziby-budynek-przy-ulicy-ziemowita-zostanie-przebudowany\\\/\",\"url\":\"https:\\\/\\\/www.24gliwice.pl\\\/wiadomosci\\\/szkola-muzyczna-przeniesie-sie-do-nowej-siedziby-budynek-przy-ulicy-ziemowita-zostanie-przebudowany\\\/\",\"name\":\"Szko\u0142a muzyczna przeniesie si\u0119 do nowej siedziby. Budynek przy ulicy Ziemowita zostanie przebudowany - 24GLIWICE - Portal Gliwice | codziennie nowe informacje\",\"isPartOf\":{\"@id\":\"https:\\\/\\\/www.24gliwice.pl\\\/wiadomosci\\\/#website\"},\"primaryImageOfPage\":{\"@id\":\"https:\\\/\\\/www.24gliwice.pl\\\/wiadomosci\\\/szkola-muzyczna-przeniesie-sie-do-nowej-siedziby-budynek-przy-ulicy-ziemowita-zostanie-przebudowany\\\/#primaryimage\"},\"image\":{\"@id\":\"https:\\\/\\\/www.24gliwice.pl\\\/wiadomosci\\\/szkola-muzyczna-przeniesie-sie-do-nowej-siedziby-budynek-przy-ulicy-ziemowita-zostanie-przebudowany\\\/#primaryimage\"},\"thumbnailUrl\":\"https:\\\/\\\/www.24gliwice.pl\\\/wiadomosci\\\/wp-content\\\/uploads\\\/2018\\\/03\\\/psm2.jpg\",\"datePublished\":\"2019-02-18T11:50:02+00:00\",\"dateModified\":\"2019-02-18T12:48:32+00:00\",\"breadcrumb\":{\"@id\":\"https:\\\/\\\/www.24gliwice.pl\\\/wiadomosci\\\/szkola-muzyczna-przeniesie-sie-do-nowej-siedziby-budynek-przy-ulicy-ziemowita-zostanie-przebudowany\\\/#breadcrumb\"},\"inLanguage\":\"pl-PL\",\"potentialAction\":[{\"@type\":\"ReadAction\",\"target\":[\"https:\\\/\\\/www.24gliwice.pl\\\/wiadomosci\\\/szkola-muzyczna-przeniesie-sie-do-nowej-siedziby-budynek-przy-ulicy-ziemowita-zostanie-przebudowany\\\/\"]}]},{\"@type\":\"ImageObject\",\"inLanguage\":\"pl-PL\",\"@id\":\"https:\\\/\\\/www.24gliwice.pl\\\/wiadomosci\\\/szkola-muzyczna-przeniesie-sie-do-nowej-siedziby-budynek-przy-ulicy-ziemowita-zostanie-przebudowany\\\/#primaryimage\",\"url\":\"https:\\\/\\\/www.24gliwice.pl\\\/wiadomosci\\\/wp-content\\\/uploads\\\/2018\\\/03\\\/psm2.jpg\",\"contentUrl\":\"https:\\\/\\\/www.24gliwice.pl\\\/wiadomosci\\\/wp-content\\\/uploads\\\/2018\\\/03\\\/psm2.jpg\",\"width\":1200,\"height\":675,\"caption\":\"Budynek przy ul. Ziemowita 12, gdzie wkr\u00f3tce wprowadzi si\u0119 PSM.\"},{\"@type\":\"BreadcrumbList\",\"@id\":\"https:\\\/\\\/www.24gliwice.pl\\\/wiadomosci\\\/szkola-muzyczna-przeniesie-sie-do-nowej-siedziby-budynek-przy-ulicy-ziemowita-zostanie-przebudowany\\\/#breadcrumb\",\"itemListElement\":[{\"@type\":\"ListItem\",\"position\":1,\"name\":\"Strona g\u0142\u00f3wna\",\"item\":\"https:\\\/\\\/www.24gliwice.pl\\\/wiadomosci\\\/\"},{\"@type\":\"ListItem\",\"position\":2,\"name\":\"Szko\u0142a muzyczna przeniesie si\u0119 do nowej siedziby. Budynek przy ulicy Ziemowita zostanie przebudowany\"}]},{\"@type\":\"WebSite\",\"@id\":\"https:\\\/\\\/www.24gliwice.pl\\\/wiadomosci\\\/#website\",\"url\":\"https:\\\/\\\/www.24gliwice.pl\\\/wiadomosci\\\/\",\"name\":\"24GLIWICE - Portal Gliwice | codziennie nowe wiadomo\u015bci\",\"description\":\"Portal Miejski Gliwice\",\"publisher\":{\"@id\":\"https:\\\/\\\/www.24gliwice.pl\\\/wiadomosci\\\/#organization\"},\"potentialAction\":[{\"@type\":\"SearchAction\",\"target\":{\"@type\":\"EntryPoint\",\"urlTemplate\":\"https:\\\/\\\/www.24gliwice.pl\\\/wiadomosci\\\/?s={search_term_string}\"},\"query-input\":{\"@type\":\"PropertyValueSpecification\",\"valueRequired\":true,\"valueName\":\"search_term_string\"}}],\"inLanguage\":\"pl-PL\"},{\"@type\":\"Organization\",\"@id\":\"https:\\\/\\\/www.24gliwice.pl\\\/wiadomosci\\\/#organization\",\"name\":\"24gliwice\",\"url\":\"https:\\\/\\\/www.24gliwice.pl\\\/wiadomosci\\\/\",\"logo\":{\"@type\":\"ImageObject\",\"inLanguage\":\"pl-PL\",\"@id\":\"https:\\\/\\\/www.24gliwice.pl\\\/wiadomosci\\\/#\\\/schema\\\/logo\\\/image\\\/\",\"url\":\"https:\\\/\\\/www.24gliwice.pl\\\/wiadomosci\\\/wp-content\\\/uploads\\\/2024\\\/10\\\/24gliwice-logo-696.jpg\",\"contentUrl\":\"https:\\\/\\\/www.24gliwice.pl\\\/wiadomosci\\\/wp-content\\\/uploads\\\/2024\\\/10\\\/24gliwice-logo-696.jpg\",\"width\":696,\"height\":696,\"caption\":\"24gliwice\"},\"image\":{\"@id\":\"https:\\\/\\\/www.24gliwice.pl\\\/wiadomosci\\\/#\\\/schema\\\/logo\\\/image\\\/\"},\"sameAs\":[\"https:\\\/\\\/www.facebook.com\\\/24gliwice\",\"https:\\\/\\\/x.com\\\/24gliwice\",\"https:\\\/\\\/www.youtube.com\\\/@24gliwice\"]},{\"@type\":\"Person\",\"@id\":\"https:\\\/\\\/www.24gliwice.pl\\\/wiadomosci\\\/#\\\/schema\\\/person\\\/e42c650edd7f2fa332be3811fb166b6e\",\"name\":\"\u017baneta Mrozek-Siewierska\",\"image\":{\"@type\":\"ImageObject\",\"inLanguage\":\"pl-PL\",\"@id\":\"https:\\\/\\\/secure.gravatar.com\\\/avatar\\\/1881429e9c64597c77ad7aef2d0a19be69a3253e57534d16aa15bf3a4d34a0a3?s=96&d=mm&r=g\",\"url\":\"https:\\\/\\\/secure.gravatar.com\\\/avatar\\\/1881429e9c64597c77ad7aef2d0a19be69a3253e57534d16aa15bf3a4d34a0a3?s=96&d=mm&r=g\",\"contentUrl\":\"https:\\\/\\\/secure.gravatar.com\\\/avatar\\\/1881429e9c64597c77ad7aef2d0a19be69a3253e57534d16aa15bf3a4d34a0a3?s=96&d=mm&r=g\",\"caption\":\"\u017baneta Mrozek-Siewierska\"},\"url\":\"https:\\\/\\\/www.24gliwice.pl\\\/wiadomosci\\\/author\\\/zms\\\/\"}]}<\/script>\n<!-- \/ Yoast SEO plugin. -->","yoast_head_json":{"title":"Szko\u0142a muzyczna przeniesie si\u0119 do nowej siedziby. Budynek przy ulicy Ziemowita zostanie przebudowany - 24GLIWICE - Portal Gliwice | codziennie nowe informacje","robots":{"index":"index","follow":"follow","max-snippet":"max-snippet:-1","max-image-preview":"max-image-preview:large","max-video-preview":"max-video-preview:-1"},"canonical":"https:\/\/www.24gliwice.pl\/wiadomosci\/szkola-muzyczna-przeniesie-sie-do-nowej-siedziby-budynek-przy-ulicy-ziemowita-zostanie-przebudowany\/","og_locale":"pl_PL","og_type":"article","og_title":"Szko\u0142a muzyczna przeniesie si\u0119 do nowej siedziby. Budynek przy ulicy Ziemowita zostanie przebudowany - 24GLIWICE - Portal Gliwice | codziennie nowe informacje","og_description":"Pa\u0144stwowa Szko\u0142a Muzyczna I i II stopnia im. Ludomira R\u00f3\u017cyckiego przeprowadzi si\u0119 z ul. Siemi\u0144skiego do budynku przy ul. ks. Ziemowita 12. Szkolny gmach zostanie przebudowany \u2013 powstan\u0105 nowe sale dydaktyczne, a sala gimnastyczna zmieni si\u0119 w koncertow\u0105. Miasto og\u0142osi\u0142o przetarg na projekt modernizacji nowej siedziby dla m\u0142odych muzyk\u00f3w. Do ko\u0144ca tego roku szkolnego w [&hellip;]","og_url":"https:\/\/www.24gliwice.pl\/wiadomosci\/szkola-muzyczna-przeniesie-sie-do-nowej-siedziby-budynek-przy-ulicy-ziemowita-zostanie-przebudowany\/","og_site_name":"24GLIWICE - Portal Gliwice | codziennie nowe informacje","article_publisher":"https:\/\/www.facebook.com\/24gliwice","article_published_time":"2019-02-18T11:50:02+00:00","article_modified_time":"2019-02-18T12:48:32+00:00","og_image":[{"width":1200,"height":675,"url":"https:\/\/www.24gliwice.pl\/wiadomosci\/wp-content\/uploads\/2018\/03\/psm2.jpg","type":"image\/jpeg"}],"author":"\u017baneta Mrozek-Siewierska","twitter_card":"summary_large_image","twitter_creator":"@24gliwice","twitter_site":"@24gliwice","twitter_misc":{"Napisane przez":"\u017baneta Mrozek-Siewierska","Szacowany czas czytania":"3 minuty"},"schema":{"@context":"https:\/\/schema.org","@graph":[{"@type":"Article","@id":"https:\/\/www.24gliwice.pl\/wiadomosci\/szkola-muzyczna-przeniesie-sie-do-nowej-siedziby-budynek-przy-ulicy-ziemowita-zostanie-przebudowany\/#article","isPartOf":{"@id":"https:\/\/www.24gliwice.pl\/wiadomosci\/szkola-muzyczna-przeniesie-sie-do-nowej-siedziby-budynek-przy-ulicy-ziemowita-zostanie-przebudowany\/"},"author":{"name":"\u017baneta Mrozek-Siewierska","@id":"https:\/\/www.24gliwice.pl\/wiadomosci\/#\/schema\/person\/e42c650edd7f2fa332be3811fb166b6e"},"headline":"Szko\u0142a muzyczna przeniesie si\u0119 do nowej siedziby. Budynek przy ulicy Ziemowita zostanie przebudowany","datePublished":"2019-02-18T11:50:02+00:00","dateModified":"2019-02-18T12:48:32+00:00","mainEntityOfPage":{"@id":"https:\/\/www.24gliwice.pl\/wiadomosci\/szkola-muzyczna-przeniesie-sie-do-nowej-siedziby-budynek-przy-ulicy-ziemowita-zostanie-przebudowany\/"},"wordCount":587,"commentCount":0,"publisher":{"@id":"https:\/\/www.24gliwice.pl\/wiadomosci\/#organization"},"image":{"@id":"https:\/\/www.24gliwice.pl\/wiadomosci\/szkola-muzyczna-przeniesie-sie-do-nowej-siedziby-budynek-przy-ulicy-ziemowita-zostanie-przebudowany\/#primaryimage"},"thumbnailUrl":"https:\/\/www.24gliwice.pl\/wiadomosci\/wp-content\/uploads\/2018\/03\/psm2.jpg","keywords":["pa\u0144stwowa szko\u0142a muzyczna","psm","SIEMI\u0143SKIEGO","SZKO\u0141A","szko\u0142a muzyczna","ziemowita"],"articleSection":["Gliwice","Najnowsze wiadomo\u015bci","Portal Gliwice - Wiadomo\u015bci lokalne"],"inLanguage":"pl-PL","potentialAction":[{"@type":"CommentAction","name":"Comment","target":["https:\/\/www.24gliwice.pl\/wiadomosci\/szkola-muzyczna-przeniesie-sie-do-nowej-siedziby-budynek-przy-ulicy-ziemowita-zostanie-przebudowany\/#respond"]}]},{"@type":"WebPage","@id":"https:\/\/www.24gliwice.pl\/wiadomosci\/szkola-muzyczna-przeniesie-sie-do-nowej-siedziby-budynek-przy-ulicy-ziemowita-zostanie-przebudowany\/","url":"https:\/\/www.24gliwice.pl\/wiadomosci\/szkola-muzyczna-przeniesie-sie-do-nowej-siedziby-budynek-przy-ulicy-ziemowita-zostanie-przebudowany\/","name":"Szko\u0142a muzyczna przeniesie si\u0119 do nowej siedziby. Budynek przy ulicy Ziemowita zostanie przebudowany - 24GLIWICE - Portal Gliwice | codziennie nowe informacje","isPartOf":{"@id":"https:\/\/www.24gliwice.pl\/wiadomosci\/#website"},"primaryImageOfPage":{"@id":"https:\/\/www.24gliwice.pl\/wiadomosci\/szkola-muzyczna-przeniesie-sie-do-nowej-siedziby-budynek-przy-ulicy-ziemowita-zostanie-przebudowany\/#primaryimage"},"image":{"@id":"https:\/\/www.24gliwice.pl\/wiadomosci\/szkola-muzyczna-przeniesie-sie-do-nowej-siedziby-budynek-przy-ulicy-ziemowita-zostanie-przebudowany\/#primaryimage"},"thumbnailUrl":"https:\/\/www.24gliwice.pl\/wiadomosci\/wp-content\/uploads\/2018\/03\/psm2.jpg","datePublished":"2019-02-18T11:50:02+00:00","dateModified":"2019-02-18T12:48:32+00:00","breadcrumb":{"@id":"https:\/\/www.24gliwice.pl\/wiadomosci\/szkola-muzyczna-przeniesie-sie-do-nowej-siedziby-budynek-przy-ulicy-ziemowita-zostanie-przebudowany\/#breadcrumb"},"inLanguage":"pl-PL","potentialAction":[{"@type":"ReadAction","target":["https:\/\/www.24gliwice.pl\/wiadomosci\/szkola-muzyczna-przeniesie-sie-do-nowej-siedziby-budynek-przy-ulicy-ziemowita-zostanie-przebudowany\/"]}]},{"@type":"ImageObject","inLanguage":"pl-PL","@id":"https:\/\/www.24gliwice.pl\/wiadomosci\/szkola-muzyczna-przeniesie-sie-do-nowej-siedziby-budynek-przy-ulicy-ziemowita-zostanie-przebudowany\/#primaryimage","url":"https:\/\/www.24gliwice.pl\/wiadomosci\/wp-content\/uploads\/2018\/03\/psm2.jpg","contentUrl":"https:\/\/www.24gliwice.pl\/wiadomosci\/wp-content\/uploads\/2018\/03\/psm2.jpg","width":1200,"height":675,"caption":"Budynek przy ul. Ziemowita 12, gdzie wkr\u00f3tce wprowadzi si\u0119 PSM."},{"@type":"BreadcrumbList","@id":"https:\/\/www.24gliwice.pl\/wiadomosci\/szkola-muzyczna-przeniesie-sie-do-nowej-siedziby-budynek-przy-ulicy-ziemowita-zostanie-przebudowany\/#breadcrumb","itemListElement":[{"@type":"ListItem","position":1,"name":"Strona g\u0142\u00f3wna","item":"https:\/\/www.24gliwice.pl\/wiadomosci\/"},{"@type":"ListItem","position":2,"name":"Szko\u0142a muzyczna przeniesie si\u0119 do nowej siedziby. Budynek przy ulicy Ziemowita zostanie przebudowany"}]},{"@type":"WebSite","@id":"https:\/\/www.24gliwice.pl\/wiadomosci\/#website","url":"https:\/\/www.24gliwice.pl\/wiadomosci\/","name":"24GLIWICE - Portal Gliwice | codziennie nowe wiadomo\u015bci","description":"Portal Miejski Gliwice","publisher":{"@id":"https:\/\/www.24gliwice.pl\/wiadomosci\/#organization"},"potentialAction":[{"@type":"SearchAction","target":{"@type":"EntryPoint","urlTemplate":"https:\/\/www.24gliwice.pl\/wiadomosci\/?s={search_term_string}"},"query-input":{"@type":"PropertyValueSpecification","valueRequired":true,"valueName":"search_term_string"}}],"inLanguage":"pl-PL"},{"@type":"Organization","@id":"https:\/\/www.24gliwice.pl\/wiadomosci\/#organization","name":"24gliwice","url":"https:\/\/www.24gliwice.pl\/wiadomosci\/","logo":{"@type":"ImageObject","inLanguage":"pl-PL","@id":"https:\/\/www.24gliwice.pl\/wiadomosci\/#\/schema\/logo\/image\/","url":"https:\/\/www.24gliwice.pl\/wiadomosci\/wp-content\/uploads\/2024\/10\/24gliwice-logo-696.jpg","contentUrl":"https:\/\/www.24gliwice.pl\/wiadomosci\/wp-content\/uploads\/2024\/10\/24gliwice-logo-696.jpg","width":696,"height":696,"caption":"24gliwice"},"image":{"@id":"https:\/\/www.24gliwice.pl\/wiadomosci\/#\/schema\/logo\/image\/"},"sameAs":["https:\/\/www.facebook.com\/24gliwice","https:\/\/x.com\/24gliwice","https:\/\/www.youtube.com\/@24gliwice"]},{"@type":"Person","@id":"https:\/\/www.24gliwice.pl\/wiadomosci\/#\/schema\/person\/e42c650edd7f2fa332be3811fb166b6e","name":"\u017baneta Mrozek-Siewierska","image":{"@type":"ImageObject","inLanguage":"pl-PL","@id":"https:\/\/secure.gravatar.com\/avatar\/1881429e9c64597c77ad7aef2d0a19be69a3253e57534d16aa15bf3a4d34a0a3?s=96&d=mm&r=g","url":"https:\/\/secure.gravatar.com\/avatar\/1881429e9c64597c77ad7aef2d0a19be69a3253e57534d16aa15bf3a4d34a0a3?s=96&d=mm&r=g","contentUrl":"https:\/\/secure.gravatar.com\/avatar\/1881429e9c64597c77ad7aef2d0a19be69a3253e57534d16aa15bf3a4d34a0a3?s=96&d=mm&r=g","caption":"\u017baneta Mrozek-Siewierska"},"url":"https:\/\/www.24gliwice.pl\/wiadomosci\/author\/zms\/"}]}},"_links":{"self":[{"href":"https:\/\/www.24gliwice.pl\/wiadomosci\/wp-json\/wp\/v2\/posts\/130557","targetHints":{"allow":["GET"]}}],"collection":[{"href":"https:\/\/www.24gliwice.pl\/wiadomosci\/wp-json\/wp\/v2\/posts"}],"about":[{"href":"https:\/\/www.24gliwice.pl\/wiadomosci\/wp-json\/wp\/v2\/types\/post"}],"author":[{"embeddable":true,"href":"https:\/\/www.24gliwice.pl\/wiadomosci\/wp-json\/wp\/v2\/users\/15"}],"replies":[{"embeddable":true,"href":"https:\/\/www.24gliwice.pl\/wiadomosci\/wp-json\/wp\/v2\/comments?post=130557"}],"version-history":[{"count":0,"href":"https:\/\/www.24gliwice.pl\/wiadomosci\/wp-json\/wp\/v2\/posts\/130557\/revisions"}],"wp:featuredmedia":[{"embeddable":true,"href":"https:\/\/www.24gliwice.pl\/wiadomosci\/wp-json\/wp\/v2\/media\/114498"}],"wp:attachment":[{"href":"https:\/\/www.24gliwice.pl\/wiadomosci\/wp-json\/wp\/v2\/media?parent=130557"}],"wp:term":[{"taxonomy":"category","embeddable":true,"href":"https:\/\/www.24gliwice.pl\/wiadomosci\/wp-json\/wp\/v2\/categories?post=130557"},{"taxonomy":"post_tag","embeddable":true,"href":"https:\/\/www.24gliwice.pl\/wiadomosci\/wp-json\/wp\/v2\/tags?post=130557"}],"curies":[{"name":"wp","href":"https:\/\/api.w.org\/{rel}","templated":true}]}}