{"id":130612,"date":"2019-02-19T02:41:57","date_gmt":"2019-02-19T01:41:57","guid":{"rendered":"https:\/\/www.24gliwice.pl\/wiadomosci\/?p=130612"},"modified":"2019-02-19T02:41:57","modified_gmt":"2019-02-19T01:41:57","slug":"modernizacja-ul-zwyciestwa-najszybciej-za-2-lata-wiadomo-juz-ktory-wariant-wybral-zdm","status":"publish","type":"post","link":"https:\/\/www.24gliwice.pl\/wiadomosci\/modernizacja-ul-zwyciestwa-najszybciej-za-2-lata-wiadomo-juz-ktory-wariant-wybral-zdm\/","title":{"rendered":"Modernizacja ul. Zwyci\u0119stwa najszybciej za 2 lata. Wiadomo ju\u017c, kt\u00f3ry wariant wybra\u0142 ZDM"},"content":{"rendered":"<div class=\"gliwi-a6-nad-leadem-artykulow gliwi-entity-placement\" id=\"gliwi-1745722321\"><div class=\"gliwi-adlabel\"><span style=\"font-size: 9px\">REKLAMA<\/span><\/div><div id=\"gliwi-4008573024\" style=\"margin-bottom: 30px;margin-left: auto;margin-right: auto;text-align: center;\"><a data-no-instant=\"1\" href=\"https:\/\/przedszkole.halogen.org.pl\/\" rel=\"noopener\" class=\"a2t-link\" target=\"_blank\" aria-label=\"20260402-ANIMATOR-przedszkole_grafika_750x200\"><img loading=\"lazy\" decoding=\"async\" src=\"https:\/\/www.24gliwice.pl\/wiadomosci\/wp-content\/uploads\/2026\/04\/20260402-ANIMATOR-przedszkole_grafika_750x200.webp\" alt=\"\"  srcset=\"https:\/\/www.24gliwice.pl\/wiadomosci\/wp-content\/uploads\/2026\/04\/20260402-ANIMATOR-przedszkole_grafika_750x200.webp 750w, https:\/\/www.24gliwice.pl\/wiadomosci\/wp-content\/uploads\/2026\/04\/20260402-ANIMATOR-przedszkole_grafika_750x200-410x109.webp 410w\" sizes=\"(max-width: 750px) 100vw, 750px\" class=\"no-lazyload\" width=\"750\" height=\"200\"  style=\"display: inline-block; max-width: 100%; height: auto;\" \/><\/a><\/div><\/div><h3>Zarz\u0105d Dr\u00f3g Miejskich wybra\u0142 ostatecznie jeden z kilku opracowanych wariant\u00f3w koncepcji przebudowy ul. Zwyci\u0119stwa. Na sam\u0105 realizacj\u0119 jednak jeszcze troch\u0119 poczekamy. Drogowcy zaplanowali prowadzenie w\u0142a\u015bciwych rob\u00f3t budowlanych na lata 2021-2022.<\/h3>\n<p>&#8211; Obecnie trwaj\u0105 przygotowania do og\u0142oszenia przetargu na wykonanie dokumentacji projektowej dla tego zadania &#8211; informuje nas <strong>Anna Gilner<\/strong>, dyrektor Zarz\u0105du Dr\u00f3g Miejskich w Gliwicach. &#8211; Jako podstaw\u0119 do przygotowania dokumentacji projektowej zamawiaj\u0105cy wybra\u0142 wariant rekomendowany przez jednostk\u0119 projektow\u0105 (pracownia architektoniczna PROjARCH &#8211; <strong>red.<\/strong>) wariant 6b, kt\u00f3ry zosta\u0142 zaprezentowany w mediach &#8211; dodaje.<\/p>\n<p>Przypomnijmy, PROjARCH przygotowa\u0142 sze\u015b\u0107 wariant\u00f3w przebudowy. Miasto zaprezentowa\u0142o opinii publicznej tylko jeden z nich. Wybrana koncepcja obejmuje odcinek ulicy Zwyci\u0119stwa, od skrzy\u017cowania z ul. Dubois do skrzy\u017cowania z placem Inwalid\u00f3w Wojennych. Zmiany zaproponowane przez projektanta dotycz\u0105 zw\u0119\u017cenia jezdni i budowy dodatkowego pasa ruchu, kt\u00f3rym porusza\u0142by si\u0119 pojazd alternatywny dla obecnie funkcjonuj\u0105cego autobusu.<\/p><div class=\"gliwi-a3-w-tresci-artykulow gliwi-entity-placement\" id=\"gliwi-2538311450\"><div class=\"gliwi-adlabel\"><span style=\"font-size: 9px\">REKLAMA<\/span><\/div><div id=\"gliwi-1170881161\" style=\"margin-bottom: 30px;margin-left: auto;margin-right: auto;text-align: center;\"><a data-no-instant=\"1\" href=\"https:\/\/zlobek.halogen.org.pl\/\" rel=\"noopener\" class=\"a2t-link\" target=\"_blank\" aria-label=\"animator-zlobek_750x200\"><img loading=\"lazy\" decoding=\"async\" src=\"https:\/\/www.24gliwice.pl\/wiadomosci\/wp-content\/uploads\/2026\/02\/animator-zlobek_750x200.webp\" alt=\"\"  srcset=\"https:\/\/www.24gliwice.pl\/wiadomosci\/wp-content\/uploads\/2026\/02\/animator-zlobek_750x200.webp 750w, https:\/\/www.24gliwice.pl\/wiadomosci\/wp-content\/uploads\/2026\/02\/animator-zlobek_750x200-410x109.webp 410w\" sizes=\"(max-width: 750px) 100vw, 750px\" class=\"no-lazyload\" width=\"750\" height=\"200\"  style=\"display: inline-block; max-width: 100%; height: auto;\" \/><\/a><\/div><\/div>\n<p><img loading=\"lazy\" decoding=\"async\" class=\"alignleft wp-image-126289 size-full\" src=\"https:\/\/www.24gliwice.pl\/wiadomosci\/wp-content\/uploads\/2018\/11\/zwyci\u0119stwa-persp-w-kierunku-pkp.jpg\" alt=\"\" width=\"880\" height=\"482\" srcset=\"https:\/\/www.24gliwice.pl\/wiadomosci\/wp-content\/uploads\/2018\/11\/zwyci\u0119stwa-persp-w-kierunku-pkp.jpg 880w, https:\/\/www.24gliwice.pl\/wiadomosci\/wp-content\/uploads\/2018\/11\/zwyci\u0119stwa-persp-w-kierunku-pkp-410x225.jpg 410w, https:\/\/www.24gliwice.pl\/wiadomosci\/wp-content\/uploads\/2018\/11\/zwyci\u0119stwa-persp-w-kierunku-pkp-768x421.jpg 768w, https:\/\/www.24gliwice.pl\/wiadomosci\/wp-content\/uploads\/2018\/11\/zwyci\u0119stwa-persp-w-kierunku-pkp-810x444.jpg 810w\" sizes=\"auto, (max-width: 880px) 100vw, 880px\" \/><\/p>\n<p>Przewidziana zosta\u0142a tak\u017ce strefa ograniczonej pr\u0119dko\u015bci do 30 km\/h i chodniki &#8220;dw\u00f3ch pr\u0119dko\u015bci&#8221;. Chodnik o szeroko\u015bci 4 m przeznaczony do szybkiego przemieszczania si\u0119, prowadzi\u0142by od dworca PKP w kierunku Rynku po stronie lewej patrz\u0105c od strony star\u00f3wki. Natomiast w\u0119\u017cszy chodnik o szeroko\u015bci 3,5 m, zaopatrzony zosta\u0142by w miejsca dla zieleni, \u0142awki i miejsca postojowe dla rower\u00f3w.<\/p>\n<p>Urz\u0119dnicy nie zdecydowali si\u0119 natomiast nawet na cz\u0119\u015bciowe zamkni\u0119cie ulicy i uczynienie ze\u0144 deptaka. Arteria b\u0119dzie mia\u0142a pe\u0142n\u0105 przepustowo\u015b\u0107. Nie znajdzie si\u0119 na niej tak\u017ce droga rowerowa.<\/p>\n<p><iframe loading=\"lazy\" src=\"https:\/\/www.youtube.com\/embed\/GZBPDJ_KQq8\" width=\"810\" height=\"456\" frameborder=\"0\" allowfullscreen=\"allowfullscreen\"><\/iframe><\/p>\n<h4>BEZ KONSULTACJI Z MIESZKA\u0143CAMI<\/h4>\n<p>&#8211; Koncepcja jest pewnym otwarciem rozmowy na temat ul. Zwyci\u0119stwa w Gliwicach &#8211; m\u00f3wi\u0142 <a href=\"https:\/\/www.24gliwice.pl\/wiadomosci\/ewolucja-a-nie-rewolucja-rozmawiamy-z-autorem-koncepcji-przebudowy-ul-zwyciestwa\/\">w programie Pod Pras\u0105<\/a> w listopadzie ubieg\u0142ego roku <strong>Damian Ka\u0142donek<\/strong>, szef PROjARCHu i g\u0142\u00f3wny autor koncepcji przebudowy Zwyci\u0119stwa. &#8211; Teraz jest to czas aby zorganizowa\u0107 konsultacje spo\u0142eczne i szeroko rozumiane warsztaty, tak aby ka\u017cdy m\u00f3g\u0142 si\u0119 wypowiedzie\u0107 na temat tego co zobaczy\u0142. W\u00f3wczas mo\u017cemy wr\u00f3ci\u0107 do oceny tych koncepcji i wyci\u0105gn\u0105\u0107 wnioski, kt\u00f3re zako\u0144cz\u0105 si\u0119 opracowaniem projektowym &#8211; dodawa\u0142.<\/p>\n<p>\u017byczenie projektanta nie zostanie jednak spe\u0142nione. Urz\u0119dnicy nie planuj\u0105 pyta\u0107 o ocen\u0119 projektu mieszka\u0144c\u00f3w miasta.<\/p>\n<p>&#8211; Obecnie nie s\u0105 przewidziane konsultacje w tej sprawie &#8211; informuje <strong>Anna Gilner<\/strong>. &#8211; Na etapie opracowywania wielowariantowej koncepcji przebudowy ul. Zwyci\u0119stwa Jednostka Projektowa spotyka\u0142a si\u0119 m. in. z Gliwick\u0105 Rad\u0105 Rowerow\u0105, przedstawicielami OSOM, Rad\u0105 Mieszka\u0144c\u00f3w \u015ar\u00f3dmie\u015bcie, przedstawicielami os\u00f3b niepe\u0142nosprawnych. Spotkania mia\u0142y na celu podj\u0119cie dialogu o przestrzeni ul. Zwyci\u0119stwa &#8211; komentuje.<\/p>\n<p>W 2019 roku wybrany zostanie wykonawca dokumentacji projektowej. Gliwickie do\u015bwiadczenie uczy, \u017ce projekt mo\u017ce znacznie odbiega\u0107 od za\u0142o\u017ce\u0144 przedstawionych w koncepcji (tak by\u0142o w przypadku Centrum Przesiadkowego). Wydaje si\u0119 jednak, \u017ce strategia obrana przez Magistrat wobec ul. Zwyci\u0119stwa jest jasna. To ma by\u0107 zachowawcza ewolucja, a oczekuj\u0105cy rewolucyjnych zmian musz\u0105 obej\u015b\u0107 si\u0119 smakiem.<\/p>\n<p style=\"padding-left: 60px;\"><em><strong>O ZDANIE NIKT NAS NIE ZAPYTA &#8211; KOMENTARZ<\/strong><br \/>\nJaka powinna by\u0107 ulica Zwyci\u0119stwa? Ka\u017cdy z nas ma pewnie swoj\u0105 odpowied\u017a. Maj\u0105 j\u0105 najwyra\u017aniej te\u017c urz\u0119dnicy, kt\u00f3rzy arbitralnie zdecyduj\u0105 za nas o wygl\u0105dzie najwa\u017cniejszej ulicy miasta. Niech\u0119\u0107 Magistratu do prowadzenia konsultacji z mieszka\u0144cami to sta\u0142a niezmienna, na trwale wpisana ju\u017c w krajobraz gliwickiej samorz\u0105dno\u015bci. To tak\u017ce odwr\u00f3cenie si\u0119 plecami do spo\u0142ecznik\u00f3w organizuj\u0105cych akcje miejskie w tej sprawie (np. \u017bywa Ulica). To wyraz braku zaufania Urz\u0119du do opinii &#8220;przeci\u0119tnego Kowalskiego&#8221;, ale przede wszystkim pokaz si\u0142y i wiary we w\u0142asn\u0105 nieomylno\u015b\u0107. <\/em><\/p>\n<p style=\"padding-left: 60px;\">Micha\u0142 Szewczyk<\/p>\n<div class=\"gliwi-a5-na-koncu-artykulow gliwi-entity-placement\" id=\"gliwi-3372588402\"><div class=\"gliwi-adlabel\"><span style=\"font-size: 9px\">REKLAMA<\/span><\/div><div id=\"gliwi-3343637152\" style=\"margin-left: auto;margin-right: auto;text-align: center;\"><a data-no-instant=\"1\" href=\"https:\/\/prezeroarenagliwice.pl\/\" rel=\"noopener\" class=\"a2t-link\" target=\"_blank\" aria-label=\"20260309-PREZERO-WIOSNA-D\"><img loading=\"lazy\" decoding=\"async\" src=\"https:\/\/www.24gliwice.pl\/wiadomosci\/wp-content\/uploads\/2026\/03\/20260309-PREZERO-WIOSNA-D.webp\" alt=\"\"  srcset=\"https:\/\/www.24gliwice.pl\/wiadomosci\/wp-content\/uploads\/2026\/03\/20260309-PREZERO-WIOSNA-D.webp 750w, https:\/\/www.24gliwice.pl\/wiadomosci\/wp-content\/uploads\/2026\/03\/20260309-PREZERO-WIOSNA-D-410x109.webp 410w\" sizes=\"(max-width: 750px) 100vw, 750px\" class=\"no-lazyload\" width=\"750\" height=\"200\"  style=\"display: inline-block; max-width: 100%; height: auto;\" \/><\/a><\/div><\/div>","protected":false},"excerpt":{"rendered":"<p>Zarz\u0105d Dr\u00f3g Miejskich wybra\u0142 ostatecznie jeden z kilku opracowanych wariant\u00f3w koncepcji przebudowy ul. Zwyci\u0119stwa. Na sam\u0105 realizacj\u0119 jednak jeszcze troch\u0119 poczekamy. Drogowcy zaplanowali prowadzenie w\u0142a\u015bciwych rob\u00f3t budowlanych na lata 2021-2022. &#8211; Obecnie trwaj\u0105 przygotowania do og\u0142oszenia przetargu na wykonanie dokumentacji projektowej dla tego zadania &#8211; informuje nas Anna Gilner, dyrektor Zarz\u0105du Dr\u00f3g Miejskich w Gliwicach. [&hellip;]<\/p>\n","protected":false},"author":12,"featured_media":126305,"comment_status":"open","ping_status":"closed","sticky":false,"template":"","format":"standard","meta":{"_monsterinsights_skip_tracking":false,"_monsterinsights_sitenote_active":false,"_monsterinsights_sitenote_note":"","_monsterinsights_sitenote_category":0,"footnotes":"","_links_to":"","_links_to_target":""},"categories":[3,1,9],"tags":[10695,282],"class_list":["post-130612","post","type-post","status-publish","format-standard","has-post-thumbnail","hentry","category-gliwice","category-wszystko","category-aktualnosci_lokalne","tag-kaldonek","tag-zwyciestwa"],"yoast_head":"<!-- This site is optimized with the Yoast SEO plugin v27.5 - https:\/\/yoast.com\/product\/yoast-seo-wordpress\/ -->\n<title>Modernizacja ul. Zwyci\u0119stwa najszybciej za 2 lata. Wiadomo ju\u017c, kt\u00f3ry wariant wybra\u0142 ZDM - 24GLIWICE - Portal Gliwice | codziennie nowe informacje<\/title>\n<meta name=\"robots\" content=\"index, follow, max-snippet:-1, max-image-preview:large, max-video-preview:-1\" \/>\n<link rel=\"canonical\" href=\"https:\/\/www.24gliwice.pl\/wiadomosci\/modernizacja-ul-zwyciestwa-najszybciej-za-2-lata-wiadomo-juz-ktory-wariant-wybral-zdm\/\" \/>\n<meta property=\"og:locale\" content=\"pl_PL\" \/>\n<meta property=\"og:type\" content=\"article\" \/>\n<meta property=\"og:title\" content=\"Modernizacja ul. Zwyci\u0119stwa najszybciej za 2 lata. Wiadomo ju\u017c, kt\u00f3ry wariant wybra\u0142 ZDM - 24GLIWICE - Portal Gliwice | codziennie nowe informacje\" \/>\n<meta property=\"og:description\" content=\"Zarz\u0105d Dr\u00f3g Miejskich wybra\u0142 ostatecznie jeden z kilku opracowanych wariant\u00f3w koncepcji przebudowy ul. Zwyci\u0119stwa. Na sam\u0105 realizacj\u0119 jednak jeszcze troch\u0119 poczekamy. Drogowcy zaplanowali prowadzenie w\u0142a\u015bciwych rob\u00f3t budowlanych na lata 2021-2022. &#8211; Obecnie trwaj\u0105 przygotowania do og\u0142oszenia przetargu na wykonanie dokumentacji projektowej dla tego zadania &#8211; informuje nas Anna Gilner, dyrektor Zarz\u0105du Dr\u00f3g Miejskich w Gliwicach. [&hellip;]\" \/>\n<meta property=\"og:url\" content=\"https:\/\/www.24gliwice.pl\/wiadomosci\/modernizacja-ul-zwyciestwa-najszybciej-za-2-lata-wiadomo-juz-ktory-wariant-wybral-zdm\/\" \/>\n<meta property=\"og:site_name\" content=\"24GLIWICE - Portal Gliwice | codziennie nowe informacje\" \/>\n<meta property=\"article:publisher\" content=\"https:\/\/www.facebook.com\/24gliwice\" \/>\n<meta property=\"article:published_time\" content=\"2019-02-19T01:41:57+00:00\" \/>\n<meta property=\"og:image\" content=\"https:\/\/www.24gliwice.pl\/wiadomosci\/wp-content\/uploads\/2018\/11\/zwyciestwa-wyszy\u0144skiego-1.jpg\" \/>\n\t<meta property=\"og:image:width\" content=\"746\" \/>\n\t<meta property=\"og:image:height\" content=\"420\" \/>\n\t<meta property=\"og:image:type\" content=\"image\/jpeg\" \/>\n<meta name=\"author\" content=\"Micha\u0142 Szewczyk\" \/>\n<meta name=\"twitter:card\" content=\"summary_large_image\" \/>\n<meta name=\"twitter:creator\" content=\"@24gliwice\" \/>\n<meta name=\"twitter:site\" content=\"@24gliwice\" \/>\n<meta name=\"twitter:label1\" content=\"Napisane przez\" \/>\n\t<meta name=\"twitter:data1\" content=\"Micha\u0142 Szewczyk\" \/>\n\t<meta name=\"twitter:label2\" content=\"Szacowany czas czytania\" \/>\n\t<meta name=\"twitter:data2\" content=\"3 minuty\" \/>\n<script type=\"application\/ld+json\" class=\"yoast-schema-graph\">{\"@context\":\"https:\\\/\\\/schema.org\",\"@graph\":[{\"@type\":\"Article\",\"@id\":\"https:\\\/\\\/www.24gliwice.pl\\\/wiadomosci\\\/modernizacja-ul-zwyciestwa-najszybciej-za-2-lata-wiadomo-juz-ktory-wariant-wybral-zdm\\\/#article\",\"isPartOf\":{\"@id\":\"https:\\\/\\\/www.24gliwice.pl\\\/wiadomosci\\\/modernizacja-ul-zwyciestwa-najszybciej-za-2-lata-wiadomo-juz-ktory-wariant-wybral-zdm\\\/\"},\"author\":{\"name\":\"Micha\u0142 Szewczyk\",\"@id\":\"https:\\\/\\\/www.24gliwice.pl\\\/wiadomosci\\\/#\\\/schema\\\/person\\\/940e8f8a097e322de4f463f061ef8d45\"},\"headline\":\"Modernizacja ul. Zwyci\u0119stwa najszybciej za 2 lata. Wiadomo ju\u017c, kt\u00f3ry wariant wybra\u0142 ZDM\",\"datePublished\":\"2019-02-19T01:41:57+00:00\",\"mainEntityOfPage\":{\"@id\":\"https:\\\/\\\/www.24gliwice.pl\\\/wiadomosci\\\/modernizacja-ul-zwyciestwa-najszybciej-za-2-lata-wiadomo-juz-ktory-wariant-wybral-zdm\\\/\"},\"wordCount\":618,\"commentCount\":0,\"publisher\":{\"@id\":\"https:\\\/\\\/www.24gliwice.pl\\\/wiadomosci\\\/#organization\"},\"image\":{\"@id\":\"https:\\\/\\\/www.24gliwice.pl\\\/wiadomosci\\\/modernizacja-ul-zwyciestwa-najszybciej-za-2-lata-wiadomo-juz-ktory-wariant-wybral-zdm\\\/#primaryimage\"},\"thumbnailUrl\":\"https:\\\/\\\/www.24gliwice.pl\\\/wiadomosci\\\/wp-content\\\/uploads\\\/2018\\\/11\\\/zwyciestwa-wyszy\u0144skiego-1.jpg\",\"keywords\":[\"ka\u0142donek\",\"ZWYCI\u0118STWA\"],\"articleSection\":[\"Gliwice\",\"Najnowsze wiadomo\u015bci\",\"Portal Gliwice - Wiadomo\u015bci lokalne\"],\"inLanguage\":\"pl-PL\",\"potentialAction\":[{\"@type\":\"CommentAction\",\"name\":\"Comment\",\"target\":[\"https:\\\/\\\/www.24gliwice.pl\\\/wiadomosci\\\/modernizacja-ul-zwyciestwa-najszybciej-za-2-lata-wiadomo-juz-ktory-wariant-wybral-zdm\\\/#respond\"]}]},{\"@type\":\"WebPage\",\"@id\":\"https:\\\/\\\/www.24gliwice.pl\\\/wiadomosci\\\/modernizacja-ul-zwyciestwa-najszybciej-za-2-lata-wiadomo-juz-ktory-wariant-wybral-zdm\\\/\",\"url\":\"https:\\\/\\\/www.24gliwice.pl\\\/wiadomosci\\\/modernizacja-ul-zwyciestwa-najszybciej-za-2-lata-wiadomo-juz-ktory-wariant-wybral-zdm\\\/\",\"name\":\"Modernizacja ul. Zwyci\u0119stwa najszybciej za 2 lata. Wiadomo ju\u017c, kt\u00f3ry wariant wybra\u0142 ZDM - 24GLIWICE - Portal Gliwice | codziennie nowe informacje\",\"isPartOf\":{\"@id\":\"https:\\\/\\\/www.24gliwice.pl\\\/wiadomosci\\\/#website\"},\"primaryImageOfPage\":{\"@id\":\"https:\\\/\\\/www.24gliwice.pl\\\/wiadomosci\\\/modernizacja-ul-zwyciestwa-najszybciej-za-2-lata-wiadomo-juz-ktory-wariant-wybral-zdm\\\/#primaryimage\"},\"image\":{\"@id\":\"https:\\\/\\\/www.24gliwice.pl\\\/wiadomosci\\\/modernizacja-ul-zwyciestwa-najszybciej-za-2-lata-wiadomo-juz-ktory-wariant-wybral-zdm\\\/#primaryimage\"},\"thumbnailUrl\":\"https:\\\/\\\/www.24gliwice.pl\\\/wiadomosci\\\/wp-content\\\/uploads\\\/2018\\\/11\\\/zwyciestwa-wyszy\u0144skiego-1.jpg\",\"datePublished\":\"2019-02-19T01:41:57+00:00\",\"breadcrumb\":{\"@id\":\"https:\\\/\\\/www.24gliwice.pl\\\/wiadomosci\\\/modernizacja-ul-zwyciestwa-najszybciej-za-2-lata-wiadomo-juz-ktory-wariant-wybral-zdm\\\/#breadcrumb\"},\"inLanguage\":\"pl-PL\",\"potentialAction\":[{\"@type\":\"ReadAction\",\"target\":[\"https:\\\/\\\/www.24gliwice.pl\\\/wiadomosci\\\/modernizacja-ul-zwyciestwa-najszybciej-za-2-lata-wiadomo-juz-ktory-wariant-wybral-zdm\\\/\"]}]},{\"@type\":\"ImageObject\",\"inLanguage\":\"pl-PL\",\"@id\":\"https:\\\/\\\/www.24gliwice.pl\\\/wiadomosci\\\/modernizacja-ul-zwyciestwa-najszybciej-za-2-lata-wiadomo-juz-ktory-wariant-wybral-zdm\\\/#primaryimage\",\"url\":\"https:\\\/\\\/www.24gliwice.pl\\\/wiadomosci\\\/wp-content\\\/uploads\\\/2018\\\/11\\\/zwyciestwa-wyszy\u0144skiego-1.jpg\",\"contentUrl\":\"https:\\\/\\\/www.24gliwice.pl\\\/wiadomosci\\\/wp-content\\\/uploads\\\/2018\\\/11\\\/zwyciestwa-wyszy\u0144skiego-1.jpg\",\"width\":746,\"height\":420},{\"@type\":\"BreadcrumbList\",\"@id\":\"https:\\\/\\\/www.24gliwice.pl\\\/wiadomosci\\\/modernizacja-ul-zwyciestwa-najszybciej-za-2-lata-wiadomo-juz-ktory-wariant-wybral-zdm\\\/#breadcrumb\",\"itemListElement\":[{\"@type\":\"ListItem\",\"position\":1,\"name\":\"Strona g\u0142\u00f3wna\",\"item\":\"https:\\\/\\\/www.24gliwice.pl\\\/wiadomosci\\\/\"},{\"@type\":\"ListItem\",\"position\":2,\"name\":\"Modernizacja ul. Zwyci\u0119stwa najszybciej za 2 lata. Wiadomo ju\u017c, kt\u00f3ry wariant wybra\u0142 ZDM\"}]},{\"@type\":\"WebSite\",\"@id\":\"https:\\\/\\\/www.24gliwice.pl\\\/wiadomosci\\\/#website\",\"url\":\"https:\\\/\\\/www.24gliwice.pl\\\/wiadomosci\\\/\",\"name\":\"24GLIWICE - Portal Gliwice | codziennie nowe wiadomo\u015bci\",\"description\":\"Portal Miejski Gliwice\",\"publisher\":{\"@id\":\"https:\\\/\\\/www.24gliwice.pl\\\/wiadomosci\\\/#organization\"},\"potentialAction\":[{\"@type\":\"SearchAction\",\"target\":{\"@type\":\"EntryPoint\",\"urlTemplate\":\"https:\\\/\\\/www.24gliwice.pl\\\/wiadomosci\\\/?s={search_term_string}\"},\"query-input\":{\"@type\":\"PropertyValueSpecification\",\"valueRequired\":true,\"valueName\":\"search_term_string\"}}],\"inLanguage\":\"pl-PL\"},{\"@type\":\"Organization\",\"@id\":\"https:\\\/\\\/www.24gliwice.pl\\\/wiadomosci\\\/#organization\",\"name\":\"24gliwice\",\"url\":\"https:\\\/\\\/www.24gliwice.pl\\\/wiadomosci\\\/\",\"logo\":{\"@type\":\"ImageObject\",\"inLanguage\":\"pl-PL\",\"@id\":\"https:\\\/\\\/www.24gliwice.pl\\\/wiadomosci\\\/#\\\/schema\\\/logo\\\/image\\\/\",\"url\":\"https:\\\/\\\/www.24gliwice.pl\\\/wiadomosci\\\/wp-content\\\/uploads\\\/2024\\\/10\\\/24gliwice-logo-696.jpg\",\"contentUrl\":\"https:\\\/\\\/www.24gliwice.pl\\\/wiadomosci\\\/wp-content\\\/uploads\\\/2024\\\/10\\\/24gliwice-logo-696.jpg\",\"width\":696,\"height\":696,\"caption\":\"24gliwice\"},\"image\":{\"@id\":\"https:\\\/\\\/www.24gliwice.pl\\\/wiadomosci\\\/#\\\/schema\\\/logo\\\/image\\\/\"},\"sameAs\":[\"https:\\\/\\\/www.facebook.com\\\/24gliwice\",\"https:\\\/\\\/x.com\\\/24gliwice\",\"https:\\\/\\\/www.youtube.com\\\/@24gliwice\"]},{\"@type\":\"Person\",\"@id\":\"https:\\\/\\\/www.24gliwice.pl\\\/wiadomosci\\\/#\\\/schema\\\/person\\\/940e8f8a097e322de4f463f061ef8d45\",\"name\":\"Micha\u0142 Szewczyk\",\"image\":{\"@type\":\"ImageObject\",\"inLanguage\":\"pl-PL\",\"@id\":\"https:\\\/\\\/secure.gravatar.com\\\/avatar\\\/771b8b6c74cd8d255e46392d605e01a86133900ef09b6ef3c8d451c9d92288cf?s=96&d=mm&r=g\",\"url\":\"https:\\\/\\\/secure.gravatar.com\\\/avatar\\\/771b8b6c74cd8d255e46392d605e01a86133900ef09b6ef3c8d451c9d92288cf?s=96&d=mm&r=g\",\"contentUrl\":\"https:\\\/\\\/secure.gravatar.com\\\/avatar\\\/771b8b6c74cd8d255e46392d605e01a86133900ef09b6ef3c8d451c9d92288cf?s=96&d=mm&r=g\",\"caption\":\"Micha\u0142 Szewczyk\"},\"sameAs\":[\"http:\\\/\\\/www.gazeta-miejska.pl\"],\"url\":\"https:\\\/\\\/www.24gliwice.pl\\\/wiadomosci\\\/author\\\/michal-szewczyk\\\/\"}]}<\/script>\n<!-- \/ Yoast SEO plugin. -->","yoast_head_json":{"title":"Modernizacja ul. Zwyci\u0119stwa najszybciej za 2 lata. Wiadomo ju\u017c, kt\u00f3ry wariant wybra\u0142 ZDM - 24GLIWICE - Portal Gliwice | codziennie nowe informacje","robots":{"index":"index","follow":"follow","max-snippet":"max-snippet:-1","max-image-preview":"max-image-preview:large","max-video-preview":"max-video-preview:-1"},"canonical":"https:\/\/www.24gliwice.pl\/wiadomosci\/modernizacja-ul-zwyciestwa-najszybciej-za-2-lata-wiadomo-juz-ktory-wariant-wybral-zdm\/","og_locale":"pl_PL","og_type":"article","og_title":"Modernizacja ul. Zwyci\u0119stwa najszybciej za 2 lata. Wiadomo ju\u017c, kt\u00f3ry wariant wybra\u0142 ZDM - 24GLIWICE - Portal Gliwice | codziennie nowe informacje","og_description":"Zarz\u0105d Dr\u00f3g Miejskich wybra\u0142 ostatecznie jeden z kilku opracowanych wariant\u00f3w koncepcji przebudowy ul. Zwyci\u0119stwa. Na sam\u0105 realizacj\u0119 jednak jeszcze troch\u0119 poczekamy. Drogowcy zaplanowali prowadzenie w\u0142a\u015bciwych rob\u00f3t budowlanych na lata 2021-2022. &#8211; Obecnie trwaj\u0105 przygotowania do og\u0142oszenia przetargu na wykonanie dokumentacji projektowej dla tego zadania &#8211; informuje nas Anna Gilner, dyrektor Zarz\u0105du Dr\u00f3g Miejskich w Gliwicach. [&hellip;]","og_url":"https:\/\/www.24gliwice.pl\/wiadomosci\/modernizacja-ul-zwyciestwa-najszybciej-za-2-lata-wiadomo-juz-ktory-wariant-wybral-zdm\/","og_site_name":"24GLIWICE - Portal Gliwice | codziennie nowe informacje","article_publisher":"https:\/\/www.facebook.com\/24gliwice","article_published_time":"2019-02-19T01:41:57+00:00","og_image":[{"width":746,"height":420,"url":"https:\/\/www.24gliwice.pl\/wiadomosci\/wp-content\/uploads\/2018\/11\/zwyciestwa-wyszy\u0144skiego-1.jpg","type":"image\/jpeg"}],"author":"Micha\u0142 Szewczyk","twitter_card":"summary_large_image","twitter_creator":"@24gliwice","twitter_site":"@24gliwice","twitter_misc":{"Napisane przez":"Micha\u0142 Szewczyk","Szacowany czas czytania":"3 minuty"},"schema":{"@context":"https:\/\/schema.org","@graph":[{"@type":"Article","@id":"https:\/\/www.24gliwice.pl\/wiadomosci\/modernizacja-ul-zwyciestwa-najszybciej-za-2-lata-wiadomo-juz-ktory-wariant-wybral-zdm\/#article","isPartOf":{"@id":"https:\/\/www.24gliwice.pl\/wiadomosci\/modernizacja-ul-zwyciestwa-najszybciej-za-2-lata-wiadomo-juz-ktory-wariant-wybral-zdm\/"},"author":{"name":"Micha\u0142 Szewczyk","@id":"https:\/\/www.24gliwice.pl\/wiadomosci\/#\/schema\/person\/940e8f8a097e322de4f463f061ef8d45"},"headline":"Modernizacja ul. Zwyci\u0119stwa najszybciej za 2 lata. Wiadomo ju\u017c, kt\u00f3ry wariant wybra\u0142 ZDM","datePublished":"2019-02-19T01:41:57+00:00","mainEntityOfPage":{"@id":"https:\/\/www.24gliwice.pl\/wiadomosci\/modernizacja-ul-zwyciestwa-najszybciej-za-2-lata-wiadomo-juz-ktory-wariant-wybral-zdm\/"},"wordCount":618,"commentCount":0,"publisher":{"@id":"https:\/\/www.24gliwice.pl\/wiadomosci\/#organization"},"image":{"@id":"https:\/\/www.24gliwice.pl\/wiadomosci\/modernizacja-ul-zwyciestwa-najszybciej-za-2-lata-wiadomo-juz-ktory-wariant-wybral-zdm\/#primaryimage"},"thumbnailUrl":"https:\/\/www.24gliwice.pl\/wiadomosci\/wp-content\/uploads\/2018\/11\/zwyciestwa-wyszy\u0144skiego-1.jpg","keywords":["ka\u0142donek","ZWYCI\u0118STWA"],"articleSection":["Gliwice","Najnowsze wiadomo\u015bci","Portal Gliwice - Wiadomo\u015bci lokalne"],"inLanguage":"pl-PL","potentialAction":[{"@type":"CommentAction","name":"Comment","target":["https:\/\/www.24gliwice.pl\/wiadomosci\/modernizacja-ul-zwyciestwa-najszybciej-za-2-lata-wiadomo-juz-ktory-wariant-wybral-zdm\/#respond"]}]},{"@type":"WebPage","@id":"https:\/\/www.24gliwice.pl\/wiadomosci\/modernizacja-ul-zwyciestwa-najszybciej-za-2-lata-wiadomo-juz-ktory-wariant-wybral-zdm\/","url":"https:\/\/www.24gliwice.pl\/wiadomosci\/modernizacja-ul-zwyciestwa-najszybciej-za-2-lata-wiadomo-juz-ktory-wariant-wybral-zdm\/","name":"Modernizacja ul. Zwyci\u0119stwa najszybciej za 2 lata. Wiadomo ju\u017c, kt\u00f3ry wariant wybra\u0142 ZDM - 24GLIWICE - Portal Gliwice | codziennie nowe informacje","isPartOf":{"@id":"https:\/\/www.24gliwice.pl\/wiadomosci\/#website"},"primaryImageOfPage":{"@id":"https:\/\/www.24gliwice.pl\/wiadomosci\/modernizacja-ul-zwyciestwa-najszybciej-za-2-lata-wiadomo-juz-ktory-wariant-wybral-zdm\/#primaryimage"},"image":{"@id":"https:\/\/www.24gliwice.pl\/wiadomosci\/modernizacja-ul-zwyciestwa-najszybciej-za-2-lata-wiadomo-juz-ktory-wariant-wybral-zdm\/#primaryimage"},"thumbnailUrl":"https:\/\/www.24gliwice.pl\/wiadomosci\/wp-content\/uploads\/2018\/11\/zwyciestwa-wyszy\u0144skiego-1.jpg","datePublished":"2019-02-19T01:41:57+00:00","breadcrumb":{"@id":"https:\/\/www.24gliwice.pl\/wiadomosci\/modernizacja-ul-zwyciestwa-najszybciej-za-2-lata-wiadomo-juz-ktory-wariant-wybral-zdm\/#breadcrumb"},"inLanguage":"pl-PL","potentialAction":[{"@type":"ReadAction","target":["https:\/\/www.24gliwice.pl\/wiadomosci\/modernizacja-ul-zwyciestwa-najszybciej-za-2-lata-wiadomo-juz-ktory-wariant-wybral-zdm\/"]}]},{"@type":"ImageObject","inLanguage":"pl-PL","@id":"https:\/\/www.24gliwice.pl\/wiadomosci\/modernizacja-ul-zwyciestwa-najszybciej-za-2-lata-wiadomo-juz-ktory-wariant-wybral-zdm\/#primaryimage","url":"https:\/\/www.24gliwice.pl\/wiadomosci\/wp-content\/uploads\/2018\/11\/zwyciestwa-wyszy\u0144skiego-1.jpg","contentUrl":"https:\/\/www.24gliwice.pl\/wiadomosci\/wp-content\/uploads\/2018\/11\/zwyciestwa-wyszy\u0144skiego-1.jpg","width":746,"height":420},{"@type":"BreadcrumbList","@id":"https:\/\/www.24gliwice.pl\/wiadomosci\/modernizacja-ul-zwyciestwa-najszybciej-za-2-lata-wiadomo-juz-ktory-wariant-wybral-zdm\/#breadcrumb","itemListElement":[{"@type":"ListItem","position":1,"name":"Strona g\u0142\u00f3wna","item":"https:\/\/www.24gliwice.pl\/wiadomosci\/"},{"@type":"ListItem","position":2,"name":"Modernizacja ul. Zwyci\u0119stwa najszybciej za 2 lata. Wiadomo ju\u017c, kt\u00f3ry wariant wybra\u0142 ZDM"}]},{"@type":"WebSite","@id":"https:\/\/www.24gliwice.pl\/wiadomosci\/#website","url":"https:\/\/www.24gliwice.pl\/wiadomosci\/","name":"24GLIWICE - Portal Gliwice | codziennie nowe wiadomo\u015bci","description":"Portal Miejski Gliwice","publisher":{"@id":"https:\/\/www.24gliwice.pl\/wiadomosci\/#organization"},"potentialAction":[{"@type":"SearchAction","target":{"@type":"EntryPoint","urlTemplate":"https:\/\/www.24gliwice.pl\/wiadomosci\/?s={search_term_string}"},"query-input":{"@type":"PropertyValueSpecification","valueRequired":true,"valueName":"search_term_string"}}],"inLanguage":"pl-PL"},{"@type":"Organization","@id":"https:\/\/www.24gliwice.pl\/wiadomosci\/#organization","name":"24gliwice","url":"https:\/\/www.24gliwice.pl\/wiadomosci\/","logo":{"@type":"ImageObject","inLanguage":"pl-PL","@id":"https:\/\/www.24gliwice.pl\/wiadomosci\/#\/schema\/logo\/image\/","url":"https:\/\/www.24gliwice.pl\/wiadomosci\/wp-content\/uploads\/2024\/10\/24gliwice-logo-696.jpg","contentUrl":"https:\/\/www.24gliwice.pl\/wiadomosci\/wp-content\/uploads\/2024\/10\/24gliwice-logo-696.jpg","width":696,"height":696,"caption":"24gliwice"},"image":{"@id":"https:\/\/www.24gliwice.pl\/wiadomosci\/#\/schema\/logo\/image\/"},"sameAs":["https:\/\/www.facebook.com\/24gliwice","https:\/\/x.com\/24gliwice","https:\/\/www.youtube.com\/@24gliwice"]},{"@type":"Person","@id":"https:\/\/www.24gliwice.pl\/wiadomosci\/#\/schema\/person\/940e8f8a097e322de4f463f061ef8d45","name":"Micha\u0142 Szewczyk","image":{"@type":"ImageObject","inLanguage":"pl-PL","@id":"https:\/\/secure.gravatar.com\/avatar\/771b8b6c74cd8d255e46392d605e01a86133900ef09b6ef3c8d451c9d92288cf?s=96&d=mm&r=g","url":"https:\/\/secure.gravatar.com\/avatar\/771b8b6c74cd8d255e46392d605e01a86133900ef09b6ef3c8d451c9d92288cf?s=96&d=mm&r=g","contentUrl":"https:\/\/secure.gravatar.com\/avatar\/771b8b6c74cd8d255e46392d605e01a86133900ef09b6ef3c8d451c9d92288cf?s=96&d=mm&r=g","caption":"Micha\u0142 Szewczyk"},"sameAs":["http:\/\/www.gazeta-miejska.pl"],"url":"https:\/\/www.24gliwice.pl\/wiadomosci\/author\/michal-szewczyk\/"}]}},"_links":{"self":[{"href":"https:\/\/www.24gliwice.pl\/wiadomosci\/wp-json\/wp\/v2\/posts\/130612","targetHints":{"allow":["GET"]}}],"collection":[{"href":"https:\/\/www.24gliwice.pl\/wiadomosci\/wp-json\/wp\/v2\/posts"}],"about":[{"href":"https:\/\/www.24gliwice.pl\/wiadomosci\/wp-json\/wp\/v2\/types\/post"}],"author":[{"embeddable":true,"href":"https:\/\/www.24gliwice.pl\/wiadomosci\/wp-json\/wp\/v2\/users\/12"}],"replies":[{"embeddable":true,"href":"https:\/\/www.24gliwice.pl\/wiadomosci\/wp-json\/wp\/v2\/comments?post=130612"}],"version-history":[{"count":0,"href":"https:\/\/www.24gliwice.pl\/wiadomosci\/wp-json\/wp\/v2\/posts\/130612\/revisions"}],"wp:featuredmedia":[{"embeddable":true,"href":"https:\/\/www.24gliwice.pl\/wiadomosci\/wp-json\/wp\/v2\/media\/126305"}],"wp:attachment":[{"href":"https:\/\/www.24gliwice.pl\/wiadomosci\/wp-json\/wp\/v2\/media?parent=130612"}],"wp:term":[{"taxonomy":"category","embeddable":true,"href":"https:\/\/www.24gliwice.pl\/wiadomosci\/wp-json\/wp\/v2\/categories?post=130612"},{"taxonomy":"post_tag","embeddable":true,"href":"https:\/\/www.24gliwice.pl\/wiadomosci\/wp-json\/wp\/v2\/tags?post=130612"}],"curies":[{"name":"wp","href":"https:\/\/api.w.org\/{rel}","templated":true}]}}