{"id":130671,"date":"2019-02-20T01:24:24","date_gmt":"2019-02-20T00:24:24","guid":{"rendered":"https:\/\/www.24gliwice.pl\/wiadomosci\/?p=130671"},"modified":"2019-02-20T01:24:24","modified_gmt":"2019-02-20T00:24:24","slug":"rekord-zachorowan-na-grype-w-wojewodztwie-slaskim-najgorzej-jest-w-gliwicach-zabrzu-i-powiecie","status":"publish","type":"post","link":"https:\/\/www.24gliwice.pl\/wiadomosci\/rekord-zachorowan-na-grype-w-wojewodztwie-slaskim-najgorzej-jest-w-gliwicach-zabrzu-i-powiecie\/","title":{"rendered":"Rekord zachorowa\u0144 na gryp\u0119 w wojew\u00f3dztwie \u015bl\u0105skim. Najgorzej jest w Gliwicach, Zabrzu i powiecie"},"content":{"rendered":"<div class=\"gliwi-a6-nad-leadem-artykulow gliwi-entity-placement\" id=\"gliwi-2913330561\"><div class=\"gliwi-adlabel\"><span style=\"font-size: 9px\">REKLAMA<\/span><\/div><div id=\"gliwi-2946630356\" style=\"margin-bottom: 25px;margin-left: auto;margin-right: auto;text-align: center;\"><a data-no-instant=\"1\" href=\"https:\/\/dom100.eu\/\" rel=\"noopener\" class=\"a2t-link\" target=\"_blank\" aria-label=\"20260415 DOM100 D\"><img loading=\"lazy\" decoding=\"async\" src=\"https:\/\/www.24gliwice.pl\/wiadomosci\/wp-content\/uploads\/2026\/04\/20260415-DOM100-D.jpg\" alt=\"\"  srcset=\"https:\/\/www.24gliwice.pl\/wiadomosci\/wp-content\/uploads\/2026\/04\/20260415-DOM100-D.jpg 750w, https:\/\/www.24gliwice.pl\/wiadomosci\/wp-content\/uploads\/2026\/04\/20260415-DOM100-D-410x109.jpg 410w\" sizes=\"(max-width: 750px) 100vw, 750px\" class=\"no-lazyload\" width=\"750\" height=\"200\"  style=\"display: inline-block; max-width: 100%; height: auto;\" \/><\/a><\/div><\/div><h3>Ponad 4,4 tysi\u0105ca os\u00f3b na terenie obj\u0119tym przez gliwicki Sanepid zapad\u0142o na gryp\u0119 w zaledwie 7 dni. Dla por\u00f3wnania na obszarze podlegaj\u0105cym pod stacj\u0119 w Katowicach by\u0142o to niespe\u0142na 800 przypadk\u00f3w. Og\u00f3\u0142em na terenie ca\u0142ego \u015al\u0105ska w okresie mi\u0119dzy 8 a 15 lutego zachorowa\u0142o \u0142\u0105cznie 27 tysi\u0119cy os\u00f3b.<\/h3>\n<p>Tak wielu zachorowa\u0144 na gryp\u0119 nie by\u0142o od lat &#8211; jak pokazuj\u0105 dane zebrane przez \u015bl\u0105sk\u0105 Wojew\u00f3dzk\u0105 Stacj\u0119 Sanitarno-Epidemiologiczn\u0105 liczba przypadk\u00f3w w tym samym przedziale czasowym w latach poprzednich zwi\u0119kszy\u0142a si\u0119 z 1187 w 2010 roku do 27,3 tysi\u0119cy w 2019 roku.<\/p>\n[perfectpullquote align=&#8221;full&#8221; bordertop=&#8221;false&#8221; cite=&#8221;&#8221; link=&#8221;&#8221; color=&#8221;&#8221; class=&#8221;&#8221; size=&#8221;&#8221;]W\u015br\u00f3d zara\u017conych spor\u0105 grup\u0119, bo oko\u0142o 10 tysi\u0119cy, stanowi\u0142y dzieci poni\u017cej 14 roku \u017cycia.[\/perfectpullquote]\n<p>&#8211; Wsp\u00f3\u0142czynnik zapadalno\u015bci na gryp\u0119 w drugim tygodniu lutego 2019 roku wyni\u00f3s\u0142 601,52\/100 tys. mieszka\u0144c\u00f3w i jest wy\u017cszy od wsp\u00f3\u0142czynnika zapadalno\u015bci w analogicznym okresie 2018 roku (487,98\/100 tys. mieszka\u0144c\u00f3w), jest to r\u00f3wnie\u017c najwy\u017cszy wsp\u00f3\u0142czynnik zapadalno\u015bci jaki zanotowano w wojew\u00f3dztwie \u015bl\u0105skim w por\u00f3wnaniu z analogicznymi okresami lat poprzednich (2010-2018) &#8211; podaje <strong>wojew\u00f3dzki Sanepid.<\/strong><\/p><div class=\"gliwi-a3-w-tresci-artykulow gliwi-entity-placement\" id=\"gliwi-3257106207\"><div class=\"gliwi-adlabel\"><span style=\"font-size: 9px\">REKLAMA<\/span><\/div><div id=\"gliwi-1938068930\" style=\"margin-bottom: 30px;margin-left: auto;margin-right: auto;text-align: center;\"><a data-no-instant=\"1\" href=\"https:\/\/ogrodyandersa.pl\/\" rel=\"noopener\" class=\"a2t-link\" target=\"_blank\" aria-label=\"20260415 Ogrody Andersa KUP TERAZ D\"><img loading=\"lazy\" decoding=\"async\" src=\"https:\/\/www.24gliwice.pl\/wiadomosci\/wp-content\/uploads\/2026\/04\/20260415-Ogrody-Andersa-KUP-TERAZ-D.jpg\" alt=\"\"  srcset=\"https:\/\/www.24gliwice.pl\/wiadomosci\/wp-content\/uploads\/2026\/04\/20260415-Ogrody-Andersa-KUP-TERAZ-D.jpg 750w, https:\/\/www.24gliwice.pl\/wiadomosci\/wp-content\/uploads\/2026\/04\/20260415-Ogrody-Andersa-KUP-TERAZ-D-410x109.jpg 410w\" sizes=\"(max-width: 750px) 100vw, 750px\" class=\"no-lazyload\" width=\"750\" height=\"200\"  style=\"display: inline-block; max-width: 100%; height: auto;\" \/><\/a><\/div><\/div>\n[perfectpullquote align=&#8221;full&#8221; bordertop=&#8221;false&#8221; cite=&#8221;&#8221; link=&#8221;&#8221; color=&#8221;&#8221; class=&#8221;&#8221; size=&#8221;&#8221;]Niestety cz\u0119\u015b\u0107 chorych musia\u0142a podj\u0105\u0107 leczenie w szpitalu, zdarzy\u0142y si\u0119 tak\u017ce przypadki \u015bmierci wskutek grypy.[\/perfectpullquote]\n<p>&#8211; W w\/w okresie hospitalizowano 179 os\u00f3b, w tym: 33 osoby z powodu objaw\u00f3w ze strony uk\u0142adu kr\u0105\u017cenia, 5 os\u00f3b z powodu objaw\u00f3w ze strony uk\u0142adu kr\u0105\u017cenia i uk\u0142adu oddechowego \u0142\u0105cznie, 139 os\u00f3b z powodu objaw\u00f3w ze strony uk\u0142adu oddechowego oraz 2 osoby z powodu innych objaw\u00f3w. W okresie od 8 do 15 lutego br. w wojew\u00f3dztwie \u015bl\u0105skim zarejestrowano 7 zgon\u00f3w z powodu grypy &#8211; czytamy w opracowaniu WSSE w Katowicach.<\/p>\n<h4>Czym jest grypa<\/h4>\n<p>Grypa jest ostr\u0105 chorob\u0105 wirusow\u0105, wywo\u0142ywan\u0105 najcz\u0119\u015bciej przez wirusy grypy A i B, rzadziej C. Namna\u017caj\u0105 si\u0119 one w kom\u00f3rkach nab\u0142onkowych g\u00f3rnego i dolnego odcinka dr\u00f3g oddechowych. Okres wyl\u0119gania grypy wynosi \u015brednio 2 dni, natomiast najwi\u0119ksza zaka\u017ano\u015b\u0107 wyst\u0119puje 1 dzie\u0144 przed i 3 do 5 dni po ust\u0105pieniu objaw\u00f3w.<\/p>\n[perfectpullquote align=&#8221;full&#8221; bordertop=&#8221;false&#8221; cite=&#8221;&#8221; link=&#8221;&#8221; color=&#8221;&#8221; class=&#8221;&#8221; size=&#8221;&#8221;]Choroba przenosi si\u0119 drog\u0105 kropelkow\u0105, przez kontakt bezpo\u015bredni z zaka\u017con\u0105 osob\u0105 lub przez kontakt ze ska\u017conymi powierzchniami i przedmiotami.[\/perfectpullquote]\n<p>Charakterystycznymi objawami klinicznymi s\u0105 wysoka gor\u0105czka, dreszcze, b\u00f3le mi\u0119\u015bniowo-stawowe, b\u00f3l gard\u0142a, b\u00f3l g\u0142owy, kaszel, katar oraz og\u00f3lne os\u0142abienie. Najcz\u0119\u015bciej zachorowania maj\u0105 przebieg lekki lub umiarkowany, jednak w najci\u0119\u017cszych przypadkach, zw\u0142aszcza u os\u00f3b z istniej\u0105cymi schorzeniami, choroba mo\u017ce sko\u0144czy\u0107 si\u0119 ci\u0119\u017ckimi powik\u0142aniami lub nawet \u015bmierci\u0105.<\/p>\n<p>(\u017cms)\/WSSE w Katowicach<\/p>\n<div class=\"gliwi-a5-na-koncu-artykulow gliwi-entity-placement\" id=\"gliwi-4099272060\"><div class=\"gliwi-adlabel\"><span style=\"font-size: 9px\">REKLAMA<\/span><\/div><div id=\"gliwi-4157211453\" style=\"margin-left: auto;margin-right: auto;text-align: center;\"><a data-no-instant=\"1\" href=\"https:\/\/prezeroarenagliwice.pl\/\" rel=\"noopener\" class=\"a2t-link\" target=\"_blank\" aria-label=\"20260309-PREZERO-WIOSNA-D\"><img loading=\"lazy\" decoding=\"async\" src=\"https:\/\/www.24gliwice.pl\/wiadomosci\/wp-content\/uploads\/2026\/03\/20260309-PREZERO-WIOSNA-D.webp\" alt=\"\"  srcset=\"https:\/\/www.24gliwice.pl\/wiadomosci\/wp-content\/uploads\/2026\/03\/20260309-PREZERO-WIOSNA-D.webp 750w, https:\/\/www.24gliwice.pl\/wiadomosci\/wp-content\/uploads\/2026\/03\/20260309-PREZERO-WIOSNA-D-410x109.webp 410w\" sizes=\"(max-width: 750px) 100vw, 750px\" class=\"no-lazyload\" width=\"750\" height=\"200\"  style=\"display: inline-block; max-width: 100%; height: auto;\" \/><\/a><\/div><\/div>","protected":false},"excerpt":{"rendered":"<p>Ponad 4,4 tysi\u0105ca os\u00f3b na terenie obj\u0119tym przez gliwicki Sanepid zapad\u0142o na gryp\u0119 w zaledwie 7 dni. Dla por\u00f3wnania na obszarze podlegaj\u0105cym pod stacj\u0119 w Katowicach by\u0142o to niespe\u0142na 800 przypadk\u00f3w. Og\u00f3\u0142em na terenie ca\u0142ego \u015al\u0105ska w okresie mi\u0119dzy 8 a 15 lutego zachorowa\u0142o \u0142\u0105cznie 27 tysi\u0119cy os\u00f3b. Tak wielu zachorowa\u0144 na gryp\u0119 nie by\u0142o [&hellip;]<\/p>\n","protected":false},"author":15,"featured_media":130679,"comment_status":"open","ping_status":"closed","sticky":false,"template":"","format":"standard","meta":{"_monsterinsights_skip_tracking":false,"_monsterinsights_sitenote_active":false,"_monsterinsights_sitenote_note":"","_monsterinsights_sitenote_category":0,"footnotes":"","_links_to":"","_links_to_target":""},"categories":[3,1,9],"tags":[14203,8456,8459],"class_list":["post-130671","post","type-post","status-publish","format-standard","has-post-thumbnail","hentry","category-gliwice","category-wszystko","category-aktualnosci_lokalne","tag-chorzy","tag-grypa","tag-sanepid"],"yoast_head":"<!-- This site is optimized with the Yoast SEO plugin v27.5 - https:\/\/yoast.com\/product\/yoast-seo-wordpress\/ -->\n<title>Rekord zachorowa\u0144 na gryp\u0119 w wojew\u00f3dztwie \u015bl\u0105skim. Najgorzej jest w Gliwicach, Zabrzu i powiecie - 24GLIWICE - Portal Gliwice | codziennie nowe informacje<\/title>\n<meta name=\"robots\" content=\"index, follow, max-snippet:-1, max-image-preview:large, max-video-preview:-1\" \/>\n<link rel=\"canonical\" href=\"https:\/\/www.24gliwice.pl\/wiadomosci\/rekord-zachorowan-na-grype-w-wojewodztwie-slaskim-najgorzej-jest-w-gliwicach-zabrzu-i-powiecie\/\" \/>\n<meta property=\"og:locale\" content=\"pl_PL\" \/>\n<meta property=\"og:type\" content=\"article\" \/>\n<meta property=\"og:title\" content=\"Rekord zachorowa\u0144 na gryp\u0119 w wojew\u00f3dztwie \u015bl\u0105skim. Najgorzej jest w Gliwicach, Zabrzu i powiecie - 24GLIWICE - Portal Gliwice | codziennie nowe informacje\" \/>\n<meta property=\"og:description\" content=\"Ponad 4,4 tysi\u0105ca os\u00f3b na terenie obj\u0119tym przez gliwicki Sanepid zapad\u0142o na gryp\u0119 w zaledwie 7 dni. Dla por\u00f3wnania na obszarze podlegaj\u0105cym pod stacj\u0119 w Katowicach by\u0142o to niespe\u0142na 800 przypadk\u00f3w. Og\u00f3\u0142em na terenie ca\u0142ego \u015al\u0105ska w okresie mi\u0119dzy 8 a 15 lutego zachorowa\u0142o \u0142\u0105cznie 27 tysi\u0119cy os\u00f3b. Tak wielu zachorowa\u0144 na gryp\u0119 nie by\u0142o [&hellip;]\" \/>\n<meta property=\"og:url\" content=\"https:\/\/www.24gliwice.pl\/wiadomosci\/rekord-zachorowan-na-grype-w-wojewodztwie-slaskim-najgorzej-jest-w-gliwicach-zabrzu-i-powiecie\/\" \/>\n<meta property=\"og:site_name\" content=\"24GLIWICE - Portal Gliwice | codziennie nowe informacje\" \/>\n<meta property=\"article:publisher\" content=\"https:\/\/www.facebook.com\/24gliwice\" \/>\n<meta property=\"article:published_time\" content=\"2019-02-20T00:24:24+00:00\" \/>\n<meta property=\"og:image\" content=\"https:\/\/www.24gliwice.pl\/wiadomosci\/wp-content\/uploads\/2019\/02\/grypa.jpg\" \/>\n\t<meta property=\"og:image:width\" content=\"810\" \/>\n\t<meta property=\"og:image:height\" content=\"455\" \/>\n\t<meta property=\"og:image:type\" content=\"image\/jpeg\" \/>\n<meta name=\"author\" content=\"\u017baneta Mrozek-Siewierska\" \/>\n<meta name=\"twitter:card\" content=\"summary_large_image\" \/>\n<meta name=\"twitter:creator\" content=\"@24gliwice\" \/>\n<meta name=\"twitter:site\" content=\"@24gliwice\" \/>\n<meta name=\"twitter:label1\" content=\"Napisane przez\" \/>\n\t<meta name=\"twitter:data1\" content=\"\u017baneta Mrozek-Siewierska\" \/>\n\t<meta name=\"twitter:label2\" content=\"Szacowany czas czytania\" \/>\n\t<meta name=\"twitter:data2\" content=\"2 minuty\" \/>\n<script type=\"application\/ld+json\" class=\"yoast-schema-graph\">{\"@context\":\"https:\\\/\\\/schema.org\",\"@graph\":[{\"@type\":\"Article\",\"@id\":\"https:\\\/\\\/www.24gliwice.pl\\\/wiadomosci\\\/rekord-zachorowan-na-grype-w-wojewodztwie-slaskim-najgorzej-jest-w-gliwicach-zabrzu-i-powiecie\\\/#article\",\"isPartOf\":{\"@id\":\"https:\\\/\\\/www.24gliwice.pl\\\/wiadomosci\\\/rekord-zachorowan-na-grype-w-wojewodztwie-slaskim-najgorzej-jest-w-gliwicach-zabrzu-i-powiecie\\\/\"},\"author\":{\"name\":\"\u017baneta Mrozek-Siewierska\",\"@id\":\"https:\\\/\\\/www.24gliwice.pl\\\/wiadomosci\\\/#\\\/schema\\\/person\\\/e42c650edd7f2fa332be3811fb166b6e\"},\"headline\":\"Rekord zachorowa\u0144 na gryp\u0119 w wojew\u00f3dztwie \u015bl\u0105skim. Najgorzej jest w Gliwicach, Zabrzu i powiecie\",\"datePublished\":\"2019-02-20T00:24:24+00:00\",\"mainEntityOfPage\":{\"@id\":\"https:\\\/\\\/www.24gliwice.pl\\\/wiadomosci\\\/rekord-zachorowan-na-grype-w-wojewodztwie-slaskim-najgorzej-jest-w-gliwicach-zabrzu-i-powiecie\\\/\"},\"wordCount\":484,\"commentCount\":0,\"publisher\":{\"@id\":\"https:\\\/\\\/www.24gliwice.pl\\\/wiadomosci\\\/#organization\"},\"image\":{\"@id\":\"https:\\\/\\\/www.24gliwice.pl\\\/wiadomosci\\\/rekord-zachorowan-na-grype-w-wojewodztwie-slaskim-najgorzej-jest-w-gliwicach-zabrzu-i-powiecie\\\/#primaryimage\"},\"thumbnailUrl\":\"https:\\\/\\\/www.24gliwice.pl\\\/wiadomosci\\\/wp-content\\\/uploads\\\/2019\\\/02\\\/grypa.jpg\",\"keywords\":[\"chorzy\",\"grypa\",\"sanepid\"],\"articleSection\":[\"Gliwice\",\"Najnowsze wiadomo\u015bci\",\"Portal Gliwice - Wiadomo\u015bci lokalne\"],\"inLanguage\":\"pl-PL\",\"potentialAction\":[{\"@type\":\"CommentAction\",\"name\":\"Comment\",\"target\":[\"https:\\\/\\\/www.24gliwice.pl\\\/wiadomosci\\\/rekord-zachorowan-na-grype-w-wojewodztwie-slaskim-najgorzej-jest-w-gliwicach-zabrzu-i-powiecie\\\/#respond\"]}]},{\"@type\":\"WebPage\",\"@id\":\"https:\\\/\\\/www.24gliwice.pl\\\/wiadomosci\\\/rekord-zachorowan-na-grype-w-wojewodztwie-slaskim-najgorzej-jest-w-gliwicach-zabrzu-i-powiecie\\\/\",\"url\":\"https:\\\/\\\/www.24gliwice.pl\\\/wiadomosci\\\/rekord-zachorowan-na-grype-w-wojewodztwie-slaskim-najgorzej-jest-w-gliwicach-zabrzu-i-powiecie\\\/\",\"name\":\"Rekord zachorowa\u0144 na gryp\u0119 w wojew\u00f3dztwie \u015bl\u0105skim. Najgorzej jest w Gliwicach, Zabrzu i powiecie - 24GLIWICE - Portal Gliwice | codziennie nowe informacje\",\"isPartOf\":{\"@id\":\"https:\\\/\\\/www.24gliwice.pl\\\/wiadomosci\\\/#website\"},\"primaryImageOfPage\":{\"@id\":\"https:\\\/\\\/www.24gliwice.pl\\\/wiadomosci\\\/rekord-zachorowan-na-grype-w-wojewodztwie-slaskim-najgorzej-jest-w-gliwicach-zabrzu-i-powiecie\\\/#primaryimage\"},\"image\":{\"@id\":\"https:\\\/\\\/www.24gliwice.pl\\\/wiadomosci\\\/rekord-zachorowan-na-grype-w-wojewodztwie-slaskim-najgorzej-jest-w-gliwicach-zabrzu-i-powiecie\\\/#primaryimage\"},\"thumbnailUrl\":\"https:\\\/\\\/www.24gliwice.pl\\\/wiadomosci\\\/wp-content\\\/uploads\\\/2019\\\/02\\\/grypa.jpg\",\"datePublished\":\"2019-02-20T00:24:24+00:00\",\"breadcrumb\":{\"@id\":\"https:\\\/\\\/www.24gliwice.pl\\\/wiadomosci\\\/rekord-zachorowan-na-grype-w-wojewodztwie-slaskim-najgorzej-jest-w-gliwicach-zabrzu-i-powiecie\\\/#breadcrumb\"},\"inLanguage\":\"pl-PL\",\"potentialAction\":[{\"@type\":\"ReadAction\",\"target\":[\"https:\\\/\\\/www.24gliwice.pl\\\/wiadomosci\\\/rekord-zachorowan-na-grype-w-wojewodztwie-slaskim-najgorzej-jest-w-gliwicach-zabrzu-i-powiecie\\\/\"]}]},{\"@type\":\"ImageObject\",\"inLanguage\":\"pl-PL\",\"@id\":\"https:\\\/\\\/www.24gliwice.pl\\\/wiadomosci\\\/rekord-zachorowan-na-grype-w-wojewodztwie-slaskim-najgorzej-jest-w-gliwicach-zabrzu-i-powiecie\\\/#primaryimage\",\"url\":\"https:\\\/\\\/www.24gliwice.pl\\\/wiadomosci\\\/wp-content\\\/uploads\\\/2019\\\/02\\\/grypa.jpg\",\"contentUrl\":\"https:\\\/\\\/www.24gliwice.pl\\\/wiadomosci\\\/wp-content\\\/uploads\\\/2019\\\/02\\\/grypa.jpg\",\"width\":810,\"height\":455},{\"@type\":\"BreadcrumbList\",\"@id\":\"https:\\\/\\\/www.24gliwice.pl\\\/wiadomosci\\\/rekord-zachorowan-na-grype-w-wojewodztwie-slaskim-najgorzej-jest-w-gliwicach-zabrzu-i-powiecie\\\/#breadcrumb\",\"itemListElement\":[{\"@type\":\"ListItem\",\"position\":1,\"name\":\"Strona g\u0142\u00f3wna\",\"item\":\"https:\\\/\\\/www.24gliwice.pl\\\/wiadomosci\\\/\"},{\"@type\":\"ListItem\",\"position\":2,\"name\":\"Rekord zachorowa\u0144 na gryp\u0119 w wojew\u00f3dztwie \u015bl\u0105skim. Najgorzej jest w Gliwicach, Zabrzu i powiecie\"}]},{\"@type\":\"WebSite\",\"@id\":\"https:\\\/\\\/www.24gliwice.pl\\\/wiadomosci\\\/#website\",\"url\":\"https:\\\/\\\/www.24gliwice.pl\\\/wiadomosci\\\/\",\"name\":\"24GLIWICE - Portal Gliwice | codziennie nowe wiadomo\u015bci\",\"description\":\"Portal Miejski Gliwice\",\"publisher\":{\"@id\":\"https:\\\/\\\/www.24gliwice.pl\\\/wiadomosci\\\/#organization\"},\"potentialAction\":[{\"@type\":\"SearchAction\",\"target\":{\"@type\":\"EntryPoint\",\"urlTemplate\":\"https:\\\/\\\/www.24gliwice.pl\\\/wiadomosci\\\/?s={search_term_string}\"},\"query-input\":{\"@type\":\"PropertyValueSpecification\",\"valueRequired\":true,\"valueName\":\"search_term_string\"}}],\"inLanguage\":\"pl-PL\"},{\"@type\":\"Organization\",\"@id\":\"https:\\\/\\\/www.24gliwice.pl\\\/wiadomosci\\\/#organization\",\"name\":\"24gliwice\",\"url\":\"https:\\\/\\\/www.24gliwice.pl\\\/wiadomosci\\\/\",\"logo\":{\"@type\":\"ImageObject\",\"inLanguage\":\"pl-PL\",\"@id\":\"https:\\\/\\\/www.24gliwice.pl\\\/wiadomosci\\\/#\\\/schema\\\/logo\\\/image\\\/\",\"url\":\"https:\\\/\\\/www.24gliwice.pl\\\/wiadomosci\\\/wp-content\\\/uploads\\\/2024\\\/10\\\/24gliwice-logo-696.jpg\",\"contentUrl\":\"https:\\\/\\\/www.24gliwice.pl\\\/wiadomosci\\\/wp-content\\\/uploads\\\/2024\\\/10\\\/24gliwice-logo-696.jpg\",\"width\":696,\"height\":696,\"caption\":\"24gliwice\"},\"image\":{\"@id\":\"https:\\\/\\\/www.24gliwice.pl\\\/wiadomosci\\\/#\\\/schema\\\/logo\\\/image\\\/\"},\"sameAs\":[\"https:\\\/\\\/www.facebook.com\\\/24gliwice\",\"https:\\\/\\\/x.com\\\/24gliwice\",\"https:\\\/\\\/www.youtube.com\\\/@24gliwice\"]},{\"@type\":\"Person\",\"@id\":\"https:\\\/\\\/www.24gliwice.pl\\\/wiadomosci\\\/#\\\/schema\\\/person\\\/e42c650edd7f2fa332be3811fb166b6e\",\"name\":\"\u017baneta Mrozek-Siewierska\",\"image\":{\"@type\":\"ImageObject\",\"inLanguage\":\"pl-PL\",\"@id\":\"https:\\\/\\\/secure.gravatar.com\\\/avatar\\\/1881429e9c64597c77ad7aef2d0a19be69a3253e57534d16aa15bf3a4d34a0a3?s=96&d=mm&r=g\",\"url\":\"https:\\\/\\\/secure.gravatar.com\\\/avatar\\\/1881429e9c64597c77ad7aef2d0a19be69a3253e57534d16aa15bf3a4d34a0a3?s=96&d=mm&r=g\",\"contentUrl\":\"https:\\\/\\\/secure.gravatar.com\\\/avatar\\\/1881429e9c64597c77ad7aef2d0a19be69a3253e57534d16aa15bf3a4d34a0a3?s=96&d=mm&r=g\",\"caption\":\"\u017baneta Mrozek-Siewierska\"},\"url\":\"https:\\\/\\\/www.24gliwice.pl\\\/wiadomosci\\\/author\\\/zms\\\/\"}]}<\/script>\n<!-- \/ Yoast SEO plugin. -->","yoast_head_json":{"title":"Rekord zachorowa\u0144 na gryp\u0119 w wojew\u00f3dztwie \u015bl\u0105skim. Najgorzej jest w Gliwicach, Zabrzu i powiecie - 24GLIWICE - Portal Gliwice | codziennie nowe informacje","robots":{"index":"index","follow":"follow","max-snippet":"max-snippet:-1","max-image-preview":"max-image-preview:large","max-video-preview":"max-video-preview:-1"},"canonical":"https:\/\/www.24gliwice.pl\/wiadomosci\/rekord-zachorowan-na-grype-w-wojewodztwie-slaskim-najgorzej-jest-w-gliwicach-zabrzu-i-powiecie\/","og_locale":"pl_PL","og_type":"article","og_title":"Rekord zachorowa\u0144 na gryp\u0119 w wojew\u00f3dztwie \u015bl\u0105skim. Najgorzej jest w Gliwicach, Zabrzu i powiecie - 24GLIWICE - Portal Gliwice | codziennie nowe informacje","og_description":"Ponad 4,4 tysi\u0105ca os\u00f3b na terenie obj\u0119tym przez gliwicki Sanepid zapad\u0142o na gryp\u0119 w zaledwie 7 dni. Dla por\u00f3wnania na obszarze podlegaj\u0105cym pod stacj\u0119 w Katowicach by\u0142o to niespe\u0142na 800 przypadk\u00f3w. Og\u00f3\u0142em na terenie ca\u0142ego \u015al\u0105ska w okresie mi\u0119dzy 8 a 15 lutego zachorowa\u0142o \u0142\u0105cznie 27 tysi\u0119cy os\u00f3b. Tak wielu zachorowa\u0144 na gryp\u0119 nie by\u0142o [&hellip;]","og_url":"https:\/\/www.24gliwice.pl\/wiadomosci\/rekord-zachorowan-na-grype-w-wojewodztwie-slaskim-najgorzej-jest-w-gliwicach-zabrzu-i-powiecie\/","og_site_name":"24GLIWICE - Portal Gliwice | codziennie nowe informacje","article_publisher":"https:\/\/www.facebook.com\/24gliwice","article_published_time":"2019-02-20T00:24:24+00:00","og_image":[{"width":810,"height":455,"url":"https:\/\/www.24gliwice.pl\/wiadomosci\/wp-content\/uploads\/2019\/02\/grypa.jpg","type":"image\/jpeg"}],"author":"\u017baneta Mrozek-Siewierska","twitter_card":"summary_large_image","twitter_creator":"@24gliwice","twitter_site":"@24gliwice","twitter_misc":{"Napisane przez":"\u017baneta Mrozek-Siewierska","Szacowany czas czytania":"2 minuty"},"schema":{"@context":"https:\/\/schema.org","@graph":[{"@type":"Article","@id":"https:\/\/www.24gliwice.pl\/wiadomosci\/rekord-zachorowan-na-grype-w-wojewodztwie-slaskim-najgorzej-jest-w-gliwicach-zabrzu-i-powiecie\/#article","isPartOf":{"@id":"https:\/\/www.24gliwice.pl\/wiadomosci\/rekord-zachorowan-na-grype-w-wojewodztwie-slaskim-najgorzej-jest-w-gliwicach-zabrzu-i-powiecie\/"},"author":{"name":"\u017baneta Mrozek-Siewierska","@id":"https:\/\/www.24gliwice.pl\/wiadomosci\/#\/schema\/person\/e42c650edd7f2fa332be3811fb166b6e"},"headline":"Rekord zachorowa\u0144 na gryp\u0119 w wojew\u00f3dztwie \u015bl\u0105skim. Najgorzej jest w Gliwicach, Zabrzu i powiecie","datePublished":"2019-02-20T00:24:24+00:00","mainEntityOfPage":{"@id":"https:\/\/www.24gliwice.pl\/wiadomosci\/rekord-zachorowan-na-grype-w-wojewodztwie-slaskim-najgorzej-jest-w-gliwicach-zabrzu-i-powiecie\/"},"wordCount":484,"commentCount":0,"publisher":{"@id":"https:\/\/www.24gliwice.pl\/wiadomosci\/#organization"},"image":{"@id":"https:\/\/www.24gliwice.pl\/wiadomosci\/rekord-zachorowan-na-grype-w-wojewodztwie-slaskim-najgorzej-jest-w-gliwicach-zabrzu-i-powiecie\/#primaryimage"},"thumbnailUrl":"https:\/\/www.24gliwice.pl\/wiadomosci\/wp-content\/uploads\/2019\/02\/grypa.jpg","keywords":["chorzy","grypa","sanepid"],"articleSection":["Gliwice","Najnowsze wiadomo\u015bci","Portal Gliwice - Wiadomo\u015bci lokalne"],"inLanguage":"pl-PL","potentialAction":[{"@type":"CommentAction","name":"Comment","target":["https:\/\/www.24gliwice.pl\/wiadomosci\/rekord-zachorowan-na-grype-w-wojewodztwie-slaskim-najgorzej-jest-w-gliwicach-zabrzu-i-powiecie\/#respond"]}]},{"@type":"WebPage","@id":"https:\/\/www.24gliwice.pl\/wiadomosci\/rekord-zachorowan-na-grype-w-wojewodztwie-slaskim-najgorzej-jest-w-gliwicach-zabrzu-i-powiecie\/","url":"https:\/\/www.24gliwice.pl\/wiadomosci\/rekord-zachorowan-na-grype-w-wojewodztwie-slaskim-najgorzej-jest-w-gliwicach-zabrzu-i-powiecie\/","name":"Rekord zachorowa\u0144 na gryp\u0119 w wojew\u00f3dztwie \u015bl\u0105skim. Najgorzej jest w Gliwicach, Zabrzu i powiecie - 24GLIWICE - Portal Gliwice | codziennie nowe informacje","isPartOf":{"@id":"https:\/\/www.24gliwice.pl\/wiadomosci\/#website"},"primaryImageOfPage":{"@id":"https:\/\/www.24gliwice.pl\/wiadomosci\/rekord-zachorowan-na-grype-w-wojewodztwie-slaskim-najgorzej-jest-w-gliwicach-zabrzu-i-powiecie\/#primaryimage"},"image":{"@id":"https:\/\/www.24gliwice.pl\/wiadomosci\/rekord-zachorowan-na-grype-w-wojewodztwie-slaskim-najgorzej-jest-w-gliwicach-zabrzu-i-powiecie\/#primaryimage"},"thumbnailUrl":"https:\/\/www.24gliwice.pl\/wiadomosci\/wp-content\/uploads\/2019\/02\/grypa.jpg","datePublished":"2019-02-20T00:24:24+00:00","breadcrumb":{"@id":"https:\/\/www.24gliwice.pl\/wiadomosci\/rekord-zachorowan-na-grype-w-wojewodztwie-slaskim-najgorzej-jest-w-gliwicach-zabrzu-i-powiecie\/#breadcrumb"},"inLanguage":"pl-PL","potentialAction":[{"@type":"ReadAction","target":["https:\/\/www.24gliwice.pl\/wiadomosci\/rekord-zachorowan-na-grype-w-wojewodztwie-slaskim-najgorzej-jest-w-gliwicach-zabrzu-i-powiecie\/"]}]},{"@type":"ImageObject","inLanguage":"pl-PL","@id":"https:\/\/www.24gliwice.pl\/wiadomosci\/rekord-zachorowan-na-grype-w-wojewodztwie-slaskim-najgorzej-jest-w-gliwicach-zabrzu-i-powiecie\/#primaryimage","url":"https:\/\/www.24gliwice.pl\/wiadomosci\/wp-content\/uploads\/2019\/02\/grypa.jpg","contentUrl":"https:\/\/www.24gliwice.pl\/wiadomosci\/wp-content\/uploads\/2019\/02\/grypa.jpg","width":810,"height":455},{"@type":"BreadcrumbList","@id":"https:\/\/www.24gliwice.pl\/wiadomosci\/rekord-zachorowan-na-grype-w-wojewodztwie-slaskim-najgorzej-jest-w-gliwicach-zabrzu-i-powiecie\/#breadcrumb","itemListElement":[{"@type":"ListItem","position":1,"name":"Strona g\u0142\u00f3wna","item":"https:\/\/www.24gliwice.pl\/wiadomosci\/"},{"@type":"ListItem","position":2,"name":"Rekord zachorowa\u0144 na gryp\u0119 w wojew\u00f3dztwie \u015bl\u0105skim. Najgorzej jest w Gliwicach, Zabrzu i powiecie"}]},{"@type":"WebSite","@id":"https:\/\/www.24gliwice.pl\/wiadomosci\/#website","url":"https:\/\/www.24gliwice.pl\/wiadomosci\/","name":"24GLIWICE - Portal Gliwice | codziennie nowe wiadomo\u015bci","description":"Portal Miejski Gliwice","publisher":{"@id":"https:\/\/www.24gliwice.pl\/wiadomosci\/#organization"},"potentialAction":[{"@type":"SearchAction","target":{"@type":"EntryPoint","urlTemplate":"https:\/\/www.24gliwice.pl\/wiadomosci\/?s={search_term_string}"},"query-input":{"@type":"PropertyValueSpecification","valueRequired":true,"valueName":"search_term_string"}}],"inLanguage":"pl-PL"},{"@type":"Organization","@id":"https:\/\/www.24gliwice.pl\/wiadomosci\/#organization","name":"24gliwice","url":"https:\/\/www.24gliwice.pl\/wiadomosci\/","logo":{"@type":"ImageObject","inLanguage":"pl-PL","@id":"https:\/\/www.24gliwice.pl\/wiadomosci\/#\/schema\/logo\/image\/","url":"https:\/\/www.24gliwice.pl\/wiadomosci\/wp-content\/uploads\/2024\/10\/24gliwice-logo-696.jpg","contentUrl":"https:\/\/www.24gliwice.pl\/wiadomosci\/wp-content\/uploads\/2024\/10\/24gliwice-logo-696.jpg","width":696,"height":696,"caption":"24gliwice"},"image":{"@id":"https:\/\/www.24gliwice.pl\/wiadomosci\/#\/schema\/logo\/image\/"},"sameAs":["https:\/\/www.facebook.com\/24gliwice","https:\/\/x.com\/24gliwice","https:\/\/www.youtube.com\/@24gliwice"]},{"@type":"Person","@id":"https:\/\/www.24gliwice.pl\/wiadomosci\/#\/schema\/person\/e42c650edd7f2fa332be3811fb166b6e","name":"\u017baneta Mrozek-Siewierska","image":{"@type":"ImageObject","inLanguage":"pl-PL","@id":"https:\/\/secure.gravatar.com\/avatar\/1881429e9c64597c77ad7aef2d0a19be69a3253e57534d16aa15bf3a4d34a0a3?s=96&d=mm&r=g","url":"https:\/\/secure.gravatar.com\/avatar\/1881429e9c64597c77ad7aef2d0a19be69a3253e57534d16aa15bf3a4d34a0a3?s=96&d=mm&r=g","contentUrl":"https:\/\/secure.gravatar.com\/avatar\/1881429e9c64597c77ad7aef2d0a19be69a3253e57534d16aa15bf3a4d34a0a3?s=96&d=mm&r=g","caption":"\u017baneta Mrozek-Siewierska"},"url":"https:\/\/www.24gliwice.pl\/wiadomosci\/author\/zms\/"}]}},"_links":{"self":[{"href":"https:\/\/www.24gliwice.pl\/wiadomosci\/wp-json\/wp\/v2\/posts\/130671","targetHints":{"allow":["GET"]}}],"collection":[{"href":"https:\/\/www.24gliwice.pl\/wiadomosci\/wp-json\/wp\/v2\/posts"}],"about":[{"href":"https:\/\/www.24gliwice.pl\/wiadomosci\/wp-json\/wp\/v2\/types\/post"}],"author":[{"embeddable":true,"href":"https:\/\/www.24gliwice.pl\/wiadomosci\/wp-json\/wp\/v2\/users\/15"}],"replies":[{"embeddable":true,"href":"https:\/\/www.24gliwice.pl\/wiadomosci\/wp-json\/wp\/v2\/comments?post=130671"}],"version-history":[{"count":0,"href":"https:\/\/www.24gliwice.pl\/wiadomosci\/wp-json\/wp\/v2\/posts\/130671\/revisions"}],"wp:featuredmedia":[{"embeddable":true,"href":"https:\/\/www.24gliwice.pl\/wiadomosci\/wp-json\/wp\/v2\/media\/130679"}],"wp:attachment":[{"href":"https:\/\/www.24gliwice.pl\/wiadomosci\/wp-json\/wp\/v2\/media?parent=130671"}],"wp:term":[{"taxonomy":"category","embeddable":true,"href":"https:\/\/www.24gliwice.pl\/wiadomosci\/wp-json\/wp\/v2\/categories?post=130671"},{"taxonomy":"post_tag","embeddable":true,"href":"https:\/\/www.24gliwice.pl\/wiadomosci\/wp-json\/wp\/v2\/tags?post=130671"}],"curies":[{"name":"wp","href":"https:\/\/api.w.org\/{rel}","templated":true}]}}