{"id":130843,"date":"2019-02-22T11:48:07","date_gmt":"2019-02-22T10:48:07","guid":{"rendered":"https:\/\/www.24gliwice.pl\/wiadomosci\/?p=130843"},"modified":"2019-02-22T11:48:07","modified_gmt":"2019-02-22T10:48:07","slug":"nowy-samochod-dla-podopiecznych-dps-pozwoli-na-wygodny-i-bezpieczny-transport-seniorow","status":"publish","type":"post","link":"https:\/\/www.24gliwice.pl\/wiadomosci\/nowy-samochod-dla-podopiecznych-dps-pozwoli-na-wygodny-i-bezpieczny-transport-seniorow\/","title":{"rendered":"Nowy samoch\u00f3d dla podopiecznych DPS. &#8220;Pozwoli na wygodny i bezpieczny transport senior\u00f3w&#8221;"},"content":{"rendered":"<div class=\"gliwi-a6-nad-leadem-artykulow gliwi-entity-placement\" id=\"gliwi-20239624\"><div class=\"gliwi-adlabel\"><span style=\"font-size: 9px\">REKLAMA<\/span><\/div><div id=\"gliwi-1697589978\" style=\"margin-bottom: 25px;margin-left: auto;margin-right: auto;text-align: center;\"><a data-no-instant=\"1\" href=\"https:\/\/dom100.eu\/\" rel=\"noopener\" class=\"a2t-link\" target=\"_blank\" aria-label=\"20260415 DOM100 D\"><img loading=\"lazy\" decoding=\"async\" src=\"https:\/\/www.24gliwice.pl\/wiadomosci\/wp-content\/uploads\/2026\/04\/20260415-DOM100-D.jpg\" alt=\"\"  srcset=\"https:\/\/www.24gliwice.pl\/wiadomosci\/wp-content\/uploads\/2026\/04\/20260415-DOM100-D.jpg 750w, https:\/\/www.24gliwice.pl\/wiadomosci\/wp-content\/uploads\/2026\/04\/20260415-DOM100-D-410x109.jpg 410w\" sizes=\"(max-width: 750px) 100vw, 750px\" class=\"no-lazyload\" width=\"750\" height=\"200\"  style=\"display: inline-block; max-width: 100%; height: auto;\" \/><\/a><\/div><\/div><h3>Dzi\u0119ki wsparciu PFRON oraz miasta podopieczni Domu Pomocy Spo\u0142ecznej przy ul. Derkacza maj\u0105 do dyspozycji wygodny \u015brodek lokomocji. <\/h3>\n<p>W nowo zakupionym samochodzie mo\u017cna zamontowa\u0107 dwa w\u00f3zki inwalidzkie i przewie\u017a\u0107 osoby niepe\u0142nosprawne bardziej komfortowo, a przede wszystkim bezpieczniej.<\/p>\n<p>Nowy Ford Transit kosztowa\u0142 prawie 150 tys. z\u0142. Miasto przeznaczy\u0142o na ten cel ponad 67 tys. z\u0142, pozosta\u0142e \u015brodki pochodzi\u0142y z programu PFRON \u201eWyr\u00f3wnywanie R\u00f3\u017cnic Mi\u0119dzy Regionami III&#8221;.<\/p><div class=\"gliwi-a3-w-tresci-artykulow gliwi-entity-placement\" id=\"gliwi-3745482908\"><div class=\"gliwi-adlabel\"><span style=\"font-size: 9px\">REKLAMA<\/span><\/div><div id=\"gliwi-880320194\" style=\"margin-bottom: 30px;margin-left: auto;margin-right: auto;text-align: center;\"><a data-no-instant=\"1\" href=\"https:\/\/ogrodyandersa.pl\/\" rel=\"noopener\" class=\"a2t-link\" target=\"_blank\" aria-label=\"20260415 Ogrody Andersa KUP TERAZ D\"><img loading=\"lazy\" decoding=\"async\" src=\"https:\/\/www.24gliwice.pl\/wiadomosci\/wp-content\/uploads\/2026\/04\/20260415-Ogrody-Andersa-KUP-TERAZ-D.jpg\" alt=\"\"  srcset=\"https:\/\/www.24gliwice.pl\/wiadomosci\/wp-content\/uploads\/2026\/04\/20260415-Ogrody-Andersa-KUP-TERAZ-D.jpg 750w, https:\/\/www.24gliwice.pl\/wiadomosci\/wp-content\/uploads\/2026\/04\/20260415-Ogrody-Andersa-KUP-TERAZ-D-410x109.jpg 410w\" sizes=\"(max-width: 750px) 100vw, 750px\" class=\"no-lazyload\" width=\"750\" height=\"200\"  style=\"display: inline-block; max-width: 100%; height: auto;\" \/><\/a><\/div><\/div>\n<blockquote><p>&#8211; W naszym Domu mieszka obecnie 47 os\u00f3b je\u017cd\u017c\u0105cych na w\u00f3zkach. Kolejny samoch\u00f3d pozwoli nam na wygodny i bezpieczny transport senior\u00f3w do plac\u00f3wek medycznych, urz\u0119d\u00f3w a tak\u017ce na r\u00f3\u017cne spotkania <\/p><\/blockquote>\n<p>&#8211; wyja\u015bnia <strong>Rafa\u0142 Marek<\/strong>, dyrektor Domu Pomocy Spo\u0142ecznej \u201eNASZ DOM\u201d.<\/p>\n<p>Dom Pomocy Spo\u0142ecznej &#8220;NASZ DOM&#8221; w Gliwicach jest jednostk\u0105 sta\u0142ego pobytu o zasi\u0119gu ponadgminnym, przeznaczon\u0105 dla os\u00f3b w podesz\u0142ym wieku i posiada obecnie 122 miejsca stacjonarne. <\/p>\n<p>Plac\u00f3wka zapewnia mieszka\u0144com ca\u0142odobow\u0105 opiek\u0119, otacza j\u0105 rozleg\u0142y ogr\u00f3d po\u0142\u0105czony z sadem owocowym. Szereg alejek spacerowych, pozbawionych jest barier architektonicznych umo\u017cliwia samodzielne przemieszczanie si\u0119 mieszka\u0144c\u00f3w.<br \/>\nWewn\u0105trz domu funkcjonuje rozleg\u0142a jadalnia, pralnia, kaplica, \u015bwietlice (terapeutyczna oraz telewizyjna), sala rehabilitacji, aneksy kuchenne. Wi\u0119kszo\u015b\u0107 pomieszcze\u0144 mieszkalnych to pokoje jednoosobowe z balkonem. Mieszka\u0144cy w ci\u0119\u017cszym stanie chorobowym przebywaj\u0105 w pokojach dwuosobowych umieszczonych w pobli\u017cu dw\u00f3ch dy\u017curek piel\u0119gniarek.<\/p>\n<p>(mf\/msi)<br \/>\nFot. DPS NASZ DOM<\/p>\n<div class=\"gliwi-a5-na-koncu-artykulow gliwi-entity-placement\" id=\"gliwi-3229265568\"><div class=\"gliwi-adlabel\"><span style=\"font-size: 9px\">REKLAMA<\/span><\/div><div id=\"gliwi-1539079307\" style=\"margin-left: auto;margin-right: auto;text-align: center;\"><a data-no-instant=\"1\" href=\"https:\/\/www.jasek.pl\/\" rel=\"noopener\" class=\"a2t-link\" target=\"_blank\" aria-label=\"20200401-jasek 600\"><img loading=\"lazy\" decoding=\"async\" src=\"https:\/\/www.24gliwice.pl\/wiadomosci\/wp-content\/uploads\/2020\/04\/20200401-jasek-600.jpg\" alt=\"\"  srcset=\"https:\/\/www.24gliwice.pl\/wiadomosci\/wp-content\/uploads\/2020\/04\/20200401-jasek-600.jpg 600w, https:\/\/www.24gliwice.pl\/wiadomosci\/wp-content\/uploads\/2020\/04\/20200401-jasek-600-410x109.jpg 410w\" sizes=\"(max-width: 600px) 100vw, 600px\" class=\"no-lazyload\" width=\"600\" height=\"160\"  style=\"display: inline-block; max-width: 100%; height: auto;\" \/><\/a><\/div><\/div>","protected":false},"excerpt":{"rendered":"<p>Dzi\u0119ki wsparciu PFRON oraz miasta podopieczni Domu Pomocy Spo\u0142ecznej przy ul. Derkacza maj\u0105 do dyspozycji wygodny \u015brodek lokomocji. W nowo zakupionym samochodzie mo\u017cna zamontowa\u0107 dwa w\u00f3zki inwalidzkie i przewie\u017a\u0107 osoby niepe\u0142nosprawne bardziej komfortowo, a przede wszystkim bezpieczniej. Nowy Ford Transit kosztowa\u0142 prawie 150 tys. z\u0142. Miasto przeznaczy\u0142o na ten cel ponad 67 tys. z\u0142, pozosta\u0142e [&hellip;]<\/p>\n","protected":false},"author":4,"featured_media":130846,"comment_status":"open","ping_status":"closed","sticky":false,"template":"","format":"standard","meta":{"_monsterinsights_skip_tracking":false,"_monsterinsights_sitenote_active":false,"_monsterinsights_sitenote_note":"","_monsterinsights_sitenote_category":0,"footnotes":"","_links_to":"","_links_to_target":""},"categories":[3,1],"tags":[],"class_list":["post-130843","post","type-post","status-publish","format-standard","has-post-thumbnail","hentry","category-gliwice","category-wszystko"],"yoast_head":"<!-- This site is optimized with the Yoast SEO plugin v27.5 - https:\/\/yoast.com\/product\/yoast-seo-wordpress\/ -->\n<title>Nowy samoch\u00f3d dla podopiecznych DPS. &quot;Pozwoli na wygodny i bezpieczny transport senior\u00f3w&quot; - 24GLIWICE - Portal Gliwice | codziennie nowe informacje<\/title>\n<meta name=\"robots\" content=\"index, follow, max-snippet:-1, max-image-preview:large, max-video-preview:-1\" \/>\n<link rel=\"canonical\" href=\"https:\/\/www.24gliwice.pl\/wiadomosci\/nowy-samochod-dla-podopiecznych-dps-pozwoli-na-wygodny-i-bezpieczny-transport-seniorow\/\" \/>\n<meta property=\"og:locale\" content=\"pl_PL\" \/>\n<meta property=\"og:type\" content=\"article\" \/>\n<meta property=\"og:title\" content=\"Nowy samoch\u00f3d dla podopiecznych DPS. &quot;Pozwoli na wygodny i bezpieczny transport senior\u00f3w&quot; - 24GLIWICE - Portal Gliwice | codziennie nowe informacje\" \/>\n<meta property=\"og:description\" content=\"Dzi\u0119ki wsparciu PFRON oraz miasta podopieczni Domu Pomocy Spo\u0142ecznej przy ul. Derkacza maj\u0105 do dyspozycji wygodny \u015brodek lokomocji. W nowo zakupionym samochodzie mo\u017cna zamontowa\u0107 dwa w\u00f3zki inwalidzkie i przewie\u017a\u0107 osoby niepe\u0142nosprawne bardziej komfortowo, a przede wszystkim bezpieczniej. Nowy Ford Transit kosztowa\u0142 prawie 150 tys. z\u0142. Miasto przeznaczy\u0142o na ten cel ponad 67 tys. z\u0142, pozosta\u0142e [&hellip;]\" \/>\n<meta property=\"og:url\" content=\"https:\/\/www.24gliwice.pl\/wiadomosci\/nowy-samochod-dla-podopiecznych-dps-pozwoli-na-wygodny-i-bezpieczny-transport-seniorow\/\" \/>\n<meta property=\"og:site_name\" content=\"24GLIWICE - Portal Gliwice | codziennie nowe informacje\" \/>\n<meta property=\"article:publisher\" content=\"https:\/\/www.facebook.com\/24gliwice\" \/>\n<meta property=\"article:author\" content=\"https:\/\/www.facebook.com\/marcin.fabrykowski\" \/>\n<meta property=\"article:published_time\" content=\"2019-02-22T10:48:07+00:00\" \/>\n<meta property=\"og:image\" content=\"https:\/\/www.24gliwice.pl\/wiadomosci\/wp-content\/uploads\/2019\/02\/dps.jpg\" \/>\n\t<meta property=\"og:image:width\" content=\"880\" \/>\n\t<meta property=\"og:image:height\" content=\"537\" \/>\n\t<meta property=\"og:image:type\" content=\"image\/jpeg\" \/>\n<meta name=\"author\" content=\"Marcin Fabrykowski\" \/>\n<meta name=\"twitter:card\" content=\"summary_large_image\" \/>\n<meta name=\"twitter:creator\" content=\"@24gliwice\" \/>\n<meta name=\"twitter:site\" content=\"@24gliwice\" \/>\n<meta name=\"twitter:label1\" content=\"Napisane przez\" \/>\n\t<meta name=\"twitter:data1\" content=\"Marcin Fabrykowski\" \/>\n\t<meta name=\"twitter:label2\" content=\"Szacowany czas czytania\" \/>\n\t<meta name=\"twitter:data2\" content=\"1 minuta\" \/>\n<script type=\"application\/ld+json\" class=\"yoast-schema-graph\">{\"@context\":\"https:\\\/\\\/schema.org\",\"@graph\":[{\"@type\":\"Article\",\"@id\":\"https:\\\/\\\/www.24gliwice.pl\\\/wiadomosci\\\/nowy-samochod-dla-podopiecznych-dps-pozwoli-na-wygodny-i-bezpieczny-transport-seniorow\\\/#article\",\"isPartOf\":{\"@id\":\"https:\\\/\\\/www.24gliwice.pl\\\/wiadomosci\\\/nowy-samochod-dla-podopiecznych-dps-pozwoli-na-wygodny-i-bezpieczny-transport-seniorow\\\/\"},\"author\":{\"name\":\"Marcin Fabrykowski\",\"@id\":\"https:\\\/\\\/www.24gliwice.pl\\\/wiadomosci\\\/#\\\/schema\\\/person\\\/cb5857e4a4d048c15984c1edcc8ef0c0\"},\"headline\":\"Nowy samoch\u00f3d dla podopiecznych DPS. &#8220;Pozwoli na wygodny i bezpieczny transport senior\u00f3w&#8221;\",\"datePublished\":\"2019-02-22T10:48:07+00:00\",\"mainEntityOfPage\":{\"@id\":\"https:\\\/\\\/www.24gliwice.pl\\\/wiadomosci\\\/nowy-samochod-dla-podopiecznych-dps-pozwoli-na-wygodny-i-bezpieczny-transport-seniorow\\\/\"},\"wordCount\":257,\"commentCount\":0,\"publisher\":{\"@id\":\"https:\\\/\\\/www.24gliwice.pl\\\/wiadomosci\\\/#organization\"},\"image\":{\"@id\":\"https:\\\/\\\/www.24gliwice.pl\\\/wiadomosci\\\/nowy-samochod-dla-podopiecznych-dps-pozwoli-na-wygodny-i-bezpieczny-transport-seniorow\\\/#primaryimage\"},\"thumbnailUrl\":\"https:\\\/\\\/www.24gliwice.pl\\\/wiadomosci\\\/wp-content\\\/uploads\\\/2019\\\/02\\\/dps.jpg\",\"articleSection\":[\"Gliwice\",\"Najnowsze wiadomo\u015bci\"],\"inLanguage\":\"pl-PL\",\"potentialAction\":[{\"@type\":\"CommentAction\",\"name\":\"Comment\",\"target\":[\"https:\\\/\\\/www.24gliwice.pl\\\/wiadomosci\\\/nowy-samochod-dla-podopiecznych-dps-pozwoli-na-wygodny-i-bezpieczny-transport-seniorow\\\/#respond\"]}]},{\"@type\":\"WebPage\",\"@id\":\"https:\\\/\\\/www.24gliwice.pl\\\/wiadomosci\\\/nowy-samochod-dla-podopiecznych-dps-pozwoli-na-wygodny-i-bezpieczny-transport-seniorow\\\/\",\"url\":\"https:\\\/\\\/www.24gliwice.pl\\\/wiadomosci\\\/nowy-samochod-dla-podopiecznych-dps-pozwoli-na-wygodny-i-bezpieczny-transport-seniorow\\\/\",\"name\":\"Nowy samoch\u00f3d dla podopiecznych DPS. \\\"Pozwoli na wygodny i bezpieczny transport senior\u00f3w\\\" - 24GLIWICE - Portal Gliwice | codziennie nowe informacje\",\"isPartOf\":{\"@id\":\"https:\\\/\\\/www.24gliwice.pl\\\/wiadomosci\\\/#website\"},\"primaryImageOfPage\":{\"@id\":\"https:\\\/\\\/www.24gliwice.pl\\\/wiadomosci\\\/nowy-samochod-dla-podopiecznych-dps-pozwoli-na-wygodny-i-bezpieczny-transport-seniorow\\\/#primaryimage\"},\"image\":{\"@id\":\"https:\\\/\\\/www.24gliwice.pl\\\/wiadomosci\\\/nowy-samochod-dla-podopiecznych-dps-pozwoli-na-wygodny-i-bezpieczny-transport-seniorow\\\/#primaryimage\"},\"thumbnailUrl\":\"https:\\\/\\\/www.24gliwice.pl\\\/wiadomosci\\\/wp-content\\\/uploads\\\/2019\\\/02\\\/dps.jpg\",\"datePublished\":\"2019-02-22T10:48:07+00:00\",\"breadcrumb\":{\"@id\":\"https:\\\/\\\/www.24gliwice.pl\\\/wiadomosci\\\/nowy-samochod-dla-podopiecznych-dps-pozwoli-na-wygodny-i-bezpieczny-transport-seniorow\\\/#breadcrumb\"},\"inLanguage\":\"pl-PL\",\"potentialAction\":[{\"@type\":\"ReadAction\",\"target\":[\"https:\\\/\\\/www.24gliwice.pl\\\/wiadomosci\\\/nowy-samochod-dla-podopiecznych-dps-pozwoli-na-wygodny-i-bezpieczny-transport-seniorow\\\/\"]}]},{\"@type\":\"ImageObject\",\"inLanguage\":\"pl-PL\",\"@id\":\"https:\\\/\\\/www.24gliwice.pl\\\/wiadomosci\\\/nowy-samochod-dla-podopiecznych-dps-pozwoli-na-wygodny-i-bezpieczny-transport-seniorow\\\/#primaryimage\",\"url\":\"https:\\\/\\\/www.24gliwice.pl\\\/wiadomosci\\\/wp-content\\\/uploads\\\/2019\\\/02\\\/dps.jpg\",\"contentUrl\":\"https:\\\/\\\/www.24gliwice.pl\\\/wiadomosci\\\/wp-content\\\/uploads\\\/2019\\\/02\\\/dps.jpg\",\"width\":880,\"height\":537},{\"@type\":\"BreadcrumbList\",\"@id\":\"https:\\\/\\\/www.24gliwice.pl\\\/wiadomosci\\\/nowy-samochod-dla-podopiecznych-dps-pozwoli-na-wygodny-i-bezpieczny-transport-seniorow\\\/#breadcrumb\",\"itemListElement\":[{\"@type\":\"ListItem\",\"position\":1,\"name\":\"Strona g\u0142\u00f3wna\",\"item\":\"https:\\\/\\\/www.24gliwice.pl\\\/wiadomosci\\\/\"},{\"@type\":\"ListItem\",\"position\":2,\"name\":\"Nowy samoch\u00f3d dla podopiecznych DPS. &#8222;Pozwoli na wygodny i bezpieczny transport senior\u00f3w&#8221;\"}]},{\"@type\":\"WebSite\",\"@id\":\"https:\\\/\\\/www.24gliwice.pl\\\/wiadomosci\\\/#website\",\"url\":\"https:\\\/\\\/www.24gliwice.pl\\\/wiadomosci\\\/\",\"name\":\"24GLIWICE - Portal Gliwice | codziennie nowe wiadomo\u015bci\",\"description\":\"Portal Miejski Gliwice\",\"publisher\":{\"@id\":\"https:\\\/\\\/www.24gliwice.pl\\\/wiadomosci\\\/#organization\"},\"potentialAction\":[{\"@type\":\"SearchAction\",\"target\":{\"@type\":\"EntryPoint\",\"urlTemplate\":\"https:\\\/\\\/www.24gliwice.pl\\\/wiadomosci\\\/?s={search_term_string}\"},\"query-input\":{\"@type\":\"PropertyValueSpecification\",\"valueRequired\":true,\"valueName\":\"search_term_string\"}}],\"inLanguage\":\"pl-PL\"},{\"@type\":\"Organization\",\"@id\":\"https:\\\/\\\/www.24gliwice.pl\\\/wiadomosci\\\/#organization\",\"name\":\"24gliwice\",\"url\":\"https:\\\/\\\/www.24gliwice.pl\\\/wiadomosci\\\/\",\"logo\":{\"@type\":\"ImageObject\",\"inLanguage\":\"pl-PL\",\"@id\":\"https:\\\/\\\/www.24gliwice.pl\\\/wiadomosci\\\/#\\\/schema\\\/logo\\\/image\\\/\",\"url\":\"https:\\\/\\\/www.24gliwice.pl\\\/wiadomosci\\\/wp-content\\\/uploads\\\/2024\\\/10\\\/24gliwice-logo-696.jpg\",\"contentUrl\":\"https:\\\/\\\/www.24gliwice.pl\\\/wiadomosci\\\/wp-content\\\/uploads\\\/2024\\\/10\\\/24gliwice-logo-696.jpg\",\"width\":696,\"height\":696,\"caption\":\"24gliwice\"},\"image\":{\"@id\":\"https:\\\/\\\/www.24gliwice.pl\\\/wiadomosci\\\/#\\\/schema\\\/logo\\\/image\\\/\"},\"sameAs\":[\"https:\\\/\\\/www.facebook.com\\\/24gliwice\",\"https:\\\/\\\/x.com\\\/24gliwice\",\"https:\\\/\\\/www.youtube.com\\\/@24gliwice\"]},{\"@type\":\"Person\",\"@id\":\"https:\\\/\\\/www.24gliwice.pl\\\/wiadomosci\\\/#\\\/schema\\\/person\\\/cb5857e4a4d048c15984c1edcc8ef0c0\",\"name\":\"Marcin Fabrykowski\",\"image\":{\"@type\":\"ImageObject\",\"inLanguage\":\"pl-PL\",\"@id\":\"https:\\\/\\\/www.24gliwice.pl\\\/wiadomosci\\\/wp-content\\\/uploads\\\/2025\\\/11\\\/zdjecie-moje-marcin-300-96x96.jpg\",\"url\":\"https:\\\/\\\/www.24gliwice.pl\\\/wiadomosci\\\/wp-content\\\/uploads\\\/2025\\\/11\\\/zdjecie-moje-marcin-300-96x96.jpg\",\"contentUrl\":\"https:\\\/\\\/www.24gliwice.pl\\\/wiadomosci\\\/wp-content\\\/uploads\\\/2025\\\/11\\\/zdjecie-moje-marcin-300-96x96.jpg\",\"caption\":\"Marcin Fabrykowski\"},\"sameAs\":[\"http:\\\/\\\/24gliwice.pl\",\"https:\\\/\\\/www.facebook.com\\\/marcin.fabrykowski\"],\"url\":\"https:\\\/\\\/www.24gliwice.pl\\\/wiadomosci\\\/author\\\/marcin-fabrykowski\\\/\"}]}<\/script>\n<!-- \/ Yoast SEO plugin. -->","yoast_head_json":{"title":"Nowy samoch\u00f3d dla podopiecznych DPS. \"Pozwoli na wygodny i bezpieczny transport senior\u00f3w\" - 24GLIWICE - Portal Gliwice | codziennie nowe informacje","robots":{"index":"index","follow":"follow","max-snippet":"max-snippet:-1","max-image-preview":"max-image-preview:large","max-video-preview":"max-video-preview:-1"},"canonical":"https:\/\/www.24gliwice.pl\/wiadomosci\/nowy-samochod-dla-podopiecznych-dps-pozwoli-na-wygodny-i-bezpieczny-transport-seniorow\/","og_locale":"pl_PL","og_type":"article","og_title":"Nowy samoch\u00f3d dla podopiecznych DPS. \"Pozwoli na wygodny i bezpieczny transport senior\u00f3w\" - 24GLIWICE - Portal Gliwice | codziennie nowe informacje","og_description":"Dzi\u0119ki wsparciu PFRON oraz miasta podopieczni Domu Pomocy Spo\u0142ecznej przy ul. Derkacza maj\u0105 do dyspozycji wygodny \u015brodek lokomocji. W nowo zakupionym samochodzie mo\u017cna zamontowa\u0107 dwa w\u00f3zki inwalidzkie i przewie\u017a\u0107 osoby niepe\u0142nosprawne bardziej komfortowo, a przede wszystkim bezpieczniej. Nowy Ford Transit kosztowa\u0142 prawie 150 tys. z\u0142. Miasto przeznaczy\u0142o na ten cel ponad 67 tys. z\u0142, pozosta\u0142e [&hellip;]","og_url":"https:\/\/www.24gliwice.pl\/wiadomosci\/nowy-samochod-dla-podopiecznych-dps-pozwoli-na-wygodny-i-bezpieczny-transport-seniorow\/","og_site_name":"24GLIWICE - Portal Gliwice | codziennie nowe informacje","article_publisher":"https:\/\/www.facebook.com\/24gliwice","article_author":"https:\/\/www.facebook.com\/marcin.fabrykowski","article_published_time":"2019-02-22T10:48:07+00:00","og_image":[{"width":880,"height":537,"url":"https:\/\/www.24gliwice.pl\/wiadomosci\/wp-content\/uploads\/2019\/02\/dps.jpg","type":"image\/jpeg"}],"author":"Marcin Fabrykowski","twitter_card":"summary_large_image","twitter_creator":"@24gliwice","twitter_site":"@24gliwice","twitter_misc":{"Napisane przez":"Marcin Fabrykowski","Szacowany czas czytania":"1 minuta"},"schema":{"@context":"https:\/\/schema.org","@graph":[{"@type":"Article","@id":"https:\/\/www.24gliwice.pl\/wiadomosci\/nowy-samochod-dla-podopiecznych-dps-pozwoli-na-wygodny-i-bezpieczny-transport-seniorow\/#article","isPartOf":{"@id":"https:\/\/www.24gliwice.pl\/wiadomosci\/nowy-samochod-dla-podopiecznych-dps-pozwoli-na-wygodny-i-bezpieczny-transport-seniorow\/"},"author":{"name":"Marcin Fabrykowski","@id":"https:\/\/www.24gliwice.pl\/wiadomosci\/#\/schema\/person\/cb5857e4a4d048c15984c1edcc8ef0c0"},"headline":"Nowy samoch\u00f3d dla podopiecznych DPS. &#8220;Pozwoli na wygodny i bezpieczny transport senior\u00f3w&#8221;","datePublished":"2019-02-22T10:48:07+00:00","mainEntityOfPage":{"@id":"https:\/\/www.24gliwice.pl\/wiadomosci\/nowy-samochod-dla-podopiecznych-dps-pozwoli-na-wygodny-i-bezpieczny-transport-seniorow\/"},"wordCount":257,"commentCount":0,"publisher":{"@id":"https:\/\/www.24gliwice.pl\/wiadomosci\/#organization"},"image":{"@id":"https:\/\/www.24gliwice.pl\/wiadomosci\/nowy-samochod-dla-podopiecznych-dps-pozwoli-na-wygodny-i-bezpieczny-transport-seniorow\/#primaryimage"},"thumbnailUrl":"https:\/\/www.24gliwice.pl\/wiadomosci\/wp-content\/uploads\/2019\/02\/dps.jpg","articleSection":["Gliwice","Najnowsze wiadomo\u015bci"],"inLanguage":"pl-PL","potentialAction":[{"@type":"CommentAction","name":"Comment","target":["https:\/\/www.24gliwice.pl\/wiadomosci\/nowy-samochod-dla-podopiecznych-dps-pozwoli-na-wygodny-i-bezpieczny-transport-seniorow\/#respond"]}]},{"@type":"WebPage","@id":"https:\/\/www.24gliwice.pl\/wiadomosci\/nowy-samochod-dla-podopiecznych-dps-pozwoli-na-wygodny-i-bezpieczny-transport-seniorow\/","url":"https:\/\/www.24gliwice.pl\/wiadomosci\/nowy-samochod-dla-podopiecznych-dps-pozwoli-na-wygodny-i-bezpieczny-transport-seniorow\/","name":"Nowy samoch\u00f3d dla podopiecznych DPS. \"Pozwoli na wygodny i bezpieczny transport senior\u00f3w\" - 24GLIWICE - Portal Gliwice | codziennie nowe informacje","isPartOf":{"@id":"https:\/\/www.24gliwice.pl\/wiadomosci\/#website"},"primaryImageOfPage":{"@id":"https:\/\/www.24gliwice.pl\/wiadomosci\/nowy-samochod-dla-podopiecznych-dps-pozwoli-na-wygodny-i-bezpieczny-transport-seniorow\/#primaryimage"},"image":{"@id":"https:\/\/www.24gliwice.pl\/wiadomosci\/nowy-samochod-dla-podopiecznych-dps-pozwoli-na-wygodny-i-bezpieczny-transport-seniorow\/#primaryimage"},"thumbnailUrl":"https:\/\/www.24gliwice.pl\/wiadomosci\/wp-content\/uploads\/2019\/02\/dps.jpg","datePublished":"2019-02-22T10:48:07+00:00","breadcrumb":{"@id":"https:\/\/www.24gliwice.pl\/wiadomosci\/nowy-samochod-dla-podopiecznych-dps-pozwoli-na-wygodny-i-bezpieczny-transport-seniorow\/#breadcrumb"},"inLanguage":"pl-PL","potentialAction":[{"@type":"ReadAction","target":["https:\/\/www.24gliwice.pl\/wiadomosci\/nowy-samochod-dla-podopiecznych-dps-pozwoli-na-wygodny-i-bezpieczny-transport-seniorow\/"]}]},{"@type":"ImageObject","inLanguage":"pl-PL","@id":"https:\/\/www.24gliwice.pl\/wiadomosci\/nowy-samochod-dla-podopiecznych-dps-pozwoli-na-wygodny-i-bezpieczny-transport-seniorow\/#primaryimage","url":"https:\/\/www.24gliwice.pl\/wiadomosci\/wp-content\/uploads\/2019\/02\/dps.jpg","contentUrl":"https:\/\/www.24gliwice.pl\/wiadomosci\/wp-content\/uploads\/2019\/02\/dps.jpg","width":880,"height":537},{"@type":"BreadcrumbList","@id":"https:\/\/www.24gliwice.pl\/wiadomosci\/nowy-samochod-dla-podopiecznych-dps-pozwoli-na-wygodny-i-bezpieczny-transport-seniorow\/#breadcrumb","itemListElement":[{"@type":"ListItem","position":1,"name":"Strona g\u0142\u00f3wna","item":"https:\/\/www.24gliwice.pl\/wiadomosci\/"},{"@type":"ListItem","position":2,"name":"Nowy samoch\u00f3d dla podopiecznych DPS. &#8222;Pozwoli na wygodny i bezpieczny transport senior\u00f3w&#8221;"}]},{"@type":"WebSite","@id":"https:\/\/www.24gliwice.pl\/wiadomosci\/#website","url":"https:\/\/www.24gliwice.pl\/wiadomosci\/","name":"24GLIWICE - Portal Gliwice | codziennie nowe wiadomo\u015bci","description":"Portal Miejski Gliwice","publisher":{"@id":"https:\/\/www.24gliwice.pl\/wiadomosci\/#organization"},"potentialAction":[{"@type":"SearchAction","target":{"@type":"EntryPoint","urlTemplate":"https:\/\/www.24gliwice.pl\/wiadomosci\/?s={search_term_string}"},"query-input":{"@type":"PropertyValueSpecification","valueRequired":true,"valueName":"search_term_string"}}],"inLanguage":"pl-PL"},{"@type":"Organization","@id":"https:\/\/www.24gliwice.pl\/wiadomosci\/#organization","name":"24gliwice","url":"https:\/\/www.24gliwice.pl\/wiadomosci\/","logo":{"@type":"ImageObject","inLanguage":"pl-PL","@id":"https:\/\/www.24gliwice.pl\/wiadomosci\/#\/schema\/logo\/image\/","url":"https:\/\/www.24gliwice.pl\/wiadomosci\/wp-content\/uploads\/2024\/10\/24gliwice-logo-696.jpg","contentUrl":"https:\/\/www.24gliwice.pl\/wiadomosci\/wp-content\/uploads\/2024\/10\/24gliwice-logo-696.jpg","width":696,"height":696,"caption":"24gliwice"},"image":{"@id":"https:\/\/www.24gliwice.pl\/wiadomosci\/#\/schema\/logo\/image\/"},"sameAs":["https:\/\/www.facebook.com\/24gliwice","https:\/\/x.com\/24gliwice","https:\/\/www.youtube.com\/@24gliwice"]},{"@type":"Person","@id":"https:\/\/www.24gliwice.pl\/wiadomosci\/#\/schema\/person\/cb5857e4a4d048c15984c1edcc8ef0c0","name":"Marcin Fabrykowski","image":{"@type":"ImageObject","inLanguage":"pl-PL","@id":"https:\/\/www.24gliwice.pl\/wiadomosci\/wp-content\/uploads\/2025\/11\/zdjecie-moje-marcin-300-96x96.jpg","url":"https:\/\/www.24gliwice.pl\/wiadomosci\/wp-content\/uploads\/2025\/11\/zdjecie-moje-marcin-300-96x96.jpg","contentUrl":"https:\/\/www.24gliwice.pl\/wiadomosci\/wp-content\/uploads\/2025\/11\/zdjecie-moje-marcin-300-96x96.jpg","caption":"Marcin Fabrykowski"},"sameAs":["http:\/\/24gliwice.pl","https:\/\/www.facebook.com\/marcin.fabrykowski"],"url":"https:\/\/www.24gliwice.pl\/wiadomosci\/author\/marcin-fabrykowski\/"}]}},"_links":{"self":[{"href":"https:\/\/www.24gliwice.pl\/wiadomosci\/wp-json\/wp\/v2\/posts\/130843","targetHints":{"allow":["GET"]}}],"collection":[{"href":"https:\/\/www.24gliwice.pl\/wiadomosci\/wp-json\/wp\/v2\/posts"}],"about":[{"href":"https:\/\/www.24gliwice.pl\/wiadomosci\/wp-json\/wp\/v2\/types\/post"}],"author":[{"embeddable":true,"href":"https:\/\/www.24gliwice.pl\/wiadomosci\/wp-json\/wp\/v2\/users\/4"}],"replies":[{"embeddable":true,"href":"https:\/\/www.24gliwice.pl\/wiadomosci\/wp-json\/wp\/v2\/comments?post=130843"}],"version-history":[{"count":0,"href":"https:\/\/www.24gliwice.pl\/wiadomosci\/wp-json\/wp\/v2\/posts\/130843\/revisions"}],"wp:featuredmedia":[{"embeddable":true,"href":"https:\/\/www.24gliwice.pl\/wiadomosci\/wp-json\/wp\/v2\/media\/130846"}],"wp:attachment":[{"href":"https:\/\/www.24gliwice.pl\/wiadomosci\/wp-json\/wp\/v2\/media?parent=130843"}],"wp:term":[{"taxonomy":"category","embeddable":true,"href":"https:\/\/www.24gliwice.pl\/wiadomosci\/wp-json\/wp\/v2\/categories?post=130843"},{"taxonomy":"post_tag","embeddable":true,"href":"https:\/\/www.24gliwice.pl\/wiadomosci\/wp-json\/wp\/v2\/tags?post=130843"}],"curies":[{"name":"wp","href":"https:\/\/api.w.org\/{rel}","templated":true}]}}