{"id":130849,"date":"2019-02-22T12:11:11","date_gmt":"2019-02-22T11:11:11","guid":{"rendered":"https:\/\/www.24gliwice.pl\/wiadomosci\/?p=130849"},"modified":"2019-02-22T12:17:24","modified_gmt":"2019-02-22T11:17:24","slug":"kierowca-skody-potracil-psa-wedlug-swiadkow-zrobil-to-celowo-zwierze-nie-zyje","status":"publish","type":"post","link":"https:\/\/www.24gliwice.pl\/wiadomosci\/kierowca-skody-potracil-psa-wedlug-swiadkow-zrobil-to-celowo-zwierze-nie-zyje\/","title":{"rendered":"Kierowca Skody potr\u0105ci\u0142 psa. Wed\u0142ug \u015bwiadk\u00f3w, zrobi\u0142 to celowo. Zwierz\u0119 nie \u017cyje"},"content":{"rendered":"<div class=\"gliwi-a6-nad-leadem-artykulow gliwi-entity-placement\" id=\"gliwi-511308561\"><div class=\"gliwi-adlabel\"><span style=\"font-size: 9px\">REKLAMA<\/span><\/div><div id=\"gliwi-2858052386\" style=\"margin-bottom: 25px;margin-left: auto;margin-right: auto;text-align: center;\"><a data-no-instant=\"1\" href=\"https:\/\/dom100.eu\/\" rel=\"noopener\" class=\"a2t-link\" target=\"_blank\" aria-label=\"20260415 DOM100 D\"><img loading=\"lazy\" decoding=\"async\" src=\"https:\/\/www.24gliwice.pl\/wiadomosci\/wp-content\/uploads\/2026\/04\/20260415-DOM100-D.jpg\" alt=\"\"  srcset=\"https:\/\/www.24gliwice.pl\/wiadomosci\/wp-content\/uploads\/2026\/04\/20260415-DOM100-D.jpg 750w, https:\/\/www.24gliwice.pl\/wiadomosci\/wp-content\/uploads\/2026\/04\/20260415-DOM100-D-410x109.jpg 410w\" sizes=\"(max-width: 750px) 100vw, 750px\" class=\"no-lazyload\" width=\"750\" height=\"200\"  style=\"display: inline-block; max-width: 100%; height: auto;\" \/><\/a><\/div><\/div><h3>To wyj\u0105tkowo bulwersuj\u0105ce zdarzenie. 10 lutego dosz\u0142o do potr\u0105cenia psa w Knurowie na ulicy Wilsona, na wysoko\u015bci ronda. Jak zeznaj\u0105 \u015bwiadkowie, kieruj\u0105cy Skod\u0105 potr\u0105ci\u0142 psa celowo.<\/h3>\n<p>10 lutego oko\u0142o godziny 20:40 na numer alarmowy 112 zadzwoni\u0142a osoba, kt\u00f3ra poinformowa\u0142a dyspozytora, \u017ce jest \u015bwiadkiem celowego potr\u0105cenia psa. Zdarzenie mia\u0142o mie\u0107 miejsce na ulicy Wilsona w Knurowie na wysoko\u015bci ronda. Sprawc\u0105 potr\u0105cenia by\u0142 kieruj\u0105cy Skod\u0105, a potr\u0105cony pies si\u0119 oddali\u0142. Po przyj\u0119ciu zg\u0142oszenia na miejsce skierowani zostali policjanci ruchu drogowego gliwickiej komendy. Zastali tam \u015bwiadk\u00f3w, kt\u00f3rzy zrelacjonowali mundurowym przebieg zdarzenia oraz kieruj\u0105cego Skod\u0105.<\/p>\n<p>Psa nie by\u0142o na miejscu, nie zastano r\u00f3wnie\u017c \u017cadnej osoby, kt\u00f3ra potrafi\u0142aby wskaza\u0107 w\u0142a\u015bciciela zwierz\u0119cia. Policjanci skontrolowali przyleg\u0142y teren pod k\u0105tem ujawnienia rannego zwierz\u0119cia b\u0105d\u017a jego zw\u0142ok. Nie natrafili na psa. [perfectpullquote align=&#8221;full&#8221; bordertop=&#8221;false&#8221; cite=&#8221;&#8221; link=&#8221;&#8221; color=&#8221;&#8221; class=&#8221;&#8221; size=&#8221;&#8221;]Kilka dni p\u00f3\u017aniej, w sobot\u0119 16 lutego, w odleg\u0142o\u015bci oko\u0142o 6 km od miejsca zdarzenia w Pilchowicach, odnaleziono zw\u0142oki psa, prawdopodobnie rasy labrador.[\/perfectpullquote]\n<p>Przyby\u0142y na miejsce inspektor ds. ochrony zwierz\u0105t stwierdzi\u0142, \u017ce pies najprawdopodobniej bra\u0142 udzia\u0142 w potr\u0105ceniu, kt\u00f3re mia\u0142o miejsce kilka dni wcze\u015bniej. Cia\u0142o zwierz\u0119cia zosta\u0142o zabezpieczone do sekcji zw\u0142ok, kt\u00f3ra ma wskaza\u0107 przyczyn\u0119 oraz mechanizm powstania zgonu. Jednocze\u015bnie \u015bledczy z knurowskiego komisariatu po\u0142\u0105czyli sprawy, przes\u0142uchuj\u0105c \u015bwiadk\u00f3w zdarzenia. Relacjonowali oni, \u017ce kieruj\u0105cy Skod\u0105 mia\u0142 celowo potr\u0105ci\u0107 zwierz\u0119.<\/p><div class=\"gliwi-a3-w-tresci-artykulow gliwi-entity-placement\" id=\"gliwi-3580780354\"><div class=\"gliwi-adlabel\"><span style=\"font-size: 9px\">REKLAMA<\/span><\/div><div id=\"gliwi-4097282745\" style=\"margin-bottom: 30px;margin-left: auto;margin-right: auto;text-align: center;\"><a data-no-instant=\"1\" href=\"https:\/\/zlobek.halogen.org.pl\/\" rel=\"noopener\" class=\"a2t-link\" target=\"_blank\" aria-label=\"animator-zlobek_750x200\"><img loading=\"lazy\" decoding=\"async\" src=\"https:\/\/www.24gliwice.pl\/wiadomosci\/wp-content\/uploads\/2026\/02\/animator-zlobek_750x200.webp\" alt=\"\"  srcset=\"https:\/\/www.24gliwice.pl\/wiadomosci\/wp-content\/uploads\/2026\/02\/animator-zlobek_750x200.webp 750w, https:\/\/www.24gliwice.pl\/wiadomosci\/wp-content\/uploads\/2026\/02\/animator-zlobek_750x200-410x109.webp 410w\" sizes=\"(max-width: 750px) 100vw, 750px\" class=\"no-lazyload\" width=\"750\" height=\"200\"  style=\"display: inline-block; max-width: 100%; height: auto;\" \/><\/a><\/div><\/div>\n<p>Je\u017celi sekcja zw\u0142ok potwierdzi, \u017ce do zgonu psa dosz\u0142o wskutek zdarzenia drogowego, kieruj\u0105cy pojazdem marki Skoda mo\u017ce us\u0142ysze\u0107 zarzut celowego u\u015bmiercenia zwierz\u0119cia, za co grozi do 5 lat wi\u0119zienia.<\/p>\n<p>Policja prosi nowych \u015bwiadk\u00f3w zdarzenia o zg\u0142oszenie si\u0119 do Komisariatu Policji w Knurowie, kontakt telefoniczny z prowadz\u0105cym spraw\u0119 (32) 33 72 534 lub z numerem alarmowym 112.<\/p>\n<p>KMP Gliwice<\/p>\n<p><img loading=\"lazy\" decoding=\"async\" src=\"https:\/\/www.24gliwice.pl\/wiadomosci\/wp-content\/uploads\/2019\/02\/pies.jpg\" alt=\"\" width=\"957\" height=\"545\" class=\"aligncenter size-full wp-image-130851\" srcset=\"https:\/\/www.24gliwice.pl\/wiadomosci\/wp-content\/uploads\/2019\/02\/pies.jpg 957w, https:\/\/www.24gliwice.pl\/wiadomosci\/wp-content\/uploads\/2019\/02\/pies-407x232.jpg 407w, https:\/\/www.24gliwice.pl\/wiadomosci\/wp-content\/uploads\/2019\/02\/pies-768x437.jpg 768w, https:\/\/www.24gliwice.pl\/wiadomosci\/wp-content\/uploads\/2019\/02\/pies-799x455.jpg 799w, https:\/\/www.24gliwice.pl\/wiadomosci\/wp-content\/uploads\/2019\/02\/pies-810x461.jpg 810w\" sizes=\"auto, (max-width: 957px) 100vw, 957px\" \/><\/p>\n<div class=\"gliwi-a5-na-koncu-artykulow gliwi-entity-placement\" id=\"gliwi-1127767486\"><div class=\"gliwi-adlabel\"><span style=\"font-size: 9px\">REKLAMA<\/span><\/div><div id=\"gliwi-2143158193\" style=\"margin-left: auto;margin-right: auto;text-align: center;\"><a data-no-instant=\"1\" href=\"https:\/\/prezeroarenagliwice.pl\/\" rel=\"noopener\" class=\"a2t-link\" target=\"_blank\" aria-label=\"20260309-PREZERO-WIOSNA-D\"><img loading=\"lazy\" decoding=\"async\" src=\"https:\/\/www.24gliwice.pl\/wiadomosci\/wp-content\/uploads\/2026\/03\/20260309-PREZERO-WIOSNA-D.webp\" alt=\"\"  srcset=\"https:\/\/www.24gliwice.pl\/wiadomosci\/wp-content\/uploads\/2026\/03\/20260309-PREZERO-WIOSNA-D.webp 750w, https:\/\/www.24gliwice.pl\/wiadomosci\/wp-content\/uploads\/2026\/03\/20260309-PREZERO-WIOSNA-D-410x109.webp 410w\" sizes=\"(max-width: 750px) 100vw, 750px\" class=\"no-lazyload\" width=\"750\" height=\"200\"  style=\"display: inline-block; max-width: 100%; height: auto;\" \/><\/a><\/div><\/div>","protected":false},"excerpt":{"rendered":"<p>To wyj\u0105tkowo bulwersuj\u0105ce zdarzenie. 10 lutego dosz\u0142o do potr\u0105cenia psa w Knurowie na ulicy Wilsona, na wysoko\u015bci ronda. Jak zeznaj\u0105 \u015bwiadkowie, kieruj\u0105cy Skod\u0105 potr\u0105ci\u0142 psa celowo. 10 lutego oko\u0142o godziny 20:40 na numer alarmowy 112 zadzwoni\u0142a osoba, kt\u00f3ra poinformowa\u0142a dyspozytora, \u017ce jest \u015bwiadkiem celowego potr\u0105cenia psa. Zdarzenie mia\u0142o mie\u0107 miejsce na ulicy Wilsona w Knurowie [&hellip;]<\/p>\n","protected":false},"author":4,"featured_media":130852,"comment_status":"open","ping_status":"closed","sticky":false,"template":"","format":"standard","meta":{"_monsterinsights_skip_tracking":false,"_monsterinsights_sitenote_active":false,"_monsterinsights_sitenote_note":"","_monsterinsights_sitenote_category":0,"footnotes":"","_links_to":"","_links_to_target":""},"categories":[1,5],"tags":[6246,7098],"class_list":["post-130849","post","type-post","status-publish","format-standard","has-post-thumbnail","hentry","category-wszystko","category-kryminalki","tag-pies","tag-potracenie"],"yoast_head":"<!-- This site is optimized with the Yoast SEO plugin v27.5 - https:\/\/yoast.com\/product\/yoast-seo-wordpress\/ -->\n<title>Kierowca Skody potr\u0105ci\u0142 psa. Wed\u0142ug \u015bwiadk\u00f3w, zrobi\u0142 to celowo. Zwierz\u0119 nie \u017cyje - 24GLIWICE - Portal Gliwice | codziennie nowe informacje<\/title>\n<meta name=\"robots\" content=\"index, follow, max-snippet:-1, max-image-preview:large, max-video-preview:-1\" \/>\n<link rel=\"canonical\" href=\"https:\/\/www.24gliwice.pl\/wiadomosci\/kierowca-skody-potracil-psa-wedlug-swiadkow-zrobil-to-celowo-zwierze-nie-zyje\/\" \/>\n<meta property=\"og:locale\" content=\"pl_PL\" \/>\n<meta property=\"og:type\" content=\"article\" \/>\n<meta property=\"og:title\" content=\"Kierowca Skody potr\u0105ci\u0142 psa. Wed\u0142ug \u015bwiadk\u00f3w, zrobi\u0142 to celowo. Zwierz\u0119 nie \u017cyje - 24GLIWICE - Portal Gliwice | codziennie nowe informacje\" \/>\n<meta property=\"og:description\" content=\"To wyj\u0105tkowo bulwersuj\u0105ce zdarzenie. 10 lutego dosz\u0142o do potr\u0105cenia psa w Knurowie na ulicy Wilsona, na wysoko\u015bci ronda. Jak zeznaj\u0105 \u015bwiadkowie, kieruj\u0105cy Skod\u0105 potr\u0105ci\u0142 psa celowo. 10 lutego oko\u0142o godziny 20:40 na numer alarmowy 112 zadzwoni\u0142a osoba, kt\u00f3ra poinformowa\u0142a dyspozytora, \u017ce jest \u015bwiadkiem celowego potr\u0105cenia psa. Zdarzenie mia\u0142o mie\u0107 miejsce na ulicy Wilsona w Knurowie [&hellip;]\" \/>\n<meta property=\"og:url\" content=\"https:\/\/www.24gliwice.pl\/wiadomosci\/kierowca-skody-potracil-psa-wedlug-swiadkow-zrobil-to-celowo-zwierze-nie-zyje\/\" \/>\n<meta property=\"og:site_name\" content=\"24GLIWICE - Portal Gliwice | codziennie nowe informacje\" \/>\n<meta property=\"article:publisher\" content=\"https:\/\/www.facebook.com\/24gliwice\" \/>\n<meta property=\"article:author\" content=\"https:\/\/www.facebook.com\/marcin.fabrykowski\" \/>\n<meta property=\"article:published_time\" content=\"2019-02-22T11:11:11+00:00\" \/>\n<meta property=\"article:modified_time\" content=\"2019-02-22T11:17:24+00:00\" \/>\n<meta property=\"og:image\" content=\"https:\/\/www.24gliwice.pl\/wiadomosci\/wp-content\/uploads\/2019\/02\/potracwenie-psa.jpg\" \/>\n\t<meta property=\"og:image:width\" content=\"952\" \/>\n\t<meta property=\"og:image:height\" content=\"568\" \/>\n\t<meta property=\"og:image:type\" content=\"image\/jpeg\" \/>\n<meta name=\"author\" content=\"Marcin Fabrykowski\" \/>\n<meta name=\"twitter:card\" content=\"summary_large_image\" \/>\n<meta name=\"twitter:creator\" content=\"@24gliwice\" \/>\n<meta name=\"twitter:site\" content=\"@24gliwice\" \/>\n<meta name=\"twitter:label1\" content=\"Napisane przez\" \/>\n\t<meta name=\"twitter:data1\" content=\"Marcin Fabrykowski\" \/>\n\t<meta name=\"twitter:label2\" content=\"Szacowany czas czytania\" \/>\n\t<meta name=\"twitter:data2\" content=\"2 minuty\" \/>\n<script type=\"application\/ld+json\" class=\"yoast-schema-graph\">{\"@context\":\"https:\\\/\\\/schema.org\",\"@graph\":[{\"@type\":\"Article\",\"@id\":\"https:\\\/\\\/www.24gliwice.pl\\\/wiadomosci\\\/kierowca-skody-potracil-psa-wedlug-swiadkow-zrobil-to-celowo-zwierze-nie-zyje\\\/#article\",\"isPartOf\":{\"@id\":\"https:\\\/\\\/www.24gliwice.pl\\\/wiadomosci\\\/kierowca-skody-potracil-psa-wedlug-swiadkow-zrobil-to-celowo-zwierze-nie-zyje\\\/\"},\"author\":{\"name\":\"Marcin Fabrykowski\",\"@id\":\"https:\\\/\\\/www.24gliwice.pl\\\/wiadomosci\\\/#\\\/schema\\\/person\\\/cb5857e4a4d048c15984c1edcc8ef0c0\"},\"headline\":\"Kierowca Skody potr\u0105ci\u0142 psa. Wed\u0142ug \u015bwiadk\u00f3w, zrobi\u0142 to celowo. Zwierz\u0119 nie \u017cyje\",\"datePublished\":\"2019-02-22T11:11:11+00:00\",\"dateModified\":\"2019-02-22T11:17:24+00:00\",\"mainEntityOfPage\":{\"@id\":\"https:\\\/\\\/www.24gliwice.pl\\\/wiadomosci\\\/kierowca-skody-potracil-psa-wedlug-swiadkow-zrobil-to-celowo-zwierze-nie-zyje\\\/\"},\"wordCount\":341,\"commentCount\":0,\"publisher\":{\"@id\":\"https:\\\/\\\/www.24gliwice.pl\\\/wiadomosci\\\/#organization\"},\"image\":{\"@id\":\"https:\\\/\\\/www.24gliwice.pl\\\/wiadomosci\\\/kierowca-skody-potracil-psa-wedlug-swiadkow-zrobil-to-celowo-zwierze-nie-zyje\\\/#primaryimage\"},\"thumbnailUrl\":\"https:\\\/\\\/www.24gliwice.pl\\\/wiadomosci\\\/wp-content\\\/uploads\\\/2019\\\/02\\\/potracwenie-psa.jpg\",\"keywords\":[\"PIES\",\"POTR\u0104CONIE\"],\"articleSection\":[\"Najnowsze wiadomo\u015bci\",\"Prawo\"],\"inLanguage\":\"pl-PL\",\"potentialAction\":[{\"@type\":\"CommentAction\",\"name\":\"Comment\",\"target\":[\"https:\\\/\\\/www.24gliwice.pl\\\/wiadomosci\\\/kierowca-skody-potracil-psa-wedlug-swiadkow-zrobil-to-celowo-zwierze-nie-zyje\\\/#respond\"]}]},{\"@type\":\"WebPage\",\"@id\":\"https:\\\/\\\/www.24gliwice.pl\\\/wiadomosci\\\/kierowca-skody-potracil-psa-wedlug-swiadkow-zrobil-to-celowo-zwierze-nie-zyje\\\/\",\"url\":\"https:\\\/\\\/www.24gliwice.pl\\\/wiadomosci\\\/kierowca-skody-potracil-psa-wedlug-swiadkow-zrobil-to-celowo-zwierze-nie-zyje\\\/\",\"name\":\"Kierowca Skody potr\u0105ci\u0142 psa. Wed\u0142ug \u015bwiadk\u00f3w, zrobi\u0142 to celowo. Zwierz\u0119 nie \u017cyje - 24GLIWICE - Portal Gliwice | codziennie nowe informacje\",\"isPartOf\":{\"@id\":\"https:\\\/\\\/www.24gliwice.pl\\\/wiadomosci\\\/#website\"},\"primaryImageOfPage\":{\"@id\":\"https:\\\/\\\/www.24gliwice.pl\\\/wiadomosci\\\/kierowca-skody-potracil-psa-wedlug-swiadkow-zrobil-to-celowo-zwierze-nie-zyje\\\/#primaryimage\"},\"image\":{\"@id\":\"https:\\\/\\\/www.24gliwice.pl\\\/wiadomosci\\\/kierowca-skody-potracil-psa-wedlug-swiadkow-zrobil-to-celowo-zwierze-nie-zyje\\\/#primaryimage\"},\"thumbnailUrl\":\"https:\\\/\\\/www.24gliwice.pl\\\/wiadomosci\\\/wp-content\\\/uploads\\\/2019\\\/02\\\/potracwenie-psa.jpg\",\"datePublished\":\"2019-02-22T11:11:11+00:00\",\"dateModified\":\"2019-02-22T11:17:24+00:00\",\"breadcrumb\":{\"@id\":\"https:\\\/\\\/www.24gliwice.pl\\\/wiadomosci\\\/kierowca-skody-potracil-psa-wedlug-swiadkow-zrobil-to-celowo-zwierze-nie-zyje\\\/#breadcrumb\"},\"inLanguage\":\"pl-PL\",\"potentialAction\":[{\"@type\":\"ReadAction\",\"target\":[\"https:\\\/\\\/www.24gliwice.pl\\\/wiadomosci\\\/kierowca-skody-potracil-psa-wedlug-swiadkow-zrobil-to-celowo-zwierze-nie-zyje\\\/\"]}]},{\"@type\":\"ImageObject\",\"inLanguage\":\"pl-PL\",\"@id\":\"https:\\\/\\\/www.24gliwice.pl\\\/wiadomosci\\\/kierowca-skody-potracil-psa-wedlug-swiadkow-zrobil-to-celowo-zwierze-nie-zyje\\\/#primaryimage\",\"url\":\"https:\\\/\\\/www.24gliwice.pl\\\/wiadomosci\\\/wp-content\\\/uploads\\\/2019\\\/02\\\/potracwenie-psa.jpg\",\"contentUrl\":\"https:\\\/\\\/www.24gliwice.pl\\\/wiadomosci\\\/wp-content\\\/uploads\\\/2019\\\/02\\\/potracwenie-psa.jpg\",\"width\":952,\"height\":568},{\"@type\":\"BreadcrumbList\",\"@id\":\"https:\\\/\\\/www.24gliwice.pl\\\/wiadomosci\\\/kierowca-skody-potracil-psa-wedlug-swiadkow-zrobil-to-celowo-zwierze-nie-zyje\\\/#breadcrumb\",\"itemListElement\":[{\"@type\":\"ListItem\",\"position\":1,\"name\":\"Strona g\u0142\u00f3wna\",\"item\":\"https:\\\/\\\/www.24gliwice.pl\\\/wiadomosci\\\/\"},{\"@type\":\"ListItem\",\"position\":2,\"name\":\"Kierowca Skody potr\u0105ci\u0142 psa. Wed\u0142ug \u015bwiadk\u00f3w, zrobi\u0142 to celowo. Zwierz\u0119 nie \u017cyje\"}]},{\"@type\":\"WebSite\",\"@id\":\"https:\\\/\\\/www.24gliwice.pl\\\/wiadomosci\\\/#website\",\"url\":\"https:\\\/\\\/www.24gliwice.pl\\\/wiadomosci\\\/\",\"name\":\"24GLIWICE - Portal Gliwice | codziennie nowe wiadomo\u015bci\",\"description\":\"Portal Miejski Gliwice\",\"publisher\":{\"@id\":\"https:\\\/\\\/www.24gliwice.pl\\\/wiadomosci\\\/#organization\"},\"potentialAction\":[{\"@type\":\"SearchAction\",\"target\":{\"@type\":\"EntryPoint\",\"urlTemplate\":\"https:\\\/\\\/www.24gliwice.pl\\\/wiadomosci\\\/?s={search_term_string}\"},\"query-input\":{\"@type\":\"PropertyValueSpecification\",\"valueRequired\":true,\"valueName\":\"search_term_string\"}}],\"inLanguage\":\"pl-PL\"},{\"@type\":\"Organization\",\"@id\":\"https:\\\/\\\/www.24gliwice.pl\\\/wiadomosci\\\/#organization\",\"name\":\"24gliwice\",\"url\":\"https:\\\/\\\/www.24gliwice.pl\\\/wiadomosci\\\/\",\"logo\":{\"@type\":\"ImageObject\",\"inLanguage\":\"pl-PL\",\"@id\":\"https:\\\/\\\/www.24gliwice.pl\\\/wiadomosci\\\/#\\\/schema\\\/logo\\\/image\\\/\",\"url\":\"https:\\\/\\\/www.24gliwice.pl\\\/wiadomosci\\\/wp-content\\\/uploads\\\/2024\\\/10\\\/24gliwice-logo-696.jpg\",\"contentUrl\":\"https:\\\/\\\/www.24gliwice.pl\\\/wiadomosci\\\/wp-content\\\/uploads\\\/2024\\\/10\\\/24gliwice-logo-696.jpg\",\"width\":696,\"height\":696,\"caption\":\"24gliwice\"},\"image\":{\"@id\":\"https:\\\/\\\/www.24gliwice.pl\\\/wiadomosci\\\/#\\\/schema\\\/logo\\\/image\\\/\"},\"sameAs\":[\"https:\\\/\\\/www.facebook.com\\\/24gliwice\",\"https:\\\/\\\/x.com\\\/24gliwice\",\"https:\\\/\\\/www.youtube.com\\\/@24gliwice\"]},{\"@type\":\"Person\",\"@id\":\"https:\\\/\\\/www.24gliwice.pl\\\/wiadomosci\\\/#\\\/schema\\\/person\\\/cb5857e4a4d048c15984c1edcc8ef0c0\",\"name\":\"Marcin Fabrykowski\",\"image\":{\"@type\":\"ImageObject\",\"inLanguage\":\"pl-PL\",\"@id\":\"https:\\\/\\\/www.24gliwice.pl\\\/wiadomosci\\\/wp-content\\\/uploads\\\/2025\\\/11\\\/zdjecie-moje-marcin-300-96x96.jpg\",\"url\":\"https:\\\/\\\/www.24gliwice.pl\\\/wiadomosci\\\/wp-content\\\/uploads\\\/2025\\\/11\\\/zdjecie-moje-marcin-300-96x96.jpg\",\"contentUrl\":\"https:\\\/\\\/www.24gliwice.pl\\\/wiadomosci\\\/wp-content\\\/uploads\\\/2025\\\/11\\\/zdjecie-moje-marcin-300-96x96.jpg\",\"caption\":\"Marcin Fabrykowski\"},\"sameAs\":[\"http:\\\/\\\/24gliwice.pl\",\"https:\\\/\\\/www.facebook.com\\\/marcin.fabrykowski\"],\"url\":\"https:\\\/\\\/www.24gliwice.pl\\\/wiadomosci\\\/author\\\/marcin-fabrykowski\\\/\"}]}<\/script>\n<!-- \/ Yoast SEO plugin. -->","yoast_head_json":{"title":"Kierowca Skody potr\u0105ci\u0142 psa. Wed\u0142ug \u015bwiadk\u00f3w, zrobi\u0142 to celowo. Zwierz\u0119 nie \u017cyje - 24GLIWICE - Portal Gliwice | codziennie nowe informacje","robots":{"index":"index","follow":"follow","max-snippet":"max-snippet:-1","max-image-preview":"max-image-preview:large","max-video-preview":"max-video-preview:-1"},"canonical":"https:\/\/www.24gliwice.pl\/wiadomosci\/kierowca-skody-potracil-psa-wedlug-swiadkow-zrobil-to-celowo-zwierze-nie-zyje\/","og_locale":"pl_PL","og_type":"article","og_title":"Kierowca Skody potr\u0105ci\u0142 psa. Wed\u0142ug \u015bwiadk\u00f3w, zrobi\u0142 to celowo. Zwierz\u0119 nie \u017cyje - 24GLIWICE - Portal Gliwice | codziennie nowe informacje","og_description":"To wyj\u0105tkowo bulwersuj\u0105ce zdarzenie. 10 lutego dosz\u0142o do potr\u0105cenia psa w Knurowie na ulicy Wilsona, na wysoko\u015bci ronda. Jak zeznaj\u0105 \u015bwiadkowie, kieruj\u0105cy Skod\u0105 potr\u0105ci\u0142 psa celowo. 10 lutego oko\u0142o godziny 20:40 na numer alarmowy 112 zadzwoni\u0142a osoba, kt\u00f3ra poinformowa\u0142a dyspozytora, \u017ce jest \u015bwiadkiem celowego potr\u0105cenia psa. Zdarzenie mia\u0142o mie\u0107 miejsce na ulicy Wilsona w Knurowie [&hellip;]","og_url":"https:\/\/www.24gliwice.pl\/wiadomosci\/kierowca-skody-potracil-psa-wedlug-swiadkow-zrobil-to-celowo-zwierze-nie-zyje\/","og_site_name":"24GLIWICE - Portal Gliwice | codziennie nowe informacje","article_publisher":"https:\/\/www.facebook.com\/24gliwice","article_author":"https:\/\/www.facebook.com\/marcin.fabrykowski","article_published_time":"2019-02-22T11:11:11+00:00","article_modified_time":"2019-02-22T11:17:24+00:00","og_image":[{"width":952,"height":568,"url":"https:\/\/www.24gliwice.pl\/wiadomosci\/wp-content\/uploads\/2019\/02\/potracwenie-psa.jpg","type":"image\/jpeg"}],"author":"Marcin Fabrykowski","twitter_card":"summary_large_image","twitter_creator":"@24gliwice","twitter_site":"@24gliwice","twitter_misc":{"Napisane przez":"Marcin Fabrykowski","Szacowany czas czytania":"2 minuty"},"schema":{"@context":"https:\/\/schema.org","@graph":[{"@type":"Article","@id":"https:\/\/www.24gliwice.pl\/wiadomosci\/kierowca-skody-potracil-psa-wedlug-swiadkow-zrobil-to-celowo-zwierze-nie-zyje\/#article","isPartOf":{"@id":"https:\/\/www.24gliwice.pl\/wiadomosci\/kierowca-skody-potracil-psa-wedlug-swiadkow-zrobil-to-celowo-zwierze-nie-zyje\/"},"author":{"name":"Marcin Fabrykowski","@id":"https:\/\/www.24gliwice.pl\/wiadomosci\/#\/schema\/person\/cb5857e4a4d048c15984c1edcc8ef0c0"},"headline":"Kierowca Skody potr\u0105ci\u0142 psa. Wed\u0142ug \u015bwiadk\u00f3w, zrobi\u0142 to celowo. Zwierz\u0119 nie \u017cyje","datePublished":"2019-02-22T11:11:11+00:00","dateModified":"2019-02-22T11:17:24+00:00","mainEntityOfPage":{"@id":"https:\/\/www.24gliwice.pl\/wiadomosci\/kierowca-skody-potracil-psa-wedlug-swiadkow-zrobil-to-celowo-zwierze-nie-zyje\/"},"wordCount":341,"commentCount":0,"publisher":{"@id":"https:\/\/www.24gliwice.pl\/wiadomosci\/#organization"},"image":{"@id":"https:\/\/www.24gliwice.pl\/wiadomosci\/kierowca-skody-potracil-psa-wedlug-swiadkow-zrobil-to-celowo-zwierze-nie-zyje\/#primaryimage"},"thumbnailUrl":"https:\/\/www.24gliwice.pl\/wiadomosci\/wp-content\/uploads\/2019\/02\/potracwenie-psa.jpg","keywords":["PIES","POTR\u0104CONIE"],"articleSection":["Najnowsze wiadomo\u015bci","Prawo"],"inLanguage":"pl-PL","potentialAction":[{"@type":"CommentAction","name":"Comment","target":["https:\/\/www.24gliwice.pl\/wiadomosci\/kierowca-skody-potracil-psa-wedlug-swiadkow-zrobil-to-celowo-zwierze-nie-zyje\/#respond"]}]},{"@type":"WebPage","@id":"https:\/\/www.24gliwice.pl\/wiadomosci\/kierowca-skody-potracil-psa-wedlug-swiadkow-zrobil-to-celowo-zwierze-nie-zyje\/","url":"https:\/\/www.24gliwice.pl\/wiadomosci\/kierowca-skody-potracil-psa-wedlug-swiadkow-zrobil-to-celowo-zwierze-nie-zyje\/","name":"Kierowca Skody potr\u0105ci\u0142 psa. Wed\u0142ug \u015bwiadk\u00f3w, zrobi\u0142 to celowo. Zwierz\u0119 nie \u017cyje - 24GLIWICE - Portal Gliwice | codziennie nowe informacje","isPartOf":{"@id":"https:\/\/www.24gliwice.pl\/wiadomosci\/#website"},"primaryImageOfPage":{"@id":"https:\/\/www.24gliwice.pl\/wiadomosci\/kierowca-skody-potracil-psa-wedlug-swiadkow-zrobil-to-celowo-zwierze-nie-zyje\/#primaryimage"},"image":{"@id":"https:\/\/www.24gliwice.pl\/wiadomosci\/kierowca-skody-potracil-psa-wedlug-swiadkow-zrobil-to-celowo-zwierze-nie-zyje\/#primaryimage"},"thumbnailUrl":"https:\/\/www.24gliwice.pl\/wiadomosci\/wp-content\/uploads\/2019\/02\/potracwenie-psa.jpg","datePublished":"2019-02-22T11:11:11+00:00","dateModified":"2019-02-22T11:17:24+00:00","breadcrumb":{"@id":"https:\/\/www.24gliwice.pl\/wiadomosci\/kierowca-skody-potracil-psa-wedlug-swiadkow-zrobil-to-celowo-zwierze-nie-zyje\/#breadcrumb"},"inLanguage":"pl-PL","potentialAction":[{"@type":"ReadAction","target":["https:\/\/www.24gliwice.pl\/wiadomosci\/kierowca-skody-potracil-psa-wedlug-swiadkow-zrobil-to-celowo-zwierze-nie-zyje\/"]}]},{"@type":"ImageObject","inLanguage":"pl-PL","@id":"https:\/\/www.24gliwice.pl\/wiadomosci\/kierowca-skody-potracil-psa-wedlug-swiadkow-zrobil-to-celowo-zwierze-nie-zyje\/#primaryimage","url":"https:\/\/www.24gliwice.pl\/wiadomosci\/wp-content\/uploads\/2019\/02\/potracwenie-psa.jpg","contentUrl":"https:\/\/www.24gliwice.pl\/wiadomosci\/wp-content\/uploads\/2019\/02\/potracwenie-psa.jpg","width":952,"height":568},{"@type":"BreadcrumbList","@id":"https:\/\/www.24gliwice.pl\/wiadomosci\/kierowca-skody-potracil-psa-wedlug-swiadkow-zrobil-to-celowo-zwierze-nie-zyje\/#breadcrumb","itemListElement":[{"@type":"ListItem","position":1,"name":"Strona g\u0142\u00f3wna","item":"https:\/\/www.24gliwice.pl\/wiadomosci\/"},{"@type":"ListItem","position":2,"name":"Kierowca Skody potr\u0105ci\u0142 psa. Wed\u0142ug \u015bwiadk\u00f3w, zrobi\u0142 to celowo. Zwierz\u0119 nie \u017cyje"}]},{"@type":"WebSite","@id":"https:\/\/www.24gliwice.pl\/wiadomosci\/#website","url":"https:\/\/www.24gliwice.pl\/wiadomosci\/","name":"24GLIWICE - Portal Gliwice | codziennie nowe wiadomo\u015bci","description":"Portal Miejski Gliwice","publisher":{"@id":"https:\/\/www.24gliwice.pl\/wiadomosci\/#organization"},"potentialAction":[{"@type":"SearchAction","target":{"@type":"EntryPoint","urlTemplate":"https:\/\/www.24gliwice.pl\/wiadomosci\/?s={search_term_string}"},"query-input":{"@type":"PropertyValueSpecification","valueRequired":true,"valueName":"search_term_string"}}],"inLanguage":"pl-PL"},{"@type":"Organization","@id":"https:\/\/www.24gliwice.pl\/wiadomosci\/#organization","name":"24gliwice","url":"https:\/\/www.24gliwice.pl\/wiadomosci\/","logo":{"@type":"ImageObject","inLanguage":"pl-PL","@id":"https:\/\/www.24gliwice.pl\/wiadomosci\/#\/schema\/logo\/image\/","url":"https:\/\/www.24gliwice.pl\/wiadomosci\/wp-content\/uploads\/2024\/10\/24gliwice-logo-696.jpg","contentUrl":"https:\/\/www.24gliwice.pl\/wiadomosci\/wp-content\/uploads\/2024\/10\/24gliwice-logo-696.jpg","width":696,"height":696,"caption":"24gliwice"},"image":{"@id":"https:\/\/www.24gliwice.pl\/wiadomosci\/#\/schema\/logo\/image\/"},"sameAs":["https:\/\/www.facebook.com\/24gliwice","https:\/\/x.com\/24gliwice","https:\/\/www.youtube.com\/@24gliwice"]},{"@type":"Person","@id":"https:\/\/www.24gliwice.pl\/wiadomosci\/#\/schema\/person\/cb5857e4a4d048c15984c1edcc8ef0c0","name":"Marcin Fabrykowski","image":{"@type":"ImageObject","inLanguage":"pl-PL","@id":"https:\/\/www.24gliwice.pl\/wiadomosci\/wp-content\/uploads\/2025\/11\/zdjecie-moje-marcin-300-96x96.jpg","url":"https:\/\/www.24gliwice.pl\/wiadomosci\/wp-content\/uploads\/2025\/11\/zdjecie-moje-marcin-300-96x96.jpg","contentUrl":"https:\/\/www.24gliwice.pl\/wiadomosci\/wp-content\/uploads\/2025\/11\/zdjecie-moje-marcin-300-96x96.jpg","caption":"Marcin Fabrykowski"},"sameAs":["http:\/\/24gliwice.pl","https:\/\/www.facebook.com\/marcin.fabrykowski"],"url":"https:\/\/www.24gliwice.pl\/wiadomosci\/author\/marcin-fabrykowski\/"}]}},"_links":{"self":[{"href":"https:\/\/www.24gliwice.pl\/wiadomosci\/wp-json\/wp\/v2\/posts\/130849","targetHints":{"allow":["GET"]}}],"collection":[{"href":"https:\/\/www.24gliwice.pl\/wiadomosci\/wp-json\/wp\/v2\/posts"}],"about":[{"href":"https:\/\/www.24gliwice.pl\/wiadomosci\/wp-json\/wp\/v2\/types\/post"}],"author":[{"embeddable":true,"href":"https:\/\/www.24gliwice.pl\/wiadomosci\/wp-json\/wp\/v2\/users\/4"}],"replies":[{"embeddable":true,"href":"https:\/\/www.24gliwice.pl\/wiadomosci\/wp-json\/wp\/v2\/comments?post=130849"}],"version-history":[{"count":0,"href":"https:\/\/www.24gliwice.pl\/wiadomosci\/wp-json\/wp\/v2\/posts\/130849\/revisions"}],"wp:featuredmedia":[{"embeddable":true,"href":"https:\/\/www.24gliwice.pl\/wiadomosci\/wp-json\/wp\/v2\/media\/130852"}],"wp:attachment":[{"href":"https:\/\/www.24gliwice.pl\/wiadomosci\/wp-json\/wp\/v2\/media?parent=130849"}],"wp:term":[{"taxonomy":"category","embeddable":true,"href":"https:\/\/www.24gliwice.pl\/wiadomosci\/wp-json\/wp\/v2\/categories?post=130849"},{"taxonomy":"post_tag","embeddable":true,"href":"https:\/\/www.24gliwice.pl\/wiadomosci\/wp-json\/wp\/v2\/tags?post=130849"}],"curies":[{"name":"wp","href":"https:\/\/api.w.org\/{rel}","templated":true}]}}