{"id":130924,"date":"2019-02-26T02:17:32","date_gmt":"2019-02-26T01:17:32","guid":{"rendered":"https:\/\/www.24gliwice.pl\/wiadomosci\/?p=130924"},"modified":"2019-02-26T11:24:32","modified_gmt":"2019-02-26T10:24:32","slug":"trzeci-sezon-dzialania-wypozyczalni-roweru-miejskiego-w-gliwicach-rozpocznie-sie-w-tym-tygodniu","status":"publish","type":"post","link":"https:\/\/www.24gliwice.pl\/wiadomosci\/trzeci-sezon-dzialania-wypozyczalni-roweru-miejskiego-w-gliwicach-rozpocznie-sie-w-tym-tygodniu\/","title":{"rendered":"Trzeci sezon dzia\u0142ania wypo\u017cyczalni roweru miejskiego w Gliwicach rozpocznie si\u0119 w tym tygodniu"},"content":{"rendered":"<div class=\"gliwi-a6-nad-leadem-artykulow gliwi-entity-placement\" id=\"gliwi-820412141\"><div class=\"gliwi-adlabel\"><span style=\"font-size: 9px\">REKLAMA<\/span><\/div><div id=\"gliwi-1271705767\" style=\"margin-bottom: 25px;margin-left: auto;margin-right: auto;text-align: center;\"><a data-no-instant=\"1\" href=\"https:\/\/dom100.eu\/\" rel=\"noopener\" class=\"a2t-link\" target=\"_blank\" aria-label=\"20260415 DOM100 D\"><img loading=\"lazy\" decoding=\"async\" src=\"https:\/\/www.24gliwice.pl\/wiadomosci\/wp-content\/uploads\/2026\/04\/20260415-DOM100-D.jpg\" alt=\"\"  srcset=\"https:\/\/www.24gliwice.pl\/wiadomosci\/wp-content\/uploads\/2026\/04\/20260415-DOM100-D.jpg 750w, https:\/\/www.24gliwice.pl\/wiadomosci\/wp-content\/uploads\/2026\/04\/20260415-DOM100-D-410x109.jpg 410w\" sizes=\"(max-width: 750px) 100vw, 750px\" class=\"no-lazyload\" width=\"750\" height=\"200\"  style=\"display: inline-block; max-width: 100%; height: auto;\" \/><\/a><\/div><\/div><h3>Zima si\u0119 ko\u0144czy, nadje\u017cd\u017ca Gliwicki Rower Miejski. Czas skorzysta\u0107 z mo\u017cliwo\u015bci wygodnego, ekologicznego i ekonomicznego przemieszczania si\u0119 po Gliwicach. Kolejny sezon dzia\u0142ania systemu rozpocznie si\u0119 od pi\u0105tku.<\/h3>\n<p>Mamy dobr\u0105 wiadomo\u015b\u0107 dla wszystkich mi\u0142o\u015bnik\u00f3w jazdy na rowerze \u2013 od 1 marca zn\u00f3w b\u0119dzie mo\u017cna korzysta\u0107 z miejskich rower\u00f3w. Charakterystyczne czerwono-niebieskie jedno\u015blady, podobnie jak w poprzednich sezonach, b\u0119d\u0105 widoczne w ca\u0142ym mie\u015bcie. Na rowerzyst\u00f3w czeka 150 rower\u00f3w i 15 stacji wypo\u017cycze\u0144.<\/p>\n<p>\u2013 Samoobs\u0142ugowe wypo\u017cyczalnie rower\u00f3w ciesz\u0105 si\u0119 w\u015br\u00f3d mieszka\u0144c\u00f3w ogromn\u0105 i stale rosn\u0105c\u0105 popularno\u015bci\u0105. Od 1 marca po raz kolejny gliwiczanie b\u0119d\u0105 mogli w sprawny i szybki spos\u00f3b porusza\u0107 si\u0119 po mie\u015bcie rowerem. Mamy nadziej\u0119, \u017ce sezon b\u0119dzie udany, a wszystkim rowerzystom \u017cyczymy bezpiecznej i przyjemnej jazdy \u2013 m\u00f3wi <strong>Ewa Staszk\u00f3w<\/strong>, inspektor Wydzia\u0142u Przedsi\u0119wzi\u0119\u0107 Gospodarczych i Us\u0142ug Komunalnych Urz\u0119du Miejskiego w Gliwicach.<\/p><div class=\"gliwi-a3-w-tresci-artykulow gliwi-entity-placement\" id=\"gliwi-1021869675\"><div class=\"gliwi-adlabel\"><span style=\"font-size: 9px\">REKLAMA<\/span><\/div><div id=\"gliwi-1788137619\" style=\"margin-bottom: 30px;margin-left: auto;margin-right: auto;text-align: center;\"><a data-no-instant=\"1\" href=\"https:\/\/zlobek.halogen.org.pl\/\" rel=\"noopener\" class=\"a2t-link\" target=\"_blank\" aria-label=\"animator-zlobek_750x200\"><img loading=\"lazy\" decoding=\"async\" src=\"https:\/\/www.24gliwice.pl\/wiadomosci\/wp-content\/uploads\/2026\/02\/animator-zlobek_750x200.webp\" alt=\"\"  srcset=\"https:\/\/www.24gliwice.pl\/wiadomosci\/wp-content\/uploads\/2026\/02\/animator-zlobek_750x200.webp 750w, https:\/\/www.24gliwice.pl\/wiadomosci\/wp-content\/uploads\/2026\/02\/animator-zlobek_750x200-410x109.webp 410w\" sizes=\"(max-width: 750px) 100vw, 750px\" class=\"no-lazyload\" width=\"750\" height=\"200\"  style=\"display: inline-block; max-width: 100%; height: auto;\" \/><\/a><\/div><\/div>\n<p>Rower mo\u017ce wypo\u017cyczy\u0107 ka\u017cdy zarejestrowany u\u017cytkownik. Warto jednak pami\u0119ta\u0107, \u017ce aby to zrobi\u0107 na koncie w systemie musi by\u0107 co najmniej 10 z\u0142otych. Kto nie ma jeszcze konta, mo\u017ce je za\u0142o\u017cy\u0107 na stronie internetowej Gliwickirower.pl lub poprzez aplikacj\u0119 mobiln\u0105 Nextbike.<\/p>\n<h4>Pierwsze 15 minut ka\u017cdego wypo\u017cyczenia jest bezp\u0142atne<\/h4>\n<p>Wypo\u017cyczenie roweru jest bardzo proste \u2013 wystarczy post\u0119powa\u0107 zgodnie z instrukcjami: na terminalu wpisujemy numer telefonu, kod PIN i numer roweru, kt\u00f3ry chcemy wypo\u017cyczy\u0107. Korzystaj\u0105c z aplikacji mobilnej Nextbike wystarczy zeskanowa\u0107 kod QR z roweru. Potem mo\u017cna wypi\u0105\u0107 jedno\u015blad z elektrozamka i ruszy\u0107 w drog\u0119. Rower zwracamy wpinaj\u0105c z powrotem rower w elektrozamek na stacji wypo\u017cycze\u0144.<\/p>\n<p>Sezon GRM potrwa do 30 listopada. Mo\u017cna je wypo\u017cycza\u0107 przez ca\u0142\u0105 dob\u0119, siedem dni w tygodniu. Szczeg\u00f3\u0142owe informacje na temat dzia\u0142ania systemu mo\u017cna znale\u017a\u0107 na stronie <a href=\"http:\/\/www.gliwickirower.pl\" rel=\"noopener\" target=\"_blank\">www.gliwickirower.pl<\/a>. <\/p>\n<p>(\u017cms)\/UM(mf)<br \/>\nfot. mat. pras. Nextbike<\/p>\n<div class=\"gliwi-a5-na-koncu-artykulow gliwi-entity-placement\" id=\"gliwi-2789411018\"><div class=\"gliwi-adlabel\"><span style=\"font-size: 9px\">REKLAMA<\/span><\/div><div id=\"gliwi-268907274\" style=\"margin-left: auto;margin-right: auto;text-align: center;\"><a data-no-instant=\"1\" href=\"https:\/\/prezeroarenagliwice.pl\/\" rel=\"noopener\" class=\"a2t-link\" target=\"_blank\" aria-label=\"20260309-PREZERO-WIOSNA-D\"><img loading=\"lazy\" decoding=\"async\" src=\"https:\/\/www.24gliwice.pl\/wiadomosci\/wp-content\/uploads\/2026\/03\/20260309-PREZERO-WIOSNA-D.webp\" alt=\"\"  srcset=\"https:\/\/www.24gliwice.pl\/wiadomosci\/wp-content\/uploads\/2026\/03\/20260309-PREZERO-WIOSNA-D.webp 750w, https:\/\/www.24gliwice.pl\/wiadomosci\/wp-content\/uploads\/2026\/03\/20260309-PREZERO-WIOSNA-D-410x109.webp 410w\" sizes=\"(max-width: 750px) 100vw, 750px\" class=\"no-lazyload\" width=\"750\" height=\"200\"  style=\"display: inline-block; max-width: 100%; height: auto;\" \/><\/a><\/div><\/div>","protected":false},"excerpt":{"rendered":"<p>Zima si\u0119 ko\u0144czy, nadje\u017cd\u017ca Gliwicki Rower Miejski. Czas skorzysta\u0107 z mo\u017cliwo\u015bci wygodnego, ekologicznego i ekonomicznego przemieszczania si\u0119 po Gliwicach. Kolejny sezon dzia\u0142ania systemu rozpocznie si\u0119 od pi\u0105tku. Mamy dobr\u0105 wiadomo\u015b\u0107 dla wszystkich mi\u0142o\u015bnik\u00f3w jazdy na rowerze \u2013 od 1 marca zn\u00f3w b\u0119dzie mo\u017cna korzysta\u0107 z miejskich rower\u00f3w. Charakterystyczne czerwono-niebieskie jedno\u015blady, podobnie jak w poprzednich sezonach, [&hellip;]<\/p>\n","protected":false},"author":15,"featured_media":130927,"comment_status":"open","ping_status":"closed","sticky":false,"template":"","format":"standard","meta":{"_monsterinsights_skip_tracking":false,"_monsterinsights_sitenote_active":false,"_monsterinsights_sitenote_note":"","_monsterinsights_sitenote_category":0,"footnotes":"","_links_to":"","_links_to_target":""},"categories":[3,1],"tags":[8873,8790,8787,8797,8546,11648,12598,8547],"class_list":["post-130924","post","type-post","status-publish","format-standard","has-post-thumbnail","hentry","category-gliwice","category-wszystko","tag-drogi-rowerowe","tag-gliwicki-rower-miejski","tag-grm","tag-grr","tag-nextbike","tag-stacje","tag-system","tag-wypozyczalnia-rowerow"],"yoast_head":"<!-- This site is optimized with the Yoast SEO plugin v27.5 - https:\/\/yoast.com\/product\/yoast-seo-wordpress\/ -->\n<title>Trzeci sezon dzia\u0142ania wypo\u017cyczalni roweru miejskiego w Gliwicach rozpocznie si\u0119 w tym tygodniu - 24GLIWICE - Portal Gliwice | codziennie nowe informacje<\/title>\n<meta name=\"robots\" content=\"index, follow, max-snippet:-1, max-image-preview:large, max-video-preview:-1\" \/>\n<link rel=\"canonical\" href=\"https:\/\/www.24gliwice.pl\/wiadomosci\/trzeci-sezon-dzialania-wypozyczalni-roweru-miejskiego-w-gliwicach-rozpocznie-sie-w-tym-tygodniu\/\" \/>\n<meta property=\"og:locale\" content=\"pl_PL\" \/>\n<meta property=\"og:type\" content=\"article\" \/>\n<meta property=\"og:title\" content=\"Trzeci sezon dzia\u0142ania wypo\u017cyczalni roweru miejskiego w Gliwicach rozpocznie si\u0119 w tym tygodniu - 24GLIWICE - Portal Gliwice | codziennie nowe informacje\" \/>\n<meta property=\"og:description\" content=\"Zima si\u0119 ko\u0144czy, nadje\u017cd\u017ca Gliwicki Rower Miejski. Czas skorzysta\u0107 z mo\u017cliwo\u015bci wygodnego, ekologicznego i ekonomicznego przemieszczania si\u0119 po Gliwicach. Kolejny sezon dzia\u0142ania systemu rozpocznie si\u0119 od pi\u0105tku. Mamy dobr\u0105 wiadomo\u015b\u0107 dla wszystkich mi\u0142o\u015bnik\u00f3w jazdy na rowerze \u2013 od 1 marca zn\u00f3w b\u0119dzie mo\u017cna korzysta\u0107 z miejskich rower\u00f3w. Charakterystyczne czerwono-niebieskie jedno\u015blady, podobnie jak w poprzednich sezonach, [&hellip;]\" \/>\n<meta property=\"og:url\" content=\"https:\/\/www.24gliwice.pl\/wiadomosci\/trzeci-sezon-dzialania-wypozyczalni-roweru-miejskiego-w-gliwicach-rozpocznie-sie-w-tym-tygodniu\/\" \/>\n<meta property=\"og:site_name\" content=\"24GLIWICE - Portal Gliwice | codziennie nowe informacje\" \/>\n<meta property=\"article:publisher\" content=\"https:\/\/www.facebook.com\/24gliwice\" \/>\n<meta property=\"article:published_time\" content=\"2019-02-26T01:17:32+00:00\" \/>\n<meta property=\"article:modified_time\" content=\"2019-02-26T10:24:32+00:00\" \/>\n<meta property=\"og:image\" content=\"https:\/\/www.24gliwice.pl\/wiadomosci\/wp-content\/uploads\/2019\/02\/grm-fot-nextbike-e1581343276908.jpg\" \/>\n\t<meta property=\"og:image:width\" content=\"810\" \/>\n\t<meta property=\"og:image:height\" content=\"455\" \/>\n\t<meta property=\"og:image:type\" content=\"image\/jpeg\" \/>\n<meta name=\"author\" content=\"\u017baneta Mrozek-Siewierska\" \/>\n<meta name=\"twitter:card\" content=\"summary_large_image\" \/>\n<meta name=\"twitter:creator\" content=\"@24gliwice\" \/>\n<meta name=\"twitter:site\" content=\"@24gliwice\" \/>\n<meta name=\"twitter:label1\" content=\"Napisane przez\" \/>\n\t<meta name=\"twitter:data1\" content=\"\u017baneta Mrozek-Siewierska\" \/>\n\t<meta name=\"twitter:label2\" content=\"Szacowany czas czytania\" \/>\n\t<meta name=\"twitter:data2\" content=\"2 minuty\" \/>\n<script type=\"application\/ld+json\" class=\"yoast-schema-graph\">{\"@context\":\"https:\\\/\\\/schema.org\",\"@graph\":[{\"@type\":\"Article\",\"@id\":\"https:\\\/\\\/www.24gliwice.pl\\\/wiadomosci\\\/trzeci-sezon-dzialania-wypozyczalni-roweru-miejskiego-w-gliwicach-rozpocznie-sie-w-tym-tygodniu\\\/#article\",\"isPartOf\":{\"@id\":\"https:\\\/\\\/www.24gliwice.pl\\\/wiadomosci\\\/trzeci-sezon-dzialania-wypozyczalni-roweru-miejskiego-w-gliwicach-rozpocznie-sie-w-tym-tygodniu\\\/\"},\"author\":{\"name\":\"\u017baneta Mrozek-Siewierska\",\"@id\":\"https:\\\/\\\/www.24gliwice.pl\\\/wiadomosci\\\/#\\\/schema\\\/person\\\/e42c650edd7f2fa332be3811fb166b6e\"},\"headline\":\"Trzeci sezon dzia\u0142ania wypo\u017cyczalni roweru miejskiego w Gliwicach rozpocznie si\u0119 w tym tygodniu\",\"datePublished\":\"2019-02-26T01:17:32+00:00\",\"dateModified\":\"2019-02-26T10:24:32+00:00\",\"mainEntityOfPage\":{\"@id\":\"https:\\\/\\\/www.24gliwice.pl\\\/wiadomosci\\\/trzeci-sezon-dzialania-wypozyczalni-roweru-miejskiego-w-gliwicach-rozpocznie-sie-w-tym-tygodniu\\\/\"},\"wordCount\":340,\"commentCount\":0,\"publisher\":{\"@id\":\"https:\\\/\\\/www.24gliwice.pl\\\/wiadomosci\\\/#organization\"},\"image\":{\"@id\":\"https:\\\/\\\/www.24gliwice.pl\\\/wiadomosci\\\/trzeci-sezon-dzialania-wypozyczalni-roweru-miejskiego-w-gliwicach-rozpocznie-sie-w-tym-tygodniu\\\/#primaryimage\"},\"thumbnailUrl\":\"https:\\\/\\\/www.24gliwice.pl\\\/wiadomosci\\\/wp-content\\\/uploads\\\/2019\\\/02\\\/grm-fot-nextbike-e1581343276908.jpg\",\"keywords\":[\"DROGI ROWEROWE\",\"GLIWICKI ROWER MIEJSKI\",\"GRM\",\"GRR\",\"NEXTBIKE\",\"stacje\",\"system\",\"wypo\u017cyczalnia rower\u00f3w\"],\"articleSection\":[\"Gliwice\",\"Najnowsze wiadomo\u015bci\"],\"inLanguage\":\"pl-PL\",\"potentialAction\":[{\"@type\":\"CommentAction\",\"name\":\"Comment\",\"target\":[\"https:\\\/\\\/www.24gliwice.pl\\\/wiadomosci\\\/trzeci-sezon-dzialania-wypozyczalni-roweru-miejskiego-w-gliwicach-rozpocznie-sie-w-tym-tygodniu\\\/#respond\"]}]},{\"@type\":\"WebPage\",\"@id\":\"https:\\\/\\\/www.24gliwice.pl\\\/wiadomosci\\\/trzeci-sezon-dzialania-wypozyczalni-roweru-miejskiego-w-gliwicach-rozpocznie-sie-w-tym-tygodniu\\\/\",\"url\":\"https:\\\/\\\/www.24gliwice.pl\\\/wiadomosci\\\/trzeci-sezon-dzialania-wypozyczalni-roweru-miejskiego-w-gliwicach-rozpocznie-sie-w-tym-tygodniu\\\/\",\"name\":\"Trzeci sezon dzia\u0142ania wypo\u017cyczalni roweru miejskiego w Gliwicach rozpocznie si\u0119 w tym tygodniu - 24GLIWICE - Portal Gliwice | codziennie nowe informacje\",\"isPartOf\":{\"@id\":\"https:\\\/\\\/www.24gliwice.pl\\\/wiadomosci\\\/#website\"},\"primaryImageOfPage\":{\"@id\":\"https:\\\/\\\/www.24gliwice.pl\\\/wiadomosci\\\/trzeci-sezon-dzialania-wypozyczalni-roweru-miejskiego-w-gliwicach-rozpocznie-sie-w-tym-tygodniu\\\/#primaryimage\"},\"image\":{\"@id\":\"https:\\\/\\\/www.24gliwice.pl\\\/wiadomosci\\\/trzeci-sezon-dzialania-wypozyczalni-roweru-miejskiego-w-gliwicach-rozpocznie-sie-w-tym-tygodniu\\\/#primaryimage\"},\"thumbnailUrl\":\"https:\\\/\\\/www.24gliwice.pl\\\/wiadomosci\\\/wp-content\\\/uploads\\\/2019\\\/02\\\/grm-fot-nextbike-e1581343276908.jpg\",\"datePublished\":\"2019-02-26T01:17:32+00:00\",\"dateModified\":\"2019-02-26T10:24:32+00:00\",\"breadcrumb\":{\"@id\":\"https:\\\/\\\/www.24gliwice.pl\\\/wiadomosci\\\/trzeci-sezon-dzialania-wypozyczalni-roweru-miejskiego-w-gliwicach-rozpocznie-sie-w-tym-tygodniu\\\/#breadcrumb\"},\"inLanguage\":\"pl-PL\",\"potentialAction\":[{\"@type\":\"ReadAction\",\"target\":[\"https:\\\/\\\/www.24gliwice.pl\\\/wiadomosci\\\/trzeci-sezon-dzialania-wypozyczalni-roweru-miejskiego-w-gliwicach-rozpocznie-sie-w-tym-tygodniu\\\/\"]}]},{\"@type\":\"ImageObject\",\"inLanguage\":\"pl-PL\",\"@id\":\"https:\\\/\\\/www.24gliwice.pl\\\/wiadomosci\\\/trzeci-sezon-dzialania-wypozyczalni-roweru-miejskiego-w-gliwicach-rozpocznie-sie-w-tym-tygodniu\\\/#primaryimage\",\"url\":\"https:\\\/\\\/www.24gliwice.pl\\\/wiadomosci\\\/wp-content\\\/uploads\\\/2019\\\/02\\\/grm-fot-nextbike-e1581343276908.jpg\",\"contentUrl\":\"https:\\\/\\\/www.24gliwice.pl\\\/wiadomosci\\\/wp-content\\\/uploads\\\/2019\\\/02\\\/grm-fot-nextbike-e1581343276908.jpg\",\"width\":810,\"height\":455},{\"@type\":\"BreadcrumbList\",\"@id\":\"https:\\\/\\\/www.24gliwice.pl\\\/wiadomosci\\\/trzeci-sezon-dzialania-wypozyczalni-roweru-miejskiego-w-gliwicach-rozpocznie-sie-w-tym-tygodniu\\\/#breadcrumb\",\"itemListElement\":[{\"@type\":\"ListItem\",\"position\":1,\"name\":\"Strona g\u0142\u00f3wna\",\"item\":\"https:\\\/\\\/www.24gliwice.pl\\\/wiadomosci\\\/\"},{\"@type\":\"ListItem\",\"position\":2,\"name\":\"Trzeci sezon dzia\u0142ania wypo\u017cyczalni roweru miejskiego w Gliwicach rozpocznie si\u0119 w tym tygodniu\"}]},{\"@type\":\"WebSite\",\"@id\":\"https:\\\/\\\/www.24gliwice.pl\\\/wiadomosci\\\/#website\",\"url\":\"https:\\\/\\\/www.24gliwice.pl\\\/wiadomosci\\\/\",\"name\":\"24GLIWICE - Portal Gliwice | codziennie nowe wiadomo\u015bci\",\"description\":\"Portal Miejski Gliwice\",\"publisher\":{\"@id\":\"https:\\\/\\\/www.24gliwice.pl\\\/wiadomosci\\\/#organization\"},\"potentialAction\":[{\"@type\":\"SearchAction\",\"target\":{\"@type\":\"EntryPoint\",\"urlTemplate\":\"https:\\\/\\\/www.24gliwice.pl\\\/wiadomosci\\\/?s={search_term_string}\"},\"query-input\":{\"@type\":\"PropertyValueSpecification\",\"valueRequired\":true,\"valueName\":\"search_term_string\"}}],\"inLanguage\":\"pl-PL\"},{\"@type\":\"Organization\",\"@id\":\"https:\\\/\\\/www.24gliwice.pl\\\/wiadomosci\\\/#organization\",\"name\":\"24gliwice\",\"url\":\"https:\\\/\\\/www.24gliwice.pl\\\/wiadomosci\\\/\",\"logo\":{\"@type\":\"ImageObject\",\"inLanguage\":\"pl-PL\",\"@id\":\"https:\\\/\\\/www.24gliwice.pl\\\/wiadomosci\\\/#\\\/schema\\\/logo\\\/image\\\/\",\"url\":\"https:\\\/\\\/www.24gliwice.pl\\\/wiadomosci\\\/wp-content\\\/uploads\\\/2024\\\/10\\\/24gliwice-logo-696.jpg\",\"contentUrl\":\"https:\\\/\\\/www.24gliwice.pl\\\/wiadomosci\\\/wp-content\\\/uploads\\\/2024\\\/10\\\/24gliwice-logo-696.jpg\",\"width\":696,\"height\":696,\"caption\":\"24gliwice\"},\"image\":{\"@id\":\"https:\\\/\\\/www.24gliwice.pl\\\/wiadomosci\\\/#\\\/schema\\\/logo\\\/image\\\/\"},\"sameAs\":[\"https:\\\/\\\/www.facebook.com\\\/24gliwice\",\"https:\\\/\\\/x.com\\\/24gliwice\",\"https:\\\/\\\/www.youtube.com\\\/@24gliwice\"]},{\"@type\":\"Person\",\"@id\":\"https:\\\/\\\/www.24gliwice.pl\\\/wiadomosci\\\/#\\\/schema\\\/person\\\/e42c650edd7f2fa332be3811fb166b6e\",\"name\":\"\u017baneta Mrozek-Siewierska\",\"image\":{\"@type\":\"ImageObject\",\"inLanguage\":\"pl-PL\",\"@id\":\"https:\\\/\\\/secure.gravatar.com\\\/avatar\\\/1881429e9c64597c77ad7aef2d0a19be69a3253e57534d16aa15bf3a4d34a0a3?s=96&d=mm&r=g\",\"url\":\"https:\\\/\\\/secure.gravatar.com\\\/avatar\\\/1881429e9c64597c77ad7aef2d0a19be69a3253e57534d16aa15bf3a4d34a0a3?s=96&d=mm&r=g\",\"contentUrl\":\"https:\\\/\\\/secure.gravatar.com\\\/avatar\\\/1881429e9c64597c77ad7aef2d0a19be69a3253e57534d16aa15bf3a4d34a0a3?s=96&d=mm&r=g\",\"caption\":\"\u017baneta Mrozek-Siewierska\"},\"url\":\"https:\\\/\\\/www.24gliwice.pl\\\/wiadomosci\\\/author\\\/zms\\\/\"}]}<\/script>\n<!-- \/ Yoast SEO plugin. -->","yoast_head_json":{"title":"Trzeci sezon dzia\u0142ania wypo\u017cyczalni roweru miejskiego w Gliwicach rozpocznie si\u0119 w tym tygodniu - 24GLIWICE - Portal Gliwice | codziennie nowe informacje","robots":{"index":"index","follow":"follow","max-snippet":"max-snippet:-1","max-image-preview":"max-image-preview:large","max-video-preview":"max-video-preview:-1"},"canonical":"https:\/\/www.24gliwice.pl\/wiadomosci\/trzeci-sezon-dzialania-wypozyczalni-roweru-miejskiego-w-gliwicach-rozpocznie-sie-w-tym-tygodniu\/","og_locale":"pl_PL","og_type":"article","og_title":"Trzeci sezon dzia\u0142ania wypo\u017cyczalni roweru miejskiego w Gliwicach rozpocznie si\u0119 w tym tygodniu - 24GLIWICE - Portal Gliwice | codziennie nowe informacje","og_description":"Zima si\u0119 ko\u0144czy, nadje\u017cd\u017ca Gliwicki Rower Miejski. Czas skorzysta\u0107 z mo\u017cliwo\u015bci wygodnego, ekologicznego i ekonomicznego przemieszczania si\u0119 po Gliwicach. Kolejny sezon dzia\u0142ania systemu rozpocznie si\u0119 od pi\u0105tku. Mamy dobr\u0105 wiadomo\u015b\u0107 dla wszystkich mi\u0142o\u015bnik\u00f3w jazdy na rowerze \u2013 od 1 marca zn\u00f3w b\u0119dzie mo\u017cna korzysta\u0107 z miejskich rower\u00f3w. Charakterystyczne czerwono-niebieskie jedno\u015blady, podobnie jak w poprzednich sezonach, [&hellip;]","og_url":"https:\/\/www.24gliwice.pl\/wiadomosci\/trzeci-sezon-dzialania-wypozyczalni-roweru-miejskiego-w-gliwicach-rozpocznie-sie-w-tym-tygodniu\/","og_site_name":"24GLIWICE - Portal Gliwice | codziennie nowe informacje","article_publisher":"https:\/\/www.facebook.com\/24gliwice","article_published_time":"2019-02-26T01:17:32+00:00","article_modified_time":"2019-02-26T10:24:32+00:00","og_image":[{"width":810,"height":455,"url":"https:\/\/www.24gliwice.pl\/wiadomosci\/wp-content\/uploads\/2019\/02\/grm-fot-nextbike-e1581343276908.jpg","type":"image\/jpeg"}],"author":"\u017baneta Mrozek-Siewierska","twitter_card":"summary_large_image","twitter_creator":"@24gliwice","twitter_site":"@24gliwice","twitter_misc":{"Napisane przez":"\u017baneta Mrozek-Siewierska","Szacowany czas czytania":"2 minuty"},"schema":{"@context":"https:\/\/schema.org","@graph":[{"@type":"Article","@id":"https:\/\/www.24gliwice.pl\/wiadomosci\/trzeci-sezon-dzialania-wypozyczalni-roweru-miejskiego-w-gliwicach-rozpocznie-sie-w-tym-tygodniu\/#article","isPartOf":{"@id":"https:\/\/www.24gliwice.pl\/wiadomosci\/trzeci-sezon-dzialania-wypozyczalni-roweru-miejskiego-w-gliwicach-rozpocznie-sie-w-tym-tygodniu\/"},"author":{"name":"\u017baneta Mrozek-Siewierska","@id":"https:\/\/www.24gliwice.pl\/wiadomosci\/#\/schema\/person\/e42c650edd7f2fa332be3811fb166b6e"},"headline":"Trzeci sezon dzia\u0142ania wypo\u017cyczalni roweru miejskiego w Gliwicach rozpocznie si\u0119 w tym tygodniu","datePublished":"2019-02-26T01:17:32+00:00","dateModified":"2019-02-26T10:24:32+00:00","mainEntityOfPage":{"@id":"https:\/\/www.24gliwice.pl\/wiadomosci\/trzeci-sezon-dzialania-wypozyczalni-roweru-miejskiego-w-gliwicach-rozpocznie-sie-w-tym-tygodniu\/"},"wordCount":340,"commentCount":0,"publisher":{"@id":"https:\/\/www.24gliwice.pl\/wiadomosci\/#organization"},"image":{"@id":"https:\/\/www.24gliwice.pl\/wiadomosci\/trzeci-sezon-dzialania-wypozyczalni-roweru-miejskiego-w-gliwicach-rozpocznie-sie-w-tym-tygodniu\/#primaryimage"},"thumbnailUrl":"https:\/\/www.24gliwice.pl\/wiadomosci\/wp-content\/uploads\/2019\/02\/grm-fot-nextbike-e1581343276908.jpg","keywords":["DROGI ROWEROWE","GLIWICKI ROWER MIEJSKI","GRM","GRR","NEXTBIKE","stacje","system","wypo\u017cyczalnia rower\u00f3w"],"articleSection":["Gliwice","Najnowsze wiadomo\u015bci"],"inLanguage":"pl-PL","potentialAction":[{"@type":"CommentAction","name":"Comment","target":["https:\/\/www.24gliwice.pl\/wiadomosci\/trzeci-sezon-dzialania-wypozyczalni-roweru-miejskiego-w-gliwicach-rozpocznie-sie-w-tym-tygodniu\/#respond"]}]},{"@type":"WebPage","@id":"https:\/\/www.24gliwice.pl\/wiadomosci\/trzeci-sezon-dzialania-wypozyczalni-roweru-miejskiego-w-gliwicach-rozpocznie-sie-w-tym-tygodniu\/","url":"https:\/\/www.24gliwice.pl\/wiadomosci\/trzeci-sezon-dzialania-wypozyczalni-roweru-miejskiego-w-gliwicach-rozpocznie-sie-w-tym-tygodniu\/","name":"Trzeci sezon dzia\u0142ania wypo\u017cyczalni roweru miejskiego w Gliwicach rozpocznie si\u0119 w tym tygodniu - 24GLIWICE - Portal Gliwice | codziennie nowe informacje","isPartOf":{"@id":"https:\/\/www.24gliwice.pl\/wiadomosci\/#website"},"primaryImageOfPage":{"@id":"https:\/\/www.24gliwice.pl\/wiadomosci\/trzeci-sezon-dzialania-wypozyczalni-roweru-miejskiego-w-gliwicach-rozpocznie-sie-w-tym-tygodniu\/#primaryimage"},"image":{"@id":"https:\/\/www.24gliwice.pl\/wiadomosci\/trzeci-sezon-dzialania-wypozyczalni-roweru-miejskiego-w-gliwicach-rozpocznie-sie-w-tym-tygodniu\/#primaryimage"},"thumbnailUrl":"https:\/\/www.24gliwice.pl\/wiadomosci\/wp-content\/uploads\/2019\/02\/grm-fot-nextbike-e1581343276908.jpg","datePublished":"2019-02-26T01:17:32+00:00","dateModified":"2019-02-26T10:24:32+00:00","breadcrumb":{"@id":"https:\/\/www.24gliwice.pl\/wiadomosci\/trzeci-sezon-dzialania-wypozyczalni-roweru-miejskiego-w-gliwicach-rozpocznie-sie-w-tym-tygodniu\/#breadcrumb"},"inLanguage":"pl-PL","potentialAction":[{"@type":"ReadAction","target":["https:\/\/www.24gliwice.pl\/wiadomosci\/trzeci-sezon-dzialania-wypozyczalni-roweru-miejskiego-w-gliwicach-rozpocznie-sie-w-tym-tygodniu\/"]}]},{"@type":"ImageObject","inLanguage":"pl-PL","@id":"https:\/\/www.24gliwice.pl\/wiadomosci\/trzeci-sezon-dzialania-wypozyczalni-roweru-miejskiego-w-gliwicach-rozpocznie-sie-w-tym-tygodniu\/#primaryimage","url":"https:\/\/www.24gliwice.pl\/wiadomosci\/wp-content\/uploads\/2019\/02\/grm-fot-nextbike-e1581343276908.jpg","contentUrl":"https:\/\/www.24gliwice.pl\/wiadomosci\/wp-content\/uploads\/2019\/02\/grm-fot-nextbike-e1581343276908.jpg","width":810,"height":455},{"@type":"BreadcrumbList","@id":"https:\/\/www.24gliwice.pl\/wiadomosci\/trzeci-sezon-dzialania-wypozyczalni-roweru-miejskiego-w-gliwicach-rozpocznie-sie-w-tym-tygodniu\/#breadcrumb","itemListElement":[{"@type":"ListItem","position":1,"name":"Strona g\u0142\u00f3wna","item":"https:\/\/www.24gliwice.pl\/wiadomosci\/"},{"@type":"ListItem","position":2,"name":"Trzeci sezon dzia\u0142ania wypo\u017cyczalni roweru miejskiego w Gliwicach rozpocznie si\u0119 w tym tygodniu"}]},{"@type":"WebSite","@id":"https:\/\/www.24gliwice.pl\/wiadomosci\/#website","url":"https:\/\/www.24gliwice.pl\/wiadomosci\/","name":"24GLIWICE - Portal Gliwice | codziennie nowe wiadomo\u015bci","description":"Portal Miejski Gliwice","publisher":{"@id":"https:\/\/www.24gliwice.pl\/wiadomosci\/#organization"},"potentialAction":[{"@type":"SearchAction","target":{"@type":"EntryPoint","urlTemplate":"https:\/\/www.24gliwice.pl\/wiadomosci\/?s={search_term_string}"},"query-input":{"@type":"PropertyValueSpecification","valueRequired":true,"valueName":"search_term_string"}}],"inLanguage":"pl-PL"},{"@type":"Organization","@id":"https:\/\/www.24gliwice.pl\/wiadomosci\/#organization","name":"24gliwice","url":"https:\/\/www.24gliwice.pl\/wiadomosci\/","logo":{"@type":"ImageObject","inLanguage":"pl-PL","@id":"https:\/\/www.24gliwice.pl\/wiadomosci\/#\/schema\/logo\/image\/","url":"https:\/\/www.24gliwice.pl\/wiadomosci\/wp-content\/uploads\/2024\/10\/24gliwice-logo-696.jpg","contentUrl":"https:\/\/www.24gliwice.pl\/wiadomosci\/wp-content\/uploads\/2024\/10\/24gliwice-logo-696.jpg","width":696,"height":696,"caption":"24gliwice"},"image":{"@id":"https:\/\/www.24gliwice.pl\/wiadomosci\/#\/schema\/logo\/image\/"},"sameAs":["https:\/\/www.facebook.com\/24gliwice","https:\/\/x.com\/24gliwice","https:\/\/www.youtube.com\/@24gliwice"]},{"@type":"Person","@id":"https:\/\/www.24gliwice.pl\/wiadomosci\/#\/schema\/person\/e42c650edd7f2fa332be3811fb166b6e","name":"\u017baneta Mrozek-Siewierska","image":{"@type":"ImageObject","inLanguage":"pl-PL","@id":"https:\/\/secure.gravatar.com\/avatar\/1881429e9c64597c77ad7aef2d0a19be69a3253e57534d16aa15bf3a4d34a0a3?s=96&d=mm&r=g","url":"https:\/\/secure.gravatar.com\/avatar\/1881429e9c64597c77ad7aef2d0a19be69a3253e57534d16aa15bf3a4d34a0a3?s=96&d=mm&r=g","contentUrl":"https:\/\/secure.gravatar.com\/avatar\/1881429e9c64597c77ad7aef2d0a19be69a3253e57534d16aa15bf3a4d34a0a3?s=96&d=mm&r=g","caption":"\u017baneta Mrozek-Siewierska"},"url":"https:\/\/www.24gliwice.pl\/wiadomosci\/author\/zms\/"}]}},"_links":{"self":[{"href":"https:\/\/www.24gliwice.pl\/wiadomosci\/wp-json\/wp\/v2\/posts\/130924","targetHints":{"allow":["GET"]}}],"collection":[{"href":"https:\/\/www.24gliwice.pl\/wiadomosci\/wp-json\/wp\/v2\/posts"}],"about":[{"href":"https:\/\/www.24gliwice.pl\/wiadomosci\/wp-json\/wp\/v2\/types\/post"}],"author":[{"embeddable":true,"href":"https:\/\/www.24gliwice.pl\/wiadomosci\/wp-json\/wp\/v2\/users\/15"}],"replies":[{"embeddable":true,"href":"https:\/\/www.24gliwice.pl\/wiadomosci\/wp-json\/wp\/v2\/comments?post=130924"}],"version-history":[{"count":0,"href":"https:\/\/www.24gliwice.pl\/wiadomosci\/wp-json\/wp\/v2\/posts\/130924\/revisions"}],"wp:featuredmedia":[{"embeddable":true,"href":"https:\/\/www.24gliwice.pl\/wiadomosci\/wp-json\/wp\/v2\/media\/130927"}],"wp:attachment":[{"href":"https:\/\/www.24gliwice.pl\/wiadomosci\/wp-json\/wp\/v2\/media?parent=130924"}],"wp:term":[{"taxonomy":"category","embeddable":true,"href":"https:\/\/www.24gliwice.pl\/wiadomosci\/wp-json\/wp\/v2\/categories?post=130924"},{"taxonomy":"post_tag","embeddable":true,"href":"https:\/\/www.24gliwice.pl\/wiadomosci\/wp-json\/wp\/v2\/tags?post=130924"}],"curies":[{"name":"wp","href":"https:\/\/api.w.org\/{rel}","templated":true}]}}