{"id":131155,"date":"2019-02-28T22:11:37","date_gmt":"2019-02-28T21:11:37","guid":{"rendered":"https:\/\/www.24gliwice.pl\/wiadomosci\/?p=131155"},"modified":"2019-02-28T22:11:37","modified_gmt":"2019-02-28T21:11:37","slug":"wielki-absurd-z-cena-paczkow-w-zaleznosci-od-rodzaju-rozni-je-wielkosc-podatku-vat","status":"publish","type":"post","link":"https:\/\/www.24gliwice.pl\/wiadomosci\/wielki-absurd-z-cena-paczkow-w-zaleznosci-od-rodzaju-rozni-je-wielkosc-podatku-vat\/","title":{"rendered":"Wielki absurd z cen\u0105 p\u0105czk\u00f3w. W zale\u017cno\u015bci od rodzaju, ro\u017cni je wielko\u015b\u0107 podatku VAT"},"content":{"rendered":"<div class=\"gliwi-a6-nad-leadem-artykulow gliwi-entity-placement\" id=\"gliwi-467138056\"><div class=\"gliwi-adlabel\"><span style=\"font-size: 9px\">REKLAMA<\/span><\/div><div id=\"gliwi-1237400718\" style=\"margin-bottom: 25px;margin-left: auto;margin-right: auto;text-align: center;\"><a data-no-instant=\"1\" href=\"https:\/\/dom100.eu\/\" rel=\"noopener\" class=\"a2t-link\" target=\"_blank\" aria-label=\"20260415 DOM100 D\"><img loading=\"lazy\" decoding=\"async\" src=\"https:\/\/www.24gliwice.pl\/wiadomosci\/wp-content\/uploads\/2026\/04\/20260415-DOM100-D.jpg\" alt=\"\"  srcset=\"https:\/\/www.24gliwice.pl\/wiadomosci\/wp-content\/uploads\/2026\/04\/20260415-DOM100-D.jpg 750w, https:\/\/www.24gliwice.pl\/wiadomosci\/wp-content\/uploads\/2026\/04\/20260415-DOM100-D-410x109.jpg 410w\" sizes=\"(max-width: 750px) 100vw, 750px\" class=\"no-lazyload\" width=\"750\" height=\"200\"  style=\"display: inline-block; max-width: 100%; height: auto;\" \/><\/a><\/div><\/div><h3>P\u0105czki dla \u0142asuch\u00f3w dziel\u0105 si\u0119 na te z marmolad\u0105 lub bez \u2013 ale dla urz\u0119dnika skarb\u00f3wki istnieje inny, niezauwa\u017calny go\u0142ym okiem podzia\u0142. S\u0105 bowiem p\u0105czki ob\u0142o\u017cone stawk\u0105 VAT 5 i 8 proc. oraz nawet takie ze stawk\u0105 23 proc.<\/h3>\n<p>W tym roku mija osiem lat od kiedy tradycyjny polski p\u0105czek uleg\u0142 podatkowemu rozszczepieniu ja\u017ani.<\/p>\n<p>Za istnienie trzech p\u0105czk\u00f3w podatkowych win\u0119 ponosz\u0105 nowelizacje przepis\u00f3w ustawy o VAT, kt\u00f3re wesz\u0142y w \u017cycie w 2011 r. W tym nies\u0142awna ustawa z dnia 26 listopada 2010 roku, kt\u00f3ra \u201etymczasowo&#8221; podnios\u0142a stawki VAT z 7 na 8 oraz z 22 na 23 proc. \u00f3wczesny rz\u0105d obiecywa\u0142, \u017ce to rozwi\u0105zanie tylko na trzy lata, ale trwa ono do dzi\u015b.<\/p><div class=\"gliwi-a3-w-tresci-artykulow gliwi-entity-placement\" id=\"gliwi-3932786529\"><div class=\"gliwi-adlabel\"><span style=\"font-size: 9px\">REKLAMA<\/span><\/div><div id=\"gliwi-536779975\" style=\"margin-bottom: 30px;margin-left: auto;margin-right: auto;text-align: center;\"><a data-no-instant=\"1\" href=\"https:\/\/ogrodyandersa.pl\/\" rel=\"noopener\" class=\"a2t-link\" target=\"_blank\" aria-label=\"20260415 Ogrody Andersa KUP TERAZ D\"><img loading=\"lazy\" decoding=\"async\" src=\"https:\/\/www.24gliwice.pl\/wiadomosci\/wp-content\/uploads\/2026\/04\/20260415-Ogrody-Andersa-KUP-TERAZ-D.jpg\" alt=\"\"  srcset=\"https:\/\/www.24gliwice.pl\/wiadomosci\/wp-content\/uploads\/2026\/04\/20260415-Ogrody-Andersa-KUP-TERAZ-D.jpg 750w, https:\/\/www.24gliwice.pl\/wiadomosci\/wp-content\/uploads\/2026\/04\/20260415-Ogrody-Andersa-KUP-TERAZ-D-410x109.jpg 410w\" sizes=\"(max-width: 750px) 100vw, 750px\" class=\"no-lazyload\" width=\"750\" height=\"200\"  style=\"display: inline-block; max-width: 100%; height: auto;\" \/><\/a><\/div><\/div>\n[perfectpullquote align=&#8221;full&#8221; bordertop=&#8221;false&#8221; cite=&#8221;&#8221; link=&#8221;&#8221; color=&#8221;&#8221; class=&#8221;&#8221; size=&#8221;&#8221;]W przepisach przemycono jednak tak\u017ce rozr\u00f3\u017cnienie stawek na pieczywo i wyroby ciastkarskie \u2013 w zale\u017cno\u015bci od daty ich przydatno\u015bci do spo\u017cycia.[\/perfectpullquote]\n<p>I tak, dietetyczne p\u0105czki do zjedzenia w ci\u0105gu dw\u00f3ch tygodni zosta\u0142y obj\u0119te stawk\u0105 5 proc. Tradycyjne p\u0105czki z wi\u0119ksz\u0105 ilo\u015bci\u0105 cukru wpad\u0142y w stawk\u0119 8 proc. Natomiast zar\u00f3wno mniej, jak i bardziej s\u0142odkie, za to o d\u0142u\u017cszej przydatno\u015bci do spo\u017cycia zosta\u0142y obj\u0119te stawk\u0105 23 proc.<\/p>\n<p>W ten spos\u00f3b ustawa, kt\u00f3ra znana jest przede wszystkim z \u201etymczasowo\u015bci&#8221; trwaj\u0105cej ju\u017c osiem lat, przynios\u0142a polskim konsumentom trzy rodzaje p\u0105czk\u00f3w podatkowych \u2013 oraz b\u00f3l g\u0142owy cukiernikom.<\/p>\n<blockquote><p>Skomplikowane podzia\u0142y towar\u00f3w i niejasno\u015bci w klasyfikowaniu ich do odpowiednich stawek to znak rozpoznawczy polskiego systemu podatkowego <\/p><\/blockquote>\n<p>\u2013 m\u00f3wi <strong>\u0141ukasz Czucharski<\/strong>, ekspert podatkowy Pracodawc\u00f3w RP. \u2013 To znamienne, \u017ce od lat z okazji t\u0142ustego czwartku ca\u0142a Polska \u015bmieje si\u0119 z trzech r\u00f3\u017cnych stawek VAT na p\u0105czki, a mimo to system nie ulega zmianie. Na co dzie\u0144 bowiem w\u0142a\u015bciwe stosowanie prawa podatkowego w Polsce przyprawia przedsi\u0119biorc\u00f3w o b\u00f3l g\u0142owy i przynosi im wiele k\u0142opotu \u2013 dodaje.<\/p>\n<p>Jest jednak nadzieja, \u017ce w 2020 roku w ostatni czwartek lutego na placu boju pozostanie tylko jeden p\u0105czek \u2013 ten pi\u0119cioprocentowy. Nowa tzw. matryca VAT-owska, kt\u00f3rej projekt jest ju\u017c w konsultacjach spo\u0142ecznych, zr\u00f3wnuje stawki dla p\u0105czka do jednego, tego najni\u017cszego poziomu.<\/p>\n<p>(\u017cms)\/Pracodawcy Rzeczypospolitej Polskiej<\/p>\n<div class=\"gliwi-a5-na-koncu-artykulow gliwi-entity-placement\" id=\"gliwi-1640936589\"><div class=\"gliwi-adlabel\"><span style=\"font-size: 9px\">REKLAMA<\/span><\/div><div id=\"gliwi-434772414\" style=\"margin-left: auto;margin-right: auto;text-align: center;\"><a data-no-instant=\"1\" href=\"https:\/\/www.jasek.pl\/\" rel=\"noopener\" class=\"a2t-link\" target=\"_blank\" aria-label=\"20200401-jasek 600\"><img loading=\"lazy\" decoding=\"async\" src=\"https:\/\/www.24gliwice.pl\/wiadomosci\/wp-content\/uploads\/2020\/04\/20200401-jasek-600.jpg\" alt=\"\"  srcset=\"https:\/\/www.24gliwice.pl\/wiadomosci\/wp-content\/uploads\/2020\/04\/20200401-jasek-600.jpg 600w, https:\/\/www.24gliwice.pl\/wiadomosci\/wp-content\/uploads\/2020\/04\/20200401-jasek-600-410x109.jpg 410w\" sizes=\"(max-width: 600px) 100vw, 600px\" class=\"no-lazyload\" width=\"600\" height=\"160\"  style=\"display: inline-block; max-width: 100%; height: auto;\" \/><\/a><\/div><\/div>","protected":false},"excerpt":{"rendered":"<p>P\u0105czki dla \u0142asuch\u00f3w dziel\u0105 si\u0119 na te z marmolad\u0105 lub bez \u2013 ale dla urz\u0119dnika skarb\u00f3wki istnieje inny, niezauwa\u017calny go\u0142ym okiem podzia\u0142. S\u0105 bowiem p\u0105czki ob\u0142o\u017cone stawk\u0105 VAT 5 i 8 proc. oraz nawet takie ze stawk\u0105 23 proc. W tym roku mija osiem lat od kiedy tradycyjny polski p\u0105czek uleg\u0142 podatkowemu rozszczepieniu ja\u017ani. Za [&hellip;]<\/p>\n","protected":false},"author":15,"featured_media":131159,"comment_status":"open","ping_status":"closed","sticky":false,"template":"","format":"standard","meta":{"_monsterinsights_skip_tracking":false,"_monsterinsights_sitenote_active":false,"_monsterinsights_sitenote_note":"","_monsterinsights_sitenote_category":0,"footnotes":"","_links_to":"","_links_to_target":""},"categories":[1],"tags":[11504,9504,1865,11801],"class_list":["post-131155","post","type-post","status-publish","format-standard","has-post-thumbnail","hentry","category-wszystko","tag-paczki","tag-podatek","tag-tlusty-czwartek","tag-urzad-skarbowy"],"yoast_head":"<!-- This site is optimized with the Yoast SEO plugin v27.5 - https:\/\/yoast.com\/product\/yoast-seo-wordpress\/ -->\n<title>Wielki absurd z cen\u0105 p\u0105czk\u00f3w. W zale\u017cno\u015bci od rodzaju, ro\u017cni je wielko\u015b\u0107 podatku VAT - 24GLIWICE - Portal Gliwice | codziennie nowe informacje<\/title>\n<meta name=\"robots\" content=\"index, follow, max-snippet:-1, max-image-preview:large, max-video-preview:-1\" \/>\n<link rel=\"canonical\" href=\"https:\/\/www.24gliwice.pl\/wiadomosci\/wielki-absurd-z-cena-paczkow-w-zaleznosci-od-rodzaju-rozni-je-wielkosc-podatku-vat\/\" \/>\n<meta property=\"og:locale\" content=\"pl_PL\" \/>\n<meta property=\"og:type\" content=\"article\" \/>\n<meta property=\"og:title\" content=\"Wielki absurd z cen\u0105 p\u0105czk\u00f3w. W zale\u017cno\u015bci od rodzaju, ro\u017cni je wielko\u015b\u0107 podatku VAT - 24GLIWICE - Portal Gliwice | codziennie nowe informacje\" \/>\n<meta property=\"og:description\" content=\"P\u0105czki dla \u0142asuch\u00f3w dziel\u0105 si\u0119 na te z marmolad\u0105 lub bez \u2013 ale dla urz\u0119dnika skarb\u00f3wki istnieje inny, niezauwa\u017calny go\u0142ym okiem podzia\u0142. S\u0105 bowiem p\u0105czki ob\u0142o\u017cone stawk\u0105 VAT 5 i 8 proc. oraz nawet takie ze stawk\u0105 23 proc. W tym roku mija osiem lat od kiedy tradycyjny polski p\u0105czek uleg\u0142 podatkowemu rozszczepieniu ja\u017ani. Za [&hellip;]\" \/>\n<meta property=\"og:url\" content=\"https:\/\/www.24gliwice.pl\/wiadomosci\/wielki-absurd-z-cena-paczkow-w-zaleznosci-od-rodzaju-rozni-je-wielkosc-podatku-vat\/\" \/>\n<meta property=\"og:site_name\" content=\"24GLIWICE - Portal Gliwice | codziennie nowe informacje\" \/>\n<meta property=\"article:publisher\" content=\"https:\/\/www.facebook.com\/24gliwice\" \/>\n<meta property=\"article:published_time\" content=\"2019-02-28T21:11:37+00:00\" \/>\n<meta property=\"og:image\" content=\"https:\/\/www.24gliwice.pl\/wiadomosci\/wp-content\/uploads\/2019\/02\/p\u0105czki.jpg\" \/>\n\t<meta property=\"og:image:width\" content=\"959\" \/>\n\t<meta property=\"og:image:height\" content=\"540\" \/>\n\t<meta property=\"og:image:type\" content=\"image\/jpeg\" \/>\n<meta name=\"author\" content=\"\u017baneta Mrozek-Siewierska\" \/>\n<meta name=\"twitter:card\" content=\"summary_large_image\" \/>\n<meta name=\"twitter:creator\" content=\"@24gliwice\" \/>\n<meta name=\"twitter:site\" content=\"@24gliwice\" \/>\n<meta name=\"twitter:label1\" content=\"Napisane przez\" \/>\n\t<meta name=\"twitter:data1\" content=\"\u017baneta Mrozek-Siewierska\" \/>\n\t<meta name=\"twitter:label2\" content=\"Szacowany czas czytania\" \/>\n\t<meta name=\"twitter:data2\" content=\"2 minuty\" \/>\n<script type=\"application\/ld+json\" class=\"yoast-schema-graph\">{\"@context\":\"https:\\\/\\\/schema.org\",\"@graph\":[{\"@type\":\"Article\",\"@id\":\"https:\\\/\\\/www.24gliwice.pl\\\/wiadomosci\\\/wielki-absurd-z-cena-paczkow-w-zaleznosci-od-rodzaju-rozni-je-wielkosc-podatku-vat\\\/#article\",\"isPartOf\":{\"@id\":\"https:\\\/\\\/www.24gliwice.pl\\\/wiadomosci\\\/wielki-absurd-z-cena-paczkow-w-zaleznosci-od-rodzaju-rozni-je-wielkosc-podatku-vat\\\/\"},\"author\":{\"name\":\"\u017baneta Mrozek-Siewierska\",\"@id\":\"https:\\\/\\\/www.24gliwice.pl\\\/wiadomosci\\\/#\\\/schema\\\/person\\\/e42c650edd7f2fa332be3811fb166b6e\"},\"headline\":\"Wielki absurd z cen\u0105 p\u0105czk\u00f3w. W zale\u017cno\u015bci od rodzaju, ro\u017cni je wielko\u015b\u0107 podatku VAT\",\"datePublished\":\"2019-02-28T21:11:37+00:00\",\"mainEntityOfPage\":{\"@id\":\"https:\\\/\\\/www.24gliwice.pl\\\/wiadomosci\\\/wielki-absurd-z-cena-paczkow-w-zaleznosci-od-rodzaju-rozni-je-wielkosc-podatku-vat\\\/\"},\"wordCount\":411,\"commentCount\":0,\"publisher\":{\"@id\":\"https:\\\/\\\/www.24gliwice.pl\\\/wiadomosci\\\/#organization\"},\"image\":{\"@id\":\"https:\\\/\\\/www.24gliwice.pl\\\/wiadomosci\\\/wielki-absurd-z-cena-paczkow-w-zaleznosci-od-rodzaju-rozni-je-wielkosc-podatku-vat\\\/#primaryimage\"},\"thumbnailUrl\":\"https:\\\/\\\/www.24gliwice.pl\\\/wiadomosci\\\/wp-content\\\/uploads\\\/2019\\\/02\\\/p\u0105czki.jpg\",\"keywords\":[\"paczki\",\"podatek\",\"T\u0141USTY CZWARTEK\",\"urz\u0105d skarbowy\"],\"articleSection\":[\"Najnowsze wiadomo\u015bci\"],\"inLanguage\":\"pl-PL\",\"potentialAction\":[{\"@type\":\"CommentAction\",\"name\":\"Comment\",\"target\":[\"https:\\\/\\\/www.24gliwice.pl\\\/wiadomosci\\\/wielki-absurd-z-cena-paczkow-w-zaleznosci-od-rodzaju-rozni-je-wielkosc-podatku-vat\\\/#respond\"]}]},{\"@type\":\"WebPage\",\"@id\":\"https:\\\/\\\/www.24gliwice.pl\\\/wiadomosci\\\/wielki-absurd-z-cena-paczkow-w-zaleznosci-od-rodzaju-rozni-je-wielkosc-podatku-vat\\\/\",\"url\":\"https:\\\/\\\/www.24gliwice.pl\\\/wiadomosci\\\/wielki-absurd-z-cena-paczkow-w-zaleznosci-od-rodzaju-rozni-je-wielkosc-podatku-vat\\\/\",\"name\":\"Wielki absurd z cen\u0105 p\u0105czk\u00f3w. W zale\u017cno\u015bci od rodzaju, ro\u017cni je wielko\u015b\u0107 podatku VAT - 24GLIWICE - Portal Gliwice | codziennie nowe informacje\",\"isPartOf\":{\"@id\":\"https:\\\/\\\/www.24gliwice.pl\\\/wiadomosci\\\/#website\"},\"primaryImageOfPage\":{\"@id\":\"https:\\\/\\\/www.24gliwice.pl\\\/wiadomosci\\\/wielki-absurd-z-cena-paczkow-w-zaleznosci-od-rodzaju-rozni-je-wielkosc-podatku-vat\\\/#primaryimage\"},\"image\":{\"@id\":\"https:\\\/\\\/www.24gliwice.pl\\\/wiadomosci\\\/wielki-absurd-z-cena-paczkow-w-zaleznosci-od-rodzaju-rozni-je-wielkosc-podatku-vat\\\/#primaryimage\"},\"thumbnailUrl\":\"https:\\\/\\\/www.24gliwice.pl\\\/wiadomosci\\\/wp-content\\\/uploads\\\/2019\\\/02\\\/p\u0105czki.jpg\",\"datePublished\":\"2019-02-28T21:11:37+00:00\",\"breadcrumb\":{\"@id\":\"https:\\\/\\\/www.24gliwice.pl\\\/wiadomosci\\\/wielki-absurd-z-cena-paczkow-w-zaleznosci-od-rodzaju-rozni-je-wielkosc-podatku-vat\\\/#breadcrumb\"},\"inLanguage\":\"pl-PL\",\"potentialAction\":[{\"@type\":\"ReadAction\",\"target\":[\"https:\\\/\\\/www.24gliwice.pl\\\/wiadomosci\\\/wielki-absurd-z-cena-paczkow-w-zaleznosci-od-rodzaju-rozni-je-wielkosc-podatku-vat\\\/\"]}]},{\"@type\":\"ImageObject\",\"inLanguage\":\"pl-PL\",\"@id\":\"https:\\\/\\\/www.24gliwice.pl\\\/wiadomosci\\\/wielki-absurd-z-cena-paczkow-w-zaleznosci-od-rodzaju-rozni-je-wielkosc-podatku-vat\\\/#primaryimage\",\"url\":\"https:\\\/\\\/www.24gliwice.pl\\\/wiadomosci\\\/wp-content\\\/uploads\\\/2019\\\/02\\\/p\u0105czki.jpg\",\"contentUrl\":\"https:\\\/\\\/www.24gliwice.pl\\\/wiadomosci\\\/wp-content\\\/uploads\\\/2019\\\/02\\\/p\u0105czki.jpg\",\"width\":959,\"height\":540},{\"@type\":\"BreadcrumbList\",\"@id\":\"https:\\\/\\\/www.24gliwice.pl\\\/wiadomosci\\\/wielki-absurd-z-cena-paczkow-w-zaleznosci-od-rodzaju-rozni-je-wielkosc-podatku-vat\\\/#breadcrumb\",\"itemListElement\":[{\"@type\":\"ListItem\",\"position\":1,\"name\":\"Strona g\u0142\u00f3wna\",\"item\":\"https:\\\/\\\/www.24gliwice.pl\\\/wiadomosci\\\/\"},{\"@type\":\"ListItem\",\"position\":2,\"name\":\"Wielki absurd z cen\u0105 p\u0105czk\u00f3w. W zale\u017cno\u015bci od rodzaju, ro\u017cni je wielko\u015b\u0107 podatku VAT\"}]},{\"@type\":\"WebSite\",\"@id\":\"https:\\\/\\\/www.24gliwice.pl\\\/wiadomosci\\\/#website\",\"url\":\"https:\\\/\\\/www.24gliwice.pl\\\/wiadomosci\\\/\",\"name\":\"24GLIWICE - Portal Gliwice | codziennie nowe wiadomo\u015bci\",\"description\":\"Portal Miejski Gliwice\",\"publisher\":{\"@id\":\"https:\\\/\\\/www.24gliwice.pl\\\/wiadomosci\\\/#organization\"},\"potentialAction\":[{\"@type\":\"SearchAction\",\"target\":{\"@type\":\"EntryPoint\",\"urlTemplate\":\"https:\\\/\\\/www.24gliwice.pl\\\/wiadomosci\\\/?s={search_term_string}\"},\"query-input\":{\"@type\":\"PropertyValueSpecification\",\"valueRequired\":true,\"valueName\":\"search_term_string\"}}],\"inLanguage\":\"pl-PL\"},{\"@type\":\"Organization\",\"@id\":\"https:\\\/\\\/www.24gliwice.pl\\\/wiadomosci\\\/#organization\",\"name\":\"24gliwice\",\"url\":\"https:\\\/\\\/www.24gliwice.pl\\\/wiadomosci\\\/\",\"logo\":{\"@type\":\"ImageObject\",\"inLanguage\":\"pl-PL\",\"@id\":\"https:\\\/\\\/www.24gliwice.pl\\\/wiadomosci\\\/#\\\/schema\\\/logo\\\/image\\\/\",\"url\":\"https:\\\/\\\/www.24gliwice.pl\\\/wiadomosci\\\/wp-content\\\/uploads\\\/2024\\\/10\\\/24gliwice-logo-696.jpg\",\"contentUrl\":\"https:\\\/\\\/www.24gliwice.pl\\\/wiadomosci\\\/wp-content\\\/uploads\\\/2024\\\/10\\\/24gliwice-logo-696.jpg\",\"width\":696,\"height\":696,\"caption\":\"24gliwice\"},\"image\":{\"@id\":\"https:\\\/\\\/www.24gliwice.pl\\\/wiadomosci\\\/#\\\/schema\\\/logo\\\/image\\\/\"},\"sameAs\":[\"https:\\\/\\\/www.facebook.com\\\/24gliwice\",\"https:\\\/\\\/x.com\\\/24gliwice\",\"https:\\\/\\\/www.youtube.com\\\/@24gliwice\"]},{\"@type\":\"Person\",\"@id\":\"https:\\\/\\\/www.24gliwice.pl\\\/wiadomosci\\\/#\\\/schema\\\/person\\\/e42c650edd7f2fa332be3811fb166b6e\",\"name\":\"\u017baneta Mrozek-Siewierska\",\"image\":{\"@type\":\"ImageObject\",\"inLanguage\":\"pl-PL\",\"@id\":\"https:\\\/\\\/secure.gravatar.com\\\/avatar\\\/1881429e9c64597c77ad7aef2d0a19be69a3253e57534d16aa15bf3a4d34a0a3?s=96&d=mm&r=g\",\"url\":\"https:\\\/\\\/secure.gravatar.com\\\/avatar\\\/1881429e9c64597c77ad7aef2d0a19be69a3253e57534d16aa15bf3a4d34a0a3?s=96&d=mm&r=g\",\"contentUrl\":\"https:\\\/\\\/secure.gravatar.com\\\/avatar\\\/1881429e9c64597c77ad7aef2d0a19be69a3253e57534d16aa15bf3a4d34a0a3?s=96&d=mm&r=g\",\"caption\":\"\u017baneta Mrozek-Siewierska\"},\"url\":\"https:\\\/\\\/www.24gliwice.pl\\\/wiadomosci\\\/author\\\/zms\\\/\"}]}<\/script>\n<!-- \/ Yoast SEO plugin. -->","yoast_head_json":{"title":"Wielki absurd z cen\u0105 p\u0105czk\u00f3w. W zale\u017cno\u015bci od rodzaju, ro\u017cni je wielko\u015b\u0107 podatku VAT - 24GLIWICE - Portal Gliwice | codziennie nowe informacje","robots":{"index":"index","follow":"follow","max-snippet":"max-snippet:-1","max-image-preview":"max-image-preview:large","max-video-preview":"max-video-preview:-1"},"canonical":"https:\/\/www.24gliwice.pl\/wiadomosci\/wielki-absurd-z-cena-paczkow-w-zaleznosci-od-rodzaju-rozni-je-wielkosc-podatku-vat\/","og_locale":"pl_PL","og_type":"article","og_title":"Wielki absurd z cen\u0105 p\u0105czk\u00f3w. W zale\u017cno\u015bci od rodzaju, ro\u017cni je wielko\u015b\u0107 podatku VAT - 24GLIWICE - Portal Gliwice | codziennie nowe informacje","og_description":"P\u0105czki dla \u0142asuch\u00f3w dziel\u0105 si\u0119 na te z marmolad\u0105 lub bez \u2013 ale dla urz\u0119dnika skarb\u00f3wki istnieje inny, niezauwa\u017calny go\u0142ym okiem podzia\u0142. S\u0105 bowiem p\u0105czki ob\u0142o\u017cone stawk\u0105 VAT 5 i 8 proc. oraz nawet takie ze stawk\u0105 23 proc. W tym roku mija osiem lat od kiedy tradycyjny polski p\u0105czek uleg\u0142 podatkowemu rozszczepieniu ja\u017ani. Za [&hellip;]","og_url":"https:\/\/www.24gliwice.pl\/wiadomosci\/wielki-absurd-z-cena-paczkow-w-zaleznosci-od-rodzaju-rozni-je-wielkosc-podatku-vat\/","og_site_name":"24GLIWICE - Portal Gliwice | codziennie nowe informacje","article_publisher":"https:\/\/www.facebook.com\/24gliwice","article_published_time":"2019-02-28T21:11:37+00:00","og_image":[{"width":959,"height":540,"url":"https:\/\/www.24gliwice.pl\/wiadomosci\/wp-content\/uploads\/2019\/02\/p\u0105czki.jpg","type":"image\/jpeg"}],"author":"\u017baneta Mrozek-Siewierska","twitter_card":"summary_large_image","twitter_creator":"@24gliwice","twitter_site":"@24gliwice","twitter_misc":{"Napisane przez":"\u017baneta Mrozek-Siewierska","Szacowany czas czytania":"2 minuty"},"schema":{"@context":"https:\/\/schema.org","@graph":[{"@type":"Article","@id":"https:\/\/www.24gliwice.pl\/wiadomosci\/wielki-absurd-z-cena-paczkow-w-zaleznosci-od-rodzaju-rozni-je-wielkosc-podatku-vat\/#article","isPartOf":{"@id":"https:\/\/www.24gliwice.pl\/wiadomosci\/wielki-absurd-z-cena-paczkow-w-zaleznosci-od-rodzaju-rozni-je-wielkosc-podatku-vat\/"},"author":{"name":"\u017baneta Mrozek-Siewierska","@id":"https:\/\/www.24gliwice.pl\/wiadomosci\/#\/schema\/person\/e42c650edd7f2fa332be3811fb166b6e"},"headline":"Wielki absurd z cen\u0105 p\u0105czk\u00f3w. W zale\u017cno\u015bci od rodzaju, ro\u017cni je wielko\u015b\u0107 podatku VAT","datePublished":"2019-02-28T21:11:37+00:00","mainEntityOfPage":{"@id":"https:\/\/www.24gliwice.pl\/wiadomosci\/wielki-absurd-z-cena-paczkow-w-zaleznosci-od-rodzaju-rozni-je-wielkosc-podatku-vat\/"},"wordCount":411,"commentCount":0,"publisher":{"@id":"https:\/\/www.24gliwice.pl\/wiadomosci\/#organization"},"image":{"@id":"https:\/\/www.24gliwice.pl\/wiadomosci\/wielki-absurd-z-cena-paczkow-w-zaleznosci-od-rodzaju-rozni-je-wielkosc-podatku-vat\/#primaryimage"},"thumbnailUrl":"https:\/\/www.24gliwice.pl\/wiadomosci\/wp-content\/uploads\/2019\/02\/p\u0105czki.jpg","keywords":["paczki","podatek","T\u0141USTY CZWARTEK","urz\u0105d skarbowy"],"articleSection":["Najnowsze wiadomo\u015bci"],"inLanguage":"pl-PL","potentialAction":[{"@type":"CommentAction","name":"Comment","target":["https:\/\/www.24gliwice.pl\/wiadomosci\/wielki-absurd-z-cena-paczkow-w-zaleznosci-od-rodzaju-rozni-je-wielkosc-podatku-vat\/#respond"]}]},{"@type":"WebPage","@id":"https:\/\/www.24gliwice.pl\/wiadomosci\/wielki-absurd-z-cena-paczkow-w-zaleznosci-od-rodzaju-rozni-je-wielkosc-podatku-vat\/","url":"https:\/\/www.24gliwice.pl\/wiadomosci\/wielki-absurd-z-cena-paczkow-w-zaleznosci-od-rodzaju-rozni-je-wielkosc-podatku-vat\/","name":"Wielki absurd z cen\u0105 p\u0105czk\u00f3w. W zale\u017cno\u015bci od rodzaju, ro\u017cni je wielko\u015b\u0107 podatku VAT - 24GLIWICE - Portal Gliwice | codziennie nowe informacje","isPartOf":{"@id":"https:\/\/www.24gliwice.pl\/wiadomosci\/#website"},"primaryImageOfPage":{"@id":"https:\/\/www.24gliwice.pl\/wiadomosci\/wielki-absurd-z-cena-paczkow-w-zaleznosci-od-rodzaju-rozni-je-wielkosc-podatku-vat\/#primaryimage"},"image":{"@id":"https:\/\/www.24gliwice.pl\/wiadomosci\/wielki-absurd-z-cena-paczkow-w-zaleznosci-od-rodzaju-rozni-je-wielkosc-podatku-vat\/#primaryimage"},"thumbnailUrl":"https:\/\/www.24gliwice.pl\/wiadomosci\/wp-content\/uploads\/2019\/02\/p\u0105czki.jpg","datePublished":"2019-02-28T21:11:37+00:00","breadcrumb":{"@id":"https:\/\/www.24gliwice.pl\/wiadomosci\/wielki-absurd-z-cena-paczkow-w-zaleznosci-od-rodzaju-rozni-je-wielkosc-podatku-vat\/#breadcrumb"},"inLanguage":"pl-PL","potentialAction":[{"@type":"ReadAction","target":["https:\/\/www.24gliwice.pl\/wiadomosci\/wielki-absurd-z-cena-paczkow-w-zaleznosci-od-rodzaju-rozni-je-wielkosc-podatku-vat\/"]}]},{"@type":"ImageObject","inLanguage":"pl-PL","@id":"https:\/\/www.24gliwice.pl\/wiadomosci\/wielki-absurd-z-cena-paczkow-w-zaleznosci-od-rodzaju-rozni-je-wielkosc-podatku-vat\/#primaryimage","url":"https:\/\/www.24gliwice.pl\/wiadomosci\/wp-content\/uploads\/2019\/02\/p\u0105czki.jpg","contentUrl":"https:\/\/www.24gliwice.pl\/wiadomosci\/wp-content\/uploads\/2019\/02\/p\u0105czki.jpg","width":959,"height":540},{"@type":"BreadcrumbList","@id":"https:\/\/www.24gliwice.pl\/wiadomosci\/wielki-absurd-z-cena-paczkow-w-zaleznosci-od-rodzaju-rozni-je-wielkosc-podatku-vat\/#breadcrumb","itemListElement":[{"@type":"ListItem","position":1,"name":"Strona g\u0142\u00f3wna","item":"https:\/\/www.24gliwice.pl\/wiadomosci\/"},{"@type":"ListItem","position":2,"name":"Wielki absurd z cen\u0105 p\u0105czk\u00f3w. W zale\u017cno\u015bci od rodzaju, ro\u017cni je wielko\u015b\u0107 podatku VAT"}]},{"@type":"WebSite","@id":"https:\/\/www.24gliwice.pl\/wiadomosci\/#website","url":"https:\/\/www.24gliwice.pl\/wiadomosci\/","name":"24GLIWICE - Portal Gliwice | codziennie nowe wiadomo\u015bci","description":"Portal Miejski Gliwice","publisher":{"@id":"https:\/\/www.24gliwice.pl\/wiadomosci\/#organization"},"potentialAction":[{"@type":"SearchAction","target":{"@type":"EntryPoint","urlTemplate":"https:\/\/www.24gliwice.pl\/wiadomosci\/?s={search_term_string}"},"query-input":{"@type":"PropertyValueSpecification","valueRequired":true,"valueName":"search_term_string"}}],"inLanguage":"pl-PL"},{"@type":"Organization","@id":"https:\/\/www.24gliwice.pl\/wiadomosci\/#organization","name":"24gliwice","url":"https:\/\/www.24gliwice.pl\/wiadomosci\/","logo":{"@type":"ImageObject","inLanguage":"pl-PL","@id":"https:\/\/www.24gliwice.pl\/wiadomosci\/#\/schema\/logo\/image\/","url":"https:\/\/www.24gliwice.pl\/wiadomosci\/wp-content\/uploads\/2024\/10\/24gliwice-logo-696.jpg","contentUrl":"https:\/\/www.24gliwice.pl\/wiadomosci\/wp-content\/uploads\/2024\/10\/24gliwice-logo-696.jpg","width":696,"height":696,"caption":"24gliwice"},"image":{"@id":"https:\/\/www.24gliwice.pl\/wiadomosci\/#\/schema\/logo\/image\/"},"sameAs":["https:\/\/www.facebook.com\/24gliwice","https:\/\/x.com\/24gliwice","https:\/\/www.youtube.com\/@24gliwice"]},{"@type":"Person","@id":"https:\/\/www.24gliwice.pl\/wiadomosci\/#\/schema\/person\/e42c650edd7f2fa332be3811fb166b6e","name":"\u017baneta Mrozek-Siewierska","image":{"@type":"ImageObject","inLanguage":"pl-PL","@id":"https:\/\/secure.gravatar.com\/avatar\/1881429e9c64597c77ad7aef2d0a19be69a3253e57534d16aa15bf3a4d34a0a3?s=96&d=mm&r=g","url":"https:\/\/secure.gravatar.com\/avatar\/1881429e9c64597c77ad7aef2d0a19be69a3253e57534d16aa15bf3a4d34a0a3?s=96&d=mm&r=g","contentUrl":"https:\/\/secure.gravatar.com\/avatar\/1881429e9c64597c77ad7aef2d0a19be69a3253e57534d16aa15bf3a4d34a0a3?s=96&d=mm&r=g","caption":"\u017baneta Mrozek-Siewierska"},"url":"https:\/\/www.24gliwice.pl\/wiadomosci\/author\/zms\/"}]}},"_links":{"self":[{"href":"https:\/\/www.24gliwice.pl\/wiadomosci\/wp-json\/wp\/v2\/posts\/131155","targetHints":{"allow":["GET"]}}],"collection":[{"href":"https:\/\/www.24gliwice.pl\/wiadomosci\/wp-json\/wp\/v2\/posts"}],"about":[{"href":"https:\/\/www.24gliwice.pl\/wiadomosci\/wp-json\/wp\/v2\/types\/post"}],"author":[{"embeddable":true,"href":"https:\/\/www.24gliwice.pl\/wiadomosci\/wp-json\/wp\/v2\/users\/15"}],"replies":[{"embeddable":true,"href":"https:\/\/www.24gliwice.pl\/wiadomosci\/wp-json\/wp\/v2\/comments?post=131155"}],"version-history":[{"count":0,"href":"https:\/\/www.24gliwice.pl\/wiadomosci\/wp-json\/wp\/v2\/posts\/131155\/revisions"}],"wp:featuredmedia":[{"embeddable":true,"href":"https:\/\/www.24gliwice.pl\/wiadomosci\/wp-json\/wp\/v2\/media\/131159"}],"wp:attachment":[{"href":"https:\/\/www.24gliwice.pl\/wiadomosci\/wp-json\/wp\/v2\/media?parent=131155"}],"wp:term":[{"taxonomy":"category","embeddable":true,"href":"https:\/\/www.24gliwice.pl\/wiadomosci\/wp-json\/wp\/v2\/categories?post=131155"},{"taxonomy":"post_tag","embeddable":true,"href":"https:\/\/www.24gliwice.pl\/wiadomosci\/wp-json\/wp\/v2\/tags?post=131155"}],"curies":[{"name":"wp","href":"https:\/\/api.w.org\/{rel}","templated":true}]}}