{"id":131224,"date":"2019-03-01T11:56:48","date_gmt":"2019-03-01T10:56:48","guid":{"rendered":"https:\/\/www.24gliwice.pl\/wiadomosci\/?p=131224"},"modified":"2019-03-01T12:21:40","modified_gmt":"2019-03-01T11:21:40","slug":"gliwiczanin-wyszedl-z-domu-wsiadl-do-samochodu-i-slad-sie-urwal-auto-znaleziono-w-rejonie-pyrzowic","status":"publish","type":"post","link":"https:\/\/www.24gliwice.pl\/wiadomosci\/gliwiczanin-wyszedl-z-domu-wsiadl-do-samochodu-i-slad-sie-urwal-auto-znaleziono-w-rejonie-pyrzowic\/","title":{"rendered":"Gliwiczanin wyszed\u0142 z domu, wsiad\u0142 do samochodu i \u015blad si\u0119 urwa\u0142. Auto znaleziono w rejonie Pyrzowic"},"content":{"rendered":"<div class=\"gliwi-a6-nad-leadem-artykulow gliwi-entity-placement\" id=\"gliwi-2348083909\"><div class=\"gliwi-adlabel\"><span style=\"font-size: 9px\">REKLAMA<\/span><\/div><div id=\"gliwi-3324935112\" style=\"margin-bottom: 30px;margin-left: auto;margin-right: auto;text-align: center;\"><a data-no-instant=\"1\" href=\"https:\/\/przedszkole.halogen.org.pl\/\" rel=\"noopener\" class=\"a2t-link\" target=\"_blank\" aria-label=\"20260402-ANIMATOR-przedszkole_grafika_750x200\"><img loading=\"lazy\" decoding=\"async\" src=\"https:\/\/www.24gliwice.pl\/wiadomosci\/wp-content\/uploads\/2026\/04\/20260402-ANIMATOR-przedszkole_grafika_750x200.webp\" alt=\"\"  srcset=\"https:\/\/www.24gliwice.pl\/wiadomosci\/wp-content\/uploads\/2026\/04\/20260402-ANIMATOR-przedszkole_grafika_750x200.webp 750w, https:\/\/www.24gliwice.pl\/wiadomosci\/wp-content\/uploads\/2026\/04\/20260402-ANIMATOR-przedszkole_grafika_750x200-410x109.webp 410w\" sizes=\"(max-width: 750px) 100vw, 750px\" class=\"no-lazyload\" width=\"750\" height=\"200\"  style=\"display: inline-block; max-width: 100%; height: auto;\" \/><\/a><\/div><\/div><h3>48-letni Micha\u0142 Kridel wyszed\u0142 z domu w godzinach porannych w poniedzia\u0142ek, 25 lutego, wsiad\u0142 do samochodu i odjecha\u0142 w nieznanym kierunku. Tego dnia, jak zawsze, mia\u0142 si\u0119 uda\u0107 do pracy. Jego pojazd odnaleziono w rejonie Pyrzowic.<\/h3>\n<p>Podajemy rysopis zaginionego: wiek z wygl\u0105du 46 lat, wzrost 175 cm, szczup\u0142a budowa cia\u0142a, twarz poci\u0105g\u0142a bez zarostu, w\u0142osy kr\u00f3tkie koloru blond, oczy jasnoniebieskie, nos ma\u0142y prostolinijny, uszy ma\u0142e przylegaj\u0105ce, uz\u0119bienie pe\u0142ne (charakterystyczna przerwa mi\u0119dzy jedynkami).<\/p>\n[perfectpullquote align=&#8221;full&#8221; bordertop=&#8221;false&#8221; cite=&#8221;&#8221; link=&#8221;&#8221; color=&#8221;&#8221; class=&#8221;&#8221; size=&#8221;&#8221;]M\u0119\u017cczyzna mo\u017ce korzysta\u0107 z okular\u00f3w zdrowotnych w czarnej oprawce, kszta\u0142t okr\u0105g\u0142y.[\/perfectpullquote]\n<p>Ubi\u00f3r: pikowana granatowa kurtka d\u0142ugo\u015bci do pasa, spodnie d\u017cinsowe koloru musztardowego, szalik czarny w pepitk\u0119, obuwie sportowe marki New Balance w kolorze czarnym. Zaginiony m\u00f3g\u0142 mie\u0107 ze sob\u0105 \u015bredniej wielko\u015bci czarn\u0105 walizk\u0119 na k\u00f3\u0142kach.<\/p><div class=\"gliwi-a3-w-tresci-artykulow gliwi-entity-placement\" id=\"gliwi-1564230203\"><div class=\"gliwi-adlabel\"><span style=\"font-size: 9px\">REKLAMA<\/span><\/div><div id=\"gliwi-2875986575\" style=\"margin-bottom: 30px;margin-left: auto;margin-right: auto;text-align: center;\"><a data-no-instant=\"1\" href=\"https:\/\/ogrodyandersa.pl\/\" rel=\"noopener\" class=\"a2t-link\" target=\"_blank\" aria-label=\"20260415 Ogrody Andersa KUP TERAZ D\"><img loading=\"lazy\" decoding=\"async\" src=\"https:\/\/www.24gliwice.pl\/wiadomosci\/wp-content\/uploads\/2026\/04\/20260415-Ogrody-Andersa-KUP-TERAZ-D.jpg\" alt=\"\"  srcset=\"https:\/\/www.24gliwice.pl\/wiadomosci\/wp-content\/uploads\/2026\/04\/20260415-Ogrody-Andersa-KUP-TERAZ-D.jpg 750w, https:\/\/www.24gliwice.pl\/wiadomosci\/wp-content\/uploads\/2026\/04\/20260415-Ogrody-Andersa-KUP-TERAZ-D-410x109.jpg 410w\" sizes=\"(max-width: 750px) 100vw, 750px\" class=\"no-lazyload\" width=\"750\" height=\"200\"  style=\"display: inline-block; max-width: 100%; height: auto;\" \/><\/a><\/div><\/div>\n<p>Wszelkie informacje mog\u0105ce przyczyni\u0107 si\u0119 do ustalenia to\u017csamo\u015bci m\u0119\u017cczyzny prosimy kierowa\u0107 do Wydzia\u0142u Kryminalnego KMP Gliwice, ul. Powsta\u0144c\u00f3w Warszawy 12, tel. 32 336 93 42, 32 336 93 09, 32 336 92 99, ca\u0142odobowo 32 3369255 lub do najbli\u017cszej jednostki policji.<\/p>\n<p>(KMP Gliwice)<\/p>\n<p><img loading=\"lazy\" decoding=\"async\" class=\"alignnone  wp-image-131230\" src=\"https:\/\/www.24gliwice.pl\/wiadomosci\/wp-content\/uploads\/2019\/03\/zaginiony-2.jpg\" alt=\"\" width=\"1221\" height=\"1573\" srcset=\"https:\/\/www.24gliwice.pl\/wiadomosci\/wp-content\/uploads\/2019\/03\/zaginiony-2.jpg 388w, https:\/\/www.24gliwice.pl\/wiadomosci\/wp-content\/uploads\/2019\/03\/zaginiony-2-180x232.jpg 180w, https:\/\/www.24gliwice.pl\/wiadomosci\/wp-content\/uploads\/2019\/03\/zaginiony-2-353x455.jpg 353w\" sizes=\"auto, (max-width: 1221px) 100vw, 1221px\" \/> <img loading=\"lazy\" decoding=\"async\" class=\"alignnone  wp-image-131231\" src=\"https:\/\/www.24gliwice.pl\/wiadomosci\/wp-content\/uploads\/2019\/03\/zaginiony1.jpg\" alt=\"\" width=\"1097\" height=\"1966\" srcset=\"https:\/\/www.24gliwice.pl\/wiadomosci\/wp-content\/uploads\/2019\/03\/zaginiony1.jpg 279w, https:\/\/www.24gliwice.pl\/wiadomosci\/wp-content\/uploads\/2019\/03\/zaginiony1-129x232.jpg 129w, https:\/\/www.24gliwice.pl\/wiadomosci\/wp-content\/uploads\/2019\/03\/zaginiony1-254x455.jpg 254w\" sizes=\"auto, (max-width: 1097px) 100vw, 1097px\" \/><\/p>\n<div class=\"gliwi-a5-na-koncu-artykulow gliwi-entity-placement\" id=\"gliwi-2115391889\"><div class=\"gliwi-adlabel\"><span style=\"font-size: 9px\">REKLAMA<\/span><\/div><div id=\"gliwi-1970117420\" style=\"margin-left: auto;margin-right: auto;text-align: center;\"><a data-no-instant=\"1\" href=\"https:\/\/www.jasek.pl\/\" rel=\"noopener\" class=\"a2t-link\" target=\"_blank\" aria-label=\"20200401-jasek 600\"><img loading=\"lazy\" decoding=\"async\" src=\"https:\/\/www.24gliwice.pl\/wiadomosci\/wp-content\/uploads\/2020\/04\/20200401-jasek-600.jpg\" alt=\"\"  srcset=\"https:\/\/www.24gliwice.pl\/wiadomosci\/wp-content\/uploads\/2020\/04\/20200401-jasek-600.jpg 600w, https:\/\/www.24gliwice.pl\/wiadomosci\/wp-content\/uploads\/2020\/04\/20200401-jasek-600-410x109.jpg 410w\" sizes=\"(max-width: 600px) 100vw, 600px\" class=\"no-lazyload\" width=\"600\" height=\"160\"  style=\"display: inline-block; max-width: 100%; height: auto;\" \/><\/a><\/div><\/div>","protected":false},"excerpt":{"rendered":"<p>48-letni Micha\u0142 Kridel wyszed\u0142 z domu w godzinach porannych w poniedzia\u0142ek, 25 lutego, wsiad\u0142 do samochodu i odjecha\u0142 w nieznanym kierunku. Tego dnia, jak zawsze, mia\u0142 si\u0119 uda\u0107 do pracy. Jego pojazd odnaleziono w rejonie Pyrzowic. Podajemy rysopis zaginionego: wiek z wygl\u0105du 46 lat, wzrost 175 cm, szczup\u0142a budowa cia\u0142a, twarz poci\u0105g\u0142a bez zarostu, w\u0142osy [&hellip;]<\/p>\n","protected":false},"author":15,"featured_media":131235,"comment_status":"closed","ping_status":"closed","sticky":false,"template":"","format":"standard","meta":{"_monsterinsights_skip_tracking":false,"_monsterinsights_sitenote_active":false,"_monsterinsights_sitenote_note":"","_monsterinsights_sitenote_category":0,"footnotes":"","_links_to":"","_links_to_target":""},"categories":[3,1,5],"tags":[1775,733,9043,13510,7766],"class_list":["post-131224","post","type-post","status-publish","format-standard","has-post-thumbnail","hentry","category-gliwice","category-wszystko","category-kryminalki","tag-kmp-gliwice","tag-policja","tag-poszukiwany","tag-pyrzowice","tag-zaginiony"],"yoast_head":"<!-- This site is optimized with the Yoast SEO plugin v27.5 - https:\/\/yoast.com\/product\/yoast-seo-wordpress\/ -->\n<title>Gliwiczanin wyszed\u0142 z domu, wsiad\u0142 do samochodu i \u015blad si\u0119 urwa\u0142. Auto znaleziono w rejonie Pyrzowic - 24GLIWICE - Portal Gliwice | codziennie nowe informacje<\/title>\n<meta name=\"robots\" content=\"index, follow, max-snippet:-1, max-image-preview:large, max-video-preview:-1\" \/>\n<link rel=\"canonical\" href=\"https:\/\/www.24gliwice.pl\/wiadomosci\/gliwiczanin-wyszedl-z-domu-wsiadl-do-samochodu-i-slad-sie-urwal-auto-znaleziono-w-rejonie-pyrzowic\/\" \/>\n<meta property=\"og:locale\" content=\"pl_PL\" \/>\n<meta property=\"og:type\" content=\"article\" \/>\n<meta property=\"og:title\" content=\"Gliwiczanin wyszed\u0142 z domu, wsiad\u0142 do samochodu i \u015blad si\u0119 urwa\u0142. Auto znaleziono w rejonie Pyrzowic - 24GLIWICE - Portal Gliwice | codziennie nowe informacje\" \/>\n<meta property=\"og:description\" content=\"48-letni Micha\u0142 Kridel wyszed\u0142 z domu w godzinach porannych w poniedzia\u0142ek, 25 lutego, wsiad\u0142 do samochodu i odjecha\u0142 w nieznanym kierunku. Tego dnia, jak zawsze, mia\u0142 si\u0119 uda\u0107 do pracy. Jego pojazd odnaleziono w rejonie Pyrzowic. Podajemy rysopis zaginionego: wiek z wygl\u0105du 46 lat, wzrost 175 cm, szczup\u0142a budowa cia\u0142a, twarz poci\u0105g\u0142a bez zarostu, w\u0142osy [&hellip;]\" \/>\n<meta property=\"og:url\" content=\"https:\/\/www.24gliwice.pl\/wiadomosci\/gliwiczanin-wyszedl-z-domu-wsiadl-do-samochodu-i-slad-sie-urwal-auto-znaleziono-w-rejonie-pyrzowic\/\" \/>\n<meta property=\"og:site_name\" content=\"24GLIWICE - Portal Gliwice | codziennie nowe informacje\" \/>\n<meta property=\"article:publisher\" content=\"https:\/\/www.facebook.com\/24gliwice\" \/>\n<meta property=\"article:published_time\" content=\"2019-03-01T10:56:48+00:00\" \/>\n<meta property=\"article:modified_time\" content=\"2019-03-01T11:21:40+00:00\" \/>\n<meta property=\"og:image\" content=\"https:\/\/www.24gliwice.pl\/wiadomosci\/wp-content\/uploads\/2019\/03\/zaginiony-g\u0142\u00f3wne.jpg\" \/>\n\t<meta property=\"og:image:width\" content=\"840\" \/>\n\t<meta property=\"og:image:height\" content=\"473\" \/>\n\t<meta property=\"og:image:type\" content=\"image\/jpeg\" \/>\n<meta name=\"author\" content=\"\u017baneta Mrozek-Siewierska\" \/>\n<meta name=\"twitter:card\" content=\"summary_large_image\" \/>\n<meta name=\"twitter:creator\" content=\"@24gliwice\" \/>\n<meta name=\"twitter:site\" content=\"@24gliwice\" \/>\n<meta name=\"twitter:label1\" content=\"Napisane przez\" \/>\n\t<meta name=\"twitter:data1\" content=\"\u017baneta Mrozek-Siewierska\" \/>\n\t<meta name=\"twitter:label2\" content=\"Szacowany czas czytania\" \/>\n\t<meta name=\"twitter:data2\" content=\"1 minuta\" \/>\n<script type=\"application\/ld+json\" class=\"yoast-schema-graph\">{\"@context\":\"https:\\\/\\\/schema.org\",\"@graph\":[{\"@type\":\"Article\",\"@id\":\"https:\\\/\\\/www.24gliwice.pl\\\/wiadomosci\\\/gliwiczanin-wyszedl-z-domu-wsiadl-do-samochodu-i-slad-sie-urwal-auto-znaleziono-w-rejonie-pyrzowic\\\/#article\",\"isPartOf\":{\"@id\":\"https:\\\/\\\/www.24gliwice.pl\\\/wiadomosci\\\/gliwiczanin-wyszedl-z-domu-wsiadl-do-samochodu-i-slad-sie-urwal-auto-znaleziono-w-rejonie-pyrzowic\\\/\"},\"author\":{\"name\":\"\u017baneta Mrozek-Siewierska\",\"@id\":\"https:\\\/\\\/www.24gliwice.pl\\\/wiadomosci\\\/#\\\/schema\\\/person\\\/e42c650edd7f2fa332be3811fb166b6e\"},\"headline\":\"Gliwiczanin wyszed\u0142 z domu, wsiad\u0142 do samochodu i \u015blad si\u0119 urwa\u0142. Auto znaleziono w rejonie Pyrzowic\",\"datePublished\":\"2019-03-01T10:56:48+00:00\",\"dateModified\":\"2019-03-01T11:21:40+00:00\",\"mainEntityOfPage\":{\"@id\":\"https:\\\/\\\/www.24gliwice.pl\\\/wiadomosci\\\/gliwiczanin-wyszedl-z-domu-wsiadl-do-samochodu-i-slad-sie-urwal-auto-znaleziono-w-rejonie-pyrzowic\\\/\"},\"wordCount\":205,\"publisher\":{\"@id\":\"https:\\\/\\\/www.24gliwice.pl\\\/wiadomosci\\\/#organization\"},\"image\":{\"@id\":\"https:\\\/\\\/www.24gliwice.pl\\\/wiadomosci\\\/gliwiczanin-wyszedl-z-domu-wsiadl-do-samochodu-i-slad-sie-urwal-auto-znaleziono-w-rejonie-pyrzowic\\\/#primaryimage\"},\"thumbnailUrl\":\"https:\\\/\\\/www.24gliwice.pl\\\/wiadomosci\\\/wp-content\\\/uploads\\\/2019\\\/03\\\/zaginiony-g\u0142\u00f3wne.jpg\",\"keywords\":[\"KMP GLIWICE\",\"POLICJA\",\"POSZUKIWANY\",\"pyrzowice\",\"ZAGINIONY\"],\"articleSection\":[\"Gliwice\",\"Najnowsze wiadomo\u015bci\",\"Prawo\"],\"inLanguage\":\"pl-PL\"},{\"@type\":\"WebPage\",\"@id\":\"https:\\\/\\\/www.24gliwice.pl\\\/wiadomosci\\\/gliwiczanin-wyszedl-z-domu-wsiadl-do-samochodu-i-slad-sie-urwal-auto-znaleziono-w-rejonie-pyrzowic\\\/\",\"url\":\"https:\\\/\\\/www.24gliwice.pl\\\/wiadomosci\\\/gliwiczanin-wyszedl-z-domu-wsiadl-do-samochodu-i-slad-sie-urwal-auto-znaleziono-w-rejonie-pyrzowic\\\/\",\"name\":\"Gliwiczanin wyszed\u0142 z domu, wsiad\u0142 do samochodu i \u015blad si\u0119 urwa\u0142. Auto znaleziono w rejonie Pyrzowic - 24GLIWICE - Portal Gliwice | codziennie nowe informacje\",\"isPartOf\":{\"@id\":\"https:\\\/\\\/www.24gliwice.pl\\\/wiadomosci\\\/#website\"},\"primaryImageOfPage\":{\"@id\":\"https:\\\/\\\/www.24gliwice.pl\\\/wiadomosci\\\/gliwiczanin-wyszedl-z-domu-wsiadl-do-samochodu-i-slad-sie-urwal-auto-znaleziono-w-rejonie-pyrzowic\\\/#primaryimage\"},\"image\":{\"@id\":\"https:\\\/\\\/www.24gliwice.pl\\\/wiadomosci\\\/gliwiczanin-wyszedl-z-domu-wsiadl-do-samochodu-i-slad-sie-urwal-auto-znaleziono-w-rejonie-pyrzowic\\\/#primaryimage\"},\"thumbnailUrl\":\"https:\\\/\\\/www.24gliwice.pl\\\/wiadomosci\\\/wp-content\\\/uploads\\\/2019\\\/03\\\/zaginiony-g\u0142\u00f3wne.jpg\",\"datePublished\":\"2019-03-01T10:56:48+00:00\",\"dateModified\":\"2019-03-01T11:21:40+00:00\",\"breadcrumb\":{\"@id\":\"https:\\\/\\\/www.24gliwice.pl\\\/wiadomosci\\\/gliwiczanin-wyszedl-z-domu-wsiadl-do-samochodu-i-slad-sie-urwal-auto-znaleziono-w-rejonie-pyrzowic\\\/#breadcrumb\"},\"inLanguage\":\"pl-PL\",\"potentialAction\":[{\"@type\":\"ReadAction\",\"target\":[\"https:\\\/\\\/www.24gliwice.pl\\\/wiadomosci\\\/gliwiczanin-wyszedl-z-domu-wsiadl-do-samochodu-i-slad-sie-urwal-auto-znaleziono-w-rejonie-pyrzowic\\\/\"]}]},{\"@type\":\"ImageObject\",\"inLanguage\":\"pl-PL\",\"@id\":\"https:\\\/\\\/www.24gliwice.pl\\\/wiadomosci\\\/gliwiczanin-wyszedl-z-domu-wsiadl-do-samochodu-i-slad-sie-urwal-auto-znaleziono-w-rejonie-pyrzowic\\\/#primaryimage\",\"url\":\"https:\\\/\\\/www.24gliwice.pl\\\/wiadomosci\\\/wp-content\\\/uploads\\\/2019\\\/03\\\/zaginiony-g\u0142\u00f3wne.jpg\",\"contentUrl\":\"https:\\\/\\\/www.24gliwice.pl\\\/wiadomosci\\\/wp-content\\\/uploads\\\/2019\\\/03\\\/zaginiony-g\u0142\u00f3wne.jpg\",\"width\":840,\"height\":473},{\"@type\":\"BreadcrumbList\",\"@id\":\"https:\\\/\\\/www.24gliwice.pl\\\/wiadomosci\\\/gliwiczanin-wyszedl-z-domu-wsiadl-do-samochodu-i-slad-sie-urwal-auto-znaleziono-w-rejonie-pyrzowic\\\/#breadcrumb\",\"itemListElement\":[{\"@type\":\"ListItem\",\"position\":1,\"name\":\"Strona g\u0142\u00f3wna\",\"item\":\"https:\\\/\\\/www.24gliwice.pl\\\/wiadomosci\\\/\"},{\"@type\":\"ListItem\",\"position\":2,\"name\":\"Gliwiczanin wyszed\u0142 z domu, wsiad\u0142 do samochodu i \u015blad si\u0119 urwa\u0142. Auto znaleziono w rejonie Pyrzowic\"}]},{\"@type\":\"WebSite\",\"@id\":\"https:\\\/\\\/www.24gliwice.pl\\\/wiadomosci\\\/#website\",\"url\":\"https:\\\/\\\/www.24gliwice.pl\\\/wiadomosci\\\/\",\"name\":\"24GLIWICE - Portal Gliwice | codziennie nowe wiadomo\u015bci\",\"description\":\"Portal Miejski Gliwice\",\"publisher\":{\"@id\":\"https:\\\/\\\/www.24gliwice.pl\\\/wiadomosci\\\/#organization\"},\"potentialAction\":[{\"@type\":\"SearchAction\",\"target\":{\"@type\":\"EntryPoint\",\"urlTemplate\":\"https:\\\/\\\/www.24gliwice.pl\\\/wiadomosci\\\/?s={search_term_string}\"},\"query-input\":{\"@type\":\"PropertyValueSpecification\",\"valueRequired\":true,\"valueName\":\"search_term_string\"}}],\"inLanguage\":\"pl-PL\"},{\"@type\":\"Organization\",\"@id\":\"https:\\\/\\\/www.24gliwice.pl\\\/wiadomosci\\\/#organization\",\"name\":\"24gliwice\",\"url\":\"https:\\\/\\\/www.24gliwice.pl\\\/wiadomosci\\\/\",\"logo\":{\"@type\":\"ImageObject\",\"inLanguage\":\"pl-PL\",\"@id\":\"https:\\\/\\\/www.24gliwice.pl\\\/wiadomosci\\\/#\\\/schema\\\/logo\\\/image\\\/\",\"url\":\"https:\\\/\\\/www.24gliwice.pl\\\/wiadomosci\\\/wp-content\\\/uploads\\\/2024\\\/10\\\/24gliwice-logo-696.jpg\",\"contentUrl\":\"https:\\\/\\\/www.24gliwice.pl\\\/wiadomosci\\\/wp-content\\\/uploads\\\/2024\\\/10\\\/24gliwice-logo-696.jpg\",\"width\":696,\"height\":696,\"caption\":\"24gliwice\"},\"image\":{\"@id\":\"https:\\\/\\\/www.24gliwice.pl\\\/wiadomosci\\\/#\\\/schema\\\/logo\\\/image\\\/\"},\"sameAs\":[\"https:\\\/\\\/www.facebook.com\\\/24gliwice\",\"https:\\\/\\\/x.com\\\/24gliwice\",\"https:\\\/\\\/www.youtube.com\\\/@24gliwice\"]},{\"@type\":\"Person\",\"@id\":\"https:\\\/\\\/www.24gliwice.pl\\\/wiadomosci\\\/#\\\/schema\\\/person\\\/e42c650edd7f2fa332be3811fb166b6e\",\"name\":\"\u017baneta Mrozek-Siewierska\",\"image\":{\"@type\":\"ImageObject\",\"inLanguage\":\"pl-PL\",\"@id\":\"https:\\\/\\\/secure.gravatar.com\\\/avatar\\\/1881429e9c64597c77ad7aef2d0a19be69a3253e57534d16aa15bf3a4d34a0a3?s=96&d=mm&r=g\",\"url\":\"https:\\\/\\\/secure.gravatar.com\\\/avatar\\\/1881429e9c64597c77ad7aef2d0a19be69a3253e57534d16aa15bf3a4d34a0a3?s=96&d=mm&r=g\",\"contentUrl\":\"https:\\\/\\\/secure.gravatar.com\\\/avatar\\\/1881429e9c64597c77ad7aef2d0a19be69a3253e57534d16aa15bf3a4d34a0a3?s=96&d=mm&r=g\",\"caption\":\"\u017baneta Mrozek-Siewierska\"},\"url\":\"https:\\\/\\\/www.24gliwice.pl\\\/wiadomosci\\\/author\\\/zms\\\/\"}]}<\/script>\n<!-- \/ Yoast SEO plugin. -->","yoast_head_json":{"title":"Gliwiczanin wyszed\u0142 z domu, wsiad\u0142 do samochodu i \u015blad si\u0119 urwa\u0142. Auto znaleziono w rejonie Pyrzowic - 24GLIWICE - Portal Gliwice | codziennie nowe informacje","robots":{"index":"index","follow":"follow","max-snippet":"max-snippet:-1","max-image-preview":"max-image-preview:large","max-video-preview":"max-video-preview:-1"},"canonical":"https:\/\/www.24gliwice.pl\/wiadomosci\/gliwiczanin-wyszedl-z-domu-wsiadl-do-samochodu-i-slad-sie-urwal-auto-znaleziono-w-rejonie-pyrzowic\/","og_locale":"pl_PL","og_type":"article","og_title":"Gliwiczanin wyszed\u0142 z domu, wsiad\u0142 do samochodu i \u015blad si\u0119 urwa\u0142. Auto znaleziono w rejonie Pyrzowic - 24GLIWICE - Portal Gliwice | codziennie nowe informacje","og_description":"48-letni Micha\u0142 Kridel wyszed\u0142 z domu w godzinach porannych w poniedzia\u0142ek, 25 lutego, wsiad\u0142 do samochodu i odjecha\u0142 w nieznanym kierunku. Tego dnia, jak zawsze, mia\u0142 si\u0119 uda\u0107 do pracy. Jego pojazd odnaleziono w rejonie Pyrzowic. Podajemy rysopis zaginionego: wiek z wygl\u0105du 46 lat, wzrost 175 cm, szczup\u0142a budowa cia\u0142a, twarz poci\u0105g\u0142a bez zarostu, w\u0142osy [&hellip;]","og_url":"https:\/\/www.24gliwice.pl\/wiadomosci\/gliwiczanin-wyszedl-z-domu-wsiadl-do-samochodu-i-slad-sie-urwal-auto-znaleziono-w-rejonie-pyrzowic\/","og_site_name":"24GLIWICE - Portal Gliwice | codziennie nowe informacje","article_publisher":"https:\/\/www.facebook.com\/24gliwice","article_published_time":"2019-03-01T10:56:48+00:00","article_modified_time":"2019-03-01T11:21:40+00:00","og_image":[{"width":840,"height":473,"url":"https:\/\/www.24gliwice.pl\/wiadomosci\/wp-content\/uploads\/2019\/03\/zaginiony-g\u0142\u00f3wne.jpg","type":"image\/jpeg"}],"author":"\u017baneta Mrozek-Siewierska","twitter_card":"summary_large_image","twitter_creator":"@24gliwice","twitter_site":"@24gliwice","twitter_misc":{"Napisane przez":"\u017baneta Mrozek-Siewierska","Szacowany czas czytania":"1 minuta"},"schema":{"@context":"https:\/\/schema.org","@graph":[{"@type":"Article","@id":"https:\/\/www.24gliwice.pl\/wiadomosci\/gliwiczanin-wyszedl-z-domu-wsiadl-do-samochodu-i-slad-sie-urwal-auto-znaleziono-w-rejonie-pyrzowic\/#article","isPartOf":{"@id":"https:\/\/www.24gliwice.pl\/wiadomosci\/gliwiczanin-wyszedl-z-domu-wsiadl-do-samochodu-i-slad-sie-urwal-auto-znaleziono-w-rejonie-pyrzowic\/"},"author":{"name":"\u017baneta Mrozek-Siewierska","@id":"https:\/\/www.24gliwice.pl\/wiadomosci\/#\/schema\/person\/e42c650edd7f2fa332be3811fb166b6e"},"headline":"Gliwiczanin wyszed\u0142 z domu, wsiad\u0142 do samochodu i \u015blad si\u0119 urwa\u0142. Auto znaleziono w rejonie Pyrzowic","datePublished":"2019-03-01T10:56:48+00:00","dateModified":"2019-03-01T11:21:40+00:00","mainEntityOfPage":{"@id":"https:\/\/www.24gliwice.pl\/wiadomosci\/gliwiczanin-wyszedl-z-domu-wsiadl-do-samochodu-i-slad-sie-urwal-auto-znaleziono-w-rejonie-pyrzowic\/"},"wordCount":205,"publisher":{"@id":"https:\/\/www.24gliwice.pl\/wiadomosci\/#organization"},"image":{"@id":"https:\/\/www.24gliwice.pl\/wiadomosci\/gliwiczanin-wyszedl-z-domu-wsiadl-do-samochodu-i-slad-sie-urwal-auto-znaleziono-w-rejonie-pyrzowic\/#primaryimage"},"thumbnailUrl":"https:\/\/www.24gliwice.pl\/wiadomosci\/wp-content\/uploads\/2019\/03\/zaginiony-g\u0142\u00f3wne.jpg","keywords":["KMP GLIWICE","POLICJA","POSZUKIWANY","pyrzowice","ZAGINIONY"],"articleSection":["Gliwice","Najnowsze wiadomo\u015bci","Prawo"],"inLanguage":"pl-PL"},{"@type":"WebPage","@id":"https:\/\/www.24gliwice.pl\/wiadomosci\/gliwiczanin-wyszedl-z-domu-wsiadl-do-samochodu-i-slad-sie-urwal-auto-znaleziono-w-rejonie-pyrzowic\/","url":"https:\/\/www.24gliwice.pl\/wiadomosci\/gliwiczanin-wyszedl-z-domu-wsiadl-do-samochodu-i-slad-sie-urwal-auto-znaleziono-w-rejonie-pyrzowic\/","name":"Gliwiczanin wyszed\u0142 z domu, wsiad\u0142 do samochodu i \u015blad si\u0119 urwa\u0142. Auto znaleziono w rejonie Pyrzowic - 24GLIWICE - Portal Gliwice | codziennie nowe informacje","isPartOf":{"@id":"https:\/\/www.24gliwice.pl\/wiadomosci\/#website"},"primaryImageOfPage":{"@id":"https:\/\/www.24gliwice.pl\/wiadomosci\/gliwiczanin-wyszedl-z-domu-wsiadl-do-samochodu-i-slad-sie-urwal-auto-znaleziono-w-rejonie-pyrzowic\/#primaryimage"},"image":{"@id":"https:\/\/www.24gliwice.pl\/wiadomosci\/gliwiczanin-wyszedl-z-domu-wsiadl-do-samochodu-i-slad-sie-urwal-auto-znaleziono-w-rejonie-pyrzowic\/#primaryimage"},"thumbnailUrl":"https:\/\/www.24gliwice.pl\/wiadomosci\/wp-content\/uploads\/2019\/03\/zaginiony-g\u0142\u00f3wne.jpg","datePublished":"2019-03-01T10:56:48+00:00","dateModified":"2019-03-01T11:21:40+00:00","breadcrumb":{"@id":"https:\/\/www.24gliwice.pl\/wiadomosci\/gliwiczanin-wyszedl-z-domu-wsiadl-do-samochodu-i-slad-sie-urwal-auto-znaleziono-w-rejonie-pyrzowic\/#breadcrumb"},"inLanguage":"pl-PL","potentialAction":[{"@type":"ReadAction","target":["https:\/\/www.24gliwice.pl\/wiadomosci\/gliwiczanin-wyszedl-z-domu-wsiadl-do-samochodu-i-slad-sie-urwal-auto-znaleziono-w-rejonie-pyrzowic\/"]}]},{"@type":"ImageObject","inLanguage":"pl-PL","@id":"https:\/\/www.24gliwice.pl\/wiadomosci\/gliwiczanin-wyszedl-z-domu-wsiadl-do-samochodu-i-slad-sie-urwal-auto-znaleziono-w-rejonie-pyrzowic\/#primaryimage","url":"https:\/\/www.24gliwice.pl\/wiadomosci\/wp-content\/uploads\/2019\/03\/zaginiony-g\u0142\u00f3wne.jpg","contentUrl":"https:\/\/www.24gliwice.pl\/wiadomosci\/wp-content\/uploads\/2019\/03\/zaginiony-g\u0142\u00f3wne.jpg","width":840,"height":473},{"@type":"BreadcrumbList","@id":"https:\/\/www.24gliwice.pl\/wiadomosci\/gliwiczanin-wyszedl-z-domu-wsiadl-do-samochodu-i-slad-sie-urwal-auto-znaleziono-w-rejonie-pyrzowic\/#breadcrumb","itemListElement":[{"@type":"ListItem","position":1,"name":"Strona g\u0142\u00f3wna","item":"https:\/\/www.24gliwice.pl\/wiadomosci\/"},{"@type":"ListItem","position":2,"name":"Gliwiczanin wyszed\u0142 z domu, wsiad\u0142 do samochodu i \u015blad si\u0119 urwa\u0142. Auto znaleziono w rejonie Pyrzowic"}]},{"@type":"WebSite","@id":"https:\/\/www.24gliwice.pl\/wiadomosci\/#website","url":"https:\/\/www.24gliwice.pl\/wiadomosci\/","name":"24GLIWICE - Portal Gliwice | codziennie nowe wiadomo\u015bci","description":"Portal Miejski Gliwice","publisher":{"@id":"https:\/\/www.24gliwice.pl\/wiadomosci\/#organization"},"potentialAction":[{"@type":"SearchAction","target":{"@type":"EntryPoint","urlTemplate":"https:\/\/www.24gliwice.pl\/wiadomosci\/?s={search_term_string}"},"query-input":{"@type":"PropertyValueSpecification","valueRequired":true,"valueName":"search_term_string"}}],"inLanguage":"pl-PL"},{"@type":"Organization","@id":"https:\/\/www.24gliwice.pl\/wiadomosci\/#organization","name":"24gliwice","url":"https:\/\/www.24gliwice.pl\/wiadomosci\/","logo":{"@type":"ImageObject","inLanguage":"pl-PL","@id":"https:\/\/www.24gliwice.pl\/wiadomosci\/#\/schema\/logo\/image\/","url":"https:\/\/www.24gliwice.pl\/wiadomosci\/wp-content\/uploads\/2024\/10\/24gliwice-logo-696.jpg","contentUrl":"https:\/\/www.24gliwice.pl\/wiadomosci\/wp-content\/uploads\/2024\/10\/24gliwice-logo-696.jpg","width":696,"height":696,"caption":"24gliwice"},"image":{"@id":"https:\/\/www.24gliwice.pl\/wiadomosci\/#\/schema\/logo\/image\/"},"sameAs":["https:\/\/www.facebook.com\/24gliwice","https:\/\/x.com\/24gliwice","https:\/\/www.youtube.com\/@24gliwice"]},{"@type":"Person","@id":"https:\/\/www.24gliwice.pl\/wiadomosci\/#\/schema\/person\/e42c650edd7f2fa332be3811fb166b6e","name":"\u017baneta Mrozek-Siewierska","image":{"@type":"ImageObject","inLanguage":"pl-PL","@id":"https:\/\/secure.gravatar.com\/avatar\/1881429e9c64597c77ad7aef2d0a19be69a3253e57534d16aa15bf3a4d34a0a3?s=96&d=mm&r=g","url":"https:\/\/secure.gravatar.com\/avatar\/1881429e9c64597c77ad7aef2d0a19be69a3253e57534d16aa15bf3a4d34a0a3?s=96&d=mm&r=g","contentUrl":"https:\/\/secure.gravatar.com\/avatar\/1881429e9c64597c77ad7aef2d0a19be69a3253e57534d16aa15bf3a4d34a0a3?s=96&d=mm&r=g","caption":"\u017baneta Mrozek-Siewierska"},"url":"https:\/\/www.24gliwice.pl\/wiadomosci\/author\/zms\/"}]}},"_links":{"self":[{"href":"https:\/\/www.24gliwice.pl\/wiadomosci\/wp-json\/wp\/v2\/posts\/131224","targetHints":{"allow":["GET"]}}],"collection":[{"href":"https:\/\/www.24gliwice.pl\/wiadomosci\/wp-json\/wp\/v2\/posts"}],"about":[{"href":"https:\/\/www.24gliwice.pl\/wiadomosci\/wp-json\/wp\/v2\/types\/post"}],"author":[{"embeddable":true,"href":"https:\/\/www.24gliwice.pl\/wiadomosci\/wp-json\/wp\/v2\/users\/15"}],"replies":[{"embeddable":true,"href":"https:\/\/www.24gliwice.pl\/wiadomosci\/wp-json\/wp\/v2\/comments?post=131224"}],"version-history":[{"count":0,"href":"https:\/\/www.24gliwice.pl\/wiadomosci\/wp-json\/wp\/v2\/posts\/131224\/revisions"}],"wp:featuredmedia":[{"embeddable":true,"href":"https:\/\/www.24gliwice.pl\/wiadomosci\/wp-json\/wp\/v2\/media\/131235"}],"wp:attachment":[{"href":"https:\/\/www.24gliwice.pl\/wiadomosci\/wp-json\/wp\/v2\/media?parent=131224"}],"wp:term":[{"taxonomy":"category","embeddable":true,"href":"https:\/\/www.24gliwice.pl\/wiadomosci\/wp-json\/wp\/v2\/categories?post=131224"},{"taxonomy":"post_tag","embeddable":true,"href":"https:\/\/www.24gliwice.pl\/wiadomosci\/wp-json\/wp\/v2\/tags?post=131224"}],"curies":[{"name":"wp","href":"https:\/\/api.w.org\/{rel}","templated":true}]}}