{"id":131251,"date":"2019-03-02T07:43:37","date_gmt":"2019-03-02T06:43:37","guid":{"rendered":"https:\/\/www.24gliwice.pl\/wiadomosci\/?p=131251"},"modified":"2019-03-03T10:09:58","modified_gmt":"2019-03-03T09:09:58","slug":"tunel-na-srednicowce-bedzie-zamykany-w-weekendowe-noce-trzeba-wybrac-objazd","status":"publish","type":"post","link":"https:\/\/www.24gliwice.pl\/wiadomosci\/tunel-na-srednicowce-bedzie-zamykany-w-weekendowe-noce-trzeba-wybrac-objazd\/","title":{"rendered":"Tunel na DT\u015a b\u0119dzie zamykany. W najbli\u017csze weekendowe noce trzeba wybra\u0107 objazd"},"content":{"rendered":"<div class=\"gliwi-a6-nad-leadem-artykulow gliwi-entity-placement\" id=\"gliwi-582955661\"><div class=\"gliwi-adlabel\"><span style=\"font-size: 9px\">REKLAMA<\/span><\/div><div id=\"gliwi-1520791123\" style=\"margin-bottom: 25px;margin-left: auto;margin-right: auto;text-align: center;\"><a data-no-instant=\"1\" href=\"https:\/\/dom100.eu\/\" rel=\"noopener\" class=\"a2t-link\" target=\"_blank\" aria-label=\"20260415 DOM100 D\"><img loading=\"lazy\" decoding=\"async\" src=\"https:\/\/www.24gliwice.pl\/wiadomosci\/wp-content\/uploads\/2026\/04\/20260415-DOM100-D.jpg\" alt=\"\"  srcset=\"https:\/\/www.24gliwice.pl\/wiadomosci\/wp-content\/uploads\/2026\/04\/20260415-DOM100-D.jpg 750w, https:\/\/www.24gliwice.pl\/wiadomosci\/wp-content\/uploads\/2026\/04\/20260415-DOM100-D-410x109.jpg 410w\" sizes=\"(max-width: 750px) 100vw, 750px\" class=\"no-lazyload\" width=\"750\" height=\"200\"  style=\"display: inline-block; max-width: 100%; height: auto;\" \/><\/a><\/div><\/div><h3>W weekend tunel znajduj\u0105cy si\u0119 w ci\u0105gu Drogowej Trasy \u015arednicowej b\u0119dzie wy\u0142\u0105czony z ruchu. Objazdy, poprowadzone zostan\u0105 identyczn\u0105 tras\u0105, jak w czasie cotygodniowych zamkni\u0119\u0107 serwisowych tunelu.<\/h3>\n<p>W nocy z 2 na 3 marca oraz z 3 na 4 marca, ze wzgl\u0119du na konieczno\u015b\u0107 przeprowadzenia napraw pogwarancyjnych i bezpiecze\u0144stwo os\u00f3b wykonuj\u0105cych tam prace, jad\u0105cy DT\u015a b\u0119d\u0105 kierowani objazdem zgodnie z ustawionymi znakami, informuj\u0105cymi o obje\u017adzie.<\/p>\n[perfectpullquote align=&#8221;full&#8221; bordertop=&#8221;false&#8221; cite=&#8221;&#8221; link=&#8221;&#8221; color=&#8221;&#8221; class=&#8221;&#8221; size=&#8221;&#8221;]Jad\u0105cy w kierunku Strzelce Opolskie b\u0119d\u0105 musieli zjecha\u0107 do ul. Cz\u0119stochowskiej i dalej w kierunku ul. Bohater\u00f3w Getta Warszawskiego, a nast\u0119pnie ul. Byliny, do ronda i dalej DT\u015a.[\/perfectpullquote]\n<p>Kierowcy podr\u00f3\u017cuj\u0105cy w stron\u0119 Katowic b\u0119d\u0105 musieli zjecha\u0107 do ul. Sienkiewicza, nast\u0119pnie do ul. Byliny, dalej ul. Bohater\u00f3w Getta Warszawskiego do Placu Piast\u00f3w i stamt\u0105d wjazd na DT\u015a.<\/p><div class=\"gliwi-a3-w-tresci-artykulow gliwi-entity-placement\" id=\"gliwi-3894120158\"><div class=\"gliwi-adlabel\"><span style=\"font-size: 9px\">REKLAMA<\/span><\/div><div id=\"gliwi-1716532312\" style=\"margin-bottom: 30px;margin-left: auto;margin-right: auto;text-align: center;\"><a data-no-instant=\"1\" href=\"https:\/\/ogrodyandersa.pl\/\" rel=\"noopener\" class=\"a2t-link\" target=\"_blank\" aria-label=\"20260415 Ogrody Andersa KUP TERAZ D\"><img loading=\"lazy\" decoding=\"async\" src=\"https:\/\/www.24gliwice.pl\/wiadomosci\/wp-content\/uploads\/2026\/04\/20260415-Ogrody-Andersa-KUP-TERAZ-D.jpg\" alt=\"\"  srcset=\"https:\/\/www.24gliwice.pl\/wiadomosci\/wp-content\/uploads\/2026\/04\/20260415-Ogrody-Andersa-KUP-TERAZ-D.jpg 750w, https:\/\/www.24gliwice.pl\/wiadomosci\/wp-content\/uploads\/2026\/04\/20260415-Ogrody-Andersa-KUP-TERAZ-D-410x109.jpg 410w\" sizes=\"(max-width: 750px) 100vw, 750px\" class=\"no-lazyload\" width=\"750\" height=\"200\"  style=\"display: inline-block; max-width: 100%; height: auto;\" \/><\/a><\/div><\/div>\n<p>(ZDM)<\/p>\n<div class=\"gliwi-a5-na-koncu-artykulow gliwi-entity-placement\" id=\"gliwi-3132785904\"><div class=\"gliwi-adlabel\"><span style=\"font-size: 9px\">REKLAMA<\/span><\/div><div id=\"gliwi-3828236017\" style=\"margin-left: auto;margin-right: auto;text-align: center;\"><a data-no-instant=\"1\" href=\"https:\/\/prezeroarenagliwice.pl\/\" rel=\"noopener\" class=\"a2t-link\" target=\"_blank\" aria-label=\"20260309-PREZERO-WIOSNA-D\"><img loading=\"lazy\" decoding=\"async\" src=\"https:\/\/www.24gliwice.pl\/wiadomosci\/wp-content\/uploads\/2026\/03\/20260309-PREZERO-WIOSNA-D.webp\" alt=\"\"  srcset=\"https:\/\/www.24gliwice.pl\/wiadomosci\/wp-content\/uploads\/2026\/03\/20260309-PREZERO-WIOSNA-D.webp 750w, https:\/\/www.24gliwice.pl\/wiadomosci\/wp-content\/uploads\/2026\/03\/20260309-PREZERO-WIOSNA-D-410x109.webp 410w\" sizes=\"(max-width: 750px) 100vw, 750px\" class=\"no-lazyload\" width=\"750\" height=\"200\"  style=\"display: inline-block; max-width: 100%; height: auto;\" \/><\/a><\/div><\/div>","protected":false},"excerpt":{"rendered":"<p>W weekend tunel znajduj\u0105cy si\u0119 w ci\u0105gu Drogowej Trasy \u015arednicowej b\u0119dzie wy\u0142\u0105czony z ruchu. Objazdy, poprowadzone zostan\u0105 identyczn\u0105 tras\u0105, jak w czasie cotygodniowych zamkni\u0119\u0107 serwisowych tunelu. W nocy z 2 na 3 marca oraz z 3 na 4 marca, ze wzgl\u0119du na konieczno\u015b\u0107 przeprowadzenia napraw pogwarancyjnych i bezpiecze\u0144stwo os\u00f3b wykonuj\u0105cych tam prace, jad\u0105cy DT\u015a b\u0119d\u0105 [&hellip;]<\/p>\n","protected":false},"author":15,"featured_media":131257,"comment_status":"open","ping_status":"closed","sticky":false,"template":"","format":"standard","meta":{"_monsterinsights_skip_tracking":false,"_monsterinsights_sitenote_active":false,"_monsterinsights_sitenote_note":"","_monsterinsights_sitenote_category":0,"footnotes":"","_links_to":"","_links_to_target":""},"categories":[3,1],"tags":[1197,1602,4772,1706,214],"class_list":["post-131251","post","type-post","status-publish","format-standard","has-post-thumbnail","hentry","category-gliwice","category-wszystko","tag-dts","tag-srednicowka","tag-tunel-dts","tag-zarzad-drog-miejskich","tag-zdm"],"yoast_head":"<!-- This site is optimized with the Yoast SEO plugin v27.5 - https:\/\/yoast.com\/product\/yoast-seo-wordpress\/ -->\n<title>Tunel na DT\u015a b\u0119dzie zamykany. W najbli\u017csze weekendowe noce trzeba wybra\u0107 objazd - 24GLIWICE - Portal Gliwice | codziennie nowe informacje<\/title>\n<meta name=\"robots\" content=\"index, follow, max-snippet:-1, max-image-preview:large, max-video-preview:-1\" \/>\n<link rel=\"canonical\" href=\"https:\/\/www.24gliwice.pl\/wiadomosci\/tunel-na-srednicowce-bedzie-zamykany-w-weekendowe-noce-trzeba-wybrac-objazd\/\" \/>\n<meta property=\"og:locale\" content=\"pl_PL\" \/>\n<meta property=\"og:type\" content=\"article\" \/>\n<meta property=\"og:title\" content=\"Tunel na DT\u015a b\u0119dzie zamykany. W najbli\u017csze weekendowe noce trzeba wybra\u0107 objazd - 24GLIWICE - Portal Gliwice | codziennie nowe informacje\" \/>\n<meta property=\"og:description\" content=\"W weekend tunel znajduj\u0105cy si\u0119 w ci\u0105gu Drogowej Trasy \u015arednicowej b\u0119dzie wy\u0142\u0105czony z ruchu. Objazdy, poprowadzone zostan\u0105 identyczn\u0105 tras\u0105, jak w czasie cotygodniowych zamkni\u0119\u0107 serwisowych tunelu. W nocy z 2 na 3 marca oraz z 3 na 4 marca, ze wzgl\u0119du na konieczno\u015b\u0107 przeprowadzenia napraw pogwarancyjnych i bezpiecze\u0144stwo os\u00f3b wykonuj\u0105cych tam prace, jad\u0105cy DT\u015a b\u0119d\u0105 [&hellip;]\" \/>\n<meta property=\"og:url\" content=\"https:\/\/www.24gliwice.pl\/wiadomosci\/tunel-na-srednicowce-bedzie-zamykany-w-weekendowe-noce-trzeba-wybrac-objazd\/\" \/>\n<meta property=\"og:site_name\" content=\"24GLIWICE - Portal Gliwice | codziennie nowe informacje\" \/>\n<meta property=\"article:publisher\" content=\"https:\/\/www.facebook.com\/24gliwice\" \/>\n<meta property=\"article:published_time\" content=\"2019-03-02T06:43:37+00:00\" \/>\n<meta property=\"article:modified_time\" content=\"2019-03-03T09:09:58+00:00\" \/>\n<meta property=\"og:image\" content=\"https:\/\/www.24gliwice.pl\/wiadomosci\/wp-content\/uploads\/2019\/03\/tunel-dt\u015b-e1551437378917.jpg\" \/>\n\t<meta property=\"og:image:width\" content=\"810\" \/>\n\t<meta property=\"og:image:height\" content=\"456\" \/>\n\t<meta property=\"og:image:type\" content=\"image\/jpeg\" \/>\n<meta name=\"author\" content=\"\u017baneta Mrozek-Siewierska\" \/>\n<meta name=\"twitter:card\" content=\"summary_large_image\" \/>\n<meta name=\"twitter:creator\" content=\"@24gliwice\" \/>\n<meta name=\"twitter:site\" content=\"@24gliwice\" \/>\n<meta name=\"twitter:label1\" content=\"Napisane przez\" \/>\n\t<meta name=\"twitter:data1\" content=\"\u017baneta Mrozek-Siewierska\" \/>\n\t<meta name=\"twitter:label2\" content=\"Szacowany czas czytania\" \/>\n\t<meta name=\"twitter:data2\" content=\"1 minuta\" \/>\n<script type=\"application\/ld+json\" class=\"yoast-schema-graph\">{\"@context\":\"https:\\\/\\\/schema.org\",\"@graph\":[{\"@type\":\"Article\",\"@id\":\"https:\\\/\\\/www.24gliwice.pl\\\/wiadomosci\\\/tunel-na-srednicowce-bedzie-zamykany-w-weekendowe-noce-trzeba-wybrac-objazd\\\/#article\",\"isPartOf\":{\"@id\":\"https:\\\/\\\/www.24gliwice.pl\\\/wiadomosci\\\/tunel-na-srednicowce-bedzie-zamykany-w-weekendowe-noce-trzeba-wybrac-objazd\\\/\"},\"author\":{\"name\":\"\u017baneta Mrozek-Siewierska\",\"@id\":\"https:\\\/\\\/www.24gliwice.pl\\\/wiadomosci\\\/#\\\/schema\\\/person\\\/e42c650edd7f2fa332be3811fb166b6e\"},\"headline\":\"Tunel na DT\u015a b\u0119dzie zamykany. W najbli\u017csze weekendowe noce trzeba wybra\u0107 objazd\",\"datePublished\":\"2019-03-02T06:43:37+00:00\",\"dateModified\":\"2019-03-03T09:09:58+00:00\",\"mainEntityOfPage\":{\"@id\":\"https:\\\/\\\/www.24gliwice.pl\\\/wiadomosci\\\/tunel-na-srednicowce-bedzie-zamykany-w-weekendowe-noce-trzeba-wybrac-objazd\\\/\"},\"wordCount\":166,\"commentCount\":0,\"publisher\":{\"@id\":\"https:\\\/\\\/www.24gliwice.pl\\\/wiadomosci\\\/#organization\"},\"image\":{\"@id\":\"https:\\\/\\\/www.24gliwice.pl\\\/wiadomosci\\\/tunel-na-srednicowce-bedzie-zamykany-w-weekendowe-noce-trzeba-wybrac-objazd\\\/#primaryimage\"},\"thumbnailUrl\":\"https:\\\/\\\/www.24gliwice.pl\\\/wiadomosci\\\/wp-content\\\/uploads\\\/2019\\\/03\\\/tunel-dt\u015b-e1551437378917.jpg\",\"keywords\":[\"DT\u015a\",\"\u015aREDNIC\u00d3WKA\",\"TUNEL DT\u015a\",\"ZARZ\u0104D DR\u00d3G MIEJSKICH\",\"ZDM\"],\"articleSection\":[\"Gliwice\",\"Najnowsze wiadomo\u015bci\"],\"inLanguage\":\"pl-PL\",\"potentialAction\":[{\"@type\":\"CommentAction\",\"name\":\"Comment\",\"target\":[\"https:\\\/\\\/www.24gliwice.pl\\\/wiadomosci\\\/tunel-na-srednicowce-bedzie-zamykany-w-weekendowe-noce-trzeba-wybrac-objazd\\\/#respond\"]}]},{\"@type\":\"WebPage\",\"@id\":\"https:\\\/\\\/www.24gliwice.pl\\\/wiadomosci\\\/tunel-na-srednicowce-bedzie-zamykany-w-weekendowe-noce-trzeba-wybrac-objazd\\\/\",\"url\":\"https:\\\/\\\/www.24gliwice.pl\\\/wiadomosci\\\/tunel-na-srednicowce-bedzie-zamykany-w-weekendowe-noce-trzeba-wybrac-objazd\\\/\",\"name\":\"Tunel na DT\u015a b\u0119dzie zamykany. W najbli\u017csze weekendowe noce trzeba wybra\u0107 objazd - 24GLIWICE - Portal Gliwice | codziennie nowe informacje\",\"isPartOf\":{\"@id\":\"https:\\\/\\\/www.24gliwice.pl\\\/wiadomosci\\\/#website\"},\"primaryImageOfPage\":{\"@id\":\"https:\\\/\\\/www.24gliwice.pl\\\/wiadomosci\\\/tunel-na-srednicowce-bedzie-zamykany-w-weekendowe-noce-trzeba-wybrac-objazd\\\/#primaryimage\"},\"image\":{\"@id\":\"https:\\\/\\\/www.24gliwice.pl\\\/wiadomosci\\\/tunel-na-srednicowce-bedzie-zamykany-w-weekendowe-noce-trzeba-wybrac-objazd\\\/#primaryimage\"},\"thumbnailUrl\":\"https:\\\/\\\/www.24gliwice.pl\\\/wiadomosci\\\/wp-content\\\/uploads\\\/2019\\\/03\\\/tunel-dt\u015b-e1551437378917.jpg\",\"datePublished\":\"2019-03-02T06:43:37+00:00\",\"dateModified\":\"2019-03-03T09:09:58+00:00\",\"breadcrumb\":{\"@id\":\"https:\\\/\\\/www.24gliwice.pl\\\/wiadomosci\\\/tunel-na-srednicowce-bedzie-zamykany-w-weekendowe-noce-trzeba-wybrac-objazd\\\/#breadcrumb\"},\"inLanguage\":\"pl-PL\",\"potentialAction\":[{\"@type\":\"ReadAction\",\"target\":[\"https:\\\/\\\/www.24gliwice.pl\\\/wiadomosci\\\/tunel-na-srednicowce-bedzie-zamykany-w-weekendowe-noce-trzeba-wybrac-objazd\\\/\"]}]},{\"@type\":\"ImageObject\",\"inLanguage\":\"pl-PL\",\"@id\":\"https:\\\/\\\/www.24gliwice.pl\\\/wiadomosci\\\/tunel-na-srednicowce-bedzie-zamykany-w-weekendowe-noce-trzeba-wybrac-objazd\\\/#primaryimage\",\"url\":\"https:\\\/\\\/www.24gliwice.pl\\\/wiadomosci\\\/wp-content\\\/uploads\\\/2019\\\/03\\\/tunel-dt\u015b-e1551437378917.jpg\",\"contentUrl\":\"https:\\\/\\\/www.24gliwice.pl\\\/wiadomosci\\\/wp-content\\\/uploads\\\/2019\\\/03\\\/tunel-dt\u015b-e1551437378917.jpg\",\"width\":810,\"height\":456},{\"@type\":\"BreadcrumbList\",\"@id\":\"https:\\\/\\\/www.24gliwice.pl\\\/wiadomosci\\\/tunel-na-srednicowce-bedzie-zamykany-w-weekendowe-noce-trzeba-wybrac-objazd\\\/#breadcrumb\",\"itemListElement\":[{\"@type\":\"ListItem\",\"position\":1,\"name\":\"Strona g\u0142\u00f3wna\",\"item\":\"https:\\\/\\\/www.24gliwice.pl\\\/wiadomosci\\\/\"},{\"@type\":\"ListItem\",\"position\":2,\"name\":\"Tunel na DT\u015a b\u0119dzie zamykany. W najbli\u017csze weekendowe noce trzeba wybra\u0107 objazd\"}]},{\"@type\":\"WebSite\",\"@id\":\"https:\\\/\\\/www.24gliwice.pl\\\/wiadomosci\\\/#website\",\"url\":\"https:\\\/\\\/www.24gliwice.pl\\\/wiadomosci\\\/\",\"name\":\"24GLIWICE - Portal Gliwice | codziennie nowe wiadomo\u015bci\",\"description\":\"Portal Miejski Gliwice\",\"publisher\":{\"@id\":\"https:\\\/\\\/www.24gliwice.pl\\\/wiadomosci\\\/#organization\"},\"potentialAction\":[{\"@type\":\"SearchAction\",\"target\":{\"@type\":\"EntryPoint\",\"urlTemplate\":\"https:\\\/\\\/www.24gliwice.pl\\\/wiadomosci\\\/?s={search_term_string}\"},\"query-input\":{\"@type\":\"PropertyValueSpecification\",\"valueRequired\":true,\"valueName\":\"search_term_string\"}}],\"inLanguage\":\"pl-PL\"},{\"@type\":\"Organization\",\"@id\":\"https:\\\/\\\/www.24gliwice.pl\\\/wiadomosci\\\/#organization\",\"name\":\"24gliwice\",\"url\":\"https:\\\/\\\/www.24gliwice.pl\\\/wiadomosci\\\/\",\"logo\":{\"@type\":\"ImageObject\",\"inLanguage\":\"pl-PL\",\"@id\":\"https:\\\/\\\/www.24gliwice.pl\\\/wiadomosci\\\/#\\\/schema\\\/logo\\\/image\\\/\",\"url\":\"https:\\\/\\\/www.24gliwice.pl\\\/wiadomosci\\\/wp-content\\\/uploads\\\/2024\\\/10\\\/24gliwice-logo-696.jpg\",\"contentUrl\":\"https:\\\/\\\/www.24gliwice.pl\\\/wiadomosci\\\/wp-content\\\/uploads\\\/2024\\\/10\\\/24gliwice-logo-696.jpg\",\"width\":696,\"height\":696,\"caption\":\"24gliwice\"},\"image\":{\"@id\":\"https:\\\/\\\/www.24gliwice.pl\\\/wiadomosci\\\/#\\\/schema\\\/logo\\\/image\\\/\"},\"sameAs\":[\"https:\\\/\\\/www.facebook.com\\\/24gliwice\",\"https:\\\/\\\/x.com\\\/24gliwice\",\"https:\\\/\\\/www.youtube.com\\\/@24gliwice\"]},{\"@type\":\"Person\",\"@id\":\"https:\\\/\\\/www.24gliwice.pl\\\/wiadomosci\\\/#\\\/schema\\\/person\\\/e42c650edd7f2fa332be3811fb166b6e\",\"name\":\"\u017baneta Mrozek-Siewierska\",\"image\":{\"@type\":\"ImageObject\",\"inLanguage\":\"pl-PL\",\"@id\":\"https:\\\/\\\/secure.gravatar.com\\\/avatar\\\/1881429e9c64597c77ad7aef2d0a19be69a3253e57534d16aa15bf3a4d34a0a3?s=96&d=mm&r=g\",\"url\":\"https:\\\/\\\/secure.gravatar.com\\\/avatar\\\/1881429e9c64597c77ad7aef2d0a19be69a3253e57534d16aa15bf3a4d34a0a3?s=96&d=mm&r=g\",\"contentUrl\":\"https:\\\/\\\/secure.gravatar.com\\\/avatar\\\/1881429e9c64597c77ad7aef2d0a19be69a3253e57534d16aa15bf3a4d34a0a3?s=96&d=mm&r=g\",\"caption\":\"\u017baneta Mrozek-Siewierska\"},\"url\":\"https:\\\/\\\/www.24gliwice.pl\\\/wiadomosci\\\/author\\\/zms\\\/\"}]}<\/script>\n<!-- \/ Yoast SEO plugin. -->","yoast_head_json":{"title":"Tunel na DT\u015a b\u0119dzie zamykany. W najbli\u017csze weekendowe noce trzeba wybra\u0107 objazd - 24GLIWICE - Portal Gliwice | codziennie nowe informacje","robots":{"index":"index","follow":"follow","max-snippet":"max-snippet:-1","max-image-preview":"max-image-preview:large","max-video-preview":"max-video-preview:-1"},"canonical":"https:\/\/www.24gliwice.pl\/wiadomosci\/tunel-na-srednicowce-bedzie-zamykany-w-weekendowe-noce-trzeba-wybrac-objazd\/","og_locale":"pl_PL","og_type":"article","og_title":"Tunel na DT\u015a b\u0119dzie zamykany. W najbli\u017csze weekendowe noce trzeba wybra\u0107 objazd - 24GLIWICE - Portal Gliwice | codziennie nowe informacje","og_description":"W weekend tunel znajduj\u0105cy si\u0119 w ci\u0105gu Drogowej Trasy \u015arednicowej b\u0119dzie wy\u0142\u0105czony z ruchu. Objazdy, poprowadzone zostan\u0105 identyczn\u0105 tras\u0105, jak w czasie cotygodniowych zamkni\u0119\u0107 serwisowych tunelu. W nocy z 2 na 3 marca oraz z 3 na 4 marca, ze wzgl\u0119du na konieczno\u015b\u0107 przeprowadzenia napraw pogwarancyjnych i bezpiecze\u0144stwo os\u00f3b wykonuj\u0105cych tam prace, jad\u0105cy DT\u015a b\u0119d\u0105 [&hellip;]","og_url":"https:\/\/www.24gliwice.pl\/wiadomosci\/tunel-na-srednicowce-bedzie-zamykany-w-weekendowe-noce-trzeba-wybrac-objazd\/","og_site_name":"24GLIWICE - Portal Gliwice | codziennie nowe informacje","article_publisher":"https:\/\/www.facebook.com\/24gliwice","article_published_time":"2019-03-02T06:43:37+00:00","article_modified_time":"2019-03-03T09:09:58+00:00","og_image":[{"width":810,"height":456,"url":"https:\/\/www.24gliwice.pl\/wiadomosci\/wp-content\/uploads\/2019\/03\/tunel-dt\u015b-e1551437378917.jpg","type":"image\/jpeg"}],"author":"\u017baneta Mrozek-Siewierska","twitter_card":"summary_large_image","twitter_creator":"@24gliwice","twitter_site":"@24gliwice","twitter_misc":{"Napisane przez":"\u017baneta Mrozek-Siewierska","Szacowany czas czytania":"1 minuta"},"schema":{"@context":"https:\/\/schema.org","@graph":[{"@type":"Article","@id":"https:\/\/www.24gliwice.pl\/wiadomosci\/tunel-na-srednicowce-bedzie-zamykany-w-weekendowe-noce-trzeba-wybrac-objazd\/#article","isPartOf":{"@id":"https:\/\/www.24gliwice.pl\/wiadomosci\/tunel-na-srednicowce-bedzie-zamykany-w-weekendowe-noce-trzeba-wybrac-objazd\/"},"author":{"name":"\u017baneta Mrozek-Siewierska","@id":"https:\/\/www.24gliwice.pl\/wiadomosci\/#\/schema\/person\/e42c650edd7f2fa332be3811fb166b6e"},"headline":"Tunel na DT\u015a b\u0119dzie zamykany. W najbli\u017csze weekendowe noce trzeba wybra\u0107 objazd","datePublished":"2019-03-02T06:43:37+00:00","dateModified":"2019-03-03T09:09:58+00:00","mainEntityOfPage":{"@id":"https:\/\/www.24gliwice.pl\/wiadomosci\/tunel-na-srednicowce-bedzie-zamykany-w-weekendowe-noce-trzeba-wybrac-objazd\/"},"wordCount":166,"commentCount":0,"publisher":{"@id":"https:\/\/www.24gliwice.pl\/wiadomosci\/#organization"},"image":{"@id":"https:\/\/www.24gliwice.pl\/wiadomosci\/tunel-na-srednicowce-bedzie-zamykany-w-weekendowe-noce-trzeba-wybrac-objazd\/#primaryimage"},"thumbnailUrl":"https:\/\/www.24gliwice.pl\/wiadomosci\/wp-content\/uploads\/2019\/03\/tunel-dt\u015b-e1551437378917.jpg","keywords":["DT\u015a","\u015aREDNIC\u00d3WKA","TUNEL DT\u015a","ZARZ\u0104D DR\u00d3G MIEJSKICH","ZDM"],"articleSection":["Gliwice","Najnowsze wiadomo\u015bci"],"inLanguage":"pl-PL","potentialAction":[{"@type":"CommentAction","name":"Comment","target":["https:\/\/www.24gliwice.pl\/wiadomosci\/tunel-na-srednicowce-bedzie-zamykany-w-weekendowe-noce-trzeba-wybrac-objazd\/#respond"]}]},{"@type":"WebPage","@id":"https:\/\/www.24gliwice.pl\/wiadomosci\/tunel-na-srednicowce-bedzie-zamykany-w-weekendowe-noce-trzeba-wybrac-objazd\/","url":"https:\/\/www.24gliwice.pl\/wiadomosci\/tunel-na-srednicowce-bedzie-zamykany-w-weekendowe-noce-trzeba-wybrac-objazd\/","name":"Tunel na DT\u015a b\u0119dzie zamykany. W najbli\u017csze weekendowe noce trzeba wybra\u0107 objazd - 24GLIWICE - Portal Gliwice | codziennie nowe informacje","isPartOf":{"@id":"https:\/\/www.24gliwice.pl\/wiadomosci\/#website"},"primaryImageOfPage":{"@id":"https:\/\/www.24gliwice.pl\/wiadomosci\/tunel-na-srednicowce-bedzie-zamykany-w-weekendowe-noce-trzeba-wybrac-objazd\/#primaryimage"},"image":{"@id":"https:\/\/www.24gliwice.pl\/wiadomosci\/tunel-na-srednicowce-bedzie-zamykany-w-weekendowe-noce-trzeba-wybrac-objazd\/#primaryimage"},"thumbnailUrl":"https:\/\/www.24gliwice.pl\/wiadomosci\/wp-content\/uploads\/2019\/03\/tunel-dt\u015b-e1551437378917.jpg","datePublished":"2019-03-02T06:43:37+00:00","dateModified":"2019-03-03T09:09:58+00:00","breadcrumb":{"@id":"https:\/\/www.24gliwice.pl\/wiadomosci\/tunel-na-srednicowce-bedzie-zamykany-w-weekendowe-noce-trzeba-wybrac-objazd\/#breadcrumb"},"inLanguage":"pl-PL","potentialAction":[{"@type":"ReadAction","target":["https:\/\/www.24gliwice.pl\/wiadomosci\/tunel-na-srednicowce-bedzie-zamykany-w-weekendowe-noce-trzeba-wybrac-objazd\/"]}]},{"@type":"ImageObject","inLanguage":"pl-PL","@id":"https:\/\/www.24gliwice.pl\/wiadomosci\/tunel-na-srednicowce-bedzie-zamykany-w-weekendowe-noce-trzeba-wybrac-objazd\/#primaryimage","url":"https:\/\/www.24gliwice.pl\/wiadomosci\/wp-content\/uploads\/2019\/03\/tunel-dt\u015b-e1551437378917.jpg","contentUrl":"https:\/\/www.24gliwice.pl\/wiadomosci\/wp-content\/uploads\/2019\/03\/tunel-dt\u015b-e1551437378917.jpg","width":810,"height":456},{"@type":"BreadcrumbList","@id":"https:\/\/www.24gliwice.pl\/wiadomosci\/tunel-na-srednicowce-bedzie-zamykany-w-weekendowe-noce-trzeba-wybrac-objazd\/#breadcrumb","itemListElement":[{"@type":"ListItem","position":1,"name":"Strona g\u0142\u00f3wna","item":"https:\/\/www.24gliwice.pl\/wiadomosci\/"},{"@type":"ListItem","position":2,"name":"Tunel na DT\u015a b\u0119dzie zamykany. W najbli\u017csze weekendowe noce trzeba wybra\u0107 objazd"}]},{"@type":"WebSite","@id":"https:\/\/www.24gliwice.pl\/wiadomosci\/#website","url":"https:\/\/www.24gliwice.pl\/wiadomosci\/","name":"24GLIWICE - Portal Gliwice | codziennie nowe wiadomo\u015bci","description":"Portal Miejski Gliwice","publisher":{"@id":"https:\/\/www.24gliwice.pl\/wiadomosci\/#organization"},"potentialAction":[{"@type":"SearchAction","target":{"@type":"EntryPoint","urlTemplate":"https:\/\/www.24gliwice.pl\/wiadomosci\/?s={search_term_string}"},"query-input":{"@type":"PropertyValueSpecification","valueRequired":true,"valueName":"search_term_string"}}],"inLanguage":"pl-PL"},{"@type":"Organization","@id":"https:\/\/www.24gliwice.pl\/wiadomosci\/#organization","name":"24gliwice","url":"https:\/\/www.24gliwice.pl\/wiadomosci\/","logo":{"@type":"ImageObject","inLanguage":"pl-PL","@id":"https:\/\/www.24gliwice.pl\/wiadomosci\/#\/schema\/logo\/image\/","url":"https:\/\/www.24gliwice.pl\/wiadomosci\/wp-content\/uploads\/2024\/10\/24gliwice-logo-696.jpg","contentUrl":"https:\/\/www.24gliwice.pl\/wiadomosci\/wp-content\/uploads\/2024\/10\/24gliwice-logo-696.jpg","width":696,"height":696,"caption":"24gliwice"},"image":{"@id":"https:\/\/www.24gliwice.pl\/wiadomosci\/#\/schema\/logo\/image\/"},"sameAs":["https:\/\/www.facebook.com\/24gliwice","https:\/\/x.com\/24gliwice","https:\/\/www.youtube.com\/@24gliwice"]},{"@type":"Person","@id":"https:\/\/www.24gliwice.pl\/wiadomosci\/#\/schema\/person\/e42c650edd7f2fa332be3811fb166b6e","name":"\u017baneta Mrozek-Siewierska","image":{"@type":"ImageObject","inLanguage":"pl-PL","@id":"https:\/\/secure.gravatar.com\/avatar\/1881429e9c64597c77ad7aef2d0a19be69a3253e57534d16aa15bf3a4d34a0a3?s=96&d=mm&r=g","url":"https:\/\/secure.gravatar.com\/avatar\/1881429e9c64597c77ad7aef2d0a19be69a3253e57534d16aa15bf3a4d34a0a3?s=96&d=mm&r=g","contentUrl":"https:\/\/secure.gravatar.com\/avatar\/1881429e9c64597c77ad7aef2d0a19be69a3253e57534d16aa15bf3a4d34a0a3?s=96&d=mm&r=g","caption":"\u017baneta Mrozek-Siewierska"},"url":"https:\/\/www.24gliwice.pl\/wiadomosci\/author\/zms\/"}]}},"_links":{"self":[{"href":"https:\/\/www.24gliwice.pl\/wiadomosci\/wp-json\/wp\/v2\/posts\/131251","targetHints":{"allow":["GET"]}}],"collection":[{"href":"https:\/\/www.24gliwice.pl\/wiadomosci\/wp-json\/wp\/v2\/posts"}],"about":[{"href":"https:\/\/www.24gliwice.pl\/wiadomosci\/wp-json\/wp\/v2\/types\/post"}],"author":[{"embeddable":true,"href":"https:\/\/www.24gliwice.pl\/wiadomosci\/wp-json\/wp\/v2\/users\/15"}],"replies":[{"embeddable":true,"href":"https:\/\/www.24gliwice.pl\/wiadomosci\/wp-json\/wp\/v2\/comments?post=131251"}],"version-history":[{"count":0,"href":"https:\/\/www.24gliwice.pl\/wiadomosci\/wp-json\/wp\/v2\/posts\/131251\/revisions"}],"wp:featuredmedia":[{"embeddable":true,"href":"https:\/\/www.24gliwice.pl\/wiadomosci\/wp-json\/wp\/v2\/media\/131257"}],"wp:attachment":[{"href":"https:\/\/www.24gliwice.pl\/wiadomosci\/wp-json\/wp\/v2\/media?parent=131251"}],"wp:term":[{"taxonomy":"category","embeddable":true,"href":"https:\/\/www.24gliwice.pl\/wiadomosci\/wp-json\/wp\/v2\/categories?post=131251"},{"taxonomy":"post_tag","embeddable":true,"href":"https:\/\/www.24gliwice.pl\/wiadomosci\/wp-json\/wp\/v2\/tags?post=131251"}],"curies":[{"name":"wp","href":"https:\/\/api.w.org\/{rel}","templated":true}]}}