{"id":131260,"date":"2019-03-03T20:31:33","date_gmt":"2019-03-03T19:31:33","guid":{"rendered":"https:\/\/www.24gliwice.pl\/wiadomosci\/?p=131260"},"modified":"2019-03-03T20:31:33","modified_gmt":"2019-03-03T19:31:33","slug":"tymczasowe-rozwiazanie-w-rejonie-ul-jagiellonskiej-bedzie-mozna-wjechac-z-zabrskiej-na-skrzyzowanie","status":"publish","type":"post","link":"https:\/\/www.24gliwice.pl\/wiadomosci\/tymczasowe-rozwiazanie-w-rejonie-ul-jagiellonskiej-bedzie-mozna-wjechac-z-zabrskiej-na-skrzyzowanie\/","title":{"rendered":"Tymczasowe rozwi\u0105zanie w rejonie ul. Jagiello\u0144skiej. B\u0119dzie mo\u017cna wjecha\u0107 z Zabrskiej na skrzy\u017cowanie"},"content":{"rendered":"<div class=\"gliwi-a6-nad-leadem-artykulow gliwi-entity-placement\" id=\"gliwi-3695474577\"><div class=\"gliwi-adlabel\"><span style=\"font-size: 9px\">REKLAMA<\/span><\/div><div id=\"gliwi-3233358412\" style=\"margin-bottom: 25px;margin-left: auto;margin-right: auto;text-align: center;\"><a data-no-instant=\"1\" href=\"https:\/\/dom100.eu\/\" rel=\"noopener\" class=\"a2t-link\" target=\"_blank\" aria-label=\"20260415 DOM100 D\"><img loading=\"lazy\" decoding=\"async\" src=\"https:\/\/www.24gliwice.pl\/wiadomosci\/wp-content\/uploads\/2026\/04\/20260415-DOM100-D.jpg\" alt=\"\"  srcset=\"https:\/\/www.24gliwice.pl\/wiadomosci\/wp-content\/uploads\/2026\/04\/20260415-DOM100-D.jpg 750w, https:\/\/www.24gliwice.pl\/wiadomosci\/wp-content\/uploads\/2026\/04\/20260415-DOM100-D-410x109.jpg 410w\" sizes=\"(max-width: 750px) 100vw, 750px\" class=\"no-lazyload\" width=\"750\" height=\"200\"  style=\"display: inline-block; max-width: 100%; height: auto;\" \/><\/a><\/div><\/div><h3>Niebawem zmieni si\u0119 organizacja ruchu w rejonie skrzy\u017cowania ul. Zabrskiej z Jagiello\u0144sk\u0105. PRUiM \u2013 wykonawca inwestycji \u2013 prosi kierowc\u00f3w o zwracanie uwagi na oznakowanie tymczasowe.<\/h3>\n<p><a href=\"https:\/\/www.24gliwice.pl\/wiadomosci\/remontowy-pat-na-ul-jagiellonskiej-prace-stanely-bo-nikt-nie-chce-sfinansowac-wymiany-kabla\/\" rel=\"noopener\" target=\"_blank\">Trwa drogowy pat zwi\u0105zany z kwesti\u0105 wymiany kabla elektrycznego w ci\u0105gu ulicy Jagiello\u0144skiej. <\/a>Remont tej arterii zosta\u0142 wstrzymany i nic nie wskazuje na to, aby w najbli\u017cszym czasie mia\u0142o si\u0119 to zmieni\u0107. Istniej\u0105ca sytuacja jest uci\u0105\u017cliwa dla os\u00f3b zamieszkuj\u0105cych w tej cz\u0119\u015bci miasta, znaleziono wi\u0119c tymczasowe rozwi\u0105zanie. <\/p>\n<p>&#8211; Aby u\u0142atwi\u0107 mieszka\u0144com poruszanie si\u0119 w okolicy ul. Jagiello\u0144skiej, od wtorku 5 marca b\u0119dzie mo\u017cliwy wjazd z ul. Zabrskiej na skrzy\u017cowanie ul. Jagiello\u0144skiej-Zabrskiej-Konarskiego &#8211; poinformowa\u0142a <strong>Jadwiga Stiborska<\/strong>, rzeczniczka prasowa Zarz\u0105du Dr\u00f3g Miejskich. <\/p><div class=\"gliwi-a3-w-tresci-artykulow gliwi-entity-placement\" id=\"gliwi-1115361185\"><div class=\"gliwi-adlabel\"><span style=\"font-size: 9px\">REKLAMA<\/span><\/div><div id=\"gliwi-469084651\" style=\"margin-bottom: 30px;margin-left: auto;margin-right: auto;text-align: center;\"><a data-no-instant=\"1\" href=\"https:\/\/zlobek.halogen.org.pl\/\" rel=\"noopener\" class=\"a2t-link\" target=\"_blank\" aria-label=\"animator-zlobek_750x200\"><img loading=\"lazy\" decoding=\"async\" src=\"https:\/\/www.24gliwice.pl\/wiadomosci\/wp-content\/uploads\/2026\/02\/animator-zlobek_750x200.webp\" alt=\"\"  srcset=\"https:\/\/www.24gliwice.pl\/wiadomosci\/wp-content\/uploads\/2026\/02\/animator-zlobek_750x200.webp 750w, https:\/\/www.24gliwice.pl\/wiadomosci\/wp-content\/uploads\/2026\/02\/animator-zlobek_750x200-410x109.webp 410w\" sizes=\"(max-width: 750px) 100vw, 750px\" class=\"no-lazyload\" width=\"750\" height=\"200\"  style=\"display: inline-block; max-width: 100%; height: auto;\" \/><\/a><\/div><\/div>\n[perfectpullquote align=&#8221;full&#8221; bordertop=&#8221;false&#8221; cite=&#8221;&#8221; link=&#8221;&#8221; color=&#8221;&#8221; class=&#8221;&#8221; size=&#8221;&#8221;]Sygnalizacja \u015bwietlna zostanie w tym miejscu wy\u0142\u0105czona, a ruch b\u0119dzie odbywa\u0142 si\u0119 wed\u0142ug tymczasowego oznakowania.[\/perfectpullquote]\n<p>Odcinek ul Jagiello\u0144skiej od ul. Konarskiego do ul. Hlubka pozostanie zamkni\u0119ty. Zarz\u0105d Dr\u00f3g Miejskich prosi kierowc\u00f3w o zwracanie uwagi na oznakowanie tymczasowe. <\/p>\n<p>(\u017cms)\/UM(mf)<br \/>\nfot. ZDM<\/p>\n<div class=\"gliwi-a5-na-koncu-artykulow gliwi-entity-placement\" id=\"gliwi-3979220086\"><div class=\"gliwi-adlabel\"><span style=\"font-size: 9px\">REKLAMA<\/span><\/div><div id=\"gliwi-1518644289\" style=\"margin-left: auto;margin-right: auto;text-align: center;\"><a data-no-instant=\"1\" href=\"https:\/\/www.jasek.pl\/\" rel=\"noopener\" class=\"a2t-link\" target=\"_blank\" aria-label=\"20200401-jasek 600\"><img loading=\"lazy\" decoding=\"async\" src=\"https:\/\/www.24gliwice.pl\/wiadomosci\/wp-content\/uploads\/2020\/04\/20200401-jasek-600.jpg\" alt=\"\"  srcset=\"https:\/\/www.24gliwice.pl\/wiadomosci\/wp-content\/uploads\/2020\/04\/20200401-jasek-600.jpg 600w, https:\/\/www.24gliwice.pl\/wiadomosci\/wp-content\/uploads\/2020\/04\/20200401-jasek-600-410x109.jpg 410w\" sizes=\"(max-width: 600px) 100vw, 600px\" class=\"no-lazyload\" width=\"600\" height=\"160\"  style=\"display: inline-block; max-width: 100%; height: auto;\" \/><\/a><\/div><\/div>","protected":false},"excerpt":{"rendered":"<p>Niebawem zmieni si\u0119 organizacja ruchu w rejonie skrzy\u017cowania ul. Zabrskiej z Jagiello\u0144sk\u0105. PRUiM \u2013 wykonawca inwestycji \u2013 prosi kierowc\u00f3w o zwracanie uwagi na oznakowanie tymczasowe. Trwa drogowy pat zwi\u0105zany z kwesti\u0105 wymiany kabla elektrycznego w ci\u0105gu ulicy Jagiello\u0144skiej. Remont tej arterii zosta\u0142 wstrzymany i nic nie wskazuje na to, aby w najbli\u017cszym czasie mia\u0142o si\u0119 [&hellip;]<\/p>\n","protected":false},"author":15,"featured_media":131269,"comment_status":"open","ping_status":"closed","sticky":false,"template":"","format":"standard","meta":{"_monsterinsights_skip_tracking":false,"_monsterinsights_sitenote_active":false,"_monsterinsights_sitenote_note":"","_monsterinsights_sitenote_category":0,"footnotes":"","_links_to":"","_links_to_target":""},"categories":[3,1],"tags":[12833,574,5401,12832,14989,8230,4599],"class_list":["post-131260","post","type-post","status-publish","format-standard","has-post-thumbnail","hentry","category-gliwice","category-wszystko","tag-hlubka","tag-jagiellonska","tag-konarskiego","tag-remont-jagiellonskiej","tag-szara","tag-tauron","tag-zabrska"],"yoast_head":"<!-- This site is optimized with the Yoast SEO plugin v27.5 - https:\/\/yoast.com\/product\/yoast-seo-wordpress\/ -->\n<title>Tymczasowe rozwi\u0105zanie w rejonie ul. Jagiello\u0144skiej. B\u0119dzie mo\u017cna wjecha\u0107 z Zabrskiej na skrzy\u017cowanie - 24GLIWICE - Portal Gliwice | codziennie nowe informacje<\/title>\n<meta name=\"robots\" content=\"index, follow, max-snippet:-1, max-image-preview:large, max-video-preview:-1\" \/>\n<link rel=\"canonical\" href=\"https:\/\/www.24gliwice.pl\/wiadomosci\/tymczasowe-rozwiazanie-w-rejonie-ul-jagiellonskiej-bedzie-mozna-wjechac-z-zabrskiej-na-skrzyzowanie\/\" \/>\n<meta property=\"og:locale\" content=\"pl_PL\" \/>\n<meta property=\"og:type\" content=\"article\" \/>\n<meta property=\"og:title\" content=\"Tymczasowe rozwi\u0105zanie w rejonie ul. Jagiello\u0144skiej. B\u0119dzie mo\u017cna wjecha\u0107 z Zabrskiej na skrzy\u017cowanie - 24GLIWICE - Portal Gliwice | codziennie nowe informacje\" \/>\n<meta property=\"og:description\" content=\"Niebawem zmieni si\u0119 organizacja ruchu w rejonie skrzy\u017cowania ul. Zabrskiej z Jagiello\u0144sk\u0105. PRUiM \u2013 wykonawca inwestycji \u2013 prosi kierowc\u00f3w o zwracanie uwagi na oznakowanie tymczasowe. Trwa drogowy pat zwi\u0105zany z kwesti\u0105 wymiany kabla elektrycznego w ci\u0105gu ulicy Jagiello\u0144skiej. Remont tej arterii zosta\u0142 wstrzymany i nic nie wskazuje na to, aby w najbli\u017cszym czasie mia\u0142o si\u0119 [&hellip;]\" \/>\n<meta property=\"og:url\" content=\"https:\/\/www.24gliwice.pl\/wiadomosci\/tymczasowe-rozwiazanie-w-rejonie-ul-jagiellonskiej-bedzie-mozna-wjechac-z-zabrskiej-na-skrzyzowanie\/\" \/>\n<meta property=\"og:site_name\" content=\"24GLIWICE - Portal Gliwice | codziennie nowe informacje\" \/>\n<meta property=\"article:publisher\" content=\"https:\/\/www.facebook.com\/24gliwice\" \/>\n<meta property=\"article:published_time\" content=\"2019-03-03T19:31:33+00:00\" \/>\n<meta property=\"og:image\" content=\"https:\/\/www.24gliwice.pl\/wiadomosci\/wp-content\/uploads\/2019\/03\/zabrska-jagiello\u0144ska-konara-e1551439761264.jpg\" \/>\n\t<meta property=\"og:image:width\" content=\"810\" \/>\n\t<meta property=\"og:image:height\" content=\"456\" \/>\n\t<meta property=\"og:image:type\" content=\"image\/jpeg\" \/>\n<meta name=\"author\" content=\"\u017baneta Mrozek-Siewierska\" \/>\n<meta name=\"twitter:card\" content=\"summary_large_image\" \/>\n<meta name=\"twitter:creator\" content=\"@24gliwice\" \/>\n<meta name=\"twitter:site\" content=\"@24gliwice\" \/>\n<meta name=\"twitter:label1\" content=\"Napisane przez\" \/>\n\t<meta name=\"twitter:data1\" content=\"\u017baneta Mrozek-Siewierska\" \/>\n\t<meta name=\"twitter:label2\" content=\"Szacowany czas czytania\" \/>\n\t<meta name=\"twitter:data2\" content=\"1 minuta\" \/>\n<script type=\"application\/ld+json\" class=\"yoast-schema-graph\">{\"@context\":\"https:\\\/\\\/schema.org\",\"@graph\":[{\"@type\":\"Article\",\"@id\":\"https:\\\/\\\/www.24gliwice.pl\\\/wiadomosci\\\/tymczasowe-rozwiazanie-w-rejonie-ul-jagiellonskiej-bedzie-mozna-wjechac-z-zabrskiej-na-skrzyzowanie\\\/#article\",\"isPartOf\":{\"@id\":\"https:\\\/\\\/www.24gliwice.pl\\\/wiadomosci\\\/tymczasowe-rozwiazanie-w-rejonie-ul-jagiellonskiej-bedzie-mozna-wjechac-z-zabrskiej-na-skrzyzowanie\\\/\"},\"author\":{\"name\":\"\u017baneta Mrozek-Siewierska\",\"@id\":\"https:\\\/\\\/www.24gliwice.pl\\\/wiadomosci\\\/#\\\/schema\\\/person\\\/e42c650edd7f2fa332be3811fb166b6e\"},\"headline\":\"Tymczasowe rozwi\u0105zanie w rejonie ul. Jagiello\u0144skiej. B\u0119dzie mo\u017cna wjecha\u0107 z Zabrskiej na skrzy\u017cowanie\",\"datePublished\":\"2019-03-03T19:31:33+00:00\",\"mainEntityOfPage\":{\"@id\":\"https:\\\/\\\/www.24gliwice.pl\\\/wiadomosci\\\/tymczasowe-rozwiazanie-w-rejonie-ul-jagiellonskiej-bedzie-mozna-wjechac-z-zabrskiej-na-skrzyzowanie\\\/\"},\"wordCount\":206,\"commentCount\":0,\"publisher\":{\"@id\":\"https:\\\/\\\/www.24gliwice.pl\\\/wiadomosci\\\/#organization\"},\"image\":{\"@id\":\"https:\\\/\\\/www.24gliwice.pl\\\/wiadomosci\\\/tymczasowe-rozwiazanie-w-rejonie-ul-jagiellonskiej-bedzie-mozna-wjechac-z-zabrskiej-na-skrzyzowanie\\\/#primaryimage\"},\"thumbnailUrl\":\"https:\\\/\\\/www.24gliwice.pl\\\/wiadomosci\\\/wp-content\\\/uploads\\\/2019\\\/03\\\/zabrska-jagiello\u0144ska-konara-e1551439761264.jpg\",\"keywords\":[\"hlubka\",\"JAGIELLO\u0143SKA\",\"KONARSKIEGO\",\"remont jagiello\u0144skiej\",\"szara\",\"tauron\",\"ZABRSKA\"],\"articleSection\":[\"Gliwice\",\"Najnowsze wiadomo\u015bci\"],\"inLanguage\":\"pl-PL\",\"potentialAction\":[{\"@type\":\"CommentAction\",\"name\":\"Comment\",\"target\":[\"https:\\\/\\\/www.24gliwice.pl\\\/wiadomosci\\\/tymczasowe-rozwiazanie-w-rejonie-ul-jagiellonskiej-bedzie-mozna-wjechac-z-zabrskiej-na-skrzyzowanie\\\/#respond\"]}]},{\"@type\":\"WebPage\",\"@id\":\"https:\\\/\\\/www.24gliwice.pl\\\/wiadomosci\\\/tymczasowe-rozwiazanie-w-rejonie-ul-jagiellonskiej-bedzie-mozna-wjechac-z-zabrskiej-na-skrzyzowanie\\\/\",\"url\":\"https:\\\/\\\/www.24gliwice.pl\\\/wiadomosci\\\/tymczasowe-rozwiazanie-w-rejonie-ul-jagiellonskiej-bedzie-mozna-wjechac-z-zabrskiej-na-skrzyzowanie\\\/\",\"name\":\"Tymczasowe rozwi\u0105zanie w rejonie ul. Jagiello\u0144skiej. B\u0119dzie mo\u017cna wjecha\u0107 z Zabrskiej na skrzy\u017cowanie - 24GLIWICE - Portal Gliwice | codziennie nowe informacje\",\"isPartOf\":{\"@id\":\"https:\\\/\\\/www.24gliwice.pl\\\/wiadomosci\\\/#website\"},\"primaryImageOfPage\":{\"@id\":\"https:\\\/\\\/www.24gliwice.pl\\\/wiadomosci\\\/tymczasowe-rozwiazanie-w-rejonie-ul-jagiellonskiej-bedzie-mozna-wjechac-z-zabrskiej-na-skrzyzowanie\\\/#primaryimage\"},\"image\":{\"@id\":\"https:\\\/\\\/www.24gliwice.pl\\\/wiadomosci\\\/tymczasowe-rozwiazanie-w-rejonie-ul-jagiellonskiej-bedzie-mozna-wjechac-z-zabrskiej-na-skrzyzowanie\\\/#primaryimage\"},\"thumbnailUrl\":\"https:\\\/\\\/www.24gliwice.pl\\\/wiadomosci\\\/wp-content\\\/uploads\\\/2019\\\/03\\\/zabrska-jagiello\u0144ska-konara-e1551439761264.jpg\",\"datePublished\":\"2019-03-03T19:31:33+00:00\",\"breadcrumb\":{\"@id\":\"https:\\\/\\\/www.24gliwice.pl\\\/wiadomosci\\\/tymczasowe-rozwiazanie-w-rejonie-ul-jagiellonskiej-bedzie-mozna-wjechac-z-zabrskiej-na-skrzyzowanie\\\/#breadcrumb\"},\"inLanguage\":\"pl-PL\",\"potentialAction\":[{\"@type\":\"ReadAction\",\"target\":[\"https:\\\/\\\/www.24gliwice.pl\\\/wiadomosci\\\/tymczasowe-rozwiazanie-w-rejonie-ul-jagiellonskiej-bedzie-mozna-wjechac-z-zabrskiej-na-skrzyzowanie\\\/\"]}]},{\"@type\":\"ImageObject\",\"inLanguage\":\"pl-PL\",\"@id\":\"https:\\\/\\\/www.24gliwice.pl\\\/wiadomosci\\\/tymczasowe-rozwiazanie-w-rejonie-ul-jagiellonskiej-bedzie-mozna-wjechac-z-zabrskiej-na-skrzyzowanie\\\/#primaryimage\",\"url\":\"https:\\\/\\\/www.24gliwice.pl\\\/wiadomosci\\\/wp-content\\\/uploads\\\/2019\\\/03\\\/zabrska-jagiello\u0144ska-konara-e1551439761264.jpg\",\"contentUrl\":\"https:\\\/\\\/www.24gliwice.pl\\\/wiadomosci\\\/wp-content\\\/uploads\\\/2019\\\/03\\\/zabrska-jagiello\u0144ska-konara-e1551439761264.jpg\",\"width\":810,\"height\":456},{\"@type\":\"BreadcrumbList\",\"@id\":\"https:\\\/\\\/www.24gliwice.pl\\\/wiadomosci\\\/tymczasowe-rozwiazanie-w-rejonie-ul-jagiellonskiej-bedzie-mozna-wjechac-z-zabrskiej-na-skrzyzowanie\\\/#breadcrumb\",\"itemListElement\":[{\"@type\":\"ListItem\",\"position\":1,\"name\":\"Strona g\u0142\u00f3wna\",\"item\":\"https:\\\/\\\/www.24gliwice.pl\\\/wiadomosci\\\/\"},{\"@type\":\"ListItem\",\"position\":2,\"name\":\"Tymczasowe rozwi\u0105zanie w rejonie ul. Jagiello\u0144skiej. B\u0119dzie mo\u017cna wjecha\u0107 z Zabrskiej na skrzy\u017cowanie\"}]},{\"@type\":\"WebSite\",\"@id\":\"https:\\\/\\\/www.24gliwice.pl\\\/wiadomosci\\\/#website\",\"url\":\"https:\\\/\\\/www.24gliwice.pl\\\/wiadomosci\\\/\",\"name\":\"24GLIWICE - Portal Gliwice | codziennie nowe wiadomo\u015bci\",\"description\":\"Portal Miejski Gliwice\",\"publisher\":{\"@id\":\"https:\\\/\\\/www.24gliwice.pl\\\/wiadomosci\\\/#organization\"},\"potentialAction\":[{\"@type\":\"SearchAction\",\"target\":{\"@type\":\"EntryPoint\",\"urlTemplate\":\"https:\\\/\\\/www.24gliwice.pl\\\/wiadomosci\\\/?s={search_term_string}\"},\"query-input\":{\"@type\":\"PropertyValueSpecification\",\"valueRequired\":true,\"valueName\":\"search_term_string\"}}],\"inLanguage\":\"pl-PL\"},{\"@type\":\"Organization\",\"@id\":\"https:\\\/\\\/www.24gliwice.pl\\\/wiadomosci\\\/#organization\",\"name\":\"24gliwice\",\"url\":\"https:\\\/\\\/www.24gliwice.pl\\\/wiadomosci\\\/\",\"logo\":{\"@type\":\"ImageObject\",\"inLanguage\":\"pl-PL\",\"@id\":\"https:\\\/\\\/www.24gliwice.pl\\\/wiadomosci\\\/#\\\/schema\\\/logo\\\/image\\\/\",\"url\":\"https:\\\/\\\/www.24gliwice.pl\\\/wiadomosci\\\/wp-content\\\/uploads\\\/2024\\\/10\\\/24gliwice-logo-696.jpg\",\"contentUrl\":\"https:\\\/\\\/www.24gliwice.pl\\\/wiadomosci\\\/wp-content\\\/uploads\\\/2024\\\/10\\\/24gliwice-logo-696.jpg\",\"width\":696,\"height\":696,\"caption\":\"24gliwice\"},\"image\":{\"@id\":\"https:\\\/\\\/www.24gliwice.pl\\\/wiadomosci\\\/#\\\/schema\\\/logo\\\/image\\\/\"},\"sameAs\":[\"https:\\\/\\\/www.facebook.com\\\/24gliwice\",\"https:\\\/\\\/x.com\\\/24gliwice\",\"https:\\\/\\\/www.youtube.com\\\/@24gliwice\"]},{\"@type\":\"Person\",\"@id\":\"https:\\\/\\\/www.24gliwice.pl\\\/wiadomosci\\\/#\\\/schema\\\/person\\\/e42c650edd7f2fa332be3811fb166b6e\",\"name\":\"\u017baneta Mrozek-Siewierska\",\"image\":{\"@type\":\"ImageObject\",\"inLanguage\":\"pl-PL\",\"@id\":\"https:\\\/\\\/secure.gravatar.com\\\/avatar\\\/1881429e9c64597c77ad7aef2d0a19be69a3253e57534d16aa15bf3a4d34a0a3?s=96&d=mm&r=g\",\"url\":\"https:\\\/\\\/secure.gravatar.com\\\/avatar\\\/1881429e9c64597c77ad7aef2d0a19be69a3253e57534d16aa15bf3a4d34a0a3?s=96&d=mm&r=g\",\"contentUrl\":\"https:\\\/\\\/secure.gravatar.com\\\/avatar\\\/1881429e9c64597c77ad7aef2d0a19be69a3253e57534d16aa15bf3a4d34a0a3?s=96&d=mm&r=g\",\"caption\":\"\u017baneta Mrozek-Siewierska\"},\"url\":\"https:\\\/\\\/www.24gliwice.pl\\\/wiadomosci\\\/author\\\/zms\\\/\"}]}<\/script>\n<!-- \/ Yoast SEO plugin. -->","yoast_head_json":{"title":"Tymczasowe rozwi\u0105zanie w rejonie ul. Jagiello\u0144skiej. B\u0119dzie mo\u017cna wjecha\u0107 z Zabrskiej na skrzy\u017cowanie - 24GLIWICE - Portal Gliwice | codziennie nowe informacje","robots":{"index":"index","follow":"follow","max-snippet":"max-snippet:-1","max-image-preview":"max-image-preview:large","max-video-preview":"max-video-preview:-1"},"canonical":"https:\/\/www.24gliwice.pl\/wiadomosci\/tymczasowe-rozwiazanie-w-rejonie-ul-jagiellonskiej-bedzie-mozna-wjechac-z-zabrskiej-na-skrzyzowanie\/","og_locale":"pl_PL","og_type":"article","og_title":"Tymczasowe rozwi\u0105zanie w rejonie ul. Jagiello\u0144skiej. B\u0119dzie mo\u017cna wjecha\u0107 z Zabrskiej na skrzy\u017cowanie - 24GLIWICE - Portal Gliwice | codziennie nowe informacje","og_description":"Niebawem zmieni si\u0119 organizacja ruchu w rejonie skrzy\u017cowania ul. Zabrskiej z Jagiello\u0144sk\u0105. PRUiM \u2013 wykonawca inwestycji \u2013 prosi kierowc\u00f3w o zwracanie uwagi na oznakowanie tymczasowe. Trwa drogowy pat zwi\u0105zany z kwesti\u0105 wymiany kabla elektrycznego w ci\u0105gu ulicy Jagiello\u0144skiej. Remont tej arterii zosta\u0142 wstrzymany i nic nie wskazuje na to, aby w najbli\u017cszym czasie mia\u0142o si\u0119 [&hellip;]","og_url":"https:\/\/www.24gliwice.pl\/wiadomosci\/tymczasowe-rozwiazanie-w-rejonie-ul-jagiellonskiej-bedzie-mozna-wjechac-z-zabrskiej-na-skrzyzowanie\/","og_site_name":"24GLIWICE - Portal Gliwice | codziennie nowe informacje","article_publisher":"https:\/\/www.facebook.com\/24gliwice","article_published_time":"2019-03-03T19:31:33+00:00","og_image":[{"width":810,"height":456,"url":"https:\/\/www.24gliwice.pl\/wiadomosci\/wp-content\/uploads\/2019\/03\/zabrska-jagiello\u0144ska-konara-e1551439761264.jpg","type":"image\/jpeg"}],"author":"\u017baneta Mrozek-Siewierska","twitter_card":"summary_large_image","twitter_creator":"@24gliwice","twitter_site":"@24gliwice","twitter_misc":{"Napisane przez":"\u017baneta Mrozek-Siewierska","Szacowany czas czytania":"1 minuta"},"schema":{"@context":"https:\/\/schema.org","@graph":[{"@type":"Article","@id":"https:\/\/www.24gliwice.pl\/wiadomosci\/tymczasowe-rozwiazanie-w-rejonie-ul-jagiellonskiej-bedzie-mozna-wjechac-z-zabrskiej-na-skrzyzowanie\/#article","isPartOf":{"@id":"https:\/\/www.24gliwice.pl\/wiadomosci\/tymczasowe-rozwiazanie-w-rejonie-ul-jagiellonskiej-bedzie-mozna-wjechac-z-zabrskiej-na-skrzyzowanie\/"},"author":{"name":"\u017baneta Mrozek-Siewierska","@id":"https:\/\/www.24gliwice.pl\/wiadomosci\/#\/schema\/person\/e42c650edd7f2fa332be3811fb166b6e"},"headline":"Tymczasowe rozwi\u0105zanie w rejonie ul. Jagiello\u0144skiej. B\u0119dzie mo\u017cna wjecha\u0107 z Zabrskiej na skrzy\u017cowanie","datePublished":"2019-03-03T19:31:33+00:00","mainEntityOfPage":{"@id":"https:\/\/www.24gliwice.pl\/wiadomosci\/tymczasowe-rozwiazanie-w-rejonie-ul-jagiellonskiej-bedzie-mozna-wjechac-z-zabrskiej-na-skrzyzowanie\/"},"wordCount":206,"commentCount":0,"publisher":{"@id":"https:\/\/www.24gliwice.pl\/wiadomosci\/#organization"},"image":{"@id":"https:\/\/www.24gliwice.pl\/wiadomosci\/tymczasowe-rozwiazanie-w-rejonie-ul-jagiellonskiej-bedzie-mozna-wjechac-z-zabrskiej-na-skrzyzowanie\/#primaryimage"},"thumbnailUrl":"https:\/\/www.24gliwice.pl\/wiadomosci\/wp-content\/uploads\/2019\/03\/zabrska-jagiello\u0144ska-konara-e1551439761264.jpg","keywords":["hlubka","JAGIELLO\u0143SKA","KONARSKIEGO","remont jagiello\u0144skiej","szara","tauron","ZABRSKA"],"articleSection":["Gliwice","Najnowsze wiadomo\u015bci"],"inLanguage":"pl-PL","potentialAction":[{"@type":"CommentAction","name":"Comment","target":["https:\/\/www.24gliwice.pl\/wiadomosci\/tymczasowe-rozwiazanie-w-rejonie-ul-jagiellonskiej-bedzie-mozna-wjechac-z-zabrskiej-na-skrzyzowanie\/#respond"]}]},{"@type":"WebPage","@id":"https:\/\/www.24gliwice.pl\/wiadomosci\/tymczasowe-rozwiazanie-w-rejonie-ul-jagiellonskiej-bedzie-mozna-wjechac-z-zabrskiej-na-skrzyzowanie\/","url":"https:\/\/www.24gliwice.pl\/wiadomosci\/tymczasowe-rozwiazanie-w-rejonie-ul-jagiellonskiej-bedzie-mozna-wjechac-z-zabrskiej-na-skrzyzowanie\/","name":"Tymczasowe rozwi\u0105zanie w rejonie ul. Jagiello\u0144skiej. B\u0119dzie mo\u017cna wjecha\u0107 z Zabrskiej na skrzy\u017cowanie - 24GLIWICE - Portal Gliwice | codziennie nowe informacje","isPartOf":{"@id":"https:\/\/www.24gliwice.pl\/wiadomosci\/#website"},"primaryImageOfPage":{"@id":"https:\/\/www.24gliwice.pl\/wiadomosci\/tymczasowe-rozwiazanie-w-rejonie-ul-jagiellonskiej-bedzie-mozna-wjechac-z-zabrskiej-na-skrzyzowanie\/#primaryimage"},"image":{"@id":"https:\/\/www.24gliwice.pl\/wiadomosci\/tymczasowe-rozwiazanie-w-rejonie-ul-jagiellonskiej-bedzie-mozna-wjechac-z-zabrskiej-na-skrzyzowanie\/#primaryimage"},"thumbnailUrl":"https:\/\/www.24gliwice.pl\/wiadomosci\/wp-content\/uploads\/2019\/03\/zabrska-jagiello\u0144ska-konara-e1551439761264.jpg","datePublished":"2019-03-03T19:31:33+00:00","breadcrumb":{"@id":"https:\/\/www.24gliwice.pl\/wiadomosci\/tymczasowe-rozwiazanie-w-rejonie-ul-jagiellonskiej-bedzie-mozna-wjechac-z-zabrskiej-na-skrzyzowanie\/#breadcrumb"},"inLanguage":"pl-PL","potentialAction":[{"@type":"ReadAction","target":["https:\/\/www.24gliwice.pl\/wiadomosci\/tymczasowe-rozwiazanie-w-rejonie-ul-jagiellonskiej-bedzie-mozna-wjechac-z-zabrskiej-na-skrzyzowanie\/"]}]},{"@type":"ImageObject","inLanguage":"pl-PL","@id":"https:\/\/www.24gliwice.pl\/wiadomosci\/tymczasowe-rozwiazanie-w-rejonie-ul-jagiellonskiej-bedzie-mozna-wjechac-z-zabrskiej-na-skrzyzowanie\/#primaryimage","url":"https:\/\/www.24gliwice.pl\/wiadomosci\/wp-content\/uploads\/2019\/03\/zabrska-jagiello\u0144ska-konara-e1551439761264.jpg","contentUrl":"https:\/\/www.24gliwice.pl\/wiadomosci\/wp-content\/uploads\/2019\/03\/zabrska-jagiello\u0144ska-konara-e1551439761264.jpg","width":810,"height":456},{"@type":"BreadcrumbList","@id":"https:\/\/www.24gliwice.pl\/wiadomosci\/tymczasowe-rozwiazanie-w-rejonie-ul-jagiellonskiej-bedzie-mozna-wjechac-z-zabrskiej-na-skrzyzowanie\/#breadcrumb","itemListElement":[{"@type":"ListItem","position":1,"name":"Strona g\u0142\u00f3wna","item":"https:\/\/www.24gliwice.pl\/wiadomosci\/"},{"@type":"ListItem","position":2,"name":"Tymczasowe rozwi\u0105zanie w rejonie ul. Jagiello\u0144skiej. B\u0119dzie mo\u017cna wjecha\u0107 z Zabrskiej na skrzy\u017cowanie"}]},{"@type":"WebSite","@id":"https:\/\/www.24gliwice.pl\/wiadomosci\/#website","url":"https:\/\/www.24gliwice.pl\/wiadomosci\/","name":"24GLIWICE - Portal Gliwice | codziennie nowe wiadomo\u015bci","description":"Portal Miejski Gliwice","publisher":{"@id":"https:\/\/www.24gliwice.pl\/wiadomosci\/#organization"},"potentialAction":[{"@type":"SearchAction","target":{"@type":"EntryPoint","urlTemplate":"https:\/\/www.24gliwice.pl\/wiadomosci\/?s={search_term_string}"},"query-input":{"@type":"PropertyValueSpecification","valueRequired":true,"valueName":"search_term_string"}}],"inLanguage":"pl-PL"},{"@type":"Organization","@id":"https:\/\/www.24gliwice.pl\/wiadomosci\/#organization","name":"24gliwice","url":"https:\/\/www.24gliwice.pl\/wiadomosci\/","logo":{"@type":"ImageObject","inLanguage":"pl-PL","@id":"https:\/\/www.24gliwice.pl\/wiadomosci\/#\/schema\/logo\/image\/","url":"https:\/\/www.24gliwice.pl\/wiadomosci\/wp-content\/uploads\/2024\/10\/24gliwice-logo-696.jpg","contentUrl":"https:\/\/www.24gliwice.pl\/wiadomosci\/wp-content\/uploads\/2024\/10\/24gliwice-logo-696.jpg","width":696,"height":696,"caption":"24gliwice"},"image":{"@id":"https:\/\/www.24gliwice.pl\/wiadomosci\/#\/schema\/logo\/image\/"},"sameAs":["https:\/\/www.facebook.com\/24gliwice","https:\/\/x.com\/24gliwice","https:\/\/www.youtube.com\/@24gliwice"]},{"@type":"Person","@id":"https:\/\/www.24gliwice.pl\/wiadomosci\/#\/schema\/person\/e42c650edd7f2fa332be3811fb166b6e","name":"\u017baneta Mrozek-Siewierska","image":{"@type":"ImageObject","inLanguage":"pl-PL","@id":"https:\/\/secure.gravatar.com\/avatar\/1881429e9c64597c77ad7aef2d0a19be69a3253e57534d16aa15bf3a4d34a0a3?s=96&d=mm&r=g","url":"https:\/\/secure.gravatar.com\/avatar\/1881429e9c64597c77ad7aef2d0a19be69a3253e57534d16aa15bf3a4d34a0a3?s=96&d=mm&r=g","contentUrl":"https:\/\/secure.gravatar.com\/avatar\/1881429e9c64597c77ad7aef2d0a19be69a3253e57534d16aa15bf3a4d34a0a3?s=96&d=mm&r=g","caption":"\u017baneta Mrozek-Siewierska"},"url":"https:\/\/www.24gliwice.pl\/wiadomosci\/author\/zms\/"}]}},"_links":{"self":[{"href":"https:\/\/www.24gliwice.pl\/wiadomosci\/wp-json\/wp\/v2\/posts\/131260","targetHints":{"allow":["GET"]}}],"collection":[{"href":"https:\/\/www.24gliwice.pl\/wiadomosci\/wp-json\/wp\/v2\/posts"}],"about":[{"href":"https:\/\/www.24gliwice.pl\/wiadomosci\/wp-json\/wp\/v2\/types\/post"}],"author":[{"embeddable":true,"href":"https:\/\/www.24gliwice.pl\/wiadomosci\/wp-json\/wp\/v2\/users\/15"}],"replies":[{"embeddable":true,"href":"https:\/\/www.24gliwice.pl\/wiadomosci\/wp-json\/wp\/v2\/comments?post=131260"}],"version-history":[{"count":0,"href":"https:\/\/www.24gliwice.pl\/wiadomosci\/wp-json\/wp\/v2\/posts\/131260\/revisions"}],"wp:featuredmedia":[{"embeddable":true,"href":"https:\/\/www.24gliwice.pl\/wiadomosci\/wp-json\/wp\/v2\/media\/131269"}],"wp:attachment":[{"href":"https:\/\/www.24gliwice.pl\/wiadomosci\/wp-json\/wp\/v2\/media?parent=131260"}],"wp:term":[{"taxonomy":"category","embeddable":true,"href":"https:\/\/www.24gliwice.pl\/wiadomosci\/wp-json\/wp\/v2\/categories?post=131260"},{"taxonomy":"post_tag","embeddable":true,"href":"https:\/\/www.24gliwice.pl\/wiadomosci\/wp-json\/wp\/v2\/tags?post=131260"}],"curies":[{"name":"wp","href":"https:\/\/api.w.org\/{rel}","templated":true}]}}