{"id":131283,"date":"2019-03-01T11:58:02","date_gmt":"2019-03-01T10:58:02","guid":{"rendered":"https:\/\/www.24gliwice.pl\/wiadomosci\/?p=131283"},"modified":"2019-03-01T15:58:59","modified_gmt":"2019-03-01T14:58:59","slug":"charytatywny-mecz-halowej-ligi-w-arenie-gliwice-beda-zbierac-srodki-dla-gliwickiego-hospicjum","status":"publish","type":"post","link":"https:\/\/www.24gliwice.pl\/wiadomosci\/charytatywny-mecz-halowej-ligi-w-arenie-gliwice-beda-zbierac-srodki-dla-gliwickiego-hospicjum\/","title":{"rendered":"Charytatywny mecz Halowej Ligi w Arenie Gliwice. B\u0119d\u0105 zbiera\u0107 \u015brodki dla gliwickiego Hospicjum"},"content":{"rendered":"<div class=\"gliwi-a6-nad-leadem-artykulow gliwi-entity-placement\" id=\"gliwi-4186372333\"><div class=\"gliwi-adlabel\"><span style=\"font-size: 9px\">REKLAMA<\/span><\/div><div id=\"gliwi-3399044766\" style=\"margin-bottom: 25px;margin-left: auto;margin-right: auto;text-align: center;\"><a data-no-instant=\"1\" href=\"https:\/\/dom100.eu\/\" rel=\"noopener\" class=\"a2t-link\" target=\"_blank\" aria-label=\"20260415 DOM100 D\"><img loading=\"lazy\" decoding=\"async\" src=\"https:\/\/www.24gliwice.pl\/wiadomosci\/wp-content\/uploads\/2026\/04\/20260415-DOM100-D.jpg\" alt=\"\"  srcset=\"https:\/\/www.24gliwice.pl\/wiadomosci\/wp-content\/uploads\/2026\/04\/20260415-DOM100-D.jpg 750w, https:\/\/www.24gliwice.pl\/wiadomosci\/wp-content\/uploads\/2026\/04\/20260415-DOM100-D-410x109.jpg 410w\" sizes=\"(max-width: 750px) 100vw, 750px\" class=\"no-lazyload\" width=\"750\" height=\"200\"  style=\"display: inline-block; max-width: 100%; height: auto;\" \/><\/a><\/div><\/div><h3>\u015al\u0105ski Zwi\u0105zek Pi\u0142ki No\u017cnej zaprasza 3 marca do Areny Gliwice na fina\u0142owe rozgrywki Halowej Ligi Podokr\u0119gu Zabrze. W trakcie turnieju b\u0119dzie prowadzona kwesta.<\/h3>\n<p>Turniej pi\u0142karski, organizowany przez \u015al\u0105ski Zwi\u0105zek Pi\u0142ki No\u017cnej w Katowicach \u2013 Podokr\u0119g Zabrze, rozpocznie si\u0119 o godzinie 9:00. Podczas rozgrywek odb\u0119dzie si\u0119 zbi\u00f3rka funduszy na rzecz Hospicjum Mi\u0142osierdzia Bo\u017cego w Gliwicach.<\/p>\n[perfectpullquote align=&#8221;full&#8221; bordertop=&#8221;false&#8221; cite=&#8221;&#8221; link=&#8221;&#8221; color=&#8221;&#8221; class=&#8221;&#8221; size=&#8221;&#8221;]Organizatorzy zaplanowali tak\u017ce liczne atrakcje dla najm\u0142odszych i nieco starszych kibic\u00f3w, a tak\u017ce licytacj\u0119 gad\u017cet\u00f3w pi\u0142karskich.[\/perfectpullquote]\n<p>&#8211; Zwyci\u0119zcy licytacji nie tylko zostan\u0105 w\u0142a\u015bcicielami koszulek i pi\u0142ek, ale dodatkowo b\u0119d\u0105 mogli wyst\u0105pi\u0107 w meczu pokazowym i zagra\u0107 wsp\u00f3lnie z Kamilem Kosowskim, Micha\u0142em \u017bew\u0142akowem, Maciejem \u017burawskim, Adrianem Sikor\u0105, J\u00f3zefem Dankowskim, B\u0142a\u017cejem Korczy\u0144skim i Rafa\u0142em K\u0119dziorem &#8211; m\u00f3wi\u0105 <strong>organizatorzy <\/strong>wydarzenia.<\/p><div class=\"gliwi-a3-w-tresci-artykulow gliwi-entity-placement\" id=\"gliwi-3348068299\"><div class=\"gliwi-adlabel\"><span style=\"font-size: 9px\">REKLAMA<\/span><\/div><div id=\"gliwi-1195044380\" style=\"margin-bottom: 30px;margin-left: auto;margin-right: auto;text-align: center;\"><a data-no-instant=\"1\" href=\"https:\/\/ogrodyandersa.pl\/\" rel=\"noopener\" class=\"a2t-link\" target=\"_blank\" aria-label=\"20260415 Ogrody Andersa KUP TERAZ D\"><img loading=\"lazy\" decoding=\"async\" src=\"https:\/\/www.24gliwice.pl\/wiadomosci\/wp-content\/uploads\/2026\/04\/20260415-Ogrody-Andersa-KUP-TERAZ-D.jpg\" alt=\"\"  srcset=\"https:\/\/www.24gliwice.pl\/wiadomosci\/wp-content\/uploads\/2026\/04\/20260415-Ogrody-Andersa-KUP-TERAZ-D.jpg 750w, https:\/\/www.24gliwice.pl\/wiadomosci\/wp-content\/uploads\/2026\/04\/20260415-Ogrody-Andersa-KUP-TERAZ-D-410x109.jpg 410w\" sizes=\"(max-width: 750px) 100vw, 750px\" class=\"no-lazyload\" width=\"750\" height=\"200\"  style=\"display: inline-block; max-width: 100%; height: auto;\" \/><\/a><\/div><\/div>\n<p>&#8211; Zapraszamy do kibicowania, wsparcia hospicjum i gry. Pami\u0119tajcie, by mie\u0107 pod r\u0119k\u0105 sportowe obuwie, a o reszt\u0119 si\u0119 nie martwcie. B\u0119dziemy czeka\u0107 na Was oko\u0142o godziny 13:00 &#8211; dodaj\u0105.<\/p>\n<p>Wi\u0119cej informacji o wydarzeniu oraz terminarz meczy mo\u017cna znale\u017a\u0107 na stronie <a href=\"http:\/\/podokregzabrze.org\" target=\"_blank\" rel=\"noopener\">podokregzabrze.org<\/a>.<\/p>\n<p>(\u017cms)\/UM(mw)<\/p>\n<div class=\"gliwi-a5-na-koncu-artykulow gliwi-entity-placement\" id=\"gliwi-2720677886\"><div class=\"gliwi-adlabel\"><span style=\"font-size: 9px\">REKLAMA<\/span><\/div><div id=\"gliwi-23577195\" style=\"margin-left: auto;margin-right: auto;text-align: center;\"><a data-no-instant=\"1\" href=\"https:\/\/prezeroarenagliwice.pl\/\" rel=\"noopener\" class=\"a2t-link\" target=\"_blank\" aria-label=\"20260309-PREZERO-WIOSNA-D\"><img loading=\"lazy\" decoding=\"async\" src=\"https:\/\/www.24gliwice.pl\/wiadomosci\/wp-content\/uploads\/2026\/03\/20260309-PREZERO-WIOSNA-D.webp\" alt=\"\"  srcset=\"https:\/\/www.24gliwice.pl\/wiadomosci\/wp-content\/uploads\/2026\/03\/20260309-PREZERO-WIOSNA-D.webp 750w, https:\/\/www.24gliwice.pl\/wiadomosci\/wp-content\/uploads\/2026\/03\/20260309-PREZERO-WIOSNA-D-410x109.webp 410w\" sizes=\"(max-width: 750px) 100vw, 750px\" class=\"no-lazyload\" width=\"750\" height=\"200\"  style=\"display: inline-block; max-width: 100%; height: auto;\" \/><\/a><\/div><\/div>","protected":false},"excerpt":{"rendered":"<p>\u015al\u0105ski Zwi\u0105zek Pi\u0142ki No\u017cnej zaprasza 3 marca do Areny Gliwice na fina\u0142owe rozgrywki Halowej Ligi Podokr\u0119gu Zabrze. W trakcie turnieju b\u0119dzie prowadzona kwesta. Turniej pi\u0142karski, organizowany przez \u015al\u0105ski Zwi\u0105zek Pi\u0142ki No\u017cnej w Katowicach \u2013 Podokr\u0119g Zabrze, rozpocznie si\u0119 o godzinie 9:00. Podczas rozgrywek odb\u0119dzie si\u0119 zbi\u00f3rka funduszy na rzecz Hospicjum Mi\u0142osierdzia Bo\u017cego w Gliwicach. [perfectpullquote [&hellip;]<\/p>\n","protected":false},"author":15,"featured_media":106990,"comment_status":"open","ping_status":"closed","sticky":false,"template":"","format":"standard","meta":{"_monsterinsights_skip_tracking":false,"_monsterinsights_sitenote_active":false,"_monsterinsights_sitenote_note":"","_monsterinsights_sitenote_category":0,"footnotes":"","_links_to":"","_links_to_target":""},"categories":[3,6,1],"tags":[3077,7755,10588,2618,10587],"class_list":["post-131283","post","type-post","status-publish","format-standard","has-post-thumbnail","hentry","category-gliwice","category-kultura","category-wszystko","tag-arena-gliwice","tag-hospicjum","tag-kwesta","tag-podium","tag-zbiorka"],"yoast_head":"<!-- This site is optimized with the Yoast SEO plugin v27.5 - https:\/\/yoast.com\/product\/yoast-seo-wordpress\/ -->\n<title>Charytatywny mecz Halowej Ligi w Arenie Gliwice. B\u0119d\u0105 zbiera\u0107 \u015brodki dla gliwickiego Hospicjum - 24GLIWICE - Portal Gliwice | codziennie nowe informacje<\/title>\n<meta name=\"robots\" content=\"index, follow, max-snippet:-1, max-image-preview:large, max-video-preview:-1\" \/>\n<link rel=\"canonical\" href=\"https:\/\/www.24gliwice.pl\/wiadomosci\/charytatywny-mecz-halowej-ligi-w-arenie-gliwice-beda-zbierac-srodki-dla-gliwickiego-hospicjum\/\" \/>\n<meta property=\"og:locale\" content=\"pl_PL\" \/>\n<meta property=\"og:type\" content=\"article\" \/>\n<meta property=\"og:title\" content=\"Charytatywny mecz Halowej Ligi w Arenie Gliwice. B\u0119d\u0105 zbiera\u0107 \u015brodki dla gliwickiego Hospicjum - 24GLIWICE - Portal Gliwice | codziennie nowe informacje\" \/>\n<meta property=\"og:description\" content=\"\u015al\u0105ski Zwi\u0105zek Pi\u0142ki No\u017cnej zaprasza 3 marca do Areny Gliwice na fina\u0142owe rozgrywki Halowej Ligi Podokr\u0119gu Zabrze. W trakcie turnieju b\u0119dzie prowadzona kwesta. Turniej pi\u0142karski, organizowany przez \u015al\u0105ski Zwi\u0105zek Pi\u0142ki No\u017cnej w Katowicach \u2013 Podokr\u0119g Zabrze, rozpocznie si\u0119 o godzinie 9:00. Podczas rozgrywek odb\u0119dzie si\u0119 zbi\u00f3rka funduszy na rzecz Hospicjum Mi\u0142osierdzia Bo\u017cego w Gliwicach. [perfectpullquote [&hellip;]\" \/>\n<meta property=\"og:url\" content=\"https:\/\/www.24gliwice.pl\/wiadomosci\/charytatywny-mecz-halowej-ligi-w-arenie-gliwice-beda-zbierac-srodki-dla-gliwickiego-hospicjum\/\" \/>\n<meta property=\"og:site_name\" content=\"24GLIWICE - Portal Gliwice | codziennie nowe informacje\" \/>\n<meta property=\"article:publisher\" content=\"https:\/\/www.facebook.com\/24gliwice\" \/>\n<meta property=\"article:published_time\" content=\"2019-03-01T10:58:02+00:00\" \/>\n<meta property=\"article:modified_time\" content=\"2019-03-01T14:58:59+00:00\" \/>\n<meta property=\"og:image\" content=\"https:\/\/www.24gliwice.pl\/wiadomosci\/wp-content\/uploads\/2017\/10\/1-hala-arena-podium-gliwice.jpg\" \/>\n\t<meta property=\"og:image:width\" content=\"1140\" \/>\n\t<meta property=\"og:image:height\" content=\"642\" \/>\n\t<meta property=\"og:image:type\" content=\"image\/jpeg\" \/>\n<meta name=\"author\" content=\"\u017baneta Mrozek-Siewierska\" \/>\n<meta name=\"twitter:card\" content=\"summary_large_image\" \/>\n<meta name=\"twitter:creator\" content=\"@24gliwice\" \/>\n<meta name=\"twitter:site\" content=\"@24gliwice\" \/>\n<meta name=\"twitter:label1\" content=\"Napisane przez\" \/>\n\t<meta name=\"twitter:data1\" content=\"\u017baneta Mrozek-Siewierska\" \/>\n\t<meta name=\"twitter:label2\" content=\"Szacowany czas czytania\" \/>\n\t<meta name=\"twitter:data2\" content=\"1 minuta\" \/>\n<script type=\"application\/ld+json\" class=\"yoast-schema-graph\">{\"@context\":\"https:\\\/\\\/schema.org\",\"@graph\":[{\"@type\":\"Article\",\"@id\":\"https:\\\/\\\/www.24gliwice.pl\\\/wiadomosci\\\/charytatywny-mecz-halowej-ligi-w-arenie-gliwice-beda-zbierac-srodki-dla-gliwickiego-hospicjum\\\/#article\",\"isPartOf\":{\"@id\":\"https:\\\/\\\/www.24gliwice.pl\\\/wiadomosci\\\/charytatywny-mecz-halowej-ligi-w-arenie-gliwice-beda-zbierac-srodki-dla-gliwickiego-hospicjum\\\/\"},\"author\":{\"name\":\"\u017baneta Mrozek-Siewierska\",\"@id\":\"https:\\\/\\\/www.24gliwice.pl\\\/wiadomosci\\\/#\\\/schema\\\/person\\\/e42c650edd7f2fa332be3811fb166b6e\"},\"headline\":\"Charytatywny mecz Halowej Ligi w Arenie Gliwice. B\u0119d\u0105 zbiera\u0107 \u015brodki dla gliwickiego Hospicjum\",\"datePublished\":\"2019-03-01T10:58:02+00:00\",\"dateModified\":\"2019-03-01T14:58:59+00:00\",\"mainEntityOfPage\":{\"@id\":\"https:\\\/\\\/www.24gliwice.pl\\\/wiadomosci\\\/charytatywny-mecz-halowej-ligi-w-arenie-gliwice-beda-zbierac-srodki-dla-gliwickiego-hospicjum\\\/\"},\"wordCount\":224,\"commentCount\":0,\"publisher\":{\"@id\":\"https:\\\/\\\/www.24gliwice.pl\\\/wiadomosci\\\/#organization\"},\"image\":{\"@id\":\"https:\\\/\\\/www.24gliwice.pl\\\/wiadomosci\\\/charytatywny-mecz-halowej-ligi-w-arenie-gliwice-beda-zbierac-srodki-dla-gliwickiego-hospicjum\\\/#primaryimage\"},\"thumbnailUrl\":\"https:\\\/\\\/www.24gliwice.pl\\\/wiadomosci\\\/wp-content\\\/uploads\\\/2017\\\/10\\\/1-hala-arena-podium-gliwice.jpg\",\"keywords\":[\"ARENA GLIWICE\",\"HOSPICJUM\",\"kwesta\",\"PODIUM\",\"ZBI\u00d3RKA\"],\"articleSection\":[\"Gliwice\",\"Kultura, wydarzenia, imprezy\",\"Najnowsze wiadomo\u015bci\"],\"inLanguage\":\"pl-PL\",\"potentialAction\":[{\"@type\":\"CommentAction\",\"name\":\"Comment\",\"target\":[\"https:\\\/\\\/www.24gliwice.pl\\\/wiadomosci\\\/charytatywny-mecz-halowej-ligi-w-arenie-gliwice-beda-zbierac-srodki-dla-gliwickiego-hospicjum\\\/#respond\"]}]},{\"@type\":\"WebPage\",\"@id\":\"https:\\\/\\\/www.24gliwice.pl\\\/wiadomosci\\\/charytatywny-mecz-halowej-ligi-w-arenie-gliwice-beda-zbierac-srodki-dla-gliwickiego-hospicjum\\\/\",\"url\":\"https:\\\/\\\/www.24gliwice.pl\\\/wiadomosci\\\/charytatywny-mecz-halowej-ligi-w-arenie-gliwice-beda-zbierac-srodki-dla-gliwickiego-hospicjum\\\/\",\"name\":\"Charytatywny mecz Halowej Ligi w Arenie Gliwice. B\u0119d\u0105 zbiera\u0107 \u015brodki dla gliwickiego Hospicjum - 24GLIWICE - Portal Gliwice | codziennie nowe informacje\",\"isPartOf\":{\"@id\":\"https:\\\/\\\/www.24gliwice.pl\\\/wiadomosci\\\/#website\"},\"primaryImageOfPage\":{\"@id\":\"https:\\\/\\\/www.24gliwice.pl\\\/wiadomosci\\\/charytatywny-mecz-halowej-ligi-w-arenie-gliwice-beda-zbierac-srodki-dla-gliwickiego-hospicjum\\\/#primaryimage\"},\"image\":{\"@id\":\"https:\\\/\\\/www.24gliwice.pl\\\/wiadomosci\\\/charytatywny-mecz-halowej-ligi-w-arenie-gliwice-beda-zbierac-srodki-dla-gliwickiego-hospicjum\\\/#primaryimage\"},\"thumbnailUrl\":\"https:\\\/\\\/www.24gliwice.pl\\\/wiadomosci\\\/wp-content\\\/uploads\\\/2017\\\/10\\\/1-hala-arena-podium-gliwice.jpg\",\"datePublished\":\"2019-03-01T10:58:02+00:00\",\"dateModified\":\"2019-03-01T14:58:59+00:00\",\"breadcrumb\":{\"@id\":\"https:\\\/\\\/www.24gliwice.pl\\\/wiadomosci\\\/charytatywny-mecz-halowej-ligi-w-arenie-gliwice-beda-zbierac-srodki-dla-gliwickiego-hospicjum\\\/#breadcrumb\"},\"inLanguage\":\"pl-PL\",\"potentialAction\":[{\"@type\":\"ReadAction\",\"target\":[\"https:\\\/\\\/www.24gliwice.pl\\\/wiadomosci\\\/charytatywny-mecz-halowej-ligi-w-arenie-gliwice-beda-zbierac-srodki-dla-gliwickiego-hospicjum\\\/\"]}]},{\"@type\":\"ImageObject\",\"inLanguage\":\"pl-PL\",\"@id\":\"https:\\\/\\\/www.24gliwice.pl\\\/wiadomosci\\\/charytatywny-mecz-halowej-ligi-w-arenie-gliwice-beda-zbierac-srodki-dla-gliwickiego-hospicjum\\\/#primaryimage\",\"url\":\"https:\\\/\\\/www.24gliwice.pl\\\/wiadomosci\\\/wp-content\\\/uploads\\\/2017\\\/10\\\/1-hala-arena-podium-gliwice.jpg\",\"contentUrl\":\"https:\\\/\\\/www.24gliwice.pl\\\/wiadomosci\\\/wp-content\\\/uploads\\\/2017\\\/10\\\/1-hala-arena-podium-gliwice.jpg\",\"width\":1140,\"height\":642},{\"@type\":\"BreadcrumbList\",\"@id\":\"https:\\\/\\\/www.24gliwice.pl\\\/wiadomosci\\\/charytatywny-mecz-halowej-ligi-w-arenie-gliwice-beda-zbierac-srodki-dla-gliwickiego-hospicjum\\\/#breadcrumb\",\"itemListElement\":[{\"@type\":\"ListItem\",\"position\":1,\"name\":\"Strona g\u0142\u00f3wna\",\"item\":\"https:\\\/\\\/www.24gliwice.pl\\\/wiadomosci\\\/\"},{\"@type\":\"ListItem\",\"position\":2,\"name\":\"Charytatywny mecz Halowej Ligi w Arenie Gliwice. B\u0119d\u0105 zbiera\u0107 \u015brodki dla gliwickiego Hospicjum\"}]},{\"@type\":\"WebSite\",\"@id\":\"https:\\\/\\\/www.24gliwice.pl\\\/wiadomosci\\\/#website\",\"url\":\"https:\\\/\\\/www.24gliwice.pl\\\/wiadomosci\\\/\",\"name\":\"24GLIWICE - Portal Gliwice | codziennie nowe wiadomo\u015bci\",\"description\":\"Portal Miejski Gliwice\",\"publisher\":{\"@id\":\"https:\\\/\\\/www.24gliwice.pl\\\/wiadomosci\\\/#organization\"},\"potentialAction\":[{\"@type\":\"SearchAction\",\"target\":{\"@type\":\"EntryPoint\",\"urlTemplate\":\"https:\\\/\\\/www.24gliwice.pl\\\/wiadomosci\\\/?s={search_term_string}\"},\"query-input\":{\"@type\":\"PropertyValueSpecification\",\"valueRequired\":true,\"valueName\":\"search_term_string\"}}],\"inLanguage\":\"pl-PL\"},{\"@type\":\"Organization\",\"@id\":\"https:\\\/\\\/www.24gliwice.pl\\\/wiadomosci\\\/#organization\",\"name\":\"24gliwice\",\"url\":\"https:\\\/\\\/www.24gliwice.pl\\\/wiadomosci\\\/\",\"logo\":{\"@type\":\"ImageObject\",\"inLanguage\":\"pl-PL\",\"@id\":\"https:\\\/\\\/www.24gliwice.pl\\\/wiadomosci\\\/#\\\/schema\\\/logo\\\/image\\\/\",\"url\":\"https:\\\/\\\/www.24gliwice.pl\\\/wiadomosci\\\/wp-content\\\/uploads\\\/2024\\\/10\\\/24gliwice-logo-696.jpg\",\"contentUrl\":\"https:\\\/\\\/www.24gliwice.pl\\\/wiadomosci\\\/wp-content\\\/uploads\\\/2024\\\/10\\\/24gliwice-logo-696.jpg\",\"width\":696,\"height\":696,\"caption\":\"24gliwice\"},\"image\":{\"@id\":\"https:\\\/\\\/www.24gliwice.pl\\\/wiadomosci\\\/#\\\/schema\\\/logo\\\/image\\\/\"},\"sameAs\":[\"https:\\\/\\\/www.facebook.com\\\/24gliwice\",\"https:\\\/\\\/x.com\\\/24gliwice\",\"https:\\\/\\\/www.youtube.com\\\/@24gliwice\"]},{\"@type\":\"Person\",\"@id\":\"https:\\\/\\\/www.24gliwice.pl\\\/wiadomosci\\\/#\\\/schema\\\/person\\\/e42c650edd7f2fa332be3811fb166b6e\",\"name\":\"\u017baneta Mrozek-Siewierska\",\"image\":{\"@type\":\"ImageObject\",\"inLanguage\":\"pl-PL\",\"@id\":\"https:\\\/\\\/secure.gravatar.com\\\/avatar\\\/1881429e9c64597c77ad7aef2d0a19be69a3253e57534d16aa15bf3a4d34a0a3?s=96&d=mm&r=g\",\"url\":\"https:\\\/\\\/secure.gravatar.com\\\/avatar\\\/1881429e9c64597c77ad7aef2d0a19be69a3253e57534d16aa15bf3a4d34a0a3?s=96&d=mm&r=g\",\"contentUrl\":\"https:\\\/\\\/secure.gravatar.com\\\/avatar\\\/1881429e9c64597c77ad7aef2d0a19be69a3253e57534d16aa15bf3a4d34a0a3?s=96&d=mm&r=g\",\"caption\":\"\u017baneta Mrozek-Siewierska\"},\"url\":\"https:\\\/\\\/www.24gliwice.pl\\\/wiadomosci\\\/author\\\/zms\\\/\"}]}<\/script>\n<!-- \/ Yoast SEO plugin. -->","yoast_head_json":{"title":"Charytatywny mecz Halowej Ligi w Arenie Gliwice. B\u0119d\u0105 zbiera\u0107 \u015brodki dla gliwickiego Hospicjum - 24GLIWICE - Portal Gliwice | codziennie nowe informacje","robots":{"index":"index","follow":"follow","max-snippet":"max-snippet:-1","max-image-preview":"max-image-preview:large","max-video-preview":"max-video-preview:-1"},"canonical":"https:\/\/www.24gliwice.pl\/wiadomosci\/charytatywny-mecz-halowej-ligi-w-arenie-gliwice-beda-zbierac-srodki-dla-gliwickiego-hospicjum\/","og_locale":"pl_PL","og_type":"article","og_title":"Charytatywny mecz Halowej Ligi w Arenie Gliwice. B\u0119d\u0105 zbiera\u0107 \u015brodki dla gliwickiego Hospicjum - 24GLIWICE - Portal Gliwice | codziennie nowe informacje","og_description":"\u015al\u0105ski Zwi\u0105zek Pi\u0142ki No\u017cnej zaprasza 3 marca do Areny Gliwice na fina\u0142owe rozgrywki Halowej Ligi Podokr\u0119gu Zabrze. W trakcie turnieju b\u0119dzie prowadzona kwesta. Turniej pi\u0142karski, organizowany przez \u015al\u0105ski Zwi\u0105zek Pi\u0142ki No\u017cnej w Katowicach \u2013 Podokr\u0119g Zabrze, rozpocznie si\u0119 o godzinie 9:00. Podczas rozgrywek odb\u0119dzie si\u0119 zbi\u00f3rka funduszy na rzecz Hospicjum Mi\u0142osierdzia Bo\u017cego w Gliwicach. [perfectpullquote [&hellip;]","og_url":"https:\/\/www.24gliwice.pl\/wiadomosci\/charytatywny-mecz-halowej-ligi-w-arenie-gliwice-beda-zbierac-srodki-dla-gliwickiego-hospicjum\/","og_site_name":"24GLIWICE - Portal Gliwice | codziennie nowe informacje","article_publisher":"https:\/\/www.facebook.com\/24gliwice","article_published_time":"2019-03-01T10:58:02+00:00","article_modified_time":"2019-03-01T14:58:59+00:00","og_image":[{"width":1140,"height":642,"url":"https:\/\/www.24gliwice.pl\/wiadomosci\/wp-content\/uploads\/2017\/10\/1-hala-arena-podium-gliwice.jpg","type":"image\/jpeg"}],"author":"\u017baneta Mrozek-Siewierska","twitter_card":"summary_large_image","twitter_creator":"@24gliwice","twitter_site":"@24gliwice","twitter_misc":{"Napisane przez":"\u017baneta Mrozek-Siewierska","Szacowany czas czytania":"1 minuta"},"schema":{"@context":"https:\/\/schema.org","@graph":[{"@type":"Article","@id":"https:\/\/www.24gliwice.pl\/wiadomosci\/charytatywny-mecz-halowej-ligi-w-arenie-gliwice-beda-zbierac-srodki-dla-gliwickiego-hospicjum\/#article","isPartOf":{"@id":"https:\/\/www.24gliwice.pl\/wiadomosci\/charytatywny-mecz-halowej-ligi-w-arenie-gliwice-beda-zbierac-srodki-dla-gliwickiego-hospicjum\/"},"author":{"name":"\u017baneta Mrozek-Siewierska","@id":"https:\/\/www.24gliwice.pl\/wiadomosci\/#\/schema\/person\/e42c650edd7f2fa332be3811fb166b6e"},"headline":"Charytatywny mecz Halowej Ligi w Arenie Gliwice. B\u0119d\u0105 zbiera\u0107 \u015brodki dla gliwickiego Hospicjum","datePublished":"2019-03-01T10:58:02+00:00","dateModified":"2019-03-01T14:58:59+00:00","mainEntityOfPage":{"@id":"https:\/\/www.24gliwice.pl\/wiadomosci\/charytatywny-mecz-halowej-ligi-w-arenie-gliwice-beda-zbierac-srodki-dla-gliwickiego-hospicjum\/"},"wordCount":224,"commentCount":0,"publisher":{"@id":"https:\/\/www.24gliwice.pl\/wiadomosci\/#organization"},"image":{"@id":"https:\/\/www.24gliwice.pl\/wiadomosci\/charytatywny-mecz-halowej-ligi-w-arenie-gliwice-beda-zbierac-srodki-dla-gliwickiego-hospicjum\/#primaryimage"},"thumbnailUrl":"https:\/\/www.24gliwice.pl\/wiadomosci\/wp-content\/uploads\/2017\/10\/1-hala-arena-podium-gliwice.jpg","keywords":["ARENA GLIWICE","HOSPICJUM","kwesta","PODIUM","ZBI\u00d3RKA"],"articleSection":["Gliwice","Kultura, wydarzenia, imprezy","Najnowsze wiadomo\u015bci"],"inLanguage":"pl-PL","potentialAction":[{"@type":"CommentAction","name":"Comment","target":["https:\/\/www.24gliwice.pl\/wiadomosci\/charytatywny-mecz-halowej-ligi-w-arenie-gliwice-beda-zbierac-srodki-dla-gliwickiego-hospicjum\/#respond"]}]},{"@type":"WebPage","@id":"https:\/\/www.24gliwice.pl\/wiadomosci\/charytatywny-mecz-halowej-ligi-w-arenie-gliwice-beda-zbierac-srodki-dla-gliwickiego-hospicjum\/","url":"https:\/\/www.24gliwice.pl\/wiadomosci\/charytatywny-mecz-halowej-ligi-w-arenie-gliwice-beda-zbierac-srodki-dla-gliwickiego-hospicjum\/","name":"Charytatywny mecz Halowej Ligi w Arenie Gliwice. B\u0119d\u0105 zbiera\u0107 \u015brodki dla gliwickiego Hospicjum - 24GLIWICE - Portal Gliwice | codziennie nowe informacje","isPartOf":{"@id":"https:\/\/www.24gliwice.pl\/wiadomosci\/#website"},"primaryImageOfPage":{"@id":"https:\/\/www.24gliwice.pl\/wiadomosci\/charytatywny-mecz-halowej-ligi-w-arenie-gliwice-beda-zbierac-srodki-dla-gliwickiego-hospicjum\/#primaryimage"},"image":{"@id":"https:\/\/www.24gliwice.pl\/wiadomosci\/charytatywny-mecz-halowej-ligi-w-arenie-gliwice-beda-zbierac-srodki-dla-gliwickiego-hospicjum\/#primaryimage"},"thumbnailUrl":"https:\/\/www.24gliwice.pl\/wiadomosci\/wp-content\/uploads\/2017\/10\/1-hala-arena-podium-gliwice.jpg","datePublished":"2019-03-01T10:58:02+00:00","dateModified":"2019-03-01T14:58:59+00:00","breadcrumb":{"@id":"https:\/\/www.24gliwice.pl\/wiadomosci\/charytatywny-mecz-halowej-ligi-w-arenie-gliwice-beda-zbierac-srodki-dla-gliwickiego-hospicjum\/#breadcrumb"},"inLanguage":"pl-PL","potentialAction":[{"@type":"ReadAction","target":["https:\/\/www.24gliwice.pl\/wiadomosci\/charytatywny-mecz-halowej-ligi-w-arenie-gliwice-beda-zbierac-srodki-dla-gliwickiego-hospicjum\/"]}]},{"@type":"ImageObject","inLanguage":"pl-PL","@id":"https:\/\/www.24gliwice.pl\/wiadomosci\/charytatywny-mecz-halowej-ligi-w-arenie-gliwice-beda-zbierac-srodki-dla-gliwickiego-hospicjum\/#primaryimage","url":"https:\/\/www.24gliwice.pl\/wiadomosci\/wp-content\/uploads\/2017\/10\/1-hala-arena-podium-gliwice.jpg","contentUrl":"https:\/\/www.24gliwice.pl\/wiadomosci\/wp-content\/uploads\/2017\/10\/1-hala-arena-podium-gliwice.jpg","width":1140,"height":642},{"@type":"BreadcrumbList","@id":"https:\/\/www.24gliwice.pl\/wiadomosci\/charytatywny-mecz-halowej-ligi-w-arenie-gliwice-beda-zbierac-srodki-dla-gliwickiego-hospicjum\/#breadcrumb","itemListElement":[{"@type":"ListItem","position":1,"name":"Strona g\u0142\u00f3wna","item":"https:\/\/www.24gliwice.pl\/wiadomosci\/"},{"@type":"ListItem","position":2,"name":"Charytatywny mecz Halowej Ligi w Arenie Gliwice. B\u0119d\u0105 zbiera\u0107 \u015brodki dla gliwickiego Hospicjum"}]},{"@type":"WebSite","@id":"https:\/\/www.24gliwice.pl\/wiadomosci\/#website","url":"https:\/\/www.24gliwice.pl\/wiadomosci\/","name":"24GLIWICE - Portal Gliwice | codziennie nowe wiadomo\u015bci","description":"Portal Miejski Gliwice","publisher":{"@id":"https:\/\/www.24gliwice.pl\/wiadomosci\/#organization"},"potentialAction":[{"@type":"SearchAction","target":{"@type":"EntryPoint","urlTemplate":"https:\/\/www.24gliwice.pl\/wiadomosci\/?s={search_term_string}"},"query-input":{"@type":"PropertyValueSpecification","valueRequired":true,"valueName":"search_term_string"}}],"inLanguage":"pl-PL"},{"@type":"Organization","@id":"https:\/\/www.24gliwice.pl\/wiadomosci\/#organization","name":"24gliwice","url":"https:\/\/www.24gliwice.pl\/wiadomosci\/","logo":{"@type":"ImageObject","inLanguage":"pl-PL","@id":"https:\/\/www.24gliwice.pl\/wiadomosci\/#\/schema\/logo\/image\/","url":"https:\/\/www.24gliwice.pl\/wiadomosci\/wp-content\/uploads\/2024\/10\/24gliwice-logo-696.jpg","contentUrl":"https:\/\/www.24gliwice.pl\/wiadomosci\/wp-content\/uploads\/2024\/10\/24gliwice-logo-696.jpg","width":696,"height":696,"caption":"24gliwice"},"image":{"@id":"https:\/\/www.24gliwice.pl\/wiadomosci\/#\/schema\/logo\/image\/"},"sameAs":["https:\/\/www.facebook.com\/24gliwice","https:\/\/x.com\/24gliwice","https:\/\/www.youtube.com\/@24gliwice"]},{"@type":"Person","@id":"https:\/\/www.24gliwice.pl\/wiadomosci\/#\/schema\/person\/e42c650edd7f2fa332be3811fb166b6e","name":"\u017baneta Mrozek-Siewierska","image":{"@type":"ImageObject","inLanguage":"pl-PL","@id":"https:\/\/secure.gravatar.com\/avatar\/1881429e9c64597c77ad7aef2d0a19be69a3253e57534d16aa15bf3a4d34a0a3?s=96&d=mm&r=g","url":"https:\/\/secure.gravatar.com\/avatar\/1881429e9c64597c77ad7aef2d0a19be69a3253e57534d16aa15bf3a4d34a0a3?s=96&d=mm&r=g","contentUrl":"https:\/\/secure.gravatar.com\/avatar\/1881429e9c64597c77ad7aef2d0a19be69a3253e57534d16aa15bf3a4d34a0a3?s=96&d=mm&r=g","caption":"\u017baneta Mrozek-Siewierska"},"url":"https:\/\/www.24gliwice.pl\/wiadomosci\/author\/zms\/"}]}},"_links":{"self":[{"href":"https:\/\/www.24gliwice.pl\/wiadomosci\/wp-json\/wp\/v2\/posts\/131283","targetHints":{"allow":["GET"]}}],"collection":[{"href":"https:\/\/www.24gliwice.pl\/wiadomosci\/wp-json\/wp\/v2\/posts"}],"about":[{"href":"https:\/\/www.24gliwice.pl\/wiadomosci\/wp-json\/wp\/v2\/types\/post"}],"author":[{"embeddable":true,"href":"https:\/\/www.24gliwice.pl\/wiadomosci\/wp-json\/wp\/v2\/users\/15"}],"replies":[{"embeddable":true,"href":"https:\/\/www.24gliwice.pl\/wiadomosci\/wp-json\/wp\/v2\/comments?post=131283"}],"version-history":[{"count":0,"href":"https:\/\/www.24gliwice.pl\/wiadomosci\/wp-json\/wp\/v2\/posts\/131283\/revisions"}],"wp:featuredmedia":[{"embeddable":true,"href":"https:\/\/www.24gliwice.pl\/wiadomosci\/wp-json\/wp\/v2\/media\/106990"}],"wp:attachment":[{"href":"https:\/\/www.24gliwice.pl\/wiadomosci\/wp-json\/wp\/v2\/media?parent=131283"}],"wp:term":[{"taxonomy":"category","embeddable":true,"href":"https:\/\/www.24gliwice.pl\/wiadomosci\/wp-json\/wp\/v2\/categories?post=131283"},{"taxonomy":"post_tag","embeddable":true,"href":"https:\/\/www.24gliwice.pl\/wiadomosci\/wp-json\/wp\/v2\/tags?post=131283"}],"curies":[{"name":"wp","href":"https:\/\/api.w.org\/{rel}","templated":true}]}}